{"id":985931,"date":"2022-03-25T08:05:00","date_gmt":"2022-03-25T11:05:00","guid":{"rendered":"https:\/\/www.estrategiaconcursos.com.br\/blog\/?p=985931"},"modified":"2022-03-14T15:09:22","modified_gmt":"2022-03-14T18:09:22","slug":"icms-sefaz-am-aliquotas","status":"publish","type":"post","link":"https:\/\/www.estrategiaconcursos.com.br\/blog\/icms-sefaz-am-aliquotas\/","title":{"rendered":"O ICMS para a SEFAZ-AM: Al\u00edquotas e Contribuintes"},"content":{"rendered":"\n<p>Confira neste artigo uma an\u00e1lise sobre o&nbsp;<strong>Regulamento do ICMS (RICMS)<\/strong>, mais especificamente sobre as <strong>al\u00edquotas<\/strong> e <strong>sujeitos passivos<\/strong>, no&nbsp;<strong>Decreto 20.686\/99<\/strong>, para o concurso da&nbsp;<strong><a href=\"https:\/\/www.estrategiaconcursos.com.br\/cursosPorConcurso\/sefaz-am-247\/\" target=\"_blank\" rel=\"noreferrer noopener\">SEFAZ-AM<\/a><\/strong>.<\/p>\n\n\n\n<div class=\"wp-block-image\"><figure class=\"aligncenter size-full is-resized\"><img loading=\"lazy\" decoding=\"async\" src=\"https:\/\/dhg1h5j42swfq.cloudfront.net\/2021\/10\/25165530\/sefaz-am.jpg\" alt=\"O ICMS para a SEFAZ-AM: Al\u00edquotas e Contribuintes\" class=\"wp-image-892731\" width=\"518\" height=\"291\" srcset=\"https:\/\/dhg1h5j42swfq.cloudfront.net\/2021\/10\/25165530\/sefaz-am.jpg 512w, https:\/\/dhg1h5j42swfq.cloudfront.net\/2021\/10\/25165530\/sefaz-am-300x169.jpg 300w\" sizes=\"auto, (max-width: 518px) 100vw, 518px\" \/><figcaption>O ICMS para a SEFAZ-AM: Al\u00edquotas e Contribuintes<\/figcaption><\/figure><\/div>\n\n\n\n<p>Ol\u00e1, pessoal! Tudo bem com voc\u00eas?<\/p>\n\n\n\n<p>O concurso da&nbsp;<strong><a href=\"https:\/\/www.estrategiaconcursos.com.br\/blog\/concurso-sefaz-am\/\" target=\"_blank\" rel=\"noreferrer noopener\">SEFAZ-AM<\/a><\/strong>&nbsp;(Secretaria da Fazenda do Estado do Amazonas) est\u00e1 cada dia mais perto. Como est\u00e1 a sua prepara\u00e7\u00e3o?<\/p>\n\n\n\n<p>H\u00e1 vagas para diversos cargos, inclusive para o de&nbsp;<strong>Auditor Fiscal de Tributos Estaduais<\/strong>, com uma impressionante remunera\u00e7\u00e3o inicial de&nbsp;<strong>R$ 23.548,96<\/strong>. Nada mal, n\u00e3o \u00e9 mesmo?<\/p>\n\n\n\n<p>Desse modo, iremos realizar diversos resumos sobre a <strong><mark style=\"background-color:rgba(0, 0, 0, 0)\" class=\"has-inline-color has-vivid-cyan-blue-color\">Legisla\u00e7\u00e3o Tribut\u00e1ria Espec\u00edfica<\/mark><\/strong> do Amazonas, sendo que o nosso artigo de hoje \u00e9 sobre o&nbsp;<strong><mark style=\"background-color:rgba(0, 0, 0, 0)\" class=\"has-inline-color has-vivid-cyan-blue-color\">ICMS<\/mark><\/strong>, presente no Decreto 20.686\/99,&nbsp;para o concurso da SEFAZ-AM.<\/p>\n\n\n\n<p>Como o decreto \u00e9 um pouco extenso, iremos dividir a nossa an\u00e1lise em<strong>&nbsp;alguns artigos<\/strong>, sendo que os j\u00e1 feitos podem ser vistos abaixo:<\/p>\n\n\n\n<p class=\"has-text-align-center\"><a href=\"https:\/\/www.estrategiaconcursos.com.br\/blog\/icms-sefaz-am\" target=\"_blank\" rel=\"noreferrer noopener\"><strong>O ICMS para o concurso da SEFAZ-AM: Incid\u00eancia e Momento<\/strong><\/a><\/p>\n\n\n\n<p class=\"has-text-align-center\"><a href=\"https:\/\/www.estrategiaconcursos.com.br\/blog\/icms-sefaz-am\" target=\"_blank\" rel=\"noreferrer noopener\"><strong>O ICMS para o concurso da SEFAZ-AM: N\u00e3o-incid\u00eancia<\/strong><\/a><\/p>\n\n\n\n<p class=\"has-text-align-center\"><strong><a href=\"https:\/\/www.estrategiaconcursos.com.br\/blog\/base-calculo-icms-sefaz-am\" target=\"_blank\" rel=\"noreferrer noopener\">Base de C\u00e1lculo do ICMS para a SEFAZ-AM<\/a><\/strong><\/p>\n\n\n\n<p>Desse modo, o nosso quarto artigo ir\u00e1 tratar sobre as <strong>al\u00edquotas<\/strong> e <strong>sujeitos passivos do ICMS,<\/strong> para a SEFAZ-AM.<\/p>\n\n\n\n<p>Vamos l\u00e1?<\/p>\n\n\n\n<div class=\"container\" id=\"boxes\">\n  <div class=\"row\">\n\n    <div class=\"col-sm\">\n      <div class=\"banner-fiscal-01\" id=\"box-assinatura\">\n        <h3 class=\"titulo-assinatura\">Concurso Sefaz AM<\/h3>\n        <p class=\"subtitulo-assinatura\">Cursos para todos os cargos<\/p>\n        <div class=\"box-botao\">\n          <a class=\"btn-assinatura\" target=\"_blank\" href=\"https:\/\/www.estrategiaconcursos.com.br\/cursosPorConcurso\/sefaz-am-247\/\" role=\"button\" rel=\"noopener noreferrer\">Conhe\u00e7a mais<\/a>\n        <\/div>\n      <\/div>\n    \n    <\/div>\n\n  <\/div>\n<\/div>\n\n\n\n<h2 class=\"wp-block-heading\" id=\"h-aliquotas-do-icms-para-a-sefaz-am\"><mark style=\"background-color:rgba(0, 0, 0, 0)\" class=\"has-inline-color has-vivid-cyan-blue-color\">Al\u00edquotas do ICMS para a SEFAZ-AM<\/mark><\/h2>\n\n\n\n<p>As al\u00edquotas do imposto s\u00e3o os valores a serem aplicados sobre a base de c\u00e1lculo do tributo, de modo a encontrar o montante a ser pago pelo sujeito passivo.<\/p>\n\n\n\n<p>Em rela\u00e7\u00e3o ao ICMS, as al\u00edquotas s\u00e3o <strong>seletivas <\/strong>em fun\u00e7\u00e3o da <strong>essencialidade<\/strong> dos produtos ou servi\u00e7os, por isso h\u00e1 diferentes al\u00edquotas desse imposto, como iremos ver logo mais.<\/p>\n\n\n\n<p>Um exemplo \u00e9 a al\u00edquota sobre a comercializa\u00e7\u00e3o de fumo. Como este \u00e9 um produto n\u00e3o essencial, o qual ainda pode levar a problemas de sa\u00fade ao usu\u00e1rio, h\u00e1 a aplica\u00e7\u00e3o de uma alta al\u00edquota, de 30%, sendo a maior do estado do Amazonas.<\/p>\n\n\n\n<p>Este \u00e9 um t\u00f3pico muito importante para a sua prova, desse modo, n\u00e3o deixe de aprend\u00ea-lo (ou decor\u00e1-lo).<\/p>\n\n\n\n<p>Assim, as al\u00edquotas do ICMS do estado do Amazonas s\u00e3o de:<\/p>\n\n\n\n<p><strong><mark style=\"background-color:rgba(0, 0, 0, 0)\" class=\"has-inline-color has-vivid-cyan-blue-color\">18%<\/mark><\/strong><\/p>\n\n\n\n<p>Esta \u00e9 a al\u00edquota <strong>geral <\/strong>para as <strong>opera\u00e7\u00f5es <span style=\"text-decoration: underline;\">internas<\/span><\/strong>. Assim, caso n\u00e3o esteja abrangida por nenhuma das situa\u00e7\u00f5es das demais al\u00edquotas, a opera\u00e7\u00e3o interna se enquadrar\u00e1 neste valor.<\/p>\n\n\n\n<p>Al\u00e9m disso, ela incidir\u00e1 nas seguintes situa\u00e7\u00f5es:<\/p>\n\n\n\n<ul class=\"wp-block-list\"><li>opera\u00e7\u00f5es internas com <strong>g\u00e1s <\/strong>liquefeito de petr\u00f3leo &#8211; GLP e com o g\u00e1s liquefeito derivado de g\u00e1s natural \u2013 GLGN;<\/li><li>da entrada, no territ\u00f3rio amazonense, de lubrificantes e <strong>combust\u00edveis <\/strong>l\u00edquidos e gasosos derivados de petr\u00f3leo oriundos de outra unidade da Federa\u00e7\u00e3o, quando n\u00e3o destinados \u00e0 comercializa\u00e7\u00e3o ou \u00e0 industrializa\u00e7\u00e3o;<\/li><li>o remetente ou o prestador e o destinat\u00e1rio da mercadoria, bens ou servi\u00e7os estiverem situados no <strong>Amazonas<\/strong>;<\/li><li>da entrada de mercadoria ou bens <strong>importados <\/strong>do exterior;<\/li><li>da presta\u00e7\u00e3o de servi\u00e7o de <strong>transporte<\/strong>, iniciado ou contratado no <strong>exterior<\/strong>, e de <strong>comunica\u00e7\u00e3o <\/strong>transmitida ou emitida no <strong>estrangeiro <\/strong>e recebida no Pa\u00eds;<\/li><li>da <strong>arremata\u00e7\u00e3o <\/strong>de mercadorias ou bens apreendidos ou abandonados.<\/li><\/ul>\n\n\n\n<p><strong><mark style=\"background-color:rgba(0, 0, 0, 0)\" class=\"has-inline-color has-vivid-cyan-blue-color\">12%<\/mark><\/strong><\/p>\n\n\n\n<p>Esta \u00e9 a al\u00edquota <strong>geral <\/strong>para as <strong>opera\u00e7\u00f5es e presta\u00e7\u00f5es <span style=\"text-decoration: underline;\">interestaduais<\/span><\/strong>, salvo nos casos em que incidir\u00e1 a al\u00edquota de 4%.<\/p>\n\n\n\n<p>Al\u00e9m disso, ela ser\u00e1 aplicada nas opera\u00e7\u00f5es <strong>internas <\/strong>com produtos <strong>agr\u00edcolas <\/strong>comest\u00edveis, se produzidos e\/ou beneficiados no Amazonas.<\/p>\n\n\n\n<p><strong><mark style=\"background-color:rgba(0, 0, 0, 0)\" class=\"has-inline-color has-vivid-cyan-blue-color\">25%<\/mark><\/strong><\/p>\n\n\n\n<p>Aplicada nas opera\u00e7\u00f5es <strong>internas <\/strong>de:<\/p>\n\n\n\n<ul class=\"wp-block-list\"><li>autom\u00f3veis de <strong>luxo<\/strong>;<\/li><li>iates<strong> <\/strong>e outras embarca\u00e7\u00f5es;<\/li><li><strong>aeronaves <\/strong>de esporte, recrea\u00e7\u00e3o e lazer;<\/li><li><strong>armas <\/strong>e muni\u00e7\u00f5es;&nbsp;<\/li><li><strong>joias&nbsp;<\/strong>e outros artigos de joalheria;<\/li><li><strong>\u00e1lcoois <\/strong>carburantes, <strong>gasolinas <\/strong>e g\u00e1s natural em qualquer estado ou fase de industrializa\u00e7\u00e3o, exceto o GLGN;<\/li><li><strong>querosene <\/strong>de avia\u00e7\u00e3o<\/li><li><strong>energia el\u00e9trica<\/strong>.<\/li><\/ul>\n\n\n\n<p><strong><mark style=\"background-color:rgba(0, 0, 0, 0)\" class=\"has-inline-color has-vivid-cyan-blue-color\">30%<\/mark><\/strong><\/p>\n\n\n\n<p>Aplicada nas opera\u00e7\u00f5es <strong>internas <\/strong>de:<\/p>\n\n\n\n<ul class=\"wp-block-list\"><li><strong>fumo <\/strong>e seus derivados;<\/li><li>bebidas <strong>alco\u00f3licas<\/strong>, inclusive cervejas e chopes;<\/li><li>servi\u00e7os de <strong>comunica\u00e7\u00e3o<\/strong>.<\/li><\/ul>\n\n\n\n<p><strong><mark style=\"background-color:rgba(0, 0, 0, 0)\" class=\"has-inline-color has-vivid-cyan-blue-color\">20%<\/mark><\/strong><\/p>\n\n\n\n<p>Aplicada nas opera\u00e7\u00f5es <strong>internas <\/strong>de presta\u00e7\u00f5es de servi\u00e7o de <strong>comunica\u00e7\u00e3o <\/strong>para acesso \u00e0 <strong>Internet<\/strong>, independente dos meios e tecnologias utilizados.<\/p>\n\n\n\n<p><strong><mark style=\"background-color:rgba(0, 0, 0, 0)\" class=\"has-inline-color has-vivid-cyan-blue-color\">4%<\/mark><\/strong><\/p>\n\n\n\n<p>Aplicada nas opera\u00e7\u00f5es <strong>interestaduais <\/strong>de:<\/p>\n\n\n\n<ul class=\"wp-block-list\"><li><strong>transporte a\u00e9reo<\/strong> de passageiros, cargas e mala postal.<\/li><li>bens e mercadorias <strong>importados <\/strong>do exterior.<\/li><\/ul>\n\n\n\n<h2 class=\"wp-block-heading\" id=\"h-contribuintes-do-icms\"><mark style=\"background-color:rgba(0, 0, 0, 0)\" class=\"has-inline-color has-vivid-cyan-blue-color\">Contribuintes do ICMS<\/mark><\/h2>\n\n\n\n<p>Os <strong>contribuintes <\/strong>do ICMS no Amazonas correspondem a qualquer pessoa, f\u00edsica ou jur\u00eddica, que realize, com <strong><mark style=\"background-color:rgba(0, 0, 0, 0)\" class=\"has-inline-color has-vivid-cyan-blue-color\">habitualidade <\/mark><\/strong>ou em volume que caracterize <strong><mark style=\"background-color:rgba(0, 0, 0, 0)\" class=\"has-inline-color has-vivid-cyan-blue-color\">intuito comercial<\/mark><\/strong>, opera\u00e7\u00f5es de circula\u00e7\u00e3o de mercadoria ou presta\u00e7\u00f5es de servi\u00e7os de transporte interestadual e intermunicipal e de comunica\u00e7\u00e3o, <strong>ainda <\/strong>que as opera\u00e7\u00f5es e as presta\u00e7\u00f5es se <strong>iniciem <\/strong>no <strong>exterior<\/strong>.<\/p>\n\n\n\n<p>Pessoal, percebam que, para ser contribuinte, a pessoa tem de estar revestida de duas caracter\u00edsticas: a <strong>habitualidade <\/strong>e o <strong>intuito comercial.<\/strong><\/p>\n\n\n\n<p>Entretanto, h\u00e1 situa\u00e7\u00f5es em que a pessoa, <strong>mesmo sem essas qualidades<\/strong>, ser\u00e1 enquadrada como <strong>contribuinte<\/strong>, sendo conhecidas como contribuintes incondicionais, como no caso daquelas que:<\/p>\n\n\n\n<ul class=\"wp-block-list\"><li><strong>importe<\/strong> mercadorias ou bens do exterior, qualquer que seja a sua finalidade;<\/li><li>seja <strong>destinat\u00e1ria <\/strong>de <strong>servi\u00e7o <\/strong>prestado no <strong>exterior <\/strong>ou cuja presta\u00e7\u00e3o se tenha iniciado no exterior;<\/li><li>adquira, em <strong>licita\u00e7\u00e3o<\/strong>,&nbsp;mercadorias ou bens apreendidos ou abandonados;<\/li><li>adquira lubrificantes e <strong>combust\u00edveis <\/strong>l\u00edquidos e gasosos derivados de petr\u00f3leo e <strong>energia el\u00e9trica <\/strong>oriundos de <strong>outra unidade da Federa\u00e7\u00e3o<\/strong>, quando n\u00e3o destinados \u00e0 comercializa\u00e7\u00e3o ou \u00e0 industrializa\u00e7\u00e3o;<\/li><li>o <strong>operador <\/strong>de <strong>transporte multimodal<\/strong>, ainda que n\u00e3o transportador.<\/li><\/ul>\n\n\n\n<p>O decreto do ICMS do estado do Amazonas traz ainda, de maneira expressa, algumas pessoas que ser\u00e3o <strong>consideradas contribuintes<\/strong> deste imposto, sendo elas:<\/p>\n\n\n\n<ul class=\"wp-block-list\"><li>o <strong>produtor<\/strong>, o extrator, o industrial e o comerciante;<\/li><li>a <strong>cooperativa<\/strong>, os <strong>bancos <\/strong>e outras institui\u00e7\u00f5es financeiras, a seguradora e a associa\u00e7\u00e3o civil de fim econ\u00f4mico;<\/li><li>os \u00f3rg\u00e3os e funda\u00e7\u00f5es da <strong>Administra\u00e7\u00e3o P\u00fablica <\/strong>e a associa\u00e7\u00e3o civil de fim n\u00e3o econ\u00f4mico que promova a extra\u00e7\u00e3o de subst\u00e2ncia mineral ou f\u00f3ssil, de produ\u00e7\u00e3o agropecu\u00e1ria, industrialize ou comercialize mercadorias;<\/li><li>o <strong>concession\u00e1rio<\/strong> ou <strong>permission\u00e1rio <\/strong>de servi\u00e7o p\u00fablico de transporte, de comunica\u00e7\u00e3o e de energia el\u00e9trica;<\/li><li>o <strong>fornecedor <\/strong>de <strong>alimenta\u00e7\u00e3o <\/strong>pronta, bebidas e outras mercadorias em qualquer estabelecimento;<\/li><li>os <strong>prestadores<\/strong> de servi\u00e7o:<ul><li>n\u00e3o compreendidos na compet\u00eancia tribut\u00e1ria dos Munic\u00edpios;<\/li><\/ul><ul><li>compreendidos na compet\u00eancia tribut\u00e1ria dos Munic\u00edpios que envolvam o fornecimento de mercadorias com incid\u00eancia do ICMS.<\/li><\/ul><\/li><\/ul>\n\n\n\n<h3 class=\"wp-block-heading\" id=\"h-obrigacoes-dos-contribuintes-do-icms\"><mark style=\"background-color:rgba(0, 0, 0, 0)\" class=\"has-inline-color has-vivid-cyan-blue-color\">Obriga\u00e7\u00f5es dos contribuintes do ICMS<\/mark><\/h3>\n\n\n\n<p>Apesar de o principal dever dos contribuintes ser o pagamento do tributo devido, h\u00e1 diversas outras obriga\u00e7\u00f5es que s\u00e3o atribu\u00eddas a eles, sendo tamb\u00e9m conhecidas como <strong>obriga\u00e7\u00f5es acess\u00f3rias.<\/strong><\/p>\n\n\n\n<p>Uma delas \u00e9 a de&nbsp;<strong>inscrever seus estabelecimentos<\/strong>, inclusive o destinado a dep\u00f3sito fechado, na reparti\u00e7\u00e3o fiscal de sua jurisdi\u00e7\u00e3o, antes do in\u00edcio de suas atividades.<\/p>\n\n\n\n<p>Al\u00e9m disso, \u00e9 tamb\u00e9m importante que o contribuinte <strong>conserve os livros obrigat\u00f3rios<\/strong> de escritura\u00e7\u00e3o, cont\u00e1bil ou fiscal, e os documentos fiscais, inclusive os emitidos ou armazenados eletronicamente, bem como quaisquer outros comprovantes dos lan\u00e7amentos efetuados nos livros, at\u00e9 que ocorra a extin\u00e7\u00e3o dos cr\u00e9ditos tribut\u00e1rios decorrentes das opera\u00e7\u00f5es ou presta\u00e7\u00f5es a que se refiram.<\/p>\n\n\n\n<p>Outra obriga\u00e7\u00e3o \u00e9 a de <strong>comunicar \u00e0 reparti\u00e7\u00e3o <\/strong>fazend\u00e1ria, no prazo de <strong>10 dias<\/strong> a contar da sua efetiva\u00e7\u00e3o, as <strong>altera\u00e7\u00f5es contratuais ou estatut\u00e1rias,<\/strong> e demais informa\u00e7\u00f5es exigidas pelo Fisco para efeito de cadastro.<\/p>\n\n\n\n<p>\u00c9 tamb\u00e9m um dever do contribuinte <strong>entregar ao adquirente,<\/strong> ainda que n\u00e3o solicitado,<strong> documento fiscal <\/strong>correspondente \u00e0 mercadoria ou servi\u00e7o, cuja sa\u00edda ou presta\u00e7\u00e3o promover.<\/p>\n\n\n\n<p>Em rela\u00e7\u00e3o a <strong>irregularidades <\/strong>de que tenha conhecimento, \u00e9 obriga\u00e7\u00e3o do sujeito passivo <strong>comunic\u00e1-las<\/strong> ao Fisco.<\/p>\n\n\n\n<p>No que diz respeito \u00e0 aquisi\u00e7\u00e3o de mercadorias, \u00e9 importante que elas estejam em <strong>conformidade <\/strong>com as especifica\u00e7\u00f5es do <strong>documento fiscal<\/strong> que acobertou a execu\u00e7\u00e3o ou a circula\u00e7\u00e3o, inclusive com rela\u00e7\u00e3o a sua idoneidade; entre outras obriga\u00e7\u00f5es.<\/p>\n\n\n\n<h2 class=\"wp-block-heading\" id=\"responsaveis-pelo-icms\"><mark style=\"background-color:rgba(0, 0, 0, 0)\" class=\"has-inline-color has-vivid-cyan-blue-color\">Respons\u00e1veis pelo ICMS<\/mark><\/h2>\n\n\n\n<p>Al\u00e9m dos contribuintes, h\u00e1 tamb\u00e9m a figura dos <strong>respons\u00e1veis tribut\u00e1rios<\/strong>, sendo aqueles que, <strong>n\u00e3o <\/strong>revestidos na condi\u00e7\u00e3o de <strong>contribuintes<\/strong>, possuem responsabilidades fiscais, como o recolhimento do imposto, em <strong>decorr\u00eancia de lei<\/strong>.<\/p>\n\n\n\n<p>Em rela\u00e7\u00e3o ao ICMS do Amazonas, h\u00e1 a <strong>responsabilidade solid\u00e1ria<\/strong> e a <strong>subsidi\u00e1ria<\/strong>.<\/p>\n\n\n\n<p>A <strong><mark style=\"background-color:rgba(0, 0, 0, 0)\" class=\"has-inline-color has-vivid-cyan-blue-color\">responsabilidade solid\u00e1ria<\/mark><\/strong> ocorre quando <strong>n\u00e3o h\u00e1 benef\u00edcio de ordem <\/strong>para a cobran\u00e7a do pagamento do imposto, em rela\u00e7\u00e3o ao contribuinte e ao respons\u00e1vel. Em outras palavras, caso n\u00e3o haja o recolhimento do imposto pelo sujeito passivo, o Fisco poder\u00e1 cobr\u00e1-lo tanto do contribuinte, quanto do respons\u00e1vel.<\/p>\n\n\n\n<p>H\u00e1 v\u00e1rias situa\u00e7\u00f5es de responsabilidade solid\u00e1ria no decreto do ICMS para a SEFAZ-AM. Desse modo, n\u00e3o as colocaremos aqui, sendo sua tarefa, durante os seus estudos, l\u00ea-las, diretamente no decreto, no artigo 75.<\/p>\n\n\n\n<p>Por sua vez, na <strong><mark style=\"background-color:rgba(0, 0, 0, 0)\" class=\"has-inline-color has-vivid-cyan-blue-color\">responsabilidade subsidi\u00e1ria<\/mark><\/strong>, h\u00e1 o <strong>benef\u00edcio de ordem<\/strong> para a cobran\u00e7a do d\u00e9bito, ou seja, a pr\u00f3pria norma estabelecer\u00e1 que apenas ser\u00e1 cobrado do devedor subsidi\u00e1rio quando a administra\u00e7\u00e3o tribut\u00e1ria n\u00e3o tiver obtido sucesso na cobran\u00e7a do devedor principal.<\/p>\n\n\n\n<p>Em rela\u00e7\u00e3o ao ICMS do Amazonas, <strong>responde subsidiariamente<\/strong> a pessoa f\u00edsica ou jur\u00eddica de direito privado que <strong>adquirir <\/strong>de outra, a qualquer t\u00edtulo, <strong>fundo de com\u00e9rcio ou estabelecimento <\/strong>comercial, industrial ou de presta\u00e7\u00e3o de servi\u00e7os, e <strong>continuar <\/strong>a respectiva <strong>explora\u00e7\u00e3o<\/strong>, sob a mesma ou outra raz\u00e3o social ou sob firma ou nome individual, pelo imposto relativo ao fundo de com\u00e9rcio ou estabelecimento adquirido, sempre que o alienante prosseguir na explora\u00e7\u00e3o ou iniciar, dentro de 6 meses, nova atividade, no mesmo ou em outro ramo de com\u00e9rcio, ind\u00fastria ou presta\u00e7\u00e3o de servi\u00e7os.<\/p>\n\n\n\n<p><strong><mark style=\"background-color:rgba(0, 0, 0, 0)\" class=\"has-inline-color has-vivid-red-color\">PARA FIXAR:<\/mark><\/strong><\/p>\n\n\n\n<p>Responde <strong><mark style=\"background-color:rgba(0, 0, 0, 0)\" class=\"has-inline-color has-vivid-cyan-blue-color\">subsidiariamente<\/mark><\/strong> pelo imposto do fundo de com\u00e9rcio ou do estabelecimento:<\/p>\n\n\n\n<ul class=\"wp-block-list\"><li>Aquele que <strong>adquirir <\/strong>fundo de com\u00e9rcio ou estabelecimento, e<\/li><li><strong>continuar <\/strong>a sua explora\u00e7\u00e3o,<\/li><li><span style=\"color: initial;\">caso o <\/span><strong style=\"color: initial;\">alienante <\/strong><span style=\"color: initial;\">continue explorando atividade, ou <strong>iniciar <\/strong>dentro de<strong> 6 meses<\/strong>, a explora\u00e7\u00e3o da antiga ou nova atividade.<\/span><\/li><\/ul>\n\n\n\n<p>Desse modo, primeiramente o Fisco realizar\u00e1 a cobran\u00e7a perante o contribuinte, ou seja, o alienante. Caso seja infrut\u00edfero a tentativa, Fisco realizar\u00e1 a cobran\u00e7a perante o respons\u00e1vel subsidi\u00e1rio, ou seja, o adquirente.<\/p>\n\n\n\n<h2 class=\"wp-block-heading\" id=\"finalizando\"><mark style=\"background-color:rgba(0, 0, 0, 0)\" class=\"has-inline-color has-vivid-cyan-blue-color\">Finalizando<\/mark><\/h2>\n\n\n\n<p>Pessoal! Chegamos ao final de mais um artigo sobre o ICMS, mais especificamente sobre as suas <strong>al\u00edquotas<\/strong> e <strong>sujeitos passivos<\/strong>, para a SEFAZ-AM.<\/p>\n\n\n\n<p>Para a sua aprova\u00e7\u00e3o, \u00e9 extremamente&nbsp;<strong>importante&nbsp;<\/strong>a<strong>&nbsp;leitura do decreto&nbsp;<\/strong>citado aqui. Esse artigo \u00e9 apenas uma an\u00e1lise mais simplificada dessa norma.<\/p>\n\n\n\n<p>Caso queira se preparar para chegar&nbsp;<strong>competitivo&nbsp;<\/strong>nesta prova, invista nos&nbsp;<strong><a href=\"https:\/\/www.estrategiaconcursos.com.br\/cursosPorConcurso\/sefaz-am-247\/\" target=\"_blank\" rel=\"noreferrer noopener\">cursos para a SEFAZ AM<\/a><\/strong>&nbsp;do&nbsp;<strong>Estrat\u00e9gia Concursos<\/strong>.&nbsp;<\/p>\n\n\n\n<p>L\u00e1 voc\u00ea encontrar\u00e1&nbsp;<strong>aulas completas e detalhadas, com os melhores professores do mercado<\/strong>,&nbsp;de todos os t\u00f3picos exigidos no edital deste concurso.<\/p>\n\n\n\n<p>Conhe\u00e7a tamb\u00e9m o&nbsp;<a href=\"https:\/\/questoes.estrategiaconcursos.com.br\/\" target=\"_blank\" rel=\"noreferrer noopener\">Sistema de Quest\u00f5es do Estrat\u00e9gia<\/a>. Afinal, a \u00fanica maneira de&nbsp;<strong>consolidar o conte\u00fado&nbsp;<\/strong>de maneira satisfat\u00f3ria \u00e9 atrav\u00e9s da&nbsp;<strong>resolu\u00e7\u00e3o de quest\u00f5es.<\/strong>&nbsp;L\u00e1 voc\u00ea encontrar\u00e1 diversas quest\u00f5es sobre ICMS, para a SEFAZ-AM.<\/p>\n\n\n\n<p>Bons estudos a todos e at\u00e9 a pr\u00f3xima!<\/p>\n\n\n\n<h2 class=\"has-text-align-center wp-block-heading\" id=\"h-cursos-e-assinaturas\">Cursos e Assinaturas <\/h2>\n\n\n\n<p>Prepare-se com o melhor material e com quem mais aprova em Concursos P\u00fablicos em todo o pa\u00eds!<\/p>\n\n\n\n<p class=\"has-text-align-center has-white-color has-vivid-purple-background-color has-text-color has-background\"><a href=\"https:\/\/www.estrategiaconcursos.com.br\/blog\/concursos-abertos\/\" target=\"_blank\" rel=\"noreferrer noopener\"><strong><span class=\"has-inline-color has-white-color\">Concursos abertos<\/span><\/strong><\/a><\/p>\n\n\n\n<p class=\"has-text-align-center has-white-color has-vivid-purple-background-color has-text-color has-background\"><strong><a href=\"https:\/\/www.estrategiaconcursos.com.br\/blog\/concursos-2022\/\" target=\"_blank\" rel=\"noreferrer noopener\"><span class=\"has-inline-color has-white-color\">Concursos 2022<\/span><\/a><\/strong><\/p>\n\n\n\n<div class=\"container\" id=\"boxes\">\n  <div class=\"row\">\n    <div class=\"col-sm\">\n      <div class=\"estrategia\" id=\"box-assinatura\">\n        <h3 class=\"titulo-assinatura\">Assinatura de Concursos<\/h3>\n        <p class=\"subtitulo-assinatura\">Assinatura de 1 ano ou 2 anos<\/p>\n        <div class=\"box-botao\">\n          <a class=\"btn-assinatura\" target=\"_blank\" href=\"https:\/\/www.estrategiaconcursos.com.br\/assinaturas\/\" role=\"button\" rel=\"noopener noreferrer\">ASSINE AGORA<\/a>\n        <\/div>\n      <\/div>\n      \n    <\/div><\/div><\/div>\n","protected":false},"excerpt":{"rendered":"<p>Confira neste artigo uma an\u00e1lise sobre o&nbsp;Regulamento do ICMS (RICMS), mais especificamente sobre as al\u00edquotas e sujeitos passivos, no&nbsp;Decreto 20.686\/99, para o concurso da&nbsp;SEFAZ-AM. Ol\u00e1, pessoal! Tudo bem com voc\u00eas? O concurso da&nbsp;SEFAZ-AM&nbsp;(Secretaria da Fazenda do Estado do Amazonas) est\u00e1 cada dia mais perto. Como est\u00e1 a sua prepara\u00e7\u00e3o? H\u00e1 vagas para diversos cargos, inclusive [&hellip;]<\/p>\n","protected":false},"author":1976,"featured_media":934473,"comment_status":"open","ping_status":"closed","sticky":false,"template":"","format":"standard","meta":{"post_tipo":"article","footnotes":""},"categories":[1983],"tags":[],"tax_estado":[219966],"class_list":["post-985931","post","type-post","status-publish","format-standard","has-post-thumbnail","hentry","category-fiscal-estadual","tax_estado-am"],"acf":[],"yoast_head":"<!-- This site is optimized with the Yoast SEO Premium plugin v27.2 (Yoast SEO v27.2) - https:\/\/yoast.com\/product\/yoast-seo-premium-wordpress\/ -->\n<title>O ICMS para a SEFAZ-AM: Al\u00edquotas e Contribuintes<\/title>\n<meta name=\"description\" content=\"Confira aqui uma an\u00e1lise sobre o ICMS, mais especificamente sobre as al\u00edquotas e sujeitos passivos, no\u00a0Decreto 20.686\/99, para a\u00a0SEFAZ-AM.\" \/>\n<meta name=\"robots\" content=\"index, follow, max-snippet:-1, max-image-preview:large, max-video-preview:-1\" \/>\n<link rel=\"canonical\" href=\"https:\/\/www.estrategiaconcursos.com.br\/blog\/icms-sefaz-am-aliquotas\/\" \/>\n<meta property=\"og:locale\" content=\"pt_BR\" \/>\n<meta property=\"og:type\" content=\"article\" \/>\n<meta property=\"og:title\" content=\"O ICMS para a SEFAZ-AM: Al\u00edquotas e Contribuintes\" \/>\n<meta property=\"og:description\" content=\"Confira aqui uma an\u00e1lise sobre o ICMS, mais especificamente sobre as al\u00edquotas e sujeitos passivos, no\u00a0Decreto 20.686\/99, para a\u00a0SEFAZ-AM.\" \/>\n<meta property=\"og:url\" content=\"https:\/\/www.estrategiaconcursos.com.br\/blog\/icms-sefaz-am-aliquotas\/\" \/>\n<meta property=\"og:site_name\" content=\"Estrat\u00e9gia Concursos\" \/>\n<meta property=\"article:published_time\" content=\"2022-03-25T11:05:00+00:00\" \/>\n<meta property=\"og:image\" content=\"https:\/\/dhg1h5j42swfq.cloudfront.net\/2021\/12\/22202759\/sefaz-am.jpg\" \/>\n\t<meta property=\"og:image:width\" content=\"512\" \/>\n\t<meta property=\"og:image:height\" content=\"341\" \/>\n\t<meta property=\"og:image:type\" content=\"image\/jpeg\" \/>\n<meta name=\"author\" content=\"Kassio Henrique Sobral Rocha\" \/>\n<meta name=\"twitter:card\" content=\"summary_large_image\" \/>\n<meta name=\"twitter:creator\" content=\"@EstratConcursos\" \/>\n<meta name=\"twitter:site\" content=\"@EstratConcursos\" \/>\n<meta name=\"twitter:label1\" content=\"Escrito por\" \/>\n\t<meta name=\"twitter:data1\" content=\"Kassio Henrique Sobral Rocha\" \/>\n\t<meta name=\"twitter:label2\" content=\"Est. tempo de leitura\" \/>\n\t<meta name=\"twitter:data2\" content=\"10 minutos\" \/>\n<script type=\"application\/ld+json\" class=\"yoast-schema-graph\">{\"@context\":\"https:\/\/schema.org\",\"@graph\":[{\"@type\":\"NewsArticle\",\"@id\":\"https:\/\/www.estrategiaconcursos.com.br\/blog\/icms-sefaz-am-aliquotas\/#article\",\"isPartOf\":{\"@id\":\"https:\/\/www.estrategiaconcursos.com.br\/blog\/icms-sefaz-am-aliquotas\/\"},\"author\":{\"name\":\"Kassio Henrique Sobral Rocha\",\"@id\":\"https:\/\/www.estrategiaconcursos.com.br\/blog\/#\/schema\/person\/f0c830e07cfe11c231c0ea5dbb036df5\"},\"headline\":\"O ICMS para a SEFAZ-AM: Al\u00edquotas e Contribuintes\",\"datePublished\":\"2022-03-25T11:05:00+00:00\",\"mainEntityOfPage\":{\"@id\":\"https:\/\/www.estrategiaconcursos.com.br\/blog\/icms-sefaz-am-aliquotas\/\"},\"wordCount\":1935,\"commentCount\":0,\"publisher\":{\"@id\":\"https:\/\/www.estrategiaconcursos.com.br\/blog\/#organization\"},\"image\":{\"@id\":\"https:\/\/www.estrategiaconcursos.com.br\/blog\/icms-sefaz-am-aliquotas\/#primaryimage\"},\"thumbnailUrl\":\"https:\/\/dhg1h5j42swfq.cloudfront.net\/2021\/12\/22202759\/sefaz-am.jpg\",\"articleSection\":[\"Fiscal - Estadual (ICMS)\"],\"inLanguage\":\"pt-BR\",\"potentialAction\":[{\"@type\":\"CommentAction\",\"name\":\"Comment\",\"target\":[\"https:\/\/www.estrategiaconcursos.com.br\/blog\/icms-sefaz-am-aliquotas\/#respond\"]}],\"copyrightYear\":\"2022\",\"copyrightHolder\":{\"@id\":\"https:\/\/www.estrategiaconcursos.com.br\/blog\/#organization\"}},{\"@type\":\"WebPage\",\"@id\":\"https:\/\/www.estrategiaconcursos.com.br\/blog\/icms-sefaz-am-aliquotas\/\",\"url\":\"https:\/\/www.estrategiaconcursos.com.br\/blog\/icms-sefaz-am-aliquotas\/\",\"name\":\"O ICMS para a SEFAZ-AM: Al\u00edquotas e Contribuintes\",\"isPartOf\":{\"@id\":\"https:\/\/www.estrategiaconcursos.com.br\/blog\/#website\"},\"primaryImageOfPage\":{\"@id\":\"https:\/\/www.estrategiaconcursos.com.br\/blog\/icms-sefaz-am-aliquotas\/#primaryimage\"},\"image\":{\"@id\":\"https:\/\/www.estrategiaconcursos.com.br\/blog\/icms-sefaz-am-aliquotas\/#primaryimage\"},\"thumbnailUrl\":\"https:\/\/dhg1h5j42swfq.cloudfront.net\/2021\/12\/22202759\/sefaz-am.jpg\",\"datePublished\":\"2022-03-25T11:05:00+00:00\",\"description\":\"Confira aqui uma an\u00e1lise sobre o ICMS, mais especificamente sobre as al\u00edquotas e sujeitos passivos, no\u00a0Decreto 20.686\/99, para a\u00a0SEFAZ-AM.\",\"breadcrumb\":{\"@id\":\"https:\/\/www.estrategiaconcursos.com.br\/blog\/icms-sefaz-am-aliquotas\/#breadcrumb\"},\"inLanguage\":\"pt-BR\",\"potentialAction\":[{\"@type\":\"ReadAction\",\"target\":[\"https:\/\/www.estrategiaconcursos.com.br\/blog\/icms-sefaz-am-aliquotas\/\"]}]},{\"@type\":\"ImageObject\",\"inLanguage\":\"pt-BR\",\"@id\":\"https:\/\/www.estrategiaconcursos.com.br\/blog\/icms-sefaz-am-aliquotas\/#primaryimage\",\"url\":\"https:\/\/dhg1h5j42swfq.cloudfront.net\/2021\/12\/22202759\/sefaz-am.jpg\",\"contentUrl\":\"https:\/\/dhg1h5j42swfq.cloudfront.net\/2021\/12\/22202759\/sefaz-am.jpg\",\"width\":512,\"height\":341,\"caption\":\"sefaz-am\"},{\"@type\":\"BreadcrumbList\",\"@id\":\"https:\/\/www.estrategiaconcursos.com.br\/blog\/icms-sefaz-am-aliquotas\/#breadcrumb\",\"itemListElement\":[{\"@type\":\"ListItem\",\"position\":1,\"name\":\"In\u00edcio\",\"item\":\"https:\/\/www.estrategiaconcursos.com.br\/blog\/\"},{\"@type\":\"ListItem\",\"position\":2,\"name\":\"O ICMS para a SEFAZ-AM: Al\u00edquotas e Contribuintes\"}]},{\"@type\":\"WebSite\",\"@id\":\"https:\/\/www.estrategiaconcursos.com.br\/blog\/#website\",\"url\":\"https:\/\/www.estrategiaconcursos.com.br\/blog\/\",\"name\":\"Estrat\u00e9gia Concursos\",\"description\":\"O blog da Estrat\u00e9gia Concursos traz not\u00edcias sobre concursos e artigos de professores oferecendo cursos para concursos (pdf + videaulas) no site.\",\"publisher\":{\"@id\":\"https:\/\/www.estrategiaconcursos.com.br\/blog\/#organization\"},\"potentialAction\":[{\"@type\":\"SearchAction\",\"target\":{\"@type\":\"EntryPoint\",\"urlTemplate\":\"https:\/\/www.estrategiaconcursos.com.br\/blog\/?s={search_term_string}\"},\"query-input\":{\"@type\":\"PropertyValueSpecification\",\"valueRequired\":true,\"valueName\":\"search_term_string\"}}],\"inLanguage\":\"pt-BR\"},{\"@type\":\"Organization\",\"@id\":\"https:\/\/www.estrategiaconcursos.com.br\/blog\/#organization\",\"name\":\"Estrat\u00e9gia Concursos\",\"url\":\"https:\/\/www.estrategiaconcursos.com.br\/blog\/\",\"logo\":{\"@type\":\"ImageObject\",\"inLanguage\":\"pt-BR\",\"@id\":\"https:\/\/www.estrategiaconcursos.com.br\/blog\/#\/schema\/logo\/image\/\",\"url\":\"https:\/\/dhg1h5j42swfq.cloudfront.net\/2025\/06\/03203428\/logo_concursos-1.jpg\",\"contentUrl\":\"https:\/\/dhg1h5j42swfq.cloudfront.net\/2025\/06\/03203428\/logo_concursos-1.jpg\",\"width\":230,\"height\":60,\"caption\":\"Estrat\u00e9gia Concursos\"},\"image\":{\"@id\":\"https:\/\/www.estrategiaconcursos.com.br\/blog\/#\/schema\/logo\/image\/\"},\"sameAs\":[\"https:\/\/x.com\/EstratConcursos\"]},{\"@type\":\"Person\",\"@id\":\"https:\/\/www.estrategiaconcursos.com.br\/blog\/#\/schema\/person\/f0c830e07cfe11c231c0ea5dbb036df5\",\"name\":\"Kassio Henrique Sobral Rocha\",\"image\":{\"@type\":\"ImageObject\",\"inLanguage\":\"pt-BR\",\"@id\":\"https:\/\/secure.gravatar.com\/avatar\/d10350cbdad043facd8ec77a377f86f9026afee3348e463b04854fd4490ce759?s=96&d=mm&r=g\",\"url\":\"https:\/\/secure.gravatar.com\/avatar\/d10350cbdad043facd8ec77a377f86f9026afee3348e463b04854fd4490ce759?s=96&d=mm&r=g\",\"contentUrl\":\"https:\/\/secure.gravatar.com\/avatar\/d10350cbdad043facd8ec77a377f86f9026afee3348e463b04854fd4490ce759?s=96&d=mm&r=g\",\"caption\":\"Kassio Henrique Sobral Rocha\"},\"url\":\"https:\/\/www.estrategiaconcursos.com.br\/blog\/author\/kassio-rochayahoo-com-br\/\"}]}<\/script>\n<!-- \/ Yoast SEO Premium plugin. -->","yoast_head_json":{"title":"O ICMS para a SEFAZ-AM: Al\u00edquotas e Contribuintes","description":"Confira aqui uma an\u00e1lise sobre o ICMS, mais especificamente sobre as al\u00edquotas e sujeitos passivos, no\u00a0Decreto 20.686\/99, para a\u00a0SEFAZ-AM.","robots":{"index":"index","follow":"follow","max-snippet":"max-snippet:-1","max-image-preview":"max-image-preview:large","max-video-preview":"max-video-preview:-1"},"canonical":"https:\/\/www.estrategiaconcursos.com.br\/blog\/icms-sefaz-am-aliquotas\/","og_locale":"pt_BR","og_type":"article","og_title":"O ICMS para a SEFAZ-AM: Al\u00edquotas e Contribuintes","og_description":"Confira aqui uma an\u00e1lise sobre o ICMS, mais especificamente sobre as al\u00edquotas e sujeitos passivos, no\u00a0Decreto 20.686\/99, para a\u00a0SEFAZ-AM.","og_url":"https:\/\/www.estrategiaconcursos.com.br\/blog\/icms-sefaz-am-aliquotas\/","og_site_name":"Estrat\u00e9gia Concursos","article_published_time":"2022-03-25T11:05:00+00:00","og_image":[{"width":512,"height":341,"url":"https:\/\/dhg1h5j42swfq.cloudfront.net\/2021\/12\/22202759\/sefaz-am.jpg","type":"image\/jpeg"}],"author":"Kassio Henrique Sobral Rocha","twitter_card":"summary_large_image","twitter_creator":"@EstratConcursos","twitter_site":"@EstratConcursos","twitter_misc":{"Escrito por":"Kassio Henrique Sobral Rocha","Est. tempo de leitura":"10 minutos"},"schema":{"@context":"https:\/\/schema.org","@graph":[{"@type":"NewsArticle","@id":"https:\/\/www.estrategiaconcursos.com.br\/blog\/icms-sefaz-am-aliquotas\/#article","isPartOf":{"@id":"https:\/\/www.estrategiaconcursos.com.br\/blog\/icms-sefaz-am-aliquotas\/"},"author":{"name":"Kassio Henrique Sobral Rocha","@id":"https:\/\/www.estrategiaconcursos.com.br\/blog\/#\/schema\/person\/f0c830e07cfe11c231c0ea5dbb036df5"},"headline":"O ICMS para a SEFAZ-AM: Al\u00edquotas e Contribuintes","datePublished":"2022-03-25T11:05:00+00:00","mainEntityOfPage":{"@id":"https:\/\/www.estrategiaconcursos.com.br\/blog\/icms-sefaz-am-aliquotas\/"},"wordCount":1935,"commentCount":0,"publisher":{"@id":"https:\/\/www.estrategiaconcursos.com.br\/blog\/#organization"},"image":{"@id":"https:\/\/www.estrategiaconcursos.com.br\/blog\/icms-sefaz-am-aliquotas\/#primaryimage"},"thumbnailUrl":"https:\/\/dhg1h5j42swfq.cloudfront.net\/2021\/12\/22202759\/sefaz-am.jpg","articleSection":["Fiscal - Estadual (ICMS)"],"inLanguage":"pt-BR","potentialAction":[{"@type":"CommentAction","name":"Comment","target":["https:\/\/www.estrategiaconcursos.com.br\/blog\/icms-sefaz-am-aliquotas\/#respond"]}],"copyrightYear":"2022","copyrightHolder":{"@id":"https:\/\/www.estrategiaconcursos.com.br\/blog\/#organization"}},{"@type":"WebPage","@id":"https:\/\/www.estrategiaconcursos.com.br\/blog\/icms-sefaz-am-aliquotas\/","url":"https:\/\/www.estrategiaconcursos.com.br\/blog\/icms-sefaz-am-aliquotas\/","name":"O ICMS para a SEFAZ-AM: Al\u00edquotas e Contribuintes","isPartOf":{"@id":"https:\/\/www.estrategiaconcursos.com.br\/blog\/#website"},"primaryImageOfPage":{"@id":"https:\/\/www.estrategiaconcursos.com.br\/blog\/icms-sefaz-am-aliquotas\/#primaryimage"},"image":{"@id":"https:\/\/www.estrategiaconcursos.com.br\/blog\/icms-sefaz-am-aliquotas\/#primaryimage"},"thumbnailUrl":"https:\/\/dhg1h5j42swfq.cloudfront.net\/2021\/12\/22202759\/sefaz-am.jpg","datePublished":"2022-03-25T11:05:00+00:00","description":"Confira aqui uma an\u00e1lise sobre o ICMS, mais especificamente sobre as al\u00edquotas e sujeitos passivos, no\u00a0Decreto 20.686\/99, para a\u00a0SEFAZ-AM.","breadcrumb":{"@id":"https:\/\/www.estrategiaconcursos.com.br\/blog\/icms-sefaz-am-aliquotas\/#breadcrumb"},"inLanguage":"pt-BR","potentialAction":[{"@type":"ReadAction","target":["https:\/\/www.estrategiaconcursos.com.br\/blog\/icms-sefaz-am-aliquotas\/"]}]},{"@type":"ImageObject","inLanguage":"pt-BR","@id":"https:\/\/www.estrategiaconcursos.com.br\/blog\/icms-sefaz-am-aliquotas\/#primaryimage","url":"https:\/\/dhg1h5j42swfq.cloudfront.net\/2021\/12\/22202759\/sefaz-am.jpg","contentUrl":"https:\/\/dhg1h5j42swfq.cloudfront.net\/2021\/12\/22202759\/sefaz-am.jpg","width":512,"height":341,"caption":"sefaz-am"},{"@type":"BreadcrumbList","@id":"https:\/\/www.estrategiaconcursos.com.br\/blog\/icms-sefaz-am-aliquotas\/#breadcrumb","itemListElement":[{"@type":"ListItem","position":1,"name":"In\u00edcio","item":"https:\/\/www.estrategiaconcursos.com.br\/blog\/"},{"@type":"ListItem","position":2,"name":"O ICMS para a SEFAZ-AM: Al\u00edquotas e Contribuintes"}]},{"@type":"WebSite","@id":"https:\/\/www.estrategiaconcursos.com.br\/blog\/#website","url":"https:\/\/www.estrategiaconcursos.com.br\/blog\/","name":"Estrat\u00e9gia Concursos","description":"O blog da Estrat\u00e9gia Concursos traz not\u00edcias sobre concursos e artigos de professores oferecendo cursos para concursos (pdf + videaulas) no site.","publisher":{"@id":"https:\/\/www.estrategiaconcursos.com.br\/blog\/#organization"},"potentialAction":[{"@type":"SearchAction","target":{"@type":"EntryPoint","urlTemplate":"https:\/\/www.estrategiaconcursos.com.br\/blog\/?s={search_term_string}"},"query-input":{"@type":"PropertyValueSpecification","valueRequired":true,"valueName":"search_term_string"}}],"inLanguage":"pt-BR"},{"@type":"Organization","@id":"https:\/\/www.estrategiaconcursos.com.br\/blog\/#organization","name":"Estrat\u00e9gia Concursos","url":"https:\/\/www.estrategiaconcursos.com.br\/blog\/","logo":{"@type":"ImageObject","inLanguage":"pt-BR","@id":"https:\/\/www.estrategiaconcursos.com.br\/blog\/#\/schema\/logo\/image\/","url":"https:\/\/dhg1h5j42swfq.cloudfront.net\/2025\/06\/03203428\/logo_concursos-1.jpg","contentUrl":"https:\/\/dhg1h5j42swfq.cloudfront.net\/2025\/06\/03203428\/logo_concursos-1.jpg","width":230,"height":60,"caption":"Estrat\u00e9gia Concursos"},"image":{"@id":"https:\/\/www.estrategiaconcursos.com.br\/blog\/#\/schema\/logo\/image\/"},"sameAs":["https:\/\/x.com\/EstratConcursos"]},{"@type":"Person","@id":"https:\/\/www.estrategiaconcursos.com.br\/blog\/#\/schema\/person\/f0c830e07cfe11c231c0ea5dbb036df5","name":"Kassio Henrique Sobral Rocha","image":{"@type":"ImageObject","inLanguage":"pt-BR","@id":"https:\/\/secure.gravatar.com\/avatar\/d10350cbdad043facd8ec77a377f86f9026afee3348e463b04854fd4490ce759?s=96&d=mm&r=g","url":"https:\/\/secure.gravatar.com\/avatar\/d10350cbdad043facd8ec77a377f86f9026afee3348e463b04854fd4490ce759?s=96&d=mm&r=g","contentUrl":"https:\/\/secure.gravatar.com\/avatar\/d10350cbdad043facd8ec77a377f86f9026afee3348e463b04854fd4490ce759?s=96&d=mm&r=g","caption":"Kassio Henrique Sobral Rocha"},"url":"https:\/\/www.estrategiaconcursos.com.br\/blog\/author\/kassio-rochayahoo-com-br\/"}]}},"_links":{"self":[{"href":"https:\/\/www.estrategiaconcursos.com.br\/blog\/wp-json\/wp\/v2\/posts\/985931","targetHints":{"allow":["GET"]}}],"collection":[{"href":"https:\/\/www.estrategiaconcursos.com.br\/blog\/wp-json\/wp\/v2\/posts"}],"about":[{"href":"https:\/\/www.estrategiaconcursos.com.br\/blog\/wp-json\/wp\/v2\/types\/post"}],"author":[{"embeddable":true,"href":"https:\/\/www.estrategiaconcursos.com.br\/blog\/wp-json\/wp\/v2\/users\/1976"}],"replies":[{"embeddable":true,"href":"https:\/\/www.estrategiaconcursos.com.br\/blog\/wp-json\/wp\/v2\/comments?post=985931"}],"version-history":[{"count":22,"href":"https:\/\/www.estrategiaconcursos.com.br\/blog\/wp-json\/wp\/v2\/posts\/985931\/revisions"}],"predecessor-version":[{"id":987050,"href":"https:\/\/www.estrategiaconcursos.com.br\/blog\/wp-json\/wp\/v2\/posts\/985931\/revisions\/987050"}],"wp:featuredmedia":[{"embeddable":true,"href":"https:\/\/www.estrategiaconcursos.com.br\/blog\/wp-json\/wp\/v2\/media\/934473"}],"wp:attachment":[{"href":"https:\/\/www.estrategiaconcursos.com.br\/blog\/wp-json\/wp\/v2\/media?parent=985931"}],"wp:term":[{"taxonomy":"category","embeddable":true,"href":"https:\/\/www.estrategiaconcursos.com.br\/blog\/wp-json\/wp\/v2\/categories?post=985931"},{"taxonomy":"post_tag","embeddable":true,"href":"https:\/\/www.estrategiaconcursos.com.br\/blog\/wp-json\/wp\/v2\/tags?post=985931"},{"taxonomy":"tax_estado","embeddable":true,"href":"https:\/\/www.estrategiaconcursos.com.br\/blog\/wp-json\/wp\/v2\/tax_estado?post=985931"}],"curies":[{"name":"wp","href":"https:\/\/api.w.org\/{rel}","templated":true}]}}