{"id":985268,"date":"2022-07-19T00:50:00","date_gmt":"2022-07-19T03:50:00","guid":{"rendered":"https:\/\/www.estrategiaconcursos.com.br\/blog\/?p=985268"},"modified":"2022-08-11T08:18:31","modified_gmt":"2022-08-11T11:18:31","slug":"concurso-bombeiros-ro-edital-publicado","status":"publish","type":"post","link":"https:\/\/www.estrategiaconcursos.com.br\/blog\/concurso-bombeiros-ro-edital-publicado\/","title":{"rendered":"Edital Bombeiros RO tem inscri\u00e7\u00f5es encerradas para Oficial!"},"content":{"rendered":"\n<p>Est\u00e3o encerradas as inscri\u00e7\u00f5es para o edital do <strong>concurso Bombeiros RO<\/strong>. Os interessados puderam se inscrever no site da banca organizadora, Cebraspe, ao custo de R$ 204,96.<\/p>\n\n\n\n<p>S\u00e3o ofertadas 8 vagas, sendo 5 <strong>para Oficial Combatente<\/strong> e 3 para <strong>Oficial do Quadro Complementar<\/strong> (Engenheiro Civil), ambas de n\u00edvel superior.<\/p>\n\n\n\n<p>A aplica\u00e7\u00e3o da prova objetiva ocorrer\u00e1 no dia <strong>25 de setembro de 2022<\/strong>.<\/p>\n\n\n\n<ul class=\"has-cyan-bluish-gray-background-color has-background wp-block-list\"><li><strong>Bombeiros RO<\/strong><\/li><li><strong>Status:<\/strong> inscri\u00e7\u00f5es encerradas<\/li><li><strong>Banca:<\/strong> Cebraspe<\/li><li><strong>Vagas:<\/strong> 8<\/li><li><strong>Sal\u00e1rio inicial:<\/strong> R$ 7.932,89 a R$ 8.786,50<\/li><li><strong style=\"color: initial;\">Edital:<\/strong><span style=\"color: initial;\"> <a href=\"https:\/\/dhg1h5j42swfq.cloudfront.net\/2022\/07\/08192715\/edital-bombeiro-ro-1.pdf\" target=\"_blank\" rel=\"noreferrer noopener nofollow\">Bombeiro RO 2022<\/a><\/span><\/li><\/ul>\n\n\n<figure class=\"wp-block-embed-youtube wp-block-embed is-type-video is-provider-youtube wp-embed-aspect-16-9 wp-has-aspect-ratio\"><div class=\"lyte-wrapper\" style=\"width:853px;max-width:100%;margin:5px;\"><div class=\"lyMe\" id=\"WYL_QJ0OTF5EVxA\"><div id=\"lyte_QJ0OTF5EVxA\" data-src=\"\/\/i.ytimg.com\/vi\/QJ0OTF5EVxA\/hqdefault.jpg\" class=\"pL\"><div class=\"tC\"><div class=\"tT\"><\/div><\/div><div class=\"play\"><\/div><div class=\"ctrl\"><div class=\"Lctrl\"><\/div><div class=\"Rctrl\"><\/div><\/div><\/div><noscript><a href=\"https:\/\/youtu.be\/QJ0OTF5EVxA\" rel=\"nofollow\"><img loading=\"lazy\" decoding=\"async\" src=\"https:\/\/i.ytimg.com\/vi\/QJ0OTF5EVxA\/0.jpg\" alt=\"YouTube video thumbnail\" width=\"853\" height=\"460\" \/><br \/>Assista a este v\u00eddeo no YouTube<\/a><\/noscript><\/div><\/div><div class=\"lL\" style=\"max-width:100%;width:853px;margin:5px;\"><\/div><figcaption><\/figcaption><\/figure>\n\n\n<div class=\"container\" id=\"boxes\">\n  <div class=\"row\">\n\n    <div class=\"col-sm\">\n      <div class=\"banner-policial\" id=\"box-assinatura\">\n        <h3 class=\"titulo-assinatura\">Concurso Bombeiros RO<\/h3>\n        <p class=\"subtitulo-assinatura\">Conhe\u00e7a os cursos<\/p>\n        <div class=\"box-botao\">\n          <a class=\"btn-assinatura\" target=\"_blank\" href=\"https:\/\/www.estrategiaconcursos.com.br\/cursosPorConcurso\/corpo-de-bombeiros-militar-do-estado-de-rondonia-cbm-ro\/\" role=\"button\" rel=\"noopener noreferrer\">Conhe\u00e7a mais<\/a>\n        <\/div>\n      <\/div>\n    \n    <\/div>\n\n  <\/div>\n<\/div>\n\n\n\n<h2 class=\"wp-block-heading\" id=\"situacao\">Situa\u00e7\u00e3o atual do edital Bombeiros RO<\/h2>\n\n\n\n<h3 class=\"wp-block-heading\" id=\"datas\">Principais datas<\/h3>\n\n\n\n<p class=\"has-very-light-gray-background-color has-background\"><strong>Inscri\u00e7\u00f5es<\/strong> <strong>e isen\u00e7\u00e3o da taxa<\/strong>: <s>19 de julho a 10 de agosto de 2022<\/s><br \/><strong>\u00daltimo dia para pagamento<\/strong>: 02 de setembro<br \/><strong>Prova<\/strong>: 25 de setembro<\/p>\n\n\n\n<h2 class=\"wp-block-heading\" id=\"cargos-vagas\">Cargos e vagas do Edital Bombeiros RO<\/h2>\n\n\n\n<h3 class=\"wp-block-heading\" id=\"medio\">N\u00edvel superior<\/h3>\n\n\n\n<figure class=\"wp-block-table is-style-stripes\"><table class=\"has-very-light-gray-to-cyan-bluish-gray-gradient-background has-background has-fixed-layout\"><thead><tr><th class=\"has-text-align-center\" data-align=\"center\">Cargo<\/th><th class=\"has-text-align-center\" data-align=\"center\">Vagas<\/th><\/tr><\/thead><tbody><tr><td class=\"has-text-align-center\" data-align=\"center\">Oficial Combatente<\/td><td class=\"has-text-align-center\" data-align=\"center\">5<\/td><\/tr><tr><td class=\"has-text-align-center\" data-align=\"center\">Oficial do Quadro Complementar &#8211; Engenheiro Civil<\/td><td class=\"has-text-align-center\" data-align=\"center\">3<\/td><\/tr><\/tbody><\/table><\/figure>\n\n\n\n<h2 class=\"wp-block-heading\" id=\"etapas\">Etapas e provas<\/h2>\n\n\n\n<p>O edital do concurso Bombeiro RO ser\u00e1 composto pelas etapas abaixo!<\/p>\n\n\n\n<p><strong>Primeira fase<\/strong><\/p>\n\n\n\n<ul class=\"wp-block-list\"><li>Prova Objetiva, de car\u00e1ter eliminat\u00f3rio e classificat\u00f3rio, de responsabilidade do Cebraspe;<\/li><li>Prova Discursiva;<\/li><li>Prova de Aptid\u00e3o F\u00edsica;<\/li><li>Exame Psicot\u00e9cnico;<\/li><li>Exame M\u00e9dicos e Toxicol\u00f3gico;<\/li><li>Investiga\u00e7\u00e3o social; e<\/li><li>Prova de T\u00edtulos.<\/li><\/ul>\n\n\n\n<p><strong>Segunda fase<\/strong><\/p>\n\n\n\n<ul class=\"wp-block-list\"><li>Curso de Forma\u00e7\u00e3o de Oficiais (CFOBM), para o cargo de Oficial Bombeiro Militar Combatente, e curso de forma\u00e7\u00e3o de oficiais complementares (CFQOC), para o cargo de Oficial Bombeiro Militar Complementar \u2013 Engenheiro Civil<\/li><\/ul>\n\n\n\n<h3 class=\"wp-block-heading\" id=\"objetiva\">Prova Objetiva<\/h3>\n\n\n\n<p>A Prova Objetiva, de car\u00e1ter eliminat\u00f3rio e classificat\u00f3rio, valer\u00e1 100,00 pontos e abranger\u00e1 as disciplinas abaixo. As quest\u00f5es da etapa ser\u00e3o do tipo m\u00faltipla escolha, com cinco op\u00e7\u00f5es (A, B, C, D e E), sendo uma \u00fanica a correta.<\/p>\n\n\n\n<p><strong>OFICIAL BOMBEIRO MILITAR COMBATENTE<\/strong><\/p>\n\n\n\n<ul class=\"wp-block-list\"><li>Direito Penal Militar<\/li><li>Direito Processual Penal Militar<\/li><li>Direito Penal<\/li><li>Direito Processual Penal <\/li><li>Direito Civil<\/li><li>Direito Administrativo<\/li><li>Direito Financeiro<\/li><li>Direito Ambiental<\/li><li>Direito Constitucional<\/li><li>Legisla\u00e7\u00e3o<\/li><li>Institucional<\/li><li>L\u00edngua Portuguesa<\/li><li>Hist\u00f3ria e Geografia de Rond\u00f4nia<\/li><\/ul>\n\n\n\n<p><strong>OFICIAL BOMBEIRO MILITAR COMPLEMENTAR \u2013 ENGENHEIRO CIVIL<\/strong><\/p>\n\n\n\n<ul class=\"wp-block-list\"><li>L\u00edngua Portuguesa<\/li><li>Matem\u00e1tica<\/li><li>Hist\u00f3ria e Geografia de Rond\u00f4nia<\/li><li>Inform\u00e1tica B\u00e1sica<\/li><li>Conhecimentos na \u00c1rea de Forma\u00e7\u00e3o<\/li><li>Instru\u00e7\u00f5es T\u00e9cnicas do CBM\/RO<\/li><\/ul>\n\n\n\n<h3 class=\"wp-block-heading\" id=\"discursiva\">Provas Discursivas<\/h3>\n\n\n\n<p>A prova discursiva valer\u00e1 um total de 100,00 pontos e consistir\u00e1 de:<\/p>\n\n\n\n<p><strong>a)<\/strong> para o Cargo 1: Oficial Bombeiro Militar Combatente: quatro quest\u00f5es dissertativas, relacionadas ao<br \/>conte\u00fado de Legisla\u00e7\u00e3o Institucional, a serem respondidas em at\u00e9 10 linhas cada, no valor de 25,00 pontos cada, totalizando 100,00 pontos;<br \/><strong>b)<\/strong> para o Cargo 2: Oficial Bombeiro Militar Complementar \u2013 Engenheiro Civil: quatro quest\u00f5es dissertativas, relacionadas \u00e0 \u00e1rea de Seguran\u00e7a e Prote\u00e7\u00e3o contra Inc\u00eandio e P\u00e2nico, constante da \u00e1rea de<br \/>conhecimento das Instru\u00e7\u00f5es T\u00e9cnicas do CBM\/RO, a serem respondidas em at\u00e9 10 linhas cada, no valor de 25,00 pontos cada, totalizando 100,00 pontos.<\/p>\n\n\n\n<h3 class=\"wp-block-heading\" id=\"titulos\">Prova de Aptid\u00e3o F\u00edsica<\/h3>\n\n\n\n<p>A prova de aptid\u00e3o f\u00edsica, de car\u00e1ter unicamente eliminat\u00f3rio, ser\u00e1 realizada por candidatos habilitados por atestado m\u00e9dico espec\u00edfico e visa avaliar a capacidade do candidato para suportar, f\u00edsica e<br \/>organicamente, as exig\u00eancias da pr\u00e1tica de atividades f\u00edsicas a que ser\u00e1 submetido durante curso de forma\u00e7\u00e3o e para desempenhar as tarefas t\u00edpicas da categoria funcional.<\/p>\n\n\n\n<p><strong>Exerc\u00edcios cobrados<\/strong><\/p>\n\n\n\n<ul class=\"wp-block-list\"><li>Barra fixa<\/li><li>Abdominal<\/li><li>Corrida &#8211; 12 minutos<\/li><li>Nata\u00e7\u00e3o 50 metros<\/li><\/ul>\n\n\n\n<h3 class=\"wp-block-heading\" id=\"avaliacao-de-titulos\">Avalia\u00e7\u00e3o de T\u00edtulos<\/h3>\n\n\n\n<p>A prova de t\u00edtulos valer\u00e1 10,00 pontos, ainda que a soma dos valores dos t\u00edtulos enviados seja<br \/>superior a esse valor.<\/p>\n\n\n\n<p><strong>Oficial Combatente<\/strong><\/p>\n\n\n\n<figure class=\"wp-block-image aligncenter size-full\"><img loading=\"lazy\" decoding=\"async\" width=\"708\" height=\"465\" src=\"https:\/\/dhg1h5j42swfq.cloudfront.net\/2022\/07\/08194718\/image-128.png\" alt=\"Quadro de T\u00edtulos Oficial Combatente\" class=\"wp-image-1058294\" srcset=\"https:\/\/dhg1h5j42swfq.cloudfront.net\/2022\/07\/08194718\/image-128.png 708w, https:\/\/dhg1h5j42swfq.cloudfront.net\/2022\/07\/08194718\/image-128-300x197.png 300w, https:\/\/dhg1h5j42swfq.cloudfront.net\/2022\/07\/08194718\/image-128-610x401.png 610w, https:\/\/dhg1h5j42swfq.cloudfront.net\/2022\/07\/08194718\/image-128-150x99.png 150w\" sizes=\"auto, (max-width: 708px) 100vw, 708px\" \/><figcaption>Quadro de T\u00edtulos Oficial Combatente<\/figcaption><\/figure>\n\n\n\n<p><strong>Oficial &#8211; Engenheiro Civil<\/strong><\/p>\n\n\n\n<figure class=\"wp-block-image aligncenter size-full\"><img loading=\"lazy\" decoding=\"async\" width=\"704\" height=\"454\" src=\"https:\/\/dhg1h5j42swfq.cloudfront.net\/2022\/07\/08194604\/image-127.png\" alt=\"Quadro de T\u00edtulos Oficial Engenheiro Civil\" class=\"wp-image-1058293\" srcset=\"https:\/\/dhg1h5j42swfq.cloudfront.net\/2022\/07\/08194604\/image-127.png 704w, https:\/\/dhg1h5j42swfq.cloudfront.net\/2022\/07\/08194604\/image-127-300x193.png 300w, https:\/\/dhg1h5j42swfq.cloudfront.net\/2022\/07\/08194604\/image-127-610x393.png 610w, https:\/\/dhg1h5j42swfq.cloudfront.net\/2022\/07\/08194604\/image-127-150x97.png 150w\" sizes=\"auto, (max-width: 704px) 100vw, 704px\" \/><figcaption>Quadro de T\u00edtulos Oficial Engenheiro Civil<\/figcaption><\/figure>\n\n\n\n<hr class=\"wp-block-separator has-css-opacity\"\/>\n\n\n\n<h2 class=\"has-text-align-center wp-block-heading\" id=\"h-quer-saber-tudo-sobre-concursos-previstos-confira-nossos-artigos\">Quer saber tudo sobre concursos previstos?<br \/>Confira  nossos artigos!<\/h2>\n\n\n\n<ul class=\"wp-block-list\"><li><a href=\"https:\/\/www.estrategiaconcursos.com.br\/blog\/concursos-abertos\/\" target=\"_blank\" rel=\"noreferrer noopener\">Concursos abertos<\/a><\/li><li><a href=\"https:\/\/www.estrategiaconcursos.com.br\/blog\/concursos-2022\/\" target=\"_blank\" rel=\"noreferrer noopener\">Concursos 2022<\/a><\/li><li><a href=\"https:\/\/www.estrategiaconcursos.com.br\/blog\/concursos-2023\/\" target=\"_blank\" rel=\"noreferrer noopener\">Concursos 2023<\/a><\/li><\/ul>\n\n\n\n<h2 class=\"has-text-align-center wp-block-heading\" id=\"cursos-assinatura\">Quer estudar para o edital do concurso Bombeiro RO?<\/h2>\n\n\n\n<div class=\"container\" id=\"boxes\">\n  <div class=\"row\">\n\n    <div class=\"col-sm\">\n      <div class=\"banner-policial\" id=\"box-assinatura\">\n        <h3 class=\"titulo-assinatura\">Concurso Bombeiros RO<\/h3>\n        <p class=\"subtitulo-assinatura\">Conhe\u00e7a os cursos<\/p>\n        <div class=\"box-botao\">\n          <a class=\"btn-assinatura\" target=\"_blank\" href=\"https:\/\/www.estrategiaconcursos.com.br\/cursosPorConcurso\/corpo-de-bombeiros-militar-do-estado-de-rondonia-cbm-ro\/\" role=\"button\" rel=\"noopener noreferrer\">Conhe\u00e7a mais<\/a>\n        <\/div>\n      <\/div>\n    \n    <\/div>\n\n  <\/div>\n<\/div>\n\n\n\n<div class=\"container\" id=\"boxes\">\n  <div class=\"row\">\n\n    <div class=\"col-sm\">\n      <div class=\"estrategia\" id=\"box-assinatura\">\n        <h3 class=\"titulo-assinatura\">Assinatura Concursos<\/h3>\n        <p class=\"subtitulo-assinatura\">Assinatura de 1 ano ou 2 anos<\/p>\n        <div class=\"box-botao\">\n          <a class=\"btn-assinatura\" target=\"_blank\" href=\"https:\/\/www.estrategiaconcursos.com.br\/assinaturas\/\" role=\"button\" rel=\"noopener noreferrer\">ASSINE AGORA<\/a>\n        <\/div>\n      <\/div><\/div><\/div><\/div>\n\n\n\n<figure class=\"wp-block-image size-large is-resized\"><img loading=\"lazy\" decoding=\"async\" src=\"https:\/\/dhg1h5j42swfq.cloudfront.net\/2025\/06\/27101122\/ficha-tecnica-1-1024x632.png\" alt=\"Ficha do edital Bombeiro PI\" class=\"wp-image-702728\" width=\"269\" height=\"166\" srcset=\"https:\/\/dhg1h5j42swfq.cloudfront.net\/2025\/06\/27101122\/ficha-tecnica-1-1024x632.png 1024w, https:\/\/dhg1h5j42swfq.cloudfront.net\/2025\/06\/27101122\/ficha-tecnica-1-300x185.png 300w, https:\/\/dhg1h5j42swfq.cloudfront.net\/2025\/06\/27101122\/ficha-tecnica-1-768x474.png 768w, https:\/\/dhg1h5j42swfq.cloudfront.net\/2025\/06\/27101122\/ficha-tecnica-1-1536x948.png 1536w, https:\/\/dhg1h5j42swfq.cloudfront.net\/2025\/06\/27101122\/ficha-tecnica-1-610x377.png 610w, https:\/\/dhg1h5j42swfq.cloudfront.net\/2025\/06\/27101122\/ficha-tecnica-1.png 1571w\" sizes=\"auto, (max-width: 269px) 100vw, 269px\" \/><\/figure>\n\n\n\n<h3 class=\"wp-block-heading\" id=\"ficha\">Informa\u00e7\u00f5es do edital do concurso Bombeiro RO<\/h3>\n\n\n\n<ul class=\"wp-block-list\"><li><strong>Provas<\/strong>: 09\/10<\/li><li><strong>Vagas<\/strong>: 8<\/li><li><strong>Cargo<\/strong>: Oficial<\/li><li><strong>Banca<\/strong>: Cebraspe<\/li><li><strong>Escolaridade<\/strong>: superior<\/li><li><strong>Edital<\/strong>:\u00a0<strong><a href=\"https:\/\/dhg1h5j42swfq.cloudfront.net\/2022\/07\/08195007\/edital-bombeiro-ro-2.pdf\" target=\"_blank\" rel=\"noreferrer noopener nofollow\">Bombeiro RO 2022<\/a><\/strong><\/li><\/ul>\n","protected":false},"excerpt":{"rendered":"<p>Est\u00e3o encerradas as inscri\u00e7\u00f5es para o edital do concurso Bombeiros RO. Os interessados puderam se inscrever no site da banca organizadora, Cebraspe, ao custo de R$ 204,96. S\u00e3o ofertadas 8 vagas, sendo 5 para Oficial Combatente e 3 para Oficial do Quadro Complementar (Engenheiro Civil), ambas de n\u00edvel superior. A aplica\u00e7\u00e3o da prova objetiva ocorrer\u00e1 [&hellip;]<\/p>\n","protected":false},"author":2134,"featured_media":739725,"comment_status":"open","ping_status":"closed","sticky":false,"template":"","format":"standard","meta":{"post_tipo":"news","footnotes":""},"categories":[220186,220219],"tags":[],"tax_estado":[219984],"class_list":["post-985268","post","type-post","status-publish","format-standard","has-post-thumbnail","hentry","category-policial-oficial","category-noticias","tax_estado-ro"],"acf":[],"yoast_head":"<!-- This site is optimized with the Yoast SEO Premium plugin v27.2 (Yoast SEO v27.2) - https:\/\/yoast.com\/product\/yoast-seo-premium-wordpress\/ -->\n<title>Edital Bombeiros RO tem inscri\u00e7\u00f5es encerradas para Oficial!<\/title>\n<meta name=\"description\" content=\"Edital do concurso Bombeiros RO \u00e9 publicado com 8 vagas para o cargo de Oficial, de n\u00edvel superior. Inscri\u00e7\u00f5es encerradas!\" \/>\n<meta name=\"robots\" content=\"index, follow, max-snippet:-1, max-image-preview:large, max-video-preview:-1\" \/>\n<link rel=\"canonical\" href=\"https:\/\/www.estrategiaconcursos.com.br\/blog\/concurso-bombeiros-ro-edital-publicado\/\" \/>\n<meta property=\"og:locale\" content=\"pt_BR\" \/>\n<meta property=\"og:type\" content=\"article\" \/>\n<meta property=\"og:title\" content=\"Edital Bombeiros RO tem inscri\u00e7\u00f5es encerradas para Oficial!\" \/>\n<meta property=\"og:description\" content=\"Edital do concurso Bombeiros RO \u00e9 publicado com 8 vagas para o cargo de Oficial, de n\u00edvel superior. Inscri\u00e7\u00f5es encerradas!\" \/>\n<meta property=\"og:url\" content=\"https:\/\/www.estrategiaconcursos.com.br\/blog\/concurso-bombeiros-ro-edital-publicado\/\" \/>\n<meta property=\"og:site_name\" content=\"Estrat\u00e9gia Concursos\" \/>\n<meta property=\"article:published_time\" content=\"2022-07-19T03:50:00+00:00\" \/>\n<meta property=\"article:modified_time\" content=\"2022-08-11T11:18:31+00:00\" \/>\n<meta property=\"og:image\" content=\"https:\/\/dhg1h5j42swfq.cloudfront.net\/2021\/05\/13135325\/bombeiro-ro.jpg\" \/>\n\t<meta property=\"og:image:width\" content=\"768\" \/>\n\t<meta property=\"og:image:height\" content=\"432\" \/>\n\t<meta property=\"og:image:type\" content=\"image\/jpeg\" \/>\n<meta name=\"author\" content=\"Rafaela Teixeira\" \/>\n<meta name=\"twitter:card\" content=\"summary_large_image\" \/>\n<meta name=\"twitter:creator\" content=\"@EstratConcursos\" \/>\n<meta name=\"twitter:site\" content=\"@EstratConcursos\" \/>\n<meta name=\"twitter:label1\" content=\"Escrito por\" \/>\n\t<meta name=\"twitter:data1\" content=\"Rafaela Teixeira\" \/>\n\t<meta name=\"twitter:label2\" content=\"Est. tempo de leitura\" \/>\n\t<meta name=\"twitter:data2\" content=\"4 minutos\" \/>\n<script type=\"application\/ld+json\" class=\"yoast-schema-graph\">{\"@context\":\"https:\/\/schema.org\",\"@graph\":[{\"@type\":\"NewsArticle\",\"@id\":\"https:\/\/www.estrategiaconcursos.com.br\/blog\/concurso-bombeiros-ro-edital-publicado\/#article\",\"isPartOf\":{\"@id\":\"https:\/\/www.estrategiaconcursos.com.br\/blog\/concurso-bombeiros-ro-edital-publicado\/\"},\"author\":{\"name\":\"Rafaela Teixeira\",\"@id\":\"https:\/\/www.estrategiaconcursos.com.br\/blog\/#\/schema\/person\/e75352021ea7f60781c599934f916eb1\"},\"headline\":\"Edital Bombeiros RO tem inscri\u00e7\u00f5es encerradas para Oficial!\",\"datePublished\":\"2022-07-19T03:50:00+00:00\",\"dateModified\":\"2022-08-11T11:18:31+00:00\",\"mainEntityOfPage\":{\"@id\":\"https:\/\/www.estrategiaconcursos.com.br\/blog\/concurso-bombeiros-ro-edital-publicado\/\"},\"wordCount\":656,\"commentCount\":0,\"publisher\":{\"@id\":\"https:\/\/www.estrategiaconcursos.com.br\/blog\/#organization\"},\"image\":{\"@id\":\"https:\/\/www.estrategiaconcursos.com.br\/blog\/concurso-bombeiros-ro-edital-publicado\/#primaryimage\"},\"thumbnailUrl\":\"https:\/\/dhg1h5j42swfq.cloudfront.net\/2021\/05\/13135325\/bombeiro-ro.jpg\",\"articleSection\":[\"Policial (PM\/BM - Oficial)\",\"\u00daltimas not\u00edcias\"],\"inLanguage\":\"pt-BR\",\"potentialAction\":[{\"@type\":\"CommentAction\",\"name\":\"Comment\",\"target\":[\"https:\/\/www.estrategiaconcursos.com.br\/blog\/concurso-bombeiros-ro-edital-publicado\/#respond\"]}],\"copyrightYear\":\"2022\",\"copyrightHolder\":{\"@id\":\"https:\/\/www.estrategiaconcursos.com.br\/blog\/#organization\"}},{\"@type\":\"WebPage\",\"@id\":\"https:\/\/www.estrategiaconcursos.com.br\/blog\/concurso-bombeiros-ro-edital-publicado\/\",\"url\":\"https:\/\/www.estrategiaconcursos.com.br\/blog\/concurso-bombeiros-ro-edital-publicado\/\",\"name\":\"Edital Bombeiros RO tem inscri\u00e7\u00f5es encerradas para Oficial!\",\"isPartOf\":{\"@id\":\"https:\/\/www.estrategiaconcursos.com.br\/blog\/#website\"},\"primaryImageOfPage\":{\"@id\":\"https:\/\/www.estrategiaconcursos.com.br\/blog\/concurso-bombeiros-ro-edital-publicado\/#primaryimage\"},\"image\":{\"@id\":\"https:\/\/www.estrategiaconcursos.com.br\/blog\/concurso-bombeiros-ro-edital-publicado\/#primaryimage\"},\"thumbnailUrl\":\"https:\/\/dhg1h5j42swfq.cloudfront.net\/2021\/05\/13135325\/bombeiro-ro.jpg\",\"datePublished\":\"2022-07-19T03:50:00+00:00\",\"dateModified\":\"2022-08-11T11:18:31+00:00\",\"description\":\"Edital do concurso Bombeiros RO \u00e9 publicado com 8 vagas para o cargo de Oficial, de n\u00edvel superior. Inscri\u00e7\u00f5es encerradas!\",\"breadcrumb\":{\"@id\":\"https:\/\/www.estrategiaconcursos.com.br\/blog\/concurso-bombeiros-ro-edital-publicado\/#breadcrumb\"},\"inLanguage\":\"pt-BR\",\"potentialAction\":[{\"@type\":\"ReadAction\",\"target\":[\"https:\/\/www.estrategiaconcursos.com.br\/blog\/concurso-bombeiros-ro-edital-publicado\/\"]}]},{\"@type\":\"ImageObject\",\"inLanguage\":\"pt-BR\",\"@id\":\"https:\/\/www.estrategiaconcursos.com.br\/blog\/concurso-bombeiros-ro-edital-publicado\/#primaryimage\",\"url\":\"https:\/\/dhg1h5j42swfq.cloudfront.net\/2021\/05\/13135325\/bombeiro-ro.jpg\",\"contentUrl\":\"https:\/\/dhg1h5j42swfq.cloudfront.net\/2021\/05\/13135325\/bombeiro-ro.jpg\",\"width\":768,\"height\":432,\"caption\":\"BOMBEIROS RO\"},{\"@type\":\"BreadcrumbList\",\"@id\":\"https:\/\/www.estrategiaconcursos.com.br\/blog\/concurso-bombeiros-ro-edital-publicado\/#breadcrumb\",\"itemListElement\":[{\"@type\":\"ListItem\",\"position\":1,\"name\":\"In\u00edcio\",\"item\":\"https:\/\/www.estrategiaconcursos.com.br\/blog\/\"},{\"@type\":\"ListItem\",\"position\":2,\"name\":\"Edital Bombeiros RO tem inscri\u00e7\u00f5es encerradas para Oficial!\"}]},{\"@type\":\"WebSite\",\"@id\":\"https:\/\/www.estrategiaconcursos.com.br\/blog\/#website\",\"url\":\"https:\/\/www.estrategiaconcursos.com.br\/blog\/\",\"name\":\"Estrat\u00e9gia Concursos\",\"description\":\"O blog da Estrat\u00e9gia Concursos traz not\u00edcias sobre concursos e artigos de professores oferecendo cursos para concursos (pdf + videaulas) no site.\",\"publisher\":{\"@id\":\"https:\/\/www.estrategiaconcursos.com.br\/blog\/#organization\"},\"potentialAction\":[{\"@type\":\"SearchAction\",\"target\":{\"@type\":\"EntryPoint\",\"urlTemplate\":\"https:\/\/www.estrategiaconcursos.com.br\/blog\/?s={search_term_string}\"},\"query-input\":{\"@type\":\"PropertyValueSpecification\",\"valueRequired\":true,\"valueName\":\"search_term_string\"}}],\"inLanguage\":\"pt-BR\"},{\"@type\":\"Organization\",\"@id\":\"https:\/\/www.estrategiaconcursos.com.br\/blog\/#organization\",\"name\":\"Estrat\u00e9gia Concursos\",\"url\":\"https:\/\/www.estrategiaconcursos.com.br\/blog\/\",\"logo\":{\"@type\":\"ImageObject\",\"inLanguage\":\"pt-BR\",\"@id\":\"https:\/\/www.estrategiaconcursos.com.br\/blog\/#\/schema\/logo\/image\/\",\"url\":\"https:\/\/dhg1h5j42swfq.cloudfront.net\/2025\/06\/03203428\/logo_concursos-1.jpg\",\"contentUrl\":\"https:\/\/dhg1h5j42swfq.cloudfront.net\/2025\/06\/03203428\/logo_concursos-1.jpg\",\"width\":230,\"height\":60,\"caption\":\"Estrat\u00e9gia Concursos\"},\"image\":{\"@id\":\"https:\/\/www.estrategiaconcursos.com.br\/blog\/#\/schema\/logo\/image\/\"},\"sameAs\":[\"https:\/\/x.com\/EstratConcursos\"]},{\"@type\":\"Person\",\"@id\":\"https:\/\/www.estrategiaconcursos.com.br\/blog\/#\/schema\/person\/e75352021ea7f60781c599934f916eb1\",\"name\":\"Rafaela Teixeira\",\"image\":{\"@type\":\"ImageObject\",\"inLanguage\":\"pt-BR\",\"@id\":\"https:\/\/secure.gravatar.com\/avatar\/8a349a2b22039b1ee88fc06461487c950fd6aa411ea8af8633314b43334ae793?s=96&d=mm&r=g\",\"url\":\"https:\/\/secure.gravatar.com\/avatar\/8a349a2b22039b1ee88fc06461487c950fd6aa411ea8af8633314b43334ae793?s=96&d=mm&r=g\",\"contentUrl\":\"https:\/\/secure.gravatar.com\/avatar\/8a349a2b22039b1ee88fc06461487c950fd6aa411ea8af8633314b43334ae793?s=96&d=mm&r=g\",\"caption\":\"Rafaela Teixeira\"},\"description\":\"Rafaela Teixeira \u00e9 advogada conveniada \u00e0 Defensoria P\u00fablica de S\u00e3o Paulo pela OAB, com experi\u00eancia em reda\u00e7\u00e3o jur\u00eddica e atua\u00e7\u00e3o em institui\u00e7\u00f5es p\u00fablicas, incluindo est\u00e1gio no TRE-SP. Possui mais de 7 anos de experi\u00eancia na produ\u00e7\u00e3o de conte\u00fados voltados ao nicho de concursos p\u00fablicos, com foco em apura\u00e7\u00e3o jornal\u00edstica cont\u00ednua, an\u00e1lise de editais e obten\u00e7\u00e3o de informa\u00e7\u00f5es diretamente junto a \u00f3rg\u00e3os e fontes oficiais. No Blog do Estrat\u00e9gia Concursos, atua como Analista de Conte\u00fado S\u00eanior, respons\u00e1vel pelo jornalismo do per\u00edodo noturno e da madrugada, com atua\u00e7\u00e3o transversal na cobertura de concursos p\u00fablicos, garantindo a continuidade, fluidez e confiabilidade das publica\u00e7\u00f5es e dos bastidores dos certames.\",\"url\":\"https:\/\/www.estrategiaconcursos.com.br\/blog\/author\/rafaela-teixeira\/\"}]}<\/script>\n<!-- \/ Yoast SEO Premium plugin. -->","yoast_head_json":{"title":"Edital Bombeiros RO tem inscri\u00e7\u00f5es encerradas para Oficial!","description":"Edital do concurso Bombeiros RO \u00e9 publicado com 8 vagas para o cargo de Oficial, de n\u00edvel superior. Inscri\u00e7\u00f5es encerradas!","robots":{"index":"index","follow":"follow","max-snippet":"max-snippet:-1","max-image-preview":"max-image-preview:large","max-video-preview":"max-video-preview:-1"},"canonical":"https:\/\/www.estrategiaconcursos.com.br\/blog\/concurso-bombeiros-ro-edital-publicado\/","og_locale":"pt_BR","og_type":"article","og_title":"Edital Bombeiros RO tem inscri\u00e7\u00f5es encerradas para Oficial!","og_description":"Edital do concurso Bombeiros RO \u00e9 publicado com 8 vagas para o cargo de Oficial, de n\u00edvel superior. Inscri\u00e7\u00f5es encerradas!","og_url":"https:\/\/www.estrategiaconcursos.com.br\/blog\/concurso-bombeiros-ro-edital-publicado\/","og_site_name":"Estrat\u00e9gia Concursos","article_published_time":"2022-07-19T03:50:00+00:00","article_modified_time":"2022-08-11T11:18:31+00:00","og_image":[{"width":768,"height":432,"url":"https:\/\/dhg1h5j42swfq.cloudfront.net\/2021\/05\/13135325\/bombeiro-ro.jpg","type":"image\/jpeg"}],"author":"Rafaela Teixeira","twitter_card":"summary_large_image","twitter_creator":"@EstratConcursos","twitter_site":"@EstratConcursos","twitter_misc":{"Escrito por":"Rafaela Teixeira","Est. tempo de leitura":"4 minutos"},"schema":{"@context":"https:\/\/schema.org","@graph":[{"@type":"NewsArticle","@id":"https:\/\/www.estrategiaconcursos.com.br\/blog\/concurso-bombeiros-ro-edital-publicado\/#article","isPartOf":{"@id":"https:\/\/www.estrategiaconcursos.com.br\/blog\/concurso-bombeiros-ro-edital-publicado\/"},"author":{"name":"Rafaela Teixeira","@id":"https:\/\/www.estrategiaconcursos.com.br\/blog\/#\/schema\/person\/e75352021ea7f60781c599934f916eb1"},"headline":"Edital Bombeiros RO tem inscri\u00e7\u00f5es encerradas para Oficial!","datePublished":"2022-07-19T03:50:00+00:00","dateModified":"2022-08-11T11:18:31+00:00","mainEntityOfPage":{"@id":"https:\/\/www.estrategiaconcursos.com.br\/blog\/concurso-bombeiros-ro-edital-publicado\/"},"wordCount":656,"commentCount":0,"publisher":{"@id":"https:\/\/www.estrategiaconcursos.com.br\/blog\/#organization"},"image":{"@id":"https:\/\/www.estrategiaconcursos.com.br\/blog\/concurso-bombeiros-ro-edital-publicado\/#primaryimage"},"thumbnailUrl":"https:\/\/dhg1h5j42swfq.cloudfront.net\/2021\/05\/13135325\/bombeiro-ro.jpg","articleSection":["Policial (PM\/BM - Oficial)","\u00daltimas not\u00edcias"],"inLanguage":"pt-BR","potentialAction":[{"@type":"CommentAction","name":"Comment","target":["https:\/\/www.estrategiaconcursos.com.br\/blog\/concurso-bombeiros-ro-edital-publicado\/#respond"]}],"copyrightYear":"2022","copyrightHolder":{"@id":"https:\/\/www.estrategiaconcursos.com.br\/blog\/#organization"}},{"@type":"WebPage","@id":"https:\/\/www.estrategiaconcursos.com.br\/blog\/concurso-bombeiros-ro-edital-publicado\/","url":"https:\/\/www.estrategiaconcursos.com.br\/blog\/concurso-bombeiros-ro-edital-publicado\/","name":"Edital Bombeiros RO tem inscri\u00e7\u00f5es encerradas para Oficial!","isPartOf":{"@id":"https:\/\/www.estrategiaconcursos.com.br\/blog\/#website"},"primaryImageOfPage":{"@id":"https:\/\/www.estrategiaconcursos.com.br\/blog\/concurso-bombeiros-ro-edital-publicado\/#primaryimage"},"image":{"@id":"https:\/\/www.estrategiaconcursos.com.br\/blog\/concurso-bombeiros-ro-edital-publicado\/#primaryimage"},"thumbnailUrl":"https:\/\/dhg1h5j42swfq.cloudfront.net\/2021\/05\/13135325\/bombeiro-ro.jpg","datePublished":"2022-07-19T03:50:00+00:00","dateModified":"2022-08-11T11:18:31+00:00","description":"Edital do concurso Bombeiros RO \u00e9 publicado com 8 vagas para o cargo de Oficial, de n\u00edvel superior. Inscri\u00e7\u00f5es encerradas!","breadcrumb":{"@id":"https:\/\/www.estrategiaconcursos.com.br\/blog\/concurso-bombeiros-ro-edital-publicado\/#breadcrumb"},"inLanguage":"pt-BR","potentialAction":[{"@type":"ReadAction","target":["https:\/\/www.estrategiaconcursos.com.br\/blog\/concurso-bombeiros-ro-edital-publicado\/"]}]},{"@type":"ImageObject","inLanguage":"pt-BR","@id":"https:\/\/www.estrategiaconcursos.com.br\/blog\/concurso-bombeiros-ro-edital-publicado\/#primaryimage","url":"https:\/\/dhg1h5j42swfq.cloudfront.net\/2021\/05\/13135325\/bombeiro-ro.jpg","contentUrl":"https:\/\/dhg1h5j42swfq.cloudfront.net\/2021\/05\/13135325\/bombeiro-ro.jpg","width":768,"height":432,"caption":"BOMBEIROS RO"},{"@type":"BreadcrumbList","@id":"https:\/\/www.estrategiaconcursos.com.br\/blog\/concurso-bombeiros-ro-edital-publicado\/#breadcrumb","itemListElement":[{"@type":"ListItem","position":1,"name":"In\u00edcio","item":"https:\/\/www.estrategiaconcursos.com.br\/blog\/"},{"@type":"ListItem","position":2,"name":"Edital Bombeiros RO tem inscri\u00e7\u00f5es encerradas para Oficial!"}]},{"@type":"WebSite","@id":"https:\/\/www.estrategiaconcursos.com.br\/blog\/#website","url":"https:\/\/www.estrategiaconcursos.com.br\/blog\/","name":"Estrat\u00e9gia Concursos","description":"O blog da Estrat\u00e9gia Concursos traz not\u00edcias sobre concursos e artigos de professores oferecendo cursos para concursos (pdf + videaulas) no site.","publisher":{"@id":"https:\/\/www.estrategiaconcursos.com.br\/blog\/#organization"},"potentialAction":[{"@type":"SearchAction","target":{"@type":"EntryPoint","urlTemplate":"https:\/\/www.estrategiaconcursos.com.br\/blog\/?s={search_term_string}"},"query-input":{"@type":"PropertyValueSpecification","valueRequired":true,"valueName":"search_term_string"}}],"inLanguage":"pt-BR"},{"@type":"Organization","@id":"https:\/\/www.estrategiaconcursos.com.br\/blog\/#organization","name":"Estrat\u00e9gia Concursos","url":"https:\/\/www.estrategiaconcursos.com.br\/blog\/","logo":{"@type":"ImageObject","inLanguage":"pt-BR","@id":"https:\/\/www.estrategiaconcursos.com.br\/blog\/#\/schema\/logo\/image\/","url":"https:\/\/dhg1h5j42swfq.cloudfront.net\/2025\/06\/03203428\/logo_concursos-1.jpg","contentUrl":"https:\/\/dhg1h5j42swfq.cloudfront.net\/2025\/06\/03203428\/logo_concursos-1.jpg","width":230,"height":60,"caption":"Estrat\u00e9gia Concursos"},"image":{"@id":"https:\/\/www.estrategiaconcursos.com.br\/blog\/#\/schema\/logo\/image\/"},"sameAs":["https:\/\/x.com\/EstratConcursos"]},{"@type":"Person","@id":"https:\/\/www.estrategiaconcursos.com.br\/blog\/#\/schema\/person\/e75352021ea7f60781c599934f916eb1","name":"Rafaela Teixeira","image":{"@type":"ImageObject","inLanguage":"pt-BR","@id":"https:\/\/secure.gravatar.com\/avatar\/8a349a2b22039b1ee88fc06461487c950fd6aa411ea8af8633314b43334ae793?s=96&d=mm&r=g","url":"https:\/\/secure.gravatar.com\/avatar\/8a349a2b22039b1ee88fc06461487c950fd6aa411ea8af8633314b43334ae793?s=96&d=mm&r=g","contentUrl":"https:\/\/secure.gravatar.com\/avatar\/8a349a2b22039b1ee88fc06461487c950fd6aa411ea8af8633314b43334ae793?s=96&d=mm&r=g","caption":"Rafaela Teixeira"},"description":"Rafaela Teixeira \u00e9 advogada conveniada \u00e0 Defensoria P\u00fablica de S\u00e3o Paulo pela OAB, com experi\u00eancia em reda\u00e7\u00e3o jur\u00eddica e atua\u00e7\u00e3o em institui\u00e7\u00f5es p\u00fablicas, incluindo est\u00e1gio no TRE-SP. Possui mais de 7 anos de experi\u00eancia na produ\u00e7\u00e3o de conte\u00fados voltados ao nicho de concursos p\u00fablicos, com foco em apura\u00e7\u00e3o jornal\u00edstica cont\u00ednua, an\u00e1lise de editais e obten\u00e7\u00e3o de informa\u00e7\u00f5es diretamente junto a \u00f3rg\u00e3os e fontes oficiais. No Blog do Estrat\u00e9gia Concursos, atua como Analista de Conte\u00fado S\u00eanior, respons\u00e1vel pelo jornalismo do per\u00edodo noturno e da madrugada, com atua\u00e7\u00e3o transversal na cobertura de concursos p\u00fablicos, garantindo a continuidade, fluidez e confiabilidade das publica\u00e7\u00f5es e dos bastidores dos certames.","url":"https:\/\/www.estrategiaconcursos.com.br\/blog\/author\/rafaela-teixeira\/"}]}},"_links":{"self":[{"href":"https:\/\/www.estrategiaconcursos.com.br\/blog\/wp-json\/wp\/v2\/posts\/985268","targetHints":{"allow":["GET"]}}],"collection":[{"href":"https:\/\/www.estrategiaconcursos.com.br\/blog\/wp-json\/wp\/v2\/posts"}],"about":[{"href":"https:\/\/www.estrategiaconcursos.com.br\/blog\/wp-json\/wp\/v2\/types\/post"}],"author":[{"embeddable":true,"href":"https:\/\/www.estrategiaconcursos.com.br\/blog\/wp-json\/wp\/v2\/users\/2134"}],"replies":[{"embeddable":true,"href":"https:\/\/www.estrategiaconcursos.com.br\/blog\/wp-json\/wp\/v2\/comments?post=985268"}],"version-history":[{"count":17,"href":"https:\/\/www.estrategiaconcursos.com.br\/blog\/wp-json\/wp\/v2\/posts\/985268\/revisions"}],"predecessor-version":[{"id":1075847,"href":"https:\/\/www.estrategiaconcursos.com.br\/blog\/wp-json\/wp\/v2\/posts\/985268\/revisions\/1075847"}],"wp:featuredmedia":[{"embeddable":true,"href":"https:\/\/www.estrategiaconcursos.com.br\/blog\/wp-json\/wp\/v2\/media\/739725"}],"wp:attachment":[{"href":"https:\/\/www.estrategiaconcursos.com.br\/blog\/wp-json\/wp\/v2\/media?parent=985268"}],"wp:term":[{"taxonomy":"category","embeddable":true,"href":"https:\/\/www.estrategiaconcursos.com.br\/blog\/wp-json\/wp\/v2\/categories?post=985268"},{"taxonomy":"post_tag","embeddable":true,"href":"https:\/\/www.estrategiaconcursos.com.br\/blog\/wp-json\/wp\/v2\/tags?post=985268"},{"taxonomy":"tax_estado","embeddable":true,"href":"https:\/\/www.estrategiaconcursos.com.br\/blog\/wp-json\/wp\/v2\/tax_estado?post=985268"}],"curies":[{"name":"wp","href":"https:\/\/api.w.org\/{rel}","templated":true}]}}