{"id":984627,"date":"2022-03-10T17:06:20","date_gmt":"2022-03-10T20:06:20","guid":{"rendered":"https:\/\/www.estrategiaconcursos.com.br\/blog\/?p=984627"},"modified":"2022-03-10T17:10:09","modified_gmt":"2022-03-10T20:10:09","slug":"webinario-concurso-ifmt-analise-de-edital","status":"publish","type":"post","link":"https:\/\/www.estrategiaconcursos.com.br\/blog\/webinario-concurso-ifmt-analise-de-edital\/","title":{"rendered":"Webin\u00e1rio: concurso IFMT: an\u00e1lise de edital"},"content":{"rendered":"\n<p>O edital do\u00a0<strong><\/strong><strong>concurso IFMT\u00a0<\/strong>(<a href=\"https:\/\/www.estrategiaconcursos.com.br\/cursosPorConcurso\/instituto-federal-de-educacao-ciencia-e-tecnologia-de-mato-grosso-ifmt\/\" target=\"_blank\" rel=\"noreferrer noopener\">Instituto Federal de Educa\u00e7\u00e3o, Ci\u00eancia e Tecnologia de Mato Grosso<\/a>) foi publicado com a oferta de 15 vagas de carreiras dos n\u00edveis m\u00e9dio, t\u00e9cnico e superior para cargos t\u00e9cnico-administrativos.\u00a0<\/p>\n\n\n\n<p>S\u00e3o ofertadas\u00a0<strong>15 vagas\u00a0<\/strong>para carreiras dos n\u00edveis m\u00e9dio, t\u00e9cnico e superior para cargos t\u00e9cnico-administrativos. As remunera\u00e7\u00f5es variam de\u00a0<strong>R$ 2.446,96 a R$ 4.180,66<\/strong>\u00a0mais benef\u00edcios.<\/p>\n\n\n\n<p>Diante disso, o professor Leandro Thomazini preparou um evento com an\u00e1lises do edital para voc\u00ea se preparar para os estudos. A transmiss\u00e3o do webin\u00e1rio acontece\u00a0<strong>nesta quinta-feira, 10 de mar\u00e7o, a partir das 21h<\/strong>, em nosso canal do Youtube. N\u00e3o perca!<\/p>\n\n\n<figure class=\"wp-block-embed-youtube wp-block-embed is-type-video is-provider-youtube wp-embed-aspect-16-9 wp-has-aspect-ratio\"><div class=\"lyte-wrapper\" style=\"width:853px;max-width:100%;margin:5px;\"><div class=\"lyMe\" id=\"WYL_jjsWxD0eUKU\"><div id=\"lyte_jjsWxD0eUKU\" data-src=\"\/\/i.ytimg.com\/vi\/jjsWxD0eUKU\/hqdefault.jpg\" class=\"pL\"><div class=\"tC\"><div class=\"tT\"><\/div><\/div><div class=\"play\"><\/div><div class=\"ctrl\"><div class=\"Lctrl\"><\/div><div class=\"Rctrl\"><\/div><\/div><\/div><noscript><a href=\"https:\/\/youtu.be\/jjsWxD0eUKU\" rel=\"nofollow\"><img loading=\"lazy\" decoding=\"async\" src=\"https:\/\/i.ytimg.com\/vi\/jjsWxD0eUKU\/0.jpg\" alt=\"YouTube video thumbnail\" width=\"853\" height=\"460\" \/><br \/>Assista a este v\u00eddeo no YouTube<\/a><\/noscript><\/div><\/div><div class=\"lL\" style=\"max-width:100%;width:853px;margin:5px;\"><\/div><figcaption><\/figcaption><\/figure>\n\n\n<p class=\"has-text-align-center has-pale-cyan-blue-background-color has-background\"><strong><a href=\"https:\/\/www.estrategiaconcursos.com.br\/blog\/concurso-ifmt\/\" target=\"_blank\" rel=\"noreferrer noopener\">Saiba mais: concurso IFMT<\/a><\/strong><\/p>\n\n\n\n<h2 class=\"has-text-align-center wp-block-heading\" id=\"h-quer-saber-tudo-sobre-concursos-previstos-confira-nossos-artigos\">Quer saber tudo sobre concursos previstos?<br \/>Confira nossos artigos!<\/h2>\n\n\n\n<ul class=\"wp-block-list\"><li><a href=\"https:\/\/www.estrategiaconcursos.com.br\/blog\/concursos-abertos\/\" target=\"_blank\" rel=\"noreferrer noopener\">Concursos abertos<\/a><\/li><li><a href=\"https:\/\/www.estrategiaconcursos.com.br\/blog\/concursos-2022\/\" target=\"_blank\" rel=\"noreferrer noopener\">Concursos 2022<\/a><\/li><\/ul>\n\n\n\n<h2 class=\"has-text-align-center wp-block-heading\" id=\"CURSO\">Quer estudar para o concurso IFMT?<\/h2>\n\n\n\n<div class=\"col-sm\">\n      <div class=\"banner-estrategia\" id=\"box-assinatura\">\n        <h3 class=\"titulo-assinatura\">Cursos para IFMT<\/h3>\n        <p class=\"subtitulo-assinatura\">Conhe\u00e7a os cursos<\/p>\n        <div class=\"box-botao\">\n          <a class=\"btn-assinatura\" target=\"_blank\" href=\"https:\/\/www.estrategiaconcursos.com.br\/cursosPorConcurso\/instituto-federal-de-educacao-ciencia-e-tecnologia-de-mato-grosso-ifmt\/\" role=\"button\" rel=\"noopener noreferrer\">Conhe\u00e7a mais<\/a>\n        <\/div>\n      <\/div>\n     \n    <\/div>\n\n\n\n<div class=\"container\" id=\"boxes\">\n  <div class=\"row\">\n\n    <div class=\"col-sm\">\n      <div class=\"estrategia\" id=\"box-assinatura\">\n        <h3 class=\"titulo-assinatura\">Assinatura de Concursos<\/h3>\n        <p class=\"subtitulo-assinatura\">Assinatura de 1 ano ou 2 anos<\/p>\n        <div class=\"box-botao\">\n          <a class=\"btn-assinatura\" target=\"_blank\" href=\"https:\/\/www.estrategiaconcursos.com.br\/assinaturas\/\" role=\"button\" rel=\"noopener noreferrer\">ASSINE AGORA<\/a>\n        <\/div>\n      <\/div>\n     \n    <\/div><\/div><\/div>\n","protected":false},"excerpt":{"rendered":"<p>O edital do\u00a0concurso IFMT\u00a0(Instituto Federal de Educa\u00e7\u00e3o, Ci\u00eancia e Tecnologia de Mato Grosso) foi publicado com a oferta de 15 vagas de carreiras dos n\u00edveis m\u00e9dio, t\u00e9cnico e superior para cargos t\u00e9cnico-administrativos.\u00a0 S\u00e3o ofertadas\u00a015 vagas\u00a0para carreiras dos n\u00edveis m\u00e9dio, t\u00e9cnico e superior para cargos t\u00e9cnico-administrativos. As remunera\u00e7\u00f5es variam de\u00a0R$ 2.446,96 a R$ 4.180,66\u00a0mais benef\u00edcios. Diante [&hellip;]<\/p>\n","protected":false},"author":2374,"featured_media":984779,"comment_status":"open","ping_status":"closed","sticky":false,"template":"","format":"standard","meta":{"post_tipo":"news","footnotes":""},"categories":[3766],"tags":[],"tax_estado":[219976],"class_list":["post-984627","post","type-post","status-publish","format-standard","has-post-thumbnail","hentry","category-educacional","tax_estado-mt"],"acf":[],"yoast_head":"<!-- This site is optimized with the Yoast SEO Premium plugin v27.2 (Yoast SEO v27.2) - https:\/\/yoast.com\/product\/yoast-seo-premium-wordpress\/ -->\n<title>Webin\u00e1rio: concurso IFMT: an\u00e1lise de edital<\/title>\n<meta name=\"description\" content=\"O edital do\u00a0concurso IFMT foi publicado com a oferta de 15 vagas de carreiras dos n\u00edveis m\u00e9dio, t\u00e9cnico e superior\" \/>\n<meta name=\"robots\" content=\"index, follow, max-snippet:-1, max-image-preview:large, max-video-preview:-1\" \/>\n<link rel=\"canonical\" href=\"https:\/\/www.estrategiaconcursos.com.br\/blog\/webinario-concurso-ifmt-analise-de-edital\/\" \/>\n<meta property=\"og:locale\" content=\"pt_BR\" \/>\n<meta property=\"og:type\" content=\"article\" \/>\n<meta property=\"og:title\" content=\"Webin\u00e1rio: concurso IFMT: an\u00e1lise de edital\" \/>\n<meta property=\"og:description\" content=\"O edital do\u00a0concurso IFMT foi publicado com a oferta de 15 vagas de carreiras dos n\u00edveis m\u00e9dio, t\u00e9cnico e superior\" \/>\n<meta property=\"og:url\" content=\"https:\/\/www.estrategiaconcursos.com.br\/blog\/webinario-concurso-ifmt-analise-de-edital\/\" \/>\n<meta property=\"og:site_name\" content=\"Estrat\u00e9gia Concursos\" \/>\n<meta property=\"article:published_time\" content=\"2022-03-10T20:06:20+00:00\" \/>\n<meta property=\"article:modified_time\" content=\"2022-03-10T20:10:09+00:00\" \/>\n<meta property=\"og:image\" content=\"https:\/\/dhg1h5j42swfq.cloudfront.net\/2022\/03\/10170541\/ifmt.jpg\" \/>\n\t<meta property=\"og:image:width\" content=\"856\" \/>\n\t<meta property=\"og:image:height\" content=\"406\" \/>\n\t<meta property=\"og:image:type\" content=\"image\/jpeg\" \/>\n<meta name=\"author\" content=\"Guilherme Abarno\" \/>\n<meta name=\"twitter:card\" content=\"summary_large_image\" \/>\n<meta name=\"twitter:creator\" content=\"@EstratConcursos\" \/>\n<meta name=\"twitter:site\" content=\"@EstratConcursos\" \/>\n<meta name=\"twitter:label1\" content=\"Escrito por\" \/>\n\t<meta name=\"twitter:data1\" content=\"Guilherme Abarno\" \/>\n\t<meta name=\"twitter:label2\" content=\"Est. tempo de leitura\" \/>\n\t<meta name=\"twitter:data2\" content=\"1 minuto\" \/>\n<script type=\"application\/ld+json\" class=\"yoast-schema-graph\">{\"@context\":\"https:\/\/schema.org\",\"@graph\":[{\"@type\":\"NewsArticle\",\"@id\":\"https:\/\/www.estrategiaconcursos.com.br\/blog\/webinario-concurso-ifmt-analise-de-edital\/#article\",\"isPartOf\":{\"@id\":\"https:\/\/www.estrategiaconcursos.com.br\/blog\/webinario-concurso-ifmt-analise-de-edital\/\"},\"author\":{\"name\":\"Guilherme Abarno\",\"@id\":\"https:\/\/www.estrategiaconcursos.com.br\/blog\/#\/schema\/person\/79c1a7623a9ced8b38fc7591e63a0322\"},\"headline\":\"Webin\u00e1rio: concurso IFMT: an\u00e1lise de edital\",\"datePublished\":\"2022-03-10T20:06:20+00:00\",\"dateModified\":\"2022-03-10T20:10:09+00:00\",\"mainEntityOfPage\":{\"@id\":\"https:\/\/www.estrategiaconcursos.com.br\/blog\/webinario-concurso-ifmt-analise-de-edital\/\"},\"wordCount\":172,\"commentCount\":0,\"publisher\":{\"@id\":\"https:\/\/www.estrategiaconcursos.com.br\/blog\/#organization\"},\"image\":{\"@id\":\"https:\/\/www.estrategiaconcursos.com.br\/blog\/webinario-concurso-ifmt-analise-de-edital\/#primaryimage\"},\"thumbnailUrl\":\"https:\/\/dhg1h5j42swfq.cloudfront.net\/2022\/03\/10170541\/ifmt.jpg\",\"articleSection\":[\"Educa\u00e7\u00e3o\"],\"inLanguage\":\"pt-BR\",\"potentialAction\":[{\"@type\":\"CommentAction\",\"name\":\"Comment\",\"target\":[\"https:\/\/www.estrategiaconcursos.com.br\/blog\/webinario-concurso-ifmt-analise-de-edital\/#respond\"]}],\"copyrightYear\":\"2022\",\"copyrightHolder\":{\"@id\":\"https:\/\/www.estrategiaconcursos.com.br\/blog\/#organization\"}},{\"@type\":\"WebPage\",\"@id\":\"https:\/\/www.estrategiaconcursos.com.br\/blog\/webinario-concurso-ifmt-analise-de-edital\/\",\"url\":\"https:\/\/www.estrategiaconcursos.com.br\/blog\/webinario-concurso-ifmt-analise-de-edital\/\",\"name\":\"Webin\u00e1rio: concurso IFMT: an\u00e1lise de edital\",\"isPartOf\":{\"@id\":\"https:\/\/www.estrategiaconcursos.com.br\/blog\/#website\"},\"primaryImageOfPage\":{\"@id\":\"https:\/\/www.estrategiaconcursos.com.br\/blog\/webinario-concurso-ifmt-analise-de-edital\/#primaryimage\"},\"image\":{\"@id\":\"https:\/\/www.estrategiaconcursos.com.br\/blog\/webinario-concurso-ifmt-analise-de-edital\/#primaryimage\"},\"thumbnailUrl\":\"https:\/\/dhg1h5j42swfq.cloudfront.net\/2022\/03\/10170541\/ifmt.jpg\",\"datePublished\":\"2022-03-10T20:06:20+00:00\",\"dateModified\":\"2022-03-10T20:10:09+00:00\",\"description\":\"O edital do\u00a0concurso IFMT foi publicado com a oferta de 15 vagas de carreiras dos n\u00edveis m\u00e9dio, t\u00e9cnico e superior\",\"breadcrumb\":{\"@id\":\"https:\/\/www.estrategiaconcursos.com.br\/blog\/webinario-concurso-ifmt-analise-de-edital\/#breadcrumb\"},\"inLanguage\":\"pt-BR\",\"potentialAction\":[{\"@type\":\"ReadAction\",\"target\":[\"https:\/\/www.estrategiaconcursos.com.br\/blog\/webinario-concurso-ifmt-analise-de-edital\/\"]}]},{\"@type\":\"ImageObject\",\"inLanguage\":\"pt-BR\",\"@id\":\"https:\/\/www.estrategiaconcursos.com.br\/blog\/webinario-concurso-ifmt-analise-de-edital\/#primaryimage\",\"url\":\"https:\/\/dhg1h5j42swfq.cloudfront.net\/2022\/03\/10170541\/ifmt.jpg\",\"contentUrl\":\"https:\/\/dhg1h5j42swfq.cloudfront.net\/2022\/03\/10170541\/ifmt.jpg\",\"width\":856,\"height\":406},{\"@type\":\"BreadcrumbList\",\"@id\":\"https:\/\/www.estrategiaconcursos.com.br\/blog\/webinario-concurso-ifmt-analise-de-edital\/#breadcrumb\",\"itemListElement\":[{\"@type\":\"ListItem\",\"position\":1,\"name\":\"In\u00edcio\",\"item\":\"https:\/\/www.estrategiaconcursos.com.br\/blog\/\"},{\"@type\":\"ListItem\",\"position\":2,\"name\":\"Webin\u00e1rio: concurso IFMT: an\u00e1lise de edital\"}]},{\"@type\":\"WebSite\",\"@id\":\"https:\/\/www.estrategiaconcursos.com.br\/blog\/#website\",\"url\":\"https:\/\/www.estrategiaconcursos.com.br\/blog\/\",\"name\":\"Estrat\u00e9gia Concursos\",\"description\":\"O blog da Estrat\u00e9gia Concursos traz not\u00edcias sobre concursos e artigos de professores oferecendo cursos para concursos (pdf + videaulas) no site.\",\"publisher\":{\"@id\":\"https:\/\/www.estrategiaconcursos.com.br\/blog\/#organization\"},\"potentialAction\":[{\"@type\":\"SearchAction\",\"target\":{\"@type\":\"EntryPoint\",\"urlTemplate\":\"https:\/\/www.estrategiaconcursos.com.br\/blog\/?s={search_term_string}\"},\"query-input\":{\"@type\":\"PropertyValueSpecification\",\"valueRequired\":true,\"valueName\":\"search_term_string\"}}],\"inLanguage\":\"pt-BR\"},{\"@type\":\"Organization\",\"@id\":\"https:\/\/www.estrategiaconcursos.com.br\/blog\/#organization\",\"name\":\"Estrat\u00e9gia Concursos\",\"url\":\"https:\/\/www.estrategiaconcursos.com.br\/blog\/\",\"logo\":{\"@type\":\"ImageObject\",\"inLanguage\":\"pt-BR\",\"@id\":\"https:\/\/www.estrategiaconcursos.com.br\/blog\/#\/schema\/logo\/image\/\",\"url\":\"https:\/\/dhg1h5j42swfq.cloudfront.net\/2025\/06\/03203428\/logo_concursos-1.jpg\",\"contentUrl\":\"https:\/\/dhg1h5j42swfq.cloudfront.net\/2025\/06\/03203428\/logo_concursos-1.jpg\",\"width\":230,\"height\":60,\"caption\":\"Estrat\u00e9gia Concursos\"},\"image\":{\"@id\":\"https:\/\/www.estrategiaconcursos.com.br\/blog\/#\/schema\/logo\/image\/\"},\"sameAs\":[\"https:\/\/x.com\/EstratConcursos\"]},{\"@type\":\"Person\",\"@id\":\"https:\/\/www.estrategiaconcursos.com.br\/blog\/#\/schema\/person\/79c1a7623a9ced8b38fc7591e63a0322\",\"name\":\"Guilherme Abarno\",\"image\":{\"@type\":\"ImageObject\",\"inLanguage\":\"pt-BR\",\"@id\":\"https:\/\/secure.gravatar.com\/avatar\/a71cada404ac977e405a8f3fcb3f203ef33a8ad5c6b3f18f32b6d899a2032f89?s=96&d=mm&r=g\",\"url\":\"https:\/\/secure.gravatar.com\/avatar\/a71cada404ac977e405a8f3fcb3f203ef33a8ad5c6b3f18f32b6d899a2032f89?s=96&d=mm&r=g\",\"contentUrl\":\"https:\/\/secure.gravatar.com\/avatar\/a71cada404ac977e405a8f3fcb3f203ef33a8ad5c6b3f18f32b6d899a2032f89?s=96&d=mm&r=g\",\"caption\":\"Guilherme Abarno\"},\"url\":\"https:\/\/www.estrategiaconcursos.com.br\/blog\/author\/guilherme-abarnoestrategia-com\/\"}]}<\/script>\n<!-- \/ Yoast SEO Premium plugin. -->","yoast_head_json":{"title":"Webin\u00e1rio: concurso IFMT: an\u00e1lise de edital","description":"O edital do\u00a0concurso IFMT foi publicado com a oferta de 15 vagas de carreiras dos n\u00edveis m\u00e9dio, t\u00e9cnico e superior","robots":{"index":"index","follow":"follow","max-snippet":"max-snippet:-1","max-image-preview":"max-image-preview:large","max-video-preview":"max-video-preview:-1"},"canonical":"https:\/\/www.estrategiaconcursos.com.br\/blog\/webinario-concurso-ifmt-analise-de-edital\/","og_locale":"pt_BR","og_type":"article","og_title":"Webin\u00e1rio: concurso IFMT: an\u00e1lise de edital","og_description":"O edital do\u00a0concurso IFMT foi publicado com a oferta de 15 vagas de carreiras dos n\u00edveis m\u00e9dio, t\u00e9cnico e superior","og_url":"https:\/\/www.estrategiaconcursos.com.br\/blog\/webinario-concurso-ifmt-analise-de-edital\/","og_site_name":"Estrat\u00e9gia Concursos","article_published_time":"2022-03-10T20:06:20+00:00","article_modified_time":"2022-03-10T20:10:09+00:00","og_image":[{"width":856,"height":406,"url":"https:\/\/dhg1h5j42swfq.cloudfront.net\/2022\/03\/10170541\/ifmt.jpg","type":"image\/jpeg"}],"author":"Guilherme Abarno","twitter_card":"summary_large_image","twitter_creator":"@EstratConcursos","twitter_site":"@EstratConcursos","twitter_misc":{"Escrito por":"Guilherme Abarno","Est. tempo de leitura":"1 minuto"},"schema":{"@context":"https:\/\/schema.org","@graph":[{"@type":"NewsArticle","@id":"https:\/\/www.estrategiaconcursos.com.br\/blog\/webinario-concurso-ifmt-analise-de-edital\/#article","isPartOf":{"@id":"https:\/\/www.estrategiaconcursos.com.br\/blog\/webinario-concurso-ifmt-analise-de-edital\/"},"author":{"name":"Guilherme Abarno","@id":"https:\/\/www.estrategiaconcursos.com.br\/blog\/#\/schema\/person\/79c1a7623a9ced8b38fc7591e63a0322"},"headline":"Webin\u00e1rio: concurso IFMT: an\u00e1lise de edital","datePublished":"2022-03-10T20:06:20+00:00","dateModified":"2022-03-10T20:10:09+00:00","mainEntityOfPage":{"@id":"https:\/\/www.estrategiaconcursos.com.br\/blog\/webinario-concurso-ifmt-analise-de-edital\/"},"wordCount":172,"commentCount":0,"publisher":{"@id":"https:\/\/www.estrategiaconcursos.com.br\/blog\/#organization"},"image":{"@id":"https:\/\/www.estrategiaconcursos.com.br\/blog\/webinario-concurso-ifmt-analise-de-edital\/#primaryimage"},"thumbnailUrl":"https:\/\/dhg1h5j42swfq.cloudfront.net\/2022\/03\/10170541\/ifmt.jpg","articleSection":["Educa\u00e7\u00e3o"],"inLanguage":"pt-BR","potentialAction":[{"@type":"CommentAction","name":"Comment","target":["https:\/\/www.estrategiaconcursos.com.br\/blog\/webinario-concurso-ifmt-analise-de-edital\/#respond"]}],"copyrightYear":"2022","copyrightHolder":{"@id":"https:\/\/www.estrategiaconcursos.com.br\/blog\/#organization"}},{"@type":"WebPage","@id":"https:\/\/www.estrategiaconcursos.com.br\/blog\/webinario-concurso-ifmt-analise-de-edital\/","url":"https:\/\/www.estrategiaconcursos.com.br\/blog\/webinario-concurso-ifmt-analise-de-edital\/","name":"Webin\u00e1rio: concurso IFMT: an\u00e1lise de edital","isPartOf":{"@id":"https:\/\/www.estrategiaconcursos.com.br\/blog\/#website"},"primaryImageOfPage":{"@id":"https:\/\/www.estrategiaconcursos.com.br\/blog\/webinario-concurso-ifmt-analise-de-edital\/#primaryimage"},"image":{"@id":"https:\/\/www.estrategiaconcursos.com.br\/blog\/webinario-concurso-ifmt-analise-de-edital\/#primaryimage"},"thumbnailUrl":"https:\/\/dhg1h5j42swfq.cloudfront.net\/2022\/03\/10170541\/ifmt.jpg","datePublished":"2022-03-10T20:06:20+00:00","dateModified":"2022-03-10T20:10:09+00:00","description":"O edital do\u00a0concurso IFMT foi publicado com a oferta de 15 vagas de carreiras dos n\u00edveis m\u00e9dio, t\u00e9cnico e superior","breadcrumb":{"@id":"https:\/\/www.estrategiaconcursos.com.br\/blog\/webinario-concurso-ifmt-analise-de-edital\/#breadcrumb"},"inLanguage":"pt-BR","potentialAction":[{"@type":"ReadAction","target":["https:\/\/www.estrategiaconcursos.com.br\/blog\/webinario-concurso-ifmt-analise-de-edital\/"]}]},{"@type":"ImageObject","inLanguage":"pt-BR","@id":"https:\/\/www.estrategiaconcursos.com.br\/blog\/webinario-concurso-ifmt-analise-de-edital\/#primaryimage","url":"https:\/\/dhg1h5j42swfq.cloudfront.net\/2022\/03\/10170541\/ifmt.jpg","contentUrl":"https:\/\/dhg1h5j42swfq.cloudfront.net\/2022\/03\/10170541\/ifmt.jpg","width":856,"height":406},{"@type":"BreadcrumbList","@id":"https:\/\/www.estrategiaconcursos.com.br\/blog\/webinario-concurso-ifmt-analise-de-edital\/#breadcrumb","itemListElement":[{"@type":"ListItem","position":1,"name":"In\u00edcio","item":"https:\/\/www.estrategiaconcursos.com.br\/blog\/"},{"@type":"ListItem","position":2,"name":"Webin\u00e1rio: concurso IFMT: an\u00e1lise de edital"}]},{"@type":"WebSite","@id":"https:\/\/www.estrategiaconcursos.com.br\/blog\/#website","url":"https:\/\/www.estrategiaconcursos.com.br\/blog\/","name":"Estrat\u00e9gia Concursos","description":"O blog da Estrat\u00e9gia Concursos traz not\u00edcias sobre concursos e artigos de professores oferecendo cursos para concursos (pdf + videaulas) no site.","publisher":{"@id":"https:\/\/www.estrategiaconcursos.com.br\/blog\/#organization"},"potentialAction":[{"@type":"SearchAction","target":{"@type":"EntryPoint","urlTemplate":"https:\/\/www.estrategiaconcursos.com.br\/blog\/?s={search_term_string}"},"query-input":{"@type":"PropertyValueSpecification","valueRequired":true,"valueName":"search_term_string"}}],"inLanguage":"pt-BR"},{"@type":"Organization","@id":"https:\/\/www.estrategiaconcursos.com.br\/blog\/#organization","name":"Estrat\u00e9gia Concursos","url":"https:\/\/www.estrategiaconcursos.com.br\/blog\/","logo":{"@type":"ImageObject","inLanguage":"pt-BR","@id":"https:\/\/www.estrategiaconcursos.com.br\/blog\/#\/schema\/logo\/image\/","url":"https:\/\/dhg1h5j42swfq.cloudfront.net\/2025\/06\/03203428\/logo_concursos-1.jpg","contentUrl":"https:\/\/dhg1h5j42swfq.cloudfront.net\/2025\/06\/03203428\/logo_concursos-1.jpg","width":230,"height":60,"caption":"Estrat\u00e9gia Concursos"},"image":{"@id":"https:\/\/www.estrategiaconcursos.com.br\/blog\/#\/schema\/logo\/image\/"},"sameAs":["https:\/\/x.com\/EstratConcursos"]},{"@type":"Person","@id":"https:\/\/www.estrategiaconcursos.com.br\/blog\/#\/schema\/person\/79c1a7623a9ced8b38fc7591e63a0322","name":"Guilherme Abarno","image":{"@type":"ImageObject","inLanguage":"pt-BR","@id":"https:\/\/secure.gravatar.com\/avatar\/a71cada404ac977e405a8f3fcb3f203ef33a8ad5c6b3f18f32b6d899a2032f89?s=96&d=mm&r=g","url":"https:\/\/secure.gravatar.com\/avatar\/a71cada404ac977e405a8f3fcb3f203ef33a8ad5c6b3f18f32b6d899a2032f89?s=96&d=mm&r=g","contentUrl":"https:\/\/secure.gravatar.com\/avatar\/a71cada404ac977e405a8f3fcb3f203ef33a8ad5c6b3f18f32b6d899a2032f89?s=96&d=mm&r=g","caption":"Guilherme Abarno"},"url":"https:\/\/www.estrategiaconcursos.com.br\/blog\/author\/guilherme-abarnoestrategia-com\/"}]}},"_links":{"self":[{"href":"https:\/\/www.estrategiaconcursos.com.br\/blog\/wp-json\/wp\/v2\/posts\/984627","targetHints":{"allow":["GET"]}}],"collection":[{"href":"https:\/\/www.estrategiaconcursos.com.br\/blog\/wp-json\/wp\/v2\/posts"}],"about":[{"href":"https:\/\/www.estrategiaconcursos.com.br\/blog\/wp-json\/wp\/v2\/types\/post"}],"author":[{"embeddable":true,"href":"https:\/\/www.estrategiaconcursos.com.br\/blog\/wp-json\/wp\/v2\/users\/2374"}],"replies":[{"embeddable":true,"href":"https:\/\/www.estrategiaconcursos.com.br\/blog\/wp-json\/wp\/v2\/comments?post=984627"}],"version-history":[{"count":8,"href":"https:\/\/www.estrategiaconcursos.com.br\/blog\/wp-json\/wp\/v2\/posts\/984627\/revisions"}],"predecessor-version":[{"id":984790,"href":"https:\/\/www.estrategiaconcursos.com.br\/blog\/wp-json\/wp\/v2\/posts\/984627\/revisions\/984790"}],"wp:featuredmedia":[{"embeddable":true,"href":"https:\/\/www.estrategiaconcursos.com.br\/blog\/wp-json\/wp\/v2\/media\/984779"}],"wp:attachment":[{"href":"https:\/\/www.estrategiaconcursos.com.br\/blog\/wp-json\/wp\/v2\/media?parent=984627"}],"wp:term":[{"taxonomy":"category","embeddable":true,"href":"https:\/\/www.estrategiaconcursos.com.br\/blog\/wp-json\/wp\/v2\/categories?post=984627"},{"taxonomy":"post_tag","embeddable":true,"href":"https:\/\/www.estrategiaconcursos.com.br\/blog\/wp-json\/wp\/v2\/tags?post=984627"},{"taxonomy":"tax_estado","embeddable":true,"href":"https:\/\/www.estrategiaconcursos.com.br\/blog\/wp-json\/wp\/v2\/tax_estado?post=984627"}],"curies":[{"name":"wp","href":"https:\/\/api.w.org\/{rel}","templated":true}]}}