{"id":984449,"date":"2022-03-10T10:56:22","date_gmt":"2022-03-10T13:56:22","guid":{"rendered":"https:\/\/www.estrategiaconcursos.com.br\/blog\/?p=984449"},"modified":"2022-04-23T12:00:08","modified_gmt":"2022-04-23T15:00:08","slug":"concurso-trt-nota-csjt","status":"publish","type":"post","link":"https:\/\/www.estrategiaconcursos.com.br\/blog\/concurso-trt-nota-csjt\/","title":{"rendered":"Concurso TRT: CSJT esclarece possibilidade de editais em 2022"},"content":{"rendered":"\n<p>O <a href=\"https:\/\/www.estrategiaconcursos.com.br\/blog\/concurso-trt-2022\/\" target=\"_blank\" rel=\"noreferrer noopener\">Conselho Superior da Justi\u00e7a do Trabalho<\/a> esclareceu a possibilidade de novos editais para os Tribunais Regionais do Trabalho (<strong>concurso TRT<\/strong>) em 2022.<\/p>\n\n\n\n<p>Em nota encaminhada \u00e0 equipe de jornalismo do Estrat\u00e9gia Concursos, nesta quarta-feira (9\/3), o Conselho esclareceu os tr\u00e2mites a serem realizados para que os editais sejam de fato publicados. <\/p>\n\n\n\n<p>Isso porque nas \u00faltimas semanas foram criadas comiss\u00f5es e autorizados os estudos para a realiza\u00e7\u00e3o de novos concursos no <strong><a href=\"https:\/\/www.estrategiaconcursos.com.br\/blog\/concurso-trt-pr-edital-em-2022\/\">TRT 9<\/a><\/strong>, <strong><a href=\"https:\/\/www.estrategiaconcursos.com.br\/blog\/concurso-trt-pi\/\">TRT 22<\/a> <\/strong>e <a href=\"https:\/\/www.estrategiaconcursos.com.br\/blog\/concurso-trt-14\/\" target=\"_blank\" rel=\"noreferrer noopener\"><strong>TRT 14<\/strong><\/a>.<\/p>\n\n\n\n<p>No entanto, conforme o esclarecido pelo <strong>CSJT<\/strong>, ainda n\u00e3o h\u00e1 autoriza\u00e7\u00e3o formal para que os certames sejam realizados. <\/p>\n\n\n\n<p>No entanto, as <strong>comiss\u00f5es<\/strong>  e <strong>autoriza\u00e7\u00f5es internas<\/strong> para que estudos sejam iniciados &#8211; <a href=\"https:\/\/www.estrategiaconcursos.com.br\/blog\/concurso-trt-pi\/\" target=\"_blank\" rel=\"noreferrer noopener\">como no TRT PI<\/a> &#8211; s\u00e3o necess\u00e1rias para que a necessidade de <strong>cargos e vagas <\/strong>sejam repassadas ao Conselho.<\/p>\n\n\n\n<p>A partir do levantamento da necessidade os n\u00fameros ser\u00e3o repassados ao <strong>CSJT,<\/strong> avaliados e inclusos no Projeto de Lei Or\u00e7ament\u00e1ria Anual para 2022.<\/p>\n\n\n\n<p>Ainda de acordo com o CSJT, tal levantamento \u00e9 realizado anualmente e trata-se de um procedimento normal e comum aos TRTs (<strong>concurso TRT<\/strong>). <\/p>\n\n\n\n<p>&#8220;O Conselho Superior da Justi\u00e7a do Trabalho (e n\u00e3o o TST) est\u00e1 realizando, junto aos Tribunais Regionais do Trabalho, procedimento de an\u00e1lise da necessidade de realiza\u00e7\u00e3o de concursos p\u00fablicos e a previs\u00e3o de provimento de cargos no ano de 2022. O procedimento, que \u00e9 padr\u00e3o e comum, visa verificar as necessidades e a adequa\u00e7\u00e3o dos recursos previstos na Lei Or\u00e7ament\u00e1ria Anual de 2022&#8221;.<\/p>\n\n\n\n<p>O questionamento foi encaminhado ap\u00f3s <strong>rumores de que os editais j\u00e1 estariam autorizados pelo CSTJ <\/strong>e em vias de serem publicados (<strong>concurso TRT<\/strong>). <\/p>\n\n\n\n<p>Veja a nota na \u00edntegra:<\/p>\n\n\n\n<div class=\"wp-block-image\"><figure class=\"aligncenter size-large\"><img loading=\"lazy\" decoding=\"async\" width=\"1024\" height=\"350\" src=\"https:\/\/dhg1h5j42swfq.cloudfront.net\/2022\/03\/10104845\/captura-de-tela-2022-03-10-as-10-48-23-1024x350.png\" alt=\"Concurso TRT: editais 2022\" class=\"wp-image-984475\" srcset=\"https:\/\/dhg1h5j42swfq.cloudfront.net\/2022\/03\/10104845\/captura-de-tela-2022-03-10-as-10-48-23-1024x350.png 1024w, https:\/\/dhg1h5j42swfq.cloudfront.net\/2022\/03\/10104845\/captura-de-tela-2022-03-10-as-10-48-23-300x103.png 300w, https:\/\/dhg1h5j42swfq.cloudfront.net\/2022\/03\/10104845\/captura-de-tela-2022-03-10-as-10-48-23-768x263.png 768w, https:\/\/dhg1h5j42swfq.cloudfront.net\/2022\/03\/10104845\/captura-de-tela-2022-03-10-as-10-48-23-1536x526.png 1536w, https:\/\/dhg1h5j42swfq.cloudfront.net\/2022\/03\/10104845\/captura-de-tela-2022-03-10-as-10-48-23-610x209.png 610w, https:\/\/dhg1h5j42swfq.cloudfront.net\/2022\/03\/10104845\/captura-de-tela-2022-03-10-as-10-48-23.png 1800w\" sizes=\"auto, (max-width: 1024px) 100vw, 1024px\" \/><figcaption>Concurso TRT: editais 2022<\/figcaption><\/figure><\/div>\n\n\n\n<h2 class=\"has-text-align-center has-pale-cyan-blue-background-color has-background wp-block-heading\" id=\"h-saiba-mais-concurso-trt\"><a href=\"https:\/\/www.estrategiaconcursos.com.br\/blog\/concurso-trt-2022\/\" target=\"_blank\" rel=\"noreferrer noopener\"><strong><em>Saiba mais: concurso TRT<\/em><\/strong><\/a><\/h2>\n\n\n\n\n","protected":false},"excerpt":{"rendered":"<p>O Conselho Superior da Justi\u00e7a do Trabalho esclareceu a possibilidade de novos editais para os Tribunais Regionais do Trabalho (concurso TRT) em 2022. Em nota encaminhada \u00e0 equipe de jornalismo do Estrat\u00e9gia Concursos, nesta quarta-feira (9\/3), o Conselho esclareceu os tr\u00e2mites a serem realizados para que os editais sejam de fato publicados. Isso porque nas [&hellip;]<\/p>\n","protected":false},"author":2319,"featured_media":69523,"comment_status":"open","ping_status":"closed","sticky":false,"template":"","format":"standard","meta":{"post_tipo":"news","footnotes":""},"categories":[1984,220219],"tags":[1352,220304,220636],"tax_estado":[219963],"class_list":["post-984449","post","type-post","status-publish","format-standard","has-post-thumbnail","hentry","category-tribunais","category-noticias","tag-concurso-trt","tag-concursos-2022","tag-edital-trt","tax_estado-concursos-federais"],"acf":[],"yoast_head":"<!-- This site is optimized with the Yoast SEO Premium plugin v27.2 (Yoast SEO v27.2) - https:\/\/yoast.com\/product\/yoast-seo-premium-wordpress\/ -->\n<title>Concurso TRT: CSJT esclarece possibilidade de editais em 2022<\/title>\n<meta name=\"description\" content=\"O Conselho Superior da Justi\u00e7a do Trabalho esclareceu a possibilidade de novos editais para os Tribunais Regionais do Trabalho (concurso TRT)\" \/>\n<meta name=\"robots\" content=\"index, follow, max-snippet:-1, max-image-preview:large, max-video-preview:-1\" \/>\n<link rel=\"canonical\" href=\"https:\/\/www.estrategiaconcursos.com.br\/blog\/concurso-trt-nota-csjt\/\" \/>\n<meta property=\"og:locale\" content=\"pt_BR\" \/>\n<meta property=\"og:type\" content=\"article\" \/>\n<meta property=\"og:title\" content=\"Concurso TRT: CSJT esclarece possibilidade de editais em 2022\" \/>\n<meta property=\"og:description\" content=\"O Conselho Superior da Justi\u00e7a do Trabalho esclareceu a possibilidade de novos editais para os Tribunais Regionais do Trabalho (concurso TRT)\" \/>\n<meta property=\"og:url\" content=\"https:\/\/www.estrategiaconcursos.com.br\/blog\/concurso-trt-nota-csjt\/\" \/>\n<meta property=\"og:site_name\" content=\"Estrat\u00e9gia Concursos\" \/>\n<meta property=\"article:published_time\" content=\"2022-03-10T13:56:22+00:00\" \/>\n<meta property=\"article:modified_time\" content=\"2022-04-23T15:00:08+00:00\" \/>\n<meta property=\"og:image\" content=\"https:\/\/dhg1h5j42swfq.cloudfront.net\/2017\/02\/04134645\/concurso-tst-1.jpg\" \/>\n\t<meta property=\"og:image:width\" content=\"700\" \/>\n\t<meta property=\"og:image:height\" content=\"411\" \/>\n\t<meta property=\"og:image:type\" content=\"image\/jpeg\" \/>\n<meta name=\"author\" content=\"Let\u00edcia Teixeira\" \/>\n<meta name=\"twitter:card\" content=\"summary_large_image\" \/>\n<meta name=\"twitter:creator\" content=\"@EstratConcursos\" \/>\n<meta name=\"twitter:site\" content=\"@EstratConcursos\" \/>\n<meta name=\"twitter:label1\" content=\"Escrito por\" \/>\n\t<meta name=\"twitter:data1\" content=\"Let\u00edcia Teixeira\" \/>\n\t<meta name=\"twitter:label2\" content=\"Est. tempo de leitura\" \/>\n\t<meta name=\"twitter:data2\" content=\"2 minutos\" \/>\n<script type=\"application\/ld+json\" class=\"yoast-schema-graph\">{\"@context\":\"https:\/\/schema.org\",\"@graph\":[{\"@type\":\"NewsArticle\",\"@id\":\"https:\/\/www.estrategiaconcursos.com.br\/blog\/concurso-trt-nota-csjt\/#article\",\"isPartOf\":{\"@id\":\"https:\/\/www.estrategiaconcursos.com.br\/blog\/concurso-trt-nota-csjt\/\"},\"author\":{\"name\":\"Let\u00edcia Teixeira\",\"@id\":\"https:\/\/www.estrategiaconcursos.com.br\/blog\/#\/schema\/person\/9b94727dcf4410f4a7931c83966c843b\"},\"headline\":\"Concurso TRT: CSJT esclarece possibilidade de editais em 2022\",\"datePublished\":\"2022-03-10T13:56:22+00:00\",\"dateModified\":\"2022-04-23T15:00:08+00:00\",\"mainEntityOfPage\":{\"@id\":\"https:\/\/www.estrategiaconcursos.com.br\/blog\/concurso-trt-nota-csjt\/\"},\"wordCount\":295,\"commentCount\":0,\"publisher\":{\"@id\":\"https:\/\/www.estrategiaconcursos.com.br\/blog\/#organization\"},\"image\":{\"@id\":\"https:\/\/www.estrategiaconcursos.com.br\/blog\/concurso-trt-nota-csjt\/#primaryimage\"},\"thumbnailUrl\":\"https:\/\/dhg1h5j42swfq.cloudfront.net\/2017\/02\/04134645\/concurso-tst-1.jpg\",\"keywords\":[\"CONCURSO TRT\",\"Concursos 2022\",\"EDITAL TRT\"],\"articleSection\":[\"Tribunais\",\"\u00daltimas not\u00edcias\"],\"inLanguage\":\"pt-BR\",\"potentialAction\":[{\"@type\":\"CommentAction\",\"name\":\"Comment\",\"target\":[\"https:\/\/www.estrategiaconcursos.com.br\/blog\/concurso-trt-nota-csjt\/#respond\"]}],\"copyrightYear\":\"2022\",\"copyrightHolder\":{\"@id\":\"https:\/\/www.estrategiaconcursos.com.br\/blog\/#organization\"}},{\"@type\":\"WebPage\",\"@id\":\"https:\/\/www.estrategiaconcursos.com.br\/blog\/concurso-trt-nota-csjt\/\",\"url\":\"https:\/\/www.estrategiaconcursos.com.br\/blog\/concurso-trt-nota-csjt\/\",\"name\":\"Concurso TRT: CSJT esclarece possibilidade de editais em 2022\",\"isPartOf\":{\"@id\":\"https:\/\/www.estrategiaconcursos.com.br\/blog\/#website\"},\"primaryImageOfPage\":{\"@id\":\"https:\/\/www.estrategiaconcursos.com.br\/blog\/concurso-trt-nota-csjt\/#primaryimage\"},\"image\":{\"@id\":\"https:\/\/www.estrategiaconcursos.com.br\/blog\/concurso-trt-nota-csjt\/#primaryimage\"},\"thumbnailUrl\":\"https:\/\/dhg1h5j42swfq.cloudfront.net\/2017\/02\/04134645\/concurso-tst-1.jpg\",\"datePublished\":\"2022-03-10T13:56:22+00:00\",\"dateModified\":\"2022-04-23T15:00:08+00:00\",\"description\":\"O Conselho Superior da Justi\u00e7a do Trabalho esclareceu a possibilidade de novos editais para os Tribunais Regionais do Trabalho (concurso TRT)\",\"breadcrumb\":{\"@id\":\"https:\/\/www.estrategiaconcursos.com.br\/blog\/concurso-trt-nota-csjt\/#breadcrumb\"},\"inLanguage\":\"pt-BR\",\"potentialAction\":[{\"@type\":\"ReadAction\",\"target\":[\"https:\/\/www.estrategiaconcursos.com.br\/blog\/concurso-trt-nota-csjt\/\"]}]},{\"@type\":\"ImageObject\",\"inLanguage\":\"pt-BR\",\"@id\":\"https:\/\/www.estrategiaconcursos.com.br\/blog\/concurso-trt-nota-csjt\/#primaryimage\",\"url\":\"https:\/\/dhg1h5j42swfq.cloudfront.net\/2017\/02\/04134645\/concurso-tst-1.jpg\",\"contentUrl\":\"https:\/\/dhg1h5j42swfq.cloudfront.net\/2017\/02\/04134645\/concurso-tst-1.jpg\",\"width\":700,\"height\":411},{\"@type\":\"BreadcrumbList\",\"@id\":\"https:\/\/www.estrategiaconcursos.com.br\/blog\/concurso-trt-nota-csjt\/#breadcrumb\",\"itemListElement\":[{\"@type\":\"ListItem\",\"position\":1,\"name\":\"In\u00edcio\",\"item\":\"https:\/\/www.estrategiaconcursos.com.br\/blog\/\"},{\"@type\":\"ListItem\",\"position\":2,\"name\":\"Concurso TRT: CSJT esclarece possibilidade de editais em 2022\"}]},{\"@type\":\"WebSite\",\"@id\":\"https:\/\/www.estrategiaconcursos.com.br\/blog\/#website\",\"url\":\"https:\/\/www.estrategiaconcursos.com.br\/blog\/\",\"name\":\"Estrat\u00e9gia Concursos\",\"description\":\"O blog da Estrat\u00e9gia Concursos traz not\u00edcias sobre concursos e artigos de professores oferecendo cursos para concursos (pdf + videaulas) no site.\",\"publisher\":{\"@id\":\"https:\/\/www.estrategiaconcursos.com.br\/blog\/#organization\"},\"potentialAction\":[{\"@type\":\"SearchAction\",\"target\":{\"@type\":\"EntryPoint\",\"urlTemplate\":\"https:\/\/www.estrategiaconcursos.com.br\/blog\/?s={search_term_string}\"},\"query-input\":{\"@type\":\"PropertyValueSpecification\",\"valueRequired\":true,\"valueName\":\"search_term_string\"}}],\"inLanguage\":\"pt-BR\"},{\"@type\":\"Organization\",\"@id\":\"https:\/\/www.estrategiaconcursos.com.br\/blog\/#organization\",\"name\":\"Estrat\u00e9gia Concursos\",\"url\":\"https:\/\/www.estrategiaconcursos.com.br\/blog\/\",\"logo\":{\"@type\":\"ImageObject\",\"inLanguage\":\"pt-BR\",\"@id\":\"https:\/\/www.estrategiaconcursos.com.br\/blog\/#\/schema\/logo\/image\/\",\"url\":\"https:\/\/dhg1h5j42swfq.cloudfront.net\/2025\/06\/03203428\/logo_concursos-1.jpg\",\"contentUrl\":\"https:\/\/dhg1h5j42swfq.cloudfront.net\/2025\/06\/03203428\/logo_concursos-1.jpg\",\"width\":230,\"height\":60,\"caption\":\"Estrat\u00e9gia Concursos\"},\"image\":{\"@id\":\"https:\/\/www.estrategiaconcursos.com.br\/blog\/#\/schema\/logo\/image\/\"},\"sameAs\":[\"https:\/\/x.com\/EstratConcursos\"]},{\"@type\":\"Person\",\"@id\":\"https:\/\/www.estrategiaconcursos.com.br\/blog\/#\/schema\/person\/9b94727dcf4410f4a7931c83966c843b\",\"name\":\"Let\u00edcia Teixeira\",\"image\":{\"@type\":\"ImageObject\",\"inLanguage\":\"pt-BR\",\"@id\":\"https:\/\/secure.gravatar.com\/avatar\/fb589b06b881e20b676d08f9d03226d1e3291ba2f90e751ddc9ccb21abf0244d?s=96&d=mm&r=g\",\"url\":\"https:\/\/secure.gravatar.com\/avatar\/fb589b06b881e20b676d08f9d03226d1e3291ba2f90e751ddc9ccb21abf0244d?s=96&d=mm&r=g\",\"contentUrl\":\"https:\/\/secure.gravatar.com\/avatar\/fb589b06b881e20b676d08f9d03226d1e3291ba2f90e751ddc9ccb21abf0244d?s=96&d=mm&r=g\",\"caption\":\"Let\u00edcia Teixeira\"},\"description\":\"Jornalista com experi\u00eancia de mais de quatro anos no segmento de concursos p\u00fablicos. Especializada em Narrativa Transm\u00eddia e Storytelling pela Universidade Cat\u00f3lica de Bras\u00edlia, com atua\u00e7\u00e3o nas \u00e1reas de SEO, conte\u00fado, Webwriting e Copywriting.\",\"url\":\"https:\/\/www.estrategiaconcursos.com.br\/blog\/author\/leticia-teixeiraestrategia-com\/\"}]}<\/script>\n<!-- \/ Yoast SEO Premium plugin. -->","yoast_head_json":{"title":"Concurso TRT: CSJT esclarece possibilidade de editais em 2022","description":"O Conselho Superior da Justi\u00e7a do Trabalho esclareceu a possibilidade de novos editais para os Tribunais Regionais do Trabalho (concurso TRT)","robots":{"index":"index","follow":"follow","max-snippet":"max-snippet:-1","max-image-preview":"max-image-preview:large","max-video-preview":"max-video-preview:-1"},"canonical":"https:\/\/www.estrategiaconcursos.com.br\/blog\/concurso-trt-nota-csjt\/","og_locale":"pt_BR","og_type":"article","og_title":"Concurso TRT: CSJT esclarece possibilidade de editais em 2022","og_description":"O Conselho Superior da Justi\u00e7a do Trabalho esclareceu a possibilidade de novos editais para os Tribunais Regionais do Trabalho (concurso TRT)","og_url":"https:\/\/www.estrategiaconcursos.com.br\/blog\/concurso-trt-nota-csjt\/","og_site_name":"Estrat\u00e9gia Concursos","article_published_time":"2022-03-10T13:56:22+00:00","article_modified_time":"2022-04-23T15:00:08+00:00","og_image":[{"width":700,"height":411,"url":"https:\/\/dhg1h5j42swfq.cloudfront.net\/2017\/02\/04134645\/concurso-tst-1.jpg","type":"image\/jpeg"}],"author":"Let\u00edcia Teixeira","twitter_card":"summary_large_image","twitter_creator":"@EstratConcursos","twitter_site":"@EstratConcursos","twitter_misc":{"Escrito por":"Let\u00edcia Teixeira","Est. tempo de leitura":"2 minutos"},"schema":{"@context":"https:\/\/schema.org","@graph":[{"@type":"NewsArticle","@id":"https:\/\/www.estrategiaconcursos.com.br\/blog\/concurso-trt-nota-csjt\/#article","isPartOf":{"@id":"https:\/\/www.estrategiaconcursos.com.br\/blog\/concurso-trt-nota-csjt\/"},"author":{"name":"Let\u00edcia Teixeira","@id":"https:\/\/www.estrategiaconcursos.com.br\/blog\/#\/schema\/person\/9b94727dcf4410f4a7931c83966c843b"},"headline":"Concurso TRT: CSJT esclarece possibilidade de editais em 2022","datePublished":"2022-03-10T13:56:22+00:00","dateModified":"2022-04-23T15:00:08+00:00","mainEntityOfPage":{"@id":"https:\/\/www.estrategiaconcursos.com.br\/blog\/concurso-trt-nota-csjt\/"},"wordCount":295,"commentCount":0,"publisher":{"@id":"https:\/\/www.estrategiaconcursos.com.br\/blog\/#organization"},"image":{"@id":"https:\/\/www.estrategiaconcursos.com.br\/blog\/concurso-trt-nota-csjt\/#primaryimage"},"thumbnailUrl":"https:\/\/dhg1h5j42swfq.cloudfront.net\/2017\/02\/04134645\/concurso-tst-1.jpg","keywords":["CONCURSO TRT","Concursos 2022","EDITAL TRT"],"articleSection":["Tribunais","\u00daltimas not\u00edcias"],"inLanguage":"pt-BR","potentialAction":[{"@type":"CommentAction","name":"Comment","target":["https:\/\/www.estrategiaconcursos.com.br\/blog\/concurso-trt-nota-csjt\/#respond"]}],"copyrightYear":"2022","copyrightHolder":{"@id":"https:\/\/www.estrategiaconcursos.com.br\/blog\/#organization"}},{"@type":"WebPage","@id":"https:\/\/www.estrategiaconcursos.com.br\/blog\/concurso-trt-nota-csjt\/","url":"https:\/\/www.estrategiaconcursos.com.br\/blog\/concurso-trt-nota-csjt\/","name":"Concurso TRT: CSJT esclarece possibilidade de editais em 2022","isPartOf":{"@id":"https:\/\/www.estrategiaconcursos.com.br\/blog\/#website"},"primaryImageOfPage":{"@id":"https:\/\/www.estrategiaconcursos.com.br\/blog\/concurso-trt-nota-csjt\/#primaryimage"},"image":{"@id":"https:\/\/www.estrategiaconcursos.com.br\/blog\/concurso-trt-nota-csjt\/#primaryimage"},"thumbnailUrl":"https:\/\/dhg1h5j42swfq.cloudfront.net\/2017\/02\/04134645\/concurso-tst-1.jpg","datePublished":"2022-03-10T13:56:22+00:00","dateModified":"2022-04-23T15:00:08+00:00","description":"O Conselho Superior da Justi\u00e7a do Trabalho esclareceu a possibilidade de novos editais para os Tribunais Regionais do Trabalho (concurso TRT)","breadcrumb":{"@id":"https:\/\/www.estrategiaconcursos.com.br\/blog\/concurso-trt-nota-csjt\/#breadcrumb"},"inLanguage":"pt-BR","potentialAction":[{"@type":"ReadAction","target":["https:\/\/www.estrategiaconcursos.com.br\/blog\/concurso-trt-nota-csjt\/"]}]},{"@type":"ImageObject","inLanguage":"pt-BR","@id":"https:\/\/www.estrategiaconcursos.com.br\/blog\/concurso-trt-nota-csjt\/#primaryimage","url":"https:\/\/dhg1h5j42swfq.cloudfront.net\/2017\/02\/04134645\/concurso-tst-1.jpg","contentUrl":"https:\/\/dhg1h5j42swfq.cloudfront.net\/2017\/02\/04134645\/concurso-tst-1.jpg","width":700,"height":411},{"@type":"BreadcrumbList","@id":"https:\/\/www.estrategiaconcursos.com.br\/blog\/concurso-trt-nota-csjt\/#breadcrumb","itemListElement":[{"@type":"ListItem","position":1,"name":"In\u00edcio","item":"https:\/\/www.estrategiaconcursos.com.br\/blog\/"},{"@type":"ListItem","position":2,"name":"Concurso TRT: CSJT esclarece possibilidade de editais em 2022"}]},{"@type":"WebSite","@id":"https:\/\/www.estrategiaconcursos.com.br\/blog\/#website","url":"https:\/\/www.estrategiaconcursos.com.br\/blog\/","name":"Estrat\u00e9gia Concursos","description":"O blog da Estrat\u00e9gia Concursos traz not\u00edcias sobre concursos e artigos de professores oferecendo cursos para concursos (pdf + videaulas) no site.","publisher":{"@id":"https:\/\/www.estrategiaconcursos.com.br\/blog\/#organization"},"potentialAction":[{"@type":"SearchAction","target":{"@type":"EntryPoint","urlTemplate":"https:\/\/www.estrategiaconcursos.com.br\/blog\/?s={search_term_string}"},"query-input":{"@type":"PropertyValueSpecification","valueRequired":true,"valueName":"search_term_string"}}],"inLanguage":"pt-BR"},{"@type":"Organization","@id":"https:\/\/www.estrategiaconcursos.com.br\/blog\/#organization","name":"Estrat\u00e9gia Concursos","url":"https:\/\/www.estrategiaconcursos.com.br\/blog\/","logo":{"@type":"ImageObject","inLanguage":"pt-BR","@id":"https:\/\/www.estrategiaconcursos.com.br\/blog\/#\/schema\/logo\/image\/","url":"https:\/\/dhg1h5j42swfq.cloudfront.net\/2025\/06\/03203428\/logo_concursos-1.jpg","contentUrl":"https:\/\/dhg1h5j42swfq.cloudfront.net\/2025\/06\/03203428\/logo_concursos-1.jpg","width":230,"height":60,"caption":"Estrat\u00e9gia Concursos"},"image":{"@id":"https:\/\/www.estrategiaconcursos.com.br\/blog\/#\/schema\/logo\/image\/"},"sameAs":["https:\/\/x.com\/EstratConcursos"]},{"@type":"Person","@id":"https:\/\/www.estrategiaconcursos.com.br\/blog\/#\/schema\/person\/9b94727dcf4410f4a7931c83966c843b","name":"Let\u00edcia Teixeira","image":{"@type":"ImageObject","inLanguage":"pt-BR","@id":"https:\/\/secure.gravatar.com\/avatar\/fb589b06b881e20b676d08f9d03226d1e3291ba2f90e751ddc9ccb21abf0244d?s=96&d=mm&r=g","url":"https:\/\/secure.gravatar.com\/avatar\/fb589b06b881e20b676d08f9d03226d1e3291ba2f90e751ddc9ccb21abf0244d?s=96&d=mm&r=g","contentUrl":"https:\/\/secure.gravatar.com\/avatar\/fb589b06b881e20b676d08f9d03226d1e3291ba2f90e751ddc9ccb21abf0244d?s=96&d=mm&r=g","caption":"Let\u00edcia Teixeira"},"description":"Jornalista com experi\u00eancia de mais de quatro anos no segmento de concursos p\u00fablicos. Especializada em Narrativa Transm\u00eddia e Storytelling pela Universidade Cat\u00f3lica de Bras\u00edlia, com atua\u00e7\u00e3o nas \u00e1reas de SEO, conte\u00fado, Webwriting e Copywriting.","url":"https:\/\/www.estrategiaconcursos.com.br\/blog\/author\/leticia-teixeiraestrategia-com\/"}]}},"_links":{"self":[{"href":"https:\/\/www.estrategiaconcursos.com.br\/blog\/wp-json\/wp\/v2\/posts\/984449","targetHints":{"allow":["GET"]}}],"collection":[{"href":"https:\/\/www.estrategiaconcursos.com.br\/blog\/wp-json\/wp\/v2\/posts"}],"about":[{"href":"https:\/\/www.estrategiaconcursos.com.br\/blog\/wp-json\/wp\/v2\/types\/post"}],"author":[{"embeddable":true,"href":"https:\/\/www.estrategiaconcursos.com.br\/blog\/wp-json\/wp\/v2\/users\/2319"}],"replies":[{"embeddable":true,"href":"https:\/\/www.estrategiaconcursos.com.br\/blog\/wp-json\/wp\/v2\/comments?post=984449"}],"version-history":[{"count":2,"href":"https:\/\/www.estrategiaconcursos.com.br\/blog\/wp-json\/wp\/v2\/posts\/984449\/revisions"}],"predecessor-version":[{"id":984478,"href":"https:\/\/www.estrategiaconcursos.com.br\/blog\/wp-json\/wp\/v2\/posts\/984449\/revisions\/984478"}],"wp:featuredmedia":[{"embeddable":true,"href":"https:\/\/www.estrategiaconcursos.com.br\/blog\/wp-json\/wp\/v2\/media\/69523"}],"wp:attachment":[{"href":"https:\/\/www.estrategiaconcursos.com.br\/blog\/wp-json\/wp\/v2\/media?parent=984449"}],"wp:term":[{"taxonomy":"category","embeddable":true,"href":"https:\/\/www.estrategiaconcursos.com.br\/blog\/wp-json\/wp\/v2\/categories?post=984449"},{"taxonomy":"post_tag","embeddable":true,"href":"https:\/\/www.estrategiaconcursos.com.br\/blog\/wp-json\/wp\/v2\/tags?post=984449"},{"taxonomy":"tax_estado","embeddable":true,"href":"https:\/\/www.estrategiaconcursos.com.br\/blog\/wp-json\/wp\/v2\/tax_estado?post=984449"}],"curies":[{"name":"wp","href":"https:\/\/api.w.org\/{rel}","templated":true}]}}