{"id":984230,"date":"2022-03-09T23:50:25","date_gmt":"2022-03-10T02:50:25","guid":{"rendered":"https:\/\/www.estrategiaconcursos.com.br\/blog\/?p=984230"},"modified":"2022-03-09T23:54:31","modified_gmt":"2022-03-10T02:54:31","slug":"trilhas-estrategicas-para-alesp","status":"publish","type":"post","link":"https:\/\/www.estrategiaconcursos.com.br\/blog\/trilhas-estrategicas-para-alesp\/","title":{"rendered":"Trilhas Estrat\u00e9gicas para ALESP"},"content":{"rendered":"\n<div class=\"wp-block-image\"><figure class=\"aligncenter size-full\"><img loading=\"lazy\" decoding=\"async\" width=\"417\" height=\"244\" src=\"https:\/\/dhg1h5j42swfq.cloudfront.net\/2022\/03\/09234708\/image-128.png\" alt=\"\" class=\"wp-image-984233\" srcset=\"https:\/\/dhg1h5j42swfq.cloudfront.net\/2022\/03\/09234708\/image-128.png 417w, https:\/\/dhg1h5j42swfq.cloudfront.net\/2022\/03\/09234708\/image-128-300x176.png 300w\" sizes=\"auto, (max-width: 417px) 100vw, 417px\" \/><\/figure><\/div>\n\n\n\n<p>Ol\u00e1, concurseiro!<\/p>\n\n\n\n<p>Para voc\u00ea que est\u00e1 se preparando para o concurso da Assembleia Legislativa do Estado de S\u00e3o Paulo &#8211; ALESP, temos uma excelente not\u00edcia!<\/p>\n\n\n\n<p>No dia 07\/03\/2022 (segunda-feira), lan\u00e7amos duas Trilhas Estrat\u00e9gicas aguardadas por muitos dos nossos alunos: as&nbsp;<strong>Trilhas Estrat\u00e9gicas P\u00f3s-Edital da ALESP <\/strong>para os cargos de Analista e T\u00e9cnico Legislativo.<\/p>\n\n\n\n<p>Conduziremos os alunos (iniciantes que possuem alguma base, intermedi\u00e1rios e avan\u00e7ados), durante&nbsp;<strong>8 semanas<\/strong>, com o objetivo de percorrer todo o conte\u00fado do edital com muitas tarefas de teoria, revis\u00f5es e quest\u00f5es.<\/p>\n\n\n\n<p>E tem mais! Abaixo disponibilizamos uma Trilha demonstrativa da nossa primeira aula:<\/p>\n\n\n\n<p><strong><a href=\"https:\/\/drive.google.com\/file\/d\/14Ty97L8BaBIstPBx1oCvS45Iaz-zyzeh\/view?usp=sharing\">Trilha ALESP&nbsp; \u2013 Analista Legislativo&nbsp; \u2013 Aula 00<\/a><\/strong><\/p>\n\n\n\n<p><strong><a href=\"https:\/\/drive.google.com\/file\/d\/1PJ39N_qZWPvsyXzQnBw_sQIIVch4GU3I\/view?usp=sharing\">Trilha ALESP \u2013 T\u00e9cnico Legislativo \u2013 Aula 00<\/a><\/strong><\/p>\n\n\n\n<p>Para acesso \u00e0s pr\u00f3ximas Trilhas , basta se tornar assinante Premium ou Platinum e seguir com elas pela sua \u00e1rea do aluno.<\/p>\n\n\n\n<p><a href=\"https:\/\/www.estrategiaconcursos.com.br\/assinaturas\" target=\"_blank\" rel=\"noreferrer noopener\"><strong>Assinatura Ilimitada<\/strong><\/a><\/p>\n\n\n\n<p>Vale lembrar que o concurso da ALESP teve o edital publicado em 25\/02\/2022. O per\u00edodo \u201cp\u00f3s-edital\u201d \u00e9 curt\u00edssimo e n\u00e3o se pode perder tempo! Por isso, comece j\u00e1!<\/p>\n\n\n\n<p><strong>Sobre as Trilhas Estrat\u00e9gicas<\/strong><\/p>\n\n\n\n<p>O objetivo principal das Trilhas Estrat\u00e9gicas, na qual se inclui a nossa da&nbsp;<strong>ALESP<\/strong>, \u00e9 tornar o estudo o mais eficiente poss\u00edvel, almejando otimizar ao m\u00e1ximo a prepara\u00e7\u00e3o nesse per\u00edodo p\u00f3s-edital.<\/p>\n\n\n\n<p>Elas s\u00e3o carinhosamente consideradas o \u201cGPS\u201d do Concurseiro!<\/p>\n\n\n\n<p>As Trilhas t\u00eam o objetivo de utilizar da melhor maneira o tempo dispon\u00edvel do aluno para que esteja ainda mais preparado para as provas.<\/p>\n\n\n\n<p>Para isso, elas s\u00e3o compostas de tarefas di\u00e1rias elaboradas por profissionais (nossos&nbsp;<em>Coaches<\/em>) que j\u00e1 obtiveram \u00eaxito nos mais variados concursos do pa\u00eds.<\/p>\n\n\n\n<p>Al\u00e9m disso, h\u00e1 um Canal do&nbsp;<strong><em>Telegram<\/em><\/strong>&nbsp;espec\u00edfico para a Trilha da&nbsp;ALESP&nbsp;em que haver\u00e1 o contato dos Organizadores com os alunos assinantes, como o envio de informa\u00e7\u00f5es importantes, dicas e conte\u00fados motivacionais. E os alunos poder\u00e3o enviar suas d\u00favidas tamb\u00e9m.<\/p>\n\n\n\n<figure class=\"wp-block-image size-full\"><img loading=\"lazy\" decoding=\"async\" width=\"886\" height=\"348\" src=\"https:\/\/dhg1h5j42swfq.cloudfront.net\/2022\/03\/09234305\/imagem1.png\" alt=\"\" class=\"wp-image-984232\" srcset=\"https:\/\/dhg1h5j42swfq.cloudfront.net\/2022\/03\/09234305\/imagem1.png 886w, https:\/\/dhg1h5j42swfq.cloudfront.net\/2022\/03\/09234305\/imagem1-300x118.png 300w, https:\/\/dhg1h5j42swfq.cloudfront.net\/2022\/03\/09234305\/imagem1-768x302.png 768w, https:\/\/dhg1h5j42swfq.cloudfront.net\/2022\/03\/09234305\/imagem1-610x240.png 610w\" sizes=\"auto, (max-width: 886px) 100vw, 886px\" \/><\/figure>\n\n\n\n<h4 class=\"wp-block-heading\" id=\"h-como-funcionam-as-trilhas\"><strong>Como funcionam as Trilhas?<\/strong><\/h4>\n\n\n\n<p id=\"block-45fa5ac7-5983-4002-abf4-9cf77b20f3f0\">As&nbsp;<em>Trilhas<\/em>&nbsp;funcionar\u00e3o da seguinte forma:<\/p>\n\n\n\n<ul class=\"wp-block-list\" id=\"block-7ca5be74-fa85-484f-8121-031173e4626c\"><li>Indica\u00e7\u00e3o de estudo por&nbsp;<em>Ciclos de Estudo;<\/em><\/li><li><em>Sugest\u00e3o das disciplinas<\/em>&nbsp;a serem estudadas em cada ciclo e momento da prepara\u00e7\u00e3o;<\/li><li>Apontamento da&nbsp;<em>sequ\u00eancia de estudo<\/em>&nbsp;em cada disciplina;<\/li><li>F<em>oco no custo x benef\u00edcio<\/em>&nbsp;considerando o conte\u00fado e o tempo de prepara\u00e7\u00e3o;<\/li><li>Apontamento de estudo de teoria, exerc\u00edcios, revis\u00e3o, legisla\u00e7\u00e3o e simulados.<\/li><\/ul>\n\n\n\n<p id=\"block-e282a33e-419c-4bfc-bd96-10645755ec44\">Quer mais informa\u00e7\u00f5es sobre as Trilhas Estrat\u00e9gicas? Clique no link abaixo:<\/p>\n\n\n\n<p><a href=\"https:\/\/www.estrategiaconcursos.com.br\/blog\/trilhas-estrategicas-informacoes-e-trilhas-liberadas-hoje\/\">Trilhas Estrat\u00e9gicas<\/a><\/p>\n\n\n\n<p id=\"block-9b2a49c4-d922-4297-bb22-d0fb6e06d309\">Vamos juntos encarar esse desafio rumo \u00e0 aprova\u00e7\u00e3o?<\/p>\n\n\n\n<p><strong>Ana Caroline Lima <\/strong>\u2013&nbsp;<em> Coach Estrat\u00e9gia Concursos<\/em><br \/>Organizadora das Trilhas da ALESP<br \/><br \/><\/p>\n","protected":false},"excerpt":{"rendered":"<p>Ol\u00e1, concurseiro! Para voc\u00ea que est\u00e1 se preparando para o concurso da Assembleia Legislativa do Estado de S\u00e3o Paulo &#8211; ALESP, temos uma excelente not\u00edcia! No dia 07\/03\/2022 (segunda-feira), lan\u00e7amos duas Trilhas Estrat\u00e9gicas aguardadas por muitos dos nossos alunos: as&nbsp;Trilhas Estrat\u00e9gicas P\u00f3s-Edital da ALESP para os cargos de Analista e T\u00e9cnico Legislativo. Conduziremos os alunos [&hellip;]<\/p>\n","protected":false},"author":1384,"featured_media":0,"comment_status":"open","ping_status":"closed","sticky":false,"template":"","format":"standard","meta":{"post_tipo":"article","footnotes":""},"categories":[1],"tags":[],"tax_estado":[219989],"class_list":["post-984230","post","type-post","status-publish","format-standard","hentry","category-cursos-e-concursos","tax_estado-sp"],"acf":[],"yoast_head":"<!-- This site is optimized with the Yoast SEO Premium plugin v27.2 (Yoast SEO v27.2) - https:\/\/yoast.com\/product\/yoast-seo-premium-wordpress\/ -->\n<title>Trilhas Estrat\u00e9gicas para ALESP<\/title>\n<meta name=\"description\" content=\"Lan\u00e7amento das Trilhas Estrat\u00e9gicas para ALESP, cargos de Analista e T\u00e9cnico Legislativo.\" \/>\n<meta name=\"robots\" content=\"index, follow, max-snippet:-1, max-image-preview:large, max-video-preview:-1\" \/>\n<link rel=\"canonical\" href=\"https:\/\/www.estrategiaconcursos.com.br\/blog\/trilhas-estrategicas-para-alesp\/\" \/>\n<meta property=\"og:locale\" content=\"pt_BR\" \/>\n<meta property=\"og:type\" content=\"article\" \/>\n<meta property=\"og:title\" content=\"Trilhas Estrat\u00e9gicas para ALESP\" \/>\n<meta property=\"og:description\" content=\"Lan\u00e7amento das Trilhas Estrat\u00e9gicas para ALESP, cargos de Analista e T\u00e9cnico Legislativo.\" \/>\n<meta property=\"og:url\" content=\"https:\/\/www.estrategiaconcursos.com.br\/blog\/trilhas-estrategicas-para-alesp\/\" \/>\n<meta property=\"og:site_name\" content=\"Estrat\u00e9gia Concursos\" \/>\n<meta property=\"article:published_time\" content=\"2022-03-10T02:50:25+00:00\" \/>\n<meta property=\"article:modified_time\" content=\"2022-03-10T02:54:31+00:00\" \/>\n<meta property=\"og:image\" content=\"https:\/\/www.estrategiaconcursos.com.br\/blog\/wp-content\/uploads\/2022\/03\/image-128.png\" \/>\n<meta name=\"author\" content=\"Ana Caroline Fonseca de Lima\" \/>\n<meta name=\"twitter:card\" content=\"summary_large_image\" \/>\n<meta name=\"twitter:creator\" content=\"@EstratConcursos\" \/>\n<meta name=\"twitter:site\" content=\"@EstratConcursos\" \/>\n<meta name=\"twitter:label1\" content=\"Escrito por\" \/>\n\t<meta name=\"twitter:data1\" content=\"Ana Caroline Fonseca de Lima\" \/>\n\t<meta name=\"twitter:label2\" content=\"Est. tempo de leitura\" \/>\n\t<meta name=\"twitter:data2\" content=\"3 minutos\" \/>\n<script type=\"application\/ld+json\" class=\"yoast-schema-graph\">{\"@context\":\"https:\/\/schema.org\",\"@graph\":[{\"@type\":\"NewsArticle\",\"@id\":\"https:\/\/www.estrategiaconcursos.com.br\/blog\/trilhas-estrategicas-para-alesp\/#article\",\"isPartOf\":{\"@id\":\"https:\/\/www.estrategiaconcursos.com.br\/blog\/trilhas-estrategicas-para-alesp\/\"},\"author\":{\"name\":\"Ana Caroline Fonseca de Lima\",\"@id\":\"https:\/\/www.estrategiaconcursos.com.br\/blog\/#\/schema\/person\/383e5cab9cfdc3da0df6011df1298527\"},\"headline\":\"Trilhas Estrat\u00e9gicas para ALESP\",\"datePublished\":\"2022-03-10T02:50:25+00:00\",\"dateModified\":\"2022-03-10T02:54:31+00:00\",\"mainEntityOfPage\":{\"@id\":\"https:\/\/www.estrategiaconcursos.com.br\/blog\/trilhas-estrategicas-para-alesp\/\"},\"wordCount\":454,\"commentCount\":0,\"publisher\":{\"@id\":\"https:\/\/www.estrategiaconcursos.com.br\/blog\/#organization\"},\"image\":{\"@id\":\"https:\/\/www.estrategiaconcursos.com.br\/blog\/trilhas-estrategicas-para-alesp\/#primaryimage\"},\"thumbnailUrl\":\"https:\/\/www.estrategiaconcursos.com.br\/blog\/wp-content\/uploads\/2022\/03\/image-128.png\",\"articleSection\":[\"Concursos P\u00fablicos\"],\"inLanguage\":\"pt-BR\",\"potentialAction\":[{\"@type\":\"CommentAction\",\"name\":\"Comment\",\"target\":[\"https:\/\/www.estrategiaconcursos.com.br\/blog\/trilhas-estrategicas-para-alesp\/#respond\"]}],\"copyrightYear\":\"2022\",\"copyrightHolder\":{\"@id\":\"https:\/\/www.estrategiaconcursos.com.br\/blog\/#organization\"}},{\"@type\":\"WebPage\",\"@id\":\"https:\/\/www.estrategiaconcursos.com.br\/blog\/trilhas-estrategicas-para-alesp\/\",\"url\":\"https:\/\/www.estrategiaconcursos.com.br\/blog\/trilhas-estrategicas-para-alesp\/\",\"name\":\"Trilhas Estrat\u00e9gicas para ALESP\",\"isPartOf\":{\"@id\":\"https:\/\/www.estrategiaconcursos.com.br\/blog\/#website\"},\"primaryImageOfPage\":{\"@id\":\"https:\/\/www.estrategiaconcursos.com.br\/blog\/trilhas-estrategicas-para-alesp\/#primaryimage\"},\"image\":{\"@id\":\"https:\/\/www.estrategiaconcursos.com.br\/blog\/trilhas-estrategicas-para-alesp\/#primaryimage\"},\"thumbnailUrl\":\"https:\/\/www.estrategiaconcursos.com.br\/blog\/wp-content\/uploads\/2022\/03\/image-128.png\",\"datePublished\":\"2022-03-10T02:50:25+00:00\",\"dateModified\":\"2022-03-10T02:54:31+00:00\",\"description\":\"Lan\u00e7amento das Trilhas Estrat\u00e9gicas para ALESP, cargos de Analista e T\u00e9cnico Legislativo.\",\"breadcrumb\":{\"@id\":\"https:\/\/www.estrategiaconcursos.com.br\/blog\/trilhas-estrategicas-para-alesp\/#breadcrumb\"},\"inLanguage\":\"pt-BR\",\"potentialAction\":[{\"@type\":\"ReadAction\",\"target\":[\"https:\/\/www.estrategiaconcursos.com.br\/blog\/trilhas-estrategicas-para-alesp\/\"]}]},{\"@type\":\"ImageObject\",\"inLanguage\":\"pt-BR\",\"@id\":\"https:\/\/www.estrategiaconcursos.com.br\/blog\/trilhas-estrategicas-para-alesp\/#primaryimage\",\"url\":\"https:\/\/dhg1h5j42swfq.cloudfront.net\/2022\/03\/09234708\/image-128.png\",\"contentUrl\":\"https:\/\/dhg1h5j42swfq.cloudfront.net\/2022\/03\/09234708\/image-128.png\",\"width\":417,\"height\":244},{\"@type\":\"BreadcrumbList\",\"@id\":\"https:\/\/www.estrategiaconcursos.com.br\/blog\/trilhas-estrategicas-para-alesp\/#breadcrumb\",\"itemListElement\":[{\"@type\":\"ListItem\",\"position\":1,\"name\":\"In\u00edcio\",\"item\":\"https:\/\/www.estrategiaconcursos.com.br\/blog\/\"},{\"@type\":\"ListItem\",\"position\":2,\"name\":\"Trilhas Estrat\u00e9gicas para ALESP\"}]},{\"@type\":\"WebSite\",\"@id\":\"https:\/\/www.estrategiaconcursos.com.br\/blog\/#website\",\"url\":\"https:\/\/www.estrategiaconcursos.com.br\/blog\/\",\"name\":\"Estrat\u00e9gia Concursos\",\"description\":\"O blog da Estrat\u00e9gia Concursos traz not\u00edcias sobre concursos e artigos de professores oferecendo cursos para concursos (pdf + videaulas) no site.\",\"publisher\":{\"@id\":\"https:\/\/www.estrategiaconcursos.com.br\/blog\/#organization\"},\"potentialAction\":[{\"@type\":\"SearchAction\",\"target\":{\"@type\":\"EntryPoint\",\"urlTemplate\":\"https:\/\/www.estrategiaconcursos.com.br\/blog\/?s={search_term_string}\"},\"query-input\":{\"@type\":\"PropertyValueSpecification\",\"valueRequired\":true,\"valueName\":\"search_term_string\"}}],\"inLanguage\":\"pt-BR\"},{\"@type\":\"Organization\",\"@id\":\"https:\/\/www.estrategiaconcursos.com.br\/blog\/#organization\",\"name\":\"Estrat\u00e9gia Concursos\",\"url\":\"https:\/\/www.estrategiaconcursos.com.br\/blog\/\",\"logo\":{\"@type\":\"ImageObject\",\"inLanguage\":\"pt-BR\",\"@id\":\"https:\/\/www.estrategiaconcursos.com.br\/blog\/#\/schema\/logo\/image\/\",\"url\":\"https:\/\/dhg1h5j42swfq.cloudfront.net\/2025\/06\/03203428\/logo_concursos-1.jpg\",\"contentUrl\":\"https:\/\/dhg1h5j42swfq.cloudfront.net\/2025\/06\/03203428\/logo_concursos-1.jpg\",\"width\":230,\"height\":60,\"caption\":\"Estrat\u00e9gia Concursos\"},\"image\":{\"@id\":\"https:\/\/www.estrategiaconcursos.com.br\/blog\/#\/schema\/logo\/image\/\"},\"sameAs\":[\"https:\/\/x.com\/EstratConcursos\"]},{\"@type\":\"Person\",\"@id\":\"https:\/\/www.estrategiaconcursos.com.br\/blog\/#\/schema\/person\/383e5cab9cfdc3da0df6011df1298527\",\"name\":\"Ana Caroline Fonseca de Lima\",\"image\":{\"@type\":\"ImageObject\",\"inLanguage\":\"pt-BR\",\"@id\":\"https:\/\/secure.gravatar.com\/avatar\/692f024bcfac8d55be7ef1c552ddcfb3330c1cfe48f430e7e8d7de62c3191f66?s=96&d=mm&r=g\",\"url\":\"https:\/\/secure.gravatar.com\/avatar\/692f024bcfac8d55be7ef1c552ddcfb3330c1cfe48f430e7e8d7de62c3191f66?s=96&d=mm&r=g\",\"contentUrl\":\"https:\/\/secure.gravatar.com\/avatar\/692f024bcfac8d55be7ef1c552ddcfb3330c1cfe48f430e7e8d7de62c3191f66?s=96&d=mm&r=g\",\"caption\":\"Ana Caroline Fonseca de Lima\"},\"description\":\"Auditora Fiscal do Trabalho (AFT). Oficial da Reserva da For\u00e7a A\u00e9rea Brasileira, formada na Academia da For\u00e7a A\u00e9rea (Capit\u00e3o Intendente da Reserva N\u00e3o Remunerada), permanecendo na ativa por 12 anos - Bacharel em Administra\u00e7\u00e3o (2005) - Bacharel em Direito (2011) - Especializada em Gest\u00e3o da Administra\u00e7\u00e3o P\u00fablica pela Universidade Castelo Branco (2009) - P\u00f3s-graduada em Direito e Processo do Trabalho pela Universidade Anhanguera -UNIDERP (2013) Aprova\u00e7\u00f5es em concursos p\u00fablicos: - Col\u00e9gio Militar do Rio de Janeiro - CMRJ (1999) - Academia da For\u00e7a A\u00e9rea - AFA (2002) - Auditor Fiscal do Trabalho - AFT (2013) https:\/\/www.instagram.com\/anacaroline.flima\/\",\"sameAs\":[\"https:\/\/www.instagram.com\/anacaroline.flima\/\"],\"url\":\"https:\/\/www.estrategiaconcursos.com.br\/blog\/author\/anacaroline-fonsecayahoo-com-br\/\"}]}<\/script>\n<!-- \/ Yoast SEO Premium plugin. -->","yoast_head_json":{"title":"Trilhas Estrat\u00e9gicas para ALESP","description":"Lan\u00e7amento das Trilhas Estrat\u00e9gicas para ALESP, cargos de Analista e T\u00e9cnico Legislativo.","robots":{"index":"index","follow":"follow","max-snippet":"max-snippet:-1","max-image-preview":"max-image-preview:large","max-video-preview":"max-video-preview:-1"},"canonical":"https:\/\/www.estrategiaconcursos.com.br\/blog\/trilhas-estrategicas-para-alesp\/","og_locale":"pt_BR","og_type":"article","og_title":"Trilhas Estrat\u00e9gicas para ALESP","og_description":"Lan\u00e7amento das Trilhas Estrat\u00e9gicas para ALESP, cargos de Analista e T\u00e9cnico Legislativo.","og_url":"https:\/\/www.estrategiaconcursos.com.br\/blog\/trilhas-estrategicas-para-alesp\/","og_site_name":"Estrat\u00e9gia Concursos","article_published_time":"2022-03-10T02:50:25+00:00","article_modified_time":"2022-03-10T02:54:31+00:00","og_image":[{"url":"https:\/\/www.estrategiaconcursos.com.br\/blog\/wp-content\/uploads\/2022\/03\/image-128.png","type":"","width":"","height":""}],"author":"Ana Caroline Fonseca de Lima","twitter_card":"summary_large_image","twitter_creator":"@EstratConcursos","twitter_site":"@EstratConcursos","twitter_misc":{"Escrito por":"Ana Caroline Fonseca de Lima","Est. tempo de leitura":"3 minutos"},"schema":{"@context":"https:\/\/schema.org","@graph":[{"@type":"NewsArticle","@id":"https:\/\/www.estrategiaconcursos.com.br\/blog\/trilhas-estrategicas-para-alesp\/#article","isPartOf":{"@id":"https:\/\/www.estrategiaconcursos.com.br\/blog\/trilhas-estrategicas-para-alesp\/"},"author":{"name":"Ana Caroline Fonseca de Lima","@id":"https:\/\/www.estrategiaconcursos.com.br\/blog\/#\/schema\/person\/383e5cab9cfdc3da0df6011df1298527"},"headline":"Trilhas Estrat\u00e9gicas para ALESP","datePublished":"2022-03-10T02:50:25+00:00","dateModified":"2022-03-10T02:54:31+00:00","mainEntityOfPage":{"@id":"https:\/\/www.estrategiaconcursos.com.br\/blog\/trilhas-estrategicas-para-alesp\/"},"wordCount":454,"commentCount":0,"publisher":{"@id":"https:\/\/www.estrategiaconcursos.com.br\/blog\/#organization"},"image":{"@id":"https:\/\/www.estrategiaconcursos.com.br\/blog\/trilhas-estrategicas-para-alesp\/#primaryimage"},"thumbnailUrl":"https:\/\/www.estrategiaconcursos.com.br\/blog\/wp-content\/uploads\/2022\/03\/image-128.png","articleSection":["Concursos P\u00fablicos"],"inLanguage":"pt-BR","potentialAction":[{"@type":"CommentAction","name":"Comment","target":["https:\/\/www.estrategiaconcursos.com.br\/blog\/trilhas-estrategicas-para-alesp\/#respond"]}],"copyrightYear":"2022","copyrightHolder":{"@id":"https:\/\/www.estrategiaconcursos.com.br\/blog\/#organization"}},{"@type":"WebPage","@id":"https:\/\/www.estrategiaconcursos.com.br\/blog\/trilhas-estrategicas-para-alesp\/","url":"https:\/\/www.estrategiaconcursos.com.br\/blog\/trilhas-estrategicas-para-alesp\/","name":"Trilhas Estrat\u00e9gicas para ALESP","isPartOf":{"@id":"https:\/\/www.estrategiaconcursos.com.br\/blog\/#website"},"primaryImageOfPage":{"@id":"https:\/\/www.estrategiaconcursos.com.br\/blog\/trilhas-estrategicas-para-alesp\/#primaryimage"},"image":{"@id":"https:\/\/www.estrategiaconcursos.com.br\/blog\/trilhas-estrategicas-para-alesp\/#primaryimage"},"thumbnailUrl":"https:\/\/www.estrategiaconcursos.com.br\/blog\/wp-content\/uploads\/2022\/03\/image-128.png","datePublished":"2022-03-10T02:50:25+00:00","dateModified":"2022-03-10T02:54:31+00:00","description":"Lan\u00e7amento das Trilhas Estrat\u00e9gicas para ALESP, cargos de Analista e T\u00e9cnico Legislativo.","breadcrumb":{"@id":"https:\/\/www.estrategiaconcursos.com.br\/blog\/trilhas-estrategicas-para-alesp\/#breadcrumb"},"inLanguage":"pt-BR","potentialAction":[{"@type":"ReadAction","target":["https:\/\/www.estrategiaconcursos.com.br\/blog\/trilhas-estrategicas-para-alesp\/"]}]},{"@type":"ImageObject","inLanguage":"pt-BR","@id":"https:\/\/www.estrategiaconcursos.com.br\/blog\/trilhas-estrategicas-para-alesp\/#primaryimage","url":"https:\/\/dhg1h5j42swfq.cloudfront.net\/2022\/03\/09234708\/image-128.png","contentUrl":"https:\/\/dhg1h5j42swfq.cloudfront.net\/2022\/03\/09234708\/image-128.png","width":417,"height":244},{"@type":"BreadcrumbList","@id":"https:\/\/www.estrategiaconcursos.com.br\/blog\/trilhas-estrategicas-para-alesp\/#breadcrumb","itemListElement":[{"@type":"ListItem","position":1,"name":"In\u00edcio","item":"https:\/\/www.estrategiaconcursos.com.br\/blog\/"},{"@type":"ListItem","position":2,"name":"Trilhas Estrat\u00e9gicas para ALESP"}]},{"@type":"WebSite","@id":"https:\/\/www.estrategiaconcursos.com.br\/blog\/#website","url":"https:\/\/www.estrategiaconcursos.com.br\/blog\/","name":"Estrat\u00e9gia Concursos","description":"O blog da Estrat\u00e9gia Concursos traz not\u00edcias sobre concursos e artigos de professores oferecendo cursos para concursos (pdf + videaulas) no site.","publisher":{"@id":"https:\/\/www.estrategiaconcursos.com.br\/blog\/#organization"},"potentialAction":[{"@type":"SearchAction","target":{"@type":"EntryPoint","urlTemplate":"https:\/\/www.estrategiaconcursos.com.br\/blog\/?s={search_term_string}"},"query-input":{"@type":"PropertyValueSpecification","valueRequired":true,"valueName":"search_term_string"}}],"inLanguage":"pt-BR"},{"@type":"Organization","@id":"https:\/\/www.estrategiaconcursos.com.br\/blog\/#organization","name":"Estrat\u00e9gia Concursos","url":"https:\/\/www.estrategiaconcursos.com.br\/blog\/","logo":{"@type":"ImageObject","inLanguage":"pt-BR","@id":"https:\/\/www.estrategiaconcursos.com.br\/blog\/#\/schema\/logo\/image\/","url":"https:\/\/dhg1h5j42swfq.cloudfront.net\/2025\/06\/03203428\/logo_concursos-1.jpg","contentUrl":"https:\/\/dhg1h5j42swfq.cloudfront.net\/2025\/06\/03203428\/logo_concursos-1.jpg","width":230,"height":60,"caption":"Estrat\u00e9gia Concursos"},"image":{"@id":"https:\/\/www.estrategiaconcursos.com.br\/blog\/#\/schema\/logo\/image\/"},"sameAs":["https:\/\/x.com\/EstratConcursos"]},{"@type":"Person","@id":"https:\/\/www.estrategiaconcursos.com.br\/blog\/#\/schema\/person\/383e5cab9cfdc3da0df6011df1298527","name":"Ana Caroline Fonseca de Lima","image":{"@type":"ImageObject","inLanguage":"pt-BR","@id":"https:\/\/secure.gravatar.com\/avatar\/692f024bcfac8d55be7ef1c552ddcfb3330c1cfe48f430e7e8d7de62c3191f66?s=96&d=mm&r=g","url":"https:\/\/secure.gravatar.com\/avatar\/692f024bcfac8d55be7ef1c552ddcfb3330c1cfe48f430e7e8d7de62c3191f66?s=96&d=mm&r=g","contentUrl":"https:\/\/secure.gravatar.com\/avatar\/692f024bcfac8d55be7ef1c552ddcfb3330c1cfe48f430e7e8d7de62c3191f66?s=96&d=mm&r=g","caption":"Ana Caroline Fonseca de Lima"},"description":"Auditora Fiscal do Trabalho (AFT). Oficial da Reserva da For\u00e7a A\u00e9rea Brasileira, formada na Academia da For\u00e7a A\u00e9rea (Capit\u00e3o Intendente da Reserva N\u00e3o Remunerada), permanecendo na ativa por 12 anos - Bacharel em Administra\u00e7\u00e3o (2005) - Bacharel em Direito (2011) - Especializada em Gest\u00e3o da Administra\u00e7\u00e3o P\u00fablica pela Universidade Castelo Branco (2009) - P\u00f3s-graduada em Direito e Processo do Trabalho pela Universidade Anhanguera -UNIDERP (2013) Aprova\u00e7\u00f5es em concursos p\u00fablicos: - Col\u00e9gio Militar do Rio de Janeiro - CMRJ (1999) - Academia da For\u00e7a A\u00e9rea - AFA (2002) - Auditor Fiscal do Trabalho - AFT (2013) https:\/\/www.instagram.com\/anacaroline.flima\/","sameAs":["https:\/\/www.instagram.com\/anacaroline.flima\/"],"url":"https:\/\/www.estrategiaconcursos.com.br\/blog\/author\/anacaroline-fonsecayahoo-com-br\/"}]}},"_links":{"self":[{"href":"https:\/\/www.estrategiaconcursos.com.br\/blog\/wp-json\/wp\/v2\/posts\/984230","targetHints":{"allow":["GET"]}}],"collection":[{"href":"https:\/\/www.estrategiaconcursos.com.br\/blog\/wp-json\/wp\/v2\/posts"}],"about":[{"href":"https:\/\/www.estrategiaconcursos.com.br\/blog\/wp-json\/wp\/v2\/types\/post"}],"author":[{"embeddable":true,"href":"https:\/\/www.estrategiaconcursos.com.br\/blog\/wp-json\/wp\/v2\/users\/1384"}],"replies":[{"embeddable":true,"href":"https:\/\/www.estrategiaconcursos.com.br\/blog\/wp-json\/wp\/v2\/comments?post=984230"}],"version-history":[{"count":4,"href":"https:\/\/www.estrategiaconcursos.com.br\/blog\/wp-json\/wp\/v2\/posts\/984230\/revisions"}],"predecessor-version":[{"id":984237,"href":"https:\/\/www.estrategiaconcursos.com.br\/blog\/wp-json\/wp\/v2\/posts\/984230\/revisions\/984237"}],"wp:attachment":[{"href":"https:\/\/www.estrategiaconcursos.com.br\/blog\/wp-json\/wp\/v2\/media?parent=984230"}],"wp:term":[{"taxonomy":"category","embeddable":true,"href":"https:\/\/www.estrategiaconcursos.com.br\/blog\/wp-json\/wp\/v2\/categories?post=984230"},{"taxonomy":"post_tag","embeddable":true,"href":"https:\/\/www.estrategiaconcursos.com.br\/blog\/wp-json\/wp\/v2\/tags?post=984230"},{"taxonomy":"tax_estado","embeddable":true,"href":"https:\/\/www.estrategiaconcursos.com.br\/blog\/wp-json\/wp\/v2\/tax_estado?post=984230"}],"curies":[{"name":"wp","href":"https:\/\/api.w.org\/{rel}","templated":true}]}}