{"id":9835,"date":"2013-02-26T15:23:41","date_gmt":"2013-02-26T15:23:41","guid":{"rendered":"https:\/\/www.estrategiaconcursos.com.br\/blog\/questao-comentada-de-gestao-de-projetos-esaf-4\/"},"modified":"2013-08-17T16:16:27","modified_gmt":"2013-08-17T16:16:27","slug":"questao-comentada-de-gestao-de-projetos-esaf-4","status":"publish","type":"post","link":"https:\/\/www.estrategiaconcursos.com.br\/blog\/questao-comentada-de-gestao-de-projetos-esaf-4\/","title":{"rendered":"Quest\u00e3o comentada de Gest\u00e3o de Projetos &#8211; ESAF."},"content":{"rendered":"<div style=\"margin: 2px 0px; border-top-left-radius: 10px; border-top-right-radius: 10px; border-bottom-right-radius: 10px; border-bottom-left-radius: 10px; font-family: arial; font-size: 12px;\">Oi Pessoal!<\/div>\n<div style=\"margin: 2px 0px; border-top-left-radius: 10px; border-top-right-radius: 10px; border-bottom-right-radius: 10px; border-bottom-left-radius: 10px; font-family: arial; font-size: 12px;\"><\/div>\n<div style=\"margin: 2px 0px; border-top-left-radius: 10px; border-top-right-radius: 10px; border-bottom-right-radius: 10px; border-bottom-left-radius: 10px; font-family: arial; font-size: 12px;\">Voc\u00eas que est\u00e3o se preparando para os v\u00e1rios concursos da ESAF previstos para este ano, inclusive o de AFC &#8211; STN, precisam estudar bem o tema de gest\u00e3o de projetos.<\/div>\n<div style=\"margin: 2px 0px; border-top-left-radius: 10px; border-top-right-radius: 10px; border-bottom-right-radius: 10px; border-bottom-left-radius: 10px; font-family: arial; font-size: 12px;\"><\/div>\n<div style=\"margin: 2px 0px; border-top-left-radius: 10px; border-top-right-radius: 10px; border-bottom-right-radius: 10px; border-bottom-left-radius: 10px; font-family: arial; font-size: 12px;\">Trouxe uma quest\u00e3o para voc\u00eas praticarem:<\/div>\n<div style=\"margin: 2px 0px; border-top-left-radius: 10px; border-top-right-radius: 10px; border-bottom-right-radius: 10px; border-bottom-left-radius: 10px; font-family: arial; font-size: 12px;\"><\/div>\n<div style=\"margin: 2px 0px; border-top-left-radius: 10px; border-top-right-radius: 10px; border-bottom-right-radius: 10px; border-bottom-left-radius: 10px; font-family: arial; font-size: 12px;\"><b>(ESAF\/Prefeitura de Natal\/Auditor do Tesouro Municipal ? TI\/2008) Analise as seguintes afirma\u00e7\u00f5es relacionadas a ferramentas de aux\u00edlio ao gerenciamento de projetos:<\/b><\/div>\n<div style=\"margin: 2px 0px; border-top-left-radius: 10px; border-top-right-radius: 10px; border-bottom-right-radius: 10px; border-bottom-left-radius: 10px; font-family: arial; font-size: 12px;\"><b>I. As redes PERT permitem calcular o tempo total de dura\u00e7\u00e3o do projeto.&nbsp;<\/b><\/div>\n<div style=\"margin: 2px 0px; border-top-left-radius: 10px; border-top-right-radius: 10px; border-bottom-right-radius: 10px; border-bottom-left-radius: 10px; font-family: arial; font-size: 12px;\"><b>II. O Caminho Cr\u00edtico de um projeto \u00e9 formado pelo conjunto de atividades que isoladamente determinam o custo total do projeto.&nbsp;<\/b><\/div>\n<div style=\"margin: 2px 0px; border-top-left-radius: 10px; border-top-right-radius: 10px; border-bottom-right-radius: 10px; border-bottom-left-radius: 10px; font-family: arial; font-size: 12px;\"><b>III. O custo de promover mudan\u00e7as em um projeto \u00e9 muito menor se realizadas no in\u00edcio do projeto, quando comparadas com mudan\u00e7as realizadas no final do projeto.<\/b><\/div>\n<div style=\"margin: 2px 0px; border-top-left-radius: 10px; border-top-right-radius: 10px; border-bottom-right-radius: 10px; border-bottom-left-radius: 10px; font-family: arial; font-size: 12px;\"><b>IV. Considerando-se as fases do Ciclo de Vida de um projeto, \u00e9 correto afirmar que a Fase de Inicia\u00e7\u00e3o \u00e9 aquela que materializa tudo aquilo que foi planejado.<\/b><\/div>\n<div style=\"margin: 2px 0px; border-top-left-radius: 10px; border-top-right-radius: 10px; border-bottom-right-radius: 10px; border-bottom-left-radius: 10px; font-family: arial; font-size: 12px;\"><b>Indique a op\u00e7\u00e3o que contenha todas as afirma\u00e7\u00f5es verdadeiras.<\/b><\/div>\n<div style=\"margin: 2px 0px; border-top-left-radius: 10px; border-top-right-radius: 10px; border-bottom-right-radius: 10px; border-bottom-left-radius: 10px; font-family: arial; font-size: 12px;\">a) I e II.<\/div>\n<div style=\"margin: 2px 0px; border-top-left-radius: 10px; border-top-right-radius: 10px; border-bottom-right-radius: 10px; border-bottom-left-radius: 10px; font-family: arial; font-size: 12px;\">b) II e III.<\/div>\n<div style=\"margin: 2px 0px; border-top-left-radius: 10px; border-top-right-radius: 10px; border-bottom-right-radius: 10px; border-bottom-left-radius: 10px; font-family: arial; font-size: 12px;\">c) III e IV.<\/div>\n<div style=\"margin: 2px 0px; border-top-left-radius: 10px; border-top-right-radius: 10px; border-bottom-right-radius: 10px; border-bottom-left-radius: 10px; font-family: arial; font-size: 12px;\">d) I e III.<\/div>\n<div style=\"margin: 2px 0px; border-top-left-radius: 10px; border-top-right-radius: 10px; border-bottom-right-radius: 10px; border-bottom-left-radius: 10px; font-family: arial; font-size: 12px;\">e) II e IV.<\/div>\n<div style=\"margin: 2px 0px; border-top-left-radius: 10px; border-top-right-radius: 10px; border-bottom-right-radius: 10px; border-bottom-left-radius: 10px; font-family: arial; font-size: 12px;\"><b><u>Coment\u00e1rio:<\/u><\/b><\/div>\n<div style=\"margin: 2px 0px; border-top-left-radius: 10px; border-top-right-radius: 10px; border-bottom-right-radius: 10px; border-bottom-left-radius: 10px; font-family: arial; font-size: 12px;\"><\/div>\n<div style=\"margin: 2px 0px; border-top-left-radius: 10px; border-top-right-radius: 10px; border-bottom-right-radius: 10px; border-bottom-left-radius: 10px; font-family: arial; font-size: 12px;\">Vamos analisar cada um dos itens:<\/div>\n<div style=\"margin: 2px 0px; border-top-left-radius: 10px; border-top-right-radius: 10px; border-bottom-right-radius: 10px; border-bottom-left-radius: 10px; font-family: arial; font-size: 12px;\">Item I ? Certo. As redes PERT\/CPM servem para que se calcule o tempo de dura\u00e7\u00e3o do projeto.<\/div>\n<div style=\"margin: 2px 0px; border-top-left-radius: 10px; border-top-right-radius: 10px; border-bottom-right-radius: 10px; border-bottom-left-radius: 10px; font-family: arial; font-size: 12px;\">Item II ? Errado. O caminho cr\u00edtico \u00e9 o caminho sem folga para o cumprimento do cronograma de um projeto. N\u00e3o tem rela\u00e7\u00e3o com o que foi dito no item.<\/div>\n<div style=\"margin: 2px 0px; border-top-left-radius: 10px; border-top-right-radius: 10px; border-bottom-right-radius: 10px; border-bottom-left-radius: 10px; font-family: arial; font-size: 12px;\">Item III ? Certo. O custo de mudan\u00e7as no projeto sobe ao longo do tempo.<\/div>\n<div style=\"margin: 2px 0px; border-top-left-radius: 10px; border-top-right-radius: 10px; border-bottom-right-radius: 10px; border-bottom-left-radius: 10px; font-family: arial; font-size: 12px;\">Item IV ? Errado. No ciclo de vida, \u00e9 na etapa de execu\u00e7\u00e3o dos trabalhos que o que foi planejado \u00e9 posto em pr\u00e1tica.<\/div>\n<div style=\"margin: 2px 0px; border-top-left-radius: 10px; border-top-right-radius: 10px; border-bottom-right-radius: 10px; border-bottom-left-radius: 10px; font-family: arial; font-size: 12px;\"><\/div>\n<div style=\"margin: 2px 0px; border-top-left-radius: 10px; border-top-right-radius: 10px; border-bottom-right-radius: 10px; border-bottom-left-radius: 10px; font-family: arial; font-size: 12px;\"><u><b>GABARITO: D.<\/b><\/u><\/div>\n<div style=\"margin: 2px 0px; border-top-left-radius: 10px; border-top-right-radius: 10px; border-bottom-right-radius: 10px; border-bottom-left-radius: 10px; font-family: arial; font-size: 12px;\"><\/div>\n<div style=\"margin: 2px 0px; border-top-left-radius: 10px; border-top-right-radius: 10px; border-bottom-right-radius: 10px; border-bottom-left-radius: 10px; font-family: arial; font-size: 12px;\">A quem interessar, estou com dois cursos voltados para o concurso de AFC com o Estrat\u00e9gia Concursos:<\/div>\n<div style=\"margin: 2px 0px; border-top-left-radius: 10px; border-top-right-radius: 10px; border-bottom-right-radius: 10px; border-bottom-left-radius: 10px; font-family: arial; font-size: 12px;\"><\/div>\n<div style=\"margin: 2px 0px; border-top-left-radius: 10px; border-top-right-radius: 10px; border-bottom-right-radius: 10px; border-bottom-left-radius: 10px; font-family: arial; font-size: 12px;\"><b style=\"color: rgb(132, 177, 27);\"><a href=\"http:\/\/www.estrategiaconcursos.com.br\/curso\/1666\/estrategia-e-planejamento-p-stn-area-desenvolvimento-institucional\">Estrat\u00e9gia e Planejamento para AFC\/STN &#8211; Desenvolvimento Institucional<\/a><\/b><\/div>\n<div style=\"margin: 2px 0px; border-top-left-radius: 10px; border-top-right-radius: 10px; border-bottom-right-radius: 10px; border-bottom-left-radius: 10px; font-family: arial; font-size: 12px;\"><\/div>\n<div style=\"margin: 2px 0px; border-top-left-radius: 10px; border-top-right-radius: 10px; border-bottom-right-radius: 10px; border-bottom-left-radius: 10px; font-family: arial; font-size: 12px;\"><b style=\"color: rgb(132, 177, 27);\"><a href=\"http:\/\/www.estrategiaconcursos.com.br\/curso\/1665\/administracao-p-stn-area-de-desenvolvimento-institucional\">Administra\u00e7\u00e3o para AFC\/STN &#8211; Desenvolvimento Institucional<\/a><\/b><\/div>\n<div style=\"margin: 2px 0px; border-top-left-radius: 10px; border-top-right-radius: 10px; border-bottom-right-radius: 10px; border-bottom-left-radius: 10px; font-family: arial; font-size: 12px;\"><\/div>\n<div style=\"margin: 2px 0px; border-top-left-radius: 10px; border-top-right-radius: 10px; border-bottom-right-radius: 10px; border-bottom-left-radius: 10px; font-family: arial; font-size: 12px;\"><b>Um abra\u00e7o e bons estudos!<\/b><\/div>\n<div style=\"margin: 2px 0px; border-top-left-radius: 10px; border-top-right-radius: 10px; border-bottom-right-radius: 10px; border-bottom-left-radius: 10px; font-family: arial; font-size: 12px;\"><b><br \/><\/b><\/div>\n<div style=\"margin: 2px 0px; border-top-left-radius: 10px; border-top-right-radius: 10px; border-bottom-right-radius: 10px; border-bottom-left-radius: 10px; font-family: arial; font-size: 12px;\"><b>Prof. Carlos Xavier<\/b><\/div>\n<div style=\"margin: 2px 0px; border-top-left-radius: 10px; border-top-right-radius: 10px; border-bottom-right-radius: 10px; border-bottom-left-radius: 10px; font-family: arial; font-size: 12px;\"><b><font color=\"#84b11b\"><a href=\"www.facebook.com\/professorcarlosxavier\">www.facebook.com\/professorcarlosxavier<\/a><\/font><\/b><\/div>\n","protected":false},"excerpt":{"rendered":"<p>Oi Pessoal! Voc\u00eas que est\u00e3o se preparando para os v\u00e1rios concursos da ESAF previstos para este ano, inclusive o de AFC &#8211; STN, precisam estudar bem o tema de gest\u00e3o de projetos. Trouxe uma quest\u00e3o para voc\u00eas praticarem: (ESAF\/Prefeitura de Natal\/Auditor do Tesouro Municipal ? TI\/2008) Analise as seguintes afirma\u00e7\u00f5es relacionadas a ferramentas de aux\u00edlio [&hellip;]<\/p>\n","protected":false},"author":71,"featured_media":0,"comment_status":"open","ping_status":"open","sticky":false,"template":"","format":"standard","meta":{"post_tipo":"article","footnotes":""},"categories":[1],"tags":[],"tax_estado":[],"class_list":["post-9835","post","type-post","status-publish","format-standard","hentry","category-cursos-e-concursos"],"acf":[],"yoast_head":"<!-- This site is optimized with the Yoast SEO Premium plugin v27.2 (Yoast SEO v27.2) - https:\/\/yoast.com\/product\/yoast-seo-premium-wordpress\/ -->\n<title>Quest\u00e3o comentada de Gest\u00e3o de Projetos - ESAF.<\/title>\n<meta name=\"robots\" content=\"index, follow, max-snippet:-1, max-image-preview:large, max-video-preview:-1\" \/>\n<link rel=\"canonical\" href=\"https:\/\/www.estrategiaconcursos.com.br\/blog\/questao-comentada-de-gestao-de-projetos-esaf-4\/\" \/>\n<meta property=\"og:locale\" content=\"pt_BR\" \/>\n<meta property=\"og:type\" content=\"article\" \/>\n<meta property=\"og:title\" content=\"Quest\u00e3o comentada de Gest\u00e3o de Projetos - ESAF.\" \/>\n<meta property=\"og:description\" content=\"Oi Pessoal! Voc\u00eas que est\u00e3o se preparando para os v\u00e1rios concursos da ESAF previstos para este ano, inclusive o de AFC &#8211; STN, precisam estudar bem o tema de gest\u00e3o de projetos. Trouxe uma quest\u00e3o para voc\u00eas praticarem: (ESAF\/Prefeitura de Natal\/Auditor do Tesouro Municipal ? TI\/2008) Analise as seguintes afirma\u00e7\u00f5es relacionadas a ferramentas de aux\u00edlio [&hellip;]\" \/>\n<meta property=\"og:url\" content=\"https:\/\/www.estrategiaconcursos.com.br\/blog\/questao-comentada-de-gestao-de-projetos-esaf-4\/\" \/>\n<meta property=\"og:site_name\" content=\"Estrat\u00e9gia Concursos\" \/>\n<meta property=\"article:published_time\" content=\"2013-02-26T15:23:41+00:00\" \/>\n<meta property=\"article:modified_time\" content=\"2013-08-17T16:16:27+00:00\" \/>\n<meta name=\"author\" content=\"Carlos Xavier\" \/>\n<meta name=\"twitter:card\" content=\"summary_large_image\" \/>\n<meta name=\"twitter:creator\" content=\"@EstratConcursos\" \/>\n<meta name=\"twitter:site\" content=\"@EstratConcursos\" \/>\n<meta name=\"twitter:label1\" content=\"Escrito por\" \/>\n\t<meta name=\"twitter:data1\" content=\"Carlos Xavier\" \/>\n\t<meta name=\"twitter:label2\" content=\"Est. tempo de leitura\" \/>\n\t<meta name=\"twitter:data2\" content=\"2 minutos\" \/>\n<script type=\"application\/ld+json\" class=\"yoast-schema-graph\">{\"@context\":\"https:\/\/schema.org\",\"@graph\":[{\"@type\":\"NewsArticle\",\"@id\":\"https:\/\/www.estrategiaconcursos.com.br\/blog\/questao-comentada-de-gestao-de-projetos-esaf-4\/#article\",\"isPartOf\":{\"@id\":\"https:\/\/www.estrategiaconcursos.com.br\/blog\/questao-comentada-de-gestao-de-projetos-esaf-4\/\"},\"author\":{\"name\":\"Carlos Xavier\",\"@id\":\"https:\/\/www.estrategiaconcursos.com.br\/blog\/#\/schema\/person\/5a50bf0a3d06f4886b520c7c38dea74d\"},\"headline\":\"Quest\u00e3o comentada de Gest\u00e3o de Projetos &#8211; ESAF.\",\"datePublished\":\"2013-02-26T15:23:41+00:00\",\"dateModified\":\"2013-08-17T16:16:27+00:00\",\"mainEntityOfPage\":{\"@id\":\"https:\/\/www.estrategiaconcursos.com.br\/blog\/questao-comentada-de-gestao-de-projetos-esaf-4\/\"},\"wordCount\":349,\"commentCount\":0,\"publisher\":{\"@id\":\"https:\/\/www.estrategiaconcursos.com.br\/blog\/#organization\"},\"articleSection\":[\"Concursos P\u00fablicos\"],\"inLanguage\":\"pt-BR\",\"potentialAction\":[{\"@type\":\"CommentAction\",\"name\":\"Comment\",\"target\":[\"https:\/\/www.estrategiaconcursos.com.br\/blog\/questao-comentada-de-gestao-de-projetos-esaf-4\/#respond\"]}],\"copyrightYear\":\"2013\",\"copyrightHolder\":{\"@id\":\"https:\/\/www.estrategiaconcursos.com.br\/blog\/#organization\"}},{\"@type\":\"WebPage\",\"@id\":\"https:\/\/www.estrategiaconcursos.com.br\/blog\/questao-comentada-de-gestao-de-projetos-esaf-4\/\",\"url\":\"https:\/\/www.estrategiaconcursos.com.br\/blog\/questao-comentada-de-gestao-de-projetos-esaf-4\/\",\"name\":\"Quest\u00e3o comentada de Gest\u00e3o de Projetos - ESAF.\",\"isPartOf\":{\"@id\":\"https:\/\/www.estrategiaconcursos.com.br\/blog\/#website\"},\"datePublished\":\"2013-02-26T15:23:41+00:00\",\"dateModified\":\"2013-08-17T16:16:27+00:00\",\"breadcrumb\":{\"@id\":\"https:\/\/www.estrategiaconcursos.com.br\/blog\/questao-comentada-de-gestao-de-projetos-esaf-4\/#breadcrumb\"},\"inLanguage\":\"pt-BR\",\"potentialAction\":[{\"@type\":\"ReadAction\",\"target\":[\"https:\/\/www.estrategiaconcursos.com.br\/blog\/questao-comentada-de-gestao-de-projetos-esaf-4\/\"]}]},{\"@type\":\"BreadcrumbList\",\"@id\":\"https:\/\/www.estrategiaconcursos.com.br\/blog\/questao-comentada-de-gestao-de-projetos-esaf-4\/#breadcrumb\",\"itemListElement\":[{\"@type\":\"ListItem\",\"position\":1,\"name\":\"In\u00edcio\",\"item\":\"https:\/\/www.estrategiaconcursos.com.br\/blog\/\"},{\"@type\":\"ListItem\",\"position\":2,\"name\":\"Quest\u00e3o comentada de Gest\u00e3o de Projetos &#8211; ESAF.\"}]},{\"@type\":\"WebSite\",\"@id\":\"https:\/\/www.estrategiaconcursos.com.br\/blog\/#website\",\"url\":\"https:\/\/www.estrategiaconcursos.com.br\/blog\/\",\"name\":\"Estrat\u00e9gia Concursos\",\"description\":\"O blog da Estrat\u00e9gia Concursos traz not\u00edcias sobre concursos e artigos de professores oferecendo cursos para concursos (pdf + videaulas) no site.\",\"publisher\":{\"@id\":\"https:\/\/www.estrategiaconcursos.com.br\/blog\/#organization\"},\"potentialAction\":[{\"@type\":\"SearchAction\",\"target\":{\"@type\":\"EntryPoint\",\"urlTemplate\":\"https:\/\/www.estrategiaconcursos.com.br\/blog\/?s={search_term_string}\"},\"query-input\":{\"@type\":\"PropertyValueSpecification\",\"valueRequired\":true,\"valueName\":\"search_term_string\"}}],\"inLanguage\":\"pt-BR\"},{\"@type\":\"Organization\",\"@id\":\"https:\/\/www.estrategiaconcursos.com.br\/blog\/#organization\",\"name\":\"Estrat\u00e9gia Concursos\",\"url\":\"https:\/\/www.estrategiaconcursos.com.br\/blog\/\",\"logo\":{\"@type\":\"ImageObject\",\"inLanguage\":\"pt-BR\",\"@id\":\"https:\/\/www.estrategiaconcursos.com.br\/blog\/#\/schema\/logo\/image\/\",\"url\":\"https:\/\/dhg1h5j42swfq.cloudfront.net\/2025\/06\/03203428\/logo_concursos-1.jpg\",\"contentUrl\":\"https:\/\/dhg1h5j42swfq.cloudfront.net\/2025\/06\/03203428\/logo_concursos-1.jpg\",\"width\":230,\"height\":60,\"caption\":\"Estrat\u00e9gia Concursos\"},\"image\":{\"@id\":\"https:\/\/www.estrategiaconcursos.com.br\/blog\/#\/schema\/logo\/image\/\"},\"sameAs\":[\"https:\/\/x.com\/EstratConcursos\"]},{\"@type\":\"Person\",\"@id\":\"https:\/\/www.estrategiaconcursos.com.br\/blog\/#\/schema\/person\/5a50bf0a3d06f4886b520c7c38dea74d\",\"name\":\"Carlos Xavier\",\"image\":{\"@type\":\"ImageObject\",\"inLanguage\":\"pt-BR\",\"@id\":\"https:\/\/secure.gravatar.com\/avatar\/284a9e45eef24bbb62c6099df1725df7081ffb6d7e3d95d7ee0d771f55aa8923?s=96&d=mm&r=g\",\"url\":\"https:\/\/secure.gravatar.com\/avatar\/284a9e45eef24bbb62c6099df1725df7081ffb6d7e3d95d7ee0d771f55aa8923?s=96&d=mm&r=g\",\"contentUrl\":\"https:\/\/secure.gravatar.com\/avatar\/284a9e45eef24bbb62c6099df1725df7081ffb6d7e3d95d7ee0d771f55aa8923?s=96&d=mm&r=g\",\"caption\":\"Carlos Xavier\"},\"url\":\"https:\/\/www.estrategiaconcursos.com.br\/blog\/author\/carlosxavierestrategiaconcursos-com-br\/\"}]}<\/script>\n<!-- \/ Yoast SEO Premium plugin. -->","yoast_head_json":{"title":"Quest\u00e3o comentada de Gest\u00e3o de Projetos - ESAF.","robots":{"index":"index","follow":"follow","max-snippet":"max-snippet:-1","max-image-preview":"max-image-preview:large","max-video-preview":"max-video-preview:-1"},"canonical":"https:\/\/www.estrategiaconcursos.com.br\/blog\/questao-comentada-de-gestao-de-projetos-esaf-4\/","og_locale":"pt_BR","og_type":"article","og_title":"Quest\u00e3o comentada de Gest\u00e3o de Projetos - ESAF.","og_description":"Oi Pessoal! Voc\u00eas que est\u00e3o se preparando para os v\u00e1rios concursos da ESAF previstos para este ano, inclusive o de AFC &#8211; STN, precisam estudar bem o tema de gest\u00e3o de projetos. Trouxe uma quest\u00e3o para voc\u00eas praticarem: (ESAF\/Prefeitura de Natal\/Auditor do Tesouro Municipal ? TI\/2008) Analise as seguintes afirma\u00e7\u00f5es relacionadas a ferramentas de aux\u00edlio [&hellip;]","og_url":"https:\/\/www.estrategiaconcursos.com.br\/blog\/questao-comentada-de-gestao-de-projetos-esaf-4\/","og_site_name":"Estrat\u00e9gia Concursos","article_published_time":"2013-02-26T15:23:41+00:00","article_modified_time":"2013-08-17T16:16:27+00:00","author":"Carlos Xavier","twitter_card":"summary_large_image","twitter_creator":"@EstratConcursos","twitter_site":"@EstratConcursos","twitter_misc":{"Escrito por":"Carlos Xavier","Est. tempo de leitura":"2 minutos"},"schema":{"@context":"https:\/\/schema.org","@graph":[{"@type":"NewsArticle","@id":"https:\/\/www.estrategiaconcursos.com.br\/blog\/questao-comentada-de-gestao-de-projetos-esaf-4\/#article","isPartOf":{"@id":"https:\/\/www.estrategiaconcursos.com.br\/blog\/questao-comentada-de-gestao-de-projetos-esaf-4\/"},"author":{"name":"Carlos Xavier","@id":"https:\/\/www.estrategiaconcursos.com.br\/blog\/#\/schema\/person\/5a50bf0a3d06f4886b520c7c38dea74d"},"headline":"Quest\u00e3o comentada de Gest\u00e3o de Projetos &#8211; ESAF.","datePublished":"2013-02-26T15:23:41+00:00","dateModified":"2013-08-17T16:16:27+00:00","mainEntityOfPage":{"@id":"https:\/\/www.estrategiaconcursos.com.br\/blog\/questao-comentada-de-gestao-de-projetos-esaf-4\/"},"wordCount":349,"commentCount":0,"publisher":{"@id":"https:\/\/www.estrategiaconcursos.com.br\/blog\/#organization"},"articleSection":["Concursos P\u00fablicos"],"inLanguage":"pt-BR","potentialAction":[{"@type":"CommentAction","name":"Comment","target":["https:\/\/www.estrategiaconcursos.com.br\/blog\/questao-comentada-de-gestao-de-projetos-esaf-4\/#respond"]}],"copyrightYear":"2013","copyrightHolder":{"@id":"https:\/\/www.estrategiaconcursos.com.br\/blog\/#organization"}},{"@type":"WebPage","@id":"https:\/\/www.estrategiaconcursos.com.br\/blog\/questao-comentada-de-gestao-de-projetos-esaf-4\/","url":"https:\/\/www.estrategiaconcursos.com.br\/blog\/questao-comentada-de-gestao-de-projetos-esaf-4\/","name":"Quest\u00e3o comentada de Gest\u00e3o de Projetos - ESAF.","isPartOf":{"@id":"https:\/\/www.estrategiaconcursos.com.br\/blog\/#website"},"datePublished":"2013-02-26T15:23:41+00:00","dateModified":"2013-08-17T16:16:27+00:00","breadcrumb":{"@id":"https:\/\/www.estrategiaconcursos.com.br\/blog\/questao-comentada-de-gestao-de-projetos-esaf-4\/#breadcrumb"},"inLanguage":"pt-BR","potentialAction":[{"@type":"ReadAction","target":["https:\/\/www.estrategiaconcursos.com.br\/blog\/questao-comentada-de-gestao-de-projetos-esaf-4\/"]}]},{"@type":"BreadcrumbList","@id":"https:\/\/www.estrategiaconcursos.com.br\/blog\/questao-comentada-de-gestao-de-projetos-esaf-4\/#breadcrumb","itemListElement":[{"@type":"ListItem","position":1,"name":"In\u00edcio","item":"https:\/\/www.estrategiaconcursos.com.br\/blog\/"},{"@type":"ListItem","position":2,"name":"Quest\u00e3o comentada de Gest\u00e3o de Projetos &#8211; ESAF."}]},{"@type":"WebSite","@id":"https:\/\/www.estrategiaconcursos.com.br\/blog\/#website","url":"https:\/\/www.estrategiaconcursos.com.br\/blog\/","name":"Estrat\u00e9gia Concursos","description":"O blog da Estrat\u00e9gia Concursos traz not\u00edcias sobre concursos e artigos de professores oferecendo cursos para concursos (pdf + videaulas) no site.","publisher":{"@id":"https:\/\/www.estrategiaconcursos.com.br\/blog\/#organization"},"potentialAction":[{"@type":"SearchAction","target":{"@type":"EntryPoint","urlTemplate":"https:\/\/www.estrategiaconcursos.com.br\/blog\/?s={search_term_string}"},"query-input":{"@type":"PropertyValueSpecification","valueRequired":true,"valueName":"search_term_string"}}],"inLanguage":"pt-BR"},{"@type":"Organization","@id":"https:\/\/www.estrategiaconcursos.com.br\/blog\/#organization","name":"Estrat\u00e9gia Concursos","url":"https:\/\/www.estrategiaconcursos.com.br\/blog\/","logo":{"@type":"ImageObject","inLanguage":"pt-BR","@id":"https:\/\/www.estrategiaconcursos.com.br\/blog\/#\/schema\/logo\/image\/","url":"https:\/\/dhg1h5j42swfq.cloudfront.net\/2025\/06\/03203428\/logo_concursos-1.jpg","contentUrl":"https:\/\/dhg1h5j42swfq.cloudfront.net\/2025\/06\/03203428\/logo_concursos-1.jpg","width":230,"height":60,"caption":"Estrat\u00e9gia Concursos"},"image":{"@id":"https:\/\/www.estrategiaconcursos.com.br\/blog\/#\/schema\/logo\/image\/"},"sameAs":["https:\/\/x.com\/EstratConcursos"]},{"@type":"Person","@id":"https:\/\/www.estrategiaconcursos.com.br\/blog\/#\/schema\/person\/5a50bf0a3d06f4886b520c7c38dea74d","name":"Carlos Xavier","image":{"@type":"ImageObject","inLanguage":"pt-BR","@id":"https:\/\/secure.gravatar.com\/avatar\/284a9e45eef24bbb62c6099df1725df7081ffb6d7e3d95d7ee0d771f55aa8923?s=96&d=mm&r=g","url":"https:\/\/secure.gravatar.com\/avatar\/284a9e45eef24bbb62c6099df1725df7081ffb6d7e3d95d7ee0d771f55aa8923?s=96&d=mm&r=g","contentUrl":"https:\/\/secure.gravatar.com\/avatar\/284a9e45eef24bbb62c6099df1725df7081ffb6d7e3d95d7ee0d771f55aa8923?s=96&d=mm&r=g","caption":"Carlos Xavier"},"url":"https:\/\/www.estrategiaconcursos.com.br\/blog\/author\/carlosxavierestrategiaconcursos-com-br\/"}]}},"_links":{"self":[{"href":"https:\/\/www.estrategiaconcursos.com.br\/blog\/wp-json\/wp\/v2\/posts\/9835","targetHints":{"allow":["GET"]}}],"collection":[{"href":"https:\/\/www.estrategiaconcursos.com.br\/blog\/wp-json\/wp\/v2\/posts"}],"about":[{"href":"https:\/\/www.estrategiaconcursos.com.br\/blog\/wp-json\/wp\/v2\/types\/post"}],"author":[{"embeddable":true,"href":"https:\/\/www.estrategiaconcursos.com.br\/blog\/wp-json\/wp\/v2\/users\/71"}],"replies":[{"embeddable":true,"href":"https:\/\/www.estrategiaconcursos.com.br\/blog\/wp-json\/wp\/v2\/comments?post=9835"}],"version-history":[{"count":0,"href":"https:\/\/www.estrategiaconcursos.com.br\/blog\/wp-json\/wp\/v2\/posts\/9835\/revisions"}],"wp:attachment":[{"href":"https:\/\/www.estrategiaconcursos.com.br\/blog\/wp-json\/wp\/v2\/media?parent=9835"}],"wp:term":[{"taxonomy":"category","embeddable":true,"href":"https:\/\/www.estrategiaconcursos.com.br\/blog\/wp-json\/wp\/v2\/categories?post=9835"},{"taxonomy":"post_tag","embeddable":true,"href":"https:\/\/www.estrategiaconcursos.com.br\/blog\/wp-json\/wp\/v2\/tags?post=9835"},{"taxonomy":"tax_estado","embeddable":true,"href":"https:\/\/www.estrategiaconcursos.com.br\/blog\/wp-json\/wp\/v2\/tax_estado?post=9835"}],"curies":[{"name":"wp","href":"https:\/\/api.w.org\/{rel}","templated":true}]}}