{"id":983389,"date":"2022-03-08T22:09:32","date_gmt":"2022-03-09T01:09:32","guid":{"rendered":"https:\/\/www.estrategiaconcursos.com.br\/blog\/?p=983389"},"modified":"2022-03-08T22:09:34","modified_gmt":"2022-03-09T01:09:34","slug":"informativo-stf-1044-comentado","status":"publish","type":"post","link":"https:\/\/www.estrategiaconcursos.com.br\/blog\/informativo-stf-1044-comentado\/","title":{"rendered":"Informativo STF 1044 Comentado"},"content":{"rendered":"<p>Informativo n\u00ba 1044 do STF <strong>COMENTADO. <\/strong>Fique ligado aqui\u00a0no Estrat\u00e9gia Carreiras Jur\u00eddicas!<\/p>\n<p><!-- \/wp:post-content --><\/p>\n<p><!-- wp:paragraph {\"align\":\"center\",\"fontSize\":\"huge\"} --><\/p>\n<p class=\"has-text-align-center has-huge-font-size\"><strong><a href=\"https:\/\/dhg1h5j42swfq.cloudfront.net\/2022\/03\/08220921\/stf-1044.pdf\">DOWNLOAD do PDF AQUI!<\/a><\/strong><\/p>\n<div class=\"lyte-wrapper\" style=\"width:853px;max-width:100%;margin:5px;\"><div class=\"lyMe\" id=\"WYL_jjOrYOPA1l0\"><div id=\"lyte_jjOrYOPA1l0\" data-src=\"\/\/i.ytimg.com\/vi\/jjOrYOPA1l0\/hqdefault.jpg\" class=\"pL\"><div class=\"tC\"><div class=\"tT\"><\/div><\/div><div class=\"play\"><\/div><div class=\"ctrl\"><div class=\"Lctrl\"><\/div><div class=\"Rctrl\"><\/div><\/div><\/div><noscript><a href=\"https:\/\/youtu.be\/jjOrYOPA1l0\" rel=\"nofollow\"><img loading=\"lazy\" decoding=\"async\" src=\"https:\/\/i.ytimg.com\/vi\/jjOrYOPA1l0\/0.jpg\" alt=\"YouTube video thumbnail\" width=\"853\" height=\"460\" \/><br \/>Assista a este v\u00eddeo no YouTube<\/a><\/noscript><\/div><\/div><div class=\"lL\" style=\"max-width:100%;width:853px;margin:5px;\"><\/div><\/p>\n<p>\u00a0<\/p>\n<h1><a name=\"_Toc96716774\"><\/a>DIREITO ADMINISTRATIVO<\/h1>\n<p>\u00a0<\/p>\n<h2><a name=\"_Toc96716775\"><\/a>1.\u00a0\u00a0\u00a0\u00a0\u00a0 Reajuste de tarifas telef\u00f4nicas: cl\u00e1usula contratual, infla\u00e7\u00e3o e revis\u00e3o judicial<\/h2>\n<p>\u00a0<\/p>\n<p><strong>RECURSO EXTRAORDIN\u00c1RIO<\/strong><\/p>\n<p>Afronta o princ\u00edpio da separa\u00e7\u00e3o dos Poderes a anula\u00e7\u00e3o judicial de cl\u00e1usula de contrato de concess\u00e3o firmado por Ag\u00eancia Reguladora e prestadora de servi\u00e7o de telefonia que, em observ\u00e2ncia aos marcos regulat\u00f3rios estabelecidos pelo Legislador, autoriza a incid\u00eancia de reajuste de alguns itens tarif\u00e1rios em percentual superior ao do \u00edndice inflacion\u00e1rio fixado, quando este n\u00e3o \u00e9 superado pela m\u00e9dia ponderada de todos os itens.<\/p>\n<p>RE 1059819\/PE, relator Min. Marco Aur\u00e9lio, redator do ac\u00f3rd\u00e3o Min. Alexandre de Moraes, (Info 1044)<\/p>\n<p>\u00a0<\/p>\n<h3><a name=\"_Toc96716776\"><\/a>1.1.\u00a0 Situa\u00e7\u00e3o F\u00c1TICA.<\/h3>\n<p>\u00a0<\/p>\n<p>\u00a0O MPF e Procon ajuizaram, na Justi\u00e7a Federal de Pernambuco, a\u00e7\u00e3o civil p\u00fablica contra a Anatel para questionar a f\u00f3rmula adotada pela ag\u00eancia para majorar os pre\u00e7os dos servi\u00e7os. Sustentaram que o contrato de concess\u00e3o limita a m\u00e9dia dos aumentos ao \u00cdndice Geral de Pre\u00e7os \u2013 Disponibilidade Interna (IGP-DI), da Funda\u00e7\u00e3o Get\u00falio Vargas, do per\u00edodo respectivo, que foi de 14,21%. Contudo, a Anatel autorizou aumentos de 19,89% na assinatura residencial, de 24,47% na n\u00e3o residencial.<\/p>\n<p>Os autores afirmam que os itens que comp\u00f5em a tarifa podem, individualmente, ser elevados em percentuais superiores \u00e0 infla\u00e7\u00e3o do per\u00edodo se a m\u00e9dia das majora\u00e7\u00f5es n\u00e3o ultrapassar esse \u00edndice. Mas a f\u00f3rmula de reajuste aplicada acabou sendo prejudicial aos consumidores, pois camuflou aumento excessivo das tarifas correspondentes aos servi\u00e7os mais usados. Para respeitar a m\u00e9dia estabelecida no contrato, explicaram, a concession\u00e1ria compensou incrementos acima do \u00edndice em servi\u00e7os de maior demanda com menor reajuste nos servi\u00e7os menos utilizados pelos usu\u00e1rios.<\/p>\n<p>\u00a0<\/p>\n<p>\u00a0<\/p>\n<h3><a name=\"_Toc96716777\"><\/a>1.2.\u00a0 An\u00e1lise ESTRAT\u00c9GICA.<\/h3>\n<p>\u00a0<\/p>\n<h4><a name=\"_Toc96716778\"><\/a>1.2.1.\u00a0\u00a0\u00a0\u00a0 Poss\u00edvel a anula\u00e7\u00e3o da cl\u00e1usula pelo judici\u00e1rio?<\/h4>\n<p>\u00a0<\/p>\n<p><strong><em><u>R:<\/u><\/em><\/strong> <strong>Nooops!!!!<\/strong><\/p>\n<p>Em regra, n\u00e3o cabe ao Poder Judici\u00e1rio anular cl\u00e1usula de contrato de concess\u00e3o de servi\u00e7o p\u00fablico que autoriza o reajuste de tarifa telef\u00f4nica em percentual superior ao \u00edndice inflacion\u00e1rio.<\/p>\n<p>Isso porque <u>a\u00a0 interven\u00e7\u00e3o do Judici\u00e1rio no \u00e2mbito regulat\u00f3rio d\u00e1-se com vistas ao controle de legalidade, respeitadas as capacidades institucionais das entidades de regula\u00e7\u00e3o e a discricionariedade t\u00e9cnica dos atos editados, motivo pelo qual interferir em ato autorizado pela Anatel, que N\u00c3O EXCEDEU os limites conferidos pelo legislador, importa em afronta ao princ\u00edpio da separa\u00e7\u00e3o dos Poderes<\/u>.<\/p>\n<p>\u00a0<\/p>\n<h4><a name=\"_Toc96716779\"><\/a>1.2.2.\u00a0\u00a0\u00a0\u00a0 Resultado final.<\/h4>\n<p>\u00a0<\/p>\n<p>Com base nesse entendimento, ao concluir a aprecia\u00e7\u00e3o do Tema 991 da repercuss\u00e3o geral, o Plen\u00e1rio, por maioria, deu provimento ao recurso extraordin\u00e1rio para, reformando o ac\u00f3rd\u00e3o recorrido, julgar improcedente a\u00e7\u00e3o civil p\u00fablica, mantendo v\u00e1lido o acr\u00e9scimo de 9% no reajuste individual dos itens tarif\u00e1rios acima do \u00cdndice Geral de Pre\u00e7os &#8211; Disponibilidade Interna (IGP-DI), constante na cl\u00e1usula 11.1 do contrato de concess\u00e3o.<\/p>\n<p>\u00a0<\/p>\n<h1><a name=\"_Toc96716780\"><\/a>DIREITO CONSTITUCIONAL<\/h1>\n<p>\u00a0<\/p>\n<h2><a name=\"_Toc96716781\"><\/a>2.\u00a0\u00a0\u00a0\u00a0\u00a0 COVID-19: Realoca\u00e7\u00e3o de recursos vinculados ao FUNDEB para a\u00e7\u00f5es de combate \u00e0 pandemia do novo coronav\u00edrus<\/h2>\n<p>\u00a0<\/p>\n<p><strong>A\u00c7\u00c3O DIRETA DE INCONSTITUCIONALIDADE<\/strong><\/p>\n<p>\u00c9 vedada a utiliza\u00e7\u00e3o, ainda que em car\u00e1ter excepcional, de recursos vinculados ao FUNDEB para a\u00e7\u00f5es de combate \u00e0 pandemia do novo coronav\u00edrus (COVID-19).<\/p>\n<p>ADI 6490\/PI, relatora Min. C\u00e1rmen L\u00facia, julgamento virtual finalizado em 18.2.2022 (Info 1044)<\/p>\n<p>\u00a0<\/p>\n<h3><a name=\"_Toc96716782\"><\/a>2.1.\u00a0 Situa\u00e7\u00e3o F\u00c1TICA.<\/h3>\n<p>\u00a0<\/p>\n<p>O governador do Piau\u00ed, Wellington Dias, requereu ao STF autoriza\u00e7\u00e3o para destinar excepcionalmente 35% de recursos do Fundo de Manuten\u00e7\u00e3o e Desenvolvimento da Educa\u00e7\u00e3o B\u00e1sica e de Valoriza\u00e7\u00e3o dos Profissionais da Educa\u00e7\u00e3o (Fundeb), provenientes de execu\u00e7\u00e3o judicial de R$ 1,6 bilh\u00e3o para a\u00e7\u00f5es de combate \u00e0 pandemia de Covid-19 no estado. O pedido foi objeto da ADI 6490.<\/p>\n<p>\u00a0<\/p>\n<h3><a name=\"_Toc96716783\"><\/a>2.2.\u00a0 An\u00e1lise ESTRAT\u00c9GICA.<\/h3>\n<p>\u00a0<\/p>\n<h4><a name=\"_Toc96716784\"><\/a>2.2.1.\u00a0\u00a0\u00a0\u00a0 Poss\u00edvel a utiliza\u00e7\u00e3o de recursos do FUNDEB para o combate ao Covid-19?<\/h4>\n<p>\u00a0<\/p>\n<p><strong><em><u>R:<\/u><\/em><\/strong> <strong>Nooops!!!<\/strong><\/p>\n<p>Os precedentes da Corte s\u00e3o firmes quanto \u00e0 IMPOSSIBILIDADE do uso dos recursos do FUNDEB para gastos n\u00e3o relacionados \u00e0 educa\u00e7\u00e3o, pois possuem destina\u00e7\u00e3o vinculada a finalidades espec\u00edficas, todas voltadas exclusivamente \u00e0 \u00e1rea educacional. Portanto, <strong>ainda que se reconhe\u00e7a a gravidade da pandemia da COVID-19 e os seus impactos na economia e nas finan\u00e7as p\u00fablicas, NADA JUSTIFICA o emprego de verba constitucionalmente vinculada \u00e0 manuten\u00e7\u00e3o e desenvolvimento do ensino b\u00e1sico para fins diversos da que ela se destina<\/strong>.<\/p>\n<p>\u00a0<\/p>\n<h4><a name=\"_Toc96716785\"><\/a>2.2.2.\u00a0\u00a0\u00a0\u00a0 Resultado final.<\/h4>\n<p>\u00a0<\/p>\n<p>Com base nesse entendimento, o Plen\u00e1rio, por unanimidade, conheceu da a\u00e7\u00e3o direta e, no m\u00e9rito, julgou improcedente o pedido.<\/p>\n<p>\u00a0<\/p>\n<h2><a name=\"_Toc96716786\"><\/a>3.\u00a0\u00a0\u00a0\u00a0\u00a0 Pol\u00edcia civil e independ\u00eancia funcional<\/h2>\n<p>\u00a0<\/p>\n<p><strong>A\u00c7\u00c3O DIRETA DE INCONSTITUCIONALIDADE<\/strong><\/p>\n<p>\u00c9 inconstitucional norma estadual que assegure a independ\u00eancia funcional a delegados de pol\u00edcia, bem como que atribua \u00e0 pol\u00edcia civil o car\u00e1ter de fun\u00e7\u00e3o essencial ao exerc\u00edcio da jurisdi\u00e7\u00e3o e \u00e0 defesa da ordem jur\u00eddica).<\/p>\n<p>ADI 5522\/SP, relator Min. Gilmar Mendes, julgamento virtual finalizado em 18.2.2022 (Info 1044)<\/p>\n<p>\u00a0<\/p>\n<h3><a name=\"_Toc96716787\"><\/a>3.1.\u00a0 Situa\u00e7\u00e3o F\u00c1TICA.<\/h3>\n<p>\u00a0<\/p>\n<p>A PGR ajuizou no STF\u00a0A\u00e7\u00f5es Diretas de Inconstitucionalidade para questionar dispositivos de normas de Santa Catarina, S\u00e3o Paulo e Tocantins que equiparam a carreira de delegado de pol\u00edcia \u00e0s carreiras jur\u00eddicas.<\/p>\n<p>Na ADI 5522,\u00a0o\u00a0procurador-geral da Rep\u00fablica, Rodrigo Janot, questiona\u00a0o aumento da autonomia da atividade policial no Estado de S\u00e3o Paulo. Ele ressalta que a Emenda n\u00ba 35\/2012\u00a0\u2013 que alterou o artigo 140, da Constitui\u00e7\u00e3o daquele Estado\u00a0\u2013 \u201cequipara indevidamente\u201d a carreira de delegado de pol\u00edcia \u00e0s carreiras jur\u00eddicas, como a da magistratura e a do Minist\u00e9rio P\u00fablico.\u00a0<\/p>\n<p>Janot afirma que a Emenda Constitucional n\u00ba 35\/2012 \u201cgera consequ\u00eancias nefastas\u201d \u00e0 persecu\u00e7\u00e3o penal, \u00e0 atua\u00e7\u00e3o do Minist\u00e9rio P\u00fablico e \u00e0 defini\u00e7\u00e3o constitucional da fun\u00e7\u00e3o policial. Isto porque, conforme ele, o dispositivo define como essencial \u00e0 fun\u00e7\u00e3o jurisdicional do Estado e \u00e0 defesa da ordem jur\u00eddica a atua\u00e7\u00e3o da Pol\u00edcia Civil, al\u00e9m de categorizar a carreira de delegado de pol\u00edcia como carreira jur\u00eddica, \u201cao atribuir-lhe <u>independ\u00eancia funcional<\/u> nos atos de pol\u00edcia criminal, isto \u00e9, os de investiga\u00e7\u00e3o para apurar infra\u00e7\u00f5es penais, de modo a servir de base \u00e0 pretens\u00e3o punitiva do Estado, formulada pelo Minist\u00e9rio P\u00fablico\u201d<\/p>\n<p>\u00a0<\/p>\n<h3><a name=\"_Toc96716788\"><\/a>3.2.\u00a0 An\u00e1lise ESTRAT\u00c9GICA.<\/h3>\n<p>\u00a0<\/p>\n<h4><a name=\"_Toc96716789\"><\/a>3.2.1.\u00a0\u00a0\u00a0\u00a0 Quest\u00e3o JUR\u00cdDICA.<\/h4>\n<p>\u00a0<\/p>\n<p>CF:<\/p>\n<p>Art. 129. S\u00e3o fun\u00e7\u00f5es institucionais do Minist\u00e9rio P\u00fablico: I &#8211; promover, privativamente, a a\u00e7\u00e3o penal p\u00fablica, na forma da lei; (&#8230;) IV &#8211; promover a a\u00e7\u00e3o de inconstitucionalidade ou representa\u00e7\u00e3o para fins de interven\u00e7\u00e3o da Uni\u00e3o e dos Estados, nos casos previstos nesta Constitui\u00e7\u00e3o; (&#8230;) VIII &#8211; requisitar dilig\u00eancias investigat\u00f3rias e a instaura\u00e7\u00e3o de inqu\u00e9rito policial, indicados os fundamentos jur\u00eddicos de suas manifesta\u00e7\u00f5es processuais;<\/p>\n<p>Art. 144. A seguran\u00e7a p\u00fablica, dever do Estado, direito e responsabilidade de todos, \u00e9 exercida para a preserva\u00e7\u00e3o da ordem p\u00fablica e da incolumidade das pessoas e do patrim\u00f4nio, atrav\u00e9s dos seguintes \u00f3rg\u00e3os: (&#8230;) \u00a7 6\u00ba As pol\u00edcias militares e os corpos de bombeiros militares, for\u00e7as auxiliares e reserva do Ex\u00e9rcito subordinam-se, juntamente com as pol\u00edcias civis e as pol\u00edcias penais estaduais e distrital, aos Governadores dos Estados, do Distrito Federal e dos Territ\u00f3rios<\/p>\n<p>\u00a0<\/p>\n<h4><a name=\"_Toc96716790\"><\/a>3.2.2.\u00a0\u00a0\u00a0\u00a0 A norma \u00e9 inconstitucional?<\/h4>\n<p>\u00a0<\/p>\n<p><strong><em><u>R:<\/u><\/em><\/strong> <strong>Yeaphhh!!!!<\/strong><\/p>\n<p>A pol\u00edcia civil est\u00e1, necessariamente, SUBORDINADA ao chefe do Poder Executivo estadual, logo, n\u00e3o \u00e9 poss\u00edvel atribuir-lhe independ\u00eancia funcional, sob pena de ofensa ao art. 129, I, VI e VIII, bem como ao art. 144, \u00a7 6\u00ba, da CF.<\/p>\n<p><strong>As normas, ainda que origin\u00e1rias do poder constituinte decorrente, que venham a atribuir autonomia funcional, administrativa ou financeira a outros \u00f3rg\u00e3os ou institui\u00e7\u00f5es n\u00e3o constantes da CF, padecem de v\u00edcio de INCONSTITUCIONALIDADE MATERIAL, por viola\u00e7\u00e3o ao princ\u00edpio da separa\u00e7\u00e3o dos Poderes.<\/strong><\/p>\n<p>\u00a0<\/p>\n<h4><a name=\"_Toc96716791\"><\/a>3.2.3.\u00a0\u00a0\u00a0\u00a0 Resultado final.<\/h4>\n<p>\u00a0<\/p>\n<p>Com base nesse entendimento, o Plen\u00e1rio, por unanimidade, julgou procedente o pedido formulado em a\u00e7\u00e3o direta para declarar a inconstitucionalidade, em sua integralidade, da Emenda Constitucional 35\/2012 do Estado de S\u00e3o Paulo, que alterou o art. 140 da Constitui\u00e7\u00e3o paulista.<\/p>\n<p>\u00a0<\/p>\n<h1><a name=\"_Toc96716792\"><\/a>DIREITO ELEITORAL<\/h1>\n<p>\u00a0<\/p>\n<h2><a name=\"_Toc96716793\"><\/a>4.\u00a0\u00a0\u00a0\u00a0\u00a0 Restri\u00e7\u00f5es \u00e0 veicula\u00e7\u00e3o de propaganda eleitoral em meios de comunica\u00e7\u00e3o impressos e na internet<\/h2>\n<p>\u00a0<\/p>\n<p><strong>A\u00c7\u00c3O DIRETA DE INCONSTITUCIONALIDADE<\/strong><\/p>\n<p>S\u00e3o constitucionais as restri\u00e7\u00f5es, previstas na Lei das Elei\u00e7\u00f5es (Lei 9.504\/1997, arts. 43, caput, e 57-C, caput e \u00a7 1\u00ba), \u00e0 veicula\u00e7\u00e3o de propaganda eleitoral em meios de comunica\u00e7\u00e3o impressos e na internet.<\/p>\n<p>ADI 6281\/DF, relator Min. Luiz Fux, redator do ac\u00f3rd\u00e3o Min. Nunes Marques, julgamento em 10, 16 e 17.2.2022 (Info 1044)<\/p>\n<p>\u00a0<\/p>\n<h3><a name=\"_Toc96716794\"><\/a>4.1.\u00a0 Situa\u00e7\u00e3o F\u00c1TICA.<\/h3>\n<p>\u00a0<\/p>\n<p>A Associa\u00e7\u00e3o Nacional dos Jornais (ANJ) ajuizou no STF a ADI 6281 contra as restri\u00e7\u00f5es impostas pela Lei das Elei\u00e7\u00f5es (Lei 9.504\/1997) \u00e0 veicula\u00e7\u00e3o de propaganda eleitoral paga em jornais impressos.<\/p>\n<p>A norma contestada restringe a propaganda paga em ve\u00edculos de comunica\u00e7\u00e3o impressa na antev\u00e9spera das elei\u00e7\u00f5es e a limita a at\u00e9 10 an\u00fancios por ve\u00edculo, em datas diversas, para cada candidato. Estipula, ainda, espa\u00e7o m\u00e1ximo em p\u00e1ginas de jornais, revistas ou tabloides. Outro dispositivo contestado estende a veda\u00e7\u00e3o aos sites dos ve\u00edculos na internet, admitindo somente o impulsionamento de conte\u00fado devidamente identificado.<\/p>\n<p>Segundo a ANJ, a realidade da \u00e9poca em que as normas foram concebidas \u00e9 diferente da atual, e as limita\u00e7\u00f5es n\u00e3o mais se justificam, diante da crescente utiliza\u00e7\u00e3o da internet como meio de acesso \u00e0 informa\u00e7\u00e3o.<\/p>\n<p>\u00a0<\/p>\n<h3><a name=\"_Toc96716795\"><\/a>4.2.\u00a0 An\u00e1lise ESTRAT\u00c9GICA.<\/h3>\n<p>\u00a0<\/p>\n<h4><a name=\"_Toc96716796\"><\/a>4.2.1.\u00a0\u00a0\u00a0\u00a0 Quest\u00e3o JUR\u00cdDICA.<\/h4>\n<p>\u00a0<\/p>\n<p>Lei 9.504\/1997: \u201cArt. 43. S\u00e3o permitidas, at\u00e9 a antev\u00e9spera das elei\u00e7\u00f5es, a divulga\u00e7\u00e3o paga, na imprensa escrita, e a reprodu\u00e7\u00e3o na internet do jornal impresso, de at\u00e9 10 (dez) an\u00fancios de propaganda eleitoral, por ve\u00edculo, em datas diversas, para cada candidato, no espa\u00e7o m\u00e1ximo, por edi\u00e7\u00e3o, de 1\/8 (um oitavo) de p\u00e1gina de jornal padr\u00e3o e de 1\/4 (um quarto) de p\u00e1gina de revista ou tabloide. (Reda\u00e7\u00e3o dada pela Lei 12.034\/2009) (&#8230;) Art. 57-C. \u00c9 vedada a veicula\u00e7\u00e3o de qualquer tipo de propaganda eleitoral paga na internet, excetuado o impulsionamento de conte\u00fados, desde que identificado de forma inequ\u00edvoca como tal e contratado exclusivamente por partidos, coliga\u00e7\u00f5es e candidatos e seus representantes. (Reda\u00e7\u00e3o dada pela Lei 13.488\/2017) \u00a7 1\u00ba \u00c9 vedada, ainda que gratuitamente, a veicula\u00e7\u00e3o de propaganda eleitoral na internet, em s\u00edtios: (Inclu\u00eddo pela Lei 12.034\/2009) I \u2013 de pessoas jur\u00eddicas, com ou sem fins lucrativos; (Inclu\u00eddo pela Lei 12.034\/2009)<\/p>\n<p>\u00a0<\/p>\n<h4><a name=\"_Toc96716797\"><\/a>4.2.2.\u00a0\u00a0\u00a0\u00a0 Tudo certo, Arnaldo?<\/h4>\n<p>\u00a0<\/p>\n<p><strong><em><u>R:<\/u><\/em><\/strong> <strong>Segue o jogo!!!<\/strong><\/p>\n<p><u>Considerando-se que o pagamento das propagandas eleitorais no Brasil se d\u00e1 atualmente com recursos p\u00fablicos, na ampla maioria dos casos, ent\u00e3o a regulamenta\u00e7\u00e3o da propaganda eleitoral est\u00e1 mais direcionada para a forma do gasto do Fundo Eleitoral do que propriamente para disciplinar a liberdade de express\u00e3o<\/u>. Trata-se de <strong>uma OP\u00c7\u00c3O POL\u00cdTICA do legislador sobre onde e como devam ser gastos recursos p\u00fablicos.<\/strong><\/p>\n<p>Ademais, as diretrizes relativas \u00e0 propaganda eleitoral voltam-se \u00e0 realiza\u00e7\u00e3o de princ\u00edpios pr\u00f3prios, tais como a paridade de armas entre os candidatos e a preserva\u00e7\u00e3o das elei\u00e7\u00f5es, pondo-os a salvo do abuso do poder econ\u00f4mico, sempre disposto a influir no resultado das urnas.<\/p>\n<p>\u00a0<\/p>\n<h4><a name=\"_Toc96716798\"><\/a>4.2.3.\u00a0\u00a0\u00a0\u00a0 Resultado final.<\/h4>\n<p>\u00a0<\/p>\n<p>Com base nesse entendimento, o Plen\u00e1rio, por maioria, julgou improcedente o pedido formulado em a\u00e7\u00e3o direta. Vencidos os ministros Luiz Fux (presidente e relator), Edson Fachin, Roberto Barroso e C\u00e1rmen L\u00facia, que o julgaram procedente, e, em menor extens\u00e3o, o ministro Andr\u00e9 Mendon\u00e7a, que o julgou parcialmente procedente.<\/p>\n<p>\u00a0<\/p>\n<h1><a name=\"_Toc96716799\"><\/a>DIREITO DO TRABALHO<\/h1>\n<p>\u00a0<\/p>\n<h2><a name=\"_Toc96716800\"><\/a>5.\u00a0\u00a0\u00a0\u00a0\u00a0 Congelamento da base de c\u00e1lculo para desindexa\u00e7\u00e3o de piso salarial vinculado ao valor do sal\u00e1rio m\u00ednimo<\/h2>\n<p>\u00a0<\/p>\n<p><strong>ARGUI\u00c7\u00c3O DE DESCUMPRIMENTO DE PRECEITOS FUNDAMENTAIS<\/strong><\/p>\n<p>A fixa\u00e7\u00e3o do piso salarial em m\u00faltiplos do sal\u00e1rio m\u00ednimo mostra-se compat\u00edvel com o texto constitucional, desde que n\u00e3o ocorra vincula\u00e7\u00e3o a reajustes futuros.<\/p>\n<p>ADPF 53 Ref-MC\/PI, relatora Min. Rosa Weber, julgamento virtual finalizado em 18.2.2022 (Info 1044)<\/p>\n<p>\u00a0<\/p>\n<h3><a name=\"_Toc96716801\"><\/a>5.1.\u00a0 Situa\u00e7\u00e3o F\u00c1TICA.<\/h3>\n<p>\u00a0<\/p>\n<p>O Governo do Piau\u00ed ajuizou a ADPF 53 contra decis\u00f5es da Justi\u00e7a Estadual que estabeleceram o piso de seis sal\u00e1rios m\u00ednimos para os profissionais diplomados em Engenharia, Qu\u00edmica, Arquitetura, Agronomia e Veterin\u00e1ria. As decis\u00f5es foram tomadas pelo Tribunal Regional do Trabalho da 22\u00aa Regi\u00e3o e pelo Tribunal de Justi\u00e7a do Piau\u00ed, com base no artigo 5\u00ba da Lei Federal 4950-A, de 22 de abril de 1966, que disp\u00f5e sobre a remunera\u00e7\u00e3o das categorias mencionadas.<\/p>\n<p>O governo piauiense argumenta que as decis\u00f5es implicaram em reajuste dos vencimentos e proventos de servidores, acarretando preju\u00edzo para as finan\u00e7as e a organiza\u00e7\u00e3o administrativa estaduais, pois alguns processos j\u00e1 se encontrariam em fase de execu\u00e7\u00e3o. Sustenta, ainda, que as decis\u00f5es judiciais afrontam proibi\u00e7\u00f5es constitucionais de vincular a remunera\u00e7\u00e3o dos servidores \u00e0 varia\u00e7\u00e3o do sal\u00e1rio m\u00ednimo (artigo 7\u00ba, inciso IV, CF), e de vincula\u00e7\u00e3o de quaisquer esp\u00e9cies remunerat\u00f3rias para efeito de remunera\u00e7\u00e3o no servi\u00e7o p\u00fablico (artigo 37, inciso XIII), bem como o princ\u00edpio federativo.<\/p>\n<p>\u00a0<\/p>\n<h3><a name=\"_Toc96716802\"><\/a>5.2.\u00a0 An\u00e1lise ESTRAT\u00c9GICA.<\/h3>\n<p>\u00a0<\/p>\n<h4><a name=\"_Toc96716803\"><\/a>5.2.1.\u00a0\u00a0\u00a0\u00a0 Quest\u00e3o JUR\u00cdDICA.<\/h4>\n<p>\u00a0<\/p>\n<p>CF\/1988:<\/p>\n<p>Art. 7\u00ba S\u00e3o direitos dos trabalhadores urbanos e rurais, al\u00e9m de outros que visem \u00e0 melhoria de sua condi\u00e7\u00e3o social: (&#8230;) IV &#8211; sal\u00e1rio m\u00ednimo, fixado em lei, nacionalmente unificado, capaz de atender a suas necessidades vitais b\u00e1sicas e \u00e0s de sua fam\u00edlia com moradia, alimenta\u00e7\u00e3o, educa\u00e7\u00e3o, sa\u00fade, lazer, vestu\u00e1rio, higiene, transporte e previd\u00eancia social, com reajustes peri\u00f3dicos que lhe preservem o poder aquisitivo, sendo vedada sua vincula\u00e7\u00e3o para qualquer fim;\u201d<\/p>\n<p>\u00a0<\/p>\n<h4><a name=\"_Toc96716804\"><\/a>5.2.2.\u00a0\u00a0\u00a0\u00a0 Poss\u00edvel a fixa\u00e7\u00e3o do piso salarial em sal\u00e1rios m\u00ednimos?<\/h4>\n<p>\u00a0<\/p>\n<p><strong><em><u>R:<\/u><\/em><\/strong> <strong>SIM, desde que n\u00e3o ocorra vincula\u00e7\u00e3o a reajustes futuros!!!<\/strong><\/p>\n<p><u>A parte final do inciso IV do art. 7\u00ba da CF n\u00e3o veda a pura e simples utiliza\u00e7\u00e3o do sal\u00e1rio-m\u00ednimo como mera refer\u00eancia paradigm\u00e1tica, destinada a servir como par\u00e2metro para definir a justa propor\u00e7\u00e3o do valor remunerat\u00f3rio m\u00ednimo apropriado \u00e0 remunera\u00e7\u00e3o de determinada categoria profissional<\/u>. Entretanto, a estipula\u00e7\u00e3o do piso salarial com refer\u00eancia a m\u00faltiplos do sal\u00e1rio-m\u00ednimo n\u00e3o pode dar ensejo a reajustamentos autom\u00e1ticos futuros voltados \u00e0 adequa\u00e7\u00e3o do sal\u00e1rio inicialmente contratado aos novos valores vigentes para o sal\u00e1rio-m\u00ednimo nacional. <strong>Evita-se, com isso, a INDESEJ\u00c1VEL espiral inflacion\u00e1ria resultante do reajuste autom\u00e1tico de verbas salarias e parcelas remunerat\u00f3rias no \u00e2mbito do servi\u00e7o p\u00fablico e da atividade privada<\/strong>, assim como a eleva\u00e7\u00e3o concomitante de pre\u00e7os de produtos e servi\u00e7os nos diversos setores da economia nacional.<\/p>\n<p>No caso, especificamente com rela\u00e7\u00e3o \u00e0 aplica\u00e7\u00e3o da norma inscrita no art. 5\u00ba da Lei 4.950-A\/66, entendeu-se que o congelamento da base de c\u00e1lculo do piso salarial serve como crit\u00e9rio de desindexa\u00e7\u00e3o do valor do sal\u00e1rio-m\u00ednimo e deve ter, como marco temporal, a data da publica\u00e7\u00e3o da ata do julgamento que reconhecer a incompatibilidade da norma com a CF.<\/p>\n<p>\u00a0<\/p>\n<h4><a name=\"_Toc96716805\"><\/a>5.2.3.\u00a0\u00a0\u00a0\u00a0 Resultado final.<\/h4>\n<p>\u00a0<\/p>\n<p>Com base nesse entendimento, o Plen\u00e1rio converteu o referendo de medida cautelar em julgamento de m\u00e9rito, conheceu em parte de argui\u00e7\u00f5es de descumprimento de preceito fundamental e, por maioria, julgou parcialmente procedentes os pedidos nelas formulados.<\/p>\n<p>\u00a0<\/p>\n\n<!-- wp:file {\"id\":983393,\"href\":\"https:\/\/dhg1h5j42swfq.cloudfront.net\/2022\/03\/08220921\/stf-1044.pdf\",\"displayPreview\":true} -->\n<div class=\"wp-block-file\"><object><\/object><a id=\"wp-block-file--media-bcf1104e-21a3-45aa-824c-c69103cfb1fb\" href=\"https:\/\/dhg1h5j42swfq.cloudfront.net\/2022\/03\/08220921\/stf-1044.pdf\">stf-1044<\/a><a href=\"https:\/\/dhg1h5j42swfq.cloudfront.net\/2022\/03\/08220921\/stf-1044.pdf\" class=\"wp-block-file__button\" download aria-describedby=\"wp-block-file--media-bcf1104e-21a3-45aa-824c-c69103cfb1fb\">Baixar<\/a><\/div>\n<!-- \/wp:file -->","protected":false},"excerpt":{"rendered":"<p>Informativo n\u00ba 1044 do STF COMENTADO. Fique ligado aqui\u00a0no Estrat\u00e9gia Carreiras Jur\u00eddicas! DOWNLOAD do PDF AQUI! Assista a este v\u00eddeo no YouTube \u00a0 DIREITO ADMINISTRATIVO \u00a0 1.\u00a0\u00a0\u00a0\u00a0\u00a0 Reajuste de tarifas telef\u00f4nicas: cl\u00e1usula contratual, infla\u00e7\u00e3o e revis\u00e3o judicial \u00a0 RECURSO EXTRAORDIN\u00c1RIO Afronta o princ\u00edpio da separa\u00e7\u00e3o dos Poderes a anula\u00e7\u00e3o judicial de cl\u00e1usula de contrato de [&hellip;]<\/p>\n","protected":false},"author":833,"featured_media":0,"comment_status":"open","ping_status":"closed","sticky":false,"template":"","format":"standard","meta":{"post_tipo":"article","footnotes":""},"categories":[1],"tags":[],"tax_estado":[],"class_list":["post-983389","post","type-post","status-publish","format-standard","hentry","category-cursos-e-concursos"],"acf":[],"yoast_head":"<!-- This site is optimized with the Yoast SEO Premium plugin v27.2 (Yoast SEO v27.2) - https:\/\/yoast.com\/product\/yoast-seo-premium-wordpress\/ -->\n<title>Informativo STF 1044 Comentado<\/title>\n<meta name=\"robots\" content=\"index, follow, max-snippet:-1, max-image-preview:large, max-video-preview:-1\" \/>\n<link rel=\"canonical\" href=\"https:\/\/www.estrategiaconcursos.com.br\/blog\/informativo-stf-1044-comentado\/\" \/>\n<meta property=\"og:locale\" content=\"pt_BR\" \/>\n<meta property=\"og:type\" content=\"article\" \/>\n<meta property=\"og:title\" content=\"Informativo STF 1044 Comentado\" \/>\n<meta property=\"og:description\" content=\"Informativo n\u00ba 1044 do STF COMENTADO. Fique ligado aqui\u00a0no Estrat\u00e9gia Carreiras Jur\u00eddicas! DOWNLOAD do PDF AQUI! Assista a este v\u00eddeo no YouTube \u00a0 DIREITO ADMINISTRATIVO \u00a0 1.\u00a0\u00a0\u00a0\u00a0\u00a0 Reajuste de tarifas telef\u00f4nicas: cl\u00e1usula contratual, infla\u00e7\u00e3o e revis\u00e3o judicial \u00a0 RECURSO EXTRAORDIN\u00c1RIO Afronta o princ\u00edpio da separa\u00e7\u00e3o dos Poderes a anula\u00e7\u00e3o judicial de cl\u00e1usula de contrato de [&hellip;]\" \/>\n<meta property=\"og:url\" content=\"https:\/\/www.estrategiaconcursos.com.br\/blog\/informativo-stf-1044-comentado\/\" \/>\n<meta property=\"og:site_name\" content=\"Estrat\u00e9gia Concursos\" \/>\n<meta property=\"article:published_time\" content=\"2022-03-09T01:09:32+00:00\" \/>\n<meta property=\"article:modified_time\" content=\"2022-03-09T01:09:34+00:00\" \/>\n<meta name=\"author\" content=\"Jean Vilbert\" \/>\n<meta name=\"twitter:card\" content=\"summary_large_image\" \/>\n<meta name=\"twitter:creator\" content=\"@EstratConcursos\" \/>\n<meta name=\"twitter:site\" content=\"@EstratConcursos\" \/>\n<meta name=\"twitter:label1\" content=\"Escrito por\" \/>\n\t<meta name=\"twitter:data1\" content=\"Jean Vilbert\" \/>\n\t<meta name=\"twitter:label2\" content=\"Est. tempo de leitura\" \/>\n\t<meta name=\"twitter:data2\" content=\"13 minutos\" \/>\n<script type=\"application\/ld+json\" class=\"yoast-schema-graph\">{\"@context\":\"https:\/\/schema.org\",\"@graph\":[{\"@type\":\"NewsArticle\",\"@id\":\"https:\/\/www.estrategiaconcursos.com.br\/blog\/informativo-stf-1044-comentado\/#article\",\"isPartOf\":{\"@id\":\"https:\/\/www.estrategiaconcursos.com.br\/blog\/informativo-stf-1044-comentado\/\"},\"author\":{\"name\":\"Jean Vilbert\",\"@id\":\"https:\/\/www.estrategiaconcursos.com.br\/blog\/#\/schema\/person\/475a0922f10cff0d1bc8bfecde05f999\"},\"headline\":\"Informativo STF 1044 Comentado\",\"datePublished\":\"2022-03-09T01:09:32+00:00\",\"dateModified\":\"2022-03-09T01:09:34+00:00\",\"mainEntityOfPage\":{\"@id\":\"https:\/\/www.estrategiaconcursos.com.br\/blog\/informativo-stf-1044-comentado\/\"},\"wordCount\":2553,\"commentCount\":0,\"publisher\":{\"@id\":\"https:\/\/www.estrategiaconcursos.com.br\/blog\/#organization\"},\"articleSection\":[\"Concursos P\u00fablicos\"],\"inLanguage\":\"pt-BR\",\"potentialAction\":[{\"@type\":\"CommentAction\",\"name\":\"Comment\",\"target\":[\"https:\/\/www.estrategiaconcursos.com.br\/blog\/informativo-stf-1044-comentado\/#respond\"]}],\"copyrightYear\":\"2022\",\"copyrightHolder\":{\"@id\":\"https:\/\/www.estrategiaconcursos.com.br\/blog\/#organization\"}},{\"@type\":\"WebPage\",\"@id\":\"https:\/\/www.estrategiaconcursos.com.br\/blog\/informativo-stf-1044-comentado\/\",\"url\":\"https:\/\/www.estrategiaconcursos.com.br\/blog\/informativo-stf-1044-comentado\/\",\"name\":\"Informativo STF 1044 Comentado\",\"isPartOf\":{\"@id\":\"https:\/\/www.estrategiaconcursos.com.br\/blog\/#website\"},\"datePublished\":\"2022-03-09T01:09:32+00:00\",\"dateModified\":\"2022-03-09T01:09:34+00:00\",\"breadcrumb\":{\"@id\":\"https:\/\/www.estrategiaconcursos.com.br\/blog\/informativo-stf-1044-comentado\/#breadcrumb\"},\"inLanguage\":\"pt-BR\",\"potentialAction\":[{\"@type\":\"ReadAction\",\"target\":[\"https:\/\/www.estrategiaconcursos.com.br\/blog\/informativo-stf-1044-comentado\/\"]}]},{\"@type\":\"BreadcrumbList\",\"@id\":\"https:\/\/www.estrategiaconcursos.com.br\/blog\/informativo-stf-1044-comentado\/#breadcrumb\",\"itemListElement\":[{\"@type\":\"ListItem\",\"position\":1,\"name\":\"In\u00edcio\",\"item\":\"https:\/\/www.estrategiaconcursos.com.br\/blog\/\"},{\"@type\":\"ListItem\",\"position\":2,\"name\":\"Informativo STF 1044 Comentado\"}]},{\"@type\":\"WebSite\",\"@id\":\"https:\/\/www.estrategiaconcursos.com.br\/blog\/#website\",\"url\":\"https:\/\/www.estrategiaconcursos.com.br\/blog\/\",\"name\":\"Estrat\u00e9gia Concursos\",\"description\":\"O blog da Estrat\u00e9gia Concursos traz not\u00edcias sobre concursos e artigos de professores oferecendo cursos para concursos (pdf + videaulas) no site.\",\"publisher\":{\"@id\":\"https:\/\/www.estrategiaconcursos.com.br\/blog\/#organization\"},\"potentialAction\":[{\"@type\":\"SearchAction\",\"target\":{\"@type\":\"EntryPoint\",\"urlTemplate\":\"https:\/\/www.estrategiaconcursos.com.br\/blog\/?s={search_term_string}\"},\"query-input\":{\"@type\":\"PropertyValueSpecification\",\"valueRequired\":true,\"valueName\":\"search_term_string\"}}],\"inLanguage\":\"pt-BR\"},{\"@type\":\"Organization\",\"@id\":\"https:\/\/www.estrategiaconcursos.com.br\/blog\/#organization\",\"name\":\"Estrat\u00e9gia Concursos\",\"url\":\"https:\/\/www.estrategiaconcursos.com.br\/blog\/\",\"logo\":{\"@type\":\"ImageObject\",\"inLanguage\":\"pt-BR\",\"@id\":\"https:\/\/www.estrategiaconcursos.com.br\/blog\/#\/schema\/logo\/image\/\",\"url\":\"https:\/\/dhg1h5j42swfq.cloudfront.net\/2025\/06\/03203428\/logo_concursos-1.jpg\",\"contentUrl\":\"https:\/\/dhg1h5j42swfq.cloudfront.net\/2025\/06\/03203428\/logo_concursos-1.jpg\",\"width\":230,\"height\":60,\"caption\":\"Estrat\u00e9gia Concursos\"},\"image\":{\"@id\":\"https:\/\/www.estrategiaconcursos.com.br\/blog\/#\/schema\/logo\/image\/\"},\"sameAs\":[\"https:\/\/x.com\/EstratConcursos\"]},{\"@type\":\"Person\",\"@id\":\"https:\/\/www.estrategiaconcursos.com.br\/blog\/#\/schema\/person\/475a0922f10cff0d1bc8bfecde05f999\",\"name\":\"Jean Vilbert\",\"image\":{\"@type\":\"ImageObject\",\"inLanguage\":\"pt-BR\",\"@id\":\"https:\/\/secure.gravatar.com\/avatar\/1667694e4ebdd32feeac9ea2794de3f0470b5c55c6198181ab0b0c333b121921?s=96&d=mm&r=g\",\"url\":\"https:\/\/secure.gravatar.com\/avatar\/1667694e4ebdd32feeac9ea2794de3f0470b5c55c6198181ab0b0c333b121921?s=96&d=mm&r=g\",\"contentUrl\":\"https:\/\/secure.gravatar.com\/avatar\/1667694e4ebdd32feeac9ea2794de3f0470b5c55c6198181ab0b0c333b121921?s=96&d=mm&r=g\",\"caption\":\"Jean Vilbert\"},\"url\":\"https:\/\/www.estrategiaconcursos.com.br\/blog\/author\/jeanvilbertgmail-com\/\"}]}<\/script>\n<!-- \/ Yoast SEO Premium plugin. -->","yoast_head_json":{"title":"Informativo STF 1044 Comentado","robots":{"index":"index","follow":"follow","max-snippet":"max-snippet:-1","max-image-preview":"max-image-preview:large","max-video-preview":"max-video-preview:-1"},"canonical":"https:\/\/www.estrategiaconcursos.com.br\/blog\/informativo-stf-1044-comentado\/","og_locale":"pt_BR","og_type":"article","og_title":"Informativo STF 1044 Comentado","og_description":"Informativo n\u00ba 1044 do STF COMENTADO. Fique ligado aqui\u00a0no Estrat\u00e9gia Carreiras Jur\u00eddicas! DOWNLOAD do PDF AQUI! Assista a este v\u00eddeo no YouTube \u00a0 DIREITO ADMINISTRATIVO \u00a0 1.\u00a0\u00a0\u00a0\u00a0\u00a0 Reajuste de tarifas telef\u00f4nicas: cl\u00e1usula contratual, infla\u00e7\u00e3o e revis\u00e3o judicial \u00a0 RECURSO EXTRAORDIN\u00c1RIO Afronta o princ\u00edpio da separa\u00e7\u00e3o dos Poderes a anula\u00e7\u00e3o judicial de cl\u00e1usula de contrato de [&hellip;]","og_url":"https:\/\/www.estrategiaconcursos.com.br\/blog\/informativo-stf-1044-comentado\/","og_site_name":"Estrat\u00e9gia Concursos","article_published_time":"2022-03-09T01:09:32+00:00","article_modified_time":"2022-03-09T01:09:34+00:00","author":"Jean Vilbert","twitter_card":"summary_large_image","twitter_creator":"@EstratConcursos","twitter_site":"@EstratConcursos","twitter_misc":{"Escrito por":"Jean Vilbert","Est. tempo de leitura":"13 minutos"},"schema":{"@context":"https:\/\/schema.org","@graph":[{"@type":"NewsArticle","@id":"https:\/\/www.estrategiaconcursos.com.br\/blog\/informativo-stf-1044-comentado\/#article","isPartOf":{"@id":"https:\/\/www.estrategiaconcursos.com.br\/blog\/informativo-stf-1044-comentado\/"},"author":{"name":"Jean Vilbert","@id":"https:\/\/www.estrategiaconcursos.com.br\/blog\/#\/schema\/person\/475a0922f10cff0d1bc8bfecde05f999"},"headline":"Informativo STF 1044 Comentado","datePublished":"2022-03-09T01:09:32+00:00","dateModified":"2022-03-09T01:09:34+00:00","mainEntityOfPage":{"@id":"https:\/\/www.estrategiaconcursos.com.br\/blog\/informativo-stf-1044-comentado\/"},"wordCount":2553,"commentCount":0,"publisher":{"@id":"https:\/\/www.estrategiaconcursos.com.br\/blog\/#organization"},"articleSection":["Concursos P\u00fablicos"],"inLanguage":"pt-BR","potentialAction":[{"@type":"CommentAction","name":"Comment","target":["https:\/\/www.estrategiaconcursos.com.br\/blog\/informativo-stf-1044-comentado\/#respond"]}],"copyrightYear":"2022","copyrightHolder":{"@id":"https:\/\/www.estrategiaconcursos.com.br\/blog\/#organization"}},{"@type":"WebPage","@id":"https:\/\/www.estrategiaconcursos.com.br\/blog\/informativo-stf-1044-comentado\/","url":"https:\/\/www.estrategiaconcursos.com.br\/blog\/informativo-stf-1044-comentado\/","name":"Informativo STF 1044 Comentado","isPartOf":{"@id":"https:\/\/www.estrategiaconcursos.com.br\/blog\/#website"},"datePublished":"2022-03-09T01:09:32+00:00","dateModified":"2022-03-09T01:09:34+00:00","breadcrumb":{"@id":"https:\/\/www.estrategiaconcursos.com.br\/blog\/informativo-stf-1044-comentado\/#breadcrumb"},"inLanguage":"pt-BR","potentialAction":[{"@type":"ReadAction","target":["https:\/\/www.estrategiaconcursos.com.br\/blog\/informativo-stf-1044-comentado\/"]}]},{"@type":"BreadcrumbList","@id":"https:\/\/www.estrategiaconcursos.com.br\/blog\/informativo-stf-1044-comentado\/#breadcrumb","itemListElement":[{"@type":"ListItem","position":1,"name":"In\u00edcio","item":"https:\/\/www.estrategiaconcursos.com.br\/blog\/"},{"@type":"ListItem","position":2,"name":"Informativo STF 1044 Comentado"}]},{"@type":"WebSite","@id":"https:\/\/www.estrategiaconcursos.com.br\/blog\/#website","url":"https:\/\/www.estrategiaconcursos.com.br\/blog\/","name":"Estrat\u00e9gia Concursos","description":"O blog da Estrat\u00e9gia Concursos traz not\u00edcias sobre concursos e artigos de professores oferecendo cursos para concursos (pdf + videaulas) no site.","publisher":{"@id":"https:\/\/www.estrategiaconcursos.com.br\/blog\/#organization"},"potentialAction":[{"@type":"SearchAction","target":{"@type":"EntryPoint","urlTemplate":"https:\/\/www.estrategiaconcursos.com.br\/blog\/?s={search_term_string}"},"query-input":{"@type":"PropertyValueSpecification","valueRequired":true,"valueName":"search_term_string"}}],"inLanguage":"pt-BR"},{"@type":"Organization","@id":"https:\/\/www.estrategiaconcursos.com.br\/blog\/#organization","name":"Estrat\u00e9gia Concursos","url":"https:\/\/www.estrategiaconcursos.com.br\/blog\/","logo":{"@type":"ImageObject","inLanguage":"pt-BR","@id":"https:\/\/www.estrategiaconcursos.com.br\/blog\/#\/schema\/logo\/image\/","url":"https:\/\/dhg1h5j42swfq.cloudfront.net\/2025\/06\/03203428\/logo_concursos-1.jpg","contentUrl":"https:\/\/dhg1h5j42swfq.cloudfront.net\/2025\/06\/03203428\/logo_concursos-1.jpg","width":230,"height":60,"caption":"Estrat\u00e9gia Concursos"},"image":{"@id":"https:\/\/www.estrategiaconcursos.com.br\/blog\/#\/schema\/logo\/image\/"},"sameAs":["https:\/\/x.com\/EstratConcursos"]},{"@type":"Person","@id":"https:\/\/www.estrategiaconcursos.com.br\/blog\/#\/schema\/person\/475a0922f10cff0d1bc8bfecde05f999","name":"Jean Vilbert","image":{"@type":"ImageObject","inLanguage":"pt-BR","@id":"https:\/\/secure.gravatar.com\/avatar\/1667694e4ebdd32feeac9ea2794de3f0470b5c55c6198181ab0b0c333b121921?s=96&d=mm&r=g","url":"https:\/\/secure.gravatar.com\/avatar\/1667694e4ebdd32feeac9ea2794de3f0470b5c55c6198181ab0b0c333b121921?s=96&d=mm&r=g","contentUrl":"https:\/\/secure.gravatar.com\/avatar\/1667694e4ebdd32feeac9ea2794de3f0470b5c55c6198181ab0b0c333b121921?s=96&d=mm&r=g","caption":"Jean Vilbert"},"url":"https:\/\/www.estrategiaconcursos.com.br\/blog\/author\/jeanvilbertgmail-com\/"}]}},"_links":{"self":[{"href":"https:\/\/www.estrategiaconcursos.com.br\/blog\/wp-json\/wp\/v2\/posts\/983389","targetHints":{"allow":["GET"]}}],"collection":[{"href":"https:\/\/www.estrategiaconcursos.com.br\/blog\/wp-json\/wp\/v2\/posts"}],"about":[{"href":"https:\/\/www.estrategiaconcursos.com.br\/blog\/wp-json\/wp\/v2\/types\/post"}],"author":[{"embeddable":true,"href":"https:\/\/www.estrategiaconcursos.com.br\/blog\/wp-json\/wp\/v2\/users\/833"}],"replies":[{"embeddable":true,"href":"https:\/\/www.estrategiaconcursos.com.br\/blog\/wp-json\/wp\/v2\/comments?post=983389"}],"version-history":[{"count":2,"href":"https:\/\/www.estrategiaconcursos.com.br\/blog\/wp-json\/wp\/v2\/posts\/983389\/revisions"}],"predecessor-version":[{"id":996702,"href":"https:\/\/www.estrategiaconcursos.com.br\/blog\/wp-json\/wp\/v2\/posts\/983389\/revisions\/996702"}],"wp:attachment":[{"href":"https:\/\/www.estrategiaconcursos.com.br\/blog\/wp-json\/wp\/v2\/media?parent=983389"}],"wp:term":[{"taxonomy":"category","embeddable":true,"href":"https:\/\/www.estrategiaconcursos.com.br\/blog\/wp-json\/wp\/v2\/categories?post=983389"},{"taxonomy":"post_tag","embeddable":true,"href":"https:\/\/www.estrategiaconcursos.com.br\/blog\/wp-json\/wp\/v2\/tags?post=983389"},{"taxonomy":"tax_estado","embeddable":true,"href":"https:\/\/www.estrategiaconcursos.com.br\/blog\/wp-json\/wp\/v2\/tax_estado?post=983389"}],"curies":[{"name":"wp","href":"https:\/\/api.w.org\/{rel}","templated":true}]}}