{"id":983190,"date":"2022-03-08T18:02:00","date_gmt":"2022-03-08T21:02:00","guid":{"rendered":"https:\/\/www.estrategiaconcursos.com.br\/blog\/?p=983190"},"modified":"2023-08-28T16:21:12","modified_gmt":"2023-08-28T19:21:12","slug":"curso-intensivo-de-direito-medico-e-saude-am-procurador","status":"publish","type":"post","link":"https:\/\/www.estrategiaconcursos.com.br\/blog\/curso-intensivo-de-direito-medico-e-saude-am-procurador\/","title":{"rendered":"Curso Intensivo de Direito M\u00e9dico e Sa\u00fade: PGE AM\u00a0Procurador: hoje!"},"content":{"rendered":"\n<p>Entre os dias <strong>8 e 15 de mar\u00e7o<\/strong> <strong>de 2022<\/strong>, \u00e0s <strong>19:00<\/strong>, a equipe de professores Estrat\u00e9gia Carreira Jur\u00eddica apresenta o &#8220;<em>Curso Intensivo de Direito M\u00e9dico e Sa\u00fade: PGE AM&nbsp;Procurador&#8221;<\/em>, especialmente para voc\u00ea que ir\u00e1 prestar o certame. Acompanhe ao vivo e gratuitamente pelo canal do no YouTube.<\/p>\n\n\n\n<p>O <strong>edital PGE AM Procurador<\/strong> oferta de 05 vagas imediatas para o cargo de Procurador do Estado do Amazonas de 3\u00aa Classe, sendo 01 vaga destinada para Pessoas com Defici\u00eancia (PcDs). A <strong>remunera\u00e7\u00e3o<\/strong> para os novos cargos \u00e9 bastante de <strong>R$ 24.589,99<\/strong>.<\/p>\n\n\n\n<p>Para concorrer ao cargo, \u00e9 necess\u00e1rio possuir&nbsp;<strong>diploma, devidamente registrado, de conclus\u00e3o de curso de gradua\u00e7\u00e3o de n\u00edvel superior em Direito<\/strong>, fornecido por institui\u00e7\u00e3o de ensino superior reconhecida pelo Minist\u00e9rio da Educa\u00e7\u00e3o (MEC), e&nbsp;<strong>registro na Ordem dos Advogados do Brasil \u2013 OAB<\/strong>.&nbsp;<\/p>\n\n\n\n<h3 class=\"wp-block-heading\" id=\"h-curso-intensivo-de-direito-medico-e-saude-pge-am-nbsp-procurador-cronograma\">Curso Intensivo de Direito M\u00e9dico e Sa\u00fade: PGE AM&nbsp;Procurador &#8211; cronograma<\/h3>\n\n\n\n<p class=\"has-very-light-gray-background-color has-background\"><strong>Data: <\/strong>8 a 15 de mar\u00e7o de 2022<strong><br \/>Hor\u00e1rio: <\/strong>19:00<strong><br \/>Onde: <\/strong><a href=\"https:\/\/www.youtube.com\/channel\/UClbMGuYbj2Mh1m3w144ETWQ\" target=\"_blank\" rel=\"noreferrer noopener\">Canal do Estrat\u00e9gia Carreira Jur\u00eddica no Youtube<\/a><\/p>\n\n\n\n<p>As inscri\u00e7\u00f5es podem ser realizadas pelo endere\u00e7o eletr\u00f4nico da <a href=\"https:\/\/www.concursosfcc.com.br\/\" target=\"_blank\" rel=\"noreferrer noopener\">FCC <\/a>(Funda\u00e7\u00e3o Carlos Chagas) entre \u00e0s <strong>10 horas do dia 14 de mar\u00e7o e \u00e0s 23 horas e 59 minutos do dia 12 de abril<\/strong>. A <strong>prova objetiva<\/strong> deve ser aplicada no dia <strong>22 de maio<\/strong> <strong>de 2022.<\/strong> Dentre as disciplinas cobradas estar\u00e3o o Direito M\u00e9dico e Sa\u00fade. <\/p>\n\n\n\n<h3 class=\"wp-block-heading\" id=\"h-curso-intensivo-de-direito-medico-e-saude-pge-am-nbsp-procurador-programacao\">Curso Intensivo de Direito M\u00e9dico e Sa\u00fade: PGE AM&nbsp;Procurador &#8211; programa\u00e7\u00e3o<\/h3>\n\n\n\n<figure class=\"wp-block-table is-style-stripes\"><table class=\"has-fixed-layout\"><tbody><tr><td><strong>Data<\/strong><\/td><td><strong>Hor\u00e1rio<\/strong><\/td><td><strong>Professor<\/strong><\/td><td class=\"has-text-align-center\" data-align=\"center\"><strong>Disciplina<\/strong><\/td><\/tr><tr><td>08\/03<\/td><td>19:00<\/td><td>Paulo Sousa<\/td><td class=\"has-text-align-center\" data-align=\"center\">A responsabilidade civil m\u00e9dica. Origens hist\u00f3ricas. Evolu\u00e7\u00e3o. Direito Brasileiro.&nbsp; <br \/>A Medicina e o C\u00f3digo de Defesa do Consumidor. Aplica\u00e7\u00e3o do C\u00f3digo de Defesa do Consumidor na atividade m\u00e9dica. Altera\u00e7\u00f5es legislativas introduzidas pelo C\u00f3digo Civil. <br \/>Consentimento informado. Escolha esclarecida.<\/td><\/tr><tr><td>11\/03<\/td><td>19:00<\/td><td>Breno Caldas<\/td><td class=\"has-text-align-center\" data-align=\"center\">SUS. Lei no 8.080, de 19 de setembro de 1990. Lei no 8.142, de 28 de dezembro de 1990. Programa de Sa\u00fade da Fam\u00edlia.<\/td><\/tr><tr><td>14\/03 <\/td><td>19:00<\/td><td>Nelma Fontana<\/td><td class=\"has-text-align-center\" data-align=\"center\">Direito \u00e0 Sa\u00fade e Poder Judici\u00e1rio. Direitos Fundamentais sociais. M\u00ednimo Existencial. Proibi\u00e7\u00e3o do retrocesso. Protagonismo o Poder Judici\u00e1rio. Limites. Ativismo judicial e autoconten\u00e7\u00e3o judicial.  Perspectivas da Judicializa\u00e7\u00e3o da Sa\u00fade. O papel do CNJ.F\u00f3runs de sa\u00fade. Enunciados. N\u00facleos ou C\u00e2maras de Apoio T\u00e9cnico. Jornadas de Direito da Sa\u00fade. Enunciados. Aspectos constitucionais do direito \u00e0 sa\u00fade e contexto f\u00e1tico. Previs\u00e3o constitucional. Financiamento da Sa\u00fade. Princ\u00edpios da escolha, escassez e racionamento. Aspectos da Judicializa\u00e7\u00e3o da sa\u00fade. Pol\u00edticas p\u00fablicas na \u00e1rea da sa\u00fade. Doutrina. Defer\u00eancia judicial no Brasil. Consequ\u00eancias das decis\u00f5es judiciais.&nbsp;<br \/><br \/>Overbooking da sa\u00fade. Assist\u00eancia farmac\u00eautica. Urg\u00eancia processual e urg\u00eancia da sa\u00fade. Direito \u00e0 morte digna. Vacina e direito de resist\u00eancia.&nbsp;<\/td><\/tr><tr><td>15\/03<\/td><td>19:00<\/td><td>Paulo Sousa&nbsp;<\/td><td class=\"has-text-align-center\" data-align=\"center\">Responsabilidade civil m\u00e9dico versus paciente. Bio\u00e9tica e a autonomia do paciente. Dever de informa\u00e7\u00e3o. Consentimento presumido e a Lei no 9.434\/97.&nbsp;Erro m\u00e9dico. Prazos prescricionais contra a Fazenda P\u00fablica. Responsabilidade civil nos procedimentos m\u00e9dicos. Posicionamento dos Tribunais. A preven\u00e7\u00e3o das demandas m\u00e9dicas. Viol\u00eancia obst\u00e9trica. Recusa terap\u00eautica e obje\u00e7\u00e3o de consci\u00eancia.&nbsp;<\/td><\/tr><\/tbody><\/table><\/figure>\n\n\n\n<p class=\"has-text-align-center has-luminous-vivid-amber-background-color has-background\"><strong>Mais informa\u00e7\u00f5es: <a href=\"https:\/\/www.estrategiaconcursos.com.br\/blog\/concurso-pge-am-procurador\" target=\"_blank\" rel=\"noreferrer noopener\">Concurso PGE AM Procurador<\/a><\/strong><\/p>\n\n\n\n<h2 class=\"wp-block-heading has-text-align-center\" id=\"h-quer-saber-tudo-sobre-concursos-previstos-confira-nossos-artigos\">Quer saber tudo sobre concursos previstos?<br \/>Confira nossos artigos!<\/h2>\n\n\n\n<ul class=\"wp-block-list\">\n<li><a href=\"https:\/\/www.estrategiaconcursos.com.br\/blog\/concursos-abertos\/\" target=\"_blank\" rel=\"noreferrer noopener\">Concursos abertos<\/a><\/li>\n\n\n\n<li><a href=\"https:\/\/www.estrategiaconcursos.com.br\/blog\/concursos-2022\/\" target=\"_blank\" rel=\"noreferrer noopener\">Concursos 2022<\/a><\/li>\n<\/ul>\n\n\n\n<h2 class=\"wp-block-heading has-text-align-center\" id=\"cursos\">Cursos e assinaturas <\/h2>\n\n\n\n<div id=\"boxes\" class=\"container\">\n<div class=\"row\">\n<div class=\"col-sm\">\n<div id=\"box-assinatura\" class=\"banner-ecj\">\n<h3 class=\"titulo-assinatura\">Curso para PGE AM Procurador<\/h3>\n<p class=\"subtitulo-assinatura\">Cursos focados no edital do concurso<\/p>\n<div class=\"box-botao\"><a class=\"btn-assinatura\" role=\"button\" href=\"https:\/\/www.estrategiaconcursos.com.br\/cursosPorConcurso\/pge-am-procurador-do-estado-do-amazonas\/\" target=\"_blank\" rel=\"noopener noreferrer\">Conhe\u00e7a mais<\/a><\/div>\n<\/div>\n<p class=\"texto-auxiliar\">Prepare-se com o melhor material e com quem mais aprova em concursos em todo o pa\u00eds.<\/p>\n<\/div>\n<\/div>\n<\/div>\n\n\n\n<div id=\"boxes\" class=\"container\">\n<div class=\"row\">\n<div class=\"col-sm\">\n<div id=\"box-assinatura\" class=\"banner-ecj\">\n<h3 class=\"titulo-assinatura\">Assinatura Jur\u00eddica<\/h3>\n<p class=\"subtitulo-assinatura\">Conhe\u00e7a os planos<\/p>\n<div class=\"box-botao\"><a class=\"btn-assinatura\" role=\"button\" href=\"https:\/\/www.estrategiaconcursos.com.br\/assinaturas-ecj\/\" target=\"_blank\" rel=\"noopener noreferrer\">Conhe\u00e7a mais<\/a><\/div>\n<\/div>\n<p class=\"texto-auxiliar\">Prepare-se com o melhor material e com quem mais aprova em Concursos P\u00fablicos em todo o pa\u00eds.<\/p>\n<\/div>\n<\/div>\n<\/div>\n","protected":false},"excerpt":{"rendered":"<p>Entre os dias 8 e 15 de mar\u00e7o de 2022, \u00e0s 19:00, a equipe de professores Estrat\u00e9gia Carreira Jur\u00eddica apresenta o &#8220;Curso Intensivo de Direito M\u00e9dico e Sa\u00fade: PGE AM&nbsp;Procurador&#8221;, especialmente para voc\u00ea que ir\u00e1 prestar o certame. Acompanhe ao vivo e gratuitamente pelo canal do no YouTube. O edital PGE AM Procurador oferta de [&hellip;]<\/p>\n","protected":false},"author":317,"featured_media":983193,"comment_status":"open","ping_status":"closed","sticky":false,"template":"","format":"standard","meta":{"post_tipo":"news","footnotes":""},"categories":[220196],"tags":[],"tax_estado":[219966],"class_list":["post-983190","post","type-post","status-publish","format-standard","has-post-thumbnail","hentry","category-procuradorias","tax_estado-am"],"acf":[],"yoast_head":"<!-- This site is optimized with the Yoast SEO Premium plugin v27.2 (Yoast SEO v27.2) - https:\/\/yoast.com\/product\/yoast-seo-premium-wordpress\/ -->\n<title>Curso Intensivo de Direito M\u00e9dico e Sa\u00fade: PGE AM\u00a0Procurador: hoje!<\/title>\n<meta name=\"description\" content=\"N\u00e3o perca o evento Curso Intensivo de Direito M\u00e9dico e Sa\u00fade para o concurso PGE AM Procurador, que ocorrer\u00e1 ao vivo nesta ter\u00e7a-feira!\" \/>\n<meta name=\"robots\" content=\"index, follow, max-snippet:-1, max-image-preview:large, max-video-preview:-1\" \/>\n<link rel=\"canonical\" href=\"https:\/\/www.estrategiaconcursos.com.br\/blog\/curso-intensivo-de-direito-medico-e-saude-am-procurador\/\" \/>\n<meta property=\"og:locale\" content=\"pt_BR\" \/>\n<meta property=\"og:type\" content=\"article\" \/>\n<meta property=\"og:title\" content=\"Curso Intensivo de Direito M\u00e9dico e Sa\u00fade: PGE AM\u00a0Procurador: hoje!\" \/>\n<meta property=\"og:description\" content=\"N\u00e3o perca o evento Curso Intensivo de Direito M\u00e9dico e Sa\u00fade para o concurso PGE AM Procurador, que ocorrer\u00e1 ao vivo nesta ter\u00e7a-feira!\" \/>\n<meta property=\"og:url\" content=\"https:\/\/www.estrategiaconcursos.com.br\/blog\/curso-intensivo-de-direito-medico-e-saude-am-procurador\/\" \/>\n<meta property=\"og:site_name\" content=\"Estrat\u00e9gia Concursos\" \/>\n<meta property=\"article:author\" content=\"https:\/\/www.facebook.com\/igor.maciel.1420\" \/>\n<meta property=\"article:published_time\" content=\"2022-03-08T21:02:00+00:00\" \/>\n<meta property=\"article:modified_time\" content=\"2023-08-28T19:21:12+00:00\" \/>\n<meta property=\"og:image\" content=\"https:\/\/dhg1h5j42swfq.cloudfront.net\/2022\/03\/08185758\/1280-720-max-14.jpg\" \/>\n\t<meta property=\"og:image:width\" content=\"1280\" \/>\n\t<meta property=\"og:image:height\" content=\"720\" \/>\n\t<meta property=\"og:image:type\" content=\"image\/jpeg\" \/>\n<meta name=\"author\" content=\"Igor Maciel\" \/>\n<meta name=\"twitter:card\" content=\"summary_large_image\" \/>\n<meta name=\"twitter:creator\" content=\"@EstratConcursos\" \/>\n<meta name=\"twitter:site\" content=\"@EstratConcursos\" \/>\n<meta name=\"twitter:label1\" content=\"Escrito por\" \/>\n\t<meta name=\"twitter:data1\" content=\"Igor Maciel\" \/>\n\t<meta name=\"twitter:label2\" content=\"Est. tempo de leitura\" \/>\n\t<meta name=\"twitter:data2\" content=\"4 minutos\" \/>\n<script type=\"application\/ld+json\" class=\"yoast-schema-graph\">{\"@context\":\"https:\/\/schema.org\",\"@graph\":[{\"@type\":\"NewsArticle\",\"@id\":\"https:\/\/www.estrategiaconcursos.com.br\/blog\/curso-intensivo-de-direito-medico-e-saude-am-procurador\/#article\",\"isPartOf\":{\"@id\":\"https:\/\/www.estrategiaconcursos.com.br\/blog\/curso-intensivo-de-direito-medico-e-saude-am-procurador\/\"},\"author\":{\"name\":\"Igor Maciel\",\"@id\":\"https:\/\/www.estrategiaconcursos.com.br\/blog\/#\/schema\/person\/024d26d5efb06d95dfc04025d7301591\"},\"headline\":\"Curso Intensivo de Direito M\u00e9dico e Sa\u00fade: PGE AM\u00a0Procurador: hoje!\",\"datePublished\":\"2022-03-08T21:02:00+00:00\",\"dateModified\":\"2023-08-28T19:21:12+00:00\",\"mainEntityOfPage\":{\"@id\":\"https:\/\/www.estrategiaconcursos.com.br\/blog\/curso-intensivo-de-direito-medico-e-saude-am-procurador\/\"},\"wordCount\":631,\"commentCount\":0,\"publisher\":{\"@id\":\"https:\/\/www.estrategiaconcursos.com.br\/blog\/#organization\"},\"image\":{\"@id\":\"https:\/\/www.estrategiaconcursos.com.br\/blog\/curso-intensivo-de-direito-medico-e-saude-am-procurador\/#primaryimage\"},\"thumbnailUrl\":\"https:\/\/dhg1h5j42swfq.cloudfront.net\/2022\/03\/08185758\/1280-720-max-14.jpg\",\"articleSection\":[\"Jur\u00eddico - Procuradorias\"],\"inLanguage\":\"pt-BR\",\"potentialAction\":[{\"@type\":\"CommentAction\",\"name\":\"Comment\",\"target\":[\"https:\/\/www.estrategiaconcursos.com.br\/blog\/curso-intensivo-de-direito-medico-e-saude-am-procurador\/#respond\"]}],\"copyrightYear\":\"2022\",\"copyrightHolder\":{\"@id\":\"https:\/\/www.estrategiaconcursos.com.br\/blog\/#organization\"}},{\"@type\":\"WebPage\",\"@id\":\"https:\/\/www.estrategiaconcursos.com.br\/blog\/curso-intensivo-de-direito-medico-e-saude-am-procurador\/\",\"url\":\"https:\/\/www.estrategiaconcursos.com.br\/blog\/curso-intensivo-de-direito-medico-e-saude-am-procurador\/\",\"name\":\"Curso Intensivo de Direito M\u00e9dico e Sa\u00fade: PGE AM\u00a0Procurador: hoje!\",\"isPartOf\":{\"@id\":\"https:\/\/www.estrategiaconcursos.com.br\/blog\/#website\"},\"primaryImageOfPage\":{\"@id\":\"https:\/\/www.estrategiaconcursos.com.br\/blog\/curso-intensivo-de-direito-medico-e-saude-am-procurador\/#primaryimage\"},\"image\":{\"@id\":\"https:\/\/www.estrategiaconcursos.com.br\/blog\/curso-intensivo-de-direito-medico-e-saude-am-procurador\/#primaryimage\"},\"thumbnailUrl\":\"https:\/\/dhg1h5j42swfq.cloudfront.net\/2022\/03\/08185758\/1280-720-max-14.jpg\",\"datePublished\":\"2022-03-08T21:02:00+00:00\",\"dateModified\":\"2023-08-28T19:21:12+00:00\",\"description\":\"N\u00e3o perca o evento Curso Intensivo de Direito M\u00e9dico e Sa\u00fade para o concurso PGE AM Procurador, que ocorrer\u00e1 ao vivo nesta ter\u00e7a-feira!\",\"breadcrumb\":{\"@id\":\"https:\/\/www.estrategiaconcursos.com.br\/blog\/curso-intensivo-de-direito-medico-e-saude-am-procurador\/#breadcrumb\"},\"inLanguage\":\"pt-BR\",\"potentialAction\":[{\"@type\":\"ReadAction\",\"target\":[\"https:\/\/www.estrategiaconcursos.com.br\/blog\/curso-intensivo-de-direito-medico-e-saude-am-procurador\/\"]}]},{\"@type\":\"ImageObject\",\"inLanguage\":\"pt-BR\",\"@id\":\"https:\/\/www.estrategiaconcursos.com.br\/blog\/curso-intensivo-de-direito-medico-e-saude-am-procurador\/#primaryimage\",\"url\":\"https:\/\/dhg1h5j42swfq.cloudfront.net\/2022\/03\/08185758\/1280-720-max-14.jpg\",\"contentUrl\":\"https:\/\/dhg1h5j42swfq.cloudfront.net\/2022\/03\/08185758\/1280-720-max-14.jpg\",\"width\":1280,\"height\":720,\"caption\":\"Curso Intensivo de Direito M\u00e9dico\"},{\"@type\":\"BreadcrumbList\",\"@id\":\"https:\/\/www.estrategiaconcursos.com.br\/blog\/curso-intensivo-de-direito-medico-e-saude-am-procurador\/#breadcrumb\",\"itemListElement\":[{\"@type\":\"ListItem\",\"position\":1,\"name\":\"In\u00edcio\",\"item\":\"https:\/\/www.estrategiaconcursos.com.br\/blog\/\"},{\"@type\":\"ListItem\",\"position\":2,\"name\":\"Curso Intensivo de Direito M\u00e9dico e Sa\u00fade: PGE AM\u00a0Procurador: hoje!\"}]},{\"@type\":\"WebSite\",\"@id\":\"https:\/\/www.estrategiaconcursos.com.br\/blog\/#website\",\"url\":\"https:\/\/www.estrategiaconcursos.com.br\/blog\/\",\"name\":\"Estrat\u00e9gia Concursos\",\"description\":\"O blog da Estrat\u00e9gia Concursos traz not\u00edcias sobre concursos e artigos de professores oferecendo cursos para concursos (pdf + videaulas) no site.\",\"publisher\":{\"@id\":\"https:\/\/www.estrategiaconcursos.com.br\/blog\/#organization\"},\"potentialAction\":[{\"@type\":\"SearchAction\",\"target\":{\"@type\":\"EntryPoint\",\"urlTemplate\":\"https:\/\/www.estrategiaconcursos.com.br\/blog\/?s={search_term_string}\"},\"query-input\":{\"@type\":\"PropertyValueSpecification\",\"valueRequired\":true,\"valueName\":\"search_term_string\"}}],\"inLanguage\":\"pt-BR\"},{\"@type\":\"Organization\",\"@id\":\"https:\/\/www.estrategiaconcursos.com.br\/blog\/#organization\",\"name\":\"Estrat\u00e9gia Concursos\",\"url\":\"https:\/\/www.estrategiaconcursos.com.br\/blog\/\",\"logo\":{\"@type\":\"ImageObject\",\"inLanguage\":\"pt-BR\",\"@id\":\"https:\/\/www.estrategiaconcursos.com.br\/blog\/#\/schema\/logo\/image\/\",\"url\":\"https:\/\/dhg1h5j42swfq.cloudfront.net\/2025\/06\/03203428\/logo_concursos-1.jpg\",\"contentUrl\":\"https:\/\/dhg1h5j42swfq.cloudfront.net\/2025\/06\/03203428\/logo_concursos-1.jpg\",\"width\":230,\"height\":60,\"caption\":\"Estrat\u00e9gia Concursos\"},\"image\":{\"@id\":\"https:\/\/www.estrategiaconcursos.com.br\/blog\/#\/schema\/logo\/image\/\"},\"sameAs\":[\"https:\/\/x.com\/EstratConcursos\"]},{\"@type\":\"Person\",\"@id\":\"https:\/\/www.estrategiaconcursos.com.br\/blog\/#\/schema\/person\/024d26d5efb06d95dfc04025d7301591\",\"name\":\"Igor Maciel\",\"image\":{\"@type\":\"ImageObject\",\"inLanguage\":\"pt-BR\",\"@id\":\"https:\/\/secure.gravatar.com\/avatar\/e983a676af6facf4aebcb2989d49e3bf61b718712d5e7a4b3f355b7fe651bc2f?s=96&d=mm&r=g\",\"url\":\"https:\/\/secure.gravatar.com\/avatar\/e983a676af6facf4aebcb2989d49e3bf61b718712d5e7a4b3f355b7fe651bc2f?s=96&d=mm&r=g\",\"contentUrl\":\"https:\/\/secure.gravatar.com\/avatar\/e983a676af6facf4aebcb2989d49e3bf61b718712d5e7a4b3f355b7fe651bc2f?s=96&d=mm&r=g\",\"caption\":\"Igor Maciel\"},\"description\":\"Graduado na Universidade Federal de Pernambuco, com extens\u00e3o na Universidade de Coimbra\/Portugal. Especialista LLM em Direito Corporativo pelo IBMEC\/RJ. Mestrando em Direito e Pol\u00edticas P\u00fablicas pelo UNICEUB\/DF. Advogado com atua\u00e7\u00e3o profissional centrada no Direito Tribut\u00e1rio e no Direito Administrativo, especialmente na defesa de servidores p\u00fablicos.\",\"sameAs\":[\"http:\/\/www.imaciel.com.br\",\"https:\/\/www.facebook.com\/igor.maciel.1420\"],\"url\":\"https:\/\/www.estrategiaconcursos.com.br\/blog\/author\/contatoimaciel-com-br\/\"}]}<\/script>\n<!-- \/ Yoast SEO Premium plugin. -->","yoast_head_json":{"title":"Curso Intensivo de Direito M\u00e9dico e Sa\u00fade: PGE AM\u00a0Procurador: hoje!","description":"N\u00e3o perca o evento Curso Intensivo de Direito M\u00e9dico e Sa\u00fade para o concurso PGE AM Procurador, que ocorrer\u00e1 ao vivo nesta ter\u00e7a-feira!","robots":{"index":"index","follow":"follow","max-snippet":"max-snippet:-1","max-image-preview":"max-image-preview:large","max-video-preview":"max-video-preview:-1"},"canonical":"https:\/\/www.estrategiaconcursos.com.br\/blog\/curso-intensivo-de-direito-medico-e-saude-am-procurador\/","og_locale":"pt_BR","og_type":"article","og_title":"Curso Intensivo de Direito M\u00e9dico e Sa\u00fade: PGE AM\u00a0Procurador: hoje!","og_description":"N\u00e3o perca o evento Curso Intensivo de Direito M\u00e9dico e Sa\u00fade para o concurso PGE AM Procurador, que ocorrer\u00e1 ao vivo nesta ter\u00e7a-feira!","og_url":"https:\/\/www.estrategiaconcursos.com.br\/blog\/curso-intensivo-de-direito-medico-e-saude-am-procurador\/","og_site_name":"Estrat\u00e9gia Concursos","article_author":"https:\/\/www.facebook.com\/igor.maciel.1420","article_published_time":"2022-03-08T21:02:00+00:00","article_modified_time":"2023-08-28T19:21:12+00:00","og_image":[{"width":1280,"height":720,"url":"https:\/\/dhg1h5j42swfq.cloudfront.net\/2022\/03\/08185758\/1280-720-max-14.jpg","type":"image\/jpeg"}],"author":"Igor Maciel","twitter_card":"summary_large_image","twitter_creator":"@EstratConcursos","twitter_site":"@EstratConcursos","twitter_misc":{"Escrito por":"Igor Maciel","Est. tempo de leitura":"4 minutos"},"schema":{"@context":"https:\/\/schema.org","@graph":[{"@type":"NewsArticle","@id":"https:\/\/www.estrategiaconcursos.com.br\/blog\/curso-intensivo-de-direito-medico-e-saude-am-procurador\/#article","isPartOf":{"@id":"https:\/\/www.estrategiaconcursos.com.br\/blog\/curso-intensivo-de-direito-medico-e-saude-am-procurador\/"},"author":{"name":"Igor Maciel","@id":"https:\/\/www.estrategiaconcursos.com.br\/blog\/#\/schema\/person\/024d26d5efb06d95dfc04025d7301591"},"headline":"Curso Intensivo de Direito M\u00e9dico e Sa\u00fade: PGE AM\u00a0Procurador: hoje!","datePublished":"2022-03-08T21:02:00+00:00","dateModified":"2023-08-28T19:21:12+00:00","mainEntityOfPage":{"@id":"https:\/\/www.estrategiaconcursos.com.br\/blog\/curso-intensivo-de-direito-medico-e-saude-am-procurador\/"},"wordCount":631,"commentCount":0,"publisher":{"@id":"https:\/\/www.estrategiaconcursos.com.br\/blog\/#organization"},"image":{"@id":"https:\/\/www.estrategiaconcursos.com.br\/blog\/curso-intensivo-de-direito-medico-e-saude-am-procurador\/#primaryimage"},"thumbnailUrl":"https:\/\/dhg1h5j42swfq.cloudfront.net\/2022\/03\/08185758\/1280-720-max-14.jpg","articleSection":["Jur\u00eddico - Procuradorias"],"inLanguage":"pt-BR","potentialAction":[{"@type":"CommentAction","name":"Comment","target":["https:\/\/www.estrategiaconcursos.com.br\/blog\/curso-intensivo-de-direito-medico-e-saude-am-procurador\/#respond"]}],"copyrightYear":"2022","copyrightHolder":{"@id":"https:\/\/www.estrategiaconcursos.com.br\/blog\/#organization"}},{"@type":"WebPage","@id":"https:\/\/www.estrategiaconcursos.com.br\/blog\/curso-intensivo-de-direito-medico-e-saude-am-procurador\/","url":"https:\/\/www.estrategiaconcursos.com.br\/blog\/curso-intensivo-de-direito-medico-e-saude-am-procurador\/","name":"Curso Intensivo de Direito M\u00e9dico e Sa\u00fade: PGE AM\u00a0Procurador: hoje!","isPartOf":{"@id":"https:\/\/www.estrategiaconcursos.com.br\/blog\/#website"},"primaryImageOfPage":{"@id":"https:\/\/www.estrategiaconcursos.com.br\/blog\/curso-intensivo-de-direito-medico-e-saude-am-procurador\/#primaryimage"},"image":{"@id":"https:\/\/www.estrategiaconcursos.com.br\/blog\/curso-intensivo-de-direito-medico-e-saude-am-procurador\/#primaryimage"},"thumbnailUrl":"https:\/\/dhg1h5j42swfq.cloudfront.net\/2022\/03\/08185758\/1280-720-max-14.jpg","datePublished":"2022-03-08T21:02:00+00:00","dateModified":"2023-08-28T19:21:12+00:00","description":"N\u00e3o perca o evento Curso Intensivo de Direito M\u00e9dico e Sa\u00fade para o concurso PGE AM Procurador, que ocorrer\u00e1 ao vivo nesta ter\u00e7a-feira!","breadcrumb":{"@id":"https:\/\/www.estrategiaconcursos.com.br\/blog\/curso-intensivo-de-direito-medico-e-saude-am-procurador\/#breadcrumb"},"inLanguage":"pt-BR","potentialAction":[{"@type":"ReadAction","target":["https:\/\/www.estrategiaconcursos.com.br\/blog\/curso-intensivo-de-direito-medico-e-saude-am-procurador\/"]}]},{"@type":"ImageObject","inLanguage":"pt-BR","@id":"https:\/\/www.estrategiaconcursos.com.br\/blog\/curso-intensivo-de-direito-medico-e-saude-am-procurador\/#primaryimage","url":"https:\/\/dhg1h5j42swfq.cloudfront.net\/2022\/03\/08185758\/1280-720-max-14.jpg","contentUrl":"https:\/\/dhg1h5j42swfq.cloudfront.net\/2022\/03\/08185758\/1280-720-max-14.jpg","width":1280,"height":720,"caption":"Curso Intensivo de Direito M\u00e9dico"},{"@type":"BreadcrumbList","@id":"https:\/\/www.estrategiaconcursos.com.br\/blog\/curso-intensivo-de-direito-medico-e-saude-am-procurador\/#breadcrumb","itemListElement":[{"@type":"ListItem","position":1,"name":"In\u00edcio","item":"https:\/\/www.estrategiaconcursos.com.br\/blog\/"},{"@type":"ListItem","position":2,"name":"Curso Intensivo de Direito M\u00e9dico e Sa\u00fade: PGE AM\u00a0Procurador: hoje!"}]},{"@type":"WebSite","@id":"https:\/\/www.estrategiaconcursos.com.br\/blog\/#website","url":"https:\/\/www.estrategiaconcursos.com.br\/blog\/","name":"Estrat\u00e9gia Concursos","description":"O blog da Estrat\u00e9gia Concursos traz not\u00edcias sobre concursos e artigos de professores oferecendo cursos para concursos (pdf + videaulas) no site.","publisher":{"@id":"https:\/\/www.estrategiaconcursos.com.br\/blog\/#organization"},"potentialAction":[{"@type":"SearchAction","target":{"@type":"EntryPoint","urlTemplate":"https:\/\/www.estrategiaconcursos.com.br\/blog\/?s={search_term_string}"},"query-input":{"@type":"PropertyValueSpecification","valueRequired":true,"valueName":"search_term_string"}}],"inLanguage":"pt-BR"},{"@type":"Organization","@id":"https:\/\/www.estrategiaconcursos.com.br\/blog\/#organization","name":"Estrat\u00e9gia Concursos","url":"https:\/\/www.estrategiaconcursos.com.br\/blog\/","logo":{"@type":"ImageObject","inLanguage":"pt-BR","@id":"https:\/\/www.estrategiaconcursos.com.br\/blog\/#\/schema\/logo\/image\/","url":"https:\/\/dhg1h5j42swfq.cloudfront.net\/2025\/06\/03203428\/logo_concursos-1.jpg","contentUrl":"https:\/\/dhg1h5j42swfq.cloudfront.net\/2025\/06\/03203428\/logo_concursos-1.jpg","width":230,"height":60,"caption":"Estrat\u00e9gia Concursos"},"image":{"@id":"https:\/\/www.estrategiaconcursos.com.br\/blog\/#\/schema\/logo\/image\/"},"sameAs":["https:\/\/x.com\/EstratConcursos"]},{"@type":"Person","@id":"https:\/\/www.estrategiaconcursos.com.br\/blog\/#\/schema\/person\/024d26d5efb06d95dfc04025d7301591","name":"Igor Maciel","image":{"@type":"ImageObject","inLanguage":"pt-BR","@id":"https:\/\/secure.gravatar.com\/avatar\/e983a676af6facf4aebcb2989d49e3bf61b718712d5e7a4b3f355b7fe651bc2f?s=96&d=mm&r=g","url":"https:\/\/secure.gravatar.com\/avatar\/e983a676af6facf4aebcb2989d49e3bf61b718712d5e7a4b3f355b7fe651bc2f?s=96&d=mm&r=g","contentUrl":"https:\/\/secure.gravatar.com\/avatar\/e983a676af6facf4aebcb2989d49e3bf61b718712d5e7a4b3f355b7fe651bc2f?s=96&d=mm&r=g","caption":"Igor Maciel"},"description":"Graduado na Universidade Federal de Pernambuco, com extens\u00e3o na Universidade de Coimbra\/Portugal. Especialista LLM em Direito Corporativo pelo IBMEC\/RJ. Mestrando em Direito e Pol\u00edticas P\u00fablicas pelo UNICEUB\/DF. Advogado com atua\u00e7\u00e3o profissional centrada no Direito Tribut\u00e1rio e no Direito Administrativo, especialmente na defesa de servidores p\u00fablicos.","sameAs":["http:\/\/www.imaciel.com.br","https:\/\/www.facebook.com\/igor.maciel.1420"],"url":"https:\/\/www.estrategiaconcursos.com.br\/blog\/author\/contatoimaciel-com-br\/"}]}},"_links":{"self":[{"href":"https:\/\/www.estrategiaconcursos.com.br\/blog\/wp-json\/wp\/v2\/posts\/983190","targetHints":{"allow":["GET"]}}],"collection":[{"href":"https:\/\/www.estrategiaconcursos.com.br\/blog\/wp-json\/wp\/v2\/posts"}],"about":[{"href":"https:\/\/www.estrategiaconcursos.com.br\/blog\/wp-json\/wp\/v2\/types\/post"}],"author":[{"embeddable":true,"href":"https:\/\/www.estrategiaconcursos.com.br\/blog\/wp-json\/wp\/v2\/users\/317"}],"replies":[{"embeddable":true,"href":"https:\/\/www.estrategiaconcursos.com.br\/blog\/wp-json\/wp\/v2\/comments?post=983190"}],"version-history":[{"count":20,"href":"https:\/\/www.estrategiaconcursos.com.br\/blog\/wp-json\/wp\/v2\/posts\/983190\/revisions"}],"predecessor-version":[{"id":1270295,"href":"https:\/\/www.estrategiaconcursos.com.br\/blog\/wp-json\/wp\/v2\/posts\/983190\/revisions\/1270295"}],"wp:featuredmedia":[{"embeddable":true,"href":"https:\/\/www.estrategiaconcursos.com.br\/blog\/wp-json\/wp\/v2\/media\/983193"}],"wp:attachment":[{"href":"https:\/\/www.estrategiaconcursos.com.br\/blog\/wp-json\/wp\/v2\/media?parent=983190"}],"wp:term":[{"taxonomy":"category","embeddable":true,"href":"https:\/\/www.estrategiaconcursos.com.br\/blog\/wp-json\/wp\/v2\/categories?post=983190"},{"taxonomy":"post_tag","embeddable":true,"href":"https:\/\/www.estrategiaconcursos.com.br\/blog\/wp-json\/wp\/v2\/tags?post=983190"},{"taxonomy":"tax_estado","embeddable":true,"href":"https:\/\/www.estrategiaconcursos.com.br\/blog\/wp-json\/wp\/v2\/tax_estado?post=983190"}],"curies":[{"name":"wp","href":"https:\/\/api.w.org\/{rel}","templated":true}]}}