{"id":98251,"date":"2017-12-06T18:23:11","date_gmt":"2017-12-06T21:23:11","guid":{"rendered":"https:\/\/www.estrategiaconcursos.com.br\/blog\/?p=98251"},"modified":"2017-12-06T18:27:19","modified_gmt":"2017-12-06T21:27:19","slug":"comentarios-prova-de-direito-das-pessoas-com-deficiencia-tre-to","status":"publish","type":"post","link":"https:\/\/www.estrategiaconcursos.com.br\/blog\/comentarios-prova-de-direito-das-pessoas-com-deficiencia-tre-to\/","title":{"rendered":"Coment\u00e1rios \u00e0 prova de Direito das Pessoas com Defici\u00eancia \u2013 TRE-TO"},"content":{"rendered":"<p style=\"text-align: justify;\">Ol\u00e1! Neste artigo, analisamos as quest\u00f5es de Direito das Pessoas com Defici\u00eancia aplicadas pelo CESPE na prova do concurso do TRE-TO, para os cargos de t\u00e9cnico judici\u00e1rio, \u00e1rea administrativa, e analista judici\u00e1rio, \u00e1reas administrativa e judici\u00e1ria.<\/p>\n<p style=\"text-align: justify;\">N\u00e3o vemos possibilidade de recurso. Contudo, caso voc\u00ea tenha alguma d\u00favida, nos procure. Vou deixar aqui meu contato do Instagram! Inclusive, l\u00e1 na minha p\u00e1gina estamos com um projeto de quest\u00f5es comentadas. Vale a pena conferir!!!<\/p>\n<p style=\"text-align: justify;\"><a href=\"http:\/\/www.instagram.com\/proftorques\/\">www.instagram.com\/proftorques\/<\/a><\/p>\n<p style=\"text-align: justify;\">Agora, sim. Vamos \u00e0s quest\u00f5es!<\/p>\n<p style=\"text-align: justify;\">Foram apenas 3 quest\u00f5es comuns \u00e0s provas de analista judici\u00e1rio e 3 quest\u00f5es da prova de t\u00e9cnico judici\u00e1rio.<\/p>\n<p style=\"text-align: justify;\"><span style=\"text-decoration: underline;\"><strong>Quest\u00f5es Analista Judici\u00e1rio &#8211; \u00c1reas Judici\u00e1ria e Administrativa<\/strong><\/span><\/p>\n<p style=\"text-align: justify;\"><strong>Quest\u00e3o 16<\/strong><\/p>\n<p style=\"text-align: justify;\">O fato de ser concedido a um servidor hor\u00e1rio especial por ter filho com defici\u00eancia<\/p>\n<p style=\"text-align: justify;\">A) ir\u00e1 obrig\u00e1-lo \u00e0 compensa\u00e7\u00e3o de hor\u00e1rio para o cumprimento da carga hor\u00e1ria semanal do trabalho.<\/p>\n<p style=\"text-align: justify;\">B) n\u00e3o lhe impedir\u00e1 o exerc\u00edcio de cargo comissionado.<\/p>\n<p style=\"text-align: justify;\">C) criar\u00e1 para ele \u00f3bice para a acumula\u00e7\u00e3o de banco de horas.<\/p>\n<p style=\"text-align: justify;\">D) ser\u00e1 para ele obst\u00e1culo \u00e0 diminui\u00e7\u00e3o de jornada concedida aos demais servidores.<\/p>\n<p style=\"text-align: justify;\">E) consistir\u00e1 em compromisso de ele se submeter \u00e0 presta\u00e7\u00e3o de horas extras para atender aos interesses da administra\u00e7\u00e3o.<\/p>\n<p style=\"text-align: justify;\"><strong>Coment\u00e1rios<\/strong><\/p>\n<p style=\"text-align: justify;\">A <strong>alternativa A<\/strong> est\u00e1 incorreta. Como sabemos, a pessoa com defici\u00eancia n\u00e3o \u00e9 obrigada a gozar dos benef\u00edcios concedidos em lei. vejamos o art. 4\u00ba, \u00a7 2\u00ba, do Estatuto da Pessoa com Defici\u00eancia.<\/p>\n<blockquote>\n<p style=\"text-align: justify;\">\u00a7 2\u00ba A pessoa com defici\u00eancia n\u00e3o est\u00e1 obrigada \u00e0 frui\u00e7\u00e3o de benef\u00edcios decorrentes de a\u00e7\u00e3o afirmativa.<\/p>\n<\/blockquote>\n<p style=\"text-align: justify;\">A <strong>alternativa B<\/strong> est\u00e1 correta e \u00e9 o gabarito da quest\u00e3o, com base no art. 29, \u00a7 2\u00ba, da Resolu\u00e7\u00e3o 230 do CNJ:<\/p>\n<blockquote>\n<p style=\"text-align: justify;\">Art. 29. A concess\u00e3o de hor\u00e1rio especial conforme o art. 98, \u00a7 2\u00ba, da Lei 8.112\/1990 a servidor com defici\u00eancia n\u00e3o justifica qualquer atitude discriminat\u00f3ria.<\/p>\n<p style=\"text-align: justify;\">\u00a7 2\u00ba Ao servidor a quem se tenha concedido hor\u00e1rio especial n\u00e3o poder\u00e1 ser negado ou dificultado, colocando-o em situa\u00e7\u00e3o de desigualdade com os demais servidores, o exerc\u00edcio de fun\u00e7\u00e3o de confian\u00e7a ou de cargo em comiss\u00e3o.<\/p>\n<\/blockquote>\n<p style=\"text-align: justify;\">A <strong>alternativa C<\/strong> est\u00e1 incorreta. Se for concedido aos demais servidores o direito ao banco de horas, tamb\u00e9m ser\u00e1 concedido ao servidor com hor\u00e1rio especial. Veja o \u00a7 1\u00ba, do art. 29, da Resolu\u00e7\u00e3o.<\/p>\n<blockquote>\n<p style=\"text-align: justify;\">\u00a7 1\u00ba Admitindo-se a possibilidade de acumula\u00e7\u00e3o de banco de horas pelos demais servidores do \u00f3rg\u00e3o, tamb\u00e9m dever\u00e1 ser admitida a mesma possibilidade em rela\u00e7\u00e3o ao servidor com hor\u00e1rio especial, mas de modo proporcional.<\/p>\n<\/blockquote>\n<p style=\"text-align: justify;\">A <strong>alternativa D<\/strong> est\u00e1 incorreta, com base no art. 29, \u00a7 4\u00ba, da Resolu\u00e7\u00e3o 230 do CNJ:<\/p>\n<blockquote>\n<p style=\"text-align: justify;\">\u00a7 4\u00ba Se o \u00f3rg\u00e3o, por sua liberalidade, determinar a diminui\u00e7\u00e3o da jornada de trabalho dos seus servidores, ainda que por curto per\u00edodo, esse mesmo benef\u00edcio dever\u00e1 ser aproveitado de forma proporcional pelo servidor a quem tenha sido concedido hor\u00e1rio especial<\/p>\n<\/blockquote>\n<p style=\"text-align: justify;\">A <strong>alternativa E<\/strong> est\u00e1 incorreta. O servidor em hor\u00e1rio especial n\u00e3o \u00e9 obrigado a cumprir horas extras. Veja o \u00a7 3\u00ba, do art. 29:<\/p>\n<blockquote>\n<p style=\"text-align: justify;\">\u00a7 3\u00ba O servidor com hor\u00e1rio especial n\u00e3o ser\u00e1 obrigado a realizar, conforme o interesse da Administra\u00e7\u00e3o, horas extras, se essa extens\u00e3o da sua jornada de trabalho puder ocasionar qualquer dano \u00e0 sua sa\u00fade.<\/p>\n<\/blockquote>\n<p style=\"text-align: justify;\"><strong>Quest\u00e3o 17<\/strong><\/p>\n<p style=\"text-align: justify;\">\u00c0 luz do Estatuto da Pessoa com Defici\u00eancia, a concep\u00e7\u00e3o de ambiente a ser usado por todas as pessoas, sem a necessidade de adapta\u00e7\u00e3o ou de projeto espec\u00edfico, incluindo os recursos de tecnologia assistiva caracteriza o(a)<\/p>\n<p style=\"text-align: justify;\">A) adapta\u00e7\u00e3o razo\u00e1vel.<\/p>\n<p style=\"text-align: justify;\">B) elemento urbanizado.<\/p>\n<p style=\"text-align: justify;\">C) mobili\u00e1rio assistivo.<\/p>\n<p style=\"text-align: justify;\">D) acessibilidade.<\/p>\n<p style=\"text-align: justify;\">E) desenho universal.<\/p>\n<p style=\"text-align: justify;\"><strong>Coment\u00e1rios<\/strong><\/p>\n<p style=\"text-align: justify;\">A quest\u00e3o cobra o conceito de desenho universal. Vejamos o art. 3\u00ba, II, do Estatuto da Pessoa com Defici\u00eancia:<\/p>\n<blockquote>\n<p style=\"text-align: justify;\">II &#8211; desenho universal: concep\u00e7\u00e3o de produtos, ambientes, programas e servi\u00e7os a serem usados por todas as pessoas, sem necessidade de adapta\u00e7\u00e3o ou de projeto espec\u00edfico, incluindo os recursos de tecnologia assistiva;<\/p>\n<\/blockquote>\n<p style=\"text-align: justify;\">Portanto, a <strong>alternativa E<\/strong> est\u00e1 correta e \u00e9 o gabarito da quest\u00e3o.<\/p>\n<p style=\"text-align: justify;\"><strong>Quest\u00e3o 18<\/strong><\/p>\n<p style=\"text-align: justify;\">Tipifica-se como crime contra a pessoa deficiente, com a penalidade de deten\u00e7\u00e3o,<\/p>\n<p style=\"text-align: justify;\">A) o desvio de seus bens com o prop\u00f3sito de alcan\u00e7ar vantagem indevida para si.<\/p>\n<p style=\"text-align: justify;\">B) o seu abandono em hospitais ou entidades de abrigamento.<\/p>\n<p style=\"text-align: justify;\">C) a utiliza\u00e7\u00e3o, para obten\u00e7\u00e3o de vantagem indevida, de seu cart\u00e3o magn\u00e9tico destinado ao recebimento de pens\u00e3o.<\/p>\n<p style=\"text-align: justify;\">D) a apropria\u00e7\u00e3o de seus bens patrimoniais para a consecu\u00e7\u00e3o de vantagem indevida para terceiros.<\/p>\n<p style=\"text-align: justify;\">E) a incita\u00e7\u00e3o de discrimina\u00e7\u00e3o em raz\u00e3o de sua defici\u00eancia.<\/p>\n<p style=\"text-align: justify;\"><strong>Coment\u00e1rios<\/strong><\/p>\n<p style=\"text-align: justify;\">A quest\u00e3o cobra o crime previsto no art. 91, do Estatuto da Pessoa com Defici\u00eancia, que \u00e9 apenado com deten\u00e7\u00e3o. Vejamos o dispositivo:<\/p>\n<blockquote>\n<p style=\"text-align: justify;\">Art. 91.\u00a0 Reter ou utilizar cart\u00e3o magn\u00e9tico, qualquer meio eletr\u00f4nico ou documento de pessoa com defici\u00eancia destinados ao recebimento de benef\u00edcios, proventos, pens\u00f5es ou remunera\u00e7\u00e3o ou \u00e0 realiza\u00e7\u00e3o de opera\u00e7\u00f5es financeiras, com o fim de obter vantagem indevida para si ou para outrem:<\/p>\n<p style=\"text-align: justify;\">Pena &#8211; <strong><u>deten\u00e7\u00e3o<\/u><\/strong>, de 6 (seis) meses a 2 (dois) anos, e multa.<\/p>\n<\/blockquote>\n<p style=\"text-align: justify;\">Assim, a <strong>alternativa C<\/strong> est\u00e1 correta e \u00e9 o gabarito da quest\u00e3o.<\/p>\n<p style=\"text-align: justify;\"><span style=\"text-decoration: underline;\"><strong>Quest\u00f5es T\u00e9cnico Judici\u00e1rio &#8211; \u00c1rea Administrativa<\/strong><\/span><\/p>\n<p style=\"text-align: justify;\"><strong>Quest\u00e3o 16<\/strong><\/p>\n<p style=\"text-align: justify;\">As adapta\u00e7\u00f5es, modifica\u00e7\u00f5es e ajustes necess\u00e1rios e adequados que n\u00e3o acarretem \u00f4nus desproporcional e indevido, quando requeridos em cada caso, a fim de assegurar que a pessoa com defici\u00eancia possa gozar ou exercer, em igualdade de condi\u00e7\u00f5es e oportunidades com as demais pessoas, todos os direitos e liberdades fundamentais, s\u00e3o consideradas<\/p>\n<p style=\"text-align: justify;\">A) adapta\u00e7\u00f5es razo\u00e1veis.<\/p>\n<p style=\"text-align: justify;\">B) acessibilidade.<\/p>\n<p style=\"text-align: justify;\">C) elemento de urbaniza\u00e7\u00e3o.<\/p>\n<p style=\"text-align: justify;\">D) tecnologia assistiva.<\/p>\n<p style=\"text-align: justify;\">E) modifica\u00e7\u00f5es inclusivas.<\/p>\n<p style=\"text-align: justify;\"><strong>Coment\u00e1rios<\/strong><\/p>\n<p style=\"text-align: justify;\">A quest\u00e3o cobrou mais um conceito do art. 3\u00ba, do Estatuto da Pessoa com Defici\u00eancia. Trata-se do conceito de adapta\u00e7\u00f5es razo\u00e1veis previsto no inciso VI. Vejamos:<\/p>\n<blockquote>\n<p style=\"text-align: justify;\">VI &#8211; adapta\u00e7\u00f5es razo\u00e1veis: adapta\u00e7\u00f5es, modifica\u00e7\u00f5es e ajustes necess\u00e1rios e adequados que n\u00e3o acarretem \u00f4nus desproporcional e indevido, quando requeridos em cada caso, a fim de assegurar que a pessoa com defici\u00eancia possa gozar ou exercer, em igualdade de condi\u00e7\u00f5es e oportunidades com as demais pessoas, todos os direitos e liberdades fundamentais;<\/p>\n<\/blockquote>\n<p style=\"text-align: justify;\">Deste modo, o gabarito da quest\u00e3o \u00e9 a <strong>alternativa A<\/strong>.<\/p>\n<p style=\"text-align: justify;\"><strong>Quest\u00e3o 17<\/strong><\/p>\n<p style=\"text-align: justify;\">O juiz que tiver conhecimento, no curso de processo judicial, de fatos que caracterizem amea\u00e7a ou viola\u00e7\u00e3o a direitos da pessoa com defici\u00eancia, para provid\u00eancias cab\u00edveis, ele deve remeter as pe\u00e7as<\/p>\n<p style=\"text-align: justify;\">A) ao \u00f3rg\u00e3o de defesa dos direitos humanos.<\/p>\n<p style=\"text-align: justify;\">B) ao presidente do tribunal, que deliberar\u00e1 a respeito.<\/p>\n<p style=\"text-align: justify;\">C) \u00e0 Defensoria P\u00fablica.<\/p>\n<p style=\"text-align: justify;\">D) ao delegado de pol\u00edcia.<\/p>\n<p style=\"text-align: justify;\">E) ao Minist\u00e9rio P\u00fablico.<\/p>\n<p style=\"text-align: justify;\"><strong>Coment\u00e1rios<\/strong><\/p>\n<p style=\"text-align: justify;\">A quest\u00e3o cobra o par\u00e1grafo \u00fanico do art. 7\u00ba, do Estatuto da Pessoa com Defici\u00eancia. Se o juiz tiver conhecimento de fato que implique amea\u00e7a ou viola\u00e7\u00e3o de direitos da pessoa com defici\u00eancia, dever\u00e1 remeter a den\u00fancia ao Minist\u00e9rio P\u00fablico.<\/p>\n<p style=\"text-align: justify;\">Vejamos o dispositivo:<\/p>\n<blockquote>\n<p style=\"text-align: justify;\">Art. 7\u00ba \u00c9 dever de todos comunicar \u00e0 autoridade competente qualquer forma de amea\u00e7a ou de viola\u00e7\u00e3o aos direitos da pessoa com defici\u00eancia.<\/p>\n<p style=\"text-align: justify;\">Par\u00e1grafo \u00fanico.\u00a0 Se, no exerc\u00edcio de suas fun\u00e7\u00f5es, os ju\u00edzes e os tribunais tiverem conhecimento de fatos que caracterizem as viola\u00e7\u00f5es previstas nesta Lei, devem remeter pe\u00e7as ao Minist\u00e9rio P\u00fablico para as provid\u00eancias cab\u00edveis.<\/p>\n<\/blockquote>\n<p style=\"text-align: justify;\">Portanto, a <strong>alternativa E<\/strong> est\u00e1 correta e \u00e9 o gabarito da quest\u00e3o.<\/p>\n<p style=\"text-align: justify;\"><strong>Quest\u00e3o 18<\/strong><\/p>\n<p style=\"text-align: justify;\">A atualiza\u00e7\u00e3o do cadastro dos servidores deficientes do Poder Judici\u00e1rio ser\u00e1 realizada anualmente, ocasi\u00e3o em que o servidor com defici\u00eancia dever\u00e1<\/p>\n<p style=\"text-align: justify;\">A) requerer, se houver vaga, a remo\u00e7\u00e3o para \u00e1rea que respeite o seu perfil vocacional e o seu interesse de crescimento profissional.<\/p>\n<p style=\"text-align: justify;\">B) apresentar-se \u00e0 junta m\u00e9dica oficial para avalia\u00e7\u00e3o da exist\u00eancia de melhoria quanto \u00e0 sua adapta\u00e7\u00e3o no ambiente de trabalho.<\/p>\n<p style=\"text-align: justify;\">C) ser pessoalmente questionado sobre a exist\u00eancia de poss\u00edveis sugest\u00f5es ou adapta\u00e7\u00f5es referentes \u00e0 sua plena inclus\u00e3o no ambiente de trabalho.<\/p>\n<p style=\"text-align: justify;\">D) apresentar ao servi\u00e7o m\u00e9dico exames atuais que comprovem a necessidade de continuidade do trabalho com adapta\u00e7\u00f5es.<\/p>\n<p style=\"text-align: justify;\">E) preencher formul\u00e1rio padronizado sobre a necessidade de continuidade do trabalho com adapta\u00e7\u00f5es, o qual ser\u00e1 avaliado por equipe m\u00e9dica multidisciplinar.<\/p>\n<p style=\"text-align: justify;\"><strong>Coment\u00e1rios<\/strong><\/p>\n<p style=\"text-align: justify;\">A quest\u00e3o cobra o art. 21, da Resolu\u00e7\u00e3o 230 do CNJ. Vejamos o dispositivo:<\/p>\n<blockquote>\n<p style=\"text-align: justify;\">Art. 21. Cada \u00f3rg\u00e3o do Poder Judici\u00e1rio dever\u00e1 manter um cadastro dos servidores, serventu\u00e1rios extrajudiciais e terceirizados com defici\u00eancia que trabalham no seu quadro.<\/p>\n<p style=\"text-align: justify;\">\u00a7 1\u00ba Esse cadastro deve especificar as defici\u00eancias e as necessidades particulares de cada servidor, terceirizado ou serventu\u00e1rio extrajudicial.<\/p>\n<p style=\"text-align: justify;\">\u00a7 2\u00ba A atualiza\u00e7\u00e3o do cadastro deve ser permanente, devendo ocorrer uma revis\u00e3o detalhada uma vez por ano.<\/p>\n<p style=\"text-align: justify;\">\u00a7 3\u00ba Na revis\u00e3o anual<u>, cada um dos servidores, serventu\u00e1rios extrajudiciais ou terceirizado com defici\u00eancia dever\u00e1 ser pessoalmente questionado sobre a exist\u00eancia de poss\u00edveis sugest\u00f5es ou adapta\u00e7\u00f5es referentes \u00e0 sua plena inclus\u00e3o no ambiente de trabalho<\/u>.<\/p>\n<p style=\"text-align: justify;\">\u00a7 4\u00ba Para cada sugest\u00e3o dada, dever\u00e1 haver uma resposta formal do Poder Judici\u00e1rio em prazo razo\u00e1vel.<\/p>\n<\/blockquote>\n<p style=\"text-align: justify;\">Dessa forma, tendo em vista o disposto no \u00a7 3\u00ba, a <strong>alternativa C<\/strong> est\u00e1 correta e \u00e9 o gabarito da quest\u00e3o.<\/p>\n<p style=\"text-align: justify;\">&#8212;<\/p>\n<p style=\"text-align: justify;\">\u00c9 isso!<\/p>\n<p style=\"text-align: justify;\">Espero que voc\u00ea tenha acertado as quest\u00f5es! Na torcida pela sua aprova\u00e7\u00e3o :)<\/p>\n<p style=\"text-align: justify;\">Bons estudos!<\/p>\n<p style=\"text-align: justify;\"><a href=\"http:\/\/www.instagram.com\/proftorques\/\">www.instagram.com\/proftorques<\/a><\/p>\n","protected":false},"excerpt":{"rendered":"<p>Ol\u00e1! Neste artigo, analisamos as quest\u00f5es de Direito das Pessoas com Defici\u00eancia aplicadas pelo CESPE na prova do concurso do TRE-TO, para os cargos de t\u00e9cnico judici\u00e1rio, \u00e1rea administrativa, e analista judici\u00e1rio, \u00e1reas administrativa e judici\u00e1ria. N\u00e3o vemos possibilidade de recurso. Contudo, caso voc\u00ea tenha alguma d\u00favida, nos procure. Vou deixar aqui meu contato do [&hellip;]<\/p>\n","protected":false},"author":180,"featured_media":0,"comment_status":"open","ping_status":"closed","sticky":false,"template":"","format":"standard","meta":{"post_tipo":"article","footnotes":""},"categories":[1],"tags":[26,2896,630],"tax_estado":[],"class_list":["post-98251","post","type-post","status-publish","format-standard","hentry","category-cursos-e-concursos","tag-cespe","tag-pcd","tag-questoes-comentadas"],"acf":[],"yoast_head":"<!-- This site is optimized with the Yoast SEO Premium plugin v27.2 (Yoast SEO v27.2) - https:\/\/yoast.com\/product\/yoast-seo-premium-wordpress\/ -->\n<title>Coment\u00e1rios \u00e0 prova de Direito das Pessoas com Defici\u00eancia \u2013 TRE-TO<\/title>\n<meta name=\"robots\" content=\"index, follow, max-snippet:-1, max-image-preview:large, max-video-preview:-1\" \/>\n<link rel=\"canonical\" href=\"https:\/\/www.estrategiaconcursos.com.br\/blog\/comentarios-prova-de-direito-das-pessoas-com-deficiencia-tre-to\/\" \/>\n<meta property=\"og:locale\" content=\"pt_BR\" \/>\n<meta property=\"og:type\" content=\"article\" \/>\n<meta property=\"og:title\" content=\"Coment\u00e1rios \u00e0 prova de Direito das Pessoas com Defici\u00eancia \u2013 TRE-TO\" \/>\n<meta property=\"og:description\" content=\"Ol\u00e1! Neste artigo, analisamos as quest\u00f5es de Direito das Pessoas com Defici\u00eancia aplicadas pelo CESPE na prova do concurso do TRE-TO, para os cargos de t\u00e9cnico judici\u00e1rio, \u00e1rea administrativa, e analista judici\u00e1rio, \u00e1reas administrativa e judici\u00e1ria. N\u00e3o vemos possibilidade de recurso. Contudo, caso voc\u00ea tenha alguma d\u00favida, nos procure. Vou deixar aqui meu contato do [&hellip;]\" \/>\n<meta property=\"og:url\" content=\"https:\/\/www.estrategiaconcursos.com.br\/blog\/comentarios-prova-de-direito-das-pessoas-com-deficiencia-tre-to\/\" \/>\n<meta property=\"og:site_name\" content=\"Estrat\u00e9gia Concursos\" \/>\n<meta property=\"article:author\" content=\"https:\/\/www.facebook.com\/ricardo.s.torques\" \/>\n<meta property=\"article:published_time\" content=\"2017-12-06T21:23:11+00:00\" \/>\n<meta property=\"article:modified_time\" content=\"2017-12-06T21:27:19+00:00\" \/>\n<meta name=\"author\" content=\"Ricardo Torques\" \/>\n<meta name=\"twitter:card\" content=\"summary_large_image\" \/>\n<meta name=\"twitter:creator\" content=\"@EstratConcursos\" \/>\n<meta name=\"twitter:site\" content=\"@EstratConcursos\" \/>\n<meta name=\"twitter:label1\" content=\"Escrito por\" \/>\n\t<meta name=\"twitter:data1\" content=\"Ricardo Torques\" \/>\n\t<meta name=\"twitter:label2\" content=\"Est. tempo de leitura\" \/>\n\t<meta name=\"twitter:data2\" content=\"8 minutos\" \/>\n<script type=\"application\/ld+json\" class=\"yoast-schema-graph\">{\"@context\":\"https:\/\/schema.org\",\"@graph\":[{\"@type\":\"NewsArticle\",\"@id\":\"https:\/\/www.estrategiaconcursos.com.br\/blog\/comentarios-prova-de-direito-das-pessoas-com-deficiencia-tre-to\/#article\",\"isPartOf\":{\"@id\":\"https:\/\/www.estrategiaconcursos.com.br\/blog\/comentarios-prova-de-direito-das-pessoas-com-deficiencia-tre-to\/\"},\"author\":{\"name\":\"Ricardo Torques\",\"@id\":\"https:\/\/www.estrategiaconcursos.com.br\/blog\/#\/schema\/person\/aa39cf5ddb518e5bdce27c35788405e2\"},\"headline\":\"Coment\u00e1rios \u00e0 prova de Direito das Pessoas com Defici\u00eancia \u2013 TRE-TO\",\"datePublished\":\"2017-12-06T21:23:11+00:00\",\"dateModified\":\"2017-12-06T21:27:19+00:00\",\"mainEntityOfPage\":{\"@id\":\"https:\/\/www.estrategiaconcursos.com.br\/blog\/comentarios-prova-de-direito-das-pessoas-com-deficiencia-tre-to\/\"},\"wordCount\":1598,\"commentCount\":0,\"publisher\":{\"@id\":\"https:\/\/www.estrategiaconcursos.com.br\/blog\/#organization\"},\"keywords\":[\"CESPE\",\"PCD\",\"Quest\u00f5es comentadas\"],\"articleSection\":[\"Concursos P\u00fablicos\"],\"inLanguage\":\"pt-BR\",\"potentialAction\":[{\"@type\":\"CommentAction\",\"name\":\"Comment\",\"target\":[\"https:\/\/www.estrategiaconcursos.com.br\/blog\/comentarios-prova-de-direito-das-pessoas-com-deficiencia-tre-to\/#respond\"]}],\"copyrightYear\":\"2017\",\"copyrightHolder\":{\"@id\":\"https:\/\/www.estrategiaconcursos.com.br\/blog\/#organization\"}},{\"@type\":\"WebPage\",\"@id\":\"https:\/\/www.estrategiaconcursos.com.br\/blog\/comentarios-prova-de-direito-das-pessoas-com-deficiencia-tre-to\/\",\"url\":\"https:\/\/www.estrategiaconcursos.com.br\/blog\/comentarios-prova-de-direito-das-pessoas-com-deficiencia-tre-to\/\",\"name\":\"Coment\u00e1rios \u00e0 prova de Direito das Pessoas com Defici\u00eancia \u2013 TRE-TO\",\"isPartOf\":{\"@id\":\"https:\/\/www.estrategiaconcursos.com.br\/blog\/#website\"},\"datePublished\":\"2017-12-06T21:23:11+00:00\",\"dateModified\":\"2017-12-06T21:27:19+00:00\",\"breadcrumb\":{\"@id\":\"https:\/\/www.estrategiaconcursos.com.br\/blog\/comentarios-prova-de-direito-das-pessoas-com-deficiencia-tre-to\/#breadcrumb\"},\"inLanguage\":\"pt-BR\",\"potentialAction\":[{\"@type\":\"ReadAction\",\"target\":[\"https:\/\/www.estrategiaconcursos.com.br\/blog\/comentarios-prova-de-direito-das-pessoas-com-deficiencia-tre-to\/\"]}]},{\"@type\":\"BreadcrumbList\",\"@id\":\"https:\/\/www.estrategiaconcursos.com.br\/blog\/comentarios-prova-de-direito-das-pessoas-com-deficiencia-tre-to\/#breadcrumb\",\"itemListElement\":[{\"@type\":\"ListItem\",\"position\":1,\"name\":\"In\u00edcio\",\"item\":\"https:\/\/www.estrategiaconcursos.com.br\/blog\/\"},{\"@type\":\"ListItem\",\"position\":2,\"name\":\"Coment\u00e1rios \u00e0 prova de Direito das Pessoas com Defici\u00eancia \u2013 TRE-TO\"}]},{\"@type\":\"WebSite\",\"@id\":\"https:\/\/www.estrategiaconcursos.com.br\/blog\/#website\",\"url\":\"https:\/\/www.estrategiaconcursos.com.br\/blog\/\",\"name\":\"Estrat\u00e9gia Concursos\",\"description\":\"O blog da Estrat\u00e9gia Concursos traz not\u00edcias sobre concursos e artigos de professores oferecendo cursos para concursos (pdf + videaulas) no site.\",\"publisher\":{\"@id\":\"https:\/\/www.estrategiaconcursos.com.br\/blog\/#organization\"},\"potentialAction\":[{\"@type\":\"SearchAction\",\"target\":{\"@type\":\"EntryPoint\",\"urlTemplate\":\"https:\/\/www.estrategiaconcursos.com.br\/blog\/?s={search_term_string}\"},\"query-input\":{\"@type\":\"PropertyValueSpecification\",\"valueRequired\":true,\"valueName\":\"search_term_string\"}}],\"inLanguage\":\"pt-BR\"},{\"@type\":\"Organization\",\"@id\":\"https:\/\/www.estrategiaconcursos.com.br\/blog\/#organization\",\"name\":\"Estrat\u00e9gia Concursos\",\"url\":\"https:\/\/www.estrategiaconcursos.com.br\/blog\/\",\"logo\":{\"@type\":\"ImageObject\",\"inLanguage\":\"pt-BR\",\"@id\":\"https:\/\/www.estrategiaconcursos.com.br\/blog\/#\/schema\/logo\/image\/\",\"url\":\"https:\/\/dhg1h5j42swfq.cloudfront.net\/2025\/06\/03203428\/logo_concursos-1.jpg\",\"contentUrl\":\"https:\/\/dhg1h5j42swfq.cloudfront.net\/2025\/06\/03203428\/logo_concursos-1.jpg\",\"width\":230,\"height\":60,\"caption\":\"Estrat\u00e9gia Concursos\"},\"image\":{\"@id\":\"https:\/\/www.estrategiaconcursos.com.br\/blog\/#\/schema\/logo\/image\/\"},\"sameAs\":[\"https:\/\/x.com\/EstratConcursos\"]},{\"@type\":\"Person\",\"@id\":\"https:\/\/www.estrategiaconcursos.com.br\/blog\/#\/schema\/person\/aa39cf5ddb518e5bdce27c35788405e2\",\"name\":\"Ricardo Torques\",\"image\":{\"@type\":\"ImageObject\",\"inLanguage\":\"pt-BR\",\"@id\":\"https:\/\/secure.gravatar.com\/avatar\/ce9ac6c3cff25fe86d15ed568ebc64d1724baf5c0693133bcb1f6073f712f92a?s=96&d=mm&r=g\",\"url\":\"https:\/\/secure.gravatar.com\/avatar\/ce9ac6c3cff25fe86d15ed568ebc64d1724baf5c0693133bcb1f6073f712f92a?s=96&d=mm&r=g\",\"contentUrl\":\"https:\/\/secure.gravatar.com\/avatar\/ce9ac6c3cff25fe86d15ed568ebc64d1724baf5c0693133bcb1f6073f712f92a?s=96&d=mm&r=g\",\"caption\":\"Ricardo Torques\"},\"sameAs\":[\"https:\/\/www.facebook.com\/ricardo.s.torques\"],\"url\":\"https:\/\/www.estrategiaconcursos.com.br\/blog\/author\/ricardotorquesestrategiaconcursos-com-br\/\"}]}<\/script>\n<!-- \/ Yoast SEO Premium plugin. -->","yoast_head_json":{"title":"Coment\u00e1rios \u00e0 prova de Direito das Pessoas com Defici\u00eancia \u2013 TRE-TO","robots":{"index":"index","follow":"follow","max-snippet":"max-snippet:-1","max-image-preview":"max-image-preview:large","max-video-preview":"max-video-preview:-1"},"canonical":"https:\/\/www.estrategiaconcursos.com.br\/blog\/comentarios-prova-de-direito-das-pessoas-com-deficiencia-tre-to\/","og_locale":"pt_BR","og_type":"article","og_title":"Coment\u00e1rios \u00e0 prova de Direito das Pessoas com Defici\u00eancia \u2013 TRE-TO","og_description":"Ol\u00e1! Neste artigo, analisamos as quest\u00f5es de Direito das Pessoas com Defici\u00eancia aplicadas pelo CESPE na prova do concurso do TRE-TO, para os cargos de t\u00e9cnico judici\u00e1rio, \u00e1rea administrativa, e analista judici\u00e1rio, \u00e1reas administrativa e judici\u00e1ria. N\u00e3o vemos possibilidade de recurso. Contudo, caso voc\u00ea tenha alguma d\u00favida, nos procure. Vou deixar aqui meu contato do [&hellip;]","og_url":"https:\/\/www.estrategiaconcursos.com.br\/blog\/comentarios-prova-de-direito-das-pessoas-com-deficiencia-tre-to\/","og_site_name":"Estrat\u00e9gia Concursos","article_author":"https:\/\/www.facebook.com\/ricardo.s.torques","article_published_time":"2017-12-06T21:23:11+00:00","article_modified_time":"2017-12-06T21:27:19+00:00","author":"Ricardo Torques","twitter_card":"summary_large_image","twitter_creator":"@EstratConcursos","twitter_site":"@EstratConcursos","twitter_misc":{"Escrito por":"Ricardo Torques","Est. tempo de leitura":"8 minutos"},"schema":{"@context":"https:\/\/schema.org","@graph":[{"@type":"NewsArticle","@id":"https:\/\/www.estrategiaconcursos.com.br\/blog\/comentarios-prova-de-direito-das-pessoas-com-deficiencia-tre-to\/#article","isPartOf":{"@id":"https:\/\/www.estrategiaconcursos.com.br\/blog\/comentarios-prova-de-direito-das-pessoas-com-deficiencia-tre-to\/"},"author":{"name":"Ricardo Torques","@id":"https:\/\/www.estrategiaconcursos.com.br\/blog\/#\/schema\/person\/aa39cf5ddb518e5bdce27c35788405e2"},"headline":"Coment\u00e1rios \u00e0 prova de Direito das Pessoas com Defici\u00eancia \u2013 TRE-TO","datePublished":"2017-12-06T21:23:11+00:00","dateModified":"2017-12-06T21:27:19+00:00","mainEntityOfPage":{"@id":"https:\/\/www.estrategiaconcursos.com.br\/blog\/comentarios-prova-de-direito-das-pessoas-com-deficiencia-tre-to\/"},"wordCount":1598,"commentCount":0,"publisher":{"@id":"https:\/\/www.estrategiaconcursos.com.br\/blog\/#organization"},"keywords":["CESPE","PCD","Quest\u00f5es comentadas"],"articleSection":["Concursos P\u00fablicos"],"inLanguage":"pt-BR","potentialAction":[{"@type":"CommentAction","name":"Comment","target":["https:\/\/www.estrategiaconcursos.com.br\/blog\/comentarios-prova-de-direito-das-pessoas-com-deficiencia-tre-to\/#respond"]}],"copyrightYear":"2017","copyrightHolder":{"@id":"https:\/\/www.estrategiaconcursos.com.br\/blog\/#organization"}},{"@type":"WebPage","@id":"https:\/\/www.estrategiaconcursos.com.br\/blog\/comentarios-prova-de-direito-das-pessoas-com-deficiencia-tre-to\/","url":"https:\/\/www.estrategiaconcursos.com.br\/blog\/comentarios-prova-de-direito-das-pessoas-com-deficiencia-tre-to\/","name":"Coment\u00e1rios \u00e0 prova de Direito das Pessoas com Defici\u00eancia \u2013 TRE-TO","isPartOf":{"@id":"https:\/\/www.estrategiaconcursos.com.br\/blog\/#website"},"datePublished":"2017-12-06T21:23:11+00:00","dateModified":"2017-12-06T21:27:19+00:00","breadcrumb":{"@id":"https:\/\/www.estrategiaconcursos.com.br\/blog\/comentarios-prova-de-direito-das-pessoas-com-deficiencia-tre-to\/#breadcrumb"},"inLanguage":"pt-BR","potentialAction":[{"@type":"ReadAction","target":["https:\/\/www.estrategiaconcursos.com.br\/blog\/comentarios-prova-de-direito-das-pessoas-com-deficiencia-tre-to\/"]}]},{"@type":"BreadcrumbList","@id":"https:\/\/www.estrategiaconcursos.com.br\/blog\/comentarios-prova-de-direito-das-pessoas-com-deficiencia-tre-to\/#breadcrumb","itemListElement":[{"@type":"ListItem","position":1,"name":"In\u00edcio","item":"https:\/\/www.estrategiaconcursos.com.br\/blog\/"},{"@type":"ListItem","position":2,"name":"Coment\u00e1rios \u00e0 prova de Direito das Pessoas com Defici\u00eancia \u2013 TRE-TO"}]},{"@type":"WebSite","@id":"https:\/\/www.estrategiaconcursos.com.br\/blog\/#website","url":"https:\/\/www.estrategiaconcursos.com.br\/blog\/","name":"Estrat\u00e9gia Concursos","description":"O blog da Estrat\u00e9gia Concursos traz not\u00edcias sobre concursos e artigos de professores oferecendo cursos para concursos (pdf + videaulas) no site.","publisher":{"@id":"https:\/\/www.estrategiaconcursos.com.br\/blog\/#organization"},"potentialAction":[{"@type":"SearchAction","target":{"@type":"EntryPoint","urlTemplate":"https:\/\/www.estrategiaconcursos.com.br\/blog\/?s={search_term_string}"},"query-input":{"@type":"PropertyValueSpecification","valueRequired":true,"valueName":"search_term_string"}}],"inLanguage":"pt-BR"},{"@type":"Organization","@id":"https:\/\/www.estrategiaconcursos.com.br\/blog\/#organization","name":"Estrat\u00e9gia Concursos","url":"https:\/\/www.estrategiaconcursos.com.br\/blog\/","logo":{"@type":"ImageObject","inLanguage":"pt-BR","@id":"https:\/\/www.estrategiaconcursos.com.br\/blog\/#\/schema\/logo\/image\/","url":"https:\/\/dhg1h5j42swfq.cloudfront.net\/2025\/06\/03203428\/logo_concursos-1.jpg","contentUrl":"https:\/\/dhg1h5j42swfq.cloudfront.net\/2025\/06\/03203428\/logo_concursos-1.jpg","width":230,"height":60,"caption":"Estrat\u00e9gia Concursos"},"image":{"@id":"https:\/\/www.estrategiaconcursos.com.br\/blog\/#\/schema\/logo\/image\/"},"sameAs":["https:\/\/x.com\/EstratConcursos"]},{"@type":"Person","@id":"https:\/\/www.estrategiaconcursos.com.br\/blog\/#\/schema\/person\/aa39cf5ddb518e5bdce27c35788405e2","name":"Ricardo Torques","image":{"@type":"ImageObject","inLanguage":"pt-BR","@id":"https:\/\/secure.gravatar.com\/avatar\/ce9ac6c3cff25fe86d15ed568ebc64d1724baf5c0693133bcb1f6073f712f92a?s=96&d=mm&r=g","url":"https:\/\/secure.gravatar.com\/avatar\/ce9ac6c3cff25fe86d15ed568ebc64d1724baf5c0693133bcb1f6073f712f92a?s=96&d=mm&r=g","contentUrl":"https:\/\/secure.gravatar.com\/avatar\/ce9ac6c3cff25fe86d15ed568ebc64d1724baf5c0693133bcb1f6073f712f92a?s=96&d=mm&r=g","caption":"Ricardo Torques"},"sameAs":["https:\/\/www.facebook.com\/ricardo.s.torques"],"url":"https:\/\/www.estrategiaconcursos.com.br\/blog\/author\/ricardotorquesestrategiaconcursos-com-br\/"}]}},"_links":{"self":[{"href":"https:\/\/www.estrategiaconcursos.com.br\/blog\/wp-json\/wp\/v2\/posts\/98251","targetHints":{"allow":["GET"]}}],"collection":[{"href":"https:\/\/www.estrategiaconcursos.com.br\/blog\/wp-json\/wp\/v2\/posts"}],"about":[{"href":"https:\/\/www.estrategiaconcursos.com.br\/blog\/wp-json\/wp\/v2\/types\/post"}],"author":[{"embeddable":true,"href":"https:\/\/www.estrategiaconcursos.com.br\/blog\/wp-json\/wp\/v2\/users\/180"}],"replies":[{"embeddable":true,"href":"https:\/\/www.estrategiaconcursos.com.br\/blog\/wp-json\/wp\/v2\/comments?post=98251"}],"version-history":[{"count":2,"href":"https:\/\/www.estrategiaconcursos.com.br\/blog\/wp-json\/wp\/v2\/posts\/98251\/revisions"}],"predecessor-version":[{"id":98255,"href":"https:\/\/www.estrategiaconcursos.com.br\/blog\/wp-json\/wp\/v2\/posts\/98251\/revisions\/98255"}],"wp:attachment":[{"href":"https:\/\/www.estrategiaconcursos.com.br\/blog\/wp-json\/wp\/v2\/media?parent=98251"}],"wp:term":[{"taxonomy":"category","embeddable":true,"href":"https:\/\/www.estrategiaconcursos.com.br\/blog\/wp-json\/wp\/v2\/categories?post=98251"},{"taxonomy":"post_tag","embeddable":true,"href":"https:\/\/www.estrategiaconcursos.com.br\/blog\/wp-json\/wp\/v2\/tags?post=98251"},{"taxonomy":"tax_estado","embeddable":true,"href":"https:\/\/www.estrategiaconcursos.com.br\/blog\/wp-json\/wp\/v2\/tax_estado?post=98251"}],"curies":[{"name":"wp","href":"https:\/\/api.w.org\/{rel}","templated":true}]}}