{"id":98247,"date":"2017-12-06T18:08:16","date_gmt":"2017-12-06T21:08:16","guid":{"rendered":"https:\/\/www.estrategiaconcursos.com.br\/blog\/?p=98247"},"modified":"2017-12-06T19:37:00","modified_gmt":"2017-12-06T22:37:00","slug":"comentarios-prova-de-direito-das-pessoas-com-deficiencia-trf5a-regiao","status":"publish","type":"post","link":"https:\/\/www.estrategiaconcursos.com.br\/blog\/comentarios-prova-de-direito-das-pessoas-com-deficiencia-trf5a-regiao\/","title":{"rendered":"Coment\u00e1rios \u00e0 prova de Direito das Pessoas com Defici\u00eancia \u2013 TRF5\u00aa Regi\u00e3o"},"content":{"rendered":"<p style=\"text-align: justify;\">Ol\u00e1! Neste artigo, analisamos as quest\u00f5es de Direito das Pessoas com Defici\u00eancia aplicadas pela FCC na prova do concurso do TRF da 5\u00aa Regi\u00e3o, para os cargos de t\u00e9cnico judici\u00e1rio, \u00e1rea administrativa, e analista judici\u00e1rio, \u00e1reas administrativa e judici\u00e1ria.<\/p>\n<p style=\"text-align: justify;\">N\u00e3o vemos possibilidade de recurso. Contudo, caso voc\u00ea tenha alguma d\u00favida, nos procure. Vou deixar aqui meu contato do Instagram! Inclusive, l\u00e1 na minha p\u00e1gina estamos com um projeto de quest\u00f5es comentadas. Vale a pena conferir!!!<\/p>\n<p style=\"text-align: justify;\"><a href=\"http:\/\/www.instagram.com\/proftorques\/\">www.instagram.com\/proftorques\/<\/a><\/p>\n<p style=\"text-align: justify;\">Agora, sim. Vamos \u00e0s quest\u00f5es!<\/p>\n<p style=\"text-align: justify;\">Foram apenas 3 quest\u00f5es comuns \u00e0s provas de analista judici\u00e1rio e 3 quest\u00f5es da prova de t\u00e9cnico judici\u00e1rio.<\/p>\n<p style=\"text-align: justify;\">Quest\u00f5es Analista Judici\u00e1rio, \u00e1reas judici\u00e1ria e administrativa<\/p>\n<p style=\"text-align: justify;\">&#8212;<\/p>\n<p style=\"text-align: justify;\"><strong>Quest\u00e3o 16<\/strong><\/p>\n<p style=\"text-align: justify;\">No tocante aos elementos de urbaniza\u00e7\u00e3o, considere:<\/p>\n<p style=\"text-align: justify;\">I. No m\u00ednimo 10% de cada brinquedo e equipamento de lazer existentes nas vias p\u00fablicas e nos parques devem ser adaptados e identificados, tanto quanto tecnicamente poss\u00edvel, para possibilitar sua utiliza\u00e7\u00e3o por pessoas com defici\u00eancia, inclusive visual, ou com mobilidade reduzida.<\/p>\n<p style=\"text-align: justify;\">II. O projeto e o tra\u00e7ado dos elementos de urbaniza\u00e7\u00e3o p\u00fablicos e privados de uso comunit\u00e1rio, nestes n\u00e3o compreendidos os itiner\u00e1rios e as passagens de pedestres, dever\u00e3o observar os par\u00e2metros estabelecidos pelas normas t\u00e9cnicas de acessibilidade da Associa\u00e7\u00e3o Brasileira de Normas T\u00e9cnicas \u2013 ABNT.<\/p>\n<p style=\"text-align: justify;\">III. Os banheiros de uso p\u00fablico existentes ou a construir em parques, pra\u00e7as, jardins e espa\u00e7os livres p\u00fablicos dever\u00e3o ser acess\u00edveis e dispor, pelo menos, de um sanit\u00e1rio e um lavat\u00f3rio que atendam \u00e0s especifica\u00e7\u00f5es das normas t\u00e9cnicas da ABNT.<\/p>\n<p style=\"text-align: justify;\">De acordo com a Lei n\u00ba 10.098\/2000, est\u00e1 correto o que se afirma APENAS em<\/p>\n<p style=\"text-align: justify;\">(A) II e III.<\/p>\n<p style=\"text-align: justify;\">(B) I e II.<\/p>\n<p style=\"text-align: justify;\">(C) III.<\/p>\n<p style=\"text-align: justify;\">(D) I e III.<\/p>\n<p style=\"text-align: justify;\">(E) I.<\/p>\n<p style=\"text-align: justify;\"><strong>Coment\u00e1rios<\/strong><\/p>\n<p style=\"text-align: justify;\">Vamos analisar cada um dos itens.<\/p>\n<p style=\"text-align: justify;\">O item I est\u00e1 equivocado, pois o percentual \u00e9 de 5% e n\u00e3o de 10%. De acordo com o art. 4\u00ba, par\u00e1grafo \u00fanico, da Lei 10.098\/2000, no m\u00ednimo 5% de cada brinquedo e equipamento de lazer de vias p\u00fablicas, parques e espa\u00e7os de uso p\u00fablico devem ser adaptados e identificados para o uso por pessoas com defici\u00eancia.<\/p>\n<p style=\"text-align: justify;\">O item II est\u00e1 igualmente errado, na medida em que o projeto e tra\u00e7ado de elementos de urbaniza\u00e7\u00e3o incluem \u2013 \u00e0 luz do art. 5\u00aa da Lei 10.098\/2000 \u2013 os itiner\u00e1rios e as passagens de pedestres, bem como os percursos de entrada e de sa\u00edda de ve\u00edculos, rampas e escadas. Todos eles devem observar as normas t\u00e9cnicas de acessibilidade da ABNT.<\/p>\n<p style=\"text-align: justify;\">O item III, por sua vez, est\u00e1 correto e retrata justamente o que consta do art. 6\u00aa da Lei 10.098\/2000.<\/p>\n<p style=\"text-align: justify;\">Logo, a <strong>alternativa C<\/strong> \u00e9 a correta e gabarito da quest\u00e3o.<\/p>\n<p style=\"text-align: justify;\">&#8212;<\/p>\n<p style=\"text-align: justify;\"><strong>Quest\u00e3o 17<\/strong><\/p>\n<p style=\"text-align: justify;\">De acordo com a Lei n\u00ba 10.098\/2000, considere os requisitos abaixo.<\/p>\n<p style=\"text-align: justify;\">I. Percurso acess\u00edvel que una as unidades habitacionais com o exterior e com as depend\u00eancias de uso comum.<\/p>\n<p style=\"text-align: justify;\">II. Percurso acess\u00edvel que una a edifica\u00e7\u00e3o \u00e0 via p\u00fablica, \u00e0s edifica\u00e7\u00f5es e aos servi\u00e7os anexos de uso comum e aos edif\u00edcios vizinhos.<\/p>\n<p style=\"text-align: justify;\">III. Cabine do elevador e respectiva porta de entrada acess\u00edveis para pessoas portadoras de defici\u00eancia ou com mobilidade reduzida.<\/p>\n<p style=\"text-align: justify;\">Os edif\u00edcios de uso privado em que seja obrigat\u00f3ria a instala\u00e7\u00e3o de elevadores dever\u00e3o ser constru\u00eddos atendendo aos requisitos m\u00ednimos de acessibilidade previstos em<\/p>\n<p style=\"text-align: justify;\">(A) I, apenas.<\/p>\n<p style=\"text-align: justify;\">(B) I e II, apenas.<\/p>\n<p style=\"text-align: justify;\">(C) II e III, apenas.<\/p>\n<p style=\"text-align: justify;\">(D) I, II e III.<\/p>\n<p style=\"text-align: justify;\">(E) III, apenas.<\/p>\n<p style=\"text-align: justify;\"><strong>Coment\u00e1rios<\/strong><\/p>\n<p style=\"text-align: justify;\">Em rela\u00e7\u00e3o \u00e0 acessibilidade em edif\u00edcios de uso privado, o art. 13 da Lei 10.098\/2000 estabelece que devem ser observadas tr\u00eas regras, quais sejam:<\/p>\n<ul>\n<li style=\"text-align: justify;\">percurso acess\u00edvel capaz de unir unidades habitacionais com o exterior e depend\u00eancia de uso comum. Entenda-se: de nada adianta haver acessibilidade interna na resid\u00eancia predial, se os acessos e \u00e1reas de uso comum n\u00e3o forem acess\u00edveis.<\/li>\n<li style=\"text-align: justify;\">percurso acess\u00edvel capaz de unir a edifica\u00e7\u00e3o \u00e0 via p\u00fablica, servi\u00e7os anexos e pr\u00e9dios vizinhos. Novamente, a ideia \u00e9 a mesma: permitir a acessibilidade no em torno da edifica\u00e7\u00e3o.<\/li>\n<li style=\"text-align: justify;\">cabine de elevador e portas de entrada acess\u00edveis.<\/li>\n<\/ul>\n<p style=\"text-align: justify;\">Desse modo, os tr\u00eas itens indicados na quest\u00e3o est\u00e3o corretos e s\u00e3o considerados requisitos m\u00ednimos de acessibilidade em edif\u00edcios de uso privado. Assim, a <strong>alternativa D<\/strong> \u00e9 a correta e gabarito da quest\u00e3o.<\/p>\n<p style=\"text-align: justify;\">&#8212;<\/p>\n<p style=\"text-align: justify;\"><strong>Quest\u00e3o 18<\/strong><\/p>\n<p style=\"text-align: justify;\">Disp\u00f5e o Decreto no 5.296\/2004 que nos teatros, cinemas, audit\u00f3rios, est\u00e1dios, gin\u00e1sios de esporte, casas de espet\u00e1culos, salas de confer\u00eancias e similares \u00e9 obrigat\u00f3ria a destina\u00e7\u00e3o de dois por cento dos assentos para acomoda\u00e7\u00e3o de pessoas portadoras de defici\u00eancia visual e de pessoas com mobilidade reduzida, incluindo obesos, em locais de boa recep\u00e7\u00e3o de mensagens sonoras, devendo todos ser devidamente sinalizados e estar de acordo com os padr\u00f5es das normas t\u00e9cnicas de acessibilidade da ABNT. Segundo o referido Decreto, a pessoa com mobilidade reduzida \u00e9 aquela que,<\/p>\n<p style=\"text-align: justify;\">(A) n\u00e3o se enquadrando no conceito de pessoa portadora de defici\u00eancia, tenha, por qualquer motivo, dificuldade de movimentar-se, permanente ou temporariamente, gerando redu\u00e7\u00e3o efetiva da mobilidade, flexibilidade, coordena\u00e7\u00e3o motora e percep\u00e7\u00e3o.<\/p>\n<p style=\"text-align: justify;\">(B) se enquadrando no conceito de pessoa portadora de defici\u00eancia, tenha, por qualquer motivo, dificuldade de movimentar-se, permanente ou temporariamente, gerando redu\u00e7\u00e3o efetiva da mobilidade, flexibilidade, coordena\u00e7\u00e3o motora e percep\u00e7\u00e3o.<\/p>\n<p style=\"text-align: justify;\">(C) se enquadrando no conceito de pessoa portadora de defici\u00eancia, tenha, por qualquer motivo, dificuldade de movimentar-se necessariamente de forma permanente ou seja, com impossibilidade de revers\u00e3o, gerando redu\u00e7\u00e3o efetiva da mobilidade, flexibilidade, coordena\u00e7\u00e3o motora e percep\u00e7\u00e3o.<\/p>\n<p style=\"text-align: justify;\">(D) n\u00e3o se enquadrando no conceito de pessoa portadora de defici\u00eancia, tenha, por qualquer motivo, dificuldade de movimentar-se necessariamente de forma permanente, ou seja, com impossibilidade de revers\u00e3o, gerando redu\u00e7\u00e3o efetiva da mobilidade, flexibilidade, coordena\u00e7\u00e3o motora e percep\u00e7\u00e3o.<\/p>\n<p style=\"text-align: justify;\">(E) se enquadrando no conceito de pessoa portadora de defici\u00eancia, tenha, por qualquer motivo, dificuldade de movimentar-se, permanente ou temporariamente, gerando qualquer tipo de redu\u00e7\u00e3o da mobilidade motora em qualquer grau ou n\u00edvel espec\u00edfico de dificuldade ou inabilidade.<\/p>\n<p style=\"text-align: justify;\"><strong>Coment\u00e1rios<\/strong><\/p>\n<p style=\"text-align: justify;\">O conceito de pessoa com mobilidade reduzida est\u00e1 descrito no art. 5\u00aa, II, do Decreto 5.296\/2004. Note que o conceito trazido no decreto \u00e9 id\u00eantico ao conceito que encontramos da Lei 13.146\/2015, o Estatuto da Pessoa com Defici\u00eancia:<\/p>\n<p style=\"text-align: justify;\">II &#8211; pessoa com mobilidade reduzida, aquela que, n\u00e3o se enquadrando no conceito de pessoa portadora de defici\u00eancia, tenha, por qualquer motivo, dificuldade de movimentar-se, permanente ou temporariamente, gerando redu\u00e7\u00e3o efetiva da mobilidade, flexibilidade, coordena\u00e7\u00e3o motora e percep\u00e7\u00e3o.<\/p>\n<p style=\"text-align: justify;\">Diante disso, a caracteriza\u00e7\u00e3o da mobilidade reduzida passa pelas pessoas que, embora n\u00e3o estejam inseridas no conceito de defici\u00eancia, s\u00e3o pessoas que possuem dificuldade de locomo\u00e7\u00e3o (permanente ou tempor\u00e1ria) que impliquem na redu\u00e7\u00e3o efetiva da:<\/p>\n<ul>\n<li style=\"text-align: justify;\">mobilidade;<\/li>\n<li style=\"text-align: justify;\">flexibilidade;<\/li>\n<li style=\"text-align: justify;\">coordena\u00e7\u00e3o motora;<\/li>\n<li style=\"text-align: justify;\">percep\u00e7\u00e3o.<\/li>\n<\/ul>\n<p style=\"text-align: justify;\">Logo, devemos assinalar a <strong>alternativa A<\/strong> como correta e gabarito da quest\u00e3o.<\/p>\n<p style=\"text-align: justify;\">&#8212;<\/p>\n<p style=\"text-align: justify;\">Quest\u00f5es T\u00e9cnico Judici\u00e1rio, \u00e1rea administrativa<\/p>\n<p style=\"text-align: justify;\"><strong>Quest\u00e3o 16<\/strong><\/p>\n<p style=\"text-align: justify;\">De acordo com a Lei n\u00ba 10.098\/2000, os sem\u00e1foros para pedestres instalados nas vias p\u00fablicas dever\u00e3o estar equipados com mecanismo que emita sinal ou com mecanismo alternativo, que sirva de guia ou orienta\u00e7\u00e3o para a travessia de pessoas portadoras de defici\u00eancia visual, se a intensidade do fluxo de ve\u00edculos e a periculosidade da via assim determinarem. Neste caso, o sinal sonoro que esses sem\u00e1foros devem emitir ser\u00e1<\/p>\n<p style=\"text-align: justify;\">(A) suave, intermitente e sem estrid\u00eancia.<\/p>\n<p style=\"text-align: justify;\">(B) forte, intermitente e estridente.<\/p>\n<p style=\"text-align: justify;\">(C) suave, cont\u00ednuo e sem estrid\u00eancia.<\/p>\n<p style=\"text-align: justify;\">(D) forte, cont\u00ednuo e estridente.<\/p>\n<p style=\"text-align: justify;\">(E) forte, cont\u00ednuo e sem estrid\u00eancia.<\/p>\n<p style=\"text-align: justify;\"><strong>Coment\u00e1rios<\/strong><\/p>\n<p style=\"text-align: justify;\">Quest\u00e3o que cobra o art. 9\u00ba da Lei 10.098\/2000:<\/p>\n<blockquote>\n<p style=\"text-align: justify;\">Art. 9\u00ba Os sem\u00e1foros para pedestres instalados nas vias p\u00fablicas dever\u00e3o estar equipados com mecanismo que emita sinal sonoro suave, intermitente e sem estrid\u00eancia, ou com mecanismo alternativo, que sirva de guia ou orienta\u00e7\u00e3o para a travessia de pessoas portadoras de defici\u00eancia visual, se a intensidade do fluxo de ve\u00edculos e a periculosidade da via assim determinarem.<\/p>\n<p style=\"text-align: justify;\">Par\u00e1grafo \u00fanico. Os sem\u00e1foros para pedestres instalados em vias p\u00fablicas de grande circula\u00e7\u00e3o, ou que deem acesso aos servi\u00e7os de reabilita\u00e7\u00e3o, devem obrigatoriamente estar equipados com mecanismo que emita sinal sonoro suave para orienta\u00e7\u00e3o do pedestre.<\/p>\n<\/blockquote>\n<p style=\"text-align: justify;\">Desse modo:<\/p>\n<p style=\"text-align: justify;\">Logo, a alternativa A \u00e9 a correta e gabarito da quest\u00e3o.<\/p>\n<p style=\"text-align: justify;\"><strong>Quest\u00e3o 17<\/strong><\/p>\n<p style=\"text-align: justify;\">Considere:<\/p>\n<p style=\"text-align: justify;\">I. Associa\u00e7\u00e3o constitu\u00edda h\u00e1 dez meses, nos termos da lei civil.<\/p>\n<p style=\"text-align: justify;\">II. Sociedade de economia mista que inclua, entre suas finalidades institucionais, a prote\u00e7\u00e3o dos interesses e a promo\u00e7\u00e3o de direitos da pessoa com defici\u00eancia.<\/p>\n<p style=\"text-align: justify;\">III. Defensoria P\u00fablica.<\/p>\n<p style=\"text-align: justify;\">Segundo a Lei n\u00ba 7.853\/1989, as medidas judiciais destinadas \u00e0 prote\u00e7\u00e3o de interesses coletivos, difusos, individuais homog\u00eaneos e individuais indispon\u00edveis da pessoa com defici\u00eancia poder\u00e3o ser propostas pelo Minist\u00e9rio P\u00fablico, pela Uni\u00e3o, pelos Estados, pelos Munic\u00edpios, pelo Distrito Federal, bem como pela(s) entidade(s) indicada(s) em<\/p>\n<p style=\"text-align: justify;\">(A) II, apenas.<\/p>\n<p style=\"text-align: justify;\">(B) I, II e III.<\/p>\n<p style=\"text-align: justify;\">(C) III, apenas.<\/p>\n<p style=\"text-align: justify;\">(D) I e III, apenas.<\/p>\n<p style=\"text-align: justify;\">(E) II e III, apenas.<\/p>\n<p style=\"text-align: justify;\"><strong>Coment\u00e1rios<\/strong><\/p>\n<p style=\"text-align: justify;\">O art. 3\u00ba da Lei 7.853\/1989 prev\u00ea:<\/p>\n<blockquote>\n<p style=\"text-align: justify;\">Art. 3<u><sup>o<\/sup><\/u>\u00a0\u00a0As <strong><u>medidas judiciais<\/u><\/strong> destinadas \u00e0 prote\u00e7\u00e3o de <strong>interesses coletivos, difusos, individuais homog\u00eaneos e individuais indispon\u00edveis<\/strong> da pessoa com defici\u00eancia poder\u00e3o ser <u>propostas pelo Minist\u00e9rio P\u00fablico, pela Defensoria P\u00fablica, pela Uni\u00e3o, pelos Estados, pelos Munic\u00edpios, pelo Distrito Federal, por associa\u00e7\u00e3o constitu\u00edda h\u00e1 mais de 1 (um) ano, nos termos da lei civil, por autarquia, por empresa p\u00fablica e por funda\u00e7\u00e3o ou sociedade de economia mista que inclua, entre suas finalidades institucionais, a prote\u00e7\u00e3o dos interesses e a promo\u00e7\u00e3o de direitos da pessoa com defici\u00eancia<\/u>.\u00a0\u00a0(Reda\u00e7\u00e3o dada pela Lei n\u00ba 13.146, de 2015)<\/p>\n<\/blockquote>\n<p style=\"text-align: justify;\">Logo, s\u00e3o LEGITIMADOS PARA PROPOR A\u00c7\u00d5ES COLETIVAS (interesses coletivos, difusos, individuais, homog\u00eaneos)<\/p>\n<ul style=\"text-align: justify;\">\n<li>Minist\u00e9rio P\u00fablico<\/li>\n<li>Defensoria P\u00fablica<\/li>\n<li>Uni\u00e3o, estados-membros, Distrito Federal e Munic\u00edpios.<\/li>\n<li>Associa\u00e7\u00e3o constitu\u00edda h\u00e1 mais de 1 ano que inclua, entre suas finalidades, a prote\u00e7\u00e3o e a promo\u00e7\u00e3o de direitos das pessoas com defici\u00eancia<\/li>\n<\/ul>\n<p style=\"text-align: justify;\">Diante disso, o item I e III est\u00e3o corretos, de modo a <strong>alternativa D<\/strong> \u00e9 a correta e gabarito da quest\u00e3o.<\/p>\n<p style=\"text-align: justify;\"><strong>Quest\u00e3o 18<\/strong><\/p>\n<p style=\"text-align: justify;\">Cintia \u00e9 pessoa com defici\u00eancia e pretende inscrever-se no programa p\u00fablico habitacional Z visando a obten\u00e7\u00e3o de um apartamento para residir com sua filha, Camila, de 20 anos de idade. De acordo com a Lei n\u00ba 13.146\/2015, o programa habitacional p\u00fablico Z<\/p>\n<p style=\"text-align: justify;\">(A) dever\u00e1 reservar, no m\u00ednimo, 5% das unidades habitacionais para pessoa com defici\u00eancia, sendo que Cintia ter\u00e1 direito a essa prioridade reconhecido apenas uma vez.<\/p>\n<p style=\"text-align: justify;\">(B) dever\u00e1 reservar, no m\u00ednimo, 3% das unidades habitacionais para pessoa com defici\u00eancia, sendo que Cintia ter\u00e1 direito a essa prioridade reconhecido apenas uma vez.<\/p>\n<p style=\"text-align: justify;\">(C) n\u00e3o possui obrigatoriedade de reserva de unidades habitacionais para pessoa com defici\u00eancia, devendo Cintia ingressar normalmente nas regras do edital para participa\u00e7\u00e3o no referido programa.<\/p>\n<p style=\"text-align: justify;\">(D) dever\u00e1 reservar, no m\u00ednimo, 5% das unidades habitacionais para pessoa com defici\u00eancia, sendo que Cintia ter\u00e1 direito a essa prioridade reconhecido quantas vezes for necess\u00e1rio, sem limita\u00e7\u00e3o do exerc\u00edcio deste direito.<\/p>\n<p style=\"text-align: justify;\">(E) dever\u00e1 reservar, no m\u00ednimo, 7% das unidades habitacionais para pessoa com defici\u00eancia, sendo que Cintia ter\u00e1 direito a essa prioridade reconhecido apenas uma vez.<\/p>\n<p style=\"text-align: justify;\"><strong>Coment\u00e1rios<\/strong><\/p>\n<p style=\"text-align: justify;\">Dentro da tratativa do direito \u00e0 moradia, o art. 32 da Lei 13.146\/2015 prev\u00ea que nos programas habitacionais, p\u00fablicos ou subsidiados com recursos p\u00fablicos, a pessoa com defici\u00eancia ou o seu respons\u00e1vel goza de prioridade na aquisi\u00e7\u00e3o de im\u00f3vel para moradia pr\u00f3pria, havendo necessidade de se reservar, no m\u00ednimo, 3% das unidades habitacionais para a pessoa com defici\u00eancia. Ainda, por interm\u00e9dio do \u00a71\u00ba do mesmo dispositivo o direito \u00e0 prioridade ser\u00e1 reconhecido \u00e0 pessoa com defici\u00eancia apenas uma \u00fanica vez.<\/p>\n<p style=\"text-align: justify;\">Assim, a <strong>alternativa B<\/strong> est\u00e1 correta \u00e9 o gabarito da quest\u00e3o.<\/p>\n<p style=\"text-align: justify;\">&#8212;<\/p>\n<p style=\"text-align: justify;\">\u00c9 isso!<\/p>\n<p style=\"text-align: justify;\">Espero que voc\u00ea tenha acertado as quest\u00f5es! Na torcida pela sua aprova\u00e7\u00e3o :)<\/p>\n<p style=\"text-align: justify;\">Bons estudos!<\/p>\n<p style=\"text-align: justify;\"><a href=\"http:\/\/www.instagram.com\/proftorques\/\">www.instagram.com\/proftorques<\/a><\/p>\n<p>&nbsp;<\/p>\n","protected":false},"excerpt":{"rendered":"<p>Ol\u00e1! Neste artigo, analisamos as quest\u00f5es de Direito das Pessoas com Defici\u00eancia aplicadas pela FCC na prova do concurso do TRF da 5\u00aa Regi\u00e3o, para os cargos de t\u00e9cnico judici\u00e1rio, \u00e1rea administrativa, e analista judici\u00e1rio, \u00e1reas administrativa e judici\u00e1ria. N\u00e3o vemos possibilidade de recurso. Contudo, caso voc\u00ea tenha alguma d\u00favida, nos procure. Vou deixar aqui [&hellip;]<\/p>\n","protected":false},"author":180,"featured_media":0,"comment_status":"open","ping_status":"closed","sticky":false,"template":"","format":"standard","meta":{"post_tipo":"article","footnotes":""},"categories":[1984],"tags":[328,2896,630],"tax_estado":[],"class_list":["post-98247","post","type-post","status-publish","format-standard","hentry","category-tribunais","tag-fcc","tag-pcd","tag-questoes-comentadas"],"acf":[],"yoast_head":"<!-- This site is optimized with the Yoast SEO Premium plugin v27.2 (Yoast SEO v27.2) - https:\/\/yoast.com\/product\/yoast-seo-premium-wordpress\/ -->\n<title>Coment\u00e1rios \u00e0 prova de Direito das Pessoas com Defici\u00eancia \u2013 TRF5\u00aa Regi\u00e3o<\/title>\n<meta name=\"robots\" content=\"index, follow, max-snippet:-1, max-image-preview:large, max-video-preview:-1\" \/>\n<link rel=\"canonical\" href=\"https:\/\/www.estrategiaconcursos.com.br\/blog\/comentarios-prova-de-direito-das-pessoas-com-deficiencia-trf5a-regiao\/\" \/>\n<meta property=\"og:locale\" content=\"pt_BR\" \/>\n<meta property=\"og:type\" content=\"article\" \/>\n<meta property=\"og:title\" content=\"Coment\u00e1rios \u00e0 prova de Direito das Pessoas com Defici\u00eancia \u2013 TRF5\u00aa Regi\u00e3o\" \/>\n<meta property=\"og:description\" content=\"Ol\u00e1! Neste artigo, analisamos as quest\u00f5es de Direito das Pessoas com Defici\u00eancia aplicadas pela FCC na prova do concurso do TRF da 5\u00aa Regi\u00e3o, para os cargos de t\u00e9cnico judici\u00e1rio, \u00e1rea administrativa, e analista judici\u00e1rio, \u00e1reas administrativa e judici\u00e1ria. N\u00e3o vemos possibilidade de recurso. Contudo, caso voc\u00ea tenha alguma d\u00favida, nos procure. Vou deixar aqui [&hellip;]\" \/>\n<meta property=\"og:url\" content=\"https:\/\/www.estrategiaconcursos.com.br\/blog\/comentarios-prova-de-direito-das-pessoas-com-deficiencia-trf5a-regiao\/\" \/>\n<meta property=\"og:site_name\" content=\"Estrat\u00e9gia Concursos\" \/>\n<meta property=\"article:author\" content=\"https:\/\/www.facebook.com\/ricardo.s.torques\" \/>\n<meta property=\"article:published_time\" content=\"2017-12-06T21:08:16+00:00\" \/>\n<meta property=\"article:modified_time\" content=\"2017-12-06T22:37:00+00:00\" \/>\n<meta name=\"author\" content=\"Ricardo Torques\" \/>\n<meta name=\"twitter:card\" content=\"summary_large_image\" \/>\n<meta name=\"twitter:creator\" content=\"@EstratConcursos\" \/>\n<meta name=\"twitter:site\" content=\"@EstratConcursos\" \/>\n<meta name=\"twitter:label1\" content=\"Escrito por\" \/>\n\t<meta name=\"twitter:data1\" content=\"Ricardo Torques\" \/>\n\t<meta name=\"twitter:label2\" content=\"Est. tempo de leitura\" \/>\n\t<meta name=\"twitter:data2\" content=\"10 minutos\" \/>\n<script type=\"application\/ld+json\" class=\"yoast-schema-graph\">{\"@context\":\"https:\/\/schema.org\",\"@graph\":[{\"@type\":\"NewsArticle\",\"@id\":\"https:\/\/www.estrategiaconcursos.com.br\/blog\/comentarios-prova-de-direito-das-pessoas-com-deficiencia-trf5a-regiao\/#article\",\"isPartOf\":{\"@id\":\"https:\/\/www.estrategiaconcursos.com.br\/blog\/comentarios-prova-de-direito-das-pessoas-com-deficiencia-trf5a-regiao\/\"},\"author\":{\"name\":\"Ricardo Torques\",\"@id\":\"https:\/\/www.estrategiaconcursos.com.br\/blog\/#\/schema\/person\/aa39cf5ddb518e5bdce27c35788405e2\"},\"headline\":\"Coment\u00e1rios \u00e0 prova de Direito das Pessoas com Defici\u00eancia \u2013 TRF5\u00aa Regi\u00e3o\",\"datePublished\":\"2017-12-06T21:08:16+00:00\",\"dateModified\":\"2017-12-06T22:37:00+00:00\",\"mainEntityOfPage\":{\"@id\":\"https:\/\/www.estrategiaconcursos.com.br\/blog\/comentarios-prova-de-direito-das-pessoas-com-deficiencia-trf5a-regiao\/\"},\"wordCount\":2079,\"commentCount\":0,\"publisher\":{\"@id\":\"https:\/\/www.estrategiaconcursos.com.br\/blog\/#organization\"},\"keywords\":[\"FCC\",\"PCD\",\"Quest\u00f5es comentadas\"],\"articleSection\":[\"Tribunais\"],\"inLanguage\":\"pt-BR\",\"potentialAction\":[{\"@type\":\"CommentAction\",\"name\":\"Comment\",\"target\":[\"https:\/\/www.estrategiaconcursos.com.br\/blog\/comentarios-prova-de-direito-das-pessoas-com-deficiencia-trf5a-regiao\/#respond\"]}],\"copyrightYear\":\"2017\",\"copyrightHolder\":{\"@id\":\"https:\/\/www.estrategiaconcursos.com.br\/blog\/#organization\"}},{\"@type\":\"WebPage\",\"@id\":\"https:\/\/www.estrategiaconcursos.com.br\/blog\/comentarios-prova-de-direito-das-pessoas-com-deficiencia-trf5a-regiao\/\",\"url\":\"https:\/\/www.estrategiaconcursos.com.br\/blog\/comentarios-prova-de-direito-das-pessoas-com-deficiencia-trf5a-regiao\/\",\"name\":\"Coment\u00e1rios \u00e0 prova de Direito das Pessoas com Defici\u00eancia \u2013 TRF5\u00aa Regi\u00e3o\",\"isPartOf\":{\"@id\":\"https:\/\/www.estrategiaconcursos.com.br\/blog\/#website\"},\"datePublished\":\"2017-12-06T21:08:16+00:00\",\"dateModified\":\"2017-12-06T22:37:00+00:00\",\"breadcrumb\":{\"@id\":\"https:\/\/www.estrategiaconcursos.com.br\/blog\/comentarios-prova-de-direito-das-pessoas-com-deficiencia-trf5a-regiao\/#breadcrumb\"},\"inLanguage\":\"pt-BR\",\"potentialAction\":[{\"@type\":\"ReadAction\",\"target\":[\"https:\/\/www.estrategiaconcursos.com.br\/blog\/comentarios-prova-de-direito-das-pessoas-com-deficiencia-trf5a-regiao\/\"]}]},{\"@type\":\"BreadcrumbList\",\"@id\":\"https:\/\/www.estrategiaconcursos.com.br\/blog\/comentarios-prova-de-direito-das-pessoas-com-deficiencia-trf5a-regiao\/#breadcrumb\",\"itemListElement\":[{\"@type\":\"ListItem\",\"position\":1,\"name\":\"In\u00edcio\",\"item\":\"https:\/\/www.estrategiaconcursos.com.br\/blog\/\"},{\"@type\":\"ListItem\",\"position\":2,\"name\":\"Coment\u00e1rios \u00e0 prova de Direito das Pessoas com Defici\u00eancia \u2013 TRF5\u00aa Regi\u00e3o\"}]},{\"@type\":\"WebSite\",\"@id\":\"https:\/\/www.estrategiaconcursos.com.br\/blog\/#website\",\"url\":\"https:\/\/www.estrategiaconcursos.com.br\/blog\/\",\"name\":\"Estrat\u00e9gia Concursos\",\"description\":\"O blog da Estrat\u00e9gia Concursos traz not\u00edcias sobre concursos e artigos de professores oferecendo cursos para concursos (pdf + videaulas) no site.\",\"publisher\":{\"@id\":\"https:\/\/www.estrategiaconcursos.com.br\/blog\/#organization\"},\"potentialAction\":[{\"@type\":\"SearchAction\",\"target\":{\"@type\":\"EntryPoint\",\"urlTemplate\":\"https:\/\/www.estrategiaconcursos.com.br\/blog\/?s={search_term_string}\"},\"query-input\":{\"@type\":\"PropertyValueSpecification\",\"valueRequired\":true,\"valueName\":\"search_term_string\"}}],\"inLanguage\":\"pt-BR\"},{\"@type\":\"Organization\",\"@id\":\"https:\/\/www.estrategiaconcursos.com.br\/blog\/#organization\",\"name\":\"Estrat\u00e9gia Concursos\",\"url\":\"https:\/\/www.estrategiaconcursos.com.br\/blog\/\",\"logo\":{\"@type\":\"ImageObject\",\"inLanguage\":\"pt-BR\",\"@id\":\"https:\/\/www.estrategiaconcursos.com.br\/blog\/#\/schema\/logo\/image\/\",\"url\":\"https:\/\/dhg1h5j42swfq.cloudfront.net\/2025\/06\/03203428\/logo_concursos-1.jpg\",\"contentUrl\":\"https:\/\/dhg1h5j42swfq.cloudfront.net\/2025\/06\/03203428\/logo_concursos-1.jpg\",\"width\":230,\"height\":60,\"caption\":\"Estrat\u00e9gia Concursos\"},\"image\":{\"@id\":\"https:\/\/www.estrategiaconcursos.com.br\/blog\/#\/schema\/logo\/image\/\"},\"sameAs\":[\"https:\/\/x.com\/EstratConcursos\"]},{\"@type\":\"Person\",\"@id\":\"https:\/\/www.estrategiaconcursos.com.br\/blog\/#\/schema\/person\/aa39cf5ddb518e5bdce27c35788405e2\",\"name\":\"Ricardo Torques\",\"image\":{\"@type\":\"ImageObject\",\"inLanguage\":\"pt-BR\",\"@id\":\"https:\/\/secure.gravatar.com\/avatar\/ce9ac6c3cff25fe86d15ed568ebc64d1724baf5c0693133bcb1f6073f712f92a?s=96&d=mm&r=g\",\"url\":\"https:\/\/secure.gravatar.com\/avatar\/ce9ac6c3cff25fe86d15ed568ebc64d1724baf5c0693133bcb1f6073f712f92a?s=96&d=mm&r=g\",\"contentUrl\":\"https:\/\/secure.gravatar.com\/avatar\/ce9ac6c3cff25fe86d15ed568ebc64d1724baf5c0693133bcb1f6073f712f92a?s=96&d=mm&r=g\",\"caption\":\"Ricardo Torques\"},\"sameAs\":[\"https:\/\/www.facebook.com\/ricardo.s.torques\"],\"url\":\"https:\/\/www.estrategiaconcursos.com.br\/blog\/author\/ricardotorquesestrategiaconcursos-com-br\/\"}]}<\/script>\n<!-- \/ Yoast SEO Premium plugin. -->","yoast_head_json":{"title":"Coment\u00e1rios \u00e0 prova de Direito das Pessoas com Defici\u00eancia \u2013 TRF5\u00aa Regi\u00e3o","robots":{"index":"index","follow":"follow","max-snippet":"max-snippet:-1","max-image-preview":"max-image-preview:large","max-video-preview":"max-video-preview:-1"},"canonical":"https:\/\/www.estrategiaconcursos.com.br\/blog\/comentarios-prova-de-direito-das-pessoas-com-deficiencia-trf5a-regiao\/","og_locale":"pt_BR","og_type":"article","og_title":"Coment\u00e1rios \u00e0 prova de Direito das Pessoas com Defici\u00eancia \u2013 TRF5\u00aa Regi\u00e3o","og_description":"Ol\u00e1! Neste artigo, analisamos as quest\u00f5es de Direito das Pessoas com Defici\u00eancia aplicadas pela FCC na prova do concurso do TRF da 5\u00aa Regi\u00e3o, para os cargos de t\u00e9cnico judici\u00e1rio, \u00e1rea administrativa, e analista judici\u00e1rio, \u00e1reas administrativa e judici\u00e1ria. N\u00e3o vemos possibilidade de recurso. Contudo, caso voc\u00ea tenha alguma d\u00favida, nos procure. Vou deixar aqui [&hellip;]","og_url":"https:\/\/www.estrategiaconcursos.com.br\/blog\/comentarios-prova-de-direito-das-pessoas-com-deficiencia-trf5a-regiao\/","og_site_name":"Estrat\u00e9gia Concursos","article_author":"https:\/\/www.facebook.com\/ricardo.s.torques","article_published_time":"2017-12-06T21:08:16+00:00","article_modified_time":"2017-12-06T22:37:00+00:00","author":"Ricardo Torques","twitter_card":"summary_large_image","twitter_creator":"@EstratConcursos","twitter_site":"@EstratConcursos","twitter_misc":{"Escrito por":"Ricardo Torques","Est. tempo de leitura":"10 minutos"},"schema":{"@context":"https:\/\/schema.org","@graph":[{"@type":"NewsArticle","@id":"https:\/\/www.estrategiaconcursos.com.br\/blog\/comentarios-prova-de-direito-das-pessoas-com-deficiencia-trf5a-regiao\/#article","isPartOf":{"@id":"https:\/\/www.estrategiaconcursos.com.br\/blog\/comentarios-prova-de-direito-das-pessoas-com-deficiencia-trf5a-regiao\/"},"author":{"name":"Ricardo Torques","@id":"https:\/\/www.estrategiaconcursos.com.br\/blog\/#\/schema\/person\/aa39cf5ddb518e5bdce27c35788405e2"},"headline":"Coment\u00e1rios \u00e0 prova de Direito das Pessoas com Defici\u00eancia \u2013 TRF5\u00aa Regi\u00e3o","datePublished":"2017-12-06T21:08:16+00:00","dateModified":"2017-12-06T22:37:00+00:00","mainEntityOfPage":{"@id":"https:\/\/www.estrategiaconcursos.com.br\/blog\/comentarios-prova-de-direito-das-pessoas-com-deficiencia-trf5a-regiao\/"},"wordCount":2079,"commentCount":0,"publisher":{"@id":"https:\/\/www.estrategiaconcursos.com.br\/blog\/#organization"},"keywords":["FCC","PCD","Quest\u00f5es comentadas"],"articleSection":["Tribunais"],"inLanguage":"pt-BR","potentialAction":[{"@type":"CommentAction","name":"Comment","target":["https:\/\/www.estrategiaconcursos.com.br\/blog\/comentarios-prova-de-direito-das-pessoas-com-deficiencia-trf5a-regiao\/#respond"]}],"copyrightYear":"2017","copyrightHolder":{"@id":"https:\/\/www.estrategiaconcursos.com.br\/blog\/#organization"}},{"@type":"WebPage","@id":"https:\/\/www.estrategiaconcursos.com.br\/blog\/comentarios-prova-de-direito-das-pessoas-com-deficiencia-trf5a-regiao\/","url":"https:\/\/www.estrategiaconcursos.com.br\/blog\/comentarios-prova-de-direito-das-pessoas-com-deficiencia-trf5a-regiao\/","name":"Coment\u00e1rios \u00e0 prova de Direito das Pessoas com Defici\u00eancia \u2013 TRF5\u00aa Regi\u00e3o","isPartOf":{"@id":"https:\/\/www.estrategiaconcursos.com.br\/blog\/#website"},"datePublished":"2017-12-06T21:08:16+00:00","dateModified":"2017-12-06T22:37:00+00:00","breadcrumb":{"@id":"https:\/\/www.estrategiaconcursos.com.br\/blog\/comentarios-prova-de-direito-das-pessoas-com-deficiencia-trf5a-regiao\/#breadcrumb"},"inLanguage":"pt-BR","potentialAction":[{"@type":"ReadAction","target":["https:\/\/www.estrategiaconcursos.com.br\/blog\/comentarios-prova-de-direito-das-pessoas-com-deficiencia-trf5a-regiao\/"]}]},{"@type":"BreadcrumbList","@id":"https:\/\/www.estrategiaconcursos.com.br\/blog\/comentarios-prova-de-direito-das-pessoas-com-deficiencia-trf5a-regiao\/#breadcrumb","itemListElement":[{"@type":"ListItem","position":1,"name":"In\u00edcio","item":"https:\/\/www.estrategiaconcursos.com.br\/blog\/"},{"@type":"ListItem","position":2,"name":"Coment\u00e1rios \u00e0 prova de Direito das Pessoas com Defici\u00eancia \u2013 TRF5\u00aa Regi\u00e3o"}]},{"@type":"WebSite","@id":"https:\/\/www.estrategiaconcursos.com.br\/blog\/#website","url":"https:\/\/www.estrategiaconcursos.com.br\/blog\/","name":"Estrat\u00e9gia Concursos","description":"O blog da Estrat\u00e9gia Concursos traz not\u00edcias sobre concursos e artigos de professores oferecendo cursos para concursos (pdf + videaulas) no site.","publisher":{"@id":"https:\/\/www.estrategiaconcursos.com.br\/blog\/#organization"},"potentialAction":[{"@type":"SearchAction","target":{"@type":"EntryPoint","urlTemplate":"https:\/\/www.estrategiaconcursos.com.br\/blog\/?s={search_term_string}"},"query-input":{"@type":"PropertyValueSpecification","valueRequired":true,"valueName":"search_term_string"}}],"inLanguage":"pt-BR"},{"@type":"Organization","@id":"https:\/\/www.estrategiaconcursos.com.br\/blog\/#organization","name":"Estrat\u00e9gia Concursos","url":"https:\/\/www.estrategiaconcursos.com.br\/blog\/","logo":{"@type":"ImageObject","inLanguage":"pt-BR","@id":"https:\/\/www.estrategiaconcursos.com.br\/blog\/#\/schema\/logo\/image\/","url":"https:\/\/dhg1h5j42swfq.cloudfront.net\/2025\/06\/03203428\/logo_concursos-1.jpg","contentUrl":"https:\/\/dhg1h5j42swfq.cloudfront.net\/2025\/06\/03203428\/logo_concursos-1.jpg","width":230,"height":60,"caption":"Estrat\u00e9gia Concursos"},"image":{"@id":"https:\/\/www.estrategiaconcursos.com.br\/blog\/#\/schema\/logo\/image\/"},"sameAs":["https:\/\/x.com\/EstratConcursos"]},{"@type":"Person","@id":"https:\/\/www.estrategiaconcursos.com.br\/blog\/#\/schema\/person\/aa39cf5ddb518e5bdce27c35788405e2","name":"Ricardo Torques","image":{"@type":"ImageObject","inLanguage":"pt-BR","@id":"https:\/\/secure.gravatar.com\/avatar\/ce9ac6c3cff25fe86d15ed568ebc64d1724baf5c0693133bcb1f6073f712f92a?s=96&d=mm&r=g","url":"https:\/\/secure.gravatar.com\/avatar\/ce9ac6c3cff25fe86d15ed568ebc64d1724baf5c0693133bcb1f6073f712f92a?s=96&d=mm&r=g","contentUrl":"https:\/\/secure.gravatar.com\/avatar\/ce9ac6c3cff25fe86d15ed568ebc64d1724baf5c0693133bcb1f6073f712f92a?s=96&d=mm&r=g","caption":"Ricardo Torques"},"sameAs":["https:\/\/www.facebook.com\/ricardo.s.torques"],"url":"https:\/\/www.estrategiaconcursos.com.br\/blog\/author\/ricardotorquesestrategiaconcursos-com-br\/"}]}},"_links":{"self":[{"href":"https:\/\/www.estrategiaconcursos.com.br\/blog\/wp-json\/wp\/v2\/posts\/98247","targetHints":{"allow":["GET"]}}],"collection":[{"href":"https:\/\/www.estrategiaconcursos.com.br\/blog\/wp-json\/wp\/v2\/posts"}],"about":[{"href":"https:\/\/www.estrategiaconcursos.com.br\/blog\/wp-json\/wp\/v2\/types\/post"}],"author":[{"embeddable":true,"href":"https:\/\/www.estrategiaconcursos.com.br\/blog\/wp-json\/wp\/v2\/users\/180"}],"replies":[{"embeddable":true,"href":"https:\/\/www.estrategiaconcursos.com.br\/blog\/wp-json\/wp\/v2\/comments?post=98247"}],"version-history":[{"count":2,"href":"https:\/\/www.estrategiaconcursos.com.br\/blog\/wp-json\/wp\/v2\/posts\/98247\/revisions"}],"predecessor-version":[{"id":98265,"href":"https:\/\/www.estrategiaconcursos.com.br\/blog\/wp-json\/wp\/v2\/posts\/98247\/revisions\/98265"}],"wp:attachment":[{"href":"https:\/\/www.estrategiaconcursos.com.br\/blog\/wp-json\/wp\/v2\/media?parent=98247"}],"wp:term":[{"taxonomy":"category","embeddable":true,"href":"https:\/\/www.estrategiaconcursos.com.br\/blog\/wp-json\/wp\/v2\/categories?post=98247"},{"taxonomy":"post_tag","embeddable":true,"href":"https:\/\/www.estrategiaconcursos.com.br\/blog\/wp-json\/wp\/v2\/tags?post=98247"},{"taxonomy":"tax_estado","embeddable":true,"href":"https:\/\/www.estrategiaconcursos.com.br\/blog\/wp-json\/wp\/v2\/tax_estado?post=98247"}],"curies":[{"name":"wp","href":"https:\/\/api.w.org\/{rel}","templated":true}]}}