{"id":9822,"date":"2013-02-22T19:47:03","date_gmt":"2013-02-22T19:47:03","guid":{"rendered":"https:\/\/www.estrategiaconcursos.com.br\/blog\/trt-2a-regiao-autorizado-o-concurso-entre-outras-areas-tecnico-judiciario-transporte-e-seguranca-4\/"},"modified":"2018-04-13T12:18:37","modified_gmt":"2018-04-13T15:18:37","slug":"trt-2a-regiao-autorizado-o-concurso-entre-outras-areas-tecnico-judiciario-transporte-e-seguranca-4","status":"publish","type":"post","link":"https:\/\/www.estrategiaconcursos.com.br\/blog\/trt-2a-regiao-autorizado-o-concurso-entre-outras-areas-tecnico-judiciario-transporte-e-seguranca-4\/","title":{"rendered":"TRT 2\u00aa Regi\u00e3o, autorizado o concurso!!! Entre outras \u00c1reas &#8211;  T\u00e9cnico Judici\u00e1rio (Transporte e Seguran\u00e7a)."},"content":{"rendered":"<p class=\"MsoNormal\" style=\"text-align: justify; mso-layout-grid-align: auto; punctuation-wrap: hanging; text-autospace: ideograph-numeric ideograph-other; mso-vertical-align-alt: auto;\"><span style=\"font-size: 13.5pt;\">Ol\u00e1 m<\/span><span style=\"font-size: 11pt; font-family: Verdana, sans-serif;\">eus amigos(as),<\/span><\/p>\n<p class=\"MsoNormal\" style=\"text-align: justify; mso-layout-grid-align: auto; punctuation-wrap: hanging; text-autospace: ideograph-numeric ideograph-other; mso-vertical-align-alt: auto;\"><span style=\"font-size: 11pt; font-family: Verdana, sans-serif;\">\u00a0<\/span><\/p>\n<p class=\"MsoNormal\" style=\"text-align: justify; mso-layout-grid-align: auto; punctuation-wrap: hanging; text-autospace: ideograph-numeric ideograph-other; mso-vertical-align-alt: auto;\"><span style=\"font-size: 11.5pt; font-family: Verdana, sans-serif;\">Conforme saiu no Di\u00e1rio Oficial, t\u00e3o logo<br \/>\nser\u00e1 realizado o <a href=\"https:\/\/www.estrategiaconcursos.com.br\/blog\/concurso-trt-sp\/\">concurso para o TRT 2\u00aa Regi\u00e3o<\/a>.<\/span> <span style=\"font-size: 11pt; font-family: Verdana, sans-serif;\">Vejamos parte da publica\u00e7\u00e3o no D.O:<\/span><\/p>\n<p class=\"MsoNormal\" style=\"text-align: justify; mso-layout-grid-align: auto; punctuation-wrap: hanging; text-autospace: ideograph-numeric ideograph-other; mso-vertical-align-alt: auto;\"><span style=\"font-size: 11pt; font-family: Verdana, sans-serif;\">\u00a0<\/span><\/p>\n<p class=\"MsoNormal\" style=\"text-align: justify; mso-layout-grid-align: auto; punctuation-wrap: hanging; text-autospace: ideograph-numeric ideograph-other; mso-vertical-align-alt: auto;\"><span style=\"font-size: 11pt; font-family: Verdana, sans-serif;\">\u00a0<\/span><\/p>\n<p class=\"MsoNormal\" style=\"text-align: justify; mso-layout-grid-align: auto; punctuation-wrap: hanging; text-autospace: ideograph-numeric ideograph-other; mso-vertical-align-alt: auto;\"><i><span style=\"font-size: 11pt; font-family: Verdana, sans-serif;\">&#8220;<\/span><\/i><i><span style=\"font-size: 11pt; font-family: Verdana, sans-serif;\">CERTIFICO que, em Sess\u00e3o Administrativa Ordin\u00e1ria<br \/>\nrealizada<\/span><\/i><\/p>\n<p class=\"MsoNormal\" style=\"text-align: justify; mso-layout-grid-align: auto; punctuation-wrap: hanging; text-autospace: ideograph-numeric ideograph-other; mso-vertical-align-alt: auto;\"><i><span style=\"font-size: 11pt; font-family: Verdana, sans-serif;\">nesta data, o E. \u00d3rg\u00e3o Especial decidiu, por<br \/>\nunanimidade, aprovar a<\/span><\/i><\/p>\n<p class=\"MsoNormal\" style=\"text-align: justify; mso-layout-grid-align: auto; punctuation-wrap: hanging; text-autospace: ideograph-numeric ideograph-other; mso-vertical-align-alt: auto;\"><i><span style=\"font-size: 11pt; font-family: Verdana, sans-serif;\">proposta de abertura do concurso p\u00fablico para<br \/>\npreenchimento das vagas<\/span><\/i><\/p>\n<p class=\"MsoNormal\" style=\"text-align: justify; mso-layout-grid-align: auto; punctuation-wrap: hanging; text-autospace: ideograph-numeric ideograph-other; mso-vertical-align-alt: auto;\"><i><span style=\"font-size: 11pt; font-family: Verdana, sans-serif;\">atuais e daquelas que surgirem, objetivando provimento<br \/>\nde cargos da<\/span><\/i><\/p>\n<p class=\"MsoNormal\" style=\"text-align: justify; mso-layout-grid-align: auto; punctuation-wrap: hanging; text-autospace: ideograph-numeric ideograph-other; mso-vertical-align-alt: auto;\"><i><span style=\"font-size: 11pt; font-family: Verdana, sans-serif;\"><b>carreira de Analista Judici\u00e1rio<\/b>, para a \u00c1rea Apoio<br \/>\nEspecializado,<\/span><\/i><\/p>\n<p class=\"MsoNormal\" style=\"text-align: justify; mso-layout-grid-align: auto; punctuation-wrap: hanging; text-autospace: ideograph-numeric ideograph-other; mso-vertical-align-alt: auto;\"><i><span style=\"font-size: 11pt; font-family: Verdana, sans-serif;\">Especialidade Arquivologista. E, ainda, com as<br \/>\ncautelas previstas no inciso<\/span><\/i><\/p>\n<p class=\"MsoNormal\" style=\"text-align: justify; mso-layout-grid-align: auto; punctuation-wrap: hanging; text-autospace: ideograph-numeric ideograph-other; mso-vertical-align-alt: auto;\"><i><span style=\"font-size: 11pt; font-family: Verdana, sans-serif;\">IV, do art. 37 da Constitui\u00e7\u00e3o Federal, para os cargos<br \/>\nda carreira de<\/span><\/i><\/p>\n<p class=\"MsoNormal\" style=\"text-align: justify; mso-layout-grid-align: auto; punctuation-wrap: hanging; text-autospace: ideograph-numeric ideograph-other; mso-vertical-align-alt: auto;\"><i><span style=\"font-size: 11pt; font-family: Verdana, sans-serif;\">Analista Judici\u00e1rio, \u00c1rea Administrativa e Judici\u00e1ria,<br \/>\n\u00c1rea Administrativa &#8211;<\/span><\/i><\/p>\n<p class=\"MsoNormal\" style=\"text-align: justify; mso-layout-grid-align: auto; punctuation-wrap: hanging; text-autospace: ideograph-numeric ideograph-other; mso-vertical-align-alt: auto;\"><i><span style=\"font-size: 11pt; font-family: Verdana, sans-serif;\">Especialidade Contabilidade, \u00c1rea Judici\u00e1ria &#8211;<br \/>\nEspecialidade Execu\u00e7\u00e3o de<\/span><\/i><\/p>\n<p class=\"MsoNormal\" style=\"text-align: justify; mso-layout-grid-align: auto; punctuation-wrap: hanging; text-autospace: ideograph-numeric ideograph-other; mso-vertical-align-alt: auto;\"><i><span style=\"font-size: 11pt; font-family: Verdana, sans-serif;\">Mandados e \u00c1rea Apoio Especializado nas Especialidades<br \/>\nde Tecnologia<\/span><\/i><\/p>\n<p class=\"MsoNormal\" style=\"text-align: justify; mso-layout-grid-align: auto; punctuation-wrap: hanging; text-autospace: ideograph-numeric ideograph-other; mso-vertical-align-alt: auto;\"><i><span style=\"font-size: 11pt; font-family: Verdana, sans-serif;\">da Informa\u00e7\u00e3o, Biblioteconomia, Cl\u00ednico Geral,<br \/>\nMedicina do Trabalho,<\/span><\/i><\/p>\n<p class=\"MsoNormal\" style=\"text-align: justify; mso-layout-grid-align: auto; punctuation-wrap: hanging; text-autospace: ideograph-numeric ideograph-other; mso-vertical-align-alt: auto;\"><i><span style=\"font-size: 11pt; font-family: Verdana, sans-serif;\">Cardiologista, Psiquiatria, Psicologia e Estat\u00edstica,<br \/>\ncontemplados com<\/span><\/i><\/p>\n<p class=\"MsoNormal\" style=\"text-align: justify; mso-layout-grid-align: auto; punctuation-wrap: hanging; text-autospace: ideograph-numeric ideograph-other; mso-vertical-align-alt: auto;\"><i><span style=\"font-size: 11pt; font-family: Verdana, sans-serif;\">concurso p\u00fablico e que se encontram na validade<br \/>\n(Processo TRT\/MA<\/span><\/i><\/p>\n<p class=\"MsoNormal\" style=\"text-align: justify; mso-layout-grid-align: auto; punctuation-wrap: hanging; text-autospace: ideograph-numeric ideograph-other; mso-vertical-align-alt: auto;\"><i><span style=\"font-size: 11pt; font-family: Verdana, sans-serif;\">70102.2007.000.02.00-6), nos termos do voto da Exma.<br \/>\nSra.<\/span><\/i><\/p>\n<p class=\"MsoNormal\" style=\"text-align: justify; mso-layout-grid-align: auto; punctuation-wrap: hanging; text-autospace: ideograph-numeric ideograph-other; mso-vertical-align-alt: auto;\"><i><span style=\"font-size: 11pt; font-family: Verdana, sans-serif;\">Desembargadora Relatora.<\/span><\/i><\/p>\n<p class=\"MsoNormal\" style=\"text-align: justify; mso-layout-grid-align: auto; punctuation-wrap: hanging; text-autospace: ideograph-numeric ideograph-other; mso-vertical-align-alt: auto;\"><i><span style=\"font-size: 11pt; font-family: Verdana, sans-serif;\"><b>Assunto: Concurso P\u00fablico destinado ao provimento<br \/>\ndos cargos de<\/b><\/span><\/i><\/p>\n<p class=\"MsoNormal\" style=\"text-align: justify; mso-layout-grid-align: auto; punctuation-wrap: hanging; text-autospace: ideograph-numeric ideograph-other; mso-vertical-align-alt: auto;\"><i><span style=\"font-size: 11pt; font-family: Verdana, sans-serif;\"><b>T\u00e9cnico Judici\u00e1rio.<\/b><\/span><\/i><\/p>\n<p class=\"MsoNormal\" style=\"text-align: justify; mso-layout-grid-align: auto; punctuation-wrap: hanging; text-autospace: ideograph-numeric ideograph-other; mso-vertical-align-alt: auto;\"><i><span style=\"font-size: 11pt; font-family: Verdana, sans-serif;\">CERTIFICO que, em Sess\u00e3o Administrativa Ordin\u00e1ria<br \/>\nrealizada<\/span><\/i><\/p>\n<p class=\"MsoNormal\" style=\"text-align: justify; mso-layout-grid-align: auto; punctuation-wrap: hanging; text-autospace: ideograph-numeric ideograph-other; mso-vertical-align-alt: auto;\"><i><span style=\"font-size: 11pt; font-family: Verdana, sans-serif;\">nesta data, o E. \u00d3rg\u00e3o Especial decidiu, por maioria,\u00a0<b>aprovar<br \/>\na proposta<\/b><\/span><\/i><\/p>\n<p class=\"MsoNormal\" style=\"text-align: justify; mso-layout-grid-align: auto; punctuation-wrap: hanging; text-autospace: ideograph-numeric ideograph-other; mso-vertical-align-alt: auto;\"><b><i><span style=\"font-size: 11pt; font-family: Verdana, sans-serif;\">abertura do concurso p\u00fablico\u00a0<\/span><\/i><\/b><i><span style=\"font-size: 11pt; font-family: Verdana, sans-serif;\">para preenchimento<br \/>\ndas vagas atuais e<\/span><\/i><\/p>\n<p class=\"MsoNormal\" style=\"text-align: justify; mso-layout-grid-align: auto; punctuation-wrap: hanging; text-autospace: ideograph-numeric ideograph-other; mso-vertical-align-alt: auto;\"><i><span style=\"font-size: 11pt; font-family: Verdana, sans-serif;\">daquelas que surgirem neste Regional, objetivando<br \/>\nprovimento de cargos<\/span><\/i><\/p>\n<p class=\"MsoNormal\" style=\"text-align: justify; mso-layout-grid-align: auto; punctuation-wrap: hanging; text-autospace: ideograph-numeric ideograph-other; mso-vertical-align-alt: auto;\"><i><span style=\"font-size: 11pt; font-family: Verdana, sans-serif;\">da carreira de<b>\u00a0T\u00e9cnico Judici\u00e1rio,<\/b>\u00a0\u00e1rea<br \/>\nAdministrativa, para a \u00c1rea Apoio<\/span><\/i><\/p>\n<p class=\"MsoNormal\" style=\"text-align: justify; mso-layout-grid-align: auto; punctuation-wrap: hanging; text-autospace: ideograph-numeric ideograph-other; mso-vertical-align-alt: auto;\"><i><span style=\"font-size: 11pt; font-family: Verdana, sans-serif;\">Especializado, Especialidades Digita\u00e7\u00e3o, Enfermagem,<br \/>\nOpera\u00e7\u00e3o de<\/span><\/i><\/p>\n<p class=\"MsoNormal\" style=\"text-align: justify; mso-layout-grid-align: auto; punctuation-wrap: hanging; text-autospace: ideograph-numeric ideograph-other; mso-vertical-align-alt: auto;\"><i><span style=\"font-size: 11pt; font-family: Verdana, sans-serif;\">Computadores e Tecnologia da Informa\u00e7\u00e3o e para \u00c1rea<br \/>\nAdministrativa,<\/span><\/i><\/p>\n<p class=\"MsoNormal\" style=\"text-align: justify; mso-layout-grid-align: auto; punctuation-wrap: hanging; text-autospace: ideograph-numeric ideograph-other; mso-vertical-align-alt: auto;\"><i><span style=\"font-size: 11pt; font-family: Verdana, sans-serif;\">Especialidades Artes Gr\u00e1ficas, Carpintaria e<br \/>\nMarcenaria, Estrutura de<\/span><\/i><\/p>\n<p class=\"MsoNormal\" style=\"text-align: justify; mso-layout-grid-align: auto; punctuation-wrap: hanging; text-autospace: ideograph-numeric ideograph-other; mso-vertical-align-alt: auto;\"><i><span style=\"font-size: 11pt; font-family: Verdana, sans-serif;\">Obras e Metalurgia, Telecomunica\u00e7\u00f5es e Eletricidade,<br \/>\nMec\u00e2nica, Apoio de<\/span><\/i><\/p>\n<p class=\"MsoNormal\" style=\"text-align: justify; mso-layout-grid-align: auto; punctuation-wrap: hanging; text-autospace: ideograph-numeric ideograph-other; mso-vertical-align-alt: auto;\"><i><span style=\"font-size: 11pt; font-family: Verdana, sans-serif;\">Servi\u00e7os Diversos, Copa, Telefonia,\u00a0<b>Transporte<br \/>\ne Seguran\u00e7a<\/b>. E, ainda,<\/span><\/i><\/p>\n<p class=\"MsoNormal\" style=\"text-align: justify; mso-layout-grid-align: auto; punctuation-wrap: hanging; text-autospace: ideograph-numeric ideograph-other; mso-vertical-align-alt: auto;\"><i><span style=\"font-size: 11pt; font-family: Verdana, sans-serif;\">com as cautelas previstas no inciso IV, do art. 37 da<br \/>\nConstitui\u00e7\u00e3o Federal,<\/span><\/i><\/p>\n<p class=\"MsoNormal\" style=\"text-align: justify; mso-layout-grid-align: auto; punctuation-wrap: hanging; text-autospace: ideograph-numeric ideograph-other; mso-vertical-align-alt: auto;\"><i><span style=\"font-size: 11pt; font-family: Verdana, sans-serif;\">para os cargos da carreira de T\u00e9cnico Judici\u00e1rio,<br \/>\n\u00c1reas e Especialidades,<\/span><\/i><\/p>\n<p class=\"MsoNormal\" style=\"text-align: justify; mso-layout-grid-align: auto; punctuation-wrap: hanging; text-autospace: ideograph-numeric ideograph-other; mso-vertical-align-alt: auto;\"><i><span style=\"font-size: 11pt; font-family: Verdana, sans-serif;\">contemplados com concurso p\u00fablico e que encontram-se<br \/>\nna validade<\/span><\/i><\/p>\n<p class=\"MsoNormal\" style=\"text-align: justify; mso-layout-grid-align: auto; punctuation-wrap: hanging; text-autospace: ideograph-numeric ideograph-other; mso-vertical-align-alt: auto;\"><i><span style=\"font-size: 11pt; font-family: Verdana, sans-serif;\">(Processo TRT\/MA 70103.2007.000.02.00-0), nos termos<br \/>\ndo voto da Exma.<\/span><\/i><\/p>\n<p class=\"MsoNormal\" style=\"text-align: justify; mso-layout-grid-align: auto; punctuation-wrap: hanging; text-autospace: ideograph-numeric ideograph-other; mso-vertical-align-alt: auto;\"><i><span style=\"font-size: 11pt; font-family: Verdana, sans-serif;\">Sra. Desembargadora Relatora, vencido o Exmo. Sr.<br \/>\nDesembargador<\/span><\/i><\/p>\n<p class=\"MsoNormal\" style=\"text-align: justify; mso-layout-grid-align: auto; punctuation-wrap: hanging; text-autospace: ideograph-numeric ideograph-other; mso-vertical-align-alt: auto;\"><i><span style=\"font-size: 11pt; font-family: Verdana, sans-serif;\">Manoel Ariano quanto aos cargos em extin\u00e7\u00e3o, bem como<br \/>\nos da carreira<\/span><\/i><\/p>\n<p class=\"MsoNormal\" style=\"text-align: justify; mso-layout-grid-align: auto; punctuation-wrap: hanging; text-autospace: ideograph-numeric ideograph-other; mso-vertical-align-alt: auto;\"><i><span style=\"font-size: 11pt; font-family: Verdana, sans-serif;\">de T\u00e9cnico Judici\u00e1rio, \u00c1rea Administrativa,\u00a0<b>Especialidade<br \/>\nTransporte e<\/b><\/span><\/i><\/p>\n<p class=\"MsoNormal\" style=\"text-align: justify; mso-layout-grid-align: auto; punctuation-wrap: hanging; text-autospace: ideograph-numeric ideograph-other; mso-vertical-align-alt: auto;\"><b><i><span style=\"font-size: 11pt; font-family: Verdana, sans-serif;\">Seguran\u00e7a.<\/span><\/i><\/b><i><\/i><\/p>\n<p class=\"MsoNormal\" style=\"text-align: justify; mso-layout-grid-align: auto; punctuation-wrap: hanging; text-autospace: ideograph-numeric ideograph-other; mso-vertical-align-alt: auto;\"><i><span style=\"font-size: 11pt; font-family: Verdana, sans-serif;\">Presidiu a sess\u00e3o a Excelent\u00edssima Senhora<br \/>\nDesembargadora<\/span><\/i><\/p>\n<p class=\"MsoNormal\" style=\"text-align: justify; mso-layout-grid-align: auto; punctuation-wrap: hanging; text-autospace: ideograph-numeric ideograph-other; mso-vertical-align-alt: auto;\"><i><span style=\"font-size: 11pt; font-family: Verdana, sans-serif;\">MARIA DORALICE NOVAES, presentes os Excelent\u00edssimos<br \/>\nSenhores<\/span><\/i><\/p>\n<p class=\"MsoNormal\" style=\"text-align: justify; mso-layout-grid-align: auto; punctuation-wrap: hanging; text-autospace: ideograph-numeric ideograph-other; mso-vertical-align-alt: auto;\"><i><span style=\"font-size: 11pt; font-family: Verdana, sans-serif;\">Desembargadores Silvia Regina Pond\u00e9 Galv\u00e3o Devonald,<br \/>\nRilma Aparecida<\/span><\/i><\/p>\n<p class=\"MsoNormal\" style=\"text-align: justify; mso-layout-grid-align: auto; punctuation-wrap: hanging; text-autospace: ideograph-numeric ideograph-other; mso-vertical-align-alt: auto;\"><i><span style=\"font-size: 11pt; font-family: Verdana, sans-serif;\">Hemet\u00e9rio, Anelia Li Chum, Nelson Nazar, S\u00e9rgio<br \/>\nWinnik, Luiz Carlos<\/span><\/i><\/p>\n<p class=\"MsoNormal\" style=\"text-align: justify; mso-layout-grid-align: auto; punctuation-wrap: hanging; text-autospace: ideograph-numeric ideograph-other; mso-vertical-align-alt: auto;\"><i><span style=\"font-size: 11pt; font-family: Verdana, sans-serif;\">Gomes Godoi, Odette Silveira Moraes, Fernando Sampaio,<br \/>\nMaria In\u00eas<\/span><\/i><\/p>\n<p class=\"MsoNormal\" style=\"text-align: justify; mso-layout-grid-align: auto; punctuation-wrap: hanging; text-autospace: ideograph-numeric ideograph-other; mso-vertical-align-alt: auto;\"><i><span style=\"font-size: 11pt; font-family: Verdana, sans-serif;\">Moura Santos Alves da Cunha, Tania Bizarro Quirino de<br \/>\nMorais,<\/span><\/i><\/p>\n<p class=\"MsoNormal\" style=\"text-align: justify; mso-layout-grid-align: auto; punctuation-wrap: hanging; text-autospace: ideograph-numeric ideograph-other; mso-vertical-align-alt: auto;\"><i><span style=\"font-size: 11pt; font-family: Verdana, sans-serif;\">Mariangela de Campos Argento Muraro, Rafael E.<br \/>\nPugliese Ribeiro, Valdir<\/span><\/i><\/p>\n<p class=\"MsoNormal\" style=\"text-align: justify; mso-layout-grid-align: auto; punctuation-wrap: hanging; text-autospace: ideograph-numeric ideograph-other; mso-vertical-align-alt: auto;\"><i><span style=\"font-size: 11pt; font-family: Verdana, sans-serif;\">Florindo, Jucirema Maria Godinho Gon\u00e7alves, Manoel<br \/>\nAriano, Maria Isabel<\/span><\/i><\/p>\n<p class=\"MsoNormal\" style=\"text-align: justify; mso-layout-grid-align: auto; punctuation-wrap: hanging; text-autospace: ideograph-numeric ideograph-other; mso-vertical-align-alt: auto;\"><i><span style=\"font-size: 11pt; font-family: Verdana, sans-serif;\">Cueva Moraes, Ricardo Verta Luduvice, Regina Duarte e<br \/>\n\u00c1lvaro Alves<\/span><\/i><\/p>\n<p class=\"MsoNormal\" style=\"text-align: justify; mso-layout-grid-align: auto; punctuation-wrap: hanging; text-autospace: ideograph-numeric ideograph-other; mso-vertical-align-alt: auto;\"><i><span style=\"font-size: 11pt; font-family: Verdana, sans-serif;\">N\u00f4ga.<\/span><\/i><\/p>\n<p class=\"MsoNormal\" style=\"text-align: justify; mso-layout-grid-align: auto; punctuation-wrap: hanging; text-autospace: ideograph-numeric ideograph-other; mso-vertical-align-alt: auto;\"><i><span style=\"font-size: 11pt; font-family: Verdana, sans-serif;\">Pelo D. Minist\u00e9rio P\u00fablico do Trabalho compareceu a<br \/>\nExma. Sra.<\/span><\/i><\/p>\n<p class=\"MsoNormal\" style=\"text-align: justify; mso-layout-grid-align: auto; punctuation-wrap: hanging; text-autospace: ideograph-numeric ideograph-other; mso-vertical-align-alt: auto;\"><i><span style=\"font-size: 11pt; font-family: Verdana, sans-serif;\">Procuradora Chefe, Dra. Ana Elisa Alves Brito Segatti.<\/span><\/i><\/p>\n<p class=\"MsoNormal\" style=\"text-align: justify; mso-layout-grid-align: auto; punctuation-wrap: hanging; text-autospace: ideograph-numeric ideograph-other; mso-vertical-align-alt: auto;\"><i><span style=\"font-size: 11pt; font-family: Verdana, sans-serif;\">S\u00e3o Paulo, 18 de fevereiro de 2013.<\/span><\/i><\/p>\n<p class=\"MsoNormal\" style=\"text-align: justify; mso-layout-grid-align: auto; punctuation-wrap: hanging; text-autospace: ideograph-numeric ideograph-other; mso-vertical-align-alt: auto;\"><i><span style=\"font-size: 11pt; font-family: Verdana, sans-serif;\">(a)ANA CELINA RIBEIRO CIANCIO SIQUEIRA<\/span><\/i><\/p>\n<p class=\"MsoNormal\" style=\"text-align: justify; mso-layout-grid-align: auto; punctuation-wrap: hanging; text-autospace: ideograph-numeric ideograph-other; mso-vertical-align-alt: auto;\"><i><span style=\"font-size: 11pt; font-family: Verdana, sans-serif;\">Secret\u00e1ria-Geral Judici\u00e1ria&#8221;<\/span><\/i><\/p>\n<p class=\"MsoNormal\" style=\"text-align: justify; line-height: 13.5pt; background: white; mso-layout-grid-align: auto; punctuation-wrap: hanging; text-autospace: ideograph-numeric ideograph-other;\"><span style=\"font-size: 11.0pt; font-family: 'Verdana','sans-serif'; mso-bidi-font-family: Arial; color: #343434; mso-ansi-language: PT-BR;\">\u00a0<\/span><\/p>\n<p class=\"MsoNormal\" style=\"text-align: justify; line-height: 13.5pt; background: white; mso-layout-grid-align: auto; punctuation-wrap: hanging; text-autospace: ideograph-numeric ideograph-other;\"><span style=\"font-size: 11.0pt; font-family: 'Verdana','sans-serif'; mso-bidi-font-family: Arial; color: #343434; mso-ansi-language: PT-BR;\">Em breve novo curso!<\/span><\/p>\n<p class=\"MsoNormal\" style=\"text-align: justify; line-height: 13.5pt; background: white; mso-layout-grid-align: auto; punctuation-wrap: hanging; text-autospace: ideograph-numeric ideograph-other;\"><span style=\"font-size: 11.0pt; font-family: 'Verdana','sans-serif'; mso-bidi-font-family: Arial; color: #343434; mso-ansi-language: PT-BR;\">\u00a0<\/span><\/p>\n<p class=\"MsoNormal\" style=\"text-align: justify; line-height: 13.5pt; background: white; mso-layout-grid-align: auto; punctuation-wrap: hanging; text-autospace: ideograph-numeric ideograph-other;\"><span style=\"font-size: 11.0pt; font-family: 'Verdana','sans-serif'; mso-bidi-font-family: Arial; color: #343434; mso-ansi-language: PT-BR;\">Grande abra\u00e7o e bons estudos!<\/span><\/p>\n<p class=\"MsoNormal\" style=\"text-align: justify; line-height: 13.5pt; background: white; mso-layout-grid-align: auto; punctuation-wrap: hanging; text-autospace: ideograph-numeric ideograph-other;\"><span style=\"font-size: 11.0pt; font-family: 'Verdana','sans-serif'; mso-bidi-font-family: Arial; color: #343434; mso-ansi-language: PT-BR;\">\u00a0<\/span><\/p>\n<p class=\"MsoNormal\" style=\"text-align: justify; line-height: 13.5pt; background: white; mso-layout-grid-align: auto; punctuation-wrap: hanging; text-autospace: ideograph-numeric ideograph-other;\"><span style=\"font-size: 11.0pt; font-family: 'Verdana','sans-serif'; mso-bidi-font-family: Arial; color: #343434; mso-ansi-language: PT-BR;\">Alexandre Herculano<br \/>\n<!-- [if !supportLineBreakNewLine]--><br \/>\n<!--[endif]--><\/span><\/p>\n","protected":false},"excerpt":{"rendered":"<p>Ol\u00e1 meus amigos(as), \u00a0 Conforme saiu no Di\u00e1rio Oficial, t\u00e3o logo ser\u00e1 realizado o concurso para o TRT 2\u00aa Regi\u00e3o. Vejamos parte da publica\u00e7\u00e3o no D.O: \u00a0 \u00a0 &#8220;CERTIFICO que, em Sess\u00e3o Administrativa Ordin\u00e1ria realizada nesta data, o E. \u00d3rg\u00e3o Especial decidiu, por unanimidade, aprovar a proposta de abertura do concurso p\u00fablico para preenchimento das [&hellip;]<\/p>\n","protected":false},"author":86,"featured_media":0,"comment_status":"open","ping_status":"open","sticky":false,"template":"","format":"standard","meta":{"post_tipo":"article","footnotes":""},"categories":[1],"tags":[],"tax_estado":[],"class_list":["post-9822","post","type-post","status-publish","format-standard","hentry","category-cursos-e-concursos"],"acf":[],"yoast_head":"<!-- This site is optimized with the Yoast SEO Premium plugin v27.2 (Yoast SEO v27.2) - https:\/\/yoast.com\/product\/yoast-seo-premium-wordpress\/ -->\n<title>TRT 2\u00aa Regi\u00e3o, autorizado o concurso!!! Entre outras \u00c1reas - T\u00e9cnico Judici\u00e1rio (Transporte e Seguran\u00e7a).<\/title>\n<meta name=\"robots\" content=\"index, follow, max-snippet:-1, max-image-preview:large, max-video-preview:-1\" \/>\n<link rel=\"canonical\" href=\"https:\/\/www.estrategiaconcursos.com.br\/blog\/trt-2a-regiao-autorizado-o-concurso-entre-outras-areas-tecnico-judiciario-transporte-e-seguranca-4\/\" \/>\n<meta property=\"og:locale\" content=\"pt_BR\" \/>\n<meta property=\"og:type\" content=\"article\" \/>\n<meta property=\"og:title\" content=\"TRT 2\u00aa Regi\u00e3o, autorizado o concurso!!! Entre outras \u00c1reas - T\u00e9cnico Judici\u00e1rio (Transporte e Seguran\u00e7a).\" \/>\n<meta property=\"og:description\" content=\"Ol\u00e1 meus amigos(as), \u00a0 Conforme saiu no Di\u00e1rio Oficial, t\u00e3o logo ser\u00e1 realizado o concurso para o TRT 2\u00aa Regi\u00e3o. Vejamos parte da publica\u00e7\u00e3o no D.O: \u00a0 \u00a0 &#8220;CERTIFICO que, em Sess\u00e3o Administrativa Ordin\u00e1ria realizada nesta data, o E. \u00d3rg\u00e3o Especial decidiu, por unanimidade, aprovar a proposta de abertura do concurso p\u00fablico para preenchimento das [&hellip;]\" \/>\n<meta property=\"og:url\" content=\"https:\/\/www.estrategiaconcursos.com.br\/blog\/trt-2a-regiao-autorizado-o-concurso-entre-outras-areas-tecnico-judiciario-transporte-e-seguranca-4\/\" \/>\n<meta property=\"og:site_name\" content=\"Estrat\u00e9gia Concursos\" \/>\n<meta property=\"article:published_time\" content=\"2013-02-22T19:47:03+00:00\" \/>\n<meta property=\"article:modified_time\" content=\"2018-04-13T15:18:37+00:00\" \/>\n<meta name=\"author\" content=\"Alexandre Herculano\" \/>\n<meta name=\"twitter:card\" content=\"summary_large_image\" \/>\n<meta name=\"twitter:creator\" content=\"@EstratConcursos\" \/>\n<meta name=\"twitter:site\" content=\"@EstratConcursos\" \/>\n<meta name=\"twitter:label1\" content=\"Escrito por\" \/>\n\t<meta name=\"twitter:data1\" content=\"Alexandre Herculano\" \/>\n\t<meta name=\"twitter:label2\" content=\"Est. tempo de leitura\" \/>\n\t<meta name=\"twitter:data2\" content=\"3 minutos\" \/>\n<script type=\"application\/ld+json\" class=\"yoast-schema-graph\">{\"@context\":\"https:\/\/schema.org\",\"@graph\":[{\"@type\":\"NewsArticle\",\"@id\":\"https:\/\/www.estrategiaconcursos.com.br\/blog\/trt-2a-regiao-autorizado-o-concurso-entre-outras-areas-tecnico-judiciario-transporte-e-seguranca-4\/#article\",\"isPartOf\":{\"@id\":\"https:\/\/www.estrategiaconcursos.com.br\/blog\/trt-2a-regiao-autorizado-o-concurso-entre-outras-areas-tecnico-judiciario-transporte-e-seguranca-4\/\"},\"author\":{\"name\":\"Alexandre Herculano\",\"@id\":\"https:\/\/www.estrategiaconcursos.com.br\/blog\/#\/schema\/person\/edda4e500c7c5065d53cfab276ffa8dd\"},\"headline\":\"TRT 2\u00aa Regi\u00e3o, autorizado o concurso!!! Entre outras \u00c1reas &#8211; T\u00e9cnico Judici\u00e1rio (Transporte e Seguran\u00e7a).\",\"datePublished\":\"2013-02-22T19:47:03+00:00\",\"dateModified\":\"2018-04-13T15:18:37+00:00\",\"mainEntityOfPage\":{\"@id\":\"https:\/\/www.estrategiaconcursos.com.br\/blog\/trt-2a-regiao-autorizado-o-concurso-entre-outras-areas-tecnico-judiciario-transporte-e-seguranca-4\/\"},\"wordCount\":529,\"commentCount\":0,\"publisher\":{\"@id\":\"https:\/\/www.estrategiaconcursos.com.br\/blog\/#organization\"},\"articleSection\":[\"Concursos P\u00fablicos\"],\"inLanguage\":\"pt-BR\",\"potentialAction\":[{\"@type\":\"CommentAction\",\"name\":\"Comment\",\"target\":[\"https:\/\/www.estrategiaconcursos.com.br\/blog\/trt-2a-regiao-autorizado-o-concurso-entre-outras-areas-tecnico-judiciario-transporte-e-seguranca-4\/#respond\"]}],\"copyrightYear\":\"2013\",\"copyrightHolder\":{\"@id\":\"https:\/\/www.estrategiaconcursos.com.br\/blog\/#organization\"}},{\"@type\":\"WebPage\",\"@id\":\"https:\/\/www.estrategiaconcursos.com.br\/blog\/trt-2a-regiao-autorizado-o-concurso-entre-outras-areas-tecnico-judiciario-transporte-e-seguranca-4\/\",\"url\":\"https:\/\/www.estrategiaconcursos.com.br\/blog\/trt-2a-regiao-autorizado-o-concurso-entre-outras-areas-tecnico-judiciario-transporte-e-seguranca-4\/\",\"name\":\"TRT 2\u00aa Regi\u00e3o, autorizado o concurso!!! Entre outras \u00c1reas - T\u00e9cnico Judici\u00e1rio (Transporte e Seguran\u00e7a).\",\"isPartOf\":{\"@id\":\"https:\/\/www.estrategiaconcursos.com.br\/blog\/#website\"},\"datePublished\":\"2013-02-22T19:47:03+00:00\",\"dateModified\":\"2018-04-13T15:18:37+00:00\",\"breadcrumb\":{\"@id\":\"https:\/\/www.estrategiaconcursos.com.br\/blog\/trt-2a-regiao-autorizado-o-concurso-entre-outras-areas-tecnico-judiciario-transporte-e-seguranca-4\/#breadcrumb\"},\"inLanguage\":\"pt-BR\",\"potentialAction\":[{\"@type\":\"ReadAction\",\"target\":[\"https:\/\/www.estrategiaconcursos.com.br\/blog\/trt-2a-regiao-autorizado-o-concurso-entre-outras-areas-tecnico-judiciario-transporte-e-seguranca-4\/\"]}]},{\"@type\":\"BreadcrumbList\",\"@id\":\"https:\/\/www.estrategiaconcursos.com.br\/blog\/trt-2a-regiao-autorizado-o-concurso-entre-outras-areas-tecnico-judiciario-transporte-e-seguranca-4\/#breadcrumb\",\"itemListElement\":[{\"@type\":\"ListItem\",\"position\":1,\"name\":\"In\u00edcio\",\"item\":\"https:\/\/www.estrategiaconcursos.com.br\/blog\/\"},{\"@type\":\"ListItem\",\"position\":2,\"name\":\"TRT 2\u00aa Regi\u00e3o, autorizado o concurso!!! Entre outras \u00c1reas &#8211; T\u00e9cnico Judici\u00e1rio (Transporte e Seguran\u00e7a).\"}]},{\"@type\":\"WebSite\",\"@id\":\"https:\/\/www.estrategiaconcursos.com.br\/blog\/#website\",\"url\":\"https:\/\/www.estrategiaconcursos.com.br\/blog\/\",\"name\":\"Estrat\u00e9gia Concursos\",\"description\":\"O blog da Estrat\u00e9gia Concursos traz not\u00edcias sobre concursos e artigos de professores oferecendo cursos para concursos (pdf + videaulas) no site.\",\"publisher\":{\"@id\":\"https:\/\/www.estrategiaconcursos.com.br\/blog\/#organization\"},\"potentialAction\":[{\"@type\":\"SearchAction\",\"target\":{\"@type\":\"EntryPoint\",\"urlTemplate\":\"https:\/\/www.estrategiaconcursos.com.br\/blog\/?s={search_term_string}\"},\"query-input\":{\"@type\":\"PropertyValueSpecification\",\"valueRequired\":true,\"valueName\":\"search_term_string\"}}],\"inLanguage\":\"pt-BR\"},{\"@type\":\"Organization\",\"@id\":\"https:\/\/www.estrategiaconcursos.com.br\/blog\/#organization\",\"name\":\"Estrat\u00e9gia Concursos\",\"url\":\"https:\/\/www.estrategiaconcursos.com.br\/blog\/\",\"logo\":{\"@type\":\"ImageObject\",\"inLanguage\":\"pt-BR\",\"@id\":\"https:\/\/www.estrategiaconcursos.com.br\/blog\/#\/schema\/logo\/image\/\",\"url\":\"https:\/\/dhg1h5j42swfq.cloudfront.net\/2025\/06\/03203428\/logo_concursos-1.jpg\",\"contentUrl\":\"https:\/\/dhg1h5j42swfq.cloudfront.net\/2025\/06\/03203428\/logo_concursos-1.jpg\",\"width\":230,\"height\":60,\"caption\":\"Estrat\u00e9gia Concursos\"},\"image\":{\"@id\":\"https:\/\/www.estrategiaconcursos.com.br\/blog\/#\/schema\/logo\/image\/\"},\"sameAs\":[\"https:\/\/x.com\/EstratConcursos\"]},{\"@type\":\"Person\",\"@id\":\"https:\/\/www.estrategiaconcursos.com.br\/blog\/#\/schema\/person\/edda4e500c7c5065d53cfab276ffa8dd\",\"name\":\"Alexandre Herculano\",\"image\":{\"@type\":\"ImageObject\",\"inLanguage\":\"pt-BR\",\"@id\":\"https:\/\/secure.gravatar.com\/avatar\/38cb0c33a42096a75e0d9cdd0d8f7413cf51bcfdd398eb7a35bdcd48e89060f8?s=96&d=mm&r=g\",\"url\":\"https:\/\/secure.gravatar.com\/avatar\/38cb0c33a42096a75e0d9cdd0d8f7413cf51bcfdd398eb7a35bdcd48e89060f8?s=96&d=mm&r=g\",\"contentUrl\":\"https:\/\/secure.gravatar.com\/avatar\/38cb0c33a42096a75e0d9cdd0d8f7413cf51bcfdd398eb7a35bdcd48e89060f8?s=96&d=mm&r=g\",\"caption\":\"Alexandre Herculano\"},\"url\":\"https:\/\/www.estrategiaconcursos.com.br\/blog\/author\/alexandreherculanoestrategiaconcursos-com-br\/\"}]}<\/script>\n<!-- \/ Yoast SEO Premium plugin. -->","yoast_head_json":{"title":"TRT 2\u00aa Regi\u00e3o, autorizado o concurso!!! Entre outras \u00c1reas - T\u00e9cnico Judici\u00e1rio (Transporte e Seguran\u00e7a).","robots":{"index":"index","follow":"follow","max-snippet":"max-snippet:-1","max-image-preview":"max-image-preview:large","max-video-preview":"max-video-preview:-1"},"canonical":"https:\/\/www.estrategiaconcursos.com.br\/blog\/trt-2a-regiao-autorizado-o-concurso-entre-outras-areas-tecnico-judiciario-transporte-e-seguranca-4\/","og_locale":"pt_BR","og_type":"article","og_title":"TRT 2\u00aa Regi\u00e3o, autorizado o concurso!!! Entre outras \u00c1reas - T\u00e9cnico Judici\u00e1rio (Transporte e Seguran\u00e7a).","og_description":"Ol\u00e1 meus amigos(as), \u00a0 Conforme saiu no Di\u00e1rio Oficial, t\u00e3o logo ser\u00e1 realizado o concurso para o TRT 2\u00aa Regi\u00e3o. Vejamos parte da publica\u00e7\u00e3o no D.O: \u00a0 \u00a0 &#8220;CERTIFICO que, em Sess\u00e3o Administrativa Ordin\u00e1ria realizada nesta data, o E. \u00d3rg\u00e3o Especial decidiu, por unanimidade, aprovar a proposta de abertura do concurso p\u00fablico para preenchimento das [&hellip;]","og_url":"https:\/\/www.estrategiaconcursos.com.br\/blog\/trt-2a-regiao-autorizado-o-concurso-entre-outras-areas-tecnico-judiciario-transporte-e-seguranca-4\/","og_site_name":"Estrat\u00e9gia Concursos","article_published_time":"2013-02-22T19:47:03+00:00","article_modified_time":"2018-04-13T15:18:37+00:00","author":"Alexandre Herculano","twitter_card":"summary_large_image","twitter_creator":"@EstratConcursos","twitter_site":"@EstratConcursos","twitter_misc":{"Escrito por":"Alexandre Herculano","Est. tempo de leitura":"3 minutos"},"schema":{"@context":"https:\/\/schema.org","@graph":[{"@type":"NewsArticle","@id":"https:\/\/www.estrategiaconcursos.com.br\/blog\/trt-2a-regiao-autorizado-o-concurso-entre-outras-areas-tecnico-judiciario-transporte-e-seguranca-4\/#article","isPartOf":{"@id":"https:\/\/www.estrategiaconcursos.com.br\/blog\/trt-2a-regiao-autorizado-o-concurso-entre-outras-areas-tecnico-judiciario-transporte-e-seguranca-4\/"},"author":{"name":"Alexandre Herculano","@id":"https:\/\/www.estrategiaconcursos.com.br\/blog\/#\/schema\/person\/edda4e500c7c5065d53cfab276ffa8dd"},"headline":"TRT 2\u00aa Regi\u00e3o, autorizado o concurso!!! Entre outras \u00c1reas &#8211; T\u00e9cnico Judici\u00e1rio (Transporte e Seguran\u00e7a).","datePublished":"2013-02-22T19:47:03+00:00","dateModified":"2018-04-13T15:18:37+00:00","mainEntityOfPage":{"@id":"https:\/\/www.estrategiaconcursos.com.br\/blog\/trt-2a-regiao-autorizado-o-concurso-entre-outras-areas-tecnico-judiciario-transporte-e-seguranca-4\/"},"wordCount":529,"commentCount":0,"publisher":{"@id":"https:\/\/www.estrategiaconcursos.com.br\/blog\/#organization"},"articleSection":["Concursos P\u00fablicos"],"inLanguage":"pt-BR","potentialAction":[{"@type":"CommentAction","name":"Comment","target":["https:\/\/www.estrategiaconcursos.com.br\/blog\/trt-2a-regiao-autorizado-o-concurso-entre-outras-areas-tecnico-judiciario-transporte-e-seguranca-4\/#respond"]}],"copyrightYear":"2013","copyrightHolder":{"@id":"https:\/\/www.estrategiaconcursos.com.br\/blog\/#organization"}},{"@type":"WebPage","@id":"https:\/\/www.estrategiaconcursos.com.br\/blog\/trt-2a-regiao-autorizado-o-concurso-entre-outras-areas-tecnico-judiciario-transporte-e-seguranca-4\/","url":"https:\/\/www.estrategiaconcursos.com.br\/blog\/trt-2a-regiao-autorizado-o-concurso-entre-outras-areas-tecnico-judiciario-transporte-e-seguranca-4\/","name":"TRT 2\u00aa Regi\u00e3o, autorizado o concurso!!! Entre outras \u00c1reas - T\u00e9cnico Judici\u00e1rio (Transporte e Seguran\u00e7a).","isPartOf":{"@id":"https:\/\/www.estrategiaconcursos.com.br\/blog\/#website"},"datePublished":"2013-02-22T19:47:03+00:00","dateModified":"2018-04-13T15:18:37+00:00","breadcrumb":{"@id":"https:\/\/www.estrategiaconcursos.com.br\/blog\/trt-2a-regiao-autorizado-o-concurso-entre-outras-areas-tecnico-judiciario-transporte-e-seguranca-4\/#breadcrumb"},"inLanguage":"pt-BR","potentialAction":[{"@type":"ReadAction","target":["https:\/\/www.estrategiaconcursos.com.br\/blog\/trt-2a-regiao-autorizado-o-concurso-entre-outras-areas-tecnico-judiciario-transporte-e-seguranca-4\/"]}]},{"@type":"BreadcrumbList","@id":"https:\/\/www.estrategiaconcursos.com.br\/blog\/trt-2a-regiao-autorizado-o-concurso-entre-outras-areas-tecnico-judiciario-transporte-e-seguranca-4\/#breadcrumb","itemListElement":[{"@type":"ListItem","position":1,"name":"In\u00edcio","item":"https:\/\/www.estrategiaconcursos.com.br\/blog\/"},{"@type":"ListItem","position":2,"name":"TRT 2\u00aa Regi\u00e3o, autorizado o concurso!!! Entre outras \u00c1reas &#8211; T\u00e9cnico Judici\u00e1rio (Transporte e Seguran\u00e7a)."}]},{"@type":"WebSite","@id":"https:\/\/www.estrategiaconcursos.com.br\/blog\/#website","url":"https:\/\/www.estrategiaconcursos.com.br\/blog\/","name":"Estrat\u00e9gia Concursos","description":"O blog da Estrat\u00e9gia Concursos traz not\u00edcias sobre concursos e artigos de professores oferecendo cursos para concursos (pdf + videaulas) no site.","publisher":{"@id":"https:\/\/www.estrategiaconcursos.com.br\/blog\/#organization"},"potentialAction":[{"@type":"SearchAction","target":{"@type":"EntryPoint","urlTemplate":"https:\/\/www.estrategiaconcursos.com.br\/blog\/?s={search_term_string}"},"query-input":{"@type":"PropertyValueSpecification","valueRequired":true,"valueName":"search_term_string"}}],"inLanguage":"pt-BR"},{"@type":"Organization","@id":"https:\/\/www.estrategiaconcursos.com.br\/blog\/#organization","name":"Estrat\u00e9gia Concursos","url":"https:\/\/www.estrategiaconcursos.com.br\/blog\/","logo":{"@type":"ImageObject","inLanguage":"pt-BR","@id":"https:\/\/www.estrategiaconcursos.com.br\/blog\/#\/schema\/logo\/image\/","url":"https:\/\/dhg1h5j42swfq.cloudfront.net\/2025\/06\/03203428\/logo_concursos-1.jpg","contentUrl":"https:\/\/dhg1h5j42swfq.cloudfront.net\/2025\/06\/03203428\/logo_concursos-1.jpg","width":230,"height":60,"caption":"Estrat\u00e9gia Concursos"},"image":{"@id":"https:\/\/www.estrategiaconcursos.com.br\/blog\/#\/schema\/logo\/image\/"},"sameAs":["https:\/\/x.com\/EstratConcursos"]},{"@type":"Person","@id":"https:\/\/www.estrategiaconcursos.com.br\/blog\/#\/schema\/person\/edda4e500c7c5065d53cfab276ffa8dd","name":"Alexandre Herculano","image":{"@type":"ImageObject","inLanguage":"pt-BR","@id":"https:\/\/secure.gravatar.com\/avatar\/38cb0c33a42096a75e0d9cdd0d8f7413cf51bcfdd398eb7a35bdcd48e89060f8?s=96&d=mm&r=g","url":"https:\/\/secure.gravatar.com\/avatar\/38cb0c33a42096a75e0d9cdd0d8f7413cf51bcfdd398eb7a35bdcd48e89060f8?s=96&d=mm&r=g","contentUrl":"https:\/\/secure.gravatar.com\/avatar\/38cb0c33a42096a75e0d9cdd0d8f7413cf51bcfdd398eb7a35bdcd48e89060f8?s=96&d=mm&r=g","caption":"Alexandre Herculano"},"url":"https:\/\/www.estrategiaconcursos.com.br\/blog\/author\/alexandreherculanoestrategiaconcursos-com-br\/"}]}},"_links":{"self":[{"href":"https:\/\/www.estrategiaconcursos.com.br\/blog\/wp-json\/wp\/v2\/posts\/9822","targetHints":{"allow":["GET"]}}],"collection":[{"href":"https:\/\/www.estrategiaconcursos.com.br\/blog\/wp-json\/wp\/v2\/posts"}],"about":[{"href":"https:\/\/www.estrategiaconcursos.com.br\/blog\/wp-json\/wp\/v2\/types\/post"}],"author":[{"embeddable":true,"href":"https:\/\/www.estrategiaconcursos.com.br\/blog\/wp-json\/wp\/v2\/users\/86"}],"replies":[{"embeddable":true,"href":"https:\/\/www.estrategiaconcursos.com.br\/blog\/wp-json\/wp\/v2\/comments?post=9822"}],"version-history":[{"count":1,"href":"https:\/\/www.estrategiaconcursos.com.br\/blog\/wp-json\/wp\/v2\/posts\/9822\/revisions"}],"predecessor-version":[{"id":116248,"href":"https:\/\/www.estrategiaconcursos.com.br\/blog\/wp-json\/wp\/v2\/posts\/9822\/revisions\/116248"}],"wp:attachment":[{"href":"https:\/\/www.estrategiaconcursos.com.br\/blog\/wp-json\/wp\/v2\/media?parent=9822"}],"wp:term":[{"taxonomy":"category","embeddable":true,"href":"https:\/\/www.estrategiaconcursos.com.br\/blog\/wp-json\/wp\/v2\/categories?post=9822"},{"taxonomy":"post_tag","embeddable":true,"href":"https:\/\/www.estrategiaconcursos.com.br\/blog\/wp-json\/wp\/v2\/tags?post=9822"},{"taxonomy":"tax_estado","embeddable":true,"href":"https:\/\/www.estrategiaconcursos.com.br\/blog\/wp-json\/wp\/v2\/tax_estado?post=9822"}],"curies":[{"name":"wp","href":"https:\/\/api.w.org\/{rel}","templated":true}]}}