{"id":981074,"date":"2022-03-06T07:30:00","date_gmt":"2022-03-06T10:30:00","guid":{"rendered":"https:\/\/www.estrategiaconcursos.com.br\/blog\/?p=981074"},"modified":"2023-02-09T13:43:30","modified_gmt":"2023-02-09T16:43:30","slug":"sefaz-ba-pos-edital-1a-maratona-questoes-fgv","status":"publish","type":"post","link":"https:\/\/www.estrategiaconcursos.com.br\/blog\/sefaz-ba-pos-edital-1a-maratona-questoes-fgv\/","title":{"rendered":"Sefaz BA &#8211; P\u00f3s-Edital: 1\u00aa Maratona de Quest\u00f5es FGV"},"content":{"rendered":"\n<p>Aten\u00e7\u00e3o, estrategistas!<\/p>\n\n\n\n<p>Saiu o edital do concurso <strong>Sefaz BA<\/strong>, e o Estrat\u00e9gia j\u00e1 est\u00e1 planejando eventos incr\u00edveis para te ajudar a garantir a t\u00e3o sonhada aprova\u00e7\u00e3o!<\/p>\n\n\n\n<p><strong>HOJE (06), a partir das 8h<\/strong>, vamos realizar a <strong>1\u00aa Maratona de Quest\u00f5es FGV<\/strong> para o concurso Sefaz BA! O evento \u00e9 gratuito e ser\u00e1 transmitido no canal do Estrat\u00e9gia!<\/p>\n\n\n\n<p class=\"has-text-align-center\">Confira a programa\u00e7\u00e3o abaixo:<\/p>\n\n\n\n<figure class=\"wp-block-table aligncenter is-style-stripes\"><table class=\"has-fixed-layout\"><thead><tr><th class=\"has-text-align-center\" data-align=\"center\">Hor\u00e1rio<\/th><th class=\"has-text-align-center\" data-align=\"center\">Disciplina<\/th><th class=\"has-text-align-center\" data-align=\"center\">Professor<\/th><\/tr><\/thead><tbody><tr><td class=\"has-text-align-center\" data-align=\"center\">das 8h30 \u00e0s 9h30<\/td><td class=\"has-text-align-center\" data-align=\"center\">Contabilidade Geral<\/td><td class=\"has-text-align-center\" data-align=\"center\">Silvio Sande<\/td><\/tr><tr><td class=\"has-text-align-center\" data-align=\"center\">das 9h30 \u00e0s 10h30<\/td><td class=\"has-text-align-center\" data-align=\"center\">Direito Constitucional<\/td><td class=\"has-text-align-center\" data-align=\"center\">Nelma Fontana<\/td><\/tr><tr><td class=\"has-text-align-center\" data-align=\"center\">das 10h30 \u00e0s 11h30<\/td><td class=\"has-text-align-center\" data-align=\"center\">L\u00edngua Portuguesa<\/td><td class=\"has-text-align-center\" data-align=\"center\">Adriana Figueiredo<\/td><\/tr><tr><td class=\"has-text-align-center\" data-align=\"center\">das 11h30 \u00e0s 12h30<\/td><td class=\"has-text-align-center\" data-align=\"center\">Direito Tribut\u00e1rio<\/td><td class=\"has-text-align-center\" data-align=\"center\">F\u00e1bio Dutra<\/td><\/tr><tr><td class=\"has-text-align-center\" data-align=\"center\">das 13h30 \u00e0s 14h30<\/td><td class=\"has-text-align-center\" data-align=\"center\">Direito Administrativo<\/td><td class=\"has-text-align-center\" data-align=\"center\">Fabiano Pereira<\/td><\/tr><tr><td class=\"has-text-align-center\" data-align=\"center\">das 14h30 \u00e0s 15h30<\/td><td class=\"has-text-align-center\" data-align=\"center\">Legisla\u00e7\u00e3o Especial<\/td><td class=\"has-text-align-center\" data-align=\"center\">Ant\u00f4nio Pequeno<\/td><\/tr><tr><td class=\"has-text-align-center\" data-align=\"center\">das 15h30 \u00e0s 16h30<\/td><td class=\"has-text-align-center\" data-align=\"center\">Inform\u00e1tica B\u00e1sica<\/td><td class=\"has-text-align-center\" data-align=\"center\">Renato da Costa<\/td><\/tr><tr><td class=\"has-text-align-center\" data-align=\"center\">das 16h30 \u00e0s 17h30<\/td><td class=\"has-text-align-center\" data-align=\"center\">Estat\u00edstica<\/td><td class=\"has-text-align-center\" data-align=\"center\">Jhoni Zini<\/td><\/tr><tr><td class=\"has-text-align-center\" data-align=\"center\">das 17h30 \u00e0s 19h<\/td><td class=\"has-text-align-center\" data-align=\"center\">No\u00e7\u00f5es de Igualdade e G\u00eanero<\/td><td class=\"has-text-align-center\" data-align=\"center\">Lilian Novakoski<\/td><\/tr><\/tbody><\/table><\/figure>\n\n\n\n<p class=\"has-text-align-center\"><em>Para mais informa\u00e7\u00f5es sobre o concurso Sefaz BA, acesse o link abaixo:<\/em><\/p>\n\n\n\n<p class=\"has-text-align-center has-background\" style=\"background-color:#d6dee5\"><strong>Saiba mais: <a href=\"https:\/\/www.estrategiaconcursos.com.br\/blog\/concurso-sefaz-ba\/\" target=\"_blank\" rel=\"noreferrer noopener\">concurso Sefaz BA<\/a><\/strong><\/p>\n\n\n\n<hr class=\"wp-block-separator has-css-opacity\"\/>\n\n\n\n<h2 class=\"has-text-align-center wp-block-heading\" id=\"assinatura-e-cursos\">Quer estudar para o concurso Sefaz BA?<\/h2>\n\n\n\n<div class=\"container\" id=\"boxes\">\n  <div class=\"row\">\n\n    <div class=\"col-sm\">\n      <div class=\"banner-fiscal-01\" id=\"box-assinatura\">\n        <h3 class=\"titulo-assinatura\">Carreiras Fiscais<\/h3>\n        <p class=\"subtitulo-assinatura\">Conhe\u00e7a os cursos para Sefaz BA<\/p>\n        <div class=\"box-botao\">\n          <a class=\"btn-assinatura\" target=\"_blank\" href=\"https:\/\/www.estrategiaconcursos.com.br\/cursosPorConcurso\/icms-ba\/\" role=\"button\" rel=\"noopener noreferrer\">Conhe\u00e7a mais<\/a>\n        <\/div>\n      <\/div>\n      \n    <\/div>\n\n  <\/div>\n<\/div>\n\n\n\n<div class=\"container\" id=\"boxes\">\n  <div class=\"row\">\n\n    <div class=\"col-sm\">\n      <div class=\"estrategia\" id=\"box-assinatura\">\n        <h3 class=\"titulo-assinatura\">Assinatura Concursos<\/h3>\n        <p class=\"subtitulo-assinatura\">Assinatura de 1 Ano ou 2 Anos<\/p>\n        <div class=\"box-botao\">\n          <a class=\"btn-assinatura\" target=\"_blank\" href=\"https:\/\/www.estrategiaconcursos.com.br\/assinaturas\/\" role=\"button\" rel=\"noopener noreferrer\">ASSINE AGORA<\/a>\n        <\/div>\n      <\/div>\n      \n    <\/div><\/div><\/div>\n\n\n\n<h2 class=\"has-text-align-center wp-block-heading\" id=\"quer-saber-tudo-sobre-concursos-previstos-confira-nossos-artigos\">Quer saber tudo sobre concursos previstos?<br \/>Confira nossos artigos!<\/h2>\n\n\n\n<ul class=\"wp-block-list\">\n<li><a href=\"https:\/\/www.estrategiaconcursos.com.br\/blog\/concursos-abertos\/\" target=\"_blank\" rel=\"noreferrer noopener\">Concursos abertos<\/a><\/li>\n\n\n\n<li><a href=\"https:\/\/www.estrategiaconcursos.com.br\/blog\/concursos-2022\/\" target=\"_blank\" rel=\"noreferrer noopener\">Concursos 2022<\/a><\/li>\n<\/ul>\n","protected":false},"excerpt":{"rendered":"<p>Aten\u00e7\u00e3o, estrategistas! Saiu o edital do concurso Sefaz BA, e o Estrat\u00e9gia j\u00e1 est\u00e1 planejando eventos incr\u00edveis para te ajudar a garantir a t\u00e3o sonhada aprova\u00e7\u00e3o! HOJE (06), a partir das 8h, vamos realizar a 1\u00aa Maratona de Quest\u00f5es FGV para o concurso Sefaz BA! O evento \u00e9 gratuito e ser\u00e1 transmitido no canal do [&hellip;]<\/p>\n","protected":false},"author":1551,"featured_media":979440,"comment_status":"open","ping_status":"closed","sticky":false,"template":"","format":"standard","meta":{"post_tipo":"news","footnotes":""},"categories":[1983,220219],"tags":[],"tax_estado":[219968],"class_list":["post-981074","post","type-post","status-publish","format-standard","has-post-thumbnail","hentry","category-fiscal-estadual","category-noticias","tax_estado-ba"],"acf":[],"yoast_head":"<!-- This site is optimized with the Yoast SEO Premium plugin v27.2 (Yoast SEO v27.2) - https:\/\/yoast.com\/product\/yoast-seo-premium-wordpress\/ -->\n<title>Sefaz BA - P\u00f3s-Edital: 1\u00aa Maratona de Quest\u00f5es FGV<\/title>\n<meta name=\"description\" content=\"Professores do Estrat\u00e9gia ministram a 1\u00aa Maratona de Quest\u00f5es FGV para os candidatos que prestar\u00e3o o concurso Sefaz BA. HOJE, a partir das 8h!\" \/>\n<meta name=\"robots\" content=\"index, follow, max-snippet:-1, max-image-preview:large, max-video-preview:-1\" \/>\n<link rel=\"canonical\" href=\"https:\/\/www.estrategiaconcursos.com.br\/blog\/sefaz-ba-pos-edital-1a-maratona-questoes-fgv\/\" \/>\n<meta property=\"og:locale\" content=\"pt_BR\" \/>\n<meta property=\"og:type\" content=\"article\" \/>\n<meta property=\"og:title\" content=\"Sefaz BA - P\u00f3s-Edital: 1\u00aa Maratona de Quest\u00f5es FGV\" \/>\n<meta property=\"og:description\" content=\"Professores do Estrat\u00e9gia ministram a 1\u00aa Maratona de Quest\u00f5es FGV para os candidatos que prestar\u00e3o o concurso Sefaz BA. HOJE, a partir das 8h!\" \/>\n<meta property=\"og:url\" content=\"https:\/\/www.estrategiaconcursos.com.br\/blog\/sefaz-ba-pos-edital-1a-maratona-questoes-fgv\/\" \/>\n<meta property=\"og:site_name\" content=\"Estrat\u00e9gia Concursos\" \/>\n<meta property=\"article:published_time\" content=\"2022-03-06T10:30:00+00:00\" \/>\n<meta property=\"article:modified_time\" content=\"2023-02-09T16:43:30+00:00\" \/>\n<meta property=\"og:image\" content=\"https:\/\/dhg1h5j42swfq.cloudfront.net\/2022\/03\/02154309\/sefaz-ba.jpg\" \/>\n\t<meta property=\"og:image:width\" content=\"1200\" \/>\n\t<meta property=\"og:image:height\" content=\"628\" \/>\n\t<meta property=\"og:image:type\" content=\"image\/jpeg\" \/>\n<meta name=\"author\" content=\"Silvio Sande\" \/>\n<meta name=\"twitter:card\" content=\"summary_large_image\" \/>\n<meta name=\"twitter:creator\" content=\"@EstratConcursos\" \/>\n<meta name=\"twitter:site\" content=\"@EstratConcursos\" \/>\n<meta name=\"twitter:label1\" content=\"Escrito por\" \/>\n\t<meta name=\"twitter:data1\" content=\"Silvio Sande\" \/>\n\t<meta name=\"twitter:label2\" content=\"Est. tempo de leitura\" \/>\n\t<meta name=\"twitter:data2\" content=\"2 minutos\" \/>\n<script type=\"application\/ld+json\" class=\"yoast-schema-graph\">{\"@context\":\"https:\/\/schema.org\",\"@graph\":[{\"@type\":\"NewsArticle\",\"@id\":\"https:\/\/www.estrategiaconcursos.com.br\/blog\/sefaz-ba-pos-edital-1a-maratona-questoes-fgv\/#article\",\"isPartOf\":{\"@id\":\"https:\/\/www.estrategiaconcursos.com.br\/blog\/sefaz-ba-pos-edital-1a-maratona-questoes-fgv\/\"},\"author\":{\"name\":\"Silvio Sande\",\"@id\":\"https:\/\/www.estrategiaconcursos.com.br\/blog\/#\/schema\/person\/d3fdf11dcb0a6c5d1f662e4f5aea2a3a\"},\"headline\":\"Sefaz BA &#8211; P\u00f3s-Edital: 1\u00aa Maratona de Quest\u00f5es FGV\",\"datePublished\":\"2022-03-06T10:30:00+00:00\",\"dateModified\":\"2023-02-09T16:43:30+00:00\",\"mainEntityOfPage\":{\"@id\":\"https:\/\/www.estrategiaconcursos.com.br\/blog\/sefaz-ba-pos-edital-1a-maratona-questoes-fgv\/\"},\"wordCount\":222,\"commentCount\":0,\"publisher\":{\"@id\":\"https:\/\/www.estrategiaconcursos.com.br\/blog\/#organization\"},\"image\":{\"@id\":\"https:\/\/www.estrategiaconcursos.com.br\/blog\/sefaz-ba-pos-edital-1a-maratona-questoes-fgv\/#primaryimage\"},\"thumbnailUrl\":\"https:\/\/dhg1h5j42swfq.cloudfront.net\/2022\/03\/02154309\/sefaz-ba.jpg\",\"articleSection\":[\"Fiscal - Estadual (ICMS)\",\"\u00daltimas not\u00edcias\"],\"inLanguage\":\"pt-BR\",\"potentialAction\":[{\"@type\":\"CommentAction\",\"name\":\"Comment\",\"target\":[\"https:\/\/www.estrategiaconcursos.com.br\/blog\/sefaz-ba-pos-edital-1a-maratona-questoes-fgv\/#respond\"]}],\"copyrightYear\":\"2022\",\"copyrightHolder\":{\"@id\":\"https:\/\/www.estrategiaconcursos.com.br\/blog\/#organization\"}},{\"@type\":\"WebPage\",\"@id\":\"https:\/\/www.estrategiaconcursos.com.br\/blog\/sefaz-ba-pos-edital-1a-maratona-questoes-fgv\/\",\"url\":\"https:\/\/www.estrategiaconcursos.com.br\/blog\/sefaz-ba-pos-edital-1a-maratona-questoes-fgv\/\",\"name\":\"Sefaz BA - P\u00f3s-Edital: 1\u00aa Maratona de Quest\u00f5es FGV\",\"isPartOf\":{\"@id\":\"https:\/\/www.estrategiaconcursos.com.br\/blog\/#website\"},\"primaryImageOfPage\":{\"@id\":\"https:\/\/www.estrategiaconcursos.com.br\/blog\/sefaz-ba-pos-edital-1a-maratona-questoes-fgv\/#primaryimage\"},\"image\":{\"@id\":\"https:\/\/www.estrategiaconcursos.com.br\/blog\/sefaz-ba-pos-edital-1a-maratona-questoes-fgv\/#primaryimage\"},\"thumbnailUrl\":\"https:\/\/dhg1h5j42swfq.cloudfront.net\/2022\/03\/02154309\/sefaz-ba.jpg\",\"datePublished\":\"2022-03-06T10:30:00+00:00\",\"dateModified\":\"2023-02-09T16:43:30+00:00\",\"description\":\"Professores do Estrat\u00e9gia ministram a 1\u00aa Maratona de Quest\u00f5es FGV para os candidatos que prestar\u00e3o o concurso Sefaz BA. HOJE, a partir das 8h!\",\"breadcrumb\":{\"@id\":\"https:\/\/www.estrategiaconcursos.com.br\/blog\/sefaz-ba-pos-edital-1a-maratona-questoes-fgv\/#breadcrumb\"},\"inLanguage\":\"pt-BR\",\"potentialAction\":[{\"@type\":\"ReadAction\",\"target\":[\"https:\/\/www.estrategiaconcursos.com.br\/blog\/sefaz-ba-pos-edital-1a-maratona-questoes-fgv\/\"]}]},{\"@type\":\"ImageObject\",\"inLanguage\":\"pt-BR\",\"@id\":\"https:\/\/www.estrategiaconcursos.com.br\/blog\/sefaz-ba-pos-edital-1a-maratona-questoes-fgv\/#primaryimage\",\"url\":\"https:\/\/dhg1h5j42swfq.cloudfront.net\/2022\/03\/02154309\/sefaz-ba.jpg\",\"contentUrl\":\"https:\/\/dhg1h5j42swfq.cloudfront.net\/2022\/03\/02154309\/sefaz-ba.jpg\",\"width\":1200,\"height\":628,\"caption\":\"Concurso Sefaz BA resultado preliminar\"},{\"@type\":\"BreadcrumbList\",\"@id\":\"https:\/\/www.estrategiaconcursos.com.br\/blog\/sefaz-ba-pos-edital-1a-maratona-questoes-fgv\/#breadcrumb\",\"itemListElement\":[{\"@type\":\"ListItem\",\"position\":1,\"name\":\"In\u00edcio\",\"item\":\"https:\/\/www.estrategiaconcursos.com.br\/blog\/\"},{\"@type\":\"ListItem\",\"position\":2,\"name\":\"Sefaz BA &#8211; P\u00f3s-Edital: 1\u00aa Maratona de Quest\u00f5es FGV\"}]},{\"@type\":\"WebSite\",\"@id\":\"https:\/\/www.estrategiaconcursos.com.br\/blog\/#website\",\"url\":\"https:\/\/www.estrategiaconcursos.com.br\/blog\/\",\"name\":\"Estrat\u00e9gia Concursos\",\"description\":\"O blog da Estrat\u00e9gia Concursos traz not\u00edcias sobre concursos e artigos de professores oferecendo cursos para concursos (pdf + videaulas) no site.\",\"publisher\":{\"@id\":\"https:\/\/www.estrategiaconcursos.com.br\/blog\/#organization\"},\"potentialAction\":[{\"@type\":\"SearchAction\",\"target\":{\"@type\":\"EntryPoint\",\"urlTemplate\":\"https:\/\/www.estrategiaconcursos.com.br\/blog\/?s={search_term_string}\"},\"query-input\":{\"@type\":\"PropertyValueSpecification\",\"valueRequired\":true,\"valueName\":\"search_term_string\"}}],\"inLanguage\":\"pt-BR\"},{\"@type\":\"Organization\",\"@id\":\"https:\/\/www.estrategiaconcursos.com.br\/blog\/#organization\",\"name\":\"Estrat\u00e9gia Concursos\",\"url\":\"https:\/\/www.estrategiaconcursos.com.br\/blog\/\",\"logo\":{\"@type\":\"ImageObject\",\"inLanguage\":\"pt-BR\",\"@id\":\"https:\/\/www.estrategiaconcursos.com.br\/blog\/#\/schema\/logo\/image\/\",\"url\":\"https:\/\/dhg1h5j42swfq.cloudfront.net\/2025\/06\/03203428\/logo_concursos-1.jpg\",\"contentUrl\":\"https:\/\/dhg1h5j42swfq.cloudfront.net\/2025\/06\/03203428\/logo_concursos-1.jpg\",\"width\":230,\"height\":60,\"caption\":\"Estrat\u00e9gia Concursos\"},\"image\":{\"@id\":\"https:\/\/www.estrategiaconcursos.com.br\/blog\/#\/schema\/logo\/image\/\"},\"sameAs\":[\"https:\/\/x.com\/EstratConcursos\"]},{\"@type\":\"Person\",\"@id\":\"https:\/\/www.estrategiaconcursos.com.br\/blog\/#\/schema\/person\/d3fdf11dcb0a6c5d1f662e4f5aea2a3a\",\"name\":\"Silvio Sande\",\"image\":{\"@type\":\"ImageObject\",\"inLanguage\":\"pt-BR\",\"@id\":\"https:\/\/secure.gravatar.com\/avatar\/aff0d2496ed5a6c2a83263144475c015afefc5781a32ffc5be2a1823cfa881fa?s=96&d=mm&r=g\",\"url\":\"https:\/\/secure.gravatar.com\/avatar\/aff0d2496ed5a6c2a83263144475c015afefc5781a32ffc5be2a1823cfa881fa?s=96&d=mm&r=g\",\"contentUrl\":\"https:\/\/secure.gravatar.com\/avatar\/aff0d2496ed5a6c2a83263144475c015afefc5781a32ffc5be2a1823cfa881fa?s=96&d=mm&r=g\",\"caption\":\"Silvio Sande\"},\"url\":\"https:\/\/www.estrategiaconcursos.com.br\/blog\/author\/silviosandehotmail-com\/\"}]}<\/script>\n<!-- \/ Yoast SEO Premium plugin. -->","yoast_head_json":{"title":"Sefaz BA - P\u00f3s-Edital: 1\u00aa Maratona de Quest\u00f5es FGV","description":"Professores do Estrat\u00e9gia ministram a 1\u00aa Maratona de Quest\u00f5es FGV para os candidatos que prestar\u00e3o o concurso Sefaz BA. HOJE, a partir das 8h!","robots":{"index":"index","follow":"follow","max-snippet":"max-snippet:-1","max-image-preview":"max-image-preview:large","max-video-preview":"max-video-preview:-1"},"canonical":"https:\/\/www.estrategiaconcursos.com.br\/blog\/sefaz-ba-pos-edital-1a-maratona-questoes-fgv\/","og_locale":"pt_BR","og_type":"article","og_title":"Sefaz BA - P\u00f3s-Edital: 1\u00aa Maratona de Quest\u00f5es FGV","og_description":"Professores do Estrat\u00e9gia ministram a 1\u00aa Maratona de Quest\u00f5es FGV para os candidatos que prestar\u00e3o o concurso Sefaz BA. HOJE, a partir das 8h!","og_url":"https:\/\/www.estrategiaconcursos.com.br\/blog\/sefaz-ba-pos-edital-1a-maratona-questoes-fgv\/","og_site_name":"Estrat\u00e9gia Concursos","article_published_time":"2022-03-06T10:30:00+00:00","article_modified_time":"2023-02-09T16:43:30+00:00","og_image":[{"width":1200,"height":628,"url":"https:\/\/dhg1h5j42swfq.cloudfront.net\/2022\/03\/02154309\/sefaz-ba.jpg","type":"image\/jpeg"}],"author":"Silvio Sande","twitter_card":"summary_large_image","twitter_creator":"@EstratConcursos","twitter_site":"@EstratConcursos","twitter_misc":{"Escrito por":"Silvio Sande","Est. tempo de leitura":"2 minutos"},"schema":{"@context":"https:\/\/schema.org","@graph":[{"@type":"NewsArticle","@id":"https:\/\/www.estrategiaconcursos.com.br\/blog\/sefaz-ba-pos-edital-1a-maratona-questoes-fgv\/#article","isPartOf":{"@id":"https:\/\/www.estrategiaconcursos.com.br\/blog\/sefaz-ba-pos-edital-1a-maratona-questoes-fgv\/"},"author":{"name":"Silvio Sande","@id":"https:\/\/www.estrategiaconcursos.com.br\/blog\/#\/schema\/person\/d3fdf11dcb0a6c5d1f662e4f5aea2a3a"},"headline":"Sefaz BA &#8211; P\u00f3s-Edital: 1\u00aa Maratona de Quest\u00f5es FGV","datePublished":"2022-03-06T10:30:00+00:00","dateModified":"2023-02-09T16:43:30+00:00","mainEntityOfPage":{"@id":"https:\/\/www.estrategiaconcursos.com.br\/blog\/sefaz-ba-pos-edital-1a-maratona-questoes-fgv\/"},"wordCount":222,"commentCount":0,"publisher":{"@id":"https:\/\/www.estrategiaconcursos.com.br\/blog\/#organization"},"image":{"@id":"https:\/\/www.estrategiaconcursos.com.br\/blog\/sefaz-ba-pos-edital-1a-maratona-questoes-fgv\/#primaryimage"},"thumbnailUrl":"https:\/\/dhg1h5j42swfq.cloudfront.net\/2022\/03\/02154309\/sefaz-ba.jpg","articleSection":["Fiscal - Estadual (ICMS)","\u00daltimas not\u00edcias"],"inLanguage":"pt-BR","potentialAction":[{"@type":"CommentAction","name":"Comment","target":["https:\/\/www.estrategiaconcursos.com.br\/blog\/sefaz-ba-pos-edital-1a-maratona-questoes-fgv\/#respond"]}],"copyrightYear":"2022","copyrightHolder":{"@id":"https:\/\/www.estrategiaconcursos.com.br\/blog\/#organization"}},{"@type":"WebPage","@id":"https:\/\/www.estrategiaconcursos.com.br\/blog\/sefaz-ba-pos-edital-1a-maratona-questoes-fgv\/","url":"https:\/\/www.estrategiaconcursos.com.br\/blog\/sefaz-ba-pos-edital-1a-maratona-questoes-fgv\/","name":"Sefaz BA - P\u00f3s-Edital: 1\u00aa Maratona de Quest\u00f5es FGV","isPartOf":{"@id":"https:\/\/www.estrategiaconcursos.com.br\/blog\/#website"},"primaryImageOfPage":{"@id":"https:\/\/www.estrategiaconcursos.com.br\/blog\/sefaz-ba-pos-edital-1a-maratona-questoes-fgv\/#primaryimage"},"image":{"@id":"https:\/\/www.estrategiaconcursos.com.br\/blog\/sefaz-ba-pos-edital-1a-maratona-questoes-fgv\/#primaryimage"},"thumbnailUrl":"https:\/\/dhg1h5j42swfq.cloudfront.net\/2022\/03\/02154309\/sefaz-ba.jpg","datePublished":"2022-03-06T10:30:00+00:00","dateModified":"2023-02-09T16:43:30+00:00","description":"Professores do Estrat\u00e9gia ministram a 1\u00aa Maratona de Quest\u00f5es FGV para os candidatos que prestar\u00e3o o concurso Sefaz BA. HOJE, a partir das 8h!","breadcrumb":{"@id":"https:\/\/www.estrategiaconcursos.com.br\/blog\/sefaz-ba-pos-edital-1a-maratona-questoes-fgv\/#breadcrumb"},"inLanguage":"pt-BR","potentialAction":[{"@type":"ReadAction","target":["https:\/\/www.estrategiaconcursos.com.br\/blog\/sefaz-ba-pos-edital-1a-maratona-questoes-fgv\/"]}]},{"@type":"ImageObject","inLanguage":"pt-BR","@id":"https:\/\/www.estrategiaconcursos.com.br\/blog\/sefaz-ba-pos-edital-1a-maratona-questoes-fgv\/#primaryimage","url":"https:\/\/dhg1h5j42swfq.cloudfront.net\/2022\/03\/02154309\/sefaz-ba.jpg","contentUrl":"https:\/\/dhg1h5j42swfq.cloudfront.net\/2022\/03\/02154309\/sefaz-ba.jpg","width":1200,"height":628,"caption":"Concurso Sefaz BA resultado preliminar"},{"@type":"BreadcrumbList","@id":"https:\/\/www.estrategiaconcursos.com.br\/blog\/sefaz-ba-pos-edital-1a-maratona-questoes-fgv\/#breadcrumb","itemListElement":[{"@type":"ListItem","position":1,"name":"In\u00edcio","item":"https:\/\/www.estrategiaconcursos.com.br\/blog\/"},{"@type":"ListItem","position":2,"name":"Sefaz BA &#8211; P\u00f3s-Edital: 1\u00aa Maratona de Quest\u00f5es FGV"}]},{"@type":"WebSite","@id":"https:\/\/www.estrategiaconcursos.com.br\/blog\/#website","url":"https:\/\/www.estrategiaconcursos.com.br\/blog\/","name":"Estrat\u00e9gia Concursos","description":"O blog da Estrat\u00e9gia Concursos traz not\u00edcias sobre concursos e artigos de professores oferecendo cursos para concursos (pdf + videaulas) no site.","publisher":{"@id":"https:\/\/www.estrategiaconcursos.com.br\/blog\/#organization"},"potentialAction":[{"@type":"SearchAction","target":{"@type":"EntryPoint","urlTemplate":"https:\/\/www.estrategiaconcursos.com.br\/blog\/?s={search_term_string}"},"query-input":{"@type":"PropertyValueSpecification","valueRequired":true,"valueName":"search_term_string"}}],"inLanguage":"pt-BR"},{"@type":"Organization","@id":"https:\/\/www.estrategiaconcursos.com.br\/blog\/#organization","name":"Estrat\u00e9gia Concursos","url":"https:\/\/www.estrategiaconcursos.com.br\/blog\/","logo":{"@type":"ImageObject","inLanguage":"pt-BR","@id":"https:\/\/www.estrategiaconcursos.com.br\/blog\/#\/schema\/logo\/image\/","url":"https:\/\/dhg1h5j42swfq.cloudfront.net\/2025\/06\/03203428\/logo_concursos-1.jpg","contentUrl":"https:\/\/dhg1h5j42swfq.cloudfront.net\/2025\/06\/03203428\/logo_concursos-1.jpg","width":230,"height":60,"caption":"Estrat\u00e9gia Concursos"},"image":{"@id":"https:\/\/www.estrategiaconcursos.com.br\/blog\/#\/schema\/logo\/image\/"},"sameAs":["https:\/\/x.com\/EstratConcursos"]},{"@type":"Person","@id":"https:\/\/www.estrategiaconcursos.com.br\/blog\/#\/schema\/person\/d3fdf11dcb0a6c5d1f662e4f5aea2a3a","name":"Silvio Sande","image":{"@type":"ImageObject","inLanguage":"pt-BR","@id":"https:\/\/secure.gravatar.com\/avatar\/aff0d2496ed5a6c2a83263144475c015afefc5781a32ffc5be2a1823cfa881fa?s=96&d=mm&r=g","url":"https:\/\/secure.gravatar.com\/avatar\/aff0d2496ed5a6c2a83263144475c015afefc5781a32ffc5be2a1823cfa881fa?s=96&d=mm&r=g","contentUrl":"https:\/\/secure.gravatar.com\/avatar\/aff0d2496ed5a6c2a83263144475c015afefc5781a32ffc5be2a1823cfa881fa?s=96&d=mm&r=g","caption":"Silvio Sande"},"url":"https:\/\/www.estrategiaconcursos.com.br\/blog\/author\/silviosandehotmail-com\/"}]}},"_links":{"self":[{"href":"https:\/\/www.estrategiaconcursos.com.br\/blog\/wp-json\/wp\/v2\/posts\/981074","targetHints":{"allow":["GET"]}}],"collection":[{"href":"https:\/\/www.estrategiaconcursos.com.br\/blog\/wp-json\/wp\/v2\/posts"}],"about":[{"href":"https:\/\/www.estrategiaconcursos.com.br\/blog\/wp-json\/wp\/v2\/types\/post"}],"author":[{"embeddable":true,"href":"https:\/\/www.estrategiaconcursos.com.br\/blog\/wp-json\/wp\/v2\/users\/1551"}],"replies":[{"embeddable":true,"href":"https:\/\/www.estrategiaconcursos.com.br\/blog\/wp-json\/wp\/v2\/comments?post=981074"}],"version-history":[{"count":7,"href":"https:\/\/www.estrategiaconcursos.com.br\/blog\/wp-json\/wp\/v2\/posts\/981074\/revisions"}],"predecessor-version":[{"id":1168513,"href":"https:\/\/www.estrategiaconcursos.com.br\/blog\/wp-json\/wp\/v2\/posts\/981074\/revisions\/1168513"}],"wp:featuredmedia":[{"embeddable":true,"href":"https:\/\/www.estrategiaconcursos.com.br\/blog\/wp-json\/wp\/v2\/media\/979440"}],"wp:attachment":[{"href":"https:\/\/www.estrategiaconcursos.com.br\/blog\/wp-json\/wp\/v2\/media?parent=981074"}],"wp:term":[{"taxonomy":"category","embeddable":true,"href":"https:\/\/www.estrategiaconcursos.com.br\/blog\/wp-json\/wp\/v2\/categories?post=981074"},{"taxonomy":"post_tag","embeddable":true,"href":"https:\/\/www.estrategiaconcursos.com.br\/blog\/wp-json\/wp\/v2\/tags?post=981074"},{"taxonomy":"tax_estado","embeddable":true,"href":"https:\/\/www.estrategiaconcursos.com.br\/blog\/wp-json\/wp\/v2\/tax_estado?post=981074"}],"curies":[{"name":"wp","href":"https:\/\/api.w.org\/{rel}","templated":true}]}}