{"id":98093,"date":"2017-12-05T17:33:44","date_gmt":"2017-12-05T20:33:44","guid":{"rendered":"https:\/\/www.estrategiaconcursos.com.br\/blog\/?p=98093"},"modified":"2017-12-05T17:33:44","modified_gmt":"2017-12-05T20:33:44","slug":"resolucao-comentada-geografia-soldado-pmsp","status":"publish","type":"post","link":"https:\/\/www.estrategiaconcursos.com.br\/blog\/resolucao-comentada-geografia-soldado-pmsp\/","title":{"rendered":"Resolu\u00e7\u00e3o comentada Geografia soldado PMSP"},"content":{"rendered":"<p style=\"text-align: justify\">\u00a0 \u00a0 \u00a0 Ol\u00e1 Pessoal. Vamos resolver a prova de Geografia para soldado da PMSP. H\u00e1 possibilidade de recurso em uma quest\u00e3o com um equ\u00edvoco te\u00f3rico, sobre o fim da Guerra da Coreia.\u00a0O exame foi dentro da expectativa de dificuldade esperada e tamb\u00e9m poss\u00edveis temas que exploramos na transmiss\u00e3o de revis\u00e3o de v\u00e9spera, que certamente ajudou bastante nossos alunos.<\/p>\n<p style=\"text-align: justify\">\u00a0 \u00a0 \u00a0 \u00a0 Para conferir o gabarito de Hist\u00f3ria,\u00a0clique <a href=\"https:\/\/www.estrategiaconcursos.com.br\/blog\/resolucao-comentada-historia-soldado-vunesp-2017-soldado-pm-2a-classe-o-presidente-dos-eua-thomas-woodrow-wilson-presidira-o-comite-que-redigiu-os-30-artigos-do-pacto-constitutivo-da-l\/\">aqui<\/a>!<\/p>\n<p style=\"text-align: justify\">\u00a0 \u00a0 \u00a0 \u00a0 Vamos conferir o gabarito preliminar. Venha comigo!<\/p>\n<p style=\"text-align: justify\">\n<p style=\"text-align: justify\">1. (VUNESP 2017 \u2013 Soldado PM 2\u00aa classe) Fundada em 1957, por seis pa\u00edses, a Uni\u00e3o Europeia completa, neste ano de 2017, 60 anos, contando com 28 pa\u00edses membros, embora o Reino Unido esteja em processo de sa\u00edda do bloco, que \u00e9 o mais antigo e estruturado do mundo. No entanto, apesar da longevidade e poderio econ\u00f4mico, pode-se citar como um dos problemas enfrentados pela Uni\u00e3o Europeia<br \/>\n(A) as pol\u00edticas sociais atualmente em decl\u00ednio devido \u00e0 entrada de imigrantes, <del>principalmente nos antigos pa\u00edses comunistas<\/del>.<br \/>\n(B) a <del>perda de mercados consumidores<\/del> devido \u00e0 concorr\u00eancia com pa\u00edses emergentes do Brics, como a \u00cdndia e a \u00c1frica do Sul.<br \/>\n(C) <del>a defici\u00eancia de recursos naturais<\/del>, o que gera a necessidade de importa\u00e7\u00f5es de produtos b\u00e1sicos para a ind\u00fastria, como o ferro e o carv\u00e3o.<br \/>\n(D) as diferen\u00e7as socioecon\u00f4micas entre os pa\u00edses membros, o que provoca a forte hegemonia da rica Alemanha sobre v\u00e1rios pa\u00edses.<br \/>\n(E) a atual <del>perda de import\u00e2ncia econ\u00f4mica e pol\u00edtica da moeda \u00fanica<\/del>, o Euro, frente a moedas fortes como o d\u00f3lar e o iene japon\u00eas.<\/p>\n<p style=\"text-align: justify\">\n<span style=\"color: #3366ff\"><strong>\u00a0 \u00a0\u00a0<\/strong><\/span><span style=\"color: #3366ff\"><strong>A Uni\u00e3o Europeia \u00e9 composta por 28 pa\u00edses. Os pioneiros \u201ca Europa dos 15\u201d, s\u00e3o mais ricos e integrados entre si. Ap\u00f3s a decad\u00eancia da URSS, o leste europeu passou a ser integrado ao bloco. Em 2004 e 2007 ingressaram 13 pa\u00edses, 11 ex socialistas. Os \u00faltimos pa\u00edses a entrarem no bloco foram Rom\u00eania e Bulg\u00e1ria. Nem todos usam o Euro, somente 19, a \u201czona do Euro\u201d a segunda moeda mais forte, atr\u00e1s do d\u00f3lar. Desde 2010 algumas economias europeias passaram por uma crise profunda (os PIIGS: Portugal, It\u00e1lia, Irlanda do sul, Gr\u00e9cia e Espanha), e uma grande crise de refugiados vindos do Oriente M\u00e9dio, e como consequ\u00eancia ocorreu um aumento na xenofobia. Para fazer parte da Uni\u00e3o Europeia \u00e9 obrigat\u00f3rio ser uma democracia plena e adotar pol\u00edticas econ\u00f4micas e fiscais comuns. Isso dificulta a integra\u00e7\u00e3o, pois tanto pa\u00edses como a Alemanha, o mais rico europeu, como pa\u00edses do leste europeu ou os PIIGS, os mais pobres, devem adotar uma taxa de juros pr\u00f3xima, mesmas pol\u00edticas fiscais, metas de d\u00edvidas e infla\u00e7\u00e3o que faz com que a Alemanha leve vantagens sobre as economias menores, al\u00e9m de ser o maior investidor na EU. O desnvolvimento dos pa\u00edses emergentes n\u00e3o significou perda de mercados, mas um aumento, considerando a integra\u00e7\u00e3o de popula\u00e7\u00f5es pobres como da \u00cdndia e China no mercado consumidor mundial.<\/strong><\/span><br \/>\n<span style=\"color: #3366ff\"><strong> [D]<\/strong><\/span><\/p>\n<p style=\"text-align: justify\">\n2. (VUNESP 2017 \u2013 Soldado PM 2\u00aa classe) A quest\u00e3o est\u00e1 relacionada \u00e0 imagem e ao texto a seguir<\/p>\n<p><img loading=\"lazy\" decoding=\"async\" class=\"aligncenter size-medium wp-image-98150\" src=\"https:\/\/dhg1h5j42swfq.cloudfront.net\/2017\/12\/05171534\/imagem-1.jpg\" alt=\"\" width=\"300\" height=\"179\" srcset=\"https:\/\/dhg1h5j42swfq.cloudfront.net\/2017\/12\/05171534\/imagem-1.jpg 348w, https:\/\/dhg1h5j42swfq.cloudfront.net\/2017\/12\/05171534\/imagem-1.jpg 300w\" sizes=\"auto, (max-width: 300px) 100vw, 300px\" \/><\/p>\n<p style=\"text-align: justify\">Esse fen\u00f4meno atmosf\u00e9rico \u00e9 comum nos grandes centros urbanos industrializados, principalmente naqueles localizados em \u00e1reas cercadas por serras ou montanhas. Esse processo ocorre quando o ar frio (mais denso) \u00e9 impedido de circular por uma camada de ar quente (menos denso), dificultando a circula\u00e7\u00e3o do ar. Trata-se<br \/>\n(A) do efeito Cori\u00f3lis.<br \/>\n(B) da invers\u00e3o t\u00e9rmica.<br \/>\n(C) da ilha de calor.<br \/>\n(D) do fog.<br \/>\n(E) do efeito estufa.<\/p>\n<p>&nbsp;<\/p>\n<p style=\"text-align: justify\"><span style=\"color: #3366ff\"><strong>\u00a0 A imagem refere-se a ocorr\u00eancia de uma invers\u00e3o t\u00e9rmica. Ocorre principalmente no inverno em dias de pouco vento em locais muito polu\u00eddos. Em S\u00e3o Paulo o fen\u00f4meno \u00e9 frequente e intenso: Os poluentes impedem a movimenta\u00e7\u00e3o do ar, que \u00e9 mais quente na superf\u00edcie e resfria conforme aumenta a altitude. Em dias de invers\u00e3o como mostrados na imagem, o ar resfria perto da superf\u00edcie, pois n\u00e3o se dispersa devido aos poluentes e a atmosfera fica \u201cinvertida\u201d. O normal seria superf\u00edcie quente e altitudes frias. Fica o ar frio na superf\u00edcie e forma-se uma \u201ccamada de invers\u00e3o\u201d quente nas altitudes. Quando ocorrem podem agravar os problemas respirat\u00f3rios.<\/strong><\/span><br \/>\n<span style=\"color: #3366ff\"><strong> [B]<\/strong><\/span><\/p>\n<p style=\"text-align: justify\">\n3. (VUNESP 2017 \u2013 Soldado PM 2\u00aa classe) A quest\u00e3o est\u00e1 relacionada ao mapa apresentado a seguir.<\/p>\n<p><img loading=\"lazy\" decoding=\"async\" class=\"aligncenter size-medium wp-image-98154\" src=\"https:\/\/dhg1h5j42swfq.cloudfront.net\/2017\/12\/05171749\/imagem-2.jpg\" alt=\"\" width=\"282\" height=\"300\" srcset=\"https:\/\/dhg1h5j42swfq.cloudfront.net\/2017\/12\/05171749\/imagem-2.jpg 354w, https:\/\/dhg1h5j42swfq.cloudfront.net\/2017\/12\/05171749\/imagem-2.jpg 282w\" sizes=\"auto, (max-width: 282px) 100vw, 282px\" \/><\/p>\n<p style=\"text-align: justify\">Assinale a alternativa que identifica corretamente uma das bacias hidrogr\u00e1ficas brasileiras.<br \/>\n(A) A bacia 1 destaca-se por apresentar <del>elevada densidade demogr\u00e1fica<\/del>, fato que provoca impacto ambiental, principalmente nas \u00e1reas pr\u00f3ximas \u00e0s \u00e1reas metropolitanas; os modernos cultivos de gr\u00e3os representam a principal utiliza\u00e7\u00e3o dos solos da bacia.<br \/>\n(B) A bacia 2 abrange uma importante reserva de min\u00e9rios, reconhecida internacionalmente. Como grande parte dos solos da bacia n\u00e3o s\u00e3o f\u00e9rteis, h\u00e1 pequena atividade agr\u00edcola, mas, recentemente, observa-se o avan\u00e7o <del>da pecu\u00e1ria destinada \u00e0 produ\u00e7\u00e3o de leite<\/del>.<br \/>\n(C) A bacia 4 tem a maior <del>parte de sua \u00e1rea em planaltos<\/del>, o que possibilita aos rios que a comp\u00f5em grande potencial hidrel\u00e9trico j\u00e1 utilizado por v\u00e1rias usinas. Sob o aspecto econ\u00f4mico, as terras da bacia s\u00e3o utilizadas para cultivos de produtos destinados \u00e0 exporta\u00e7\u00e3o.<br \/>\n(D) A bacia 5 ocupa \u00e1rea com <del>relevo pouco ondulado<\/del>, o que possibilita a exist\u00eancia de v\u00e1rios rios naveg\u00e1veis, mas com <del>pequeno potencial hidrel\u00e9trico<\/del>. A \u00e1rea da bacia concentra a maior parte da popula\u00e7\u00e3o nas por\u00e7\u00f5es norte e oeste, onde est\u00e3o as principais cidades.<br \/>\n(E) A bacia 3 tem grande import\u00e2ncia hist\u00f3rica; seu rio principal atravessa \u00e1rea de clima semi\u00e1rido. A agricultura \u00e9 uma das mais importantes atividades econ\u00f4micas, com destaque para a fruticultura. O potencial hidrel\u00e9trico da bacia \u00e9 aproveitado por v\u00e1rias usinas.<\/p>\n<p>&nbsp;<\/p>\n<p style=\"text-align: justify\"><span style=\"color: #3366ff\"><strong>1- <span style=\"text-decoration: underline\">Bacia Amaz\u00f4nica:<\/span>\u00a0\u00c9 um vazio demogr\u00e1fico, ou seja, pouco populoso e povoado.<\/strong><\/span><br \/>\n<span style=\"color: #3366ff\"><strong> 2- <span style=\"text-decoration: underline\">Bacia do Tocantins Araguaia:<\/span>\u00a0Banha parte do Par\u00e1 onde est\u00e1 o projeto de extra\u00e7\u00e3o mineral Grande Caraj\u00e1s, em que ocorre a expans\u00e3o da fronteira agr\u00edcola com gado de corte e soja transg\u00eanica.<\/strong><\/span><br \/>\n<span style=\"color: #3366ff\"><strong> 3- <span style=\"text-decoration: underline\">Bacia do Rio S\u00e3o Francisco:<\/span>\u00a0Segundo potencial hidrel\u00e9trico instalado, importante avan\u00e7o do agroneg\u00f3cio na fruticultura irrigada e com graves problemas de assoreamento. Tem passado pelo processo de transposi\u00e7\u00e3o para rios do semi\u00e1rido nordestino e no in\u00edcio de 2017 teve um de seus eixos inaugurados. \u00c9 conhecido historicamente como rio dos Currais ou Velho Chico.<\/strong><\/span><br \/>\n<span style=\"color: #3366ff\"><b style=\"color: #3366ff\"> 4- \u00c9 a B<\/b><span style=\"text-decoration: underline\">acia do rio Paraguai<\/span><b style=\"color: #3366ff\">, que drena a plan\u00edcie e depress\u00e3o do pantanal <\/b><span style=\"color: #3366ff\"><b>mato-grossense<\/b><\/span><b style=\"color: #3366ff\">.<\/b><\/span><br \/>\n<span style=\"color: #3366ff\"><strong> 5- \u00c9 a <span style=\"text-decoration: underline\">Bacia do rio Paran\u00e1<\/span>, predominantemente de planalto e com o maior potencial hidrel\u00e9trico instalado. Possui eclusas para viabilizar a navega\u00e7\u00e3o no rio Tiet\u00ea.<\/strong><\/span><br \/>\n<span style=\"color: #3366ff\"><strong> [E]<\/strong><\/span><\/p>\n<p>&nbsp;<\/p>\n<p style=\"text-align: justify\">4. (VUNESP 2017 \u2013 Soldado PM 2\u00aa classe) Observe o gr\u00e1fico para responder \u00e0 quest\u00e3o.<\/p>\n<p><img loading=\"lazy\" decoding=\"async\" class=\"aligncenter size-medium wp-image-98156\" src=\"https:\/\/dhg1h5j42swfq.cloudfront.net\/2017\/12\/05172346\/imagem-3.jpg\" alt=\"\" width=\"236\" height=\"300\" srcset=\"https:\/\/dhg1h5j42swfq.cloudfront.net\/2017\/12\/05172346\/imagem-3.jpg 318w, https:\/\/dhg1h5j42swfq.cloudfront.net\/2017\/12\/05172346\/imagem-3.jpg 236w\" sizes=\"auto, (max-width: 236px) 100vw, 236px\" \/><\/p>\n<p style=\"text-align: justify\">A leitura do gr\u00e1fico e os conhecimentos sobre as atividades econ\u00f4micas brasileiras permitem afirmar que, no t\u00edtulo do gr\u00e1fico, o \u201cX\u201d deve ser substitu\u00eddo por<br \/>\n(A) caf\u00e9.<br \/>\n(B) cana-de-a\u00e7\u00facar.<br \/>\n(C) a\u00e7o.<br \/>\n(D) gr\u00e3os.<br \/>\n(E) autom\u00f3veis.<\/p>\n<p>&nbsp;<\/p>\n<p style=\"text-align: justify\"><span style=\"color: #3366ff\"><strong>\u00a0 O centro oeste e sul do pa\u00eds s\u00e3o os principais produtores de gr\u00e3os, destacadamente a soja, que tamb\u00e9m \u00e9 produzida nas bordas amaz\u00f4nicas e nordestinas, na regi\u00e3o do \u201carco do desflorestamento\u201d ou fronteiras agr\u00edcolas. A produ\u00e7\u00e3o de cana concentra-se no litoral e sudeste. O caf\u00e9 em MG, ES e recentemente em estados do norte. A\u00e7o e autom\u00f3veis no sudeste.<\/strong><\/span><br \/>\n<span style=\"color: #3366ff\"><strong> [D]<\/strong><\/span><\/p>\n<p style=\"text-align: justify\">\n5. (VUNESP 2017 \u2013 Soldado PM 2\u00aa classe) Em 19 de setembro, na Assembleia da ONU, Donald Trump discursou e atacou diretamente tr\u00eas pa\u00edses: A respeito do pa\u00eds 1, disse que se ele quer se armar com bombas nucleares e m\u00edsseis, a \u00fanica alternativa dos Estados Unidos \u00e9 destruir totalmente esse pa\u00eds. Depois, Trump falou do pa\u00eds 2, que chamou de ditadura corrupta que patrocina o terrorismo, e que o acordo nuclear, fechado pelo presidente Barack Obama e pelas maiores pot\u00eancias mundiais, \u00e9 uma vergonha para os Estados Unidos. A respeito do pa\u00eds 3, Trump disse que o governante \u00e9 um ditador socialista que causou dor e sofrimento ao povo. O presidente americano lembrou que j\u00e1 imp\u00f4s san\u00e7\u00f5es ao governo do pa\u00eds e falou que os Estados Unidos est\u00e3o preparados para tomar outras atitudes se o ditador continuar a se impor autoritariamente.<br \/>\n(G1 goo.gl\/HUp924. Adaptado. Acesso em 21 set.2017)<br \/>\nOs pa\u00edses 1, 2 e 3 citados por Trump s\u00e3o, respectivamente,<br \/>\n(A) Afeganist\u00e3o, Turquia e Col\u00f4mbia.<br \/>\n(B) Coreia do Norte, Ir\u00e3 e Venezuela.<br \/>\n(C) Iraque, Venezuela e R\u00fassia.<br \/>\n(D) Israel, Coreia do Norte e S\u00edria.<br \/>\n(E) Turquia, Ar\u00e1bia Saudita e Cuba.<\/p>\n<p>&nbsp;<\/p>\n<p style=\"text-align: justify\"><span style=\"color: #3366ff\"><strong>1- Coreia do Norte.<\/strong><\/span><br \/>\n<span style=\"color: #3366ff\"><strong> 2- Ir\u00e3<\/strong><\/span><br \/>\n<span style=\"color: #3366ff\"><strong> 3- Venezuela.<\/strong><\/span><br \/>\n<span style=\"color: #3366ff\"><strong> As tens\u00f5es nucleares entre EUA e Coreia do Norte ocorrem desde a \u201cGuerra Fria\u201d e principalmente nos \u00faltimos anos t\u00eam voltado a ocorrer amea\u00e7as de ambos os lados, uma verdadeira amea\u00e7a de conflito nuclear. O Ir\u00e3 possui um programa nuclear h\u00e1 anos e alega que \u00e9 para fins pac\u00edficos (energia el\u00e9trica e fins medicinais), no entanto, Israel e EUA s\u00e3o contr\u00e1rios e alegam que s\u00e3o para fins b\u00e9licos e combatem o programa a todo custo, principalmente atrav\u00e9s de embargos econ\u00f4micos (como corte de financiamentos e restri\u00e7\u00f5es \u00e0s exporta\u00e7\u00f5es de petr\u00f3leo). Em 2015 o ex-presidente Barack Obama ratificou um acordo com o Ir\u00e3 que permanecer\u00e1 com seu programa nuclear, por\u00e9m tutelado pela comunidade internacional. Donald Trump n\u00e3o concorda com este acordo. O terceiro pa\u00eds \u00e9 a Venezuela, e no enunciado diz que j\u00e1 imp\u00f4s san\u00e7\u00f5es (se fosse Cuba as san\u00e7\u00f5es continuam, pois o embargo econ\u00f4mico permanece).<\/strong><\/span><br \/>\n<span style=\"color: #3366ff\"><strong> [B]<\/strong><\/span><\/p>\n<p style=\"text-align: justify\">\n6. (VUNESP 2017 \u2013 Soldado PM 2\u00aa classe) Leia a not\u00edcia de 01 de agosto. Balan\u00e7a comercial brasileira tem melhor julho da hist\u00f3ria<br \/>\n(EBC \u2013 Ag\u00eancia Brasil \u2013 goo.gl\/8Q7TyE. Acesso em 21set.2017)<br \/>\nO principal motivo para o bom desempenho da balan\u00e7a foi o aumento<br \/>\n(A) da exporta\u00e7\u00e3o de t\u00eaxteis e vestu\u00e1rio para a China.<br \/>\n(B) da venda de \u00f3leos e lubrificantes para a Alemanha.<br \/>\n(C) dos pre\u00e7os das commodities, como a soja e o milho.<br \/>\n(D) do volume de medicamentos destinados \u00e0 Europa.<br \/>\n(E) da taxa de juros para investimentos estrangeiros.<\/p>\n<p>&nbsp;<\/p>\n<p style=\"text-align: justify\"><span style=\"color: #3366ff\"><strong>\u00a0 \u00a0 A recente rea\u00e7\u00e3o do PIB brasileiro ocorreu devido ao aumento do pre\u00e7o das <em>commodities<\/em> (produtos prim\u00e1rios ou pouco transformados para exporta\u00e7\u00e3o) como soja, milho e min\u00e9rio de ferro (estamos entre os maiores produtores mundiais). Nosso maior parceiro comercial atual \u00e9 a China: exportamos principalmente soja e ferro e importamos eletroeletr\u00f4nicos e t\u00eaxteis. Nossa balan\u00e7a comercial tem sido superavit\u00e1ria no ano de 2017.<\/strong><\/span><br \/>\n<span style=\"color: #3366ff\"><strong> [C]<\/strong><\/span><\/p>\n<p>&nbsp;<\/p>\n<p>\u00c9 isso ai pessoal, boa sorte a todos!!<\/p>\n<p>Foco no sucesso!!!!<\/p>\n","protected":false},"excerpt":{"rendered":"<p>\u00a0 \u00a0 \u00a0 Ol\u00e1 Pessoal. Vamos resolver a prova de Geografia para soldado da PMSP. H\u00e1 possibilidade de recurso em uma quest\u00e3o com um equ\u00edvoco te\u00f3rico, sobre o fim da Guerra da Coreia.\u00a0O exame foi dentro da expectativa de dificuldade esperada e tamb\u00e9m poss\u00edveis temas que exploramos na transmiss\u00e3o de revis\u00e3o de v\u00e9spera, que certamente [&hellip;]<\/p>\n","protected":false},"author":322,"featured_media":0,"comment_status":"open","ping_status":"closed","sticky":false,"template":"","format":"standard","meta":{"post_tipo":"article","footnotes":""},"categories":[1],"tags":[],"tax_estado":[],"class_list":["post-98093","post","type-post","status-publish","format-standard","hentry","category-cursos-e-concursos"],"acf":[],"yoast_head":"<!-- This site is optimized with the Yoast SEO Premium plugin v27.2 (Yoast SEO v27.2) - https:\/\/yoast.com\/product\/yoast-seo-premium-wordpress\/ -->\n<title>Resolu\u00e7\u00e3o comentada Geografia soldado PMSP<\/title>\n<meta name=\"robots\" content=\"index, follow, max-snippet:-1, max-image-preview:large, max-video-preview:-1\" \/>\n<link rel=\"canonical\" href=\"https:\/\/www.estrategiaconcursos.com.br\/blog\/resolucao-comentada-geografia-soldado-pmsp\/\" \/>\n<meta property=\"og:locale\" content=\"pt_BR\" \/>\n<meta property=\"og:type\" content=\"article\" \/>\n<meta property=\"og:title\" content=\"Resolu\u00e7\u00e3o comentada Geografia soldado PMSP\" \/>\n<meta property=\"og:description\" content=\"\u00a0 \u00a0 \u00a0 Ol\u00e1 Pessoal. Vamos resolver a prova de Geografia para soldado da PMSP. H\u00e1 possibilidade de recurso em uma quest\u00e3o com um equ\u00edvoco te\u00f3rico, sobre o fim da Guerra da Coreia.\u00a0O exame foi dentro da expectativa de dificuldade esperada e tamb\u00e9m poss\u00edveis temas que exploramos na transmiss\u00e3o de revis\u00e3o de v\u00e9spera, que certamente [&hellip;]\" \/>\n<meta property=\"og:url\" content=\"https:\/\/www.estrategiaconcursos.com.br\/blog\/resolucao-comentada-geografia-soldado-pmsp\/\" \/>\n<meta property=\"og:site_name\" content=\"Estrat\u00e9gia Concursos\" \/>\n<meta property=\"article:published_time\" content=\"2017-12-05T20:33:44+00:00\" \/>\n<meta property=\"og:image\" content=\"https:\/\/www.estrategiaconcursos.com.br\/blog\/wp-content\/uploads\/2017\/12\/imagem-1-300x179.jpg\" \/>\n<meta name=\"author\" content=\"Sergio Henrique\" \/>\n<meta name=\"twitter:card\" content=\"summary_large_image\" \/>\n<meta name=\"twitter:creator\" content=\"@EstratConcursos\" \/>\n<meta name=\"twitter:site\" content=\"@EstratConcursos\" \/>\n<meta name=\"twitter:label1\" content=\"Escrito por\" \/>\n\t<meta name=\"twitter:data1\" content=\"Sergio Henrique\" \/>\n\t<meta name=\"twitter:label2\" content=\"Est. tempo de leitura\" \/>\n\t<meta name=\"twitter:data2\" content=\"9 minutos\" \/>\n<script type=\"application\/ld+json\" class=\"yoast-schema-graph\">{\"@context\":\"https:\/\/schema.org\",\"@graph\":[{\"@type\":\"NewsArticle\",\"@id\":\"https:\/\/www.estrategiaconcursos.com.br\/blog\/resolucao-comentada-geografia-soldado-pmsp\/#article\",\"isPartOf\":{\"@id\":\"https:\/\/www.estrategiaconcursos.com.br\/blog\/resolucao-comentada-geografia-soldado-pmsp\/\"},\"author\":{\"name\":\"Sergio Henrique\",\"@id\":\"https:\/\/www.estrategiaconcursos.com.br\/blog\/#\/schema\/person\/d18952c4e9d57a78a6caea1fc8412aca\"},\"headline\":\"Resolu\u00e7\u00e3o comentada Geografia soldado PMSP\",\"datePublished\":\"2017-12-05T20:33:44+00:00\",\"mainEntityOfPage\":{\"@id\":\"https:\/\/www.estrategiaconcursos.com.br\/blog\/resolucao-comentada-geografia-soldado-pmsp\/\"},\"wordCount\":1811,\"commentCount\":1,\"publisher\":{\"@id\":\"https:\/\/www.estrategiaconcursos.com.br\/blog\/#organization\"},\"image\":{\"@id\":\"https:\/\/www.estrategiaconcursos.com.br\/blog\/resolucao-comentada-geografia-soldado-pmsp\/#primaryimage\"},\"thumbnailUrl\":\"https:\/\/www.estrategiaconcursos.com.br\/blog\/wp-content\/uploads\/2017\/12\/imagem-1-300x179.jpg\",\"articleSection\":[\"Concursos P\u00fablicos\"],\"inLanguage\":\"pt-BR\",\"potentialAction\":[{\"@type\":\"CommentAction\",\"name\":\"Comment\",\"target\":[\"https:\/\/www.estrategiaconcursos.com.br\/blog\/resolucao-comentada-geografia-soldado-pmsp\/#respond\"]}],\"copyrightYear\":\"2017\",\"copyrightHolder\":{\"@id\":\"https:\/\/www.estrategiaconcursos.com.br\/blog\/#organization\"}},{\"@type\":\"WebPage\",\"@id\":\"https:\/\/www.estrategiaconcursos.com.br\/blog\/resolucao-comentada-geografia-soldado-pmsp\/\",\"url\":\"https:\/\/www.estrategiaconcursos.com.br\/blog\/resolucao-comentada-geografia-soldado-pmsp\/\",\"name\":\"Resolu\u00e7\u00e3o comentada Geografia soldado PMSP\",\"isPartOf\":{\"@id\":\"https:\/\/www.estrategiaconcursos.com.br\/blog\/#website\"},\"primaryImageOfPage\":{\"@id\":\"https:\/\/www.estrategiaconcursos.com.br\/blog\/resolucao-comentada-geografia-soldado-pmsp\/#primaryimage\"},\"image\":{\"@id\":\"https:\/\/www.estrategiaconcursos.com.br\/blog\/resolucao-comentada-geografia-soldado-pmsp\/#primaryimage\"},\"thumbnailUrl\":\"https:\/\/www.estrategiaconcursos.com.br\/blog\/wp-content\/uploads\/2017\/12\/imagem-1-300x179.jpg\",\"datePublished\":\"2017-12-05T20:33:44+00:00\",\"breadcrumb\":{\"@id\":\"https:\/\/www.estrategiaconcursos.com.br\/blog\/resolucao-comentada-geografia-soldado-pmsp\/#breadcrumb\"},\"inLanguage\":\"pt-BR\",\"potentialAction\":[{\"@type\":\"ReadAction\",\"target\":[\"https:\/\/www.estrategiaconcursos.com.br\/blog\/resolucao-comentada-geografia-soldado-pmsp\/\"]}]},{\"@type\":\"ImageObject\",\"inLanguage\":\"pt-BR\",\"@id\":\"https:\/\/www.estrategiaconcursos.com.br\/blog\/resolucao-comentada-geografia-soldado-pmsp\/#primaryimage\",\"url\":\"https:\/\/dhg1h5j42swfq.cloudfront.net\/2017\/12\/05171534\/imagem-1.jpg\",\"contentUrl\":\"https:\/\/dhg1h5j42swfq.cloudfront.net\/2017\/12\/05171534\/imagem-1.jpg\",\"width\":348,\"height\":208},{\"@type\":\"BreadcrumbList\",\"@id\":\"https:\/\/www.estrategiaconcursos.com.br\/blog\/resolucao-comentada-geografia-soldado-pmsp\/#breadcrumb\",\"itemListElement\":[{\"@type\":\"ListItem\",\"position\":1,\"name\":\"In\u00edcio\",\"item\":\"https:\/\/www.estrategiaconcursos.com.br\/blog\/\"},{\"@type\":\"ListItem\",\"position\":2,\"name\":\"Resolu\u00e7\u00e3o comentada Geografia soldado PMSP\"}]},{\"@type\":\"WebSite\",\"@id\":\"https:\/\/www.estrategiaconcursos.com.br\/blog\/#website\",\"url\":\"https:\/\/www.estrategiaconcursos.com.br\/blog\/\",\"name\":\"Estrat\u00e9gia Concursos\",\"description\":\"O blog da Estrat\u00e9gia Concursos traz not\u00edcias sobre concursos e artigos de professores oferecendo cursos para concursos (pdf + videaulas) no site.\",\"publisher\":{\"@id\":\"https:\/\/www.estrategiaconcursos.com.br\/blog\/#organization\"},\"potentialAction\":[{\"@type\":\"SearchAction\",\"target\":{\"@type\":\"EntryPoint\",\"urlTemplate\":\"https:\/\/www.estrategiaconcursos.com.br\/blog\/?s={search_term_string}\"},\"query-input\":{\"@type\":\"PropertyValueSpecification\",\"valueRequired\":true,\"valueName\":\"search_term_string\"}}],\"inLanguage\":\"pt-BR\"},{\"@type\":\"Organization\",\"@id\":\"https:\/\/www.estrategiaconcursos.com.br\/blog\/#organization\",\"name\":\"Estrat\u00e9gia Concursos\",\"url\":\"https:\/\/www.estrategiaconcursos.com.br\/blog\/\",\"logo\":{\"@type\":\"ImageObject\",\"inLanguage\":\"pt-BR\",\"@id\":\"https:\/\/www.estrategiaconcursos.com.br\/blog\/#\/schema\/logo\/image\/\",\"url\":\"https:\/\/dhg1h5j42swfq.cloudfront.net\/2025\/06\/03203428\/logo_concursos-1.jpg\",\"contentUrl\":\"https:\/\/dhg1h5j42swfq.cloudfront.net\/2025\/06\/03203428\/logo_concursos-1.jpg\",\"width\":230,\"height\":60,\"caption\":\"Estrat\u00e9gia Concursos\"},\"image\":{\"@id\":\"https:\/\/www.estrategiaconcursos.com.br\/blog\/#\/schema\/logo\/image\/\"},\"sameAs\":[\"https:\/\/x.com\/EstratConcursos\"]},{\"@type\":\"Person\",\"@id\":\"https:\/\/www.estrategiaconcursos.com.br\/blog\/#\/schema\/person\/d18952c4e9d57a78a6caea1fc8412aca\",\"name\":\"Sergio Henrique\",\"image\":{\"@type\":\"ImageObject\",\"inLanguage\":\"pt-BR\",\"@id\":\"https:\/\/secure.gravatar.com\/avatar\/8a654c3858278ad4f39af7a25daa62ab86082ab9406fabd7edee0d6cdfb86662?s=96&d=mm&r=g\",\"url\":\"https:\/\/secure.gravatar.com\/avatar\/8a654c3858278ad4f39af7a25daa62ab86082ab9406fabd7edee0d6cdfb86662?s=96&d=mm&r=g\",\"contentUrl\":\"https:\/\/secure.gravatar.com\/avatar\/8a654c3858278ad4f39af7a25daa62ab86082ab9406fabd7edee0d6cdfb86662?s=96&d=mm&r=g\",\"caption\":\"Sergio Henrique\"},\"url\":\"https:\/\/www.estrategiaconcursos.com.br\/blog\/author\/sergio-henrique\/\"}]}<\/script>\n<!-- \/ Yoast SEO Premium plugin. -->","yoast_head_json":{"title":"Resolu\u00e7\u00e3o comentada Geografia soldado PMSP","robots":{"index":"index","follow":"follow","max-snippet":"max-snippet:-1","max-image-preview":"max-image-preview:large","max-video-preview":"max-video-preview:-1"},"canonical":"https:\/\/www.estrategiaconcursos.com.br\/blog\/resolucao-comentada-geografia-soldado-pmsp\/","og_locale":"pt_BR","og_type":"article","og_title":"Resolu\u00e7\u00e3o comentada Geografia soldado PMSP","og_description":"\u00a0 \u00a0 \u00a0 Ol\u00e1 Pessoal. Vamos resolver a prova de Geografia para soldado da PMSP. H\u00e1 possibilidade de recurso em uma quest\u00e3o com um equ\u00edvoco te\u00f3rico, sobre o fim da Guerra da Coreia.\u00a0O exame foi dentro da expectativa de dificuldade esperada e tamb\u00e9m poss\u00edveis temas que exploramos na transmiss\u00e3o de revis\u00e3o de v\u00e9spera, que certamente [&hellip;]","og_url":"https:\/\/www.estrategiaconcursos.com.br\/blog\/resolucao-comentada-geografia-soldado-pmsp\/","og_site_name":"Estrat\u00e9gia Concursos","article_published_time":"2017-12-05T20:33:44+00:00","og_image":[{"url":"https:\/\/www.estrategiaconcursos.com.br\/blog\/wp-content\/uploads\/2017\/12\/imagem-1-300x179.jpg","type":"","width":"","height":""}],"author":"Sergio Henrique","twitter_card":"summary_large_image","twitter_creator":"@EstratConcursos","twitter_site":"@EstratConcursos","twitter_misc":{"Escrito por":"Sergio Henrique","Est. tempo de leitura":"9 minutos"},"schema":{"@context":"https:\/\/schema.org","@graph":[{"@type":"NewsArticle","@id":"https:\/\/www.estrategiaconcursos.com.br\/blog\/resolucao-comentada-geografia-soldado-pmsp\/#article","isPartOf":{"@id":"https:\/\/www.estrategiaconcursos.com.br\/blog\/resolucao-comentada-geografia-soldado-pmsp\/"},"author":{"name":"Sergio Henrique","@id":"https:\/\/www.estrategiaconcursos.com.br\/blog\/#\/schema\/person\/d18952c4e9d57a78a6caea1fc8412aca"},"headline":"Resolu\u00e7\u00e3o comentada Geografia soldado PMSP","datePublished":"2017-12-05T20:33:44+00:00","mainEntityOfPage":{"@id":"https:\/\/www.estrategiaconcursos.com.br\/blog\/resolucao-comentada-geografia-soldado-pmsp\/"},"wordCount":1811,"commentCount":1,"publisher":{"@id":"https:\/\/www.estrategiaconcursos.com.br\/blog\/#organization"},"image":{"@id":"https:\/\/www.estrategiaconcursos.com.br\/blog\/resolucao-comentada-geografia-soldado-pmsp\/#primaryimage"},"thumbnailUrl":"https:\/\/www.estrategiaconcursos.com.br\/blog\/wp-content\/uploads\/2017\/12\/imagem-1-300x179.jpg","articleSection":["Concursos P\u00fablicos"],"inLanguage":"pt-BR","potentialAction":[{"@type":"CommentAction","name":"Comment","target":["https:\/\/www.estrategiaconcursos.com.br\/blog\/resolucao-comentada-geografia-soldado-pmsp\/#respond"]}],"copyrightYear":"2017","copyrightHolder":{"@id":"https:\/\/www.estrategiaconcursos.com.br\/blog\/#organization"}},{"@type":"WebPage","@id":"https:\/\/www.estrategiaconcursos.com.br\/blog\/resolucao-comentada-geografia-soldado-pmsp\/","url":"https:\/\/www.estrategiaconcursos.com.br\/blog\/resolucao-comentada-geografia-soldado-pmsp\/","name":"Resolu\u00e7\u00e3o comentada Geografia soldado PMSP","isPartOf":{"@id":"https:\/\/www.estrategiaconcursos.com.br\/blog\/#website"},"primaryImageOfPage":{"@id":"https:\/\/www.estrategiaconcursos.com.br\/blog\/resolucao-comentada-geografia-soldado-pmsp\/#primaryimage"},"image":{"@id":"https:\/\/www.estrategiaconcursos.com.br\/blog\/resolucao-comentada-geografia-soldado-pmsp\/#primaryimage"},"thumbnailUrl":"https:\/\/www.estrategiaconcursos.com.br\/blog\/wp-content\/uploads\/2017\/12\/imagem-1-300x179.jpg","datePublished":"2017-12-05T20:33:44+00:00","breadcrumb":{"@id":"https:\/\/www.estrategiaconcursos.com.br\/blog\/resolucao-comentada-geografia-soldado-pmsp\/#breadcrumb"},"inLanguage":"pt-BR","potentialAction":[{"@type":"ReadAction","target":["https:\/\/www.estrategiaconcursos.com.br\/blog\/resolucao-comentada-geografia-soldado-pmsp\/"]}]},{"@type":"ImageObject","inLanguage":"pt-BR","@id":"https:\/\/www.estrategiaconcursos.com.br\/blog\/resolucao-comentada-geografia-soldado-pmsp\/#primaryimage","url":"https:\/\/dhg1h5j42swfq.cloudfront.net\/2017\/12\/05171534\/imagem-1.jpg","contentUrl":"https:\/\/dhg1h5j42swfq.cloudfront.net\/2017\/12\/05171534\/imagem-1.jpg","width":348,"height":208},{"@type":"BreadcrumbList","@id":"https:\/\/www.estrategiaconcursos.com.br\/blog\/resolucao-comentada-geografia-soldado-pmsp\/#breadcrumb","itemListElement":[{"@type":"ListItem","position":1,"name":"In\u00edcio","item":"https:\/\/www.estrategiaconcursos.com.br\/blog\/"},{"@type":"ListItem","position":2,"name":"Resolu\u00e7\u00e3o comentada Geografia soldado PMSP"}]},{"@type":"WebSite","@id":"https:\/\/www.estrategiaconcursos.com.br\/blog\/#website","url":"https:\/\/www.estrategiaconcursos.com.br\/blog\/","name":"Estrat\u00e9gia Concursos","description":"O blog da Estrat\u00e9gia Concursos traz not\u00edcias sobre concursos e artigos de professores oferecendo cursos para concursos (pdf + videaulas) no site.","publisher":{"@id":"https:\/\/www.estrategiaconcursos.com.br\/blog\/#organization"},"potentialAction":[{"@type":"SearchAction","target":{"@type":"EntryPoint","urlTemplate":"https:\/\/www.estrategiaconcursos.com.br\/blog\/?s={search_term_string}"},"query-input":{"@type":"PropertyValueSpecification","valueRequired":true,"valueName":"search_term_string"}}],"inLanguage":"pt-BR"},{"@type":"Organization","@id":"https:\/\/www.estrategiaconcursos.com.br\/blog\/#organization","name":"Estrat\u00e9gia Concursos","url":"https:\/\/www.estrategiaconcursos.com.br\/blog\/","logo":{"@type":"ImageObject","inLanguage":"pt-BR","@id":"https:\/\/www.estrategiaconcursos.com.br\/blog\/#\/schema\/logo\/image\/","url":"https:\/\/dhg1h5j42swfq.cloudfront.net\/2025\/06\/03203428\/logo_concursos-1.jpg","contentUrl":"https:\/\/dhg1h5j42swfq.cloudfront.net\/2025\/06\/03203428\/logo_concursos-1.jpg","width":230,"height":60,"caption":"Estrat\u00e9gia Concursos"},"image":{"@id":"https:\/\/www.estrategiaconcursos.com.br\/blog\/#\/schema\/logo\/image\/"},"sameAs":["https:\/\/x.com\/EstratConcursos"]},{"@type":"Person","@id":"https:\/\/www.estrategiaconcursos.com.br\/blog\/#\/schema\/person\/d18952c4e9d57a78a6caea1fc8412aca","name":"Sergio Henrique","image":{"@type":"ImageObject","inLanguage":"pt-BR","@id":"https:\/\/secure.gravatar.com\/avatar\/8a654c3858278ad4f39af7a25daa62ab86082ab9406fabd7edee0d6cdfb86662?s=96&d=mm&r=g","url":"https:\/\/secure.gravatar.com\/avatar\/8a654c3858278ad4f39af7a25daa62ab86082ab9406fabd7edee0d6cdfb86662?s=96&d=mm&r=g","contentUrl":"https:\/\/secure.gravatar.com\/avatar\/8a654c3858278ad4f39af7a25daa62ab86082ab9406fabd7edee0d6cdfb86662?s=96&d=mm&r=g","caption":"Sergio Henrique"},"url":"https:\/\/www.estrategiaconcursos.com.br\/blog\/author\/sergio-henrique\/"}]}},"_links":{"self":[{"href":"https:\/\/www.estrategiaconcursos.com.br\/blog\/wp-json\/wp\/v2\/posts\/98093","targetHints":{"allow":["GET"]}}],"collection":[{"href":"https:\/\/www.estrategiaconcursos.com.br\/blog\/wp-json\/wp\/v2\/posts"}],"about":[{"href":"https:\/\/www.estrategiaconcursos.com.br\/blog\/wp-json\/wp\/v2\/types\/post"}],"author":[{"embeddable":true,"href":"https:\/\/www.estrategiaconcursos.com.br\/blog\/wp-json\/wp\/v2\/users\/322"}],"replies":[{"embeddable":true,"href":"https:\/\/www.estrategiaconcursos.com.br\/blog\/wp-json\/wp\/v2\/comments?post=98093"}],"version-history":[{"count":2,"href":"https:\/\/www.estrategiaconcursos.com.br\/blog\/wp-json\/wp\/v2\/posts\/98093\/revisions"}],"predecessor-version":[{"id":98161,"href":"https:\/\/www.estrategiaconcursos.com.br\/blog\/wp-json\/wp\/v2\/posts\/98093\/revisions\/98161"}],"wp:attachment":[{"href":"https:\/\/www.estrategiaconcursos.com.br\/blog\/wp-json\/wp\/v2\/media?parent=98093"}],"wp:term":[{"taxonomy":"category","embeddable":true,"href":"https:\/\/www.estrategiaconcursos.com.br\/blog\/wp-json\/wp\/v2\/categories?post=98093"},{"taxonomy":"post_tag","embeddable":true,"href":"https:\/\/www.estrategiaconcursos.com.br\/blog\/wp-json\/wp\/v2\/tags?post=98093"},{"taxonomy":"tax_estado","embeddable":true,"href":"https:\/\/www.estrategiaconcursos.com.br\/blog\/wp-json\/wp\/v2\/tax_estado?post=98093"}],"curies":[{"name":"wp","href":"https:\/\/api.w.org\/{rel}","templated":true}]}}