{"id":98063,"date":"2017-12-05T14:30:43","date_gmt":"2017-12-05T17:30:43","guid":{"rendered":"https:\/\/www.estrategiaconcursos.com.br\/blog\/?p=98063"},"modified":"2019-11-08T16:46:16","modified_gmt":"2019-11-08T19:46:16","slug":"comentarios-prova-de-atualidades-pm-sp","status":"publish","type":"post","link":"https:\/\/www.estrategiaconcursos.com.br\/blog\/comentarios-prova-de-atualidades-pm-sp\/","title":{"rendered":"Coment\u00e1rios \u00e0 prova de Atualidades &#8211; PM-SP"},"content":{"rendered":"<p style=\"text-align: justify\">Ol\u00e1 Galera,<\/p>\n<p style=\"text-align: justify\">Seguem os meus coment\u00e1rios sobre as quest\u00f5es de Atualidades. Concordo com o gabarito da banca e n\u00e3o vislumbro possibilidades de recursos.<\/p>\n<p style=\"text-align: justify\">A prova foi realizada no dia 03 de dezembro. Para elaborar as quest\u00f5es, a banca se utilizou de not\u00edcias veiculadas em agosto e setembro. Ou seja, fatos ocorridos em torno de noventa e oitenta dias antes da prova.<\/p>\n<p>&nbsp;<\/p>\n<p style=\"text-align: justify\"><strong>39. Em 19 de setembro, na Assembleia da ONU, Donald Trump discursou e atacou diretamente tr\u00eas pa\u00edses:<\/strong><\/p>\n<p style=\"text-align: justify\"><strong>A respeito do pa\u00eds 1, disse que se ele quer se armar com bombas nucleares e m\u00edsseis, a \u00fanica alternativa dos Estados Unidos \u00e9 destruir totalmente esse pa\u00eds.<\/strong><\/p>\n<p style=\"text-align: justify\"><strong>Depois, Trump falou do pa\u00eds 2, que chamou de ditadura corrupta que patrocina o terrorismo, e que o acordo nuclear, fechado pelo presidente Barack Obama e pelas maiores pot\u00eancias mundiais, \u00e9 uma vergonha para os Estados Unidos.<\/strong><\/p>\n<p style=\"text-align: justify\"><strong>A respeito do pa\u00eds 3, Trump disse que o governante \u00e9 um ditador socialista que causou dor e sofrimento ao povo. O presidente americano lembrou que j\u00e1 imp\u00f4s san\u00e7\u00f5es ao governo do pa\u00eds e falou que os Estados Unidos est\u00e3o preparados para tomar outras atitudes se o ditador continuar a se impor autoritariamente.<\/strong><\/p>\n<p style=\"text-align: right\">(G1 goo.gl\/HUp924. Adaptado. Acesso em 21 set.2017)<\/p>\n<p style=\"text-align: justify\"><strong>Os pa\u00edses 1, 2 e 3 citados por Trump s\u00e3o, respectivamente,<\/strong><\/p>\n<p style=\"text-align: justify\"><strong>(A) Afeganist\u00e3o, Turquia e Col\u00f4mbia.<\/strong><\/p>\n<p style=\"text-align: justify\"><strong>(B) Coreia do Norte, Ir\u00e3 e Venezuela.<\/strong><\/p>\n<p style=\"text-align: justify\"><strong>(C) Iraque, Venezuela e R\u00fassia.<\/strong><\/p>\n<p style=\"text-align: justify\"><strong>(D) Israel, Coreia do Norte e S\u00edria.<\/strong><\/p>\n<p style=\"text-align: justify\"><strong>(E) Turquia, Ar\u00e1bia Saudita e Cuba.<\/strong><\/p>\n<p style=\"text-align: center\"><span style=\"text-decoration: underline\"><strong>COMENT\u00c1RIOS:<\/strong><\/span><\/p>\n<p style=\"text-align: justify\">Bastava o candidato saber qual era o pa\u00eds 1, para acertar a quest\u00e3o. O pa\u00eds que Donald Trump disse querer se armar com bombas nucleares e m\u00edsseis \u00e9 a <span style=\"color: #0000ff\"><strong>Coreia do Norte<\/strong><\/span>, que est\u00e1 desenvolvendo um programa de armas nucleares e de m\u00edsseis bal\u00edsticos, inclusive intercontinentais. Em fun\u00e7\u00e3o desse programa, o ditador da Coreia do Norte, Kim Jong-un, e Donald Trump travam uma guerra ret\u00f3rica belicista, com amea\u00e7as de lado a lado.<\/p>\n<p style=\"text-align: justify\">Das cinco alternativas, somente a (B) traz a Coreia do Norte como primeira op\u00e7\u00e3o. Quest\u00e3o resolvida.<\/p>\n<p style=\"text-align: justify\">Vejamos os demais pa\u00edses:<\/p>\n<p style=\"text-align: justify\">O pa\u00eds 2 \u00e9 o <span style=\"color: #0000ff\"><strong>Ir\u00e3<\/strong><\/span>, cujo programa nuclear foi objeto de um acordo entre o pa\u00eds e o grupo 5+1 (os cinco membros permanentes do Conselho de Seguran\u00e7a da ONU mais a Alemanha), em 2015. O acordo limitou e condicionou o programa, de forma que n\u00e3o seja poss\u00edvel ao Ir\u00e3 desenvolver armas nucleares, em troca da retirada das san\u00e7\u00f5es internacionais que asfixiavam a economia iraniana. O acordo autorizou o pa\u00eds a prosseguir com um programa nuclear civil e abriu o caminho para uma normaliza\u00e7\u00e3o da presen\u00e7a iraniana no cen\u00e1rio internacional.<\/p>\n<p style=\"text-align: justify\">Donald Trump \u00e9 um cr\u00edtico dos termos do acordo e acusa o Ir\u00e3 de ser um regime patrocinador do terrorismo e uma ditadura dos aiatol\u00e1s.<\/p>\n<p style=\"text-align: justify\">O pa\u00eds 3 \u00e9 a <span style=\"color: #0000ff\"><strong>Venezuela<\/strong><\/span>, governado por Nicol\u00e1s Maduro, chavista, de orienta\u00e7\u00e3o socialista. O pa\u00eds est\u00e1 politicamente dividido, com grandes diverg\u00eancias entre o governo e a oposi\u00e7\u00e3o. O Chavismo tem tomado decis\u00f5es autorit\u00e1rias que desequilibram a independ\u00eancia dos poderes constitu\u00eddos e o regime democr\u00e1tico no pa\u00eds.<\/p>\n<p style=\"text-align: justify\"><strong>Gabarito: B<\/strong><\/p>\n<p>&nbsp;<\/p>\n<p style=\"text-align: justify\"><strong>40. Leia a not\u00edcia de 01 de agosto.<\/strong><\/p>\n<p style=\"text-align: justify\"><strong>Balan\u00e7a comercial brasileira tem melhor julho da hist\u00f3ria<\/strong><\/p>\n<p style=\"text-align: justify\">(EBC \u2013 Ag\u00eancia Brasil \u2013 goo.gl\/8Q7TyE. Acesso em 21set.2017)<\/p>\n<p style=\"text-align: justify\"><strong>O principal motivo para o bom desempenho da balan\u00e7a foi o aumento<\/strong><\/p>\n<p style=\"text-align: justify\"><strong>(A) da exporta\u00e7\u00e3o de t\u00eaxteis e vestu\u00e1rio para a China.<\/strong><\/p>\n<p style=\"text-align: justify\"><strong>(B) da venda de \u00f3leos e lubrificantes para a Alemanha.<\/strong><\/p>\n<p style=\"text-align: justify\"><strong>(C) dos pre\u00e7os das commodities, como a soja e o milho.<\/strong><\/p>\n<p style=\"text-align: justify\"><strong>(D) do volume de medicamentos destinados \u00e0 Europa.<\/strong><\/p>\n<p style=\"text-align: justify\"><strong>(E) da taxa de juros para investimentos estrangeiros.<\/strong><\/p>\n<p style=\"text-align: center\"><span style=\"text-decoration: underline\"><strong>COMENT\u00c1RIOS:<\/strong><\/span><\/p>\n<p style=\"text-align: justify\">Em 2017, a balan\u00e7a comercial brasileira vem batendo recordes de super\u00e1vit comercial. Ser\u00e1 o melhor ano da hist\u00f3ria, em termos de super\u00e1vit comercial.<\/p>\n<p style=\"text-align: justify\">O principal motivo para o bom desempenho da balan\u00e7a neste ano \u00e9 o crescimento dos pre\u00e7os das commodities (produtos b\u00e1sicos com cota\u00e7\u00e3o internacional). Tamb\u00e9m aumentaram os volumes exportados de alguns produtos.<\/p>\n<p style=\"text-align: justify\">A balan\u00e7a comercial tem super\u00e1vit quando as exporta\u00e7\u00f5es (vendas do Brasil para parceiros de neg\u00f3cios no exterior) superam as importa\u00e7\u00f5es (aquisi\u00e7\u00f5es de produtos e servi\u00e7os no exterior).<\/p>\n<p style=\"text-align: justify\">O Brasil \u00e9 um grande exportador de commodities, como soja, milho e min\u00e9rio de ferro. A China, o principal, importador do Brasil, \u00e9 um grande consumidor das nossas commodities.<\/p>\n<p style=\"text-align: justify\">As alternativas \u201cA\u201d, \u201cB\u201d e \u201cD\u201d n\u00e3o condizem com a realidade das exporta\u00e7\u00f5es brasileiras. A alternativa \u201cE\u201d n\u00e3o faz sentido em rela\u00e7\u00e3o \u00e0 balan\u00e7a comercial e, tamb\u00e9m, n\u00e3o ocorreu. \u00c9 uma inven\u00e7\u00e3o do examinador.<\/p>\n<p style=\"text-align: justify\"><strong>Gabarito: C<\/strong><\/p>\n<p>&nbsp;<\/p>\n<p style=\"text-align: justify\">Sucesso no concurso,<\/p>\n<p style=\"text-align: justify\">Leandro Signori<\/p>\n","protected":false},"excerpt":{"rendered":"<p>Ol\u00e1 Galera, Seguem os meus coment\u00e1rios sobre as quest\u00f5es de Atualidades. Concordo com o gabarito da banca e n\u00e3o vislumbro possibilidades de recursos. A prova foi realizada no dia 03 de dezembro. Para elaborar as quest\u00f5es, a banca se utilizou de not\u00edcias veiculadas em agosto e setembro. Ou seja, fatos ocorridos em torno de noventa [&hellip;]<\/p>\n","protected":false},"author":306,"featured_media":0,"comment_status":"open","ping_status":"closed","sticky":false,"template":"","format":"standard","meta":{"post_tipo":"article","footnotes":""},"categories":[1,1988],"tags":[549,2021],"tax_estado":[],"class_list":["post-98063","post","type-post","status-publish","format-standard","hentry","category-cursos-e-concursos","category-policia","tag-atualidades","tag-concurso-pm-sp"],"acf":[],"yoast_head":"<!-- This site is optimized with the Yoast SEO Premium plugin v27.2 (Yoast SEO v27.2) - https:\/\/yoast.com\/product\/yoast-seo-premium-wordpress\/ -->\n<title>Coment\u00e1rios \u00e0 prova de Atualidades - PM-SP<\/title>\n<meta name=\"robots\" content=\"index, follow, max-snippet:-1, max-image-preview:large, max-video-preview:-1\" \/>\n<link rel=\"canonical\" href=\"https:\/\/www.estrategiaconcursos.com.br\/blog\/comentarios-prova-de-atualidades-pm-sp\/\" \/>\n<meta property=\"og:locale\" content=\"pt_BR\" \/>\n<meta property=\"og:type\" content=\"article\" \/>\n<meta property=\"og:title\" content=\"Coment\u00e1rios \u00e0 prova de Atualidades - PM-SP\" \/>\n<meta property=\"og:description\" content=\"Ol\u00e1 Galera, Seguem os meus coment\u00e1rios sobre as quest\u00f5es de Atualidades. Concordo com o gabarito da banca e n\u00e3o vislumbro possibilidades de recursos. A prova foi realizada no dia 03 de dezembro. Para elaborar as quest\u00f5es, a banca se utilizou de not\u00edcias veiculadas em agosto e setembro. Ou seja, fatos ocorridos em torno de noventa [&hellip;]\" \/>\n<meta property=\"og:url\" content=\"https:\/\/www.estrategiaconcursos.com.br\/blog\/comentarios-prova-de-atualidades-pm-sp\/\" \/>\n<meta property=\"og:site_name\" content=\"Estrat\u00e9gia Concursos\" \/>\n<meta property=\"article:author\" content=\"https:\/\/www.facebook.com\/leandrosignoriatualidades\/\" \/>\n<meta property=\"article:published_time\" content=\"2017-12-05T17:30:43+00:00\" \/>\n<meta property=\"article:modified_time\" content=\"2019-11-08T19:46:16+00:00\" \/>\n<meta name=\"author\" content=\"Leandro Signori\" \/>\n<meta name=\"twitter:card\" content=\"summary_large_image\" \/>\n<meta name=\"twitter:creator\" content=\"@EstratConcursos\" \/>\n<meta name=\"twitter:site\" content=\"@EstratConcursos\" \/>\n<meta name=\"twitter:label1\" content=\"Escrito por\" \/>\n\t<meta name=\"twitter:data1\" content=\"Leandro Signori\" \/>\n\t<meta name=\"twitter:label2\" content=\"Est. tempo de leitura\" \/>\n\t<meta name=\"twitter:data2\" content=\"4 minutos\" \/>\n<script type=\"application\/ld+json\" class=\"yoast-schema-graph\">{\"@context\":\"https:\/\/schema.org\",\"@graph\":[{\"@type\":\"NewsArticle\",\"@id\":\"https:\/\/www.estrategiaconcursos.com.br\/blog\/comentarios-prova-de-atualidades-pm-sp\/#article\",\"isPartOf\":{\"@id\":\"https:\/\/www.estrategiaconcursos.com.br\/blog\/comentarios-prova-de-atualidades-pm-sp\/\"},\"author\":{\"name\":\"Leandro Signori\",\"@id\":\"https:\/\/www.estrategiaconcursos.com.br\/blog\/#\/schema\/person\/d2e7d78de4b9d6ba51cc24fd558a7f42\"},\"headline\":\"Coment\u00e1rios \u00e0 prova de Atualidades &#8211; PM-SP\",\"datePublished\":\"2017-12-05T17:30:43+00:00\",\"dateModified\":\"2019-11-08T19:46:16+00:00\",\"mainEntityOfPage\":{\"@id\":\"https:\/\/www.estrategiaconcursos.com.br\/blog\/comentarios-prova-de-atualidades-pm-sp\/\"},\"wordCount\":816,\"commentCount\":1,\"publisher\":{\"@id\":\"https:\/\/www.estrategiaconcursos.com.br\/blog\/#organization\"},\"keywords\":[\"Atualidades\",\"concurso pm sp\"],\"articleSection\":[\"Concursos P\u00fablicos\",\"Policial (Agente, Escriv\u00e3o e Investigador)\"],\"inLanguage\":\"pt-BR\",\"potentialAction\":[{\"@type\":\"CommentAction\",\"name\":\"Comment\",\"target\":[\"https:\/\/www.estrategiaconcursos.com.br\/blog\/comentarios-prova-de-atualidades-pm-sp\/#respond\"]}],\"copyrightYear\":\"2017\",\"copyrightHolder\":{\"@id\":\"https:\/\/www.estrategiaconcursos.com.br\/blog\/#organization\"}},{\"@type\":\"WebPage\",\"@id\":\"https:\/\/www.estrategiaconcursos.com.br\/blog\/comentarios-prova-de-atualidades-pm-sp\/\",\"url\":\"https:\/\/www.estrategiaconcursos.com.br\/blog\/comentarios-prova-de-atualidades-pm-sp\/\",\"name\":\"Coment\u00e1rios \u00e0 prova de Atualidades - PM-SP\",\"isPartOf\":{\"@id\":\"https:\/\/www.estrategiaconcursos.com.br\/blog\/#website\"},\"datePublished\":\"2017-12-05T17:30:43+00:00\",\"dateModified\":\"2019-11-08T19:46:16+00:00\",\"breadcrumb\":{\"@id\":\"https:\/\/www.estrategiaconcursos.com.br\/blog\/comentarios-prova-de-atualidades-pm-sp\/#breadcrumb\"},\"inLanguage\":\"pt-BR\",\"potentialAction\":[{\"@type\":\"ReadAction\",\"target\":[\"https:\/\/www.estrategiaconcursos.com.br\/blog\/comentarios-prova-de-atualidades-pm-sp\/\"]}]},{\"@type\":\"BreadcrumbList\",\"@id\":\"https:\/\/www.estrategiaconcursos.com.br\/blog\/comentarios-prova-de-atualidades-pm-sp\/#breadcrumb\",\"itemListElement\":[{\"@type\":\"ListItem\",\"position\":1,\"name\":\"In\u00edcio\",\"item\":\"https:\/\/www.estrategiaconcursos.com.br\/blog\/\"},{\"@type\":\"ListItem\",\"position\":2,\"name\":\"Coment\u00e1rios \u00e0 prova de Atualidades &#8211; PM-SP\"}]},{\"@type\":\"WebSite\",\"@id\":\"https:\/\/www.estrategiaconcursos.com.br\/blog\/#website\",\"url\":\"https:\/\/www.estrategiaconcursos.com.br\/blog\/\",\"name\":\"Estrat\u00e9gia Concursos\",\"description\":\"O blog da Estrat\u00e9gia Concursos traz not\u00edcias sobre concursos e artigos de professores oferecendo cursos para concursos (pdf + videaulas) no site.\",\"publisher\":{\"@id\":\"https:\/\/www.estrategiaconcursos.com.br\/blog\/#organization\"},\"potentialAction\":[{\"@type\":\"SearchAction\",\"target\":{\"@type\":\"EntryPoint\",\"urlTemplate\":\"https:\/\/www.estrategiaconcursos.com.br\/blog\/?s={search_term_string}\"},\"query-input\":{\"@type\":\"PropertyValueSpecification\",\"valueRequired\":true,\"valueName\":\"search_term_string\"}}],\"inLanguage\":\"pt-BR\"},{\"@type\":\"Organization\",\"@id\":\"https:\/\/www.estrategiaconcursos.com.br\/blog\/#organization\",\"name\":\"Estrat\u00e9gia Concursos\",\"url\":\"https:\/\/www.estrategiaconcursos.com.br\/blog\/\",\"logo\":{\"@type\":\"ImageObject\",\"inLanguage\":\"pt-BR\",\"@id\":\"https:\/\/www.estrategiaconcursos.com.br\/blog\/#\/schema\/logo\/image\/\",\"url\":\"https:\/\/dhg1h5j42swfq.cloudfront.net\/2025\/06\/03203428\/logo_concursos-1.jpg\",\"contentUrl\":\"https:\/\/dhg1h5j42swfq.cloudfront.net\/2025\/06\/03203428\/logo_concursos-1.jpg\",\"width\":230,\"height\":60,\"caption\":\"Estrat\u00e9gia Concursos\"},\"image\":{\"@id\":\"https:\/\/www.estrategiaconcursos.com.br\/blog\/#\/schema\/logo\/image\/\"},\"sameAs\":[\"https:\/\/x.com\/EstratConcursos\"]},{\"@type\":\"Person\",\"@id\":\"https:\/\/www.estrategiaconcursos.com.br\/blog\/#\/schema\/person\/d2e7d78de4b9d6ba51cc24fd558a7f42\",\"name\":\"Leandro Signori\",\"image\":{\"@type\":\"ImageObject\",\"inLanguage\":\"pt-BR\",\"@id\":\"https:\/\/secure.gravatar.com\/avatar\/aa2ef98e93764dcf1758f52d2792d4b3e4089ee25bc520608dde62ad802ae541?s=96&d=mm&r=g\",\"url\":\"https:\/\/secure.gravatar.com\/avatar\/aa2ef98e93764dcf1758f52d2792d4b3e4089ee25bc520608dde62ad802ae541?s=96&d=mm&r=g\",\"contentUrl\":\"https:\/\/secure.gravatar.com\/avatar\/aa2ef98e93764dcf1758f52d2792d4b3e4089ee25bc520608dde62ad802ae541?s=96&d=mm&r=g\",\"caption\":\"Leandro Signori\"},\"description\":\"Licenciado em Geografia pela Universidade Federal do Rio Grande do Sul (UFRGS) e Bacharel em Geografia pela Uniceub (Bras\u00edlia). Como servidor p\u00fablico, foi funcion\u00e1rio da Prefeitura de S\u00e3o Leopoldo (RS), Prefeitura de Porto Alegre (RS), Companhia Riograndense de Saneamento (Corsan) e Minist\u00e9rio da Integra\u00e7\u00e3o Nacional. \u00c9 professor de Geografia para o ensino m\u00e9dio na rede particular de ensino. Leciona as disciplinas de Atualidades, Conhecimentos Gerais, Geografia, Realidade Brasileira e Hist\u00f3ria, em cursos on line e presenciais preparat\u00f3rios para concursos p\u00fablicos.\",\"sameAs\":[\"https:\/\/www.facebook.com\/leandrosignoriatualidades\/\"],\"url\":\"https:\/\/www.estrategiaconcursos.com.br\/blog\/author\/leandroestrategiaconcursos-com-br\/\"}]}<\/script>\n<!-- \/ Yoast SEO Premium plugin. -->","yoast_head_json":{"title":"Coment\u00e1rios \u00e0 prova de Atualidades - PM-SP","robots":{"index":"index","follow":"follow","max-snippet":"max-snippet:-1","max-image-preview":"max-image-preview:large","max-video-preview":"max-video-preview:-1"},"canonical":"https:\/\/www.estrategiaconcursos.com.br\/blog\/comentarios-prova-de-atualidades-pm-sp\/","og_locale":"pt_BR","og_type":"article","og_title":"Coment\u00e1rios \u00e0 prova de Atualidades - PM-SP","og_description":"Ol\u00e1 Galera, Seguem os meus coment\u00e1rios sobre as quest\u00f5es de Atualidades. Concordo com o gabarito da banca e n\u00e3o vislumbro possibilidades de recursos. A prova foi realizada no dia 03 de dezembro. Para elaborar as quest\u00f5es, a banca se utilizou de not\u00edcias veiculadas em agosto e setembro. Ou seja, fatos ocorridos em torno de noventa [&hellip;]","og_url":"https:\/\/www.estrategiaconcursos.com.br\/blog\/comentarios-prova-de-atualidades-pm-sp\/","og_site_name":"Estrat\u00e9gia Concursos","article_author":"https:\/\/www.facebook.com\/leandrosignoriatualidades\/","article_published_time":"2017-12-05T17:30:43+00:00","article_modified_time":"2019-11-08T19:46:16+00:00","author":"Leandro Signori","twitter_card":"summary_large_image","twitter_creator":"@EstratConcursos","twitter_site":"@EstratConcursos","twitter_misc":{"Escrito por":"Leandro Signori","Est. tempo de leitura":"4 minutos"},"schema":{"@context":"https:\/\/schema.org","@graph":[{"@type":"NewsArticle","@id":"https:\/\/www.estrategiaconcursos.com.br\/blog\/comentarios-prova-de-atualidades-pm-sp\/#article","isPartOf":{"@id":"https:\/\/www.estrategiaconcursos.com.br\/blog\/comentarios-prova-de-atualidades-pm-sp\/"},"author":{"name":"Leandro Signori","@id":"https:\/\/www.estrategiaconcursos.com.br\/blog\/#\/schema\/person\/d2e7d78de4b9d6ba51cc24fd558a7f42"},"headline":"Coment\u00e1rios \u00e0 prova de Atualidades &#8211; PM-SP","datePublished":"2017-12-05T17:30:43+00:00","dateModified":"2019-11-08T19:46:16+00:00","mainEntityOfPage":{"@id":"https:\/\/www.estrategiaconcursos.com.br\/blog\/comentarios-prova-de-atualidades-pm-sp\/"},"wordCount":816,"commentCount":1,"publisher":{"@id":"https:\/\/www.estrategiaconcursos.com.br\/blog\/#organization"},"keywords":["Atualidades","concurso pm sp"],"articleSection":["Concursos P\u00fablicos","Policial (Agente, Escriv\u00e3o e Investigador)"],"inLanguage":"pt-BR","potentialAction":[{"@type":"CommentAction","name":"Comment","target":["https:\/\/www.estrategiaconcursos.com.br\/blog\/comentarios-prova-de-atualidades-pm-sp\/#respond"]}],"copyrightYear":"2017","copyrightHolder":{"@id":"https:\/\/www.estrategiaconcursos.com.br\/blog\/#organization"}},{"@type":"WebPage","@id":"https:\/\/www.estrategiaconcursos.com.br\/blog\/comentarios-prova-de-atualidades-pm-sp\/","url":"https:\/\/www.estrategiaconcursos.com.br\/blog\/comentarios-prova-de-atualidades-pm-sp\/","name":"Coment\u00e1rios \u00e0 prova de Atualidades - PM-SP","isPartOf":{"@id":"https:\/\/www.estrategiaconcursos.com.br\/blog\/#website"},"datePublished":"2017-12-05T17:30:43+00:00","dateModified":"2019-11-08T19:46:16+00:00","breadcrumb":{"@id":"https:\/\/www.estrategiaconcursos.com.br\/blog\/comentarios-prova-de-atualidades-pm-sp\/#breadcrumb"},"inLanguage":"pt-BR","potentialAction":[{"@type":"ReadAction","target":["https:\/\/www.estrategiaconcursos.com.br\/blog\/comentarios-prova-de-atualidades-pm-sp\/"]}]},{"@type":"BreadcrumbList","@id":"https:\/\/www.estrategiaconcursos.com.br\/blog\/comentarios-prova-de-atualidades-pm-sp\/#breadcrumb","itemListElement":[{"@type":"ListItem","position":1,"name":"In\u00edcio","item":"https:\/\/www.estrategiaconcursos.com.br\/blog\/"},{"@type":"ListItem","position":2,"name":"Coment\u00e1rios \u00e0 prova de Atualidades &#8211; PM-SP"}]},{"@type":"WebSite","@id":"https:\/\/www.estrategiaconcursos.com.br\/blog\/#website","url":"https:\/\/www.estrategiaconcursos.com.br\/blog\/","name":"Estrat\u00e9gia Concursos","description":"O blog da Estrat\u00e9gia Concursos traz not\u00edcias sobre concursos e artigos de professores oferecendo cursos para concursos (pdf + videaulas) no site.","publisher":{"@id":"https:\/\/www.estrategiaconcursos.com.br\/blog\/#organization"},"potentialAction":[{"@type":"SearchAction","target":{"@type":"EntryPoint","urlTemplate":"https:\/\/www.estrategiaconcursos.com.br\/blog\/?s={search_term_string}"},"query-input":{"@type":"PropertyValueSpecification","valueRequired":true,"valueName":"search_term_string"}}],"inLanguage":"pt-BR"},{"@type":"Organization","@id":"https:\/\/www.estrategiaconcursos.com.br\/blog\/#organization","name":"Estrat\u00e9gia Concursos","url":"https:\/\/www.estrategiaconcursos.com.br\/blog\/","logo":{"@type":"ImageObject","inLanguage":"pt-BR","@id":"https:\/\/www.estrategiaconcursos.com.br\/blog\/#\/schema\/logo\/image\/","url":"https:\/\/dhg1h5j42swfq.cloudfront.net\/2025\/06\/03203428\/logo_concursos-1.jpg","contentUrl":"https:\/\/dhg1h5j42swfq.cloudfront.net\/2025\/06\/03203428\/logo_concursos-1.jpg","width":230,"height":60,"caption":"Estrat\u00e9gia Concursos"},"image":{"@id":"https:\/\/www.estrategiaconcursos.com.br\/blog\/#\/schema\/logo\/image\/"},"sameAs":["https:\/\/x.com\/EstratConcursos"]},{"@type":"Person","@id":"https:\/\/www.estrategiaconcursos.com.br\/blog\/#\/schema\/person\/d2e7d78de4b9d6ba51cc24fd558a7f42","name":"Leandro Signori","image":{"@type":"ImageObject","inLanguage":"pt-BR","@id":"https:\/\/secure.gravatar.com\/avatar\/aa2ef98e93764dcf1758f52d2792d4b3e4089ee25bc520608dde62ad802ae541?s=96&d=mm&r=g","url":"https:\/\/secure.gravatar.com\/avatar\/aa2ef98e93764dcf1758f52d2792d4b3e4089ee25bc520608dde62ad802ae541?s=96&d=mm&r=g","contentUrl":"https:\/\/secure.gravatar.com\/avatar\/aa2ef98e93764dcf1758f52d2792d4b3e4089ee25bc520608dde62ad802ae541?s=96&d=mm&r=g","caption":"Leandro Signori"},"description":"Licenciado em Geografia pela Universidade Federal do Rio Grande do Sul (UFRGS) e Bacharel em Geografia pela Uniceub (Bras\u00edlia). Como servidor p\u00fablico, foi funcion\u00e1rio da Prefeitura de S\u00e3o Leopoldo (RS), Prefeitura de Porto Alegre (RS), Companhia Riograndense de Saneamento (Corsan) e Minist\u00e9rio da Integra\u00e7\u00e3o Nacional. \u00c9 professor de Geografia para o ensino m\u00e9dio na rede particular de ensino. Leciona as disciplinas de Atualidades, Conhecimentos Gerais, Geografia, Realidade Brasileira e Hist\u00f3ria, em cursos on line e presenciais preparat\u00f3rios para concursos p\u00fablicos.","sameAs":["https:\/\/www.facebook.com\/leandrosignoriatualidades\/"],"url":"https:\/\/www.estrategiaconcursos.com.br\/blog\/author\/leandroestrategiaconcursos-com-br\/"}]}},"_links":{"self":[{"href":"https:\/\/www.estrategiaconcursos.com.br\/blog\/wp-json\/wp\/v2\/posts\/98063","targetHints":{"allow":["GET"]}}],"collection":[{"href":"https:\/\/www.estrategiaconcursos.com.br\/blog\/wp-json\/wp\/v2\/posts"}],"about":[{"href":"https:\/\/www.estrategiaconcursos.com.br\/blog\/wp-json\/wp\/v2\/types\/post"}],"author":[{"embeddable":true,"href":"https:\/\/www.estrategiaconcursos.com.br\/blog\/wp-json\/wp\/v2\/users\/306"}],"replies":[{"embeddable":true,"href":"https:\/\/www.estrategiaconcursos.com.br\/blog\/wp-json\/wp\/v2\/comments?post=98063"}],"version-history":[{"count":4,"href":"https:\/\/www.estrategiaconcursos.com.br\/blog\/wp-json\/wp\/v2\/posts\/98063\/revisions"}],"predecessor-version":[{"id":98152,"href":"https:\/\/www.estrategiaconcursos.com.br\/blog\/wp-json\/wp\/v2\/posts\/98063\/revisions\/98152"}],"wp:attachment":[{"href":"https:\/\/www.estrategiaconcursos.com.br\/blog\/wp-json\/wp\/v2\/media?parent=98063"}],"wp:term":[{"taxonomy":"category","embeddable":true,"href":"https:\/\/www.estrategiaconcursos.com.br\/blog\/wp-json\/wp\/v2\/categories?post=98063"},{"taxonomy":"post_tag","embeddable":true,"href":"https:\/\/www.estrategiaconcursos.com.br\/blog\/wp-json\/wp\/v2\/tags?post=98063"},{"taxonomy":"tax_estado","embeddable":true,"href":"https:\/\/www.estrategiaconcursos.com.br\/blog\/wp-json\/wp\/v2\/tax_estado?post=98063"}],"curies":[{"name":"wp","href":"https:\/\/api.w.org\/{rel}","templated":true}]}}