{"id":980489,"date":"2022-03-04T09:29:05","date_gmt":"2022-03-04T12:29:05","guid":{"rendered":"https:\/\/www.estrategiaconcursos.com.br\/blog\/?p=980489"},"modified":"2022-03-04T09:42:39","modified_gmt":"2022-03-04T12:42:39","slug":"concurso-cefet-mg-cronograma-alterado","status":"publish","type":"post","link":"https:\/\/www.estrategiaconcursos.com.br\/blog\/concurso-cefet-mg-cronograma-alterado\/","title":{"rendered":"Concurso CEFET MG: cronograma alterado; veja detalhes"},"content":{"rendered":"\n<p>O cronograma do concurso para o <a href=\"https:\/\/www.estrategiaconcursos.com.br\/blog\/concurso-cefet-mg\/\" target=\"_blank\" rel=\"noreferrer noopener\">Centro Federal de Educa\u00e7\u00e3o Tecnol\u00f3gica de Minas Gerais<\/a> <strong>(concurso CEFET MG)<\/strong> foi alterado.<\/p>\n\n\n\n<p>As novas datas correspondem \u00e0 aplica\u00e7\u00e3o da prova te\u00f3rico-pr\u00e1tica. A fase \u00e9 classificat\u00f3ria, destinando-se apenas aos candidatos habilitados na primeira fase e convocados.<\/p>\n\n\n\n<p>A altera\u00e7\u00e3o foi divulgada por meio do Di\u00e1rio Oficial da Uni\u00e3o do dia 4 de mar\u00e7o. Veja o novo cronograma na imagem abaixo:<\/p>\n\n\n\n<div class=\"wp-block-image\"><figure class=\"aligncenter size-large\"><img loading=\"lazy\" decoding=\"async\" width=\"1024\" height=\"685\" src=\"https:\/\/dhg1h5j42swfq.cloudfront.net\/2022\/03\/04092347\/captura-de-tela-2022-03-04-as-09-19-27-1024x685.png\" alt=\"\" class=\"wp-image-980516\" srcset=\"https:\/\/dhg1h5j42swfq.cloudfront.net\/2022\/03\/04092347\/captura-de-tela-2022-03-04-as-09-19-27-1024x685.png 1024w, https:\/\/dhg1h5j42swfq.cloudfront.net\/2022\/03\/04092347\/captura-de-tela-2022-03-04-as-09-19-27-300x201.png 300w, https:\/\/dhg1h5j42swfq.cloudfront.net\/2022\/03\/04092347\/captura-de-tela-2022-03-04-as-09-19-27-768x514.png 768w, https:\/\/dhg1h5j42swfq.cloudfront.net\/2022\/03\/04092347\/captura-de-tela-2022-03-04-as-09-19-27-610x408.png 610w, https:\/\/dhg1h5j42swfq.cloudfront.net\/2022\/03\/04092347\/captura-de-tela-2022-03-04-as-09-19-27.png 1364w\" sizes=\"auto, (max-width: 1024px) 100vw, 1024px\" \/><figcaption>Concurso CEFET MG: novo cronograma <\/figcaption><\/figure><\/div>\n\n\n\n<p>A prova pr\u00e1tica exigir\u00e1 do candidato a produ\u00e7\u00e3o de t<strong>exto escrito anal\u00edtico<\/strong>, cr\u00edtico, argumentativo e\/ou de natureza t\u00e9cnica relativo a tema pr\u00f3prio do contexto de atua\u00e7\u00e3o de sua profiss\u00e3o e cargo pretendido, a partir de enunciado ou situa\u00e7\u00e3o-problema formulado pela banca examinadora.<\/p>\n\n\n\n<p>O <strong>concurso CEFET MG<\/strong> oferta 19 vagas mais cadastro de reserva para oportunidades de n\u00edveis m\u00e9dio, m\u00e9dio\/t\u00e9cnico e superior, com sal\u00e1rios de<strong>&nbsp;R$ 4.180,66 mais benef\u00edcios<\/strong>.<\/p>\n\n\n\n<ul id=\"block-ee678516-e9d1-48bd-b327-7b9acd55f0fd\" class=\"has-cyan-bluish-gray-background-color has-background wp-block-list\"><li><strong>CEFET MG \u2013&nbsp;diversos cargos<\/strong><\/li><li><strong>Status:<\/strong>&nbsp;Provas aplicadas<\/li><li><strong>Banca:<\/strong>&nbsp;pr\u00f3prio \u00f3rg\u00e3o<\/li><li><strong>Vagas:&nbsp;<\/strong>19 + CR<\/li><li><strong>Sal\u00e1rio inicial:<\/strong>&nbsp;R$ 4.180,66<\/li><li><strong>Edital:&nbsp;<\/strong><a href=\"https:\/\/dhg1h5j42swfq.cloudfront.net\/2021\/07\/15112250\/edital602021cptaecefetmgv36a270637618836949797572.pdf\" target=\"_blank\" rel=\"noreferrer noopener\">Edital CEFET MG<\/a><\/li><\/ul>\n\n\n\n<p class=\"has-text-align-center has-pale-cyan-blue-background-color has-background has-medium-font-size\"><a href=\"https:\/\/www.estrategiaconcursos.com.br\/blog\/concurso-cefet-mg\/\" target=\"_blank\" rel=\"noreferrer noopener\"><strong>Saiba mais: concurso CEFET MG<\/strong><\/a><\/p>\n\n\n\n\n","protected":false},"excerpt":{"rendered":"<p>O cronograma do concurso para o Centro Federal de Educa\u00e7\u00e3o Tecnol\u00f3gica de Minas Gerais (concurso CEFET MG) foi alterado. As novas datas correspondem \u00e0 aplica\u00e7\u00e3o da prova te\u00f3rico-pr\u00e1tica. A fase \u00e9 classificat\u00f3ria, destinando-se apenas aos candidatos habilitados na primeira fase e convocados. A altera\u00e7\u00e3o foi divulgada por meio do Di\u00e1rio Oficial da Uni\u00e3o do dia [&hellip;]<\/p>\n","protected":false},"author":2319,"featured_media":783073,"comment_status":"open","ping_status":"closed","sticky":false,"template":"","format":"standard","meta":{"post_tipo":"news","footnotes":""},"categories":[214992],"tags":[220609,220608],"tax_estado":[219974],"class_list":["post-980489","post","type-post","status-publish","format-standard","has-post-thumbnail","hentry","category-concursos-administrativos","tag-cefet-mg","tag-concurso-cefet","tax_estado-mg"],"acf":[],"yoast_head":"<!-- This site is optimized with the Yoast SEO Premium plugin v27.2 (Yoast SEO v27.2) - https:\/\/yoast.com\/product\/yoast-seo-premium-wordpress\/ -->\n<title>Concurso CEFET MG: cronograma alterado; veja detalhes<\/title>\n<meta name=\"description\" content=\"O cronograma do concurso para o Centro Federal de Educa\u00e7\u00e3o Tecnol\u00f3gica de Minas Gerais foi alterado (concurso CEFET MG)\" \/>\n<meta name=\"robots\" content=\"index, follow, max-snippet:-1, max-image-preview:large, max-video-preview:-1\" \/>\n<link rel=\"canonical\" href=\"https:\/\/www.estrategiaconcursos.com.br\/blog\/concurso-cefet-mg-cronograma-alterado\/\" \/>\n<meta property=\"og:locale\" content=\"pt_BR\" \/>\n<meta property=\"og:type\" content=\"article\" \/>\n<meta property=\"og:title\" content=\"Concurso CEFET MG: cronograma alterado; veja detalhes\" \/>\n<meta property=\"og:description\" content=\"O cronograma do concurso para o Centro Federal de Educa\u00e7\u00e3o Tecnol\u00f3gica de Minas Gerais foi alterado (concurso CEFET MG)\" \/>\n<meta property=\"og:url\" content=\"https:\/\/www.estrategiaconcursos.com.br\/blog\/concurso-cefet-mg-cronograma-alterado\/\" \/>\n<meta property=\"og:site_name\" content=\"Estrat\u00e9gia Concursos\" \/>\n<meta property=\"article:published_time\" content=\"2022-03-04T12:29:05+00:00\" \/>\n<meta property=\"article:modified_time\" content=\"2022-03-04T12:42:39+00:00\" \/>\n<meta property=\"og:image\" content=\"https:\/\/dhg1h5j42swfq.cloudfront.net\/2021\/06\/01175307\/cefet_mg.jpg\" \/>\n\t<meta property=\"og:image:width\" content=\"768\" \/>\n\t<meta property=\"og:image:height\" content=\"432\" \/>\n\t<meta property=\"og:image:type\" content=\"image\/jpeg\" \/>\n<meta name=\"author\" content=\"Let\u00edcia Teixeira\" \/>\n<meta name=\"twitter:card\" content=\"summary_large_image\" \/>\n<meta name=\"twitter:creator\" content=\"@EstratConcursos\" \/>\n<meta name=\"twitter:site\" content=\"@EstratConcursos\" \/>\n<meta name=\"twitter:label1\" content=\"Escrito por\" \/>\n\t<meta name=\"twitter:data1\" content=\"Let\u00edcia Teixeira\" \/>\n\t<meta name=\"twitter:label2\" content=\"Est. tempo de leitura\" \/>\n\t<meta name=\"twitter:data2\" content=\"2 minutos\" \/>\n<script type=\"application\/ld+json\" class=\"yoast-schema-graph\">{\"@context\":\"https:\/\/schema.org\",\"@graph\":[{\"@type\":\"NewsArticle\",\"@id\":\"https:\/\/www.estrategiaconcursos.com.br\/blog\/concurso-cefet-mg-cronograma-alterado\/#article\",\"isPartOf\":{\"@id\":\"https:\/\/www.estrategiaconcursos.com.br\/blog\/concurso-cefet-mg-cronograma-alterado\/\"},\"author\":{\"name\":\"Let\u00edcia Teixeira\",\"@id\":\"https:\/\/www.estrategiaconcursos.com.br\/blog\/#\/schema\/person\/9b94727dcf4410f4a7931c83966c843b\"},\"headline\":\"Concurso CEFET MG: cronograma alterado; veja detalhes\",\"datePublished\":\"2022-03-04T12:29:05+00:00\",\"dateModified\":\"2022-03-04T12:42:39+00:00\",\"mainEntityOfPage\":{\"@id\":\"https:\/\/www.estrategiaconcursos.com.br\/blog\/concurso-cefet-mg-cronograma-alterado\/\"},\"wordCount\":201,\"commentCount\":0,\"publisher\":{\"@id\":\"https:\/\/www.estrategiaconcursos.com.br\/blog\/#organization\"},\"image\":{\"@id\":\"https:\/\/www.estrategiaconcursos.com.br\/blog\/concurso-cefet-mg-cronograma-alterado\/#primaryimage\"},\"thumbnailUrl\":\"https:\/\/dhg1h5j42swfq.cloudfront.net\/2021\/06\/01175307\/cefet_mg.jpg\",\"keywords\":[\"cefet mg\",\"concurso cefet\"],\"articleSection\":[\"Executivo (Administrativa)\"],\"inLanguage\":\"pt-BR\",\"potentialAction\":[{\"@type\":\"CommentAction\",\"name\":\"Comment\",\"target\":[\"https:\/\/www.estrategiaconcursos.com.br\/blog\/concurso-cefet-mg-cronograma-alterado\/#respond\"]}],\"copyrightYear\":\"2022\",\"copyrightHolder\":{\"@id\":\"https:\/\/www.estrategiaconcursos.com.br\/blog\/#organization\"}},{\"@type\":\"WebPage\",\"@id\":\"https:\/\/www.estrategiaconcursos.com.br\/blog\/concurso-cefet-mg-cronograma-alterado\/\",\"url\":\"https:\/\/www.estrategiaconcursos.com.br\/blog\/concurso-cefet-mg-cronograma-alterado\/\",\"name\":\"Concurso CEFET MG: cronograma alterado; veja detalhes\",\"isPartOf\":{\"@id\":\"https:\/\/www.estrategiaconcursos.com.br\/blog\/#website\"},\"primaryImageOfPage\":{\"@id\":\"https:\/\/www.estrategiaconcursos.com.br\/blog\/concurso-cefet-mg-cronograma-alterado\/#primaryimage\"},\"image\":{\"@id\":\"https:\/\/www.estrategiaconcursos.com.br\/blog\/concurso-cefet-mg-cronograma-alterado\/#primaryimage\"},\"thumbnailUrl\":\"https:\/\/dhg1h5j42swfq.cloudfront.net\/2021\/06\/01175307\/cefet_mg.jpg\",\"datePublished\":\"2022-03-04T12:29:05+00:00\",\"dateModified\":\"2022-03-04T12:42:39+00:00\",\"description\":\"O cronograma do concurso para o Centro Federal de Educa\u00e7\u00e3o Tecnol\u00f3gica de Minas Gerais foi alterado (concurso CEFET MG)\",\"breadcrumb\":{\"@id\":\"https:\/\/www.estrategiaconcursos.com.br\/blog\/concurso-cefet-mg-cronograma-alterado\/#breadcrumb\"},\"inLanguage\":\"pt-BR\",\"potentialAction\":[{\"@type\":\"ReadAction\",\"target\":[\"https:\/\/www.estrategiaconcursos.com.br\/blog\/concurso-cefet-mg-cronograma-alterado\/\"]}]},{\"@type\":\"ImageObject\",\"inLanguage\":\"pt-BR\",\"@id\":\"https:\/\/www.estrategiaconcursos.com.br\/blog\/concurso-cefet-mg-cronograma-alterado\/#primaryimage\",\"url\":\"https:\/\/dhg1h5j42swfq.cloudfront.net\/2021\/06\/01175307\/cefet_mg.jpg\",\"contentUrl\":\"https:\/\/dhg1h5j42swfq.cloudfront.net\/2021\/06\/01175307\/cefet_mg.jpg\",\"width\":768,\"height\":432},{\"@type\":\"BreadcrumbList\",\"@id\":\"https:\/\/www.estrategiaconcursos.com.br\/blog\/concurso-cefet-mg-cronograma-alterado\/#breadcrumb\",\"itemListElement\":[{\"@type\":\"ListItem\",\"position\":1,\"name\":\"In\u00edcio\",\"item\":\"https:\/\/www.estrategiaconcursos.com.br\/blog\/\"},{\"@type\":\"ListItem\",\"position\":2,\"name\":\"Concurso CEFET MG: cronograma alterado; veja detalhes\"}]},{\"@type\":\"WebSite\",\"@id\":\"https:\/\/www.estrategiaconcursos.com.br\/blog\/#website\",\"url\":\"https:\/\/www.estrategiaconcursos.com.br\/blog\/\",\"name\":\"Estrat\u00e9gia Concursos\",\"description\":\"O blog da Estrat\u00e9gia Concursos traz not\u00edcias sobre concursos e artigos de professores oferecendo cursos para concursos (pdf + videaulas) no site.\",\"publisher\":{\"@id\":\"https:\/\/www.estrategiaconcursos.com.br\/blog\/#organization\"},\"potentialAction\":[{\"@type\":\"SearchAction\",\"target\":{\"@type\":\"EntryPoint\",\"urlTemplate\":\"https:\/\/www.estrategiaconcursos.com.br\/blog\/?s={search_term_string}\"},\"query-input\":{\"@type\":\"PropertyValueSpecification\",\"valueRequired\":true,\"valueName\":\"search_term_string\"}}],\"inLanguage\":\"pt-BR\"},{\"@type\":\"Organization\",\"@id\":\"https:\/\/www.estrategiaconcursos.com.br\/blog\/#organization\",\"name\":\"Estrat\u00e9gia Concursos\",\"url\":\"https:\/\/www.estrategiaconcursos.com.br\/blog\/\",\"logo\":{\"@type\":\"ImageObject\",\"inLanguage\":\"pt-BR\",\"@id\":\"https:\/\/www.estrategiaconcursos.com.br\/blog\/#\/schema\/logo\/image\/\",\"url\":\"https:\/\/dhg1h5j42swfq.cloudfront.net\/2025\/06\/03203428\/logo_concursos-1.jpg\",\"contentUrl\":\"https:\/\/dhg1h5j42swfq.cloudfront.net\/2025\/06\/03203428\/logo_concursos-1.jpg\",\"width\":230,\"height\":60,\"caption\":\"Estrat\u00e9gia Concursos\"},\"image\":{\"@id\":\"https:\/\/www.estrategiaconcursos.com.br\/blog\/#\/schema\/logo\/image\/\"},\"sameAs\":[\"https:\/\/x.com\/EstratConcursos\"]},{\"@type\":\"Person\",\"@id\":\"https:\/\/www.estrategiaconcursos.com.br\/blog\/#\/schema\/person\/9b94727dcf4410f4a7931c83966c843b\",\"name\":\"Let\u00edcia Teixeira\",\"image\":{\"@type\":\"ImageObject\",\"inLanguage\":\"pt-BR\",\"@id\":\"https:\/\/secure.gravatar.com\/avatar\/fb589b06b881e20b676d08f9d03226d1e3291ba2f90e751ddc9ccb21abf0244d?s=96&d=mm&r=g\",\"url\":\"https:\/\/secure.gravatar.com\/avatar\/fb589b06b881e20b676d08f9d03226d1e3291ba2f90e751ddc9ccb21abf0244d?s=96&d=mm&r=g\",\"contentUrl\":\"https:\/\/secure.gravatar.com\/avatar\/fb589b06b881e20b676d08f9d03226d1e3291ba2f90e751ddc9ccb21abf0244d?s=96&d=mm&r=g\",\"caption\":\"Let\u00edcia Teixeira\"},\"description\":\"Jornalista com experi\u00eancia de mais de quatro anos no segmento de concursos p\u00fablicos. Especializada em Narrativa Transm\u00eddia e Storytelling pela Universidade Cat\u00f3lica de Bras\u00edlia, com atua\u00e7\u00e3o nas \u00e1reas de SEO, conte\u00fado, Webwriting e Copywriting.\",\"url\":\"https:\/\/www.estrategiaconcursos.com.br\/blog\/author\/leticia-teixeiraestrategia-com\/\"}]}<\/script>\n<!-- \/ Yoast SEO Premium plugin. -->","yoast_head_json":{"title":"Concurso CEFET MG: cronograma alterado; veja detalhes","description":"O cronograma do concurso para o Centro Federal de Educa\u00e7\u00e3o Tecnol\u00f3gica de Minas Gerais foi alterado (concurso CEFET MG)","robots":{"index":"index","follow":"follow","max-snippet":"max-snippet:-1","max-image-preview":"max-image-preview:large","max-video-preview":"max-video-preview:-1"},"canonical":"https:\/\/www.estrategiaconcursos.com.br\/blog\/concurso-cefet-mg-cronograma-alterado\/","og_locale":"pt_BR","og_type":"article","og_title":"Concurso CEFET MG: cronograma alterado; veja detalhes","og_description":"O cronograma do concurso para o Centro Federal de Educa\u00e7\u00e3o Tecnol\u00f3gica de Minas Gerais foi alterado (concurso CEFET MG)","og_url":"https:\/\/www.estrategiaconcursos.com.br\/blog\/concurso-cefet-mg-cronograma-alterado\/","og_site_name":"Estrat\u00e9gia Concursos","article_published_time":"2022-03-04T12:29:05+00:00","article_modified_time":"2022-03-04T12:42:39+00:00","og_image":[{"width":768,"height":432,"url":"https:\/\/dhg1h5j42swfq.cloudfront.net\/2021\/06\/01175307\/cefet_mg.jpg","type":"image\/jpeg"}],"author":"Let\u00edcia Teixeira","twitter_card":"summary_large_image","twitter_creator":"@EstratConcursos","twitter_site":"@EstratConcursos","twitter_misc":{"Escrito por":"Let\u00edcia Teixeira","Est. tempo de leitura":"2 minutos"},"schema":{"@context":"https:\/\/schema.org","@graph":[{"@type":"NewsArticle","@id":"https:\/\/www.estrategiaconcursos.com.br\/blog\/concurso-cefet-mg-cronograma-alterado\/#article","isPartOf":{"@id":"https:\/\/www.estrategiaconcursos.com.br\/blog\/concurso-cefet-mg-cronograma-alterado\/"},"author":{"name":"Let\u00edcia Teixeira","@id":"https:\/\/www.estrategiaconcursos.com.br\/blog\/#\/schema\/person\/9b94727dcf4410f4a7931c83966c843b"},"headline":"Concurso CEFET MG: cronograma alterado; veja detalhes","datePublished":"2022-03-04T12:29:05+00:00","dateModified":"2022-03-04T12:42:39+00:00","mainEntityOfPage":{"@id":"https:\/\/www.estrategiaconcursos.com.br\/blog\/concurso-cefet-mg-cronograma-alterado\/"},"wordCount":201,"commentCount":0,"publisher":{"@id":"https:\/\/www.estrategiaconcursos.com.br\/blog\/#organization"},"image":{"@id":"https:\/\/www.estrategiaconcursos.com.br\/blog\/concurso-cefet-mg-cronograma-alterado\/#primaryimage"},"thumbnailUrl":"https:\/\/dhg1h5j42swfq.cloudfront.net\/2021\/06\/01175307\/cefet_mg.jpg","keywords":["cefet mg","concurso cefet"],"articleSection":["Executivo (Administrativa)"],"inLanguage":"pt-BR","potentialAction":[{"@type":"CommentAction","name":"Comment","target":["https:\/\/www.estrategiaconcursos.com.br\/blog\/concurso-cefet-mg-cronograma-alterado\/#respond"]}],"copyrightYear":"2022","copyrightHolder":{"@id":"https:\/\/www.estrategiaconcursos.com.br\/blog\/#organization"}},{"@type":"WebPage","@id":"https:\/\/www.estrategiaconcursos.com.br\/blog\/concurso-cefet-mg-cronograma-alterado\/","url":"https:\/\/www.estrategiaconcursos.com.br\/blog\/concurso-cefet-mg-cronograma-alterado\/","name":"Concurso CEFET MG: cronograma alterado; veja detalhes","isPartOf":{"@id":"https:\/\/www.estrategiaconcursos.com.br\/blog\/#website"},"primaryImageOfPage":{"@id":"https:\/\/www.estrategiaconcursos.com.br\/blog\/concurso-cefet-mg-cronograma-alterado\/#primaryimage"},"image":{"@id":"https:\/\/www.estrategiaconcursos.com.br\/blog\/concurso-cefet-mg-cronograma-alterado\/#primaryimage"},"thumbnailUrl":"https:\/\/dhg1h5j42swfq.cloudfront.net\/2021\/06\/01175307\/cefet_mg.jpg","datePublished":"2022-03-04T12:29:05+00:00","dateModified":"2022-03-04T12:42:39+00:00","description":"O cronograma do concurso para o Centro Federal de Educa\u00e7\u00e3o Tecnol\u00f3gica de Minas Gerais foi alterado (concurso CEFET MG)","breadcrumb":{"@id":"https:\/\/www.estrategiaconcursos.com.br\/blog\/concurso-cefet-mg-cronograma-alterado\/#breadcrumb"},"inLanguage":"pt-BR","potentialAction":[{"@type":"ReadAction","target":["https:\/\/www.estrategiaconcursos.com.br\/blog\/concurso-cefet-mg-cronograma-alterado\/"]}]},{"@type":"ImageObject","inLanguage":"pt-BR","@id":"https:\/\/www.estrategiaconcursos.com.br\/blog\/concurso-cefet-mg-cronograma-alterado\/#primaryimage","url":"https:\/\/dhg1h5j42swfq.cloudfront.net\/2021\/06\/01175307\/cefet_mg.jpg","contentUrl":"https:\/\/dhg1h5j42swfq.cloudfront.net\/2021\/06\/01175307\/cefet_mg.jpg","width":768,"height":432},{"@type":"BreadcrumbList","@id":"https:\/\/www.estrategiaconcursos.com.br\/blog\/concurso-cefet-mg-cronograma-alterado\/#breadcrumb","itemListElement":[{"@type":"ListItem","position":1,"name":"In\u00edcio","item":"https:\/\/www.estrategiaconcursos.com.br\/blog\/"},{"@type":"ListItem","position":2,"name":"Concurso CEFET MG: cronograma alterado; veja detalhes"}]},{"@type":"WebSite","@id":"https:\/\/www.estrategiaconcursos.com.br\/blog\/#website","url":"https:\/\/www.estrategiaconcursos.com.br\/blog\/","name":"Estrat\u00e9gia Concursos","description":"O blog da Estrat\u00e9gia Concursos traz not\u00edcias sobre concursos e artigos de professores oferecendo cursos para concursos (pdf + videaulas) no site.","publisher":{"@id":"https:\/\/www.estrategiaconcursos.com.br\/blog\/#organization"},"potentialAction":[{"@type":"SearchAction","target":{"@type":"EntryPoint","urlTemplate":"https:\/\/www.estrategiaconcursos.com.br\/blog\/?s={search_term_string}"},"query-input":{"@type":"PropertyValueSpecification","valueRequired":true,"valueName":"search_term_string"}}],"inLanguage":"pt-BR"},{"@type":"Organization","@id":"https:\/\/www.estrategiaconcursos.com.br\/blog\/#organization","name":"Estrat\u00e9gia Concursos","url":"https:\/\/www.estrategiaconcursos.com.br\/blog\/","logo":{"@type":"ImageObject","inLanguage":"pt-BR","@id":"https:\/\/www.estrategiaconcursos.com.br\/blog\/#\/schema\/logo\/image\/","url":"https:\/\/dhg1h5j42swfq.cloudfront.net\/2025\/06\/03203428\/logo_concursos-1.jpg","contentUrl":"https:\/\/dhg1h5j42swfq.cloudfront.net\/2025\/06\/03203428\/logo_concursos-1.jpg","width":230,"height":60,"caption":"Estrat\u00e9gia Concursos"},"image":{"@id":"https:\/\/www.estrategiaconcursos.com.br\/blog\/#\/schema\/logo\/image\/"},"sameAs":["https:\/\/x.com\/EstratConcursos"]},{"@type":"Person","@id":"https:\/\/www.estrategiaconcursos.com.br\/blog\/#\/schema\/person\/9b94727dcf4410f4a7931c83966c843b","name":"Let\u00edcia Teixeira","image":{"@type":"ImageObject","inLanguage":"pt-BR","@id":"https:\/\/secure.gravatar.com\/avatar\/fb589b06b881e20b676d08f9d03226d1e3291ba2f90e751ddc9ccb21abf0244d?s=96&d=mm&r=g","url":"https:\/\/secure.gravatar.com\/avatar\/fb589b06b881e20b676d08f9d03226d1e3291ba2f90e751ddc9ccb21abf0244d?s=96&d=mm&r=g","contentUrl":"https:\/\/secure.gravatar.com\/avatar\/fb589b06b881e20b676d08f9d03226d1e3291ba2f90e751ddc9ccb21abf0244d?s=96&d=mm&r=g","caption":"Let\u00edcia Teixeira"},"description":"Jornalista com experi\u00eancia de mais de quatro anos no segmento de concursos p\u00fablicos. Especializada em Narrativa Transm\u00eddia e Storytelling pela Universidade Cat\u00f3lica de Bras\u00edlia, com atua\u00e7\u00e3o nas \u00e1reas de SEO, conte\u00fado, Webwriting e Copywriting.","url":"https:\/\/www.estrategiaconcursos.com.br\/blog\/author\/leticia-teixeiraestrategia-com\/"}]}},"_links":{"self":[{"href":"https:\/\/www.estrategiaconcursos.com.br\/blog\/wp-json\/wp\/v2\/posts\/980489","targetHints":{"allow":["GET"]}}],"collection":[{"href":"https:\/\/www.estrategiaconcursos.com.br\/blog\/wp-json\/wp\/v2\/posts"}],"about":[{"href":"https:\/\/www.estrategiaconcursos.com.br\/blog\/wp-json\/wp\/v2\/types\/post"}],"author":[{"embeddable":true,"href":"https:\/\/www.estrategiaconcursos.com.br\/blog\/wp-json\/wp\/v2\/users\/2319"}],"replies":[{"embeddable":true,"href":"https:\/\/www.estrategiaconcursos.com.br\/blog\/wp-json\/wp\/v2\/comments?post=980489"}],"version-history":[{"count":3,"href":"https:\/\/www.estrategiaconcursos.com.br\/blog\/wp-json\/wp\/v2\/posts\/980489\/revisions"}],"predecessor-version":[{"id":980558,"href":"https:\/\/www.estrategiaconcursos.com.br\/blog\/wp-json\/wp\/v2\/posts\/980489\/revisions\/980558"}],"wp:featuredmedia":[{"embeddable":true,"href":"https:\/\/www.estrategiaconcursos.com.br\/blog\/wp-json\/wp\/v2\/media\/783073"}],"wp:attachment":[{"href":"https:\/\/www.estrategiaconcursos.com.br\/blog\/wp-json\/wp\/v2\/media?parent=980489"}],"wp:term":[{"taxonomy":"category","embeddable":true,"href":"https:\/\/www.estrategiaconcursos.com.br\/blog\/wp-json\/wp\/v2\/categories?post=980489"},{"taxonomy":"post_tag","embeddable":true,"href":"https:\/\/www.estrategiaconcursos.com.br\/blog\/wp-json\/wp\/v2\/tags?post=980489"},{"taxonomy":"tax_estado","embeddable":true,"href":"https:\/\/www.estrategiaconcursos.com.br\/blog\/wp-json\/wp\/v2\/tax_estado?post=980489"}],"curies":[{"name":"wp","href":"https:\/\/api.w.org\/{rel}","templated":true}]}}