{"id":980341,"date":"2022-03-04T08:10:32","date_gmt":"2022-03-04T11:10:32","guid":{"rendered":"https:\/\/www.estrategiaconcursos.com.br\/blog\/?p=980341"},"modified":"2022-03-04T08:17:50","modified_gmt":"2022-03-04T11:17:50","slug":"concursos-ap-comissoes-formadas-para-quatro-editais","status":"publish","type":"post","link":"https:\/\/www.estrategiaconcursos.com.br\/blog\/concursos-ap-comissoes-formadas-para-quatro-editais\/","title":{"rendered":"Concursos AP: comiss\u00f5es formadas para quatro editais"},"content":{"rendered":"\n<p>Em live realizada no perfil oficial, O governador do estado do Amap\u00e1, Waldez G\u00f3es, anunciou que, em mar\u00e7o, diversos <a href=\"https:\/\/www.estrategiaconcursos.com.br\/assinaturas\/\" target=\"_blank\" rel=\"noreferrer noopener\">editais<\/a> dever\u00e3o ser publicados para v\u00e1rios setores, como: <strong>Educa\u00e7\u00e3o<\/strong>, <strong>Seguran\u00e7a P\u00fablica<\/strong> e <strong>Setor Econ\u00f4mico<\/strong>.<\/p>\n\n\n\n<p>Consta no<a href=\"https:\/\/dhg1h5j42swfq.cloudfront.net\/2022\/03\/04081710\/diario.pdf\" target=\"_blank\" rel=\"noreferrer noopener\"> Di\u00e1rio Oficial do Amap\u00e1<\/a> a cria\u00e7\u00e3o das comiss\u00f5es organizadoras dos concursos p\u00fablicos &#8211; SEED, SEFAZ, DETRAN e POLITEC. Confira no \u00edndice abaixo:<\/p>\n\n\n\n<ul class=\"wp-block-list\"><li><a href=\"#seed\">Concursos AP: SEED AP <\/a><\/li><li><a href=\"#sefaz\">Concursos AP: SEFAZ AP<\/a><\/li><li><a href=\"#detran\">Concursos AP: DETRAN AP<\/a><\/li><li><a href=\"#politec\">Concursos AP: POLITEC AP<\/a><\/li><\/ul>\n\n\n\n<h2 class=\"wp-block-heading\" id=\"seed\"><a href=\"https:\/\/www.estrategiaconcursos.com.br\/blog\/concurso-seed-ap\/\" target=\"_blank\" rel=\"noreferrer noopener\">Concursos AP: SEED AP <\/a><\/h2>\n\n\n\n<p>A comiss\u00e3o do concurso da Secretaria de Estado da Educa\u00e7\u00e3o ser\u00e1 composta por membros da:<br \/><strong>Secretaria de Estado da Administra\u00e7\u00e3o &#8211; SEAD<\/strong><\/p>\n\n\n\n<ul class=\"wp-block-list\"><li>Suelem Amoras T\u00e1vora Furtado<\/li><li>Regina Maria de Oliveira Duarte<\/li><li>Neirian Santos de Quadros<\/li><li>Lorena Taisa Machado dos Santos<\/li><li>Dinaldo Pereira da Trindade<\/li><\/ul>\n\n\n\n<p><strong>Secretaria de Estado da Educa\u00e7\u00e3o &#8211; SEED <\/strong><\/p>\n\n\n\n<ul class=\"wp-block-list\"><li>Rita de C\u00e1ssia da Silveira de Souza<\/li><li>Jo\u00e3o Lucas Colares Montagounian<\/li><\/ul>\n\n\n\n<p><strong>Procuradoria-Geral do Estado &#8211; PGE<\/strong><\/p>\n\n\n\n<ul class=\"wp-block-list\"><li>Jeane Alessandra Teles Martins Paiva<\/li><li>Raul Akeyb Cust\u00f3dio Silva<\/li><\/ul>\n\n\n\n<h2 class=\"wp-block-heading\" id=\"sefaz\"><a href=\"https:\/\/www.estrategiaconcursos.com.br\/blog\/concurso-sefaz-ap\/\" target=\"_blank\" rel=\"noreferrer noopener\">Concursos AP: SEFAZ AP<\/a><\/h2>\n\n\n\n<p>A comiss\u00e3o do concurso da Secretaria de Estado da Fazenda ser\u00e1 composta da seguinte forma:<\/p>\n\n\n\n<p><strong>Secretaria de Estado da Administra\u00e7\u00e3o &#8211; SEAD<\/strong><\/p>\n\n\n\n<ul class=\"wp-block-list\"><li>Regina Maria de Oliveira Duarte<\/li><li>Dinaldo Pereira da Trindade<\/li><li>Karina da Concei\u00e7\u00e3o da Silva<\/li><\/ul>\n\n\n\n<p><strong>Secretaria de Estado da Fazenda &#8211; SEFAZ<\/strong><\/p>\n\n\n\n<ul class=\"wp-block-list\"><li>Eliane Figueira Heidemann<\/li><\/ul>\n\n\n\n<ul class=\"wp-block-list\"><li>Ademar Caetano da Silva Junior<\/li><\/ul>\n\n\n\n<p><strong>Procuradoria-Geral do Estado &#8211; PGE<\/strong><\/p>\n\n\n\n<ul class=\"wp-block-list\"><li>Narson de S\u00e1 Galeno<\/li><li>Thiago Lima Albuquerque<\/li><\/ul>\n\n\n\n<h2 class=\"wp-block-heading\" id=\"detran\"><a href=\"https:\/\/www.estrategiaconcursos.com.br\/blog\/concurso-detran-ap\/\" target=\"_blank\" rel=\"noreferrer noopener\">Concursos AP: DETRAN AP<\/a><\/h2>\n\n\n\n<p>A comiss\u00e3o do concurso do Departamento Estadual de Tr\u00e2nsito do Estado do Amap\u00e1 ser\u00e1 composta da seguinte forma:<\/p>\n\n\n\n<p><strong>Departamento Estadual de Tr\u00e2nsito do Estado do Amap\u00e1 &#8211; DETRAN <\/strong><\/p>\n\n\n\n<ul class=\"wp-block-list\"><li>In\u00e1cio Monteiro Maciel \u2013 Presidente<\/li><li>Jos\u00e9 Furtado de Sousa J\u00fanior &#8211; Suplente do Presidente<\/li><li>Eliege Carvalho dos Anjos \u2013 Membro<\/li><li>Val\u00e9ria da Luz Bezerra de Vasconcelos \u2013 Membro<\/li><\/ul>\n\n\n\n<p><strong>Secretaria de Estado da Administra\u00e7\u00e3o &#8211; SEAD<\/strong><\/p>\n\n\n\n<ul class=\"wp-block-list\"><li>Astrid Maria dos Santos Cavalcante \u2013 Membro<\/li><li>Dinaldo Pereira da Trindade &#8211; Membro<\/li><\/ul>\n\n\n\n<p>P<strong>rocuradoria-Geral do Estado &#8211; PGE<\/strong><\/p>\n\n\n\n<ul class=\"wp-block-list\"><li><span style=\"color: initial;\">Diego Bonilla Aguiar do Nascimento \u2013 Procurador do<\/span> Estado \u2013 Titular<\/li><li>Alexandre Martins Sampaio \u2013 Procurador do Estado \u2013 Suplente<\/li><\/ul>\n\n\n\n<h2 class=\"wp-block-heading\" id=\"politec\"><a href=\"https:\/\/www.estrategiaconcursos.com.br\/blog\/concurso-politec-ap\/\" target=\"_blank\" rel=\"noreferrer noopener\">Concursos AP: POLITEC AP<\/a><\/h2>\n\n\n\n<p>A comiss\u00e3o do concurso do Concurso P\u00fablico para a Pol\u00edcia T\u00e9cnico Cient\u00edfica do Amap\u00e1 ser\u00e1 composta da seguinte forma:<\/p>\n\n\n\n<p><strong>Secretaria de Estado da Administra\u00e7\u00e3o &#8211; SEAD<\/strong><\/p>\n\n\n\n<ul class=\"wp-block-list\"><li>Suelem Amoras T\u00e1vora Furtado<\/li><li>Regina Maria de Oliveira Duarte<\/li><li>Astrid Maria dos Santos Cavalcante<\/li><li>Ronny Anderson Barbosa Carneiro<\/li><\/ul>\n\n\n\n<p><strong>Pol\u00edcia T\u00e9cnico Cient\u00edfica do Amap\u00e1 &#8211; POLITEC<\/strong><\/p>\n\n\n\n<ul class=\"wp-block-list\"><li>Edmar da Silva Lopes Filho<\/li><li>Jos\u00e9 Amarildo Nunes Magalh\u00e3es<\/li><\/ul>\n\n\n\n<p>P<strong>rocuradoria-Geral do Estado &#8211; PGE<\/strong><\/p>\n\n\n\n<ul class=\"wp-block-list\"><li>Thiago Lima Albuquerque<\/li><li>Diego Bonilla Aguiar do Nascimento<\/li><\/ul>\n\n\n\n<p>S\u00e3o atribui\u00e7\u00f5es das Comiss\u00f5es:<\/p>\n\n\n\n<ul class=\"wp-block-list\"><li>elaborar o Projeto Executivo do concurso P\u00fablico;<\/li><li>auxiliar a institui\u00e7\u00e3o contratada para realiza\u00e7\u00e3o do concurso p\u00fablico e elabora\u00e7\u00e3o do Edital de Abertura;<\/li><li>analisar e propor a aprova\u00e7\u00e3o de editais, comunicados, manuais de instru\u00e7\u00e3o, crit\u00e9rios, cronogramas, programas de provas de conhecimentos, habilidades, habilita\u00e7\u00f5es e correlatos.<\/li><li>coordenar, orientar e acompanhar as atividades pertinentes \u00e0 execu\u00e7\u00e3o do Concurso P\u00fablico;<\/li><li>promover a ampla divulga\u00e7\u00e3o de eventos do certame em todas as suas fases;<\/li><li>informar processos e expedientes relacionados ao concurso p\u00fablico;<\/li><li>desenvolver outras a\u00e7\u00f5es pertinentes ao Concurso P\u00fablico.<\/li><\/ul>\n\n\n\n<h2 class=\"has-text-align-center has-pale-cyan-blue-background-color has-background has-medium-font-size wp-block-heading\" id=\"saiba-mais-concursos-ap\"><a href=\"https:\/\/www.estrategiaconcursos.com.br\/blog\/concursos-ap\/\" target=\"_blank\" rel=\"noreferrer noopener\">Saiba mais: concursos AP <\/a><\/h2>\n\n\n\n<h2 class=\"has-text-align-center wp-block-heading\" id=\"estude-para-os-concursos-ap-com-o-estrategia-concursos\">Estude para os concursos AP com o Estrat\u00e9gia Concursos: <\/h2>\n\n\n","protected":false},"excerpt":{"rendered":"<p>Em live realizada no perfil oficial, O governador do estado do Amap\u00e1, Waldez G\u00f3es, anunciou que, em mar\u00e7o, diversos editais dever\u00e3o ser publicados para v\u00e1rios setores, como: Educa\u00e7\u00e3o, Seguran\u00e7a P\u00fablica e Setor Econ\u00f4mico. Consta no Di\u00e1rio Oficial do Amap\u00e1 a cria\u00e7\u00e3o das comiss\u00f5es organizadoras dos concursos p\u00fablicos &#8211; SEED, SEFAZ, DETRAN e POLITEC. Confira no [&hellip;]<\/p>\n","protected":false},"author":2375,"featured_media":410896,"comment_status":"open","ping_status":"closed","sticky":false,"template":"","format":"standard","meta":{"post_tipo":"news","footnotes":""},"categories":[1],"tags":[],"tax_estado":[219967],"class_list":["post-980341","post","type-post","status-publish","format-standard","has-post-thumbnail","hentry","category-cursos-e-concursos","tax_estado-ap"],"acf":[],"yoast_head":"<!-- This site is optimized with the Yoast SEO Premium plugin v27.2 (Yoast SEO v27.2) - https:\/\/yoast.com\/product\/yoast-seo-premium-wordpress\/ -->\n<title>Concursos AP: comiss\u00f5es formadas para quatro editais<\/title>\n<meta name=\"description\" content=\"Concursos AP: Consta no Di\u00e1rio Oficial do Amap\u00e1 a cria\u00e7\u00e3o das comiss\u00f5es organizadoras dos concursos p\u00fablicos- SEED, SEFAZ, DETRAN e POLITEC.\" \/>\n<meta name=\"robots\" content=\"index, follow, max-snippet:-1, max-image-preview:large, max-video-preview:-1\" \/>\n<link rel=\"canonical\" href=\"https:\/\/www.estrategiaconcursos.com.br\/blog\/concursos-ap-comissoes-formadas-para-quatro-editais\/\" \/>\n<meta property=\"og:locale\" content=\"pt_BR\" \/>\n<meta property=\"og:type\" content=\"article\" \/>\n<meta property=\"og:title\" content=\"Concursos AP: comiss\u00f5es formadas para quatro editais\" \/>\n<meta property=\"og:description\" content=\"Concursos AP: Consta no Di\u00e1rio Oficial do Amap\u00e1 a cria\u00e7\u00e3o das comiss\u00f5es organizadoras dos concursos p\u00fablicos- SEED, SEFAZ, DETRAN e POLITEC.\" \/>\n<meta property=\"og:url\" content=\"https:\/\/www.estrategiaconcursos.com.br\/blog\/concursos-ap-comissoes-formadas-para-quatro-editais\/\" \/>\n<meta property=\"og:site_name\" content=\"Estrat\u00e9gia Concursos\" \/>\n<meta property=\"article:published_time\" content=\"2022-03-04T11:10:32+00:00\" \/>\n<meta property=\"article:modified_time\" content=\"2022-03-04T11:17:50+00:00\" \/>\n<meta property=\"og:image\" content=\"https:\/\/dhg1h5j42swfq.cloudfront.net\/2019\/08\/19120519\/CONCURSOSAMAPA.jpg\" \/>\n\t<meta property=\"og:image:width\" content=\"1200\" \/>\n\t<meta property=\"og:image:height\" content=\"628\" \/>\n\t<meta property=\"og:image:type\" content=\"image\/jpeg\" \/>\n<meta name=\"author\" content=\"Priscila Almeida\" \/>\n<meta name=\"twitter:card\" content=\"summary_large_image\" \/>\n<meta name=\"twitter:creator\" content=\"@EstratConcursos\" \/>\n<meta name=\"twitter:site\" content=\"@EstratConcursos\" \/>\n<meta name=\"twitter:label1\" content=\"Escrito por\" \/>\n\t<meta name=\"twitter:data1\" content=\"Priscila Almeida\" \/>\n\t<meta name=\"twitter:label2\" content=\"Est. tempo de leitura\" \/>\n\t<meta name=\"twitter:data2\" content=\"3 minutos\" \/>\n<script type=\"application\/ld+json\" class=\"yoast-schema-graph\">{\"@context\":\"https:\/\/schema.org\",\"@graph\":[{\"@type\":\"NewsArticle\",\"@id\":\"https:\/\/www.estrategiaconcursos.com.br\/blog\/concursos-ap-comissoes-formadas-para-quatro-editais\/#article\",\"isPartOf\":{\"@id\":\"https:\/\/www.estrategiaconcursos.com.br\/blog\/concursos-ap-comissoes-formadas-para-quatro-editais\/\"},\"author\":{\"name\":\"Priscila Almeida\",\"@id\":\"https:\/\/www.estrategiaconcursos.com.br\/blog\/#\/schema\/person\/a06e841e501f2e1d8c49c4e8f066bfd1\"},\"headline\":\"Concursos AP: comiss\u00f5es formadas para quatro editais\",\"datePublished\":\"2022-03-04T11:10:32+00:00\",\"dateModified\":\"2022-03-04T11:17:50+00:00\",\"mainEntityOfPage\":{\"@id\":\"https:\/\/www.estrategiaconcursos.com.br\/blog\/concursos-ap-comissoes-formadas-para-quatro-editais\/\"},\"wordCount\":562,\"commentCount\":0,\"publisher\":{\"@id\":\"https:\/\/www.estrategiaconcursos.com.br\/blog\/#organization\"},\"image\":{\"@id\":\"https:\/\/www.estrategiaconcursos.com.br\/blog\/concursos-ap-comissoes-formadas-para-quatro-editais\/#primaryimage\"},\"thumbnailUrl\":\"https:\/\/dhg1h5j42swfq.cloudfront.net\/2019\/08\/19120519\/CONCURSOSAMAPA.jpg\",\"articleSection\":[\"Concursos P\u00fablicos\"],\"inLanguage\":\"pt-BR\",\"potentialAction\":[{\"@type\":\"CommentAction\",\"name\":\"Comment\",\"target\":[\"https:\/\/www.estrategiaconcursos.com.br\/blog\/concursos-ap-comissoes-formadas-para-quatro-editais\/#respond\"]}],\"copyrightYear\":\"2022\",\"copyrightHolder\":{\"@id\":\"https:\/\/www.estrategiaconcursos.com.br\/blog\/#organization\"}},{\"@type\":\"WebPage\",\"@id\":\"https:\/\/www.estrategiaconcursos.com.br\/blog\/concursos-ap-comissoes-formadas-para-quatro-editais\/\",\"url\":\"https:\/\/www.estrategiaconcursos.com.br\/blog\/concursos-ap-comissoes-formadas-para-quatro-editais\/\",\"name\":\"Concursos AP: comiss\u00f5es formadas para quatro editais\",\"isPartOf\":{\"@id\":\"https:\/\/www.estrategiaconcursos.com.br\/blog\/#website\"},\"primaryImageOfPage\":{\"@id\":\"https:\/\/www.estrategiaconcursos.com.br\/blog\/concursos-ap-comissoes-formadas-para-quatro-editais\/#primaryimage\"},\"image\":{\"@id\":\"https:\/\/www.estrategiaconcursos.com.br\/blog\/concursos-ap-comissoes-formadas-para-quatro-editais\/#primaryimage\"},\"thumbnailUrl\":\"https:\/\/dhg1h5j42swfq.cloudfront.net\/2019\/08\/19120519\/CONCURSOSAMAPA.jpg\",\"datePublished\":\"2022-03-04T11:10:32+00:00\",\"dateModified\":\"2022-03-04T11:17:50+00:00\",\"description\":\"Concursos AP: Consta no Di\u00e1rio Oficial do Amap\u00e1 a cria\u00e7\u00e3o das comiss\u00f5es organizadoras dos concursos p\u00fablicos- SEED, SEFAZ, DETRAN e POLITEC.\",\"breadcrumb\":{\"@id\":\"https:\/\/www.estrategiaconcursos.com.br\/blog\/concursos-ap-comissoes-formadas-para-quatro-editais\/#breadcrumb\"},\"inLanguage\":\"pt-BR\",\"potentialAction\":[{\"@type\":\"ReadAction\",\"target\":[\"https:\/\/www.estrategiaconcursos.com.br\/blog\/concursos-ap-comissoes-formadas-para-quatro-editais\/\"]}]},{\"@type\":\"ImageObject\",\"inLanguage\":\"pt-BR\",\"@id\":\"https:\/\/www.estrategiaconcursos.com.br\/blog\/concursos-ap-comissoes-formadas-para-quatro-editais\/#primaryimage\",\"url\":\"https:\/\/dhg1h5j42swfq.cloudfront.net\/2019\/08\/19120519\/CONCURSOSAMAPA.jpg\",\"contentUrl\":\"https:\/\/dhg1h5j42swfq.cloudfront.net\/2019\/08\/19120519\/CONCURSOSAMAPA.jpg\",\"width\":1200,\"height\":628,\"caption\":\"concursos ap\"},{\"@type\":\"BreadcrumbList\",\"@id\":\"https:\/\/www.estrategiaconcursos.com.br\/blog\/concursos-ap-comissoes-formadas-para-quatro-editais\/#breadcrumb\",\"itemListElement\":[{\"@type\":\"ListItem\",\"position\":1,\"name\":\"In\u00edcio\",\"item\":\"https:\/\/www.estrategiaconcursos.com.br\/blog\/\"},{\"@type\":\"ListItem\",\"position\":2,\"name\":\"Concursos AP: comiss\u00f5es formadas para quatro editais\"}]},{\"@type\":\"WebSite\",\"@id\":\"https:\/\/www.estrategiaconcursos.com.br\/blog\/#website\",\"url\":\"https:\/\/www.estrategiaconcursos.com.br\/blog\/\",\"name\":\"Estrat\u00e9gia Concursos\",\"description\":\"O blog da Estrat\u00e9gia Concursos traz not\u00edcias sobre concursos e artigos de professores oferecendo cursos para concursos (pdf + videaulas) no site.\",\"publisher\":{\"@id\":\"https:\/\/www.estrategiaconcursos.com.br\/blog\/#organization\"},\"potentialAction\":[{\"@type\":\"SearchAction\",\"target\":{\"@type\":\"EntryPoint\",\"urlTemplate\":\"https:\/\/www.estrategiaconcursos.com.br\/blog\/?s={search_term_string}\"},\"query-input\":{\"@type\":\"PropertyValueSpecification\",\"valueRequired\":true,\"valueName\":\"search_term_string\"}}],\"inLanguage\":\"pt-BR\"},{\"@type\":\"Organization\",\"@id\":\"https:\/\/www.estrategiaconcursos.com.br\/blog\/#organization\",\"name\":\"Estrat\u00e9gia Concursos\",\"url\":\"https:\/\/www.estrategiaconcursos.com.br\/blog\/\",\"logo\":{\"@type\":\"ImageObject\",\"inLanguage\":\"pt-BR\",\"@id\":\"https:\/\/www.estrategiaconcursos.com.br\/blog\/#\/schema\/logo\/image\/\",\"url\":\"https:\/\/dhg1h5j42swfq.cloudfront.net\/2025\/06\/03203428\/logo_concursos-1.jpg\",\"contentUrl\":\"https:\/\/dhg1h5j42swfq.cloudfront.net\/2025\/06\/03203428\/logo_concursos-1.jpg\",\"width\":230,\"height\":60,\"caption\":\"Estrat\u00e9gia Concursos\"},\"image\":{\"@id\":\"https:\/\/www.estrategiaconcursos.com.br\/blog\/#\/schema\/logo\/image\/\"},\"sameAs\":[\"https:\/\/x.com\/EstratConcursos\"]},{\"@type\":\"Person\",\"@id\":\"https:\/\/www.estrategiaconcursos.com.br\/blog\/#\/schema\/person\/a06e841e501f2e1d8c49c4e8f066bfd1\",\"name\":\"Priscila Almeida\",\"image\":{\"@type\":\"ImageObject\",\"inLanguage\":\"pt-BR\",\"@id\":\"https:\/\/secure.gravatar.com\/avatar\/0a963c9e2a947fa675b669cea2b5d0ba6dd1cbf46b966190343b6c9973ad3337?s=96&d=mm&r=g\",\"url\":\"https:\/\/secure.gravatar.com\/avatar\/0a963c9e2a947fa675b669cea2b5d0ba6dd1cbf46b966190343b6c9973ad3337?s=96&d=mm&r=g\",\"contentUrl\":\"https:\/\/secure.gravatar.com\/avatar\/0a963c9e2a947fa675b669cea2b5d0ba6dd1cbf46b966190343b6c9973ad3337?s=96&d=mm&r=g\",\"caption\":\"Priscila Almeida\"},\"description\":\"Atua na \u00e1rea de concursos p\u00fablicos desde 2019. As editorias que mais t\u00eam familiaridade s\u00e3o: Tribunais (TJs; TRTs; TREs; TSTs; STJ, STF, STM e TSE); Defensorias; Minist\u00e9rios P\u00fablicos; Procuradorias; Educa\u00e7\u00e3o e Conselhos. Na \u00e1rea de comunica\u00e7\u00e3o, de maneira geral, a caminhada \u00e9 um pouco mais longa - desde 2007. Possui experi\u00eancia em reda\u00e7\u00f5es de r\u00e1dio, TV, Web e impresso, al\u00e9m de desenvolver trabalhos em assessorias de comunica\u00e7\u00e3o institucional, empresarial e p\u00fablicas. Entre outros trabalhos, se destacam a atua\u00e7\u00e3o nas \u00e1reas de Justi\u00e7a, Congresso, Esportes, Sa\u00fade, Agropecu\u00e1ria, Cidades e Avia\u00e7\u00e3o Civil.\",\"url\":\"https:\/\/www.estrategiaconcursos.com.br\/blog\/author\/priscila-almeidaestrategia-com\/\"}]}<\/script>\n<!-- \/ Yoast SEO Premium plugin. -->","yoast_head_json":{"title":"Concursos AP: comiss\u00f5es formadas para quatro editais","description":"Concursos AP: Consta no Di\u00e1rio Oficial do Amap\u00e1 a cria\u00e7\u00e3o das comiss\u00f5es organizadoras dos concursos p\u00fablicos- SEED, SEFAZ, DETRAN e POLITEC.","robots":{"index":"index","follow":"follow","max-snippet":"max-snippet:-1","max-image-preview":"max-image-preview:large","max-video-preview":"max-video-preview:-1"},"canonical":"https:\/\/www.estrategiaconcursos.com.br\/blog\/concursos-ap-comissoes-formadas-para-quatro-editais\/","og_locale":"pt_BR","og_type":"article","og_title":"Concursos AP: comiss\u00f5es formadas para quatro editais","og_description":"Concursos AP: Consta no Di\u00e1rio Oficial do Amap\u00e1 a cria\u00e7\u00e3o das comiss\u00f5es organizadoras dos concursos p\u00fablicos- SEED, SEFAZ, DETRAN e POLITEC.","og_url":"https:\/\/www.estrategiaconcursos.com.br\/blog\/concursos-ap-comissoes-formadas-para-quatro-editais\/","og_site_name":"Estrat\u00e9gia Concursos","article_published_time":"2022-03-04T11:10:32+00:00","article_modified_time":"2022-03-04T11:17:50+00:00","og_image":[{"width":1200,"height":628,"url":"https:\/\/dhg1h5j42swfq.cloudfront.net\/2019\/08\/19120519\/CONCURSOSAMAPA.jpg","type":"image\/jpeg"}],"author":"Priscila Almeida","twitter_card":"summary_large_image","twitter_creator":"@EstratConcursos","twitter_site":"@EstratConcursos","twitter_misc":{"Escrito por":"Priscila Almeida","Est. tempo de leitura":"3 minutos"},"schema":{"@context":"https:\/\/schema.org","@graph":[{"@type":"NewsArticle","@id":"https:\/\/www.estrategiaconcursos.com.br\/blog\/concursos-ap-comissoes-formadas-para-quatro-editais\/#article","isPartOf":{"@id":"https:\/\/www.estrategiaconcursos.com.br\/blog\/concursos-ap-comissoes-formadas-para-quatro-editais\/"},"author":{"name":"Priscila Almeida","@id":"https:\/\/www.estrategiaconcursos.com.br\/blog\/#\/schema\/person\/a06e841e501f2e1d8c49c4e8f066bfd1"},"headline":"Concursos AP: comiss\u00f5es formadas para quatro editais","datePublished":"2022-03-04T11:10:32+00:00","dateModified":"2022-03-04T11:17:50+00:00","mainEntityOfPage":{"@id":"https:\/\/www.estrategiaconcursos.com.br\/blog\/concursos-ap-comissoes-formadas-para-quatro-editais\/"},"wordCount":562,"commentCount":0,"publisher":{"@id":"https:\/\/www.estrategiaconcursos.com.br\/blog\/#organization"},"image":{"@id":"https:\/\/www.estrategiaconcursos.com.br\/blog\/concursos-ap-comissoes-formadas-para-quatro-editais\/#primaryimage"},"thumbnailUrl":"https:\/\/dhg1h5j42swfq.cloudfront.net\/2019\/08\/19120519\/CONCURSOSAMAPA.jpg","articleSection":["Concursos P\u00fablicos"],"inLanguage":"pt-BR","potentialAction":[{"@type":"CommentAction","name":"Comment","target":["https:\/\/www.estrategiaconcursos.com.br\/blog\/concursos-ap-comissoes-formadas-para-quatro-editais\/#respond"]}],"copyrightYear":"2022","copyrightHolder":{"@id":"https:\/\/www.estrategiaconcursos.com.br\/blog\/#organization"}},{"@type":"WebPage","@id":"https:\/\/www.estrategiaconcursos.com.br\/blog\/concursos-ap-comissoes-formadas-para-quatro-editais\/","url":"https:\/\/www.estrategiaconcursos.com.br\/blog\/concursos-ap-comissoes-formadas-para-quatro-editais\/","name":"Concursos AP: comiss\u00f5es formadas para quatro editais","isPartOf":{"@id":"https:\/\/www.estrategiaconcursos.com.br\/blog\/#website"},"primaryImageOfPage":{"@id":"https:\/\/www.estrategiaconcursos.com.br\/blog\/concursos-ap-comissoes-formadas-para-quatro-editais\/#primaryimage"},"image":{"@id":"https:\/\/www.estrategiaconcursos.com.br\/blog\/concursos-ap-comissoes-formadas-para-quatro-editais\/#primaryimage"},"thumbnailUrl":"https:\/\/dhg1h5j42swfq.cloudfront.net\/2019\/08\/19120519\/CONCURSOSAMAPA.jpg","datePublished":"2022-03-04T11:10:32+00:00","dateModified":"2022-03-04T11:17:50+00:00","description":"Concursos AP: Consta no Di\u00e1rio Oficial do Amap\u00e1 a cria\u00e7\u00e3o das comiss\u00f5es organizadoras dos concursos p\u00fablicos- SEED, SEFAZ, DETRAN e POLITEC.","breadcrumb":{"@id":"https:\/\/www.estrategiaconcursos.com.br\/blog\/concursos-ap-comissoes-formadas-para-quatro-editais\/#breadcrumb"},"inLanguage":"pt-BR","potentialAction":[{"@type":"ReadAction","target":["https:\/\/www.estrategiaconcursos.com.br\/blog\/concursos-ap-comissoes-formadas-para-quatro-editais\/"]}]},{"@type":"ImageObject","inLanguage":"pt-BR","@id":"https:\/\/www.estrategiaconcursos.com.br\/blog\/concursos-ap-comissoes-formadas-para-quatro-editais\/#primaryimage","url":"https:\/\/dhg1h5j42swfq.cloudfront.net\/2019\/08\/19120519\/CONCURSOSAMAPA.jpg","contentUrl":"https:\/\/dhg1h5j42swfq.cloudfront.net\/2019\/08\/19120519\/CONCURSOSAMAPA.jpg","width":1200,"height":628,"caption":"concursos ap"},{"@type":"BreadcrumbList","@id":"https:\/\/www.estrategiaconcursos.com.br\/blog\/concursos-ap-comissoes-formadas-para-quatro-editais\/#breadcrumb","itemListElement":[{"@type":"ListItem","position":1,"name":"In\u00edcio","item":"https:\/\/www.estrategiaconcursos.com.br\/blog\/"},{"@type":"ListItem","position":2,"name":"Concursos AP: comiss\u00f5es formadas para quatro editais"}]},{"@type":"WebSite","@id":"https:\/\/www.estrategiaconcursos.com.br\/blog\/#website","url":"https:\/\/www.estrategiaconcursos.com.br\/blog\/","name":"Estrat\u00e9gia Concursos","description":"O blog da Estrat\u00e9gia Concursos traz not\u00edcias sobre concursos e artigos de professores oferecendo cursos para concursos (pdf + videaulas) no site.","publisher":{"@id":"https:\/\/www.estrategiaconcursos.com.br\/blog\/#organization"},"potentialAction":[{"@type":"SearchAction","target":{"@type":"EntryPoint","urlTemplate":"https:\/\/www.estrategiaconcursos.com.br\/blog\/?s={search_term_string}"},"query-input":{"@type":"PropertyValueSpecification","valueRequired":true,"valueName":"search_term_string"}}],"inLanguage":"pt-BR"},{"@type":"Organization","@id":"https:\/\/www.estrategiaconcursos.com.br\/blog\/#organization","name":"Estrat\u00e9gia Concursos","url":"https:\/\/www.estrategiaconcursos.com.br\/blog\/","logo":{"@type":"ImageObject","inLanguage":"pt-BR","@id":"https:\/\/www.estrategiaconcursos.com.br\/blog\/#\/schema\/logo\/image\/","url":"https:\/\/dhg1h5j42swfq.cloudfront.net\/2025\/06\/03203428\/logo_concursos-1.jpg","contentUrl":"https:\/\/dhg1h5j42swfq.cloudfront.net\/2025\/06\/03203428\/logo_concursos-1.jpg","width":230,"height":60,"caption":"Estrat\u00e9gia Concursos"},"image":{"@id":"https:\/\/www.estrategiaconcursos.com.br\/blog\/#\/schema\/logo\/image\/"},"sameAs":["https:\/\/x.com\/EstratConcursos"]},{"@type":"Person","@id":"https:\/\/www.estrategiaconcursos.com.br\/blog\/#\/schema\/person\/a06e841e501f2e1d8c49c4e8f066bfd1","name":"Priscila Almeida","image":{"@type":"ImageObject","inLanguage":"pt-BR","@id":"https:\/\/secure.gravatar.com\/avatar\/0a963c9e2a947fa675b669cea2b5d0ba6dd1cbf46b966190343b6c9973ad3337?s=96&d=mm&r=g","url":"https:\/\/secure.gravatar.com\/avatar\/0a963c9e2a947fa675b669cea2b5d0ba6dd1cbf46b966190343b6c9973ad3337?s=96&d=mm&r=g","contentUrl":"https:\/\/secure.gravatar.com\/avatar\/0a963c9e2a947fa675b669cea2b5d0ba6dd1cbf46b966190343b6c9973ad3337?s=96&d=mm&r=g","caption":"Priscila Almeida"},"description":"Atua na \u00e1rea de concursos p\u00fablicos desde 2019. As editorias que mais t\u00eam familiaridade s\u00e3o: Tribunais (TJs; TRTs; TREs; TSTs; STJ, STF, STM e TSE); Defensorias; Minist\u00e9rios P\u00fablicos; Procuradorias; Educa\u00e7\u00e3o e Conselhos. Na \u00e1rea de comunica\u00e7\u00e3o, de maneira geral, a caminhada \u00e9 um pouco mais longa - desde 2007. Possui experi\u00eancia em reda\u00e7\u00f5es de r\u00e1dio, TV, Web e impresso, al\u00e9m de desenvolver trabalhos em assessorias de comunica\u00e7\u00e3o institucional, empresarial e p\u00fablicas. Entre outros trabalhos, se destacam a atua\u00e7\u00e3o nas \u00e1reas de Justi\u00e7a, Congresso, Esportes, Sa\u00fade, Agropecu\u00e1ria, Cidades e Avia\u00e7\u00e3o Civil.","url":"https:\/\/www.estrategiaconcursos.com.br\/blog\/author\/priscila-almeidaestrategia-com\/"}]}},"_links":{"self":[{"href":"https:\/\/www.estrategiaconcursos.com.br\/blog\/wp-json\/wp\/v2\/posts\/980341","targetHints":{"allow":["GET"]}}],"collection":[{"href":"https:\/\/www.estrategiaconcursos.com.br\/blog\/wp-json\/wp\/v2\/posts"}],"about":[{"href":"https:\/\/www.estrategiaconcursos.com.br\/blog\/wp-json\/wp\/v2\/types\/post"}],"author":[{"embeddable":true,"href":"https:\/\/www.estrategiaconcursos.com.br\/blog\/wp-json\/wp\/v2\/users\/2375"}],"replies":[{"embeddable":true,"href":"https:\/\/www.estrategiaconcursos.com.br\/blog\/wp-json\/wp\/v2\/comments?post=980341"}],"version-history":[{"count":4,"href":"https:\/\/www.estrategiaconcursos.com.br\/blog\/wp-json\/wp\/v2\/posts\/980341\/revisions"}],"predecessor-version":[{"id":980442,"href":"https:\/\/www.estrategiaconcursos.com.br\/blog\/wp-json\/wp\/v2\/posts\/980341\/revisions\/980442"}],"wp:featuredmedia":[{"embeddable":true,"href":"https:\/\/www.estrategiaconcursos.com.br\/blog\/wp-json\/wp\/v2\/media\/410896"}],"wp:attachment":[{"href":"https:\/\/www.estrategiaconcursos.com.br\/blog\/wp-json\/wp\/v2\/media?parent=980341"}],"wp:term":[{"taxonomy":"category","embeddable":true,"href":"https:\/\/www.estrategiaconcursos.com.br\/blog\/wp-json\/wp\/v2\/categories?post=980341"},{"taxonomy":"post_tag","embeddable":true,"href":"https:\/\/www.estrategiaconcursos.com.br\/blog\/wp-json\/wp\/v2\/tags?post=980341"},{"taxonomy":"tax_estado","embeddable":true,"href":"https:\/\/www.estrategiaconcursos.com.br\/blog\/wp-json\/wp\/v2\/tax_estado?post=980341"}],"curies":[{"name":"wp","href":"https:\/\/api.w.org\/{rel}","templated":true}]}}