{"id":980294,"date":"2022-03-17T08:03:00","date_gmt":"2022-03-17T11:03:00","guid":{"rendered":"https:\/\/www.estrategiaconcursos.com.br\/blog\/?p=980294"},"modified":"2023-09-01T10:37:51","modified_gmt":"2023-09-01T13:37:51","slug":"parcelamento-de-creditos-sefaz-pa","status":"publish","type":"post","link":"https:\/\/www.estrategiaconcursos.com.br\/blog\/parcelamento-de-creditos-sefaz-pa\/","title":{"rendered":"Resumo sobre o Parcelamento de cr\u00e9ditos SEFAZ-PA"},"content":{"rendered":"\n<p>Ol\u00e1, pessoal. Tudo certo? No artigo de hoje veremos o Resumo sobre o Parcelamento de cr\u00e9ditos SEFAZ-PA &#8211; Decreto 2.057\/2018.<\/p>\n\n\n\n<p>Trata-se de Decreto que disp\u00f5e sobre o parcelamento de cr\u00e9ditos de natureza tribut\u00e1ria e n\u00e3o tribut\u00e1ria, assim por ser um tema bem espec\u00edfico da legisla\u00e7\u00e3o do Par\u00e1, h\u00e1 uma grande probabilidade de termos ao menos uma quest\u00e3o do tema na prova.<\/p>\n\n\n\n<p>T\u00f3picos a serem vistos neste artigo:<\/p>\n\n\n\n<ul class=\"wp-block-list\">\n<li>Disposi\u00e7\u00f5es Gerais<\/li>\n\n\n\n<li>Objetos poss\u00edveis de Parcelamento<\/li>\n\n\n\n<li>Efeito e montante do parcelamento<\/li>\n\n\n\n<li>Pagamento<\/li>\n\n\n\n<li>Resumo Estrat\u00e9gico<\/li>\n<\/ul>\n\n\n\n<figure class=\"wp-block-image aligncenter size-full\"><img loading=\"lazy\" decoding=\"async\" width=\"443\" height=\"114\" src=\"https:\/\/dhg1h5j42swfq.cloudfront.net\/2022\/03\/03185030\/image-32.png\" alt=\"Resumo sobre o Parcelamento de cr\u00e9ditos SEFAZ-PA\" class=\"wp-image-980295\" srcset=\"https:\/\/dhg1h5j42swfq.cloudfront.net\/2022\/03\/03185030\/image-32.png 443w, https:\/\/dhg1h5j42swfq.cloudfront.net\/2022\/03\/03185030\/image-32-300x77.png 300w\" sizes=\"auto, (max-width: 443px) 100vw, 443px\" \/><figcaption class=\"wp-element-caption\">Resumo sobre o Parcelamento de cr\u00e9ditos SEFAZ-PA<\/figcaption><\/figure>\n\n\n\n<p>Preparado (a)? Vamos l\u00e1!<\/p>\n\n\n\n<h2 class=\"wp-block-heading\" id=\"disposicoes-gerais\">Disposi\u00e7\u00f5es Gerais<\/h2>\n\n\n\n<p>Iniciando o Resumo sobre o Parcelamento de cr\u00e9ditos SEFAZ-PA &#8211; Decreto 2.057\/2018, vejamos as disposi\u00e7\u00f5es gerais.<\/p>\n\n\n\n<p>Atente-se \u00e0 literalidade do artigo primeiro.<\/p>\n\n\n\n<p><em>Art. 1\u00ba Os <mark style=\"background-color:rgba(0, 0, 0, 0)\" class=\"has-inline-color has-vivid-cyan-blue-color\"><strong>cr\u00e9ditos da Fazenda P\u00fablica Estadual<\/strong> <\/mark>de natureza <strong>tribut\u00e1ria <\/strong>e <strong><mark style=\"background-color:rgba(0, 0, 0, 0)\" class=\"has-inline-color has-vivid-red-color\">n\u00e3o <\/mark>tribut\u00e1ria n\u00e3o solvidos nos prazos de vencimento, <mark style=\"background-color:rgba(0, 0, 0, 0)\" class=\"has-inline-color has-vivid-red-color\">inscritos <\/mark>ou n\u00e3o em d\u00edvida ativa<\/strong>, poder\u00e3o ser objeto de <strong>parcelamento<\/strong> no <strong>limite m\u00e1ximo de 60 parcelas<\/strong>, observadas as <u>condi\u00e7\u00f5es estabelecidas em ato do titular da Secretaria<\/u> de Estado da Fazenda (SEFA).<\/em><\/p>\n\n\n\n<p>Podemos extrair algumas informa\u00e7\u00f5es importantes do artigo.<\/p>\n\n\n\n<p class=\"has-cyan-bluish-gray-color has-text-color\"><strong>Quantidade m\u00e1xima de parcelas:<\/strong><\/p>\n\n\n\n<ul class=\"wp-block-list\">\n<li><strong><mark style=\"background-color:rgba(0, 0, 0, 0)\" class=\"has-inline-color has-vivid-purple-color\">Regra <\/mark><\/strong>(Art. 1, caput): 60 parcelas<\/li>\n\n\n\n<li><strong><mark style=\"background-color:rgba(0, 0, 0, 0)\" class=\"has-inline-color has-vivid-purple-color\">Empresas em recupera\u00e7\u00e3o judicial<\/mark> <\/strong>(Art. 1, \u00a74\u00ba): &nbsp;84 parcelas<\/li>\n<\/ul>\n\n\n\n<p>Al\u00e9m disso, refor\u00e7amos a <strong>compet\u00eancia do Secret\u00e1rio<\/strong> da Fazenda no parcelamento, pois \u201cas normas complementares ser\u00e3o estabelecidas em ato do titular da SEFA\u201d, conforme o artigo 13.<\/p>\n\n\n\n<p>Entretanto \u00e9 v\u00e1lido lembrar que a <strong>compet\u00eancia<\/strong> do <strong>Secret\u00e1rio<\/strong> de Estado da Fazenda <strong>poder\u00e1 ser delegada <\/strong>(Art. 12).<\/p>\n\n\n\n<p>Ainda, atente-se ao rol dos cr\u00e9ditos.<\/p>\n\n\n\n<p><strong><mark style=\"background-color:rgba(0, 0, 0, 0)\" class=\"has-inline-color has-cyan-bluish-gray-color\">Cr\u00e9ditos da Fazenda Estadual<\/mark><\/strong><\/p>\n\n\n\n<ul class=\"wp-block-list\">\n<li><strong>Natureza tribut\u00e1ria e n\u00e3o tribut\u00e1ria n\u00e3o solvidos nos prazos de vencimento<\/strong><\/li>\n\n\n\n<li><strong>Cr\u00e9ditos inscritos ou n\u00e3o em d\u00edvida ativa<\/strong><\/li>\n<\/ul>\n\n\n\n<p>Por fim, memorize o valor m\u00ednimo da parcela.<\/p>\n\n\n\n<p><strong><mark style=\"background-color:rgba(0, 0, 0, 0)\" class=\"has-inline-color has-vivid-green-cyan-color\">Valor m\u00ednimo da parcela<\/mark> <\/strong>(Art. 1, \u00a73\u00ba): <strong>50 UPF-PA.<\/strong><\/p>\n\n\n\n<p><strong><mark style=\"background-color:rgba(0, 0, 0, 0)\" class=\"has-inline-color has-luminous-vivid-amber-color\">Obs<\/mark><\/strong><mark style=\"background-color:rgba(0, 0, 0, 0)\" class=\"has-inline-color has-luminous-vivid-amber-color\"><strong>.:<\/strong> <\/mark>O valor m\u00ednimo da primeira parcela e demais condi\u00e7\u00f5es para as modalidades de parcelamento admitidas ser\u00e3o estabelecidos em ato do titular da Secretaria de Estado da Fazenda (Art. 7).<\/p>\n\n\n\n<p>Ok, vamos continuar.<\/p>\n\n\n\n<h2 class=\"wp-block-heading\" id=\"objetos-possiveis-de-parcelamento\">Objetos poss\u00edveis de Parcelamento<\/h2>\n\n\n\n<p>Dando continuidade ao Resumo sobre o Parcelamento de cr\u00e9ditos SEFAZ-PA &#8211; Decreto 2.057\/2018, vejamos os objetos poss\u00edveis de Parcelamento e os que n\u00e3o s\u00e3o.<\/p>\n\n\n\n<p><strong><mark style=\"background-color:rgba(0, 0, 0, 0)\" class=\"has-inline-color has-vivid-cyan-blue-color\">Objetos de parcelamento<\/mark><\/strong> (Art. 1, \u00a7 1\u00ba):<\/p>\n\n\n\n<ul class=\"wp-block-list\">\n<li>I &#8211; Imposto sobre Opera\u00e7\u00f5es Relativas \u00e0 Circula\u00e7\u00e3o de Mercadorias e sobre a Presta\u00e7\u00e3o de Servi\u00e7os de Transporte Interestadual e Intermunicipal e de Comunica\u00e7\u00e3o (<strong><mark style=\"background-color:rgba(0, 0, 0, 0)\" class=\"has-inline-color has-vivid-green-cyan-color\">ICMS<\/mark><\/strong>);<\/li>\n\n\n\n<li>II &#8211; Imposto sobre a Propriedade de Ve\u00edculos Automotores (<strong><mark style=\"background-color:rgba(0, 0, 0, 0)\" class=\"has-inline-color has-vivid-green-cyan-color\">IPVA<\/mark><\/strong>);<\/li>\n\n\n\n<li>III &#8211; Imposto sobre a Transmiss\u00e3o Causa Mortis e Doa\u00e7\u00e3o de quaisquer bens ou direitos (<strong><mark style=\"background-color:rgba(0, 0, 0, 0)\" class=\"has-inline-color has-vivid-green-cyan-color\">ITCD<\/mark>), incidente nas <\/strong><mark style=\"background-color:rgba(0, 0, 0, 0)\" class=\"has-inline-color has-vivid-red-color\"><strong>doa\u00e7\u00f5es<\/strong> <\/mark>de quaisquer bens ou direitos;<\/li>\n<\/ul>\n\n\n\n<p><strong><mark style=\"background-color:rgba(0, 0, 0, 0)\" class=\"has-inline-color has-cyan-bluish-gray-color\">N\u00e3o confunda:<\/mark><\/strong><\/p>\n\n\n\n<p><strong>ITCD-doa\u00e7\u00e3o<\/strong> -&gt; Poss\u00edvel parcelar<\/p>\n\n\n\n<p><strong>ITCD-causa mortis<\/strong> -&gt; H\u00e1 omiss\u00e3o, logo se trata de uma veda\u00e7\u00e3o.<\/p>\n\n\n\n<ul class=\"wp-block-list\">\n<li>IV &#8211; Taxa de Controle, Acompanhamento e Fiscaliza\u00e7\u00e3o das Atividades de Explora\u00e7\u00e3o e Aproveitamento de Recursos H\u00eddricos (<strong><mark style=\"background-color:rgba(0, 0, 0, 0)\" class=\"has-inline-color has-vivid-purple-color\">TFRH<\/mark><\/strong>);<\/li>\n\n\n\n<li>V &#8211; Taxa de Controle, Acompanhamento e Fiscaliza\u00e7\u00e3o das Atividades de Pesquisa, Lavra, Explora\u00e7\u00e3o e Aproveitamento de Recursos Minerais (<strong><mark style=\"background-color:rgba(0, 0, 0, 0)\" class=\"has-inline-color has-vivid-purple-color\">TFRM<\/mark><\/strong>);<\/li>\n\n\n\n<li>VI &#8211; Taxa de Servi\u00e7os de Arrecada\u00e7\u00e3o por Documento de Arrecada\u00e7\u00e3o Estadual (<strong><mark style=\"background-color:rgba(0, 0, 0, 0)\" class=\"has-inline-color has-vivid-purple-color\">DAE<\/mark><\/strong>);<\/li>\n\n\n\n<li>VII &#8211; <strong>D\u00edvida Ativa N\u00e3o Tribut\u00e1ria (<mark style=\"background-color:rgba(0, 0, 0, 0)\" class=\"has-inline-color has-vivid-purple-color\">DANT<\/mark><\/strong>).<\/li>\n<\/ul>\n\n\n\n<p>Podemos dizer ent\u00e3o que abrange impostos, taxas e D\u00edvida ativa n\u00e3o tribut\u00e1ria.<\/p>\n\n\n\n<p>Agora atente-se ao seguinte par\u00e1grafo.<\/p>\n\n\n\n<p><em>Art. 1, \u00a7 2\u00ba<mark style=\"background-color:rgba(0, 0, 0, 0)\" class=\"has-inline-color has-vivid-green-cyan-color\"> <strong>N\u00e3o ser\u00e3o objeto de parcelamento<\/strong><\/mark> os cr\u00e9ditos tribut\u00e1rios, <strong><mark style=\"background-color:rgba(0, 0, 0, 0)\" class=\"has-inline-color has-vivid-red-color\">exceto <\/mark>quando inscrito em d\u00edvida ativa<\/strong>, provenientes de ICMS:<\/em><\/p>\n\n\n\n<ul class=\"wp-block-list\">\n<li><em>I &#8211; por <strong>substitui\u00e7\u00e3o tribut\u00e1ria<\/strong> pelos contribuintes respons\u00e1veis;<\/em><\/li>\n\n\n\n<li><em>II &#8211; incidente nas opera\u00e7\u00f5es de <strong>importa\u00e7\u00e3o<\/strong>.<\/em><\/li>\n<\/ul>\n\n\n\n<p>Podemos concluir que o ICMS-ST e o ICMS-importa\u00e7\u00e3o n\u00e3o poder\u00e3o ser parcelados, entretanto \u00e9 poss\u00edvel parcelar se forem inscritos em d\u00edvida ativa, fique ligado!<\/p>\n\n\n\n<h2 class=\"wp-block-heading\" id=\"efeito-e-montante-do-parcelamento\">Efeito e montante do parcelamento<\/h2>\n\n\n\n<p>Continuando no Resumo sobre o Parcelamento de cr\u00e9ditos SEFAZ-PA &#8211; Decreto 2.057\/2018, agora atente-se aos efeitos do pedido de parcelamento.<\/p>\n\n\n\n<p><strong><mark style=\"background-color:rgba(0, 0, 0, 0)\" class=\"has-inline-color has-vivid-cyan-blue-color\">Efeito pedido de parcelamento<\/mark> <\/strong>(Art. 2\u00ba):<\/p>\n\n\n\n<ul class=\"wp-block-list\">\n<li>Confiss\u00e3o irretrat\u00e1vel do d\u00e9bito fiscal<\/li>\n\n\n\n<li>Expressa ren\u00fancia a qualquer impugna\u00e7\u00e3o ou recurso, administrativo ou <strong>judicial<\/strong>,<\/li>\n\n\n\n<li>Desist\u00eancia do que tenha sido interposto,<\/li>\n<\/ul>\n\n\n\n<p>Aten\u00e7\u00e3o, pois pela literalidade h\u00e1 ren\u00fancia de recurso at\u00e9 na esfera judicial!<\/p>\n\n\n\n<p><strong><mark style=\"background-color:rgba(0, 0, 0, 0)\" class=\"has-inline-color has-vivid-green-cyan-color\">Formaliza\u00e7\u00e3o do pedido<\/mark><\/strong> (Art. 3\u00ba): por <strong>meio eletr\u00f4nico, no s\u00edtio da SEFA<\/strong>, observado o disposto em ato do titular da Secretaria de Estado da Fazenda<\/p>\n\n\n\n<p>Ainda, \u00e9 v\u00e1lido saber que o <strong>montante do cr\u00e9dito<\/strong> tribut\u00e1rio objeto do pedido de parcelamento ser\u00e1 <strong>consolidado na data do pedido<\/strong>, com os acr\u00e9scimos decorrentes da mora (Art. 4).<\/p>\n\n\n\n<p>Quanto \u00e0s \u201catualiza\u00e7\u00f5es\u201d do valor e parcela, temos que:<\/p>\n\n\n\n<ul class=\"wp-block-list\">\n<li><mark style=\"background-color:rgba(0, 0, 0, 0)\" class=\"has-inline-color has-vivid-purple-color\"><strong>C\u00e1lculo do valor total do d\u00e9bito fiscal<\/strong> <strong>e apura\u00e7\u00e3o dos juros de mora<\/strong><\/mark>, a contagem dos prazos \u00e9 efetuada considerando-se o m\u00eas calend\u00e1rio, assim entendido, o per\u00edodo de tempo compreendido entre o dia 1\u00ba de cada m\u00eas e o \u00faltimo dia do mesmo m\u00eas (Art. 5\u00ba).<\/li>\n<\/ul>\n\n\n\n<ul class=\"wp-block-list\">\n<li><strong><mark style=\"background-color:rgba(0, 0, 0, 0)\" class=\"has-inline-color has-vivid-purple-color\">Valor de cada parcela mensal<\/mark><\/strong>, por ocasi\u00e3o do pagamento, <strong>ser\u00e1 acrescido de juros equivalentes \u00e0<\/strong> taxa referencial do Sistema Especial de Liquida\u00e7\u00e3o e de Cust\u00f3dia (<strong>SELIC<\/strong>), acumulada mensalmente, calculados a partir da data da homologa\u00e7\u00e3o <strong>at\u00e9 o m\u00eas anterior ao do pagamento<\/strong>, e de <strong>1%<\/strong> relativamente ao <strong>m\u00eas em que o pagamento estiver sendo efetuado<\/strong> (Art. 9\u00ba)<\/li>\n<\/ul>\n\n\n\n<p>Ou seja, o valor total do d\u00e9bito \u00e9 atualizado \u00e9 pelo juros de mora e cada parcela ser\u00e1 acrescida de juros (SELIC) e 1% no m\u00eas do pagamento.<\/p>\n\n\n\n<p>Por fim,<\/p>\n\n\n\n<p><strong>Cada estabelecimento<\/strong> do <strong>mesmo titular \u00e9 considerado <mark style=\"background-color:rgba(0, 0, 0, 0)\" class=\"has-inline-color has-vivid-red-color\">aut\u00f4nomo <\/mark>para os efeitos de concess\u00e3o de parcelamento <\/strong>(Art. 6\u00ba).<\/p>\n\n\n\n<p>Da mesma forma, o <strong>parcelamento de cr\u00e9ditos<\/strong> <strong>de natureza tribut\u00e1ria<\/strong> e <strong>n\u00e3o tribut\u00e1ria<\/strong> <strong>ser\u00e3o formalizados <mark style=\"background-color:rgba(0, 0, 0, 0)\" class=\"has-inline-color has-vivid-red-color\">individualmente <\/mark>por esp\u00e9cie e situa\u00e7\u00e3o de d\u00e9bito (<\/strong>Art. 8\u00ba)<\/p>\n\n\n\n<h2 class=\"wp-block-heading\" id=\"pagamento\">Pagamento<\/h2>\n\n\n\n<p>Agora no Resumo sobre o Parcelamento de cr\u00e9ditos SEFAZ-PA &#8211; Decreto 2.057\/2018, vamos tratar sobre pagamento e alguns assuntos relacionados.<\/p>\n\n\n\n<p><mark style=\"background-color:rgba(0, 0, 0, 0)\" class=\"has-inline-color has-vivid-cyan-blue-color\"><strong>Pagamento<\/strong> <\/mark>(Art. 10): parcelas mensais e sucessivas, com vencimento no<strong> \u00faltimo dia <mark style=\"background-color:rgba(0, 0, 0, 0)\" class=\"has-inline-color has-vivid-red-color\">\u00fatil <\/mark><\/strong>de cada m\u00eas.<\/p>\n\n\n\n<p>Atente-se que se trata do \u00faltimo dia \u00fatil!<\/p>\n\n\n\n<p><strong><mark style=\"background-color:rgba(0, 0, 0, 0)\" class=\"has-inline-color has-vivid-green-cyan-color\">Pagamento em duplicidade<\/mark><\/strong> (Art. 10, \u00a7\u00fa): enquanto n\u00e3o quitado o parcelamento, ser\u00e1 <strong>compensado nas parcelas, vencidas ou vincendas<\/strong>, na ordem crescente das datas de vencimento.<\/p>\n\n\n\n<p>Saibamos tamb\u00e9m que algumas \u201ca\u00e7\u00f5es\u201d far\u00e3o com que o parcelamento seja rescindido.<\/p>\n\n\n\n<p><strong><mark style=\"background-color:rgba(0, 0, 0, 0)\" class=\"has-inline-color has-vivid-purple-color\">Rescis\u00e3o do parcelamento<\/mark><\/strong> (Art. 11):<\/p>\n\n\n\n<ul class=\"wp-block-list\">\n<li>I &#8211; o <strong>n\u00e3o pagamento<\/strong> de <strong>2 parcelas<\/strong> mensais ou saldo de parcelas, consecutivas ou n\u00e3o;<\/li>\n\n\n\n<li>II &#8211; o <strong>n\u00e3o pagamento<\/strong> de qualquer parcela ou saldo de parcelas, <strong>em per\u00edodo superior a 90 dias<\/strong>;<\/li>\n\n\n\n<li>III &#8211; na <strong>decreta\u00e7\u00e3o da fal\u00eancia <\/strong>ap\u00f3s a recupera\u00e7\u00e3o judicial (Art. 1, \u00a74\u00ba)<\/li>\n<\/ul>\n\n\n\n<p><strong><mark style=\"background-color:rgba(0, 0, 0, 0)\" class=\"has-inline-color has-luminous-vivid-amber-color\">Obs<\/mark><\/strong><mark style=\"background-color:rgba(0, 0, 0, 0)\" class=\"has-inline-color has-luminous-vivid-amber-color\"><strong>.:<\/strong> <\/mark>Ocorrer\u00e1 de forma imediata, independente de comunica\u00e7\u00e3o pr\u00e9via.<\/p>\n\n\n\n<p>Ap\u00f3s a rescis\u00e3o, o Decreto elencou uma esp\u00e9cie de \u201cimputa\u00e7\u00e3o em pagamento\u201d, vamos conhecer a ordem.<\/p>\n\n\n\n<p><strong><mark style=\"background-color:rgba(0, 0, 0, 0)\" class=\"has-inline-color has-luminous-vivid-orange-color\">Imputa\u00e7\u00e3o em pagamento<\/mark> <\/strong>(Art. 11, \u00a7 1\u00ba): <strong>Primeiramente ser\u00e3o amortizadas aos d\u00e9bitos as parcelas pagas pelo valor original<\/strong> na data da gera\u00e7\u00e3o do parcelamento, considerando o saldo das d\u00edvidas na mesma data base, da <strong>seguinte forma:<\/strong><\/p>\n\n\n\n<ul class=\"wp-block-list\">\n<li>I &#8211; em rela\u00e7\u00e3o aos d\u00e9bitos, na <strong>ordem crescente dos prazos<\/strong> de prescri\u00e7\u00e3o;<\/li>\n\n\n\n<li>II &#8211; em caso de d\u00e9bitos com per\u00edodos de refer\u00eancia id\u00eanticos, na <strong>ordem decrescente dos montantes<\/strong>;<\/li>\n\n\n\n<li>III &#8211; em rela\u00e7\u00e3o a cada d\u00e9bito, primeiramente as <strong>multas, depois os juros e por fim a obriga\u00e7\u00e3o principal<\/strong>.<\/li>\n<\/ul>\n\n\n\n<p><strong>Posteriormente \u00e0 amortiza\u00e7\u00e3o <\/strong>(Art. 11, \u00a72\u00ba):<strong> <\/strong>sobre o <strong>saldo devedor remanescente incidir\u00e3o acr\u00e9scimos morat\u00f3rios<\/strong> previstos na legisla\u00e7\u00e3o vigente.<\/p>\n\n\n\n<p><strong>Saldo remanescente<\/strong> (Art. 11, \u00a73\u00ba): <strong><mark style=\"background-color:rgba(0, 0, 0, 0)\" class=\"has-inline-color has-vivid-red-color\">automaticamente<\/mark><\/strong>, <strong>inscrito em d\u00edvida ativa.<\/strong><\/p>\n\n\n\n<h2 class=\"wp-block-heading\" id=\"resumo-estrategico\">Resumo Estrat\u00e9gico<\/h2>\n\n\n\n<p>Para finalizar o Resumo sobre o Parcelamento de cr\u00e9ditos SEFAZ-PA &#8211; Decreto 2.057\/2018, vamos esquematizar as principais informa\u00e7\u00f5es do Decreto.<\/p>\n\n\n\n<p><strong><mark style=\"background-color:rgba(0, 0, 0, 0)\" class=\"has-inline-color has-cyan-bluish-gray-color\">Compet\u00eancia para condi\u00e7\u00f5es no parcelamento<\/mark> <\/strong>(Arts. 1\u00ba e 13\u00ba): Secret\u00e1rio da Fazenda<\/p>\n\n\n\n<p><strong><mark style=\"background-color:rgba(0, 0, 0, 0)\" class=\"has-inline-color has-cyan-bluish-gray-color\">Cr\u00e9ditos:<\/mark><\/strong><\/p>\n\n\n\n<ul class=\"wp-block-list\">\n<li><strong>Pass\u00edveis de parcelamento<\/strong><strong> <\/strong>(Art. 1, \u00a71\u00ba): ICMS, ITCMD-doa\u00e7\u00e3o e IPVA, taxas e D\u00edvida Ativa N\u00e3o Tribut\u00e1ria<strong><\/strong><\/li>\n\n\n\n<li><strong>N\u00e3o se aplica<\/strong><strong> <\/strong>(Art. 1, \u00a71\u00ba): ITCMD-causa mortis; ST* e importa\u00e7\u00e3o*<strong><\/strong><\/li>\n<\/ul>\n\n\n\n<p>*Poss\u00edvel se inscritos em d\u00edvida ativa<\/p>\n\n\n\n<p><mark style=\"background-color:rgba(0, 0, 0, 0)\" class=\"has-inline-color has-cyan-bluish-gray-color\"><strong>Quantidade m\u00e1xima de parcelas<\/strong> <\/mark>(Art. 1, caput e \u00a74\u00ba)<\/p>\n\n\n\n<ul class=\"wp-block-list\">\n<li><strong>Regra<\/strong>: 60 parcelas<\/li>\n\n\n\n<li><strong>Empresas em recupera\u00e7\u00e3o judicial<\/strong>: 84 parcelas<\/li>\n<\/ul>\n\n\n\n<p><mark style=\"background-color: rgba(0, 0, 0, 0);\" class=\"has-inline-color has-cyan-bluish-gray-color\"><b>Limite <\/b><\/mark><strong><mark style=\"background-color:rgba(0, 0, 0, 0)\" class=\"has-inline-color has-cyan-bluish-gray-color\">m\u00ednimo da parcela <\/mark><\/strong>(Art. 1, \u00a73\u00ba)<strong>: 50 UPF-PA.<\/strong><\/p>\n\n\n\n<p><mark style=\"background-color:rgba(0, 0, 0, 0)\" class=\"has-inline-color has-cyan-bluish-gray-color\"><strong>Vencimento<\/strong> <\/mark>(Art. 10):<strong> \u00faltimo dia \u00fatil de cada m\u00eas.<\/strong><\/p>\n\n\n\n<h2 class=\"wp-block-heading\" id=\"consideracoes-finais\">Considera\u00e7\u00f5es Finais<\/h2>\n\n\n\n<p>Pessoal, chegamos ao final do Parcelamento de cr\u00e9ditos SEFAZ-PA &#8211; Decreto 2.057\/2018. Espero que tenham gostado.<\/p>\n\n\n\n<p>Trata-se de um tema com bastante detalhe e que exige bastante memoriza\u00e7\u00e3o, assim busque fazer a leitura da Lei Seca, al\u00e9m de realizar muitas quest\u00f5es em nosso sistema de quest\u00f5es.<\/p>\n\n\n\n<p class=\"has-text-align-center\"><a href=\"https:\/\/concursos.estrategiaeducacional.com.br\/\">Sistema de Quest\u00f5es (SQ) \u2013 Estrat\u00e9gia Concursos<\/a><\/p>\n\n\n\n<p>Gostou do artigo? Siga-nos<\/p>\n\n\n\n<p><a href=\"https:\/\/www.instagram.com\/resumospassarin\/\">https:\/\/www.instagram.com\/resumospassarin\/<\/a> <\/p>\n\n\n\n<h2 class=\"wp-block-heading has-text-align-center\" id=\"h-quer-saber-tudo-sobre-concursos-previstos-confira-nossos-artigos\">Quer saber tudo sobre concursos previstos?<br \/>Confira nossos artigos!<\/h2>\n\n\n\n<p class=\"has-text-align-center has-white-color has-black-background-color has-text-color has-background\"><strong><a href=\"https:\/\/www.estrategiaconcursos.com.br\/blog\/concursos-abertos\/\" target=\"_blank\" rel=\"noreferrer noopener\">Concursos abertos<\/a><\/strong><\/p>\n\n\n\n<p class=\"has-text-align-center has-white-color has-black-background-color has-text-color has-background\"><strong><a href=\"https:\/\/www.estrategiaconcursos.com.br\/blog\/concursos-2022\/\" target=\"_blank\" rel=\"noreferrer noopener\">Concursos 2022<\/a><\/strong><\/p>\n\n\n\n<div class=\"container\" id=\"boxes\">\n  <div class=\"row\">\n\n    <div class=\"col-sm\">\n      <div class=\"estrategia\" id=\"box-assinatura\">\n        <h3 class=\"titulo-assinatura\">Assinatura de Concursos<\/h3>\n        <p class=\"subtitulo-assinatura\">Assinatura de 1 ano ou 2 anos<\/p>\n        <div class=\"box-botao\">\n          <a class=\"btn-assinatura\" target=\"_blank\" href=\"https:\/\/www.estrategiaconcursos.com.br\/assinaturas\/\" role=\"button\" rel=\"noopener noreferrer\">ASSINE AGORA<\/a>\n        <\/div>\n      <\/div>\n     \n    <\/div><\/div><\/div>\n\n\n\n<p>At\u00e9 mais e bons estudos!<\/p>\n","protected":false},"excerpt":{"rendered":"<p>Ol\u00e1, pessoal. Tudo certo? No artigo de hoje veremos o Resumo sobre o Parcelamento de cr\u00e9ditos SEFAZ-PA &#8211; Decreto 2.057\/2018. Trata-se de Decreto que disp\u00f5e sobre o parcelamento de cr\u00e9ditos de natureza tribut\u00e1ria e n\u00e3o tribut\u00e1ria, assim por ser um tema bem espec\u00edfico da legisla\u00e7\u00e3o do Par\u00e1, h\u00e1 uma grande probabilidade de termos ao menos [&hellip;]<\/p>\n","protected":false},"author":1763,"featured_media":529501,"comment_status":"open","ping_status":"closed","sticky":false,"template":"","format":"standard","meta":{"post_tipo":"article","footnotes":""},"categories":[1983],"tags":[],"tax_estado":[219977],"class_list":["post-980294","post","type-post","status-publish","format-standard","has-post-thumbnail","hentry","category-fiscal-estadual","tax_estado-pa"],"acf":[],"yoast_head":"<!-- This site is optimized with the Yoast SEO Premium plugin v27.2 (Yoast SEO v27.2) - https:\/\/yoast.com\/product\/yoast-seo-premium-wordpress\/ -->\n<title>Resumo sobre o Parcelamento de cr\u00e9ditos SEFAZ-PA<\/title>\n<meta name=\"description\" content=\"Veja neste artigo de hoje o Resumo esquem\u00e1tico sobre o Parcelamento de cr\u00e9ditos SEFAZ-PA - Decreto 2.057\/2018.\" \/>\n<meta name=\"robots\" content=\"index, follow, max-snippet:-1, max-image-preview:large, max-video-preview:-1\" \/>\n<link rel=\"canonical\" href=\"https:\/\/www.estrategiaconcursos.com.br\/blog\/parcelamento-de-creditos-sefaz-pa\/\" \/>\n<meta property=\"og:locale\" content=\"pt_BR\" \/>\n<meta property=\"og:type\" content=\"article\" \/>\n<meta property=\"og:title\" content=\"Resumo sobre o Parcelamento de cr\u00e9ditos SEFAZ-PA\" \/>\n<meta property=\"og:description\" content=\"Veja neste artigo de hoje o Resumo esquem\u00e1tico sobre o Parcelamento de cr\u00e9ditos SEFAZ-PA - Decreto 2.057\/2018.\" \/>\n<meta property=\"og:url\" content=\"https:\/\/www.estrategiaconcursos.com.br\/blog\/parcelamento-de-creditos-sefaz-pa\/\" \/>\n<meta property=\"og:site_name\" content=\"Estrat\u00e9gia Concursos\" \/>\n<meta property=\"article:published_time\" content=\"2022-03-17T11:03:00+00:00\" \/>\n<meta property=\"article:modified_time\" content=\"2023-09-01T13:37:51+00:00\" \/>\n<meta property=\"og:image\" content=\"https:\/\/dhg1h5j42swfq.cloudfront.net\/2020\/06\/20105739\/sefaz-pa-1.jpg\" \/>\n\t<meta property=\"og:image:width\" content=\"1200\" \/>\n\t<meta property=\"og:image:height\" content=\"628\" \/>\n\t<meta property=\"og:image:type\" content=\"image\/jpeg\" \/>\n<meta name=\"author\" content=\"Leonardo Menezes Passarin\" \/>\n<meta name=\"twitter:card\" content=\"summary_large_image\" \/>\n<meta name=\"twitter:creator\" content=\"@EstratConcursos\" \/>\n<meta name=\"twitter:site\" content=\"@EstratConcursos\" \/>\n<meta name=\"twitter:label1\" content=\"Escrito por\" \/>\n\t<meta name=\"twitter:data1\" content=\"Leonardo Menezes Passarin\" \/>\n\t<meta name=\"twitter:label2\" content=\"Est. tempo de leitura\" \/>\n\t<meta name=\"twitter:data2\" content=\"8 minutos\" \/>\n<script type=\"application\/ld+json\" class=\"yoast-schema-graph\">{\"@context\":\"https:\/\/schema.org\",\"@graph\":[{\"@type\":\"NewsArticle\",\"@id\":\"https:\/\/www.estrategiaconcursos.com.br\/blog\/parcelamento-de-creditos-sefaz-pa\/#article\",\"isPartOf\":{\"@id\":\"https:\/\/www.estrategiaconcursos.com.br\/blog\/parcelamento-de-creditos-sefaz-pa\/\"},\"author\":{\"name\":\"Leonardo Menezes Passarin\",\"@id\":\"https:\/\/www.estrategiaconcursos.com.br\/blog\/#\/schema\/person\/245b44e43eb13f0dbd04a7a078cd0d0d\"},\"headline\":\"Resumo sobre o Parcelamento de cr\u00e9ditos SEFAZ-PA\",\"datePublished\":\"2022-03-17T11:03:00+00:00\",\"dateModified\":\"2023-09-01T13:37:51+00:00\",\"mainEntityOfPage\":{\"@id\":\"https:\/\/www.estrategiaconcursos.com.br\/blog\/parcelamento-de-creditos-sefaz-pa\/\"},\"wordCount\":1480,\"commentCount\":0,\"publisher\":{\"@id\":\"https:\/\/www.estrategiaconcursos.com.br\/blog\/#organization\"},\"image\":{\"@id\":\"https:\/\/www.estrategiaconcursos.com.br\/blog\/parcelamento-de-creditos-sefaz-pa\/#primaryimage\"},\"thumbnailUrl\":\"https:\/\/dhg1h5j42swfq.cloudfront.net\/2020\/06\/20105739\/sefaz-pa-1.jpg\",\"articleSection\":[\"Fiscal - Estadual (ICMS)\"],\"inLanguage\":\"pt-BR\",\"potentialAction\":[{\"@type\":\"CommentAction\",\"name\":\"Comment\",\"target\":[\"https:\/\/www.estrategiaconcursos.com.br\/blog\/parcelamento-de-creditos-sefaz-pa\/#respond\"]}],\"copyrightYear\":\"2022\",\"copyrightHolder\":{\"@id\":\"https:\/\/www.estrategiaconcursos.com.br\/blog\/#organization\"}},{\"@type\":\"WebPage\",\"@id\":\"https:\/\/www.estrategiaconcursos.com.br\/blog\/parcelamento-de-creditos-sefaz-pa\/\",\"url\":\"https:\/\/www.estrategiaconcursos.com.br\/blog\/parcelamento-de-creditos-sefaz-pa\/\",\"name\":\"Resumo sobre o Parcelamento de cr\u00e9ditos SEFAZ-PA\",\"isPartOf\":{\"@id\":\"https:\/\/www.estrategiaconcursos.com.br\/blog\/#website\"},\"primaryImageOfPage\":{\"@id\":\"https:\/\/www.estrategiaconcursos.com.br\/blog\/parcelamento-de-creditos-sefaz-pa\/#primaryimage\"},\"image\":{\"@id\":\"https:\/\/www.estrategiaconcursos.com.br\/blog\/parcelamento-de-creditos-sefaz-pa\/#primaryimage\"},\"thumbnailUrl\":\"https:\/\/dhg1h5j42swfq.cloudfront.net\/2020\/06\/20105739\/sefaz-pa-1.jpg\",\"datePublished\":\"2022-03-17T11:03:00+00:00\",\"dateModified\":\"2023-09-01T13:37:51+00:00\",\"description\":\"Veja neste artigo de hoje o Resumo esquem\u00e1tico sobre o Parcelamento de cr\u00e9ditos SEFAZ-PA - Decreto 2.057\/2018.\",\"breadcrumb\":{\"@id\":\"https:\/\/www.estrategiaconcursos.com.br\/blog\/parcelamento-de-creditos-sefaz-pa\/#breadcrumb\"},\"inLanguage\":\"pt-BR\",\"potentialAction\":[{\"@type\":\"ReadAction\",\"target\":[\"https:\/\/www.estrategiaconcursos.com.br\/blog\/parcelamento-de-creditos-sefaz-pa\/\"]}]},{\"@type\":\"ImageObject\",\"inLanguage\":\"pt-BR\",\"@id\":\"https:\/\/www.estrategiaconcursos.com.br\/blog\/parcelamento-de-creditos-sefaz-pa\/#primaryimage\",\"url\":\"https:\/\/dhg1h5j42swfq.cloudfront.net\/2020\/06\/20105739\/sefaz-pa-1.jpg\",\"contentUrl\":\"https:\/\/dhg1h5j42swfq.cloudfront.net\/2020\/06\/20105739\/sefaz-pa-1.jpg\",\"width\":1200,\"height\":628,\"caption\":\"Resumo PAT SEFAZ-PA\"},{\"@type\":\"BreadcrumbList\",\"@id\":\"https:\/\/www.estrategiaconcursos.com.br\/blog\/parcelamento-de-creditos-sefaz-pa\/#breadcrumb\",\"itemListElement\":[{\"@type\":\"ListItem\",\"position\":1,\"name\":\"In\u00edcio\",\"item\":\"https:\/\/www.estrategiaconcursos.com.br\/blog\/\"},{\"@type\":\"ListItem\",\"position\":2,\"name\":\"Resumo sobre o Parcelamento de cr\u00e9ditos SEFAZ-PA\"}]},{\"@type\":\"WebSite\",\"@id\":\"https:\/\/www.estrategiaconcursos.com.br\/blog\/#website\",\"url\":\"https:\/\/www.estrategiaconcursos.com.br\/blog\/\",\"name\":\"Estrat\u00e9gia Concursos\",\"description\":\"O blog da Estrat\u00e9gia Concursos traz not\u00edcias sobre concursos e artigos de professores oferecendo cursos para concursos (pdf + videaulas) no site.\",\"publisher\":{\"@id\":\"https:\/\/www.estrategiaconcursos.com.br\/blog\/#organization\"},\"potentialAction\":[{\"@type\":\"SearchAction\",\"target\":{\"@type\":\"EntryPoint\",\"urlTemplate\":\"https:\/\/www.estrategiaconcursos.com.br\/blog\/?s={search_term_string}\"},\"query-input\":{\"@type\":\"PropertyValueSpecification\",\"valueRequired\":true,\"valueName\":\"search_term_string\"}}],\"inLanguage\":\"pt-BR\"},{\"@type\":\"Organization\",\"@id\":\"https:\/\/www.estrategiaconcursos.com.br\/blog\/#organization\",\"name\":\"Estrat\u00e9gia Concursos\",\"url\":\"https:\/\/www.estrategiaconcursos.com.br\/blog\/\",\"logo\":{\"@type\":\"ImageObject\",\"inLanguage\":\"pt-BR\",\"@id\":\"https:\/\/www.estrategiaconcursos.com.br\/blog\/#\/schema\/logo\/image\/\",\"url\":\"https:\/\/dhg1h5j42swfq.cloudfront.net\/2025\/06\/03203428\/logo_concursos-1.jpg\",\"contentUrl\":\"https:\/\/dhg1h5j42swfq.cloudfront.net\/2025\/06\/03203428\/logo_concursos-1.jpg\",\"width\":230,\"height\":60,\"caption\":\"Estrat\u00e9gia Concursos\"},\"image\":{\"@id\":\"https:\/\/www.estrategiaconcursos.com.br\/blog\/#\/schema\/logo\/image\/\"},\"sameAs\":[\"https:\/\/x.com\/EstratConcursos\"]},{\"@type\":\"Person\",\"@id\":\"https:\/\/www.estrategiaconcursos.com.br\/blog\/#\/schema\/person\/245b44e43eb13f0dbd04a7a078cd0d0d\",\"name\":\"Leonardo Menezes Passarin\",\"image\":{\"@type\":\"ImageObject\",\"inLanguage\":\"pt-BR\",\"@id\":\"https:\/\/secure.gravatar.com\/avatar\/fc0e5714ceaa97f24e6e6a30eab74ba8a701c2b62f8cab100ffdb22c6d8f42c3?s=96&d=mm&r=g\",\"url\":\"https:\/\/secure.gravatar.com\/avatar\/fc0e5714ceaa97f24e6e6a30eab74ba8a701c2b62f8cab100ffdb22c6d8f42c3?s=96&d=mm&r=g\",\"contentUrl\":\"https:\/\/secure.gravatar.com\/avatar\/fc0e5714ceaa97f24e6e6a30eab74ba8a701c2b62f8cab100ffdb22c6d8f42c3?s=96&d=mm&r=g\",\"caption\":\"Leonardo Menezes Passarin\"},\"url\":\"https:\/\/www.estrategiaconcursos.com.br\/blog\/author\/passarin-leonardohotmail-com\/\"}]}<\/script>\n<!-- \/ Yoast SEO Premium plugin. -->","yoast_head_json":{"title":"Resumo sobre o Parcelamento de cr\u00e9ditos SEFAZ-PA","description":"Veja neste artigo de hoje o Resumo esquem\u00e1tico sobre o Parcelamento de cr\u00e9ditos SEFAZ-PA - Decreto 2.057\/2018.","robots":{"index":"index","follow":"follow","max-snippet":"max-snippet:-1","max-image-preview":"max-image-preview:large","max-video-preview":"max-video-preview:-1"},"canonical":"https:\/\/www.estrategiaconcursos.com.br\/blog\/parcelamento-de-creditos-sefaz-pa\/","og_locale":"pt_BR","og_type":"article","og_title":"Resumo sobre o Parcelamento de cr\u00e9ditos SEFAZ-PA","og_description":"Veja neste artigo de hoje o Resumo esquem\u00e1tico sobre o Parcelamento de cr\u00e9ditos SEFAZ-PA - Decreto 2.057\/2018.","og_url":"https:\/\/www.estrategiaconcursos.com.br\/blog\/parcelamento-de-creditos-sefaz-pa\/","og_site_name":"Estrat\u00e9gia Concursos","article_published_time":"2022-03-17T11:03:00+00:00","article_modified_time":"2023-09-01T13:37:51+00:00","og_image":[{"width":1200,"height":628,"url":"https:\/\/dhg1h5j42swfq.cloudfront.net\/2020\/06\/20105739\/sefaz-pa-1.jpg","type":"image\/jpeg"}],"author":"Leonardo Menezes Passarin","twitter_card":"summary_large_image","twitter_creator":"@EstratConcursos","twitter_site":"@EstratConcursos","twitter_misc":{"Escrito por":"Leonardo Menezes Passarin","Est. tempo de leitura":"8 minutos"},"schema":{"@context":"https:\/\/schema.org","@graph":[{"@type":"NewsArticle","@id":"https:\/\/www.estrategiaconcursos.com.br\/blog\/parcelamento-de-creditos-sefaz-pa\/#article","isPartOf":{"@id":"https:\/\/www.estrategiaconcursos.com.br\/blog\/parcelamento-de-creditos-sefaz-pa\/"},"author":{"name":"Leonardo Menezes Passarin","@id":"https:\/\/www.estrategiaconcursos.com.br\/blog\/#\/schema\/person\/245b44e43eb13f0dbd04a7a078cd0d0d"},"headline":"Resumo sobre o Parcelamento de cr\u00e9ditos SEFAZ-PA","datePublished":"2022-03-17T11:03:00+00:00","dateModified":"2023-09-01T13:37:51+00:00","mainEntityOfPage":{"@id":"https:\/\/www.estrategiaconcursos.com.br\/blog\/parcelamento-de-creditos-sefaz-pa\/"},"wordCount":1480,"commentCount":0,"publisher":{"@id":"https:\/\/www.estrategiaconcursos.com.br\/blog\/#organization"},"image":{"@id":"https:\/\/www.estrategiaconcursos.com.br\/blog\/parcelamento-de-creditos-sefaz-pa\/#primaryimage"},"thumbnailUrl":"https:\/\/dhg1h5j42swfq.cloudfront.net\/2020\/06\/20105739\/sefaz-pa-1.jpg","articleSection":["Fiscal - Estadual (ICMS)"],"inLanguage":"pt-BR","potentialAction":[{"@type":"CommentAction","name":"Comment","target":["https:\/\/www.estrategiaconcursos.com.br\/blog\/parcelamento-de-creditos-sefaz-pa\/#respond"]}],"copyrightYear":"2022","copyrightHolder":{"@id":"https:\/\/www.estrategiaconcursos.com.br\/blog\/#organization"}},{"@type":"WebPage","@id":"https:\/\/www.estrategiaconcursos.com.br\/blog\/parcelamento-de-creditos-sefaz-pa\/","url":"https:\/\/www.estrategiaconcursos.com.br\/blog\/parcelamento-de-creditos-sefaz-pa\/","name":"Resumo sobre o Parcelamento de cr\u00e9ditos SEFAZ-PA","isPartOf":{"@id":"https:\/\/www.estrategiaconcursos.com.br\/blog\/#website"},"primaryImageOfPage":{"@id":"https:\/\/www.estrategiaconcursos.com.br\/blog\/parcelamento-de-creditos-sefaz-pa\/#primaryimage"},"image":{"@id":"https:\/\/www.estrategiaconcursos.com.br\/blog\/parcelamento-de-creditos-sefaz-pa\/#primaryimage"},"thumbnailUrl":"https:\/\/dhg1h5j42swfq.cloudfront.net\/2020\/06\/20105739\/sefaz-pa-1.jpg","datePublished":"2022-03-17T11:03:00+00:00","dateModified":"2023-09-01T13:37:51+00:00","description":"Veja neste artigo de hoje o Resumo esquem\u00e1tico sobre o Parcelamento de cr\u00e9ditos SEFAZ-PA - Decreto 2.057\/2018.","breadcrumb":{"@id":"https:\/\/www.estrategiaconcursos.com.br\/blog\/parcelamento-de-creditos-sefaz-pa\/#breadcrumb"},"inLanguage":"pt-BR","potentialAction":[{"@type":"ReadAction","target":["https:\/\/www.estrategiaconcursos.com.br\/blog\/parcelamento-de-creditos-sefaz-pa\/"]}]},{"@type":"ImageObject","inLanguage":"pt-BR","@id":"https:\/\/www.estrategiaconcursos.com.br\/blog\/parcelamento-de-creditos-sefaz-pa\/#primaryimage","url":"https:\/\/dhg1h5j42swfq.cloudfront.net\/2020\/06\/20105739\/sefaz-pa-1.jpg","contentUrl":"https:\/\/dhg1h5j42swfq.cloudfront.net\/2020\/06\/20105739\/sefaz-pa-1.jpg","width":1200,"height":628,"caption":"Resumo PAT SEFAZ-PA"},{"@type":"BreadcrumbList","@id":"https:\/\/www.estrategiaconcursos.com.br\/blog\/parcelamento-de-creditos-sefaz-pa\/#breadcrumb","itemListElement":[{"@type":"ListItem","position":1,"name":"In\u00edcio","item":"https:\/\/www.estrategiaconcursos.com.br\/blog\/"},{"@type":"ListItem","position":2,"name":"Resumo sobre o Parcelamento de cr\u00e9ditos SEFAZ-PA"}]},{"@type":"WebSite","@id":"https:\/\/www.estrategiaconcursos.com.br\/blog\/#website","url":"https:\/\/www.estrategiaconcursos.com.br\/blog\/","name":"Estrat\u00e9gia Concursos","description":"O blog da Estrat\u00e9gia Concursos traz not\u00edcias sobre concursos e artigos de professores oferecendo cursos para concursos (pdf + videaulas) no site.","publisher":{"@id":"https:\/\/www.estrategiaconcursos.com.br\/blog\/#organization"},"potentialAction":[{"@type":"SearchAction","target":{"@type":"EntryPoint","urlTemplate":"https:\/\/www.estrategiaconcursos.com.br\/blog\/?s={search_term_string}"},"query-input":{"@type":"PropertyValueSpecification","valueRequired":true,"valueName":"search_term_string"}}],"inLanguage":"pt-BR"},{"@type":"Organization","@id":"https:\/\/www.estrategiaconcursos.com.br\/blog\/#organization","name":"Estrat\u00e9gia Concursos","url":"https:\/\/www.estrategiaconcursos.com.br\/blog\/","logo":{"@type":"ImageObject","inLanguage":"pt-BR","@id":"https:\/\/www.estrategiaconcursos.com.br\/blog\/#\/schema\/logo\/image\/","url":"https:\/\/dhg1h5j42swfq.cloudfront.net\/2025\/06\/03203428\/logo_concursos-1.jpg","contentUrl":"https:\/\/dhg1h5j42swfq.cloudfront.net\/2025\/06\/03203428\/logo_concursos-1.jpg","width":230,"height":60,"caption":"Estrat\u00e9gia Concursos"},"image":{"@id":"https:\/\/www.estrategiaconcursos.com.br\/blog\/#\/schema\/logo\/image\/"},"sameAs":["https:\/\/x.com\/EstratConcursos"]},{"@type":"Person","@id":"https:\/\/www.estrategiaconcursos.com.br\/blog\/#\/schema\/person\/245b44e43eb13f0dbd04a7a078cd0d0d","name":"Leonardo Menezes Passarin","image":{"@type":"ImageObject","inLanguage":"pt-BR","@id":"https:\/\/secure.gravatar.com\/avatar\/fc0e5714ceaa97f24e6e6a30eab74ba8a701c2b62f8cab100ffdb22c6d8f42c3?s=96&d=mm&r=g","url":"https:\/\/secure.gravatar.com\/avatar\/fc0e5714ceaa97f24e6e6a30eab74ba8a701c2b62f8cab100ffdb22c6d8f42c3?s=96&d=mm&r=g","contentUrl":"https:\/\/secure.gravatar.com\/avatar\/fc0e5714ceaa97f24e6e6a30eab74ba8a701c2b62f8cab100ffdb22c6d8f42c3?s=96&d=mm&r=g","caption":"Leonardo Menezes Passarin"},"url":"https:\/\/www.estrategiaconcursos.com.br\/blog\/author\/passarin-leonardohotmail-com\/"}]}},"_links":{"self":[{"href":"https:\/\/www.estrategiaconcursos.com.br\/blog\/wp-json\/wp\/v2\/posts\/980294","targetHints":{"allow":["GET"]}}],"collection":[{"href":"https:\/\/www.estrategiaconcursos.com.br\/blog\/wp-json\/wp\/v2\/posts"}],"about":[{"href":"https:\/\/www.estrategiaconcursos.com.br\/blog\/wp-json\/wp\/v2\/types\/post"}],"author":[{"embeddable":true,"href":"https:\/\/www.estrategiaconcursos.com.br\/blog\/wp-json\/wp\/v2\/users\/1763"}],"replies":[{"embeddable":true,"href":"https:\/\/www.estrategiaconcursos.com.br\/blog\/wp-json\/wp\/v2\/comments?post=980294"}],"version-history":[{"count":6,"href":"https:\/\/www.estrategiaconcursos.com.br\/blog\/wp-json\/wp\/v2\/posts\/980294\/revisions"}],"predecessor-version":[{"id":1272546,"href":"https:\/\/www.estrategiaconcursos.com.br\/blog\/wp-json\/wp\/v2\/posts\/980294\/revisions\/1272546"}],"wp:featuredmedia":[{"embeddable":true,"href":"https:\/\/www.estrategiaconcursos.com.br\/blog\/wp-json\/wp\/v2\/media\/529501"}],"wp:attachment":[{"href":"https:\/\/www.estrategiaconcursos.com.br\/blog\/wp-json\/wp\/v2\/media?parent=980294"}],"wp:term":[{"taxonomy":"category","embeddable":true,"href":"https:\/\/www.estrategiaconcursos.com.br\/blog\/wp-json\/wp\/v2\/categories?post=980294"},{"taxonomy":"post_tag","embeddable":true,"href":"https:\/\/www.estrategiaconcursos.com.br\/blog\/wp-json\/wp\/v2\/tags?post=980294"},{"taxonomy":"tax_estado","embeddable":true,"href":"https:\/\/www.estrategiaconcursos.com.br\/blog\/wp-json\/wp\/v2\/tax_estado?post=980294"}],"curies":[{"name":"wp","href":"https:\/\/api.w.org\/{rel}","templated":true}]}}