{"id":979627,"date":"2022-03-05T07:30:00","date_gmt":"2022-03-05T10:30:00","guid":{"rendered":"https:\/\/www.estrategiaconcursos.com.br\/blog\/?p=979627"},"modified":"2022-03-03T17:07:06","modified_gmt":"2022-03-03T20:07:06","slug":"2a-maratona-sefaz-am-pos-edital","status":"publish","type":"post","link":"https:\/\/www.estrategiaconcursos.com.br\/blog\/2a-maratona-sefaz-am-pos-edital\/","title":{"rendered":"2\u00aa Maratona Sefaz AM \u2013 P\u00f3s-Edital: HOJE, a partir das 8h30!"},"content":{"rendered":"\n<p>Aten\u00e7\u00e3o, estrategistas!<\/p>\n\n\n\n<p>Para garantir a sua aprova\u00e7\u00e3o no concurso <strong>Sefaz AM<\/strong>, o Estrat\u00e9gia planejou uma Maratona para l\u00e1 de especial!<\/p>\n\n\n\n<p>A <strong>2\u00aa Maratona Sefaz AM \u2013 P\u00f3s-Edital<\/strong> acontece <strong>ao longo deste s\u00e1bado (05), a partir das 8h30<\/strong>, e conta os melhores professores ministrando as disciplinas mais cobradas no certame!<\/p>\n\n\n\n<p class=\"has-text-align-center\">Confira a programa\u00e7\u00e3o completa abaixo:<\/p>\n\n\n\n<figure class=\"wp-block-table aligncenter is-style-stripes\"><table class=\"has-fixed-layout\"><thead><tr><th class=\"has-text-align-center\" data-align=\"center\">Hor\u00e1rio<\/th><th class=\"has-text-align-center\" data-align=\"center\">Disciplina<\/th><th class=\"has-text-align-center\" data-align=\"center\">Professor<\/th><\/tr><\/thead><tbody><tr><td class=\"has-text-align-center\" data-align=\"center\">das 8h30 \u00e0s 10h<\/td><td class=\"has-text-align-center\" data-align=\"center\">L\u00edngua Portuguesa<\/td><td class=\"has-text-align-center\" data-align=\"center\">Adriana Figueiredo<\/td><\/tr><tr><td class=\"has-text-align-center\" data-align=\"center\">das 10h \u00e0s 11h30<\/td><td class=\"has-text-align-center\" data-align=\"center\">Direito Tribut\u00e1rio<\/td><td class=\"has-text-align-center\" data-align=\"center\">Fernando Maur\u00edcio<\/td><\/tr><tr><td class=\"has-text-align-center\" data-align=\"center\">das 11h30 \u00e0s 13h<\/td><td class=\"has-text-align-center\" data-align=\"center\">Racioc\u00ednio L\u00f3gico e Matem\u00e1tico<\/td><td class=\"has-text-align-center\" data-align=\"center\">Brunno Lima<\/td><\/tr><tr><td class=\"has-text-align-center\" data-align=\"center\">das 14h \u00e0s 15h30<\/td><td class=\"has-text-align-center\" data-align=\"center\">Direito Constitucional<\/td><td class=\"has-text-align-center\" data-align=\"center\">Emerson Bruno<\/td><\/tr><tr><td class=\"has-text-align-center\" data-align=\"center\">das 15h30 \u00e0s 17h<\/td><td class=\"has-text-align-center\" data-align=\"center\">Legisla\u00e7\u00e3o Tribut\u00e1ria<\/td><td class=\"has-text-align-center\" data-align=\"center\">Rafael Rocha<\/td><\/tr><\/tbody><\/table><figcaption>2\u00aa Maratona Sefaz AM \u2013 P\u00f3s-Edital<\/figcaption><\/figure>\n\n\n<figure class=\"wp-block-embed-youtube wp-block-embed is-type-video is-provider-youtube wp-embed-aspect-16-9 wp-has-aspect-ratio lyte-align aligncenter\"><div class=\"lyte-wrapper\" style=\"width:853px;max-width:100%;margin:5px;\"><div class=\"lyMe\" id=\"WYL_ewYk2pdlo3E\"><div id=\"lyte_ewYk2pdlo3E\" data-src=\"\/\/i.ytimg.com\/vi\/ewYk2pdlo3E\/hqdefault.jpg\" class=\"pL\"><div class=\"tC\"><div class=\"tT\"><\/div><\/div><div class=\"play\"><\/div><div class=\"ctrl\"><div class=\"Lctrl\"><\/div><div class=\"Rctrl\"><\/div><\/div><\/div><noscript><a href=\"https:\/\/youtu.be\/ewYk2pdlo3E\" rel=\"nofollow\"><img loading=\"lazy\" decoding=\"async\" src=\"https:\/\/i.ytimg.com\/vi\/ewYk2pdlo3E\/0.jpg\" alt=\"YouTube video thumbnail\" width=\"853\" height=\"460\" \/><br \/>Assista a este v\u00eddeo no YouTube<\/a><\/noscript><\/div><\/div><div class=\"lL\" style=\"max-width:100%;width:853px;margin:5px;\"><\/div><figcaption><\/figcaption><\/figure>\n\n\n<p class=\"has-text-align-center\"><em>Para mais informa\u00e7\u00f5es sobre o concurso Sefaz AM, acesse o link abaixo:<\/em><\/p>\n\n\n\n<p class=\"has-text-align-center has-background has-medium-font-size\" style=\"background-color:#f3f7fa\"><strong>Saiba mais: <a href=\"https:\/\/www.estrategiaconcursos.com.br\/blog\/concurso-sefaz-am\/\" target=\"_blank\" rel=\"noreferrer noopener\">concurso Sefaz AM<\/a><\/strong><\/p>\n\n\n\n<h2 class=\"has-text-align-center wp-block-heading\" id=\"cursos\">Quer estudar para o concurso Sefaz AM?<\/h2>\n\n\n\n<div class=\"container\" id=\"boxes\">\n  <div class=\"row\">\n\n    <div class=\"col-sm\">\n      <div class=\"banner-fiscal-01\" id=\"box-assinatura\">\n        <h3 class=\"titulo-assinatura\">Concurso Sefaz AM<\/h3>\n        <p class=\"subtitulo-assinatura\">Conhe\u00e7a os cursos<\/p>\n        <div class=\"box-botao\">\n          <a class=\"btn-assinatura\" target=\"_blank\" href=\"https:\/\/www.estrategiaconcursos.com.br\/cursosPorConcurso\/sefaz-am-247\/\" role=\"button\" rel=\"noopener noreferrer\">Conhe\u00e7a mais<\/a>\n        <\/div>\n      <\/div>\n    \n    <\/div>\n\n  <\/div>\n<\/div>\n\n\n\n<div class=\"container\" id=\"boxes\">\n  <div class=\"row\">\n\n    <div class=\"col-sm\">\n      <div class=\"estrategia\" id=\"box-assinatura\">\n        <h3 class=\"titulo-assinatura\">Assinatura Concursos<\/h3>\n        <p class=\"subtitulo-assinatura\">Assinatura de 1 ano ou 2 anos<\/p>\n        <div class=\"box-botao\">\n          <a class=\"btn-assinatura\" target=\"_blank\" href=\"https:\/\/www.estrategiaconcursos.com.br\/assinaturas\/\" role=\"button\" rel=\"noopener noreferrer\">ASSINE AGORA<\/a>\n        <\/div>\n      <\/div>\n     \n    <\/div><\/div><\/div>\n\n\n\n<h2 class=\"has-text-align-center wp-block-heading\" id=\"h-quer-saber-tudo-sobre-concursos-previstos-confira-nossos-artigos\">Quer saber tudo sobre concursos previstos?<br \/>Confira nossos artigos!<\/h2>\n\n\n\n<ul class=\"wp-block-list\"><li><a href=\"https:\/\/www.estrategiaconcursos.com.br\/blog\/concursos-abertos\/\" target=\"_blank\" rel=\"noreferrer noopener\">Concursos abertos<\/a><\/li><li><a href=\"https:\/\/www.estrategiaconcursos.com.br\/blog\/concursos-2022\/\" target=\"_blank\" rel=\"noreferrer noopener\">Concursos 2022<\/a><\/li><\/ul>\n","protected":false},"excerpt":{"rendered":"<p>Aten\u00e7\u00e3o, estrategistas! Para garantir a sua aprova\u00e7\u00e3o no concurso Sefaz AM, o Estrat\u00e9gia planejou uma Maratona para l\u00e1 de especial! A 2\u00aa Maratona Sefaz AM \u2013 P\u00f3s-Edital acontece ao longo deste s\u00e1bado (05), a partir das 8h30, e conta os melhores professores ministrando as disciplinas mais cobradas no certame! Confira a programa\u00e7\u00e3o completa abaixo: Hor\u00e1rio [&hellip;]<\/p>\n","protected":false},"author":402,"featured_media":729964,"comment_status":"open","ping_status":"closed","sticky":false,"template":"","format":"standard","meta":{"post_tipo":"news","footnotes":""},"categories":[1983,220219],"tags":[],"tax_estado":[219966],"class_list":["post-979627","post","type-post","status-publish","format-standard","has-post-thumbnail","hentry","category-fiscal-estadual","category-noticias","tax_estado-am"],"acf":[],"yoast_head":"<!-- This site is optimized with the Yoast SEO Premium plugin v27.2 (Yoast SEO v27.2) - https:\/\/yoast.com\/product\/yoast-seo-premium-wordpress\/ -->\n<title>2\u00aa Maratona Sefaz AM \u2013 P\u00f3s-Edital: HOJE, a partir das 8h30!<\/title>\n<meta name=\"description\" content=\"Professores do Estrat\u00e9gia ministram a 2\u00aa Maratona Sefaz AM \u2013 P\u00f3s-Edital: HOJE, a partir das 8h30, no canal do YouTube! N\u00e3o perca!\" \/>\n<meta name=\"robots\" content=\"index, follow, max-snippet:-1, max-image-preview:large, max-video-preview:-1\" \/>\n<link rel=\"canonical\" href=\"https:\/\/www.estrategiaconcursos.com.br\/blog\/2a-maratona-sefaz-am-pos-edital\/\" \/>\n<meta property=\"og:locale\" content=\"pt_BR\" \/>\n<meta property=\"og:type\" content=\"article\" \/>\n<meta property=\"og:title\" content=\"2\u00aa Maratona Sefaz AM \u2013 P\u00f3s-Edital: HOJE, a partir das 8h30!\" \/>\n<meta property=\"og:description\" content=\"Professores do Estrat\u00e9gia ministram a 2\u00aa Maratona Sefaz AM \u2013 P\u00f3s-Edital: HOJE, a partir das 8h30, no canal do YouTube! N\u00e3o perca!\" \/>\n<meta property=\"og:url\" content=\"https:\/\/www.estrategiaconcursos.com.br\/blog\/2a-maratona-sefaz-am-pos-edital\/\" \/>\n<meta property=\"og:site_name\" content=\"Estrat\u00e9gia Concursos\" \/>\n<meta property=\"article:published_time\" content=\"2022-03-05T10:30:00+00:00\" \/>\n<meta property=\"og:image\" content=\"https:\/\/dhg1h5j42swfq.cloudfront.net\/2021\/04\/03153919\/sefaz-am.jpg\" \/>\n\t<meta property=\"og:image:width\" content=\"768\" \/>\n\t<meta property=\"og:image:height\" content=\"432\" \/>\n\t<meta property=\"og:image:type\" content=\"image\/jpeg\" \/>\n<meta name=\"author\" content=\"Fernando Mauricio Correa\" \/>\n<meta name=\"twitter:card\" content=\"summary_large_image\" \/>\n<meta name=\"twitter:creator\" content=\"@EstratConcursos\" \/>\n<meta name=\"twitter:site\" content=\"@EstratConcursos\" \/>\n<meta name=\"twitter:label1\" content=\"Escrito por\" \/>\n\t<meta name=\"twitter:data1\" content=\"Fernando Mauricio Correa\" \/>\n\t<meta name=\"twitter:label2\" content=\"Est. tempo de leitura\" \/>\n\t<meta name=\"twitter:data2\" content=\"1 minuto\" \/>\n<script type=\"application\/ld+json\" class=\"yoast-schema-graph\">{\"@context\":\"https:\/\/schema.org\",\"@graph\":[{\"@type\":\"NewsArticle\",\"@id\":\"https:\/\/www.estrategiaconcursos.com.br\/blog\/2a-maratona-sefaz-am-pos-edital\/#article\",\"isPartOf\":{\"@id\":\"https:\/\/www.estrategiaconcursos.com.br\/blog\/2a-maratona-sefaz-am-pos-edital\/\"},\"author\":{\"name\":\"Fernando Mauricio Correa\",\"@id\":\"https:\/\/www.estrategiaconcursos.com.br\/blog\/#\/schema\/person\/4cdc552e3e257646afc9e6506c7a9851\"},\"headline\":\"2\u00aa Maratona Sefaz AM \u2013 P\u00f3s-Edital: HOJE, a partir das 8h30!\",\"datePublished\":\"2022-03-05T10:30:00+00:00\",\"mainEntityOfPage\":{\"@id\":\"https:\/\/www.estrategiaconcursos.com.br\/blog\/2a-maratona-sefaz-am-pos-edital\/\"},\"wordCount\":191,\"commentCount\":0,\"publisher\":{\"@id\":\"https:\/\/www.estrategiaconcursos.com.br\/blog\/#organization\"},\"image\":{\"@id\":\"https:\/\/www.estrategiaconcursos.com.br\/blog\/2a-maratona-sefaz-am-pos-edital\/#primaryimage\"},\"thumbnailUrl\":\"https:\/\/dhg1h5j42swfq.cloudfront.net\/2021\/04\/03153919\/sefaz-am.jpg\",\"articleSection\":[\"Fiscal - Estadual (ICMS)\",\"\u00daltimas not\u00edcias\"],\"inLanguage\":\"pt-BR\",\"potentialAction\":[{\"@type\":\"CommentAction\",\"name\":\"Comment\",\"target\":[\"https:\/\/www.estrategiaconcursos.com.br\/blog\/2a-maratona-sefaz-am-pos-edital\/#respond\"]}],\"copyrightYear\":\"2022\",\"copyrightHolder\":{\"@id\":\"https:\/\/www.estrategiaconcursos.com.br\/blog\/#organization\"}},{\"@type\":\"WebPage\",\"@id\":\"https:\/\/www.estrategiaconcursos.com.br\/blog\/2a-maratona-sefaz-am-pos-edital\/\",\"url\":\"https:\/\/www.estrategiaconcursos.com.br\/blog\/2a-maratona-sefaz-am-pos-edital\/\",\"name\":\"2\u00aa Maratona Sefaz AM \u2013 P\u00f3s-Edital: HOJE, a partir das 8h30!\",\"isPartOf\":{\"@id\":\"https:\/\/www.estrategiaconcursos.com.br\/blog\/#website\"},\"primaryImageOfPage\":{\"@id\":\"https:\/\/www.estrategiaconcursos.com.br\/blog\/2a-maratona-sefaz-am-pos-edital\/#primaryimage\"},\"image\":{\"@id\":\"https:\/\/www.estrategiaconcursos.com.br\/blog\/2a-maratona-sefaz-am-pos-edital\/#primaryimage\"},\"thumbnailUrl\":\"https:\/\/dhg1h5j42swfq.cloudfront.net\/2021\/04\/03153919\/sefaz-am.jpg\",\"datePublished\":\"2022-03-05T10:30:00+00:00\",\"description\":\"Professores do Estrat\u00e9gia ministram a 2\u00aa Maratona Sefaz AM \u2013 P\u00f3s-Edital: HOJE, a partir das 8h30, no canal do YouTube! N\u00e3o perca!\",\"breadcrumb\":{\"@id\":\"https:\/\/www.estrategiaconcursos.com.br\/blog\/2a-maratona-sefaz-am-pos-edital\/#breadcrumb\"},\"inLanguage\":\"pt-BR\",\"potentialAction\":[{\"@type\":\"ReadAction\",\"target\":[\"https:\/\/www.estrategiaconcursos.com.br\/blog\/2a-maratona-sefaz-am-pos-edital\/\"]}]},{\"@type\":\"ImageObject\",\"inLanguage\":\"pt-BR\",\"@id\":\"https:\/\/www.estrategiaconcursos.com.br\/blog\/2a-maratona-sefaz-am-pos-edital\/#primaryimage\",\"url\":\"https:\/\/dhg1h5j42swfq.cloudfront.net\/2021\/04\/03153919\/sefaz-am.jpg\",\"contentUrl\":\"https:\/\/dhg1h5j42swfq.cloudfront.net\/2021\/04\/03153919\/sefaz-am.jpg\",\"width\":768,\"height\":432,\"caption\":\"Inscritos Sefaz AM\"},{\"@type\":\"BreadcrumbList\",\"@id\":\"https:\/\/www.estrategiaconcursos.com.br\/blog\/2a-maratona-sefaz-am-pos-edital\/#breadcrumb\",\"itemListElement\":[{\"@type\":\"ListItem\",\"position\":1,\"name\":\"In\u00edcio\",\"item\":\"https:\/\/www.estrategiaconcursos.com.br\/blog\/\"},{\"@type\":\"ListItem\",\"position\":2,\"name\":\"2\u00aa Maratona Sefaz AM \u2013 P\u00f3s-Edital: HOJE, a partir das 8h30!\"}]},{\"@type\":\"WebSite\",\"@id\":\"https:\/\/www.estrategiaconcursos.com.br\/blog\/#website\",\"url\":\"https:\/\/www.estrategiaconcursos.com.br\/blog\/\",\"name\":\"Estrat\u00e9gia Concursos\",\"description\":\"O blog da Estrat\u00e9gia Concursos traz not\u00edcias sobre concursos e artigos de professores oferecendo cursos para concursos (pdf + videaulas) no site.\",\"publisher\":{\"@id\":\"https:\/\/www.estrategiaconcursos.com.br\/blog\/#organization\"},\"potentialAction\":[{\"@type\":\"SearchAction\",\"target\":{\"@type\":\"EntryPoint\",\"urlTemplate\":\"https:\/\/www.estrategiaconcursos.com.br\/blog\/?s={search_term_string}\"},\"query-input\":{\"@type\":\"PropertyValueSpecification\",\"valueRequired\":true,\"valueName\":\"search_term_string\"}}],\"inLanguage\":\"pt-BR\"},{\"@type\":\"Organization\",\"@id\":\"https:\/\/www.estrategiaconcursos.com.br\/blog\/#organization\",\"name\":\"Estrat\u00e9gia Concursos\",\"url\":\"https:\/\/www.estrategiaconcursos.com.br\/blog\/\",\"logo\":{\"@type\":\"ImageObject\",\"inLanguage\":\"pt-BR\",\"@id\":\"https:\/\/www.estrategiaconcursos.com.br\/blog\/#\/schema\/logo\/image\/\",\"url\":\"https:\/\/dhg1h5j42swfq.cloudfront.net\/2025\/06\/03203428\/logo_concursos-1.jpg\",\"contentUrl\":\"https:\/\/dhg1h5j42swfq.cloudfront.net\/2025\/06\/03203428\/logo_concursos-1.jpg\",\"width\":230,\"height\":60,\"caption\":\"Estrat\u00e9gia Concursos\"},\"image\":{\"@id\":\"https:\/\/www.estrategiaconcursos.com.br\/blog\/#\/schema\/logo\/image\/\"},\"sameAs\":[\"https:\/\/x.com\/EstratConcursos\"]},{\"@type\":\"Person\",\"@id\":\"https:\/\/www.estrategiaconcursos.com.br\/blog\/#\/schema\/person\/4cdc552e3e257646afc9e6506c7a9851\",\"name\":\"Fernando Mauricio Correa\",\"image\":{\"@type\":\"ImageObject\",\"inLanguage\":\"pt-BR\",\"@id\":\"https:\/\/secure.gravatar.com\/avatar\/8c36ab6f81139c903457bcc92b411ff282ac34975bf10c6b29c3bc52e647211c?s=96&d=mm&r=g\",\"url\":\"https:\/\/secure.gravatar.com\/avatar\/8c36ab6f81139c903457bcc92b411ff282ac34975bf10c6b29c3bc52e647211c?s=96&d=mm&r=g\",\"contentUrl\":\"https:\/\/secure.gravatar.com\/avatar\/8c36ab6f81139c903457bcc92b411ff282ac34975bf10c6b29c3bc52e647211c?s=96&d=mm&r=g\",\"caption\":\"Fernando Mauricio Correa\"},\"url\":\"https:\/\/www.estrategiaconcursos.com.br\/blog\/author\/fernandomauricioestrategiaconcursos-com-br\/\"}]}<\/script>\n<!-- \/ Yoast SEO Premium plugin. -->","yoast_head_json":{"title":"2\u00aa Maratona Sefaz AM \u2013 P\u00f3s-Edital: HOJE, a partir das 8h30!","description":"Professores do Estrat\u00e9gia ministram a 2\u00aa Maratona Sefaz AM \u2013 P\u00f3s-Edital: HOJE, a partir das 8h30, no canal do YouTube! N\u00e3o perca!","robots":{"index":"index","follow":"follow","max-snippet":"max-snippet:-1","max-image-preview":"max-image-preview:large","max-video-preview":"max-video-preview:-1"},"canonical":"https:\/\/www.estrategiaconcursos.com.br\/blog\/2a-maratona-sefaz-am-pos-edital\/","og_locale":"pt_BR","og_type":"article","og_title":"2\u00aa Maratona Sefaz AM \u2013 P\u00f3s-Edital: HOJE, a partir das 8h30!","og_description":"Professores do Estrat\u00e9gia ministram a 2\u00aa Maratona Sefaz AM \u2013 P\u00f3s-Edital: HOJE, a partir das 8h30, no canal do YouTube! N\u00e3o perca!","og_url":"https:\/\/www.estrategiaconcursos.com.br\/blog\/2a-maratona-sefaz-am-pos-edital\/","og_site_name":"Estrat\u00e9gia Concursos","article_published_time":"2022-03-05T10:30:00+00:00","og_image":[{"width":768,"height":432,"url":"https:\/\/dhg1h5j42swfq.cloudfront.net\/2021\/04\/03153919\/sefaz-am.jpg","type":"image\/jpeg"}],"author":"Fernando Mauricio Correa","twitter_card":"summary_large_image","twitter_creator":"@EstratConcursos","twitter_site":"@EstratConcursos","twitter_misc":{"Escrito por":"Fernando Mauricio Correa","Est. tempo de leitura":"1 minuto"},"schema":{"@context":"https:\/\/schema.org","@graph":[{"@type":"NewsArticle","@id":"https:\/\/www.estrategiaconcursos.com.br\/blog\/2a-maratona-sefaz-am-pos-edital\/#article","isPartOf":{"@id":"https:\/\/www.estrategiaconcursos.com.br\/blog\/2a-maratona-sefaz-am-pos-edital\/"},"author":{"name":"Fernando Mauricio Correa","@id":"https:\/\/www.estrategiaconcursos.com.br\/blog\/#\/schema\/person\/4cdc552e3e257646afc9e6506c7a9851"},"headline":"2\u00aa Maratona Sefaz AM \u2013 P\u00f3s-Edital: HOJE, a partir das 8h30!","datePublished":"2022-03-05T10:30:00+00:00","mainEntityOfPage":{"@id":"https:\/\/www.estrategiaconcursos.com.br\/blog\/2a-maratona-sefaz-am-pos-edital\/"},"wordCount":191,"commentCount":0,"publisher":{"@id":"https:\/\/www.estrategiaconcursos.com.br\/blog\/#organization"},"image":{"@id":"https:\/\/www.estrategiaconcursos.com.br\/blog\/2a-maratona-sefaz-am-pos-edital\/#primaryimage"},"thumbnailUrl":"https:\/\/dhg1h5j42swfq.cloudfront.net\/2021\/04\/03153919\/sefaz-am.jpg","articleSection":["Fiscal - Estadual (ICMS)","\u00daltimas not\u00edcias"],"inLanguage":"pt-BR","potentialAction":[{"@type":"CommentAction","name":"Comment","target":["https:\/\/www.estrategiaconcursos.com.br\/blog\/2a-maratona-sefaz-am-pos-edital\/#respond"]}],"copyrightYear":"2022","copyrightHolder":{"@id":"https:\/\/www.estrategiaconcursos.com.br\/blog\/#organization"}},{"@type":"WebPage","@id":"https:\/\/www.estrategiaconcursos.com.br\/blog\/2a-maratona-sefaz-am-pos-edital\/","url":"https:\/\/www.estrategiaconcursos.com.br\/blog\/2a-maratona-sefaz-am-pos-edital\/","name":"2\u00aa Maratona Sefaz AM \u2013 P\u00f3s-Edital: HOJE, a partir das 8h30!","isPartOf":{"@id":"https:\/\/www.estrategiaconcursos.com.br\/blog\/#website"},"primaryImageOfPage":{"@id":"https:\/\/www.estrategiaconcursos.com.br\/blog\/2a-maratona-sefaz-am-pos-edital\/#primaryimage"},"image":{"@id":"https:\/\/www.estrategiaconcursos.com.br\/blog\/2a-maratona-sefaz-am-pos-edital\/#primaryimage"},"thumbnailUrl":"https:\/\/dhg1h5j42swfq.cloudfront.net\/2021\/04\/03153919\/sefaz-am.jpg","datePublished":"2022-03-05T10:30:00+00:00","description":"Professores do Estrat\u00e9gia ministram a 2\u00aa Maratona Sefaz AM \u2013 P\u00f3s-Edital: HOJE, a partir das 8h30, no canal do YouTube! N\u00e3o perca!","breadcrumb":{"@id":"https:\/\/www.estrategiaconcursos.com.br\/blog\/2a-maratona-sefaz-am-pos-edital\/#breadcrumb"},"inLanguage":"pt-BR","potentialAction":[{"@type":"ReadAction","target":["https:\/\/www.estrategiaconcursos.com.br\/blog\/2a-maratona-sefaz-am-pos-edital\/"]}]},{"@type":"ImageObject","inLanguage":"pt-BR","@id":"https:\/\/www.estrategiaconcursos.com.br\/blog\/2a-maratona-sefaz-am-pos-edital\/#primaryimage","url":"https:\/\/dhg1h5j42swfq.cloudfront.net\/2021\/04\/03153919\/sefaz-am.jpg","contentUrl":"https:\/\/dhg1h5j42swfq.cloudfront.net\/2021\/04\/03153919\/sefaz-am.jpg","width":768,"height":432,"caption":"Inscritos Sefaz AM"},{"@type":"BreadcrumbList","@id":"https:\/\/www.estrategiaconcursos.com.br\/blog\/2a-maratona-sefaz-am-pos-edital\/#breadcrumb","itemListElement":[{"@type":"ListItem","position":1,"name":"In\u00edcio","item":"https:\/\/www.estrategiaconcursos.com.br\/blog\/"},{"@type":"ListItem","position":2,"name":"2\u00aa Maratona Sefaz AM \u2013 P\u00f3s-Edital: HOJE, a partir das 8h30!"}]},{"@type":"WebSite","@id":"https:\/\/www.estrategiaconcursos.com.br\/blog\/#website","url":"https:\/\/www.estrategiaconcursos.com.br\/blog\/","name":"Estrat\u00e9gia Concursos","description":"O blog da Estrat\u00e9gia Concursos traz not\u00edcias sobre concursos e artigos de professores oferecendo cursos para concursos (pdf + videaulas) no site.","publisher":{"@id":"https:\/\/www.estrategiaconcursos.com.br\/blog\/#organization"},"potentialAction":[{"@type":"SearchAction","target":{"@type":"EntryPoint","urlTemplate":"https:\/\/www.estrategiaconcursos.com.br\/blog\/?s={search_term_string}"},"query-input":{"@type":"PropertyValueSpecification","valueRequired":true,"valueName":"search_term_string"}}],"inLanguage":"pt-BR"},{"@type":"Organization","@id":"https:\/\/www.estrategiaconcursos.com.br\/blog\/#organization","name":"Estrat\u00e9gia Concursos","url":"https:\/\/www.estrategiaconcursos.com.br\/blog\/","logo":{"@type":"ImageObject","inLanguage":"pt-BR","@id":"https:\/\/www.estrategiaconcursos.com.br\/blog\/#\/schema\/logo\/image\/","url":"https:\/\/dhg1h5j42swfq.cloudfront.net\/2025\/06\/03203428\/logo_concursos-1.jpg","contentUrl":"https:\/\/dhg1h5j42swfq.cloudfront.net\/2025\/06\/03203428\/logo_concursos-1.jpg","width":230,"height":60,"caption":"Estrat\u00e9gia Concursos"},"image":{"@id":"https:\/\/www.estrategiaconcursos.com.br\/blog\/#\/schema\/logo\/image\/"},"sameAs":["https:\/\/x.com\/EstratConcursos"]},{"@type":"Person","@id":"https:\/\/www.estrategiaconcursos.com.br\/blog\/#\/schema\/person\/4cdc552e3e257646afc9e6506c7a9851","name":"Fernando Mauricio Correa","image":{"@type":"ImageObject","inLanguage":"pt-BR","@id":"https:\/\/secure.gravatar.com\/avatar\/8c36ab6f81139c903457bcc92b411ff282ac34975bf10c6b29c3bc52e647211c?s=96&d=mm&r=g","url":"https:\/\/secure.gravatar.com\/avatar\/8c36ab6f81139c903457bcc92b411ff282ac34975bf10c6b29c3bc52e647211c?s=96&d=mm&r=g","contentUrl":"https:\/\/secure.gravatar.com\/avatar\/8c36ab6f81139c903457bcc92b411ff282ac34975bf10c6b29c3bc52e647211c?s=96&d=mm&r=g","caption":"Fernando Mauricio Correa"},"url":"https:\/\/www.estrategiaconcursos.com.br\/blog\/author\/fernandomauricioestrategiaconcursos-com-br\/"}]}},"_links":{"self":[{"href":"https:\/\/www.estrategiaconcursos.com.br\/blog\/wp-json\/wp\/v2\/posts\/979627","targetHints":{"allow":["GET"]}}],"collection":[{"href":"https:\/\/www.estrategiaconcursos.com.br\/blog\/wp-json\/wp\/v2\/posts"}],"about":[{"href":"https:\/\/www.estrategiaconcursos.com.br\/blog\/wp-json\/wp\/v2\/types\/post"}],"author":[{"embeddable":true,"href":"https:\/\/www.estrategiaconcursos.com.br\/blog\/wp-json\/wp\/v2\/users\/402"}],"replies":[{"embeddable":true,"href":"https:\/\/www.estrategiaconcursos.com.br\/blog\/wp-json\/wp\/v2\/comments?post=979627"}],"version-history":[{"count":6,"href":"https:\/\/www.estrategiaconcursos.com.br\/blog\/wp-json\/wp\/v2\/posts\/979627\/revisions"}],"predecessor-version":[{"id":980230,"href":"https:\/\/www.estrategiaconcursos.com.br\/blog\/wp-json\/wp\/v2\/posts\/979627\/revisions\/980230"}],"wp:featuredmedia":[{"embeddable":true,"href":"https:\/\/www.estrategiaconcursos.com.br\/blog\/wp-json\/wp\/v2\/media\/729964"}],"wp:attachment":[{"href":"https:\/\/www.estrategiaconcursos.com.br\/blog\/wp-json\/wp\/v2\/media?parent=979627"}],"wp:term":[{"taxonomy":"category","embeddable":true,"href":"https:\/\/www.estrategiaconcursos.com.br\/blog\/wp-json\/wp\/v2\/categories?post=979627"},{"taxonomy":"post_tag","embeddable":true,"href":"https:\/\/www.estrategiaconcursos.com.br\/blog\/wp-json\/wp\/v2\/tags?post=979627"},{"taxonomy":"tax_estado","embeddable":true,"href":"https:\/\/www.estrategiaconcursos.com.br\/blog\/wp-json\/wp\/v2\/tax_estado?post=979627"}],"curies":[{"name":"wp","href":"https:\/\/api.w.org\/{rel}","templated":true}]}}