{"id":97949,"date":"2017-12-04T10:50:48","date_gmt":"2017-12-04T13:50:48","guid":{"rendered":"https:\/\/www.estrategiaconcursos.com.br\/blog\/?p=97949"},"modified":"2017-12-04T19:38:20","modified_gmt":"2017-12-04T22:38:20","slug":"discursiva-comentada-fcc-tst-ajaj-2017","status":"publish","type":"post","link":"https:\/\/www.estrategiaconcursos.com.br\/blog\/discursiva-comentada-fcc-tst-ajaj-2017\/","title":{"rendered":"Discursiva Comentada &#8211;  FCC &#8211; TST &#8211; AJAJ &#8211; 2017"},"content":{"rendered":"<p style=\"text-align: justify\">Queridos alunos!<\/p>\n<p style=\"text-align: justify\">Em suas provas discursivas a FCC sempre apresenta quest\u00f5es pol\u00eamicas em alguns pontos da grade de corre\u00e7\u00e3o.<\/p>\n<p style=\"text-align: justify\">E n\u00e3o foi diferente na prova do TST realizada no m\u00eas passado.<\/p>\n<p style=\"text-align: justify\">A pol\u00eamica ficar\u00e1 nos itens &#8220;a&#8221; e &#8220;d&#8221; da quest\u00e3o. H\u00e1 quem entenda pela invalidade da altera\u00e7\u00e3o do regime presencial para o teletrabalho e nesse caso fica a decis\u00e3o entre ser ou n\u00e3o aplicado o art. 62, III da CLT para responder ao item &#8220;D&#8221;.<\/p>\n<p style=\"text-align: justify\">Alguns fundamentaram pelo princ\u00edpio da primazia da realidade e outros pelo consentimento t\u00e1cito em rela\u00e7\u00e3o ao m\u00fatuo acordo para considerar v\u00e1lida a altera\u00e7\u00e3o. O fato\u00a0 \u00e9 que a FCC poder\u00e1 seguir diversas dire\u00e7\u00f5es.<\/p>\n<p style=\"text-align: justify\">Penso que uma resposta bem fundamentada e caso n\u00e3o seja o que foi adotado na grade ser\u00e1 sempre pass\u00edvel de recurso uma vez que n\u00e3o temos legisla\u00e7\u00e3o expressa quanto a isto e fica no enfoque de interpreta\u00e7\u00f5es doutrin\u00e1rias a solu\u00e7\u00e3o ao caso.<\/p>\n<p>Vejamos abaixo:<\/p>\n<p style=\"text-align: justify\"><strong>(Discursiva AJAJ &#8211; TST \u2013 2017)<\/strong> Jo\u00e3o Alberto foi contratado pela empresa XZW Comunica\u00e7\u00e3o Digital, em 01\/03\/2012, com o sal\u00e1rio mensal de R$ 5.600,00. Laborou at\u00e9 01\/03\/2018, quando as partes convencionaram a rescis\u00e3o do contrato de trabalho. O empregado, durante todo o contrato, cumpriu jornada de trabalho de segunda a sexta-feira, das 09h30 \u00e0s 21h30, com 30 minutos de intervalo intrajornada. Em 16\/11\/2017, a empresa determinou que Jo\u00e3o Alberto passasse a laborar remotamente, com a obriga\u00e7\u00e3o de comparecer em sua sede, uma vez por semana, para reuni\u00e3o com clientes e ajuste do cronograma de trabalho. A empregadora conferiu a Jo\u00e3o Alberto o prazo de 15 dias para que ele pudesse se adequar \u00e0s novas regras, entregou todo o equipamento necess\u00e1rio para a execu\u00e7\u00e3o do trabalho em sua resid\u00eancia (como computador, mesa e cadeira), e comprometeu-se a reembolsar as despesas com telefone e internet. A altera\u00e7\u00e3o do regime presencial para o de teletrabalho foi registrada em aditivo contratual, n\u00e3o assinado pelo empregado.<\/p>\n<p style=\"text-align: justify\">Acerca do acima exposto, responda fundamentadamente:<\/p>\n<ol>\n<li style=\"text-align: justify\"><strong> \u00c9 v\u00e1lida a altera\u00e7\u00e3o do regime presencial para o de teletrabalho da forma como realizada? <\/strong><\/li>\n<li style=\"text-align: justify\">A obrigatoriedade do comparecimento do empregado uma vez por semana na empresa descaracteriza o regime de teletrabalho?<\/li>\n<li style=\"text-align: justify\">O fornecimento do equipamento necess\u00e1rio para a presta\u00e7\u00e3o de servi\u00e7os na resid\u00eancia do empregado e o reembolso das despesas com telefone e internet integram a remunera\u00e7\u00e3o do empregado?<\/li>\n<li style=\"text-align: justify\"><strong> O empregado tem direito ao recebimento das horas laboradas al\u00e9m da jornada normal durante a totalidade do per\u00edodo contratual? <\/strong><\/li>\n<li style=\"text-align: justify\">Quais s\u00e3o os direitos do empregado diante da rescis\u00e3o contratual acordada? \u00c9 autorizado o ingresso do empregado no Programa de Seguro-Desemprego?<\/li>\n<\/ol>\n<p>&nbsp;<\/p>\n<table>\n<tbody>\n<tr>\n<td width=\"288\"><strong>Perguntas da quest\u00e3o<\/strong><\/td>\n<td width=\"288\"><strong>Espelho de corre\u00e7\u00e3o<\/strong><\/td>\n<\/tr>\n<tr>\n<td style=\"text-align: justify\" width=\"288\">&nbsp;<\/p>\n<p>a.\u00a0\u00a0 \u00c9 v\u00e1lida a altera\u00e7\u00e3o do regime presencial para o de teletrabalho da forma como realizada?<\/p>\n<p><strong>Aten\u00e7\u00e3o:<\/strong><\/p>\n<p><strong>O artigo 75 C em seu par\u00e1grafo primeiro menciona m\u00fatuo acordo entre as partes.<\/strong><\/p>\n<p><strong>A meu ver o aditivo contratual padece de nulidade porque n\u00e3o foi assinado pelo empregado.<\/strong><\/p>\n<p><strong>Em rela\u00e7\u00e3o \u00e0 letra \u201cD\u201d As horas extras ser\u00e3o devidas caso a altera\u00e7\u00e3o do regime presencial para o teletrabalho seja considerada inv\u00e1lida.<\/strong><\/p>\n<p><strong>\u00a0<\/strong><\/p>\n<p><strong>Caso a altera\u00e7\u00e3o seja considerada v\u00e1lida ser\u00e1 aplicado o inciso III do art. 62 da CLT e o empregado n\u00e3o far\u00e1 jus ao recebimento de horas extraordin\u00e1rias durante o per\u00edodo em que atuou como teletrabalhador.<\/strong><\/p>\n<p><strong>\u00a0<\/strong><\/td>\n<td width=\"288\">\n<p style=\"text-align: justify\"><a href=\"http:\/\/www.planalto.gov.br\/ccivil_03\/Decreto-Lei\/Del5452.htm#art75c\">\u2018Art. 75-C.\u00a0<\/a>\u00a0A presta\u00e7\u00e3o de servi\u00e7os na modalidade de teletrabalho dever\u00e1 constar expressamente do contrato individual de trabalho, que especificar\u00e1 as atividades que ser\u00e3o realizadas pelo empregado.<\/p>\n<p>&nbsp;<\/p>\n<p style=\"text-align: justify\">\u00a7 1<u><sup>o<\/sup><\/u>\u00a0\u00a0Poder\u00e1 ser realizada a altera\u00e7\u00e3o entre regime presencial e de teletrabalho <strong>desde que haja m\u00fatuo acordo entre as partes,<\/strong> registrado em aditivo contratual.<\/p>\n<p>&nbsp;<\/p>\n<p>&nbsp;<\/p>\n<p style=\"text-align: justify\">\u00a7 2<u><sup>o<\/sup><\/u>\u00a0\u00a0Poder\u00e1 ser realizada a altera\u00e7\u00e3o do regime de teletrabalho para o presencial por determina\u00e7\u00e3o do empregador, garantido prazo de transi\u00e7\u00e3o m\u00ednimo de quinze dias, com correspondente registro em aditivo contratual.<\/p>\n<\/td>\n<\/tr>\n<tr>\n<td width=\"288\">&nbsp;<\/p>\n<p style=\"text-align: justify\">b.\u00a0\u00a0 A obrigatoriedade do comparecimento do empregado uma vez por semana na empresa descaracteriza o regime de teletrabalho?<\/p>\n<p>&nbsp;<\/td>\n<td width=\"288\">\n<p style=\"text-align: justify\"><a href=\"http:\/\/www.planalto.gov.br\/ccivil_03\/Decreto-Lei\/Del5452.htm#art75b\">Art. 75-B.<\/a>\u00a0\u00a0Considera-se teletrabalho a presta\u00e7\u00e3o de servi\u00e7os preponderantemente fora das depend\u00eancias do empregador, com a utiliza\u00e7\u00e3o de tecnologias de informa\u00e7\u00e3o e de comunica\u00e7\u00e3o que, por sua natureza, n\u00e3o se constituam como trabalho externo.<\/p>\n<p>&nbsp;<\/p>\n<p style=\"text-align: justify\">Par\u00e1grafo \u00fanico. \u00a0O comparecimento \u00e0s depend\u00eancias do empregador para a realiza\u00e7\u00e3o de atividades espec\u00edficas que exijam a presen\u00e7a do empregado no estabelecimento <strong>n\u00e3o descaracteriza o regime de teletrabalho.<\/strong><\/p>\n<\/td>\n<\/tr>\n<tr>\n<td width=\"288\">&nbsp;<\/p>\n<p>&nbsp;<\/p>\n<p style=\"text-align: justify\">c.\u00a0\u00a0\u00a0 O fornecimento do equipamento necess\u00e1rio para a presta\u00e7\u00e3o de servi\u00e7os na resid\u00eancia do empregado e o reembolso das despesas com telefone e internet integram a remunera\u00e7\u00e3o do empregado?<\/p>\n<p>&nbsp;<\/td>\n<td style=\"text-align: justify\" width=\"288\"><a href=\"http:\/\/www.planalto.gov.br\/ccivil_03\/Decreto-Lei\/Del5452.htm#art75d\">Art. 75-D.<\/a>\u00a0\u00a0As disposi\u00e7\u00f5es relativas \u00e0 responsabilidade pela aquisi\u00e7\u00e3o, manuten\u00e7\u00e3o ou fornecimento dos equipamentos tecnol\u00f3gicos e da infraestrutura necess\u00e1ria e adequada \u00e0 presta\u00e7\u00e3o do trabalho remoto, bem como ao reembolso de despesas arcadas pelo empregado, ser\u00e3o previstas em contrato escrito. \u00a0Par\u00e1grafo \u00fanico. \u00a0As utilidades mencionadas no\u00a0<strong>caput<\/strong>\u00a0deste artigo n\u00e3o integram a remunera\u00e7\u00e3o do empregado.<\/td>\n<\/tr>\n<tr>\n<td style=\"text-align: justify\" width=\"288\">&nbsp;<\/p>\n<p>d.\u00a0\u00a0 O empregado tem direito ao recebimento das horas laboradas al\u00e9m da jornada normal durante a totalidade do per\u00edodo contratual?<\/p>\n<p><strong>Em rela\u00e7\u00e3o \u00e0 letra \u201cD\u201d As horas extras ser\u00e3o devidas caso a altera\u00e7\u00e3o do regime presencial para o teletrabalho seja considerada inv\u00e1lida.<\/strong><\/p>\n<p><strong>\u00a0<\/strong><\/p>\n<p><strong>Caso a altera\u00e7\u00e3o seja considerada v\u00e1lida ser\u00e1 aplicado o inciso III do art. 62 da CLT e o empregado n\u00e3o far\u00e1 jus ao recebimento de horas extraordin\u00e1rias durante o per\u00edodo em que atuou como teletrabalhador.<\/strong><\/p>\n<p>&nbsp;<\/td>\n<td width=\"288\">\n<p style=\"text-align: justify\">Art. 62 &#8211; N\u00e3o s\u00e3o abrangidos pelo regime previsto neste cap\u00edtulo<\/p>\n<p style=\"text-align: justify\"><a href=\"http:\/\/www.planalto.gov.br\/ccivil_03\/Decreto-Lei\/Del5452.htm#art62iii\"><strong>III &#8211;\u00a0<\/strong><\/a><strong>os empregados em regime de teletrabalho.<\/strong><\/p>\n<p>&nbsp;<\/p>\n<p>&nbsp;<\/p>\n<p>&nbsp;<\/p>\n<p>&nbsp;<\/p>\n<p>&nbsp;<\/p>\n<p>&nbsp;<\/p>\n<p>&nbsp;<\/td>\n<\/tr>\n<tr>\n<td width=\"288\">&nbsp;<\/p>\n<p>e.\u00a0\u00a0 Quais s\u00e3o os direitos do empregado diante da rescis\u00e3o contratual acordada? \u00c9 autorizado o ingresso do empregado no Programa de Seguro-Desemprego?<\/td>\n<td width=\"288\">\n<p style=\"text-align: justify\"><a href=\"http:\/\/www.planalto.gov.br\/ccivil_03\/Decreto-Lei\/Del5452.htm#art484a\">Art. 484-A.<\/a>\u00a0\u00a0O contrato de trabalho poder\u00e1 ser extinto por acordo entre empregado e empregador, caso em que ser\u00e3o devidas as seguintes verbas trabalhistas:<\/p>\n<p style=\"text-align: justify\">I &#8211; por metade:<\/p>\n<p style=\"text-align: justify\">a) o aviso pr\u00e9vio, se indenizado; e<\/p>\n<p style=\"text-align: justify\">b) a indeniza\u00e7\u00e3o sobre o saldo do Fundo de Garantia do Tempo de Servi\u00e7o, prevista no \u00a7 1<u><sup>o<\/sup><\/u>\u00a0do art. 18 da Lei n<u><sup>o<\/sup><\/u>\u00a08.036, de 11 de maio de 1990;<\/p>\n<p style=\"text-align: justify\">II &#8211; na integralidade, as demais verbas trabalhistas.<\/p>\n<p style=\"text-align: justify\">\u00a7 1<u><sup>o<\/sup><\/u>\u00a0\u00a0A extin\u00e7\u00e3o do contrato prevista no\u00a0<strong>caput<\/strong>\u00a0deste artigo permite a movimenta\u00e7\u00e3o da conta vinculada do trabalhador no Fundo de Garantia do Tempo de Servi\u00e7o na forma do inciso I-A do art. 20 da Lei n<u><sup>o<\/sup><\/u>\u00a08.036, de 11 de maio de 1990, limitada at\u00e9 80% (oitenta por cento) do valor dos dep\u00f3sitos.<\/p>\n<p style=\"text-align: justify\">\u00a7 2<u><sup>o<\/sup><\/u>\u00a0\u00a0A extin\u00e7\u00e3o do contrato por acordo prevista no\u00a0<strong>caput<\/strong>\u00a0deste artigo n\u00e3o autoriza o ingresso no Programa de Seguro-Desemprego.<\/p>\n<\/td>\n<\/tr>\n<\/tbody>\n<\/table>\n<p>Espero que tenham gostado! Um forte abra\u00e7o!<\/p>\n<p>D\u00e9borah Paiva<\/p>\n<p>professoradeborahpaiva@hotmail.com<\/p>\n","protected":false},"excerpt":{"rendered":"<p>Queridos alunos! Em suas provas discursivas a FCC sempre apresenta quest\u00f5es pol\u00eamicas em alguns pontos da grade de corre\u00e7\u00e3o. E n\u00e3o foi diferente na prova do TST realizada no m\u00eas passado. A pol\u00eamica ficar\u00e1 nos itens &#8220;a&#8221; e &#8220;d&#8221; da quest\u00e3o. H\u00e1 quem entenda pela invalidade da altera\u00e7\u00e3o do regime presencial para o teletrabalho e [&hellip;]<\/p>\n","protected":false},"author":408,"featured_media":0,"comment_status":"open","ping_status":"closed","sticky":false,"template":"","format":"standard","meta":{"post_tipo":"article","footnotes":""},"categories":[1,1984],"tags":[],"tax_estado":[],"class_list":["post-97949","post","type-post","status-publish","format-standard","hentry","category-cursos-e-concursos","category-tribunais"],"acf":[],"yoast_head":"<!-- This site is optimized with the Yoast SEO Premium plugin v27.2 (Yoast SEO v27.2) - https:\/\/yoast.com\/product\/yoast-seo-premium-wordpress\/ -->\n<title>Discursiva Comentada - FCC - TST - AJAJ - 2017<\/title>\n<meta name=\"robots\" content=\"index, follow, max-snippet:-1, max-image-preview:large, max-video-preview:-1\" \/>\n<link rel=\"canonical\" href=\"https:\/\/www.estrategiaconcursos.com.br\/blog\/discursiva-comentada-fcc-tst-ajaj-2017\/\" \/>\n<meta property=\"og:locale\" content=\"pt_BR\" \/>\n<meta property=\"og:type\" content=\"article\" \/>\n<meta property=\"og:title\" content=\"Discursiva Comentada - FCC - TST - AJAJ - 2017\" \/>\n<meta property=\"og:description\" content=\"Queridos alunos! Em suas provas discursivas a FCC sempre apresenta quest\u00f5es pol\u00eamicas em alguns pontos da grade de corre\u00e7\u00e3o. E n\u00e3o foi diferente na prova do TST realizada no m\u00eas passado. A pol\u00eamica ficar\u00e1 nos itens &#8220;a&#8221; e &#8220;d&#8221; da quest\u00e3o. H\u00e1 quem entenda pela invalidade da altera\u00e7\u00e3o do regime presencial para o teletrabalho e [&hellip;]\" \/>\n<meta property=\"og:url\" content=\"https:\/\/www.estrategiaconcursos.com.br\/blog\/discursiva-comentada-fcc-tst-ajaj-2017\/\" \/>\n<meta property=\"og:site_name\" content=\"Estrat\u00e9gia Concursos\" \/>\n<meta property=\"article:published_time\" content=\"2017-12-04T13:50:48+00:00\" \/>\n<meta property=\"article:modified_time\" content=\"2017-12-04T22:38:20+00:00\" \/>\n<meta name=\"author\" content=\"Deborah Paiva\" \/>\n<meta name=\"twitter:card\" content=\"summary_large_image\" \/>\n<meta name=\"twitter:creator\" content=\"@EstratConcursos\" \/>\n<meta name=\"twitter:site\" content=\"@EstratConcursos\" \/>\n<meta name=\"twitter:label1\" content=\"Escrito por\" \/>\n\t<meta name=\"twitter:data1\" content=\"Deborah Paiva\" \/>\n\t<meta name=\"twitter:label2\" content=\"Est. tempo de leitura\" \/>\n\t<meta name=\"twitter:data2\" content=\"6 minutos\" \/>\n<script type=\"application\/ld+json\" class=\"yoast-schema-graph\">{\"@context\":\"https:\/\/schema.org\",\"@graph\":[{\"@type\":\"NewsArticle\",\"@id\":\"https:\/\/www.estrategiaconcursos.com.br\/blog\/discursiva-comentada-fcc-tst-ajaj-2017\/#article\",\"isPartOf\":{\"@id\":\"https:\/\/www.estrategiaconcursos.com.br\/blog\/discursiva-comentada-fcc-tst-ajaj-2017\/\"},\"author\":{\"name\":\"Deborah Paiva\",\"@id\":\"https:\/\/www.estrategiaconcursos.com.br\/blog\/#\/schema\/person\/020032288bda52ebb06d54bdf1fec7ee\"},\"headline\":\"Discursiva Comentada &#8211; FCC &#8211; TST &#8211; AJAJ &#8211; 2017\",\"datePublished\":\"2017-12-04T13:50:48+00:00\",\"dateModified\":\"2017-12-04T22:38:20+00:00\",\"mainEntityOfPage\":{\"@id\":\"https:\/\/www.estrategiaconcursos.com.br\/blog\/discursiva-comentada-fcc-tst-ajaj-2017\/\"},\"wordCount\":1183,\"commentCount\":9,\"publisher\":{\"@id\":\"https:\/\/www.estrategiaconcursos.com.br\/blog\/#organization\"},\"articleSection\":[\"Concursos P\u00fablicos\",\"Tribunais\"],\"inLanguage\":\"pt-BR\",\"potentialAction\":[{\"@type\":\"CommentAction\",\"name\":\"Comment\",\"target\":[\"https:\/\/www.estrategiaconcursos.com.br\/blog\/discursiva-comentada-fcc-tst-ajaj-2017\/#respond\"]}],\"copyrightYear\":\"2017\",\"copyrightHolder\":{\"@id\":\"https:\/\/www.estrategiaconcursos.com.br\/blog\/#organization\"}},{\"@type\":\"WebPage\",\"@id\":\"https:\/\/www.estrategiaconcursos.com.br\/blog\/discursiva-comentada-fcc-tst-ajaj-2017\/\",\"url\":\"https:\/\/www.estrategiaconcursos.com.br\/blog\/discursiva-comentada-fcc-tst-ajaj-2017\/\",\"name\":\"Discursiva Comentada - FCC - TST - AJAJ - 2017\",\"isPartOf\":{\"@id\":\"https:\/\/www.estrategiaconcursos.com.br\/blog\/#website\"},\"datePublished\":\"2017-12-04T13:50:48+00:00\",\"dateModified\":\"2017-12-04T22:38:20+00:00\",\"breadcrumb\":{\"@id\":\"https:\/\/www.estrategiaconcursos.com.br\/blog\/discursiva-comentada-fcc-tst-ajaj-2017\/#breadcrumb\"},\"inLanguage\":\"pt-BR\",\"potentialAction\":[{\"@type\":\"ReadAction\",\"target\":[\"https:\/\/www.estrategiaconcursos.com.br\/blog\/discursiva-comentada-fcc-tst-ajaj-2017\/\"]}]},{\"@type\":\"BreadcrumbList\",\"@id\":\"https:\/\/www.estrategiaconcursos.com.br\/blog\/discursiva-comentada-fcc-tst-ajaj-2017\/#breadcrumb\",\"itemListElement\":[{\"@type\":\"ListItem\",\"position\":1,\"name\":\"In\u00edcio\",\"item\":\"https:\/\/www.estrategiaconcursos.com.br\/blog\/\"},{\"@type\":\"ListItem\",\"position\":2,\"name\":\"Discursiva Comentada &#8211; FCC &#8211; TST &#8211; AJAJ &#8211; 2017\"}]},{\"@type\":\"WebSite\",\"@id\":\"https:\/\/www.estrategiaconcursos.com.br\/blog\/#website\",\"url\":\"https:\/\/www.estrategiaconcursos.com.br\/blog\/\",\"name\":\"Estrat\u00e9gia Concursos\",\"description\":\"O blog da Estrat\u00e9gia Concursos traz not\u00edcias sobre concursos e artigos de professores oferecendo cursos para concursos (pdf + videaulas) no site.\",\"publisher\":{\"@id\":\"https:\/\/www.estrategiaconcursos.com.br\/blog\/#organization\"},\"potentialAction\":[{\"@type\":\"SearchAction\",\"target\":{\"@type\":\"EntryPoint\",\"urlTemplate\":\"https:\/\/www.estrategiaconcursos.com.br\/blog\/?s={search_term_string}\"},\"query-input\":{\"@type\":\"PropertyValueSpecification\",\"valueRequired\":true,\"valueName\":\"search_term_string\"}}],\"inLanguage\":\"pt-BR\"},{\"@type\":\"Organization\",\"@id\":\"https:\/\/www.estrategiaconcursos.com.br\/blog\/#organization\",\"name\":\"Estrat\u00e9gia Concursos\",\"url\":\"https:\/\/www.estrategiaconcursos.com.br\/blog\/\",\"logo\":{\"@type\":\"ImageObject\",\"inLanguage\":\"pt-BR\",\"@id\":\"https:\/\/www.estrategiaconcursos.com.br\/blog\/#\/schema\/logo\/image\/\",\"url\":\"https:\/\/dhg1h5j42swfq.cloudfront.net\/2025\/06\/03203428\/logo_concursos-1.jpg\",\"contentUrl\":\"https:\/\/dhg1h5j42swfq.cloudfront.net\/2025\/06\/03203428\/logo_concursos-1.jpg\",\"width\":230,\"height\":60,\"caption\":\"Estrat\u00e9gia Concursos\"},\"image\":{\"@id\":\"https:\/\/www.estrategiaconcursos.com.br\/blog\/#\/schema\/logo\/image\/\"},\"sameAs\":[\"https:\/\/x.com\/EstratConcursos\"]},{\"@type\":\"Person\",\"@id\":\"https:\/\/www.estrategiaconcursos.com.br\/blog\/#\/schema\/person\/020032288bda52ebb06d54bdf1fec7ee\",\"name\":\"Deborah Paiva\",\"image\":{\"@type\":\"ImageObject\",\"inLanguage\":\"pt-BR\",\"@id\":\"https:\/\/secure.gravatar.com\/avatar\/a8272e1eb549c3fc129f06cc1c756a4dd7cf153c3cca338cd23580febd4d9d84?s=96&d=mm&r=g\",\"url\":\"https:\/\/secure.gravatar.com\/avatar\/a8272e1eb549c3fc129f06cc1c756a4dd7cf153c3cca338cd23580febd4d9d84?s=96&d=mm&r=g\",\"contentUrl\":\"https:\/\/secure.gravatar.com\/avatar\/a8272e1eb549c3fc129f06cc1c756a4dd7cf153c3cca338cd23580febd4d9d84?s=96&d=mm&r=g\",\"caption\":\"Deborah Paiva\"},\"url\":\"https:\/\/www.estrategiaconcursos.com.br\/blog\/author\/deborahpaivaestrategiaconcursos-com-br\/\"}]}<\/script>\n<!-- \/ Yoast SEO Premium plugin. -->","yoast_head_json":{"title":"Discursiva Comentada - FCC - TST - AJAJ - 2017","robots":{"index":"index","follow":"follow","max-snippet":"max-snippet:-1","max-image-preview":"max-image-preview:large","max-video-preview":"max-video-preview:-1"},"canonical":"https:\/\/www.estrategiaconcursos.com.br\/blog\/discursiva-comentada-fcc-tst-ajaj-2017\/","og_locale":"pt_BR","og_type":"article","og_title":"Discursiva Comentada - FCC - TST - AJAJ - 2017","og_description":"Queridos alunos! Em suas provas discursivas a FCC sempre apresenta quest\u00f5es pol\u00eamicas em alguns pontos da grade de corre\u00e7\u00e3o. E n\u00e3o foi diferente na prova do TST realizada no m\u00eas passado. A pol\u00eamica ficar\u00e1 nos itens &#8220;a&#8221; e &#8220;d&#8221; da quest\u00e3o. H\u00e1 quem entenda pela invalidade da altera\u00e7\u00e3o do regime presencial para o teletrabalho e [&hellip;]","og_url":"https:\/\/www.estrategiaconcursos.com.br\/blog\/discursiva-comentada-fcc-tst-ajaj-2017\/","og_site_name":"Estrat\u00e9gia Concursos","article_published_time":"2017-12-04T13:50:48+00:00","article_modified_time":"2017-12-04T22:38:20+00:00","author":"Deborah Paiva","twitter_card":"summary_large_image","twitter_creator":"@EstratConcursos","twitter_site":"@EstratConcursos","twitter_misc":{"Escrito por":"Deborah Paiva","Est. tempo de leitura":"6 minutos"},"schema":{"@context":"https:\/\/schema.org","@graph":[{"@type":"NewsArticle","@id":"https:\/\/www.estrategiaconcursos.com.br\/blog\/discursiva-comentada-fcc-tst-ajaj-2017\/#article","isPartOf":{"@id":"https:\/\/www.estrategiaconcursos.com.br\/blog\/discursiva-comentada-fcc-tst-ajaj-2017\/"},"author":{"name":"Deborah Paiva","@id":"https:\/\/www.estrategiaconcursos.com.br\/blog\/#\/schema\/person\/020032288bda52ebb06d54bdf1fec7ee"},"headline":"Discursiva Comentada &#8211; FCC &#8211; TST &#8211; AJAJ &#8211; 2017","datePublished":"2017-12-04T13:50:48+00:00","dateModified":"2017-12-04T22:38:20+00:00","mainEntityOfPage":{"@id":"https:\/\/www.estrategiaconcursos.com.br\/blog\/discursiva-comentada-fcc-tst-ajaj-2017\/"},"wordCount":1183,"commentCount":9,"publisher":{"@id":"https:\/\/www.estrategiaconcursos.com.br\/blog\/#organization"},"articleSection":["Concursos P\u00fablicos","Tribunais"],"inLanguage":"pt-BR","potentialAction":[{"@type":"CommentAction","name":"Comment","target":["https:\/\/www.estrategiaconcursos.com.br\/blog\/discursiva-comentada-fcc-tst-ajaj-2017\/#respond"]}],"copyrightYear":"2017","copyrightHolder":{"@id":"https:\/\/www.estrategiaconcursos.com.br\/blog\/#organization"}},{"@type":"WebPage","@id":"https:\/\/www.estrategiaconcursos.com.br\/blog\/discursiva-comentada-fcc-tst-ajaj-2017\/","url":"https:\/\/www.estrategiaconcursos.com.br\/blog\/discursiva-comentada-fcc-tst-ajaj-2017\/","name":"Discursiva Comentada - FCC - TST - AJAJ - 2017","isPartOf":{"@id":"https:\/\/www.estrategiaconcursos.com.br\/blog\/#website"},"datePublished":"2017-12-04T13:50:48+00:00","dateModified":"2017-12-04T22:38:20+00:00","breadcrumb":{"@id":"https:\/\/www.estrategiaconcursos.com.br\/blog\/discursiva-comentada-fcc-tst-ajaj-2017\/#breadcrumb"},"inLanguage":"pt-BR","potentialAction":[{"@type":"ReadAction","target":["https:\/\/www.estrategiaconcursos.com.br\/blog\/discursiva-comentada-fcc-tst-ajaj-2017\/"]}]},{"@type":"BreadcrumbList","@id":"https:\/\/www.estrategiaconcursos.com.br\/blog\/discursiva-comentada-fcc-tst-ajaj-2017\/#breadcrumb","itemListElement":[{"@type":"ListItem","position":1,"name":"In\u00edcio","item":"https:\/\/www.estrategiaconcursos.com.br\/blog\/"},{"@type":"ListItem","position":2,"name":"Discursiva Comentada &#8211; FCC &#8211; TST &#8211; AJAJ &#8211; 2017"}]},{"@type":"WebSite","@id":"https:\/\/www.estrategiaconcursos.com.br\/blog\/#website","url":"https:\/\/www.estrategiaconcursos.com.br\/blog\/","name":"Estrat\u00e9gia Concursos","description":"O blog da Estrat\u00e9gia Concursos traz not\u00edcias sobre concursos e artigos de professores oferecendo cursos para concursos (pdf + videaulas) no site.","publisher":{"@id":"https:\/\/www.estrategiaconcursos.com.br\/blog\/#organization"},"potentialAction":[{"@type":"SearchAction","target":{"@type":"EntryPoint","urlTemplate":"https:\/\/www.estrategiaconcursos.com.br\/blog\/?s={search_term_string}"},"query-input":{"@type":"PropertyValueSpecification","valueRequired":true,"valueName":"search_term_string"}}],"inLanguage":"pt-BR"},{"@type":"Organization","@id":"https:\/\/www.estrategiaconcursos.com.br\/blog\/#organization","name":"Estrat\u00e9gia Concursos","url":"https:\/\/www.estrategiaconcursos.com.br\/blog\/","logo":{"@type":"ImageObject","inLanguage":"pt-BR","@id":"https:\/\/www.estrategiaconcursos.com.br\/blog\/#\/schema\/logo\/image\/","url":"https:\/\/dhg1h5j42swfq.cloudfront.net\/2025\/06\/03203428\/logo_concursos-1.jpg","contentUrl":"https:\/\/dhg1h5j42swfq.cloudfront.net\/2025\/06\/03203428\/logo_concursos-1.jpg","width":230,"height":60,"caption":"Estrat\u00e9gia Concursos"},"image":{"@id":"https:\/\/www.estrategiaconcursos.com.br\/blog\/#\/schema\/logo\/image\/"},"sameAs":["https:\/\/x.com\/EstratConcursos"]},{"@type":"Person","@id":"https:\/\/www.estrategiaconcursos.com.br\/blog\/#\/schema\/person\/020032288bda52ebb06d54bdf1fec7ee","name":"Deborah Paiva","image":{"@type":"ImageObject","inLanguage":"pt-BR","@id":"https:\/\/secure.gravatar.com\/avatar\/a8272e1eb549c3fc129f06cc1c756a4dd7cf153c3cca338cd23580febd4d9d84?s=96&d=mm&r=g","url":"https:\/\/secure.gravatar.com\/avatar\/a8272e1eb549c3fc129f06cc1c756a4dd7cf153c3cca338cd23580febd4d9d84?s=96&d=mm&r=g","contentUrl":"https:\/\/secure.gravatar.com\/avatar\/a8272e1eb549c3fc129f06cc1c756a4dd7cf153c3cca338cd23580febd4d9d84?s=96&d=mm&r=g","caption":"Deborah Paiva"},"url":"https:\/\/www.estrategiaconcursos.com.br\/blog\/author\/deborahpaivaestrategiaconcursos-com-br\/"}]}},"_links":{"self":[{"href":"https:\/\/www.estrategiaconcursos.com.br\/blog\/wp-json\/wp\/v2\/posts\/97949","targetHints":{"allow":["GET"]}}],"collection":[{"href":"https:\/\/www.estrategiaconcursos.com.br\/blog\/wp-json\/wp\/v2\/posts"}],"about":[{"href":"https:\/\/www.estrategiaconcursos.com.br\/blog\/wp-json\/wp\/v2\/types\/post"}],"author":[{"embeddable":true,"href":"https:\/\/www.estrategiaconcursos.com.br\/blog\/wp-json\/wp\/v2\/users\/408"}],"replies":[{"embeddable":true,"href":"https:\/\/www.estrategiaconcursos.com.br\/blog\/wp-json\/wp\/v2\/comments?post=97949"}],"version-history":[{"count":3,"href":"https:\/\/www.estrategiaconcursos.com.br\/blog\/wp-json\/wp\/v2\/posts\/97949\/revisions"}],"predecessor-version":[{"id":97953,"href":"https:\/\/www.estrategiaconcursos.com.br\/blog\/wp-json\/wp\/v2\/posts\/97949\/revisions\/97953"}],"wp:attachment":[{"href":"https:\/\/www.estrategiaconcursos.com.br\/blog\/wp-json\/wp\/v2\/media?parent=97949"}],"wp:term":[{"taxonomy":"category","embeddable":true,"href":"https:\/\/www.estrategiaconcursos.com.br\/blog\/wp-json\/wp\/v2\/categories?post=97949"},{"taxonomy":"post_tag","embeddable":true,"href":"https:\/\/www.estrategiaconcursos.com.br\/blog\/wp-json\/wp\/v2\/tags?post=97949"},{"taxonomy":"tax_estado","embeddable":true,"href":"https:\/\/www.estrategiaconcursos.com.br\/blog\/wp-json\/wp\/v2\/tax_estado?post=97949"}],"curies":[{"name":"wp","href":"https:\/\/api.w.org\/{rel}","templated":true}]}}