{"id":97936,"date":"2026-03-17T12:15:00","date_gmt":"2026-03-17T15:15:00","guid":{"rendered":"https:\/\/www.estrategiaconcursos.com.br\/blog\/?p=97936"},"modified":"2026-03-17T17:28:19","modified_gmt":"2026-03-17T20:28:19","slug":"concurso-policia-penal-mg","status":"publish","type":"post","link":"https:\/\/www.estrategiaconcursos.com.br\/blog\/concurso-policia-penal-mg\/","title":{"rendered":"Concurso Pol\u00edcia Penal MG: resultados publicados. Confira!"},"content":{"rendered":"\n<p style=\"font-size:clamp(14.642px, 0.915rem + ((1vw - 3.2px) * 0.721), 22px);\"><em><strong>Edital do concurso Pol\u00edcia Penal MG 2025 na SEJUSP-MG oferta sal\u00e1rio inicial de R$ 5,3 mil!<\/strong><\/em><\/p>\n\n\n\n<div style=\"height:15px\" aria-hidden=\"true\" class=\"wp-block-spacer\"><\/div>\n\n\n\n<hr class=\"wp-block-separator has-alpha-channel-opacity\"\/>\n\n\n<a id=\"cta-icon\" href=\"https:\/\/www.redirectmais.com\/wpp\/policia-penal-mg-grupo\" target=\"blank\" style=\"background:rgb(41,166,26)\">\n            <img decoding=\"async\" src=\"https:\/\/dhg1h5j42swfq.cloudfront.net\/2023\/12\/07154107\/whatsapp_13851.png\" alt=\"logo grupo whatsapp estrat\u00e9gia concursos\" alt=\"whatsapp_1385[1]\"><span > Acesse agora o Grupo de Estudos para o Concurso Pol\u00edcia Penal MG<\/span><\/a>\n\n\n\n<div style=\"height:31px\" aria-hidden=\"true\" class=\"wp-block-spacer\"><\/div>\n\n\n\n<p>Foram divulgados os resultados definitivos da prova objetiva do <strong>concurso Pol\u00edcia Penal MG<\/strong> (<a href=\"https:\/\/www.estrategiaconcursos.com.br\/cursosPorConcurso\/agepen-mg\/\" target=\"_blank\" rel=\"noreferrer noopener\">Secretaria de Estado de Justi\u00e7a e Seguran\u00e7a P\u00fablica de Minas Gerais-SEJUSP<\/a>).<\/p>\n\n\n\n<p>Al\u00e9m disso, tamb\u00e9m foi divulgada a convoca\u00e7\u00e3o dos candidatos habilitados para corre\u00e7\u00e3o para prova de reda\u00e7\u00e3o.<\/p>\n\n\n\n<ul class=\"wp-block-list\">\n<li><a href=\"https:\/\/dhg1h5j42swfq.cloudfront.net\/2026\/02\/17121424\/be7a6058-b978-44d4-a9d0-c536f11be356-1.pdf\" target=\"_blank\" rel=\"noreferrer noopener nofollow\">Resultado definitivo da prova objetiva<\/a><\/li>\n\n\n\n<li><a href=\"https:\/\/dhg1h5j42swfq.cloudfront.net\/2026\/02\/17121733\/b1eb9b18-6419-4e41-9559-a214dc3ce1b4-1.pdf\" target=\"_blank\" rel=\"noreferrer noopener nofollow\">Convocados prova de reda\u00e7\u00e3o<\/a><\/li>\n<\/ul>\n\n\n\n<p>S\u00e3o ofertadas <strong>1.178 vagas<\/strong> para o cargo de Policial Penal na SEJUSP-MG, nos sexos masculino e feminino. A carreira exige escolaridade de n\u00edvel m\u00e9dio e oferece sal\u00e1rio inicial \u00e9 de R$ 5.332,64.<\/p>\n\n\n\n<ul class=\"wp-block-list has-very-light-gray-to-cyan-bluish-gray-gradient-background has-background\">\n<li><strong>Concurso Pol\u00edcia Penal MG &#8211; Efetivos<\/strong><\/li>\n\n\n\n<li><strong>Situa\u00e7\u00e3o<\/strong>: resultados divulgados<\/li>\n\n\n\n<li><strong>Banca<\/strong>: <a href=\"https:\/\/www.institutoaocp.org.br\/concursos\/672\" target=\"_blank\" rel=\"noreferrer noopener\">Instituto AOCP<\/a><\/li>\n\n\n\n<li><strong>Vagas:&nbsp;<\/strong>1.178<\/li>\n\n\n\n<li><strong>Sal\u00e1rio:<\/strong> R$ 5.332,64<\/li>\n\n\n\n<li><strong>Edital:<\/strong> <a href=\"https:\/\/dhg1h5j42swfq.cloudfront.net\/2025\/10\/03083118\/edital-ppmg-2025.pdf\" target=\"_blank\" rel=\"noreferrer noopener nofollow\">Pol\u00edcia Penal MG-2025<\/a><\/li>\n<\/ul>\n\n\n\n<figure style=\"margin: 0;\">\r\n<iframe\r\n    title=\"Mapa de Concursos P\u00fablicos\"\r\n    id=\"mapa-concursos-ga4\"\r\n    src=\"https:\/\/www.estrategiaconcursos.com.br\/blog\/mapa-concursos\/embed?situacoes=Inscri%C3%A7%C3%B5es+abertas%2CEdital+em+breve&#038;areas=Policial\"\r\n    width=\"100%\"\r\n    height=\"400\"\r\n    style=\"border: none; display: block;\"\r\n    loading=\"lazy\">\r\n<\/iframe>\r\n\r\n   <figcaption style=\"\r\n        text-align: center; \r\n        margin-top: 5px;  \r\n        font-size: 1.0em; \r\n        color: #000000;\r\n        font-family: Arial, Helvetica, sans-serif;\r\n    \">\r\n       <b>Conhe\u00e7a o Mapa de Concursos do Estrat\u00e9gia e veja os certames com inscri\u00e7\u00f5es abertas e editais em breve na \u00e1rea Policial<\/b>\r\n    <\/figcaption>\r\n<\/figure>\n\n\n\n<p>Al\u00e9m disso, em contato com a assessoria de comunica\u00e7\u00e3o da SEJUSP, fomos informados que o processo seletivo simplificado com <strong>686 vagas de agentes penitenci\u00e1rios<\/strong> n\u00e3o ser\u00e1 mais realizado. <br \/><br \/>Segundo apura\u00e7\u00e3o realizada, o certame foi invalidado ap\u00f3s decis\u00e3o do Supremo Tribunal Federal (STF), que considerou inconstitucional a lei estadual que permitia esse tipo de contrata\u00e7\u00e3o. <br \/><br \/>O entendimento \u00e9 que o ingresso na carreira deve ocorrer exclusivamente por meio de concurso p\u00fablico, conforme prev\u00ea a Emenda Constitucional 104\/2019.<\/p>\n\n\n\n<ul class=\"wp-block-list\">\n<li><a href=\"https:\/\/www.estrategiaconcursos.com.br\/blog\/concurso-sejusp-mg\/\" target=\"_blank\" rel=\"noreferrer noopener\">Confira tamb\u00e9m informa\u00e7\u00f5es sobre o concurso SEJUSP MG<\/a><\/li>\n<\/ul>\n\n\n\n<p id=\"indice\">Ao longo deste artigo voc\u00ea confere as informa\u00e7\u00f5es atualizadas sobre o <strong>concurso Agepen MG <\/strong>e o novo <strong>concurso Pol\u00edcia Penal MG<\/strong> com os principais pontos dos certames. Acompanhe abaixo:<\/p>\n\n\n\n<ul class=\"wp-block-list\">\n<li><a href=\"#edital-efetivos\">Novo concurso efetivos<\/a>\n<ul class=\"wp-block-list\">\n<li><a href=\"#cargos-vagas\">Cargo e vagas<\/a><\/li>\n\n\n\n<li><a href=\"#etapas\">Etapas e provas<\/a><\/li>\n<\/ul>\n<\/li>\n\n\n\n<li><a href=\"#ultimos-concursos\">\u00daltimos concursos<\/a>\n<ul class=\"wp-block-list\">\n<li><a href=\"#ppmg-2021\">Edital Pol\u00edcia Penal MG 2021<\/a><\/li>\n\n\n\n<li><a href=\"#concurso-temporarios\">Edital Tempor\u00e1rios &#8211; Agente Penitenci\u00e1rio<\/a><\/li>\n<\/ul>\n<\/li>\n\n\n\n<li><a href=\"#materiais\">Materiais de estudo<\/a>\n<ul class=\"wp-block-list\">\n<li><a href=\"#guia\">Guia de Estudos<\/a><\/li>\n\n\n\n<li><a href=\"#estrategico\">Edital Estrat\u00e9gico<\/a><\/li>\n<\/ul>\n<\/li>\n\n\n\n<li><a href=\"#cursos-assinatura\">Cursos e assinaturas<\/a><\/li>\n\n\n\n<li><a href=\"#ficha\">Ficha t\u00e9cnica<\/a><\/li>\n<\/ul>\n\n\n\n<div class=\"container\" id=\"boxes\">\n  <div class=\"row\">\n\n    <div class=\"col-sm\">\n      <div class=\"banner-policia-penal\" id=\"box-assinatura\">\n        <h2 class=\"titulo-assinatura\">Concurso Pol\u00edcia Penal MG <\/h2>\n        <p class=\"subtitulo-assinatura\">Prepare-se para o concurso! \u2b50<\/p>\n        <div class=\"box-botao\">\n          <a class=\"btn-assinatura\" target=\"_blank\" href=\"https:\/\/www.estrategiaconcursos.com.br\/cursosPorConcurso\/agepen-mg\/\" role=\"button\" rel=\"noopener noreferrer\">VER CURSOS<\/a>\n        <\/div>\n      <\/div>\n     \n    <\/div>\n\n  <\/div>\n<\/div>\n\n\n\n<h2 class=\"wp-block-heading\" id=\"edital-efetivos\">Concurso Pol\u00edcia Penal MG 2025: edital efetivos<\/h2>\n\n\n\n<p>Veja as informa\u00e7\u00f5es mais importantes do Concurso PPMG:<\/p>\n\n\n\n<h3 class=\"wp-block-heading\" id=\"cargos-vagas\">Cargo e vagas do concurso Pol\u00edcia Penal MG<\/h3>\n\n\n\n<figure class=\"wp-block-table is-style-stripes\"><table class=\"has-very-light-gray-to-cyan-bluish-gray-gradient-background has-background has-fixed-layout\"><thead><tr><th class=\"has-text-align-center\" data-align=\"center\">CARGO<\/th><th class=\"has-text-align-center\" data-align=\"center\">VAGAS<\/th><th class=\"has-text-align-center\" data-align=\"center\">SAL\u00c1RIO<\/th><\/tr><\/thead><tbody><tr><td class=\"has-text-align-center\" data-align=\"center\">Policial Penal \u2013 Feminino<\/td><td class=\"has-text-align-center\" data-align=\"center\">271<\/td><td class=\"has-text-align-center\" data-align=\"center\">R$ 5.332,64<\/td><\/tr><tr><td class=\"has-text-align-center\" data-align=\"center\">Policial Penal \u2013 Masculino<\/td><td class=\"has-text-align-center\" data-align=\"center\">907<\/td><td class=\"has-text-align-center\" data-align=\"center\">R$ 5.332,64<\/td><\/tr><\/tbody><\/table><\/figure>\n\n\n\n<p>Ser\u00e1 concedida&nbsp;<strong>ajuda de custo para despesas com alimenta\u00e7\u00e3o<\/strong>&nbsp;por dia de trabalho. Os candidatos selecionados e matriculados no Curso de Forma\u00e7\u00e3o T\u00e9cnico-Profissional receber\u00e3o:<\/p>\n\n\n\n<ul class=\"wp-block-list\">\n<li><strong>aux\u00edlio financeiro<\/strong>&nbsp;no valor correspondente a&nbsp;<strong>50% do vencimento b\u00e1sico inicial<\/strong>&nbsp;do cargo de Policial Penal, pago em parcela \u00fanica, exceto se j\u00e1 forem servidores estaduais, caso em que ser\u00e3o dispensados do trabalho sem preju\u00edzo da remunera\u00e7\u00e3o do cargo, mas n\u00e3o ter\u00e3o direito ao aux\u00edlio financeiro.<\/li>\n<\/ul>\n\n\n\n<p><strong>Requisitos<\/strong><\/p>\n\n\n\n<ul class=\"wp-block-list\">\n<li><strong>Ensino m\u00e9dio<\/strong>&nbsp;ou&nbsp;<strong>curso profissionalizante<\/strong>, emitido por institui\u00e7\u00e3o reconhecida pelo Minist\u00e9rio da Educa\u00e7\u00e3o (MEC);<\/li>\n\n\n\n<li>Idade m\u00ednima de 18 anos na posse.<\/li>\n<\/ul>\n\n\n\n<h3 class=\"wp-block-heading\" id=\"etapas\">Etapas e provas do concurso Pol\u00edcia Penal MG<\/h3>\n\n\n\n<p>Os candidatos do concurso s\u00e3o avaliados mediante aplica\u00e7\u00e3o das seguintes etapas:<\/p>\n\n\n\n<ul class=\"wp-block-list\">\n<li>1\u00aa Prova Objetiva e Reda\u00e7\u00e3o, de car\u00e1ter Eliminat\u00f3rio e Classificat\u00f3rio;<\/li>\n\n\n\n<li>2\u00aa Prova de Aptid\u00e3o Psicol\u00f3gica, de car\u00e1ter Eliminat\u00f3rio;<\/li>\n\n\n\n<li>3\u00aa Avalia\u00e7\u00e3o M\u00e9dica, de car\u00e1ter Eliminat\u00f3rio;<\/li>\n\n\n\n<li>4\u00aa Prova de Condicionamento F\u00edsico, de car\u00e1ter Eliminat\u00f3rio;<\/li>\n\n\n\n<li>5\u00aa Comprova\u00e7\u00e3o de Idoneidade e Conduta Ilibada (Investiga\u00e7\u00e3o Social), de car\u00e1ter Eliminat\u00f3rio;<\/li>\n\n\n\n<li>6\u00aa Curso de Forma\u00e7\u00e3o T\u00e9cnico-Profissional (CFTP), de car\u00e1ter Eliminat\u00f3rio e Classificat\u00f3rio.<\/li>\n<\/ul>\n\n\n\n<p>As Provas Objetivas e de Reda\u00e7\u00e3o foram realizadas nas seguintes cidades abaixo. Ao efetuar inscri\u00e7\u00e3o, o candidato optou por uma cidade para aplica\u00e7\u00e3o das provas.<\/p>\n\n\n\n<figure class=\"wp-block-image aligncenter size-large\"><img loading=\"lazy\" decoding=\"async\" width=\"1024\" height=\"148\" src=\"https:\/\/dhg1h5j42swfq.cloudfront.net\/2025\/10\/03074847\/image-29-1024x148.png\" alt=\"Cidades de provas do concurso PPMG 2025\" class=\"wp-image-1648893\" srcset=\"https:\/\/dhg1h5j42swfq.cloudfront.net\/2025\/10\/03074847\/image-29-1024x148.png 1024w, https:\/\/dhg1h5j42swfq.cloudfront.net\/2025\/10\/03074847\/image-29-300x43.png 300w, https:\/\/dhg1h5j42swfq.cloudfront.net\/2025\/10\/03074847\/image-29-768x111.png 768w, https:\/\/dhg1h5j42swfq.cloudfront.net\/2025\/10\/03074847\/image-29-150x22.png 150w, https:\/\/dhg1h5j42swfq.cloudfront.net\/2025\/10\/03074847\/image-29.png 1187w\" sizes=\"auto, (max-width: 1024px) 100vw, 1024px\" \/><figcaption class=\"wp-element-caption\">Cidades de provas do concurso PPMG<\/figcaption><\/figure>\n\n\n\n<h4 class=\"wp-block-heading\" id=\"objetiva\">Provas Objetivas<\/h4>\n\n\n\n<p>A etapa foi composta por 60 quest\u00f5es de m\u00faltipla escolha (quatro alternativas), distribu\u00eddas por \u00e1reas de conhecimento. O candidato deveria obter 60 pontos ou mais na prova para n\u00e3o ser eliminado do concurso.<\/p>\n\n\n\n<ul class=\"wp-block-list\">\n<li>L\u00edngua Portuguesa &#8211; 10<\/li>\n\n\n\n<li>Inform\u00e1tica B\u00e1sica &#8211; 5<\/li>\n\n\n\n<li>No\u00e7\u00f5es de Direito &#8211; 10<\/li>\n\n\n\n<li>Direitos Humanos &#8211; 10<\/li>\n\n\n\n<li>Legisla\u00e7\u00e3o Especial &#8211; 20<\/li>\n\n\n\n<li>Racioc\u00ednio L\u00f3gico &#8211; 5<\/li>\n<\/ul>\n\n\n\n<h4 class=\"wp-block-heading\" id=\"discursiva\">Prova de Reda\u00e7\u00e3o<\/h4>\n\n\n\n<p>A&nbsp;etapa teve pontua\u00e7\u00e3o m\u00e1xima de 100 pontos, sendo necess\u00e1rio obter&nbsp;60 pontos ou mais&nbsp;para n\u00e3o ser eliminado. O texto deveria ter entre&nbsp;20 e 30 linhas.<\/p>\n\n\n\n<figure class=\"wp-block-image aligncenter size-large\"><img loading=\"lazy\" decoding=\"async\" width=\"1024\" height=\"181\" src=\"https:\/\/dhg1h5j42swfq.cloudfront.net\/2025\/10\/03075110\/image-30-1024x181.png\" alt=\"Crit\u00e9rios da reda\u00e7\u00e3o do edital Pol\u00edcia Penal MG 2025\" class=\"wp-image-1648894\" srcset=\"https:\/\/dhg1h5j42swfq.cloudfront.net\/2025\/10\/03075110\/image-30-1024x181.png 1024w, https:\/\/dhg1h5j42swfq.cloudfront.net\/2025\/10\/03075110\/image-30-300x53.png 300w, https:\/\/dhg1h5j42swfq.cloudfront.net\/2025\/10\/03075110\/image-30-768x136.png 768w, https:\/\/dhg1h5j42swfq.cloudfront.net\/2025\/10\/03075110\/image-30-150x27.png 150w, https:\/\/dhg1h5j42swfq.cloudfront.net\/2025\/10\/03075110\/image-30.png 1188w\" sizes=\"auto, (max-width: 1024px) 100vw, 1024px\" \/><figcaption class=\"wp-element-caption\">Crit\u00e9rios da reda\u00e7\u00e3o do edital Pol\u00edcia Penal MG<\/figcaption><\/figure>\n\n\n\n<h4 class=\"wp-block-heading\" id=\"h-teste-de-aptidao-fisica\">Teste de Aptid\u00e3o F\u00edsica<\/h4>\n\n\n\n<figure class=\"wp-block-table is-style-stripes\"><table class=\"has-very-light-gray-to-cyan-bluish-gray-gradient-background has-background has-fixed-layout\"><thead><tr><th class=\"has-text-align-center\" data-align=\"center\">Teste<\/th><th class=\"has-text-align-center\" data-align=\"center\">Masculino<\/th><th class=\"has-text-align-center\" data-align=\"center\">Feminino<\/th><\/tr><\/thead><tbody><tr><td class=\"has-text-align-center\" data-align=\"center\">Flex\u00e3o em Barra Fixa<\/td><td class=\"has-text-align-center\" data-align=\"center\">3 repeti\u00e7\u00f5es (Din\u00e2mico)<\/td><td class=\"has-text-align-center\" data-align=\"center\">0\u201910\u201d (Est\u00e1tico)<\/td><\/tr><tr><td class=\"has-text-align-center\" data-align=\"center\">Flex\u00e3o Abdominal<\/td><td class=\"has-text-align-center\" data-align=\"center\">31 repeti\u00e7\u00f5es<\/td><td class=\"has-text-align-center\" data-align=\"center\">25 repeti\u00e7\u00f5es<\/td><\/tr><tr><td class=\"has-text-align-center\" data-align=\"center\">Impuls\u00e3o Horizontal<\/td><td class=\"has-text-align-center\" data-align=\"center\">1,86 m<\/td><td class=\"has-text-align-center\" data-align=\"center\">1,46 m<\/td><\/tr><tr><td class=\"has-text-align-center\" data-align=\"center\">Flex\u00e3o de Bra\u00e7o no Solo<\/td><td class=\"has-text-align-center\" data-align=\"center\">16 repeti\u00e7\u00f5es<\/td><td class=\"has-text-align-center\" data-align=\"center\">12 repeti\u00e7\u00f5es<\/td><\/tr><tr><td class=\"has-text-align-center\" data-align=\"center\">Corrida de 12 minutos<\/td><td class=\"has-text-align-center\" data-align=\"center\">2.300 m<\/td><td class=\"has-text-align-center\" data-align=\"center\">2.000 m<\/td><\/tr><\/tbody><\/table><\/figure>\n\n\n\n<hr class=\"wp-block-separator has-alpha-channel-opacity is-style-dots\"\/>\n\n\n\n<h2 class=\"wp-block-heading\" id=\"ultimos-concursos\">Concurso Pol\u00edcia Penal MG: \u00faltimos editais<\/h2>\n\n\n\n<h3 class=\"wp-block-heading has-cyan-bluish-gray-background-color has-background\" id=\"ppmg-2021\">Edital Pol\u00edcia Penal MG &#8211; 2021 (efetivos)<\/h3>\n\n\n\n<ul class=\"wp-block-list\">\n<li><strong>Vagas:&nbsp;<\/strong>2.420<\/li>\n\n\n\n<li><strong>Cargo:&nbsp;<\/strong>Policial Penal (Agente Penitenci\u00e1rio)<\/li>\n\n\n\n<li><strong>Banca:<\/strong> Instituto Selecon<\/li>\n\n\n\n<li><strong>Escolaridade:<\/strong> n\u00edvel m\u00e9dio<\/li>\n\n\n\n<li><strong>Edital consolidado:<\/strong> <a href=\"https:\/\/dhg1h5j42swfq.cloudfront.net\/2021\/10\/22093025\/edital-concurso-publico-sejusp-mg-2021-consolidado_21_10_21_ret_1_2_3.pdf\" target=\"_blank\" rel=\"noreferrer noopener nofollow\">Pol\u00edcia Penal MG<\/a><\/li>\n<\/ul>\n\n\n\n<h4 class=\"wp-block-heading\" id=\"informacoes-do-cargo\">Cargos e vagas<\/h4>\n\n\n\n<p><strong>Vagas masculino<\/strong><\/p>\n\n\n\n<figure class=\"wp-block-table is-style-stripes\"><table class=\"has-very-light-gray-to-cyan-bluish-gray-gradient-background has-background has-fixed-layout\"><thead><tr><th class=\"has-text-align-center\" data-align=\"center\"><strong>Remunera\u00e7\u00e3o mensal<\/strong><\/th><th class=\"has-text-align-center\" data-align=\"center\"><strong>Vagas AC<\/strong><\/th><th class=\"has-text-align-center\" data-align=\"center\"><strong>Vagas PcD <\/strong><\/th><\/tr><\/thead><tbody><tr><td class=\"has-text-align-center\" data-align=\"center\">R$ 4.631,25<\/td><td class=\"has-text-align-center\" data-align=\"center\">1.750<\/td><td class=\"has-text-align-center\" data-align=\"center\">194&nbsp;<\/td><\/tr><\/tbody><\/table><figcaption class=\"wp-element-caption\">Quadro de vagas masculino da Pol\u00edcia Penal MG.<\/figcaption><\/figure>\n\n\n\n<p><strong>Vagas feminino<\/strong><\/p>\n\n\n\n<figure class=\"wp-block-table is-style-stripes\"><table class=\"has-very-light-gray-to-cyan-bluish-gray-gradient-background has-background has-fixed-layout\"><thead><tr><th class=\"has-text-align-center\" data-align=\"center\"><strong>Remunera\u00e7\u00e3o mensal<\/strong><\/th><th class=\"has-text-align-center\" data-align=\"center\"><strong>Vagas AC<\/strong><\/th><th class=\"has-text-align-center\" data-align=\"center\"><strong>Vagas PcD<\/strong><\/th><\/tr><\/thead><tbody><tr><td class=\"has-text-align-center\" data-align=\"center\">R$ 4.631,25<\/td><td class=\"has-text-align-center\" data-align=\"center\">428<\/td><td class=\"has-text-align-center\" data-align=\"center\">48<\/td><\/tr><\/tbody><\/table><figcaption class=\"wp-element-caption\">Quadro de vagas feminino da Pol\u00edcia Penal MG.<\/figcaption><\/figure>\n\n\n\n<p><strong>Sal\u00e1rio<\/strong><\/p>\n\n\n\n<p>De acordo com o edital do<strong> concurso Pol\u00edcia Penal MG<\/strong>, a remunera\u00e7\u00e3o inicial \u00e9 de&nbsp;<strong>R$ 4.631,25<\/strong>, j\u00e1 com o ajuste atualizado, conforme os 13% de aumento.<\/p>\n\n\n\n<figure class=\"wp-block-image aligncenter size-large is-style-default\"><img loading=\"lazy\" decoding=\"async\" width=\"706\" height=\"122\" src=\"https:\/\/dhg1h5j42swfq.cloudfront.net\/2021\/05\/17115532\/image-396.png\" alt=\"Tabela salarial concurso policia penal mg 2021\" class=\"wp-image-742706\" srcset=\"https:\/\/dhg1h5j42swfq.cloudfront.net\/2021\/05\/17115532\/image-396.png 706w, https:\/\/dhg1h5j42swfq.cloudfront.net\/2021\/05\/17115532\/image-396-300x52.png 300w, https:\/\/dhg1h5j42swfq.cloudfront.net\/2021\/05\/17115532\/image-396-610x105.png 610w\" sizes=\"auto, (max-width: 706px) 100vw, 706px\" \/><figcaption class=\"wp-element-caption\"> Sal\u00e1rio do concurso Pol\u00edcia Penal MG <\/figcaption><\/figure>\n\n\n\n<figure class=\"wp-block-image aligncenter size-large is-style-default\"><img loading=\"lazy\" decoding=\"async\" width=\"705\" height=\"120\" src=\"https:\/\/dhg1h5j42swfq.cloudfront.net\/2021\/05\/17115600\/image-397.png\" alt=\"Tabela salarial concurso policia penal mg 2021\" class=\"wp-image-742708\" srcset=\"https:\/\/dhg1h5j42swfq.cloudfront.net\/2021\/05\/17115600\/image-397.png 705w, https:\/\/dhg1h5j42swfq.cloudfront.net\/2021\/05\/17115600\/image-397-300x51.png 300w, https:\/\/dhg1h5j42swfq.cloudfront.net\/2021\/05\/17115600\/image-397-610x104.png 610w\" sizes=\"auto, (max-width: 705px) 100vw, 705px\" \/><figcaption class=\"wp-element-caption\">Sal\u00e1rio do concurso Pol\u00edcia Penal MG<\/figcaption><\/figure>\n\n\n\n<h4 class=\"wp-block-heading\" id=\"h-etapas-e-provas-do-concurso-policia-penal-mg\">Etapas e provas do concurso Pol\u00edcia Penal MG<\/h4>\n\n\n\n<p>O concurso Pol\u00edcia Penal MG foi constitu\u00eddo pelas seguintes etapas:<\/p>\n\n\n\n<ul class=\"wp-block-list\">\n<li><strong>Prova Objetiva e Reda\u00e7\u00e3o<\/strong> &#8211; car\u00e1ter eliminat\u00f3rio e classificat\u00f3rio;<\/li>\n\n\n\n<li><strong>Prova de Aptid\u00e3o Psicol\u00f3gica e Psicot\u00e9cnica<\/strong> &#8211; car\u00e1ter eliminat\u00f3rio;<\/li>\n\n\n\n<li><strong>Exames M\u00e9dicos<\/strong> &#8211; car\u00e1ter eliminat\u00f3rio;<\/li>\n\n\n\n<li><strong>Prova de Condicionamento F\u00edsico por Testes espec\u00edficos<\/strong> &#8211; car\u00e1ter eliminat\u00f3rio;<\/li>\n\n\n\n<li><strong>Comprova\u00e7\u00e3o de Idoneidade e Conduta Ilibada<\/strong> &#8211; car\u00e1ter eliminat\u00f3rio;<\/li>\n\n\n\n<li><strong>Curso de forma\u00e7\u00e3o t\u00e9cnico-profissional<\/strong> &#8211; car\u00e1ter eliminat\u00f3rio e classificat\u00f3rio.<\/li>\n<\/ul>\n\n\n\n<h4 class=\"wp-block-heading\" id=\"h-prova-objetiva-e-redacao\">Prova Objetiva e Reda\u00e7\u00e3o<\/h4>\n\n\n\n<p>A aplica\u00e7\u00e3o das Provas Objetivas e de Reda\u00e7\u00e3o ocorreu no dia&nbsp;<strong>13 de mar\u00e7o.<\/strong>&nbsp;As avalia\u00e7\u00f5es foram aplicadas em 16 cidades mineiras, incluindo a capital Belo Horizonte. <\/p>\n\n\n\n<ul class=\"wp-block-list\">\n<li>Belo Horizonte, Vespasiano, Juiz de Fora, Uberaba, Lavras, Divin\u00f3polis, Governador Valadares, Uberl\u00e2ndia, Patos de Minas, Montes Claros, Ipatinga, Barbacena, Curvelo, Te\u00f3filo Otoni, Una\u00ed, Pouso Alegre, Po\u00e7os de Caldas.<\/li>\n<\/ul>\n\n\n\n<p>Durante cinco horas, os concorrentes precisaram responder a&nbsp;60 quest\u00f5es, distribu\u00eddas da seguinte maneira:<\/p>\n\n\n\n<figure class=\"wp-block-image aligncenter size-large\"><img loading=\"lazy\" decoding=\"async\" width=\"1024\" height=\"210\" src=\"https:\/\/dhg1h5j42swfq.cloudfront.net\/2021\/08\/18070800\/image-348-1024x210.png\" alt=\"Distribui\u00e7\u00e3o das quest\u00f5es\" class=\"wp-image-839011\" srcset=\"https:\/\/dhg1h5j42swfq.cloudfront.net\/2021\/08\/18070800\/image-348-1024x210.png 1024w, https:\/\/dhg1h5j42swfq.cloudfront.net\/2021\/08\/18070800\/image-348-300x62.png 300w, https:\/\/dhg1h5j42swfq.cloudfront.net\/2021\/08\/18070800\/image-348-768x158.png 768w, https:\/\/dhg1h5j42swfq.cloudfront.net\/2021\/08\/18070800\/image-348-610x125.png 610w, https:\/\/dhg1h5j42swfq.cloudfront.net\/2021\/08\/18070800\/image-348.png 1184w\" sizes=\"auto, (max-width: 1024px) 100vw, 1024px\" \/><figcaption class=\"wp-element-caption\">Distribui\u00e7\u00e3o das quest\u00f5es do concurso Pol\u00edcia Penal MG<\/figcaption><\/figure>\n\n\n\n<p>Ainda foi necess\u00e1rio elaborar uma reda\u00e7\u00e3o de 20 a 30 linhas. Os referidos textos do concurso Pol\u00edcia Penal MG ser\u00e3o avaliados da seguinte maneira: <\/p>\n\n\n\n<figure class=\"wp-block-image aligncenter size-large\"><img loading=\"lazy\" decoding=\"async\" width=\"1024\" height=\"221\" src=\"https:\/\/dhg1h5j42swfq.cloudfront.net\/2021\/08\/18070913\/image-349-1024x221.png\" alt=\"Regras de avalia\u00e7\u00e3o da reda\u00e7\u00e3o \" class=\"wp-image-839012\" srcset=\"https:\/\/dhg1h5j42swfq.cloudfront.net\/2021\/08\/18070913\/image-349-1024x221.png 1024w, https:\/\/dhg1h5j42swfq.cloudfront.net\/2021\/08\/18070913\/image-349-300x65.png 300w, https:\/\/dhg1h5j42swfq.cloudfront.net\/2021\/08\/18070913\/image-349-768x166.png 768w, https:\/\/dhg1h5j42swfq.cloudfront.net\/2021\/08\/18070913\/image-349-610x132.png 610w, https:\/\/dhg1h5j42swfq.cloudfront.net\/2021\/08\/18070913\/image-349.png 1189w\" sizes=\"auto, (max-width: 1024px) 100vw, 1024px\" \/><figcaption class=\"wp-element-caption\">Regras de avalia\u00e7\u00e3o da reda\u00e7\u00e3o<\/figcaption><\/figure>\n\n\n\n<p>Somente foram corrigidas as reda\u00e7\u00f5es&nbsp;dos candidatos que obtiveram<strong> nota m\u00ednima de 60%<\/strong> dos pontos atribu\u00eddos \u00e0 prova objetiva e<strong> m\u00ednimo de 40% em cada disciplina<\/strong> e at\u00e9 o limite equivalente a cinco&nbsp;vezes o n\u00famero de vagas oferecidas, por g\u00eanero.&nbsp;<\/p>\n\n\n\n<h4 class=\"wp-block-heading\" id=\"h-prova-de-condicionamento-fisico-taf\">Prova de Condicionamento F\u00edsico (TAF)<\/h4>\n\n\n\n<p>A quarta etapa do concurso PP MG constou de <strong>Prova de Condicionamento F\u00edsico<\/strong> (<a href=\"https:\/\/www.estrategiaconcursos.com.br\/blog\/preparacao-teste-aptidao-fisica\/\" target=\"_blank\" rel=\"noreferrer noopener\">TAF<\/a>) por Testes Espec\u00edficos, de <strong>car\u00e1ter eliminat\u00f3rio<\/strong>, sendo o candidato considerado apto ou inapto.<\/p>\n\n\n\n<p>Os desempenhos exigidos no exame de aptid\u00e3o f\u00edsica destinaram-se \u00e0 avalia\u00e7\u00e3o da for\u00e7a, da resist\u00eancia muscular e da capacidade aer\u00f3bia, importantes para suportar, f\u00edsica e organicamente, bem como desempenhar com efici\u00eancia as atribui\u00e7\u00f5es espec\u00edficas dos cargos de Agente de Seguran\u00e7a Penitenci\u00e1rio\/Policial Penal.<\/p>\n\n\n\n<p>A Prova de Condicionamento F\u00edsico por Testes Espec\u00edficos do concurso Pol\u00edcia Penal MG constou dos testes especificados a seguir:<\/p>\n\n\n\n<ul class=\"wp-block-list\">\n<li><strong>a)<\/strong> Teste de flex\u00e3o em barra fixa \u2014 teste din\u00e2mico de barra fixa, como primeira avalia\u00e7\u00e3o para candidatos do sexo masculino; e teste est\u00e1tico de barra fixa, como primeira avalia\u00e7\u00e3o para candidatas do sexo feminino;<\/li>\n\n\n\n<li><strong>b)<\/strong> Teste de flex\u00e3o abdominal, como segunda avalia\u00e7\u00e3o para todos os g\u00eaneros;<\/li>\n\n\n\n<li><strong>c)<\/strong> Teste de impuls\u00e3o horizontal, como terceira avalia\u00e7\u00e3o para todos os g\u00eaneros;<\/li>\n\n\n\n<li><strong>d)<\/strong> Teste de flex\u00e3o de bra\u00e7o no solo, como quarta avalia\u00e7\u00e3o para todos os g\u00eaneros;<\/li>\n\n\n\n<li><strong>e)<\/strong> Teste de corrida de 12 minutos, como quinta e \u00faltima avalia\u00e7\u00e3o para todos os g\u00eaneros.<\/li>\n<\/ul>\n\n\n\n<h3 class=\"wp-block-heading has-cyan-bluish-gray-background-color has-background\" id=\"concurso-temporarios\">Edital Agente Penitenci\u00e1rio &#8211; 2022 (tempor\u00e1rios)<\/h3>\n\n\n\n<ul class=\"wp-block-list\">\n<li><strong>Vagas:&nbsp;<\/strong>3.506<\/li>\n\n\n\n<li><strong>Cargo<\/strong>: Agente de Seguran\u00e7a Penitenci\u00e1rio<\/li>\n\n\n\n<li><strong>Banca:<\/strong>&nbsp;FGV<\/li>\n\n\n\n<li><strong>Escolaridade:<\/strong>&nbsp;n\u00edvel m\u00e9dio<\/li>\n\n\n\n<li><strong>Edital<\/strong>: <a href=\"https:\/\/dhg1h5j42swfq.cloudfront.net\/2022\/08\/02143336\/sei_1450-01-0188134_2021_46_edital_pss_asp_2022_assinado_e_correto_4984154-2.pdf\" target=\"_blank\" rel=\"noreferrer noopener nofollow\">PSS Sejusp MG-2022<\/a><\/li>\n<\/ul>\n\n\n\n<h4 class=\"wp-block-heading\" id=\"cargos-vagas-pss\">Cargos e vagas do concurso tempor\u00e1rios<\/h4>\n\n\n\n<figure class=\"wp-block-table is-style-stripes\"><table class=\"has-very-light-gray-to-cyan-bluish-gray-gradient-background has-background has-fixed-layout\"><thead><tr><th class=\"has-text-align-center\" data-align=\"center\">CARGO<\/th><th class=\"has-text-align-center\" data-align=\"center\">VAGAS<\/th><th class=\"has-text-align-center\" data-align=\"center\">SAL\u00c1RIO<\/th><\/tr><\/thead><tbody><tr><td class=\"has-text-align-center\" data-align=\"center\">Agente de Seguran\u00e7a Penitenci\u00e1rio<\/td><td class=\"has-text-align-center\" data-align=\"center\">3.506<\/td><td class=\"has-text-align-center\" data-align=\"center\">R$ 5.097,15<\/td><\/tr><\/tbody><\/table><figcaption class=\"wp-element-caption\">Quadro de cargos e vagas para Tempor\u00e1rios.<\/figcaption><\/figure>\n\n\n\n<ul class=\"wp-block-list\">\n<li><strong>Vagas<\/strong>: 2.953 para o sexo masculino e 553 para o sexo feminino<\/li>\n\n\n\n<li><strong>Requisitos<\/strong>: Ensino M\u00e9dio ou Curso Profissionalizante de Ensino M\u00e9dio, conclu\u00eddo e reconhecido pelo MEC<\/li>\n\n\n\n<li><strong>Jornada de trabalho<\/strong>: 40 horas semanais<\/li>\n<\/ul>\n\n\n\n<h4 class=\"wp-block-heading\" id=\"etapas-pss\">Etapas e provas do concurso de tempor\u00e1rios<\/h4>\n\n\n\n<p>Os candidatos do processo seletivo foram avaliados mediante aplica\u00e7\u00e3o das seguintes etapas:<\/p>\n\n\n\n<ul class=\"wp-block-list\">\n<li><strong>1\u00aa Etapa<\/strong>: Prova Objetiva, de car\u00e1ter eliminat\u00f3rio e classificat\u00f3rio;<\/li>\n\n\n\n<li><strong>2\u00aa Etapa<\/strong>: Avalia\u00e7\u00e3o Psicol\u00f3gica, de car\u00e1ter eliminat\u00f3rio; <\/li>\n\n\n\n<li><strong>3\u00aa Etapa<\/strong>: Investiga\u00e7\u00e3o Social, de car\u00e1ter eliminat\u00f3rio.<\/li>\n<\/ul>\n\n\n\n<p>A Prova Objetiva e a Avalia\u00e7\u00e3o Psicol\u00f3gica ser\u00e3o realizadas nos munic\u00edpios de Belo Horizonte, Contagem, Vespasiano, Juiz de Fora, Uberaba, Lavras, Divin\u00f3polis, Governador Valadares, Uberl\u00e2ndia, Patos de Minas, Montes Claros, Ipatinga, Barbacena, Curvelo, Te\u00f3filo Otoni, Una\u00ed, Pouso Alegre, Po\u00e7os de Caldas e Sete Lagoas.<\/p>\n\n\n\n<p><strong>Provas Objetivas<\/strong><\/p>\n\n\n\n<p>A Prova Objetiva, de car\u00e1ter eliminat\u00f3rio e classificat\u00f3rio, foi composta por 70 quest\u00f5es de m\u00faltipla escolha, numeradas sequencialmente, com cinco alternativas e apenas uma resposta correta.<\/p>\n\n\n\n<ul class=\"wp-block-list\">\n<li>L\u00edngua Portuguesa &#8211; 20 quest\u00f5es (peso 2)<\/li>\n\n\n\n<li>No\u00e7\u00f5es de Direito 10 quest\u00f5es (peso 1)<\/li>\n\n\n\n<li>Direitos Humanos 10 quest\u00f5es (peso 2) <\/li>\n\n\n\n<li>Legisla\u00e7\u00e3o Especial 20 quest\u00f5es (peso 2) <\/li>\n\n\n\n<li>Racioc\u00ednio L\u00f3gico-Anal\u00edtico 10 quest\u00f5es (peso 1)<\/li>\n<\/ul>\n\n\n\n<p>Valendo at\u00e9 120 pontos, foi exclu\u00eddo do processo seletivo o candidato que n\u00e3o obteve o m\u00ednimo de 50% da pontua\u00e7\u00e3o exigida. Foi aprovado aquele que, cumulativamente, acertou, no m\u00ednimo 01 quest\u00e3o em cada disciplina e acertou, no m\u00ednimo, 60 pontos do total da Prova.<\/p>\n\n\n\n<hr class=\"wp-block-separator has-alpha-channel-opacity is-style-dots\"\/>\n\n\n\n<h2 class=\"wp-block-heading has-cyan-bluish-gray-background-color has-background\" id=\"materiais\">Concurso Pol\u00edcia Penal MG: materiais de estudo<\/h2>\n\n\n\n<h3 class=\"wp-block-heading\" id=\"guia\">Guia de Estudos para o concurso Pol\u00edcia Penal MG<\/h3>\n\n\n\n<ul class=\"wp-block-list\">\n<li><strong><a href=\"https:\/\/www.estrategiaconcursos.com.br\/blog\/guia-estudos-sejusp-mg\/\" target=\"_blank\" rel=\"noreferrer noopener\">Guia de Estudos PP MG 2021<\/a><\/strong><\/li>\n<\/ul>\n\n\n\n<h3 class=\"wp-block-heading\" id=\"estrategico\">Edital Estrat\u00e9gico<\/h3>\n\n\n\n<ul class=\"wp-block-list\">\n<li><strong><a href=\"https:\/\/dhg1h5j42swfq.cloudfront.net\/2021\/08\/18131250\/edital-estrategico_policia-penal-mg_agente-de-seguranca-penitenciario.xlsx\" target=\"_blank\" rel=\"noreferrer noopener nofollow\">Agente de Seguran\u00e7a Penitenci\u00e1rio<\/a><\/strong><\/li>\n<\/ul>\n\n\n\n<p><strong>IMPORTANTE:&nbsp;<\/strong>Ao clicar no link acima, vai ser aberta uma janela do Google Drive que tentar\u00e1 carregar a visualiza\u00e7\u00e3o da planilha no seu navegador. N\u00e3o h\u00e1 necessidade de esperar essa visualiza\u00e7\u00e3o (talvez at\u00e9 nem carregue, j\u00e1 que os arquivos s\u00e3o pesados).<\/p>\n\n\n\n<p>Fa\u00e7a o download clicando na seta para baixo no canto superior direito da janela do Google Drive que vai ser aberta ao clicar nos links acima.<\/p>\n\n\n\n<p>Todos os arquivos foram testados em diferentes computadores e celulares e est\u00e3o ok. Talvez alguma incompatibilidade (ou mensagem de erro, como \u201carquivo inv\u00e1lido\u201d) ocorra em virtude do seu pr\u00f3prio computador ou do tamanho dos arquivos que possuem mais conte\u00fado.<\/p>\n\n\n\n<hr class=\"wp-block-separator has-css-opacity\"\/>\n\n\n\n<h2 class=\"wp-block-heading has-text-align-center\" id=\"h-quer-saber-tudo-sobre-os-concursos-previstos-confira-nossos-artigos\">Quer saber tudo sobre os concursos previstos?<br \/>Confira nossos artigos!<\/h2>\n\n\n\n<ul class=\"wp-block-list\">\n<li><a href=\"https:\/\/www.estrategiaconcursos.com.br\/blog\/concursos-policia-penal\/\" target=\"_blank\" rel=\"noreferrer noopener\">Concursos Pol\u00edcia Penal<\/a><\/li>\n\n\n\n<li><a href=\"https:\/\/www.estrategiaconcursos.com.br\/blog\/concurso-bombeiros-mg\/\" target=\"_blank\" rel=\"noreferrer noopener\">Concurso Bombeiros MG<\/a><\/li>\n\n\n\n<li><a href=\"https:\/\/www.estrategiaconcursos.com.br\/blog\/concursos-abertos\/\" target=\"_blank\" rel=\"noreferrer noopener\">Concursos abertos<\/a><\/li>\n\n\n\n<li><a href=\"https:\/\/www.estrategiaconcursos.com.br\/blog\/concursos-2026\/\" target=\"_blank\" rel=\"noreferrer noopener\">Concursos 2026<\/a><\/li>\n<\/ul>\n\n\n\n<h2 class=\"wp-block-heading has-text-align-center\" id=\"cursos-assinatura\">Quer estudar para o concurso Pol\u00edcia Penal MG?<\/h2>\n\n\n\n<div class=\"container\" id=\"boxes\">\n  <div class=\"row\">\n\n    <div class=\"col-sm\">\n      <div class=\"banner-policia-penal\" id=\"box-assinatura\">\n        <h3 class=\"titulo-assinatura\">Concurso Pol\u00edcia Penal MG <\/h3>\n        <p class=\"subtitulo-assinatura\">Prepare-se para o concurso! \u2b50<\/p>\n        <div class=\"box-botao\">\n          <a class=\"btn-assinatura\" target=\"_blank\" href=\"https:\/\/www.estrategiaconcursos.com.br\/cursosPorConcurso\/agepen-mg\/\" role=\"button\" rel=\"noopener noreferrer\">VER CURSOS<\/a>\n        <\/div>\n      <\/div>\n  \n    <\/div>\n\n  <\/div>\n<\/div>\n\n\n\n<div class=\"container\" id=\"boxes\">\n  <div class=\"row\">\n\n    <div class=\"col-sm\">\n      <div class=\"estrategia\" id=\"box-assinatura\">\n        <h3 class=\"titulo-assinatura\">Assinatura Concursos<\/h3>\n        <p class=\"subtitulo-assinatura\">Assinatura de 1 ano ou 2 anos<\/p>\n        <div class=\"box-botao\">\n          <a class=\"btn-assinatura\" target=\"_blank\" href=\"https:\/\/www.estrategiaconcursos.com.br\/assinaturas\/\" role=\"button\" rel=\"noopener noreferrer\">ASSINE AGORA<\/a>\n        <\/div>\n      <\/div>\n     \n    <\/div><\/div><\/div>\n\n\n\n<figure class=\"wp-block-image size-large is-resized\"><img loading=\"lazy\" decoding=\"async\" width=\"1024\" height=\"632\" src=\"https:\/\/dhg1h5j42swfq.cloudfront.net\/2021\/03\/30121221\/ficha-tecnica-10-1024x632.png\" alt=\"Ficha t\u00e9cnica\" class=\"wp-image-704559\" style=\"width:292px;height:auto\" srcset=\"https:\/\/dhg1h5j42swfq.cloudfront.net\/2021\/03\/30121221\/ficha-tecnica-10-1024x632.png 1024w, https:\/\/dhg1h5j42swfq.cloudfront.net\/2021\/03\/30121221\/ficha-tecnica-10-300x185.png 300w, https:\/\/dhg1h5j42swfq.cloudfront.net\/2021\/03\/30121221\/ficha-tecnica-10-768x474.png 768w, https:\/\/dhg1h5j42swfq.cloudfront.net\/2021\/03\/30121221\/ficha-tecnica-10-1536x948.png 1536w, https:\/\/dhg1h5j42swfq.cloudfront.net\/2021\/03\/30121221\/ficha-tecnica-10-610x377.png 610w, https:\/\/dhg1h5j42swfq.cloudfront.net\/2021\/03\/30121221\/ficha-tecnica-10.png 1571w\" sizes=\"auto, (max-width: 1024px) 100vw, 1024px\" \/><\/figure>\n\n\n\n<h3 class=\"wp-block-heading\" id=\"ficha\">Informa\u00e7\u00f5es do Concurso Pol\u00edcia Penal MG<\/h3>\n\n\n\n<ul class=\"wp-block-list\">\n<li><strong>Provas:<\/strong> 25\/01\/2026<\/li>\n\n\n\n<li><strong>Vagas:&nbsp;<\/strong>1.178<\/li>\n\n\n\n<li><strong>Cargo<\/strong>: Policial Penal <\/li>\n\n\n\n<li><strong>Banca:<\/strong>&nbsp;Instituto AOCP<\/li>\n\n\n\n<li><strong>Escolaridade:<\/strong>&nbsp;n\u00edvel m\u00e9dio<\/li>\n\n\n\n<li><strong>Edital:<\/strong> <a href=\"https:\/\/dhg1h5j42swfq.cloudfront.net\/2025\/10\/03083118\/edital-ppmg-2025.pdf\" target=\"_blank\" rel=\"noreferrer noopener nofollow\">Pol\u00edcia Penal MG-2025<\/a><\/li>\n<\/ul>\n","protected":false},"excerpt":{"rendered":"<p>Edital do concurso Pol\u00edcia Penal MG 2025 na SEJUSP-MG oferta sal\u00e1rio inicial de R$ 5,3 mil! Foram divulgados os resultados definitivos da prova objetiva do concurso Pol\u00edcia Penal MG (Secretaria de Estado de Justi\u00e7a e Seguran\u00e7a P\u00fablica de Minas Gerais-SEJUSP). Al\u00e9m disso, tamb\u00e9m foi divulgada a convoca\u00e7\u00e3o dos candidatos habilitados para corre\u00e7\u00e3o para prova de [&hellip;]<\/p>\n","protected":false},"author":1206,"featured_media":1585479,"comment_status":"open","ping_status":"closed","sticky":false,"template":"","format":"standard","meta":{"post_tipo":"news_page","footnotes":""},"categories":[220188],"tags":[3167,3166],"tax_estado":[219974],"class_list":["post-97936","post","type-post","status-publish","format-standard","has-post-thumbnail","hentry","category-policial-agente-penitenciario","tag-agente-penitenciario-mg","tag-agepen-mg","tax_estado-mg"],"acf":[],"yoast_head":"<!-- This site is optimized with the Yoast SEO Premium plugin v27.2 (Yoast SEO v27.2) - https:\/\/yoast.com\/product\/yoast-seo-premium-wordpress\/ -->\n<title>Concurso Pol\u00edcia Penal MG: resultados publicados. Confira!<\/title>\n<meta name=\"description\" content=\"Concurso Pol\u00edcia Penal MG 2025 tem resultados divulgados. Edital oferta 1.178 vagas de n\u00edvel m\u00e9dio na SEJUSP-MG. Confira!\" \/>\n<meta name=\"robots\" content=\"index, follow, max-snippet:-1, max-image-preview:large, max-video-preview:-1\" \/>\n<link rel=\"canonical\" href=\"https:\/\/www.estrategiaconcursos.com.br\/blog\/concurso-policia-penal-mg\/\" \/>\n<meta property=\"og:locale\" content=\"pt_BR\" \/>\n<meta property=\"og:type\" content=\"article\" \/>\n<meta property=\"og:title\" content=\"Concurso Pol\u00edcia Penal MG: resultados publicados. Confira!\" \/>\n<meta property=\"og:description\" content=\"Concurso Pol\u00edcia Penal MG 2025 tem resultados divulgados. Edital oferta 1.178 vagas de n\u00edvel m\u00e9dio na SEJUSP-MG. Confira!\" \/>\n<meta property=\"og:url\" content=\"https:\/\/www.estrategiaconcursos.com.br\/blog\/concurso-policia-penal-mg\/\" \/>\n<meta property=\"og:site_name\" content=\"Estrat\u00e9gia Concursos\" \/>\n<meta property=\"article:published_time\" content=\"2026-03-17T15:15:00+00:00\" \/>\n<meta property=\"article:modified_time\" content=\"2026-03-17T20:28:19+00:00\" \/>\n<meta property=\"og:image\" content=\"https:\/\/dhg1h5j42swfq.cloudfront.net\/2025\/06\/03174018\/policia-penal-mg.jpg\" \/>\n\t<meta property=\"og:image:width\" content=\"768\" \/>\n\t<meta property=\"og:image:height\" content=\"432\" \/>\n\t<meta property=\"og:image:type\" content=\"image\/jpeg\" \/>\n<meta name=\"author\" content=\"Bruna de Andrade Fran\u00e7a\" \/>\n<meta name=\"twitter:card\" content=\"summary_large_image\" \/>\n<meta name=\"twitter:creator\" content=\"@EstratConcursos\" \/>\n<meta name=\"twitter:site\" content=\"@EstratConcursos\" \/>\n<meta name=\"twitter:label1\" content=\"Escrito por\" \/>\n\t<meta name=\"twitter:data1\" content=\"Bruna de Andrade Fran\u00e7a\" \/>\n\t<meta name=\"twitter:label2\" content=\"Est. tempo de leitura\" \/>\n\t<meta name=\"twitter:data2\" content=\"11 minutos\" \/>\n<script type=\"application\/ld+json\" class=\"yoast-schema-graph\">{\"@context\":\"https:\/\/schema.org\",\"@graph\":[{\"@type\":\"NewsArticle\",\"@id\":\"https:\/\/www.estrategiaconcursos.com.br\/blog\/concurso-policia-penal-mg\/#article\",\"isPartOf\":{\"@id\":\"https:\/\/www.estrategiaconcursos.com.br\/blog\/concurso-policia-penal-mg\/\"},\"author\":{\"name\":\"Bruna de Andrade Fran\u00e7a\",\"@id\":\"https:\/\/www.estrategiaconcursos.com.br\/blog\/#\/schema\/person\/6630f91134abc08115cca62ce6372855\"},\"headline\":\"Concurso Pol\u00edcia Penal MG: resultados publicados. Confira!\",\"datePublished\":\"2026-03-17T15:15:00+00:00\",\"dateModified\":\"2026-03-17T20:28:19+00:00\",\"mainEntityOfPage\":{\"@id\":\"https:\/\/www.estrategiaconcursos.com.br\/blog\/concurso-policia-penal-mg\/\"},\"wordCount\":1918,\"commentCount\":43,\"publisher\":{\"@id\":\"https:\/\/www.estrategiaconcursos.com.br\/blog\/#organization\"},\"image\":{\"@id\":\"https:\/\/www.estrategiaconcursos.com.br\/blog\/concurso-policia-penal-mg\/#primaryimage\"},\"thumbnailUrl\":\"https:\/\/dhg1h5j42swfq.cloudfront.net\/2025\/06\/03174018\/policia-penal-mg.jpg\",\"keywords\":[\"Agente Penitenci\u00e1rio MG\",\"AGEPEN MG\"],\"articleSection\":[\"Policial (Agente Penitenci\u00e1rio)\"],\"inLanguage\":\"pt-BR\",\"potentialAction\":[{\"@type\":\"CommentAction\",\"name\":\"Comment\",\"target\":[\"https:\/\/www.estrategiaconcursos.com.br\/blog\/concurso-policia-penal-mg\/#respond\"]}],\"copyrightYear\":\"2026\",\"copyrightHolder\":{\"@id\":\"https:\/\/www.estrategiaconcursos.com.br\/blog\/#organization\"}},{\"@type\":\"WebPage\",\"@id\":\"https:\/\/www.estrategiaconcursos.com.br\/blog\/concurso-policia-penal-mg\/\",\"url\":\"https:\/\/www.estrategiaconcursos.com.br\/blog\/concurso-policia-penal-mg\/\",\"name\":\"Concurso Pol\u00edcia Penal MG: resultados publicados. Confira!\",\"isPartOf\":{\"@id\":\"https:\/\/www.estrategiaconcursos.com.br\/blog\/#website\"},\"primaryImageOfPage\":{\"@id\":\"https:\/\/www.estrategiaconcursos.com.br\/blog\/concurso-policia-penal-mg\/#primaryimage\"},\"image\":{\"@id\":\"https:\/\/www.estrategiaconcursos.com.br\/blog\/concurso-policia-penal-mg\/#primaryimage\"},\"thumbnailUrl\":\"https:\/\/dhg1h5j42swfq.cloudfront.net\/2025\/06\/03174018\/policia-penal-mg.jpg\",\"datePublished\":\"2026-03-17T15:15:00+00:00\",\"dateModified\":\"2026-03-17T20:28:19+00:00\",\"description\":\"Concurso Pol\u00edcia Penal MG 2025 tem resultados divulgados. Edital oferta 1.178 vagas de n\u00edvel m\u00e9dio na SEJUSP-MG. Confira!\",\"breadcrumb\":{\"@id\":\"https:\/\/www.estrategiaconcursos.com.br\/blog\/concurso-policia-penal-mg\/#breadcrumb\"},\"inLanguage\":\"pt-BR\",\"potentialAction\":[{\"@type\":\"ReadAction\",\"target\":[\"https:\/\/www.estrategiaconcursos.com.br\/blog\/concurso-policia-penal-mg\/\"]}]},{\"@type\":\"ImageObject\",\"inLanguage\":\"pt-BR\",\"@id\":\"https:\/\/www.estrategiaconcursos.com.br\/blog\/concurso-policia-penal-mg\/#primaryimage\",\"url\":\"https:\/\/dhg1h5j42swfq.cloudfront.net\/2025\/06\/03174018\/policia-penal-mg.jpg\",\"contentUrl\":\"https:\/\/dhg1h5j42swfq.cloudfront.net\/2025\/06\/03174018\/policia-penal-mg.jpg\",\"width\":768,\"height\":432,\"caption\":\"concurso Pol\u00edcia Penal MG\"},{\"@type\":\"BreadcrumbList\",\"@id\":\"https:\/\/www.estrategiaconcursos.com.br\/blog\/concurso-policia-penal-mg\/#breadcrumb\",\"itemListElement\":[{\"@type\":\"ListItem\",\"position\":1,\"name\":\"In\u00edcio\",\"item\":\"https:\/\/www.estrategiaconcursos.com.br\/blog\/\"},{\"@type\":\"ListItem\",\"position\":2,\"name\":\"Concurso Pol\u00edcia Penal MG: resultados publicados. Confira!\"}]},{\"@type\":\"WebSite\",\"@id\":\"https:\/\/www.estrategiaconcursos.com.br\/blog\/#website\",\"url\":\"https:\/\/www.estrategiaconcursos.com.br\/blog\/\",\"name\":\"Estrat\u00e9gia Concursos\",\"description\":\"O blog da Estrat\u00e9gia Concursos traz not\u00edcias sobre concursos e artigos de professores oferecendo cursos para concursos (pdf + videaulas) no site.\",\"publisher\":{\"@id\":\"https:\/\/www.estrategiaconcursos.com.br\/blog\/#organization\"},\"potentialAction\":[{\"@type\":\"SearchAction\",\"target\":{\"@type\":\"EntryPoint\",\"urlTemplate\":\"https:\/\/www.estrategiaconcursos.com.br\/blog\/?s={search_term_string}\"},\"query-input\":{\"@type\":\"PropertyValueSpecification\",\"valueRequired\":true,\"valueName\":\"search_term_string\"}}],\"inLanguage\":\"pt-BR\"},{\"@type\":\"Organization\",\"@id\":\"https:\/\/www.estrategiaconcursos.com.br\/blog\/#organization\",\"name\":\"Estrat\u00e9gia Concursos\",\"url\":\"https:\/\/www.estrategiaconcursos.com.br\/blog\/\",\"logo\":{\"@type\":\"ImageObject\",\"inLanguage\":\"pt-BR\",\"@id\":\"https:\/\/www.estrategiaconcursos.com.br\/blog\/#\/schema\/logo\/image\/\",\"url\":\"https:\/\/dhg1h5j42swfq.cloudfront.net\/2025\/06\/03203428\/logo_concursos-1.jpg\",\"contentUrl\":\"https:\/\/dhg1h5j42swfq.cloudfront.net\/2025\/06\/03203428\/logo_concursos-1.jpg\",\"width\":230,\"height\":60,\"caption\":\"Estrat\u00e9gia Concursos\"},\"image\":{\"@id\":\"https:\/\/www.estrategiaconcursos.com.br\/blog\/#\/schema\/logo\/image\/\"},\"sameAs\":[\"https:\/\/x.com\/EstratConcursos\"]},{\"@type\":\"Person\",\"@id\":\"https:\/\/www.estrategiaconcursos.com.br\/blog\/#\/schema\/person\/6630f91134abc08115cca62ce6372855\",\"name\":\"Bruna de Andrade Fran\u00e7a\",\"image\":{\"@type\":\"ImageObject\",\"inLanguage\":\"pt-BR\",\"@id\":\"https:\/\/secure.gravatar.com\/avatar\/d6316d36d50cea0fadae28ed3015b8870cc90a2d3d8a95c37b44006af36a00e3?s=96&d=mm&r=g\",\"url\":\"https:\/\/secure.gravatar.com\/avatar\/d6316d36d50cea0fadae28ed3015b8870cc90a2d3d8a95c37b44006af36a00e3?s=96&d=mm&r=g\",\"contentUrl\":\"https:\/\/secure.gravatar.com\/avatar\/d6316d36d50cea0fadae28ed3015b8870cc90a2d3d8a95c37b44006af36a00e3?s=96&d=mm&r=g\",\"caption\":\"Bruna de Andrade Fran\u00e7a\"},\"description\":\"Bruna de Andrade Fran\u00e7a \u00e9 publicit\u00e1ria com p\u00f3s-gradua\u00e7\u00e3o em Marketing &amp; Growth, atuando h\u00e1 mais de 6 anos no universo dos concursos p\u00fablicos. Desde 2021, lidera no Blog do Estrat\u00e9gia Concursos a cobertura editorial especializada em Concursos Policiais (PF, PRF, PM, PC, etc.), al\u00e9m das frentes de concursos banc\u00e1rios, de sa\u00fade e da \u00e1rea legislativa. Especialista em reda\u00e7\u00e3o, com pr\u00e1ticas de SEO e Copywriting, possui tamb\u00e9m atua\u00e7\u00e3o pr\u00e1tica de contato direto com \u00f3rg\u00e3os p\u00fablicos respons\u00e1veis por editais, permitindo acesso antecipado a informa\u00e7\u00f5es, desdobramentos importantes e atualiza\u00e7\u00e3o eficiente dos concursos p\u00fablicos.\",\"url\":\"https:\/\/www.estrategiaconcursos.com.br\/blog\/author\/bruna-andrade\/\"}]}<\/script>\n<!-- \/ Yoast SEO Premium plugin. -->","yoast_head_json":{"title":"Concurso Pol\u00edcia Penal MG: resultados publicados. Confira!","description":"Concurso Pol\u00edcia Penal MG 2025 tem resultados divulgados. Edital oferta 1.178 vagas de n\u00edvel m\u00e9dio na SEJUSP-MG. Confira!","robots":{"index":"index","follow":"follow","max-snippet":"max-snippet:-1","max-image-preview":"max-image-preview:large","max-video-preview":"max-video-preview:-1"},"canonical":"https:\/\/www.estrategiaconcursos.com.br\/blog\/concurso-policia-penal-mg\/","og_locale":"pt_BR","og_type":"article","og_title":"Concurso Pol\u00edcia Penal MG: resultados publicados. Confira!","og_description":"Concurso Pol\u00edcia Penal MG 2025 tem resultados divulgados. Edital oferta 1.178 vagas de n\u00edvel m\u00e9dio na SEJUSP-MG. Confira!","og_url":"https:\/\/www.estrategiaconcursos.com.br\/blog\/concurso-policia-penal-mg\/","og_site_name":"Estrat\u00e9gia Concursos","article_published_time":"2026-03-17T15:15:00+00:00","article_modified_time":"2026-03-17T20:28:19+00:00","og_image":[{"width":768,"height":432,"url":"https:\/\/dhg1h5j42swfq.cloudfront.net\/2025\/06\/03174018\/policia-penal-mg.jpg","type":"image\/jpeg"}],"author":"Bruna de Andrade Fran\u00e7a","twitter_card":"summary_large_image","twitter_creator":"@EstratConcursos","twitter_site":"@EstratConcursos","twitter_misc":{"Escrito por":"Bruna de Andrade Fran\u00e7a","Est. tempo de leitura":"11 minutos"},"schema":{"@context":"https:\/\/schema.org","@graph":[{"@type":"NewsArticle","@id":"https:\/\/www.estrategiaconcursos.com.br\/blog\/concurso-policia-penal-mg\/#article","isPartOf":{"@id":"https:\/\/www.estrategiaconcursos.com.br\/blog\/concurso-policia-penal-mg\/"},"author":{"name":"Bruna de Andrade Fran\u00e7a","@id":"https:\/\/www.estrategiaconcursos.com.br\/blog\/#\/schema\/person\/6630f91134abc08115cca62ce6372855"},"headline":"Concurso Pol\u00edcia Penal MG: resultados publicados. Confira!","datePublished":"2026-03-17T15:15:00+00:00","dateModified":"2026-03-17T20:28:19+00:00","mainEntityOfPage":{"@id":"https:\/\/www.estrategiaconcursos.com.br\/blog\/concurso-policia-penal-mg\/"},"wordCount":1918,"commentCount":43,"publisher":{"@id":"https:\/\/www.estrategiaconcursos.com.br\/blog\/#organization"},"image":{"@id":"https:\/\/www.estrategiaconcursos.com.br\/blog\/concurso-policia-penal-mg\/#primaryimage"},"thumbnailUrl":"https:\/\/dhg1h5j42swfq.cloudfront.net\/2025\/06\/03174018\/policia-penal-mg.jpg","keywords":["Agente Penitenci\u00e1rio MG","AGEPEN MG"],"articleSection":["Policial (Agente Penitenci\u00e1rio)"],"inLanguage":"pt-BR","potentialAction":[{"@type":"CommentAction","name":"Comment","target":["https:\/\/www.estrategiaconcursos.com.br\/blog\/concurso-policia-penal-mg\/#respond"]}],"copyrightYear":"2026","copyrightHolder":{"@id":"https:\/\/www.estrategiaconcursos.com.br\/blog\/#organization"}},{"@type":"WebPage","@id":"https:\/\/www.estrategiaconcursos.com.br\/blog\/concurso-policia-penal-mg\/","url":"https:\/\/www.estrategiaconcursos.com.br\/blog\/concurso-policia-penal-mg\/","name":"Concurso Pol\u00edcia Penal MG: resultados publicados. Confira!","isPartOf":{"@id":"https:\/\/www.estrategiaconcursos.com.br\/blog\/#website"},"primaryImageOfPage":{"@id":"https:\/\/www.estrategiaconcursos.com.br\/blog\/concurso-policia-penal-mg\/#primaryimage"},"image":{"@id":"https:\/\/www.estrategiaconcursos.com.br\/blog\/concurso-policia-penal-mg\/#primaryimage"},"thumbnailUrl":"https:\/\/dhg1h5j42swfq.cloudfront.net\/2025\/06\/03174018\/policia-penal-mg.jpg","datePublished":"2026-03-17T15:15:00+00:00","dateModified":"2026-03-17T20:28:19+00:00","description":"Concurso Pol\u00edcia Penal MG 2025 tem resultados divulgados. Edital oferta 1.178 vagas de n\u00edvel m\u00e9dio na SEJUSP-MG. Confira!","breadcrumb":{"@id":"https:\/\/www.estrategiaconcursos.com.br\/blog\/concurso-policia-penal-mg\/#breadcrumb"},"inLanguage":"pt-BR","potentialAction":[{"@type":"ReadAction","target":["https:\/\/www.estrategiaconcursos.com.br\/blog\/concurso-policia-penal-mg\/"]}]},{"@type":"ImageObject","inLanguage":"pt-BR","@id":"https:\/\/www.estrategiaconcursos.com.br\/blog\/concurso-policia-penal-mg\/#primaryimage","url":"https:\/\/dhg1h5j42swfq.cloudfront.net\/2025\/06\/03174018\/policia-penal-mg.jpg","contentUrl":"https:\/\/dhg1h5j42swfq.cloudfront.net\/2025\/06\/03174018\/policia-penal-mg.jpg","width":768,"height":432,"caption":"concurso Pol\u00edcia Penal MG"},{"@type":"BreadcrumbList","@id":"https:\/\/www.estrategiaconcursos.com.br\/blog\/concurso-policia-penal-mg\/#breadcrumb","itemListElement":[{"@type":"ListItem","position":1,"name":"In\u00edcio","item":"https:\/\/www.estrategiaconcursos.com.br\/blog\/"},{"@type":"ListItem","position":2,"name":"Concurso Pol\u00edcia Penal MG: resultados publicados. Confira!"}]},{"@type":"WebSite","@id":"https:\/\/www.estrategiaconcursos.com.br\/blog\/#website","url":"https:\/\/www.estrategiaconcursos.com.br\/blog\/","name":"Estrat\u00e9gia Concursos","description":"O blog da Estrat\u00e9gia Concursos traz not\u00edcias sobre concursos e artigos de professores oferecendo cursos para concursos (pdf + videaulas) no site.","publisher":{"@id":"https:\/\/www.estrategiaconcursos.com.br\/blog\/#organization"},"potentialAction":[{"@type":"SearchAction","target":{"@type":"EntryPoint","urlTemplate":"https:\/\/www.estrategiaconcursos.com.br\/blog\/?s={search_term_string}"},"query-input":{"@type":"PropertyValueSpecification","valueRequired":true,"valueName":"search_term_string"}}],"inLanguage":"pt-BR"},{"@type":"Organization","@id":"https:\/\/www.estrategiaconcursos.com.br\/blog\/#organization","name":"Estrat\u00e9gia Concursos","url":"https:\/\/www.estrategiaconcursos.com.br\/blog\/","logo":{"@type":"ImageObject","inLanguage":"pt-BR","@id":"https:\/\/www.estrategiaconcursos.com.br\/blog\/#\/schema\/logo\/image\/","url":"https:\/\/dhg1h5j42swfq.cloudfront.net\/2025\/06\/03203428\/logo_concursos-1.jpg","contentUrl":"https:\/\/dhg1h5j42swfq.cloudfront.net\/2025\/06\/03203428\/logo_concursos-1.jpg","width":230,"height":60,"caption":"Estrat\u00e9gia Concursos"},"image":{"@id":"https:\/\/www.estrategiaconcursos.com.br\/blog\/#\/schema\/logo\/image\/"},"sameAs":["https:\/\/x.com\/EstratConcursos"]},{"@type":"Person","@id":"https:\/\/www.estrategiaconcursos.com.br\/blog\/#\/schema\/person\/6630f91134abc08115cca62ce6372855","name":"Bruna de Andrade Fran\u00e7a","image":{"@type":"ImageObject","inLanguage":"pt-BR","@id":"https:\/\/secure.gravatar.com\/avatar\/d6316d36d50cea0fadae28ed3015b8870cc90a2d3d8a95c37b44006af36a00e3?s=96&d=mm&r=g","url":"https:\/\/secure.gravatar.com\/avatar\/d6316d36d50cea0fadae28ed3015b8870cc90a2d3d8a95c37b44006af36a00e3?s=96&d=mm&r=g","contentUrl":"https:\/\/secure.gravatar.com\/avatar\/d6316d36d50cea0fadae28ed3015b8870cc90a2d3d8a95c37b44006af36a00e3?s=96&d=mm&r=g","caption":"Bruna de Andrade Fran\u00e7a"},"description":"Bruna de Andrade Fran\u00e7a \u00e9 publicit\u00e1ria com p\u00f3s-gradua\u00e7\u00e3o em Marketing &amp; Growth, atuando h\u00e1 mais de 6 anos no universo dos concursos p\u00fablicos. Desde 2021, lidera no Blog do Estrat\u00e9gia Concursos a cobertura editorial especializada em Concursos Policiais (PF, PRF, PM, PC, etc.), al\u00e9m das frentes de concursos banc\u00e1rios, de sa\u00fade e da \u00e1rea legislativa. Especialista em reda\u00e7\u00e3o, com pr\u00e1ticas de SEO e Copywriting, possui tamb\u00e9m atua\u00e7\u00e3o pr\u00e1tica de contato direto com \u00f3rg\u00e3os p\u00fablicos respons\u00e1veis por editais, permitindo acesso antecipado a informa\u00e7\u00f5es, desdobramentos importantes e atualiza\u00e7\u00e3o eficiente dos concursos p\u00fablicos.","url":"https:\/\/www.estrategiaconcursos.com.br\/blog\/author\/bruna-andrade\/"}]}},"_links":{"self":[{"href":"https:\/\/www.estrategiaconcursos.com.br\/blog\/wp-json\/wp\/v2\/posts\/97936","targetHints":{"allow":["GET"]}}],"collection":[{"href":"https:\/\/www.estrategiaconcursos.com.br\/blog\/wp-json\/wp\/v2\/posts"}],"about":[{"href":"https:\/\/www.estrategiaconcursos.com.br\/blog\/wp-json\/wp\/v2\/types\/post"}],"author":[{"embeddable":true,"href":"https:\/\/www.estrategiaconcursos.com.br\/blog\/wp-json\/wp\/v2\/users\/1206"}],"replies":[{"embeddable":true,"href":"https:\/\/www.estrategiaconcursos.com.br\/blog\/wp-json\/wp\/v2\/comments?post=97936"}],"version-history":[{"count":301,"href":"https:\/\/www.estrategiaconcursos.com.br\/blog\/wp-json\/wp\/v2\/posts\/97936\/revisions"}],"predecessor-version":[{"id":1738050,"href":"https:\/\/www.estrategiaconcursos.com.br\/blog\/wp-json\/wp\/v2\/posts\/97936\/revisions\/1738050"}],"wp:featuredmedia":[{"embeddable":true,"href":"https:\/\/www.estrategiaconcursos.com.br\/blog\/wp-json\/wp\/v2\/media\/1585479"}],"wp:attachment":[{"href":"https:\/\/www.estrategiaconcursos.com.br\/blog\/wp-json\/wp\/v2\/media?parent=97936"}],"wp:term":[{"taxonomy":"category","embeddable":true,"href":"https:\/\/www.estrategiaconcursos.com.br\/blog\/wp-json\/wp\/v2\/categories?post=97936"},{"taxonomy":"post_tag","embeddable":true,"href":"https:\/\/www.estrategiaconcursos.com.br\/blog\/wp-json\/wp\/v2\/tags?post=97936"},{"taxonomy":"tax_estado","embeddable":true,"href":"https:\/\/www.estrategiaconcursos.com.br\/blog\/wp-json\/wp\/v2\/tax_estado?post=97936"}],"curies":[{"name":"wp","href":"https:\/\/api.w.org\/{rel}","templated":true}]}}