{"id":978907,"date":"2022-03-01T14:21:22","date_gmt":"2022-03-01T17:21:22","guid":{"rendered":"https:\/\/www.estrategiaconcursos.com.br\/blog\/?p=978907"},"modified":"2022-03-01T14:21:26","modified_gmt":"2022-03-01T17:21:26","slug":"concurso-ifpa-ultimo-dia-de-inscricao","status":"publish","type":"post","link":"https:\/\/www.estrategiaconcursos.com.br\/blog\/concurso-ifpa-ultimo-dia-de-inscricao\/","title":{"rendered":"Concurso IFPA: inscri\u00e7\u00f5es se encerram nesta ter\u00e7a-feira (1\/3)"},"content":{"rendered":"\n<p>As inscri\u00e7\u00f5es para o <strong>concurso IFPA<\/strong> (<a href=\"https:\/\/www.estrategiaconcursos.com.br\/cursosPorConcurso\/instituto-federal-de-educacao-ciencia-e-tecnologia-do-para-ifpa\/\" target=\"_blank\" rel=\"noreferrer noopener\">Instituto Federal do Par\u00e1<\/a>) se encerram nesta ter\u00e7a-feira, 1\u00ba de mar\u00e7o.<\/p>\n\n\n\n<p>S\u00e3o 27 vagas dispon\u00edveis para n\u00edveis m\u00e9dio, t\u00e9cnico e superior, com lota\u00e7\u00f5es em quaisquer campi da institui\u00e7\u00e3o.&nbsp;<\/p>\n\n\n\n<p>As inscri\u00e7\u00f5es devem ser feitas pela internet, at\u00e9 as 23h59, no seguinte endere\u00e7o eletr\u00f4nico:\u00a0<a href=\"http:\/\/www.idecan.org.br\/\" target=\"_blank\" rel=\"noreferrer noopener\">www.idecan.org.br.<\/a>\u00a0<\/p>\n\n\n\n<p>A taxa de inscri\u00e7\u00e3o custa R$ 80,00 para cargos de n\u00edveis m\u00e9dio e t\u00e9cnico e R$ 100,00 para os de n\u00edvel superior.\u00a0<\/p>\n\n\n\n<p>O sal\u00e1rio ofertado varia entre R$ 2.446,96 e R$ 4.180,66 mais aux\u00edlio-alimenta\u00e7\u00e3o no valor de R$ 458,00 e aux\u00edlio pr\u00e9-escolar, estipulado em R$ 321,00 para dependentes menores de seis anos de idade.\u00a0<\/p>\n\n\n\n<p>A <a href=\"https:\/\/www.in.gov.br\/en\/web\/dou\/-\/edital-n-2-de-20-de-janeiro-de-2022-375308191\" target=\"_blank\" rel=\"noreferrer noopener\">data da <strong>prova objetiva<\/strong> foi alterada <\/a>para 03 de abril de 2022. Al\u00e9m disso os candidatos ser\u00e3o testados atrav\u00e9s de prova de t\u00edtulos.<\/p>\n\n\n\n<p>O edital IFPA oferta 27 vagas, distribu\u00eddas da seguinte forma:<\/p>\n\n\n\n<ul class=\"wp-block-list\"><li>Assistente em Administra\u00e7\u00e3o: 19 vagas<\/li><li>Contador: 2 vagas<\/li><li>M\u00e9dico-\u00c1rea: 1 vaga<\/li><li>T\u00e9cnico em Tecnologia da Informa\u00e7\u00e3o: 5 vagas<\/li><\/ul>\n\n\n\n<p>Al\u00e9m disso, o edital oferta chances de cadastro de reserva at\u00e9 120 candidatos.&nbsp;<\/p>\n\n\n\n<h2 class=\"has-text-align-center has-pale-cyan-blue-background-color has-background has-medium-font-size wp-block-heading\" id=\"h-saiba-mais-concurso-ifpa\"><a href=\"https:\/\/www.estrategiaconcursos.com.br\/blog\/concurso-ifpa\/\" target=\"_blank\" rel=\"noreferrer noopener\">Saiba mais: concurso IFPA<\/a><\/h2>\n\n\n\n<div class=\"col-sm\">\n      <div class=\"banner-estrategia\" id=\"box-assinatura\">\n        <h3 class=\"titulo-assinatura\">Cursos para IFPA<\/h3>\n        <p class=\"subtitulo-assinatura\">Conhe\u00e7a os cursos<\/p>\n        <div class=\"box-botao\">\n          <a class=\"btn-assinatura\" target=\"_blank\" href=\"https:\/\/www.estrategiaconcursos.com.br\/cursosPorConcurso\/instituto-federal-de-educacao-ciencia-e-tecnologia-do-para-ifpa\/\" role=\"button\" rel=\"noopener noreferrer\">Conhe\u00e7a mais<\/a>\n        <\/div>\n      <\/div>\n     \n    <\/div>\n\n\n\n\n","protected":false},"excerpt":{"rendered":"<p>As inscri\u00e7\u00f5es para o concurso IFPA (Instituto Federal do Par\u00e1) se encerram nesta ter\u00e7a-feira, 1\u00ba de mar\u00e7o. S\u00e3o 27 vagas dispon\u00edveis para n\u00edveis m\u00e9dio, t\u00e9cnico e superior, com lota\u00e7\u00f5es em quaisquer campi da institui\u00e7\u00e3o.&nbsp; As inscri\u00e7\u00f5es devem ser feitas pela internet, at\u00e9 as 23h59, no seguinte endere\u00e7o eletr\u00f4nico:\u00a0www.idecan.org.br.\u00a0 A taxa de inscri\u00e7\u00e3o custa R$ 80,00 [&hellip;]<\/p>\n","protected":false},"author":2319,"featured_media":904288,"comment_status":"open","ping_status":"closed","sticky":false,"template":"","format":"standard","meta":{"post_tipo":"news","footnotes":""},"categories":[3766],"tags":[220588,220590,220589,220591],"tax_estado":[219977],"class_list":["post-978907","post","type-post","status-publish","format-standard","has-post-thumbnail","hentry","category-educacional","tag-concurso-ifpa","tag-edital-ifpa","tag-ifpa","tag-inscricoes-ifpa","tax_estado-pa"],"acf":[],"yoast_head":"<!-- This site is optimized with the Yoast SEO Premium plugin v27.2 (Yoast SEO v27.2) - https:\/\/yoast.com\/product\/yoast-seo-premium-wordpress\/ -->\n<title>Concurso IFPA: inscri\u00e7\u00f5es se encerram nesta ter\u00e7a-feira (1\/3)<\/title>\n<meta name=\"description\" content=\"As inscri\u00e7\u00f5es para o concurso IFPA (Instituto Federal do Par\u00e1) se encerram nesta ter\u00e7a-feira, 1\u00ba de mar\u00e7o. Veja maiores detalhes aqui!\" \/>\n<meta name=\"robots\" content=\"index, follow, max-snippet:-1, max-image-preview:large, max-video-preview:-1\" \/>\n<link rel=\"canonical\" href=\"https:\/\/www.estrategiaconcursos.com.br\/blog\/concurso-ifpa-ultimo-dia-de-inscricao\/\" \/>\n<meta property=\"og:locale\" content=\"pt_BR\" \/>\n<meta property=\"og:type\" content=\"article\" \/>\n<meta property=\"og:title\" content=\"Concurso IFPA: inscri\u00e7\u00f5es se encerram nesta ter\u00e7a-feira (1\/3)\" \/>\n<meta property=\"og:description\" content=\"As inscri\u00e7\u00f5es para o concurso IFPA (Instituto Federal do Par\u00e1) se encerram nesta ter\u00e7a-feira, 1\u00ba de mar\u00e7o. Veja maiores detalhes aqui!\" \/>\n<meta property=\"og:url\" content=\"https:\/\/www.estrategiaconcursos.com.br\/blog\/concurso-ifpa-ultimo-dia-de-inscricao\/\" \/>\n<meta property=\"og:site_name\" content=\"Estrat\u00e9gia Concursos\" \/>\n<meta property=\"article:published_time\" content=\"2022-03-01T17:21:22+00:00\" \/>\n<meta property=\"article:modified_time\" content=\"2022-03-01T17:21:26+00:00\" \/>\n<meta property=\"og:image\" content=\"https:\/\/dhg1h5j42swfq.cloudfront.net\/2021\/11\/09130646\/ifpa-fachada.jpg\" \/>\n\t<meta property=\"og:image:width\" content=\"900\" \/>\n\t<meta property=\"og:image:height\" content=\"700\" \/>\n\t<meta property=\"og:image:type\" content=\"image\/jpeg\" \/>\n<meta name=\"author\" content=\"Let\u00edcia Teixeira\" \/>\n<meta name=\"twitter:card\" content=\"summary_large_image\" \/>\n<meta name=\"twitter:creator\" content=\"@EstratConcursos\" \/>\n<meta name=\"twitter:site\" content=\"@EstratConcursos\" \/>\n<meta name=\"twitter:label1\" content=\"Escrito por\" \/>\n\t<meta name=\"twitter:data1\" content=\"Let\u00edcia Teixeira\" \/>\n\t<meta name=\"twitter:label2\" content=\"Est. tempo de leitura\" \/>\n\t<meta name=\"twitter:data2\" content=\"1 minuto\" \/>\n<script type=\"application\/ld+json\" class=\"yoast-schema-graph\">{\"@context\":\"https:\/\/schema.org\",\"@graph\":[{\"@type\":\"NewsArticle\",\"@id\":\"https:\/\/www.estrategiaconcursos.com.br\/blog\/concurso-ifpa-ultimo-dia-de-inscricao\/#article\",\"isPartOf\":{\"@id\":\"https:\/\/www.estrategiaconcursos.com.br\/blog\/concurso-ifpa-ultimo-dia-de-inscricao\/\"},\"author\":{\"name\":\"Let\u00edcia Teixeira\",\"@id\":\"https:\/\/www.estrategiaconcursos.com.br\/blog\/#\/schema\/person\/9b94727dcf4410f4a7931c83966c843b\"},\"headline\":\"Concurso IFPA: inscri\u00e7\u00f5es se encerram nesta ter\u00e7a-feira (1\/3)\",\"datePublished\":\"2022-03-01T17:21:22+00:00\",\"dateModified\":\"2022-03-01T17:21:26+00:00\",\"mainEntityOfPage\":{\"@id\":\"https:\/\/www.estrategiaconcursos.com.br\/blog\/concurso-ifpa-ultimo-dia-de-inscricao\/\"},\"wordCount\":214,\"commentCount\":0,\"publisher\":{\"@id\":\"https:\/\/www.estrategiaconcursos.com.br\/blog\/#organization\"},\"image\":{\"@id\":\"https:\/\/www.estrategiaconcursos.com.br\/blog\/concurso-ifpa-ultimo-dia-de-inscricao\/#primaryimage\"},\"thumbnailUrl\":\"https:\/\/dhg1h5j42swfq.cloudfront.net\/2021\/11\/09130646\/ifpa-fachada.jpg\",\"keywords\":[\"concurso IFPA\",\"edital IFPA\",\"IFPA\",\"inscri\u00e7\u00f5es IFPA\"],\"articleSection\":[\"Educa\u00e7\u00e3o\"],\"inLanguage\":\"pt-BR\",\"potentialAction\":[{\"@type\":\"CommentAction\",\"name\":\"Comment\",\"target\":[\"https:\/\/www.estrategiaconcursos.com.br\/blog\/concurso-ifpa-ultimo-dia-de-inscricao\/#respond\"]}],\"copyrightYear\":\"2022\",\"copyrightHolder\":{\"@id\":\"https:\/\/www.estrategiaconcursos.com.br\/blog\/#organization\"}},{\"@type\":\"WebPage\",\"@id\":\"https:\/\/www.estrategiaconcursos.com.br\/blog\/concurso-ifpa-ultimo-dia-de-inscricao\/\",\"url\":\"https:\/\/www.estrategiaconcursos.com.br\/blog\/concurso-ifpa-ultimo-dia-de-inscricao\/\",\"name\":\"Concurso IFPA: inscri\u00e7\u00f5es se encerram nesta ter\u00e7a-feira (1\/3)\",\"isPartOf\":{\"@id\":\"https:\/\/www.estrategiaconcursos.com.br\/blog\/#website\"},\"primaryImageOfPage\":{\"@id\":\"https:\/\/www.estrategiaconcursos.com.br\/blog\/concurso-ifpa-ultimo-dia-de-inscricao\/#primaryimage\"},\"image\":{\"@id\":\"https:\/\/www.estrategiaconcursos.com.br\/blog\/concurso-ifpa-ultimo-dia-de-inscricao\/#primaryimage\"},\"thumbnailUrl\":\"https:\/\/dhg1h5j42swfq.cloudfront.net\/2021\/11\/09130646\/ifpa-fachada.jpg\",\"datePublished\":\"2022-03-01T17:21:22+00:00\",\"dateModified\":\"2022-03-01T17:21:26+00:00\",\"description\":\"As inscri\u00e7\u00f5es para o concurso IFPA (Instituto Federal do Par\u00e1) se encerram nesta ter\u00e7a-feira, 1\u00ba de mar\u00e7o. Veja maiores detalhes aqui!\",\"breadcrumb\":{\"@id\":\"https:\/\/www.estrategiaconcursos.com.br\/blog\/concurso-ifpa-ultimo-dia-de-inscricao\/#breadcrumb\"},\"inLanguage\":\"pt-BR\",\"potentialAction\":[{\"@type\":\"ReadAction\",\"target\":[\"https:\/\/www.estrategiaconcursos.com.br\/blog\/concurso-ifpa-ultimo-dia-de-inscricao\/\"]}]},{\"@type\":\"ImageObject\",\"inLanguage\":\"pt-BR\",\"@id\":\"https:\/\/www.estrategiaconcursos.com.br\/blog\/concurso-ifpa-ultimo-dia-de-inscricao\/#primaryimage\",\"url\":\"https:\/\/dhg1h5j42swfq.cloudfront.net\/2021\/11\/09130646\/ifpa-fachada.jpg\",\"contentUrl\":\"https:\/\/dhg1h5j42swfq.cloudfront.net\/2021\/11\/09130646\/ifpa-fachada.jpg\",\"width\":900,\"height\":700,\"caption\":\"Concurso IFPA\"},{\"@type\":\"BreadcrumbList\",\"@id\":\"https:\/\/www.estrategiaconcursos.com.br\/blog\/concurso-ifpa-ultimo-dia-de-inscricao\/#breadcrumb\",\"itemListElement\":[{\"@type\":\"ListItem\",\"position\":1,\"name\":\"In\u00edcio\",\"item\":\"https:\/\/www.estrategiaconcursos.com.br\/blog\/\"},{\"@type\":\"ListItem\",\"position\":2,\"name\":\"Concurso IFPA: inscri\u00e7\u00f5es se encerram nesta ter\u00e7a-feira (1\/3)\"}]},{\"@type\":\"WebSite\",\"@id\":\"https:\/\/www.estrategiaconcursos.com.br\/blog\/#website\",\"url\":\"https:\/\/www.estrategiaconcursos.com.br\/blog\/\",\"name\":\"Estrat\u00e9gia Concursos\",\"description\":\"O blog da Estrat\u00e9gia Concursos traz not\u00edcias sobre concursos e artigos de professores oferecendo cursos para concursos (pdf + videaulas) no site.\",\"publisher\":{\"@id\":\"https:\/\/www.estrategiaconcursos.com.br\/blog\/#organization\"},\"potentialAction\":[{\"@type\":\"SearchAction\",\"target\":{\"@type\":\"EntryPoint\",\"urlTemplate\":\"https:\/\/www.estrategiaconcursos.com.br\/blog\/?s={search_term_string}\"},\"query-input\":{\"@type\":\"PropertyValueSpecification\",\"valueRequired\":true,\"valueName\":\"search_term_string\"}}],\"inLanguage\":\"pt-BR\"},{\"@type\":\"Organization\",\"@id\":\"https:\/\/www.estrategiaconcursos.com.br\/blog\/#organization\",\"name\":\"Estrat\u00e9gia Concursos\",\"url\":\"https:\/\/www.estrategiaconcursos.com.br\/blog\/\",\"logo\":{\"@type\":\"ImageObject\",\"inLanguage\":\"pt-BR\",\"@id\":\"https:\/\/www.estrategiaconcursos.com.br\/blog\/#\/schema\/logo\/image\/\",\"url\":\"https:\/\/dhg1h5j42swfq.cloudfront.net\/2025\/06\/03203428\/logo_concursos-1.jpg\",\"contentUrl\":\"https:\/\/dhg1h5j42swfq.cloudfront.net\/2025\/06\/03203428\/logo_concursos-1.jpg\",\"width\":230,\"height\":60,\"caption\":\"Estrat\u00e9gia Concursos\"},\"image\":{\"@id\":\"https:\/\/www.estrategiaconcursos.com.br\/blog\/#\/schema\/logo\/image\/\"},\"sameAs\":[\"https:\/\/x.com\/EstratConcursos\"]},{\"@type\":\"Person\",\"@id\":\"https:\/\/www.estrategiaconcursos.com.br\/blog\/#\/schema\/person\/9b94727dcf4410f4a7931c83966c843b\",\"name\":\"Let\u00edcia Teixeira\",\"image\":{\"@type\":\"ImageObject\",\"inLanguage\":\"pt-BR\",\"@id\":\"https:\/\/secure.gravatar.com\/avatar\/fb589b06b881e20b676d08f9d03226d1e3291ba2f90e751ddc9ccb21abf0244d?s=96&d=mm&r=g\",\"url\":\"https:\/\/secure.gravatar.com\/avatar\/fb589b06b881e20b676d08f9d03226d1e3291ba2f90e751ddc9ccb21abf0244d?s=96&d=mm&r=g\",\"contentUrl\":\"https:\/\/secure.gravatar.com\/avatar\/fb589b06b881e20b676d08f9d03226d1e3291ba2f90e751ddc9ccb21abf0244d?s=96&d=mm&r=g\",\"caption\":\"Let\u00edcia Teixeira\"},\"description\":\"Jornalista com experi\u00eancia de mais de quatro anos no segmento de concursos p\u00fablicos. Especializada em Narrativa Transm\u00eddia e Storytelling pela Universidade Cat\u00f3lica de Bras\u00edlia, com atua\u00e7\u00e3o nas \u00e1reas de SEO, conte\u00fado, Webwriting e Copywriting.\",\"url\":\"https:\/\/www.estrategiaconcursos.com.br\/blog\/author\/leticia-teixeiraestrategia-com\/\"}]}<\/script>\n<!-- \/ Yoast SEO Premium plugin. -->","yoast_head_json":{"title":"Concurso IFPA: inscri\u00e7\u00f5es se encerram nesta ter\u00e7a-feira (1\/3)","description":"As inscri\u00e7\u00f5es para o concurso IFPA (Instituto Federal do Par\u00e1) se encerram nesta ter\u00e7a-feira, 1\u00ba de mar\u00e7o. Veja maiores detalhes aqui!","robots":{"index":"index","follow":"follow","max-snippet":"max-snippet:-1","max-image-preview":"max-image-preview:large","max-video-preview":"max-video-preview:-1"},"canonical":"https:\/\/www.estrategiaconcursos.com.br\/blog\/concurso-ifpa-ultimo-dia-de-inscricao\/","og_locale":"pt_BR","og_type":"article","og_title":"Concurso IFPA: inscri\u00e7\u00f5es se encerram nesta ter\u00e7a-feira (1\/3)","og_description":"As inscri\u00e7\u00f5es para o concurso IFPA (Instituto Federal do Par\u00e1) se encerram nesta ter\u00e7a-feira, 1\u00ba de mar\u00e7o. Veja maiores detalhes aqui!","og_url":"https:\/\/www.estrategiaconcursos.com.br\/blog\/concurso-ifpa-ultimo-dia-de-inscricao\/","og_site_name":"Estrat\u00e9gia Concursos","article_published_time":"2022-03-01T17:21:22+00:00","article_modified_time":"2022-03-01T17:21:26+00:00","og_image":[{"width":900,"height":700,"url":"https:\/\/dhg1h5j42swfq.cloudfront.net\/2021\/11\/09130646\/ifpa-fachada.jpg","type":"image\/jpeg"}],"author":"Let\u00edcia Teixeira","twitter_card":"summary_large_image","twitter_creator":"@EstratConcursos","twitter_site":"@EstratConcursos","twitter_misc":{"Escrito por":"Let\u00edcia Teixeira","Est. tempo de leitura":"1 minuto"},"schema":{"@context":"https:\/\/schema.org","@graph":[{"@type":"NewsArticle","@id":"https:\/\/www.estrategiaconcursos.com.br\/blog\/concurso-ifpa-ultimo-dia-de-inscricao\/#article","isPartOf":{"@id":"https:\/\/www.estrategiaconcursos.com.br\/blog\/concurso-ifpa-ultimo-dia-de-inscricao\/"},"author":{"name":"Let\u00edcia Teixeira","@id":"https:\/\/www.estrategiaconcursos.com.br\/blog\/#\/schema\/person\/9b94727dcf4410f4a7931c83966c843b"},"headline":"Concurso IFPA: inscri\u00e7\u00f5es se encerram nesta ter\u00e7a-feira (1\/3)","datePublished":"2022-03-01T17:21:22+00:00","dateModified":"2022-03-01T17:21:26+00:00","mainEntityOfPage":{"@id":"https:\/\/www.estrategiaconcursos.com.br\/blog\/concurso-ifpa-ultimo-dia-de-inscricao\/"},"wordCount":214,"commentCount":0,"publisher":{"@id":"https:\/\/www.estrategiaconcursos.com.br\/blog\/#organization"},"image":{"@id":"https:\/\/www.estrategiaconcursos.com.br\/blog\/concurso-ifpa-ultimo-dia-de-inscricao\/#primaryimage"},"thumbnailUrl":"https:\/\/dhg1h5j42swfq.cloudfront.net\/2021\/11\/09130646\/ifpa-fachada.jpg","keywords":["concurso IFPA","edital IFPA","IFPA","inscri\u00e7\u00f5es IFPA"],"articleSection":["Educa\u00e7\u00e3o"],"inLanguage":"pt-BR","potentialAction":[{"@type":"CommentAction","name":"Comment","target":["https:\/\/www.estrategiaconcursos.com.br\/blog\/concurso-ifpa-ultimo-dia-de-inscricao\/#respond"]}],"copyrightYear":"2022","copyrightHolder":{"@id":"https:\/\/www.estrategiaconcursos.com.br\/blog\/#organization"}},{"@type":"WebPage","@id":"https:\/\/www.estrategiaconcursos.com.br\/blog\/concurso-ifpa-ultimo-dia-de-inscricao\/","url":"https:\/\/www.estrategiaconcursos.com.br\/blog\/concurso-ifpa-ultimo-dia-de-inscricao\/","name":"Concurso IFPA: inscri\u00e7\u00f5es se encerram nesta ter\u00e7a-feira (1\/3)","isPartOf":{"@id":"https:\/\/www.estrategiaconcursos.com.br\/blog\/#website"},"primaryImageOfPage":{"@id":"https:\/\/www.estrategiaconcursos.com.br\/blog\/concurso-ifpa-ultimo-dia-de-inscricao\/#primaryimage"},"image":{"@id":"https:\/\/www.estrategiaconcursos.com.br\/blog\/concurso-ifpa-ultimo-dia-de-inscricao\/#primaryimage"},"thumbnailUrl":"https:\/\/dhg1h5j42swfq.cloudfront.net\/2021\/11\/09130646\/ifpa-fachada.jpg","datePublished":"2022-03-01T17:21:22+00:00","dateModified":"2022-03-01T17:21:26+00:00","description":"As inscri\u00e7\u00f5es para o concurso IFPA (Instituto Federal do Par\u00e1) se encerram nesta ter\u00e7a-feira, 1\u00ba de mar\u00e7o. Veja maiores detalhes aqui!","breadcrumb":{"@id":"https:\/\/www.estrategiaconcursos.com.br\/blog\/concurso-ifpa-ultimo-dia-de-inscricao\/#breadcrumb"},"inLanguage":"pt-BR","potentialAction":[{"@type":"ReadAction","target":["https:\/\/www.estrategiaconcursos.com.br\/blog\/concurso-ifpa-ultimo-dia-de-inscricao\/"]}]},{"@type":"ImageObject","inLanguage":"pt-BR","@id":"https:\/\/www.estrategiaconcursos.com.br\/blog\/concurso-ifpa-ultimo-dia-de-inscricao\/#primaryimage","url":"https:\/\/dhg1h5j42swfq.cloudfront.net\/2021\/11\/09130646\/ifpa-fachada.jpg","contentUrl":"https:\/\/dhg1h5j42swfq.cloudfront.net\/2021\/11\/09130646\/ifpa-fachada.jpg","width":900,"height":700,"caption":"Concurso IFPA"},{"@type":"BreadcrumbList","@id":"https:\/\/www.estrategiaconcursos.com.br\/blog\/concurso-ifpa-ultimo-dia-de-inscricao\/#breadcrumb","itemListElement":[{"@type":"ListItem","position":1,"name":"In\u00edcio","item":"https:\/\/www.estrategiaconcursos.com.br\/blog\/"},{"@type":"ListItem","position":2,"name":"Concurso IFPA: inscri\u00e7\u00f5es se encerram nesta ter\u00e7a-feira (1\/3)"}]},{"@type":"WebSite","@id":"https:\/\/www.estrategiaconcursos.com.br\/blog\/#website","url":"https:\/\/www.estrategiaconcursos.com.br\/blog\/","name":"Estrat\u00e9gia Concursos","description":"O blog da Estrat\u00e9gia Concursos traz not\u00edcias sobre concursos e artigos de professores oferecendo cursos para concursos (pdf + videaulas) no site.","publisher":{"@id":"https:\/\/www.estrategiaconcursos.com.br\/blog\/#organization"},"potentialAction":[{"@type":"SearchAction","target":{"@type":"EntryPoint","urlTemplate":"https:\/\/www.estrategiaconcursos.com.br\/blog\/?s={search_term_string}"},"query-input":{"@type":"PropertyValueSpecification","valueRequired":true,"valueName":"search_term_string"}}],"inLanguage":"pt-BR"},{"@type":"Organization","@id":"https:\/\/www.estrategiaconcursos.com.br\/blog\/#organization","name":"Estrat\u00e9gia Concursos","url":"https:\/\/www.estrategiaconcursos.com.br\/blog\/","logo":{"@type":"ImageObject","inLanguage":"pt-BR","@id":"https:\/\/www.estrategiaconcursos.com.br\/blog\/#\/schema\/logo\/image\/","url":"https:\/\/dhg1h5j42swfq.cloudfront.net\/2025\/06\/03203428\/logo_concursos-1.jpg","contentUrl":"https:\/\/dhg1h5j42swfq.cloudfront.net\/2025\/06\/03203428\/logo_concursos-1.jpg","width":230,"height":60,"caption":"Estrat\u00e9gia Concursos"},"image":{"@id":"https:\/\/www.estrategiaconcursos.com.br\/blog\/#\/schema\/logo\/image\/"},"sameAs":["https:\/\/x.com\/EstratConcursos"]},{"@type":"Person","@id":"https:\/\/www.estrategiaconcursos.com.br\/blog\/#\/schema\/person\/9b94727dcf4410f4a7931c83966c843b","name":"Let\u00edcia Teixeira","image":{"@type":"ImageObject","inLanguage":"pt-BR","@id":"https:\/\/secure.gravatar.com\/avatar\/fb589b06b881e20b676d08f9d03226d1e3291ba2f90e751ddc9ccb21abf0244d?s=96&d=mm&r=g","url":"https:\/\/secure.gravatar.com\/avatar\/fb589b06b881e20b676d08f9d03226d1e3291ba2f90e751ddc9ccb21abf0244d?s=96&d=mm&r=g","contentUrl":"https:\/\/secure.gravatar.com\/avatar\/fb589b06b881e20b676d08f9d03226d1e3291ba2f90e751ddc9ccb21abf0244d?s=96&d=mm&r=g","caption":"Let\u00edcia Teixeira"},"description":"Jornalista com experi\u00eancia de mais de quatro anos no segmento de concursos p\u00fablicos. Especializada em Narrativa Transm\u00eddia e Storytelling pela Universidade Cat\u00f3lica de Bras\u00edlia, com atua\u00e7\u00e3o nas \u00e1reas de SEO, conte\u00fado, Webwriting e Copywriting.","url":"https:\/\/www.estrategiaconcursos.com.br\/blog\/author\/leticia-teixeiraestrategia-com\/"}]}},"_links":{"self":[{"href":"https:\/\/www.estrategiaconcursos.com.br\/blog\/wp-json\/wp\/v2\/posts\/978907","targetHints":{"allow":["GET"]}}],"collection":[{"href":"https:\/\/www.estrategiaconcursos.com.br\/blog\/wp-json\/wp\/v2\/posts"}],"about":[{"href":"https:\/\/www.estrategiaconcursos.com.br\/blog\/wp-json\/wp\/v2\/types\/post"}],"author":[{"embeddable":true,"href":"https:\/\/www.estrategiaconcursos.com.br\/blog\/wp-json\/wp\/v2\/users\/2319"}],"replies":[{"embeddable":true,"href":"https:\/\/www.estrategiaconcursos.com.br\/blog\/wp-json\/wp\/v2\/comments?post=978907"}],"version-history":[{"count":2,"href":"https:\/\/www.estrategiaconcursos.com.br\/blog\/wp-json\/wp\/v2\/posts\/978907\/revisions"}],"predecessor-version":[{"id":978910,"href":"https:\/\/www.estrategiaconcursos.com.br\/blog\/wp-json\/wp\/v2\/posts\/978907\/revisions\/978910"}],"wp:featuredmedia":[{"embeddable":true,"href":"https:\/\/www.estrategiaconcursos.com.br\/blog\/wp-json\/wp\/v2\/media\/904288"}],"wp:attachment":[{"href":"https:\/\/www.estrategiaconcursos.com.br\/blog\/wp-json\/wp\/v2\/media?parent=978907"}],"wp:term":[{"taxonomy":"category","embeddable":true,"href":"https:\/\/www.estrategiaconcursos.com.br\/blog\/wp-json\/wp\/v2\/categories?post=978907"},{"taxonomy":"post_tag","embeddable":true,"href":"https:\/\/www.estrategiaconcursos.com.br\/blog\/wp-json\/wp\/v2\/tags?post=978907"},{"taxonomy":"tax_estado","embeddable":true,"href":"https:\/\/www.estrategiaconcursos.com.br\/blog\/wp-json\/wp\/v2\/tax_estado?post=978907"}],"curies":[{"name":"wp","href":"https:\/\/api.w.org\/{rel}","templated":true}]}}