{"id":978721,"date":"2022-03-01T08:47:00","date_gmt":"2022-03-01T11:47:00","guid":{"rendered":"https:\/\/www.estrategiaconcursos.com.br\/blog\/?p=978721"},"modified":"2023-02-22T11:40:01","modified_gmt":"2023-02-22T14:40:01","slug":"editais-previstos-marco","status":"publish","type":"post","link":"https:\/\/www.estrategiaconcursos.com.br\/blog\/editais-previstos-marco\/","title":{"rendered":"Concursos 2022: 24 editais previstos para o m\u00eas de mar\u00e7o"},"content":{"rendered":"\n<p>Piscou e fevereiro j\u00e1 acabou! Entramos, oficialmente, no terceiro m\u00eas de&nbsp;<a href=\"https:\/\/www.estrategiaconcursos.com.br\/blog\/concursos-2022\/\" target=\"_blank\" rel=\"noreferrer noopener\">2022<\/a>&nbsp;e com uma perspectiva de<strong>&nbsp;muitos editais<\/strong>&nbsp;sendo publicados nas pr\u00f3ximas semanas.<\/p>\n\n\n\n<p>S\u00e3o cerca de 24 editais com possibilidade de publica\u00e7\u00e3o, visto que muitas j\u00e1 est\u00e3o com<strong>&nbsp;banca contratada<\/strong>&nbsp;e alguns, at\u00e9 mesmo, j\u00e1 foram&nbsp;<strong>anunciados&nbsp;<\/strong>para este m\u00eas.<\/p>\n\n\n\n<p>S\u00e3o mais de <strong>12 mil vagas&nbsp;<\/strong>distribu\u00eddas entre diversas carreiras e escolaridades. Isso sem contar aqueles editais surpresa, que s\u00e3o publicados sem nem mesmo estar no radar.<\/p>\n\n\n\n<p>Se voc\u00ea quer ficar bem atualizado, chegou ao lugar certo! Reunimos os&nbsp;<strong>principais editais que podem sair ao longo de fevereiro<\/strong>, assim como informa\u00e7\u00f5es de n\u00famero de vagas, cargos, sal\u00e1rios, banca, entre outros!<\/p>\n\n\n\n<h3 class=\"has-text-align-center has-background wp-block-heading\" id=\"seguranca-publica\" style=\"background-color:#e1eaf2\">Seguran\u00e7a P\u00fablica<\/h3>\n\n\n\n<h3 class=\"wp-block-heading\" id=\"concurso-pericia-oficial-al\"><a href=\"https:\/\/www.estrategiaconcursos.com.br\/blog\/concurso-pericia-oficial-al\/\" target=\"_blank\" rel=\"noreferrer noopener\">Concurso Per\u00edcia Oficial AL<\/a><\/h3>\n\n\n\n<ul class=\"wp-block-list\">\n<li><strong>Banca:<\/strong> a definir<\/li>\n\n\n\n<li><strong>Cargo:<\/strong> diversos<\/li>\n\n\n\n<li><strong>Forma\u00e7\u00e3o:<\/strong> N\u00edveis m\u00e9dio e superior<\/li>\n\n\n\n<li><strong>Vagas:<\/strong> 37<\/li>\n\n\n\n<li><strong>Sal\u00e1rio:<\/strong> R$ 3.739,43 a R$ 8.411,33<\/li>\n\n\n\n<li><a href=\"https:\/\/www.estrategiaconcursos.com.br\/cursosPorConcurso\/pericia-oficial-do-estado-de-alagoas-poal\/\" target=\"_blank\" rel=\"noreferrer noopener\">Curso para Per\u00edcia Oficial AL<\/a><\/li>\n<\/ul>\n\n\n\n<h3 class=\"wp-block-heading\" id=\"h-concurso-pc-ro\"><a href=\"https:\/\/www.estrategiaconcursos.com.br\/blog\/concurso-pc-ro\/\" target=\"_blank\" rel=\"noreferrer noopener\">Concurso PC RO<\/a><\/h3>\n\n\n\n<ul class=\"wp-block-list\">\n<li><strong>Banca:&nbsp;<\/strong>Cebraspe<\/li>\n\n\n\n<li><strong>Cargo:<\/strong>&nbsp;V\u00e1rios<\/li>\n\n\n\n<li><strong>Forma\u00e7\u00e3o:&nbsp;<\/strong>N\u00edvel superior<\/li>\n\n\n\n<li><strong>Vagas:<\/strong>&nbsp;270 + CR<\/li>\n\n\n\n<li><strong>Sal\u00e1rio:<\/strong>&nbsp;R$ 4.706,56 a R$ 20.130,49<\/li>\n\n\n\n<li><a href=\"https:\/\/www.estrategiaconcursos.com.br\/cursosPorConcurso\/policia-civil-de-rondonia-pc-ro\/\" target=\"_blank\" rel=\"noreferrer noopener\">Curso para PC RO<\/a><\/li>\n<\/ul>\n\n\n\n<h3 class=\"wp-block-heading\" id=\"h-concurso-pm-ro\"><a href=\"https:\/\/www.estrategiaconcursos.com.br\/blog\/concurso-pm-ro\/\" target=\"_blank\" rel=\"noreferrer noopener\">Concurso PM RO<\/a><\/h3>\n\n\n\n<ul class=\"wp-block-list\">\n<li><strong>Banca:&nbsp;<\/strong>Cebraspe<\/li>\n\n\n\n<li><strong>Cargo:<\/strong>&nbsp;Oficial Combatente<\/li>\n\n\n\n<li><strong>Forma\u00e7\u00e3o:&nbsp;<\/strong>N\u00edvel superior<\/li>\n\n\n\n<li><strong>Vagas:<\/strong>&nbsp;20<\/li>\n\n\n\n<li><strong>Sal\u00e1rio:<\/strong>&nbsp;R$ 7.015,91<\/li>\n\n\n\n<li><a href=\"https:\/\/www.estrategiaconcursos.com.br\/cursosPorConcurso\/policia-militar-de-rondonia-pm-ro\/\" target=\"_blank\" rel=\"noreferrer noopener\">Curso para PM RO<\/a><\/li>\n<\/ul>\n\n\n\n<h3 class=\"wp-block-heading\" id=\"h-concurso-bombeiros-ro\"><a href=\"https:\/\/www.estrategiaconcursos.com.br\/blog\/concurso-bombeiros-ro\/\" target=\"_blank\" rel=\"noreferrer noopener\">Concurso Bombeiros RO<\/a><\/h3>\n\n\n\n<ul class=\"wp-block-list\">\n<li><strong>Banca:&nbsp;<\/strong>Cebraspe<\/li>\n\n\n\n<li><strong>Cargo:<\/strong>&nbsp;Oficial<\/li>\n\n\n\n<li><strong>Forma\u00e7\u00e3o:&nbsp;<\/strong>N\u00edvel superior<\/li>\n\n\n\n<li><strong>Vagas:<\/strong>&nbsp;08<\/li>\n\n\n\n<li><strong>Sal\u00e1rio:<\/strong>&nbsp;R$ 7.015,91<\/li>\n\n\n\n<li><a href=\"https:\/\/www.estrategiaconcursos.com.br\/cursosPorConcurso\/corpo-de-bombeiros-militar-do-estado-de-rondonia-cbm-ro\/\" target=\"_blank\" rel=\"noreferrer noopener\">Curso para CBM RO<\/a><\/li>\n<\/ul>\n\n\n\n<h3 class=\"wp-block-heading\" id=\"h-concurso-politec-ro\"><a href=\"https:\/\/www.estrategiaconcursos.com.br\/blog\/concurso-politec-ro\/\" target=\"_blank\" rel=\"noreferrer noopener\">Concurso Politec RO<\/a><\/h3>\n\n\n\n<ul class=\"wp-block-list\">\n<li><strong>Banca:&nbsp;<\/strong>Cebraspe<\/li>\n\n\n\n<li><strong>Cargo:<\/strong>&nbsp;Perito Criminal e Agente de Criminal\u00edstica<\/li>\n\n\n\n<li><strong>Forma\u00e7\u00e3o:&nbsp;<\/strong>N\u00edvel superior<\/li>\n\n\n\n<li><strong>Vagas:<\/strong>&nbsp;60<\/li>\n\n\n\n<li><strong>Sal\u00e1rio:<\/strong>&nbsp;R$ 4.235,90 a R$ 14.267,80<\/li>\n\n\n\n<li><a href=\"https:\/\/www.estrategiaconcursos.com.br\/pesquisa\/?q=main\" target=\"_blank\" rel=\"noreferrer noopener\">Curso para Politec RO<\/a><\/li>\n<\/ul>\n\n\n\n<h3 class=\"wp-block-heading\" id=\"concurso-pc-go\"><a href=\"https:\/\/www.estrategiaconcursos.com.br\/blog\/concurso-pc-go\/\" target=\"_blank\" rel=\"noreferrer noopener\">Concurso PC GO<\/a><\/h3>\n\n\n\n<ul class=\"wp-block-list\">\n<li><strong>Banca: <\/strong>Instituto AOCP<\/li>\n\n\n\n<li><strong>Cargo:<\/strong> diversos<\/li>\n\n\n\n<li><strong>Forma\u00e7\u00e3o:<\/strong> N\u00edvel superior<\/li>\n\n\n\n<li><strong>Vagas:<\/strong> 470<\/li>\n\n\n\n<li><strong>Sal\u00e1rio: <\/strong>R$ 6.358,32 [\u00faltimo edital]<\/li>\n\n\n\n<li><a href=\"https:\/\/www.estrategiaconcursos.com.br\/blog\/concurso-pc-go\/\" target=\"_blank\" rel=\"noreferrer noopener\">Curso para PC GO<\/a><\/li>\n<\/ul>\n\n\n\n<h3 class=\"wp-block-heading\" id=\"concurso-pm-go\"><a href=\"https:\/\/www.estrategiaconcursos.com.br\/blog\/concurso-pm-go\/\" target=\"_blank\" rel=\"noreferrer noopener\">Concurso PM GO<\/a><\/h3>\n\n\n\n<ul class=\"wp-block-list\">\n<li><strong>Banca:<\/strong> Instituto AOCP<\/li>\n\n\n\n<li><strong>Cargo: <\/strong>Soldado e Cadete<\/li>\n\n\n\n<li><strong>Forma\u00e7\u00e3o:<\/strong> N\u00edvel superior<\/li>\n\n\n\n<li><strong>Vagas:<\/strong> 1.670<\/li>\n\n\n\n<li><strong>Sal\u00e1rio:<\/strong> R$ 5.767,18 e R$ 7.655,89<\/li>\n\n\n\n<li>Curso para PM Go<\/li>\n<\/ul>\n\n\n\n<h3 class=\"wp-block-heading\" id=\"h-concurso-pc-rr\"><a href=\"https:\/\/www.estrategiaconcursos.com.br\/blog\/concurso-pc-rr\/\" target=\"_blank\" rel=\"noreferrer noopener\">Concurso PC RR<\/a><\/h3>\n\n\n\n<ul class=\"wp-block-list\">\n<li><strong>Banca:&nbsp;<\/strong>Vunesp<\/li>\n\n\n\n<li><strong>Cargo:<\/strong>&nbsp;V\u00e1rios<\/li>\n\n\n\n<li><strong>Forma\u00e7\u00e3o:&nbsp;<\/strong>N\u00edvel m\u00e9dio e superior<\/li>\n\n\n\n<li><strong>Vagas:<\/strong>&nbsp;175<\/li>\n\n\n\n<li><strong>Sal\u00e1rio:<\/strong>&nbsp;R$ 3.035,16 a R$ 18.387,42<\/li>\n\n\n\n<li><a href=\"https:\/\/www.estrategiaconcursos.com.br\/cursosPorConcurso\/policia-civil-de-roraima-pc-rr-diversos-cargos\/\" target=\"_blank\" rel=\"noreferrer noopener\">Curso para PC RR<\/a><\/li>\n<\/ul>\n\n\n\n<h3 class=\"wp-block-heading\" id=\"h-concurso-pm-es\"><a href=\"https:\/\/www.estrategiaconcursos.com.br\/blog\/concurso-pm-es\/\">Concurso PM ES<\/a><\/h3>\n\n\n\n<ul class=\"wp-block-list\">\n<li><strong>Banca:&nbsp;<\/strong>Instituto AOCP<\/li>\n\n\n\n<li><strong>Cargo:<\/strong>&nbsp;Soldados, Oficiais, Auxiliares de Sa\u00fade e M\u00fasicos<\/li>\n\n\n\n<li><strong>Forma\u00e7\u00e3o:&nbsp;<\/strong>N\u00edvel m\u00e9dio e superior<\/li>\n\n\n\n<li><strong>Vagas:<\/strong>&nbsp;1.111<\/li>\n\n\n\n<li><strong>Sal\u00e1rio:<\/strong>&nbsp;R$ 1.366,07 a R$ 8.011,62<\/li>\n\n\n\n<li><a href=\"https:\/\/www.estrategiaconcursos.com.br\/cursosPorConcurso\/policia-militar-do-espirito-santo-pm-es\/\" target=\"_blank\" rel=\"noreferrer noopener\">Curso para PM ES<\/a><\/li>\n<\/ul>\n\n\n\n<h3 class=\"wp-block-heading\" id=\"concurso-policia-penal-df\"><a href=\"https:\/\/www.estrategiaconcursos.com.br\/blog\/concurso-policia-penal-df\/\" target=\"_blank\" rel=\"noreferrer noopener\">Concurso Pol\u00edcia Penal DF<\/a><\/h3>\n\n\n\n<ul class=\"wp-block-list\">\n<li><strong>Banca: <\/strong>Instituto AOCP<\/li>\n\n\n\n<li><strong>Cargo:<\/strong> Policial Penal<\/li>\n\n\n\n<li><strong>Forma\u00e7\u00e3o: <\/strong>N\u00edvel superior<\/li>\n\n\n\n<li><strong>Vagas:<\/strong> 400 + 779 CR<\/li>\n\n\n\n<li><strong>Sal\u00e1rio:<\/strong> R$ 4.745,00<\/li>\n\n\n\n<li><a href=\"https:\/\/www.estrategiaconcursos.com.br\/cursosPorConcurso\/subsecretaria-do-sistema-penitenciario-do-distrito-federal-sesipe-df\/\" target=\"_blank\" rel=\"noreferrer noopener\">Curso Pol\u00edcia Penal DF<\/a><\/li>\n<\/ul>\n\n\n\n<h3 class=\"wp-block-heading\" id=\"h-concurso-bombeiro-pa\"><a href=\"https:\/\/www.estrategiaconcursos.com.br\/blog\/concurso-bombeiro-pa\/\" target=\"_blank\" rel=\"noreferrer noopener\">Concurso Bombeiro PA<\/a><\/h3>\n\n\n\n<ul class=\"wp-block-list\">\n<li><strong>Banca:&nbsp;<\/strong>Instituto AOCP<\/li>\n\n\n\n<li><strong>Cargo:<\/strong>&nbsp;Soldado<\/li>\n\n\n\n<li><strong>Forma\u00e7\u00e3o:&nbsp;<\/strong>N\u00edvel m\u00e9dio<\/li>\n\n\n\n<li><strong>Vagas:<\/strong>&nbsp;405<\/li>\n\n\n\n<li><strong>Sal\u00e1rio:<\/strong>&nbsp;R$ 3.960,00<\/li>\n\n\n\n<li><a href=\"https:\/\/www.estrategiaconcursos.com.br\/cursos\/concurso\/\" target=\"_blank\" rel=\"noreferrer noopener\">Curso para CBM PA<\/a><\/li>\n<\/ul>\n\n\n\n<h3 class=\"wp-block-heading\" id=\"concurso-bombeiros-pi\"><a href=\"https:\/\/www.estrategiaconcursos.com.br\/blog\/concurso-bombeiros-pi\/\" target=\"_blank\" rel=\"noreferrer noopener\">Concurso Bombeiros PI<\/a><\/h3>\n\n\n\n<ul class=\"wp-block-list\">\n<li><strong>Banca: <\/strong>FUESPI<\/li>\n\n\n\n<li><strong>Cargo:<\/strong> Soldado<\/li>\n\n\n\n<li><strong>Forma\u00e7\u00e3o: <\/strong>N\u00edvel m\u00e9dio<\/li>\n\n\n\n<li><strong>Vagas:<\/strong> 60<\/li>\n\n\n\n<li><strong>Sal\u00e1rio:<\/strong> R$ 3.294,99<\/li>\n\n\n\n<li><a href=\"https:\/\/www.estrategiaconcursos.com.br\/cursosPorConcurso\/corpo-de-bombeiros-do-estado-do-piaui-cbm-pi\/\" target=\"_blank\" rel=\"noreferrer noopener\">Curso Bombeiros PI<\/a><\/li>\n<\/ul>\n\n\n\n<h3 class=\"has-text-align-center has-background wp-block-heading\" id=\"fiscais\" style=\"background-color:#e1eaf2\">Fiscais<\/h3>\n\n\n\n<h3 class=\"wp-block-heading\" id=\"concurso-sefaz-ap\"><a href=\"https:\/\/www.estrategiaconcursos.com.br\/blog\/concurso-sefaz-ap\/\" target=\"_blank\" rel=\"noreferrer noopener\">Concurso Sefaz AP<\/a><\/h3>\n\n\n\n<ul class=\"wp-block-list\">\n<li><strong>Banca: <\/strong>a definir<\/li>\n\n\n\n<li><strong>Cargos poss\u00edveis:<\/strong> Auditor Fiscal e Fiscal de Receitas<\/li>\n\n\n\n<li><strong>Forma\u00e7\u00e3o:<\/strong> N\u00edvel superior<\/li>\n\n\n\n<li><strong>Vagas:<\/strong> a definir<\/li>\n\n\n\n<li><strong>Sal\u00e1rio:<\/strong> a partir de R$ 5.748.05<\/li>\n\n\n\n<li><a href=\"https:\/\/www.estrategiaconcursos.com.br\/cursos\/\" target=\"_blank\" rel=\"noreferrer noopener\">Curso Sefaz AP<\/a><\/li>\n<\/ul>\n\n\n\n<h3 class=\"has-text-align-center has-background wp-block-heading\" id=\"tribunais\" style=\"background-color:#e1eaf2\">Tribunais<\/h3>\n\n\n\n<h3 class=\"wp-block-heading\" id=\"h-concurso-tj-to\"><a href=\"https:\/\/www.estrategiaconcursos.com.br\/blog\/concurso-tj-to\/\" target=\"_blank\" rel=\"noreferrer noopener\">Concurso TJ TO<\/a><\/h3>\n\n\n\n<ul class=\"wp-block-list\">\n<li><strong>Banca:&nbsp;<\/strong>FGV<\/li>\n\n\n\n<li><strong>Cargo:<\/strong>&nbsp;T\u00e9cnico Judici\u00e1rio e Contador<\/li>\n\n\n\n<li><strong>Forma\u00e7\u00e3o:&nbsp;<\/strong>N\u00edvel m\u00e9dio e superior<\/li>\n\n\n\n<li><strong>Vagas:<\/strong>&nbsp;63<\/li>\n\n\n\n<li><strong>Sal\u00e1rio:<\/strong>&nbsp;R$ 5.625,38 a&nbsp;R$ 9.417,98<\/li>\n\n\n\n<li><a href=\"https:\/\/www.estrategiaconcursos.com.br\/cursosPorConcurso\/tj-to-tribunal-de-justica-do-tocantins\/\" target=\"_blank\" rel=\"noreferrer noopener\">Curso para TJ TO<\/a><\/li>\n<\/ul>\n\n\n\n<h3 class=\"wp-block-heading\" id=\"concurso-tj-pi\"><a href=\"https:\/\/www.estrategiaconcursos.com.br\/blog\/concurso-tj-pi\/\" target=\"_blank\" rel=\"noreferrer noopener\">Concurso TJ PI<\/a><\/h3>\n\n\n\n<ul class=\"wp-block-list\">\n<li><strong>Banca:<\/strong> a definir<\/li>\n\n\n\n<li><strong>Cargo:<\/strong> Analista Administrativo e Judici\u00e1rio<\/li>\n\n\n\n<li><strong>Forma\u00e7\u00e3o:<\/strong> N\u00edvel superior<\/li>\n\n\n\n<li><strong>Vagas:<\/strong> 100 previstas <\/li>\n\n\n\n<li><strong>Sal\u00e1rio:<\/strong> R$ 3.227,87 a R$ 14.470,28<\/li>\n\n\n\n<li><a href=\"#https:\/\/www.estrategiaconcursos.com.br\/cursosPorConcurso\/tj-pi-tribunal-de-justica-do-piaui-430\/\">Curso TJ PI<\/a><\/li>\n<\/ul>\n\n\n\n<h3 class=\"has-text-align-center has-background wp-block-heading\" id=\"prefeituras\" style=\"background-color:#e1eaf2\">Prefeituras<\/h3>\n\n\n\n<h3 class=\"wp-block-heading\" id=\"prefeitura-de-goiania\"><a href=\"https:\/\/www.estrategiaconcursos.com.br\/blog\/concurso-prefeitura-de-goiania\/\" target=\"_blank\" rel=\"noreferrer noopener\">Prefeitura de Goi\u00e2nia<\/a><\/h3>\n\n\n\n<ul class=\"wp-block-list\">\n<li><strong>Banca:<\/strong> <a href=\"https:\/\/www.ufg.br\/\" target=\"_blank\" rel=\"noreferrer noopener\">UFG<\/a><\/li>\n\n\n\n<li><strong>Cargo:<\/strong> diversos<\/li>\n\n\n\n<li><strong>Forma\u00e7\u00e3o:<\/strong> N\u00edveis fundamental, m\u00e9dio e superior<\/li>\n\n\n\n<li><strong>Vagas:<\/strong> 1.376<\/li>\n\n\n\n<li><strong>Sal\u00e1rio:<\/strong> R$ 1.075,49 a R$ 3.452,93<\/li>\n\n\n\n<li><a href=\"https:\/\/www.estrategiaconcursos.com.br\/cursosPorConcurso\/prefeitura-municipal-de-goiania-go\/\" target=\"_blank\" rel=\"noreferrer noopener\">Curso Prefeitura de Goi\u00e2nia<\/a><\/li>\n<\/ul>\n\n\n\n<h3 class=\"has-text-align-center has-background wp-block-heading\" id=\"educacao\" style=\"background-color:#e1eaf2\">Educa\u00e7\u00e3o<\/h3>\n\n\n\n<h3 class=\"wp-block-heading\" id=\"concurso-see-pe\"><a href=\"https:\/\/www.estrategiaconcursos.com.br\/blog\/concurso-see-pe\/\" target=\"_blank\" rel=\"noreferrer noopener\">Concurso SEE PE<\/a><\/h3>\n\n\n\n<ul class=\"wp-block-list\">\n<li><strong>Banca:<\/strong> CEBRASPE<\/li>\n\n\n\n<li><strong>Cargo:<\/strong> Professor<\/li>\n\n\n\n<li><strong>Forma\u00e7\u00e3o:<\/strong> N\u00edvel superior<\/li>\n\n\n\n<li><strong>Vagas:<\/strong> 3.686<\/li>\n\n\n\n<li><strong>Sal\u00e1rio:<\/strong> entre R$1.374,39 e R$2.886,15<\/li>\n\n\n\n<li><a href=\"https:\/\/www.estrategiaconcursos.com.br\/cursosPorConcurso\/secretaria-de-educacao-de-pernambuco\/\" target=\"_blank\" rel=\"noreferrer noopener\">Curso SEE PE<\/a><\/li>\n<\/ul>\n\n\n\n<h3 class=\"wp-block-heading\" id=\"concurso-ufrj\"><a href=\"https:\/\/www.estrategiaconcursos.com.br\/blog\/concurso-ufrj\/\" target=\"_blank\" rel=\"noreferrer noopener\">Concurso UFRJ<\/a><\/h3>\n\n\n\n<ul class=\"wp-block-list\">\n<li><strong>Banca:<\/strong> a definir<\/li>\n\n\n\n<li><strong>Cargo:<\/strong> T\u00e9cnico-Administrativo.<\/li>\n\n\n\n<li><strong>Forma\u00e7\u00e3o:<\/strong> N\u00edveis m\u00e9dio e superior<\/li>\n\n\n\n<li><strong>Vagas:<\/strong> 193 vagas<\/li>\n\n\n\n<li><strong>Sal\u00e1rio:<\/strong> R$ 2.446,96 a R$ 4.180,66<\/li>\n\n\n\n<li><a href=\"https:\/\/www.estrategiaconcursos.com.br\/pesquisa\/?q=ufrj\" target=\"_blank\" rel=\"noreferrer noopener\">Curso UFRJ<\/a><\/li>\n<\/ul>\n\n\n\n<h3 class=\"has-text-align-center has-background wp-block-heading\" id=\"juridico\" style=\"background-color:#e1eaf2\">Jur\u00eddico <\/h3>\n\n\n\n<h3 class=\"wp-block-heading\" id=\"concurso-delegado-al\"><a href=\"https:\/\/www.estrategiaconcursos.com.br\/blog\/concurso-delegado-al\/\" target=\"_blank\" rel=\"noreferrer noopener\">Concurso Delegado AL<\/a><\/h3>\n\n\n\n<ul class=\"wp-block-list\">\n<li><strong>Banca:<\/strong> a definir<\/li>\n\n\n\n<li><strong>Cargo:<\/strong> Delegado<\/li>\n\n\n\n<li><strong>Forma\u00e7\u00e3o:<\/strong> N\u00edvel superior<\/li>\n\n\n\n<li><strong>Vagas:<\/strong> 40<\/li>\n\n\n\n<li><strong>Sal\u00e1rio:<\/strong> a definir<\/li>\n\n\n\n<li><a href=\"https:\/\/www.estrategiaconcursos.com.br\/cursosPorConcurso\/policia-civil-de-alagoas-pc-al\/\" target=\"_blank\" rel=\"noreferrer noopener\">Curso Delegado AL<\/a><\/li>\n<\/ul>\n\n\n\n<h3 class=\"has-text-align-center has-background wp-block-heading\" id=\"outras\" style=\"background-color:#e1eaf2\">Outras carreiras<\/h3>\n\n\n\n<h3 class=\"wp-block-heading\" id=\"concurso-detran-df\"><a href=\"https:\/\/www.estrategiaconcursos.com.br\/blog\/concurso-detran-df\/\" target=\"_blank\" rel=\"noreferrer noopener\">Concurso Detran DF<\/a><\/h3>\n\n\n\n<ul class=\"wp-block-list\">\n<li><strong>Banca: <\/strong>a definir<\/li>\n\n\n\n<li><strong>Cargo:<\/strong> T\u00e9cnico e Analista de Atividades de Tr\u00e2nsito<\/li>\n\n\n\n<li><strong>Forma\u00e7\u00e3o:<\/strong> N\u00edveis m\u00e9dio e superior<\/li>\n\n\n\n<li><strong>Vagas:<\/strong> mais de 300 previstas<\/li>\n\n\n\n<li><strong>Sal\u00e1rio:<\/strong> R$ 4.420,00 e R$ 8.190,00<\/li>\n\n\n\n<li><a href=\"https:\/\/www.estrategiaconcursos.com.br\/cursosPorConcurso\/detran-df-5\/\/\">Curso Detran DF<\/a><\/li>\n<\/ul>\n\n\n\n<h3 class=\"wp-block-heading\" id=\"h-concurso-metrofor-ce\"><a href=\"https:\/\/www.estrategiaconcursos.com.br\/blog\/concurso-metrofor-ce\/\" target=\"_blank\" rel=\"noreferrer noopener\">Concurso Metrofor<\/a>&nbsp;(CE)<\/h3>\n\n\n\n<ul class=\"wp-block-list\">\n<li><strong>Banca:&nbsp;<\/strong>FUNECE<\/li>\n\n\n\n<li><strong>Cargo:<\/strong>&nbsp;a definir<\/li>\n\n\n\n<li><strong>Forma\u00e7\u00e3o:&nbsp;<\/strong>a definir<\/li>\n\n\n\n<li><strong>Vagas:<\/strong>&nbsp;150 + 676 CR<\/li>\n\n\n\n<li><strong>Sal\u00e1rio:<\/strong>&nbsp;a definir<\/li>\n\n\n\n<li><a href=\"https:\/\/www.estrategiaconcursos.com.br\/cursos\/\" target=\"_blank\" rel=\"noreferrer noopener\">Curso para Metrofor<\/a><\/li>\n<\/ul>\n\n\n\n<h3 class=\"wp-block-heading\" id=\"h-concurso-ijsn-es\"><a href=\"https:\/\/www.estrategiaconcursos.com.br\/blog\/concurso-ijsn\/\" target=\"_blank\" rel=\"noreferrer noopener\">Concurso IJSN<\/a>&nbsp;(ES)<\/h3>\n\n\n\n<ul class=\"wp-block-list\">\n<li><strong>Banca:&nbsp;<\/strong>Instituto AOCP<\/li>\n\n\n\n<li><strong>Cargo:<\/strong>&nbsp;Especialista em Estudos e Pesquisas Governamentais<\/li>\n\n\n\n<li><strong>Forma\u00e7\u00e3o:&nbsp;<\/strong>N\u00edvel superior<\/li>\n\n\n\n<li><strong>Vagas:<\/strong>&nbsp;06 + CR<\/li>\n\n\n\n<li><strong>Sal\u00e1rio:<\/strong>&nbsp;R$ 6.851,96<\/li>\n\n\n\n<li><a href=\"https:\/\/www.estrategiaconcursos.com.br\/cursosPorConcurso\/instituto-jones-dos-santos-neves-ijsn\/\" target=\"_blank\" rel=\"noreferrer noopener\">Curso para IJSN<\/a><\/li>\n<\/ul>\n\n\n\n<h3 class=\"wp-block-heading\" id=\"h-concurso-secont-es\"><a href=\"https:\/\/www.estrategiaconcursos.com.br\/blog\/concurso-secont-es\/\" target=\"_blank\" rel=\"noreferrer noopener\">Concurso SECONT<\/a>&nbsp;(ES)<\/h3>\n\n\n\n<ul class=\"wp-block-list\">\n<li><strong>Banca:&nbsp;<\/strong>Cebraspe<\/li>\n\n\n\n<li><strong>Cargo:<\/strong>&nbsp;Auditor do Estado<\/li>\n\n\n\n<li><strong>Forma\u00e7\u00e3o:&nbsp;<\/strong>N\u00edvel superior<\/li>\n\n\n\n<li><strong>Vagas:<\/strong>&nbsp;12<\/li>\n\n\n\n<li><strong>Sal\u00e1rio:<\/strong>&nbsp;R$ 9.653,06<\/li>\n\n\n\n<li><a href=\"https:\/\/www.estrategiaconcursos.com.br\/cursosPorConcurso\/secont-es\/\" target=\"_blank\" rel=\"noreferrer noopener\">Curso para Secont<\/a><\/li>\n<\/ul>\n\n\n\n<h3 class=\"wp-block-heading\" id=\"concurso-mapa\"><a href=\"https:\/\/www.estrategiaconcursos.com.br\/blog\/concurso-mapa\/\" target=\"_blank\" rel=\"noreferrer noopener\">Concurso MAPA<\/a><\/h3>\n\n\n\n<ul class=\"wp-block-list\">\n<li><strong>Banca:<\/strong> IDIB<\/li>\n\n\n\n<li><strong>Cargo:<\/strong> diversos<\/li>\n\n\n\n<li><strong>Forma\u00e7\u00e3o:<\/strong> N\u00edvel superior<\/li>\n\n\n\n<li><strong>Vagas:<\/strong> 60<\/li>\n\n\n\n<li><strong>Sal\u00e1rio:<\/strong> a definir<\/li>\n\n\n\n<li><a href=\"https:\/\/www.estrategiaconcursos.com.br\/cursosPorConcurso\/ministerio-da-agricultura-mapa\/\" target=\"_blank\" rel=\"noreferrer noopener\">Curso PSS MAPA<\/a><\/li>\n<\/ul>\n\n\n\n<figure class=\"wp-block-image aligncenter is-resized\" id=\"block-24a62cb1-0d29-4ded-adfc-2d957b474d71\"><img loading=\"lazy\" decoding=\"async\" src=\"https:\/\/dhg1h5j42swfq.cloudfront.net\/2020\/09\/18141901\/Coruja_Concursos%404x-506x1024.png\" alt=\"Concursos 2022: xx editais previstos para o m\u00eas de fevereiro!\" width=\"41\" height=\"84\"\/><\/figure>\n\n\n\n<h4 class=\"has-text-align-center wp-block-heading\" id=\"block-8e70be70-d6bd-45f4-852e-cc94cb5d259c\"><em>Para conferir outros editais previstos para mar\u00e7o e tamb\u00e9m para 2022, acesse os artigos abaixo:<\/em><\/h4>\n\n\n\n<ul class=\"wp-block-list\">\n<li><a href=\"https:\/\/www.estrategiaconcursos.com.br\/blog\/concursos-abertos\/\" target=\"_blank\" rel=\"noreferrer noopener\">Concursos abertos<\/a><\/li>\n\n\n\n<li><a href=\"https:\/\/www.estrategiaconcursos.com.br\/blog\/concursos-2022\/\" target=\"_blank\" rel=\"noreferrer noopener\">Concursos 2022<\/a> <\/li>\n<\/ul>\n\n\n\n<div class=\"container\" id=\"boxes\">\n  <div class=\"row\">\n\n    <div class=\"col-sm\">\n      <div class=\"estrategia\" id=\"box-assinatura\">\n        <h3 class=\"titulo-assinatura\">Assinatura Concursos<\/h3>\n        <p class=\"subtitulo-assinatura\">Assinatura de 1 ano ou 2 anos<\/p>\n        <div class=\"box-botao\">\n          <a class=\"btn-assinatura\" target=\"_blank\" href=\"https:\/\/www.estrategiaconcursos.com.br\/assinaturas\/\" role=\"button\" rel=\"noopener noreferrer\">ASSINE AGORA<\/a>\n        <\/div>\n      <\/div>\n     \n    <\/div><\/div><\/div>\n","protected":false},"excerpt":{"rendered":"<p>Piscou e fevereiro j\u00e1 acabou! Entramos, oficialmente, no terceiro m\u00eas de&nbsp;2022&nbsp;e com uma perspectiva de&nbsp;muitos editais&nbsp;sendo publicados nas pr\u00f3ximas semanas. S\u00e3o cerca de 24 editais com possibilidade de publica\u00e7\u00e3o, visto que muitas j\u00e1 est\u00e3o com&nbsp;banca contratada&nbsp;e alguns, at\u00e9 mesmo, j\u00e1 foram&nbsp;anunciados&nbsp;para este m\u00eas. S\u00e3o mais de 12 mil vagas&nbsp;distribu\u00eddas entre diversas carreiras e escolaridades. Isso [&hellip;]<\/p>\n","protected":false},"author":2018,"featured_media":746120,"comment_status":"open","ping_status":"closed","sticky":false,"template":"","format":"standard","meta":{"post_tipo":"news","footnotes":""},"categories":[1,220219],"tags":[],"tax_estado":[219963],"class_list":["post-978721","post","type-post","status-publish","format-standard","has-post-thumbnail","hentry","category-cursos-e-concursos","category-noticias","tax_estado-concursos-federais"],"acf":[],"yoast_head":"<!-- This site is optimized with the Yoast SEO Premium plugin v27.2 (Yoast SEO v27.2) - https:\/\/yoast.com\/product\/yoast-seo-premium-wordpress\/ -->\n<title>Concursos 2022: 24 editais previstos para o m\u00eas de mar\u00e7o<\/title>\n<meta name=\"description\" content=\"O m\u00eas de mar\u00e7o de 2022 chega com a promessa de, ao menos, 24 editais. No total, s\u00e3o mais de 12 mil vagas previstas! CONFIRA.\" \/>\n<meta name=\"robots\" content=\"index, follow, max-snippet:-1, max-image-preview:large, max-video-preview:-1\" \/>\n<link rel=\"canonical\" href=\"https:\/\/www.estrategiaconcursos.com.br\/blog\/editais-previstos-marco\/\" \/>\n<meta property=\"og:locale\" content=\"pt_BR\" \/>\n<meta property=\"og:type\" content=\"article\" \/>\n<meta property=\"og:title\" content=\"Concursos 2022: 24 editais previstos para o m\u00eas de mar\u00e7o\" \/>\n<meta property=\"og:description\" content=\"O m\u00eas de mar\u00e7o de 2022 chega com a promessa de, ao menos, 24 editais. No total, s\u00e3o mais de 12 mil vagas previstas! CONFIRA.\" \/>\n<meta property=\"og:url\" content=\"https:\/\/www.estrategiaconcursos.com.br\/blog\/editais-previstos-marco\/\" \/>\n<meta property=\"og:site_name\" content=\"Estrat\u00e9gia Concursos\" \/>\n<meta property=\"article:published_time\" content=\"2022-03-01T11:47:00+00:00\" \/>\n<meta property=\"article:modified_time\" content=\"2023-02-22T14:40:01+00:00\" \/>\n<meta property=\"og:image\" content=\"https:\/\/dhg1h5j42swfq.cloudfront.net\/2021\/04\/20121239\/2022_concursos.jpeg\" \/>\n\t<meta property=\"og:image:width\" content=\"768\" \/>\n\t<meta property=\"og:image:height\" content=\"432\" \/>\n\t<meta property=\"og:image:type\" content=\"image\/jpeg\" \/>\n<meta name=\"author\" content=\"B\u00e1rbara Carvalho Santos\" \/>\n<meta name=\"twitter:card\" content=\"summary_large_image\" \/>\n<meta name=\"twitter:creator\" content=\"@EstratConcursos\" \/>\n<meta name=\"twitter:site\" content=\"@EstratConcursos\" \/>\n<meta name=\"twitter:label1\" content=\"Escrito por\" \/>\n\t<meta name=\"twitter:data1\" content=\"B\u00e1rbara Carvalho Santos\" \/>\n\t<meta name=\"twitter:label2\" content=\"Est. tempo de leitura\" \/>\n\t<meta name=\"twitter:data2\" content=\"5 minutos\" \/>\n<script type=\"application\/ld+json\" class=\"yoast-schema-graph\">{\"@context\":\"https:\/\/schema.org\",\"@graph\":[{\"@type\":\"NewsArticle\",\"@id\":\"https:\/\/www.estrategiaconcursos.com.br\/blog\/editais-previstos-marco\/#article\",\"isPartOf\":{\"@id\":\"https:\/\/www.estrategiaconcursos.com.br\/blog\/editais-previstos-marco\/\"},\"author\":{\"name\":\"B\u00e1rbara Carvalho Santos\",\"@id\":\"https:\/\/www.estrategiaconcursos.com.br\/blog\/#\/schema\/person\/e3882259fa157d54c44c21f4ee4e0e60\"},\"headline\":\"Concursos 2022: 24 editais previstos para o m\u00eas de mar\u00e7o\",\"datePublished\":\"2022-03-01T11:47:00+00:00\",\"dateModified\":\"2023-02-22T14:40:01+00:00\",\"mainEntityOfPage\":{\"@id\":\"https:\/\/www.estrategiaconcursos.com.br\/blog\/editais-previstos-marco\/\"},\"wordCount\":847,\"commentCount\":0,\"publisher\":{\"@id\":\"https:\/\/www.estrategiaconcursos.com.br\/blog\/#organization\"},\"image\":{\"@id\":\"https:\/\/www.estrategiaconcursos.com.br\/blog\/editais-previstos-marco\/#primaryimage\"},\"thumbnailUrl\":\"https:\/\/dhg1h5j42swfq.cloudfront.net\/2021\/04\/20121239\/2022_concursos.jpeg\",\"articleSection\":[\"Concursos P\u00fablicos\",\"\u00daltimas not\u00edcias\"],\"inLanguage\":\"pt-BR\",\"potentialAction\":[{\"@type\":\"CommentAction\",\"name\":\"Comment\",\"target\":[\"https:\/\/www.estrategiaconcursos.com.br\/blog\/editais-previstos-marco\/#respond\"]}],\"copyrightYear\":\"2022\",\"copyrightHolder\":{\"@id\":\"https:\/\/www.estrategiaconcursos.com.br\/blog\/#organization\"}},{\"@type\":\"WebPage\",\"@id\":\"https:\/\/www.estrategiaconcursos.com.br\/blog\/editais-previstos-marco\/\",\"url\":\"https:\/\/www.estrategiaconcursos.com.br\/blog\/editais-previstos-marco\/\",\"name\":\"Concursos 2022: 24 editais previstos para o m\u00eas de mar\u00e7o\",\"isPartOf\":{\"@id\":\"https:\/\/www.estrategiaconcursos.com.br\/blog\/#website\"},\"primaryImageOfPage\":{\"@id\":\"https:\/\/www.estrategiaconcursos.com.br\/blog\/editais-previstos-marco\/#primaryimage\"},\"image\":{\"@id\":\"https:\/\/www.estrategiaconcursos.com.br\/blog\/editais-previstos-marco\/#primaryimage\"},\"thumbnailUrl\":\"https:\/\/dhg1h5j42swfq.cloudfront.net\/2021\/04\/20121239\/2022_concursos.jpeg\",\"datePublished\":\"2022-03-01T11:47:00+00:00\",\"dateModified\":\"2023-02-22T14:40:01+00:00\",\"description\":\"O m\u00eas de mar\u00e7o de 2022 chega com a promessa de, ao menos, 24 editais. No total, s\u00e3o mais de 12 mil vagas previstas! CONFIRA.\",\"breadcrumb\":{\"@id\":\"https:\/\/www.estrategiaconcursos.com.br\/blog\/editais-previstos-marco\/#breadcrumb\"},\"inLanguage\":\"pt-BR\",\"potentialAction\":[{\"@type\":\"ReadAction\",\"target\":[\"https:\/\/www.estrategiaconcursos.com.br\/blog\/editais-previstos-marco\/\"]}]},{\"@type\":\"ImageObject\",\"inLanguage\":\"pt-BR\",\"@id\":\"https:\/\/www.estrategiaconcursos.com.br\/blog\/editais-previstos-marco\/#primaryimage\",\"url\":\"https:\/\/dhg1h5j42swfq.cloudfront.net\/2021\/04\/20121239\/2022_concursos.jpeg\",\"contentUrl\":\"https:\/\/dhg1h5j42swfq.cloudfront.net\/2021\/04\/20121239\/2022_concursos.jpeg\",\"width\":768,\"height\":432,\"caption\":\"Concursos 2022\"},{\"@type\":\"BreadcrumbList\",\"@id\":\"https:\/\/www.estrategiaconcursos.com.br\/blog\/editais-previstos-marco\/#breadcrumb\",\"itemListElement\":[{\"@type\":\"ListItem\",\"position\":1,\"name\":\"In\u00edcio\",\"item\":\"https:\/\/www.estrategiaconcursos.com.br\/blog\/\"},{\"@type\":\"ListItem\",\"position\":2,\"name\":\"Concursos 2022: 24 editais previstos para o m\u00eas de mar\u00e7o\"}]},{\"@type\":\"WebSite\",\"@id\":\"https:\/\/www.estrategiaconcursos.com.br\/blog\/#website\",\"url\":\"https:\/\/www.estrategiaconcursos.com.br\/blog\/\",\"name\":\"Estrat\u00e9gia Concursos\",\"description\":\"O blog da Estrat\u00e9gia Concursos traz not\u00edcias sobre concursos e artigos de professores oferecendo cursos para concursos (pdf + videaulas) no site.\",\"publisher\":{\"@id\":\"https:\/\/www.estrategiaconcursos.com.br\/blog\/#organization\"},\"potentialAction\":[{\"@type\":\"SearchAction\",\"target\":{\"@type\":\"EntryPoint\",\"urlTemplate\":\"https:\/\/www.estrategiaconcursos.com.br\/blog\/?s={search_term_string}\"},\"query-input\":{\"@type\":\"PropertyValueSpecification\",\"valueRequired\":true,\"valueName\":\"search_term_string\"}}],\"inLanguage\":\"pt-BR\"},{\"@type\":\"Organization\",\"@id\":\"https:\/\/www.estrategiaconcursos.com.br\/blog\/#organization\",\"name\":\"Estrat\u00e9gia Concursos\",\"url\":\"https:\/\/www.estrategiaconcursos.com.br\/blog\/\",\"logo\":{\"@type\":\"ImageObject\",\"inLanguage\":\"pt-BR\",\"@id\":\"https:\/\/www.estrategiaconcursos.com.br\/blog\/#\/schema\/logo\/image\/\",\"url\":\"https:\/\/dhg1h5j42swfq.cloudfront.net\/2025\/06\/03203428\/logo_concursos-1.jpg\",\"contentUrl\":\"https:\/\/dhg1h5j42swfq.cloudfront.net\/2025\/06\/03203428\/logo_concursos-1.jpg\",\"width\":230,\"height\":60,\"caption\":\"Estrat\u00e9gia Concursos\"},\"image\":{\"@id\":\"https:\/\/www.estrategiaconcursos.com.br\/blog\/#\/schema\/logo\/image\/\"},\"sameAs\":[\"https:\/\/x.com\/EstratConcursos\"]},{\"@type\":\"Person\",\"@id\":\"https:\/\/www.estrategiaconcursos.com.br\/blog\/#\/schema\/person\/e3882259fa157d54c44c21f4ee4e0e60\",\"name\":\"B\u00e1rbara Carvalho Santos\",\"image\":{\"@type\":\"ImageObject\",\"inLanguage\":\"pt-BR\",\"@id\":\"https:\/\/secure.gravatar.com\/avatar\/353300f73140f779692b9be2b39f434d1341e4e34c7f55bd5a990fe29ef352eb?s=96&d=mm&r=g\",\"url\":\"https:\/\/secure.gravatar.com\/avatar\/353300f73140f779692b9be2b39f434d1341e4e34c7f55bd5a990fe29ef352eb?s=96&d=mm&r=g\",\"contentUrl\":\"https:\/\/secure.gravatar.com\/avatar\/353300f73140f779692b9be2b39f434d1341e4e34c7f55bd5a990fe29ef352eb?s=96&d=mm&r=g\",\"caption\":\"B\u00e1rbara Carvalho Santos\"},\"description\":\"M\u00e3e e jornalista formada pela UNIP, possui ampla experi\u00eancia na cobertura de entretenimento em grandes ve\u00edculos, como o site da CNN, RedeTV! e Estrat\u00e9gia Educacional. Atuou tamb\u00e9m em ag\u00eancias de marketing, produtoras musicais e assessorias de imprensa, com foco especial no trabalho com personalidades p\u00fablicas. Atualmente, integra a equipe do Estrat\u00e9gia Concursos, onde \u00e9 respons\u00e1vel pela produ\u00e7\u00e3o de conte\u00fados estrat\u00e9gicos voltados para o setor de concursos p\u00fablicos, com destaque para a \u00e1rea fiscal, gest\u00e3o, controle, concursos administrativos e Minist\u00e9rios participantes do CNU, al\u00e9m de diversos \u00f3rg\u00e3os federais. Tem como miss\u00e3o transformar informa\u00e7\u00f5es complexas em conte\u00fados acess\u00edveis, relevantes e de alto valor para quem sonha com uma carreira no servi\u00e7o p\u00fablico.\",\"url\":\"https:\/\/www.estrategiaconcursos.com.br\/blog\/author\/barbara-santos\/\"}]}<\/script>\n<!-- \/ Yoast SEO Premium plugin. -->","yoast_head_json":{"title":"Concursos 2022: 24 editais previstos para o m\u00eas de mar\u00e7o","description":"O m\u00eas de mar\u00e7o de 2022 chega com a promessa de, ao menos, 24 editais. No total, s\u00e3o mais de 12 mil vagas previstas! CONFIRA.","robots":{"index":"index","follow":"follow","max-snippet":"max-snippet:-1","max-image-preview":"max-image-preview:large","max-video-preview":"max-video-preview:-1"},"canonical":"https:\/\/www.estrategiaconcursos.com.br\/blog\/editais-previstos-marco\/","og_locale":"pt_BR","og_type":"article","og_title":"Concursos 2022: 24 editais previstos para o m\u00eas de mar\u00e7o","og_description":"O m\u00eas de mar\u00e7o de 2022 chega com a promessa de, ao menos, 24 editais. No total, s\u00e3o mais de 12 mil vagas previstas! CONFIRA.","og_url":"https:\/\/www.estrategiaconcursos.com.br\/blog\/editais-previstos-marco\/","og_site_name":"Estrat\u00e9gia Concursos","article_published_time":"2022-03-01T11:47:00+00:00","article_modified_time":"2023-02-22T14:40:01+00:00","og_image":[{"width":768,"height":432,"url":"https:\/\/dhg1h5j42swfq.cloudfront.net\/2021\/04\/20121239\/2022_concursos.jpeg","type":"image\/jpeg"}],"author":"B\u00e1rbara Carvalho Santos","twitter_card":"summary_large_image","twitter_creator":"@EstratConcursos","twitter_site":"@EstratConcursos","twitter_misc":{"Escrito por":"B\u00e1rbara Carvalho Santos","Est. tempo de leitura":"5 minutos"},"schema":{"@context":"https:\/\/schema.org","@graph":[{"@type":"NewsArticle","@id":"https:\/\/www.estrategiaconcursos.com.br\/blog\/editais-previstos-marco\/#article","isPartOf":{"@id":"https:\/\/www.estrategiaconcursos.com.br\/blog\/editais-previstos-marco\/"},"author":{"name":"B\u00e1rbara Carvalho Santos","@id":"https:\/\/www.estrategiaconcursos.com.br\/blog\/#\/schema\/person\/e3882259fa157d54c44c21f4ee4e0e60"},"headline":"Concursos 2022: 24 editais previstos para o m\u00eas de mar\u00e7o","datePublished":"2022-03-01T11:47:00+00:00","dateModified":"2023-02-22T14:40:01+00:00","mainEntityOfPage":{"@id":"https:\/\/www.estrategiaconcursos.com.br\/blog\/editais-previstos-marco\/"},"wordCount":847,"commentCount":0,"publisher":{"@id":"https:\/\/www.estrategiaconcursos.com.br\/blog\/#organization"},"image":{"@id":"https:\/\/www.estrategiaconcursos.com.br\/blog\/editais-previstos-marco\/#primaryimage"},"thumbnailUrl":"https:\/\/dhg1h5j42swfq.cloudfront.net\/2021\/04\/20121239\/2022_concursos.jpeg","articleSection":["Concursos P\u00fablicos","\u00daltimas not\u00edcias"],"inLanguage":"pt-BR","potentialAction":[{"@type":"CommentAction","name":"Comment","target":["https:\/\/www.estrategiaconcursos.com.br\/blog\/editais-previstos-marco\/#respond"]}],"copyrightYear":"2022","copyrightHolder":{"@id":"https:\/\/www.estrategiaconcursos.com.br\/blog\/#organization"}},{"@type":"WebPage","@id":"https:\/\/www.estrategiaconcursos.com.br\/blog\/editais-previstos-marco\/","url":"https:\/\/www.estrategiaconcursos.com.br\/blog\/editais-previstos-marco\/","name":"Concursos 2022: 24 editais previstos para o m\u00eas de mar\u00e7o","isPartOf":{"@id":"https:\/\/www.estrategiaconcursos.com.br\/blog\/#website"},"primaryImageOfPage":{"@id":"https:\/\/www.estrategiaconcursos.com.br\/blog\/editais-previstos-marco\/#primaryimage"},"image":{"@id":"https:\/\/www.estrategiaconcursos.com.br\/blog\/editais-previstos-marco\/#primaryimage"},"thumbnailUrl":"https:\/\/dhg1h5j42swfq.cloudfront.net\/2021\/04\/20121239\/2022_concursos.jpeg","datePublished":"2022-03-01T11:47:00+00:00","dateModified":"2023-02-22T14:40:01+00:00","description":"O m\u00eas de mar\u00e7o de 2022 chega com a promessa de, ao menos, 24 editais. No total, s\u00e3o mais de 12 mil vagas previstas! CONFIRA.","breadcrumb":{"@id":"https:\/\/www.estrategiaconcursos.com.br\/blog\/editais-previstos-marco\/#breadcrumb"},"inLanguage":"pt-BR","potentialAction":[{"@type":"ReadAction","target":["https:\/\/www.estrategiaconcursos.com.br\/blog\/editais-previstos-marco\/"]}]},{"@type":"ImageObject","inLanguage":"pt-BR","@id":"https:\/\/www.estrategiaconcursos.com.br\/blog\/editais-previstos-marco\/#primaryimage","url":"https:\/\/dhg1h5j42swfq.cloudfront.net\/2021\/04\/20121239\/2022_concursos.jpeg","contentUrl":"https:\/\/dhg1h5j42swfq.cloudfront.net\/2021\/04\/20121239\/2022_concursos.jpeg","width":768,"height":432,"caption":"Concursos 2022"},{"@type":"BreadcrumbList","@id":"https:\/\/www.estrategiaconcursos.com.br\/blog\/editais-previstos-marco\/#breadcrumb","itemListElement":[{"@type":"ListItem","position":1,"name":"In\u00edcio","item":"https:\/\/www.estrategiaconcursos.com.br\/blog\/"},{"@type":"ListItem","position":2,"name":"Concursos 2022: 24 editais previstos para o m\u00eas de mar\u00e7o"}]},{"@type":"WebSite","@id":"https:\/\/www.estrategiaconcursos.com.br\/blog\/#website","url":"https:\/\/www.estrategiaconcursos.com.br\/blog\/","name":"Estrat\u00e9gia Concursos","description":"O blog da Estrat\u00e9gia Concursos traz not\u00edcias sobre concursos e artigos de professores oferecendo cursos para concursos (pdf + videaulas) no site.","publisher":{"@id":"https:\/\/www.estrategiaconcursos.com.br\/blog\/#organization"},"potentialAction":[{"@type":"SearchAction","target":{"@type":"EntryPoint","urlTemplate":"https:\/\/www.estrategiaconcursos.com.br\/blog\/?s={search_term_string}"},"query-input":{"@type":"PropertyValueSpecification","valueRequired":true,"valueName":"search_term_string"}}],"inLanguage":"pt-BR"},{"@type":"Organization","@id":"https:\/\/www.estrategiaconcursos.com.br\/blog\/#organization","name":"Estrat\u00e9gia Concursos","url":"https:\/\/www.estrategiaconcursos.com.br\/blog\/","logo":{"@type":"ImageObject","inLanguage":"pt-BR","@id":"https:\/\/www.estrategiaconcursos.com.br\/blog\/#\/schema\/logo\/image\/","url":"https:\/\/dhg1h5j42swfq.cloudfront.net\/2025\/06\/03203428\/logo_concursos-1.jpg","contentUrl":"https:\/\/dhg1h5j42swfq.cloudfront.net\/2025\/06\/03203428\/logo_concursos-1.jpg","width":230,"height":60,"caption":"Estrat\u00e9gia Concursos"},"image":{"@id":"https:\/\/www.estrategiaconcursos.com.br\/blog\/#\/schema\/logo\/image\/"},"sameAs":["https:\/\/x.com\/EstratConcursos"]},{"@type":"Person","@id":"https:\/\/www.estrategiaconcursos.com.br\/blog\/#\/schema\/person\/e3882259fa157d54c44c21f4ee4e0e60","name":"B\u00e1rbara Carvalho Santos","image":{"@type":"ImageObject","inLanguage":"pt-BR","@id":"https:\/\/secure.gravatar.com\/avatar\/353300f73140f779692b9be2b39f434d1341e4e34c7f55bd5a990fe29ef352eb?s=96&d=mm&r=g","url":"https:\/\/secure.gravatar.com\/avatar\/353300f73140f779692b9be2b39f434d1341e4e34c7f55bd5a990fe29ef352eb?s=96&d=mm&r=g","contentUrl":"https:\/\/secure.gravatar.com\/avatar\/353300f73140f779692b9be2b39f434d1341e4e34c7f55bd5a990fe29ef352eb?s=96&d=mm&r=g","caption":"B\u00e1rbara Carvalho Santos"},"description":"M\u00e3e e jornalista formada pela UNIP, possui ampla experi\u00eancia na cobertura de entretenimento em grandes ve\u00edculos, como o site da CNN, RedeTV! e Estrat\u00e9gia Educacional. Atuou tamb\u00e9m em ag\u00eancias de marketing, produtoras musicais e assessorias de imprensa, com foco especial no trabalho com personalidades p\u00fablicas. Atualmente, integra a equipe do Estrat\u00e9gia Concursos, onde \u00e9 respons\u00e1vel pela produ\u00e7\u00e3o de conte\u00fados estrat\u00e9gicos voltados para o setor de concursos p\u00fablicos, com destaque para a \u00e1rea fiscal, gest\u00e3o, controle, concursos administrativos e Minist\u00e9rios participantes do CNU, al\u00e9m de diversos \u00f3rg\u00e3os federais. Tem como miss\u00e3o transformar informa\u00e7\u00f5es complexas em conte\u00fados acess\u00edveis, relevantes e de alto valor para quem sonha com uma carreira no servi\u00e7o p\u00fablico.","url":"https:\/\/www.estrategiaconcursos.com.br\/blog\/author\/barbara-santos\/"}]}},"_links":{"self":[{"href":"https:\/\/www.estrategiaconcursos.com.br\/blog\/wp-json\/wp\/v2\/posts\/978721","targetHints":{"allow":["GET"]}}],"collection":[{"href":"https:\/\/www.estrategiaconcursos.com.br\/blog\/wp-json\/wp\/v2\/posts"}],"about":[{"href":"https:\/\/www.estrategiaconcursos.com.br\/blog\/wp-json\/wp\/v2\/types\/post"}],"author":[{"embeddable":true,"href":"https:\/\/www.estrategiaconcursos.com.br\/blog\/wp-json\/wp\/v2\/users\/2018"}],"replies":[{"embeddable":true,"href":"https:\/\/www.estrategiaconcursos.com.br\/blog\/wp-json\/wp\/v2\/comments?post=978721"}],"version-history":[{"count":20,"href":"https:\/\/www.estrategiaconcursos.com.br\/blog\/wp-json\/wp\/v2\/posts\/978721\/revisions"}],"predecessor-version":[{"id":1175883,"href":"https:\/\/www.estrategiaconcursos.com.br\/blog\/wp-json\/wp\/v2\/posts\/978721\/revisions\/1175883"}],"wp:featuredmedia":[{"embeddable":true,"href":"https:\/\/www.estrategiaconcursos.com.br\/blog\/wp-json\/wp\/v2\/media\/746120"}],"wp:attachment":[{"href":"https:\/\/www.estrategiaconcursos.com.br\/blog\/wp-json\/wp\/v2\/media?parent=978721"}],"wp:term":[{"taxonomy":"category","embeddable":true,"href":"https:\/\/www.estrategiaconcursos.com.br\/blog\/wp-json\/wp\/v2\/categories?post=978721"},{"taxonomy":"post_tag","embeddable":true,"href":"https:\/\/www.estrategiaconcursos.com.br\/blog\/wp-json\/wp\/v2\/tags?post=978721"},{"taxonomy":"tax_estado","embeddable":true,"href":"https:\/\/www.estrategiaconcursos.com.br\/blog\/wp-json\/wp\/v2\/tax_estado?post=978721"}],"curies":[{"name":"wp","href":"https:\/\/api.w.org\/{rel}","templated":true}]}}