{"id":978168,"date":"2022-02-28T09:00:00","date_gmt":"2022-02-28T12:00:00","guid":{"rendered":"https:\/\/www.estrategiaconcursos.com.br\/blog\/?p=978168"},"modified":"2022-03-04T17:34:47","modified_gmt":"2022-03-04T20:34:47","slug":"carta-aos-assinantes-070","status":"publish","type":"post","link":"https:\/\/www.estrategiaconcursos.com.br\/blog\/carta-aos-assinantes-070\/","title":{"rendered":"Carta aos Assinantes do Estrat\u00e9gia Concursos &#8211; 070"},"content":{"rendered":"\n<p class=\"has-text-align-right has-luminous-vivid-amber-background-color has-background\">      <em>Confira, em nossa <strong><\/strong><strong>septuag\u00e9sima<\/strong> carta aos assinantes, a nossa programa\u00e7\u00e3o semanal, as novidades do nosso Sistema de Quest\u00f5es e as principais movimenta\u00e7\u00f5es de concursos.<\/em><\/p>\n\n\n\n<p>Ol\u00e1, pessoal. Tudo bem?<\/p>\n\n\n\n<p>Aqui \u00e9 o<strong> Prof. Diego Cerqueira<\/strong>, em nossa <strong><mark style=\"background-color:rgba(0, 0, 0, 0)\" class=\"has-inline-color has-vivid-purple-color\">septuag\u00e9sima carta aos Assinantes<\/mark><\/strong> do Estrat\u00e9gia Concursos.<\/p>\n\n\n\n<p>Gostaria de iniciar essa carta com um recado especial aos alunos que est\u00e3o se preparando para o <strong><mark style=\"background-color:rgba(0, 0, 0, 0)\" class=\"has-inline-color has-vivid-purple-color\">concurso do TCU<\/mark>. <\/strong>Hoje, dia 28\/02, iniciaremos a nossa sequ\u00eancia de eventos do Ato Final TCU. Para quem n\u00e3o conhece, ser\u00e3o diversos eventos como transmiss\u00f5es ao vivo da <strong>Hora da Verdade<\/strong> em nosso canal do YouTube, <strong>Simulado Final, Revis\u00e3o Antecipada<\/strong>, al\u00e9m da nossa <strong>Revis\u00e3o de V\u00e9spera Presencial<\/strong>. Todos esses eventos ser\u00e3o divulgados no nosso <strong>canal da \u00c1rea de Controle do Telegram<\/strong>.<\/p>\n\n\n\n<p><em>Inscreva-se j\u00e1 e fique por dentro da programa\u00e7\u00e3o completa!<\/em><\/p>\n\n\n\n<p class=\"has-text-align-center has-white-color has-vivid-purple-background-color has-text-color has-background\"><a href=\"https:\/\/t.me\/CaminhoCertoTCESC\"><mark style=\"background-color:rgba(0, 0, 0, 0)\" class=\"has-inline-color has-white-color\">CANAL DO TELEGRAM \u2013 \u00c1REA DE CONTROLE<\/mark><\/a><\/p>\n\n\n\n<p>Al\u00e9m disso, quero destacar tr\u00eas <strong><mark style=\"background-color:rgba(0, 0, 0, 0)\" class=\"has-inline-color has-vivid-purple-color\">cursos especiais<\/mark><\/strong> que s\u00e3o focados nesse certame:<\/p>\n\n\n\n<ul class=\"wp-block-list\"><li><strong>Curso de<\/strong> <strong>An\u00e1lise de dados para o TCU<\/strong> &#8211; Prof. Erick Muzart<\/li><li><strong>Percep\u00e7\u00f5es Avan\u00e7adas Sobre os Atos Administrativos<\/strong> &#8211; Min. Andr\u00e9 Lu\u00eds<\/li><li><strong>Curso de AFO para o TCU<\/strong> &#8211; Min. Andr\u00e9 Lu\u00eds<\/li><li><strong>Curso de Controle Externo para o TCU<\/strong> &#8211; Min. Andr\u00e9 Lu\u00eds<\/li><li><strong>Aspectos Relevantes em RAP (Restos a Pagar)<\/strong> &#8211; Min. Andr\u00e9 Lu\u00eds<\/li><\/ul>\n\n\n\n<p>As aulas desses cursos podem ser acompanhadas ao vivo no <strong>Canal do YouTube do Estrat\u00e9gia<\/strong> e posteriormente ser\u00e3o disponibilizadas na \u00e1rea do aluno.<\/p>\n\n\n\n<p><em>Inscreva-se no canal e ative as notifica\u00e7\u00f5es para n\u00e3o perder!<\/em><\/p>\n\n\n\n<p class=\"has-text-align-center has-vivid-purple-background-color has-background\"><a href=\"https:\/\/www.youtube.com\/c\/EstrategiaConcursosBrasil\"><mark style=\"background-color:rgba(0, 0, 0, 0)\" class=\"has-inline-color has-white-color\">CANAL DO YOUTUBE<\/mark><\/a><\/p>\n\n\n\n<p>Ainda sobre o concurso do TCU e da CGU, quero lembr\u00e1-los que as vendas para o evento da <strong><mark style=\"background-color:rgba(0, 0, 0, 0)\" class=\"has-inline-color has-vivid-purple-color\">Revis\u00e3o de V\u00e9spera Presencial<\/mark><\/strong> j\u00e1 est\u00e3o abertas! Estamos no <strong>segundo lote<\/strong> de vendas para a <strong>Revis\u00e3o da GCU<\/strong> e no <strong>terceiro e \u00faltimo lote<\/strong> para a <strong>Revis\u00e3o do TCU<\/strong>.<\/p>\n\n\n\n<p><em>Acesse os links abaixo e garanta a sua vaga!<\/em><\/p>\n\n\n\n<ul class=\"wp-block-list\"><li><strong>Revis\u00e3o de V\u00e9spera Presencial para o TCU<\/strong> (<a href=\"https:\/\/www.estrategiaconcursos.com.br\/curso\/revisao-de-vespera-presencial-para-o-tcu\/\">Clique aqui!<\/a>)<\/li><li><strong>Revis\u00e3o de V\u00e9spera Presencial para o CGU<\/strong> (<a href=\"https:\/\/www.estrategiaconcursos.com.br\/curso\/revisao-de-vespera-presencial-para-o-cgu\/\">Clique aqui!<\/a>)<\/li><\/ul>\n\n\n\n<p><strong><mark style=\"background-color:rgba(0, 0, 0, 0)\" class=\"has-inline-color has-vivid-purple-color\">Sistema de Quest\u00f5es do Estrat\u00e9gia<\/mark><\/strong><\/p>\n\n\n\n<p>Na \u00faltima semana, tivemos a atualiza\u00e7\u00e3o dos <strong><mark style=\"background-color:rgba(0, 0, 0, 0)\" class=\"has-inline-color has-vivid-purple-color\">cadernos de quest\u00f5es in\u00e9ditas focados no concurso da CGU<\/mark>.<\/strong> Ao todo, o Sistema de Quest\u00f5es j\u00e1 conta <strong>com cerca de 3.600 quest\u00f5es cadastradas<\/strong>, distribu\u00eddas em cadernos por assunto, para te auxiliar no estudo das legisla\u00e7\u00f5es previstas no edital.<\/p>\n\n\n\n<p><em>Confira os cadernos de quest\u00f5es dispon\u00edveis e turbine sua prepara\u00e7\u00e3o!<\/em><\/p>\n\n\n\n<p class=\"has-text-align-center has-vivid-purple-background-color has-background\"><a href=\"https:\/\/www.estrategiaconcursos.com.br\/blog\/questoes-ineditas-cgu\/\"><mark style=\"background-color:rgba(0, 0, 0, 0)\" class=\"has-inline-color has-white-color\">QUEST\u00d5ES IN\u00c9DITAS CGU<\/mark><\/a><\/p>\n\n\n\n<p>Al\u00e9m disso, tivemos a atualiza\u00e7\u00e3o dos <strong><mark style=\"background-color:rgba(0, 0, 0, 0)\" class=\"has-inline-color has-vivid-purple-color\">cadernos de quest\u00f5es in\u00e9ditas focados no concurso da SEFA-PA<\/mark>.<\/strong> Agora temos <strong>1000 quest\u00f5es cadastradas<\/strong> divididas por cadernos espec\u00edficos.<\/p>\n\n\n\n<p><em>Acesso o artigo abaixo e resolva as quest\u00f5es!<\/em><\/p>\n\n\n\n<p class=\"has-text-align-center has-vivid-purple-background-color has-background\"><a href=\"https:\/\/www.estrategiaconcursos.com.br\/blog\/questoes-ineditas-sefa-pa\/\"><mark style=\"background-color:rgba(0, 0, 0, 0)\" class=\"has-inline-color has-white-color\">QUEST\u00d5ES IN\u00c9DITAS SEFA-PA<\/mark><\/a><\/p>\n\n\n\n<p>Outro artigo que contou com uma atualiza\u00e7\u00e3o foi o da <strong><mark style=\"background-color:rgba(0, 0, 0, 0)\" class=\"has-inline-color has-vivid-purple-color\">SEFAZ-SE<\/mark><\/strong>. S\u00e3o <strong>mais de 600 quest\u00f5es in\u00e9ditas<\/strong> dispon\u00edveis para a sua aprova\u00e7\u00e3o.<\/p>\n\n\n\n<p><em>Acesse os cadernos de quest\u00f5es dispon\u00edveis no link do nosso blog.<\/em><\/p>\n\n\n\n<p class=\"has-text-align-center has-vivid-purple-background-color has-background\"><a href=\"https:\/\/www.estrategiaconcursos.com.br\/blog\/questoes-ineditas-sefaz-se\/\"><mark style=\"background-color:rgba(0, 0, 0, 0)\" class=\"has-inline-color has-white-color\">QUEST\u00d5ES IN\u00c9DITAS SEFAZ-SE<\/mark><\/a><\/p>\n\n\n\n<p>Na semana passada, a equipe do SQ elaborou um artigo com <strong><mark style=\"background-color:rgba(0, 0, 0, 0)\" class=\"has-inline-color has-vivid-purple-color\">Cadernos de Quest\u00f5es para a Pol\u00edcia Civil do Amazonas<\/mark><\/strong> para os cargos de Escriv\u00e3o e Investigador. S\u00e3o quest\u00f5es anteriores no estilo da banca que contemplam disciplinas previstas no edital. Cada cargo conta com cerca de 270 quest\u00f5es dispon\u00edveis para te auxiliar nessa prepara\u00e7\u00e3o.<\/p>\n\n\n\n<p><em>Acesse o artigo do blog e saia na frente!<\/em><\/p>\n\n\n\n<p class=\"has-text-align-center has-white-color has-vivid-purple-background-color has-text-color has-background\"><a href=\"https:\/\/www.estrategiaconcursos.com.br\/blog\/cadernos-de-questoes-pc-am\/\"><mark style=\"background-color:rgba(0, 0, 0, 0)\" class=\"has-inline-color has-white-color\">QUEST\u00d5ES POL\u00cdCIA CIVIL DO AMAZONAS<\/mark><\/a><\/p>\n\n\n\n<p>Por fim, gostaria de convid\u00e1-los a realizar o <strong><mark style=\"background-color:rgba(0, 0, 0, 0)\" class=\"has-inline-color has-vivid-purple-color\">Simulado Final do TCU.<\/mark> <\/strong>Ser\u00e1 no dia 05\/03, pela manh\u00e3, com corre\u00e7\u00e3o ao vivo em nosso canal do YouTube na parte da tarde. O simulado em quest\u00e3o ser\u00e1 realizado pelo SQ, com acesso liberado para todos! Ent\u00e3o, n\u00e3o deixe de participar! <\/p>\n\n\n\n<p><em>Acompanhe nosso blog e redes sociais para ficar por dentro!<\/em><\/p>\n\n\n\n<p><strong><mark style=\"background-color:rgba(0, 0, 0, 0)\" class=\"has-inline-color has-vivid-purple-color\">Agora, vamos ver as principais movimenta\u00e7\u00f5es de concursos da \u00faltima semana?<\/mark><\/strong><\/p>\n\n\n\n<ul class=\"wp-block-list\"><li><a href=\"https:\/\/www.estrategiaconcursos.com.br\/blog\/concurso-receita-federal\/\">Receita Federal<\/a>: Ap\u00f3s ter sua autoriza\u00e7\u00e3o anunciada para o final de mar\u00e7o, novas informa\u00e7\u00f5es a respeito do concurso da Receita Federal foram divulgadas. Segundo o chefe de gabinete da RFB, auditor-fiscal Ant\u00f4nio M\u00e1rcio de Oliveira Aguiar, as nomea\u00e7\u00f5es dos aprovados devem acontecer j\u00e1 no primeiro dia \u00fatil de 2023!<\/li><\/ul>\n\n\n\n<ul class=\"wp-block-list\"><li><a href=\"https:\/\/www.estrategiaconcursos.com.br\/blog\/concurso-sefaz-ba\/\">Sefaz BA<\/a>: Com um edital para Agente de Tributos Estaduais sendo aguardado para as pr\u00f3ximas semanas, a Sefaz Bahia j\u00e1 est\u00e1 de olho em outra sele\u00e7\u00e3o, dessa vez, para Auditor Fiscal. Isso porque, o novo certame j\u00e1 est\u00e1 sendo discutido internamente, mas ainda precisa ser formalizado pelo secret\u00e1rio do \u00f3rg\u00e3o. S\u00e3o previstas 150 vagas com forma\u00e7\u00e3o restrita.<\/li><\/ul>\n\n\n\n<ul class=\"wp-block-list\"><li><a href=\"https:\/\/www.estrategiaconcursos.com.br\/blog\/concurso-cge-ms\/\">CGE MS<\/a>: Um dia p\u00f3s ter sua banca organizadora anunciada, foi publicado o edital da Controladoria-Geral do Mato Grosso do Sul. S\u00e3o ofertadas 28 vagas para o cargo de Auditor do Estado, para as \u00e1reas de Corregedoria e Correi\u00e7\u00e3o; Fiscaliza\u00e7\u00e3o em Obras P\u00fablicas; Auditoria Geral e TI. A remunera\u00e7\u00e3o inicial \u00e9 de R$ 11 mil e a organiza\u00e7\u00e3o \u00e9 do Instituto AOCP.<\/li><\/ul>\n\n\n\n<ul class=\"wp-block-list\"><li><a href=\"https:\/\/www.estrategiaconcursos.com.br\/blog\/concurso-mdc-edital-publicado\/\">Minist\u00e9rio das Comunica\u00e7\u00f5es<\/a>: Outro edital publicado essa semana foi do processo seletivo simplificado para o Minist\u00e9rio das Comunica\u00e7\u00f5es. S\u00e3o 217 vagas de n\u00edvel superior para as \u00e1reas de Comunica\u00e7\u00e3o e TI, com remunera\u00e7\u00f5es que variam de R$ 3.800,00 a R$ 8.300,00. A organiza\u00e7\u00e3o \u00e9 do Cebraspe.<\/li><\/ul>\n\n\n\n<ul class=\"wp-block-list\"><li><a href=\"https:\/\/www.estrategiaconcursos.com.br\/blog\/concurso-eletrobras\/\">Eletrobras<\/a>: E por fim, tamb\u00e9m tivemos a publica\u00e7\u00e3o do edital para a Eletrobras Termonuclear. Sob organiza\u00e7\u00e3o da Cesgranrio, s\u00e3o 137 vagas imediatas mais forma\u00e7\u00e3o de cadastro reserva. Os cargos de n\u00edvel m\u00e9dio possuem remunera\u00e7\u00e3o de R$ 3,6 mil. J\u00e1 para os cargos de n\u00edvel superior, esse valor passa dos R$ 7 mil!<\/li><\/ul>\n\n\n\n<ul class=\"wp-block-list\"><li><a href=\"https:\/\/www.estrategiaconcursos.com.br\/blog\/concurso-pc-sp-medico-legista-publicado\/\">PC SP<\/a>: Foi publicado mais um edital do concurso PC SP, especificamente para a carreira de M\u00e9dico Legista. S\u00e3o ofertadas 189 vagas, com sal\u00e1rio de R$ 8.699,94. As inscri\u00e7\u00f5es ficar\u00e3o abertas, exclusivamente, pelo site da Funda\u00e7\u00e3o VUNESP, no per\u00edodo de 21 de mar\u00e7o a 28 de abril. A prova \u00e9 prevista para 12 de junho.<\/li><\/ul>\n\n\n\n<ul class=\"wp-block-list\"><li>Policiais GO (<a href=\"https:\/\/www.estrategiaconcursos.com.br\/blog\/concurso-policia-civil-goias\/\">PC<\/a>, <a href=\"https:\/\/www.estrategiaconcursos.com.br\/blog\/concurso-pm-go\/\">PM<\/a>, <a href=\"https:\/\/www.estrategiaconcursos.com.br\/blog\/concurso-bombeiro-go\/\">Bombeiros<\/a> e <a href=\"https:\/\/www.estrategiaconcursos.com.br\/blog\/concurso-policia-cientifica-go\/\">Politec<\/a>): Segundo informa\u00e7\u00f5es do delegado e deputado estadual, Humberto Te\u00f3filo, o Instituto AOCP organizar\u00e1 todos os editais dos concursos policiais GO. Ser\u00e3o 850 vagas para Pol\u00edcia Civil, 1.670 para Pol\u00edcia Militar, 210 para Pol\u00edcia Cient\u00edfica e 612 para o Corpo de Bombeiros. Alguns editais, inclusive, s\u00e3o previstos em at\u00e9 40 dias, como o caso da PM e PC.<\/li><\/ul>\n\n\n\n<ul class=\"wp-block-list\"><li><a href=\"https:\/\/www.estrategiaconcursos.com.br\/blog\/concurso-alesp\/\">ALESP<\/a>: Foram publicados os editais do concurso ALESP. Conforme os documentos, s\u00e3o ofertadas 118 vagas distribu\u00eddas entre cargos de n\u00edveis m\u00e9dio e superior. Os interessados em participar da sele\u00e7\u00e3o devem realizar as inscri\u00e7\u00f5es no per\u00edodo 03 a 24 de mar\u00e7o, diretamente pelo site da Funda\u00e7\u00e3o Vunesp. A prova objetiva est\u00e1 prevista para o dia 1\u00ba de maio.<\/li><\/ul>\n\n\n\n<ul class=\"wp-block-list\"><li><a href=\"https:\/\/www.estrategiaconcursos.com.br\/blog\/concurso-pmdf\/\">PMDF<\/a>: Ap\u00f3s autoriza\u00e7\u00e3o para 2.100 vagas para Soldado e 46 vagas de Oficiais do Quadro da Sa\u00fade, foi anunciada a comiss\u00e3o do certame, segundo informa\u00e7\u00f5es da assessoria de imprensa.<\/li><\/ul>\n\n\n\n<ul class=\"wp-block-list\"><li><a href=\"https:\/\/www.estrategiaconcursos.com.br\/blog\/concurso-policia-civil-rs\/\">PC RS<\/a>: Segundo a delegada e chefe da Pol\u00edcia Civil do Rio Grande do Sul, Nadine Farias Anflor, um novo concurso PC RS pode acontecer at\u00e9 o final de 2022. A expectativa \u00e9 de que sejam ofertadas vagas para os cargos de Escriv\u00e3o, Inspetor e Delegado. O quantitativo, contudo, ainda n\u00e3o foi definido.<\/li><\/ul>\n\n\n\n<ul class=\"wp-block-list\"><li><a href=\"https:\/\/www.estrategiaconcursos.com.br\/blog\/concurso-detran-am\/\">Detran AM<\/a>: Foi publicado o edital do concurso Detran AM. S\u00e3o ofertadas 183 vagas para v\u00e1rios cargos de n\u00edvel m\u00e9dio e superior, com sal\u00e1rios que variam de R$ 2.300,00 a R$ 5.500,00. As inscri\u00e7\u00f5es podem ser realizadas no per\u00edodo de 08 de mar\u00e7o a 06 de abril de 2022, no site do IBFC. A aplica\u00e7\u00e3o da prova objetiva \u00e9 prevista para o dia 15 de maio de 2022.<\/li><\/ul>\n\n\n\n<ul class=\"wp-block-list\"><li><a href=\"https:\/\/www.estrategiaconcursos.com.br\/blog\/concurso-dpe-ce-defensor\/\">DPE CE Defensor<\/a>: Foi publicado o edital do concurso que oferta 60 vagas imediatas para Defensor P\u00fablico do Estado do Cear\u00e1, com exig\u00eancia de bacharelado em Direito e dois anos de pr\u00e1tica jur\u00eddica. O sal\u00e1rio \u00e9 de R$ 27.528,09. Os interessados devem realizar as inscri\u00e7\u00f5es entre 03 de mar\u00e7o a 05 de abril de 2022, no site da Funda\u00e7\u00e3o Carlos Chagas (FCC), ao custo de R$ 295,00. As provas est\u00e3o previstas para 05 de junho de 2022.<\/li><\/ul>\n\n\n\n<ul class=\"wp-block-list\"><li><a href=\"https:\/\/www.estrategiaconcursos.com.br\/blog\/concurso-mp-se-promotor\/\">MP SE Promotor<\/a>: O Minist\u00e9rio P\u00fablico do Sergipe definiu o Cebraspe como banca organizadora do novo concurso que ofertar\u00e1 5 vagas para o cargo de Promotor, com remunera\u00e7\u00e3o de R$ 30.404,42. Recentemente foi divulgado o regulamento com as principais informa\u00e7\u00f5es do certame. Para concorrer, o candidato deve ter conclu\u00eddo o curso de bacharel em Direito e possuir, no m\u00ednimo, 3 anos de atividade jur\u00eddica ap\u00f3s a conclus\u00e3o.<\/li><\/ul>\n\n\n\n<ul class=\"wp-block-list\"><li><a href=\"https:\/\/www.estrategiaconcursos.com.br\/blog\/concurso-delegado-sp\/\">Delegado SP<\/a>: Foi publicado o edital do concurso que oferta 250 vagas para Delegado de Pol\u00edcia Civil do Estado de S\u00e3o Paulo, cargo que exige diploma de bacharel em Direito e comprova\u00e7\u00e3o do exerc\u00edcio de, pelo menos, 2 anos de atividade jur\u00eddica ou policial. As inscri\u00e7\u00f5es podem ser feitas entre os dias 21 de mar\u00e7o e 28 de abril no site da Vunesp. A taxa foi fixada em R$ 105,50. A prova est\u00e1 prevista para o dia 12 de junho de 2022.<\/li><\/ul>\n\n\n\n<ul class=\"wp-block-list\"><li><a href=\"https:\/\/www.estrategiaconcursos.com.br\/blog\/concurso-pge-rj\/\">PGE RJ<\/a>: Foi publicado o edital do concurso PGE RJ. S\u00e3o ofertadas 06 vagas para Analista Processual, 02 vagas para T\u00e9cnico Processual, 02 vagas para Analista Cont\u00e1bil e 02 vagas para Analista de Sistemas e M\u00e9todos. Os sal\u00e1rios variam entre R$ 5.110,00 e R$ 6.990,00. As inscri\u00e7\u00f5es podem ser feitas entre os dias 07 e 25 de mar\u00e7o de 2022, no site do Cebraspe. A taxa fixada foi de R$ 73,00 para o cargo de n\u00edvel m\u00e9dio, e de R$ 91,00, no caso do n\u00edvel superior. A prova objetiva ser\u00e1 aplicada no dia 1\u00ba de maio com dura\u00e7\u00e3o de 4 horas.<\/li><\/ul>\n\n\n\n<ul class=\"wp-block-list\"><li><a href=\"https:\/\/www.estrategiaconcursos.com.br\/blog\/concurso-mp-sp\/\">MP SP<\/a>: O Minist\u00e9rio P\u00fablico de Estado de S\u00e3o Paulo autorizou a realiza\u00e7\u00e3o do novo concurso MP SP que ofertar\u00e1 5 vagas para Analista de Promotoria l (v\u00e1rias especialidades) &#8211; \u00c1rea de Sa\u00fade e Assist\u00eancia Social e um quantitativo de vagas a ser definido para o cargo de Oficial de Promotoria I. Os sal\u00e1rios variam entre R$ 6.407,88 e R$ 10.149,58. A comiss\u00e3o do concurso tamb\u00e9m j\u00e1 foi formada.<\/li><\/ul>\n\n\n\n<ul class=\"wp-block-list\"><li><a href=\"https:\/\/www.estrategiaconcursos.com.br\/blog\/concurso-mp-sc\/\">MP SC<\/a>: A Funda\u00e7\u00e3o Getulio Vargas (FGV) foi anunciada, por meio de dispensa de licita\u00e7\u00e3o, como banca organizadora do concurso de servidores do Minist\u00e9rio P\u00fablico de Santa Catarina. Recentemente, j\u00e1 havia sido publicada a portaria que nomeou os membros da comiss\u00e3o de acompanhamento das atividades do certame, que contemplar\u00e1 os cargos vagos do Quadro de Pessoal, com sal\u00e1rios que variam de R$ 3.541,90 a R$ 6.432,20.<\/li><\/ul>\n\n\n\n<ul class=\"wp-block-list\"><li><a href=\"https:\/\/www.estrategiaconcursos.com.br\/blog\/concurso-tj-ce\/\">TJ CE<\/a>: A Funda\u00e7\u00e3o Carlos Chagas (FCC) foi definida como a banca respons\u00e1vel pelo pr\u00f3ximo concurso do Tribunal de Justi\u00e7a do Cear\u00e1, que ofertar\u00e1 51 vagas no total, sendo 41 para Analista Judici\u00e1rio e 10 para Oficial de Justi\u00e7a, ambas de n\u00edvel superior de escolaridade. A Desembargadora Presidente do TJ CE, Na\u00edlde Pinheiro Nogueira, j\u00e1 afirmou que o documento deve ser publicado ainda no primeiro semestre de 2022.<\/li><\/ul>\n\n\n\n<ul class=\"wp-block-list\"><li><a href=\"https:\/\/www.estrategiaconcursos.com.br\/blog\/concurso-sed-ms\/\">SED MS<\/a>: Foi publicado o edital para a Secretaria de Educa\u00e7\u00e3o do Mato Grosso do Sul com oferta de 722 vagas para professor de educa\u00e7\u00e3o b\u00e1sica, de n\u00edvel superior de escolaridade e remunera\u00e7\u00e3o de at\u00e9 R$ 4.609,89. O prazo para candidatura estar\u00e1 aberto do dia 25 de fevereiro ao dia 15 de mar\u00e7o deste ano pelo site do Instituto AOCP. O valor da taxa de inscri\u00e7\u00e3o \u00e9 de R$ 175,12. As provas est\u00e3o previstas para o dia 3 de abril de 2022.<\/li><\/ul>\n\n\n\n<p>Desejo a todos uma excelente semana de estudos!<\/p>\n\n\n\n<p>Abra\u00e7os,<\/p>\n\n\n\n<p><strong>Prof. Diego Cerqueira<\/strong><\/p>\n","protected":false},"excerpt":{"rendered":"<p>Confira, em nossa septuag\u00e9sima carta aos assinantes, a nossa programa\u00e7\u00e3o semanal, as novidades do nosso Sistema de Quest\u00f5es e as principais movimenta\u00e7\u00f5es de concursos. Ol\u00e1, pessoal. Tudo bem? Aqui \u00e9 o Prof. Diego Cerqueira, em nossa septuag\u00e9sima carta aos Assinantes do Estrat\u00e9gia Concursos. Gostaria de iniciar essa carta com um recado especial aos alunos que [&hellip;]<\/p>\n","protected":false},"author":1789,"featured_media":967504,"comment_status":"open","ping_status":"closed","sticky":false,"template":"","format":"standard","meta":{"post_tipo":"article","footnotes":""},"categories":[1],"tags":[],"tax_estado":[219964,219965,219966,219967,219968,219969,219963,219970,219971,219972,219973,219974,219975,219976,219977,219978,219979,219980,219981,219982,219983,219984,219985,219986,219987,219988,219989,219990],"class_list":["post-978168","post","type-post","status-publish","format-standard","has-post-thumbnail","hentry","category-cursos-e-concursos","tax_estado-ac","tax_estado-al","tax_estado-am","tax_estado-ap","tax_estado-ba","tax_estado-ce","tax_estado-concursos-federais","tax_estado-df","tax_estado-es","tax_estado-go","tax_estado-ma","tax_estado-mg","tax_estado-ms","tax_estado-mt","tax_estado-pa","tax_estado-pb","tax_estado-pe","tax_estado-pi","tax_estado-pr","tax_estado-rj","tax_estado-rn","tax_estado-ro","tax_estado-rr","tax_estado-rs","tax_estado-sc","tax_estado-se","tax_estado-sp","tax_estado-to"],"acf":[],"yoast_head":"<!-- This site is optimized with the Yoast SEO Premium plugin v27.2 (Yoast SEO v27.2) - https:\/\/yoast.com\/product\/yoast-seo-premium-wordpress\/ -->\n<title>Carta aos Assinantes do Estrat\u00e9gia Concursos - 070<\/title>\n<meta name=\"description\" content=\"Confira, em nossa 70\u00aa carta aos assinantes, a nossa programa\u00e7\u00e3o semanal, as novidades do nosso SQ e as principais movimenta\u00e7\u00f5es de concursos.\" \/>\n<meta name=\"robots\" content=\"index, follow, max-snippet:-1, max-image-preview:large, max-video-preview:-1\" \/>\n<link rel=\"canonical\" href=\"https:\/\/www.estrategiaconcursos.com.br\/blog\/carta-aos-assinantes-070\/\" \/>\n<meta property=\"og:locale\" content=\"pt_BR\" \/>\n<meta property=\"og:type\" content=\"article\" \/>\n<meta property=\"og:title\" content=\"Carta aos Assinantes do Estrat\u00e9gia Concursos - 070\" \/>\n<meta property=\"og:description\" content=\"Confira, em nossa 70\u00aa carta aos assinantes, a nossa programa\u00e7\u00e3o semanal, as novidades do nosso SQ e as principais movimenta\u00e7\u00f5es de concursos.\" \/>\n<meta property=\"og:url\" content=\"https:\/\/www.estrategiaconcursos.com.br\/blog\/carta-aos-assinantes-070\/\" \/>\n<meta property=\"og:site_name\" content=\"Estrat\u00e9gia Concursos\" \/>\n<meta property=\"article:published_time\" content=\"2022-02-28T12:00:00+00:00\" \/>\n<meta property=\"article:modified_time\" content=\"2022-03-04T20:34:47+00:00\" \/>\n<meta property=\"og:image\" content=\"https:\/\/dhg1h5j42swfq.cloudfront.net\/2022\/02\/11185408\/imagem-carta-aos-assinantes-1.png\" \/>\n\t<meta property=\"og:image:width\" content=\"800\" \/>\n\t<meta property=\"og:image:height\" content=\"450\" \/>\n\t<meta property=\"og:image:type\" content=\"image\/png\" \/>\n<meta name=\"author\" content=\"Coordena\u00e7\u00e3o Estrat\u00e9gia\" \/>\n<meta name=\"twitter:card\" content=\"summary_large_image\" \/>\n<meta name=\"twitter:creator\" content=\"@EstratConcursos\" \/>\n<meta name=\"twitter:site\" content=\"@EstratConcursos\" \/>\n<meta name=\"twitter:label1\" content=\"Escrito por\" \/>\n\t<meta name=\"twitter:data1\" content=\"Coordena\u00e7\u00e3o Estrat\u00e9gia\" \/>\n\t<meta name=\"twitter:label2\" content=\"Est. tempo de leitura\" \/>\n\t<meta name=\"twitter:data2\" content=\"10 minutos\" \/>\n<script type=\"application\/ld+json\" class=\"yoast-schema-graph\">{\"@context\":\"https:\/\/schema.org\",\"@graph\":[{\"@type\":\"NewsArticle\",\"@id\":\"https:\/\/www.estrategiaconcursos.com.br\/blog\/carta-aos-assinantes-070\/#article\",\"isPartOf\":{\"@id\":\"https:\/\/www.estrategiaconcursos.com.br\/blog\/carta-aos-assinantes-070\/\"},\"author\":{\"name\":\"Coordena\u00e7\u00e3o Estrat\u00e9gia\",\"@id\":\"https:\/\/www.estrategiaconcursos.com.br\/blog\/#\/schema\/person\/ba5fab3b1fa4a358429e37bc50f74021\"},\"headline\":\"Carta aos Assinantes do Estrat\u00e9gia Concursos &#8211; 070\",\"datePublished\":\"2022-02-28T12:00:00+00:00\",\"dateModified\":\"2022-03-04T20:34:47+00:00\",\"mainEntityOfPage\":{\"@id\":\"https:\/\/www.estrategiaconcursos.com.br\/blog\/carta-aos-assinantes-070\/\"},\"wordCount\":1950,\"commentCount\":0,\"publisher\":{\"@id\":\"https:\/\/www.estrategiaconcursos.com.br\/blog\/#organization\"},\"image\":{\"@id\":\"https:\/\/www.estrategiaconcursos.com.br\/blog\/carta-aos-assinantes-070\/#primaryimage\"},\"thumbnailUrl\":\"https:\/\/dhg1h5j42swfq.cloudfront.net\/2022\/02\/11185408\/imagem-carta-aos-assinantes-1.png\",\"articleSection\":[\"Concursos P\u00fablicos\"],\"inLanguage\":\"pt-BR\",\"potentialAction\":[{\"@type\":\"CommentAction\",\"name\":\"Comment\",\"target\":[\"https:\/\/www.estrategiaconcursos.com.br\/blog\/carta-aos-assinantes-070\/#respond\"]}],\"copyrightYear\":\"2022\",\"copyrightHolder\":{\"@id\":\"https:\/\/www.estrategiaconcursos.com.br\/blog\/#organization\"}},{\"@type\":\"WebPage\",\"@id\":\"https:\/\/www.estrategiaconcursos.com.br\/blog\/carta-aos-assinantes-070\/\",\"url\":\"https:\/\/www.estrategiaconcursos.com.br\/blog\/carta-aos-assinantes-070\/\",\"name\":\"Carta aos Assinantes do Estrat\u00e9gia Concursos - 070\",\"isPartOf\":{\"@id\":\"https:\/\/www.estrategiaconcursos.com.br\/blog\/#website\"},\"primaryImageOfPage\":{\"@id\":\"https:\/\/www.estrategiaconcursos.com.br\/blog\/carta-aos-assinantes-070\/#primaryimage\"},\"image\":{\"@id\":\"https:\/\/www.estrategiaconcursos.com.br\/blog\/carta-aos-assinantes-070\/#primaryimage\"},\"thumbnailUrl\":\"https:\/\/dhg1h5j42swfq.cloudfront.net\/2022\/02\/11185408\/imagem-carta-aos-assinantes-1.png\",\"datePublished\":\"2022-02-28T12:00:00+00:00\",\"dateModified\":\"2022-03-04T20:34:47+00:00\",\"description\":\"Confira, em nossa 70\u00aa carta aos assinantes, a nossa programa\u00e7\u00e3o semanal, as novidades do nosso SQ e as principais movimenta\u00e7\u00f5es de concursos.\",\"breadcrumb\":{\"@id\":\"https:\/\/www.estrategiaconcursos.com.br\/blog\/carta-aos-assinantes-070\/#breadcrumb\"},\"inLanguage\":\"pt-BR\",\"potentialAction\":[{\"@type\":\"ReadAction\",\"target\":[\"https:\/\/www.estrategiaconcursos.com.br\/blog\/carta-aos-assinantes-070\/\"]}]},{\"@type\":\"ImageObject\",\"inLanguage\":\"pt-BR\",\"@id\":\"https:\/\/www.estrategiaconcursos.com.br\/blog\/carta-aos-assinantes-070\/#primaryimage\",\"url\":\"https:\/\/dhg1h5j42swfq.cloudfront.net\/2022\/02\/11185408\/imagem-carta-aos-assinantes-1.png\",\"contentUrl\":\"https:\/\/dhg1h5j42swfq.cloudfront.net\/2022\/02\/11185408\/imagem-carta-aos-assinantes-1.png\",\"width\":800,\"height\":450,\"caption\":\"carta aos assinantes\"},{\"@type\":\"BreadcrumbList\",\"@id\":\"https:\/\/www.estrategiaconcursos.com.br\/blog\/carta-aos-assinantes-070\/#breadcrumb\",\"itemListElement\":[{\"@type\":\"ListItem\",\"position\":1,\"name\":\"In\u00edcio\",\"item\":\"https:\/\/www.estrategiaconcursos.com.br\/blog\/\"},{\"@type\":\"ListItem\",\"position\":2,\"name\":\"Carta aos Assinantes do Estrat\u00e9gia Concursos &#8211; 070\"}]},{\"@type\":\"WebSite\",\"@id\":\"https:\/\/www.estrategiaconcursos.com.br\/blog\/#website\",\"url\":\"https:\/\/www.estrategiaconcursos.com.br\/blog\/\",\"name\":\"Estrat\u00e9gia Concursos\",\"description\":\"O blog da Estrat\u00e9gia Concursos traz not\u00edcias sobre concursos e artigos de professores oferecendo cursos para concursos (pdf + videaulas) no site.\",\"publisher\":{\"@id\":\"https:\/\/www.estrategiaconcursos.com.br\/blog\/#organization\"},\"potentialAction\":[{\"@type\":\"SearchAction\",\"target\":{\"@type\":\"EntryPoint\",\"urlTemplate\":\"https:\/\/www.estrategiaconcursos.com.br\/blog\/?s={search_term_string}\"},\"query-input\":{\"@type\":\"PropertyValueSpecification\",\"valueRequired\":true,\"valueName\":\"search_term_string\"}}],\"inLanguage\":\"pt-BR\"},{\"@type\":\"Organization\",\"@id\":\"https:\/\/www.estrategiaconcursos.com.br\/blog\/#organization\",\"name\":\"Estrat\u00e9gia Concursos\",\"url\":\"https:\/\/www.estrategiaconcursos.com.br\/blog\/\",\"logo\":{\"@type\":\"ImageObject\",\"inLanguage\":\"pt-BR\",\"@id\":\"https:\/\/www.estrategiaconcursos.com.br\/blog\/#\/schema\/logo\/image\/\",\"url\":\"https:\/\/dhg1h5j42swfq.cloudfront.net\/2025\/06\/03203428\/logo_concursos-1.jpg\",\"contentUrl\":\"https:\/\/dhg1h5j42swfq.cloudfront.net\/2025\/06\/03203428\/logo_concursos-1.jpg\",\"width\":230,\"height\":60,\"caption\":\"Estrat\u00e9gia Concursos\"},\"image\":{\"@id\":\"https:\/\/www.estrategiaconcursos.com.br\/blog\/#\/schema\/logo\/image\/\"},\"sameAs\":[\"https:\/\/x.com\/EstratConcursos\"]},{\"@type\":\"Person\",\"@id\":\"https:\/\/www.estrategiaconcursos.com.br\/blog\/#\/schema\/person\/ba5fab3b1fa4a358429e37bc50f74021\",\"name\":\"Coordena\u00e7\u00e3o Estrat\u00e9gia\",\"image\":{\"@type\":\"ImageObject\",\"inLanguage\":\"pt-BR\",\"@id\":\"https:\/\/secure.gravatar.com\/avatar\/adff33ff18541ba37c900dd2b1e82dbfb0fe33d873b92636b4827a8da462feb3?s=96&d=mm&r=g\",\"url\":\"https:\/\/secure.gravatar.com\/avatar\/adff33ff18541ba37c900dd2b1e82dbfb0fe33d873b92636b4827a8da462feb3?s=96&d=mm&r=g\",\"contentUrl\":\"https:\/\/secure.gravatar.com\/avatar\/adff33ff18541ba37c900dd2b1e82dbfb0fe33d873b92636b4827a8da462feb3?s=96&d=mm&r=g\",\"caption\":\"Coordena\u00e7\u00e3o Estrat\u00e9gia\"},\"url\":\"https:\/\/www.estrategiaconcursos.com.br\/blog\/author\/victor-tanakaaestrategiaconcursos-com-br\/\"}]}<\/script>\n<!-- \/ Yoast SEO Premium plugin. -->","yoast_head_json":{"title":"Carta aos Assinantes do Estrat\u00e9gia Concursos - 070","description":"Confira, em nossa 70\u00aa carta aos assinantes, a nossa programa\u00e7\u00e3o semanal, as novidades do nosso SQ e as principais movimenta\u00e7\u00f5es de concursos.","robots":{"index":"index","follow":"follow","max-snippet":"max-snippet:-1","max-image-preview":"max-image-preview:large","max-video-preview":"max-video-preview:-1"},"canonical":"https:\/\/www.estrategiaconcursos.com.br\/blog\/carta-aos-assinantes-070\/","og_locale":"pt_BR","og_type":"article","og_title":"Carta aos Assinantes do Estrat\u00e9gia Concursos - 070","og_description":"Confira, em nossa 70\u00aa carta aos assinantes, a nossa programa\u00e7\u00e3o semanal, as novidades do nosso SQ e as principais movimenta\u00e7\u00f5es de concursos.","og_url":"https:\/\/www.estrategiaconcursos.com.br\/blog\/carta-aos-assinantes-070\/","og_site_name":"Estrat\u00e9gia Concursos","article_published_time":"2022-02-28T12:00:00+00:00","article_modified_time":"2022-03-04T20:34:47+00:00","og_image":[{"width":800,"height":450,"url":"https:\/\/dhg1h5j42swfq.cloudfront.net\/2022\/02\/11185408\/imagem-carta-aos-assinantes-1.png","type":"image\/png"}],"author":"Coordena\u00e7\u00e3o Estrat\u00e9gia","twitter_card":"summary_large_image","twitter_creator":"@EstratConcursos","twitter_site":"@EstratConcursos","twitter_misc":{"Escrito por":"Coordena\u00e7\u00e3o Estrat\u00e9gia","Est. tempo de leitura":"10 minutos"},"schema":{"@context":"https:\/\/schema.org","@graph":[{"@type":"NewsArticle","@id":"https:\/\/www.estrategiaconcursos.com.br\/blog\/carta-aos-assinantes-070\/#article","isPartOf":{"@id":"https:\/\/www.estrategiaconcursos.com.br\/blog\/carta-aos-assinantes-070\/"},"author":{"name":"Coordena\u00e7\u00e3o Estrat\u00e9gia","@id":"https:\/\/www.estrategiaconcursos.com.br\/blog\/#\/schema\/person\/ba5fab3b1fa4a358429e37bc50f74021"},"headline":"Carta aos Assinantes do Estrat\u00e9gia Concursos &#8211; 070","datePublished":"2022-02-28T12:00:00+00:00","dateModified":"2022-03-04T20:34:47+00:00","mainEntityOfPage":{"@id":"https:\/\/www.estrategiaconcursos.com.br\/blog\/carta-aos-assinantes-070\/"},"wordCount":1950,"commentCount":0,"publisher":{"@id":"https:\/\/www.estrategiaconcursos.com.br\/blog\/#organization"},"image":{"@id":"https:\/\/www.estrategiaconcursos.com.br\/blog\/carta-aos-assinantes-070\/#primaryimage"},"thumbnailUrl":"https:\/\/dhg1h5j42swfq.cloudfront.net\/2022\/02\/11185408\/imagem-carta-aos-assinantes-1.png","articleSection":["Concursos P\u00fablicos"],"inLanguage":"pt-BR","potentialAction":[{"@type":"CommentAction","name":"Comment","target":["https:\/\/www.estrategiaconcursos.com.br\/blog\/carta-aos-assinantes-070\/#respond"]}],"copyrightYear":"2022","copyrightHolder":{"@id":"https:\/\/www.estrategiaconcursos.com.br\/blog\/#organization"}},{"@type":"WebPage","@id":"https:\/\/www.estrategiaconcursos.com.br\/blog\/carta-aos-assinantes-070\/","url":"https:\/\/www.estrategiaconcursos.com.br\/blog\/carta-aos-assinantes-070\/","name":"Carta aos Assinantes do Estrat\u00e9gia Concursos - 070","isPartOf":{"@id":"https:\/\/www.estrategiaconcursos.com.br\/blog\/#website"},"primaryImageOfPage":{"@id":"https:\/\/www.estrategiaconcursos.com.br\/blog\/carta-aos-assinantes-070\/#primaryimage"},"image":{"@id":"https:\/\/www.estrategiaconcursos.com.br\/blog\/carta-aos-assinantes-070\/#primaryimage"},"thumbnailUrl":"https:\/\/dhg1h5j42swfq.cloudfront.net\/2022\/02\/11185408\/imagem-carta-aos-assinantes-1.png","datePublished":"2022-02-28T12:00:00+00:00","dateModified":"2022-03-04T20:34:47+00:00","description":"Confira, em nossa 70\u00aa carta aos assinantes, a nossa programa\u00e7\u00e3o semanal, as novidades do nosso SQ e as principais movimenta\u00e7\u00f5es de concursos.","breadcrumb":{"@id":"https:\/\/www.estrategiaconcursos.com.br\/blog\/carta-aos-assinantes-070\/#breadcrumb"},"inLanguage":"pt-BR","potentialAction":[{"@type":"ReadAction","target":["https:\/\/www.estrategiaconcursos.com.br\/blog\/carta-aos-assinantes-070\/"]}]},{"@type":"ImageObject","inLanguage":"pt-BR","@id":"https:\/\/www.estrategiaconcursos.com.br\/blog\/carta-aos-assinantes-070\/#primaryimage","url":"https:\/\/dhg1h5j42swfq.cloudfront.net\/2022\/02\/11185408\/imagem-carta-aos-assinantes-1.png","contentUrl":"https:\/\/dhg1h5j42swfq.cloudfront.net\/2022\/02\/11185408\/imagem-carta-aos-assinantes-1.png","width":800,"height":450,"caption":"carta aos assinantes"},{"@type":"BreadcrumbList","@id":"https:\/\/www.estrategiaconcursos.com.br\/blog\/carta-aos-assinantes-070\/#breadcrumb","itemListElement":[{"@type":"ListItem","position":1,"name":"In\u00edcio","item":"https:\/\/www.estrategiaconcursos.com.br\/blog\/"},{"@type":"ListItem","position":2,"name":"Carta aos Assinantes do Estrat\u00e9gia Concursos &#8211; 070"}]},{"@type":"WebSite","@id":"https:\/\/www.estrategiaconcursos.com.br\/blog\/#website","url":"https:\/\/www.estrategiaconcursos.com.br\/blog\/","name":"Estrat\u00e9gia Concursos","description":"O blog da Estrat\u00e9gia Concursos traz not\u00edcias sobre concursos e artigos de professores oferecendo cursos para concursos (pdf + videaulas) no site.","publisher":{"@id":"https:\/\/www.estrategiaconcursos.com.br\/blog\/#organization"},"potentialAction":[{"@type":"SearchAction","target":{"@type":"EntryPoint","urlTemplate":"https:\/\/www.estrategiaconcursos.com.br\/blog\/?s={search_term_string}"},"query-input":{"@type":"PropertyValueSpecification","valueRequired":true,"valueName":"search_term_string"}}],"inLanguage":"pt-BR"},{"@type":"Organization","@id":"https:\/\/www.estrategiaconcursos.com.br\/blog\/#organization","name":"Estrat\u00e9gia Concursos","url":"https:\/\/www.estrategiaconcursos.com.br\/blog\/","logo":{"@type":"ImageObject","inLanguage":"pt-BR","@id":"https:\/\/www.estrategiaconcursos.com.br\/blog\/#\/schema\/logo\/image\/","url":"https:\/\/dhg1h5j42swfq.cloudfront.net\/2025\/06\/03203428\/logo_concursos-1.jpg","contentUrl":"https:\/\/dhg1h5j42swfq.cloudfront.net\/2025\/06\/03203428\/logo_concursos-1.jpg","width":230,"height":60,"caption":"Estrat\u00e9gia Concursos"},"image":{"@id":"https:\/\/www.estrategiaconcursos.com.br\/blog\/#\/schema\/logo\/image\/"},"sameAs":["https:\/\/x.com\/EstratConcursos"]},{"@type":"Person","@id":"https:\/\/www.estrategiaconcursos.com.br\/blog\/#\/schema\/person\/ba5fab3b1fa4a358429e37bc50f74021","name":"Coordena\u00e7\u00e3o Estrat\u00e9gia","image":{"@type":"ImageObject","inLanguage":"pt-BR","@id":"https:\/\/secure.gravatar.com\/avatar\/adff33ff18541ba37c900dd2b1e82dbfb0fe33d873b92636b4827a8da462feb3?s=96&d=mm&r=g","url":"https:\/\/secure.gravatar.com\/avatar\/adff33ff18541ba37c900dd2b1e82dbfb0fe33d873b92636b4827a8da462feb3?s=96&d=mm&r=g","contentUrl":"https:\/\/secure.gravatar.com\/avatar\/adff33ff18541ba37c900dd2b1e82dbfb0fe33d873b92636b4827a8da462feb3?s=96&d=mm&r=g","caption":"Coordena\u00e7\u00e3o Estrat\u00e9gia"},"url":"https:\/\/www.estrategiaconcursos.com.br\/blog\/author\/victor-tanakaaestrategiaconcursos-com-br\/"}]}},"_links":{"self":[{"href":"https:\/\/www.estrategiaconcursos.com.br\/blog\/wp-json\/wp\/v2\/posts\/978168","targetHints":{"allow":["GET"]}}],"collection":[{"href":"https:\/\/www.estrategiaconcursos.com.br\/blog\/wp-json\/wp\/v2\/posts"}],"about":[{"href":"https:\/\/www.estrategiaconcursos.com.br\/blog\/wp-json\/wp\/v2\/types\/post"}],"author":[{"embeddable":true,"href":"https:\/\/www.estrategiaconcursos.com.br\/blog\/wp-json\/wp\/v2\/users\/1789"}],"replies":[{"embeddable":true,"href":"https:\/\/www.estrategiaconcursos.com.br\/blog\/wp-json\/wp\/v2\/comments?post=978168"}],"version-history":[{"count":1,"href":"https:\/\/www.estrategiaconcursos.com.br\/blog\/wp-json\/wp\/v2\/posts\/978168\/revisions"}],"predecessor-version":[{"id":978181,"href":"https:\/\/www.estrategiaconcursos.com.br\/blog\/wp-json\/wp\/v2\/posts\/978168\/revisions\/978181"}],"wp:featuredmedia":[{"embeddable":true,"href":"https:\/\/www.estrategiaconcursos.com.br\/blog\/wp-json\/wp\/v2\/media\/967504"}],"wp:attachment":[{"href":"https:\/\/www.estrategiaconcursos.com.br\/blog\/wp-json\/wp\/v2\/media?parent=978168"}],"wp:term":[{"taxonomy":"category","embeddable":true,"href":"https:\/\/www.estrategiaconcursos.com.br\/blog\/wp-json\/wp\/v2\/categories?post=978168"},{"taxonomy":"post_tag","embeddable":true,"href":"https:\/\/www.estrategiaconcursos.com.br\/blog\/wp-json\/wp\/v2\/tags?post=978168"},{"taxonomy":"tax_estado","embeddable":true,"href":"https:\/\/www.estrategiaconcursos.com.br\/blog\/wp-json\/wp\/v2\/tax_estado?post=978168"}],"curies":[{"name":"wp","href":"https:\/\/api.w.org\/{rel}","templated":true}]}}