{"id":978023,"date":"2023-09-25T14:59:00","date_gmt":"2023-09-25T17:59:00","guid":{"rendered":"https:\/\/www.estrategiaconcursos.com.br\/blog\/?p=978023"},"modified":"2023-09-26T09:01:07","modified_gmt":"2023-09-26T12:01:07","slug":"concurso-iss-canela-rs","status":"publish","type":"post","link":"https:\/\/www.estrategiaconcursos.com.br\/blog\/concurso-iss-canela-rs\/","title":{"rendered":"Concurso ISS Canela: gabarito preliminar divulgado; Confira!"},"content":{"rendered":"\n<h3 class=\"wp-block-heading\" id=\"h-inicial-de-r-5-mil\"><em>Inicial de R$ 5 mil!<\/em><\/h3>\n\n\n\n<p>Foi publicado o <strong>gabarito preliminar <\/strong>do concurso <strong>ISS Canela<\/strong>, interior do Rio Grande do Sul, que est\u00e1 sob responsabilidade da banca <strong>Objetiva<\/strong>. Confira o <strong>gabarito<\/strong> abaixo:<\/p>\n\n\n\n<figure class=\"wp-block-image aligncenter size-full\"><img loading=\"lazy\" decoding=\"async\" width=\"681\" height=\"216\" src=\"https:\/\/dhg1h5j42swfq.cloudfront.net\/2023\/09\/26090004\/image-289.png\" alt=\"Concurso ISS Canela: gabarito preliminar divulgado\" class=\"wp-image-1283360\" srcset=\"https:\/\/dhg1h5j42swfq.cloudfront.net\/2023\/09\/26090004\/image-289.png 681w, https:\/\/dhg1h5j42swfq.cloudfront.net\/2023\/09\/26090004\/image-289-300x95.png 300w, https:\/\/dhg1h5j42swfq.cloudfront.net\/2023\/09\/26090004\/image-289-610x193.png 610w, https:\/\/dhg1h5j42swfq.cloudfront.net\/2023\/09\/26090004\/image-289-150x48.png 150w\" sizes=\"auto, (max-width: 681px) 100vw, 681px\" \/><\/figure>\n\n\n\n<p>Agora, os candidatos que n\u00e3o concordarem com o resultado poder\u00e3o interpor <strong>recursos entre os dias 26 e 28 de setembro<\/strong>, atrav\u00e9s do site da banca organizadora.<\/p>\n\n\n\n<p>A <strong>prova objetiva<\/strong> foi composta por <strong>40 quest\u00f5es<\/strong> de m\u00faltipla escolha que foram respondidas em <strong>3 horas<\/strong>. Apenas os que obtiverem<strong> 60% ou mais <\/strong>poder\u00e3o ser aprovados nesta etapa.<\/p>\n\n\n\n<p>Vale lembrar que o certame oferta <strong>uma vaga mais cadastro reserva<\/strong> para o cargo de <strong>Inspetor de Tributos Municipais<\/strong>, que possui remunera\u00e7\u00e3o inicial de <strong>R$ 5.601,35<\/strong>.<\/p>\n\n\n\n<p>Com a finaliza\u00e7\u00e3o da primeira etapa de avalia\u00e7\u00e3o, os candidatos ainda ter\u00e3o \u00e0 frente uma <strong>avalia\u00e7\u00e3o de t\u00edtulos<\/strong> de car\u00e1ter classificat\u00f3rio e que valer\u00e1 10 pontos. <\/p>\n\n\n\n<ul class=\"has-background wp-block-list\" style=\"background-color:#f0f0f0\">\n<li><strong>Prefeitura Municipal de Canela &#8211; RS<\/strong><\/li>\n\n\n\n<li><strong>Status:<\/strong>\u00a0Provas aplicada\/Gabaritos divulgados<\/li>\n\n\n\n<li><strong>Banca:<\/strong>&nbsp;<a href=\"https:\/\/concursos.objetivas.com.br\/informacoes\/2308\/\" target=\"_blank\" rel=\"noreferrer noopener\">Objetiva Concursos<\/a><\/li>\n\n\n\n<li><strong>Vagas:<\/strong>&nbsp;01 + CR<\/li>\n\n\n\n<li><strong>Sal\u00e1rio inicial:<\/strong>&nbsp;R$ 5.601,35<\/li>\n\n\n\n<li><strong>Edital:<\/strong>&nbsp;<a href=\"https:\/\/dhg1h5j42swfq.cloudfront.net\/2023\/07\/24084512\/2023-30-edital-de-abertura-das-inscricoes.pdf\" target=\"_blank\" rel=\"noreferrer noopener nofollow\">Edital ISS Canela 2023<\/a><\/li>\n<\/ul>\n\n\n\n<p>Vale lembrar que, em 2022, o munic\u00edpio havia publicado um edital para o quadro geral, inclusive com vagas para Inspetor. Entretanto, o mesmo foi&nbsp;<a href=\"https:\/\/dhg1h5j42swfq.cloudfront.net\/2022\/10\/21091616\/7040dfc26fd42a6e09ee329b933a3b9f.pdf\" target=\"_blank\" rel=\"noreferrer noopener\">cancelado<\/a>.<\/p>\n\n\n\n<p>Para mais detalhes sobre o cargo desse novo concurso ISS Canela\/RS, acompanhe os t\u00f3picos abaixo:<\/p>\n\n\n\n<ul class=\"wp-block-list\" id=\"indice\">\n<li><a href=\"#cargos\"><strong>Sobre o cargo de Inspetor<\/strong><\/a>\n<ul class=\"wp-block-list\">\n<li><a href=\"#remuneracao\">Remunera\u00e7\u00e3o<\/a><\/li>\n\n\n\n<li><a href=\"#requisitos\">Requisitos<\/a><\/li>\n\n\n\n<li><a href=\"#atribuicoes\">Atribui\u00e7\u00f5es<\/a><\/li>\n<\/ul>\n<\/li>\n\n\n\n<li><a href=\"#etapas\"><strong>Etapas<\/strong><\/a>\n<ul class=\"wp-block-list\">\n<li><a href=\"#objetiva\">Prova Objetiva<\/a><\/li>\n\n\n\n<li><a href=\"#titulos\">Avalia\u00e7\u00e3o de t\u00edtulos<\/a><\/li>\n<\/ul>\n<\/li>\n\n\n\n<li><a href=\"#curso\"><strong>Cursos e assinaturas<\/strong><\/a><\/li>\n\n\n\n<li><a href=\"#ficha\"><strong>Ficha t\u00e9cnica<\/strong><\/a><\/li>\n<\/ul>\n\n\n\n<div class=\"container\" id=\"boxes\">\n  <div class=\"row\">\n\n    <div class=\"col-sm\">\n      <div class=\"banner-fiscal-01\" id=\"box-assinatura\">\n        <h3 class=\"titulo-assinatura\">ISS Canela<\/h3>\n        <p class=\"subtitulo-assinatura\">Estude conosco<\/p>\n        <div class=\"box-botao\">\n          <a class=\"btn-assinatura\" target=\"_blank\" href=\"https:\/\/www.estrategiaconcursos.com.br\/cursosPorConcurso\/prefeitura-municipal-de-canela-rs\" role=\"button\" rel=\"noopener noreferrer\">Conhe\u00e7a os cursos<\/a>\n        <\/div>\n      <\/div>\n      \n    <\/div>\n\n  <\/div>\n<\/div>\n\n\n\n<h2 class=\"wp-block-heading\" id=\"cargos\">Concurso ISS Canela: sobre o cargo de Inspetor<\/h2>\n\n\n\n<h3 class=\"wp-block-heading\" id=\"remuneracao\">Remunera\u00e7\u00e3o<\/h3>\n\n\n\n<p>A remunera\u00e7\u00e3o atual do cargo, segundo o edital do concurso, \u00e9 de <strong>R$ 5.601,35<\/strong> para 30 horas semanais. Entretanto, em consulta ao Portal da Transpar\u00eancia, \u00e9 poss\u00edvel encontrar servidores ganhando acima dos R$ 10 mil:<\/p>\n\n\n\n<figure class=\"wp-block-image aligncenter size-full\"><img loading=\"lazy\" decoding=\"async\" width=\"922\" height=\"173\" src=\"https:\/\/dhg1h5j42swfq.cloudfront.net\/2023\/07\/24101606\/image-323.png\" alt=\"Remunera\u00e7\u00e3o real do concurso ISS Canela\" class=\"wp-image-1253512\" srcset=\"https:\/\/dhg1h5j42swfq.cloudfront.net\/2023\/07\/24101606\/image-323.png 922w, https:\/\/dhg1h5j42swfq.cloudfront.net\/2023\/07\/24101606\/image-323-300x56.png 300w, https:\/\/dhg1h5j42swfq.cloudfront.net\/2023\/07\/24101606\/image-323-768x144.png 768w, https:\/\/dhg1h5j42swfq.cloudfront.net\/2023\/07\/24101606\/image-323-610x114.png 610w, https:\/\/dhg1h5j42swfq.cloudfront.net\/2023\/07\/24101606\/image-323-150x28.png 150w\" sizes=\"auto, (max-width: 922px) 100vw, 922px\" \/><\/figure>\n\n\n\n<h3 class=\"wp-block-heading\" id=\"requisitos\">Requisitos <\/h3>\n\n\n\n<p>Ensino Superior completo em Administra\u00e7\u00e3o, Ci\u00eancias Atuariais, Ci\u00eancias Cont\u00e1beis, Ci\u00eancias Econ\u00f4micas, Ci\u00eancias Jur\u00eddicas, ou Gest\u00e3o P\u00fablica, e Registro no Conselho Regional de Classe para os Cursos que assim o exigirem.<\/p>\n\n\n\n<h3 class=\"wp-block-heading\" id=\"atribuicoes\">Atribui\u00e7\u00f5es<\/h3>\n\n\n\n<ul class=\"wp-block-list\">\n<li>Orientar contribuintes visando ao exato cumprimento da legisla\u00e7\u00e3o tribut\u00e1ria; <\/li>\n\n\n\n<li>Lavrar termos, intima\u00e7\u00f5es e notifica\u00e7\u00f5es de conformidade com a legisla\u00e7\u00e3o pertinente; <\/li>\n\n\n\n<li>Executar a auditoria fiscal em rela\u00e7\u00e3o a contribuintes e demais pessoas naturais ou jur\u00eddicas ligadas a situa\u00e7\u00e3o que constitua o fato gerador da obriga\u00e7\u00e3o tribut\u00e1ria; <\/li>\n\n\n\n<li>Constituir o cr\u00e9dito tribut\u00e1rio mediante o respectivo lan\u00e7amento; <\/li>\n\n\n\n<li>Proceder a inspe\u00e7\u00e3o dos estabelecimentos dos contribuintes; <\/li>\n\n\n\n<li>Proceder a apreens\u00e3o, mediante lavratura de termo, de livros, documentos e pap\u00e9is necess\u00e1rios ao exame fiscal; <\/li>\n\n\n\n<li>Proceder ao arbitramento do cr\u00e9dito tribut\u00e1rio, nos casos e na forma prevista na legisla\u00e7\u00e3o pertinente; <\/li>\n\n\n\n<li>Proceder a cobran\u00e7a de tributos municipais, bem como dos acess\u00f3rios, adicionais e penalidades, nos casos previstos em lei; <\/li>\n\n\n\n<li>Realizar sindic\u00e2ncia decorrente de requerimentos, revis\u00f5es, isen\u00e7\u00f5es, imunidades, demoli\u00e7\u00f5es de pr\u00e9dios e pedido de baixa de inscri\u00e7\u00e3o; <\/li>\n\n\n\n<li>Auxiliar na montagem e manuten\u00e7\u00e3o dos cadastros de contribuintes; <\/li>\n\n\n\n<li>Outorgando inclus\u00f5es, exclus\u00f5es, altera\u00e7\u00f5es e respectivo processamento de acordo com a legisla\u00e7\u00e3o; controlar as receitas originadas de transfer\u00eancias federais e estaduais, repassadas ao Munic\u00edpio; emitir pareceres sobre a cria\u00e7\u00e3o, altera\u00e7\u00e3o ou suspens\u00e3o de tributos; <\/li>\n\n\n\n<li>Apresentar relat\u00f3rios peri\u00f3dicos sobre a evolu\u00e7\u00e3o da receita; <\/li>\n\n\n\n<li>Exercer ou executar outras atividades ou encargos que lhe sejam determinados por lei ou ato regular emitido por autoridade competente.<\/li>\n<\/ul>\n\n\n\n<h2 class=\"wp-block-heading\" id=\"etapas\">Concurso ISS Canela: etapas<\/h2>\n\n\n\n<p>Para o cargo de Inspetor, a avalia\u00e7\u00e3o ser\u00e1 realizada atrav\u00e9s das etapas de <strong>Prova Objetiva <\/strong>(eliminat\u00f3rio e classificat\u00f3rio) e <strong>Prova de T\u00edtulos<\/strong> (classificat\u00f3rio), conforme descritas abaixo:<\/p>\n\n\n\n<h3 class=\"wp-block-heading\" id=\"objetiva\">Prova Objetiva<\/h3>\n\n\n\n<p>Com dura\u00e7\u00e3o de<strong>&nbsp;3 horas<\/strong>, a prova foi constitu\u00edda por quest\u00f5es objetivas, de<strong>&nbsp;m\u00faltipla escolha<\/strong>, com at\u00e9 04 alternativas, das quais somente uma ser\u00e1 a correta.<\/p>\n\n\n\n<p>Somente ser\u00e3o considerados aprovados nesta etapa os candidatos que obtiverem&nbsp;<strong>60% ou mais<\/strong>&nbsp;na nota final da prova objetiva, desde que n\u00e3o tenham zerado nenhuma das disciplinas.<\/p>\n\n\n\n<figure class=\"wp-block-table is-style-stripes\"><table class=\"has-fixed-layout\"><thead><tr><th class=\"has-text-align-center\" data-align=\"center\">Disciplina<\/th><th class=\"has-text-align-center\" data-align=\"center\">N\u00ba de quest\u00f5es<\/th><th class=\"has-text-align-center\" data-align=\"center\">Peso por quest\u00e3o<\/th><th class=\"has-text-align-center\" data-align=\"center\">Peso total de cada disciplina<\/th><\/tr><\/thead><tbody><tr><td class=\"has-text-align-center\" data-align=\"center\">L\u00edngua Portuguesa<\/td><td class=\"has-text-align-center\" data-align=\"center\">10<\/td><td class=\"has-text-align-center\" data-align=\"center\">2,00<\/td><td class=\"has-text-align-center\" data-align=\"center\">20,00<\/td><\/tr><tr><td class=\"has-text-align-center\" data-align=\"center\">Legisla\u00e7\u00e3o<\/td><td class=\"has-text-align-center\" data-align=\"center\">10<\/td><td class=\"has-text-align-center\" data-align=\"center\">1,50<\/td><td class=\"has-text-align-center\" data-align=\"center\">15,00<\/td><\/tr><tr><td class=\"has-text-align-center\" data-align=\"center\">Inform\u00e1tica<\/td><td class=\"has-text-align-center\" data-align=\"center\">06<\/td><td class=\"has-text-align-center\" data-align=\"center\">1,50<\/td><td class=\"has-text-align-center\" data-align=\"center\">09,00<\/td><\/tr><tr><td class=\"has-text-align-center\" data-align=\"center\">Conhecimentos Espec\u00edficos<strong>*<\/strong><\/td><td class=\"has-text-align-center\" data-align=\"center\">14<\/td><td class=\"has-text-align-center\" data-align=\"center\">4,00<\/td><td class=\"has-text-align-center\" data-align=\"center\">56,00<\/td><\/tr><\/tbody><\/table><figcaption class=\"wp-element-caption\">Quadro com os detalhes da Prova Objetiva<\/figcaption><\/figure>\n\n\n\n<figure class=\"wp-block-image aligncenter size-large\"><img loading=\"lazy\" decoding=\"async\" width=\"1024\" height=\"322\" src=\"https:\/\/dhg1h5j42swfq.cloudfront.net\/2023\/07\/24100143\/image-322-1024x322.png\" alt=\"Documentos com os detalhes da prova de conhecimentos espec\u00edficos do Concurso ISS Canela\" class=\"wp-image-1253486\" srcset=\"https:\/\/dhg1h5j42swfq.cloudfront.net\/2023\/07\/24100143\/image-322-1024x322.png 1024w, https:\/\/dhg1h5j42swfq.cloudfront.net\/2023\/07\/24100143\/image-322-300x94.png 300w, https:\/\/dhg1h5j42swfq.cloudfront.net\/2023\/07\/24100143\/image-322-768x241.png 768w, https:\/\/dhg1h5j42swfq.cloudfront.net\/2023\/07\/24100143\/image-322-610x192.png 610w, https:\/\/dhg1h5j42swfq.cloudfront.net\/2023\/07\/24100143\/image-322-150x47.png 150w, https:\/\/dhg1h5j42swfq.cloudfront.net\/2023\/07\/24100143\/image-322.png 1242w\" sizes=\"auto, (max-width: 1024px) 100vw, 1024px\" \/><figcaption class=\"wp-element-caption\"><strong>*<\/strong>Conhecimentos espec\u00edficos do cargo<\/figcaption><\/figure>\n\n\n\n<h3 class=\"wp-block-heading\" id=\"titulos\">Avalia\u00e7\u00e3o de T\u00edtulos<\/h3>\n\n\n\n<p>Esta etapa tem car\u00e1ter classificat\u00f3rio, sendo que o candidato que deixar de participar da mesma n\u00e3o ser\u00e1 eliminado do certame, somente n\u00e3o ter\u00e1 somados os pontos correspondentes a esta etapa.<\/p>\n\n\n\n<figure class=\"wp-block-image aligncenter\"><img loading=\"lazy\" decoding=\"async\" width=\"1024\" height=\"321\" src=\"https:\/\/dhg1h5j42swfq.cloudfront.net\/2023\/07\/24092138\/image-318-1024x321.png\" alt=\"Tabela de atribui\u00e7\u00e3o de pontos na prova de t\u00edtulos do Concurso ISS Canela\" class=\"wp-image-1253440\" srcset=\"https:\/\/dhg1h5j42swfq.cloudfront.net\/2023\/07\/24092138\/image-318-1024x321.png 1024w, https:\/\/dhg1h5j42swfq.cloudfront.net\/2023\/07\/24092138\/image-318-300x94.png 300w, https:\/\/dhg1h5j42swfq.cloudfront.net\/2023\/07\/24092138\/image-318-768x241.png 768w, https:\/\/dhg1h5j42swfq.cloudfront.net\/2023\/07\/24092138\/image-318-610x191.png 610w, https:\/\/dhg1h5j42swfq.cloudfront.net\/2023\/07\/24092138\/image-318-150x47.png 150w, https:\/\/dhg1h5j42swfq.cloudfront.net\/2023\/07\/24092138\/image-318.png 1060w\" sizes=\"auto, (max-width: 1024px) 100vw, 1024px\" \/><\/figure>\n\n\n\n<hr class=\"wp-block-separator has-css-opacity\"\/>\n\n\n\n<h2 class=\"wp-block-heading has-text-align-center\" id=\"curso\"><em>Quer estudar para o concurso ISS Canela?<\/em><\/h2>\n\n\n\n<div class=\"container\" id=\"boxes\">\n  <div class=\"row\">\n\n    <div class=\"col-sm\">\n      <div class=\"banner-fiscal-01\" id=\"box-assinatura\">\n        <h3 class=\"titulo-assinatura\">ISS Canela<\/h3>\n        <p class=\"subtitulo-assinatura\">Estude conosco<\/p>\n        <div class=\"box-botao\">\n          <a class=\"btn-assinatura\" target=\"_blank\" href=\"https:\/\/www.estrategiaconcursos.com.br\/cursosPorConcurso\/prefeitura-municipal-de-canela-rs\" role=\"button\" rel=\"noopener noreferrer\">Conhe\u00e7a os cursos<\/a>\n        <\/div>\n      <\/div>\n      \n    <\/div>\n\n  <\/div>\n<\/div>\n\n\n\n<div class=\"container\" id=\"boxes\">\n  <div class=\"row\">\n\n    <div class=\"col-sm\">\n      <div class=\"estrategia\" id=\"box-assinatura\">\n        <h3 class=\"titulo-assinatura\">Assinatura Concursos<\/h3>\n        <p class=\"subtitulo-assinatura\">Assinatura de 1 ano ou 2 anos<\/p>\n        <div class=\"box-botao\">\n          <a class=\"btn-assinatura\" target=\"_blank\" href=\"https:\/\/www.estrategiaconcursos.com.br\/assinaturas\/\" role=\"button\" rel=\"noopener noreferrer\">ASSINE AGORA<\/a>\n        <\/div>\n      <\/div><\/div><\/div><\/div>\n\n\n\n<h2 class=\"wp-block-heading has-text-align-center\" id=\"h-quer-saber-tudo-sobre-concursos-previstos-confira-nossos-artigos\">Quer saber tudo sobre concursos previstos?<br \/>Confira nossos artigos!<\/h2>\n\n\n\n<ul class=\"wp-block-list\">\n<li><a href=\"https:\/\/www.estrategiaconcursos.com.br\/blog\/concursos-abertos\/\" target=\"_blank\" rel=\"noreferrer noopener\">Concursos abertos<\/a><\/li>\n\n\n\n<li><a href=\"https:\/\/www.estrategiaconcursos.com.br\/blog\/concursos-2023\/\" target=\"_blank\" rel=\"noreferrer noopener\">Concursos 2023<\/a><\/li>\n\n\n\n<li><a href=\"https:\/\/www.estrategiaconcursos.com.br\/blog\/concursos-2024\/\" target=\"_blank\" rel=\"noreferrer noopener\">Concursos 2024<\/a><\/li>\n<\/ul>\n\n\n\n<figure class=\"wp-block-image is-resized\"><img loading=\"lazy\" decoding=\"async\" src=\"https:\/\/dhg1h5j42swfq.cloudfront.net\/2025\/06\/27101122\/ficha-tecnica-1-1024x632.png\" alt=\"Informa\u00e7\u00f5es do concurso ISS canela\" class=\"wp-image-702728\" style=\"width:253px;height:156px\" width=\"253\" height=\"156\" srcset=\"https:\/\/dhg1h5j42swfq.cloudfront.net\/2025\/06\/27101122\/ficha-tecnica-1-1024x632.png 1024w, https:\/\/dhg1h5j42swfq.cloudfront.net\/2025\/06\/27101122\/ficha-tecnica-1-300x185.png 300w, https:\/\/dhg1h5j42swfq.cloudfront.net\/2025\/06\/27101122\/ficha-tecnica-1-768x474.png 768w, https:\/\/dhg1h5j42swfq.cloudfront.net\/2025\/06\/27101122\/ficha-tecnica-1-1536x948.png 1536w, https:\/\/dhg1h5j42swfq.cloudfront.net\/2025\/06\/27101122\/ficha-tecnica-1-610x377.png 610w, https:\/\/dhg1h5j42swfq.cloudfront.net\/2025\/06\/27101122\/ficha-tecnica-1.png 1571w\" sizes=\"auto, (max-width: 253px) 100vw, 253px\" \/><\/figure>\n\n\n\n<h3 class=\"wp-block-heading\" id=\"ficha\">Informa\u00e7\u00f5es do concurso ISS Canela<\/h3>\n\n\n\n<ul class=\"wp-block-list\">\n<li><strong>Data da prova<\/strong>:<s> 24\/09\/2023<\/s><\/li>\n\n\n\n<li><strong>Vagas<\/strong>: 01 + CR<\/li>\n\n\n\n<li><strong>Cargo<\/strong>: Inspetor de Tributos Municipais<\/li>\n\n\n\n<li><strong>Banca<\/strong>: Objetiva Concursos<\/li>\n\n\n\n<li><strong>Escolaridade<\/strong>: N\u00edvel superior<\/li>\n\n\n\n<li><strong>Edital<\/strong>:<strong>&nbsp;<\/strong><a href=\"https:\/\/dhg1h5j42swfq.cloudfront.net\/2023\/07\/24084512\/2023-30-edital-de-abertura-das-inscricoes.pdf\" target=\"_blank\" rel=\"noreferrer noopener nofollow\">Edital ISS Canela 2023<\/a> | <a href=\"https:\/\/dhg1h5j42swfq.cloudfront.net\/2023\/08\/25083331\/1.pdf\" target=\"_blank\" rel=\"noreferrer noopener nofollow\">Retifica\u00e7\u00e3o<\/a><\/li>\n<\/ul>\n","protected":false},"excerpt":{"rendered":"<p>Inicial de R$ 5 mil! Foi publicado o gabarito preliminar do concurso ISS Canela, interior do Rio Grande do Sul, que est\u00e1 sob responsabilidade da banca Objetiva. Confira o gabarito abaixo: Agora, os candidatos que n\u00e3o concordarem com o resultado poder\u00e3o interpor recursos entre os dias 26 e 28 de setembro, atrav\u00e9s do site da [&hellip;]<\/p>\n","protected":false},"author":1,"featured_media":969299,"comment_status":"open","ping_status":"closed","sticky":false,"template":"","format":"standard","meta":{"post_tipo":"news_page","footnotes":""},"categories":[220183],"tags":[],"tax_estado":[219986],"class_list":["post-978023","post","type-post","status-publish","format-standard","has-post-thumbnail","hentry","category-fiscal-municipal","tax_estado-rs"],"acf":[],"yoast_head":"<!-- This site is optimized with the Yoast SEO Premium plugin v27.2 (Yoast SEO v27.2) - https:\/\/yoast.com\/product\/yoast-seo-premium-wordpress\/ -->\n<title>Concurso ISS Canela: gabarito preliminar divulgado; Confira!<\/title>\n<meta name=\"description\" content=\"Concurso ISS Canela: edital oferta uma vaga + cadastro de reserva para o cargo de Inspetor de Tributos Municipais. Confira os detalhes!\" \/>\n<meta name=\"robots\" content=\"index, follow, max-snippet:-1, max-image-preview:large, max-video-preview:-1\" \/>\n<link rel=\"canonical\" href=\"https:\/\/www.estrategiaconcursos.com.br\/blog\/concurso-iss-canela-rs\/\" \/>\n<meta property=\"og:locale\" content=\"pt_BR\" \/>\n<meta property=\"og:type\" content=\"article\" \/>\n<meta property=\"og:title\" content=\"Concurso ISS Canela: gabarito preliminar divulgado; Confira!\" \/>\n<meta property=\"og:description\" content=\"Concurso ISS Canela: edital oferta uma vaga + cadastro de reserva para o cargo de Inspetor de Tributos Municipais. Confira os detalhes!\" \/>\n<meta property=\"og:url\" content=\"https:\/\/www.estrategiaconcursos.com.br\/blog\/concurso-iss-canela-rs\/\" \/>\n<meta property=\"og:site_name\" content=\"Estrat\u00e9gia Concursos\" \/>\n<meta property=\"article:author\" content=\"https:\/\/www.facebook.com\/EstrategiaConcursos\" \/>\n<meta property=\"article:published_time\" content=\"2023-09-25T17:59:00+00:00\" \/>\n<meta property=\"article:modified_time\" content=\"2023-09-26T12:01:07+00:00\" \/>\n<meta property=\"og:image\" content=\"https:\/\/dhg1h5j42swfq.cloudfront.net\/2022\/02\/15104738\/prefeitura_de_canela_rs.jpg\" \/>\n\t<meta property=\"og:image:width\" content=\"768\" \/>\n\t<meta property=\"og:image:height\" content=\"432\" \/>\n\t<meta property=\"og:image:type\" content=\"image\/jpeg\" \/>\n<meta name=\"author\" content=\"Coordena\u00e7\u00e3o\" \/>\n<meta name=\"twitter:card\" content=\"summary_large_image\" \/>\n<meta name=\"twitter:creator\" content=\"@EstratConcursos\" \/>\n<meta name=\"twitter:site\" content=\"@EstratConcursos\" \/>\n<meta name=\"twitter:label1\" content=\"Escrito por\" \/>\n\t<meta name=\"twitter:data1\" content=\"Coordena\u00e7\u00e3o\" \/>\n\t<meta name=\"twitter:label2\" content=\"Est. tempo de leitura\" \/>\n\t<meta name=\"twitter:data2\" content=\"5 minutos\" \/>\n<script type=\"application\/ld+json\" class=\"yoast-schema-graph\">{\"@context\":\"https:\/\/schema.org\",\"@graph\":[{\"@type\":\"NewsArticle\",\"@id\":\"https:\/\/www.estrategiaconcursos.com.br\/blog\/concurso-iss-canela-rs\/#article\",\"isPartOf\":{\"@id\":\"https:\/\/www.estrategiaconcursos.com.br\/blog\/concurso-iss-canela-rs\/\"},\"author\":{\"name\":\"Coordena\u00e7\u00e3o\",\"@id\":\"https:\/\/www.estrategiaconcursos.com.br\/blog\/#\/schema\/person\/b4a388c97673c5f483d72185668afa1f\"},\"headline\":\"Concurso ISS Canela: gabarito preliminar divulgado; Confira!\",\"datePublished\":\"2023-09-25T17:59:00+00:00\",\"dateModified\":\"2023-09-26T12:01:07+00:00\",\"mainEntityOfPage\":{\"@id\":\"https:\/\/www.estrategiaconcursos.com.br\/blog\/concurso-iss-canela-rs\/\"},\"wordCount\":817,\"commentCount\":0,\"publisher\":{\"@id\":\"https:\/\/www.estrategiaconcursos.com.br\/blog\/#organization\"},\"image\":{\"@id\":\"https:\/\/www.estrategiaconcursos.com.br\/blog\/concurso-iss-canela-rs\/#primaryimage\"},\"thumbnailUrl\":\"https:\/\/dhg1h5j42swfq.cloudfront.net\/2022\/02\/15104738\/prefeitura_de_canela_rs.jpg\",\"articleSection\":[\"Fiscal - Municipal (ISS)\"],\"inLanguage\":\"pt-BR\",\"potentialAction\":[{\"@type\":\"CommentAction\",\"name\":\"Comment\",\"target\":[\"https:\/\/www.estrategiaconcursos.com.br\/blog\/concurso-iss-canela-rs\/#respond\"]}],\"copyrightYear\":\"2023\",\"copyrightHolder\":{\"@id\":\"https:\/\/www.estrategiaconcursos.com.br\/blog\/#organization\"}},{\"@type\":\"WebPage\",\"@id\":\"https:\/\/www.estrategiaconcursos.com.br\/blog\/concurso-iss-canela-rs\/\",\"url\":\"https:\/\/www.estrategiaconcursos.com.br\/blog\/concurso-iss-canela-rs\/\",\"name\":\"Concurso ISS Canela: gabarito preliminar divulgado; Confira!\",\"isPartOf\":{\"@id\":\"https:\/\/www.estrategiaconcursos.com.br\/blog\/#website\"},\"primaryImageOfPage\":{\"@id\":\"https:\/\/www.estrategiaconcursos.com.br\/blog\/concurso-iss-canela-rs\/#primaryimage\"},\"image\":{\"@id\":\"https:\/\/www.estrategiaconcursos.com.br\/blog\/concurso-iss-canela-rs\/#primaryimage\"},\"thumbnailUrl\":\"https:\/\/dhg1h5j42swfq.cloudfront.net\/2022\/02\/15104738\/prefeitura_de_canela_rs.jpg\",\"datePublished\":\"2023-09-25T17:59:00+00:00\",\"dateModified\":\"2023-09-26T12:01:07+00:00\",\"description\":\"Concurso ISS Canela: edital oferta uma vaga + cadastro de reserva para o cargo de Inspetor de Tributos Municipais. Confira os detalhes!\",\"breadcrumb\":{\"@id\":\"https:\/\/www.estrategiaconcursos.com.br\/blog\/concurso-iss-canela-rs\/#breadcrumb\"},\"inLanguage\":\"pt-BR\",\"potentialAction\":[{\"@type\":\"ReadAction\",\"target\":[\"https:\/\/www.estrategiaconcursos.com.br\/blog\/concurso-iss-canela-rs\/\"]}]},{\"@type\":\"ImageObject\",\"inLanguage\":\"pt-BR\",\"@id\":\"https:\/\/www.estrategiaconcursos.com.br\/blog\/concurso-iss-canela-rs\/#primaryimage\",\"url\":\"https:\/\/dhg1h5j42swfq.cloudfront.net\/2022\/02\/15104738\/prefeitura_de_canela_rs.jpg\",\"contentUrl\":\"https:\/\/dhg1h5j42swfq.cloudfront.net\/2022\/02\/15104738\/prefeitura_de_canela_rs.jpg\",\"width\":768,\"height\":432},{\"@type\":\"BreadcrumbList\",\"@id\":\"https:\/\/www.estrategiaconcursos.com.br\/blog\/concurso-iss-canela-rs\/#breadcrumb\",\"itemListElement\":[{\"@type\":\"ListItem\",\"position\":1,\"name\":\"In\u00edcio\",\"item\":\"https:\/\/www.estrategiaconcursos.com.br\/blog\/\"},{\"@type\":\"ListItem\",\"position\":2,\"name\":\"Concurso ISS Canela: gabarito preliminar divulgado; Confira!\"}]},{\"@type\":\"WebSite\",\"@id\":\"https:\/\/www.estrategiaconcursos.com.br\/blog\/#website\",\"url\":\"https:\/\/www.estrategiaconcursos.com.br\/blog\/\",\"name\":\"Estrat\u00e9gia Concursos\",\"description\":\"O blog da Estrat\u00e9gia Concursos traz not\u00edcias sobre concursos e artigos de professores oferecendo cursos para concursos (pdf + videaulas) no site.\",\"publisher\":{\"@id\":\"https:\/\/www.estrategiaconcursos.com.br\/blog\/#organization\"},\"potentialAction\":[{\"@type\":\"SearchAction\",\"target\":{\"@type\":\"EntryPoint\",\"urlTemplate\":\"https:\/\/www.estrategiaconcursos.com.br\/blog\/?s={search_term_string}\"},\"query-input\":{\"@type\":\"PropertyValueSpecification\",\"valueRequired\":true,\"valueName\":\"search_term_string\"}}],\"inLanguage\":\"pt-BR\"},{\"@type\":\"Organization\",\"@id\":\"https:\/\/www.estrategiaconcursos.com.br\/blog\/#organization\",\"name\":\"Estrat\u00e9gia Concursos\",\"url\":\"https:\/\/www.estrategiaconcursos.com.br\/blog\/\",\"logo\":{\"@type\":\"ImageObject\",\"inLanguage\":\"pt-BR\",\"@id\":\"https:\/\/www.estrategiaconcursos.com.br\/blog\/#\/schema\/logo\/image\/\",\"url\":\"https:\/\/dhg1h5j42swfq.cloudfront.net\/2025\/06\/03203428\/logo_concursos-1.jpg\",\"contentUrl\":\"https:\/\/dhg1h5j42swfq.cloudfront.net\/2025\/06\/03203428\/logo_concursos-1.jpg\",\"width\":230,\"height\":60,\"caption\":\"Estrat\u00e9gia Concursos\"},\"image\":{\"@id\":\"https:\/\/www.estrategiaconcursos.com.br\/blog\/#\/schema\/logo\/image\/\"},\"sameAs\":[\"https:\/\/x.com\/EstratConcursos\"]},{\"@type\":\"Person\",\"@id\":\"https:\/\/www.estrategiaconcursos.com.br\/blog\/#\/schema\/person\/b4a388c97673c5f483d72185668afa1f\",\"name\":\"Coordena\u00e7\u00e3o\",\"image\":{\"@type\":\"ImageObject\",\"inLanguage\":\"pt-BR\",\"@id\":\"https:\/\/secure.gravatar.com\/avatar\/b720319e4c9a967eb58678d110f4fe35452fc5d5f97b202bac7b8acceb18c6ad?s=96&d=mm&r=g\",\"url\":\"https:\/\/secure.gravatar.com\/avatar\/b720319e4c9a967eb58678d110f4fe35452fc5d5f97b202bac7b8acceb18c6ad?s=96&d=mm&r=g\",\"contentUrl\":\"https:\/\/secure.gravatar.com\/avatar\/b720319e4c9a967eb58678d110f4fe35452fc5d5f97b202bac7b8acceb18c6ad?s=96&d=mm&r=g\",\"caption\":\"Coordena\u00e7\u00e3o\"},\"sameAs\":[\"https:\/\/www.facebook.com\/EstrategiaConcursos\",\"https:\/\/x.com\/EstratConcursos\"],\"url\":\"https:\/\/www.estrategiaconcursos.com.br\/blog\/author\/estrategia2013\/\"}]}<\/script>\n<!-- \/ Yoast SEO Premium plugin. -->","yoast_head_json":{"title":"Concurso ISS Canela: gabarito preliminar divulgado; Confira!","description":"Concurso ISS Canela: edital oferta uma vaga + cadastro de reserva para o cargo de Inspetor de Tributos Municipais. Confira os detalhes!","robots":{"index":"index","follow":"follow","max-snippet":"max-snippet:-1","max-image-preview":"max-image-preview:large","max-video-preview":"max-video-preview:-1"},"canonical":"https:\/\/www.estrategiaconcursos.com.br\/blog\/concurso-iss-canela-rs\/","og_locale":"pt_BR","og_type":"article","og_title":"Concurso ISS Canela: gabarito preliminar divulgado; Confira!","og_description":"Concurso ISS Canela: edital oferta uma vaga + cadastro de reserva para o cargo de Inspetor de Tributos Municipais. Confira os detalhes!","og_url":"https:\/\/www.estrategiaconcursos.com.br\/blog\/concurso-iss-canela-rs\/","og_site_name":"Estrat\u00e9gia Concursos","article_author":"https:\/\/www.facebook.com\/EstrategiaConcursos","article_published_time":"2023-09-25T17:59:00+00:00","article_modified_time":"2023-09-26T12:01:07+00:00","og_image":[{"width":768,"height":432,"url":"https:\/\/dhg1h5j42swfq.cloudfront.net\/2022\/02\/15104738\/prefeitura_de_canela_rs.jpg","type":"image\/jpeg"}],"author":"Coordena\u00e7\u00e3o","twitter_card":"summary_large_image","twitter_creator":"@EstratConcursos","twitter_site":"@EstratConcursos","twitter_misc":{"Escrito por":"Coordena\u00e7\u00e3o","Est. tempo de leitura":"5 minutos"},"schema":{"@context":"https:\/\/schema.org","@graph":[{"@type":"NewsArticle","@id":"https:\/\/www.estrategiaconcursos.com.br\/blog\/concurso-iss-canela-rs\/#article","isPartOf":{"@id":"https:\/\/www.estrategiaconcursos.com.br\/blog\/concurso-iss-canela-rs\/"},"author":{"name":"Coordena\u00e7\u00e3o","@id":"https:\/\/www.estrategiaconcursos.com.br\/blog\/#\/schema\/person\/b4a388c97673c5f483d72185668afa1f"},"headline":"Concurso ISS Canela: gabarito preliminar divulgado; Confira!","datePublished":"2023-09-25T17:59:00+00:00","dateModified":"2023-09-26T12:01:07+00:00","mainEntityOfPage":{"@id":"https:\/\/www.estrategiaconcursos.com.br\/blog\/concurso-iss-canela-rs\/"},"wordCount":817,"commentCount":0,"publisher":{"@id":"https:\/\/www.estrategiaconcursos.com.br\/blog\/#organization"},"image":{"@id":"https:\/\/www.estrategiaconcursos.com.br\/blog\/concurso-iss-canela-rs\/#primaryimage"},"thumbnailUrl":"https:\/\/dhg1h5j42swfq.cloudfront.net\/2022\/02\/15104738\/prefeitura_de_canela_rs.jpg","articleSection":["Fiscal - Municipal (ISS)"],"inLanguage":"pt-BR","potentialAction":[{"@type":"CommentAction","name":"Comment","target":["https:\/\/www.estrategiaconcursos.com.br\/blog\/concurso-iss-canela-rs\/#respond"]}],"copyrightYear":"2023","copyrightHolder":{"@id":"https:\/\/www.estrategiaconcursos.com.br\/blog\/#organization"}},{"@type":"WebPage","@id":"https:\/\/www.estrategiaconcursos.com.br\/blog\/concurso-iss-canela-rs\/","url":"https:\/\/www.estrategiaconcursos.com.br\/blog\/concurso-iss-canela-rs\/","name":"Concurso ISS Canela: gabarito preliminar divulgado; Confira!","isPartOf":{"@id":"https:\/\/www.estrategiaconcursos.com.br\/blog\/#website"},"primaryImageOfPage":{"@id":"https:\/\/www.estrategiaconcursos.com.br\/blog\/concurso-iss-canela-rs\/#primaryimage"},"image":{"@id":"https:\/\/www.estrategiaconcursos.com.br\/blog\/concurso-iss-canela-rs\/#primaryimage"},"thumbnailUrl":"https:\/\/dhg1h5j42swfq.cloudfront.net\/2022\/02\/15104738\/prefeitura_de_canela_rs.jpg","datePublished":"2023-09-25T17:59:00+00:00","dateModified":"2023-09-26T12:01:07+00:00","description":"Concurso ISS Canela: edital oferta uma vaga + cadastro de reserva para o cargo de Inspetor de Tributos Municipais. Confira os detalhes!","breadcrumb":{"@id":"https:\/\/www.estrategiaconcursos.com.br\/blog\/concurso-iss-canela-rs\/#breadcrumb"},"inLanguage":"pt-BR","potentialAction":[{"@type":"ReadAction","target":["https:\/\/www.estrategiaconcursos.com.br\/blog\/concurso-iss-canela-rs\/"]}]},{"@type":"ImageObject","inLanguage":"pt-BR","@id":"https:\/\/www.estrategiaconcursos.com.br\/blog\/concurso-iss-canela-rs\/#primaryimage","url":"https:\/\/dhg1h5j42swfq.cloudfront.net\/2022\/02\/15104738\/prefeitura_de_canela_rs.jpg","contentUrl":"https:\/\/dhg1h5j42swfq.cloudfront.net\/2022\/02\/15104738\/prefeitura_de_canela_rs.jpg","width":768,"height":432},{"@type":"BreadcrumbList","@id":"https:\/\/www.estrategiaconcursos.com.br\/blog\/concurso-iss-canela-rs\/#breadcrumb","itemListElement":[{"@type":"ListItem","position":1,"name":"In\u00edcio","item":"https:\/\/www.estrategiaconcursos.com.br\/blog\/"},{"@type":"ListItem","position":2,"name":"Concurso ISS Canela: gabarito preliminar divulgado; Confira!"}]},{"@type":"WebSite","@id":"https:\/\/www.estrategiaconcursos.com.br\/blog\/#website","url":"https:\/\/www.estrategiaconcursos.com.br\/blog\/","name":"Estrat\u00e9gia Concursos","description":"O blog da Estrat\u00e9gia Concursos traz not\u00edcias sobre concursos e artigos de professores oferecendo cursos para concursos (pdf + videaulas) no site.","publisher":{"@id":"https:\/\/www.estrategiaconcursos.com.br\/blog\/#organization"},"potentialAction":[{"@type":"SearchAction","target":{"@type":"EntryPoint","urlTemplate":"https:\/\/www.estrategiaconcursos.com.br\/blog\/?s={search_term_string}"},"query-input":{"@type":"PropertyValueSpecification","valueRequired":true,"valueName":"search_term_string"}}],"inLanguage":"pt-BR"},{"@type":"Organization","@id":"https:\/\/www.estrategiaconcursos.com.br\/blog\/#organization","name":"Estrat\u00e9gia Concursos","url":"https:\/\/www.estrategiaconcursos.com.br\/blog\/","logo":{"@type":"ImageObject","inLanguage":"pt-BR","@id":"https:\/\/www.estrategiaconcursos.com.br\/blog\/#\/schema\/logo\/image\/","url":"https:\/\/dhg1h5j42swfq.cloudfront.net\/2025\/06\/03203428\/logo_concursos-1.jpg","contentUrl":"https:\/\/dhg1h5j42swfq.cloudfront.net\/2025\/06\/03203428\/logo_concursos-1.jpg","width":230,"height":60,"caption":"Estrat\u00e9gia Concursos"},"image":{"@id":"https:\/\/www.estrategiaconcursos.com.br\/blog\/#\/schema\/logo\/image\/"},"sameAs":["https:\/\/x.com\/EstratConcursos"]},{"@type":"Person","@id":"https:\/\/www.estrategiaconcursos.com.br\/blog\/#\/schema\/person\/b4a388c97673c5f483d72185668afa1f","name":"Coordena\u00e7\u00e3o","image":{"@type":"ImageObject","inLanguage":"pt-BR","@id":"https:\/\/secure.gravatar.com\/avatar\/b720319e4c9a967eb58678d110f4fe35452fc5d5f97b202bac7b8acceb18c6ad?s=96&d=mm&r=g","url":"https:\/\/secure.gravatar.com\/avatar\/b720319e4c9a967eb58678d110f4fe35452fc5d5f97b202bac7b8acceb18c6ad?s=96&d=mm&r=g","contentUrl":"https:\/\/secure.gravatar.com\/avatar\/b720319e4c9a967eb58678d110f4fe35452fc5d5f97b202bac7b8acceb18c6ad?s=96&d=mm&r=g","caption":"Coordena\u00e7\u00e3o"},"sameAs":["https:\/\/www.facebook.com\/EstrategiaConcursos","https:\/\/x.com\/EstratConcursos"],"url":"https:\/\/www.estrategiaconcursos.com.br\/blog\/author\/estrategia2013\/"}]}},"_links":{"self":[{"href":"https:\/\/www.estrategiaconcursos.com.br\/blog\/wp-json\/wp\/v2\/posts\/978023","targetHints":{"allow":["GET"]}}],"collection":[{"href":"https:\/\/www.estrategiaconcursos.com.br\/blog\/wp-json\/wp\/v2\/posts"}],"about":[{"href":"https:\/\/www.estrategiaconcursos.com.br\/blog\/wp-json\/wp\/v2\/types\/post"}],"author":[{"embeddable":true,"href":"https:\/\/www.estrategiaconcursos.com.br\/blog\/wp-json\/wp\/v2\/users\/1"}],"replies":[{"embeddable":true,"href":"https:\/\/www.estrategiaconcursos.com.br\/blog\/wp-json\/wp\/v2\/comments?post=978023"}],"version-history":[{"count":32,"href":"https:\/\/www.estrategiaconcursos.com.br\/blog\/wp-json\/wp\/v2\/posts\/978023\/revisions"}],"predecessor-version":[{"id":1283362,"href":"https:\/\/www.estrategiaconcursos.com.br\/blog\/wp-json\/wp\/v2\/posts\/978023\/revisions\/1283362"}],"wp:featuredmedia":[{"embeddable":true,"href":"https:\/\/www.estrategiaconcursos.com.br\/blog\/wp-json\/wp\/v2\/media\/969299"}],"wp:attachment":[{"href":"https:\/\/www.estrategiaconcursos.com.br\/blog\/wp-json\/wp\/v2\/media?parent=978023"}],"wp:term":[{"taxonomy":"category","embeddable":true,"href":"https:\/\/www.estrategiaconcursos.com.br\/blog\/wp-json\/wp\/v2\/categories?post=978023"},{"taxonomy":"post_tag","embeddable":true,"href":"https:\/\/www.estrategiaconcursos.com.br\/blog\/wp-json\/wp\/v2\/tags?post=978023"},{"taxonomy":"tax_estado","embeddable":true,"href":"https:\/\/www.estrategiaconcursos.com.br\/blog\/wp-json\/wp\/v2\/tax_estado?post=978023"}],"curies":[{"name":"wp","href":"https:\/\/api.w.org\/{rel}","templated":true}]}}