{"id":977903,"date":"2022-02-26T07:45:00","date_gmt":"2022-02-26T10:45:00","guid":{"rendered":"https:\/\/www.estrategiaconcursos.com.br\/blog\/?p=977903"},"modified":"2022-02-25T13:15:31","modified_gmt":"2022-02-25T16:15:31","slug":"1a-maratona-pc-sp-pos-edital","status":"publish","type":"post","link":"https:\/\/www.estrategiaconcursos.com.br\/blog\/1a-maratona-pc-sp-pos-edital\/","title":{"rendered":"1\u00aa Maratona PC SP &#8211; P\u00f3s-Edital"},"content":{"rendered":"\n<p>O t\u00e3o aguardado <strong>edital da PC SP<\/strong> foi publicado com a oferta de <strong>2.689 vagas<\/strong>, sendo 1.600 para Escriv\u00e3o, 900 para Investigador e 189 para M\u00e9dico Legista. Para todas as oportunidades \u00e9 exigido n\u00edvel superior de forma\u00e7\u00e3o.<\/p>\n\n\n\n<p>Para os cargos de Escriv\u00e3o e Investigador, as inscri\u00e7\u00f5es estar\u00e3o abertas entre <strong>03 de mar\u00e7o a 1\u00ba de abril de 2022<\/strong>. A prova objetiva ser\u00e1 aplicada na data prov\u00e1vel de <strong>22 de maio<\/strong>.<\/p>\n\n\n\n<p>Para M\u00e9dico Legista, as candidaturas ser\u00e3o aceitas entre <strong>21 de mar\u00e7o a 28 de abril de 2022<\/strong>. A objetiva est\u00e1 prevista para o dia <strong>12 de junho<\/strong>!<\/p>\n\n\n\n<p>Com isso, o Estrat\u00e9gia Concursos preparou uma excelente oportunidade para deix\u00e1-los mais pr\u00f3ximos da t\u00e3o sonhada aprova\u00e7\u00e3o na carreira policial.<\/p>\n\n\n\n<p>Neste <strong>s\u00e1bado, 26 de fevereiro, a partir das 08h30,<\/strong> nosso time de professores ministrar\u00e1 o evento <em><strong>&#8220;1\u00aa Maratona PC SP &#8211; P\u00f3s-Edital&#8221;<\/strong><\/em>. Est\u00e1 IMPERD\u00cdVEL!<\/p>\n\n\n\n<h3 class=\"wp-block-heading\" id=\"confira-abaixo-a-programacao-completa\">Confira abaixo a programa\u00e7\u00e3o completa!<\/h3>\n\n\n\n<figure class=\"wp-block-table is-style-stripes\"><table><tbody><tr><td class=\"has-text-align-center\" data-align=\"center\"><strong>Hor\u00e1rio<\/strong><\/td><td class=\"has-text-align-center\" data-align=\"center\"><strong>Disciplina<\/strong><\/td><td class=\"has-text-align-center\" data-align=\"center\"><strong>Professor<\/strong><\/td><\/tr><tr><td class=\"has-text-align-center\" data-align=\"center\">8h30 \u00e0s 9h30<\/td><td class=\"has-text-align-center\" data-align=\"center\">Direito Administrativo<\/td><td class=\"has-text-align-center\" data-align=\"center\">Th\u00e1llius Moraes<\/td><\/tr><tr><td class=\"has-text-align-center\" data-align=\"center\">9h30 \u00e0s 10h30<\/td><td class=\"has-text-align-center\" data-align=\"center\">Direito Constitucional<\/td><td class=\"has-text-align-center\" data-align=\"center\">Adriane Fauth<\/td><\/tr><tr><td class=\"has-text-align-center\" data-align=\"center\">10h30 \u00e0s 11h30<\/td><td class=\"has-text-align-center\" data-align=\"center\">L\u00edngua Portuguesa<\/td><td class=\"has-text-align-center\" data-align=\"center\">Adriana Figueiredo<\/td><\/tr><tr><td class=\"has-text-align-center\" data-align=\"center\">11h30 \u00e0s 12h30<\/td><td class=\"has-text-align-center\" data-align=\"center\">No\u00e7\u00f5es de Inform\u00e1tica<\/td><td class=\"has-text-align-center\" data-align=\"center\">Emannuelle Gouveia<\/td><\/tr><tr><td class=\"has-text-align-center\" data-align=\"center\">13h30 \u00e0s 14h30<\/td><td class=\"has-text-align-center\" data-align=\"center\">No\u00e7\u00f5es de L\u00f3gica<\/td><td class=\"has-text-align-center\" data-align=\"center\">Carlos Henrique<\/td><\/tr><tr><td class=\"has-text-align-center\" data-align=\"center\">14h30 \u00e0s 15h30<\/td><td class=\"has-text-align-center\" data-align=\"center\">No\u00e7\u00f5es de Criminologia<\/td><td class=\"has-text-align-center\" data-align=\"center\">Alexandre Herculano<\/td><\/tr><tr><td class=\"has-text-align-center\" data-align=\"center\">15h30 \u00e0s 17h<\/td><td class=\"has-text-align-center\" data-align=\"center\">Legisla\u00e7\u00e3o Especial<\/td><td class=\"has-text-align-center\" data-align=\"center\">Ant\u00f4nio Pequeno<\/td><\/tr><tr><td class=\"has-text-align-center\" data-align=\"center\">17h \u00e0s 18h<\/td><td class=\"has-text-align-center\" data-align=\"center\">Direito Penal e Direito Processual Penal<\/td><td class=\"has-text-align-center\" data-align=\"center\">Renan Araujo<\/td><\/tr><\/tbody><\/table><\/figure>\n\n\n<figure class=\"wp-block-embed-youtube wp-block-embed is-type-video is-provider-youtube wp-embed-aspect-16-9 wp-has-aspect-ratio\"><div class=\"lyte-wrapper\" style=\"width:853px;max-width:100%;margin:5px;\"><div class=\"lyMe\" id=\"WYL_fHst7nz7jxI\"><div id=\"lyte_fHst7nz7jxI\" data-src=\"\/\/i.ytimg.com\/vi\/fHst7nz7jxI\/hqdefault.jpg\" class=\"pL\"><div class=\"tC\"><div class=\"tT\"><\/div><\/div><div class=\"play\"><\/div><div class=\"ctrl\"><div class=\"Lctrl\"><\/div><div class=\"Rctrl\"><\/div><\/div><\/div><noscript><a href=\"https:\/\/youtu.be\/fHst7nz7jxI\" rel=\"nofollow\"><img loading=\"lazy\" decoding=\"async\" src=\"https:\/\/i.ytimg.com\/vi\/fHst7nz7jxI\/0.jpg\" alt=\"YouTube video thumbnail\" width=\"853\" height=\"460\" \/><br \/>Assista a este v\u00eddeo no YouTube<\/a><\/noscript><\/div><\/div><div class=\"lL\" style=\"max-width:100%;width:853px;margin:5px;\"><\/div><figcaption><\/figcaption><\/figure>\n\n\n<p class=\"has-text-align-center has-cyan-bluish-gray-background-color has-background has-medium-font-size\"><strong>Saiba mais:&nbsp;<a href=\"https:\/\/www.estrategiaconcursos.com.br\/blog\/concurso-policia-civil-sp\/\" target=\"_blank\" rel=\"noreferrer noopener\">concurso Pol\u00edcia Civil SP<\/a><\/strong><\/p>\n\n\n\n<h2 class=\"has-text-align-center wp-block-heading\" id=\"h-quer-saber-tudo-sobre-concursos-previstos-confira-nossos-artigos\">Quer saber tudo sobre concursos previstos?<br \/>Confira nossos artigos!<\/h2>\n\n\n\n<ul class=\"wp-block-list\"><li><a href=\"https:\/\/www.estrategiaconcursos.com.br\/blog\/concursos-abertos\/\" target=\"_blank\" rel=\"noreferrer noopener\">Concursos abertos<\/a><\/li><li><a href=\"https:\/\/www.estrategiaconcursos.com.br\/blog\/concursos-2022\/\" target=\"_blank\" rel=\"noreferrer noopener\">Concursos 2022<\/a><\/li><\/ul>\n\n\n\n<h2 class=\"has-text-align-center wp-block-heading\" id=\"cursos-assinatura\">Quer estudar para o edital do concurso da PC SP?<\/h2>\n\n\n\n<div class=\"container\" id=\"boxes\">\n  <div class=\"row\">\n\n    <div class=\"col-sm\">\n      <div class=\"banner-policial\" id=\"box-assinatura\">\n        <h3 class=\"titulo-assinatura\">Concurso PC SP<\/h3>\n        <p class=\"subtitulo-assinatura\">Conhe\u00e7a os cursos<\/p>\n        <div class=\"box-botao\">\n          <a class=\"btn-assinatura\" target=\"_blank\" href=\"https:\/\/www.estrategiaconcursos.com.br\/cursosPorConcurso\/policia-civil-sp\/\" role=\"button\" rel=\"noopener noreferrer\">Conhe\u00e7a mais<\/a>\n        <\/div>\n      <\/div>\n    <\/div>\n\n  <\/div>\n<\/div>\n\n\n\n<div class=\"container\" id=\"boxes\">\n  <div class=\"row\">\n\n    <div class=\"col-sm\">\n      <div class=\"estrategia\" id=\"box-assinatura\">\n        <h3 class=\"titulo-assinatura\">Assinatura Concursos<\/h3>\n        <p class=\"subtitulo-assinatura\">Assinatura de 1 ano ou 2 anos<\/p>\n        <div class=\"box-botao\">\n          <a class=\"btn-assinatura\" target=\"_blank\" href=\"https:\/\/www.estrategiaconcursos.com.br\/assinaturas\/\" role=\"button\" rel=\"noopener noreferrer\">ASSINE AGORA<\/a>\n        <\/div>\n      <\/div>\n     \n    <\/div><\/div><\/div>\n","protected":false},"excerpt":{"rendered":"<p>O t\u00e3o aguardado edital da PC SP foi publicado com a oferta de 2.689 vagas, sendo 1.600 para Escriv\u00e3o, 900 para Investigador e 189 para M\u00e9dico Legista. Para todas as oportunidades \u00e9 exigido n\u00edvel superior de forma\u00e7\u00e3o. Para os cargos de Escriv\u00e3o e Investigador, as inscri\u00e7\u00f5es estar\u00e3o abertas entre 03 de mar\u00e7o a 1\u00ba de [&hellip;]<\/p>\n","protected":false},"author":2134,"featured_media":977955,"comment_status":"open","ping_status":"closed","sticky":false,"template":"","format":"standard","meta":{"post_tipo":"news","footnotes":""},"categories":[1988],"tags":[],"tax_estado":[219989],"class_list":["post-977903","post","type-post","status-publish","format-standard","has-post-thumbnail","hentry","category-policia","tax_estado-sp"],"acf":[],"yoast_head":"<!-- This site is optimized with the Yoast SEO Premium plugin v27.2 (Yoast SEO v27.2) - https:\/\/yoast.com\/product\/yoast-seo-premium-wordpress\/ -->\n<title>1\u00aa Maratona PC SP - P\u00f3s-Edital<\/title>\n<meta name=\"description\" content=\"1\u00aa Maratona PC SP - P\u00f3s-Edital\" \/>\n<meta name=\"robots\" content=\"index, follow, max-snippet:-1, max-image-preview:large, max-video-preview:-1\" \/>\n<link rel=\"canonical\" href=\"https:\/\/www.estrategiaconcursos.com.br\/blog\/1a-maratona-pc-sp-pos-edital\/\" \/>\n<meta property=\"og:locale\" content=\"pt_BR\" \/>\n<meta property=\"og:type\" content=\"article\" \/>\n<meta property=\"og:title\" content=\"1\u00aa Maratona PC SP - P\u00f3s-Edital\" \/>\n<meta property=\"og:description\" content=\"1\u00aa Maratona PC SP - P\u00f3s-Edital\" \/>\n<meta property=\"og:url\" content=\"https:\/\/www.estrategiaconcursos.com.br\/blog\/1a-maratona-pc-sp-pos-edital\/\" \/>\n<meta property=\"og:site_name\" content=\"Estrat\u00e9gia Concursos\" \/>\n<meta property=\"article:published_time\" content=\"2022-02-26T10:45:00+00:00\" \/>\n<meta property=\"og:image\" content=\"https:\/\/dhg1h5j42swfq.cloudfront.net\/2022\/02\/25131456\/1280-720-max-51.jpg\" \/>\n\t<meta property=\"og:image:width\" content=\"1280\" \/>\n\t<meta property=\"og:image:height\" content=\"720\" \/>\n\t<meta property=\"og:image:type\" content=\"image\/jpeg\" \/>\n<meta name=\"author\" content=\"Rafaela Teixeira\" \/>\n<meta name=\"twitter:card\" content=\"summary_large_image\" \/>\n<meta name=\"twitter:creator\" content=\"@EstratConcursos\" \/>\n<meta name=\"twitter:site\" content=\"@EstratConcursos\" \/>\n<meta name=\"twitter:label1\" content=\"Escrito por\" \/>\n\t<meta name=\"twitter:data1\" content=\"Rafaela Teixeira\" \/>\n\t<meta name=\"twitter:label2\" content=\"Est. tempo de leitura\" \/>\n\t<meta name=\"twitter:data2\" content=\"2 minutos\" \/>\n<script type=\"application\/ld+json\" class=\"yoast-schema-graph\">{\"@context\":\"https:\/\/schema.org\",\"@graph\":[{\"@type\":\"NewsArticle\",\"@id\":\"https:\/\/www.estrategiaconcursos.com.br\/blog\/1a-maratona-pc-sp-pos-edital\/#article\",\"isPartOf\":{\"@id\":\"https:\/\/www.estrategiaconcursos.com.br\/blog\/1a-maratona-pc-sp-pos-edital\/\"},\"author\":{\"name\":\"Rafaela Teixeira\",\"@id\":\"https:\/\/www.estrategiaconcursos.com.br\/blog\/#\/schema\/person\/e75352021ea7f60781c599934f916eb1\"},\"headline\":\"1\u00aa Maratona PC SP &#8211; P\u00f3s-Edital\",\"datePublished\":\"2022-02-26T10:45:00+00:00\",\"mainEntityOfPage\":{\"@id\":\"https:\/\/www.estrategiaconcursos.com.br\/blog\/1a-maratona-pc-sp-pos-edital\/\"},\"wordCount\":297,\"commentCount\":0,\"publisher\":{\"@id\":\"https:\/\/www.estrategiaconcursos.com.br\/blog\/#organization\"},\"image\":{\"@id\":\"https:\/\/www.estrategiaconcursos.com.br\/blog\/1a-maratona-pc-sp-pos-edital\/#primaryimage\"},\"thumbnailUrl\":\"https:\/\/dhg1h5j42swfq.cloudfront.net\/2022\/02\/25131456\/1280-720-max-51.jpg\",\"articleSection\":[\"Policial (Agente, Escriv\u00e3o e Investigador)\"],\"inLanguage\":\"pt-BR\",\"potentialAction\":[{\"@type\":\"CommentAction\",\"name\":\"Comment\",\"target\":[\"https:\/\/www.estrategiaconcursos.com.br\/blog\/1a-maratona-pc-sp-pos-edital\/#respond\"]}],\"copyrightYear\":\"2022\",\"copyrightHolder\":{\"@id\":\"https:\/\/www.estrategiaconcursos.com.br\/blog\/#organization\"}},{\"@type\":\"WebPage\",\"@id\":\"https:\/\/www.estrategiaconcursos.com.br\/blog\/1a-maratona-pc-sp-pos-edital\/\",\"url\":\"https:\/\/www.estrategiaconcursos.com.br\/blog\/1a-maratona-pc-sp-pos-edital\/\",\"name\":\"1\u00aa Maratona PC SP - P\u00f3s-Edital\",\"isPartOf\":{\"@id\":\"https:\/\/www.estrategiaconcursos.com.br\/blog\/#website\"},\"primaryImageOfPage\":{\"@id\":\"https:\/\/www.estrategiaconcursos.com.br\/blog\/1a-maratona-pc-sp-pos-edital\/#primaryimage\"},\"image\":{\"@id\":\"https:\/\/www.estrategiaconcursos.com.br\/blog\/1a-maratona-pc-sp-pos-edital\/#primaryimage\"},\"thumbnailUrl\":\"https:\/\/dhg1h5j42swfq.cloudfront.net\/2022\/02\/25131456\/1280-720-max-51.jpg\",\"datePublished\":\"2022-02-26T10:45:00+00:00\",\"description\":\"1\u00aa Maratona PC SP - P\u00f3s-Edital\",\"breadcrumb\":{\"@id\":\"https:\/\/www.estrategiaconcursos.com.br\/blog\/1a-maratona-pc-sp-pos-edital\/#breadcrumb\"},\"inLanguage\":\"pt-BR\",\"potentialAction\":[{\"@type\":\"ReadAction\",\"target\":[\"https:\/\/www.estrategiaconcursos.com.br\/blog\/1a-maratona-pc-sp-pos-edital\/\"]}]},{\"@type\":\"ImageObject\",\"inLanguage\":\"pt-BR\",\"@id\":\"https:\/\/www.estrategiaconcursos.com.br\/blog\/1a-maratona-pc-sp-pos-edital\/#primaryimage\",\"url\":\"https:\/\/dhg1h5j42swfq.cloudfront.net\/2022\/02\/25131456\/1280-720-max-51.jpg\",\"contentUrl\":\"https:\/\/dhg1h5j42swfq.cloudfront.net\/2022\/02\/25131456\/1280-720-max-51.jpg\",\"width\":1280,\"height\":720},{\"@type\":\"BreadcrumbList\",\"@id\":\"https:\/\/www.estrategiaconcursos.com.br\/blog\/1a-maratona-pc-sp-pos-edital\/#breadcrumb\",\"itemListElement\":[{\"@type\":\"ListItem\",\"position\":1,\"name\":\"In\u00edcio\",\"item\":\"https:\/\/www.estrategiaconcursos.com.br\/blog\/\"},{\"@type\":\"ListItem\",\"position\":2,\"name\":\"1\u00aa Maratona PC SP &#8211; P\u00f3s-Edital\"}]},{\"@type\":\"WebSite\",\"@id\":\"https:\/\/www.estrategiaconcursos.com.br\/blog\/#website\",\"url\":\"https:\/\/www.estrategiaconcursos.com.br\/blog\/\",\"name\":\"Estrat\u00e9gia Concursos\",\"description\":\"O blog da Estrat\u00e9gia Concursos traz not\u00edcias sobre concursos e artigos de professores oferecendo cursos para concursos (pdf + videaulas) no site.\",\"publisher\":{\"@id\":\"https:\/\/www.estrategiaconcursos.com.br\/blog\/#organization\"},\"potentialAction\":[{\"@type\":\"SearchAction\",\"target\":{\"@type\":\"EntryPoint\",\"urlTemplate\":\"https:\/\/www.estrategiaconcursos.com.br\/blog\/?s={search_term_string}\"},\"query-input\":{\"@type\":\"PropertyValueSpecification\",\"valueRequired\":true,\"valueName\":\"search_term_string\"}}],\"inLanguage\":\"pt-BR\"},{\"@type\":\"Organization\",\"@id\":\"https:\/\/www.estrategiaconcursos.com.br\/blog\/#organization\",\"name\":\"Estrat\u00e9gia Concursos\",\"url\":\"https:\/\/www.estrategiaconcursos.com.br\/blog\/\",\"logo\":{\"@type\":\"ImageObject\",\"inLanguage\":\"pt-BR\",\"@id\":\"https:\/\/www.estrategiaconcursos.com.br\/blog\/#\/schema\/logo\/image\/\",\"url\":\"https:\/\/dhg1h5j42swfq.cloudfront.net\/2025\/06\/03203428\/logo_concursos-1.jpg\",\"contentUrl\":\"https:\/\/dhg1h5j42swfq.cloudfront.net\/2025\/06\/03203428\/logo_concursos-1.jpg\",\"width\":230,\"height\":60,\"caption\":\"Estrat\u00e9gia Concursos\"},\"image\":{\"@id\":\"https:\/\/www.estrategiaconcursos.com.br\/blog\/#\/schema\/logo\/image\/\"},\"sameAs\":[\"https:\/\/x.com\/EstratConcursos\"]},{\"@type\":\"Person\",\"@id\":\"https:\/\/www.estrategiaconcursos.com.br\/blog\/#\/schema\/person\/e75352021ea7f60781c599934f916eb1\",\"name\":\"Rafaela Teixeira\",\"image\":{\"@type\":\"ImageObject\",\"inLanguage\":\"pt-BR\",\"@id\":\"https:\/\/secure.gravatar.com\/avatar\/8a349a2b22039b1ee88fc06461487c950fd6aa411ea8af8633314b43334ae793?s=96&d=mm&r=g\",\"url\":\"https:\/\/secure.gravatar.com\/avatar\/8a349a2b22039b1ee88fc06461487c950fd6aa411ea8af8633314b43334ae793?s=96&d=mm&r=g\",\"contentUrl\":\"https:\/\/secure.gravatar.com\/avatar\/8a349a2b22039b1ee88fc06461487c950fd6aa411ea8af8633314b43334ae793?s=96&d=mm&r=g\",\"caption\":\"Rafaela Teixeira\"},\"description\":\"Rafaela Teixeira \u00e9 advogada conveniada \u00e0 Defensoria P\u00fablica de S\u00e3o Paulo pela OAB, com experi\u00eancia em reda\u00e7\u00e3o jur\u00eddica e atua\u00e7\u00e3o em institui\u00e7\u00f5es p\u00fablicas, incluindo est\u00e1gio no TRE-SP. Possui mais de 7 anos de experi\u00eancia na produ\u00e7\u00e3o de conte\u00fados voltados ao nicho de concursos p\u00fablicos, com foco em apura\u00e7\u00e3o jornal\u00edstica cont\u00ednua, an\u00e1lise de editais e obten\u00e7\u00e3o de informa\u00e7\u00f5es diretamente junto a \u00f3rg\u00e3os e fontes oficiais. No Blog do Estrat\u00e9gia Concursos, atua como Analista de Conte\u00fado S\u00eanior, respons\u00e1vel pelo jornalismo do per\u00edodo noturno e da madrugada, com atua\u00e7\u00e3o transversal na cobertura de concursos p\u00fablicos, garantindo a continuidade, fluidez e confiabilidade das publica\u00e7\u00f5es e dos bastidores dos certames.\",\"url\":\"https:\/\/www.estrategiaconcursos.com.br\/blog\/author\/rafaela-teixeira\/\"}]}<\/script>\n<!-- \/ Yoast SEO Premium plugin. -->","yoast_head_json":{"title":"1\u00aa Maratona PC SP - P\u00f3s-Edital","description":"1\u00aa Maratona PC SP - P\u00f3s-Edital","robots":{"index":"index","follow":"follow","max-snippet":"max-snippet:-1","max-image-preview":"max-image-preview:large","max-video-preview":"max-video-preview:-1"},"canonical":"https:\/\/www.estrategiaconcursos.com.br\/blog\/1a-maratona-pc-sp-pos-edital\/","og_locale":"pt_BR","og_type":"article","og_title":"1\u00aa Maratona PC SP - P\u00f3s-Edital","og_description":"1\u00aa Maratona PC SP - P\u00f3s-Edital","og_url":"https:\/\/www.estrategiaconcursos.com.br\/blog\/1a-maratona-pc-sp-pos-edital\/","og_site_name":"Estrat\u00e9gia Concursos","article_published_time":"2022-02-26T10:45:00+00:00","og_image":[{"width":1280,"height":720,"url":"https:\/\/dhg1h5j42swfq.cloudfront.net\/2022\/02\/25131456\/1280-720-max-51.jpg","type":"image\/jpeg"}],"author":"Rafaela Teixeira","twitter_card":"summary_large_image","twitter_creator":"@EstratConcursos","twitter_site":"@EstratConcursos","twitter_misc":{"Escrito por":"Rafaela Teixeira","Est. tempo de leitura":"2 minutos"},"schema":{"@context":"https:\/\/schema.org","@graph":[{"@type":"NewsArticle","@id":"https:\/\/www.estrategiaconcursos.com.br\/blog\/1a-maratona-pc-sp-pos-edital\/#article","isPartOf":{"@id":"https:\/\/www.estrategiaconcursos.com.br\/blog\/1a-maratona-pc-sp-pos-edital\/"},"author":{"name":"Rafaela Teixeira","@id":"https:\/\/www.estrategiaconcursos.com.br\/blog\/#\/schema\/person\/e75352021ea7f60781c599934f916eb1"},"headline":"1\u00aa Maratona PC SP &#8211; P\u00f3s-Edital","datePublished":"2022-02-26T10:45:00+00:00","mainEntityOfPage":{"@id":"https:\/\/www.estrategiaconcursos.com.br\/blog\/1a-maratona-pc-sp-pos-edital\/"},"wordCount":297,"commentCount":0,"publisher":{"@id":"https:\/\/www.estrategiaconcursos.com.br\/blog\/#organization"},"image":{"@id":"https:\/\/www.estrategiaconcursos.com.br\/blog\/1a-maratona-pc-sp-pos-edital\/#primaryimage"},"thumbnailUrl":"https:\/\/dhg1h5j42swfq.cloudfront.net\/2022\/02\/25131456\/1280-720-max-51.jpg","articleSection":["Policial (Agente, Escriv\u00e3o e Investigador)"],"inLanguage":"pt-BR","potentialAction":[{"@type":"CommentAction","name":"Comment","target":["https:\/\/www.estrategiaconcursos.com.br\/blog\/1a-maratona-pc-sp-pos-edital\/#respond"]}],"copyrightYear":"2022","copyrightHolder":{"@id":"https:\/\/www.estrategiaconcursos.com.br\/blog\/#organization"}},{"@type":"WebPage","@id":"https:\/\/www.estrategiaconcursos.com.br\/blog\/1a-maratona-pc-sp-pos-edital\/","url":"https:\/\/www.estrategiaconcursos.com.br\/blog\/1a-maratona-pc-sp-pos-edital\/","name":"1\u00aa Maratona PC SP - P\u00f3s-Edital","isPartOf":{"@id":"https:\/\/www.estrategiaconcursos.com.br\/blog\/#website"},"primaryImageOfPage":{"@id":"https:\/\/www.estrategiaconcursos.com.br\/blog\/1a-maratona-pc-sp-pos-edital\/#primaryimage"},"image":{"@id":"https:\/\/www.estrategiaconcursos.com.br\/blog\/1a-maratona-pc-sp-pos-edital\/#primaryimage"},"thumbnailUrl":"https:\/\/dhg1h5j42swfq.cloudfront.net\/2022\/02\/25131456\/1280-720-max-51.jpg","datePublished":"2022-02-26T10:45:00+00:00","description":"1\u00aa Maratona PC SP - P\u00f3s-Edital","breadcrumb":{"@id":"https:\/\/www.estrategiaconcursos.com.br\/blog\/1a-maratona-pc-sp-pos-edital\/#breadcrumb"},"inLanguage":"pt-BR","potentialAction":[{"@type":"ReadAction","target":["https:\/\/www.estrategiaconcursos.com.br\/blog\/1a-maratona-pc-sp-pos-edital\/"]}]},{"@type":"ImageObject","inLanguage":"pt-BR","@id":"https:\/\/www.estrategiaconcursos.com.br\/blog\/1a-maratona-pc-sp-pos-edital\/#primaryimage","url":"https:\/\/dhg1h5j42swfq.cloudfront.net\/2022\/02\/25131456\/1280-720-max-51.jpg","contentUrl":"https:\/\/dhg1h5j42swfq.cloudfront.net\/2022\/02\/25131456\/1280-720-max-51.jpg","width":1280,"height":720},{"@type":"BreadcrumbList","@id":"https:\/\/www.estrategiaconcursos.com.br\/blog\/1a-maratona-pc-sp-pos-edital\/#breadcrumb","itemListElement":[{"@type":"ListItem","position":1,"name":"In\u00edcio","item":"https:\/\/www.estrategiaconcursos.com.br\/blog\/"},{"@type":"ListItem","position":2,"name":"1\u00aa Maratona PC SP &#8211; P\u00f3s-Edital"}]},{"@type":"WebSite","@id":"https:\/\/www.estrategiaconcursos.com.br\/blog\/#website","url":"https:\/\/www.estrategiaconcursos.com.br\/blog\/","name":"Estrat\u00e9gia Concursos","description":"O blog da Estrat\u00e9gia Concursos traz not\u00edcias sobre concursos e artigos de professores oferecendo cursos para concursos (pdf + videaulas) no site.","publisher":{"@id":"https:\/\/www.estrategiaconcursos.com.br\/blog\/#organization"},"potentialAction":[{"@type":"SearchAction","target":{"@type":"EntryPoint","urlTemplate":"https:\/\/www.estrategiaconcursos.com.br\/blog\/?s={search_term_string}"},"query-input":{"@type":"PropertyValueSpecification","valueRequired":true,"valueName":"search_term_string"}}],"inLanguage":"pt-BR"},{"@type":"Organization","@id":"https:\/\/www.estrategiaconcursos.com.br\/blog\/#organization","name":"Estrat\u00e9gia Concursos","url":"https:\/\/www.estrategiaconcursos.com.br\/blog\/","logo":{"@type":"ImageObject","inLanguage":"pt-BR","@id":"https:\/\/www.estrategiaconcursos.com.br\/blog\/#\/schema\/logo\/image\/","url":"https:\/\/dhg1h5j42swfq.cloudfront.net\/2025\/06\/03203428\/logo_concursos-1.jpg","contentUrl":"https:\/\/dhg1h5j42swfq.cloudfront.net\/2025\/06\/03203428\/logo_concursos-1.jpg","width":230,"height":60,"caption":"Estrat\u00e9gia Concursos"},"image":{"@id":"https:\/\/www.estrategiaconcursos.com.br\/blog\/#\/schema\/logo\/image\/"},"sameAs":["https:\/\/x.com\/EstratConcursos"]},{"@type":"Person","@id":"https:\/\/www.estrategiaconcursos.com.br\/blog\/#\/schema\/person\/e75352021ea7f60781c599934f916eb1","name":"Rafaela Teixeira","image":{"@type":"ImageObject","inLanguage":"pt-BR","@id":"https:\/\/secure.gravatar.com\/avatar\/8a349a2b22039b1ee88fc06461487c950fd6aa411ea8af8633314b43334ae793?s=96&d=mm&r=g","url":"https:\/\/secure.gravatar.com\/avatar\/8a349a2b22039b1ee88fc06461487c950fd6aa411ea8af8633314b43334ae793?s=96&d=mm&r=g","contentUrl":"https:\/\/secure.gravatar.com\/avatar\/8a349a2b22039b1ee88fc06461487c950fd6aa411ea8af8633314b43334ae793?s=96&d=mm&r=g","caption":"Rafaela Teixeira"},"description":"Rafaela Teixeira \u00e9 advogada conveniada \u00e0 Defensoria P\u00fablica de S\u00e3o Paulo pela OAB, com experi\u00eancia em reda\u00e7\u00e3o jur\u00eddica e atua\u00e7\u00e3o em institui\u00e7\u00f5es p\u00fablicas, incluindo est\u00e1gio no TRE-SP. Possui mais de 7 anos de experi\u00eancia na produ\u00e7\u00e3o de conte\u00fados voltados ao nicho de concursos p\u00fablicos, com foco em apura\u00e7\u00e3o jornal\u00edstica cont\u00ednua, an\u00e1lise de editais e obten\u00e7\u00e3o de informa\u00e7\u00f5es diretamente junto a \u00f3rg\u00e3os e fontes oficiais. No Blog do Estrat\u00e9gia Concursos, atua como Analista de Conte\u00fado S\u00eanior, respons\u00e1vel pelo jornalismo do per\u00edodo noturno e da madrugada, com atua\u00e7\u00e3o transversal na cobertura de concursos p\u00fablicos, garantindo a continuidade, fluidez e confiabilidade das publica\u00e7\u00f5es e dos bastidores dos certames.","url":"https:\/\/www.estrategiaconcursos.com.br\/blog\/author\/rafaela-teixeira\/"}]}},"_links":{"self":[{"href":"https:\/\/www.estrategiaconcursos.com.br\/blog\/wp-json\/wp\/v2\/posts\/977903","targetHints":{"allow":["GET"]}}],"collection":[{"href":"https:\/\/www.estrategiaconcursos.com.br\/blog\/wp-json\/wp\/v2\/posts"}],"about":[{"href":"https:\/\/www.estrategiaconcursos.com.br\/blog\/wp-json\/wp\/v2\/types\/post"}],"author":[{"embeddable":true,"href":"https:\/\/www.estrategiaconcursos.com.br\/blog\/wp-json\/wp\/v2\/users\/2134"}],"replies":[{"embeddable":true,"href":"https:\/\/www.estrategiaconcursos.com.br\/blog\/wp-json\/wp\/v2\/comments?post=977903"}],"version-history":[{"count":4,"href":"https:\/\/www.estrategiaconcursos.com.br\/blog\/wp-json\/wp\/v2\/posts\/977903\/revisions"}],"predecessor-version":[{"id":977957,"href":"https:\/\/www.estrategiaconcursos.com.br\/blog\/wp-json\/wp\/v2\/posts\/977903\/revisions\/977957"}],"wp:featuredmedia":[{"embeddable":true,"href":"https:\/\/www.estrategiaconcursos.com.br\/blog\/wp-json\/wp\/v2\/media\/977955"}],"wp:attachment":[{"href":"https:\/\/www.estrategiaconcursos.com.br\/blog\/wp-json\/wp\/v2\/media?parent=977903"}],"wp:term":[{"taxonomy":"category","embeddable":true,"href":"https:\/\/www.estrategiaconcursos.com.br\/blog\/wp-json\/wp\/v2\/categories?post=977903"},{"taxonomy":"post_tag","embeddable":true,"href":"https:\/\/www.estrategiaconcursos.com.br\/blog\/wp-json\/wp\/v2\/tags?post=977903"},{"taxonomy":"tax_estado","embeddable":true,"href":"https:\/\/www.estrategiaconcursos.com.br\/blog\/wp-json\/wp\/v2\/tax_estado?post=977903"}],"curies":[{"name":"wp","href":"https:\/\/api.w.org\/{rel}","templated":true}]}}