{"id":976947,"date":"2026-09-04T12:09:00","date_gmt":"2026-09-04T15:09:00","guid":{"rendered":"https:\/\/blog-estrategia.mystagingwebsite.com\/blog\/?p=976947"},"modified":"2026-09-04T12:30:41","modified_gmt":"2026-09-04T15:30:41","slug":"concurso-camara-de-olimpia","status":"publish","type":"post","link":"https:\/\/www.estrategiaconcursos.com.br\/blog\/concurso-camara-de-olimpia\/","title":{"rendered":"Concurso C\u00e2mara de Ol\u00edmpia: Vunesp \u00e9 a banca!"},"content":{"rendered":"\n<p class=\"wp-block-paragraph\" style=\"font-size:clamp(17.905px, 1.119rem + ((1vw - 3.2px) * 0.99), 28px);\"><em><strong>O Concurso C\u00e2mara de Ol\u00edmpia ter\u00e1 edital para todos os n\u00edveis de escolaridade!<\/strong><\/em><\/p>\n\n\n\n<p class=\"wp-block-paragraph\">Se voc\u00ea est\u00e1 de olho em uma oportunidade no servi\u00e7o p\u00fablico, fique de olho nessa oportunidade! O <strong>Concurso C\u00e2mara de Ol\u00edmpia definiu a banca organizadora do seu novo edital.<\/strong><\/p>\n\n\n\n<p class=\"wp-block-paragraph\">De acordo com o termo de refer\u00eancia, a banca organizadora prevista para tocar o processo \u00e9 a <strong>Funda\u00e7\u00e3o Vunesp<\/strong>, via dispensa de licita\u00e7\u00e3o.<\/p>\n\n\n\n<p class=\"wp-block-paragraph\">Em rela\u00e7\u00e3o \u00e0s oportunidades, o projeto prev\u00ea uma vaga com contrata\u00e7\u00e3o imediata para Analista Legislativo, al\u00e9m da forma\u00e7\u00e3o de cadastro de reserva para diversas outras fun\u00e7\u00f5es. <\/p>\n\n\n\n<p class=\"wp-block-paragraph\">A sele\u00e7\u00e3o vai contemplar diferentes n\u00edveis de escolaridade: quem tem n\u00edvel superior poder\u00e1 disputar chances na \u00e1rea jur\u00eddica (Procurador Jur\u00eddico), al\u00e9m de vagas para Contador, Jornalista, Analista de Recursos Humanos e Analista de Sistemas.<\/p>\n\n\n\n<p class=\"wp-block-paragraph\">Para os n\u00edveis m\u00e9dio e fundamental, as chances no cadastro incluem Agente Legislativo, Agente Operacional, Agente Administrativo de Expediente e Auxiliar de Limpeza.<\/p>\n\n\n\n<p class=\"wp-block-paragraph\">Os valores previstos para as inscri\u00e7\u00f5es tamb\u00e9m j\u00e1 foram adiantados no documento: a taxa ser\u00e1 de R$ 65 para as fun\u00e7\u00f5es de n\u00edvel fundamental, R$ 80 para n\u00edvel m\u00e9dio e R$ 115 para os postos de n\u00edvel superior.<\/p>\n\n\n\n<ul style=\"background-color:#f0f0f0\" class=\"wp-block-list has-background\">\n<li><strong>Concurso C\u00e2mara de Ol\u00edmpia<\/strong><\/li>\n\n\n\n<li><strong style=\"background-color: initial; color: initial;\">Banca:<\/strong><span style=\"background-color: initial; color: initial;\"> <a href=\"https:\/\/www.vunesp.com.br\/COLI2101\" target=\"_blank\" rel=\"noreferrer noopener\">Funda\u00e7\u00e3o Vunesp<\/a><\/span><\/li>\n\n\n\n<li><strong>Vagas:<\/strong> 1 + CR<\/li>\n\n\n\n<li><strong>Sal\u00e1rio inicial:<\/strong> R$ 1.971,69 a R$ 3.542,63 [\u00faltimo edita]<\/li>\n\n\n\n<li><strong>\u00daltimo Edital<\/strong>:\u00a0<a href=\"https:\/\/dhg1h5j42swfq.cloudfront.net\/2022\/02\/24122429\/camara-da-estancia-turistica-de-olimpia.pdf\" target=\"_blank\" rel=\"noreferrer noopener nofollow\">C\u00e2mara Ol\u00edmpia 2022<\/a><\/li>\n<\/ul>\n\n\n\n<p class=\"wp-block-paragraph\">A fim de te deixar sempre bem informado, elaboramos este artigo com as principais informa\u00e7\u00f5es e novidades sobre o concurso. Acompanhe os t\u00f3picos abaixo e n\u00e3o perca nenhum detalhe:<\/p>\n\n\n\n<ul id=\"indice\" class=\"wp-block-list\">\n<li><a href=\"#cargos-vagas\">\u00daltimo concurso <\/a>\n<ul class=\"wp-block-list\">\n<li><a href=\"#cargos-vagas\">Cargos e vagas<\/a>\n<ul class=\"wp-block-list\">\n<li><a href=\"#fundamental\">Fundamental<\/a><\/li>\n\n\n\n<li><a href=\"#medio\">M\u00e9dio<\/a><\/li>\n\n\n\n<li><a href=\"#superior\">Superior<\/a><\/li>\n<\/ul>\n<\/li>\n<\/ul>\n<\/li>\n\n\n\n<li><a href=\"#etapas\">Etapas e provas<\/a><\/li>\n\n\n\n<li><a href=\"#cursos\">Cursos e assinaturas<\/a><\/li>\n\n\n\n<li><a href=\"#ficha\">Ficha t\u00e9cnica<\/a><\/li>\n<\/ul>\n\n\n\n<h2 id=\"cargos-vagas\" class=\"wp-block-heading\">\u00daltimo concurso C\u00e2mara de Ol\u00edmpia: cargos e vagas<\/h2>\n\n\n\n<h3 id=\"fundamental\" class=\"wp-block-heading\">N\u00edvel fundamental<\/h3>\n\n\n\n<figure class=\"wp-block-table is-style-stripes\"><table class=\"has-background has-fixed-layout\" style=\"background-color:#d5c7a2\"><thead><tr><th class=\"has-text-align-center\" data-align=\"center\">CARGOS<\/th><th class=\"has-text-align-center\" data-align=\"center\">VAGAS<\/th><th class=\"has-text-align-center\" data-align=\"center\">SAL\u00c1RIO<\/th><\/tr><\/thead><tbody><tr><td class=\"has-text-align-center\" data-align=\"center\">Agente Operacional<\/td><td class=\"has-text-align-center\" data-align=\"center\">02<\/td><td class=\"has-text-align-center\" data-align=\"center\">R$ 1.971,69<\/td><\/tr><\/tbody><\/table><\/figure>\n\n\n\n<h3 id=\"medio\" class=\"wp-block-heading\">Ensino m\u00e9dio<\/h3>\n\n\n\n<figure class=\"wp-block-table is-style-stripes\"><table class=\"has-background has-fixed-layout\" style=\"background-color:#d5c7a2\"><thead><tr><th class=\"has-text-align-center\" data-align=\"center\">CARGOS<\/th><th class=\"has-text-align-center\" data-align=\"center\">VAGAS<\/th><th class=\"has-text-align-center\" data-align=\"center\">SAL\u00c1RIO<\/th><\/tr><\/thead><tbody><tr><td class=\"has-text-align-center\" data-align=\"center\">Agente Legislativo<\/td><td class=\"has-text-align-center\" data-align=\"center\">03<\/td><td class=\"has-text-align-center\" data-align=\"center\">R$ 2.291,14<\/td><\/tr><\/tbody><\/table><\/figure>\n\n\n\n<h3 id=\"superior\" class=\"wp-block-heading\">Curso superior<\/h3>\n\n\n\n<figure class=\"wp-block-table is-style-stripes\"><table class=\"has-background has-fixed-layout\" style=\"background-color:#d5c7a2\"><thead><tr><th class=\"has-text-align-center\" data-align=\"center\">CARGOS<\/th><th class=\"has-text-align-center\" data-align=\"center\">VAGAS<\/th><th class=\"has-text-align-center\" data-align=\"center\">SAL\u00c1RIO<\/th><\/tr><\/thead><tbody><tr><td class=\"has-text-align-center\" data-align=\"center\">Analista de Sistemas<\/td><td class=\"has-text-align-center\" data-align=\"center\">01<\/td><td class=\"has-text-align-center\" data-align=\"center\">R$ 3.542,63<\/td><\/tr><tr><td class=\"has-text-align-center\" data-align=\"center\">Analista Legislativo<\/td><td class=\"has-text-align-center\" data-align=\"center\">03<\/td><td class=\"has-text-align-center\" data-align=\"center\">R$ 3.542,63<\/td><\/tr><\/tbody><\/table><\/figure>\n\n\n\n<h3 id=\"beneficios\" class=\"wp-block-heading\">Benef\u00edcios<\/h3>\n\n\n\n<p class=\"wp-block-paragraph\">A C\u00e2mara Municipal da Est\u00e2ncia Tur\u00edstica de Ol\u00edmpia oferecer\u00e1 os seguintes benef\u00edcios:<\/p>\n\n\n\n<ul class=\"wp-block-list\">\n<li>a) Aux\u00edlio Alimenta\u00e7\u00e3o no valor de R$ 300,00 (trezentos reais) nos termos da Lei Municipal 4.712 de 16 de dezembro de 2021;<\/li>\n\n\n\n<li>b) Adicional de Escolaridade conforme previs\u00e3o do artigo 24 da Lei Complementar 03 de 14 de janeiro de 2021.<\/li>\n<\/ul>\n\n\n\n<h2 id=\"etapas\" class=\"wp-block-heading\">Etapas e provas do concurso C\u00e2mara de Ol\u00edmpia<\/h2>\n\n\n\n<p class=\"wp-block-paragraph\">A sele\u00e7\u00e3o dos candidatos do concurso da C\u00e2mara de Ol\u00edmpia foi realizada atrav\u00e9s de etapa \u00fanica, composta de Prova Objetiva, de car\u00e1ter eliminat\u00f3rio e classificat\u00f3rio, conforme abaixo:<\/p>\n\n\n\n<ul class=\"wp-block-list\">\n<li><strong>manh\u00e3<\/strong>: Agente Operacional e Agente Legislativo;<\/li>\n\n\n\n<li><strong>tarde<\/strong>: Analista de Sistemas e Analista Legislativo.<\/li>\n<\/ul>\n\n\n\n<p class=\"wp-block-paragraph\">Com dura\u00e7\u00e3o de 3 horas, a prova objetiva foi composta de quest\u00f5es de m\u00faltipla escolha, com 5 alternativas cada, sendo apenas uma alternativa correta.<\/p>\n\n\n\n<ul class=\"wp-block-list\">\n<li><strong>Agente Operacional:<\/strong>\n<ul class=\"wp-block-list\">\n<li><em>L\u00edngua Portuguesa &#8211; 15<\/em><\/li>\n\n\n\n<li><em>Matem\u00e1tica &#8211; 15<\/em><\/li>\n<\/ul>\n<\/li>\n<\/ul>\n\n\n\n<ul class=\"wp-block-list\">\n<li><strong>Agente Legislativo:<\/strong>\n<ul class=\"wp-block-list\">\n<li><em>L\u00edngua Portuguesa &#8211; 10<\/em><\/li>\n\n\n\n<li><em>No\u00e7\u00f5es de Inform\u00e1tica &#8211; 10<\/em><\/li>\n\n\n\n<li><em>Conhecimentos Espec\u00edficos &#8211; 20<\/em><\/li>\n<\/ul>\n<\/li>\n<\/ul>\n\n\n\n<ul class=\"wp-block-list\">\n<li><strong>Analista de Sistemas:<\/strong>\n<ul class=\"wp-block-list\">\n<li><em>L\u00edngua Portuguesa &#8211; 15<\/em><\/li>\n\n\n\n<li><em>Racioc\u00ednio L\u00f3gico &#8211; 05<\/em><\/li>\n\n\n\n<li><em>Legisla\u00e7\u00e3o &#8211; 05<\/em><\/li>\n\n\n\n<li><em>Conhecimentos Espec\u00edficos &#8211; 25<\/em><\/li>\n<\/ul>\n<\/li>\n<\/ul>\n\n\n\n<ul class=\"wp-block-list\">\n<li><strong>Analista Legislativo:<\/strong>\n<ul class=\"wp-block-list\">\n<li><em>L\u00edngua Portuguesa &#8211; 10<\/em><\/li>\n\n\n\n<li><em>No\u00e7\u00f5es de Inform\u00e1tica &#8211; 05<\/em><\/li>\n\n\n\n<li><em>Legisla\u00e7\u00e3o &#8211; 10<\/em><\/li>\n\n\n\n<li><em>Conhecimentos Espec\u00edficos &#8211; 25<\/em><\/li>\n<\/ul>\n<\/li>\n<\/ul>\n\n\n\n<p class=\"wp-block-paragraph\">A prova do concurso da C\u00e2mara de Ol\u00edmpia ser\u00e1 avaliada na escala de 0 a 100,00 pontos. A nota da prova objetiva ser\u00e1 obtida pela f\u00f3rmula:<\/p>\n\n\n\n<p class=\"has-text-align-center has-background wp-block-paragraph\" style=\"background-color:#eeeeee\">NP = (Na x100) \/ Tq<br \/>Onde:<br \/>NP = Nota da prova<br \/>Na = N\u00famero de acertos do candidato<br \/>Tq = Total de quest\u00f5es da prova objetiva<\/p>\n\n\n\n<p class=\"wp-block-paragraph\">Ser\u00e1 considerado habilitado na prova objetiva o candidato que obtiver nota igual ou superior a 50,00 pontos e n\u00e3o zerar em nenhum dos componentes dessa prova. <\/p>\n\n\n\n<hr class=\"wp-block-separator has-css-opacity\"\/>\n\n\n\n<h2 class=\"wp-block-heading has-text-align-center\" id=\"h-quer-saber-tudo-sobre-concursos-previstos-confira-nossos-artigos\">Quer saber tudo sobre concursos previstos?<br \/>Confira  nossos artigos!<\/h2>\n\n\n\n<ul class=\"wp-block-list\">\n<li><a href=\"https:\/\/www.estrategiaconcursos.com.br\/blog\/concursos-abertos\/\" target=\"_blank\" rel=\"noreferrer noopener\">Concursos abertos<\/a><\/li>\n\n\n\n<li><a href=\"https:\/\/www.estrategiaconcursos.com.br\/blog\/concursos-2026\/\" target=\"_blank\" rel=\"noreferrer noopener\">Concursos 2026<\/a><\/li>\n\n\n\n<li><a href=\"https:\/\/www.estrategiaconcursos.com.br\/blog\/concursos-2027\/\" target=\"_blank\" rel=\"noreferrer noopener\">Concursos 2027<\/a><\/li>\n<\/ul>\n\n\n\n<h2 class=\"wp-block-heading has-text-align-center\" id=\"cursos-assinatura\">Quer estudar para o concurso C\u00e2mara de Ol\u00edmpia?<\/h2>\n\n\n\n<div class=\"container\" id=\"boxes\">\n  <div class=\"row\">\n\n    <div class=\"col-sm\">\n      <div class=\"banner-legislativo\" id=\"box-assinatura\">\n        <h3 class=\"titulo-assinatura\">Concurso C\u00e2mara de Ol\u00edmpia<\/h3>\n        <p class=\"subtitulo-assinatura\">Conhe\u00e7a os cursos<\/p>\n        <div class=\"box-botao\">\n          <a class=\"btn-assinatura\" target=\"_blank\" href=\"https:\/\/www.estrategiaconcursos.com.br\/cursosPorConcurso\/area-legislativa-pacotes-promocionais\/\" role=\"button\" rel=\"noopener noreferrer\">Conhe\u00e7a mais<\/a>\n        <\/div>\n      <\/div>\n     \n    <\/div>\n\n  <\/div>\n<\/div>\n\n\n\n<div class=\"container\" id=\"boxes\">\n  <div class=\"row\">\n\n    <div class=\"col-sm\">\n      <div class=\"estrategia\" id=\"box-assinatura\">\n        <h3 class=\"titulo-assinatura\">Assinatura Concursos<\/h3>\n        <p class=\"subtitulo-assinatura\">Assinatura de 1 ano ou 2 anos<\/p>\n        <div class=\"box-botao\">\n          <a class=\"btn-assinatura\" target=\"_blank\" href=\"https:\/\/www.estrategiaconcursos.com.br\/blog\/assinaturas\/\" role=\"button\" rel=\"noopener noreferrer\">ASSINE AGORA<\/a>\n        <\/div>\n      <\/div><\/div><\/div><\/div>\n\n\n\n<figure class=\"wp-block-image size-large is-resized\"><img loading=\"lazy\" decoding=\"async\" width=\"1024\" height=\"632\" src=\"https:\/\/dhg1h5j42swfq.cloudfront.net\/2025\/06\/27101122\/ficha-tecnica-1-1024x632.png\" alt=\"Informa\u00e7\u00f5es do concurso C\u00e2mara de Ol\u00edmpia-SP\" class=\"wp-image-702728\" style=\"width:269px;height:166px\" srcset=\"https:\/\/dhg1h5j42swfq.cloudfront.net\/2025\/06\/27101122\/ficha-tecnica-1-1024x632.png 1024w, https:\/\/dhg1h5j42swfq.cloudfront.net\/2025\/06\/27101122\/ficha-tecnica-1-300x185.png 300w, https:\/\/dhg1h5j42swfq.cloudfront.net\/2025\/06\/27101122\/ficha-tecnica-1-768x474.png 768w, https:\/\/dhg1h5j42swfq.cloudfront.net\/2025\/06\/27101122\/ficha-tecnica-1-1536x948.png 1536w, https:\/\/dhg1h5j42swfq.cloudfront.net\/2025\/06\/27101122\/ficha-tecnica-1-610x377.png 610w, https:\/\/dhg1h5j42swfq.cloudfront.net\/2025\/06\/27101122\/ficha-tecnica-1.png 1571w\" sizes=\"auto, (max-width: 1024px) 100vw, 1024px\" \/><\/figure>\n\n\n\n<h3 id=\"ficha\" class=\"wp-block-heading\">Informa\u00e7\u00f5es do concurso C\u00e2mara de Ol\u00edmpia-SP<\/h3>\n\n\n\n<ul class=\"wp-block-list\">\n<li><strong style=\"color: initial;\">Ano<\/strong><span style=\"color: initial;\">: 2026<\/span><\/li>\n\n\n\n<li><strong>Vagas<\/strong>: 1 + CR<\/li>\n\n\n\n<li><strong>Cargos<\/strong>: V\u00e1rios<\/li>\n\n\n\n<li><strong>Banca<\/strong>: Vunesp<\/li>\n\n\n\n<li><strong>Escolaridade<\/strong>: n\u00edvel fundamental, m\u00e9dio e superior<\/li>\n\n\n\n<li><strong>\u00daltimo Edital<\/strong>:\u00a0<a href=\"https:\/\/dhg1h5j42swfq.cloudfront.net\/2022\/02\/24122429\/camara-da-estancia-turistica-de-olimpia.pdf\" target=\"_blank\" rel=\"noreferrer noopener nofollow\">C\u00e2mara Ol\u00edmpia<\/a><\/li>\n<\/ul>\n","protected":false},"excerpt":{"rendered":"<p>O Concurso C\u00e2mara de Ol\u00edmpia ter\u00e1 edital para todos os n\u00edveis de escolaridade! Se voc\u00ea est\u00e1 de olho em uma oportunidade no servi\u00e7o p\u00fablico, fique de olho nessa oportunidade! O Concurso C\u00e2mara de Ol\u00edmpia definiu a banca organizadora do seu novo edital. De acordo com o termo de refer\u00eancia, a banca organizadora prevista para tocar [&hellip;]<\/p>\n","protected":false},"author":656,"featured_media":996919,"comment_status":"open","ping_status":"closed","sticky":false,"template":"","format":"standard","meta":{"_acf_changed":false,"post_tipo":"news_page","footnotes":""},"categories":[2017],"tags":[],"tax_estado":[219989],"class_list":["post-976947","post","type-post","status-publish","format-standard","has-post-thumbnail","hentry","category-concursos-legislativos","tax_estado-sp"],"acf":[],"yoast_head":"<!-- This site is optimized with the Yoast SEO Premium plugin v28.1 (Yoast SEO v28.1) - https:\/\/yoast.com\/product\/yoast-seo-premium-wordpress\/ -->\n<title>Concurso C\u00e2mara de Ol\u00edmpia: Vunesp \u00e9 a banca!<\/title>\n<meta name=\"description\" content=\"Concurso C\u00e2mara de Ol\u00edmpia: Vunesp \u00e9 a banca organizadora do certame. Edital iminente para diversos n\u00edveis de escolaridade.\" \/>\n<meta name=\"robots\" content=\"index, follow, max-snippet:-1, max-image-preview:large, max-video-preview:-1\" \/>\n<link rel=\"canonical\" href=\"https:\/\/www.estrategiaconcursos.com.br\/blog\/concurso-camara-de-olimpia\/\" \/>\n<meta property=\"og:locale\" content=\"pt_BR\" \/>\n<meta property=\"og:type\" content=\"article\" \/>\n<meta property=\"og:title\" content=\"Concurso C\u00e2mara de Ol\u00edmpia: Vunesp \u00e9 a banca!\" \/>\n<meta property=\"og:description\" content=\"Concurso C\u00e2mara de Ol\u00edmpia: Vunesp \u00e9 a banca organizadora do certame. Edital iminente para diversos n\u00edveis de escolaridade.\" \/>\n<meta property=\"og:url\" content=\"https:\/\/www.estrategiaconcursos.com.br\/blog\/concurso-camara-de-olimpia\/\" \/>\n<meta property=\"og:site_name\" content=\"Estrat\u00e9gia Concursos\" \/>\n<meta property=\"article:published_time\" content=\"2026-09-04T15:09:00+00:00\" \/>\n<meta property=\"article:modified_time\" content=\"2026-09-04T15:30:41+00:00\" \/>\n<meta property=\"og:image\" content=\"https:\/\/dhg1h5j42swfq.cloudfront.net\/2022\/03\/29150014\/camara-de-olimpia-sp.jpg\" \/>\n\t<meta property=\"og:image:width\" content=\"768\" \/>\n\t<meta property=\"og:image:height\" content=\"432\" \/>\n\t<meta property=\"og:image:type\" content=\"image\/jpeg\" \/>\n<meta name=\"author\" content=\"F\u00e1bio Scaldelai\" \/>\n<meta name=\"twitter:card\" content=\"summary_large_image\" \/>\n<meta name=\"twitter:creator\" content=\"@EstratConcursos\" \/>\n<meta name=\"twitter:site\" content=\"@EstratConcursos\" \/>\n<meta name=\"twitter:label1\" content=\"Escrito por\" \/>\n\t<meta name=\"twitter:data1\" content=\"F\u00e1bio Scaldelai\" \/>\n\t<meta name=\"twitter:label2\" content=\"Est. tempo de leitura\" \/>\n\t<meta name=\"twitter:data2\" content=\"3 minutos\" \/>\n<script type=\"application\/ld+json\" class=\"yoast-schema-graph\">{\"@context\":\"https:\\\/\\\/schema.org\",\"@graph\":[{\"@type\":\"NewsArticle\",\"@id\":\"https:\\\/\\\/www.estrategiaconcursos.com.br\\\/blog\\\/concurso-camara-de-olimpia\\\/#article\",\"isPartOf\":{\"@id\":\"https:\\\/\\\/www.estrategiaconcursos.com.br\\\/blog\\\/concurso-camara-de-olimpia\\\/\"},\"author\":{\"name\":\"F\u00e1bio Scaldelai\",\"@id\":\"https:\\\/\\\/blog-estrategia.mystagingwebsite.com\\\/#\\\/schema\\\/person\\\/e3b6b7ce0192dd4ad270655969d61750\"},\"headline\":\"Concurso C\u00e2mara de Ol\u00edmpia: Vunesp \u00e9 a banca!\",\"datePublished\":\"2026-09-04T15:09:00+00:00\",\"dateModified\":\"2026-09-04T15:30:41+00:00\",\"mainEntityOfPage\":{\"@id\":\"https:\\\/\\\/www.estrategiaconcursos.com.br\\\/blog\\\/concurso-camara-de-olimpia\\\/\"},\"wordCount\":690,\"commentCount\":0,\"publisher\":{\"@id\":\"https:\\\/\\\/blog-estrategia.mystagingwebsite.com\\\/#organization\"},\"image\":{\"@id\":\"https:\\\/\\\/www.estrategiaconcursos.com.br\\\/blog\\\/concurso-camara-de-olimpia\\\/#primaryimage\"},\"thumbnailUrl\":\"https:\\\/\\\/dhg1h5j42swfq.cloudfront.net\\\/2022\\\/03\\\/29150014\\\/camara-de-olimpia-sp.jpg\",\"articleSection\":[\"Legislativo\"],\"inLanguage\":\"pt-BR\",\"potentialAction\":[{\"@type\":\"CommentAction\",\"name\":\"Comment\",\"target\":[\"https:\\\/\\\/www.estrategiaconcursos.com.br\\\/blog\\\/concurso-camara-de-olimpia\\\/#respond\"]}],\"copyrightYear\":\"2026\",\"copyrightHolder\":{\"@id\":\"https:\\\/\\\/www.estrategiaconcursos.com.br\\\/blog\\\/#organization\"}},{\"@type\":\"WebPage\",\"@id\":\"https:\\\/\\\/www.estrategiaconcursos.com.br\\\/blog\\\/concurso-camara-de-olimpia\\\/\",\"url\":\"https:\\\/\\\/www.estrategiaconcursos.com.br\\\/blog\\\/concurso-camara-de-olimpia\\\/\",\"name\":\"Concurso C\u00e2mara de Ol\u00edmpia: Vunesp \u00e9 a banca!\",\"isPartOf\":{\"@id\":\"https:\\\/\\\/blog-estrategia.mystagingwebsite.com\\\/#website\"},\"primaryImageOfPage\":{\"@id\":\"https:\\\/\\\/www.estrategiaconcursos.com.br\\\/blog\\\/concurso-camara-de-olimpia\\\/#primaryimage\"},\"image\":{\"@id\":\"https:\\\/\\\/www.estrategiaconcursos.com.br\\\/blog\\\/concurso-camara-de-olimpia\\\/#primaryimage\"},\"thumbnailUrl\":\"https:\\\/\\\/dhg1h5j42swfq.cloudfront.net\\\/2022\\\/03\\\/29150014\\\/camara-de-olimpia-sp.jpg\",\"datePublished\":\"2026-09-04T15:09:00+00:00\",\"dateModified\":\"2026-09-04T15:30:41+00:00\",\"description\":\"Concurso C\u00e2mara de Ol\u00edmpia: Vunesp \u00e9 a banca organizadora do certame. Edital iminente para diversos n\u00edveis de escolaridade.\",\"breadcrumb\":{\"@id\":\"https:\\\/\\\/www.estrategiaconcursos.com.br\\\/blog\\\/concurso-camara-de-olimpia\\\/#breadcrumb\"},\"inLanguage\":\"pt-BR\",\"potentialAction\":[{\"@type\":\"ReadAction\",\"target\":[\"https:\\\/\\\/www.estrategiaconcursos.com.br\\\/blog\\\/concurso-camara-de-olimpia\\\/\"]}]},{\"@type\":\"ImageObject\",\"inLanguage\":\"pt-BR\",\"@id\":\"https:\\\/\\\/www.estrategiaconcursos.com.br\\\/blog\\\/concurso-camara-de-olimpia\\\/#primaryimage\",\"url\":\"https:\\\/\\\/dhg1h5j42swfq.cloudfront.net\\\/2022\\\/03\\\/29150014\\\/camara-de-olimpia-sp.jpg\",\"contentUrl\":\"https:\\\/\\\/dhg1h5j42swfq.cloudfront.net\\\/2022\\\/03\\\/29150014\\\/camara-de-olimpia-sp.jpg\",\"width\":768,\"height\":432,\"caption\":\"C\u00e2mara de Ol\u00edmpia-SP\"},{\"@type\":\"BreadcrumbList\",\"@id\":\"https:\\\/\\\/www.estrategiaconcursos.com.br\\\/blog\\\/concurso-camara-de-olimpia\\\/#breadcrumb\",\"itemListElement\":[{\"@type\":\"ListItem\",\"position\":1,\"name\":\"In\u00edcio\",\"item\":\"https:\\\/\\\/blog-estrategia.mystagingwebsite.com\\\/\"},{\"@type\":\"ListItem\",\"position\":2,\"name\":\"Concurso C\u00e2mara de Ol\u00edmpia: Vunesp \u00e9 a banca!\"}]},{\"@type\":\"WebSite\",\"@id\":\"https:\\\/\\\/blog-estrategia.mystagingwebsite.com\\\/#website\",\"url\":\"https:\\\/\\\/blog-estrategia.mystagingwebsite.com\\\/\",\"name\":\"Estrat\u00e9gia Concursos\",\"description\":\"O blog da Estrat\u00e9gia Concursos traz not\u00edcias sobre concursos e artigos de professores oferecendo cursos para concursos (pdf + videaulas) no site.\",\"publisher\":{\"@id\":\"https:\\\/\\\/blog-estrategia.mystagingwebsite.com\\\/#organization\"},\"potentialAction\":[{\"@type\":\"SearchAction\",\"target\":{\"@type\":\"EntryPoint\",\"urlTemplate\":\"https:\\\/\\\/blog-estrategia.mystagingwebsite.com\\\/?s={search_term_string}\"},\"query-input\":{\"@type\":\"PropertyValueSpecification\",\"valueRequired\":true,\"valueName\":\"search_term_string\"}}],\"inLanguage\":\"pt-BR\"},{\"@type\":\"Organization\",\"@id\":\"https:\\\/\\\/blog-estrategia.mystagingwebsite.com\\\/#organization\",\"name\":\"Estrat\u00e9gia Concursos\",\"url\":\"https:\\\/\\\/blog-estrategia.mystagingwebsite.com\\\/\",\"logo\":{\"@type\":\"ImageObject\",\"inLanguage\":\"pt-BR\",\"@id\":\"https:\\\/\\\/blog-estrategia.mystagingwebsite.com\\\/#\\\/schema\\\/logo\\\/image\\\/\",\"url\":\"https:\\\/\\\/dhg1h5j42swfq.cloudfront.net\\\/2025\\\/06\\\/03203428\\\/logo_concursos-1.jpg\",\"contentUrl\":\"https:\\\/\\\/dhg1h5j42swfq.cloudfront.net\\\/2025\\\/06\\\/03203428\\\/logo_concursos-1.jpg\",\"width\":230,\"height\":60,\"caption\":\"Estrat\u00e9gia Concursos\"},\"image\":{\"@id\":\"https:\\\/\\\/blog-estrategia.mystagingwebsite.com\\\/#\\\/schema\\\/logo\\\/image\\\/\"},\"sameAs\":[\"https:\\\/\\\/x.com\\\/EstratConcursos\"]},{\"@type\":\"Person\",\"@id\":\"https:\\\/\\\/blog-estrategia.mystagingwebsite.com\\\/#\\\/schema\\\/person\\\/e3b6b7ce0192dd4ad270655969d61750\",\"name\":\"F\u00e1bio Scaldelai\",\"image\":{\"@type\":\"ImageObject\",\"inLanguage\":\"pt-BR\",\"@id\":\"https:\\\/\\\/secure.gravatar.com\\\/avatar\\\/8ed7492c4d88d8495bc0cb24cda6847b8ae23eec459a919e08e77d0ca0fd79ec?s=96&d=mm&r=g\",\"url\":\"https:\\\/\\\/secure.gravatar.com\\\/avatar\\\/8ed7492c4d88d8495bc0cb24cda6847b8ae23eec459a919e08e77d0ca0fd79ec?s=96&d=mm&r=g\",\"contentUrl\":\"https:\\\/\\\/secure.gravatar.com\\\/avatar\\\/8ed7492c4d88d8495bc0cb24cda6847b8ae23eec459a919e08e77d0ca0fd79ec?s=96&d=mm&r=g\",\"caption\":\"F\u00e1bio Scaldelai\"},\"description\":\"Jornalista no Estrat\u00e9gia Concursos e Produtor de Televis\u00e3o, formado em Jornalismo, R\u00e1dio e TV pela Faculdade Integrada Rio Branco, com especializa\u00e7\u00f5es em Gest\u00e3o Empresarial e Marketing pelo M\u00f3dulo. Atuou como produtor no SBT, TV Bandeirantes e R\u00e1dio Band FM, al\u00e9m de acumular tr\u00eas anos de experi\u00eancia no setor de concursos p\u00fablicos pela LFG (Luiz Fl\u00e1vio Gomes). No Estrat\u00e9gia Concursos, atua na apura\u00e7\u00e3o de not\u00edcias da \u00e1rea fiscal, al\u00e9m de coberturas sobre concursos das \u00e1reas de controle (TCU, TCE, etc), concurso AFT, \u00e1rea de gest\u00e3o e administrativa, bem como dos \u00f3rg\u00e3os participantes do CNU. Tamb\u00e9m possui experi\u00eancia em link building e an\u00e1lise de m\u00eddia, adquirida durante sua atua\u00e7\u00e3o na ag\u00eancia SEO Marketing.\",\"url\":\"https:\\\/\\\/www.estrategiaconcursos.com.br\\\/blog\\\/author\\\/fabio-scaldelaiestrategiaconcursos-com-br\\\/\"}]}<\/script>\n<!-- \/ Yoast SEO Premium plugin. -->","yoast_head_json":{"title":"Concurso C\u00e2mara de Ol\u00edmpia: Vunesp \u00e9 a banca!","description":"Concurso C\u00e2mara de Ol\u00edmpia: Vunesp \u00e9 a banca organizadora do certame. Edital iminente para diversos n\u00edveis de escolaridade.","robots":{"index":"index","follow":"follow","max-snippet":"max-snippet:-1","max-image-preview":"max-image-preview:large","max-video-preview":"max-video-preview:-1"},"canonical":"https:\/\/www.estrategiaconcursos.com.br\/blog\/concurso-camara-de-olimpia\/","og_locale":"pt_BR","og_type":"article","og_title":"Concurso C\u00e2mara de Ol\u00edmpia: Vunesp \u00e9 a banca!","og_description":"Concurso C\u00e2mara de Ol\u00edmpia: Vunesp \u00e9 a banca organizadora do certame. Edital iminente para diversos n\u00edveis de escolaridade.","og_url":"https:\/\/www.estrategiaconcursos.com.br\/blog\/concurso-camara-de-olimpia\/","og_site_name":"Estrat\u00e9gia Concursos","article_published_time":"2026-09-04T15:09:00+00:00","article_modified_time":"2026-09-04T15:30:41+00:00","og_image":[{"width":768,"height":432,"url":"https:\/\/dhg1h5j42swfq.cloudfront.net\/2022\/03\/29150014\/camara-de-olimpia-sp.jpg","type":"image\/jpeg"}],"author":"F\u00e1bio Scaldelai","twitter_card":"summary_large_image","twitter_creator":"@EstratConcursos","twitter_site":"@EstratConcursos","twitter_misc":{"Escrito por":"F\u00e1bio Scaldelai","Est. tempo de leitura":"3 minutos"},"schema":{"@context":"https:\/\/schema.org","@graph":[{"@type":"NewsArticle","@id":"https:\/\/www.estrategiaconcursos.com.br\/blog\/concurso-camara-de-olimpia\/#article","isPartOf":{"@id":"https:\/\/www.estrategiaconcursos.com.br\/blog\/concurso-camara-de-olimpia\/"},"author":{"name":"F\u00e1bio Scaldelai","@id":"https:\/\/blog-estrategia.mystagingwebsite.com\/#\/schema\/person\/e3b6b7ce0192dd4ad270655969d61750"},"headline":"Concurso C\u00e2mara de Ol\u00edmpia: Vunesp \u00e9 a banca!","datePublished":"2026-09-04T15:09:00+00:00","dateModified":"2026-09-04T15:30:41+00:00","mainEntityOfPage":{"@id":"https:\/\/www.estrategiaconcursos.com.br\/blog\/concurso-camara-de-olimpia\/"},"wordCount":690,"commentCount":0,"publisher":{"@id":"https:\/\/blog-estrategia.mystagingwebsite.com\/#organization"},"image":{"@id":"https:\/\/www.estrategiaconcursos.com.br\/blog\/concurso-camara-de-olimpia\/#primaryimage"},"thumbnailUrl":"https:\/\/dhg1h5j42swfq.cloudfront.net\/2022\/03\/29150014\/camara-de-olimpia-sp.jpg","articleSection":["Legislativo"],"inLanguage":"pt-BR","potentialAction":[{"@type":"CommentAction","name":"Comment","target":["https:\/\/www.estrategiaconcursos.com.br\/blog\/concurso-camara-de-olimpia\/#respond"]}],"copyrightYear":"2026","copyrightHolder":{"@id":"https:\/\/www.estrategiaconcursos.com.br\/blog\/#organization"}},{"@type":"WebPage","@id":"https:\/\/www.estrategiaconcursos.com.br\/blog\/concurso-camara-de-olimpia\/","url":"https:\/\/www.estrategiaconcursos.com.br\/blog\/concurso-camara-de-olimpia\/","name":"Concurso C\u00e2mara de Ol\u00edmpia: Vunesp \u00e9 a banca!","isPartOf":{"@id":"https:\/\/blog-estrategia.mystagingwebsite.com\/#website"},"primaryImageOfPage":{"@id":"https:\/\/www.estrategiaconcursos.com.br\/blog\/concurso-camara-de-olimpia\/#primaryimage"},"image":{"@id":"https:\/\/www.estrategiaconcursos.com.br\/blog\/concurso-camara-de-olimpia\/#primaryimage"},"thumbnailUrl":"https:\/\/dhg1h5j42swfq.cloudfront.net\/2022\/03\/29150014\/camara-de-olimpia-sp.jpg","datePublished":"2026-09-04T15:09:00+00:00","dateModified":"2026-09-04T15:30:41+00:00","description":"Concurso C\u00e2mara de Ol\u00edmpia: Vunesp \u00e9 a banca organizadora do certame. Edital iminente para diversos n\u00edveis de escolaridade.","breadcrumb":{"@id":"https:\/\/www.estrategiaconcursos.com.br\/blog\/concurso-camara-de-olimpia\/#breadcrumb"},"inLanguage":"pt-BR","potentialAction":[{"@type":"ReadAction","target":["https:\/\/www.estrategiaconcursos.com.br\/blog\/concurso-camara-de-olimpia\/"]}]},{"@type":"ImageObject","inLanguage":"pt-BR","@id":"https:\/\/www.estrategiaconcursos.com.br\/blog\/concurso-camara-de-olimpia\/#primaryimage","url":"https:\/\/dhg1h5j42swfq.cloudfront.net\/2022\/03\/29150014\/camara-de-olimpia-sp.jpg","contentUrl":"https:\/\/dhg1h5j42swfq.cloudfront.net\/2022\/03\/29150014\/camara-de-olimpia-sp.jpg","width":768,"height":432,"caption":"C\u00e2mara de Ol\u00edmpia-SP"},{"@type":"BreadcrumbList","@id":"https:\/\/www.estrategiaconcursos.com.br\/blog\/concurso-camara-de-olimpia\/#breadcrumb","itemListElement":[{"@type":"ListItem","position":1,"name":"In\u00edcio","item":"https:\/\/blog-estrategia.mystagingwebsite.com\/"},{"@type":"ListItem","position":2,"name":"Concurso C\u00e2mara de Ol\u00edmpia: Vunesp \u00e9 a banca!"}]},{"@type":"WebSite","@id":"https:\/\/blog-estrategia.mystagingwebsite.com\/#website","url":"https:\/\/blog-estrategia.mystagingwebsite.com\/","name":"Estrat\u00e9gia Concursos","description":"O blog da Estrat\u00e9gia Concursos traz not\u00edcias sobre concursos e artigos de professores oferecendo cursos para concursos (pdf + videaulas) no site.","publisher":{"@id":"https:\/\/blog-estrategia.mystagingwebsite.com\/#organization"},"potentialAction":[{"@type":"SearchAction","target":{"@type":"EntryPoint","urlTemplate":"https:\/\/blog-estrategia.mystagingwebsite.com\/?s={search_term_string}"},"query-input":{"@type":"PropertyValueSpecification","valueRequired":true,"valueName":"search_term_string"}}],"inLanguage":"pt-BR"},{"@type":"Organization","@id":"https:\/\/blog-estrategia.mystagingwebsite.com\/#organization","name":"Estrat\u00e9gia Concursos","url":"https:\/\/blog-estrategia.mystagingwebsite.com\/","logo":{"@type":"ImageObject","inLanguage":"pt-BR","@id":"https:\/\/blog-estrategia.mystagingwebsite.com\/#\/schema\/logo\/image\/","url":"https:\/\/dhg1h5j42swfq.cloudfront.net\/2025\/06\/03203428\/logo_concursos-1.jpg","contentUrl":"https:\/\/dhg1h5j42swfq.cloudfront.net\/2025\/06\/03203428\/logo_concursos-1.jpg","width":230,"height":60,"caption":"Estrat\u00e9gia Concursos"},"image":{"@id":"https:\/\/blog-estrategia.mystagingwebsite.com\/#\/schema\/logo\/image\/"},"sameAs":["https:\/\/x.com\/EstratConcursos"]},{"@type":"Person","@id":"https:\/\/blog-estrategia.mystagingwebsite.com\/#\/schema\/person\/e3b6b7ce0192dd4ad270655969d61750","name":"F\u00e1bio Scaldelai","image":{"@type":"ImageObject","inLanguage":"pt-BR","@id":"https:\/\/secure.gravatar.com\/avatar\/8ed7492c4d88d8495bc0cb24cda6847b8ae23eec459a919e08e77d0ca0fd79ec?s=96&d=mm&r=g","url":"https:\/\/secure.gravatar.com\/avatar\/8ed7492c4d88d8495bc0cb24cda6847b8ae23eec459a919e08e77d0ca0fd79ec?s=96&d=mm&r=g","contentUrl":"https:\/\/secure.gravatar.com\/avatar\/8ed7492c4d88d8495bc0cb24cda6847b8ae23eec459a919e08e77d0ca0fd79ec?s=96&d=mm&r=g","caption":"F\u00e1bio Scaldelai"},"description":"Jornalista no Estrat\u00e9gia Concursos e Produtor de Televis\u00e3o, formado em Jornalismo, R\u00e1dio e TV pela Faculdade Integrada Rio Branco, com especializa\u00e7\u00f5es em Gest\u00e3o Empresarial e Marketing pelo M\u00f3dulo. Atuou como produtor no SBT, TV Bandeirantes e R\u00e1dio Band FM, al\u00e9m de acumular tr\u00eas anos de experi\u00eancia no setor de concursos p\u00fablicos pela LFG (Luiz Fl\u00e1vio Gomes). No Estrat\u00e9gia Concursos, atua na apura\u00e7\u00e3o de not\u00edcias da \u00e1rea fiscal, al\u00e9m de coberturas sobre concursos das \u00e1reas de controle (TCU, TCE, etc), concurso AFT, \u00e1rea de gest\u00e3o e administrativa, bem como dos \u00f3rg\u00e3os participantes do CNU. Tamb\u00e9m possui experi\u00eancia em link building e an\u00e1lise de m\u00eddia, adquirida durante sua atua\u00e7\u00e3o na ag\u00eancia SEO Marketing.","url":"https:\/\/www.estrategiaconcursos.com.br\/blog\/author\/fabio-scaldelaiestrategiaconcursos-com-br\/"}]}},"_links":{"self":[{"href":"https:\/\/www.estrategiaconcursos.com.br\/blog\/wp-json\/wp\/v2\/posts\/976947","targetHints":{"allow":["GET"]}}],"collection":[{"href":"https:\/\/www.estrategiaconcursos.com.br\/blog\/wp-json\/wp\/v2\/posts"}],"about":[{"href":"https:\/\/www.estrategiaconcursos.com.br\/blog\/wp-json\/wp\/v2\/types\/post"}],"author":[{"embeddable":true,"href":"https:\/\/www.estrategiaconcursos.com.br\/blog\/wp-json\/wp\/v2\/users\/656"}],"replies":[{"embeddable":true,"href":"https:\/\/www.estrategiaconcursos.com.br\/blog\/wp-json\/wp\/v2\/comments?post=976947"}],"version-history":[{"count":3,"href":"https:\/\/www.estrategiaconcursos.com.br\/blog\/wp-json\/wp\/v2\/posts\/976947\/revisions"}],"predecessor-version":[{"id":1806010,"href":"https:\/\/www.estrategiaconcursos.com.br\/blog\/wp-json\/wp\/v2\/posts\/976947\/revisions\/1806010"}],"wp:featuredmedia":[{"embeddable":true,"href":"https:\/\/www.estrategiaconcursos.com.br\/blog\/wp-json\/wp\/v2\/media\/996919"}],"wp:attachment":[{"href":"https:\/\/www.estrategiaconcursos.com.br\/blog\/wp-json\/wp\/v2\/media?parent=976947"}],"wp:term":[{"taxonomy":"category","embeddable":true,"href":"https:\/\/www.estrategiaconcursos.com.br\/blog\/wp-json\/wp\/v2\/categories?post=976947"},{"taxonomy":"post_tag","embeddable":true,"href":"https:\/\/www.estrategiaconcursos.com.br\/blog\/wp-json\/wp\/v2\/tags?post=976947"},{"taxonomy":"tax_estado","embeddable":true,"href":"https:\/\/www.estrategiaconcursos.com.br\/blog\/wp-json\/wp\/v2\/tax_estado?post=976947"}],"curies":[{"name":"wp","href":"https:\/\/api.w.org\/{rel}","templated":true}]}}