{"id":976895,"date":"2022-03-02T09:00:00","date_gmt":"2022-03-02T12:00:00","guid":{"rendered":"https:\/\/www.estrategiaconcursos.com.br\/blog\/?p=976895"},"modified":"2023-02-22T11:13:39","modified_gmt":"2023-02-22T14:13:39","slug":"concurso-publico-provas-marco-2022","status":"publish","type":"post","link":"https:\/\/www.estrategiaconcursos.com.br\/blog\/concurso-publico-provas-marco-2022\/","title":{"rendered":"Concurso P\u00fablico: as principais provas marcadas para mar\u00e7o"},"content":{"rendered":"\n<p>J\u00e1 estamos no terceiro m\u00eas do ano de 2022 e essas pr\u00f3ximas semanas devem ser decisivas para muitos concurseiros.<\/p>\n\n\n\n<p>Isso porque importantes certames ter\u00e3o suas provas aplicadas nos pr\u00f3ximos dias. Como exemplo, podemos citar <strong>CGU <\/strong>e <strong>TCU<\/strong>; grandes editais da <a href=\"https:\/\/www.estrategiaconcursos.com.br\/blog\/3-concursos-controle-provas-em-marco\/\" target=\"_blank\" rel=\"noreferrer noopener\">\u00e1rea de controle<\/a>, publicados no final do ano passado.<\/p>\n\n\n\n<p>Ao longo deste artigo, reunimos as <strong>principais sele\u00e7\u00f5es <\/strong>que ser\u00e3o realizadas ao longo de <strong>mar\u00e7o<\/strong>. Dentre elas, oportunidades nas \u00e1reas da seguran\u00e7a p\u00fablica, fiscal e carreiras jur\u00eddicas. Confira:<\/p>\n\n\n\n<ul class=\"wp-block-list\">\n<li><a href=\"#policial\">Seguran\u00e7a P\u00fablica<\/a><\/li>\n\n\n\n<li><a href=\"#tribunais\">Tribunais<\/a><\/li>\n\n\n\n<li><a href=\"#fiscal\">Fiscal<\/a><\/li>\n\n\n\n<li><a href=\"#controle\">Controle e Gest\u00e3o<\/a><\/li>\n\n\n\n<li><a href=\"#edu\">Educa\u00e7\u00e3o<\/a><\/li>\n\n\n\n<li><a href=\"#ecj\">Carreiras Jur\u00eddicas<\/a><\/li>\n\n\n\n<li><a href=\"#outras\">Outras \u00e1reas<\/a><\/li>\n<\/ul>\n\n\n\n<div class=\"container\" id=\"boxes\">\n  <div class=\"row\">\n\n    <div class=\"col-sm\">\n      <div class=\"estrategia\" id=\"box-assinatura\">\n        <h3 class=\"titulo-assinatura\">Assinatura Concursos<\/h3>\n        <p class=\"subtitulo-assinatura\">Assinatura de 1 ano ou 2 anos<\/p>\n        <div class=\"box-botao\">\n          <a class=\"btn-assinatura\" target=\"_blank\" href=\"https:\/\/www.estrategiaconcursos.com.br\/assinaturas\/\" role=\"button\" rel=\"noopener noreferrer\">ASSINE AGORA<\/a>\n        <\/div>\n      <\/div>\n     \n    <\/div><\/div><\/div>\n\n\n\n<h2 class=\"wp-block-heading\" id=\"h-confira-as-principais-provas-do-mes-de-marco\">Confira as principais provas do m\u00eas de mar\u00e7o:<\/h2>\n\n\n\n<h3 class=\"has-text-align-center has-black-color has-text-color has-background wp-block-heading\" id=\"policial\" style=\"background-color:#d9c7ea\"> Seguran\u00e7a P\u00fablica <\/h3>\n\n\n\n<h3 class=\"wp-block-heading\" id=\"concurso-spgg-rs\"><a href=\"https:\/\/www.estrategiaconcursos.com.br\/blog\/concurso-pm-ce\/\" target=\"_blank\" rel=\"noreferrer noopener\">Concurso PM CE<\/a><\/h3>\n\n\n\n<ul class=\"wp-block-list\">\n<li><strong>Data da prova:&nbsp;<\/strong>13\/03<\/li>\n\n\n\n<li><strong>Banca:&nbsp;<\/strong><a href=\"https:\/\/conhecimento.fgv.br\/concursos\" target=\"_blank\" rel=\"noreferrer noopener\">FGV<\/a><\/li>\n\n\n\n<li><strong>Cargos:<\/strong>&nbsp;Oficial<\/li>\n\n\n\n<li><strong>Forma\u00e7\u00e3o:&nbsp;<\/strong>N\u00edvel superior<\/li>\n\n\n\n<li><strong>Vagas:<\/strong> 3.000<\/li>\n\n\n\n<li><strong>Sal\u00e1rio:<\/strong>&nbsp;R$ 4.192,72 (ap\u00f3s o curso de forma\u00e7\u00e3o) <\/li>\n\n\n\n<li><a href=\"https:\/\/www.estrategiaconcursos.com.br\/curso\/pacote-completo-p-pm-ce-oficial-2021-pre-edital\/\" target=\"_blank\" rel=\"noreferrer noopener\">Curso para PM CE<\/a><\/li>\n<\/ul>\n\n\n\n<h3 class=\"wp-block-heading\" id=\"concurso-spgg-rs\"><a href=\"https:\/\/www.estrategiaconcursos.com.br\/blog\/concurso-ssp-am\/\" target=\"_blank\" rel=\"noreferrer noopener\">Concurso SSP AM<\/a><\/h3>\n\n\n\n<ul class=\"wp-block-list\">\n<li><strong>Data da prova:&nbsp;<\/strong>13\/03<\/li>\n\n\n\n<li><strong>Banca:&nbsp;<\/strong>FGV<\/li>\n\n\n\n<li><strong>Cargos:<\/strong>&nbsp;Assistente Operacional e T\u00e9cnico de N\u00edvel Superior<\/li>\n\n\n\n<li><strong>Forma\u00e7\u00e3o:&nbsp;<\/strong>N\u00edvel m\u00e9dio e superior<\/li>\n\n\n\n<li><strong>Vagas:<\/strong> 150<\/li>\n\n\n\n<li><strong>Sal\u00e1rio:<\/strong>&nbsp;R$ 1.350,19 e 2.764,68<\/li>\n\n\n\n<li><a href=\"https:\/\/www.estrategiaconcursos.com.br\/cursosPorConcurso\/secretaria-de-seguranca-publica-do-amazonas-ssp-am\/\" target=\"_blank\" rel=\"noreferrer noopener\">Curso para SSP AM<\/a><\/li>\n<\/ul>\n\n\n\n<h3 class=\"wp-block-heading\" id=\"concurso-spgg-rs\"><a href=\"https:\/\/www.estrategiaconcursos.com.br\/blog\/concurso-agente-penitenciario-mg\/\" target=\"_blank\" rel=\"noreferrer noopener\">Concurso Pol\u00edcia Penal MG<\/a><\/h3>\n\n\n\n<ul class=\"wp-block-list\">\n<li><strong>Data da prova:&nbsp;<\/strong>13\/03<\/li>\n\n\n\n<li><strong>Banca:&nbsp;<\/strong>Instituto Selecon<\/li>\n\n\n\n<li><strong>Cargos:<\/strong>&nbsp;Agente de Seguran\u00e7a Penitenci\u00e1rio<\/li>\n\n\n\n<li><strong>Forma\u00e7\u00e3o:&nbsp;<\/strong>N\u00edvel m\u00e9dio<\/li>\n\n\n\n<li><strong>Vagas:<\/strong> 2.420<\/li>\n\n\n\n<li><strong>Sal\u00e1rio:<\/strong>&nbsp;R$ 4.631,25<\/li>\n\n\n\n<li><a href=\"https:\/\/www.estrategiaconcursos.com.br\/cursosPorConcurso\/agepen-mg\/\" target=\"_blank\" rel=\"noreferrer noopener\">Curso para PPMG<\/a><\/li>\n<\/ul>\n\n\n\n<h3 class=\"wp-block-heading\" id=\"concurso-spgg-rs\"><a href=\"https:\/\/www.estrategiaconcursos.com.br\/blog\/concurso-pm-sp\/\" target=\"_blank\" rel=\"noreferrer noopener\">Concurso PM SP<\/a><\/h3>\n\n\n\n<ul class=\"wp-block-list\">\n<li><strong>Data da prova:&nbsp;<\/strong>20\/03<\/li>\n\n\n\n<li><strong>Banca:&nbsp;<\/strong>Vunesp<\/li>\n\n\n\n<li><strong>Cargos:<\/strong>&nbsp;Aluno-Oficial<\/li>\n\n\n\n<li><strong>Forma\u00e7\u00e3o:&nbsp;<\/strong>N\u00edvel m\u00e9dio<\/li>\n\n\n\n<li><strong>Vagas:<\/strong> 220<\/li>\n\n\n\n<li><strong>Sal\u00e1rio:<\/strong>&nbsp;R$ 3.310,13<\/li>\n\n\n\n<li><a href=\"https:\/\/www.estrategiaconcursos.com.br\/curso\/pm-sp-oficial-pacote-2021-pos-edital\/\" target=\"_blank\" rel=\"noreferrer noopener\">Curso para PM SP<\/a><\/li>\n<\/ul>\n\n\n\n<h3 class=\"wp-block-heading\" id=\"concurso-spgg-rs\"><a href=\"https:\/\/www.estrategiaconcursos.com.br\/blog\/concurso-susepe-rs\/\" target=\"_blank\" rel=\"noreferrer noopener\">Concurso SUSEPE RS<\/a><\/h3>\n\n\n\n<ul class=\"wp-block-list\">\n<li><strong>Data da prova:&nbsp;<\/strong>27\/03<\/li>\n\n\n\n<li><strong>Banca:&nbsp;<\/strong>Fundatec<\/li>\n\n\n\n<li><strong>Cargos:<\/strong>&nbsp;V\u00e1rios<\/li>\n\n\n\n<li><strong>Forma\u00e7\u00e3o:&nbsp;<\/strong>N\u00edvel m\u00e9dio e superior<\/li>\n\n\n\n<li><strong>Vagas:<\/strong> 80<\/li>\n\n\n\n<li><strong>Sal\u00e1rio:<\/strong>&nbsp;R$ 4.500,00 a R$ 8.500,00<\/li>\n\n\n\n<li><a href=\"https:\/\/www.estrategiaconcursos.com.br\/cursosPorConcurso\/superintendencia-de-servicos-penitenciarios-do-rio-grande-do-sul-susepe-rs\/\" target=\"_blank\" rel=\"noreferrer noopener\">Curso para SUSEPE RS<\/a><\/li>\n<\/ul>\n\n\n\n<h3 class=\"has-text-align-center has-black-color has-text-color has-background wp-block-heading\" id=\"tribunais\" style=\"background-color:#d9c7ea\">Tribunais<\/h3>\n\n\n\n<h3 class=\"wp-block-heading\" id=\"concurso-spgg-rs\"><a href=\"https:\/\/www.estrategiaconcursos.com.br\/blog\/concurso-tj-sp-2021\/\" target=\"_blank\" rel=\"noreferrer noopener\">Concurso TJ SP<\/a><\/h3>\n\n\n\n<ul class=\"wp-block-list\">\n<li><strong>Data da prova:&nbsp;<\/strong>06\/03<\/li>\n\n\n\n<li><strong>Banca:&nbsp;<\/strong>Vunesp<\/li>\n\n\n\n<li><strong>Cargos:<\/strong>&nbsp;Assistente Social e Psic\u00f3logo<\/li>\n\n\n\n<li><strong>Forma\u00e7\u00e3o:&nbsp;<\/strong>N\u00edvel superior<\/li>\n\n\n\n<li><strong>Vagas:<\/strong> 197<\/li>\n\n\n\n<li><strong>Sal\u00e1rio:<\/strong>&nbsp;R$ 7.470,40<\/li>\n\n\n\n<li><a href=\"https:\/\/www.estrategiaconcursos.com.br\/cursosPorConcurso\/tj-sp-escrevente\/\" target=\"_blank\" rel=\"noreferrer noopener\">Curso para TJ SP<\/a><\/li>\n<\/ul>\n\n\n\n<h3 class=\"has-text-align-center has-black-color has-text-color has-background wp-block-heading\" id=\"fiscal\" style=\"background-color:#d9c7ea\">Fiscal<\/h3>\n\n\n\n<h3 class=\"wp-block-heading\" id=\"concurso-spgg-rs\"><a href=\"https:\/\/www.estrategiaconcursos.com.br\/blog\/concurso-sefa-pa\/\" target=\"_blank\" rel=\"noreferrer noopener\">Concurso SEFA PA<\/a><\/h3>\n\n\n\n<ul class=\"wp-block-list\">\n<li><strong>Data da prova:&nbsp;<\/strong>20\/03<\/li>\n\n\n\n<li><strong>Banca:&nbsp;<\/strong>Fadesp<\/li>\n\n\n\n<li><strong>Cargos:<\/strong>&nbsp;Fiscal de Receitas<\/li>\n\n\n\n<li><strong>Forma\u00e7\u00e3o:&nbsp;<\/strong>N\u00edvel superior<\/li>\n\n\n\n<li><strong>Vagas:<\/strong> 10 + 40 CR<\/li>\n\n\n\n<li><strong>Sal\u00e1rio:<\/strong>&nbsp;R$ 11.910,51 <\/li>\n\n\n\n<li><a href=\"https:\/\/www.estrategiaconcursos.com.br\/curso\/sefaz-pa-fiscal-de-receitas-pacote-passo-estrategico-2022-pos-edital\/\" target=\"_blank\" rel=\"noreferrer noopener\">Curso para Fiscal &#8211; SEFA PA<\/a><\/li>\n<\/ul>\n\n\n\n<h3 class=\"wp-block-heading\" id=\"concurso-spgg-rs\"><a href=\"https:\/\/www.estrategiaconcursos.com.br\/blog\/concurso-iss-belo-horizonte\/\" target=\"_blank\" rel=\"noreferrer noopener\">Concurso ISS BH<\/a><\/h3>\n\n\n\n<ul class=\"wp-block-list\">\n<li><strong>Data da prova:&nbsp;<\/strong>26 e 27\/03<\/li>\n\n\n\n<li><strong>Banca:&nbsp;<\/strong>RBO<\/li>\n\n\n\n<li><strong>Cargos:<\/strong>&nbsp;Auditor Fiscal de Tributos Municipais<\/li>\n\n\n\n<li><strong>Forma\u00e7\u00e3o:&nbsp;<\/strong>N\u00edvel superior<\/li>\n\n\n\n<li><strong>Vagas:<\/strong> 14<\/li>\n\n\n\n<li><strong>Sal\u00e1rio:<\/strong>&nbsp;R$ 15.022,52<\/li>\n\n\n\n<li><a href=\"https:\/\/www.estrategiaconcursos.com.br\/curso\/iss-belo-horizonte-auditor-fiscal-de-tributos-pacote-2021-pos-edital\/\" target=\"_blank\" rel=\"noreferrer noopener\">Curso para ISS BH<\/a><\/li>\n<\/ul>\n\n\n\n<h3 class=\"wp-block-heading\" id=\"concurso-spgg-rs\"><a href=\"https:\/\/www.estrategiaconcursos.com.br\/blog\/concurso-sefa-pa\/\" target=\"_blank\" rel=\"noreferrer noopener\">Concurso SEFA PA<\/a><\/h3>\n\n\n\n<ul class=\"wp-block-list\">\n<li><strong>Data da prova:&nbsp;<\/strong>27\/03<\/li>\n\n\n\n<li><strong>Banca:&nbsp;<\/strong>Fadesp<\/li>\n\n\n\n<li><strong>Cargos:<\/strong>&nbsp;Auditor Fiscal<\/li>\n\n\n\n<li><strong>Forma\u00e7\u00e3o:&nbsp;<\/strong>N\u00edvel superior<\/li>\n\n\n\n<li><strong>Vagas:<\/strong> 38 + 112 CR<\/li>\n\n\n\n<li><strong>Sal\u00e1rio:<\/strong>&nbsp;R$ 15.076,58 <\/li>\n\n\n\n<li><a href=\"https:\/\/www.estrategiaconcursos.com.br\/curso\/sefaz-pa-auditor-fiscal-pacote-2022-pos-edital\/\" target=\"_blank\" rel=\"noreferrer noopener\">Curso para Auditor &#8211; SEFA PA<\/a><\/li>\n<\/ul>\n\n\n\n<h3 class=\"has-text-align-center has-black-color has-text-color has-background wp-block-heading\" id=\"controle\" style=\"background-color:#d9c7ea\">Controle e Gest\u00e3o<\/h3>\n\n\n\n<h3 class=\"wp-block-heading\" id=\"concurso-spgg-rs\"><a href=\"https:\/\/www.estrategiaconcursos.com.br\/blog\/concurso-tce-sc\/\">Concurso TCE SC<\/a><\/h3>\n\n\n\n<ul class=\"wp-block-list\">\n<li><strong>Data da prova:&nbsp;<\/strong>06\/03<\/li>\n\n\n\n<li><strong>Banca:&nbsp;<\/strong>Cebraspe<\/li>\n\n\n\n<li><strong>Cargos:<\/strong>&nbsp;Auditor Fiscal de Controle Externo<\/li>\n\n\n\n<li><strong>Forma\u00e7\u00e3o:&nbsp;<\/strong>N\u00edvel superior<\/li>\n\n\n\n<li><strong>Vagas:<\/strong> 40 + 120 CR<\/li>\n\n\n\n<li><strong>Sal\u00e1rio:<\/strong>&nbsp;R$ 15.206,65 <\/li>\n\n\n\n<li><a href=\"https:\/\/www.estrategiaconcursos.com.br\/cursosPorConcurso\/tce-sc-tribunal-de-contas-de-santa-catarina-374\/\" target=\"_blank\" rel=\"noreferrer noopener\">Curso para TCE SC<\/a><\/li>\n<\/ul>\n\n\n\n<h3 class=\"wp-block-heading\" id=\"concurso-spgg-rs\"><a href=\"https:\/\/www.estrategiaconcursos.com.br\/blog\/concurso-tcu\/\" target=\"_blank\" rel=\"noreferrer noopener\">Concurso TCU<\/a><\/h3>\n\n\n\n<ul class=\"wp-block-list\">\n<li><strong>Data da prova:&nbsp;<\/strong>13\/03<\/li>\n\n\n\n<li><strong>Banca:&nbsp;<\/strong>FGV<\/li>\n\n\n\n<li><strong>Cargos:<\/strong>&nbsp;Auditor Federal de Controle Externo<\/li>\n\n\n\n<li><strong>Forma\u00e7\u00e3o:&nbsp;<\/strong>N\u00edvel superior<\/li>\n\n\n\n<li><strong>Vagas:<\/strong> 20 + CR<\/li>\n\n\n\n<li><strong>Sal\u00e1rio:<\/strong>&nbsp;R$ 21.947,82<\/li>\n\n\n\n<li><a href=\"https:\/\/www.estrategiaconcursos.com.br\/cursosPorConcurso\/tcu-tecnico-federal-de-controle-externo-66\/\" target=\"_blank\" rel=\"noreferrer noopener\">Curso para TCU<\/a><\/li>\n<\/ul>\n\n\n\n<h3 class=\"wp-block-heading\" id=\"concurso-spgg-rs\"><a href=\"https:\/\/www.estrategiaconcursos.com.br\/blog\/concurso-cgu\/\" target=\"_blank\" rel=\"noreferrer noopener\">Concurso CGU<\/a><\/h3>\n\n\n\n<ul class=\"wp-block-list\">\n<li><strong>Data da prova:&nbsp;<\/strong>20\/03<\/li>\n\n\n\n<li><strong>Banca:&nbsp;<\/strong>FGV<\/li>\n\n\n\n<li><strong>Cargos:<\/strong>&nbsp;Auditor e T\u00e9cnico Federal de Finan\u00e7as e Controle<\/li>\n\n\n\n<li><strong>Forma\u00e7\u00e3o:&nbsp;<\/strong>N\u00edvel m\u00e9dio e superior<\/li>\n\n\n\n<li><strong>Vagas:<\/strong> 375<\/li>\n\n\n\n<li><strong>Sal\u00e1rio:<\/strong>&nbsp;R$ 7.283,31 e R$ 19.197,06<\/li>\n\n\n\n<li><a href=\"https:\/\/www.estrategiaconcursos.com.br\/cursosPorConcurso\/controladoria-geral-da-uniao-cgu\/\" target=\"_blank\" rel=\"noreferrer noopener\">Curso para CGU<\/a><\/li>\n<\/ul>\n\n\n\n<h3 class=\"has-text-align-center has-black-color has-text-color has-background wp-block-heading\" id=\"edu\" style=\"background-color:#d9c7ea\">Educa\u00e7\u00e3o<\/h3>\n\n\n\n<h3 class=\"wp-block-heading\" id=\"concurso-spgg-rs\"><a href=\"https:\/\/www.estrategiaconcursos.com.br\/blog\/concurso-seed-rr\/\" target=\"_blank\" rel=\"noreferrer noopener\">Concurso SEED RR<\/a><\/h3>\n\n\n\n<ul class=\"wp-block-list\">\n<li><strong>Data da prova:&nbsp;<\/strong>20\/03<\/li>\n\n\n\n<li><strong>Banca:&nbsp;<\/strong>IDECAN<\/li>\n\n\n\n<li><strong>Cargos:<\/strong>&nbsp;Professor de Educa\u00e7\u00e3o Ind\u00edgena<\/li>\n\n\n\n<li><strong>Forma\u00e7\u00e3o:&nbsp;<\/strong>N\u00edvel superior<\/li>\n\n\n\n<li><strong>Vagas:<\/strong> 1.000<\/li>\n\n\n\n<li><strong>Sal\u00e1rio:<\/strong>&nbsp;R$ 3.004,80 a R$ 3.782,94<\/li>\n\n\n\n<li><a href=\"https:\/\/www.estrategiaconcursos.com.br\/cursosPorConcurso\/secretaria-de-educacao-de-roraima-seed-rr\/\" target=\"_blank\" rel=\"noreferrer noopener\">Curso para SEED RR<\/a><\/li>\n<\/ul>\n\n\n\n<h3 class=\"wp-block-heading\" id=\"concurso-spgg-rs\"><a href=\"https:\/\/www.estrategiaconcursos.com.br\/blog\/concurso-sedu-es\/\" target=\"_blank\" rel=\"noreferrer noopener\">Concurso SEDU ES<\/a><\/h3>\n\n\n\n<ul class=\"wp-block-list\">\n<li><strong>Data da prova:&nbsp;<\/strong>27\/03<\/li>\n\n\n\n<li><strong>Banca:&nbsp;<\/strong>FCC<\/li>\n\n\n\n<li><strong>Cargos:<\/strong>&nbsp;Professor e Agente de Suporte Educacional<\/li>\n\n\n\n<li><strong>Forma\u00e7\u00e3o:&nbsp;<\/strong>N\u00edvel superior<\/li>\n\n\n\n<li><strong>Vagas:<\/strong> 1.400<\/li>\n\n\n\n<li><strong>Sal\u00e1rio:<\/strong>&nbsp;R$ 2.858,38 a R$ 3.615,86<\/li>\n\n\n\n<li><a href=\"https:\/\/www.estrategiaconcursos.com.br\/cursosPorConcurso\/secretaria-de-estado-de-educacao-do-espirito-santo-seduc-es\/\" target=\"_blank\" rel=\"noreferrer noopener\">Curso para SEDU ES<\/a><\/li>\n<\/ul>\n\n\n\n<h3 class=\"has-text-align-center has-black-color has-text-color has-background wp-block-heading\" id=\"ecj\" style=\"background-color:#d9c7ea\">Carreiras Jur\u00eddicas<\/h3>\n\n\n\n<h3 class=\"wp-block-heading\" id=\"concurso-spgg-rs\"><a href=\"https:\/\/www.estrategiaconcursos.com.br\/blog\/concurso-dpe-to-defensor\/\" target=\"_blank\" rel=\"noreferrer noopener\">Concurso DPE TO Defensor<\/a><\/h3>\n\n\n\n<ul class=\"wp-block-list\">\n<li><strong>Data da prova:&nbsp;<\/strong>06\/03<\/li>\n\n\n\n<li><strong>Banca:&nbsp;<\/strong>Cebraspe<\/li>\n\n\n\n<li><strong>Cargos:<\/strong>&nbsp;Defensor Substituto<\/li>\n\n\n\n<li><strong>Forma\u00e7\u00e3o:&nbsp;<\/strong>Bacharel em Direito <\/li>\n\n\n\n<li><strong>Vagas:<\/strong> 03 + CR<\/li>\n\n\n\n<li><strong>Sal\u00e1rio:<\/strong>&nbsp;R$ 30.404,42<\/li>\n\n\n\n<li><a href=\"https:\/\/www.estrategiaconcursos.com.br\/cursosPorConcurso\/dpe-to-defensoria-publica-do-tocantins\/\" target=\"_blank\" rel=\"noreferrer noopener\">Curso para DPE TO<\/a><\/li>\n<\/ul>\n\n\n\n<h3 class=\"wp-block-heading\" id=\"concurso-spgg-rs\"><a href=\"https:\/\/www.estrategiaconcursos.com.br\/blog\/concurso-dpe-se-defensor\/\" target=\"_blank\" rel=\"noreferrer noopener\">Concurso DPE SE Defensor<\/a><\/h3>\n\n\n\n<ul class=\"wp-block-list\">\n<li><strong>Data da prova:&nbsp;<\/strong>13\/03<\/li>\n\n\n\n<li><strong>Banca:&nbsp;<\/strong>Cebraspe<\/li>\n\n\n\n<li><strong>Cargos:<\/strong>&nbsp;Defensor P\u00fablico Substituto<\/li>\n\n\n\n<li><strong>Forma\u00e7\u00e3o:&nbsp;<\/strong>Bacharel em Direito + registro na OAB&nbsp;+ 2 anos&nbsp;de&nbsp;pr\u00e1tica forense<\/li>\n\n\n\n<li><strong>Vagas:<\/strong> 06<\/li>\n\n\n\n<li><strong>Sal\u00e1rio:<\/strong>&nbsp;R$ 16.761,68<\/li>\n\n\n\n<li><a href=\"https:\/\/www.estrategiaconcursos.com.br\/cursosPorConcurso\/dpe-se-defensoria-publica-de-sergipe-defensor-publico\/\" target=\"_blank\" rel=\"noreferrer noopener\">Curso para DPE SE<\/a><\/li>\n<\/ul>\n\n\n\n<h3 class=\"wp-block-heading\" id=\"concurso-spgg-rs\"><a href=\"https:\/\/www.estrategiaconcursos.com.br\/blog\/concurso-dpe-pr-defensor\/\" target=\"_blank\" rel=\"noreferrer noopener\">Concurso DPE PR Defensor<\/a><\/h3>\n\n\n\n<ul class=\"wp-block-list\">\n<li><strong>Data da prova:&nbsp;<\/strong>20\/03<\/li>\n\n\n\n<li><strong>Banca:&nbsp;<\/strong>Instituto AOCP<\/li>\n\n\n\n<li><strong>Cargos:<\/strong>&nbsp;Defensor P\u00fablico Substituto<\/li>\n\n\n\n<li><strong>Forma\u00e7\u00e3o:&nbsp;<\/strong>Bacharel em Direito + registro na OAB&nbsp;+ 3&nbsp;anos&nbsp;de&nbsp;pr\u00e1tica profissional na \u00e1rea jur\u00eddica<\/li>\n\n\n\n<li><strong>Vagas:<\/strong> 04 + CR<\/li>\n\n\n\n<li><strong>Sal\u00e1rio:<\/strong>&nbsp;R$ 16.587,80<\/li>\n\n\n\n<li><a href=\"https:\/\/www.estrategiaconcursos.com.br\/cursosPorConcurso\/dpe-pr-defensoria-publica-de-parana-defensor-publico\/\" target=\"_blank\" rel=\"noreferrer noopener\">Curso para DPE PR<\/a><\/li>\n<\/ul>\n\n\n\n<h3 class=\"wp-block-heading\" id=\"concurso-spgg-rs\"><a href=\"https:\/\/cj.estrategia.com\/portal\/concurso-mp-rj-promotor\/\" target=\"_blank\" rel=\"noreferrer noopener\">Concurso MP RJ Promotor<\/a><\/h3>\n\n\n\n<ul class=\"wp-block-list\">\n<li><strong>Data da prova:&nbsp;<\/strong>20\/03<\/li>\n\n\n\n<li><strong>Banca:&nbsp;<\/strong>Vunesp<\/li>\n\n\n\n<li><strong>Cargos:<\/strong>&nbsp;Promotor de Justi\u00e7a Substituto<\/li>\n\n\n\n<li><strong>Forma\u00e7\u00e3o:&nbsp;<\/strong>Bacharel em Direito + 3&nbsp;anos&nbsp;de&nbsp;pr\u00e1tica profissional na \u00e1rea jur\u00eddica<\/li>\n\n\n\n<li><strong>Vagas:<\/strong> 15<\/li>\n\n\n\n<li><strong>Sal\u00e1rio:<\/strong>&nbsp;R$ 32.004,64<\/li>\n\n\n\n<li><a href=\"https:\/\/www.estrategiaconcursos.com.br\/cursosPorConcurso\/mp-rj-promotor-de-justica\/\" target=\"_blank\" rel=\"noreferrer noopener\">Curso para MP RJ<\/a><\/li>\n<\/ul>\n\n\n\n<h3 class=\"wp-block-heading\" id=\"concurso-spgg-rs\"><a href=\"https:\/\/www.estrategiaconcursos.com.br\/blog\/concurso-tj-sp-cartorios\/\" target=\"_blank\" rel=\"noreferrer noopener\">Concurso Cart\u00f3rio SP<\/a><\/h3>\n\n\n\n<ul class=\"wp-block-list\">\n<li><strong>Data da prova:&nbsp;<\/strong>20\/03<\/li>\n\n\n\n<li><strong>Banca:&nbsp;<\/strong>Vunesp<\/li>\n\n\n\n<li><strong>Cargos:<\/strong>&nbsp;Not\u00e1rio ou Registrador<\/li>\n\n\n\n<li><strong>Forma\u00e7\u00e3o:&nbsp;<\/strong>Bacharel em Direito + exerc\u00edcio de atividade notarial ou de registro pelo prazo m\u00ednimo de 10 anos<\/li>\n\n\n\n<li><strong>Vagas:<\/strong> 219<\/li>\n\n\n\n<li><strong>Sal\u00e1rio:<\/strong>&nbsp;13 sal\u00e1rios m\u00ednimos mensais<\/li>\n\n\n\n<li><a href=\"https:\/\/www.estrategiaconcursos.com.br\/cursosPorConcurso\/cursos-para-cartorios-do-tj-sp\/\" target=\"_blank\" rel=\"noreferrer noopener\">Curso para TJ SP<\/a><\/li>\n<\/ul>\n\n\n\n<h3 class=\"wp-block-heading\" id=\"concurso-spgg-rs\"><a href=\"https:\/\/www.estrategiaconcursos.com.br\/blog\/concurso-mpcm-pa\/\" target=\"_blank\" rel=\"noreferrer noopener\">Concurso MPCM PA<\/a><\/h3>\n\n\n\n<ul class=\"wp-block-list\">\n<li><strong>Data da prova:&nbsp;<\/strong>20\/03<\/li>\n\n\n\n<li><strong>Banca:&nbsp;<\/strong>Cebraspe<\/li>\n\n\n\n<li><strong>Cargos:<\/strong>&nbsp;Subprocurador de Contas<\/li>\n\n\n\n<li><strong>Forma\u00e7\u00e3o:&nbsp;<\/strong>Bacharel em Direito + 3&nbsp;anos&nbsp;de&nbsp;pr\u00e1tica profissional na \u00e1rea jur\u00eddica<\/li>\n\n\n\n<li><strong>Vagas:<\/strong> 02<\/li>\n\n\n\n<li><strong>Sal\u00e1rio:<\/strong>&nbsp;R$ 33.689,11 <\/li>\n\n\n\n<li><a href=\"https:\/\/www.estrategiaconcursos.com.br\/cursos\/concurso\/\" target=\"_blank\" rel=\"noreferrer noopener\">Curso para MPCM PA<\/a><\/li>\n<\/ul>\n\n\n\n<h3 class=\"has-text-align-center has-black-color has-text-color has-background wp-block-heading\" id=\"outras\" style=\"background-color:#d9c7ea\">Outras oportunidade<\/h3>\n\n\n\n<h3 class=\"wp-block-heading\" id=\"concurso-spgg-rs\"><a href=\"https:\/\/www.estrategiaconcursos.com.br\/blog\/concurso-spgg-rs\/\" target=\"_blank\" rel=\"noreferrer noopener\">Concurso SPGG RS<\/a><\/h3>\n\n\n\n<ul class=\"wp-block-list\">\n<li><strong>Data da prova:&nbsp;<\/strong>13\/03<\/li>\n\n\n\n<li><strong>Banca:&nbsp;<\/strong>Fundatec<\/li>\n\n\n\n<li><strong>Cargos:<\/strong>&nbsp;Analista de Projetos e Pol\u00edticas P\u00fablicas<\/li>\n\n\n\n<li><strong>Forma\u00e7\u00e3o:&nbsp;<\/strong>N\u00edvel superior<\/li>\n\n\n\n<li><strong>Vagas:<\/strong> 656<\/li>\n\n\n\n<li><strong>Sal\u00e1rio:<\/strong>&nbsp;R$ 3.370,02<\/li>\n\n\n\n<li><a href=\"https:\/\/www.estrategiaconcursos.com.br\/cursosPorConcurso\/secretaria-municipal-de-planejamento-governca-e-gestao-spgg-rs-porto-alegre\/\" target=\"_blank\" rel=\"noreferrer noopener\">Curso para SPGG RS<\/a><\/li>\n<\/ul>\n\n\n\n<h3 class=\"wp-block-heading\" id=\"concurso-spgg-rs\"><a href=\"https:\/\/www.estrategiaconcursos.com.br\/blog\/concurso-basa\/\" target=\"_blank\" rel=\"noreferrer noopener\">Concurso BASA<\/a><\/h3>\n\n\n\n<ul class=\"wp-block-list\">\n<li><strong>Data da prova:&nbsp;<\/strong>13\/03<\/li>\n\n\n\n<li><strong>Banca:&nbsp;<\/strong>Cesgranrio<\/li>\n\n\n\n<li><strong>Cargos:<\/strong>&nbsp;T\u00e9cnico Banc\u00e1rio e T\u00e9cnico Cient\u00edfico em TI<\/li>\n\n\n\n<li><strong>Forma\u00e7\u00e3o:&nbsp;<\/strong>N\u00edvel superior<\/li>\n\n\n\n<li><strong>Vagas:<\/strong> 219 + 939 CR<\/li>\n\n\n\n<li><strong>Sal\u00e1rio:<\/strong>&nbsp;R$ 2.937,18 a R$ 3.490,88<\/li>\n\n\n\n<li><a href=\"https:\/\/www.estrategiaconcursos.com.br\/cursosPorConcurso\/banco-da-amazonia-165\/\" target=\"_blank\" rel=\"noreferrer noopener\">Curso para BASA<\/a><\/li>\n<\/ul>\n\n\n\n<h3 class=\"wp-block-heading\" id=\"concurso-spgg-rs\"><a href=\"https:\/\/www.estrategiaconcursos.com.br\/blog\/concurso-ibge\/\" target=\"_blank\" rel=\"noreferrer noopener\">Concurso IBGE<\/a><\/h3>\n\n\n\n<ul class=\"wp-block-list\">\n<li><strong>Data da prova:&nbsp;<\/strong>20\/03<\/li>\n\n\n\n<li><strong>Banca:&nbsp;<\/strong>IDECAN<\/li>\n\n\n\n<li><strong>Cargos:<\/strong>&nbsp;Supervisor Censit\u00e1rio de Pesquisas e Codifica\u00e7\u00e3o e Agente Censit\u00e1rio de Pesquisas por Telefone<\/li>\n\n\n\n<li><strong>Forma\u00e7\u00e3o:&nbsp;<\/strong>N\u00edvel m\u00e9dio e superior<\/li>\n\n\n\n<li><strong>Vagas:<\/strong> 192<\/li>\n\n\n\n<li><strong>Sal\u00e1rio:<\/strong>&nbsp;R$ 998,00 e R$ 4.200,00<\/li>\n\n\n\n<li><a href=\"https:\/\/www.estrategiaconcursos.com.br\/cursosPorConcurso\/ibge-204\/\" target=\"_blank\" rel=\"noreferrer noopener\">Curso para IBGE<\/a><\/li>\n<\/ul>\n\n\n\n<h3 class=\"wp-block-heading\" id=\"concurso-spgg-rs\"><a href=\"https:\/\/www.estrategiaconcursos.com.br\/blog\/concurso-amazul\/\" target=\"_blank\" rel=\"noreferrer noopener\">Concurso AMAZUL<\/a><\/h3>\n\n\n\n<ul class=\"wp-block-list\">\n<li><strong>Data da prova:&nbsp;<\/strong>27\/03<\/li>\n\n\n\n<li><strong>Banca:<\/strong>&nbsp;Instituto Selecon<\/li>\n\n\n\n<li><strong>Cargos:<\/strong>&nbsp;T\u00e9cnico, Analista e Especialista<\/li>\n\n\n\n<li><strong>Forma\u00e7\u00e3o:&nbsp;<\/strong>N\u00edvel m\u00e9dio e superior<\/li>\n\n\n\n<li><strong>Vagas:<\/strong> 140 + CR<\/li>\n\n\n\n<li><strong>Sal\u00e1rio:<\/strong>&nbsp;R$ 2.958,36 a R$ 7.506,47<\/li>\n\n\n\n<li><a href=\"https:\/\/www.estrategiaconcursos.com.br\/cursosPorConcurso\/amazonia-azul-tecnologias-de-defesa-amazul\/\" target=\"_blank\" rel=\"noreferrer noopener\">Curso para AMAZUL<\/a><\/li>\n<\/ul>\n\n\n\n<figure class=\"wp-block-image aligncenter is-resized\" id=\"block-e5eaefc5-cf40-4e1c-acc1-6adcb1a539af\"><img loading=\"lazy\" decoding=\"async\" src=\"https:\/\/dhg1h5j42swfq.cloudfront.net\/2020\/09\/18141901\/Coruja_Concursos%404x-506x1024.png\" alt=\"Concurso P\u00fablico: as principais provas marcadas para mar\u00e7o\" width=\"40\" height=\"82\"\/><\/figure>\n\n\n\n<h4 class=\"has-text-align-center wp-block-heading\" id=\"block-2023031c-d8e5-4a3a-9180-06e7013edb20\"><em>Para conferir outras provas e editais previstos para mar\u00e7o e tamb\u00e9m para o ano de 2022, acesse os artigos abaixo:<\/em><\/h4>\n\n\n\n<ul class=\"wp-block-list\">\n<li><a href=\"https:\/\/www.estrategiaconcursos.com.br\/blog\/concursos-abertos\/\" target=\"_blank\" rel=\"noreferrer noopener\">Concursos abertos<\/a><\/li>\n\n\n\n<li><a href=\"https:\/\/www.estrategiaconcursos.com.br\/blog\/concursos-2022\/\" target=\"_blank\" rel=\"noreferrer noopener\">Concursos 2022<\/a><\/li>\n<\/ul>\n\n\n\n<div class=\"container\" id=\"boxes\">\n  <div class=\"row\">\n\n    <div class=\"col-sm\">\n      <div class=\"estrategia\" id=\"box-assinatura\">\n        <h3 class=\"titulo-assinatura\">Assinatura Concursos<\/h3>\n        <p class=\"subtitulo-assinatura\">Assinatura de 1 ano ou 2 anos<\/p>\n        <div class=\"box-botao\">\n          <a class=\"btn-assinatura\" target=\"_blank\" href=\"https:\/\/www.estrategiaconcursos.com.br\/assinaturas\/\" role=\"button\" rel=\"noopener noreferrer\">ASSINE AGORA<\/a>\n        <\/div>\n      <\/div>\n     \n    <\/div><\/div><\/div>\n","protected":false},"excerpt":{"rendered":"<p>J\u00e1 estamos no terceiro m\u00eas do ano de 2022 e essas pr\u00f3ximas semanas devem ser decisivas para muitos concurseiros. Isso porque importantes certames ter\u00e3o suas provas aplicadas nos pr\u00f3ximos dias. Como exemplo, podemos citar CGU e TCU; grandes editais da \u00e1rea de controle, publicados no final do ano passado. Ao longo deste artigo, reunimos as [&hellip;]<\/p>\n","protected":false},"author":659,"featured_media":746120,"comment_status":"open","ping_status":"closed","sticky":false,"template":"","format":"standard","meta":{"post_tipo":"news","footnotes":""},"categories":[1,220219],"tags":[],"tax_estado":[219963],"class_list":["post-976895","post","type-post","status-publish","format-standard","has-post-thumbnail","hentry","category-cursos-e-concursos","category-noticias","tax_estado-concursos-federais"],"acf":[],"yoast_head":"<!-- This site is optimized with the Yoast SEO Premium plugin v27.2 (Yoast SEO v27.2) - https:\/\/yoast.com\/product\/yoast-seo-premium-wordpress\/ -->\n<title>Concurso P\u00fablico: as principais provas marcadas para mar\u00e7o<\/title>\n<meta name=\"description\" content=\"Confira neste artigo as principais provas de concurso p\u00fablico que ser\u00e3o realizadas ao longo deste m\u00eas de mar\u00e7o de 2022!\" \/>\n<meta name=\"robots\" content=\"index, follow, max-snippet:-1, max-image-preview:large, max-video-preview:-1\" \/>\n<link rel=\"canonical\" href=\"https:\/\/www.estrategiaconcursos.com.br\/blog\/concurso-publico-provas-marco-2022\/\" \/>\n<meta property=\"og:locale\" content=\"pt_BR\" \/>\n<meta property=\"og:type\" content=\"article\" \/>\n<meta property=\"og:title\" content=\"Concurso P\u00fablico: as principais provas marcadas para mar\u00e7o\" \/>\n<meta property=\"og:description\" content=\"Confira neste artigo as principais provas de concurso p\u00fablico que ser\u00e3o realizadas ao longo deste m\u00eas de mar\u00e7o de 2022!\" \/>\n<meta property=\"og:url\" content=\"https:\/\/www.estrategiaconcursos.com.br\/blog\/concurso-publico-provas-marco-2022\/\" \/>\n<meta property=\"og:site_name\" content=\"Estrat\u00e9gia Concursos\" \/>\n<meta property=\"article:published_time\" content=\"2022-03-02T12:00:00+00:00\" \/>\n<meta property=\"article:modified_time\" content=\"2023-02-22T14:13:39+00:00\" \/>\n<meta property=\"og:image\" content=\"https:\/\/dhg1h5j42swfq.cloudfront.net\/2021\/04\/20121239\/2022_concursos.jpeg\" \/>\n\t<meta property=\"og:image:width\" content=\"768\" \/>\n\t<meta property=\"og:image:height\" content=\"432\" \/>\n\t<meta property=\"og:image:type\" content=\"image\/jpeg\" \/>\n<meta name=\"author\" content=\"Camila Leite\" \/>\n<meta name=\"twitter:card\" content=\"summary_large_image\" \/>\n<meta name=\"twitter:creator\" content=\"@EstratConcursos\" \/>\n<meta name=\"twitter:site\" content=\"@EstratConcursos\" \/>\n<meta name=\"twitter:label1\" content=\"Escrito por\" \/>\n\t<meta name=\"twitter:data1\" content=\"Camila Leite\" \/>\n\t<meta name=\"twitter:label2\" content=\"Est. tempo de leitura\" \/>\n\t<meta name=\"twitter:data2\" content=\"6 minutos\" \/>\n<script type=\"application\/ld+json\" class=\"yoast-schema-graph\">{\"@context\":\"https:\/\/schema.org\",\"@graph\":[{\"@type\":\"NewsArticle\",\"@id\":\"https:\/\/www.estrategiaconcursos.com.br\/blog\/concurso-publico-provas-marco-2022\/#article\",\"isPartOf\":{\"@id\":\"https:\/\/www.estrategiaconcursos.com.br\/blog\/concurso-publico-provas-marco-2022\/\"},\"author\":{\"name\":\"Camila Leite\",\"@id\":\"https:\/\/www.estrategiaconcursos.com.br\/blog\/#\/schema\/person\/84ecdc6eb58d3cf1689bf76c5cd8fb38\"},\"headline\":\"Concurso P\u00fablico: as principais provas marcadas para mar\u00e7o\",\"datePublished\":\"2022-03-02T12:00:00+00:00\",\"dateModified\":\"2023-02-22T14:13:39+00:00\",\"mainEntityOfPage\":{\"@id\":\"https:\/\/www.estrategiaconcursos.com.br\/blog\/concurso-publico-provas-marco-2022\/\"},\"wordCount\":1078,\"commentCount\":0,\"publisher\":{\"@id\":\"https:\/\/www.estrategiaconcursos.com.br\/blog\/#organization\"},\"image\":{\"@id\":\"https:\/\/www.estrategiaconcursos.com.br\/blog\/concurso-publico-provas-marco-2022\/#primaryimage\"},\"thumbnailUrl\":\"https:\/\/dhg1h5j42swfq.cloudfront.net\/2021\/04\/20121239\/2022_concursos.jpeg\",\"articleSection\":[\"Concursos P\u00fablicos\",\"\u00daltimas not\u00edcias\"],\"inLanguage\":\"pt-BR\",\"potentialAction\":[{\"@type\":\"CommentAction\",\"name\":\"Comment\",\"target\":[\"https:\/\/www.estrategiaconcursos.com.br\/blog\/concurso-publico-provas-marco-2022\/#respond\"]}],\"copyrightYear\":\"2022\",\"copyrightHolder\":{\"@id\":\"https:\/\/www.estrategiaconcursos.com.br\/blog\/#organization\"}},{\"@type\":\"WebPage\",\"@id\":\"https:\/\/www.estrategiaconcursos.com.br\/blog\/concurso-publico-provas-marco-2022\/\",\"url\":\"https:\/\/www.estrategiaconcursos.com.br\/blog\/concurso-publico-provas-marco-2022\/\",\"name\":\"Concurso P\u00fablico: as principais provas marcadas para mar\u00e7o\",\"isPartOf\":{\"@id\":\"https:\/\/www.estrategiaconcursos.com.br\/blog\/#website\"},\"primaryImageOfPage\":{\"@id\":\"https:\/\/www.estrategiaconcursos.com.br\/blog\/concurso-publico-provas-marco-2022\/#primaryimage\"},\"image\":{\"@id\":\"https:\/\/www.estrategiaconcursos.com.br\/blog\/concurso-publico-provas-marco-2022\/#primaryimage\"},\"thumbnailUrl\":\"https:\/\/dhg1h5j42swfq.cloudfront.net\/2021\/04\/20121239\/2022_concursos.jpeg\",\"datePublished\":\"2022-03-02T12:00:00+00:00\",\"dateModified\":\"2023-02-22T14:13:39+00:00\",\"description\":\"Confira neste artigo as principais provas de concurso p\u00fablico que ser\u00e3o realizadas ao longo deste m\u00eas de mar\u00e7o de 2022!\",\"breadcrumb\":{\"@id\":\"https:\/\/www.estrategiaconcursos.com.br\/blog\/concurso-publico-provas-marco-2022\/#breadcrumb\"},\"inLanguage\":\"pt-BR\",\"potentialAction\":[{\"@type\":\"ReadAction\",\"target\":[\"https:\/\/www.estrategiaconcursos.com.br\/blog\/concurso-publico-provas-marco-2022\/\"]}]},{\"@type\":\"ImageObject\",\"inLanguage\":\"pt-BR\",\"@id\":\"https:\/\/www.estrategiaconcursos.com.br\/blog\/concurso-publico-provas-marco-2022\/#primaryimage\",\"url\":\"https:\/\/dhg1h5j42swfq.cloudfront.net\/2021\/04\/20121239\/2022_concursos.jpeg\",\"contentUrl\":\"https:\/\/dhg1h5j42swfq.cloudfront.net\/2021\/04\/20121239\/2022_concursos.jpeg\",\"width\":768,\"height\":432,\"caption\":\"Concursos 2022\"},{\"@type\":\"BreadcrumbList\",\"@id\":\"https:\/\/www.estrategiaconcursos.com.br\/blog\/concurso-publico-provas-marco-2022\/#breadcrumb\",\"itemListElement\":[{\"@type\":\"ListItem\",\"position\":1,\"name\":\"In\u00edcio\",\"item\":\"https:\/\/www.estrategiaconcursos.com.br\/blog\/\"},{\"@type\":\"ListItem\",\"position\":2,\"name\":\"Concurso P\u00fablico: as principais provas marcadas para mar\u00e7o\"}]},{\"@type\":\"WebSite\",\"@id\":\"https:\/\/www.estrategiaconcursos.com.br\/blog\/#website\",\"url\":\"https:\/\/www.estrategiaconcursos.com.br\/blog\/\",\"name\":\"Estrat\u00e9gia Concursos\",\"description\":\"O blog da Estrat\u00e9gia Concursos traz not\u00edcias sobre concursos e artigos de professores oferecendo cursos para concursos (pdf + videaulas) no site.\",\"publisher\":{\"@id\":\"https:\/\/www.estrategiaconcursos.com.br\/blog\/#organization\"},\"potentialAction\":[{\"@type\":\"SearchAction\",\"target\":{\"@type\":\"EntryPoint\",\"urlTemplate\":\"https:\/\/www.estrategiaconcursos.com.br\/blog\/?s={search_term_string}\"},\"query-input\":{\"@type\":\"PropertyValueSpecification\",\"valueRequired\":true,\"valueName\":\"search_term_string\"}}],\"inLanguage\":\"pt-BR\"},{\"@type\":\"Organization\",\"@id\":\"https:\/\/www.estrategiaconcursos.com.br\/blog\/#organization\",\"name\":\"Estrat\u00e9gia Concursos\",\"url\":\"https:\/\/www.estrategiaconcursos.com.br\/blog\/\",\"logo\":{\"@type\":\"ImageObject\",\"inLanguage\":\"pt-BR\",\"@id\":\"https:\/\/www.estrategiaconcursos.com.br\/blog\/#\/schema\/logo\/image\/\",\"url\":\"https:\/\/dhg1h5j42swfq.cloudfront.net\/2025\/06\/03203428\/logo_concursos-1.jpg\",\"contentUrl\":\"https:\/\/dhg1h5j42swfq.cloudfront.net\/2025\/06\/03203428\/logo_concursos-1.jpg\",\"width\":230,\"height\":60,\"caption\":\"Estrat\u00e9gia Concursos\"},\"image\":{\"@id\":\"https:\/\/www.estrategiaconcursos.com.br\/blog\/#\/schema\/logo\/image\/\"},\"sameAs\":[\"https:\/\/x.com\/EstratConcursos\"]},{\"@type\":\"Person\",\"@id\":\"https:\/\/www.estrategiaconcursos.com.br\/blog\/#\/schema\/person\/84ecdc6eb58d3cf1689bf76c5cd8fb38\",\"name\":\"Camila Leite\",\"image\":{\"@type\":\"ImageObject\",\"inLanguage\":\"pt-BR\",\"@id\":\"https:\/\/secure.gravatar.com\/avatar\/f2f8faef639c8a2bfb7fb909912a56917f4c3a0aed064500168e2fb8ea55cf61?s=96&d=mm&r=g\",\"url\":\"https:\/\/secure.gravatar.com\/avatar\/f2f8faef639c8a2bfb7fb909912a56917f4c3a0aed064500168e2fb8ea55cf61?s=96&d=mm&r=g\",\"contentUrl\":\"https:\/\/secure.gravatar.com\/avatar\/f2f8faef639c8a2bfb7fb909912a56917f4c3a0aed064500168e2fb8ea55cf61?s=96&d=mm&r=g\",\"caption\":\"Camila Leite\"},\"description\":\"Formada em Design Gr\u00e1fico e em Propaganda e Marketing pela UNIP, integra a equipe de jornalismo do Estrat\u00e9gia Concursos desde 2018. Ao longo dos anos, construiu uma s\u00f3lida experi\u00eancia na produ\u00e7\u00e3o de conte\u00fado informativo e relevante para concurseiros. Desde 2020, atua na cobertura das \u00e1reas Fiscal \u2014 com \u00eanfase nas Secretarias de Fazenda (Sefaz) das regi\u00f5es Sul e Sudeste \u2014, al\u00e9m da cobertura de concursos federais, como CNU, Petrobras, CGU, Receita Federal, ag\u00eancias reguladoras (Anvisa, ANAC, entre outras) e INSS. Mant\u00e9m contato direto com os principais \u00f3rg\u00e3os p\u00fablicos, acompanhando editais, atualiza\u00e7\u00f5es e movimenta\u00e7\u00f5es importantes para os candidatos.\",\"sameAs\":[\"https:\/\/www.linkedin.com\/in\/camila-pinheiro-leite-9ba135b6\/\"],\"url\":\"https:\/\/www.estrategiaconcursos.com.br\/blog\/author\/camila-leiteestrategiaconcursos-com-br\/\"}]}<\/script>\n<!-- \/ Yoast SEO Premium plugin. -->","yoast_head_json":{"title":"Concurso P\u00fablico: as principais provas marcadas para mar\u00e7o","description":"Confira neste artigo as principais provas de concurso p\u00fablico que ser\u00e3o realizadas ao longo deste m\u00eas de mar\u00e7o de 2022!","robots":{"index":"index","follow":"follow","max-snippet":"max-snippet:-1","max-image-preview":"max-image-preview:large","max-video-preview":"max-video-preview:-1"},"canonical":"https:\/\/www.estrategiaconcursos.com.br\/blog\/concurso-publico-provas-marco-2022\/","og_locale":"pt_BR","og_type":"article","og_title":"Concurso P\u00fablico: as principais provas marcadas para mar\u00e7o","og_description":"Confira neste artigo as principais provas de concurso p\u00fablico que ser\u00e3o realizadas ao longo deste m\u00eas de mar\u00e7o de 2022!","og_url":"https:\/\/www.estrategiaconcursos.com.br\/blog\/concurso-publico-provas-marco-2022\/","og_site_name":"Estrat\u00e9gia Concursos","article_published_time":"2022-03-02T12:00:00+00:00","article_modified_time":"2023-02-22T14:13:39+00:00","og_image":[{"width":768,"height":432,"url":"https:\/\/dhg1h5j42swfq.cloudfront.net\/2021\/04\/20121239\/2022_concursos.jpeg","type":"image\/jpeg"}],"author":"Camila Leite","twitter_card":"summary_large_image","twitter_creator":"@EstratConcursos","twitter_site":"@EstratConcursos","twitter_misc":{"Escrito por":"Camila Leite","Est. tempo de leitura":"6 minutos"},"schema":{"@context":"https:\/\/schema.org","@graph":[{"@type":"NewsArticle","@id":"https:\/\/www.estrategiaconcursos.com.br\/blog\/concurso-publico-provas-marco-2022\/#article","isPartOf":{"@id":"https:\/\/www.estrategiaconcursos.com.br\/blog\/concurso-publico-provas-marco-2022\/"},"author":{"name":"Camila Leite","@id":"https:\/\/www.estrategiaconcursos.com.br\/blog\/#\/schema\/person\/84ecdc6eb58d3cf1689bf76c5cd8fb38"},"headline":"Concurso P\u00fablico: as principais provas marcadas para mar\u00e7o","datePublished":"2022-03-02T12:00:00+00:00","dateModified":"2023-02-22T14:13:39+00:00","mainEntityOfPage":{"@id":"https:\/\/www.estrategiaconcursos.com.br\/blog\/concurso-publico-provas-marco-2022\/"},"wordCount":1078,"commentCount":0,"publisher":{"@id":"https:\/\/www.estrategiaconcursos.com.br\/blog\/#organization"},"image":{"@id":"https:\/\/www.estrategiaconcursos.com.br\/blog\/concurso-publico-provas-marco-2022\/#primaryimage"},"thumbnailUrl":"https:\/\/dhg1h5j42swfq.cloudfront.net\/2021\/04\/20121239\/2022_concursos.jpeg","articleSection":["Concursos P\u00fablicos","\u00daltimas not\u00edcias"],"inLanguage":"pt-BR","potentialAction":[{"@type":"CommentAction","name":"Comment","target":["https:\/\/www.estrategiaconcursos.com.br\/blog\/concurso-publico-provas-marco-2022\/#respond"]}],"copyrightYear":"2022","copyrightHolder":{"@id":"https:\/\/www.estrategiaconcursos.com.br\/blog\/#organization"}},{"@type":"WebPage","@id":"https:\/\/www.estrategiaconcursos.com.br\/blog\/concurso-publico-provas-marco-2022\/","url":"https:\/\/www.estrategiaconcursos.com.br\/blog\/concurso-publico-provas-marco-2022\/","name":"Concurso P\u00fablico: as principais provas marcadas para mar\u00e7o","isPartOf":{"@id":"https:\/\/www.estrategiaconcursos.com.br\/blog\/#website"},"primaryImageOfPage":{"@id":"https:\/\/www.estrategiaconcursos.com.br\/blog\/concurso-publico-provas-marco-2022\/#primaryimage"},"image":{"@id":"https:\/\/www.estrategiaconcursos.com.br\/blog\/concurso-publico-provas-marco-2022\/#primaryimage"},"thumbnailUrl":"https:\/\/dhg1h5j42swfq.cloudfront.net\/2021\/04\/20121239\/2022_concursos.jpeg","datePublished":"2022-03-02T12:00:00+00:00","dateModified":"2023-02-22T14:13:39+00:00","description":"Confira neste artigo as principais provas de concurso p\u00fablico que ser\u00e3o realizadas ao longo deste m\u00eas de mar\u00e7o de 2022!","breadcrumb":{"@id":"https:\/\/www.estrategiaconcursos.com.br\/blog\/concurso-publico-provas-marco-2022\/#breadcrumb"},"inLanguage":"pt-BR","potentialAction":[{"@type":"ReadAction","target":["https:\/\/www.estrategiaconcursos.com.br\/blog\/concurso-publico-provas-marco-2022\/"]}]},{"@type":"ImageObject","inLanguage":"pt-BR","@id":"https:\/\/www.estrategiaconcursos.com.br\/blog\/concurso-publico-provas-marco-2022\/#primaryimage","url":"https:\/\/dhg1h5j42swfq.cloudfront.net\/2021\/04\/20121239\/2022_concursos.jpeg","contentUrl":"https:\/\/dhg1h5j42swfq.cloudfront.net\/2021\/04\/20121239\/2022_concursos.jpeg","width":768,"height":432,"caption":"Concursos 2022"},{"@type":"BreadcrumbList","@id":"https:\/\/www.estrategiaconcursos.com.br\/blog\/concurso-publico-provas-marco-2022\/#breadcrumb","itemListElement":[{"@type":"ListItem","position":1,"name":"In\u00edcio","item":"https:\/\/www.estrategiaconcursos.com.br\/blog\/"},{"@type":"ListItem","position":2,"name":"Concurso P\u00fablico: as principais provas marcadas para mar\u00e7o"}]},{"@type":"WebSite","@id":"https:\/\/www.estrategiaconcursos.com.br\/blog\/#website","url":"https:\/\/www.estrategiaconcursos.com.br\/blog\/","name":"Estrat\u00e9gia Concursos","description":"O blog da Estrat\u00e9gia Concursos traz not\u00edcias sobre concursos e artigos de professores oferecendo cursos para concursos (pdf + videaulas) no site.","publisher":{"@id":"https:\/\/www.estrategiaconcursos.com.br\/blog\/#organization"},"potentialAction":[{"@type":"SearchAction","target":{"@type":"EntryPoint","urlTemplate":"https:\/\/www.estrategiaconcursos.com.br\/blog\/?s={search_term_string}"},"query-input":{"@type":"PropertyValueSpecification","valueRequired":true,"valueName":"search_term_string"}}],"inLanguage":"pt-BR"},{"@type":"Organization","@id":"https:\/\/www.estrategiaconcursos.com.br\/blog\/#organization","name":"Estrat\u00e9gia Concursos","url":"https:\/\/www.estrategiaconcursos.com.br\/blog\/","logo":{"@type":"ImageObject","inLanguage":"pt-BR","@id":"https:\/\/www.estrategiaconcursos.com.br\/blog\/#\/schema\/logo\/image\/","url":"https:\/\/dhg1h5j42swfq.cloudfront.net\/2025\/06\/03203428\/logo_concursos-1.jpg","contentUrl":"https:\/\/dhg1h5j42swfq.cloudfront.net\/2025\/06\/03203428\/logo_concursos-1.jpg","width":230,"height":60,"caption":"Estrat\u00e9gia Concursos"},"image":{"@id":"https:\/\/www.estrategiaconcursos.com.br\/blog\/#\/schema\/logo\/image\/"},"sameAs":["https:\/\/x.com\/EstratConcursos"]},{"@type":"Person","@id":"https:\/\/www.estrategiaconcursos.com.br\/blog\/#\/schema\/person\/84ecdc6eb58d3cf1689bf76c5cd8fb38","name":"Camila Leite","image":{"@type":"ImageObject","inLanguage":"pt-BR","@id":"https:\/\/secure.gravatar.com\/avatar\/f2f8faef639c8a2bfb7fb909912a56917f4c3a0aed064500168e2fb8ea55cf61?s=96&d=mm&r=g","url":"https:\/\/secure.gravatar.com\/avatar\/f2f8faef639c8a2bfb7fb909912a56917f4c3a0aed064500168e2fb8ea55cf61?s=96&d=mm&r=g","contentUrl":"https:\/\/secure.gravatar.com\/avatar\/f2f8faef639c8a2bfb7fb909912a56917f4c3a0aed064500168e2fb8ea55cf61?s=96&d=mm&r=g","caption":"Camila Leite"},"description":"Formada em Design Gr\u00e1fico e em Propaganda e Marketing pela UNIP, integra a equipe de jornalismo do Estrat\u00e9gia Concursos desde 2018. Ao longo dos anos, construiu uma s\u00f3lida experi\u00eancia na produ\u00e7\u00e3o de conte\u00fado informativo e relevante para concurseiros. Desde 2020, atua na cobertura das \u00e1reas Fiscal \u2014 com \u00eanfase nas Secretarias de Fazenda (Sefaz) das regi\u00f5es Sul e Sudeste \u2014, al\u00e9m da cobertura de concursos federais, como CNU, Petrobras, CGU, Receita Federal, ag\u00eancias reguladoras (Anvisa, ANAC, entre outras) e INSS. Mant\u00e9m contato direto com os principais \u00f3rg\u00e3os p\u00fablicos, acompanhando editais, atualiza\u00e7\u00f5es e movimenta\u00e7\u00f5es importantes para os candidatos.","sameAs":["https:\/\/www.linkedin.com\/in\/camila-pinheiro-leite-9ba135b6\/"],"url":"https:\/\/www.estrategiaconcursos.com.br\/blog\/author\/camila-leiteestrategiaconcursos-com-br\/"}]}},"_links":{"self":[{"href":"https:\/\/www.estrategiaconcursos.com.br\/blog\/wp-json\/wp\/v2\/posts\/976895","targetHints":{"allow":["GET"]}}],"collection":[{"href":"https:\/\/www.estrategiaconcursos.com.br\/blog\/wp-json\/wp\/v2\/posts"}],"about":[{"href":"https:\/\/www.estrategiaconcursos.com.br\/blog\/wp-json\/wp\/v2\/types\/post"}],"author":[{"embeddable":true,"href":"https:\/\/www.estrategiaconcursos.com.br\/blog\/wp-json\/wp\/v2\/users\/659"}],"replies":[{"embeddable":true,"href":"https:\/\/www.estrategiaconcursos.com.br\/blog\/wp-json\/wp\/v2\/comments?post=976895"}],"version-history":[{"count":12,"href":"https:\/\/www.estrategiaconcursos.com.br\/blog\/wp-json\/wp\/v2\/posts\/976895\/revisions"}],"predecessor-version":[{"id":1175869,"href":"https:\/\/www.estrategiaconcursos.com.br\/blog\/wp-json\/wp\/v2\/posts\/976895\/revisions\/1175869"}],"wp:featuredmedia":[{"embeddable":true,"href":"https:\/\/www.estrategiaconcursos.com.br\/blog\/wp-json\/wp\/v2\/media\/746120"}],"wp:attachment":[{"href":"https:\/\/www.estrategiaconcursos.com.br\/blog\/wp-json\/wp\/v2\/media?parent=976895"}],"wp:term":[{"taxonomy":"category","embeddable":true,"href":"https:\/\/www.estrategiaconcursos.com.br\/blog\/wp-json\/wp\/v2\/categories?post=976895"},{"taxonomy":"post_tag","embeddable":true,"href":"https:\/\/www.estrategiaconcursos.com.br\/blog\/wp-json\/wp\/v2\/tags?post=976895"},{"taxonomy":"tax_estado","embeddable":true,"href":"https:\/\/www.estrategiaconcursos.com.br\/blog\/wp-json\/wp\/v2\/tax_estado?post=976895"}],"curies":[{"name":"wp","href":"https:\/\/api.w.org\/{rel}","templated":true}]}}