{"id":976708,"date":"2022-02-25T18:00:00","date_gmt":"2022-02-25T21:00:00","guid":{"rendered":"https:\/\/www.estrategiaconcursos.com.br\/blog\/?p=976708"},"modified":"2022-03-03T08:48:30","modified_gmt":"2022-03-03T11:48:30","slug":"concurso-publico-editais-da-semana-21-a-25-02","status":"publish","type":"post","link":"https:\/\/www.estrategiaconcursos.com.br\/blog\/concurso-publico-editais-da-semana-21-a-25-02\/","title":{"rendered":"Concurso P\u00fablico: 18 editais esta semana! Mais de 2 mil vagas!"},"content":{"rendered":"\n<p>Chegamos quase no final de fevereiro com um \u00f3timo saldo de editais, al\u00e9m da publica\u00e7\u00e3o de importantes certames, como foi o caso da <a href=\"https:\/\/www.estrategiaconcursos.com.br\/blog\/concurso-policia-civil-sp\/#status-medico\" target=\"_blank\" rel=\"noreferrer noopener\">Pol\u00edcia Civil de S\u00e3o Paulo<\/a>.<\/p>\n\n\n\n<p>E falando em <strong>PC SP<\/strong>, essa semana foram publicados os dois \u00faltimos editais que eram aguardados para os cargos de M\u00e9dico Legista e Delegado.<\/p>\n\n\n\n<p>Essa semana o estado do Mato Grosso do Sul tamb\u00e9m deu show com a publica\u00e7\u00e3o dos editais para a Secretaria de <a href=\"https:\/\/www.estrategiaconcursos.com.br\/blog\/concursos-educacao-2022\/\" target=\"_blank\" rel=\"noreferrer noopener\">Educa\u00e7\u00e3o<\/a> (<strong>SED MS<\/strong>) e para a <a href=\"https:\/\/www.estrategiaconcursos.com.br\/blog\/concursos-controle-2022\/\" target=\"_blank\" rel=\"noreferrer noopener\">Controladoria<\/a>-Geral do Estado (<strong>CGE MS<\/strong>).<\/p>\n\n\n\n<p>Quer ficar informado sobre todos os novos editais de <a href=\"https:\/\/www.estrategiaconcursos.com.br\/blog\/concursos-abertos\/\" target=\"_blank\" rel=\"noreferrer noopener\">concursos publicados<\/a> nos \u00faltimos dias? <em><strong>Confira mais informa\u00e7\u00f5es ao longo deste artigo!<\/strong><\/em>  <\/p>\n\n\n\n<div class=\"container\" id=\"boxes\">\n  <div class=\"row\">\n\n    <div class=\"col-sm\">\n      <div class=\"banner-estrategia\" id=\"box-assinatura\">\n        <h3 class=\"titulo-assinatura\">Cursos para concursos<\/h3>\n        <p class=\"subtitulo-assinatura\">Estude conosco<\/p>\n        <div class=\"box-botao\">\n          <a class=\"btn-assinatura\" target=\"_blank\" href=\"https:\/\/www.estrategiaconcursos.com.br\/cursos\/\" role=\"button\" rel=\"noopener noreferrer\">Conhe\u00e7a os cursos<\/a>\n        <\/div>\n      <\/div>\n     \n    <\/div>\n\n  <\/div>\n<\/div>\n\n\n\n<h2 class=\"has-text-align-center has-cyan-bluish-gray-background-color has-background wp-block-heading\" id=\"h-confira-os-editais-de-concursos-publicados-nesta-semana\">Confira os editais de concursos publicados nesta semana:<\/h2>\n\n\n\n<h3 class=\"wp-block-heading\" id=\"concurso-prefeitura-de-cascavel-pr\"><a href=\"https:\/\/www.estrategiaconcursos.com.br\/blog\/concurso-policia-civil-sp\/#status-medico\" target=\"_blank\" rel=\"noreferrer noopener\">Concurso PC SP<\/a><\/h3>\n\n\n\n<ul class=\"wp-block-list\"><li><strong>Banca:<\/strong>&nbsp;Vunesp<\/li><li><strong>Per\u00edodo de inscri\u00e7\u00f5es<\/strong>:&nbsp;21\/03 a 28\/04\/2022<\/li><li><strong>Data da prova<\/strong>: 12\/06\/2022<\/li><li><strong>Vagas:<\/strong>&nbsp;198<\/li><li><strong>Cargos:<\/strong>&nbsp;M\u00e9dico Legista<\/li><li><strong>Remunera\u00e7\u00e3o<\/strong>: R$ 8.699,94 <\/li><li><strong>Edital:<\/strong> <a href=\"https:\/\/dhg1h5j42swfq.cloudfront.net\/2022\/02\/23163435\/mjy5odkzmg.pdf\" target=\"_blank\" rel=\"noreferrer noopener nofollow\">M\u00e9dico-PCSP<\/a> <\/li><li><strong>Curso:<\/strong>&nbsp;<a href=\"https:\/\/www.estrategiaconcursos.com.br\/curso\/pc-sp-medico-legista-pacote-2022-pos-edital\/\" target=\"_blank\" rel=\"noreferrer noopener\">PC SP M\u00e9dico<\/a><\/li><\/ul>\n\n\n\n<h3 class=\"wp-block-heading\" id=\"concurso-prefeitura-de-cascavel-pr\"><a href=\"https:\/\/www.estrategiaconcursos.com.br\/blog\/concurso-delegado-sp\/\" target=\"_blank\" rel=\"noreferrer noopener\">Concurso Delta SP<\/a><\/h3>\n\n\n\n<ul class=\"wp-block-list\"><li><strong>Banca:<\/strong>&nbsp;Vunesp<\/li><li><strong>Per\u00edodo de inscri\u00e7\u00f5es<\/strong>:&nbsp;03\/03 a 24\/03\/2022<\/li><li><strong>Data da prova<\/strong>: 01\/05\/2022<\/li><li><strong>Vagas:<\/strong>&nbsp;250<\/li><li><strong>Cargos:<\/strong> Delegado<\/li><li><strong>Remunera\u00e7\u00e3o<\/strong>: R$ 10.382,48<\/li><li><strong>Edital:<\/strong> <a href=\"https:\/\/dhg1h5j42swfq.cloudfront.net\/2022\/02\/25070848\/pcsp-delegado-1-1.pdf\" target=\"_blank\" rel=\"noreferrer noopener nofollow\">Delegado-PCSP<\/a><\/li><li><strong>Curso:<\/strong>&nbsp;<a href=\"https:\/\/www.estrategiaconcursos.com.br\/cursosPorConcurso\/pc-sp-policia-civil-de-sao-paulo-delegado\/\" target=\"_blank\" rel=\"noreferrer noopener\">Delta SP<\/a><\/li><\/ul>\n\n\n\n<h3 class=\"wp-block-heading\" id=\"concurso-prefeitura-de-cascavel-pr\"><a href=\"https:\/\/www.estrategiaconcursos.com.br\/blog\/concurso-detran-am\/\" target=\"_blank\" rel=\"noreferrer noopener\">Concurso Detran AM<\/a><\/h3>\n\n\n\n<ul class=\"wp-block-list\"><li><strong>Banca:<\/strong>&nbsp;IBFC<\/li><li><strong>Per\u00edodo de inscri\u00e7\u00f5es<\/strong>:&nbsp;08\/03 a 06\/04\/2022<\/li><li><strong>Data da prova<\/strong>: 15\/05\/2022<\/li><li><strong>Vagas:<\/strong>&nbsp;183<\/li><li><strong>Cargos:<\/strong> V\u00e1rios<\/li><li><strong>Remunera\u00e7\u00e3o<\/strong>: R$ 2.300,00 a R$ 5.500,00 <\/li><li><strong>Edital:<\/strong> <a href=\"https:\/\/dhg1h5j42swfq.cloudfront.net\/2022\/02\/25134322\/15b0d5031f038ca5499a8e6340e88a9c.pdf\" target=\"_blank\" rel=\"noreferrer noopener nofollow\">Detran-AM 2022<\/a><\/li><li><strong>Curso:<\/strong>&nbsp;<a href=\"https:\/\/www.estrategiaconcursos.com.br\/cursosPorConcurso\/departamento-de-transito-do-amazonas-detran-am\/\" target=\"_blank\" rel=\"noreferrer noopener\">Detran AM<\/a><\/li><\/ul>\n\n\n\n<h3 class=\"wp-block-heading\" id=\"concurso-prefeitura-de-cascavel-pr\"><a href=\"https:\/\/www.estrategiaconcursos.com.br\/blog\/concurso-alesp\/\" target=\"_blank\" rel=\"noreferrer noopener\">Concurso ALESP<\/a><\/h3>\n\n\n\n<ul class=\"wp-block-list\"><li><strong>Banca:<\/strong>&nbsp;Vunesp<\/li><li><strong>Per\u00edodo de inscri\u00e7\u00f5es<\/strong>:&nbsp;21\/03 a 28\/04\/2022<\/li><li><strong>Data da prova<\/strong>: 12\/06\/2022<\/li><li><strong>Vagas:<\/strong>&nbsp;118<\/li><li><strong>Cargos:<\/strong> Auditor Interno, Analista Legislativo e T\u00e9cnico Legislativo<\/li><li><strong>Remunera\u00e7\u00e3o<\/strong>: R$ 6.970,17 a R$ 11.421,92<\/li><li><strong>Edital:<\/strong> <a href=\"https:\/\/dhg1h5j42swfq.cloudfront.net\/2022\/02\/25073324\/concurso-alesp-1-1-1-1.pdf\" target=\"_blank\" rel=\"noreferrer noopener nofollow\">ALESP 2022<\/a><\/li><li><strong>Curso:<\/strong>&nbsp;<a href=\"https:\/\/www.estrategiaconcursos.com.br\/cursosPorConcurso\/assembleia-legislativa-do-estado-de-sao-paulo-alesp\/\" target=\"_blank\" rel=\"noreferrer noopener\">ALESP<\/a><\/li><\/ul>\n\n\n\n<h3 class=\"wp-block-heading\" id=\"concurso-prefeitura-de-cascavel-pr\"><a href=\"https:\/\/www.estrategiaconcursos.com.br\/blog\/concurso-pge-rj\/\" target=\"_blank\" rel=\"noreferrer noopener\">Concurso PGE RJ<\/a><\/h3>\n\n\n\n<ul class=\"wp-block-list\"><li><strong>Banca:<\/strong>&nbsp;Cebraspe<\/li><li><strong>Per\u00edodo de inscri\u00e7\u00f5es<\/strong>:&nbsp;07 a 25\/03\/2022<\/li><li><strong>Data da prova<\/strong>:&nbsp;01\/05\/2022<\/li><li><strong>Vagas:<\/strong>&nbsp;12 + CR<\/li><li><strong>Cargos:<\/strong>&nbsp;T\u00e9cnico e Analista<\/li><li><strong>Remunera\u00e7\u00e3o<\/strong>: R$ 5.110 e R$ 6.990<\/li><li><strong>Edital:&nbsp;<\/strong><a href=\"https:\/\/dhg1h5j42swfq.cloudfront.net\/2022\/02\/25092852\/concurso-pge-rj-2022-edital-1.pdf\" target=\"_blank\" rel=\"noreferrer noopener nofollow\">Edital&nbsp;PGE RJ 2022<\/a><\/li><li><strong>Curso:<\/strong>&nbsp;<a href=\"https:\/\/www.estrategiaconcursos.com.br\/cursosPorConcurso\/pge-rj-procurador-do-estado-do-rio-de-janeiro-servidores\/\" target=\"_blank\" rel=\"noreferrer noopener\">MP RJ<\/a><\/li><\/ul>\n\n\n\n<h3 class=\"wp-block-heading\" id=\"concurso-prefeitura-de-cascavel-pr\"><a href=\"https:\/\/www.estrategiaconcursos.com.br\/blog\/concurso-dpe-ce-defensor\/\" target=\"_blank\" rel=\"noreferrer noopener\">Concurso DPE CE Defensor<\/a><\/h3>\n\n\n\n<ul class=\"wp-block-list\"><li><strong>Banca:<\/strong>&nbsp;FCC<\/li><li><strong>Per\u00edodo de inscri\u00e7\u00f5es<\/strong>:&nbsp;03\/03 a 05\/04\/2022<\/li><li><strong>Data da prova<\/strong>:&nbsp;30 e 31\/07\/2022<\/li><li><strong>Vagas:<\/strong>&nbsp;60<\/li><li><strong>Cargos:<\/strong>&nbsp;Defensor P\u00fablico de Entr\u00e2ncia Inicial<\/li><li><strong>Remunera\u00e7\u00e3o<\/strong>: R$ 27.528,09<\/li><li><strong>Edital:&nbsp;<\/strong><a href=\"https:\/\/dhg1h5j42swfq.cloudfront.net\/2022\/02\/21173321\/diario_6-1.pdf\" target=\"_blank\" rel=\"noreferrer noopener nofollow\">Edital Defensor CE<\/a><\/li><li><strong>Curso:<\/strong>&nbsp;<a href=\"https:\/\/www.estrategiaconcursos.com.br\/curso\/dpe-ce-defensor-publico-pacote-completo-2022-pre-edital\/\" target=\"_blank\" rel=\"noreferrer noopener\">DPE CE<\/a><\/li><\/ul>\n\n\n\n<h3 class=\"wp-block-heading\" id=\"concurso-prefeitura-de-cascavel-pr\"><a href=\"https:\/\/www.estrategiaconcursos.com.br\/blog\/concurso-cge-ms\/\" target=\"_blank\" rel=\"noreferrer noopener\">Concurso CGE MS<\/a><\/h3>\n\n\n\n<ul class=\"wp-block-list\"><li><strong>Banca:<\/strong>&nbsp;Instituto AOCP<\/li><li><strong>Per\u00edodo de inscri\u00e7\u00f5es<\/strong>:&nbsp;at\u00e9 15\/03\/2022<\/li><li><strong>Data da prova<\/strong>:&nbsp;03\/04\/2022 (objetiva) | 22\/05\/2022 (discursiva)<\/li><li><strong>Vagas:<\/strong>&nbsp;28<\/li><li><strong>Cargos:<\/strong>&nbsp;Auditor do Estado<\/li><li><strong>Remunera\u00e7\u00e3o<\/strong>: R$ 11.330,00<\/li><li><strong>Edital:<\/strong>&nbsp;<a href=\"https:\/\/dhg1h5j42swfq.cloudfront.net\/2022\/02\/23145904\/ed_abertura_sad_cge_auditor.pdf\" target=\"_blank\" rel=\"noreferrer noopener nofollow\">Edital CGE MS 2022<\/a><\/li><li><strong>Curso:<\/strong>&nbsp;<a href=\"https:\/\/www.estrategiaconcursos.com.br\/cursosPorConcurso\/controladoria-geral-do-estado-de-mato-grosso-do-sul-cge-ms\/\" target=\"_blank\" rel=\"noreferrer noopener\">CGE MS<\/a><\/li><\/ul>\n\n\n\n<h3 class=\"wp-block-heading\" id=\"concurso-prefeitura-de-cascavel-pr\"><a href=\"https:\/\/www.estrategiaconcursos.com.br\/blog\/concurso-sed-ms\/\" target=\"_blank\" rel=\"noreferrer noopener\">Concurso SED MS<\/a><\/h3>\n\n\n\n<ul class=\"wp-block-list\"><li><strong>Banca:<\/strong>&nbsp;Instituto AOCP<\/li><li><strong>Per\u00edodo de inscri\u00e7\u00f5es<\/strong>:&nbsp;at\u00e9 15\/03\/2022<\/li><li><strong>Data da prova<\/strong>:&nbsp;03\/04\/2022<\/li><li><strong>Vagas:<\/strong>&nbsp;722<\/li><li><strong>Cargos:<\/strong>&nbsp;Professor<\/li><li><strong>Remunera\u00e7\u00e3o<\/strong>: R$ 4.190,82 a R$ 4.609,89<\/li><li><strong>Edital:<\/strong>&nbsp;<a href=\"https:\/\/dhg1h5j42swfq.cloudfront.net\/2022\/02\/23091517\/do10764_23_02_2022-162-212.pdf\" target=\"_blank\" rel=\"noreferrer noopener nofollow\">Edital SED MS<\/a><\/li><li><strong>Curso:<\/strong>&nbsp;<a href=\"https:\/\/www.estrategiaconcursos.com.br\/cursosPorConcurso\/sed-ms-secretaria-de-estado-de-educacao-do-mato-grosso-do-sul\/\" target=\"_blank\" rel=\"noreferrer noopener\">SED MS<\/a><\/li><\/ul>\n\n\n\n<h3 class=\"wp-block-heading\" id=\"concurso-prefeitura-de-cascavel-pr\"><a href=\"https:\/\/www.estrategiaconcursos.com.br\/blog\/concurso-eletrobras\/\" target=\"_blank\" rel=\"noreferrer noopener\">Concurso Eletrobras<\/a> (RJ)<\/h3>\n\n\n\n<ul class=\"wp-block-list\"><li><strong>Banca:<\/strong>&nbsp;Cesgranrio<\/li><li><strong>Per\u00edodo de inscri\u00e7\u00f5es<\/strong>:&nbsp;at\u00e9 21\/03\/2022<\/li><li><strong>Data da prova<\/strong>:&nbsp;15\/05\/2022<\/li><li><strong>Vagas:<\/strong>&nbsp;137 + CR<\/li><li><strong>Cargos:<\/strong>&nbsp;V\u00e1rios<\/li><li><strong>Remunera\u00e7\u00e3o<\/strong>: R$ 3.653,06 a&nbsp;R$ 7.382,28<\/li><li><strong>Edital:<\/strong>&nbsp;<a href=\"https:\/\/dhg1h5j42swfq.cloudfront.net\/2022\/02\/25101608\/eletronuclear0122_edital.pdf\" target=\"_blank\" rel=\"noreferrer noopener nofollow\">Edital Eletrobras 2022<\/a><\/li><li><strong>Curso:<\/strong>&nbsp;<a href=\"https:\/\/www.estrategiaconcursos.com.br\/cursos\/\" target=\"_blank\" rel=\"noreferrer noopener\">Eletrobras<\/a><\/li><\/ul>\n\n\n\n<h3 class=\"wp-block-heading\" id=\"concurso-prefeitura-de-cascavel-pr\"><a href=\"https:\/\/www.estrategiaconcursos.com.br\/blog\/concurso-mdc\/\" target=\"_blank\" rel=\"noreferrer noopener\">Processo seletivo Minist\u00e9rio das Comunica\u00e7\u00f5es<\/a>&nbsp;(DF)<\/h3>\n\n\n\n<ul class=\"wp-block-list\"><li><strong>Banca:<\/strong>&nbsp;Cebraspe<\/li><li><strong>Per\u00edodo de inscri\u00e7\u00f5es<\/strong>:&nbsp;at\u00e9 14\/03\/2022<\/li><li><strong>Data da prova<\/strong>:&nbsp;24\/04\/2022<\/li><li><strong>Vagas:<\/strong>&nbsp;217<\/li><li><strong>Cargos:<\/strong>&nbsp;Atividades T\u00e9cnicas nas \u00e1reas de TI e Comunica\u00e7\u00e3o<\/li><li><strong>Remunera\u00e7\u00e3o<\/strong>: R$ 3.800,00 a R$ 8.300,00<\/li><li><strong>Edital:<\/strong>&nbsp;<a href=\"https:\/\/dhg1h5j42swfq.cloudfront.net\/2022\/02\/24170849\/diariooficial.pdf\" target=\"_blank\" rel=\"noreferrer noopener nofollow\">Edital MDC<\/a><\/li><li><strong>Curso:<\/strong>&nbsp;<a href=\"https:\/\/www.estrategiaconcursos.com.br\/cursosPorConcurso\/ministerio-das-comunicacoes-mdc\/\" target=\"_blank\" rel=\"noreferrer noopener\">MDC<\/a><\/li><\/ul>\n\n\n\n<h3 class=\"wp-block-heading\" id=\"concurso-prefeitura-de-cascavel-pr\"><a href=\"https:\/\/www.estrategiaconcursos.com.br\/blog\/concurso-ufg\/\" target=\"_blank\" rel=\"noreferrer noopener\">Concurso UFG<\/a>&nbsp;(GO)<\/h3>\n\n\n\n<ul class=\"wp-block-list\"><li><strong>Banca:&nbsp;<\/strong>organiza\u00e7\u00e3o pr\u00f3pria<\/li><li><strong>Per\u00edodo de inscri\u00e7\u00f5es<\/strong>:&nbsp;03 a 21\/03\/2022<\/li><li><strong>Data da prova<\/strong>:&nbsp;10\/04\/2022<\/li><li><strong>Vagas:<\/strong>&nbsp;27<\/li><li><strong>Cargos:<\/strong>&nbsp;T\u00e9cnico Administrativo em Educa\u00e7\u00e3o \u2013 V\u00e1rias \u00e1reas<\/li><li><strong>Remunera\u00e7\u00e3o<\/strong>: R$ 1.945,07 a R$ 4.180,66<\/li><li><strong>Edital:&nbsp;<\/strong><a href=\"https:\/\/dhg1h5j42swfq.cloudfront.net\/2022\/02\/21092619\/concurso-ufg-edital-3.pdf\" target=\"_blank\" rel=\"noreferrer noopener nofollow\">Edital UFG 2022<\/a><\/li><li><strong>Curso:<\/strong>&nbsp;<a href=\"https:\/\/www.estrategiaconcursos.com.br\/cursosPorConcurso\/universidade-federal-de-goias-ufg\/\" target=\"_blank\" rel=\"noreferrer noopener\">UFG<\/a><\/li><\/ul>\n\n\n\n<h3 class=\"wp-block-heading\" id=\"concurso-prefeitura-de-cascavel-pr\"><a href=\"https:\/\/www.estrategiaconcursos.com.br\/blog\/concurso-ifes\/\" target=\"_blank\" rel=\"noreferrer noopener\">Concurso IFES<\/a><\/h3>\n\n\n\n<ul class=\"wp-block-list\"><li><strong>Banca:&nbsp;<\/strong>organiza\u00e7\u00e3o pr\u00f3pria<\/li><li><strong>Per\u00edodo de inscri\u00e7\u00f5es<\/strong>: 03\/03 a 03\/04\/2022<\/li><li><strong>Data da prova<\/strong>: 22\/05\/2022<\/li><li><strong>Vagas:<\/strong>&nbsp;18<\/li><li><strong>Cargos:<\/strong>&nbsp;T\u00e9cnico Administrativo em Educa\u00e7\u00e3o \u2013 V\u00e1rias \u00e1reas<\/li><li><strong>Remunera\u00e7\u00e3o<\/strong>: R$ 1.945,07 e R$ 4.180,66<\/li><li><strong>Edital:&nbsp;<\/strong><a href=\"https:\/\/dhg1h5j42swfq.cloudfront.net\/2022\/02\/25090748\/concurso-ifes.pdf\" target=\"_blank\" rel=\"noreferrer noopener nofollow\">Edital IFES<\/a><\/li><li><strong>Curso:<\/strong>&nbsp;<a href=\"https:\/\/www.estrategiaconcursos.com.br\/cursos\/concurso\/\" target=\"_blank\" rel=\"noreferrer noopener\">IFES<\/a><\/li><\/ul>\n\n\n\n<h3 class=\"wp-block-heading\" id=\"concurso-prefeitura-de-cascavel-pr\"><a href=\"https:\/\/www.estrategiaconcursos.com.br\/blog\/concurso-ufms\/\" target=\"_blank\" rel=\"noreferrer noopener\">Concurso UFMS<\/a><\/h3>\n\n\n\n<ul class=\"wp-block-list\"><li><strong>Banca:&nbsp;<\/strong>FAPEC<\/li><li><strong>Per\u00edodo de inscri\u00e7\u00f5es<\/strong>:&nbsp;at\u00e9&nbsp;04\/03\/2022<\/li><li><strong>Data da prova<\/strong>:&nbsp;13\/03\/2022<\/li><li><strong>Vagas:<\/strong>&nbsp;25<\/li><li><strong>Cargo:<\/strong>&nbsp;Professor Substituto<\/li><li><strong>Remunera\u00e7\u00e3o<\/strong>: R$ 2.236,32 a R$ 5.831,21<\/li><li><strong>Edital:&nbsp;<\/strong><a href=\"http:\/\/www.concursos.ufms.br\/front\/news\/view\/2694\" target=\"_blank\" rel=\"noreferrer noopener\">Edital UFMS 2022<\/a><\/li><li><strong>Curso:<\/strong>&nbsp;<a href=\"https:\/\/www.estrategiaconcursos.com.br\/cursosPorConcurso\/universidade-federal-do-mato-grosso-do-sul-ufms\/\" target=\"_blank\" rel=\"noreferrer noopener\">UFMS<\/a><\/li><\/ul>\n\n\n\n<h3 class=\"wp-block-heading\" id=\"concurso-prefeitura-de-cascavel-pr\"><a href=\"https:\/\/www.estrategiaconcursos.com.br\/blog\/concurso-ufv\/\" target=\"_blank\" rel=\"noreferrer noopener\">Concurso UFV<\/a>&nbsp;(MG)<\/h3>\n\n\n\n<ul class=\"wp-block-list\"><li><strong>Banca:<\/strong>&nbsp;organiza\u00e7\u00e3o pr\u00f3pria<\/li><li><strong>Per\u00edodo de inscri\u00e7\u00f5es<\/strong>:&nbsp;at\u00e9 11\/03\/2022<\/li><li><strong>Data da prova<\/strong>:&nbsp;15\/05\/2022<\/li><li><strong>Vagas:<\/strong>&nbsp;33 + 01&nbsp;<\/li><li><strong>Cargos:<\/strong>&nbsp;Enfermeiro<\/li><li><strong>Remunera\u00e7\u00e3o<\/strong>: R$ 4.180,66<\/li><li><strong>Edital:<\/strong>&nbsp;<a href=\"https:\/\/dhg1h5j42swfq.cloudfront.net\/2022\/02\/23082200\/concurso-ufv-edital-publicado.pdf\" target=\"_blank\" rel=\"noreferrer noopener nofollow\">Edital UFV<\/a><\/li><li><strong>Curso:<\/strong>&nbsp;<a href=\"https:\/\/www.estrategiaconcursos.com.br\/cursosPorConcurso\/universidade-federal-de-vicosa-ufv\/\" target=\"_blank\" rel=\"noreferrer noopener\">UFV<\/a><\/li><\/ul>\n\n\n\n<h3 class=\"wp-block-heading\" id=\"concurso-prefeitura-de-cascavel-pr\"><a href=\"https:\/\/www.estrategiaconcursos.com.br\/blog\/concurso-camara-de-olimpia\/\" target=\"_blank\" rel=\"noreferrer noopener\">Concurso C\u00e2mara de Ol\u00edmpia<\/a> (SP)<\/h3>\n\n\n\n<ul class=\"wp-block-list\"><li><strong style=\"font-size: revert; color: initial;\">Banca:<\/strong> Vunesp<\/li><li><strong style=\"font-size: revert; color: initial;\">Per\u00edodo de inscri\u00e7\u00f5es<\/strong><span style=\"font-size: revert; color: initial;\">: <\/span>04\/03 a 04\/04\/2022<\/li><li><strong style=\"font-size: revert; color: initial;\">Data da prova<\/strong><span style=\"font-size: revert; color: initial;\">:<\/span> 15\/05\/2022<\/li><li><strong style=\"font-size: revert; color: initial;\">Vagas:<\/strong><span style=\"font-size: revert; color: initial;\"> <\/span>09<\/li><li><strong style=\"font-size: revert; color: initial;\">Cargos:<\/strong><span style=\"font-size: revert; color: initial;\"> <\/span>Agente e Analista<\/li><li><strong style=\"font-size: revert; color: initial;\"><\/strong><strong>Remunera\u00e7\u00e3o<\/strong>: R$ 1.971,69 a R$ 3.542,63<\/li><li><strong>Edital:<\/strong> <a href=\"https:\/\/dhg1h5j42swfq.cloudfront.net\/2022\/02\/24122429\/camara-da-estancia-turistica-de-olimpia.pdf\" target=\"_blank\" rel=\"noreferrer noopener nofollow\">Edital C\u00e2mara Ol\u00edmpia<\/a><\/li><li><strong style=\"font-size: revert; color: initial;\">Curso:<\/strong> <a href=\"https:\/\/www.estrategiaconcursos.com.br\/cursosPorConcurso\/area-legislativa-pacotes-promocionais\/\" target=\"_blank\" rel=\"noreferrer noopener\">Ol\u00edmpia<\/a><\/li><\/ul>\n\n\n\n<h3 class=\"wp-block-heading\" id=\"concurso-prefeitura-de-cascavel-pr\"><a href=\"https:\/\/www.estrategiaconcursos.com.br\/blog\/concurso-piracicaba-saude\/\" target=\"_blank\" rel=\"noreferrer noopener\">Concurso Prefeitura de Piracicaba<\/a> (SP)<\/h3>\n\n\n\n<ul class=\"wp-block-list\"><li><strong style=\"font-size: revert; color: initial;\">Banca:<\/strong> Vunesp<\/li><li><strong style=\"font-size: revert; color: initial;\">Per\u00edodo de inscri\u00e7\u00f5es<\/strong><span style=\"font-size: revert; color: initial;\">: <\/span>14\/03 a 18\/04\/2022<\/li><li><strong style=\"font-size: revert; color: initial;\">Data da prova<\/strong><span style=\"font-size: revert; color: initial;\">:<\/span> 22\/05\/2022<\/li><li><strong style=\"font-size: revert; color: initial;\">Vagas:<\/strong><span style=\"font-size: revert; color: initial;\"> <\/span>13 + CR<\/li><li><strong style=\"font-size: revert; color: initial;\">Cargos:<\/strong><span style=\"font-size: revert; color: initial;\"> <\/span>V\u00e1rios<\/li><li><strong style=\"font-size: revert; color: initial;\"><\/strong><strong>Remunera\u00e7\u00e3o<\/strong>: R$ 2.118,98 a R$ 10.614,52<\/li><li><strong>Edital:<\/strong> <a href=\"https:\/\/dhg1h5j42swfq.cloudfront.net\/2022\/02\/24124604\/edital-piracicaba-saude.pdf\" target=\"_blank\" rel=\"noreferrer noopener nofollow\">Prefeitura de Piracicaba-Sa\u00fade<\/a><\/li><li><strong style=\"font-size: revert; color: initial;\">Curso:<\/strong> <a href=\"https:\/\/www.estrategiaconcursos.com.br\/cursos\/concurso\/\" target=\"_blank\" rel=\"noreferrer noopener\">Piracicaba<\/a><\/li><\/ul>\n\n\n\n<h3 class=\"wp-block-heading\" id=\"concurso-prefeitura-de-cascavel-pr\"><a href=\"https:\/\/www.estrategiaconcursos.com.br\/blog\/concurso-prefeitura-de-barueri-sp\/\" target=\"_blank\" rel=\"noreferrer noopener\">Concurso Prefeitura de Barueri<\/a>&nbsp;(SP)<\/h3>\n\n\n\n<ul class=\"wp-block-list\"><li><strong>Banca:<\/strong>&nbsp;IGECS<strong>&nbsp;<\/strong><\/li><li><strong>Per\u00edodo de inscri\u00e7\u00f5es<\/strong>:&nbsp;at\u00e9&nbsp;14\/03\/2022<\/li><li><strong>Data da prova<\/strong>:&nbsp;03\/04\/2022<\/li><li><strong>Vagas:<\/strong>&nbsp;10<\/li><li><strong>Cargos:<\/strong>&nbsp;V\u00e1rios<\/li><li><strong>Remunera\u00e7\u00e3o<\/strong>: R$ 1.424,98 a R$ 9.999,12<\/li><li><strong>Edital:<\/strong>&nbsp;<a href=\"https:\/\/dhg1h5j42swfq.cloudfront.net\/2022\/02\/23141758\/1645556928_01-edital-completo.pdf\" target=\"_blank\" rel=\"noreferrer noopener nofollow\">Edital Barueri 2022<\/a><\/li><li><strong>Curso:<\/strong>&nbsp;<a href=\"https:\/\/www.estrategiaconcursos.com.br\/cursosPorConcurso\/prefeitura-municipal-de-barueri-sp\/\" target=\"_blank\" rel=\"noreferrer noopener\">Barueri<\/a><\/li><\/ul>\n\n\n\n<h3 class=\"wp-block-heading\" id=\"concurso-prefeitura-de-cascavel-pr\"><a href=\"https:\/\/www.estrategiaconcursos.com.br\/blog\/concurso-pss-prefeitura-de-sao-paulo-publicado\/\" target=\"_blank\" rel=\"noreferrer noopener\">Processo seletivo Prefeitura de S\u00e3o Paulo<\/a><\/h3>\n\n\n\n<ul class=\"wp-block-list\"><li><strong>Banca:&nbsp;<\/strong>Instituto Mais<\/li><li><strong>Per\u00edodo de inscri\u00e7\u00f5es<\/strong>:&nbsp;at\u00e9 14\/03\/2022<\/li><li><strong>Data da prova<\/strong>:&nbsp;27\/03\/2022<\/li><li><strong>Vagas:<\/strong>&nbsp;250<\/li><li><strong>Cargos:<\/strong>&nbsp;Resid\u00eancia em Gest\u00e3o P\u00fablica e Jur\u00eddica<\/li><li><strong>Remunera\u00e7\u00e3o<\/strong>: R$ 2.475,00 e R$ 3.300,00<\/li><li><strong>Edital:&nbsp;<\/strong><a href=\"https:\/\/dhg1h5j42swfq.cloudfront.net\/2022\/02\/21151651\/pmsp_psp_01_2022_residencia-1.pdf\" target=\"_blank\" rel=\"noreferrer noopener nofollow\">Edital PSS S\u00e3o Paulo<\/a><\/li><li><strong>Curso:<\/strong>&nbsp;<a href=\"https:\/\/www.estrategiaconcursos.com.br\/cursos\/\" target=\"_blank\" rel=\"noreferrer noopener\">Prefeitura SP<\/a><\/li><\/ul>\n\n\n\n<p class=\"has-text-align-center has-background\" style=\"background-color:#ededed;font-size:clamp(14.642px, 0.915rem + ((1vw - 3.2px) * 0.721), 22px);px\"><strong>Veja tamb\u00e9m: <a href=\"https:\/\/www.estrategiaconcursos.com.br\/blog\/principais-noticias-do-dia\/\" target=\"_blank\" rel=\"noreferrer noopener\">Principais not\u00edcias do dia<\/a><\/strong><\/p>\n\n\n\n<div class=\"wp-block-image\"><figure class=\"aligncenter size-large is-resized\"><img loading=\"lazy\" decoding=\"async\" src=\"https:\/\/dhg1h5j42swfq.cloudfront.net\/2020\/09\/18141901\/Coruja_Concursos%404x-506x1024.png\" alt=\"Concurso P\u00fablico: 10 editais esta semana! Mais de 3,5 mil vagas\" class=\"wp-image-574355\" width=\"35\" height=\"71\" srcset=\"https:\/\/dhg1h5j42swfq.cloudfront.net\/2020\/09\/18141901\/Coruja_Concursos%404x-506x1024.png 506w, https:\/\/dhg1h5j42swfq.cloudfront.net\/2020\/09\/18141901\/Coruja_Concursos%404x-148x300.png 148w, https:\/\/dhg1h5j42swfq.cloudfront.net\/2020\/09\/18141901\/Coruja_Concursos%404x-610x1236.png 610w, https:\/\/dhg1h5j42swfq.cloudfront.net\/2020\/09\/18141901\/Coruja_Concursos%404x.png 745w\" sizes=\"auto, (max-width: 35px) 100vw, 35px\" \/><\/figure><\/div>\n\n\n\n<div class=\"container\" id=\"boxes\">\n  <div class=\"row\">\n\n    <div class=\"col-sm\">\n      <div class=\"estrategia\" id=\"box-assinatura\">\n        <h3 class=\"titulo-assinatura\">Assinatura Concursos<\/h3>\n        <p class=\"subtitulo-assinatura\">Assinatura de 1 ano ou 2 anos<\/p>\n        <div class=\"box-botao\">\n          <a class=\"btn-assinatura\" target=\"_blank\" href=\"https:\/\/www.estrategiaconcursos.com.br\/assinaturas\/\" role=\"button\" rel=\"noopener noreferrer\">ASSINE AGORA<\/a>\n        <\/div>\n      <\/div><\/div><\/div><\/div>\n\n\n\n<h2 class=\"has-text-align-center wp-block-heading\" id=\"h-quer-saber-tudo-sobre-concursos-previstos-confira-nossos-artigos\">Quer saber tudo sobre concursos previstos?<br \/>Confira nossos artigos!<\/h2>\n\n\n\n<ul class=\"wp-block-list\" id=\"concurso-publico-editais-esta-semana-03-a-07-01\"><li><a href=\"https:\/\/www.estrategiaconcursos.com.br\/blog\/concursos-abertos\/\" target=\"_blank\" rel=\"noreferrer noopener\">Concursos abertos<\/a><\/li><li><a href=\"https:\/\/www.estrategiaconcursos.com.br\/blog\/concursos-2022\/\" target=\"_blank\" rel=\"noreferrer noopener\">Concursos 2022<\/a><\/li><\/ul>\n","protected":false},"excerpt":{"rendered":"<p>Chegamos quase no final de fevereiro com um \u00f3timo saldo de editais, al\u00e9m da publica\u00e7\u00e3o de importantes certames, como foi o caso da Pol\u00edcia Civil de S\u00e3o Paulo. E falando em PC SP, essa semana foram publicados os dois \u00faltimos editais que eram aguardados para os cargos de M\u00e9dico Legista e Delegado. Essa semana o [&hellip;]<\/p>\n","protected":false},"author":659,"featured_media":746120,"comment_status":"open","ping_status":"closed","sticky":false,"template":"","format":"standard","meta":{"post_tipo":"news","footnotes":""},"categories":[1,220219],"tags":[],"tax_estado":[219963],"class_list":["post-976708","post","type-post","status-publish","format-standard","has-post-thumbnail","hentry","category-cursos-e-concursos","category-noticias","tax_estado-concursos-federais"],"acf":[],"yoast_head":"<!-- This site is optimized with the Yoast SEO Premium plugin v27.2 (Yoast SEO v27.2) - https:\/\/yoast.com\/product\/yoast-seo-premium-wordpress\/ -->\n<title>Concurso P\u00fablico: 18 editais esta semana! Mais de 2 mil vagas!<\/title>\n<meta name=\"description\" content=\"Concurso P\u00fablico 2022: 18 editais sa\u00edram ao longo desta semana (21 a 25\/02). Confira n\u00famero de vagas, remunera\u00e7\u00e3o e principais datas\" \/>\n<meta name=\"robots\" content=\"index, follow, max-snippet:-1, max-image-preview:large, max-video-preview:-1\" \/>\n<link rel=\"canonical\" href=\"https:\/\/www.estrategiaconcursos.com.br\/blog\/concurso-publico-editais-da-semana-21-a-25-02\/\" \/>\n<meta property=\"og:locale\" content=\"pt_BR\" \/>\n<meta property=\"og:type\" content=\"article\" \/>\n<meta property=\"og:title\" content=\"Concurso P\u00fablico: 18 editais esta semana! Mais de 2 mil vagas!\" \/>\n<meta property=\"og:description\" content=\"Concurso P\u00fablico 2022: 18 editais sa\u00edram ao longo desta semana (21 a 25\/02). Confira n\u00famero de vagas, remunera\u00e7\u00e3o e principais datas\" \/>\n<meta property=\"og:url\" content=\"https:\/\/www.estrategiaconcursos.com.br\/blog\/concurso-publico-editais-da-semana-21-a-25-02\/\" \/>\n<meta property=\"og:site_name\" content=\"Estrat\u00e9gia Concursos\" \/>\n<meta property=\"article:published_time\" content=\"2022-02-25T21:00:00+00:00\" \/>\n<meta property=\"article:modified_time\" content=\"2022-03-03T11:48:30+00:00\" \/>\n<meta property=\"og:image\" content=\"https:\/\/dhg1h5j42swfq.cloudfront.net\/2021\/04\/20121239\/2022_concursos.jpeg\" \/>\n\t<meta property=\"og:image:width\" content=\"768\" \/>\n\t<meta property=\"og:image:height\" content=\"432\" \/>\n\t<meta property=\"og:image:type\" content=\"image\/jpeg\" \/>\n<meta name=\"author\" content=\"Camila Leite\" \/>\n<meta name=\"twitter:card\" content=\"summary_large_image\" \/>\n<meta name=\"twitter:creator\" content=\"@EstratConcursos\" \/>\n<meta name=\"twitter:site\" content=\"@EstratConcursos\" \/>\n<meta name=\"twitter:label1\" content=\"Escrito por\" \/>\n\t<meta name=\"twitter:data1\" content=\"Camila Leite\" \/>\n\t<meta name=\"twitter:label2\" content=\"Est. tempo de leitura\" \/>\n\t<meta name=\"twitter:data2\" content=\"5 minutos\" \/>\n<script type=\"application\/ld+json\" class=\"yoast-schema-graph\">{\"@context\":\"https:\/\/schema.org\",\"@graph\":[{\"@type\":\"NewsArticle\",\"@id\":\"https:\/\/www.estrategiaconcursos.com.br\/blog\/concurso-publico-editais-da-semana-21-a-25-02\/#article\",\"isPartOf\":{\"@id\":\"https:\/\/www.estrategiaconcursos.com.br\/blog\/concurso-publico-editais-da-semana-21-a-25-02\/\"},\"author\":{\"name\":\"Camila Leite\",\"@id\":\"https:\/\/www.estrategiaconcursos.com.br\/blog\/#\/schema\/person\/84ecdc6eb58d3cf1689bf76c5cd8fb38\"},\"headline\":\"Concurso P\u00fablico: 18 editais esta semana! Mais de 2 mil vagas!\",\"datePublished\":\"2022-02-25T21:00:00+00:00\",\"dateModified\":\"2022-03-03T11:48:30+00:00\",\"mainEntityOfPage\":{\"@id\":\"https:\/\/www.estrategiaconcursos.com.br\/blog\/concurso-publico-editais-da-semana-21-a-25-02\/\"},\"wordCount\":869,\"commentCount\":0,\"publisher\":{\"@id\":\"https:\/\/www.estrategiaconcursos.com.br\/blog\/#organization\"},\"image\":{\"@id\":\"https:\/\/www.estrategiaconcursos.com.br\/blog\/concurso-publico-editais-da-semana-21-a-25-02\/#primaryimage\"},\"thumbnailUrl\":\"https:\/\/dhg1h5j42swfq.cloudfront.net\/2021\/04\/20121239\/2022_concursos.jpeg\",\"articleSection\":[\"Concursos P\u00fablicos\",\"\u00daltimas not\u00edcias\"],\"inLanguage\":\"pt-BR\",\"potentialAction\":[{\"@type\":\"CommentAction\",\"name\":\"Comment\",\"target\":[\"https:\/\/www.estrategiaconcursos.com.br\/blog\/concurso-publico-editais-da-semana-21-a-25-02\/#respond\"]}],\"copyrightYear\":\"2022\",\"copyrightHolder\":{\"@id\":\"https:\/\/www.estrategiaconcursos.com.br\/blog\/#organization\"}},{\"@type\":\"WebPage\",\"@id\":\"https:\/\/www.estrategiaconcursos.com.br\/blog\/concurso-publico-editais-da-semana-21-a-25-02\/\",\"url\":\"https:\/\/www.estrategiaconcursos.com.br\/blog\/concurso-publico-editais-da-semana-21-a-25-02\/\",\"name\":\"Concurso P\u00fablico: 18 editais esta semana! Mais de 2 mil vagas!\",\"isPartOf\":{\"@id\":\"https:\/\/www.estrategiaconcursos.com.br\/blog\/#website\"},\"primaryImageOfPage\":{\"@id\":\"https:\/\/www.estrategiaconcursos.com.br\/blog\/concurso-publico-editais-da-semana-21-a-25-02\/#primaryimage\"},\"image\":{\"@id\":\"https:\/\/www.estrategiaconcursos.com.br\/blog\/concurso-publico-editais-da-semana-21-a-25-02\/#primaryimage\"},\"thumbnailUrl\":\"https:\/\/dhg1h5j42swfq.cloudfront.net\/2021\/04\/20121239\/2022_concursos.jpeg\",\"datePublished\":\"2022-02-25T21:00:00+00:00\",\"dateModified\":\"2022-03-03T11:48:30+00:00\",\"description\":\"Concurso P\u00fablico 2022: 18 editais sa\u00edram ao longo desta semana (21 a 25\/02). Confira n\u00famero de vagas, remunera\u00e7\u00e3o e principais datas\",\"breadcrumb\":{\"@id\":\"https:\/\/www.estrategiaconcursos.com.br\/blog\/concurso-publico-editais-da-semana-21-a-25-02\/#breadcrumb\"},\"inLanguage\":\"pt-BR\",\"potentialAction\":[{\"@type\":\"ReadAction\",\"target\":[\"https:\/\/www.estrategiaconcursos.com.br\/blog\/concurso-publico-editais-da-semana-21-a-25-02\/\"]}]},{\"@type\":\"ImageObject\",\"inLanguage\":\"pt-BR\",\"@id\":\"https:\/\/www.estrategiaconcursos.com.br\/blog\/concurso-publico-editais-da-semana-21-a-25-02\/#primaryimage\",\"url\":\"https:\/\/dhg1h5j42swfq.cloudfront.net\/2021\/04\/20121239\/2022_concursos.jpeg\",\"contentUrl\":\"https:\/\/dhg1h5j42swfq.cloudfront.net\/2021\/04\/20121239\/2022_concursos.jpeg\",\"width\":768,\"height\":432,\"caption\":\"Concursos 2022\"},{\"@type\":\"BreadcrumbList\",\"@id\":\"https:\/\/www.estrategiaconcursos.com.br\/blog\/concurso-publico-editais-da-semana-21-a-25-02\/#breadcrumb\",\"itemListElement\":[{\"@type\":\"ListItem\",\"position\":1,\"name\":\"In\u00edcio\",\"item\":\"https:\/\/www.estrategiaconcursos.com.br\/blog\/\"},{\"@type\":\"ListItem\",\"position\":2,\"name\":\"Concurso P\u00fablico: 18 editais esta semana! Mais de 2 mil vagas!\"}]},{\"@type\":\"WebSite\",\"@id\":\"https:\/\/www.estrategiaconcursos.com.br\/blog\/#website\",\"url\":\"https:\/\/www.estrategiaconcursos.com.br\/blog\/\",\"name\":\"Estrat\u00e9gia Concursos\",\"description\":\"O blog da Estrat\u00e9gia Concursos traz not\u00edcias sobre concursos e artigos de professores oferecendo cursos para concursos (pdf + videaulas) no site.\",\"publisher\":{\"@id\":\"https:\/\/www.estrategiaconcursos.com.br\/blog\/#organization\"},\"potentialAction\":[{\"@type\":\"SearchAction\",\"target\":{\"@type\":\"EntryPoint\",\"urlTemplate\":\"https:\/\/www.estrategiaconcursos.com.br\/blog\/?s={search_term_string}\"},\"query-input\":{\"@type\":\"PropertyValueSpecification\",\"valueRequired\":true,\"valueName\":\"search_term_string\"}}],\"inLanguage\":\"pt-BR\"},{\"@type\":\"Organization\",\"@id\":\"https:\/\/www.estrategiaconcursos.com.br\/blog\/#organization\",\"name\":\"Estrat\u00e9gia Concursos\",\"url\":\"https:\/\/www.estrategiaconcursos.com.br\/blog\/\",\"logo\":{\"@type\":\"ImageObject\",\"inLanguage\":\"pt-BR\",\"@id\":\"https:\/\/www.estrategiaconcursos.com.br\/blog\/#\/schema\/logo\/image\/\",\"url\":\"https:\/\/dhg1h5j42swfq.cloudfront.net\/2025\/06\/03203428\/logo_concursos-1.jpg\",\"contentUrl\":\"https:\/\/dhg1h5j42swfq.cloudfront.net\/2025\/06\/03203428\/logo_concursos-1.jpg\",\"width\":230,\"height\":60,\"caption\":\"Estrat\u00e9gia Concursos\"},\"image\":{\"@id\":\"https:\/\/www.estrategiaconcursos.com.br\/blog\/#\/schema\/logo\/image\/\"},\"sameAs\":[\"https:\/\/x.com\/EstratConcursos\"]},{\"@type\":\"Person\",\"@id\":\"https:\/\/www.estrategiaconcursos.com.br\/blog\/#\/schema\/person\/84ecdc6eb58d3cf1689bf76c5cd8fb38\",\"name\":\"Camila Leite\",\"image\":{\"@type\":\"ImageObject\",\"inLanguage\":\"pt-BR\",\"@id\":\"https:\/\/secure.gravatar.com\/avatar\/f2f8faef639c8a2bfb7fb909912a56917f4c3a0aed064500168e2fb8ea55cf61?s=96&d=mm&r=g\",\"url\":\"https:\/\/secure.gravatar.com\/avatar\/f2f8faef639c8a2bfb7fb909912a56917f4c3a0aed064500168e2fb8ea55cf61?s=96&d=mm&r=g\",\"contentUrl\":\"https:\/\/secure.gravatar.com\/avatar\/f2f8faef639c8a2bfb7fb909912a56917f4c3a0aed064500168e2fb8ea55cf61?s=96&d=mm&r=g\",\"caption\":\"Camila Leite\"},\"description\":\"Formada em Design Gr\u00e1fico e em Propaganda e Marketing pela UNIP, integra a equipe de jornalismo do Estrat\u00e9gia Concursos desde 2018. Ao longo dos anos, construiu uma s\u00f3lida experi\u00eancia na produ\u00e7\u00e3o de conte\u00fado informativo e relevante para concurseiros. Desde 2020, atua na cobertura das \u00e1reas Fiscal \u2014 com \u00eanfase nas Secretarias de Fazenda (Sefaz) das regi\u00f5es Sul e Sudeste \u2014, al\u00e9m da cobertura de concursos federais, como CNU, Petrobras, CGU, Receita Federal, ag\u00eancias reguladoras (Anvisa, ANAC, entre outras) e INSS. Mant\u00e9m contato direto com os principais \u00f3rg\u00e3os p\u00fablicos, acompanhando editais, atualiza\u00e7\u00f5es e movimenta\u00e7\u00f5es importantes para os candidatos.\",\"sameAs\":[\"https:\/\/www.linkedin.com\/in\/camila-pinheiro-leite-9ba135b6\/\"],\"url\":\"https:\/\/www.estrategiaconcursos.com.br\/blog\/author\/camila-leiteestrategiaconcursos-com-br\/\"}]}<\/script>\n<!-- \/ Yoast SEO Premium plugin. -->","yoast_head_json":{"title":"Concurso P\u00fablico: 18 editais esta semana! Mais de 2 mil vagas!","description":"Concurso P\u00fablico 2022: 18 editais sa\u00edram ao longo desta semana (21 a 25\/02). Confira n\u00famero de vagas, remunera\u00e7\u00e3o e principais datas","robots":{"index":"index","follow":"follow","max-snippet":"max-snippet:-1","max-image-preview":"max-image-preview:large","max-video-preview":"max-video-preview:-1"},"canonical":"https:\/\/www.estrategiaconcursos.com.br\/blog\/concurso-publico-editais-da-semana-21-a-25-02\/","og_locale":"pt_BR","og_type":"article","og_title":"Concurso P\u00fablico: 18 editais esta semana! Mais de 2 mil vagas!","og_description":"Concurso P\u00fablico 2022: 18 editais sa\u00edram ao longo desta semana (21 a 25\/02). Confira n\u00famero de vagas, remunera\u00e7\u00e3o e principais datas","og_url":"https:\/\/www.estrategiaconcursos.com.br\/blog\/concurso-publico-editais-da-semana-21-a-25-02\/","og_site_name":"Estrat\u00e9gia Concursos","article_published_time":"2022-02-25T21:00:00+00:00","article_modified_time":"2022-03-03T11:48:30+00:00","og_image":[{"width":768,"height":432,"url":"https:\/\/dhg1h5j42swfq.cloudfront.net\/2021\/04\/20121239\/2022_concursos.jpeg","type":"image\/jpeg"}],"author":"Camila Leite","twitter_card":"summary_large_image","twitter_creator":"@EstratConcursos","twitter_site":"@EstratConcursos","twitter_misc":{"Escrito por":"Camila Leite","Est. tempo de leitura":"5 minutos"},"schema":{"@context":"https:\/\/schema.org","@graph":[{"@type":"NewsArticle","@id":"https:\/\/www.estrategiaconcursos.com.br\/blog\/concurso-publico-editais-da-semana-21-a-25-02\/#article","isPartOf":{"@id":"https:\/\/www.estrategiaconcursos.com.br\/blog\/concurso-publico-editais-da-semana-21-a-25-02\/"},"author":{"name":"Camila Leite","@id":"https:\/\/www.estrategiaconcursos.com.br\/blog\/#\/schema\/person\/84ecdc6eb58d3cf1689bf76c5cd8fb38"},"headline":"Concurso P\u00fablico: 18 editais esta semana! Mais de 2 mil vagas!","datePublished":"2022-02-25T21:00:00+00:00","dateModified":"2022-03-03T11:48:30+00:00","mainEntityOfPage":{"@id":"https:\/\/www.estrategiaconcursos.com.br\/blog\/concurso-publico-editais-da-semana-21-a-25-02\/"},"wordCount":869,"commentCount":0,"publisher":{"@id":"https:\/\/www.estrategiaconcursos.com.br\/blog\/#organization"},"image":{"@id":"https:\/\/www.estrategiaconcursos.com.br\/blog\/concurso-publico-editais-da-semana-21-a-25-02\/#primaryimage"},"thumbnailUrl":"https:\/\/dhg1h5j42swfq.cloudfront.net\/2021\/04\/20121239\/2022_concursos.jpeg","articleSection":["Concursos P\u00fablicos","\u00daltimas not\u00edcias"],"inLanguage":"pt-BR","potentialAction":[{"@type":"CommentAction","name":"Comment","target":["https:\/\/www.estrategiaconcursos.com.br\/blog\/concurso-publico-editais-da-semana-21-a-25-02\/#respond"]}],"copyrightYear":"2022","copyrightHolder":{"@id":"https:\/\/www.estrategiaconcursos.com.br\/blog\/#organization"}},{"@type":"WebPage","@id":"https:\/\/www.estrategiaconcursos.com.br\/blog\/concurso-publico-editais-da-semana-21-a-25-02\/","url":"https:\/\/www.estrategiaconcursos.com.br\/blog\/concurso-publico-editais-da-semana-21-a-25-02\/","name":"Concurso P\u00fablico: 18 editais esta semana! Mais de 2 mil vagas!","isPartOf":{"@id":"https:\/\/www.estrategiaconcursos.com.br\/blog\/#website"},"primaryImageOfPage":{"@id":"https:\/\/www.estrategiaconcursos.com.br\/blog\/concurso-publico-editais-da-semana-21-a-25-02\/#primaryimage"},"image":{"@id":"https:\/\/www.estrategiaconcursos.com.br\/blog\/concurso-publico-editais-da-semana-21-a-25-02\/#primaryimage"},"thumbnailUrl":"https:\/\/dhg1h5j42swfq.cloudfront.net\/2021\/04\/20121239\/2022_concursos.jpeg","datePublished":"2022-02-25T21:00:00+00:00","dateModified":"2022-03-03T11:48:30+00:00","description":"Concurso P\u00fablico 2022: 18 editais sa\u00edram ao longo desta semana (21 a 25\/02). Confira n\u00famero de vagas, remunera\u00e7\u00e3o e principais datas","breadcrumb":{"@id":"https:\/\/www.estrategiaconcursos.com.br\/blog\/concurso-publico-editais-da-semana-21-a-25-02\/#breadcrumb"},"inLanguage":"pt-BR","potentialAction":[{"@type":"ReadAction","target":["https:\/\/www.estrategiaconcursos.com.br\/blog\/concurso-publico-editais-da-semana-21-a-25-02\/"]}]},{"@type":"ImageObject","inLanguage":"pt-BR","@id":"https:\/\/www.estrategiaconcursos.com.br\/blog\/concurso-publico-editais-da-semana-21-a-25-02\/#primaryimage","url":"https:\/\/dhg1h5j42swfq.cloudfront.net\/2021\/04\/20121239\/2022_concursos.jpeg","contentUrl":"https:\/\/dhg1h5j42swfq.cloudfront.net\/2021\/04\/20121239\/2022_concursos.jpeg","width":768,"height":432,"caption":"Concursos 2022"},{"@type":"BreadcrumbList","@id":"https:\/\/www.estrategiaconcursos.com.br\/blog\/concurso-publico-editais-da-semana-21-a-25-02\/#breadcrumb","itemListElement":[{"@type":"ListItem","position":1,"name":"In\u00edcio","item":"https:\/\/www.estrategiaconcursos.com.br\/blog\/"},{"@type":"ListItem","position":2,"name":"Concurso P\u00fablico: 18 editais esta semana! Mais de 2 mil vagas!"}]},{"@type":"WebSite","@id":"https:\/\/www.estrategiaconcursos.com.br\/blog\/#website","url":"https:\/\/www.estrategiaconcursos.com.br\/blog\/","name":"Estrat\u00e9gia Concursos","description":"O blog da Estrat\u00e9gia Concursos traz not\u00edcias sobre concursos e artigos de professores oferecendo cursos para concursos (pdf + videaulas) no site.","publisher":{"@id":"https:\/\/www.estrategiaconcursos.com.br\/blog\/#organization"},"potentialAction":[{"@type":"SearchAction","target":{"@type":"EntryPoint","urlTemplate":"https:\/\/www.estrategiaconcursos.com.br\/blog\/?s={search_term_string}"},"query-input":{"@type":"PropertyValueSpecification","valueRequired":true,"valueName":"search_term_string"}}],"inLanguage":"pt-BR"},{"@type":"Organization","@id":"https:\/\/www.estrategiaconcursos.com.br\/blog\/#organization","name":"Estrat\u00e9gia Concursos","url":"https:\/\/www.estrategiaconcursos.com.br\/blog\/","logo":{"@type":"ImageObject","inLanguage":"pt-BR","@id":"https:\/\/www.estrategiaconcursos.com.br\/blog\/#\/schema\/logo\/image\/","url":"https:\/\/dhg1h5j42swfq.cloudfront.net\/2025\/06\/03203428\/logo_concursos-1.jpg","contentUrl":"https:\/\/dhg1h5j42swfq.cloudfront.net\/2025\/06\/03203428\/logo_concursos-1.jpg","width":230,"height":60,"caption":"Estrat\u00e9gia Concursos"},"image":{"@id":"https:\/\/www.estrategiaconcursos.com.br\/blog\/#\/schema\/logo\/image\/"},"sameAs":["https:\/\/x.com\/EstratConcursos"]},{"@type":"Person","@id":"https:\/\/www.estrategiaconcursos.com.br\/blog\/#\/schema\/person\/84ecdc6eb58d3cf1689bf76c5cd8fb38","name":"Camila Leite","image":{"@type":"ImageObject","inLanguage":"pt-BR","@id":"https:\/\/secure.gravatar.com\/avatar\/f2f8faef639c8a2bfb7fb909912a56917f4c3a0aed064500168e2fb8ea55cf61?s=96&d=mm&r=g","url":"https:\/\/secure.gravatar.com\/avatar\/f2f8faef639c8a2bfb7fb909912a56917f4c3a0aed064500168e2fb8ea55cf61?s=96&d=mm&r=g","contentUrl":"https:\/\/secure.gravatar.com\/avatar\/f2f8faef639c8a2bfb7fb909912a56917f4c3a0aed064500168e2fb8ea55cf61?s=96&d=mm&r=g","caption":"Camila Leite"},"description":"Formada em Design Gr\u00e1fico e em Propaganda e Marketing pela UNIP, integra a equipe de jornalismo do Estrat\u00e9gia Concursos desde 2018. Ao longo dos anos, construiu uma s\u00f3lida experi\u00eancia na produ\u00e7\u00e3o de conte\u00fado informativo e relevante para concurseiros. Desde 2020, atua na cobertura das \u00e1reas Fiscal \u2014 com \u00eanfase nas Secretarias de Fazenda (Sefaz) das regi\u00f5es Sul e Sudeste \u2014, al\u00e9m da cobertura de concursos federais, como CNU, Petrobras, CGU, Receita Federal, ag\u00eancias reguladoras (Anvisa, ANAC, entre outras) e INSS. Mant\u00e9m contato direto com os principais \u00f3rg\u00e3os p\u00fablicos, acompanhando editais, atualiza\u00e7\u00f5es e movimenta\u00e7\u00f5es importantes para os candidatos.","sameAs":["https:\/\/www.linkedin.com\/in\/camila-pinheiro-leite-9ba135b6\/"],"url":"https:\/\/www.estrategiaconcursos.com.br\/blog\/author\/camila-leiteestrategiaconcursos-com-br\/"}]}},"_links":{"self":[{"href":"https:\/\/www.estrategiaconcursos.com.br\/blog\/wp-json\/wp\/v2\/posts\/976708","targetHints":{"allow":["GET"]}}],"collection":[{"href":"https:\/\/www.estrategiaconcursos.com.br\/blog\/wp-json\/wp\/v2\/posts"}],"about":[{"href":"https:\/\/www.estrategiaconcursos.com.br\/blog\/wp-json\/wp\/v2\/types\/post"}],"author":[{"embeddable":true,"href":"https:\/\/www.estrategiaconcursos.com.br\/blog\/wp-json\/wp\/v2\/users\/659"}],"replies":[{"embeddable":true,"href":"https:\/\/www.estrategiaconcursos.com.br\/blog\/wp-json\/wp\/v2\/comments?post=976708"}],"version-history":[{"count":14,"href":"https:\/\/www.estrategiaconcursos.com.br\/blog\/wp-json\/wp\/v2\/posts\/976708\/revisions"}],"predecessor-version":[{"id":979745,"href":"https:\/\/www.estrategiaconcursos.com.br\/blog\/wp-json\/wp\/v2\/posts\/976708\/revisions\/979745"}],"wp:featuredmedia":[{"embeddable":true,"href":"https:\/\/www.estrategiaconcursos.com.br\/blog\/wp-json\/wp\/v2\/media\/746120"}],"wp:attachment":[{"href":"https:\/\/www.estrategiaconcursos.com.br\/blog\/wp-json\/wp\/v2\/media?parent=976708"}],"wp:term":[{"taxonomy":"category","embeddable":true,"href":"https:\/\/www.estrategiaconcursos.com.br\/blog\/wp-json\/wp\/v2\/categories?post=976708"},{"taxonomy":"post_tag","embeddable":true,"href":"https:\/\/www.estrategiaconcursos.com.br\/blog\/wp-json\/wp\/v2\/tags?post=976708"},{"taxonomy":"tax_estado","embeddable":true,"href":"https:\/\/www.estrategiaconcursos.com.br\/blog\/wp-json\/wp\/v2\/tax_estado?post=976708"}],"curies":[{"name":"wp","href":"https:\/\/api.w.org\/{rel}","templated":true}]}}