{"id":976660,"date":"2022-03-19T06:30:00","date_gmt":"2022-03-19T09:30:00","guid":{"rendered":"https:\/\/www.estrategiaconcursos.com.br\/blog\/?p=976660"},"modified":"2022-07-08T17:13:52","modified_gmt":"2022-07-08T20:13:52","slug":"promotor-mp-rj-revisao-de-vespera","status":"publish","type":"post","link":"https:\/\/www.estrategiaconcursos.com.br\/blog\/promotor-mp-rj-revisao-de-vespera\/","title":{"rendered":"Promotor MP RJ: revis\u00e3o de v\u00e9spera"},"content":{"rendered":"\n<p>Reforce sua prepara\u00e7\u00e3o para o concurso Promotor MP RJ com a revis\u00e3o de v\u00e9spera que acontece neste s\u00e1bado, 19 de mar\u00e7o de 2022. Confira abaixo: <\/p>\n\n\n\n<h3 class=\"wp-block-heading\" id=\"promotor-mp-rj-cronograma\">Promotor MP RJ: cronograma<\/h3>\n\n\n\n<figure class=\"wp-block-table is-style-stripes\"><table><tbody><tr><td class=\"has-text-align-center\" data-align=\"center\">Hor\u00e1rio<\/td><td class=\"has-text-align-center\" data-align=\"center\">Disciplina<\/td><td class=\"has-text-align-center\" data-align=\"center\">Professor<\/td><\/tr><tr><td class=\"has-text-align-center\" data-align=\"center\">07:00 \u00e0s 08:00<\/td><td class=\"has-text-align-center\" data-align=\"center\">Direito Constitucional<\/td><td class=\"has-text-align-center\" data-align=\"center\">Vinicius Zoponi<\/td><\/tr><tr><td class=\"has-text-align-center\" data-align=\"center\">08:00 \u00e0s 09:00<\/td><td class=\"has-text-align-center\" data-align=\"center\">Processo Penal<\/td><td class=\"has-text-align-center\" data-align=\"center\">Guilherme Rezende<\/td><\/tr><tr><td class=\"has-text-align-center\" data-align=\"center\">09:00 \u00e0s 10:00<\/td><td class=\"has-text-align-center\" data-align=\"center\">Direito Administrativo<\/td><td class=\"has-text-align-center\" data-align=\"center\">Bruno Betti<\/td><\/tr><tr><td class=\"has-text-align-center\" data-align=\"center\">10:00 \u00e0s 11:00<\/td><td class=\"has-text-align-center\" data-align=\"center\">Princ\u00edpios Institucionais do MP<\/td><td class=\"has-text-align-center\" data-align=\"center\">Henrique da Rosa<\/td><\/tr><tr><td class=\"has-text-align-center\" data-align=\"center\">11:00 \u00e0s 12:00<\/td><td class=\"has-text-align-center\" data-align=\"center\">Direito Civil<\/td><td class=\"has-text-align-center\" data-align=\"center\">Tiago Justo<\/td><\/tr><tr><td class=\"has-text-align-center\" data-align=\"center\">12:00 \u00e0s 13:00<\/td><td class=\"has-text-align-center\" data-align=\"center\">Direito Processual Civil<\/td><td class=\"has-text-align-center\" data-align=\"center\">Rog\u00e9rio Cunha<\/td><\/tr><tr><td class=\"has-text-align-center\" data-align=\"center\">13:00 \u00e0s 14:00<\/td><td class=\"has-text-align-center\" data-align=\"center\">Tutela Coletiva<\/td><td class=\"has-text-align-center\" data-align=\"center\">Henrique da Rosa<\/td><\/tr><tr><td class=\"has-text-align-center\" data-align=\"center\">14:00 \u00e0s 15:00<\/td><td class=\"has-text-align-center\" data-align=\"center\">Direito Penal<\/td><td class=\"has-text-align-center\" data-align=\"center\">Fl\u00e1vio Milhomem<\/td><\/tr><tr><td class=\"has-text-align-center\" data-align=\"center\">15:00 \u00e0s 16:00<\/td><td class=\"has-text-align-center\" data-align=\"center\">Inf\u00e2ncia e Juventude<\/td><td class=\"has-text-align-center\" data-align=\"center\">Alex Fadel<\/td><\/tr><tr><td class=\"has-text-align-center\" data-align=\"center\">16:00 \u00e0s 17:00<\/td><td class=\"has-text-align-center\" data-align=\"center\">Legisla\u00e7\u00e3o Penal Especial<\/td><td class=\"has-text-align-center\" data-align=\"center\">Alex Fadel<\/td><\/tr><\/tbody><\/table><figcaption>Cronograma<\/figcaption><\/figure>\n\n\n\n<h3 class=\"wp-block-heading\" id=\"promotor-mp-rj-evento-ao-vivo\">Promotor MP RJ: evento ao vivo <\/h3>\n\n\n\n<p class=\"has-text-align-center has-luminous-vivid-amber-background-color has-background has-medium-font-size\"><a href=\"https:\/\/www.youtube.com\/c\/Estrat%C3%A9giaCarreiraJur%C3%ADdica\/videos?view=2&amp;live_view=502\" target=\"_blank\" rel=\"noreferrer noopener\">ASSISTA AO VIVO AQUI<\/a><\/p>\n\n\n\n<h3 class=\"wp-block-heading\" id=\"promotor-mp-rj-curiosidades\">Promotor MP RJ: curiosidades<\/h3>\n\n\n\n<p>A sele\u00e7\u00e3o dos candidatos inscritos no edital MP RJ Promotor se dar\u00e1 mediante aplica\u00e7\u00e3o das seguintes etapas:<\/p>\n\n\n\n<p>1\u00aa) Prova Preambular, composta por quest\u00f5es objetivas de m\u00faltipla escolha, de pronta resposta, apura\u00e7\u00e3o<br \/>padronizada, e de car\u00e1ter eliminat\u00f3rio;<strong><br \/><\/strong>2\u00aa) Provas Escritas Especializadas, de car\u00e1ter eliminat\u00f3rio;<br \/>3\u00aa) Provas Orais, de car\u00e1ter eliminat\u00f3rio;<br \/>4\u00aa) Prova Escrita de L\u00edngua Portuguesa, de car\u00e1ter classificat\u00f3rio;<br \/>5\u00aa) Prova de T\u00edtulos, de car\u00e1ter classificat\u00f3rio.<\/p>\n\n\n\n<h4 class=\"wp-block-heading\" id=\"h-materias\">Mat\u00e9rias<\/h4>\n\n\n\n<p>I \u2013 Direito Penal;<br \/>II \u2013 Direito Processual Penal;<br \/>III \u2013 Execu\u00e7\u00e3o Penal;<br \/>IV \u2013 Viol\u00eancia Dom\u00e9stica e Familiar contra a Mulher;<br \/>V \u2013 Direito Civil;<br \/>VI \u2013 Direito Processual Civil;<br \/>VII \u2013 Direito Empresarial;<br \/>VIII \u2013 Direito Eleitoral;<br \/>IX \u2013 Direito Constitucional;<br \/>X \u2013 Direito Administrativo;<br \/>XI \u2013 Direito Tribut\u00e1rio;<br \/>XII \u2013 Direito da Inf\u00e2ncia e Juventude;<br \/>XIII \u2013 Tutela Coletiva;<br \/>XIV \u2013 Princ\u00edpios Institucionais do Minist\u00e9rio P\u00fablico.<\/p>\n\n\n\n<h3 class=\"wp-block-heading\" id=\"objetiva\">Provas Objetivas<\/h3>\n\n\n\n<p>A prova preambular, com dura\u00e7\u00e3o de 6 (seis) horas, ser\u00e1 composta por 80 (oitenta) quest\u00f5es objetivas de m\u00faltipla escolha, de pronta resposta e apura\u00e7\u00e3o padronizada, que abranger\u00e3o todas as mat\u00e9rias elencadas no art. 37 da Delibera\u00e7\u00e3o CSMP n\u00ba 76\/2021 e versar\u00e3o sobre quaisquer dos pontos a serem oportunamente divulgados.<\/p>\n\n\n\n<p class=\"has-text-align-center has-luminous-vivid-amber-background-color has-background has-medium-font-size\"><strong>Saiba mais: <a href=\"https:\/\/cj.estrategia.com\/portal\/concurso-mp-rj-promotor\/\" target=\"_blank\" rel=\"noreferrer noopener\">concurso MP RJ Promotor<\/a><\/strong><\/p>\n\n\n\n<p class=\"has-text-align-center has-cyan-bluish-gray-background-color has-background has-medium-font-size\"><strong><a href=\"https:\/\/www.youtube.com\/channel\/UClbMGuYbj2Mh1m3w144ETWQ\" target=\"_blank\" rel=\"noreferrer noopener\">Youtube &#8211; Estrat\u00e9gia Carreira Jur\u00eddica<\/a><\/strong><\/p>\n\n\n\n<h2 class=\"has-text-align-center wp-block-heading\" id=\"h-quer-saber-tudo-sobre-concursos-previstos-confira-nossos-artigos\">Quer saber tudo sobre concursos previstos?<br \/>Confira nossos artigos!<\/h2>\n\n\n\n<ul class=\"wp-block-list\"><li><a href=\"https:\/\/www.estrategiaconcursos.com.br\/blog\/concursos-abertos\/\" target=\"_blank\" rel=\"noreferrer noopener\">Concursos abertos<\/a><\/li><li><a href=\"https:\/\/www.estrategiaconcursos.com.br\/blog\/concursos-2022\/\" target=\"_blank\" rel=\"noreferrer noopener\">Concursos 2022<\/a><\/li><\/ul>\n\n\n\n<h2 class=\"has-text-align-center wp-block-heading\" id=\"curso\">CURSOS E ASSINATURAS<\/h2>\n\n\n\n<div class=\"container\" id=\"boxes\">\n  <div class=\"row\">\n\n    <div class=\"col-sm\">\n      <div class=\"banner-tribunal\" id=\"box-assinatura\">\n        <h3 class=\"titulo-assinatura\">Cursos para MP RJ Promotor<\/h3>\n        <p class=\"subtitulo-assinatura\">Conhe\u00e7a os cursos<\/p>\n        <div class=\"box-botao\">\n          <a class=\"btn-assinatura\" target=\"_blank\" href=\"https:\/\/www.estrategiaconcursos.com.br\/cursosPorConcurso\/mp-rj-promotor-de-justica\/\" rel=\"noopener noreferrer\">Conhe\u00e7a mais<\/a>\n        <\/div>\n      <\/div>\n      <p class=\"texto-auxiliar\">Prepare-se com o melhor material e com quem mais aprova em Concursos P\u00fablicos em todo o pa\u00eds.<\/p>\n    <\/div>\n\n  <\/div>\n<\/div>\n\n\n\n<div class=\"container\" id=\"boxes\">\n  <div class=\"row\">\n\n    <div class=\"col-sm\">\n      <div class=\"banner-ecj\" id=\"box-assinatura\">\n        <h3 class=\"titulo-assinatura\">Assinatura Jur\u00eddica <\/h3>\n        <p class=\"subtitulo-assinatura\">Conhe\u00e7a os planos<\/p>\n        <div class=\"box-botao\">\n          <a class=\"btn-assinatura\" target=\"_blank\" href=\"https:\/\/www.estrategiaconcursos.com.br\/assinaturas-ecj\/\" role=\"button\" rel=\"noopener noreferrer\">Conhe\u00e7a mais<\/a>\n        <\/div>\n      <\/div>\n     \n\n    <\/div>\n\n  <\/div>\n<\/div>\n","protected":false},"excerpt":{"rendered":"<p>Reforce sua prepara\u00e7\u00e3o para o concurso Promotor MP RJ com a revis\u00e3o de v\u00e9spera que acontece neste s\u00e1bado, 19 de mar\u00e7o de 2022. Confira abaixo: Promotor MP RJ: cronograma Hor\u00e1rio Disciplina Professor 07:00 \u00e0s 08:00 Direito Constitucional Vinicius Zoponi 08:00 \u00e0s 09:00 Processo Penal Guilherme Rezende 09:00 \u00e0s 10:00 Direito Administrativo Bruno Betti 10:00 \u00e0s [&hellip;]<\/p>\n","protected":false},"author":1,"featured_media":100269,"comment_status":"open","ping_status":"closed","sticky":false,"template":"","format":"standard","meta":{"post_tipo":"news","footnotes":""},"categories":[220197],"tags":[],"tax_estado":[219982],"class_list":["post-976660","post","type-post","status-publish","format-standard","has-post-thumbnail","hentry","category-promotor-de-justica","tax_estado-rj"],"acf":[],"yoast_head":"<!-- This site is optimized with the Yoast SEO Premium plugin v27.2 (Yoast SEO v27.2) - https:\/\/yoast.com\/product\/yoast-seo-premium-wordpress\/ -->\n<title>Promotor MP RJ: revis\u00e3o de v\u00e9spera<\/title>\n<meta name=\"description\" content=\"Concurso Promotor MP RJ: reforce sua prepara\u00e7\u00e3o com a revis\u00e3o de v\u00e9spera que acontece neste s\u00e1bado (19).\" \/>\n<meta name=\"robots\" content=\"index, follow, max-snippet:-1, max-image-preview:large, max-video-preview:-1\" \/>\n<link rel=\"canonical\" href=\"https:\/\/www.estrategiaconcursos.com.br\/blog\/promotor-mp-rj-revisao-de-vespera\/\" \/>\n<meta property=\"og:locale\" content=\"pt_BR\" \/>\n<meta property=\"og:type\" content=\"article\" \/>\n<meta property=\"og:title\" content=\"Promotor MP RJ: revis\u00e3o de v\u00e9spera\" \/>\n<meta property=\"og:description\" content=\"Concurso Promotor MP RJ: reforce sua prepara\u00e7\u00e3o com a revis\u00e3o de v\u00e9spera que acontece neste s\u00e1bado (19).\" \/>\n<meta property=\"og:url\" content=\"https:\/\/www.estrategiaconcursos.com.br\/blog\/promotor-mp-rj-revisao-de-vespera\/\" \/>\n<meta property=\"og:site_name\" content=\"Estrat\u00e9gia Concursos\" \/>\n<meta property=\"article:author\" content=\"https:\/\/www.facebook.com\/EstrategiaConcursos\" \/>\n<meta property=\"article:published_time\" content=\"2022-03-19T09:30:00+00:00\" \/>\n<meta property=\"article:modified_time\" content=\"2022-07-08T20:13:52+00:00\" \/>\n<meta property=\"og:image\" content=\"https:\/\/dhg1h5j42swfq.cloudfront.net\/2017\/12\/22081448\/MPRJ.jpg\" \/>\n\t<meta property=\"og:image:width\" content=\"1200\" \/>\n\t<meta property=\"og:image:height\" content=\"628\" \/>\n\t<meta property=\"og:image:type\" content=\"image\/jpeg\" \/>\n<meta name=\"author\" content=\"Coordena\u00e7\u00e3o\" \/>\n<meta name=\"twitter:card\" content=\"summary_large_image\" \/>\n<meta name=\"twitter:creator\" content=\"@EstratConcursos\" \/>\n<meta name=\"twitter:site\" content=\"@EstratConcursos\" \/>\n<meta name=\"twitter:label1\" content=\"Escrito por\" \/>\n\t<meta name=\"twitter:data1\" content=\"Coordena\u00e7\u00e3o\" \/>\n\t<meta name=\"twitter:label2\" content=\"Est. tempo de leitura\" \/>\n\t<meta name=\"twitter:data2\" content=\"2 minutos\" \/>\n<script type=\"application\/ld+json\" class=\"yoast-schema-graph\">{\"@context\":\"https:\/\/schema.org\",\"@graph\":[{\"@type\":\"NewsArticle\",\"@id\":\"https:\/\/www.estrategiaconcursos.com.br\/blog\/promotor-mp-rj-revisao-de-vespera\/#article\",\"isPartOf\":{\"@id\":\"https:\/\/www.estrategiaconcursos.com.br\/blog\/promotor-mp-rj-revisao-de-vespera\/\"},\"author\":{\"name\":\"Coordena\u00e7\u00e3o\",\"@id\":\"https:\/\/www.estrategiaconcursos.com.br\/blog\/#\/schema\/person\/b4a388c97673c5f483d72185668afa1f\"},\"headline\":\"Promotor MP RJ: revis\u00e3o de v\u00e9spera\",\"datePublished\":\"2022-03-19T09:30:00+00:00\",\"dateModified\":\"2022-07-08T20:13:52+00:00\",\"mainEntityOfPage\":{\"@id\":\"https:\/\/www.estrategiaconcursos.com.br\/blog\/promotor-mp-rj-revisao-de-vespera\/\"},\"wordCount\":386,\"commentCount\":0,\"publisher\":{\"@id\":\"https:\/\/www.estrategiaconcursos.com.br\/blog\/#organization\"},\"image\":{\"@id\":\"https:\/\/www.estrategiaconcursos.com.br\/blog\/promotor-mp-rj-revisao-de-vespera\/#primaryimage\"},\"thumbnailUrl\":\"https:\/\/dhg1h5j42swfq.cloudfront.net\/2017\/12\/22081448\/MPRJ.jpg\",\"articleSection\":[\"Jur\u00eddico - Promotor de Justi\u00e7a\"],\"inLanguage\":\"pt-BR\",\"potentialAction\":[{\"@type\":\"CommentAction\",\"name\":\"Comment\",\"target\":[\"https:\/\/www.estrategiaconcursos.com.br\/blog\/promotor-mp-rj-revisao-de-vespera\/#respond\"]}],\"copyrightYear\":\"2022\",\"copyrightHolder\":{\"@id\":\"https:\/\/www.estrategiaconcursos.com.br\/blog\/#organization\"}},{\"@type\":\"WebPage\",\"@id\":\"https:\/\/www.estrategiaconcursos.com.br\/blog\/promotor-mp-rj-revisao-de-vespera\/\",\"url\":\"https:\/\/www.estrategiaconcursos.com.br\/blog\/promotor-mp-rj-revisao-de-vespera\/\",\"name\":\"Promotor MP RJ: revis\u00e3o de v\u00e9spera\",\"isPartOf\":{\"@id\":\"https:\/\/www.estrategiaconcursos.com.br\/blog\/#website\"},\"primaryImageOfPage\":{\"@id\":\"https:\/\/www.estrategiaconcursos.com.br\/blog\/promotor-mp-rj-revisao-de-vespera\/#primaryimage\"},\"image\":{\"@id\":\"https:\/\/www.estrategiaconcursos.com.br\/blog\/promotor-mp-rj-revisao-de-vespera\/#primaryimage\"},\"thumbnailUrl\":\"https:\/\/dhg1h5j42swfq.cloudfront.net\/2017\/12\/22081448\/MPRJ.jpg\",\"datePublished\":\"2022-03-19T09:30:00+00:00\",\"dateModified\":\"2022-07-08T20:13:52+00:00\",\"description\":\"Concurso Promotor MP RJ: reforce sua prepara\u00e7\u00e3o com a revis\u00e3o de v\u00e9spera que acontece neste s\u00e1bado (19).\",\"breadcrumb\":{\"@id\":\"https:\/\/www.estrategiaconcursos.com.br\/blog\/promotor-mp-rj-revisao-de-vespera\/#breadcrumb\"},\"inLanguage\":\"pt-BR\",\"potentialAction\":[{\"@type\":\"ReadAction\",\"target\":[\"https:\/\/www.estrategiaconcursos.com.br\/blog\/promotor-mp-rj-revisao-de-vespera\/\"]}]},{\"@type\":\"ImageObject\",\"inLanguage\":\"pt-BR\",\"@id\":\"https:\/\/www.estrategiaconcursos.com.br\/blog\/promotor-mp-rj-revisao-de-vespera\/#primaryimage\",\"url\":\"https:\/\/dhg1h5j42swfq.cloudfront.net\/2017\/12\/22081448\/MPRJ.jpg\",\"contentUrl\":\"https:\/\/dhg1h5j42swfq.cloudfront.net\/2017\/12\/22081448\/MPRJ.jpg\",\"width\":1200,\"height\":628,\"caption\":\"concurso mp rj promotor\"},{\"@type\":\"BreadcrumbList\",\"@id\":\"https:\/\/www.estrategiaconcursos.com.br\/blog\/promotor-mp-rj-revisao-de-vespera\/#breadcrumb\",\"itemListElement\":[{\"@type\":\"ListItem\",\"position\":1,\"name\":\"In\u00edcio\",\"item\":\"https:\/\/www.estrategiaconcursos.com.br\/blog\/\"},{\"@type\":\"ListItem\",\"position\":2,\"name\":\"Promotor MP RJ: revis\u00e3o de v\u00e9spera\"}]},{\"@type\":\"WebSite\",\"@id\":\"https:\/\/www.estrategiaconcursos.com.br\/blog\/#website\",\"url\":\"https:\/\/www.estrategiaconcursos.com.br\/blog\/\",\"name\":\"Estrat\u00e9gia Concursos\",\"description\":\"O blog da Estrat\u00e9gia Concursos traz not\u00edcias sobre concursos e artigos de professores oferecendo cursos para concursos (pdf + videaulas) no site.\",\"publisher\":{\"@id\":\"https:\/\/www.estrategiaconcursos.com.br\/blog\/#organization\"},\"potentialAction\":[{\"@type\":\"SearchAction\",\"target\":{\"@type\":\"EntryPoint\",\"urlTemplate\":\"https:\/\/www.estrategiaconcursos.com.br\/blog\/?s={search_term_string}\"},\"query-input\":{\"@type\":\"PropertyValueSpecification\",\"valueRequired\":true,\"valueName\":\"search_term_string\"}}],\"inLanguage\":\"pt-BR\"},{\"@type\":\"Organization\",\"@id\":\"https:\/\/www.estrategiaconcursos.com.br\/blog\/#organization\",\"name\":\"Estrat\u00e9gia Concursos\",\"url\":\"https:\/\/www.estrategiaconcursos.com.br\/blog\/\",\"logo\":{\"@type\":\"ImageObject\",\"inLanguage\":\"pt-BR\",\"@id\":\"https:\/\/www.estrategiaconcursos.com.br\/blog\/#\/schema\/logo\/image\/\",\"url\":\"https:\/\/dhg1h5j42swfq.cloudfront.net\/2025\/06\/03203428\/logo_concursos-1.jpg\",\"contentUrl\":\"https:\/\/dhg1h5j42swfq.cloudfront.net\/2025\/06\/03203428\/logo_concursos-1.jpg\",\"width\":230,\"height\":60,\"caption\":\"Estrat\u00e9gia Concursos\"},\"image\":{\"@id\":\"https:\/\/www.estrategiaconcursos.com.br\/blog\/#\/schema\/logo\/image\/\"},\"sameAs\":[\"https:\/\/x.com\/EstratConcursos\"]},{\"@type\":\"Person\",\"@id\":\"https:\/\/www.estrategiaconcursos.com.br\/blog\/#\/schema\/person\/b4a388c97673c5f483d72185668afa1f\",\"name\":\"Coordena\u00e7\u00e3o\",\"image\":{\"@type\":\"ImageObject\",\"inLanguage\":\"pt-BR\",\"@id\":\"https:\/\/secure.gravatar.com\/avatar\/b720319e4c9a967eb58678d110f4fe35452fc5d5f97b202bac7b8acceb18c6ad?s=96&d=mm&r=g\",\"url\":\"https:\/\/secure.gravatar.com\/avatar\/b720319e4c9a967eb58678d110f4fe35452fc5d5f97b202bac7b8acceb18c6ad?s=96&d=mm&r=g\",\"contentUrl\":\"https:\/\/secure.gravatar.com\/avatar\/b720319e4c9a967eb58678d110f4fe35452fc5d5f97b202bac7b8acceb18c6ad?s=96&d=mm&r=g\",\"caption\":\"Coordena\u00e7\u00e3o\"},\"sameAs\":[\"https:\/\/www.facebook.com\/EstrategiaConcursos\",\"https:\/\/x.com\/EstratConcursos\"],\"url\":\"https:\/\/www.estrategiaconcursos.com.br\/blog\/author\/estrategia2013\/\"}]}<\/script>\n<!-- \/ Yoast SEO Premium plugin. -->","yoast_head_json":{"title":"Promotor MP RJ: revis\u00e3o de v\u00e9spera","description":"Concurso Promotor MP RJ: reforce sua prepara\u00e7\u00e3o com a revis\u00e3o de v\u00e9spera que acontece neste s\u00e1bado (19).","robots":{"index":"index","follow":"follow","max-snippet":"max-snippet:-1","max-image-preview":"max-image-preview:large","max-video-preview":"max-video-preview:-1"},"canonical":"https:\/\/www.estrategiaconcursos.com.br\/blog\/promotor-mp-rj-revisao-de-vespera\/","og_locale":"pt_BR","og_type":"article","og_title":"Promotor MP RJ: revis\u00e3o de v\u00e9spera","og_description":"Concurso Promotor MP RJ: reforce sua prepara\u00e7\u00e3o com a revis\u00e3o de v\u00e9spera que acontece neste s\u00e1bado (19).","og_url":"https:\/\/www.estrategiaconcursos.com.br\/blog\/promotor-mp-rj-revisao-de-vespera\/","og_site_name":"Estrat\u00e9gia Concursos","article_author":"https:\/\/www.facebook.com\/EstrategiaConcursos","article_published_time":"2022-03-19T09:30:00+00:00","article_modified_time":"2022-07-08T20:13:52+00:00","og_image":[{"width":1200,"height":628,"url":"https:\/\/dhg1h5j42swfq.cloudfront.net\/2017\/12\/22081448\/MPRJ.jpg","type":"image\/jpeg"}],"author":"Coordena\u00e7\u00e3o","twitter_card":"summary_large_image","twitter_creator":"@EstratConcursos","twitter_site":"@EstratConcursos","twitter_misc":{"Escrito por":"Coordena\u00e7\u00e3o","Est. tempo de leitura":"2 minutos"},"schema":{"@context":"https:\/\/schema.org","@graph":[{"@type":"NewsArticle","@id":"https:\/\/www.estrategiaconcursos.com.br\/blog\/promotor-mp-rj-revisao-de-vespera\/#article","isPartOf":{"@id":"https:\/\/www.estrategiaconcursos.com.br\/blog\/promotor-mp-rj-revisao-de-vespera\/"},"author":{"name":"Coordena\u00e7\u00e3o","@id":"https:\/\/www.estrategiaconcursos.com.br\/blog\/#\/schema\/person\/b4a388c97673c5f483d72185668afa1f"},"headline":"Promotor MP RJ: revis\u00e3o de v\u00e9spera","datePublished":"2022-03-19T09:30:00+00:00","dateModified":"2022-07-08T20:13:52+00:00","mainEntityOfPage":{"@id":"https:\/\/www.estrategiaconcursos.com.br\/blog\/promotor-mp-rj-revisao-de-vespera\/"},"wordCount":386,"commentCount":0,"publisher":{"@id":"https:\/\/www.estrategiaconcursos.com.br\/blog\/#organization"},"image":{"@id":"https:\/\/www.estrategiaconcursos.com.br\/blog\/promotor-mp-rj-revisao-de-vespera\/#primaryimage"},"thumbnailUrl":"https:\/\/dhg1h5j42swfq.cloudfront.net\/2017\/12\/22081448\/MPRJ.jpg","articleSection":["Jur\u00eddico - Promotor de Justi\u00e7a"],"inLanguage":"pt-BR","potentialAction":[{"@type":"CommentAction","name":"Comment","target":["https:\/\/www.estrategiaconcursos.com.br\/blog\/promotor-mp-rj-revisao-de-vespera\/#respond"]}],"copyrightYear":"2022","copyrightHolder":{"@id":"https:\/\/www.estrategiaconcursos.com.br\/blog\/#organization"}},{"@type":"WebPage","@id":"https:\/\/www.estrategiaconcursos.com.br\/blog\/promotor-mp-rj-revisao-de-vespera\/","url":"https:\/\/www.estrategiaconcursos.com.br\/blog\/promotor-mp-rj-revisao-de-vespera\/","name":"Promotor MP RJ: revis\u00e3o de v\u00e9spera","isPartOf":{"@id":"https:\/\/www.estrategiaconcursos.com.br\/blog\/#website"},"primaryImageOfPage":{"@id":"https:\/\/www.estrategiaconcursos.com.br\/blog\/promotor-mp-rj-revisao-de-vespera\/#primaryimage"},"image":{"@id":"https:\/\/www.estrategiaconcursos.com.br\/blog\/promotor-mp-rj-revisao-de-vespera\/#primaryimage"},"thumbnailUrl":"https:\/\/dhg1h5j42swfq.cloudfront.net\/2017\/12\/22081448\/MPRJ.jpg","datePublished":"2022-03-19T09:30:00+00:00","dateModified":"2022-07-08T20:13:52+00:00","description":"Concurso Promotor MP RJ: reforce sua prepara\u00e7\u00e3o com a revis\u00e3o de v\u00e9spera que acontece neste s\u00e1bado (19).","breadcrumb":{"@id":"https:\/\/www.estrategiaconcursos.com.br\/blog\/promotor-mp-rj-revisao-de-vespera\/#breadcrumb"},"inLanguage":"pt-BR","potentialAction":[{"@type":"ReadAction","target":["https:\/\/www.estrategiaconcursos.com.br\/blog\/promotor-mp-rj-revisao-de-vespera\/"]}]},{"@type":"ImageObject","inLanguage":"pt-BR","@id":"https:\/\/www.estrategiaconcursos.com.br\/blog\/promotor-mp-rj-revisao-de-vespera\/#primaryimage","url":"https:\/\/dhg1h5j42swfq.cloudfront.net\/2017\/12\/22081448\/MPRJ.jpg","contentUrl":"https:\/\/dhg1h5j42swfq.cloudfront.net\/2017\/12\/22081448\/MPRJ.jpg","width":1200,"height":628,"caption":"concurso mp rj promotor"},{"@type":"BreadcrumbList","@id":"https:\/\/www.estrategiaconcursos.com.br\/blog\/promotor-mp-rj-revisao-de-vespera\/#breadcrumb","itemListElement":[{"@type":"ListItem","position":1,"name":"In\u00edcio","item":"https:\/\/www.estrategiaconcursos.com.br\/blog\/"},{"@type":"ListItem","position":2,"name":"Promotor MP RJ: revis\u00e3o de v\u00e9spera"}]},{"@type":"WebSite","@id":"https:\/\/www.estrategiaconcursos.com.br\/blog\/#website","url":"https:\/\/www.estrategiaconcursos.com.br\/blog\/","name":"Estrat\u00e9gia Concursos","description":"O blog da Estrat\u00e9gia Concursos traz not\u00edcias sobre concursos e artigos de professores oferecendo cursos para concursos (pdf + videaulas) no site.","publisher":{"@id":"https:\/\/www.estrategiaconcursos.com.br\/blog\/#organization"},"potentialAction":[{"@type":"SearchAction","target":{"@type":"EntryPoint","urlTemplate":"https:\/\/www.estrategiaconcursos.com.br\/blog\/?s={search_term_string}"},"query-input":{"@type":"PropertyValueSpecification","valueRequired":true,"valueName":"search_term_string"}}],"inLanguage":"pt-BR"},{"@type":"Organization","@id":"https:\/\/www.estrategiaconcursos.com.br\/blog\/#organization","name":"Estrat\u00e9gia Concursos","url":"https:\/\/www.estrategiaconcursos.com.br\/blog\/","logo":{"@type":"ImageObject","inLanguage":"pt-BR","@id":"https:\/\/www.estrategiaconcursos.com.br\/blog\/#\/schema\/logo\/image\/","url":"https:\/\/dhg1h5j42swfq.cloudfront.net\/2025\/06\/03203428\/logo_concursos-1.jpg","contentUrl":"https:\/\/dhg1h5j42swfq.cloudfront.net\/2025\/06\/03203428\/logo_concursos-1.jpg","width":230,"height":60,"caption":"Estrat\u00e9gia Concursos"},"image":{"@id":"https:\/\/www.estrategiaconcursos.com.br\/blog\/#\/schema\/logo\/image\/"},"sameAs":["https:\/\/x.com\/EstratConcursos"]},{"@type":"Person","@id":"https:\/\/www.estrategiaconcursos.com.br\/blog\/#\/schema\/person\/b4a388c97673c5f483d72185668afa1f","name":"Coordena\u00e7\u00e3o","image":{"@type":"ImageObject","inLanguage":"pt-BR","@id":"https:\/\/secure.gravatar.com\/avatar\/b720319e4c9a967eb58678d110f4fe35452fc5d5f97b202bac7b8acceb18c6ad?s=96&d=mm&r=g","url":"https:\/\/secure.gravatar.com\/avatar\/b720319e4c9a967eb58678d110f4fe35452fc5d5f97b202bac7b8acceb18c6ad?s=96&d=mm&r=g","contentUrl":"https:\/\/secure.gravatar.com\/avatar\/b720319e4c9a967eb58678d110f4fe35452fc5d5f97b202bac7b8acceb18c6ad?s=96&d=mm&r=g","caption":"Coordena\u00e7\u00e3o"},"sameAs":["https:\/\/www.facebook.com\/EstrategiaConcursos","https:\/\/x.com\/EstratConcursos"],"url":"https:\/\/www.estrategiaconcursos.com.br\/blog\/author\/estrategia2013\/"}]}},"_links":{"self":[{"href":"https:\/\/www.estrategiaconcursos.com.br\/blog\/wp-json\/wp\/v2\/posts\/976660","targetHints":{"allow":["GET"]}}],"collection":[{"href":"https:\/\/www.estrategiaconcursos.com.br\/blog\/wp-json\/wp\/v2\/posts"}],"about":[{"href":"https:\/\/www.estrategiaconcursos.com.br\/blog\/wp-json\/wp\/v2\/types\/post"}],"author":[{"embeddable":true,"href":"https:\/\/www.estrategiaconcursos.com.br\/blog\/wp-json\/wp\/v2\/users\/1"}],"replies":[{"embeddable":true,"href":"https:\/\/www.estrategiaconcursos.com.br\/blog\/wp-json\/wp\/v2\/comments?post=976660"}],"version-history":[{"count":9,"href":"https:\/\/www.estrategiaconcursos.com.br\/blog\/wp-json\/wp\/v2\/posts\/976660\/revisions"}],"predecessor-version":[{"id":1058170,"href":"https:\/\/www.estrategiaconcursos.com.br\/blog\/wp-json\/wp\/v2\/posts\/976660\/revisions\/1058170"}],"wp:featuredmedia":[{"embeddable":true,"href":"https:\/\/www.estrategiaconcursos.com.br\/blog\/wp-json\/wp\/v2\/media\/100269"}],"wp:attachment":[{"href":"https:\/\/www.estrategiaconcursos.com.br\/blog\/wp-json\/wp\/v2\/media?parent=976660"}],"wp:term":[{"taxonomy":"category","embeddable":true,"href":"https:\/\/www.estrategiaconcursos.com.br\/blog\/wp-json\/wp\/v2\/categories?post=976660"},{"taxonomy":"post_tag","embeddable":true,"href":"https:\/\/www.estrategiaconcursos.com.br\/blog\/wp-json\/wp\/v2\/tags?post=976660"},{"taxonomy":"tax_estado","embeddable":true,"href":"https:\/\/www.estrategiaconcursos.com.br\/blog\/wp-json\/wp\/v2\/tax_estado?post=976660"}],"curies":[{"name":"wp","href":"https:\/\/api.w.org\/{rel}","templated":true}]}}