{"id":976493,"date":"2022-02-23T19:02:01","date_gmt":"2022-02-23T22:02:01","guid":{"rendered":"https:\/\/www.estrategiaconcursos.com.br\/blog\/?p=976493"},"modified":"2022-04-08T17:41:46","modified_gmt":"2022-04-08T20:41:46","slug":"concurso-tjdft-quando-sera-a-prova-objetiva","status":"publish","type":"post","link":"https:\/\/www.estrategiaconcursos.com.br\/blog\/concurso-tjdft-quando-sera-a-prova-objetiva\/","title":{"rendered":"Concurso TJDFT: veja aqui quando ser\u00e1 aplicada a prova"},"content":{"rendered":"\n<p>O <strong>concurso TJDFT<\/strong> (<a href=\"https:\/\/www.estrategiaconcursos.com.br\/pesquisa\/?q=tjdft\" target=\"_blank\" rel=\"noreferrer noopener\">Tribunal de Justi\u00e7a do Distrito Federal e dos Territ\u00f3rios<\/a>) est\u00e1 previsto para ser realizado no dia <strong>29 de maio<\/strong> de 2022.<\/p>\n\n\n\n<p>A <strong>prova escrita objetiva<\/strong> de m\u00faltipla escolha e a <strong>prova escrita discursiva<\/strong>, acontecem no dia<strong> 29 de<br \/>maio<\/strong> de 2022, das 08h \u00e0s 13h, segundo o hor\u00e1rio oficial de Bras\u00edlia.<\/p>\n\n\n\n<p>O<strong> <a href=\"https:\/\/cdn.direcaoconcursos.com.br\/uploads\/2022\/01\/edital-tjdft.pdf\" target=\"_blank\" rel=\"noreferrer noopener\">edital<\/a> oferta<\/strong> <strong>112 vagas <\/strong>para os cargos de <strong>analista judici\u00e1rio e t\u00e9cnico judici\u00e1rio <\/strong>do quadro de pessoal do \u00f3rg\u00e3o. As <a href=\"https:\/\/conhecimento.fgv.br\/concursos\/tjdft22\" target=\"_blank\" rel=\"noreferrer noopener\">inscri\u00e7\u00f5es<\/a> ficam abertas at\u00e9 o dia 14 de mar\u00e7o.<\/p>\n\n\n\n<h2 class=\"wp-block-heading\" id=\"datas\">Principais datas<\/h2>\n\n\n\n<p class=\"has-pale-cyan-blue-background-color has-background\"><strong>Inscri\u00e7\u00f5es<\/strong>: 07\/02 a 14\/03\/2022<br \/><strong>Isen\u00e7\u00e3o da taxa<\/strong>: 07 a 09\/02\/2022<br \/><strong>\u00daltimo dia para pagamento<\/strong>:15\/03\/2022<br \/><strong>Prova<\/strong>: 29\/05\/2022<\/p>\n\n\n\n<p>A taxa de inscri\u00e7\u00e3o foi fixada em <strong>R$ 80,00<\/strong> para t\u00e9cnico judici\u00e1rio e <strong>R$ 120,00<\/strong> para fun\u00e7\u00e3o de analista judici\u00e1rio. O valor deve ser pago at\u00e9 o dia 15 de mar\u00e7o de 2022.<\/p>\n\n\n\n<h2 class=\"wp-block-heading\" id=\"cargos-vagas\">Cargos e vagas do concurso TJDFT<\/h2>\n\n\n\n<ul class=\"wp-block-list\" id=\"analista\" style=\"font-size:clamp(14px, 0.875rem + ((1vw - 3.2px) * 0.392), 18px);\"><li><strong>Analista Judici\u00e1rio:<\/strong><\/li><\/ul>\n\n\n\n<figure class=\"wp-block-table is-style-stripes\"><table><tbody><tr><td class=\"has-text-align-center\" data-align=\"center\">Cargo<\/td><td class=\"has-text-align-center\" data-align=\"center\">Especialidade<\/td><td class=\"has-text-align-center\" data-align=\"center\">AC<\/td><td class=\"has-text-align-center\" data-align=\"center\">PCD<\/td><td class=\"has-text-align-center\" data-align=\"center\">Negros<\/td><td class=\"has-text-align-center\" data-align=\"center\"><strong>Total de vagas<\/strong><\/td><\/tr><tr><td class=\"has-text-align-center\" data-align=\"center\">Analista Judici\u00e1rio<\/td><td class=\"has-text-align-center\" data-align=\"center\"><a href=\"https:\/\/www.estrategiaconcursos.com.br\/curso\/tjdft-analista-judiciario-administracao-pacote-2022-pos-edital\/\" target=\"_blank\" rel=\"noreferrer noopener\">Administra\u00e7\u00e3o<\/a><\/td><td class=\"has-text-align-center\" data-align=\"center\">2<\/td><td class=\"has-text-align-center\" data-align=\"center\">0<\/td><td class=\"has-text-align-center\" data-align=\"center\">1<\/td><td class=\"has-text-align-center\" data-align=\"center\">3<\/td><\/tr><tr><td class=\"has-text-align-center\" data-align=\"center\">Analista Judici\u00e1rio<\/td><td class=\"has-text-align-center\" data-align=\"center\"><a href=\"https:\/\/www.estrategiaconcursos.com.br\/curso\/tjdft-analista-judiciario-analise-de-dados-pacote-2022-pos-edital\/\" target=\"_blank\" rel=\"noreferrer noopener\">An\u00e1lise de Dados<\/a><\/td><td class=\"has-text-align-center\" data-align=\"center\">3<\/td><td class=\"has-text-align-center\" data-align=\"center\">1<\/td><td class=\"has-text-align-center\" data-align=\"center\">1<\/td><td class=\"has-text-align-center\" data-align=\"center\">5<\/td><\/tr><tr><td class=\"has-text-align-center\" data-align=\"center\">Analista Judici\u00e1rio<\/td><td class=\"has-text-align-center\" data-align=\"center\">An\u00e1lise de Sistemas<\/td><td class=\"has-text-align-center\" data-align=\"center\">3<\/td><td class=\"has-text-align-center\" data-align=\"center\">1<\/td><td class=\"has-text-align-center\" data-align=\"center\">1<\/td><td class=\"has-text-align-center\" data-align=\"center\">5<\/td><\/tr><tr><td class=\"has-text-align-center\" data-align=\"center\">Analista Judici\u00e1rio<\/td><td class=\"has-text-align-center\" data-align=\"center\"><a href=\"https:\/\/www.estrategiaconcursos.com.br\/curso\/tjdft-analista-judiciario-sem-especialidade-pacote-2022-pos-edital\/\" target=\"_blank\" rel=\"noreferrer noopener\">\u00c1rea Judici\u00e1ria<\/a><\/td><td class=\"has-text-align-center\" data-align=\"center\">27<\/td><td class=\"has-text-align-center\" data-align=\"center\">2<\/td><td class=\"has-text-align-center\" data-align=\"center\">7<\/td><td class=\"has-text-align-center\" data-align=\"center\">36<\/td><\/tr><tr><td class=\"has-text-align-center\" data-align=\"center\">Analista Judici\u00e1rio<\/td><td class=\"has-text-align-center\" data-align=\"center\"><a href=\"https:\/\/www.estrategiaconcursos.com.br\/curso\/tjdft-analista-judiciario-arquivologia-pacote-2022-pos-edital\/\" target=\"_blank\" rel=\"noreferrer noopener\">Arquivologia<\/a><\/td><td class=\"has-text-align-center\" data-align=\"center\">1<\/td><td class=\"has-text-align-center\" data-align=\"center\">0<\/td><td class=\"has-text-align-center\" data-align=\"center\">0<\/td><td class=\"has-text-align-center\" data-align=\"center\">1<\/td><\/tr><tr><td class=\"has-text-align-center\" data-align=\"center\">Analista Judici\u00e1rio<\/td><td class=\"has-text-align-center\" data-align=\"center\"><a href=\"https:\/\/www.estrategiaconcursos.com.br\/curso\/tjdft-analista-judiciario-contabilidade-pacote-2022-pos-edital\/\" target=\"_blank\" rel=\"noreferrer noopener\">Contabilidade<\/a><\/td><td class=\"has-text-align-center\" data-align=\"center\">2<\/td><td class=\"has-text-align-center\" data-align=\"center\">0<\/td><td class=\"has-text-align-center\" data-align=\"center\">1<\/td><td class=\"has-text-align-center\" data-align=\"center\">3<\/td><\/tr><tr><td class=\"has-text-align-center\" data-align=\"center\">Analista Judici\u00e1rio<\/td><td class=\"has-text-align-center\" data-align=\"center\">Engenharia El\u00e9trica<\/td><td class=\"has-text-align-center\" data-align=\"center\">2<\/td><td class=\"has-text-align-center\" data-align=\"center\">0<\/td><td class=\"has-text-align-center\" data-align=\"center\">0<\/td><td class=\"has-text-align-center\" data-align=\"center\">2<\/td><\/tr><tr><td class=\"has-text-align-center\" data-align=\"center\">Analista Judici\u00e1rio<\/td><td class=\"has-text-align-center\" data-align=\"center\">Estat\u00edstica<\/td><td class=\"has-text-align-center\" data-align=\"center\">2<\/td><td class=\"has-text-align-center\" data-align=\"center\">0<\/td><td class=\"has-text-align-center\" data-align=\"center\">0<\/td><td class=\"has-text-align-center\" data-align=\"center\">2<\/td><\/tr><tr><td class=\"has-text-align-center\" data-align=\"center\">Analista Judici\u00e1rio<\/td><td class=\"has-text-align-center\" data-align=\"center\">Medicina do Trabalho<\/td><td class=\"has-text-align-center\" data-align=\"center\">2<\/td><td class=\"has-text-align-center\" data-align=\"center\">0<\/td><td class=\"has-text-align-center\" data-align=\"center\">0<\/td><td class=\"has-text-align-center\" data-align=\"center\">2<\/td><\/tr><tr><td class=\"has-text-align-center\" data-align=\"center\">Analista Judici\u00e1rio<\/td><td class=\"has-text-align-center\" data-align=\"center\">Medicina &#8211; Psiquiatria<\/td><td class=\"has-text-align-center\" data-align=\"center\">2<\/td><td class=\"has-text-align-center\" data-align=\"center\">0<\/td><td class=\"has-text-align-center\" data-align=\"center\">0<\/td><td class=\"has-text-align-center\" data-align=\"center\">2<\/td><\/tr><tr><td class=\"has-text-align-center\" data-align=\"center\">Analista Judici\u00e1rio<\/td><td class=\"has-text-align-center\" data-align=\"center\"><a href=\"https:\/\/www.estrategiaconcursos.com.br\/curso\/tjdft-analista-judiciario-oficial-de-justica-avaliador-pacote-2022-pos-edital\/\" target=\"_blank\" rel=\"noreferrer noopener\">Oficial de Justi\u00e7a Avaliador<\/a><\/td><td class=\"has-text-align-center\" data-align=\"center\">3<\/td><td class=\"has-text-align-center\" data-align=\"center\">1<\/td><td class=\"has-text-align-center\" data-align=\"center\">1<\/td><td class=\"has-text-align-center\" data-align=\"center\">5<\/td><\/tr><tr><td class=\"has-text-align-center\" data-align=\"center\">Analista Judici\u00e1rio<\/td><td class=\"has-text-align-center\" data-align=\"center\">Psicologia<\/td><td class=\"has-text-align-center\" data-align=\"center\">3<\/td><td class=\"has-text-align-center\" data-align=\"center\">0<\/td><td class=\"has-text-align-center\" data-align=\"center\">1<\/td><td class=\"has-text-align-center\" data-align=\"center\">4<\/td><\/tr><tr><td class=\"has-text-align-center\" data-align=\"center\">Analista Judici\u00e1rio<\/td><td class=\"has-text-align-center\" data-align=\"center\"><a href=\"https:\/\/www.estrategiaconcursos.com.br\/curso\/tjdft-analista-judiciario-seguranca-da-informacao-pacote-2022-pos-edital\/\" target=\"_blank\" rel=\"noreferrer noopener\">Seguran\u00e7a da Informa\u00e7\u00e3o<\/a><\/td><td class=\"has-text-align-center\" data-align=\"center\">3<\/td><td class=\"has-text-align-center\" data-align=\"center\">1<\/td><td class=\"has-text-align-center\" data-align=\"center\">1<\/td><td class=\"has-text-align-center\" data-align=\"center\">5<\/td><\/tr><tr><td class=\"has-text-align-center\" data-align=\"center\">Analista Judici\u00e1rio<\/td><td class=\"has-text-align-center\" data-align=\"center\"><a href=\"https:\/\/www.estrategiaconcursos.com.br\/curso\/tjdft-analista-judiciario-servico-social-pacote-2022-pos-edital\/\" target=\"_blank\" rel=\"noreferrer noopener\">Servi\u00e7o Social<\/a><\/td><td class=\"has-text-align-center\" data-align=\"center\">6<\/td><td class=\"has-text-align-center\" data-align=\"center\">1<\/td><td class=\"has-text-align-center\" data-align=\"center\">2<\/td><td class=\"has-text-align-center\" data-align=\"center\">9<\/td><\/tr><tr><td class=\"has-text-align-center\" data-align=\"center\">Analista Judici\u00e1rio<\/td><td class=\"has-text-align-center\" data-align=\"center\"><a href=\"https:\/\/www.estrategiaconcursos.com.br\/curso\/tjdft-analista-judiciario-suporte-em-tecnologia-da-informacao-pacote-2022-pos-edital\/\" target=\"_blank\" rel=\"noreferrer noopener\">Suporte em Tecnologia da Informa\u00e7\u00e3o<\/a><\/td><td class=\"has-text-align-center\" data-align=\"center\">3<\/td><td class=\"has-text-align-center\" data-align=\"center\">0<\/td><td class=\"has-text-align-center\" data-align=\"center\">1<\/td><td class=\"has-text-align-center\" data-align=\"center\">4<\/td><\/tr><\/tbody><\/table><\/figure>\n\n\n\n<ul class=\"wp-block-list\" id=\"tecnico\" style=\"font-size:clamp(14px, 0.875rem + ((1vw - 3.2px) * 0.392), 18px);\"><li><strong>T\u00e9cnico Judici\u00e1rio:<\/strong><\/li><\/ul>\n\n\n\n<figure class=\"wp-block-table is-style-stripes\"><table><tbody><tr><td class=\"has-text-align-center\" data-align=\"center\">Cargo<\/td><td class=\"has-text-align-center\" data-align=\"center\">Especialidade<\/td><td class=\"has-text-align-center\" data-align=\"center\">AC<\/td><td class=\"has-text-align-center\" data-align=\"center\">PCD<\/td><td class=\"has-text-align-center\" data-align=\"center\">Negros<\/td><td class=\"has-text-align-center\" data-align=\"center\"><strong>Total de vagas<\/strong><\/td><\/tr><tr><td class=\"has-text-align-center\" data-align=\"center\">T\u00e9cnico Judici\u00e1rio<\/td><td class=\"has-text-align-center\" data-align=\"center\"><a href=\"https:\/\/www.estrategiaconcursos.com.br\/curso\/tjdft-tecnico-judiciario-sem-especialidade-pacote-2022-pos-edital\/\" target=\"_blank\" rel=\"noreferrer noopener\">\u00c1rea Administrativa<\/a><\/td><td class=\"has-text-align-center\" data-align=\"center\">15<\/td><td class=\"has-text-align-center\" data-align=\"center\">1<\/td><td class=\"has-text-align-center\" data-align=\"center\">4<\/td><td class=\"has-text-align-center\" data-align=\"center\">20<\/td><\/tr><tr><td class=\"has-text-align-center\" data-align=\"center\">T\u00e9cnico Judici\u00e1rio<\/td><td class=\"has-text-align-center\" data-align=\"center\">Enfermagem<\/td><td class=\"has-text-align-center\" data-align=\"center\">3<\/td><td class=\"has-text-align-center\" data-align=\"center\">0<\/td><td class=\"has-text-align-center\" data-align=\"center\">1<\/td><td class=\"has-text-align-center\" data-align=\"center\">4<\/td><\/tr><\/tbody><\/table><\/figure>\n\n\n\n<h2 class=\"wp-block-heading\" id=\"salarios\">Sal\u00e1rios do concurso TJDFT<\/h2>\n\n\n\n<p>Os aprovados no concurso far\u00e3o jus aos seguintes sal\u00e1rios iniciais:<\/p>\n\n\n\n<p><strong><a href=\"https:\/\/www.estrategiaconcursos.com.br\/curso\/2-pacote-completo-p-tjdft-analista-judiciario-area-judiciaria-2020-2-pre-edital\/\" target=\"_blank\" rel=\"noreferrer noopener\">Analista Judici\u00e1rio <\/a>(vencimento b\u00e1sico + GAJ):<br \/><\/strong><em>Inicial:<\/em> 12.455,30 <br \/><em>Final:<\/em> 18.701.52<\/p>\n\n\n\n<p><strong><a href=\"https:\/\/www.estrategiaconcursos.com.br\/curso\/1-pacote-completo-p-tjdft-tecnico-judiciario-area-administrativa-2020-2-pre-edital\/\" target=\"_blank\" rel=\"noreferrer noopener\">T\u00e9cnico Judici\u00e1rio<\/a> (vencimento b\u00e1sico + GAJ):<br \/><\/strong><em>Inicial:<\/em> 7.591,36<br \/><em>Final:<\/em> 11.128,33<\/p>\n\n\n\n<p>Lembrando que o sal\u00e1rio dos servidores \u00e9 composto do Vencimento B\u00e1sico acrescido da Gratifica\u00e7\u00e3o de Atividade Judici\u00e1ria, a GAJ, e outros benef\u00edcios. <\/p>\n\n\n\n<div class=\"wp-block-image\"><figure class=\"aligncenter\"><img loading=\"lazy\" decoding=\"async\" width=\"1378\" height=\"798\" src=\"https:\/\/dhg1h5j42swfq.cloudfront.net\/2019\/05\/06164640\/image46.png\" alt=\"concurso tjdft\" class=\"wp-image-371783\" srcset=\"https:\/\/dhg1h5j42swfq.cloudfront.net\/2019\/05\/06164640\/image46.png 1378w, https:\/\/dhg1h5j42swfq.cloudfront.net\/2019\/05\/06164640\/image46.png 300w, https:\/\/dhg1h5j42swfq.cloudfront.net\/2019\/05\/06164640\/image46.png 768w, https:\/\/dhg1h5j42swfq.cloudfront.net\/2019\/05\/06164640\/image46.png 1024w, https:\/\/dhg1h5j42swfq.cloudfront.net\/2019\/05\/06164640\/image46.png 610w\" sizes=\"auto, (max-width: 1378px) 100vw, 1378px\" \/><figcaption>Sal\u00e1rios no TJDFT: tabela completa de remunera\u00e7\u00e3o<\/figcaption><\/figure><\/div>\n\n\n\n<p>Al\u00e9m do vencimento b\u00e1sico e gratifica\u00e7\u00f5es, os servidores tamb\u00e9m tem direito aos seguintes benef\u00edcios:<\/p>\n\n\n\n<ul class=\"wp-block-list\"><li>Auxilio Alimenta\u00e7\u00e3o: R$ 910,08 <\/li><li>Assist\u00eancia Pr\u00e9-escolar: R$ 719,62 <\/li><li>Auxilio Transporte: R$ 72,21<\/li><li>Assist\u00eancia M\u00e9dica e Odontol\u00f3gica <\/li><li>Exames peri\u00f3dicos<\/li><\/ul>\n\n\n\n<p class=\"has-text-align-center has-black-color has-pale-cyan-blue-background-color has-text-color has-background has-medium-font-size\"><strong>Saiba mais: <\/strong><a href=\"https:\/\/www.estrategiaconcursos.com.br\/blog\/concurso-tjdft\/\"><strong>concurso TJDFT<\/strong><\/a><\/p>\n\n\n\n<h2 class=\"has-text-align-center wp-block-heading\" id=\"cursos\">Quer saber tudo sobre concursos previstos?<br \/><strong>Confira nossos artigos!<\/strong><\/h2>\n\n\n\n<ul class=\"wp-block-list\"><li><a href=\"https:\/\/www.estrategiaconcursos.com.br\/blog\/concursos-abertos\/\" target=\"_blank\" rel=\"noreferrer noopener\">Concursos abertos<\/a><\/li><li><a href=\"https:\/\/www.estrategiaconcursos.com.br\/blog\/concursos-2022\/\" target=\"_blank\" rel=\"noreferrer noopener\">Concursos 2022<\/a><\/li><\/ul>\n\n\n\n<h2 class=\"wp-block-heading\" id=\"cursos-concurso-tjdft\"><strong><em>Quer estudar para Concurso TJDFT?<\/em><\/strong><\/h2>\n\n\n\n<p><em><strong>Gostou desta oportunidade e deseja come\u00e7ar se preparar agora mesmo? Ent\u00e3o, confira os nossos cursos e comece a estudar para TJDFT:<\/strong><\/em><\/p>\n\n\n\n<div class=\"container\" id=\"boxes\">\n  <div class=\"row\">\n\n    <div class=\"col-sm\">\n      <div class=\"banner-tribunal\" id=\"box-assinatura\">\n        <h3 class=\"titulo-assinatura\">Curso TJDFT<\/h3>\n        <p class=\"subtitulo-assinatura\">Conhe\u00e7a os cursos<\/p>\n        <div class=\"box-botao\">\n          <a class=\"btn-assinatura\" target=\"_blank\" href=\"https:\/\/www.estrategiaconcursos.com.br\/cursosPorConcurso\/tjdft-125\/\" role=\"button\" rel=\"noopener noreferrer\">Conhe\u00e7a mais<\/a>\n        <\/div>\n      <\/div>\n      <p class=\"texto-auxiliar\">Prepare-se com o melhor material e com quem mais aprova em Concursos P\u00fablicos em todo o pa\u00eds.<\/p>\n    <\/div>\n\n  <\/div>\n<\/div>\n\n\n","protected":false},"excerpt":{"rendered":"<p>O concurso TJDFT (Tribunal de Justi\u00e7a do Distrito Federal e dos Territ\u00f3rios) est\u00e1 previsto para ser realizado no dia 29 de maio de 2022. A prova escrita objetiva de m\u00faltipla escolha e a prova escrita discursiva, acontecem no dia 29 demaio de 2022, das 08h \u00e0s 13h, segundo o hor\u00e1rio oficial de Bras\u00edlia. O edital [&hellip;]<\/p>\n","protected":false},"author":2374,"featured_media":967745,"comment_status":"open","ping_status":"closed","sticky":false,"template":"","format":"standard","meta":{"post_tipo":"news","footnotes":""},"categories":[1984],"tags":[1038,220575,611],"tax_estado":[219963,219970],"class_list":["post-976493","post","type-post","status-publish","format-standard","has-post-thumbnail","hentry","category-tribunais","tag-concurso-tjdft","tag-provas-tjdft","tag-tjdft","tax_estado-concursos-federais","tax_estado-df"],"acf":[],"yoast_head":"<!-- This site is optimized with the Yoast SEO Premium plugin v27.2 (Yoast SEO v27.2) - https:\/\/yoast.com\/product\/yoast-seo-premium-wordpress\/ -->\n<title>Concurso TJDFT: veja aqui quando ser\u00e1 aplicada a prova<\/title>\n<meta name=\"description\" content=\"Concurso TJDFT (Tribunal de Justi\u00e7a do Distrito Federal e dos Territ\u00f3rios) est\u00e1 previsto para ser realizado no dia 29 de maio de 2022\" \/>\n<meta name=\"robots\" content=\"index, follow, max-snippet:-1, max-image-preview:large, max-video-preview:-1\" \/>\n<link rel=\"canonical\" href=\"https:\/\/www.estrategiaconcursos.com.br\/blog\/concurso-tjdft-quando-sera-a-prova-objetiva\/\" \/>\n<meta property=\"og:locale\" content=\"pt_BR\" \/>\n<meta property=\"og:type\" content=\"article\" \/>\n<meta property=\"og:title\" content=\"Concurso TJDFT: veja aqui quando ser\u00e1 aplicada a prova\" \/>\n<meta property=\"og:description\" content=\"Concurso TJDFT (Tribunal de Justi\u00e7a do Distrito Federal e dos Territ\u00f3rios) est\u00e1 previsto para ser realizado no dia 29 de maio de 2022\" \/>\n<meta property=\"og:url\" content=\"https:\/\/www.estrategiaconcursos.com.br\/blog\/concurso-tjdft-quando-sera-a-prova-objetiva\/\" \/>\n<meta property=\"og:site_name\" content=\"Estrat\u00e9gia Concursos\" \/>\n<meta property=\"article:published_time\" content=\"2022-02-23T22:02:01+00:00\" \/>\n<meta property=\"article:modified_time\" content=\"2022-04-08T20:41:46+00:00\" \/>\n<meta property=\"og:image\" content=\"https:\/\/dhg1h5j42swfq.cloudfront.net\/2022\/02\/12100051\/tjdft-3.png\" \/>\n\t<meta property=\"og:image:width\" content=\"375\" \/>\n\t<meta property=\"og:image:height\" content=\"133\" \/>\n\t<meta property=\"og:image:type\" content=\"image\/png\" \/>\n<meta name=\"author\" content=\"Guilherme Abarno\" \/>\n<meta name=\"twitter:card\" content=\"summary_large_image\" \/>\n<meta name=\"twitter:creator\" content=\"@EstratConcursos\" \/>\n<meta name=\"twitter:site\" content=\"@EstratConcursos\" \/>\n<meta name=\"twitter:label1\" content=\"Escrito por\" \/>\n\t<meta name=\"twitter:data1\" content=\"Guilherme Abarno\" \/>\n\t<meta name=\"twitter:label2\" content=\"Est. tempo de leitura\" \/>\n\t<meta name=\"twitter:data2\" content=\"3 minutos\" \/>\n<script type=\"application\/ld+json\" class=\"yoast-schema-graph\">{\"@context\":\"https:\/\/schema.org\",\"@graph\":[{\"@type\":\"NewsArticle\",\"@id\":\"https:\/\/www.estrategiaconcursos.com.br\/blog\/concurso-tjdft-quando-sera-a-prova-objetiva\/#article\",\"isPartOf\":{\"@id\":\"https:\/\/www.estrategiaconcursos.com.br\/blog\/concurso-tjdft-quando-sera-a-prova-objetiva\/\"},\"author\":{\"name\":\"Guilherme Abarno\",\"@id\":\"https:\/\/www.estrategiaconcursos.com.br\/blog\/#\/schema\/person\/79c1a7623a9ced8b38fc7591e63a0322\"},\"headline\":\"Concurso TJDFT: veja aqui quando ser\u00e1 aplicada a prova\",\"datePublished\":\"2022-02-23T22:02:01+00:00\",\"dateModified\":\"2022-04-08T20:41:46+00:00\",\"mainEntityOfPage\":{\"@id\":\"https:\/\/www.estrategiaconcursos.com.br\/blog\/concurso-tjdft-quando-sera-a-prova-objetiva\/\"},\"wordCount\":462,\"commentCount\":0,\"publisher\":{\"@id\":\"https:\/\/www.estrategiaconcursos.com.br\/blog\/#organization\"},\"image\":{\"@id\":\"https:\/\/www.estrategiaconcursos.com.br\/blog\/concurso-tjdft-quando-sera-a-prova-objetiva\/#primaryimage\"},\"thumbnailUrl\":\"https:\/\/dhg1h5j42swfq.cloudfront.net\/2022\/02\/12100051\/tjdft-3.png\",\"keywords\":[\"concurso TJDFT\",\"PROVAS tjdft\",\"TJDFT\"],\"articleSection\":[\"Tribunais\"],\"inLanguage\":\"pt-BR\",\"potentialAction\":[{\"@type\":\"CommentAction\",\"name\":\"Comment\",\"target\":[\"https:\/\/www.estrategiaconcursos.com.br\/blog\/concurso-tjdft-quando-sera-a-prova-objetiva\/#respond\"]}],\"copyrightYear\":\"2022\",\"copyrightHolder\":{\"@id\":\"https:\/\/www.estrategiaconcursos.com.br\/blog\/#organization\"}},{\"@type\":\"WebPage\",\"@id\":\"https:\/\/www.estrategiaconcursos.com.br\/blog\/concurso-tjdft-quando-sera-a-prova-objetiva\/\",\"url\":\"https:\/\/www.estrategiaconcursos.com.br\/blog\/concurso-tjdft-quando-sera-a-prova-objetiva\/\",\"name\":\"Concurso TJDFT: veja aqui quando ser\u00e1 aplicada a prova\",\"isPartOf\":{\"@id\":\"https:\/\/www.estrategiaconcursos.com.br\/blog\/#website\"},\"primaryImageOfPage\":{\"@id\":\"https:\/\/www.estrategiaconcursos.com.br\/blog\/concurso-tjdft-quando-sera-a-prova-objetiva\/#primaryimage\"},\"image\":{\"@id\":\"https:\/\/www.estrategiaconcursos.com.br\/blog\/concurso-tjdft-quando-sera-a-prova-objetiva\/#primaryimage\"},\"thumbnailUrl\":\"https:\/\/dhg1h5j42swfq.cloudfront.net\/2022\/02\/12100051\/tjdft-3.png\",\"datePublished\":\"2022-02-23T22:02:01+00:00\",\"dateModified\":\"2022-04-08T20:41:46+00:00\",\"description\":\"Concurso TJDFT (Tribunal de Justi\u00e7a do Distrito Federal e dos Territ\u00f3rios) est\u00e1 previsto para ser realizado no dia 29 de maio de 2022\",\"breadcrumb\":{\"@id\":\"https:\/\/www.estrategiaconcursos.com.br\/blog\/concurso-tjdft-quando-sera-a-prova-objetiva\/#breadcrumb\"},\"inLanguage\":\"pt-BR\",\"potentialAction\":[{\"@type\":\"ReadAction\",\"target\":[\"https:\/\/www.estrategiaconcursos.com.br\/blog\/concurso-tjdft-quando-sera-a-prova-objetiva\/\"]}]},{\"@type\":\"ImageObject\",\"inLanguage\":\"pt-BR\",\"@id\":\"https:\/\/www.estrategiaconcursos.com.br\/blog\/concurso-tjdft-quando-sera-a-prova-objetiva\/#primaryimage\",\"url\":\"https:\/\/dhg1h5j42swfq.cloudfront.net\/2022\/02\/12100051\/tjdft-3.png\",\"contentUrl\":\"https:\/\/dhg1h5j42swfq.cloudfront.net\/2022\/02\/12100051\/tjdft-3.png\",\"width\":375,\"height\":133,\"caption\":\"T\u00edtulos de Cr\u00e9dito para TJJDFT\"},{\"@type\":\"BreadcrumbList\",\"@id\":\"https:\/\/www.estrategiaconcursos.com.br\/blog\/concurso-tjdft-quando-sera-a-prova-objetiva\/#breadcrumb\",\"itemListElement\":[{\"@type\":\"ListItem\",\"position\":1,\"name\":\"In\u00edcio\",\"item\":\"https:\/\/www.estrategiaconcursos.com.br\/blog\/\"},{\"@type\":\"ListItem\",\"position\":2,\"name\":\"Concurso TJDFT: veja aqui quando ser\u00e1 aplicada a prova\"}]},{\"@type\":\"WebSite\",\"@id\":\"https:\/\/www.estrategiaconcursos.com.br\/blog\/#website\",\"url\":\"https:\/\/www.estrategiaconcursos.com.br\/blog\/\",\"name\":\"Estrat\u00e9gia Concursos\",\"description\":\"O blog da Estrat\u00e9gia Concursos traz not\u00edcias sobre concursos e artigos de professores oferecendo cursos para concursos (pdf + videaulas) no site.\",\"publisher\":{\"@id\":\"https:\/\/www.estrategiaconcursos.com.br\/blog\/#organization\"},\"potentialAction\":[{\"@type\":\"SearchAction\",\"target\":{\"@type\":\"EntryPoint\",\"urlTemplate\":\"https:\/\/www.estrategiaconcursos.com.br\/blog\/?s={search_term_string}\"},\"query-input\":{\"@type\":\"PropertyValueSpecification\",\"valueRequired\":true,\"valueName\":\"search_term_string\"}}],\"inLanguage\":\"pt-BR\"},{\"@type\":\"Organization\",\"@id\":\"https:\/\/www.estrategiaconcursos.com.br\/blog\/#organization\",\"name\":\"Estrat\u00e9gia Concursos\",\"url\":\"https:\/\/www.estrategiaconcursos.com.br\/blog\/\",\"logo\":{\"@type\":\"ImageObject\",\"inLanguage\":\"pt-BR\",\"@id\":\"https:\/\/www.estrategiaconcursos.com.br\/blog\/#\/schema\/logo\/image\/\",\"url\":\"https:\/\/dhg1h5j42swfq.cloudfront.net\/2025\/06\/03203428\/logo_concursos-1.jpg\",\"contentUrl\":\"https:\/\/dhg1h5j42swfq.cloudfront.net\/2025\/06\/03203428\/logo_concursos-1.jpg\",\"width\":230,\"height\":60,\"caption\":\"Estrat\u00e9gia Concursos\"},\"image\":{\"@id\":\"https:\/\/www.estrategiaconcursos.com.br\/blog\/#\/schema\/logo\/image\/\"},\"sameAs\":[\"https:\/\/x.com\/EstratConcursos\"]},{\"@type\":\"Person\",\"@id\":\"https:\/\/www.estrategiaconcursos.com.br\/blog\/#\/schema\/person\/79c1a7623a9ced8b38fc7591e63a0322\",\"name\":\"Guilherme Abarno\",\"image\":{\"@type\":\"ImageObject\",\"inLanguage\":\"pt-BR\",\"@id\":\"https:\/\/secure.gravatar.com\/avatar\/a71cada404ac977e405a8f3fcb3f203ef33a8ad5c6b3f18f32b6d899a2032f89?s=96&d=mm&r=g\",\"url\":\"https:\/\/secure.gravatar.com\/avatar\/a71cada404ac977e405a8f3fcb3f203ef33a8ad5c6b3f18f32b6d899a2032f89?s=96&d=mm&r=g\",\"contentUrl\":\"https:\/\/secure.gravatar.com\/avatar\/a71cada404ac977e405a8f3fcb3f203ef33a8ad5c6b3f18f32b6d899a2032f89?s=96&d=mm&r=g\",\"caption\":\"Guilherme Abarno\"},\"url\":\"https:\/\/www.estrategiaconcursos.com.br\/blog\/author\/guilherme-abarnoestrategia-com\/\"}]}<\/script>\n<!-- \/ Yoast SEO Premium plugin. -->","yoast_head_json":{"title":"Concurso TJDFT: veja aqui quando ser\u00e1 aplicada a prova","description":"Concurso TJDFT (Tribunal de Justi\u00e7a do Distrito Federal e dos Territ\u00f3rios) est\u00e1 previsto para ser realizado no dia 29 de maio de 2022","robots":{"index":"index","follow":"follow","max-snippet":"max-snippet:-1","max-image-preview":"max-image-preview:large","max-video-preview":"max-video-preview:-1"},"canonical":"https:\/\/www.estrategiaconcursos.com.br\/blog\/concurso-tjdft-quando-sera-a-prova-objetiva\/","og_locale":"pt_BR","og_type":"article","og_title":"Concurso TJDFT: veja aqui quando ser\u00e1 aplicada a prova","og_description":"Concurso TJDFT (Tribunal de Justi\u00e7a do Distrito Federal e dos Territ\u00f3rios) est\u00e1 previsto para ser realizado no dia 29 de maio de 2022","og_url":"https:\/\/www.estrategiaconcursos.com.br\/blog\/concurso-tjdft-quando-sera-a-prova-objetiva\/","og_site_name":"Estrat\u00e9gia Concursos","article_published_time":"2022-02-23T22:02:01+00:00","article_modified_time":"2022-04-08T20:41:46+00:00","og_image":[{"width":375,"height":133,"url":"https:\/\/dhg1h5j42swfq.cloudfront.net\/2022\/02\/12100051\/tjdft-3.png","type":"image\/png"}],"author":"Guilherme Abarno","twitter_card":"summary_large_image","twitter_creator":"@EstratConcursos","twitter_site":"@EstratConcursos","twitter_misc":{"Escrito por":"Guilherme Abarno","Est. tempo de leitura":"3 minutos"},"schema":{"@context":"https:\/\/schema.org","@graph":[{"@type":"NewsArticle","@id":"https:\/\/www.estrategiaconcursos.com.br\/blog\/concurso-tjdft-quando-sera-a-prova-objetiva\/#article","isPartOf":{"@id":"https:\/\/www.estrategiaconcursos.com.br\/blog\/concurso-tjdft-quando-sera-a-prova-objetiva\/"},"author":{"name":"Guilherme Abarno","@id":"https:\/\/www.estrategiaconcursos.com.br\/blog\/#\/schema\/person\/79c1a7623a9ced8b38fc7591e63a0322"},"headline":"Concurso TJDFT: veja aqui quando ser\u00e1 aplicada a prova","datePublished":"2022-02-23T22:02:01+00:00","dateModified":"2022-04-08T20:41:46+00:00","mainEntityOfPage":{"@id":"https:\/\/www.estrategiaconcursos.com.br\/blog\/concurso-tjdft-quando-sera-a-prova-objetiva\/"},"wordCount":462,"commentCount":0,"publisher":{"@id":"https:\/\/www.estrategiaconcursos.com.br\/blog\/#organization"},"image":{"@id":"https:\/\/www.estrategiaconcursos.com.br\/blog\/concurso-tjdft-quando-sera-a-prova-objetiva\/#primaryimage"},"thumbnailUrl":"https:\/\/dhg1h5j42swfq.cloudfront.net\/2022\/02\/12100051\/tjdft-3.png","keywords":["concurso TJDFT","PROVAS tjdft","TJDFT"],"articleSection":["Tribunais"],"inLanguage":"pt-BR","potentialAction":[{"@type":"CommentAction","name":"Comment","target":["https:\/\/www.estrategiaconcursos.com.br\/blog\/concurso-tjdft-quando-sera-a-prova-objetiva\/#respond"]}],"copyrightYear":"2022","copyrightHolder":{"@id":"https:\/\/www.estrategiaconcursos.com.br\/blog\/#organization"}},{"@type":"WebPage","@id":"https:\/\/www.estrategiaconcursos.com.br\/blog\/concurso-tjdft-quando-sera-a-prova-objetiva\/","url":"https:\/\/www.estrategiaconcursos.com.br\/blog\/concurso-tjdft-quando-sera-a-prova-objetiva\/","name":"Concurso TJDFT: veja aqui quando ser\u00e1 aplicada a prova","isPartOf":{"@id":"https:\/\/www.estrategiaconcursos.com.br\/blog\/#website"},"primaryImageOfPage":{"@id":"https:\/\/www.estrategiaconcursos.com.br\/blog\/concurso-tjdft-quando-sera-a-prova-objetiva\/#primaryimage"},"image":{"@id":"https:\/\/www.estrategiaconcursos.com.br\/blog\/concurso-tjdft-quando-sera-a-prova-objetiva\/#primaryimage"},"thumbnailUrl":"https:\/\/dhg1h5j42swfq.cloudfront.net\/2022\/02\/12100051\/tjdft-3.png","datePublished":"2022-02-23T22:02:01+00:00","dateModified":"2022-04-08T20:41:46+00:00","description":"Concurso TJDFT (Tribunal de Justi\u00e7a do Distrito Federal e dos Territ\u00f3rios) est\u00e1 previsto para ser realizado no dia 29 de maio de 2022","breadcrumb":{"@id":"https:\/\/www.estrategiaconcursos.com.br\/blog\/concurso-tjdft-quando-sera-a-prova-objetiva\/#breadcrumb"},"inLanguage":"pt-BR","potentialAction":[{"@type":"ReadAction","target":["https:\/\/www.estrategiaconcursos.com.br\/blog\/concurso-tjdft-quando-sera-a-prova-objetiva\/"]}]},{"@type":"ImageObject","inLanguage":"pt-BR","@id":"https:\/\/www.estrategiaconcursos.com.br\/blog\/concurso-tjdft-quando-sera-a-prova-objetiva\/#primaryimage","url":"https:\/\/dhg1h5j42swfq.cloudfront.net\/2022\/02\/12100051\/tjdft-3.png","contentUrl":"https:\/\/dhg1h5j42swfq.cloudfront.net\/2022\/02\/12100051\/tjdft-3.png","width":375,"height":133,"caption":"T\u00edtulos de Cr\u00e9dito para TJJDFT"},{"@type":"BreadcrumbList","@id":"https:\/\/www.estrategiaconcursos.com.br\/blog\/concurso-tjdft-quando-sera-a-prova-objetiva\/#breadcrumb","itemListElement":[{"@type":"ListItem","position":1,"name":"In\u00edcio","item":"https:\/\/www.estrategiaconcursos.com.br\/blog\/"},{"@type":"ListItem","position":2,"name":"Concurso TJDFT: veja aqui quando ser\u00e1 aplicada a prova"}]},{"@type":"WebSite","@id":"https:\/\/www.estrategiaconcursos.com.br\/blog\/#website","url":"https:\/\/www.estrategiaconcursos.com.br\/blog\/","name":"Estrat\u00e9gia Concursos","description":"O blog da Estrat\u00e9gia Concursos traz not\u00edcias sobre concursos e artigos de professores oferecendo cursos para concursos (pdf + videaulas) no site.","publisher":{"@id":"https:\/\/www.estrategiaconcursos.com.br\/blog\/#organization"},"potentialAction":[{"@type":"SearchAction","target":{"@type":"EntryPoint","urlTemplate":"https:\/\/www.estrategiaconcursos.com.br\/blog\/?s={search_term_string}"},"query-input":{"@type":"PropertyValueSpecification","valueRequired":true,"valueName":"search_term_string"}}],"inLanguage":"pt-BR"},{"@type":"Organization","@id":"https:\/\/www.estrategiaconcursos.com.br\/blog\/#organization","name":"Estrat\u00e9gia Concursos","url":"https:\/\/www.estrategiaconcursos.com.br\/blog\/","logo":{"@type":"ImageObject","inLanguage":"pt-BR","@id":"https:\/\/www.estrategiaconcursos.com.br\/blog\/#\/schema\/logo\/image\/","url":"https:\/\/dhg1h5j42swfq.cloudfront.net\/2025\/06\/03203428\/logo_concursos-1.jpg","contentUrl":"https:\/\/dhg1h5j42swfq.cloudfront.net\/2025\/06\/03203428\/logo_concursos-1.jpg","width":230,"height":60,"caption":"Estrat\u00e9gia Concursos"},"image":{"@id":"https:\/\/www.estrategiaconcursos.com.br\/blog\/#\/schema\/logo\/image\/"},"sameAs":["https:\/\/x.com\/EstratConcursos"]},{"@type":"Person","@id":"https:\/\/www.estrategiaconcursos.com.br\/blog\/#\/schema\/person\/79c1a7623a9ced8b38fc7591e63a0322","name":"Guilherme Abarno","image":{"@type":"ImageObject","inLanguage":"pt-BR","@id":"https:\/\/secure.gravatar.com\/avatar\/a71cada404ac977e405a8f3fcb3f203ef33a8ad5c6b3f18f32b6d899a2032f89?s=96&d=mm&r=g","url":"https:\/\/secure.gravatar.com\/avatar\/a71cada404ac977e405a8f3fcb3f203ef33a8ad5c6b3f18f32b6d899a2032f89?s=96&d=mm&r=g","contentUrl":"https:\/\/secure.gravatar.com\/avatar\/a71cada404ac977e405a8f3fcb3f203ef33a8ad5c6b3f18f32b6d899a2032f89?s=96&d=mm&r=g","caption":"Guilherme Abarno"},"url":"https:\/\/www.estrategiaconcursos.com.br\/blog\/author\/guilherme-abarnoestrategia-com\/"}]}},"_links":{"self":[{"href":"https:\/\/www.estrategiaconcursos.com.br\/blog\/wp-json\/wp\/v2\/posts\/976493","targetHints":{"allow":["GET"]}}],"collection":[{"href":"https:\/\/www.estrategiaconcursos.com.br\/blog\/wp-json\/wp\/v2\/posts"}],"about":[{"href":"https:\/\/www.estrategiaconcursos.com.br\/blog\/wp-json\/wp\/v2\/types\/post"}],"author":[{"embeddable":true,"href":"https:\/\/www.estrategiaconcursos.com.br\/blog\/wp-json\/wp\/v2\/users\/2374"}],"replies":[{"embeddable":true,"href":"https:\/\/www.estrategiaconcursos.com.br\/blog\/wp-json\/wp\/v2\/comments?post=976493"}],"version-history":[{"count":6,"href":"https:\/\/www.estrategiaconcursos.com.br\/blog\/wp-json\/wp\/v2\/posts\/976493\/revisions"}],"predecessor-version":[{"id":1005360,"href":"https:\/\/www.estrategiaconcursos.com.br\/blog\/wp-json\/wp\/v2\/posts\/976493\/revisions\/1005360"}],"wp:featuredmedia":[{"embeddable":true,"href":"https:\/\/www.estrategiaconcursos.com.br\/blog\/wp-json\/wp\/v2\/media\/967745"}],"wp:attachment":[{"href":"https:\/\/www.estrategiaconcursos.com.br\/blog\/wp-json\/wp\/v2\/media?parent=976493"}],"wp:term":[{"taxonomy":"category","embeddable":true,"href":"https:\/\/www.estrategiaconcursos.com.br\/blog\/wp-json\/wp\/v2\/categories?post=976493"},{"taxonomy":"post_tag","embeddable":true,"href":"https:\/\/www.estrategiaconcursos.com.br\/blog\/wp-json\/wp\/v2\/tags?post=976493"},{"taxonomy":"tax_estado","embeddable":true,"href":"https:\/\/www.estrategiaconcursos.com.br\/blog\/wp-json\/wp\/v2\/tax_estado?post=976493"}],"curies":[{"name":"wp","href":"https:\/\/api.w.org\/{rel}","templated":true}]}}