{"id":976307,"date":"2022-02-23T16:45:35","date_gmt":"2022-02-23T19:45:35","guid":{"rendered":"https:\/\/www.estrategiaconcursos.com.br\/blog\/?p=976307"},"modified":"2022-02-23T16:45:43","modified_gmt":"2022-02-23T19:45:43","slug":"concurso-semec-belem-resultado-da-prova-discursiva-divulgado","status":"publish","type":"post","link":"https:\/\/www.estrategiaconcursos.com.br\/blog\/concurso-semec-belem-resultado-da-prova-discursiva-divulgado\/","title":{"rendered":"Concurso SEMEC Bel\u00e9m: resultado da prova discursiva divulgado"},"content":{"rendered":"\n<p>Foi publicado na \u00faltima ter\u00e7a-feira (22\/02), o resultado das provas discursivas do <strong><\/strong><strong>concurso SEMEC Bel\u00e9m<\/strong>. Os exames foram aplicados no dia 23 de janeiro de 2022.<\/p>\n\n\n\n<p class=\"has-text-align-center has-pale-cyan-blue-background-color has-background\"><strong><a href=\"https:\/\/dhg1h5j42swfq.cloudfront.net\/2022\/02\/22210018\/semec-belem-resultado-discursiva.pdf\" target=\"_blank\" rel=\"noreferrer noopener\">Confira a gabarito da prova discursiva<\/a><\/strong><\/p>\n\n\n\n<p>A <strong>prova discursiva<\/strong> foi realizada por candidatos de todos os cargos oferecidos, juntamente \u00e0 prova objetiva. A etapa foi composta por uma quest\u00e3o do programa de Conhecimentos Espec\u00edficos do edital.<\/p>\n\n\n\n<h4 class=\"wp-block-heading\" id=\"criterios-de-avaliacao-prova-discursiva\">Crit\u00e9rios de avalia\u00e7\u00e3o &#8211; prova discursiva<\/h4>\n\n\n\n<figure class=\"wp-block-table is-style-stripes\"><table class=\"has-pale-cyan-blue-background-color has-background has-fixed-layout\"><tbody><tr><td class=\"has-text-align-center\" data-align=\"center\"><strong>Aspectos:\u00a0<\/strong><\/td><td class=\"has-text-align-center\" data-align=\"center\"><strong>Descri\u00e7\u00e3o:\u00a0<\/strong><\/td><td class=\"has-text-align-center\" data-align=\"center\"><strong>Pontua\u00e7\u00e3o m\u00e1xima\u00a0<\/strong><\/td><\/tr><tr><td class=\"has-text-align-center\" data-align=\"center\">Atendimento ao tema&nbsp; proposto na quest\u00e3o&nbsp;<\/td><td class=\"has-text-align-center\" data-align=\"center\">A resposta elaborada deve ser concernente ao tema proposto pela\n  quest\u00e3o discursiva.&nbsp;<\/td><td class=\"has-text-align-center\" data-align=\"center\">5<\/td><\/tr><tr><td class=\"has-text-align-center\" data-align=\"center\">Conhecimento t\u00e9cnico- <br \/>\n    cient\u00edfico sobre a&nbsp; <br \/>\n    mat\u00e9ria&nbsp;<\/td><td class=\"has-text-align-center\" data-align=\"center\">O candidato deve apresentar conhecimento te\u00f3rico e pr\u00e1tico a\n  respeito do assunto\/tema abordado pela quest\u00e3o,\n  demonstrando dom\u00ednio t\u00e9cnico e cient\u00edfico.&nbsp;<\/td><td class=\"has-text-align-center\" data-align=\"center\">5<\/td><\/tr><tr><td class=\"has-text-align-center\" data-align=\"center\">Clareza de&nbsp;\n  <br \/>\n    argumenta\u00e7\u00e3o\/senso&nbsp; <br \/>\n    cr\u00edtico em rela\u00e7\u00e3o ao&nbsp; <br \/>\n    tema proposto na&nbsp;\n  <br \/>\n    quest\u00e3o&nbsp;<\/td><td class=\"has-text-align-center\" data-align=\"center\">A argumenta\u00e7\u00e3o apresentada pelo candidato deve ser pertinente e\n  clara, capaz de convencer seu <br \/>\n    interlocutor a respeito do ponto de vista\n  defendido, al\u00e9m de demonstrar senso cr\u00edtico em rela\u00e7\u00e3o <br \/>\n    ao questionamento abordado pela quest\u00e3o\n  discursiva.&nbsp;<\/td><td class=\"has-text-align-center\" data-align=\"center\">5<\/td><\/tr><tr><td class=\"has-text-align-center\" data-align=\"center\">Utiliza\u00e7\u00e3o adequada da&nbsp;\n  <br \/>\n    L\u00edngua Portuguesa&nbsp;<\/td><td class=\"has-text-align-center\" data-align=\"center\">A resposta elaborada deve apresentar em sua estrutura textual:\n  uso adequado da ortografia, <br \/>\n    constitui\u00e7\u00e3o dos par\u00e1grafos conforme o assunto\n  abordado, estrutura\u00e7\u00e3o dos per\u00edodos no interior <br \/>\n    dos par\u00e1grafos (coer\u00eancia entre por\u00e7\u00f5es\n  textuais, rela\u00e7\u00e3o l\u00f3gica entre as ideias propostas, <br \/>\n    emprego adequado de articuladores no interior\n  das por\u00e7\u00f5es textuais). Caso o candidato tenha\n  obtido pontua\u00e7\u00e3o igual a 0 (zero) nos demais aspectos (1, 2 e 3), o <br \/>\n    de n\u00ba 4, de \u201cUtiliza\u00e7\u00e3o adequada da L\u00edngua\n  Portuguesa\u201d, tamb\u00e9m ser\u00e1 pontuado com nota 0 <br \/>\n    (zero).&nbsp;<\/td><td class=\"has-text-align-center\" data-align=\"center\">5<\/td><\/tr><tr><td class=\"has-text-align-center\" data-align=\"center\">&nbsp;<\/td><td class=\"has-text-align-center\" data-align=\"center\"><strong>TOTAL M\u00c1XIMO DE PONTOS DA PROVA DISCURSIVA&nbsp;<\/strong><\/td><td class=\"has-text-align-center\" data-align=\"center\">20<\/td><\/tr><\/tbody><\/table><\/figure>\n\n\n\n<h4 class=\"wp-block-heading\" id=\"pontuacao-minima-prova-discursiva\">Pontua\u00e7\u00e3o m\u00ednima &#8211; prova discursiva<\/h4>\n\n\n\n<ul class=\"wp-block-list\"><li> O candidato dever\u00e1 obter no m\u00ednimo 50% do total da pontua\u00e7\u00e3o prevista para a prova discursiva, para n\u00e3o ser eliminado do concurso p\u00fablico. <\/li><\/ul>\n\n\n\n<h2 class=\"wp-block-heading\" id=\"vagas-concurso-semec-belem\">Quadro de vagas do concurso SEMEC Bel\u00e9m<\/h2>\n\n\n\n<figure class=\"wp-block-table is-style-stripes\"><table class=\"has-pale-cyan-blue-background-color has-background has-fixed-layout\"><tbody><tr><td class=\"has-text-align-center\" data-align=\"center\"><strong>Cargo<\/strong>\u00a0<\/td><td class=\"has-text-align-center\" data-align=\"center\"><strong>Vagas Ampla <br \/>     Concorr\u00eancia<\/strong>\u00a0<\/td><td class=\"has-text-align-center\" data-align=\"center\"><strong>Vagas <br \/>     PcD<sup>(2<\/sup><\/strong><sup><strong>)\u00a0<\/strong><\/sup><\/td><td class=\"has-text-align-center\" data-align=\"center\"><strong>Remunera\u00e7\u00e3o <br \/>     Inicial<sup>(3)\u00a0<\/sup><\/strong><\/td><td class=\"has-text-align-center\" data-align=\"center\"><strong>Taxa de <br \/>     Inscri\u00e7\u00e3o\u00a0<\/strong><\/td><\/tr><tr><td class=\"has-text-align-center\" data-align=\"center\">PROFESSOR LICENCIADO PLENO \u2013 MAG.04:&nbsp; <br \/>\n    PEDAGOGIA \u2013 MAGIST\u00c9RIO PARA A EDUCA\u00c7\u00c3O&nbsp; <br \/>\n    INFANTIL E S\u00c9RIES INICIAIS DO ENSINO&nbsp; <br \/>\n    FUNDAMENTAL. \u00c1REA DE ATUA\u00c7\u00c3O: EDUCA\u00c7\u00c3O&nbsp; <br \/>\n    INFANTIL&nbsp;<\/td><td class=\"has-text-align-center\" data-align=\"center\">123 + CR&nbsp;<\/td><td class=\"has-text-align-center\" data-align=\"center\">7<\/td><td class=\"has-text-align-center\" data-align=\"center\">R$ 2.723,48&nbsp;<\/td><td class=\"has-text-align-center\" data-align=\"center\">R$80,00&nbsp;<\/td><\/tr><tr><td class=\"has-text-align-center\" data-align=\"center\">PROFESSOR LICENCIADO PLENO \u2013 MAG.04:&nbsp; <br \/>\n    PEDAGOGIA \u2013 MAGIST\u00c9RIO PARA A EDUCA\u00c7\u00c3O&nbsp; <br \/>\n    INFANTIL E S\u00c9RIES INICIAIS DO ENSINO&nbsp; <br \/>\n    FUNDAMENTAL. \u00c1REA DE ATUA\u00c7\u00c3O: S\u00c9RIES\n  INICIAIS&nbsp; <br \/>\n    DO ENSINO FUNDAMENTAL E\/OU EDUCA\u00c7\u00c3O DE&nbsp; <br \/>\n    JOVENS E ADULTOS.&nbsp;<\/td><td class=\"has-text-align-center\" data-align=\"center\">88 + CR&nbsp;<\/td><td class=\"has-text-align-center\" data-align=\"center\">5<\/td><td class=\"has-text-align-center\" data-align=\"center\">R$ 2.723,48&nbsp;<\/td><td class=\"has-text-align-center\" data-align=\"center\">R$80,00&nbsp;<\/td><\/tr><tr><td class=\"has-text-align-center\" data-align=\"center\">PROFESSOR LICENCIADO PLENO \u2013 MAG.04: L\u00cdNGUA&nbsp; PORTUGUESA&nbsp;<\/td><td class=\"has-text-align-center\" data-align=\"center\">11 + CR&nbsp;<\/td><td class=\"has-text-align-center\" data-align=\"center\">1<\/td><td class=\"has-text-align-center\" data-align=\"center\">R$ 2.723,48&nbsp;<\/td><td class=\"has-text-align-center\" data-align=\"center\">R$80,00&nbsp;<\/td><\/tr><tr><td class=\"has-text-align-center\" data-align=\"center\">PROFESSOR LICENCIADO PLENO \u2013 MAG.04:&nbsp; MATEM\u00c1TICA&nbsp;<\/td><td class=\"has-text-align-center\" data-align=\"center\">17 + CR&nbsp;<\/td><td class=\"has-text-align-center\" data-align=\"center\">1<\/td><td class=\"has-text-align-center\" data-align=\"center\">R$ 2.723,48&nbsp;<\/td><td class=\"has-text-align-center\" data-align=\"center\">R$80,00&nbsp;<\/td><\/tr><tr><td class=\"has-text-align-center\" data-align=\"center\">PROFESSOR LICENCIADO PLENO \u2013 MAG.04: HIST\u00d3RIA&nbsp;<\/td><td class=\"has-text-align-center\" data-align=\"center\">4 + CR&nbsp;<\/td><td class=\"has-text-align-center\" data-align=\"center\">1<\/td><td class=\"has-text-align-center\" data-align=\"center\">R$ 2.723,48&nbsp;<\/td><td class=\"has-text-align-center\" data-align=\"center\">R$80,00&nbsp;<\/td><\/tr><tr><td class=\"has-text-align-center\" data-align=\"center\">PROFESSOR LICENCIADO PLENO \u2013 MAG.04:&nbsp; GEOGRAFIA&nbsp;<\/td><td class=\"has-text-align-center\" data-align=\"center\">10+CR&nbsp;<\/td><td class=\"has-text-align-center\" data-align=\"center\">1<\/td><td class=\"has-text-align-center\" data-align=\"center\">R$ 2.723,48&nbsp;<\/td><td class=\"has-text-align-center\" data-align=\"center\">R$80,00&nbsp;<\/td><\/tr><tr><td class=\"has-text-align-center\" data-align=\"center\">PROFESSOR LICENCIADO PLENO \u2013 MAG.04: INGL\u00caS&nbsp;<\/td><td class=\"has-text-align-center\" data-align=\"center\">7 + CR&nbsp;<\/td><td class=\"has-text-align-center\" data-align=\"center\">1<\/td><td class=\"has-text-align-center\" data-align=\"center\">R$ 2.723,48&nbsp;<\/td><td class=\"has-text-align-center\" data-align=\"center\">R$80,00&nbsp;<\/td><\/tr><tr><td class=\"has-text-align-center\" data-align=\"center\">PROFESSOR LICENCIADO PLENO \u2013 MAG.04: ARTES&nbsp; <br \/>\n    VISUAIS, M\u00daSICA, DAN\u00c7A, TEATRO OU EDUCA\u00c7\u00c3O&nbsp; <br \/>\n    ART\u00cdSTICA&nbsp;<\/td><td class=\"has-text-align-center\" data-align=\"center\">11 + CR&nbsp;<\/td><td class=\"has-text-align-center\" data-align=\"center\">1<\/td><td class=\"has-text-align-center\" data-align=\"center\">R$ 2.723,48&nbsp;<\/td><td class=\"has-text-align-center\" data-align=\"center\">R$80,00&nbsp;<\/td><\/tr><tr><td class=\"has-text-align-center\" data-align=\"center\">PROFESSOR LICENCIADO PLENO \u2013 MAG.04: CI\u00caNCIAS&nbsp;<\/td><td class=\"has-text-align-center\" data-align=\"center\">11 + CR&nbsp;<\/td><td class=\"has-text-align-center\" data-align=\"center\">1<\/td><td class=\"has-text-align-center\" data-align=\"center\">R$ 2.723,48&nbsp;<\/td><td class=\"has-text-align-center\" data-align=\"center\">R$80,00&nbsp;<\/td><\/tr><tr><td class=\"has-text-align-center\" data-align=\"center\">PROFESSOR LICENCIADO PLENO \u2013 MAG.04:&nbsp; EDUCA\u00c7\u00c3O\n  F\u00cdSICA&nbsp;<\/td><td class=\"has-text-align-center\" data-align=\"center\">12 + CR&nbsp;<\/td><td class=\"has-text-align-center\" data-align=\"center\">1<\/td><td class=\"has-text-align-center\" data-align=\"center\">R$ 2.723,48&nbsp;<\/td><td class=\"has-text-align-center\" data-align=\"center\">R$80,00&nbsp;<\/td><\/tr><tr><td class=\"has-text-align-center\" data-align=\"center\">T\u00c9CNICO PEDAG\u00d3GICO \u2013 MAG.08&nbsp;<\/td><td class=\"has-text-align-center\" data-align=\"center\">85 + CR&nbsp;<\/td><td class=\"has-text-align-center\" data-align=\"center\">5<\/td><td class=\"has-text-align-center\" data-align=\"center\">R$ 3.514,16&nbsp;<\/td><td class=\"has-text-align-center\" data-align=\"center\">R$80,00&nbsp;<\/td><\/tr><\/tbody><\/table><\/figure>\n\n\n\n<p class=\"has-text-align-center has-cyan-bluish-gray-background-color has-background\"><strong><a href=\"https:\/\/www.estrategiaconcursos.com.br\/blog\/concurso-semec-belem\/\" target=\"_blank\" rel=\"noreferrer noopener\">Saiba mais: Concurso SEMEC Bel\u00e9m<\/a><\/strong><\/p>\n\n\n\n<h2 class=\"has-text-align-center wp-block-heading\" id=\"h-quer-saber-tudo-sobre-concursos-previstos-confira-nossos-artigos\">Quer saber tudo sobre concursos previstos?<br \/>Confira nossos artigos!<\/h2>\n\n\n\n<ul class=\"wp-block-list\"><li><a href=\"https:\/\/www.estrategiaconcursos.com.br\/blog\/concursos-abertos\/\" target=\"_blank\" rel=\"noreferrer noopener\">Concursos abertos<\/a><\/li><li><a href=\"https:\/\/www.estrategiaconcursos.com.br\/blog\/concursos-2022\/\" target=\"_blank\" rel=\"noreferrer noopener\">Concursos 2022<\/a><\/li><\/ul>\n\n\n\n<div class=\"container\" id=\"boxes\">\n  <div class=\"row\">\n\n    <div class=\"col-sm\">\n      <div class=\"banner-estrategia\" id=\"box-assinatura\">\n        <h3 class=\"titulo-assinatura\">Concurso SEMEC Bel\u00e9m<\/h3>\n        <p class=\"subtitulo-assinatura\">Conhe\u00e7a os cursos<\/p>\n        <div class=\"box-botao\">\n          <a class=\"btn-assinatura\" target=\"_blank\" href=\"https:\/\/www.estrategiaconcursos.com.br\/cursos\/concurso\/\" role=\"button\" rel=\"noopener noreferrer\">Conhe\u00e7a mais<\/a>\n        <\/div>\n      <\/div>\n      <p class=\"texto-auxiliar\">Prepare-se com o melhor material e com quem mais aprova em Concursos P\u00fablicos em todo o pa\u00eds.<\/p>\n    <\/div>\n\n  <\/div>\n<\/div>\n\n\n\n<div class=\"container\" id=\"boxes\">\n  <div class=\"row\">\n\n    <div class=\"col-sm\">\n      <div class=\"estrategia\" id=\"box-assinatura\">\n        <h3 class=\"titulo-assinatura\">Assinatura Concursos<\/h3>\n        <p class=\"subtitulo-assinatura\">Assinatura de 1 ano ou 2 anos<\/p>\n        <div class=\"box-botao\">\n          <a class=\"btn-assinatura\" target=\"_blank\" href=\"https:\/\/www.estrategiaconcursos.com.br\/assinaturas\/\" role=\"button\" rel=\"noopener noreferrer\">ASSINE AGORA<\/a>\n        <\/div>\n      <\/div>\n     \n    <\/div><\/div><\/div>\n","protected":false},"excerpt":{"rendered":"<p>Foi publicado na \u00faltima ter\u00e7a-feira (22\/02), o resultado das provas discursivas do concurso SEMEC Bel\u00e9m. Os exames foram aplicados no dia 23 de janeiro de 2022. Confira a gabarito da prova discursiva A prova discursiva foi realizada por candidatos de todos os cargos oferecidos, juntamente \u00e0 prova objetiva. A etapa foi composta por uma quest\u00e3o [&hellip;]<\/p>\n","protected":false},"author":2374,"featured_media":484546,"comment_status":"open","ping_status":"closed","sticky":false,"template":"","format":"standard","meta":{"post_tipo":"article","footnotes":""},"categories":[1],"tags":[220571,220570],"tax_estado":[219977],"class_list":["post-976307","post","type-post","status-publish","format-standard","has-post-thumbnail","hentry","category-cursos-e-concursos","tag-concurso-semec-belem","tag-semec-belem","tax_estado-pa"],"acf":[],"yoast_head":"<!-- This site is optimized with the Yoast SEO Premium plugin v27.2 (Yoast SEO v27.2) - https:\/\/yoast.com\/product\/yoast-seo-premium-wordpress\/ -->\n<title>Concurso SEMEC Bel\u00e9m: resultado da prova discursiva divulgado<\/title>\n<meta name=\"description\" content=\"Foi publicado o resultado das provas discursivas do concurso SEMEC Bel\u00e9m. Os exames foram aplicados no dia 23 de janeiro de 2022.\" \/>\n<meta name=\"robots\" content=\"index, follow, max-snippet:-1, max-image-preview:large, max-video-preview:-1\" \/>\n<link rel=\"canonical\" href=\"https:\/\/www.estrategiaconcursos.com.br\/blog\/concurso-semec-belem-resultado-da-prova-discursiva-divulgado\/\" \/>\n<meta property=\"og:locale\" content=\"pt_BR\" \/>\n<meta property=\"og:type\" content=\"article\" \/>\n<meta property=\"og:title\" content=\"Concurso SEMEC Bel\u00e9m: resultado da prova discursiva divulgado\" \/>\n<meta property=\"og:description\" content=\"Foi publicado o resultado das provas discursivas do concurso SEMEC Bel\u00e9m. Os exames foram aplicados no dia 23 de janeiro de 2022.\" \/>\n<meta property=\"og:url\" content=\"https:\/\/www.estrategiaconcursos.com.br\/blog\/concurso-semec-belem-resultado-da-prova-discursiva-divulgado\/\" \/>\n<meta property=\"og:site_name\" content=\"Estrat\u00e9gia Concursos\" \/>\n<meta property=\"article:published_time\" content=\"2022-02-23T19:45:35+00:00\" \/>\n<meta property=\"article:modified_time\" content=\"2022-02-23T19:45:43+00:00\" \/>\n<meta property=\"og:image\" content=\"https:\/\/dhg1h5j42swfq.cloudfront.net\/2020\/01\/20161633\/SEMEC_BELEM.jpg\" \/>\n\t<meta property=\"og:image:width\" content=\"1200\" \/>\n\t<meta property=\"og:image:height\" content=\"628\" \/>\n\t<meta property=\"og:image:type\" content=\"image\/jpeg\" \/>\n<meta name=\"author\" content=\"Guilherme Abarno\" \/>\n<meta name=\"twitter:card\" content=\"summary_large_image\" \/>\n<meta name=\"twitter:creator\" content=\"@EstratConcursos\" \/>\n<meta name=\"twitter:site\" content=\"@EstratConcursos\" \/>\n<meta name=\"twitter:label1\" content=\"Escrito por\" \/>\n\t<meta name=\"twitter:data1\" content=\"Guilherme Abarno\" \/>\n\t<meta name=\"twitter:label2\" content=\"Est. tempo de leitura\" \/>\n\t<meta name=\"twitter:data2\" content=\"3 minutos\" \/>\n<script type=\"application\/ld+json\" class=\"yoast-schema-graph\">{\"@context\":\"https:\/\/schema.org\",\"@graph\":[{\"@type\":\"NewsArticle\",\"@id\":\"https:\/\/www.estrategiaconcursos.com.br\/blog\/concurso-semec-belem-resultado-da-prova-discursiva-divulgado\/#article\",\"isPartOf\":{\"@id\":\"https:\/\/www.estrategiaconcursos.com.br\/blog\/concurso-semec-belem-resultado-da-prova-discursiva-divulgado\/\"},\"author\":{\"name\":\"Guilherme Abarno\",\"@id\":\"https:\/\/www.estrategiaconcursos.com.br\/blog\/#\/schema\/person\/79c1a7623a9ced8b38fc7591e63a0322\"},\"headline\":\"Concurso SEMEC Bel\u00e9m: resultado da prova discursiva divulgado\",\"datePublished\":\"2022-02-23T19:45:35+00:00\",\"dateModified\":\"2022-02-23T19:45:43+00:00\",\"mainEntityOfPage\":{\"@id\":\"https:\/\/www.estrategiaconcursos.com.br\/blog\/concurso-semec-belem-resultado-da-prova-discursiva-divulgado\/\"},\"wordCount\":650,\"commentCount\":0,\"publisher\":{\"@id\":\"https:\/\/www.estrategiaconcursos.com.br\/blog\/#organization\"},\"image\":{\"@id\":\"https:\/\/www.estrategiaconcursos.com.br\/blog\/concurso-semec-belem-resultado-da-prova-discursiva-divulgado\/#primaryimage\"},\"thumbnailUrl\":\"https:\/\/dhg1h5j42swfq.cloudfront.net\/2020\/01\/20161633\/SEMEC_BELEM.jpg\",\"keywords\":[\"concurso semec bel\u00e9m\",\"semec bel\u00e9m\"],\"articleSection\":[\"Concursos P\u00fablicos\"],\"inLanguage\":\"pt-BR\",\"potentialAction\":[{\"@type\":\"CommentAction\",\"name\":\"Comment\",\"target\":[\"https:\/\/www.estrategiaconcursos.com.br\/blog\/concurso-semec-belem-resultado-da-prova-discursiva-divulgado\/#respond\"]}],\"copyrightYear\":\"2022\",\"copyrightHolder\":{\"@id\":\"https:\/\/www.estrategiaconcursos.com.br\/blog\/#organization\"}},{\"@type\":\"WebPage\",\"@id\":\"https:\/\/www.estrategiaconcursos.com.br\/blog\/concurso-semec-belem-resultado-da-prova-discursiva-divulgado\/\",\"url\":\"https:\/\/www.estrategiaconcursos.com.br\/blog\/concurso-semec-belem-resultado-da-prova-discursiva-divulgado\/\",\"name\":\"Concurso SEMEC Bel\u00e9m: resultado da prova discursiva divulgado\",\"isPartOf\":{\"@id\":\"https:\/\/www.estrategiaconcursos.com.br\/blog\/#website\"},\"primaryImageOfPage\":{\"@id\":\"https:\/\/www.estrategiaconcursos.com.br\/blog\/concurso-semec-belem-resultado-da-prova-discursiva-divulgado\/#primaryimage\"},\"image\":{\"@id\":\"https:\/\/www.estrategiaconcursos.com.br\/blog\/concurso-semec-belem-resultado-da-prova-discursiva-divulgado\/#primaryimage\"},\"thumbnailUrl\":\"https:\/\/dhg1h5j42swfq.cloudfront.net\/2020\/01\/20161633\/SEMEC_BELEM.jpg\",\"datePublished\":\"2022-02-23T19:45:35+00:00\",\"dateModified\":\"2022-02-23T19:45:43+00:00\",\"description\":\"Foi publicado o resultado das provas discursivas do concurso SEMEC Bel\u00e9m. Os exames foram aplicados no dia 23 de janeiro de 2022.\",\"breadcrumb\":{\"@id\":\"https:\/\/www.estrategiaconcursos.com.br\/blog\/concurso-semec-belem-resultado-da-prova-discursiva-divulgado\/#breadcrumb\"},\"inLanguage\":\"pt-BR\",\"potentialAction\":[{\"@type\":\"ReadAction\",\"target\":[\"https:\/\/www.estrategiaconcursos.com.br\/blog\/concurso-semec-belem-resultado-da-prova-discursiva-divulgado\/\"]}]},{\"@type\":\"ImageObject\",\"inLanguage\":\"pt-BR\",\"@id\":\"https:\/\/www.estrategiaconcursos.com.br\/blog\/concurso-semec-belem-resultado-da-prova-discursiva-divulgado\/#primaryimage\",\"url\":\"https:\/\/dhg1h5j42swfq.cloudfront.net\/2020\/01\/20161633\/SEMEC_BELEM.jpg\",\"contentUrl\":\"https:\/\/dhg1h5j42swfq.cloudfront.net\/2020\/01\/20161633\/SEMEC_BELEM.jpg\",\"width\":1200,\"height\":628,\"caption\":\"concurso semec bel\u00e9m\"},{\"@type\":\"BreadcrumbList\",\"@id\":\"https:\/\/www.estrategiaconcursos.com.br\/blog\/concurso-semec-belem-resultado-da-prova-discursiva-divulgado\/#breadcrumb\",\"itemListElement\":[{\"@type\":\"ListItem\",\"position\":1,\"name\":\"In\u00edcio\",\"item\":\"https:\/\/www.estrategiaconcursos.com.br\/blog\/\"},{\"@type\":\"ListItem\",\"position\":2,\"name\":\"Concurso SEMEC Bel\u00e9m: resultado da prova discursiva divulgado\"}]},{\"@type\":\"WebSite\",\"@id\":\"https:\/\/www.estrategiaconcursos.com.br\/blog\/#website\",\"url\":\"https:\/\/www.estrategiaconcursos.com.br\/blog\/\",\"name\":\"Estrat\u00e9gia Concursos\",\"description\":\"O blog da Estrat\u00e9gia Concursos traz not\u00edcias sobre concursos e artigos de professores oferecendo cursos para concursos (pdf + videaulas) no site.\",\"publisher\":{\"@id\":\"https:\/\/www.estrategiaconcursos.com.br\/blog\/#organization\"},\"potentialAction\":[{\"@type\":\"SearchAction\",\"target\":{\"@type\":\"EntryPoint\",\"urlTemplate\":\"https:\/\/www.estrategiaconcursos.com.br\/blog\/?s={search_term_string}\"},\"query-input\":{\"@type\":\"PropertyValueSpecification\",\"valueRequired\":true,\"valueName\":\"search_term_string\"}}],\"inLanguage\":\"pt-BR\"},{\"@type\":\"Organization\",\"@id\":\"https:\/\/www.estrategiaconcursos.com.br\/blog\/#organization\",\"name\":\"Estrat\u00e9gia Concursos\",\"url\":\"https:\/\/www.estrategiaconcursos.com.br\/blog\/\",\"logo\":{\"@type\":\"ImageObject\",\"inLanguage\":\"pt-BR\",\"@id\":\"https:\/\/www.estrategiaconcursos.com.br\/blog\/#\/schema\/logo\/image\/\",\"url\":\"https:\/\/dhg1h5j42swfq.cloudfront.net\/2025\/06\/03203428\/logo_concursos-1.jpg\",\"contentUrl\":\"https:\/\/dhg1h5j42swfq.cloudfront.net\/2025\/06\/03203428\/logo_concursos-1.jpg\",\"width\":230,\"height\":60,\"caption\":\"Estrat\u00e9gia Concursos\"},\"image\":{\"@id\":\"https:\/\/www.estrategiaconcursos.com.br\/blog\/#\/schema\/logo\/image\/\"},\"sameAs\":[\"https:\/\/x.com\/EstratConcursos\"]},{\"@type\":\"Person\",\"@id\":\"https:\/\/www.estrategiaconcursos.com.br\/blog\/#\/schema\/person\/79c1a7623a9ced8b38fc7591e63a0322\",\"name\":\"Guilherme Abarno\",\"image\":{\"@type\":\"ImageObject\",\"inLanguage\":\"pt-BR\",\"@id\":\"https:\/\/secure.gravatar.com\/avatar\/a71cada404ac977e405a8f3fcb3f203ef33a8ad5c6b3f18f32b6d899a2032f89?s=96&d=mm&r=g\",\"url\":\"https:\/\/secure.gravatar.com\/avatar\/a71cada404ac977e405a8f3fcb3f203ef33a8ad5c6b3f18f32b6d899a2032f89?s=96&d=mm&r=g\",\"contentUrl\":\"https:\/\/secure.gravatar.com\/avatar\/a71cada404ac977e405a8f3fcb3f203ef33a8ad5c6b3f18f32b6d899a2032f89?s=96&d=mm&r=g\",\"caption\":\"Guilherme Abarno\"},\"url\":\"https:\/\/www.estrategiaconcursos.com.br\/blog\/author\/guilherme-abarnoestrategia-com\/\"}]}<\/script>\n<!-- \/ Yoast SEO Premium plugin. -->","yoast_head_json":{"title":"Concurso SEMEC Bel\u00e9m: resultado da prova discursiva divulgado","description":"Foi publicado o resultado das provas discursivas do concurso SEMEC Bel\u00e9m. Os exames foram aplicados no dia 23 de janeiro de 2022.","robots":{"index":"index","follow":"follow","max-snippet":"max-snippet:-1","max-image-preview":"max-image-preview:large","max-video-preview":"max-video-preview:-1"},"canonical":"https:\/\/www.estrategiaconcursos.com.br\/blog\/concurso-semec-belem-resultado-da-prova-discursiva-divulgado\/","og_locale":"pt_BR","og_type":"article","og_title":"Concurso SEMEC Bel\u00e9m: resultado da prova discursiva divulgado","og_description":"Foi publicado o resultado das provas discursivas do concurso SEMEC Bel\u00e9m. Os exames foram aplicados no dia 23 de janeiro de 2022.","og_url":"https:\/\/www.estrategiaconcursos.com.br\/blog\/concurso-semec-belem-resultado-da-prova-discursiva-divulgado\/","og_site_name":"Estrat\u00e9gia Concursos","article_published_time":"2022-02-23T19:45:35+00:00","article_modified_time":"2022-02-23T19:45:43+00:00","og_image":[{"width":1200,"height":628,"url":"https:\/\/dhg1h5j42swfq.cloudfront.net\/2020\/01\/20161633\/SEMEC_BELEM.jpg","type":"image\/jpeg"}],"author":"Guilherme Abarno","twitter_card":"summary_large_image","twitter_creator":"@EstratConcursos","twitter_site":"@EstratConcursos","twitter_misc":{"Escrito por":"Guilherme Abarno","Est. tempo de leitura":"3 minutos"},"schema":{"@context":"https:\/\/schema.org","@graph":[{"@type":"NewsArticle","@id":"https:\/\/www.estrategiaconcursos.com.br\/blog\/concurso-semec-belem-resultado-da-prova-discursiva-divulgado\/#article","isPartOf":{"@id":"https:\/\/www.estrategiaconcursos.com.br\/blog\/concurso-semec-belem-resultado-da-prova-discursiva-divulgado\/"},"author":{"name":"Guilherme Abarno","@id":"https:\/\/www.estrategiaconcursos.com.br\/blog\/#\/schema\/person\/79c1a7623a9ced8b38fc7591e63a0322"},"headline":"Concurso SEMEC Bel\u00e9m: resultado da prova discursiva divulgado","datePublished":"2022-02-23T19:45:35+00:00","dateModified":"2022-02-23T19:45:43+00:00","mainEntityOfPage":{"@id":"https:\/\/www.estrategiaconcursos.com.br\/blog\/concurso-semec-belem-resultado-da-prova-discursiva-divulgado\/"},"wordCount":650,"commentCount":0,"publisher":{"@id":"https:\/\/www.estrategiaconcursos.com.br\/blog\/#organization"},"image":{"@id":"https:\/\/www.estrategiaconcursos.com.br\/blog\/concurso-semec-belem-resultado-da-prova-discursiva-divulgado\/#primaryimage"},"thumbnailUrl":"https:\/\/dhg1h5j42swfq.cloudfront.net\/2020\/01\/20161633\/SEMEC_BELEM.jpg","keywords":["concurso semec bel\u00e9m","semec bel\u00e9m"],"articleSection":["Concursos P\u00fablicos"],"inLanguage":"pt-BR","potentialAction":[{"@type":"CommentAction","name":"Comment","target":["https:\/\/www.estrategiaconcursos.com.br\/blog\/concurso-semec-belem-resultado-da-prova-discursiva-divulgado\/#respond"]}],"copyrightYear":"2022","copyrightHolder":{"@id":"https:\/\/www.estrategiaconcursos.com.br\/blog\/#organization"}},{"@type":"WebPage","@id":"https:\/\/www.estrategiaconcursos.com.br\/blog\/concurso-semec-belem-resultado-da-prova-discursiva-divulgado\/","url":"https:\/\/www.estrategiaconcursos.com.br\/blog\/concurso-semec-belem-resultado-da-prova-discursiva-divulgado\/","name":"Concurso SEMEC Bel\u00e9m: resultado da prova discursiva divulgado","isPartOf":{"@id":"https:\/\/www.estrategiaconcursos.com.br\/blog\/#website"},"primaryImageOfPage":{"@id":"https:\/\/www.estrategiaconcursos.com.br\/blog\/concurso-semec-belem-resultado-da-prova-discursiva-divulgado\/#primaryimage"},"image":{"@id":"https:\/\/www.estrategiaconcursos.com.br\/blog\/concurso-semec-belem-resultado-da-prova-discursiva-divulgado\/#primaryimage"},"thumbnailUrl":"https:\/\/dhg1h5j42swfq.cloudfront.net\/2020\/01\/20161633\/SEMEC_BELEM.jpg","datePublished":"2022-02-23T19:45:35+00:00","dateModified":"2022-02-23T19:45:43+00:00","description":"Foi publicado o resultado das provas discursivas do concurso SEMEC Bel\u00e9m. Os exames foram aplicados no dia 23 de janeiro de 2022.","breadcrumb":{"@id":"https:\/\/www.estrategiaconcursos.com.br\/blog\/concurso-semec-belem-resultado-da-prova-discursiva-divulgado\/#breadcrumb"},"inLanguage":"pt-BR","potentialAction":[{"@type":"ReadAction","target":["https:\/\/www.estrategiaconcursos.com.br\/blog\/concurso-semec-belem-resultado-da-prova-discursiva-divulgado\/"]}]},{"@type":"ImageObject","inLanguage":"pt-BR","@id":"https:\/\/www.estrategiaconcursos.com.br\/blog\/concurso-semec-belem-resultado-da-prova-discursiva-divulgado\/#primaryimage","url":"https:\/\/dhg1h5j42swfq.cloudfront.net\/2020\/01\/20161633\/SEMEC_BELEM.jpg","contentUrl":"https:\/\/dhg1h5j42swfq.cloudfront.net\/2020\/01\/20161633\/SEMEC_BELEM.jpg","width":1200,"height":628,"caption":"concurso semec bel\u00e9m"},{"@type":"BreadcrumbList","@id":"https:\/\/www.estrategiaconcursos.com.br\/blog\/concurso-semec-belem-resultado-da-prova-discursiva-divulgado\/#breadcrumb","itemListElement":[{"@type":"ListItem","position":1,"name":"In\u00edcio","item":"https:\/\/www.estrategiaconcursos.com.br\/blog\/"},{"@type":"ListItem","position":2,"name":"Concurso SEMEC Bel\u00e9m: resultado da prova discursiva divulgado"}]},{"@type":"WebSite","@id":"https:\/\/www.estrategiaconcursos.com.br\/blog\/#website","url":"https:\/\/www.estrategiaconcursos.com.br\/blog\/","name":"Estrat\u00e9gia Concursos","description":"O blog da Estrat\u00e9gia Concursos traz not\u00edcias sobre concursos e artigos de professores oferecendo cursos para concursos (pdf + videaulas) no site.","publisher":{"@id":"https:\/\/www.estrategiaconcursos.com.br\/blog\/#organization"},"potentialAction":[{"@type":"SearchAction","target":{"@type":"EntryPoint","urlTemplate":"https:\/\/www.estrategiaconcursos.com.br\/blog\/?s={search_term_string}"},"query-input":{"@type":"PropertyValueSpecification","valueRequired":true,"valueName":"search_term_string"}}],"inLanguage":"pt-BR"},{"@type":"Organization","@id":"https:\/\/www.estrategiaconcursos.com.br\/blog\/#organization","name":"Estrat\u00e9gia Concursos","url":"https:\/\/www.estrategiaconcursos.com.br\/blog\/","logo":{"@type":"ImageObject","inLanguage":"pt-BR","@id":"https:\/\/www.estrategiaconcursos.com.br\/blog\/#\/schema\/logo\/image\/","url":"https:\/\/dhg1h5j42swfq.cloudfront.net\/2025\/06\/03203428\/logo_concursos-1.jpg","contentUrl":"https:\/\/dhg1h5j42swfq.cloudfront.net\/2025\/06\/03203428\/logo_concursos-1.jpg","width":230,"height":60,"caption":"Estrat\u00e9gia Concursos"},"image":{"@id":"https:\/\/www.estrategiaconcursos.com.br\/blog\/#\/schema\/logo\/image\/"},"sameAs":["https:\/\/x.com\/EstratConcursos"]},{"@type":"Person","@id":"https:\/\/www.estrategiaconcursos.com.br\/blog\/#\/schema\/person\/79c1a7623a9ced8b38fc7591e63a0322","name":"Guilherme Abarno","image":{"@type":"ImageObject","inLanguage":"pt-BR","@id":"https:\/\/secure.gravatar.com\/avatar\/a71cada404ac977e405a8f3fcb3f203ef33a8ad5c6b3f18f32b6d899a2032f89?s=96&d=mm&r=g","url":"https:\/\/secure.gravatar.com\/avatar\/a71cada404ac977e405a8f3fcb3f203ef33a8ad5c6b3f18f32b6d899a2032f89?s=96&d=mm&r=g","contentUrl":"https:\/\/secure.gravatar.com\/avatar\/a71cada404ac977e405a8f3fcb3f203ef33a8ad5c6b3f18f32b6d899a2032f89?s=96&d=mm&r=g","caption":"Guilherme Abarno"},"url":"https:\/\/www.estrategiaconcursos.com.br\/blog\/author\/guilherme-abarnoestrategia-com\/"}]}},"_links":{"self":[{"href":"https:\/\/www.estrategiaconcursos.com.br\/blog\/wp-json\/wp\/v2\/posts\/976307","targetHints":{"allow":["GET"]}}],"collection":[{"href":"https:\/\/www.estrategiaconcursos.com.br\/blog\/wp-json\/wp\/v2\/posts"}],"about":[{"href":"https:\/\/www.estrategiaconcursos.com.br\/blog\/wp-json\/wp\/v2\/types\/post"}],"author":[{"embeddable":true,"href":"https:\/\/www.estrategiaconcursos.com.br\/blog\/wp-json\/wp\/v2\/users\/2374"}],"replies":[{"embeddable":true,"href":"https:\/\/www.estrategiaconcursos.com.br\/blog\/wp-json\/wp\/v2\/comments?post=976307"}],"version-history":[{"count":1,"href":"https:\/\/www.estrategiaconcursos.com.br\/blog\/wp-json\/wp\/v2\/posts\/976307\/revisions"}],"predecessor-version":[{"id":976412,"href":"https:\/\/www.estrategiaconcursos.com.br\/blog\/wp-json\/wp\/v2\/posts\/976307\/revisions\/976412"}],"wp:featuredmedia":[{"embeddable":true,"href":"https:\/\/www.estrategiaconcursos.com.br\/blog\/wp-json\/wp\/v2\/media\/484546"}],"wp:attachment":[{"href":"https:\/\/www.estrategiaconcursos.com.br\/blog\/wp-json\/wp\/v2\/media?parent=976307"}],"wp:term":[{"taxonomy":"category","embeddable":true,"href":"https:\/\/www.estrategiaconcursos.com.br\/blog\/wp-json\/wp\/v2\/categories?post=976307"},{"taxonomy":"post_tag","embeddable":true,"href":"https:\/\/www.estrategiaconcursos.com.br\/blog\/wp-json\/wp\/v2\/tags?post=976307"},{"taxonomy":"tax_estado","embeddable":true,"href":"https:\/\/www.estrategiaconcursos.com.br\/blog\/wp-json\/wp\/v2\/tax_estado?post=976307"}],"curies":[{"name":"wp","href":"https:\/\/api.w.org\/{rel}","templated":true}]}}