{"id":976204,"date":"2022-02-23T14:53:49","date_gmt":"2022-02-23T17:53:49","guid":{"rendered":"https:\/\/www.estrategiaconcursos.com.br\/blog\/?p=976204"},"modified":"2022-02-23T16:30:59","modified_gmt":"2022-02-23T19:30:59","slug":"concurso-sme-rj-convocacao","status":"publish","type":"post","link":"https:\/\/www.estrategiaconcursos.com.br\/blog\/concurso-sme-rj-convocacao\/","title":{"rendered":"Concurso SME RJ: publicada convoca\u00e7\u00e3o de 750 agentes educadores"},"content":{"rendered":"\n<p>A Secretaria Municipal de Educa\u00e7\u00e3o do Rio de Janeiro divulgou, na \u00faltima ter\u00e7a (22), a convoca\u00e7\u00e3o de 750 agentes educadores aprovados no \u00faltimo <strong>concurso SME Rio<\/strong>.<\/p>\n\n\n\n<ul class=\"wp-block-list\"><li><a href=\"https:\/\/files.folhadirigida.com.br\/filemanager\/files\/concursos\/Editais2022\/convocacao-concurso-sme-rio-agente-educador-2022.pdf\" target=\"_blank\" rel=\"noreferrer noopener\">Confira a lista dos convocados no Di\u00e1rio Oficial do munic\u00edpio<\/a><\/li><\/ul>\n\n\n\n<p>Para tomar posse, os candidatos dever\u00e3o apresentar uma lista documentos e, na sequ\u00eancia, ser\u00e3o encaminhados \u00e0 per\u00edcia m\u00e9dica. Com data a definir pela secretaria.<\/p>\n\n\n\n<h2 class=\"wp-block-heading\" id=\"cargo-e-atribuicoes\">Cargo e atribui\u00e7\u00f5es<\/h2>\n\n\n\n<p>O cargo de Agente Educador II \u00e9 um cargo de n\u00edvel m\u00e9dio e possui como atribui\u00e7\u00e3o, prestar apoio \u00e0s atividades educacionais mediante orienta\u00e7\u00e3o, inspe\u00e7\u00e3o e observa\u00e7\u00e3o da conduta do aluno e atender \u00e0 seguran\u00e7a de crian\u00e7as e jovens nas depend\u00eancias e proximidades das unidades escolares da rede do Munic\u00edpio.<\/p>\n\n\n\n<h2 class=\"wp-block-heading\" id=\"remuneracao\">Remunera\u00e7\u00e3o<\/h2>\n\n\n\n<p>A remunera\u00e7\u00e3o inicial para o cargo ser\u00e1 de&nbsp;<strong><em>R$ 1.350,63&nbsp;<\/em><\/strong>para uma carga hor\u00e1ria de 40 horas semanais.<\/p>\n\n\n\n<p>Ser\u00e3o acrescidos ainda os benef\u00edcios de Aux\u00edlio-transporte (Decreto n\u00ba 17.110\/98) no valor de R$ 178,20; e o benef\u00edcio alimenta\u00e7\u00e3o (R$12,00 por dia).<\/p>\n\n\n\n<h2 class=\"wp-block-heading\" id=\"h-ultimo-concurso-sme-rj-para-agente-educador\">\u00daltimo Concurso SME RJ para Agente Educador<\/h2>\n\n\n\n<p id=\"block-b1493692-fdd0-4e25-bfbd-dcd17346aa36\">Foi publicado no dia 26 de mar\u00e7o de 2019, o edital para o concurso da Secret\u00e1ria Municipal de Educa\u00e7\u00e3o do Rio de Janeiro, para o cargo de Agente Educador II, com remunera\u00e7\u00e3o inicial de <strong>R$ 1.350,63&nbsp;<\/strong>para uma jornada de 40 hora.<\/p>\n\n\n\n<p id=\"block-4d1c4c09-f3b1-4c27-86fb-cc84ed6af480\">Foram ofertadas no total, 400 vagas para o cargo que exigia o n\u00edvel m\u00e9dio completo. O valor da taxa de inscri\u00e7\u00e3o foi fixado em R$ 80,00.<\/p>\n\n\n\n<p id=\"block-8986ac5c-d7ed-40b6-8f53-b1a7513d6922\">A sele\u00e7\u00e3o foi feita atrav\u00e9s de uma Prova Objetiva, de car\u00e1ter eliminat\u00f3rio e classificat\u00f3rio, com 40 quest\u00f5es de m\u00faltipla escolha. Os candidatos tiveram, no total, 3 horas para realizar a prova.<\/p>\n\n\n\n<ul class=\"wp-block-list\"><li>L\u00edngua Portuguesa &#8211; 10 quest\u00f5es (peso 2,0)<\/li><li>Matem\u00e1tica &#8211; 10 quest\u00f5es (peso 2,0)<\/li><li>Estatuto da Crian\u00e7a e do Adolescente &#8211; 20 quest\u00f5es (peso 2,0)<\/li><\/ul>\n\n\n\n<p id=\"block-17d9b3c7-d93c-4e84-b5bf-822f6b43607e\">Os candidatos aprovados tiveram na Prova Objetiva, no m\u00ednimo, 60% de pontos do total da prova (48 pontos) e 20% de acertos por conte\u00fado.<\/p>\n\n\n\n<p class=\"has-text-align-center has-cyan-bluish-gray-background-color has-background\"><strong>Saiba mais: <a href=\"https:\/\/www.estrategiaconcursos.com.br\/blog\/concurso-sme-rj\/\" target=\"_blank\" rel=\"noreferrer noopener\">Concurso SME RJ<\/a><\/strong><\/p>\n\n\n\n<h2 class=\"has-text-align-center wp-block-heading\" id=\"h-quer-saber-tudo-sobre-concursos-previstos-confira-nossos-artigos\">Quer saber tudo sobre concursos previstos?<br \/>Confira nossos artigos!<\/h2>\n\n\n\n<ul class=\"wp-block-list\"><li><a href=\"https:\/\/www.estrategiaconcursos.com.br\/blog\/concursos-abertos\/\" target=\"_blank\" rel=\"noreferrer noopener\">Concursos abertos<\/a><\/li><li><a href=\"https:\/\/www.estrategiaconcursos.com.br\/blog\/concursos-2022\/\" target=\"_blank\" rel=\"noreferrer noopener\">Concursos 2022<\/a><\/li><\/ul>\n\n\n\n<h2 class=\"has-text-align-center wp-block-heading\" id=\"curso\">Quer estudar para o concurso SME RJ?<\/h2>\n\n\n\n<p class=\"has-text-align-center\"><em>Gostou desta oportunidade e deseja come\u00e7ar se preparar agora mesmo? <\/em><br \/><em>Ent\u00e3o, confira os nossos cursos e comece a estudar:<\/em><\/p>\n\n\n\n<div class=\"container\" id=\"boxes\">\n  <div class=\"row\">\n\n    <div class=\"col-sm\">\n      <div class=\"banner-ecj\" id=\"box-assinatura\">\n        <h3 class=\"titulo-assinatura\">Curso para Concurso SME RJ <\/h3>\n        <p class=\"subtitulo-assinatura\">Cursos focados no edital do concurso<\/p>\n        <div class=\"box-botao\">\n          <a class=\"btn-assinatura\" target=\"_blank\" href=\"https:\/\/www.estrategiaconcursos.com.br\/cursos\/concurso\/\" role=\"button\" rel=\"noopener noreferrer\">Conhe\u00e7a mais<\/a>\n        <\/div>\n      <\/div>\n      <p class=\"texto-auxiliar\">Prepare-se com o melhor material e com quem mais aprova em concursos em todo o pa\u00eds. \n<\/p>\n    <\/div>\n\n  <\/div>\n<\/div>\n\n\n\n<div class=\"container\" id=\"boxes\">\n  <div class=\"row\">\n\n    <div class=\"col-sm\">\n      <div class=\"estrategia\" id=\"box-assinatura\">\n        <h3 class=\"titulo-assinatura\">Assinatura Concursos<\/h3>\n        <p class=\"subtitulo-assinatura\">Assinatura de 1 ano ou 2 anos<\/p>\n        <div class=\"box-botao\">\n          <a class=\"btn-assinatura\" target=\"_blank\" href=\"https:\/\/www.estrategiaconcursos.com.br\/assinaturas\/\" role=\"button\" rel=\"noopener noreferrer\">ASSINE AGORA<\/a>\n        <\/div>\n      <\/div>\n     \n    <\/div><\/div><\/div>\n\n\n\n<p><\/p>\n","protected":false},"excerpt":{"rendered":"<p>A Secretaria Municipal de Educa\u00e7\u00e3o do Rio de Janeiro divulgou, na \u00faltima ter\u00e7a (22), a convoca\u00e7\u00e3o de 750 agentes educadores aprovados no \u00faltimo concurso SME Rio. Confira a lista dos convocados no Di\u00e1rio Oficial do munic\u00edpio Para tomar posse, os candidatos dever\u00e3o apresentar uma lista documentos e, na sequ\u00eancia, ser\u00e3o encaminhados \u00e0 per\u00edcia m\u00e9dica. Com [&hellip;]<\/p>\n","protected":false},"author":2374,"featured_media":828816,"comment_status":"open","ping_status":"closed","sticky":false,"template":"","format":"standard","meta":{"post_tipo":"news","footnotes":""},"categories":[3766],"tags":[220567,220568],"tax_estado":[219982],"class_list":["post-976204","post","type-post","status-publish","format-standard","has-post-thumbnail","hentry","category-educacional","tag-concurso-sme-rj","tag-sme-rj","tax_estado-rj"],"acf":[],"yoast_head":"<!-- This site is optimized with the Yoast SEO Premium plugin v27.2 (Yoast SEO v27.2) - https:\/\/yoast.com\/product\/yoast-seo-premium-wordpress\/ -->\n<title>Concurso SME RJ: publicada convoca\u00e7\u00e3o de 750 agentes educadores<\/title>\n<meta name=\"description\" content=\"A Secretaria Municipal de Educa\u00e7\u00e3o do Rio de Janeiro divulgou a convoca\u00e7\u00e3o de 750 agentes educadores aprovados no \u00faltimo concurso SME Rio.\" \/>\n<meta name=\"robots\" content=\"index, follow, max-snippet:-1, max-image-preview:large, max-video-preview:-1\" \/>\n<link rel=\"canonical\" href=\"https:\/\/www.estrategiaconcursos.com.br\/blog\/concurso-sme-rj-convocacao\/\" \/>\n<meta property=\"og:locale\" content=\"pt_BR\" \/>\n<meta property=\"og:type\" content=\"article\" \/>\n<meta property=\"og:title\" content=\"Concurso SME RJ: publicada convoca\u00e7\u00e3o de 750 agentes educadores\" \/>\n<meta property=\"og:description\" content=\"A Secretaria Municipal de Educa\u00e7\u00e3o do Rio de Janeiro divulgou a convoca\u00e7\u00e3o de 750 agentes educadores aprovados no \u00faltimo concurso SME Rio.\" \/>\n<meta property=\"og:url\" content=\"https:\/\/www.estrategiaconcursos.com.br\/blog\/concurso-sme-rj-convocacao\/\" \/>\n<meta property=\"og:site_name\" content=\"Estrat\u00e9gia Concursos\" \/>\n<meta property=\"article:published_time\" content=\"2022-02-23T17:53:49+00:00\" \/>\n<meta property=\"article:modified_time\" content=\"2022-02-23T19:30:59+00:00\" \/>\n<meta property=\"og:image\" content=\"https:\/\/dhg1h5j42swfq.cloudfront.net\/2021\/08\/04150420\/sme-rio.png\" \/>\n\t<meta property=\"og:image:width\" content=\"225\" \/>\n\t<meta property=\"og:image:height\" content=\"225\" \/>\n\t<meta property=\"og:image:type\" content=\"image\/png\" \/>\n<meta name=\"author\" content=\"Guilherme Abarno\" \/>\n<meta name=\"twitter:card\" content=\"summary_large_image\" \/>\n<meta name=\"twitter:creator\" content=\"@EstratConcursos\" \/>\n<meta name=\"twitter:site\" content=\"@EstratConcursos\" \/>\n<meta name=\"twitter:label1\" content=\"Escrito por\" \/>\n\t<meta name=\"twitter:data1\" content=\"Guilherme Abarno\" \/>\n\t<meta name=\"twitter:label2\" content=\"Est. tempo de leitura\" \/>\n\t<meta name=\"twitter:data2\" content=\"3 minutos\" \/>\n<script type=\"application\/ld+json\" class=\"yoast-schema-graph\">{\"@context\":\"https:\/\/schema.org\",\"@graph\":[{\"@type\":\"NewsArticle\",\"@id\":\"https:\/\/www.estrategiaconcursos.com.br\/blog\/concurso-sme-rj-convocacao\/#article\",\"isPartOf\":{\"@id\":\"https:\/\/www.estrategiaconcursos.com.br\/blog\/concurso-sme-rj-convocacao\/\"},\"author\":{\"name\":\"Guilherme Abarno\",\"@id\":\"https:\/\/www.estrategiaconcursos.com.br\/blog\/#\/schema\/person\/79c1a7623a9ced8b38fc7591e63a0322\"},\"headline\":\"Concurso SME RJ: publicada convoca\u00e7\u00e3o de 750 agentes educadores\",\"datePublished\":\"2022-02-23T17:53:49+00:00\",\"dateModified\":\"2022-02-23T19:30:59+00:00\",\"mainEntityOfPage\":{\"@id\":\"https:\/\/www.estrategiaconcursos.com.br\/blog\/concurso-sme-rj-convocacao\/\"},\"wordCount\":429,\"commentCount\":0,\"publisher\":{\"@id\":\"https:\/\/www.estrategiaconcursos.com.br\/blog\/#organization\"},\"image\":{\"@id\":\"https:\/\/www.estrategiaconcursos.com.br\/blog\/concurso-sme-rj-convocacao\/#primaryimage\"},\"thumbnailUrl\":\"https:\/\/dhg1h5j42swfq.cloudfront.net\/2021\/08\/04150420\/sme-rio.png\",\"keywords\":[\"concurso SME RJ\",\"SME RJ\"],\"articleSection\":[\"Educa\u00e7\u00e3o\"],\"inLanguage\":\"pt-BR\",\"potentialAction\":[{\"@type\":\"CommentAction\",\"name\":\"Comment\",\"target\":[\"https:\/\/www.estrategiaconcursos.com.br\/blog\/concurso-sme-rj-convocacao\/#respond\"]}],\"copyrightYear\":\"2022\",\"copyrightHolder\":{\"@id\":\"https:\/\/www.estrategiaconcursos.com.br\/blog\/#organization\"}},{\"@type\":\"WebPage\",\"@id\":\"https:\/\/www.estrategiaconcursos.com.br\/blog\/concurso-sme-rj-convocacao\/\",\"url\":\"https:\/\/www.estrategiaconcursos.com.br\/blog\/concurso-sme-rj-convocacao\/\",\"name\":\"Concurso SME RJ: publicada convoca\u00e7\u00e3o de 750 agentes educadores\",\"isPartOf\":{\"@id\":\"https:\/\/www.estrategiaconcursos.com.br\/blog\/#website\"},\"primaryImageOfPage\":{\"@id\":\"https:\/\/www.estrategiaconcursos.com.br\/blog\/concurso-sme-rj-convocacao\/#primaryimage\"},\"image\":{\"@id\":\"https:\/\/www.estrategiaconcursos.com.br\/blog\/concurso-sme-rj-convocacao\/#primaryimage\"},\"thumbnailUrl\":\"https:\/\/dhg1h5j42swfq.cloudfront.net\/2021\/08\/04150420\/sme-rio.png\",\"datePublished\":\"2022-02-23T17:53:49+00:00\",\"dateModified\":\"2022-02-23T19:30:59+00:00\",\"description\":\"A Secretaria Municipal de Educa\u00e7\u00e3o do Rio de Janeiro divulgou a convoca\u00e7\u00e3o de 750 agentes educadores aprovados no \u00faltimo concurso SME Rio.\",\"breadcrumb\":{\"@id\":\"https:\/\/www.estrategiaconcursos.com.br\/blog\/concurso-sme-rj-convocacao\/#breadcrumb\"},\"inLanguage\":\"pt-BR\",\"potentialAction\":[{\"@type\":\"ReadAction\",\"target\":[\"https:\/\/www.estrategiaconcursos.com.br\/blog\/concurso-sme-rj-convocacao\/\"]}]},{\"@type\":\"ImageObject\",\"inLanguage\":\"pt-BR\",\"@id\":\"https:\/\/www.estrategiaconcursos.com.br\/blog\/concurso-sme-rj-convocacao\/#primaryimage\",\"url\":\"https:\/\/dhg1h5j42swfq.cloudfront.net\/2021\/08\/04150420\/sme-rio.png\",\"contentUrl\":\"https:\/\/dhg1h5j42swfq.cloudfront.net\/2021\/08\/04150420\/sme-rio.png\",\"width\":225,\"height\":225,\"caption\":\"sme rj\"},{\"@type\":\"BreadcrumbList\",\"@id\":\"https:\/\/www.estrategiaconcursos.com.br\/blog\/concurso-sme-rj-convocacao\/#breadcrumb\",\"itemListElement\":[{\"@type\":\"ListItem\",\"position\":1,\"name\":\"In\u00edcio\",\"item\":\"https:\/\/www.estrategiaconcursos.com.br\/blog\/\"},{\"@type\":\"ListItem\",\"position\":2,\"name\":\"Concurso SME RJ: publicada convoca\u00e7\u00e3o de 750 agentes educadores\"}]},{\"@type\":\"WebSite\",\"@id\":\"https:\/\/www.estrategiaconcursos.com.br\/blog\/#website\",\"url\":\"https:\/\/www.estrategiaconcursos.com.br\/blog\/\",\"name\":\"Estrat\u00e9gia Concursos\",\"description\":\"O blog da Estrat\u00e9gia Concursos traz not\u00edcias sobre concursos e artigos de professores oferecendo cursos para concursos (pdf + videaulas) no site.\",\"publisher\":{\"@id\":\"https:\/\/www.estrategiaconcursos.com.br\/blog\/#organization\"},\"potentialAction\":[{\"@type\":\"SearchAction\",\"target\":{\"@type\":\"EntryPoint\",\"urlTemplate\":\"https:\/\/www.estrategiaconcursos.com.br\/blog\/?s={search_term_string}\"},\"query-input\":{\"@type\":\"PropertyValueSpecification\",\"valueRequired\":true,\"valueName\":\"search_term_string\"}}],\"inLanguage\":\"pt-BR\"},{\"@type\":\"Organization\",\"@id\":\"https:\/\/www.estrategiaconcursos.com.br\/blog\/#organization\",\"name\":\"Estrat\u00e9gia Concursos\",\"url\":\"https:\/\/www.estrategiaconcursos.com.br\/blog\/\",\"logo\":{\"@type\":\"ImageObject\",\"inLanguage\":\"pt-BR\",\"@id\":\"https:\/\/www.estrategiaconcursos.com.br\/blog\/#\/schema\/logo\/image\/\",\"url\":\"https:\/\/dhg1h5j42swfq.cloudfront.net\/2025\/06\/03203428\/logo_concursos-1.jpg\",\"contentUrl\":\"https:\/\/dhg1h5j42swfq.cloudfront.net\/2025\/06\/03203428\/logo_concursos-1.jpg\",\"width\":230,\"height\":60,\"caption\":\"Estrat\u00e9gia Concursos\"},\"image\":{\"@id\":\"https:\/\/www.estrategiaconcursos.com.br\/blog\/#\/schema\/logo\/image\/\"},\"sameAs\":[\"https:\/\/x.com\/EstratConcursos\"]},{\"@type\":\"Person\",\"@id\":\"https:\/\/www.estrategiaconcursos.com.br\/blog\/#\/schema\/person\/79c1a7623a9ced8b38fc7591e63a0322\",\"name\":\"Guilherme Abarno\",\"image\":{\"@type\":\"ImageObject\",\"inLanguage\":\"pt-BR\",\"@id\":\"https:\/\/secure.gravatar.com\/avatar\/a71cada404ac977e405a8f3fcb3f203ef33a8ad5c6b3f18f32b6d899a2032f89?s=96&d=mm&r=g\",\"url\":\"https:\/\/secure.gravatar.com\/avatar\/a71cada404ac977e405a8f3fcb3f203ef33a8ad5c6b3f18f32b6d899a2032f89?s=96&d=mm&r=g\",\"contentUrl\":\"https:\/\/secure.gravatar.com\/avatar\/a71cada404ac977e405a8f3fcb3f203ef33a8ad5c6b3f18f32b6d899a2032f89?s=96&d=mm&r=g\",\"caption\":\"Guilherme Abarno\"},\"url\":\"https:\/\/www.estrategiaconcursos.com.br\/blog\/author\/guilherme-abarnoestrategia-com\/\"}]}<\/script>\n<!-- \/ Yoast SEO Premium plugin. -->","yoast_head_json":{"title":"Concurso SME RJ: publicada convoca\u00e7\u00e3o de 750 agentes educadores","description":"A Secretaria Municipal de Educa\u00e7\u00e3o do Rio de Janeiro divulgou a convoca\u00e7\u00e3o de 750 agentes educadores aprovados no \u00faltimo concurso SME Rio.","robots":{"index":"index","follow":"follow","max-snippet":"max-snippet:-1","max-image-preview":"max-image-preview:large","max-video-preview":"max-video-preview:-1"},"canonical":"https:\/\/www.estrategiaconcursos.com.br\/blog\/concurso-sme-rj-convocacao\/","og_locale":"pt_BR","og_type":"article","og_title":"Concurso SME RJ: publicada convoca\u00e7\u00e3o de 750 agentes educadores","og_description":"A Secretaria Municipal de Educa\u00e7\u00e3o do Rio de Janeiro divulgou a convoca\u00e7\u00e3o de 750 agentes educadores aprovados no \u00faltimo concurso SME Rio.","og_url":"https:\/\/www.estrategiaconcursos.com.br\/blog\/concurso-sme-rj-convocacao\/","og_site_name":"Estrat\u00e9gia Concursos","article_published_time":"2022-02-23T17:53:49+00:00","article_modified_time":"2022-02-23T19:30:59+00:00","og_image":[{"width":225,"height":225,"url":"https:\/\/dhg1h5j42swfq.cloudfront.net\/2021\/08\/04150420\/sme-rio.png","type":"image\/png"}],"author":"Guilherme Abarno","twitter_card":"summary_large_image","twitter_creator":"@EstratConcursos","twitter_site":"@EstratConcursos","twitter_misc":{"Escrito por":"Guilherme Abarno","Est. tempo de leitura":"3 minutos"},"schema":{"@context":"https:\/\/schema.org","@graph":[{"@type":"NewsArticle","@id":"https:\/\/www.estrategiaconcursos.com.br\/blog\/concurso-sme-rj-convocacao\/#article","isPartOf":{"@id":"https:\/\/www.estrategiaconcursos.com.br\/blog\/concurso-sme-rj-convocacao\/"},"author":{"name":"Guilherme Abarno","@id":"https:\/\/www.estrategiaconcursos.com.br\/blog\/#\/schema\/person\/79c1a7623a9ced8b38fc7591e63a0322"},"headline":"Concurso SME RJ: publicada convoca\u00e7\u00e3o de 750 agentes educadores","datePublished":"2022-02-23T17:53:49+00:00","dateModified":"2022-02-23T19:30:59+00:00","mainEntityOfPage":{"@id":"https:\/\/www.estrategiaconcursos.com.br\/blog\/concurso-sme-rj-convocacao\/"},"wordCount":429,"commentCount":0,"publisher":{"@id":"https:\/\/www.estrategiaconcursos.com.br\/blog\/#organization"},"image":{"@id":"https:\/\/www.estrategiaconcursos.com.br\/blog\/concurso-sme-rj-convocacao\/#primaryimage"},"thumbnailUrl":"https:\/\/dhg1h5j42swfq.cloudfront.net\/2021\/08\/04150420\/sme-rio.png","keywords":["concurso SME RJ","SME RJ"],"articleSection":["Educa\u00e7\u00e3o"],"inLanguage":"pt-BR","potentialAction":[{"@type":"CommentAction","name":"Comment","target":["https:\/\/www.estrategiaconcursos.com.br\/blog\/concurso-sme-rj-convocacao\/#respond"]}],"copyrightYear":"2022","copyrightHolder":{"@id":"https:\/\/www.estrategiaconcursos.com.br\/blog\/#organization"}},{"@type":"WebPage","@id":"https:\/\/www.estrategiaconcursos.com.br\/blog\/concurso-sme-rj-convocacao\/","url":"https:\/\/www.estrategiaconcursos.com.br\/blog\/concurso-sme-rj-convocacao\/","name":"Concurso SME RJ: publicada convoca\u00e7\u00e3o de 750 agentes educadores","isPartOf":{"@id":"https:\/\/www.estrategiaconcursos.com.br\/blog\/#website"},"primaryImageOfPage":{"@id":"https:\/\/www.estrategiaconcursos.com.br\/blog\/concurso-sme-rj-convocacao\/#primaryimage"},"image":{"@id":"https:\/\/www.estrategiaconcursos.com.br\/blog\/concurso-sme-rj-convocacao\/#primaryimage"},"thumbnailUrl":"https:\/\/dhg1h5j42swfq.cloudfront.net\/2021\/08\/04150420\/sme-rio.png","datePublished":"2022-02-23T17:53:49+00:00","dateModified":"2022-02-23T19:30:59+00:00","description":"A Secretaria Municipal de Educa\u00e7\u00e3o do Rio de Janeiro divulgou a convoca\u00e7\u00e3o de 750 agentes educadores aprovados no \u00faltimo concurso SME Rio.","breadcrumb":{"@id":"https:\/\/www.estrategiaconcursos.com.br\/blog\/concurso-sme-rj-convocacao\/#breadcrumb"},"inLanguage":"pt-BR","potentialAction":[{"@type":"ReadAction","target":["https:\/\/www.estrategiaconcursos.com.br\/blog\/concurso-sme-rj-convocacao\/"]}]},{"@type":"ImageObject","inLanguage":"pt-BR","@id":"https:\/\/www.estrategiaconcursos.com.br\/blog\/concurso-sme-rj-convocacao\/#primaryimage","url":"https:\/\/dhg1h5j42swfq.cloudfront.net\/2021\/08\/04150420\/sme-rio.png","contentUrl":"https:\/\/dhg1h5j42swfq.cloudfront.net\/2021\/08\/04150420\/sme-rio.png","width":225,"height":225,"caption":"sme rj"},{"@type":"BreadcrumbList","@id":"https:\/\/www.estrategiaconcursos.com.br\/blog\/concurso-sme-rj-convocacao\/#breadcrumb","itemListElement":[{"@type":"ListItem","position":1,"name":"In\u00edcio","item":"https:\/\/www.estrategiaconcursos.com.br\/blog\/"},{"@type":"ListItem","position":2,"name":"Concurso SME RJ: publicada convoca\u00e7\u00e3o de 750 agentes educadores"}]},{"@type":"WebSite","@id":"https:\/\/www.estrategiaconcursos.com.br\/blog\/#website","url":"https:\/\/www.estrategiaconcursos.com.br\/blog\/","name":"Estrat\u00e9gia Concursos","description":"O blog da Estrat\u00e9gia Concursos traz not\u00edcias sobre concursos e artigos de professores oferecendo cursos para concursos (pdf + videaulas) no site.","publisher":{"@id":"https:\/\/www.estrategiaconcursos.com.br\/blog\/#organization"},"potentialAction":[{"@type":"SearchAction","target":{"@type":"EntryPoint","urlTemplate":"https:\/\/www.estrategiaconcursos.com.br\/blog\/?s={search_term_string}"},"query-input":{"@type":"PropertyValueSpecification","valueRequired":true,"valueName":"search_term_string"}}],"inLanguage":"pt-BR"},{"@type":"Organization","@id":"https:\/\/www.estrategiaconcursos.com.br\/blog\/#organization","name":"Estrat\u00e9gia Concursos","url":"https:\/\/www.estrategiaconcursos.com.br\/blog\/","logo":{"@type":"ImageObject","inLanguage":"pt-BR","@id":"https:\/\/www.estrategiaconcursos.com.br\/blog\/#\/schema\/logo\/image\/","url":"https:\/\/dhg1h5j42swfq.cloudfront.net\/2025\/06\/03203428\/logo_concursos-1.jpg","contentUrl":"https:\/\/dhg1h5j42swfq.cloudfront.net\/2025\/06\/03203428\/logo_concursos-1.jpg","width":230,"height":60,"caption":"Estrat\u00e9gia Concursos"},"image":{"@id":"https:\/\/www.estrategiaconcursos.com.br\/blog\/#\/schema\/logo\/image\/"},"sameAs":["https:\/\/x.com\/EstratConcursos"]},{"@type":"Person","@id":"https:\/\/www.estrategiaconcursos.com.br\/blog\/#\/schema\/person\/79c1a7623a9ced8b38fc7591e63a0322","name":"Guilherme Abarno","image":{"@type":"ImageObject","inLanguage":"pt-BR","@id":"https:\/\/secure.gravatar.com\/avatar\/a71cada404ac977e405a8f3fcb3f203ef33a8ad5c6b3f18f32b6d899a2032f89?s=96&d=mm&r=g","url":"https:\/\/secure.gravatar.com\/avatar\/a71cada404ac977e405a8f3fcb3f203ef33a8ad5c6b3f18f32b6d899a2032f89?s=96&d=mm&r=g","contentUrl":"https:\/\/secure.gravatar.com\/avatar\/a71cada404ac977e405a8f3fcb3f203ef33a8ad5c6b3f18f32b6d899a2032f89?s=96&d=mm&r=g","caption":"Guilherme Abarno"},"url":"https:\/\/www.estrategiaconcursos.com.br\/blog\/author\/guilherme-abarnoestrategia-com\/"}]}},"_links":{"self":[{"href":"https:\/\/www.estrategiaconcursos.com.br\/blog\/wp-json\/wp\/v2\/posts\/976204","targetHints":{"allow":["GET"]}}],"collection":[{"href":"https:\/\/www.estrategiaconcursos.com.br\/blog\/wp-json\/wp\/v2\/posts"}],"about":[{"href":"https:\/\/www.estrategiaconcursos.com.br\/blog\/wp-json\/wp\/v2\/types\/post"}],"author":[{"embeddable":true,"href":"https:\/\/www.estrategiaconcursos.com.br\/blog\/wp-json\/wp\/v2\/users\/2374"}],"replies":[{"embeddable":true,"href":"https:\/\/www.estrategiaconcursos.com.br\/blog\/wp-json\/wp\/v2\/comments?post=976204"}],"version-history":[{"count":4,"href":"https:\/\/www.estrategiaconcursos.com.br\/blog\/wp-json\/wp\/v2\/posts\/976204\/revisions"}],"predecessor-version":[{"id":976327,"href":"https:\/\/www.estrategiaconcursos.com.br\/blog\/wp-json\/wp\/v2\/posts\/976204\/revisions\/976327"}],"wp:featuredmedia":[{"embeddable":true,"href":"https:\/\/www.estrategiaconcursos.com.br\/blog\/wp-json\/wp\/v2\/media\/828816"}],"wp:attachment":[{"href":"https:\/\/www.estrategiaconcursos.com.br\/blog\/wp-json\/wp\/v2\/media?parent=976204"}],"wp:term":[{"taxonomy":"category","embeddable":true,"href":"https:\/\/www.estrategiaconcursos.com.br\/blog\/wp-json\/wp\/v2\/categories?post=976204"},{"taxonomy":"post_tag","embeddable":true,"href":"https:\/\/www.estrategiaconcursos.com.br\/blog\/wp-json\/wp\/v2\/tags?post=976204"},{"taxonomy":"tax_estado","embeddable":true,"href":"https:\/\/www.estrategiaconcursos.com.br\/blog\/wp-json\/wp\/v2\/tax_estado?post=976204"}],"curies":[{"name":"wp","href":"https:\/\/api.w.org\/{rel}","templated":true}]}}