{"id":976198,"date":"2022-02-23T16:55:00","date_gmt":"2022-02-23T19:55:00","guid":{"rendered":"https:\/\/www.estrategiaconcursos.com.br\/blog\/?p=976198"},"modified":"2022-10-21T17:57:00","modified_gmt":"2022-10-21T20:57:00","slug":"concurso-semace-edital","status":"publish","type":"post","link":"https:\/\/www.estrategiaconcursos.com.br\/blog\/concurso-semace-edital\/","title":{"rendered":"Concurso SEMACE: edital ter\u00e1 31 vagas para Gestor e Fiscal"},"content":{"rendered":"\n<p>A <strong>Superintend\u00eancia Estadual do Meio Ambiente \u2013<\/strong>&nbsp;<strong>SEMACE<\/strong> realizou, na \u00faltima ter\u00e7a-feira (22), uma live para falar das atualiza\u00e7\u00f5es a respeito do edital do seu concurso p\u00fablico.<\/p>\n\n\n\n<p>De acordo com as informa\u00e7\u00f5es divulgadas, o concurso ser\u00e1 para provimento de<strong> 31 vagas nos cargos de Gestor Ambiental e Fiscal Ambiental<\/strong>, com possibilidade de oferecer, tamb\u00e9m, vagas em Cadastro Reserva.<\/p>\n\n\n\n<p>No entanto, s\u00f3 poder\u00e3o concorrer \u00e0s vagas do edital do concurso <a href=\"https:\/\/www.semace.ce.gov.br\/\" target=\"_blank\" rel=\"noreferrer noopener\">SEMACE<\/a>, os candidatos com as seguintes forma\u00e7\u00f5es:<\/p>\n\n\n\n<p>Engenharia Florestal, Engenharia Agron\u00f4mica, Geologia, Arquitetura, Engenharia Civil, Engenharia Ambiental, Engenharia Sanit\u00e1ria, Tecnologia em Saneamento ou Gest\u00e3o Ambiental, Biologia, Engenharia de Pesca, Qu\u00edmica, Geografia, Qu\u00edmica Industrial ou Tecnologia em Processos Qu\u00edmicos.<\/p>\n\n\n\n<p>Demais especialidades al\u00e9m das mencionadas acima n\u00e3o ser\u00e3o ofertadas, pois n\u00e3o h\u00e1 previs\u00e3o em Lei. Os aprovados ser\u00e3o lotados nas regionais de&nbsp;<strong>Sobral\/CE<\/strong>&nbsp;e&nbsp;<strong>Crato\/CE<\/strong>.<\/p>\n\n\n\n<p>Os inscritos no concurso ser\u00e3o avaliados por meio de duas importantes etapas, sendo a primeira de prova objetiva e escrita, enquanto que a segunda etapa ser\u00e1 de <strong>avalia\u00e7\u00e3o de t\u00edtulos<\/strong>.<\/p>\n\n\n\n<p>Ficou interessado nas informa\u00e7\u00f5es dispon\u00edveis at\u00e9 aqui? Quer saber mais acerca do edital do concurso SEMACE? \u00c9 f\u00e1cil, acesse o link abaixo e veja o artigo exclusivo que preparamos para voc\u00ea:<\/p>\n\n\n\n<p class=\"has-text-align-center has-cyan-bluish-gray-background-color has-background\" style=\"font-size:clamp(14.642px, 0.915rem + ((1vw - 3.2px) * 0.721), 22px);\"><strong>Saiba mais: <a href=\"https:\/\/www.estrategiaconcursos.com.br\/blog\/concurso-semace\/\" target=\"_blank\" rel=\"noreferrer noopener\">Concurso SEMACE<\/a><\/strong><\/p>\n\n\n\n<h2 class=\"has-text-align-center wp-block-heading\" id=\"cursos-assinatura\"><strong><em>Quer estudar para o concurso SEMACE?<\/em><\/strong><\/h2>\n\n\n\n<div class=\"container\" id=\"boxes\">\n  <div class=\"row\">\n\n    <div class=\"col-sm\">\n      <div class=\"banner-estrategia\" id=\"box-assinatura\">\n        <h3 class=\"titulo-assinatura\">Concurso SEMACE<\/h3>\n        <p class=\"subtitulo-assinatura\">Estude conosco<\/p>\n        <div class=\"box-botao\">\n          <a class=\"btn-assinatura\" target=\"_blank\" href=\"https:\/\/www.estrategiaconcursos.com.br\/cursosPorConcurso\/superintendencia-estadual-do-meio-ambiente-semace\/\" role=\"button\" rel=\"noopener noreferrer\">Conhe\u00e7a os cursos<\/a>\n        <\/div>\n      <\/div>\n    \n    <\/div>\n\n  <\/div>\n<\/div>\n\n\n\n<div class=\"container\" id=\"boxes\">\n  <div class=\"row\">\n\n    <div class=\"col-sm\">\n      <div class=\"estrategia\" id=\"box-assinatura\">\n        <h3 class=\"titulo-assinatura\"> Concursos P\u00fablicos\n        <p class=\"subtitulo-assinatura\">Assinatura de 1 ano ou 2 anos<\/p>\n        <div class=\"box-botao\">\n          <a class=\"btn-assinatura\" target=\"_blank\" href=\"https:\/\/www.estrategiaconcursos.com.br\/assinaturas\/\" role=\"button\" rel=\"noopener noreferrer\">ASSINE AGORA<\/a>\n        <\/div>\n      <\/h3><\/div><\/div><\/div><\/div>\n\n\n\n<h2 class=\"has-text-align-center wp-block-heading\" id=\"quer-saber-tudo-sobre-concursos-previstos-confira-nossos-artigos\">Quer saber tudo sobre concursos previstos?<br \/>Confira nossos artigos!<\/h2>\n\n\n\n<ul class=\"wp-block-list\"><li><a href=\"https:\/\/www.estrategiaconcursos.com.br\/blog\/concursos-abertos\/\" target=\"_blank\" rel=\"noreferrer noopener\">Concursos abertos<\/a><\/li><li><a href=\"https:\/\/www.estrategiaconcursos.com.br\/blog\/concursos-2022\/\" target=\"_blank\" rel=\"noreferrer noopener\">Concursos 2022<\/a><\/li><\/ul>\n","protected":false},"excerpt":{"rendered":"<p>A Superintend\u00eancia Estadual do Meio Ambiente \u2013&nbsp;SEMACE realizou, na \u00faltima ter\u00e7a-feira (22), uma live para falar das atualiza\u00e7\u00f5es a respeito do edital do seu concurso p\u00fablico. De acordo com as informa\u00e7\u00f5es divulgadas, o concurso ser\u00e1 para provimento de 31 vagas nos cargos de Gestor Ambiental e Fiscal Ambiental, com possibilidade de oferecer, tamb\u00e9m, vagas em [&hellip;]<\/p>\n","protected":false},"author":656,"featured_media":703469,"comment_status":"open","ping_status":"closed","sticky":false,"template":"","format":"standard","meta":{"post_tipo":"news","footnotes":""},"categories":[214992,220219],"tags":[],"tax_estado":[219963],"class_list":["post-976198","post","type-post","status-publish","format-standard","has-post-thumbnail","hentry","category-concursos-administrativos","category-noticias","tax_estado-concursos-federais"],"acf":[],"yoast_head":"<!-- This site is optimized with the Yoast SEO Premium plugin v27.2 (Yoast SEO v27.2) - https:\/\/yoast.com\/product\/yoast-seo-premium-wordpress\/ -->\n<title>Concurso SEMACE: edital ter\u00e1 31 vagas para Gestor e Fiscal<\/title>\n<meta name=\"description\" content=\"Concurso SEMACE: edital ser\u00e1 para provimento de 31 vagas nos cargos de Gestor e Fiscal. Confira mais informa\u00e7\u00f5es aqui!\" \/>\n<meta name=\"robots\" content=\"index, follow, max-snippet:-1, max-image-preview:large, max-video-preview:-1\" \/>\n<link rel=\"canonical\" href=\"https:\/\/www.estrategiaconcursos.com.br\/blog\/concurso-semace-edital\/\" \/>\n<meta property=\"og:locale\" content=\"pt_BR\" \/>\n<meta property=\"og:type\" content=\"article\" \/>\n<meta property=\"og:title\" content=\"Concurso SEMACE: edital ter\u00e1 31 vagas para Gestor e Fiscal\" \/>\n<meta property=\"og:description\" content=\"Concurso SEMACE: edital ser\u00e1 para provimento de 31 vagas nos cargos de Gestor e Fiscal. Confira mais informa\u00e7\u00f5es aqui!\" \/>\n<meta property=\"og:url\" content=\"https:\/\/www.estrategiaconcursos.com.br\/blog\/concurso-semace-edital\/\" \/>\n<meta property=\"og:site_name\" content=\"Estrat\u00e9gia Concursos\" \/>\n<meta property=\"article:published_time\" content=\"2022-02-23T19:55:00+00:00\" \/>\n<meta property=\"article:modified_time\" content=\"2022-10-21T20:57:00+00:00\" \/>\n<meta property=\"og:image\" content=\"https:\/\/dhg1h5j42swfq.cloudfront.net\/2021\/03\/29143931\/19.jpg\" \/>\n\t<meta property=\"og:image:width\" content=\"1200\" \/>\n\t<meta property=\"og:image:height\" content=\"628\" \/>\n\t<meta property=\"og:image:type\" content=\"image\/jpeg\" \/>\n<meta name=\"author\" content=\"F\u00e1bio Scaldelai\" \/>\n<meta name=\"twitter:card\" content=\"summary_large_image\" \/>\n<meta name=\"twitter:creator\" content=\"@EstratConcursos\" \/>\n<meta name=\"twitter:site\" content=\"@EstratConcursos\" \/>\n<meta name=\"twitter:label1\" content=\"Escrito por\" \/>\n\t<meta name=\"twitter:data1\" content=\"F\u00e1bio Scaldelai\" \/>\n\t<meta name=\"twitter:label2\" content=\"Est. tempo de leitura\" \/>\n\t<meta name=\"twitter:data2\" content=\"2 minutos\" \/>\n<script type=\"application\/ld+json\" class=\"yoast-schema-graph\">{\"@context\":\"https:\/\/schema.org\",\"@graph\":[{\"@type\":\"NewsArticle\",\"@id\":\"https:\/\/www.estrategiaconcursos.com.br\/blog\/concurso-semace-edital\/#article\",\"isPartOf\":{\"@id\":\"https:\/\/www.estrategiaconcursos.com.br\/blog\/concurso-semace-edital\/\"},\"author\":{\"name\":\"F\u00e1bio Scaldelai\",\"@id\":\"https:\/\/www.estrategiaconcursos.com.br\/blog\/#\/schema\/person\/e3b6b7ce0192dd4ad270655969d61750\"},\"headline\":\"Concurso SEMACE: edital ter\u00e1 31 vagas para Gestor e Fiscal\",\"datePublished\":\"2022-02-23T19:55:00+00:00\",\"dateModified\":\"2022-10-21T20:57:00+00:00\",\"mainEntityOfPage\":{\"@id\":\"https:\/\/www.estrategiaconcursos.com.br\/blog\/concurso-semace-edital\/\"},\"wordCount\":270,\"commentCount\":0,\"publisher\":{\"@id\":\"https:\/\/www.estrategiaconcursos.com.br\/blog\/#organization\"},\"image\":{\"@id\":\"https:\/\/www.estrategiaconcursos.com.br\/blog\/concurso-semace-edital\/#primaryimage\"},\"thumbnailUrl\":\"https:\/\/dhg1h5j42swfq.cloudfront.net\/2021\/03\/29143931\/19.jpg\",\"articleSection\":[\"Executivo (Administrativa)\",\"\u00daltimas not\u00edcias\"],\"inLanguage\":\"pt-BR\",\"potentialAction\":[{\"@type\":\"CommentAction\",\"name\":\"Comment\",\"target\":[\"https:\/\/www.estrategiaconcursos.com.br\/blog\/concurso-semace-edital\/#respond\"]}],\"copyrightYear\":\"2022\",\"copyrightHolder\":{\"@id\":\"https:\/\/www.estrategiaconcursos.com.br\/blog\/#organization\"}},{\"@type\":\"WebPage\",\"@id\":\"https:\/\/www.estrategiaconcursos.com.br\/blog\/concurso-semace-edital\/\",\"url\":\"https:\/\/www.estrategiaconcursos.com.br\/blog\/concurso-semace-edital\/\",\"name\":\"Concurso SEMACE: edital ter\u00e1 31 vagas para Gestor e Fiscal\",\"isPartOf\":{\"@id\":\"https:\/\/www.estrategiaconcursos.com.br\/blog\/#website\"},\"primaryImageOfPage\":{\"@id\":\"https:\/\/www.estrategiaconcursos.com.br\/blog\/concurso-semace-edital\/#primaryimage\"},\"image\":{\"@id\":\"https:\/\/www.estrategiaconcursos.com.br\/blog\/concurso-semace-edital\/#primaryimage\"},\"thumbnailUrl\":\"https:\/\/dhg1h5j42swfq.cloudfront.net\/2021\/03\/29143931\/19.jpg\",\"datePublished\":\"2022-02-23T19:55:00+00:00\",\"dateModified\":\"2022-10-21T20:57:00+00:00\",\"description\":\"Concurso SEMACE: edital ser\u00e1 para provimento de 31 vagas nos cargos de Gestor e Fiscal. Confira mais informa\u00e7\u00f5es aqui!\",\"breadcrumb\":{\"@id\":\"https:\/\/www.estrategiaconcursos.com.br\/blog\/concurso-semace-edital\/#breadcrumb\"},\"inLanguage\":\"pt-BR\",\"potentialAction\":[{\"@type\":\"ReadAction\",\"target\":[\"https:\/\/www.estrategiaconcursos.com.br\/blog\/concurso-semace-edital\/\"]}]},{\"@type\":\"ImageObject\",\"inLanguage\":\"pt-BR\",\"@id\":\"https:\/\/www.estrategiaconcursos.com.br\/blog\/concurso-semace-edital\/#primaryimage\",\"url\":\"https:\/\/dhg1h5j42swfq.cloudfront.net\/2021\/03\/29143931\/19.jpg\",\"contentUrl\":\"https:\/\/dhg1h5j42swfq.cloudfront.net\/2021\/03\/29143931\/19.jpg\",\"width\":1200,\"height\":628,\"caption\":\"concurso Semace revis\u00e3o de v\u00e9spera\"},{\"@type\":\"BreadcrumbList\",\"@id\":\"https:\/\/www.estrategiaconcursos.com.br\/blog\/concurso-semace-edital\/#breadcrumb\",\"itemListElement\":[{\"@type\":\"ListItem\",\"position\":1,\"name\":\"In\u00edcio\",\"item\":\"https:\/\/www.estrategiaconcursos.com.br\/blog\/\"},{\"@type\":\"ListItem\",\"position\":2,\"name\":\"Concurso SEMACE: edital ter\u00e1 31 vagas para Gestor e Fiscal\"}]},{\"@type\":\"WebSite\",\"@id\":\"https:\/\/www.estrategiaconcursos.com.br\/blog\/#website\",\"url\":\"https:\/\/www.estrategiaconcursos.com.br\/blog\/\",\"name\":\"Estrat\u00e9gia Concursos\",\"description\":\"O blog da Estrat\u00e9gia Concursos traz not\u00edcias sobre concursos e artigos de professores oferecendo cursos para concursos (pdf + videaulas) no site.\",\"publisher\":{\"@id\":\"https:\/\/www.estrategiaconcursos.com.br\/blog\/#organization\"},\"potentialAction\":[{\"@type\":\"SearchAction\",\"target\":{\"@type\":\"EntryPoint\",\"urlTemplate\":\"https:\/\/www.estrategiaconcursos.com.br\/blog\/?s={search_term_string}\"},\"query-input\":{\"@type\":\"PropertyValueSpecification\",\"valueRequired\":true,\"valueName\":\"search_term_string\"}}],\"inLanguage\":\"pt-BR\"},{\"@type\":\"Organization\",\"@id\":\"https:\/\/www.estrategiaconcursos.com.br\/blog\/#organization\",\"name\":\"Estrat\u00e9gia Concursos\",\"url\":\"https:\/\/www.estrategiaconcursos.com.br\/blog\/\",\"logo\":{\"@type\":\"ImageObject\",\"inLanguage\":\"pt-BR\",\"@id\":\"https:\/\/www.estrategiaconcursos.com.br\/blog\/#\/schema\/logo\/image\/\",\"url\":\"https:\/\/dhg1h5j42swfq.cloudfront.net\/2025\/06\/03203428\/logo_concursos-1.jpg\",\"contentUrl\":\"https:\/\/dhg1h5j42swfq.cloudfront.net\/2025\/06\/03203428\/logo_concursos-1.jpg\",\"width\":230,\"height\":60,\"caption\":\"Estrat\u00e9gia Concursos\"},\"image\":{\"@id\":\"https:\/\/www.estrategiaconcursos.com.br\/blog\/#\/schema\/logo\/image\/\"},\"sameAs\":[\"https:\/\/x.com\/EstratConcursos\"]},{\"@type\":\"Person\",\"@id\":\"https:\/\/www.estrategiaconcursos.com.br\/blog\/#\/schema\/person\/e3b6b7ce0192dd4ad270655969d61750\",\"name\":\"F\u00e1bio Scaldelai\",\"image\":{\"@type\":\"ImageObject\",\"inLanguage\":\"pt-BR\",\"@id\":\"https:\/\/secure.gravatar.com\/avatar\/8ed7492c4d88d8495bc0cb24cda6847b8ae23eec459a919e08e77d0ca0fd79ec?s=96&d=mm&r=g\",\"url\":\"https:\/\/secure.gravatar.com\/avatar\/8ed7492c4d88d8495bc0cb24cda6847b8ae23eec459a919e08e77d0ca0fd79ec?s=96&d=mm&r=g\",\"contentUrl\":\"https:\/\/secure.gravatar.com\/avatar\/8ed7492c4d88d8495bc0cb24cda6847b8ae23eec459a919e08e77d0ca0fd79ec?s=96&d=mm&r=g\",\"caption\":\"F\u00e1bio Scaldelai\"},\"description\":\"Jornalista no Estrat\u00e9gia Concursos e Produtor de Televis\u00e3o, formado em Jornalismo, R\u00e1dio e TV pela Faculdade Integrada Rio Branco, com especializa\u00e7\u00f5es em Gest\u00e3o Empresarial e Marketing pelo M\u00f3dulo. Atuou como produtor no SBT, TV Bandeirantes e R\u00e1dio Band FM, al\u00e9m de acumular tr\u00eas anos de experi\u00eancia no setor de concursos p\u00fablicos pela LFG (Luiz Fl\u00e1vio Gomes). No Estrat\u00e9gia Concursos, atua na apura\u00e7\u00e3o de not\u00edcias da \u00e1rea fiscal, al\u00e9m de coberturas sobre concursos das \u00e1reas de controle (TCU, TCE, etc), concurso AFT, \u00e1rea de gest\u00e3o e administrativa, bem como dos \u00f3rg\u00e3os participantes do CNU. Tamb\u00e9m possui experi\u00eancia em link building e an\u00e1lise de m\u00eddia, adquirida durante sua atua\u00e7\u00e3o na ag\u00eancia SEO Marketing.\",\"url\":\"https:\/\/www.estrategiaconcursos.com.br\/blog\/author\/fabio-scaldelaiestrategiaconcursos-com-br\/\"}]}<\/script>\n<!-- \/ Yoast SEO Premium plugin. -->","yoast_head_json":{"title":"Concurso SEMACE: edital ter\u00e1 31 vagas para Gestor e Fiscal","description":"Concurso SEMACE: edital ser\u00e1 para provimento de 31 vagas nos cargos de Gestor e Fiscal. Confira mais informa\u00e7\u00f5es aqui!","robots":{"index":"index","follow":"follow","max-snippet":"max-snippet:-1","max-image-preview":"max-image-preview:large","max-video-preview":"max-video-preview:-1"},"canonical":"https:\/\/www.estrategiaconcursos.com.br\/blog\/concurso-semace-edital\/","og_locale":"pt_BR","og_type":"article","og_title":"Concurso SEMACE: edital ter\u00e1 31 vagas para Gestor e Fiscal","og_description":"Concurso SEMACE: edital ser\u00e1 para provimento de 31 vagas nos cargos de Gestor e Fiscal. Confira mais informa\u00e7\u00f5es aqui!","og_url":"https:\/\/www.estrategiaconcursos.com.br\/blog\/concurso-semace-edital\/","og_site_name":"Estrat\u00e9gia Concursos","article_published_time":"2022-02-23T19:55:00+00:00","article_modified_time":"2022-10-21T20:57:00+00:00","og_image":[{"width":1200,"height":628,"url":"https:\/\/dhg1h5j42swfq.cloudfront.net\/2021\/03\/29143931\/19.jpg","type":"image\/jpeg"}],"author":"F\u00e1bio Scaldelai","twitter_card":"summary_large_image","twitter_creator":"@EstratConcursos","twitter_site":"@EstratConcursos","twitter_misc":{"Escrito por":"F\u00e1bio Scaldelai","Est. tempo de leitura":"2 minutos"},"schema":{"@context":"https:\/\/schema.org","@graph":[{"@type":"NewsArticle","@id":"https:\/\/www.estrategiaconcursos.com.br\/blog\/concurso-semace-edital\/#article","isPartOf":{"@id":"https:\/\/www.estrategiaconcursos.com.br\/blog\/concurso-semace-edital\/"},"author":{"name":"F\u00e1bio Scaldelai","@id":"https:\/\/www.estrategiaconcursos.com.br\/blog\/#\/schema\/person\/e3b6b7ce0192dd4ad270655969d61750"},"headline":"Concurso SEMACE: edital ter\u00e1 31 vagas para Gestor e Fiscal","datePublished":"2022-02-23T19:55:00+00:00","dateModified":"2022-10-21T20:57:00+00:00","mainEntityOfPage":{"@id":"https:\/\/www.estrategiaconcursos.com.br\/blog\/concurso-semace-edital\/"},"wordCount":270,"commentCount":0,"publisher":{"@id":"https:\/\/www.estrategiaconcursos.com.br\/blog\/#organization"},"image":{"@id":"https:\/\/www.estrategiaconcursos.com.br\/blog\/concurso-semace-edital\/#primaryimage"},"thumbnailUrl":"https:\/\/dhg1h5j42swfq.cloudfront.net\/2021\/03\/29143931\/19.jpg","articleSection":["Executivo (Administrativa)","\u00daltimas not\u00edcias"],"inLanguage":"pt-BR","potentialAction":[{"@type":"CommentAction","name":"Comment","target":["https:\/\/www.estrategiaconcursos.com.br\/blog\/concurso-semace-edital\/#respond"]}],"copyrightYear":"2022","copyrightHolder":{"@id":"https:\/\/www.estrategiaconcursos.com.br\/blog\/#organization"}},{"@type":"WebPage","@id":"https:\/\/www.estrategiaconcursos.com.br\/blog\/concurso-semace-edital\/","url":"https:\/\/www.estrategiaconcursos.com.br\/blog\/concurso-semace-edital\/","name":"Concurso SEMACE: edital ter\u00e1 31 vagas para Gestor e Fiscal","isPartOf":{"@id":"https:\/\/www.estrategiaconcursos.com.br\/blog\/#website"},"primaryImageOfPage":{"@id":"https:\/\/www.estrategiaconcursos.com.br\/blog\/concurso-semace-edital\/#primaryimage"},"image":{"@id":"https:\/\/www.estrategiaconcursos.com.br\/blog\/concurso-semace-edital\/#primaryimage"},"thumbnailUrl":"https:\/\/dhg1h5j42swfq.cloudfront.net\/2021\/03\/29143931\/19.jpg","datePublished":"2022-02-23T19:55:00+00:00","dateModified":"2022-10-21T20:57:00+00:00","description":"Concurso SEMACE: edital ser\u00e1 para provimento de 31 vagas nos cargos de Gestor e Fiscal. Confira mais informa\u00e7\u00f5es aqui!","breadcrumb":{"@id":"https:\/\/www.estrategiaconcursos.com.br\/blog\/concurso-semace-edital\/#breadcrumb"},"inLanguage":"pt-BR","potentialAction":[{"@type":"ReadAction","target":["https:\/\/www.estrategiaconcursos.com.br\/blog\/concurso-semace-edital\/"]}]},{"@type":"ImageObject","inLanguage":"pt-BR","@id":"https:\/\/www.estrategiaconcursos.com.br\/blog\/concurso-semace-edital\/#primaryimage","url":"https:\/\/dhg1h5j42swfq.cloudfront.net\/2021\/03\/29143931\/19.jpg","contentUrl":"https:\/\/dhg1h5j42swfq.cloudfront.net\/2021\/03\/29143931\/19.jpg","width":1200,"height":628,"caption":"concurso Semace revis\u00e3o de v\u00e9spera"},{"@type":"BreadcrumbList","@id":"https:\/\/www.estrategiaconcursos.com.br\/blog\/concurso-semace-edital\/#breadcrumb","itemListElement":[{"@type":"ListItem","position":1,"name":"In\u00edcio","item":"https:\/\/www.estrategiaconcursos.com.br\/blog\/"},{"@type":"ListItem","position":2,"name":"Concurso SEMACE: edital ter\u00e1 31 vagas para Gestor e Fiscal"}]},{"@type":"WebSite","@id":"https:\/\/www.estrategiaconcursos.com.br\/blog\/#website","url":"https:\/\/www.estrategiaconcursos.com.br\/blog\/","name":"Estrat\u00e9gia Concursos","description":"O blog da Estrat\u00e9gia Concursos traz not\u00edcias sobre concursos e artigos de professores oferecendo cursos para concursos (pdf + videaulas) no site.","publisher":{"@id":"https:\/\/www.estrategiaconcursos.com.br\/blog\/#organization"},"potentialAction":[{"@type":"SearchAction","target":{"@type":"EntryPoint","urlTemplate":"https:\/\/www.estrategiaconcursos.com.br\/blog\/?s={search_term_string}"},"query-input":{"@type":"PropertyValueSpecification","valueRequired":true,"valueName":"search_term_string"}}],"inLanguage":"pt-BR"},{"@type":"Organization","@id":"https:\/\/www.estrategiaconcursos.com.br\/blog\/#organization","name":"Estrat\u00e9gia Concursos","url":"https:\/\/www.estrategiaconcursos.com.br\/blog\/","logo":{"@type":"ImageObject","inLanguage":"pt-BR","@id":"https:\/\/www.estrategiaconcursos.com.br\/blog\/#\/schema\/logo\/image\/","url":"https:\/\/dhg1h5j42swfq.cloudfront.net\/2025\/06\/03203428\/logo_concursos-1.jpg","contentUrl":"https:\/\/dhg1h5j42swfq.cloudfront.net\/2025\/06\/03203428\/logo_concursos-1.jpg","width":230,"height":60,"caption":"Estrat\u00e9gia Concursos"},"image":{"@id":"https:\/\/www.estrategiaconcursos.com.br\/blog\/#\/schema\/logo\/image\/"},"sameAs":["https:\/\/x.com\/EstratConcursos"]},{"@type":"Person","@id":"https:\/\/www.estrategiaconcursos.com.br\/blog\/#\/schema\/person\/e3b6b7ce0192dd4ad270655969d61750","name":"F\u00e1bio Scaldelai","image":{"@type":"ImageObject","inLanguage":"pt-BR","@id":"https:\/\/secure.gravatar.com\/avatar\/8ed7492c4d88d8495bc0cb24cda6847b8ae23eec459a919e08e77d0ca0fd79ec?s=96&d=mm&r=g","url":"https:\/\/secure.gravatar.com\/avatar\/8ed7492c4d88d8495bc0cb24cda6847b8ae23eec459a919e08e77d0ca0fd79ec?s=96&d=mm&r=g","contentUrl":"https:\/\/secure.gravatar.com\/avatar\/8ed7492c4d88d8495bc0cb24cda6847b8ae23eec459a919e08e77d0ca0fd79ec?s=96&d=mm&r=g","caption":"F\u00e1bio Scaldelai"},"description":"Jornalista no Estrat\u00e9gia Concursos e Produtor de Televis\u00e3o, formado em Jornalismo, R\u00e1dio e TV pela Faculdade Integrada Rio Branco, com especializa\u00e7\u00f5es em Gest\u00e3o Empresarial e Marketing pelo M\u00f3dulo. Atuou como produtor no SBT, TV Bandeirantes e R\u00e1dio Band FM, al\u00e9m de acumular tr\u00eas anos de experi\u00eancia no setor de concursos p\u00fablicos pela LFG (Luiz Fl\u00e1vio Gomes). No Estrat\u00e9gia Concursos, atua na apura\u00e7\u00e3o de not\u00edcias da \u00e1rea fiscal, al\u00e9m de coberturas sobre concursos das \u00e1reas de controle (TCU, TCE, etc), concurso AFT, \u00e1rea de gest\u00e3o e administrativa, bem como dos \u00f3rg\u00e3os participantes do CNU. Tamb\u00e9m possui experi\u00eancia em link building e an\u00e1lise de m\u00eddia, adquirida durante sua atua\u00e7\u00e3o na ag\u00eancia SEO Marketing.","url":"https:\/\/www.estrategiaconcursos.com.br\/blog\/author\/fabio-scaldelaiestrategiaconcursos-com-br\/"}]}},"_links":{"self":[{"href":"https:\/\/www.estrategiaconcursos.com.br\/blog\/wp-json\/wp\/v2\/posts\/976198","targetHints":{"allow":["GET"]}}],"collection":[{"href":"https:\/\/www.estrategiaconcursos.com.br\/blog\/wp-json\/wp\/v2\/posts"}],"about":[{"href":"https:\/\/www.estrategiaconcursos.com.br\/blog\/wp-json\/wp\/v2\/types\/post"}],"author":[{"embeddable":true,"href":"https:\/\/www.estrategiaconcursos.com.br\/blog\/wp-json\/wp\/v2\/users\/656"}],"replies":[{"embeddable":true,"href":"https:\/\/www.estrategiaconcursos.com.br\/blog\/wp-json\/wp\/v2\/comments?post=976198"}],"version-history":[{"count":7,"href":"https:\/\/www.estrategiaconcursos.com.br\/blog\/wp-json\/wp\/v2\/posts\/976198\/revisions"}],"predecessor-version":[{"id":1114152,"href":"https:\/\/www.estrategiaconcursos.com.br\/blog\/wp-json\/wp\/v2\/posts\/976198\/revisions\/1114152"}],"wp:featuredmedia":[{"embeddable":true,"href":"https:\/\/www.estrategiaconcursos.com.br\/blog\/wp-json\/wp\/v2\/media\/703469"}],"wp:attachment":[{"href":"https:\/\/www.estrategiaconcursos.com.br\/blog\/wp-json\/wp\/v2\/media?parent=976198"}],"wp:term":[{"taxonomy":"category","embeddable":true,"href":"https:\/\/www.estrategiaconcursos.com.br\/blog\/wp-json\/wp\/v2\/categories?post=976198"},{"taxonomy":"post_tag","embeddable":true,"href":"https:\/\/www.estrategiaconcursos.com.br\/blog\/wp-json\/wp\/v2\/tags?post=976198"},{"taxonomy":"tax_estado","embeddable":true,"href":"https:\/\/www.estrategiaconcursos.com.br\/blog\/wp-json\/wp\/v2\/tax_estado?post=976198"}],"curies":[{"name":"wp","href":"https:\/\/api.w.org\/{rel}","templated":true}]}}