{"id":976130,"date":"2022-02-23T13:06:11","date_gmt":"2022-02-23T16:06:11","guid":{"rendered":"https:\/\/www.estrategiaconcursos.com.br\/blog\/?p=976130"},"modified":"2022-03-24T15:09:55","modified_gmt":"2022-03-24T18:09:55","slug":"concurso-stj-edital-antes-das-eleicoes","status":"publish","type":"post","link":"https:\/\/www.estrategiaconcursos.com.br\/blog\/concurso-stj-edital-antes-das-eleicoes\/","title":{"rendered":"Concurso STJ: comiss\u00e3o avalia se edital sair\u00e1 antes do per\u00edodo eleitoral"},"content":{"rendered":"\n<p>Com comiss\u00e3o organizadora formada, o edital do concurso do <a href=\"https:\/\/www.estrategiaconcursos.com.br\/cursosPorConcurso\/stj-superior-tribunal-de-justica\/\" target=\"_blank\" rel=\"noreferrer noopener\"><strong>Superior Tribunal de Justi\u00e7a<\/strong><\/a> (<strong>concurso STJ<\/strong>) teve os estudos iniciados.<\/p>\n\n\n\n<p>Em contato com um dos membros da <strong>comiss\u00e3o<\/strong> designada, a equipe de jornalismo do Estrat\u00e9gia Concursos foi informada a possibilidade do <strong>edital STJ<\/strong> ser publicado antes do <strong>per\u00edodo eleitoral<\/strong> \u00e9 uma das pautas avaliadas pela comiss\u00e3o, mas &#8220;ainda n\u00e3o h\u00e1 nada definido quanto a isso&#8221;. <\/p>\n\n\n\n<p>O questionamento foi levantado em raz\u00e3o do artigo 73 da Lei 9.504\/1997, em que \u00e9 vedada, a partir dos tr\u00eas meses que antecedem o pleito eleitoral, a realiza\u00e7\u00e3o de nomea\u00e7\u00f5es, contrata\u00e7\u00f5es ou admiss\u00f5es por agentes p\u00fablicos. <\/p>\n\n\n\n<p>Essa veda\u00e7\u00e3o dura at\u00e9 o dia da posse, em 1 de janeiro do ano seguinte ao resultado das elei\u00e7\u00f5es. <\/p>\n\n\n\n<p>Al\u00e9m disso, a fonte contatada informou que, pelos estudos ainda estarem em fases iniciais, n\u00e3o h\u00e1 defini\u00e7\u00e3o quanto aos <strong>cargos e vagas<\/strong> do edital. <\/p>\n\n\n\n<p>Tal informa\u00e7\u00e3o tamb\u00e9m foi confirmada pela assessoria de imprensa do \u00f3rg\u00e3o, nesta quarta-feira (23\/2). Veja:<\/p>\n\n\n\n<div class=\"wp-block-image\"><figure class=\"aligncenter size-large\"><img loading=\"lazy\" decoding=\"async\" width=\"1024\" height=\"96\" src=\"https:\/\/dhg1h5j42swfq.cloudfront.net\/2022\/02\/23125319\/captura-de-tela-2022-02-23-as-12-52-53-1024x96.png\" alt=\"Concurso STJ - estudos\" class=\"wp-image-976138\" srcset=\"https:\/\/dhg1h5j42swfq.cloudfront.net\/2022\/02\/23125319\/captura-de-tela-2022-02-23-as-12-52-53-1024x96.png 1024w, https:\/\/dhg1h5j42swfq.cloudfront.net\/2022\/02\/23125319\/captura-de-tela-2022-02-23-as-12-52-53-300x28.png 300w, https:\/\/dhg1h5j42swfq.cloudfront.net\/2022\/02\/23125319\/captura-de-tela-2022-02-23-as-12-52-53-768x72.png 768w, https:\/\/dhg1h5j42swfq.cloudfront.net\/2022\/02\/23125319\/captura-de-tela-2022-02-23-as-12-52-53-1536x144.png 1536w, https:\/\/dhg1h5j42swfq.cloudfront.net\/2022\/02\/23125319\/captura-de-tela-2022-02-23-as-12-52-53-2048x192.png 2048w, https:\/\/dhg1h5j42swfq.cloudfront.net\/2022\/02\/23125319\/captura-de-tela-2022-02-23-as-12-52-53-610x57.png 610w\" sizes=\"auto, (max-width: 1024px) 100vw, 1024px\" \/><figcaption>Concurso STJ &#8211; estudos<\/figcaption><\/figure><\/div>\n\n\n\n<p>Apesar da indefini\u00e7\u00e3o, a&nbsp;Lei Or\u00e7ament\u00e1ria Anual (<a href=\"https:\/\/www.gov.br\/economia\/pt-br\/assuntos\/planejamento-e-orcamento\/orcamento\/orcamentos-anuais\/2022\" target=\"_blank\" rel=\"noreferrer noopener\">LOA<\/a>) Federal 2022 prev\u00ea o provimento de&nbsp;<strong>57 vagas&nbsp;<\/strong>dentro do \u00f3rg\u00e3o.<\/p>\n\n\n\n<p>No \u00faltimo edital, publicado em 2018, foram ofertadas no total 5 vagas imediatas mais cadastro de reserva.<\/p>\n\n\n\n<p>A remunera\u00e7\u00e3o para o cargo de Analista \u2013 \u00e1reas Judici\u00e1ria, Administrativa e demais especialidades foram de&nbsp;<strong>R$ 11.007,00<\/strong>, somado aos aux\u00edlios-alimenta\u00e7\u00e3o e sa\u00fade, poderiam chegar a R$ 11.921,00.&nbsp;<\/p>\n\n\n\n<p>Os candidatos que possuem filhos tem acesso ao aux\u00edlio-natalidade de R$ 700,00.<\/p>\n\n\n\n<p>J\u00e1 para o cargo de T\u00e9cnico Judici\u00e1rio a remunera\u00e7\u00e3o foi de R$ 6.709,00, somados aux\u00edlios-alimenta\u00e7\u00e3o e sa\u00fade, chega a R$ 7.893,00.&nbsp;<\/p>\n\n\n\n<p class=\"has-text-align-center has-white-color has-pale-cyan-blue-background-color has-text-color has-background has-medium-font-size\"><a href=\"https:\/\/www.estrategiaconcursos.com.br\/blog\/concurso-stj\/\" target=\"_blank\" rel=\"noreferrer noopener\"><strong>Saiba mais: concurso STJ<\/strong><\/a><\/p>\n\n\n\n\n\n<h2 class=\"has-text-align-center wp-block-heading\" id=\"cursos\">Quer estudar para o concurso STJ?<\/h2>\n\n\n\n<p class=\"has-text-align-center\"><span style=\"font-size: 14pt; color: #000000;\"><em><strong>Confira os cursos que o Estrat\u00e9gia Concursos preparou para refor\u00e7ar seus estudos.<\/strong><\/em><\/span><\/p>\n\n\n\n<div class=\"col-sm\">\n      <div class=\"banner-estrategia\" id=\"box-assinatura\">\n        <h3 class=\"titulo-assinatura\">Cursos para STJ<\/h3>\n        <p class=\"subtitulo-assinatura\">Conhe\u00e7a os cursos<\/p>\n        <div class=\"box-botao\">\n          <a class=\"btn-assinatura\" target=\"_blank\" href=\"https:\/\/www.estrategiaconcursos.com.br\/cursosPorConcurso\/stj-superior-tribunal-de-justica\/\" role=\"button\" rel=\"noopener noreferrer\">Conhe\u00e7a mais<\/a>\n        <\/div>\n      <\/div>\n      <p class=\"texto-auxiliar\"><\/p>\n    <\/div>\n\n\n","protected":false},"excerpt":{"rendered":"<p>Com comiss\u00e3o organizadora formada, o edital do concurso do Superior Tribunal de Justi\u00e7a (concurso STJ) teve os estudos iniciados. Em contato com um dos membros da comiss\u00e3o designada, a equipe de jornalismo do Estrat\u00e9gia Concursos foi informada a possibilidade do edital STJ ser publicado antes do per\u00edodo eleitoral \u00e9 uma das pautas avaliadas pela comiss\u00e3o, [&hellip;]<\/p>\n","protected":false},"author":2319,"featured_media":963782,"comment_status":"open","ping_status":"closed","sticky":false,"template":"","format":"standard","meta":{"post_tipo":"news","footnotes":""},"categories":[1984],"tags":[869,220536,818],"tax_estado":[219963],"class_list":["post-976130","post","type-post","status-publish","format-standard","has-post-thumbnail","hentry","category-tribunais","tag-concurso-stj","tag-edital-stj","tag-stj","tax_estado-concursos-federais"],"acf":[],"yoast_head":"<!-- This site is optimized with the Yoast SEO Premium plugin v27.2 (Yoast SEO v27.2) - https:\/\/yoast.com\/product\/yoast-seo-premium-wordpress\/ -->\n<title>Concurso STJ: comiss\u00e3o avalia se edital sair\u00e1 antes do per\u00edodo eleitoral<\/title>\n<meta name=\"description\" content=\"O concurso STJ tem comiss\u00e3o organizadora formada para novo edital de servidores. Veja se o edital pode sair antes do per\u00edodo eleitoral..\" \/>\n<meta name=\"robots\" content=\"index, follow, max-snippet:-1, max-image-preview:large, max-video-preview:-1\" \/>\n<link rel=\"canonical\" href=\"https:\/\/www.estrategiaconcursos.com.br\/blog\/concurso-stj-edital-antes-das-eleicoes\/\" \/>\n<meta property=\"og:locale\" content=\"pt_BR\" \/>\n<meta property=\"og:type\" content=\"article\" \/>\n<meta property=\"og:title\" content=\"Concurso STJ: comiss\u00e3o avalia se edital sair\u00e1 antes do per\u00edodo eleitoral\" \/>\n<meta property=\"og:description\" content=\"O concurso STJ tem comiss\u00e3o organizadora formada para novo edital de servidores. Veja se o edital pode sair antes do per\u00edodo eleitoral..\" \/>\n<meta property=\"og:url\" content=\"https:\/\/www.estrategiaconcursos.com.br\/blog\/concurso-stj-edital-antes-das-eleicoes\/\" \/>\n<meta property=\"og:site_name\" content=\"Estrat\u00e9gia Concursos\" \/>\n<meta property=\"article:published_time\" content=\"2022-02-23T16:06:11+00:00\" \/>\n<meta property=\"article:modified_time\" content=\"2022-03-24T18:09:55+00:00\" \/>\n<meta property=\"og:image\" content=\"https:\/\/dhg1h5j42swfq.cloudfront.net\/2022\/02\/07175532\/foto-stj-4.jpg\" \/>\n\t<meta property=\"og:image:width\" content=\"275\" \/>\n\t<meta property=\"og:image:height\" content=\"183\" \/>\n\t<meta property=\"og:image:type\" content=\"image\/jpeg\" \/>\n<meta name=\"author\" content=\"Let\u00edcia Teixeira\" \/>\n<meta name=\"twitter:card\" content=\"summary_large_image\" \/>\n<meta name=\"twitter:creator\" content=\"@EstratConcursos\" \/>\n<meta name=\"twitter:site\" content=\"@EstratConcursos\" \/>\n<meta name=\"twitter:label1\" content=\"Escrito por\" \/>\n\t<meta name=\"twitter:data1\" content=\"Let\u00edcia Teixeira\" \/>\n\t<meta name=\"twitter:label2\" content=\"Est. tempo de leitura\" \/>\n\t<meta name=\"twitter:data2\" content=\"2 minutos\" \/>\n<script type=\"application\/ld+json\" class=\"yoast-schema-graph\">{\"@context\":\"https:\/\/schema.org\",\"@graph\":[{\"@type\":\"NewsArticle\",\"@id\":\"https:\/\/www.estrategiaconcursos.com.br\/blog\/concurso-stj-edital-antes-das-eleicoes\/#article\",\"isPartOf\":{\"@id\":\"https:\/\/www.estrategiaconcursos.com.br\/blog\/concurso-stj-edital-antes-das-eleicoes\/\"},\"author\":{\"name\":\"Let\u00edcia Teixeira\",\"@id\":\"https:\/\/www.estrategiaconcursos.com.br\/blog\/#\/schema\/person\/9b94727dcf4410f4a7931c83966c843b\"},\"headline\":\"Concurso STJ: comiss\u00e3o avalia se edital sair\u00e1 antes do per\u00edodo eleitoral\",\"datePublished\":\"2022-02-23T16:06:11+00:00\",\"dateModified\":\"2022-03-24T18:09:55+00:00\",\"mainEntityOfPage\":{\"@id\":\"https:\/\/www.estrategiaconcursos.com.br\/blog\/concurso-stj-edital-antes-das-eleicoes\/\"},\"wordCount\":334,\"commentCount\":0,\"publisher\":{\"@id\":\"https:\/\/www.estrategiaconcursos.com.br\/blog\/#organization\"},\"image\":{\"@id\":\"https:\/\/www.estrategiaconcursos.com.br\/blog\/concurso-stj-edital-antes-das-eleicoes\/#primaryimage\"},\"thumbnailUrl\":\"https:\/\/dhg1h5j42swfq.cloudfront.net\/2022\/02\/07175532\/foto-stj-4.jpg\",\"keywords\":[\"concurso stj\",\"edital STJ\",\"STJ\"],\"articleSection\":[\"Tribunais\"],\"inLanguage\":\"pt-BR\",\"potentialAction\":[{\"@type\":\"CommentAction\",\"name\":\"Comment\",\"target\":[\"https:\/\/www.estrategiaconcursos.com.br\/blog\/concurso-stj-edital-antes-das-eleicoes\/#respond\"]}],\"copyrightYear\":\"2022\",\"copyrightHolder\":{\"@id\":\"https:\/\/www.estrategiaconcursos.com.br\/blog\/#organization\"}},{\"@type\":\"WebPage\",\"@id\":\"https:\/\/www.estrategiaconcursos.com.br\/blog\/concurso-stj-edital-antes-das-eleicoes\/\",\"url\":\"https:\/\/www.estrategiaconcursos.com.br\/blog\/concurso-stj-edital-antes-das-eleicoes\/\",\"name\":\"Concurso STJ: comiss\u00e3o avalia se edital sair\u00e1 antes do per\u00edodo eleitoral\",\"isPartOf\":{\"@id\":\"https:\/\/www.estrategiaconcursos.com.br\/blog\/#website\"},\"primaryImageOfPage\":{\"@id\":\"https:\/\/www.estrategiaconcursos.com.br\/blog\/concurso-stj-edital-antes-das-eleicoes\/#primaryimage\"},\"image\":{\"@id\":\"https:\/\/www.estrategiaconcursos.com.br\/blog\/concurso-stj-edital-antes-das-eleicoes\/#primaryimage\"},\"thumbnailUrl\":\"https:\/\/dhg1h5j42swfq.cloudfront.net\/2022\/02\/07175532\/foto-stj-4.jpg\",\"datePublished\":\"2022-02-23T16:06:11+00:00\",\"dateModified\":\"2022-03-24T18:09:55+00:00\",\"description\":\"O concurso STJ tem comiss\u00e3o organizadora formada para novo edital de servidores. Veja se o edital pode sair antes do per\u00edodo eleitoral..\",\"breadcrumb\":{\"@id\":\"https:\/\/www.estrategiaconcursos.com.br\/blog\/concurso-stj-edital-antes-das-eleicoes\/#breadcrumb\"},\"inLanguage\":\"pt-BR\",\"potentialAction\":[{\"@type\":\"ReadAction\",\"target\":[\"https:\/\/www.estrategiaconcursos.com.br\/blog\/concurso-stj-edital-antes-das-eleicoes\/\"]}]},{\"@type\":\"ImageObject\",\"inLanguage\":\"pt-BR\",\"@id\":\"https:\/\/www.estrategiaconcursos.com.br\/blog\/concurso-stj-edital-antes-das-eleicoes\/#primaryimage\",\"url\":\"https:\/\/dhg1h5j42swfq.cloudfront.net\/2022\/02\/07175532\/foto-stj-4.jpg\",\"contentUrl\":\"https:\/\/dhg1h5j42swfq.cloudfront.net\/2022\/02\/07175532\/foto-stj-4.jpg\",\"width\":275,\"height\":183,\"caption\":\"Recursos Repetitivos\"},{\"@type\":\"BreadcrumbList\",\"@id\":\"https:\/\/www.estrategiaconcursos.com.br\/blog\/concurso-stj-edital-antes-das-eleicoes\/#breadcrumb\",\"itemListElement\":[{\"@type\":\"ListItem\",\"position\":1,\"name\":\"In\u00edcio\",\"item\":\"https:\/\/www.estrategiaconcursos.com.br\/blog\/\"},{\"@type\":\"ListItem\",\"position\":2,\"name\":\"Concurso STJ: comiss\u00e3o avalia se edital sair\u00e1 antes do per\u00edodo eleitoral\"}]},{\"@type\":\"WebSite\",\"@id\":\"https:\/\/www.estrategiaconcursos.com.br\/blog\/#website\",\"url\":\"https:\/\/www.estrategiaconcursos.com.br\/blog\/\",\"name\":\"Estrat\u00e9gia Concursos\",\"description\":\"O blog da Estrat\u00e9gia Concursos traz not\u00edcias sobre concursos e artigos de professores oferecendo cursos para concursos (pdf + videaulas) no site.\",\"publisher\":{\"@id\":\"https:\/\/www.estrategiaconcursos.com.br\/blog\/#organization\"},\"potentialAction\":[{\"@type\":\"SearchAction\",\"target\":{\"@type\":\"EntryPoint\",\"urlTemplate\":\"https:\/\/www.estrategiaconcursos.com.br\/blog\/?s={search_term_string}\"},\"query-input\":{\"@type\":\"PropertyValueSpecification\",\"valueRequired\":true,\"valueName\":\"search_term_string\"}}],\"inLanguage\":\"pt-BR\"},{\"@type\":\"Organization\",\"@id\":\"https:\/\/www.estrategiaconcursos.com.br\/blog\/#organization\",\"name\":\"Estrat\u00e9gia Concursos\",\"url\":\"https:\/\/www.estrategiaconcursos.com.br\/blog\/\",\"logo\":{\"@type\":\"ImageObject\",\"inLanguage\":\"pt-BR\",\"@id\":\"https:\/\/www.estrategiaconcursos.com.br\/blog\/#\/schema\/logo\/image\/\",\"url\":\"https:\/\/dhg1h5j42swfq.cloudfront.net\/2025\/06\/03203428\/logo_concursos-1.jpg\",\"contentUrl\":\"https:\/\/dhg1h5j42swfq.cloudfront.net\/2025\/06\/03203428\/logo_concursos-1.jpg\",\"width\":230,\"height\":60,\"caption\":\"Estrat\u00e9gia Concursos\"},\"image\":{\"@id\":\"https:\/\/www.estrategiaconcursos.com.br\/blog\/#\/schema\/logo\/image\/\"},\"sameAs\":[\"https:\/\/x.com\/EstratConcursos\"]},{\"@type\":\"Person\",\"@id\":\"https:\/\/www.estrategiaconcursos.com.br\/blog\/#\/schema\/person\/9b94727dcf4410f4a7931c83966c843b\",\"name\":\"Let\u00edcia Teixeira\",\"image\":{\"@type\":\"ImageObject\",\"inLanguage\":\"pt-BR\",\"@id\":\"https:\/\/secure.gravatar.com\/avatar\/fb589b06b881e20b676d08f9d03226d1e3291ba2f90e751ddc9ccb21abf0244d?s=96&d=mm&r=g\",\"url\":\"https:\/\/secure.gravatar.com\/avatar\/fb589b06b881e20b676d08f9d03226d1e3291ba2f90e751ddc9ccb21abf0244d?s=96&d=mm&r=g\",\"contentUrl\":\"https:\/\/secure.gravatar.com\/avatar\/fb589b06b881e20b676d08f9d03226d1e3291ba2f90e751ddc9ccb21abf0244d?s=96&d=mm&r=g\",\"caption\":\"Let\u00edcia Teixeira\"},\"description\":\"Jornalista com experi\u00eancia de mais de quatro anos no segmento de concursos p\u00fablicos. Especializada em Narrativa Transm\u00eddia e Storytelling pela Universidade Cat\u00f3lica de Bras\u00edlia, com atua\u00e7\u00e3o nas \u00e1reas de SEO, conte\u00fado, Webwriting e Copywriting.\",\"url\":\"https:\/\/www.estrategiaconcursos.com.br\/blog\/author\/leticia-teixeiraestrategia-com\/\"}]}<\/script>\n<!-- \/ Yoast SEO Premium plugin. -->","yoast_head_json":{"title":"Concurso STJ: comiss\u00e3o avalia se edital sair\u00e1 antes do per\u00edodo eleitoral","description":"O concurso STJ tem comiss\u00e3o organizadora formada para novo edital de servidores. Veja se o edital pode sair antes do per\u00edodo eleitoral..","robots":{"index":"index","follow":"follow","max-snippet":"max-snippet:-1","max-image-preview":"max-image-preview:large","max-video-preview":"max-video-preview:-1"},"canonical":"https:\/\/www.estrategiaconcursos.com.br\/blog\/concurso-stj-edital-antes-das-eleicoes\/","og_locale":"pt_BR","og_type":"article","og_title":"Concurso STJ: comiss\u00e3o avalia se edital sair\u00e1 antes do per\u00edodo eleitoral","og_description":"O concurso STJ tem comiss\u00e3o organizadora formada para novo edital de servidores. Veja se o edital pode sair antes do per\u00edodo eleitoral..","og_url":"https:\/\/www.estrategiaconcursos.com.br\/blog\/concurso-stj-edital-antes-das-eleicoes\/","og_site_name":"Estrat\u00e9gia Concursos","article_published_time":"2022-02-23T16:06:11+00:00","article_modified_time":"2022-03-24T18:09:55+00:00","og_image":[{"width":275,"height":183,"url":"https:\/\/dhg1h5j42swfq.cloudfront.net\/2022\/02\/07175532\/foto-stj-4.jpg","type":"image\/jpeg"}],"author":"Let\u00edcia Teixeira","twitter_card":"summary_large_image","twitter_creator":"@EstratConcursos","twitter_site":"@EstratConcursos","twitter_misc":{"Escrito por":"Let\u00edcia Teixeira","Est. tempo de leitura":"2 minutos"},"schema":{"@context":"https:\/\/schema.org","@graph":[{"@type":"NewsArticle","@id":"https:\/\/www.estrategiaconcursos.com.br\/blog\/concurso-stj-edital-antes-das-eleicoes\/#article","isPartOf":{"@id":"https:\/\/www.estrategiaconcursos.com.br\/blog\/concurso-stj-edital-antes-das-eleicoes\/"},"author":{"name":"Let\u00edcia Teixeira","@id":"https:\/\/www.estrategiaconcursos.com.br\/blog\/#\/schema\/person\/9b94727dcf4410f4a7931c83966c843b"},"headline":"Concurso STJ: comiss\u00e3o avalia se edital sair\u00e1 antes do per\u00edodo eleitoral","datePublished":"2022-02-23T16:06:11+00:00","dateModified":"2022-03-24T18:09:55+00:00","mainEntityOfPage":{"@id":"https:\/\/www.estrategiaconcursos.com.br\/blog\/concurso-stj-edital-antes-das-eleicoes\/"},"wordCount":334,"commentCount":0,"publisher":{"@id":"https:\/\/www.estrategiaconcursos.com.br\/blog\/#organization"},"image":{"@id":"https:\/\/www.estrategiaconcursos.com.br\/blog\/concurso-stj-edital-antes-das-eleicoes\/#primaryimage"},"thumbnailUrl":"https:\/\/dhg1h5j42swfq.cloudfront.net\/2022\/02\/07175532\/foto-stj-4.jpg","keywords":["concurso stj","edital STJ","STJ"],"articleSection":["Tribunais"],"inLanguage":"pt-BR","potentialAction":[{"@type":"CommentAction","name":"Comment","target":["https:\/\/www.estrategiaconcursos.com.br\/blog\/concurso-stj-edital-antes-das-eleicoes\/#respond"]}],"copyrightYear":"2022","copyrightHolder":{"@id":"https:\/\/www.estrategiaconcursos.com.br\/blog\/#organization"}},{"@type":"WebPage","@id":"https:\/\/www.estrategiaconcursos.com.br\/blog\/concurso-stj-edital-antes-das-eleicoes\/","url":"https:\/\/www.estrategiaconcursos.com.br\/blog\/concurso-stj-edital-antes-das-eleicoes\/","name":"Concurso STJ: comiss\u00e3o avalia se edital sair\u00e1 antes do per\u00edodo eleitoral","isPartOf":{"@id":"https:\/\/www.estrategiaconcursos.com.br\/blog\/#website"},"primaryImageOfPage":{"@id":"https:\/\/www.estrategiaconcursos.com.br\/blog\/concurso-stj-edital-antes-das-eleicoes\/#primaryimage"},"image":{"@id":"https:\/\/www.estrategiaconcursos.com.br\/blog\/concurso-stj-edital-antes-das-eleicoes\/#primaryimage"},"thumbnailUrl":"https:\/\/dhg1h5j42swfq.cloudfront.net\/2022\/02\/07175532\/foto-stj-4.jpg","datePublished":"2022-02-23T16:06:11+00:00","dateModified":"2022-03-24T18:09:55+00:00","description":"O concurso STJ tem comiss\u00e3o organizadora formada para novo edital de servidores. Veja se o edital pode sair antes do per\u00edodo eleitoral..","breadcrumb":{"@id":"https:\/\/www.estrategiaconcursos.com.br\/blog\/concurso-stj-edital-antes-das-eleicoes\/#breadcrumb"},"inLanguage":"pt-BR","potentialAction":[{"@type":"ReadAction","target":["https:\/\/www.estrategiaconcursos.com.br\/blog\/concurso-stj-edital-antes-das-eleicoes\/"]}]},{"@type":"ImageObject","inLanguage":"pt-BR","@id":"https:\/\/www.estrategiaconcursos.com.br\/blog\/concurso-stj-edital-antes-das-eleicoes\/#primaryimage","url":"https:\/\/dhg1h5j42swfq.cloudfront.net\/2022\/02\/07175532\/foto-stj-4.jpg","contentUrl":"https:\/\/dhg1h5j42swfq.cloudfront.net\/2022\/02\/07175532\/foto-stj-4.jpg","width":275,"height":183,"caption":"Recursos Repetitivos"},{"@type":"BreadcrumbList","@id":"https:\/\/www.estrategiaconcursos.com.br\/blog\/concurso-stj-edital-antes-das-eleicoes\/#breadcrumb","itemListElement":[{"@type":"ListItem","position":1,"name":"In\u00edcio","item":"https:\/\/www.estrategiaconcursos.com.br\/blog\/"},{"@type":"ListItem","position":2,"name":"Concurso STJ: comiss\u00e3o avalia se edital sair\u00e1 antes do per\u00edodo eleitoral"}]},{"@type":"WebSite","@id":"https:\/\/www.estrategiaconcursos.com.br\/blog\/#website","url":"https:\/\/www.estrategiaconcursos.com.br\/blog\/","name":"Estrat\u00e9gia Concursos","description":"O blog da Estrat\u00e9gia Concursos traz not\u00edcias sobre concursos e artigos de professores oferecendo cursos para concursos (pdf + videaulas) no site.","publisher":{"@id":"https:\/\/www.estrategiaconcursos.com.br\/blog\/#organization"},"potentialAction":[{"@type":"SearchAction","target":{"@type":"EntryPoint","urlTemplate":"https:\/\/www.estrategiaconcursos.com.br\/blog\/?s={search_term_string}"},"query-input":{"@type":"PropertyValueSpecification","valueRequired":true,"valueName":"search_term_string"}}],"inLanguage":"pt-BR"},{"@type":"Organization","@id":"https:\/\/www.estrategiaconcursos.com.br\/blog\/#organization","name":"Estrat\u00e9gia Concursos","url":"https:\/\/www.estrategiaconcursos.com.br\/blog\/","logo":{"@type":"ImageObject","inLanguage":"pt-BR","@id":"https:\/\/www.estrategiaconcursos.com.br\/blog\/#\/schema\/logo\/image\/","url":"https:\/\/dhg1h5j42swfq.cloudfront.net\/2025\/06\/03203428\/logo_concursos-1.jpg","contentUrl":"https:\/\/dhg1h5j42swfq.cloudfront.net\/2025\/06\/03203428\/logo_concursos-1.jpg","width":230,"height":60,"caption":"Estrat\u00e9gia Concursos"},"image":{"@id":"https:\/\/www.estrategiaconcursos.com.br\/blog\/#\/schema\/logo\/image\/"},"sameAs":["https:\/\/x.com\/EstratConcursos"]},{"@type":"Person","@id":"https:\/\/www.estrategiaconcursos.com.br\/blog\/#\/schema\/person\/9b94727dcf4410f4a7931c83966c843b","name":"Let\u00edcia Teixeira","image":{"@type":"ImageObject","inLanguage":"pt-BR","@id":"https:\/\/secure.gravatar.com\/avatar\/fb589b06b881e20b676d08f9d03226d1e3291ba2f90e751ddc9ccb21abf0244d?s=96&d=mm&r=g","url":"https:\/\/secure.gravatar.com\/avatar\/fb589b06b881e20b676d08f9d03226d1e3291ba2f90e751ddc9ccb21abf0244d?s=96&d=mm&r=g","contentUrl":"https:\/\/secure.gravatar.com\/avatar\/fb589b06b881e20b676d08f9d03226d1e3291ba2f90e751ddc9ccb21abf0244d?s=96&d=mm&r=g","caption":"Let\u00edcia Teixeira"},"description":"Jornalista com experi\u00eancia de mais de quatro anos no segmento de concursos p\u00fablicos. Especializada em Narrativa Transm\u00eddia e Storytelling pela Universidade Cat\u00f3lica de Bras\u00edlia, com atua\u00e7\u00e3o nas \u00e1reas de SEO, conte\u00fado, Webwriting e Copywriting.","url":"https:\/\/www.estrategiaconcursos.com.br\/blog\/author\/leticia-teixeiraestrategia-com\/"}]}},"_links":{"self":[{"href":"https:\/\/www.estrategiaconcursos.com.br\/blog\/wp-json\/wp\/v2\/posts\/976130","targetHints":{"allow":["GET"]}}],"collection":[{"href":"https:\/\/www.estrategiaconcursos.com.br\/blog\/wp-json\/wp\/v2\/posts"}],"about":[{"href":"https:\/\/www.estrategiaconcursos.com.br\/blog\/wp-json\/wp\/v2\/types\/post"}],"author":[{"embeddable":true,"href":"https:\/\/www.estrategiaconcursos.com.br\/blog\/wp-json\/wp\/v2\/users\/2319"}],"replies":[{"embeddable":true,"href":"https:\/\/www.estrategiaconcursos.com.br\/blog\/wp-json\/wp\/v2\/comments?post=976130"}],"version-history":[{"count":4,"href":"https:\/\/www.estrategiaconcursos.com.br\/blog\/wp-json\/wp\/v2\/posts\/976130\/revisions"}],"predecessor-version":[{"id":994175,"href":"https:\/\/www.estrategiaconcursos.com.br\/blog\/wp-json\/wp\/v2\/posts\/976130\/revisions\/994175"}],"wp:featuredmedia":[{"embeddable":true,"href":"https:\/\/www.estrategiaconcursos.com.br\/blog\/wp-json\/wp\/v2\/media\/963782"}],"wp:attachment":[{"href":"https:\/\/www.estrategiaconcursos.com.br\/blog\/wp-json\/wp\/v2\/media?parent=976130"}],"wp:term":[{"taxonomy":"category","embeddable":true,"href":"https:\/\/www.estrategiaconcursos.com.br\/blog\/wp-json\/wp\/v2\/categories?post=976130"},{"taxonomy":"post_tag","embeddable":true,"href":"https:\/\/www.estrategiaconcursos.com.br\/blog\/wp-json\/wp\/v2\/tags?post=976130"},{"taxonomy":"tax_estado","embeddable":true,"href":"https:\/\/www.estrategiaconcursos.com.br\/blog\/wp-json\/wp\/v2\/tax_estado?post=976130"}],"curies":[{"name":"wp","href":"https:\/\/api.w.org\/{rel}","templated":true}]}}