{"id":976054,"date":"2022-02-23T11:50:31","date_gmt":"2022-02-23T14:50:31","guid":{"rendered":"https:\/\/www.estrategiaconcursos.com.br\/blog\/?p=976054"},"modified":"2022-02-23T14:35:38","modified_gmt":"2022-02-23T17:35:38","slug":"concurso-ufrj-editais-em-marco-e-provas-em-maio","status":"publish","type":"post","link":"https:\/\/www.estrategiaconcursos.com.br\/blog\/concurso-ufrj-editais-em-marco-e-provas-em-maio\/","title":{"rendered":"Concurso UFRJ: pr\u00f3-reitor anuncia editais para mar\u00e7o e provas em maio"},"content":{"rendered":"\n<p>De acordo com o pr\u00f3-reitor de Pessoal da UFRJ, Alexandre Brasil, <strong>concurso UFRJ<\/strong> (<a href=\"https:\/\/www.estrategiaconcursos.com.br\/pesquisa\/?q=ufrj\" target=\"_blank\" rel=\"noreferrer noopener\">Universidade Federal do Rio de Janeiro<\/a>) deve ter editais publicados na primeira quinzena do m\u00eas de mar\u00e7o.<\/p>\n\n\n\n<p>Os documentos, ainda de acordo com o representante,\u00a0est\u00e3o previstos para serem publicados no dia 11 de mar\u00e7o, com prazo de inscri\u00e7\u00f5es at\u00e9 abril, no site da PR4 &#8211; concursos.pr4.ufrj.br &#8211; organizadora. <\/p>\n\n\n\n<p>As taxas de inscri\u00e7\u00e3o devem variar entre R$100 e R$150. O martelo ainda n\u00e3o foi batido quanto ao cronograma e os valores, seguem em discuss\u00e3o.<\/p>\n\n\n\n<p>Ser\u00e3o dois editais, 193 vagas, ao todo, distribu\u00eddos da seguinte forma:<\/p>\n\n\n\n<ul class=\"wp-block-list\"><li><strong>102 vagas de n\u00edvel m\u00e9dio<\/strong>, distribu\u00eddas em 15 op\u00e7\u00f5es de \u00e1rea de atua\u00e7\u00e3o e regi\u00f5es. <\/li><li><strong>91 vagas para n\u00edvel superior<\/strong>, sendo 6 reservadas a pessoas com defici\u00eancia e 18 reservadas a pessoas negras, distribu\u00eddas em 57 op\u00e7\u00f5es de \u00e1rea de atua\u00e7\u00e3o e regi\u00f5es.<\/li><\/ul>\n\n\n\n<p>A UFRJ trabalha para divulgar editais separados, desta forma, at\u00e9 tr\u00eas documentos podem ser publicados, sendo um para t\u00e9cnicos-administrativos, de n\u00edveis m\u00e9dio e t\u00e9cnico, um para cargos de n\u00edvel superior e outro para o Magist\u00e9rio.<\/p>\n\n\n\n<p>As provas ser\u00e3o aplicadas em maio. Como 2022 \u00e9 ano eleitoral, o concurso precisa ser homologado at\u00e9 2 de julho para que a UFRJ possa convocar os aprovados neste ano.<\/p>\n\n\n\n<h3 class=\"wp-block-heading\" id=\"remuneracao\">Remunera\u00e7\u00e3o do \u00faltimo concurso UFRJ<\/h3>\n\n\n\n<p>A jornada de trabalho \u00e9 de 40 horas semanais, exceto para os cargos de m\u00e9dico e suas especialidades, que ter\u00e3o jornada de trabalho de 20 horas semanais.<\/p>\n\n\n\n<p>A remunera\u00e7\u00e3o do concurso UFRJ, conforme o edital, \u00e9 de&nbsp;<strong>R$ 2.446,96<\/strong>&nbsp;para os cargos classe D e de&nbsp;<strong>R$ 4.180,66<\/strong>&nbsp;para os cargos de Classe E. Al\u00e9m do vencimento, o servidor ainda tem direito aos seguintes benefipcios:<\/p>\n\n\n\n<ul class=\"wp-block-list\"><li>Aux\u00edlio alimenta\u00e7\u00e3o: R$ 458,00<\/li><li>Aux\u00edlio pr\u00e9-escolar: R$ 321,00<\/li><li>Aux\u00edlio transporte (na forma da legisla\u00e7\u00e3o vigente)<\/li><li>Aux\u00edlio sa\u00fade (na forma da legisla\u00e7\u00e3o vigente)<\/li><\/ul>\n\n\n\n<p class=\"has-text-align-center has-pale-cyan-blue-background-color has-background has-medium-font-size\"><a href=\"https:\/\/www.estrategiaconcursos.com.br\/blog\/concurso-ufrj\/\" target=\"_blank\" rel=\"noreferrer noopener\">Saiba mais: concurso UFRJ<\/a><\/p>\n\n\n","protected":false},"excerpt":{"rendered":"<p>De acordo com o pr\u00f3-reitor de Pessoal da UFRJ, Alexandre Brasil, concurso UFRJ (Universidade Federal do Rio de Janeiro) deve ter editais publicados na primeira quinzena do m\u00eas de mar\u00e7o. Os documentos, ainda de acordo com o representante,\u00a0est\u00e3o previstos para serem publicados no dia 11 de mar\u00e7o, com prazo de inscri\u00e7\u00f5es at\u00e9 abril, no site [&hellip;]<\/p>\n","protected":false},"author":2375,"featured_media":976059,"comment_status":"open","ping_status":"closed","sticky":false,"template":"","format":"standard","meta":{"post_tipo":"news","footnotes":""},"categories":[1,3766,214992],"tags":[2804,220340,220564],"tax_estado":[219982],"class_list":["post-976054","post","type-post","status-publish","format-standard","has-post-thumbnail","hentry","category-cursos-e-concursos","category-educacional","category-concursos-administrativos","tag-concurso-ufrj","tag-edital-ufrj","tag-ufrj","tax_estado-rj"],"acf":[],"yoast_head":"<!-- This site is optimized with the Yoast SEO Premium plugin v27.2 (Yoast SEO v27.2) - https:\/\/yoast.com\/product\/yoast-seo-premium-wordpress\/ -->\n<title>Concurso UFRJ: pr\u00f3-reitor anuncia editais para mar\u00e7o e provas em maio<\/title>\n<meta name=\"description\" content=\"Concurso UFRJ: edital UFRJ ofertar\u00e1 193 vagas para a carreira de t\u00e9cnico-administrativo de n\u00edveis m\u00e9dio e superior.\" \/>\n<meta name=\"robots\" content=\"index, follow, max-snippet:-1, max-image-preview:large, max-video-preview:-1\" \/>\n<link rel=\"canonical\" href=\"https:\/\/www.estrategiaconcursos.com.br\/blog\/concurso-ufrj-editais-em-marco-e-provas-em-maio\/\" \/>\n<meta property=\"og:locale\" content=\"pt_BR\" \/>\n<meta property=\"og:type\" content=\"article\" \/>\n<meta property=\"og:title\" content=\"Concurso UFRJ: pr\u00f3-reitor anuncia editais para mar\u00e7o e provas em maio\" \/>\n<meta property=\"og:description\" content=\"Concurso UFRJ: edital UFRJ ofertar\u00e1 193 vagas para a carreira de t\u00e9cnico-administrativo de n\u00edveis m\u00e9dio e superior.\" \/>\n<meta property=\"og:url\" content=\"https:\/\/www.estrategiaconcursos.com.br\/blog\/concurso-ufrj-editais-em-marco-e-provas-em-maio\/\" \/>\n<meta property=\"og:site_name\" content=\"Estrat\u00e9gia Concursos\" \/>\n<meta property=\"article:published_time\" content=\"2022-02-23T14:50:31+00:00\" \/>\n<meta property=\"article:modified_time\" content=\"2022-02-23T17:35:38+00:00\" \/>\n<meta property=\"og:image\" content=\"https:\/\/dhg1h5j42swfq.cloudfront.net\/2022\/02\/23112645\/concurso-ufrj.jpg\" \/>\n\t<meta property=\"og:image:width\" content=\"1200\" \/>\n\t<meta property=\"og:image:height\" content=\"720\" \/>\n\t<meta property=\"og:image:type\" content=\"image\/jpeg\" \/>\n<meta name=\"author\" content=\"Priscila Almeida\" \/>\n<meta name=\"twitter:card\" content=\"summary_large_image\" \/>\n<meta name=\"twitter:creator\" content=\"@EstratConcursos\" \/>\n<meta name=\"twitter:site\" content=\"@EstratConcursos\" \/>\n<meta name=\"twitter:label1\" content=\"Escrito por\" \/>\n\t<meta name=\"twitter:data1\" content=\"Priscila Almeida\" \/>\n\t<meta name=\"twitter:label2\" content=\"Est. tempo de leitura\" \/>\n\t<meta name=\"twitter:data2\" content=\"2 minutos\" \/>\n<script type=\"application\/ld+json\" class=\"yoast-schema-graph\">{\"@context\":\"https:\/\/schema.org\",\"@graph\":[{\"@type\":\"NewsArticle\",\"@id\":\"https:\/\/www.estrategiaconcursos.com.br\/blog\/concurso-ufrj-editais-em-marco-e-provas-em-maio\/#article\",\"isPartOf\":{\"@id\":\"https:\/\/www.estrategiaconcursos.com.br\/blog\/concurso-ufrj-editais-em-marco-e-provas-em-maio\/\"},\"author\":{\"name\":\"Priscila Almeida\",\"@id\":\"https:\/\/www.estrategiaconcursos.com.br\/blog\/#\/schema\/person\/a06e841e501f2e1d8c49c4e8f066bfd1\"},\"headline\":\"Concurso UFRJ: pr\u00f3-reitor anuncia editais para mar\u00e7o e provas em maio\",\"datePublished\":\"2022-02-23T14:50:31+00:00\",\"dateModified\":\"2022-02-23T17:35:38+00:00\",\"mainEntityOfPage\":{\"@id\":\"https:\/\/www.estrategiaconcursos.com.br\/blog\/concurso-ufrj-editais-em-marco-e-provas-em-maio\/\"},\"wordCount\":348,\"commentCount\":0,\"publisher\":{\"@id\":\"https:\/\/www.estrategiaconcursos.com.br\/blog\/#organization\"},\"image\":{\"@id\":\"https:\/\/www.estrategiaconcursos.com.br\/blog\/concurso-ufrj-editais-em-marco-e-provas-em-maio\/#primaryimage\"},\"thumbnailUrl\":\"https:\/\/dhg1h5j42swfq.cloudfront.net\/2022\/02\/23112645\/concurso-ufrj.jpg\",\"keywords\":[\"Concurso UFRJ\",\"edital UFRJ\",\"ufrj\"],\"articleSection\":[\"Concursos P\u00fablicos\",\"Educa\u00e7\u00e3o\",\"Executivo (Administrativa)\"],\"inLanguage\":\"pt-BR\",\"potentialAction\":[{\"@type\":\"CommentAction\",\"name\":\"Comment\",\"target\":[\"https:\/\/www.estrategiaconcursos.com.br\/blog\/concurso-ufrj-editais-em-marco-e-provas-em-maio\/#respond\"]}],\"copyrightYear\":\"2022\",\"copyrightHolder\":{\"@id\":\"https:\/\/www.estrategiaconcursos.com.br\/blog\/#organization\"}},{\"@type\":\"WebPage\",\"@id\":\"https:\/\/www.estrategiaconcursos.com.br\/blog\/concurso-ufrj-editais-em-marco-e-provas-em-maio\/\",\"url\":\"https:\/\/www.estrategiaconcursos.com.br\/blog\/concurso-ufrj-editais-em-marco-e-provas-em-maio\/\",\"name\":\"Concurso UFRJ: pr\u00f3-reitor anuncia editais para mar\u00e7o e provas em maio\",\"isPartOf\":{\"@id\":\"https:\/\/www.estrategiaconcursos.com.br\/blog\/#website\"},\"primaryImageOfPage\":{\"@id\":\"https:\/\/www.estrategiaconcursos.com.br\/blog\/concurso-ufrj-editais-em-marco-e-provas-em-maio\/#primaryimage\"},\"image\":{\"@id\":\"https:\/\/www.estrategiaconcursos.com.br\/blog\/concurso-ufrj-editais-em-marco-e-provas-em-maio\/#primaryimage\"},\"thumbnailUrl\":\"https:\/\/dhg1h5j42swfq.cloudfront.net\/2022\/02\/23112645\/concurso-ufrj.jpg\",\"datePublished\":\"2022-02-23T14:50:31+00:00\",\"dateModified\":\"2022-02-23T17:35:38+00:00\",\"description\":\"Concurso UFRJ: edital UFRJ ofertar\u00e1 193 vagas para a carreira de t\u00e9cnico-administrativo de n\u00edveis m\u00e9dio e superior.\",\"breadcrumb\":{\"@id\":\"https:\/\/www.estrategiaconcursos.com.br\/blog\/concurso-ufrj-editais-em-marco-e-provas-em-maio\/#breadcrumb\"},\"inLanguage\":\"pt-BR\",\"potentialAction\":[{\"@type\":\"ReadAction\",\"target\":[\"https:\/\/www.estrategiaconcursos.com.br\/blog\/concurso-ufrj-editais-em-marco-e-provas-em-maio\/\"]}]},{\"@type\":\"ImageObject\",\"inLanguage\":\"pt-BR\",\"@id\":\"https:\/\/www.estrategiaconcursos.com.br\/blog\/concurso-ufrj-editais-em-marco-e-provas-em-maio\/#primaryimage\",\"url\":\"https:\/\/dhg1h5j42swfq.cloudfront.net\/2022\/02\/23112645\/concurso-ufrj.jpg\",\"contentUrl\":\"https:\/\/dhg1h5j42swfq.cloudfront.net\/2022\/02\/23112645\/concurso-ufrj.jpg\",\"width\":1200,\"height\":720,\"caption\":\"concurso UFRJ\"},{\"@type\":\"BreadcrumbList\",\"@id\":\"https:\/\/www.estrategiaconcursos.com.br\/blog\/concurso-ufrj-editais-em-marco-e-provas-em-maio\/#breadcrumb\",\"itemListElement\":[{\"@type\":\"ListItem\",\"position\":1,\"name\":\"In\u00edcio\",\"item\":\"https:\/\/www.estrategiaconcursos.com.br\/blog\/\"},{\"@type\":\"ListItem\",\"position\":2,\"name\":\"Concurso UFRJ: pr\u00f3-reitor anuncia editais para mar\u00e7o e provas em maio\"}]},{\"@type\":\"WebSite\",\"@id\":\"https:\/\/www.estrategiaconcursos.com.br\/blog\/#website\",\"url\":\"https:\/\/www.estrategiaconcursos.com.br\/blog\/\",\"name\":\"Estrat\u00e9gia Concursos\",\"description\":\"O blog da Estrat\u00e9gia Concursos traz not\u00edcias sobre concursos e artigos de professores oferecendo cursos para concursos (pdf + videaulas) no site.\",\"publisher\":{\"@id\":\"https:\/\/www.estrategiaconcursos.com.br\/blog\/#organization\"},\"potentialAction\":[{\"@type\":\"SearchAction\",\"target\":{\"@type\":\"EntryPoint\",\"urlTemplate\":\"https:\/\/www.estrategiaconcursos.com.br\/blog\/?s={search_term_string}\"},\"query-input\":{\"@type\":\"PropertyValueSpecification\",\"valueRequired\":true,\"valueName\":\"search_term_string\"}}],\"inLanguage\":\"pt-BR\"},{\"@type\":\"Organization\",\"@id\":\"https:\/\/www.estrategiaconcursos.com.br\/blog\/#organization\",\"name\":\"Estrat\u00e9gia Concursos\",\"url\":\"https:\/\/www.estrategiaconcursos.com.br\/blog\/\",\"logo\":{\"@type\":\"ImageObject\",\"inLanguage\":\"pt-BR\",\"@id\":\"https:\/\/www.estrategiaconcursos.com.br\/blog\/#\/schema\/logo\/image\/\",\"url\":\"https:\/\/dhg1h5j42swfq.cloudfront.net\/2025\/06\/03203428\/logo_concursos-1.jpg\",\"contentUrl\":\"https:\/\/dhg1h5j42swfq.cloudfront.net\/2025\/06\/03203428\/logo_concursos-1.jpg\",\"width\":230,\"height\":60,\"caption\":\"Estrat\u00e9gia Concursos\"},\"image\":{\"@id\":\"https:\/\/www.estrategiaconcursos.com.br\/blog\/#\/schema\/logo\/image\/\"},\"sameAs\":[\"https:\/\/x.com\/EstratConcursos\"]},{\"@type\":\"Person\",\"@id\":\"https:\/\/www.estrategiaconcursos.com.br\/blog\/#\/schema\/person\/a06e841e501f2e1d8c49c4e8f066bfd1\",\"name\":\"Priscila Almeida\",\"image\":{\"@type\":\"ImageObject\",\"inLanguage\":\"pt-BR\",\"@id\":\"https:\/\/secure.gravatar.com\/avatar\/0a963c9e2a947fa675b669cea2b5d0ba6dd1cbf46b966190343b6c9973ad3337?s=96&d=mm&r=g\",\"url\":\"https:\/\/secure.gravatar.com\/avatar\/0a963c9e2a947fa675b669cea2b5d0ba6dd1cbf46b966190343b6c9973ad3337?s=96&d=mm&r=g\",\"contentUrl\":\"https:\/\/secure.gravatar.com\/avatar\/0a963c9e2a947fa675b669cea2b5d0ba6dd1cbf46b966190343b6c9973ad3337?s=96&d=mm&r=g\",\"caption\":\"Priscila Almeida\"},\"description\":\"Atua na \u00e1rea de concursos p\u00fablicos desde 2019. As editorias que mais t\u00eam familiaridade s\u00e3o: Tribunais (TJs; TRTs; TREs; TSTs; STJ, STF, STM e TSE); Defensorias; Minist\u00e9rios P\u00fablicos; Procuradorias; Educa\u00e7\u00e3o e Conselhos. Na \u00e1rea de comunica\u00e7\u00e3o, de maneira geral, a caminhada \u00e9 um pouco mais longa - desde 2007. Possui experi\u00eancia em reda\u00e7\u00f5es de r\u00e1dio, TV, Web e impresso, al\u00e9m de desenvolver trabalhos em assessorias de comunica\u00e7\u00e3o institucional, empresarial e p\u00fablicas. Entre outros trabalhos, se destacam a atua\u00e7\u00e3o nas \u00e1reas de Justi\u00e7a, Congresso, Esportes, Sa\u00fade, Agropecu\u00e1ria, Cidades e Avia\u00e7\u00e3o Civil.\",\"url\":\"https:\/\/www.estrategiaconcursos.com.br\/blog\/author\/priscila-almeidaestrategia-com\/\"}]}<\/script>\n<!-- \/ Yoast SEO Premium plugin. -->","yoast_head_json":{"title":"Concurso UFRJ: pr\u00f3-reitor anuncia editais para mar\u00e7o e provas em maio","description":"Concurso UFRJ: edital UFRJ ofertar\u00e1 193 vagas para a carreira de t\u00e9cnico-administrativo de n\u00edveis m\u00e9dio e superior.","robots":{"index":"index","follow":"follow","max-snippet":"max-snippet:-1","max-image-preview":"max-image-preview:large","max-video-preview":"max-video-preview:-1"},"canonical":"https:\/\/www.estrategiaconcursos.com.br\/blog\/concurso-ufrj-editais-em-marco-e-provas-em-maio\/","og_locale":"pt_BR","og_type":"article","og_title":"Concurso UFRJ: pr\u00f3-reitor anuncia editais para mar\u00e7o e provas em maio","og_description":"Concurso UFRJ: edital UFRJ ofertar\u00e1 193 vagas para a carreira de t\u00e9cnico-administrativo de n\u00edveis m\u00e9dio e superior.","og_url":"https:\/\/www.estrategiaconcursos.com.br\/blog\/concurso-ufrj-editais-em-marco-e-provas-em-maio\/","og_site_name":"Estrat\u00e9gia Concursos","article_published_time":"2022-02-23T14:50:31+00:00","article_modified_time":"2022-02-23T17:35:38+00:00","og_image":[{"width":1200,"height":720,"url":"https:\/\/dhg1h5j42swfq.cloudfront.net\/2022\/02\/23112645\/concurso-ufrj.jpg","type":"image\/jpeg"}],"author":"Priscila Almeida","twitter_card":"summary_large_image","twitter_creator":"@EstratConcursos","twitter_site":"@EstratConcursos","twitter_misc":{"Escrito por":"Priscila Almeida","Est. tempo de leitura":"2 minutos"},"schema":{"@context":"https:\/\/schema.org","@graph":[{"@type":"NewsArticle","@id":"https:\/\/www.estrategiaconcursos.com.br\/blog\/concurso-ufrj-editais-em-marco-e-provas-em-maio\/#article","isPartOf":{"@id":"https:\/\/www.estrategiaconcursos.com.br\/blog\/concurso-ufrj-editais-em-marco-e-provas-em-maio\/"},"author":{"name":"Priscila Almeida","@id":"https:\/\/www.estrategiaconcursos.com.br\/blog\/#\/schema\/person\/a06e841e501f2e1d8c49c4e8f066bfd1"},"headline":"Concurso UFRJ: pr\u00f3-reitor anuncia editais para mar\u00e7o e provas em maio","datePublished":"2022-02-23T14:50:31+00:00","dateModified":"2022-02-23T17:35:38+00:00","mainEntityOfPage":{"@id":"https:\/\/www.estrategiaconcursos.com.br\/blog\/concurso-ufrj-editais-em-marco-e-provas-em-maio\/"},"wordCount":348,"commentCount":0,"publisher":{"@id":"https:\/\/www.estrategiaconcursos.com.br\/blog\/#organization"},"image":{"@id":"https:\/\/www.estrategiaconcursos.com.br\/blog\/concurso-ufrj-editais-em-marco-e-provas-em-maio\/#primaryimage"},"thumbnailUrl":"https:\/\/dhg1h5j42swfq.cloudfront.net\/2022\/02\/23112645\/concurso-ufrj.jpg","keywords":["Concurso UFRJ","edital UFRJ","ufrj"],"articleSection":["Concursos P\u00fablicos","Educa\u00e7\u00e3o","Executivo (Administrativa)"],"inLanguage":"pt-BR","potentialAction":[{"@type":"CommentAction","name":"Comment","target":["https:\/\/www.estrategiaconcursos.com.br\/blog\/concurso-ufrj-editais-em-marco-e-provas-em-maio\/#respond"]}],"copyrightYear":"2022","copyrightHolder":{"@id":"https:\/\/www.estrategiaconcursos.com.br\/blog\/#organization"}},{"@type":"WebPage","@id":"https:\/\/www.estrategiaconcursos.com.br\/blog\/concurso-ufrj-editais-em-marco-e-provas-em-maio\/","url":"https:\/\/www.estrategiaconcursos.com.br\/blog\/concurso-ufrj-editais-em-marco-e-provas-em-maio\/","name":"Concurso UFRJ: pr\u00f3-reitor anuncia editais para mar\u00e7o e provas em maio","isPartOf":{"@id":"https:\/\/www.estrategiaconcursos.com.br\/blog\/#website"},"primaryImageOfPage":{"@id":"https:\/\/www.estrategiaconcursos.com.br\/blog\/concurso-ufrj-editais-em-marco-e-provas-em-maio\/#primaryimage"},"image":{"@id":"https:\/\/www.estrategiaconcursos.com.br\/blog\/concurso-ufrj-editais-em-marco-e-provas-em-maio\/#primaryimage"},"thumbnailUrl":"https:\/\/dhg1h5j42swfq.cloudfront.net\/2022\/02\/23112645\/concurso-ufrj.jpg","datePublished":"2022-02-23T14:50:31+00:00","dateModified":"2022-02-23T17:35:38+00:00","description":"Concurso UFRJ: edital UFRJ ofertar\u00e1 193 vagas para a carreira de t\u00e9cnico-administrativo de n\u00edveis m\u00e9dio e superior.","breadcrumb":{"@id":"https:\/\/www.estrategiaconcursos.com.br\/blog\/concurso-ufrj-editais-em-marco-e-provas-em-maio\/#breadcrumb"},"inLanguage":"pt-BR","potentialAction":[{"@type":"ReadAction","target":["https:\/\/www.estrategiaconcursos.com.br\/blog\/concurso-ufrj-editais-em-marco-e-provas-em-maio\/"]}]},{"@type":"ImageObject","inLanguage":"pt-BR","@id":"https:\/\/www.estrategiaconcursos.com.br\/blog\/concurso-ufrj-editais-em-marco-e-provas-em-maio\/#primaryimage","url":"https:\/\/dhg1h5j42swfq.cloudfront.net\/2022\/02\/23112645\/concurso-ufrj.jpg","contentUrl":"https:\/\/dhg1h5j42swfq.cloudfront.net\/2022\/02\/23112645\/concurso-ufrj.jpg","width":1200,"height":720,"caption":"concurso UFRJ"},{"@type":"BreadcrumbList","@id":"https:\/\/www.estrategiaconcursos.com.br\/blog\/concurso-ufrj-editais-em-marco-e-provas-em-maio\/#breadcrumb","itemListElement":[{"@type":"ListItem","position":1,"name":"In\u00edcio","item":"https:\/\/www.estrategiaconcursos.com.br\/blog\/"},{"@type":"ListItem","position":2,"name":"Concurso UFRJ: pr\u00f3-reitor anuncia editais para mar\u00e7o e provas em maio"}]},{"@type":"WebSite","@id":"https:\/\/www.estrategiaconcursos.com.br\/blog\/#website","url":"https:\/\/www.estrategiaconcursos.com.br\/blog\/","name":"Estrat\u00e9gia Concursos","description":"O blog da Estrat\u00e9gia Concursos traz not\u00edcias sobre concursos e artigos de professores oferecendo cursos para concursos (pdf + videaulas) no site.","publisher":{"@id":"https:\/\/www.estrategiaconcursos.com.br\/blog\/#organization"},"potentialAction":[{"@type":"SearchAction","target":{"@type":"EntryPoint","urlTemplate":"https:\/\/www.estrategiaconcursos.com.br\/blog\/?s={search_term_string}"},"query-input":{"@type":"PropertyValueSpecification","valueRequired":true,"valueName":"search_term_string"}}],"inLanguage":"pt-BR"},{"@type":"Organization","@id":"https:\/\/www.estrategiaconcursos.com.br\/blog\/#organization","name":"Estrat\u00e9gia Concursos","url":"https:\/\/www.estrategiaconcursos.com.br\/blog\/","logo":{"@type":"ImageObject","inLanguage":"pt-BR","@id":"https:\/\/www.estrategiaconcursos.com.br\/blog\/#\/schema\/logo\/image\/","url":"https:\/\/dhg1h5j42swfq.cloudfront.net\/2025\/06\/03203428\/logo_concursos-1.jpg","contentUrl":"https:\/\/dhg1h5j42swfq.cloudfront.net\/2025\/06\/03203428\/logo_concursos-1.jpg","width":230,"height":60,"caption":"Estrat\u00e9gia Concursos"},"image":{"@id":"https:\/\/www.estrategiaconcursos.com.br\/blog\/#\/schema\/logo\/image\/"},"sameAs":["https:\/\/x.com\/EstratConcursos"]},{"@type":"Person","@id":"https:\/\/www.estrategiaconcursos.com.br\/blog\/#\/schema\/person\/a06e841e501f2e1d8c49c4e8f066bfd1","name":"Priscila Almeida","image":{"@type":"ImageObject","inLanguage":"pt-BR","@id":"https:\/\/secure.gravatar.com\/avatar\/0a963c9e2a947fa675b669cea2b5d0ba6dd1cbf46b966190343b6c9973ad3337?s=96&d=mm&r=g","url":"https:\/\/secure.gravatar.com\/avatar\/0a963c9e2a947fa675b669cea2b5d0ba6dd1cbf46b966190343b6c9973ad3337?s=96&d=mm&r=g","contentUrl":"https:\/\/secure.gravatar.com\/avatar\/0a963c9e2a947fa675b669cea2b5d0ba6dd1cbf46b966190343b6c9973ad3337?s=96&d=mm&r=g","caption":"Priscila Almeida"},"description":"Atua na \u00e1rea de concursos p\u00fablicos desde 2019. As editorias que mais t\u00eam familiaridade s\u00e3o: Tribunais (TJs; TRTs; TREs; TSTs; STJ, STF, STM e TSE); Defensorias; Minist\u00e9rios P\u00fablicos; Procuradorias; Educa\u00e7\u00e3o e Conselhos. Na \u00e1rea de comunica\u00e7\u00e3o, de maneira geral, a caminhada \u00e9 um pouco mais longa - desde 2007. Possui experi\u00eancia em reda\u00e7\u00f5es de r\u00e1dio, TV, Web e impresso, al\u00e9m de desenvolver trabalhos em assessorias de comunica\u00e7\u00e3o institucional, empresarial e p\u00fablicas. Entre outros trabalhos, se destacam a atua\u00e7\u00e3o nas \u00e1reas de Justi\u00e7a, Congresso, Esportes, Sa\u00fade, Agropecu\u00e1ria, Cidades e Avia\u00e7\u00e3o Civil.","url":"https:\/\/www.estrategiaconcursos.com.br\/blog\/author\/priscila-almeidaestrategia-com\/"}]}},"_links":{"self":[{"href":"https:\/\/www.estrategiaconcursos.com.br\/blog\/wp-json\/wp\/v2\/posts\/976054","targetHints":{"allow":["GET"]}}],"collection":[{"href":"https:\/\/www.estrategiaconcursos.com.br\/blog\/wp-json\/wp\/v2\/posts"}],"about":[{"href":"https:\/\/www.estrategiaconcursos.com.br\/blog\/wp-json\/wp\/v2\/types\/post"}],"author":[{"embeddable":true,"href":"https:\/\/www.estrategiaconcursos.com.br\/blog\/wp-json\/wp\/v2\/users\/2375"}],"replies":[{"embeddable":true,"href":"https:\/\/www.estrategiaconcursos.com.br\/blog\/wp-json\/wp\/v2\/comments?post=976054"}],"version-history":[{"count":4,"href":"https:\/\/www.estrategiaconcursos.com.br\/blog\/wp-json\/wp\/v2\/posts\/976054\/revisions"}],"predecessor-version":[{"id":976243,"href":"https:\/\/www.estrategiaconcursos.com.br\/blog\/wp-json\/wp\/v2\/posts\/976054\/revisions\/976243"}],"wp:featuredmedia":[{"embeddable":true,"href":"https:\/\/www.estrategiaconcursos.com.br\/blog\/wp-json\/wp\/v2\/media\/976059"}],"wp:attachment":[{"href":"https:\/\/www.estrategiaconcursos.com.br\/blog\/wp-json\/wp\/v2\/media?parent=976054"}],"wp:term":[{"taxonomy":"category","embeddable":true,"href":"https:\/\/www.estrategiaconcursos.com.br\/blog\/wp-json\/wp\/v2\/categories?post=976054"},{"taxonomy":"post_tag","embeddable":true,"href":"https:\/\/www.estrategiaconcursos.com.br\/blog\/wp-json\/wp\/v2\/tags?post=976054"},{"taxonomy":"tax_estado","embeddable":true,"href":"https:\/\/www.estrategiaconcursos.com.br\/blog\/wp-json\/wp\/v2\/tax_estado?post=976054"}],"curies":[{"name":"wp","href":"https:\/\/api.w.org\/{rel}","templated":true}]}}