{"id":975856,"date":"2022-03-04T07:00:00","date_gmt":"2022-03-04T10:00:00","guid":{"rendered":"https:\/\/www.estrategiaconcursos.com.br\/blog\/?p=975856"},"modified":"2022-02-23T15:05:46","modified_gmt":"2022-02-23T18:05:46","slug":"delegado-ms-curso-para-a-prova-oral","status":"publish","type":"post","link":"https:\/\/www.estrategiaconcursos.com.br\/blog\/delegado-ms-curso-para-a-prova-oral\/","title":{"rendered":"Delegado MS: curso presencial para a prova oral"},"content":{"rendered":"\n<p>A prova oral do concurso Delegado MS \u00e9 important\u00edssima para que voc\u00ea consiga a t\u00e3o sonhada vaga. Por isso, a equipe de professores do Estrat\u00e9gia Carreira Jur\u00eddica criou um curso espec\u00edfico presencial para o exame. Confira abaixo a programa\u00e7\u00e3o: <\/p>\n\n\n\n<h3 class=\"wp-block-heading\" id=\"delegado-ms-cronograma\">Delegado MS: cronograma<\/h3>\n\n\n\n<figure class=\"wp-block-table is-style-stripes\"><table><tbody><tr><td class=\"has-text-align-center\" data-align=\"center\"><strong>Data<\/strong><\/td><td class=\"has-text-align-center\" data-align=\"center\"><strong>Hor\u00e1rio<\/strong><\/td><td class=\"has-text-align-center\" data-align=\"center\"><strong>Professor<\/strong><\/td><td class=\"has-text-align-center\" data-align=\"center\"><strong>Disciplina<\/strong><\/td><\/tr><tr><td class=\"has-text-align-center\" data-align=\"center\">04\/03\/22<\/td><td class=\"has-text-align-center\" data-align=\"center\">08:00 \u00e0s 08:15<\/td><td class=\"has-text-align-center\" data-align=\"center\">S\u00e9rgio BautzerJakelline Barros<\/td><td class=\"has-text-align-center\" data-align=\"center\">Abertura<\/td><\/tr><tr><td class=\"has-text-align-center\" data-align=\"center\">04\/03\/22<\/td><td class=\"has-text-align-center\" data-align=\"center\">08:15 \u00e0s 09:00<\/td><td class=\"has-text-align-center\" data-align=\"center\">Joyce Emydio<\/td><td class=\"has-text-align-center\" data-align=\"center\">Aspectos Fonoaudiol\u00f3gicos Aplicados \u00e0 Prova Oral<\/td><\/tr><tr><td class=\"has-text-align-center\" data-align=\"center\">04\/03\/22<\/td><td class=\"has-text-align-center\" data-align=\"center\">09:00 \u00e0s 9:45<\/td><td class=\"has-text-align-center\" data-align=\"center\">Marina Becalli<\/td><td class=\"has-text-align-center\" data-align=\"center\">Aspectos Psicol\u00f3gicos Aplicados \u00e0 Prova Oral<\/td><\/tr><tr><td class=\"has-text-align-center\" data-align=\"center\">04\/03\/22<\/td><td class=\"has-text-align-center\" data-align=\"center\">09:45 \u00e0s 10:00<\/td><td class=\"has-text-align-center\" data-align=\"center\">Intervalo<\/td><\/tr><tr><td class=\"has-text-align-center\" data-align=\"center\">04\/03\/22<\/td><td class=\"has-text-align-center\" data-align=\"center\">10:00 \u00e0s 10:30<\/td><td class=\"has-text-align-center\" data-align=\"center\">S\u00e9rgio Bautzer<\/td><td class=\"has-text-align-center\" data-align=\"center\">Como se portar e como se vestir<\/td><\/tr><tr><td class=\"has-text-align-center\" data-align=\"center\">04\/03\/22<\/td><td class=\"has-text-align-center\" data-align=\"center\">10:30 \u00e0s 11:00<\/td><td class=\"has-text-align-center\" data-align=\"center\">Jakelline Barros<\/td><td class=\"has-text-align-center\" data-align=\"center\">Tira-d\u00favidas sobre a prova Oral<\/td><\/tr><tr><td class=\"has-text-align-center\" data-align=\"center\">04\/03\/22<\/td><td class=\"has-text-align-center\" data-align=\"center\">11:00 \u00e0s 11:15<\/td><td class=\"has-text-align-center\" data-align=\"center\">Jakelline Barros<\/td><td class=\"has-text-align-center\" data-align=\"center\">Procedimento para Argui\u00e7\u00f5es<\/td><\/tr><tr><td class=\"has-text-align-center\" data-align=\"center\">04\/03\/22<\/td><td class=\"has-text-align-center\" data-align=\"center\">11:15 \u00e0s 13:00<\/td><td class=\"has-text-align-center\" data-align=\"center\">Almo\u00e7o<\/td><td class=\"has-text-align-center\" data-align=\"center\"><br \/><\/td><\/tr><tr><td class=\"has-text-align-center\" data-align=\"center\">04\/03\/22<\/td><td class=\"has-text-align-center\" data-align=\"center\">13:00 \u00e0s 19:00<\/td><td class=\"has-text-align-center\" data-align=\"center\">&#8211;<strong>Jakelline Barros<\/strong> (Presidente): Processo Penal e Legisla\u00e7\u00e3o Institucional; <strong>Claudio Tusco:<\/strong> Direito Administrativo; <strong>Jaqueline Menon<\/strong>: Direito Constitucional e Direito Penal; J<strong>oyce Emydio<\/strong>: Fonoaudi\u00f3loga; <strong>Marina Becalli:<\/strong> Psic\u00f3loga<\/td><td class=\"has-text-align-center\" data-align=\"center\">Argui\u00e7\u00f5es \u2013 Banca 1<\/td><\/tr><tr><td class=\"has-text-align-center\" data-align=\"center\">04\/03\/22<\/td><td class=\"has-text-align-center\" data-align=\"center\">13:00 \u00e0s 19:00<\/td><td class=\"has-text-align-center\" data-align=\"center\"><strong>S\u00e9rgio Bautzer<\/strong> (Presidente): Direito Penal; <strong>Waleska Alvarenga:<\/strong> Legisla\u00e7\u00e3o Institucional e Processo Penal; <strong>Leonardo Fernandes:<\/strong> Direito Administrativo e Constitucional; <strong>Flavia Viegas<\/strong>: Fonoaudi\u00f3loga; <strong>Cristiane Fontes<\/strong>: Psic\u00f3loga<\/td><td class=\"has-text-align-center\" data-align=\"center\">Argui\u00e7\u00f5es \u2013 Banca 2<\/td><\/tr><\/tbody><\/table><\/figure>\n\n\n\n<h3 class=\"wp-block-heading\" id=\"delegado-ms-evento-ao-vivo\">Delegado MS: evento ao vivo <\/h3>\n\n\n\n<p class=\"has-text-align-center has-cyan-bluish-gray-background-color has-background has-medium-font-size\"><a href=\"https:\/\/www.youtube.com\/c\/Estrat%C3%A9giaCarreiraJur%C3%ADdica\/videos?view=2&amp;live_view=502\" target=\"_blank\" rel=\"noreferrer noopener\"><strong>ASSISTA AO VIVO AQUI<\/strong><\/a><\/p>\n\n\n\n<h3 class=\"wp-block-heading\" id=\"delegado-ms-curiosidades\">Delegado MS: curiosidades<\/h3>\n\n\n\n<h4 class=\"wp-block-heading\" id=\"vagas\">Cargos e Vagas<\/h4>\n\n\n\n<figure class=\"wp-block-table is-style-stripes\"><table><tbody><tr><td class=\"has-text-align-center\" data-align=\"center\"><strong>CARGO<\/strong><\/td><td class=\"has-text-align-center\" data-align=\"center\"><strong>VAGAS<\/strong><\/td><\/tr><tr><td class=\"has-text-align-center\" data-align=\"center\"><a href=\"https:\/\/www.estrategiaconcursos.com.br\/curso\/pacote-completo-p-pc-ms-delegado-2021-pre-edital\/\" target=\"_blank\" rel=\"noreferrer noopener\">Delegado<\/a><\/td><td class=\"has-text-align-center\" data-align=\"center\">30<\/td><\/tr><\/tbody><\/table><\/figure>\n\n\n\n<p><strong>Tabela de cargos e vagas<\/strong><\/p>\n\n\n\n<h4 class=\"wp-block-heading\" id=\"salario\">Sal\u00e1rios e Benef\u00edcios<\/h4>\n\n\n\n<ul class=\"wp-block-list\"><li><strong>Delegado \u2013 R$ 17.014,18<\/strong><\/li><\/ul>\n\n\n\n<h4 class=\"wp-block-heading\" id=\"requisitos\">Requisitos<\/h4>\n\n\n\n<p>Requisitos retirados do \u00faltimo edital:<\/p>\n\n\n\n<ul class=\"wp-block-list\"><li><strong><em>Gradua\u00e7\u00e3o em Direito;<\/em><\/strong><\/li><li><strong><em>Idade m\u00ednima de 21 e m\u00e1xima de 45;<\/em><\/strong><\/li><li><strong><em>Carteira Nacional de Habilita\u00e7\u00e3o, no m\u00ednimo, categoria \u201cB\u201d.<\/em><\/strong><\/li><\/ul>\n\n\n\n<p class=\"has-text-align-center has-luminous-vivid-amber-background-color has-background has-medium-font-size\"><strong>Saiba mais: <a href=\"https:\/\/www.estrategiaconcursos.com.br\/blog\/concurso-delegado-ms\/\" target=\"_blank\" rel=\"noreferrer noopener\">concurso Delegado-MS<\/a><\/strong><\/p>\n\n\n\n<p class=\"has-text-align-center has-cyan-bluish-gray-background-color has-background has-medium-font-size\"><a href=\"https:\/\/www.youtube.com\/channel\/UClbMGuYbj2Mh1m3w144ETWQ\" target=\"_blank\" rel=\"noreferrer noopener\"><strong>YOUTUBE &#8211; ESTRAT\u00c9GIA CARREIRA JUR\u00cdDICA<\/strong><\/a><\/p>\n\n\n\n<h2 class=\"has-text-align-center wp-block-heading\" id=\"h-quer-saber-tudo-sobre-concursos-previstos-confira-nossos-artigos\">Quer saber tudo sobre concursos previstos?<br \/>Confira nossos artigos!<\/h2>\n\n\n\n<ul class=\"wp-block-list\"><li><a href=\"https:\/\/www.estrategiaconcursos.com.br\/blog\/concursos-abertos\/\" target=\"_blank\" rel=\"noreferrer noopener\">Concursos abertos<\/a><\/li><li><a href=\"https:\/\/www.estrategiaconcursos.com.br\/blog\/concursos-2022\/\" target=\"_blank\" rel=\"noreferrer noopener\">Concursos 2022<\/a><\/li><\/ul>\n\n\n\n<h2 class=\"has-text-align-center wp-block-heading\" id=\"cursos\">Quer estudar para o concurso de Delegado MS?<\/h2>\n\n\n\n<div id=\"boxes\" class=\"container\">\n<div class=\"row\">\n<div class=\"col-sm\">\n<div id=\"box-assinatura\" class=\"banner-ecj\">\n<h3 class=\"titulo-assinatura\">Curso para Delegado MS<\/h3>\n<p class=\"subtitulo-assinatura\">Cursos focados no edital do concurso<\/p>\n<div class=\"box-botao\"><a class=\"btn-assinatura\" role=\"button\" href=\"https:\/\/www.estrategiaconcursos.com.br\/curso\/pacote-completo-p-pc-ms-delegado-2021-pre-edital\/\" target=\"_blank\" rel=\"noopener noreferrer\">Conhe\u00e7a mais<\/a><\/div>\n<\/div>\n<p class=\"texto-auxiliar\">Prepare-se com o melhor material e com quem mais aprova em concursos de Procuradorias em todo o pa\u00eds.<\/p>\n<\/div>\n<\/div>\n<\/div>\n\n\n\n<div id=\"boxes\" class=\"container\">\n<div class=\"row\">\n<div class=\"col-sm\">\n<div id=\"box-assinatura\" class=\"banner-ecj\">\n<h3 class=\"titulo-assinatura\">Assinatura Jur\u00eddica<\/h3>\n<p class=\"subtitulo-assinatura\">Conhe\u00e7a os planos<\/p>\n<div class=\"box-botao\"><a class=\"btn-assinatura\" role=\"button\" href=\"https:\/\/www.estrategiaconcursos.com.br\/assinaturas-ecj\/\" target=\"_blank\" rel=\"noopener noreferrer\">Conhe\u00e7a mais<\/a><\/div>\n<\/div>\n<p class=\"texto-auxiliar\">Prepare-se com o melhor material e com quem mais aprova em Concursos P\u00fablicos em todo o pa\u00eds.<\/p>\n<\/div>\n<\/div>\n<\/div>\n","protected":false},"excerpt":{"rendered":"<p>A prova oral do concurso Delegado MS \u00e9 important\u00edssima para que voc\u00ea consiga a t\u00e3o sonhada vaga. Por isso, a equipe de professores do Estrat\u00e9gia Carreira Jur\u00eddica criou um curso espec\u00edfico presencial para o exame. Confira abaixo a programa\u00e7\u00e3o: Delegado MS: cronograma Data Hor\u00e1rio Professor Disciplina 04\/03\/22 08:00 \u00e0s 08:15 S\u00e9rgio BautzerJakelline Barros Abertura 04\/03\/22 [&hellip;]<\/p>\n","protected":false},"author":1,"featured_media":776002,"comment_status":"open","ping_status":"closed","sticky":false,"template":"","format":"standard","meta":{"post_tipo":"news","footnotes":""},"categories":[220194],"tags":[],"tax_estado":[219975],"class_list":["post-975856","post","type-post","status-publish","format-standard","has-post-thumbnail","hentry","category-delegado","tax_estado-ms"],"acf":[],"yoast_head":"<!-- This site is optimized with the Yoast SEO Premium plugin v27.2 (Yoast SEO v27.2) - https:\/\/yoast.com\/product\/yoast-seo-premium-wordpress\/ -->\n<title>Delegado MS: curso presencial para a prova oral<\/title>\n<meta name=\"description\" content=\"Reforce sua prepara\u00e7\u00e3o com o evento Delegado MS:curso para a prova oral que acontece de 04 a 05\/03\/2022. Saiba mais aqui!\" \/>\n<meta name=\"robots\" content=\"index, follow, max-snippet:-1, max-image-preview:large, max-video-preview:-1\" \/>\n<link rel=\"canonical\" href=\"https:\/\/www.estrategiaconcursos.com.br\/blog\/delegado-ms-curso-para-a-prova-oral\/\" \/>\n<meta property=\"og:locale\" content=\"pt_BR\" \/>\n<meta property=\"og:type\" content=\"article\" \/>\n<meta property=\"og:title\" content=\"Delegado MS: curso presencial para a prova oral\" \/>\n<meta property=\"og:description\" content=\"Reforce sua prepara\u00e7\u00e3o com o evento Delegado MS:curso para a prova oral que acontece de 04 a 05\/03\/2022. Saiba mais aqui!\" \/>\n<meta property=\"og:url\" content=\"https:\/\/www.estrategiaconcursos.com.br\/blog\/delegado-ms-curso-para-a-prova-oral\/\" \/>\n<meta property=\"og:site_name\" content=\"Estrat\u00e9gia Concursos\" \/>\n<meta property=\"article:author\" content=\"https:\/\/www.facebook.com\/EstrategiaConcursos\" \/>\n<meta property=\"article:published_time\" content=\"2022-03-04T10:00:00+00:00\" \/>\n<meta property=\"og:image\" content=\"https:\/\/dhg1h5j42swfq.cloudfront.net\/2021\/06\/24132106\/delegado-ms.jpeg\" \/>\n\t<meta property=\"og:image:width\" content=\"768\" \/>\n\t<meta property=\"og:image:height\" content=\"432\" \/>\n\t<meta property=\"og:image:type\" content=\"image\/jpeg\" \/>\n<meta name=\"author\" content=\"Coordena\u00e7\u00e3o\" \/>\n<meta name=\"twitter:card\" content=\"summary_large_image\" \/>\n<meta name=\"twitter:creator\" content=\"@EstratConcursos\" \/>\n<meta name=\"twitter:site\" content=\"@EstratConcursos\" \/>\n<meta name=\"twitter:label1\" content=\"Escrito por\" \/>\n\t<meta name=\"twitter:data1\" content=\"Coordena\u00e7\u00e3o\" \/>\n\t<meta name=\"twitter:label2\" content=\"Est. tempo de leitura\" \/>\n\t<meta name=\"twitter:data2\" content=\"2 minutos\" \/>\n<script type=\"application\/ld+json\" class=\"yoast-schema-graph\">{\"@context\":\"https:\/\/schema.org\",\"@graph\":[{\"@type\":\"NewsArticle\",\"@id\":\"https:\/\/www.estrategiaconcursos.com.br\/blog\/delegado-ms-curso-para-a-prova-oral\/#article\",\"isPartOf\":{\"@id\":\"https:\/\/www.estrategiaconcursos.com.br\/blog\/delegado-ms-curso-para-a-prova-oral\/\"},\"author\":{\"name\":\"Coordena\u00e7\u00e3o\",\"@id\":\"https:\/\/www.estrategiaconcursos.com.br\/blog\/#\/schema\/person\/b4a388c97673c5f483d72185668afa1f\"},\"headline\":\"Delegado MS: curso presencial para a prova oral\",\"datePublished\":\"2022-03-04T10:00:00+00:00\",\"mainEntityOfPage\":{\"@id\":\"https:\/\/www.estrategiaconcursos.com.br\/blog\/delegado-ms-curso-para-a-prova-oral\/\"},\"wordCount\":330,\"commentCount\":0,\"publisher\":{\"@id\":\"https:\/\/www.estrategiaconcursos.com.br\/blog\/#organization\"},\"image\":{\"@id\":\"https:\/\/www.estrategiaconcursos.com.br\/blog\/delegado-ms-curso-para-a-prova-oral\/#primaryimage\"},\"thumbnailUrl\":\"https:\/\/dhg1h5j42swfq.cloudfront.net\/2021\/06\/24132106\/delegado-ms.jpeg\",\"articleSection\":[\"Jur\u00eddico - Delegado\"],\"inLanguage\":\"pt-BR\",\"potentialAction\":[{\"@type\":\"CommentAction\",\"name\":\"Comment\",\"target\":[\"https:\/\/www.estrategiaconcursos.com.br\/blog\/delegado-ms-curso-para-a-prova-oral\/#respond\"]}],\"copyrightYear\":\"2022\",\"copyrightHolder\":{\"@id\":\"https:\/\/www.estrategiaconcursos.com.br\/blog\/#organization\"}},{\"@type\":\"WebPage\",\"@id\":\"https:\/\/www.estrategiaconcursos.com.br\/blog\/delegado-ms-curso-para-a-prova-oral\/\",\"url\":\"https:\/\/www.estrategiaconcursos.com.br\/blog\/delegado-ms-curso-para-a-prova-oral\/\",\"name\":\"Delegado MS: curso presencial para a prova oral\",\"isPartOf\":{\"@id\":\"https:\/\/www.estrategiaconcursos.com.br\/blog\/#website\"},\"primaryImageOfPage\":{\"@id\":\"https:\/\/www.estrategiaconcursos.com.br\/blog\/delegado-ms-curso-para-a-prova-oral\/#primaryimage\"},\"image\":{\"@id\":\"https:\/\/www.estrategiaconcursos.com.br\/blog\/delegado-ms-curso-para-a-prova-oral\/#primaryimage\"},\"thumbnailUrl\":\"https:\/\/dhg1h5j42swfq.cloudfront.net\/2021\/06\/24132106\/delegado-ms.jpeg\",\"datePublished\":\"2022-03-04T10:00:00+00:00\",\"description\":\"Reforce sua prepara\u00e7\u00e3o com o evento Delegado MS:curso para a prova oral que acontece de 04 a 05\/03\/2022. Saiba mais aqui!\",\"breadcrumb\":{\"@id\":\"https:\/\/www.estrategiaconcursos.com.br\/blog\/delegado-ms-curso-para-a-prova-oral\/#breadcrumb\"},\"inLanguage\":\"pt-BR\",\"potentialAction\":[{\"@type\":\"ReadAction\",\"target\":[\"https:\/\/www.estrategiaconcursos.com.br\/blog\/delegado-ms-curso-para-a-prova-oral\/\"]}]},{\"@type\":\"ImageObject\",\"inLanguage\":\"pt-BR\",\"@id\":\"https:\/\/www.estrategiaconcursos.com.br\/blog\/delegado-ms-curso-para-a-prova-oral\/#primaryimage\",\"url\":\"https:\/\/dhg1h5j42swfq.cloudfront.net\/2021\/06\/24132106\/delegado-ms.jpeg\",\"contentUrl\":\"https:\/\/dhg1h5j42swfq.cloudfront.net\/2021\/06\/24132106\/delegado-ms.jpeg\",\"width\":768,\"height\":432,\"caption\":\"edital delegado ms\"},{\"@type\":\"BreadcrumbList\",\"@id\":\"https:\/\/www.estrategiaconcursos.com.br\/blog\/delegado-ms-curso-para-a-prova-oral\/#breadcrumb\",\"itemListElement\":[{\"@type\":\"ListItem\",\"position\":1,\"name\":\"In\u00edcio\",\"item\":\"https:\/\/www.estrategiaconcursos.com.br\/blog\/\"},{\"@type\":\"ListItem\",\"position\":2,\"name\":\"Delegado MS: curso presencial para a prova oral\"}]},{\"@type\":\"WebSite\",\"@id\":\"https:\/\/www.estrategiaconcursos.com.br\/blog\/#website\",\"url\":\"https:\/\/www.estrategiaconcursos.com.br\/blog\/\",\"name\":\"Estrat\u00e9gia Concursos\",\"description\":\"O blog da Estrat\u00e9gia Concursos traz not\u00edcias sobre concursos e artigos de professores oferecendo cursos para concursos (pdf + videaulas) no site.\",\"publisher\":{\"@id\":\"https:\/\/www.estrategiaconcursos.com.br\/blog\/#organization\"},\"potentialAction\":[{\"@type\":\"SearchAction\",\"target\":{\"@type\":\"EntryPoint\",\"urlTemplate\":\"https:\/\/www.estrategiaconcursos.com.br\/blog\/?s={search_term_string}\"},\"query-input\":{\"@type\":\"PropertyValueSpecification\",\"valueRequired\":true,\"valueName\":\"search_term_string\"}}],\"inLanguage\":\"pt-BR\"},{\"@type\":\"Organization\",\"@id\":\"https:\/\/www.estrategiaconcursos.com.br\/blog\/#organization\",\"name\":\"Estrat\u00e9gia Concursos\",\"url\":\"https:\/\/www.estrategiaconcursos.com.br\/blog\/\",\"logo\":{\"@type\":\"ImageObject\",\"inLanguage\":\"pt-BR\",\"@id\":\"https:\/\/www.estrategiaconcursos.com.br\/blog\/#\/schema\/logo\/image\/\",\"url\":\"https:\/\/dhg1h5j42swfq.cloudfront.net\/2025\/06\/03203428\/logo_concursos-1.jpg\",\"contentUrl\":\"https:\/\/dhg1h5j42swfq.cloudfront.net\/2025\/06\/03203428\/logo_concursos-1.jpg\",\"width\":230,\"height\":60,\"caption\":\"Estrat\u00e9gia Concursos\"},\"image\":{\"@id\":\"https:\/\/www.estrategiaconcursos.com.br\/blog\/#\/schema\/logo\/image\/\"},\"sameAs\":[\"https:\/\/x.com\/EstratConcursos\"]},{\"@type\":\"Person\",\"@id\":\"https:\/\/www.estrategiaconcursos.com.br\/blog\/#\/schema\/person\/b4a388c97673c5f483d72185668afa1f\",\"name\":\"Coordena\u00e7\u00e3o\",\"image\":{\"@type\":\"ImageObject\",\"inLanguage\":\"pt-BR\",\"@id\":\"https:\/\/secure.gravatar.com\/avatar\/b720319e4c9a967eb58678d110f4fe35452fc5d5f97b202bac7b8acceb18c6ad?s=96&d=mm&r=g\",\"url\":\"https:\/\/secure.gravatar.com\/avatar\/b720319e4c9a967eb58678d110f4fe35452fc5d5f97b202bac7b8acceb18c6ad?s=96&d=mm&r=g\",\"contentUrl\":\"https:\/\/secure.gravatar.com\/avatar\/b720319e4c9a967eb58678d110f4fe35452fc5d5f97b202bac7b8acceb18c6ad?s=96&d=mm&r=g\",\"caption\":\"Coordena\u00e7\u00e3o\"},\"sameAs\":[\"https:\/\/www.facebook.com\/EstrategiaConcursos\",\"https:\/\/x.com\/EstratConcursos\"],\"url\":\"https:\/\/www.estrategiaconcursos.com.br\/blog\/author\/estrategia2013\/\"}]}<\/script>\n<!-- \/ Yoast SEO Premium plugin. -->","yoast_head_json":{"title":"Delegado MS: curso presencial para a prova oral","description":"Reforce sua prepara\u00e7\u00e3o com o evento Delegado MS:curso para a prova oral que acontece de 04 a 05\/03\/2022. Saiba mais aqui!","robots":{"index":"index","follow":"follow","max-snippet":"max-snippet:-1","max-image-preview":"max-image-preview:large","max-video-preview":"max-video-preview:-1"},"canonical":"https:\/\/www.estrategiaconcursos.com.br\/blog\/delegado-ms-curso-para-a-prova-oral\/","og_locale":"pt_BR","og_type":"article","og_title":"Delegado MS: curso presencial para a prova oral","og_description":"Reforce sua prepara\u00e7\u00e3o com o evento Delegado MS:curso para a prova oral que acontece de 04 a 05\/03\/2022. Saiba mais aqui!","og_url":"https:\/\/www.estrategiaconcursos.com.br\/blog\/delegado-ms-curso-para-a-prova-oral\/","og_site_name":"Estrat\u00e9gia Concursos","article_author":"https:\/\/www.facebook.com\/EstrategiaConcursos","article_published_time":"2022-03-04T10:00:00+00:00","og_image":[{"width":768,"height":432,"url":"https:\/\/dhg1h5j42swfq.cloudfront.net\/2021\/06\/24132106\/delegado-ms.jpeg","type":"image\/jpeg"}],"author":"Coordena\u00e7\u00e3o","twitter_card":"summary_large_image","twitter_creator":"@EstratConcursos","twitter_site":"@EstratConcursos","twitter_misc":{"Escrito por":"Coordena\u00e7\u00e3o","Est. tempo de leitura":"2 minutos"},"schema":{"@context":"https:\/\/schema.org","@graph":[{"@type":"NewsArticle","@id":"https:\/\/www.estrategiaconcursos.com.br\/blog\/delegado-ms-curso-para-a-prova-oral\/#article","isPartOf":{"@id":"https:\/\/www.estrategiaconcursos.com.br\/blog\/delegado-ms-curso-para-a-prova-oral\/"},"author":{"name":"Coordena\u00e7\u00e3o","@id":"https:\/\/www.estrategiaconcursos.com.br\/blog\/#\/schema\/person\/b4a388c97673c5f483d72185668afa1f"},"headline":"Delegado MS: curso presencial para a prova oral","datePublished":"2022-03-04T10:00:00+00:00","mainEntityOfPage":{"@id":"https:\/\/www.estrategiaconcursos.com.br\/blog\/delegado-ms-curso-para-a-prova-oral\/"},"wordCount":330,"commentCount":0,"publisher":{"@id":"https:\/\/www.estrategiaconcursos.com.br\/blog\/#organization"},"image":{"@id":"https:\/\/www.estrategiaconcursos.com.br\/blog\/delegado-ms-curso-para-a-prova-oral\/#primaryimage"},"thumbnailUrl":"https:\/\/dhg1h5j42swfq.cloudfront.net\/2021\/06\/24132106\/delegado-ms.jpeg","articleSection":["Jur\u00eddico - Delegado"],"inLanguage":"pt-BR","potentialAction":[{"@type":"CommentAction","name":"Comment","target":["https:\/\/www.estrategiaconcursos.com.br\/blog\/delegado-ms-curso-para-a-prova-oral\/#respond"]}],"copyrightYear":"2022","copyrightHolder":{"@id":"https:\/\/www.estrategiaconcursos.com.br\/blog\/#organization"}},{"@type":"WebPage","@id":"https:\/\/www.estrategiaconcursos.com.br\/blog\/delegado-ms-curso-para-a-prova-oral\/","url":"https:\/\/www.estrategiaconcursos.com.br\/blog\/delegado-ms-curso-para-a-prova-oral\/","name":"Delegado MS: curso presencial para a prova oral","isPartOf":{"@id":"https:\/\/www.estrategiaconcursos.com.br\/blog\/#website"},"primaryImageOfPage":{"@id":"https:\/\/www.estrategiaconcursos.com.br\/blog\/delegado-ms-curso-para-a-prova-oral\/#primaryimage"},"image":{"@id":"https:\/\/www.estrategiaconcursos.com.br\/blog\/delegado-ms-curso-para-a-prova-oral\/#primaryimage"},"thumbnailUrl":"https:\/\/dhg1h5j42swfq.cloudfront.net\/2021\/06\/24132106\/delegado-ms.jpeg","datePublished":"2022-03-04T10:00:00+00:00","description":"Reforce sua prepara\u00e7\u00e3o com o evento Delegado MS:curso para a prova oral que acontece de 04 a 05\/03\/2022. Saiba mais aqui!","breadcrumb":{"@id":"https:\/\/www.estrategiaconcursos.com.br\/blog\/delegado-ms-curso-para-a-prova-oral\/#breadcrumb"},"inLanguage":"pt-BR","potentialAction":[{"@type":"ReadAction","target":["https:\/\/www.estrategiaconcursos.com.br\/blog\/delegado-ms-curso-para-a-prova-oral\/"]}]},{"@type":"ImageObject","inLanguage":"pt-BR","@id":"https:\/\/www.estrategiaconcursos.com.br\/blog\/delegado-ms-curso-para-a-prova-oral\/#primaryimage","url":"https:\/\/dhg1h5j42swfq.cloudfront.net\/2021\/06\/24132106\/delegado-ms.jpeg","contentUrl":"https:\/\/dhg1h5j42swfq.cloudfront.net\/2021\/06\/24132106\/delegado-ms.jpeg","width":768,"height":432,"caption":"edital delegado ms"},{"@type":"BreadcrumbList","@id":"https:\/\/www.estrategiaconcursos.com.br\/blog\/delegado-ms-curso-para-a-prova-oral\/#breadcrumb","itemListElement":[{"@type":"ListItem","position":1,"name":"In\u00edcio","item":"https:\/\/www.estrategiaconcursos.com.br\/blog\/"},{"@type":"ListItem","position":2,"name":"Delegado MS: curso presencial para a prova oral"}]},{"@type":"WebSite","@id":"https:\/\/www.estrategiaconcursos.com.br\/blog\/#website","url":"https:\/\/www.estrategiaconcursos.com.br\/blog\/","name":"Estrat\u00e9gia Concursos","description":"O blog da Estrat\u00e9gia Concursos traz not\u00edcias sobre concursos e artigos de professores oferecendo cursos para concursos (pdf + videaulas) no site.","publisher":{"@id":"https:\/\/www.estrategiaconcursos.com.br\/blog\/#organization"},"potentialAction":[{"@type":"SearchAction","target":{"@type":"EntryPoint","urlTemplate":"https:\/\/www.estrategiaconcursos.com.br\/blog\/?s={search_term_string}"},"query-input":{"@type":"PropertyValueSpecification","valueRequired":true,"valueName":"search_term_string"}}],"inLanguage":"pt-BR"},{"@type":"Organization","@id":"https:\/\/www.estrategiaconcursos.com.br\/blog\/#organization","name":"Estrat\u00e9gia Concursos","url":"https:\/\/www.estrategiaconcursos.com.br\/blog\/","logo":{"@type":"ImageObject","inLanguage":"pt-BR","@id":"https:\/\/www.estrategiaconcursos.com.br\/blog\/#\/schema\/logo\/image\/","url":"https:\/\/dhg1h5j42swfq.cloudfront.net\/2025\/06\/03203428\/logo_concursos-1.jpg","contentUrl":"https:\/\/dhg1h5j42swfq.cloudfront.net\/2025\/06\/03203428\/logo_concursos-1.jpg","width":230,"height":60,"caption":"Estrat\u00e9gia Concursos"},"image":{"@id":"https:\/\/www.estrategiaconcursos.com.br\/blog\/#\/schema\/logo\/image\/"},"sameAs":["https:\/\/x.com\/EstratConcursos"]},{"@type":"Person","@id":"https:\/\/www.estrategiaconcursos.com.br\/blog\/#\/schema\/person\/b4a388c97673c5f483d72185668afa1f","name":"Coordena\u00e7\u00e3o","image":{"@type":"ImageObject","inLanguage":"pt-BR","@id":"https:\/\/secure.gravatar.com\/avatar\/b720319e4c9a967eb58678d110f4fe35452fc5d5f97b202bac7b8acceb18c6ad?s=96&d=mm&r=g","url":"https:\/\/secure.gravatar.com\/avatar\/b720319e4c9a967eb58678d110f4fe35452fc5d5f97b202bac7b8acceb18c6ad?s=96&d=mm&r=g","contentUrl":"https:\/\/secure.gravatar.com\/avatar\/b720319e4c9a967eb58678d110f4fe35452fc5d5f97b202bac7b8acceb18c6ad?s=96&d=mm&r=g","caption":"Coordena\u00e7\u00e3o"},"sameAs":["https:\/\/www.facebook.com\/EstrategiaConcursos","https:\/\/x.com\/EstratConcursos"],"url":"https:\/\/www.estrategiaconcursos.com.br\/blog\/author\/estrategia2013\/"}]}},"_links":{"self":[{"href":"https:\/\/www.estrategiaconcursos.com.br\/blog\/wp-json\/wp\/v2\/posts\/975856","targetHints":{"allow":["GET"]}}],"collection":[{"href":"https:\/\/www.estrategiaconcursos.com.br\/blog\/wp-json\/wp\/v2\/posts"}],"about":[{"href":"https:\/\/www.estrategiaconcursos.com.br\/blog\/wp-json\/wp\/v2\/types\/post"}],"author":[{"embeddable":true,"href":"https:\/\/www.estrategiaconcursos.com.br\/blog\/wp-json\/wp\/v2\/users\/1"}],"replies":[{"embeddable":true,"href":"https:\/\/www.estrategiaconcursos.com.br\/blog\/wp-json\/wp\/v2\/comments?post=975856"}],"version-history":[{"count":8,"href":"https:\/\/www.estrategiaconcursos.com.br\/blog\/wp-json\/wp\/v2\/posts\/975856\/revisions"}],"predecessor-version":[{"id":976299,"href":"https:\/\/www.estrategiaconcursos.com.br\/blog\/wp-json\/wp\/v2\/posts\/975856\/revisions\/976299"}],"wp:featuredmedia":[{"embeddable":true,"href":"https:\/\/www.estrategiaconcursos.com.br\/blog\/wp-json\/wp\/v2\/media\/776002"}],"wp:attachment":[{"href":"https:\/\/www.estrategiaconcursos.com.br\/blog\/wp-json\/wp\/v2\/media?parent=975856"}],"wp:term":[{"taxonomy":"category","embeddable":true,"href":"https:\/\/www.estrategiaconcursos.com.br\/blog\/wp-json\/wp\/v2\/categories?post=975856"},{"taxonomy":"post_tag","embeddable":true,"href":"https:\/\/www.estrategiaconcursos.com.br\/blog\/wp-json\/wp\/v2\/tags?post=975856"},{"taxonomy":"tax_estado","embeddable":true,"href":"https:\/\/www.estrategiaconcursos.com.br\/blog\/wp-json\/wp\/v2\/tax_estado?post=975856"}],"curies":[{"name":"wp","href":"https:\/\/api.w.org\/{rel}","templated":true}]}}