{"id":975199,"date":"2022-02-22T14:45:13","date_gmt":"2022-02-22T17:45:13","guid":{"rendered":"https:\/\/www.estrategiaconcursos.com.br\/blog\/?p=975199"},"modified":"2022-02-22T16:37:46","modified_gmt":"2022-02-22T19:37:46","slug":"concurso-sed-ms-edital-23-de-fevereiro","status":"publish","type":"post","link":"https:\/\/www.estrategiaconcursos.com.br\/blog\/concurso-sed-ms-edital-23-de-fevereiro\/","title":{"rendered":"Concurso SED MS: edital ser\u00e1 publicado nesta quarta-feira (23\/2)"},"content":{"rendered":"\n<p>O edital do concurso da <a href=\"https:\/\/www.estrategiaconcursos.com.br\/cursosPorConcurso\/sed-ms-secretaria-de-estado-de-educacao-do-mato-grosso-do-sul\/\" target=\"_blank\" rel=\"noreferrer noopener\">Secretaria de Educa\u00e7\u00e3o do Mato Grosso Sul <\/a>(<strong>concurso SED MS<\/strong>) ser\u00e1 publicado nesta quarta-feira, 23 de fevereiro.<\/p>\n\n\n\n<p>A informa\u00e7\u00e3o foi repassada pela assessoria do governo. De acordo com a pasta, est\u00e3o confirmadas<strong> 722<\/strong> <strong>vagas<\/strong> para a carreira de <strong>professor de Educa\u00e7\u00e3o B\u00e1sica<\/strong>.<\/p>\n\n\n\n<p>Importante destacar que a os integrantes da Fetems, da SAD (Secretaria de Administra\u00e7\u00e3o e Desburocratiza\u00e7\u00e3o) e SED solicitaram o preenchimento de <strong>2 mil vagas<\/strong> por meio do edital, <a href=\"https:\/\/www.estrategiaconcursos.com.br\/blog\/concurso-sed-ms-2-mil-vagas\/\" target=\"_blank\" rel=\"noreferrer noopener\">veja aqui<\/a>.<\/p>\n\n\n\n<p>De acordo com o extrato de contrato divulgado na \u00faltima segunda-feira (21\/2), por meio do Di\u00e1rio Oficial, o edital ficar\u00e1 sob responsabilidade do <strong>Instituto <a href=\"https:\/\/www.institutoaocp.org.br\">AOCP<\/a>.<\/strong> <\/p>\n\n\n\n<p>As vagas ser\u00e3o para os anos finais do Ensino Fundamental ao Ensino M\u00e9dio. Assim, haver\u00e1&nbsp;<strong>oportunidades para professores de diversas \u00e1reas<\/strong>, como as de L\u00edngua Portuguesa, Matem\u00e1tica, Hist\u00f3ria e Geografia, dentre outras.&nbsp;<\/p>\n\n\n\n<p>As vagas ser\u00e3o divididas entre os&nbsp;<strong>79 munic\u00edpios do Estado<\/strong>, conforme disponibilidade da Rede Estadual.<\/p>\n\n\n\n<p>De acordo com o Decreto estadual, a tabela de remunera\u00e7\u00e3o do profissional convocado, com carga hor\u00e1ria de 40 horas ser\u00e1 no valor de: <\/p>\n\n\n\n<ul class=\"wp-block-list\"><li>R$ 2.733,33 para forma\u00e7\u00e3o Normal M\u00e9dio\/Magist\u00e9rio; <\/li><li>R$ 3.690,00 para forma\u00e7\u00e3o de Gradua\u00e7\u00e3o sem Licenciatura; <\/li><li>R$ 4.100,00 para Gradua\u00e7\u00e3o com Licenciatura; <\/li><li>R$ 4.373,27 para forma\u00e7\u00e3o com Especializa\u00e7\u00e3o; e <\/li><li>R$ 4.510,00 para forma\u00e7\u00e3o com mestrado\/Doutorado.<\/li><\/ul>\n\n\n\n<p class=\"has-text-align-center has-black-color has-pale-cyan-blue-background-color has-text-color has-background has-medium-font-size\"><a href=\"https:\/\/www.estrategiaconcursos.com.br\/blog\/concurso-sed-ms\/\" target=\"_blank\" rel=\"noreferrer noopener\"><strong>Saiba mais: concurso SED MS<\/strong><\/a><\/p>\n\n\n\n\n\n<div class=\"container\" id=\"boxes\">\n  <div class=\"row\">\n\n    <div class=\"col-sm\">\n      <div class=\"banner-estrategia\" id=\"box-assinatura\">\n        <h3 class=\"titulo-assinatura\">Curso SED MS<\/h3>\n        <p class=\"subtitulo-assinatura\">Conhe\u00e7a os cursos<\/p>\n        <div class=\"box-botao\">\n          <a class=\"btn-assinatura\" target=\"_blank\" href=\"https:\/\/www.estrategiaconcursos.com.br\/cursosPorConcurso\/sed-ms-secretaria-de-estado-de-educacao-do-mato-grosso-do-sul\/\" role=\"button\" rel=\"noopener noreferrer\">Conhe\u00e7a mais<\/a>\n        <\/div>\n      <\/div>\n      <p class=\"texto-auxiliar\">Prepare-se com o melhor material e com quem mais aprova em Concursos P\u00fablicos em todo o pa\u00eds.<\/p>\n    <\/div>\n\n  <\/div>\n<\/div>\n\n\n\n<div class=\"container\" id=\"boxes\">\n  <div class=\"row\">\n\n    <div class=\"col-sm\">\n      <div class=\"estrategia\" id=\"box-assinatura\">\n        <h3 class=\"titulo-assinatura\">Assinatura Concursos<\/h3>\n        <p class=\"subtitulo-assinatura\">Assinatura de 1 ano ou 2 anos<\/p>\n        <div class=\"box-botao\">\n          <a class=\"btn-assinatura\" target=\"_blank\" href=\"https:\/\/www.estrategiaconcursos.com.br\/assinaturas\/\" role=\"button\" rel=\"noopener noreferrer\">ASSINE AGORA<\/a>\n        <\/div>\n      <\/div>\n     \n    <\/div><\/div><\/div>\n\n\n\n<p><\/p>\n","protected":false},"excerpt":{"rendered":"<p>O edital do concurso da Secretaria de Educa\u00e7\u00e3o do Mato Grosso Sul (concurso SED MS) ser\u00e1 publicado nesta quarta-feira, 23 de fevereiro. A informa\u00e7\u00e3o foi repassada pela assessoria do governo. De acordo com a pasta, est\u00e3o confirmadas 722 vagas para a carreira de professor de Educa\u00e7\u00e3o B\u00e1sica. Importante destacar que a os integrantes da Fetems, [&hellip;]<\/p>\n","protected":false},"author":2319,"featured_media":845418,"comment_status":"open","ping_status":"closed","sticky":false,"template":"","format":"standard","meta":{"post_tipo":"news","footnotes":""},"categories":[3766],"tags":[220401,220402,3818,220558],"tax_estado":[219975],"class_list":["post-975199","post","type-post","status-publish","format-standard","has-post-thumbnail","hentry","category-educacional","tag-concurso-sed-ms","tag-edital-sed-ms","tag-sed-ms","tag-vagas-sed-ms","tax_estado-ms"],"acf":[],"yoast_head":"<!-- This site is optimized with the Yoast SEO Premium plugin v27.2 (Yoast SEO v27.2) - https:\/\/yoast.com\/product\/yoast-seo-premium-wordpress\/ -->\n<title>Concurso SED MS: edital ser\u00e1 publicado nesta quarta-feira (23\/2)<\/title>\n<meta name=\"description\" content=\"O edital do concurso para a Secretaria de Educa\u00e7\u00e3o do Mato Grosso do Sul ser\u00e1 publicado em 23 de fevereiro (concurso SED MS)\" \/>\n<meta name=\"robots\" content=\"index, follow, max-snippet:-1, max-image-preview:large, max-video-preview:-1\" \/>\n<link rel=\"canonical\" href=\"https:\/\/www.estrategiaconcursos.com.br\/blog\/concurso-sed-ms-edital-23-de-fevereiro\/\" \/>\n<meta property=\"og:locale\" content=\"pt_BR\" \/>\n<meta property=\"og:type\" content=\"article\" \/>\n<meta property=\"og:title\" content=\"Concurso SED MS: edital ser\u00e1 publicado nesta quarta-feira (23\/2)\" \/>\n<meta property=\"og:description\" content=\"O edital do concurso para a Secretaria de Educa\u00e7\u00e3o do Mato Grosso do Sul ser\u00e1 publicado em 23 de fevereiro (concurso SED MS)\" \/>\n<meta property=\"og:url\" content=\"https:\/\/www.estrategiaconcursos.com.br\/blog\/concurso-sed-ms-edital-23-de-fevereiro\/\" \/>\n<meta property=\"og:site_name\" content=\"Estrat\u00e9gia Concursos\" \/>\n<meta property=\"article:published_time\" content=\"2022-02-22T17:45:13+00:00\" \/>\n<meta property=\"article:modified_time\" content=\"2022-02-22T19:37:46+00:00\" \/>\n<meta property=\"og:image\" content=\"https:\/\/dhg1h5j42swfq.cloudfront.net\/2021\/08\/25125231\/sed-ms-1.jpeg\" \/>\n\t<meta property=\"og:image:width\" content=\"768\" \/>\n\t<meta property=\"og:image:height\" content=\"432\" \/>\n\t<meta property=\"og:image:type\" content=\"image\/jpeg\" \/>\n<meta name=\"author\" content=\"Let\u00edcia Teixeira\" \/>\n<meta name=\"twitter:card\" content=\"summary_large_image\" \/>\n<meta name=\"twitter:creator\" content=\"@EstratConcursos\" \/>\n<meta name=\"twitter:site\" content=\"@EstratConcursos\" \/>\n<meta name=\"twitter:label1\" content=\"Escrito por\" \/>\n\t<meta name=\"twitter:data1\" content=\"Let\u00edcia Teixeira\" \/>\n\t<meta name=\"twitter:label2\" content=\"Est. tempo de leitura\" \/>\n\t<meta name=\"twitter:data2\" content=\"2 minutos\" \/>\n<script type=\"application\/ld+json\" class=\"yoast-schema-graph\">{\"@context\":\"https:\/\/schema.org\",\"@graph\":[{\"@type\":\"NewsArticle\",\"@id\":\"https:\/\/www.estrategiaconcursos.com.br\/blog\/concurso-sed-ms-edital-23-de-fevereiro\/#article\",\"isPartOf\":{\"@id\":\"https:\/\/www.estrategiaconcursos.com.br\/blog\/concurso-sed-ms-edital-23-de-fevereiro\/\"},\"author\":{\"name\":\"Let\u00edcia Teixeira\",\"@id\":\"https:\/\/www.estrategiaconcursos.com.br\/blog\/#\/schema\/person\/9b94727dcf4410f4a7931c83966c843b\"},\"headline\":\"Concurso SED MS: edital ser\u00e1 publicado nesta quarta-feira (23\/2)\",\"datePublished\":\"2022-02-22T17:45:13+00:00\",\"dateModified\":\"2022-02-22T19:37:46+00:00\",\"mainEntityOfPage\":{\"@id\":\"https:\/\/www.estrategiaconcursos.com.br\/blog\/concurso-sed-ms-edital-23-de-fevereiro\/\"},\"wordCount\":276,\"commentCount\":0,\"publisher\":{\"@id\":\"https:\/\/www.estrategiaconcursos.com.br\/blog\/#organization\"},\"image\":{\"@id\":\"https:\/\/www.estrategiaconcursos.com.br\/blog\/concurso-sed-ms-edital-23-de-fevereiro\/#primaryimage\"},\"thumbnailUrl\":\"https:\/\/dhg1h5j42swfq.cloudfront.net\/2021\/08\/25125231\/sed-ms-1.jpeg\",\"keywords\":[\"concurso SED MS\",\"edital SED MS\",\"SED MS\",\"vagas SED MS\"],\"articleSection\":[\"Educa\u00e7\u00e3o\"],\"inLanguage\":\"pt-BR\",\"potentialAction\":[{\"@type\":\"CommentAction\",\"name\":\"Comment\",\"target\":[\"https:\/\/www.estrategiaconcursos.com.br\/blog\/concurso-sed-ms-edital-23-de-fevereiro\/#respond\"]}],\"copyrightYear\":\"2022\",\"copyrightHolder\":{\"@id\":\"https:\/\/www.estrategiaconcursos.com.br\/blog\/#organization\"}},{\"@type\":\"WebPage\",\"@id\":\"https:\/\/www.estrategiaconcursos.com.br\/blog\/concurso-sed-ms-edital-23-de-fevereiro\/\",\"url\":\"https:\/\/www.estrategiaconcursos.com.br\/blog\/concurso-sed-ms-edital-23-de-fevereiro\/\",\"name\":\"Concurso SED MS: edital ser\u00e1 publicado nesta quarta-feira (23\/2)\",\"isPartOf\":{\"@id\":\"https:\/\/www.estrategiaconcursos.com.br\/blog\/#website\"},\"primaryImageOfPage\":{\"@id\":\"https:\/\/www.estrategiaconcursos.com.br\/blog\/concurso-sed-ms-edital-23-de-fevereiro\/#primaryimage\"},\"image\":{\"@id\":\"https:\/\/www.estrategiaconcursos.com.br\/blog\/concurso-sed-ms-edital-23-de-fevereiro\/#primaryimage\"},\"thumbnailUrl\":\"https:\/\/dhg1h5j42swfq.cloudfront.net\/2021\/08\/25125231\/sed-ms-1.jpeg\",\"datePublished\":\"2022-02-22T17:45:13+00:00\",\"dateModified\":\"2022-02-22T19:37:46+00:00\",\"description\":\"O edital do concurso para a Secretaria de Educa\u00e7\u00e3o do Mato Grosso do Sul ser\u00e1 publicado em 23 de fevereiro (concurso SED MS)\",\"breadcrumb\":{\"@id\":\"https:\/\/www.estrategiaconcursos.com.br\/blog\/concurso-sed-ms-edital-23-de-fevereiro\/#breadcrumb\"},\"inLanguage\":\"pt-BR\",\"potentialAction\":[{\"@type\":\"ReadAction\",\"target\":[\"https:\/\/www.estrategiaconcursos.com.br\/blog\/concurso-sed-ms-edital-23-de-fevereiro\/\"]}]},{\"@type\":\"ImageObject\",\"inLanguage\":\"pt-BR\",\"@id\":\"https:\/\/www.estrategiaconcursos.com.br\/blog\/concurso-sed-ms-edital-23-de-fevereiro\/#primaryimage\",\"url\":\"https:\/\/dhg1h5j42swfq.cloudfront.net\/2021\/08\/25125231\/sed-ms-1.jpeg\",\"contentUrl\":\"https:\/\/dhg1h5j42swfq.cloudfront.net\/2021\/08\/25125231\/sed-ms-1.jpeg\",\"width\":768,\"height\":432,\"caption\":\"SED MS\"},{\"@type\":\"BreadcrumbList\",\"@id\":\"https:\/\/www.estrategiaconcursos.com.br\/blog\/concurso-sed-ms-edital-23-de-fevereiro\/#breadcrumb\",\"itemListElement\":[{\"@type\":\"ListItem\",\"position\":1,\"name\":\"In\u00edcio\",\"item\":\"https:\/\/www.estrategiaconcursos.com.br\/blog\/\"},{\"@type\":\"ListItem\",\"position\":2,\"name\":\"Concurso SED MS: edital ser\u00e1 publicado nesta quarta-feira (23\/2)\"}]},{\"@type\":\"WebSite\",\"@id\":\"https:\/\/www.estrategiaconcursos.com.br\/blog\/#website\",\"url\":\"https:\/\/www.estrategiaconcursos.com.br\/blog\/\",\"name\":\"Estrat\u00e9gia Concursos\",\"description\":\"O blog da Estrat\u00e9gia Concursos traz not\u00edcias sobre concursos e artigos de professores oferecendo cursos para concursos (pdf + videaulas) no site.\",\"publisher\":{\"@id\":\"https:\/\/www.estrategiaconcursos.com.br\/blog\/#organization\"},\"potentialAction\":[{\"@type\":\"SearchAction\",\"target\":{\"@type\":\"EntryPoint\",\"urlTemplate\":\"https:\/\/www.estrategiaconcursos.com.br\/blog\/?s={search_term_string}\"},\"query-input\":{\"@type\":\"PropertyValueSpecification\",\"valueRequired\":true,\"valueName\":\"search_term_string\"}}],\"inLanguage\":\"pt-BR\"},{\"@type\":\"Organization\",\"@id\":\"https:\/\/www.estrategiaconcursos.com.br\/blog\/#organization\",\"name\":\"Estrat\u00e9gia Concursos\",\"url\":\"https:\/\/www.estrategiaconcursos.com.br\/blog\/\",\"logo\":{\"@type\":\"ImageObject\",\"inLanguage\":\"pt-BR\",\"@id\":\"https:\/\/www.estrategiaconcursos.com.br\/blog\/#\/schema\/logo\/image\/\",\"url\":\"https:\/\/dhg1h5j42swfq.cloudfront.net\/2025\/06\/03203428\/logo_concursos-1.jpg\",\"contentUrl\":\"https:\/\/dhg1h5j42swfq.cloudfront.net\/2025\/06\/03203428\/logo_concursos-1.jpg\",\"width\":230,\"height\":60,\"caption\":\"Estrat\u00e9gia Concursos\"},\"image\":{\"@id\":\"https:\/\/www.estrategiaconcursos.com.br\/blog\/#\/schema\/logo\/image\/\"},\"sameAs\":[\"https:\/\/x.com\/EstratConcursos\"]},{\"@type\":\"Person\",\"@id\":\"https:\/\/www.estrategiaconcursos.com.br\/blog\/#\/schema\/person\/9b94727dcf4410f4a7931c83966c843b\",\"name\":\"Let\u00edcia Teixeira\",\"image\":{\"@type\":\"ImageObject\",\"inLanguage\":\"pt-BR\",\"@id\":\"https:\/\/secure.gravatar.com\/avatar\/fb589b06b881e20b676d08f9d03226d1e3291ba2f90e751ddc9ccb21abf0244d?s=96&d=mm&r=g\",\"url\":\"https:\/\/secure.gravatar.com\/avatar\/fb589b06b881e20b676d08f9d03226d1e3291ba2f90e751ddc9ccb21abf0244d?s=96&d=mm&r=g\",\"contentUrl\":\"https:\/\/secure.gravatar.com\/avatar\/fb589b06b881e20b676d08f9d03226d1e3291ba2f90e751ddc9ccb21abf0244d?s=96&d=mm&r=g\",\"caption\":\"Let\u00edcia Teixeira\"},\"description\":\"Jornalista com experi\u00eancia de mais de quatro anos no segmento de concursos p\u00fablicos. Especializada em Narrativa Transm\u00eddia e Storytelling pela Universidade Cat\u00f3lica de Bras\u00edlia, com atua\u00e7\u00e3o nas \u00e1reas de SEO, conte\u00fado, Webwriting e Copywriting.\",\"url\":\"https:\/\/www.estrategiaconcursos.com.br\/blog\/author\/leticia-teixeiraestrategia-com\/\"}]}<\/script>\n<!-- \/ Yoast SEO Premium plugin. -->","yoast_head_json":{"title":"Concurso SED MS: edital ser\u00e1 publicado nesta quarta-feira (23\/2)","description":"O edital do concurso para a Secretaria de Educa\u00e7\u00e3o do Mato Grosso do Sul ser\u00e1 publicado em 23 de fevereiro (concurso SED MS)","robots":{"index":"index","follow":"follow","max-snippet":"max-snippet:-1","max-image-preview":"max-image-preview:large","max-video-preview":"max-video-preview:-1"},"canonical":"https:\/\/www.estrategiaconcursos.com.br\/blog\/concurso-sed-ms-edital-23-de-fevereiro\/","og_locale":"pt_BR","og_type":"article","og_title":"Concurso SED MS: edital ser\u00e1 publicado nesta quarta-feira (23\/2)","og_description":"O edital do concurso para a Secretaria de Educa\u00e7\u00e3o do Mato Grosso do Sul ser\u00e1 publicado em 23 de fevereiro (concurso SED MS)","og_url":"https:\/\/www.estrategiaconcursos.com.br\/blog\/concurso-sed-ms-edital-23-de-fevereiro\/","og_site_name":"Estrat\u00e9gia Concursos","article_published_time":"2022-02-22T17:45:13+00:00","article_modified_time":"2022-02-22T19:37:46+00:00","og_image":[{"width":768,"height":432,"url":"https:\/\/dhg1h5j42swfq.cloudfront.net\/2021\/08\/25125231\/sed-ms-1.jpeg","type":"image\/jpeg"}],"author":"Let\u00edcia Teixeira","twitter_card":"summary_large_image","twitter_creator":"@EstratConcursos","twitter_site":"@EstratConcursos","twitter_misc":{"Escrito por":"Let\u00edcia Teixeira","Est. tempo de leitura":"2 minutos"},"schema":{"@context":"https:\/\/schema.org","@graph":[{"@type":"NewsArticle","@id":"https:\/\/www.estrategiaconcursos.com.br\/blog\/concurso-sed-ms-edital-23-de-fevereiro\/#article","isPartOf":{"@id":"https:\/\/www.estrategiaconcursos.com.br\/blog\/concurso-sed-ms-edital-23-de-fevereiro\/"},"author":{"name":"Let\u00edcia Teixeira","@id":"https:\/\/www.estrategiaconcursos.com.br\/blog\/#\/schema\/person\/9b94727dcf4410f4a7931c83966c843b"},"headline":"Concurso SED MS: edital ser\u00e1 publicado nesta quarta-feira (23\/2)","datePublished":"2022-02-22T17:45:13+00:00","dateModified":"2022-02-22T19:37:46+00:00","mainEntityOfPage":{"@id":"https:\/\/www.estrategiaconcursos.com.br\/blog\/concurso-sed-ms-edital-23-de-fevereiro\/"},"wordCount":276,"commentCount":0,"publisher":{"@id":"https:\/\/www.estrategiaconcursos.com.br\/blog\/#organization"},"image":{"@id":"https:\/\/www.estrategiaconcursos.com.br\/blog\/concurso-sed-ms-edital-23-de-fevereiro\/#primaryimage"},"thumbnailUrl":"https:\/\/dhg1h5j42swfq.cloudfront.net\/2021\/08\/25125231\/sed-ms-1.jpeg","keywords":["concurso SED MS","edital SED MS","SED MS","vagas SED MS"],"articleSection":["Educa\u00e7\u00e3o"],"inLanguage":"pt-BR","potentialAction":[{"@type":"CommentAction","name":"Comment","target":["https:\/\/www.estrategiaconcursos.com.br\/blog\/concurso-sed-ms-edital-23-de-fevereiro\/#respond"]}],"copyrightYear":"2022","copyrightHolder":{"@id":"https:\/\/www.estrategiaconcursos.com.br\/blog\/#organization"}},{"@type":"WebPage","@id":"https:\/\/www.estrategiaconcursos.com.br\/blog\/concurso-sed-ms-edital-23-de-fevereiro\/","url":"https:\/\/www.estrategiaconcursos.com.br\/blog\/concurso-sed-ms-edital-23-de-fevereiro\/","name":"Concurso SED MS: edital ser\u00e1 publicado nesta quarta-feira (23\/2)","isPartOf":{"@id":"https:\/\/www.estrategiaconcursos.com.br\/blog\/#website"},"primaryImageOfPage":{"@id":"https:\/\/www.estrategiaconcursos.com.br\/blog\/concurso-sed-ms-edital-23-de-fevereiro\/#primaryimage"},"image":{"@id":"https:\/\/www.estrategiaconcursos.com.br\/blog\/concurso-sed-ms-edital-23-de-fevereiro\/#primaryimage"},"thumbnailUrl":"https:\/\/dhg1h5j42swfq.cloudfront.net\/2021\/08\/25125231\/sed-ms-1.jpeg","datePublished":"2022-02-22T17:45:13+00:00","dateModified":"2022-02-22T19:37:46+00:00","description":"O edital do concurso para a Secretaria de Educa\u00e7\u00e3o do Mato Grosso do Sul ser\u00e1 publicado em 23 de fevereiro (concurso SED MS)","breadcrumb":{"@id":"https:\/\/www.estrategiaconcursos.com.br\/blog\/concurso-sed-ms-edital-23-de-fevereiro\/#breadcrumb"},"inLanguage":"pt-BR","potentialAction":[{"@type":"ReadAction","target":["https:\/\/www.estrategiaconcursos.com.br\/blog\/concurso-sed-ms-edital-23-de-fevereiro\/"]}]},{"@type":"ImageObject","inLanguage":"pt-BR","@id":"https:\/\/www.estrategiaconcursos.com.br\/blog\/concurso-sed-ms-edital-23-de-fevereiro\/#primaryimage","url":"https:\/\/dhg1h5j42swfq.cloudfront.net\/2021\/08\/25125231\/sed-ms-1.jpeg","contentUrl":"https:\/\/dhg1h5j42swfq.cloudfront.net\/2021\/08\/25125231\/sed-ms-1.jpeg","width":768,"height":432,"caption":"SED MS"},{"@type":"BreadcrumbList","@id":"https:\/\/www.estrategiaconcursos.com.br\/blog\/concurso-sed-ms-edital-23-de-fevereiro\/#breadcrumb","itemListElement":[{"@type":"ListItem","position":1,"name":"In\u00edcio","item":"https:\/\/www.estrategiaconcursos.com.br\/blog\/"},{"@type":"ListItem","position":2,"name":"Concurso SED MS: edital ser\u00e1 publicado nesta quarta-feira (23\/2)"}]},{"@type":"WebSite","@id":"https:\/\/www.estrategiaconcursos.com.br\/blog\/#website","url":"https:\/\/www.estrategiaconcursos.com.br\/blog\/","name":"Estrat\u00e9gia Concursos","description":"O blog da Estrat\u00e9gia Concursos traz not\u00edcias sobre concursos e artigos de professores oferecendo cursos para concursos (pdf + videaulas) no site.","publisher":{"@id":"https:\/\/www.estrategiaconcursos.com.br\/blog\/#organization"},"potentialAction":[{"@type":"SearchAction","target":{"@type":"EntryPoint","urlTemplate":"https:\/\/www.estrategiaconcursos.com.br\/blog\/?s={search_term_string}"},"query-input":{"@type":"PropertyValueSpecification","valueRequired":true,"valueName":"search_term_string"}}],"inLanguage":"pt-BR"},{"@type":"Organization","@id":"https:\/\/www.estrategiaconcursos.com.br\/blog\/#organization","name":"Estrat\u00e9gia Concursos","url":"https:\/\/www.estrategiaconcursos.com.br\/blog\/","logo":{"@type":"ImageObject","inLanguage":"pt-BR","@id":"https:\/\/www.estrategiaconcursos.com.br\/blog\/#\/schema\/logo\/image\/","url":"https:\/\/dhg1h5j42swfq.cloudfront.net\/2025\/06\/03203428\/logo_concursos-1.jpg","contentUrl":"https:\/\/dhg1h5j42swfq.cloudfront.net\/2025\/06\/03203428\/logo_concursos-1.jpg","width":230,"height":60,"caption":"Estrat\u00e9gia Concursos"},"image":{"@id":"https:\/\/www.estrategiaconcursos.com.br\/blog\/#\/schema\/logo\/image\/"},"sameAs":["https:\/\/x.com\/EstratConcursos"]},{"@type":"Person","@id":"https:\/\/www.estrategiaconcursos.com.br\/blog\/#\/schema\/person\/9b94727dcf4410f4a7931c83966c843b","name":"Let\u00edcia Teixeira","image":{"@type":"ImageObject","inLanguage":"pt-BR","@id":"https:\/\/secure.gravatar.com\/avatar\/fb589b06b881e20b676d08f9d03226d1e3291ba2f90e751ddc9ccb21abf0244d?s=96&d=mm&r=g","url":"https:\/\/secure.gravatar.com\/avatar\/fb589b06b881e20b676d08f9d03226d1e3291ba2f90e751ddc9ccb21abf0244d?s=96&d=mm&r=g","contentUrl":"https:\/\/secure.gravatar.com\/avatar\/fb589b06b881e20b676d08f9d03226d1e3291ba2f90e751ddc9ccb21abf0244d?s=96&d=mm&r=g","caption":"Let\u00edcia Teixeira"},"description":"Jornalista com experi\u00eancia de mais de quatro anos no segmento de concursos p\u00fablicos. Especializada em Narrativa Transm\u00eddia e Storytelling pela Universidade Cat\u00f3lica de Bras\u00edlia, com atua\u00e7\u00e3o nas \u00e1reas de SEO, conte\u00fado, Webwriting e Copywriting.","url":"https:\/\/www.estrategiaconcursos.com.br\/blog\/author\/leticia-teixeiraestrategia-com\/"}]}},"_links":{"self":[{"href":"https:\/\/www.estrategiaconcursos.com.br\/blog\/wp-json\/wp\/v2\/posts\/975199","targetHints":{"allow":["GET"]}}],"collection":[{"href":"https:\/\/www.estrategiaconcursos.com.br\/blog\/wp-json\/wp\/v2\/posts"}],"about":[{"href":"https:\/\/www.estrategiaconcursos.com.br\/blog\/wp-json\/wp\/v2\/types\/post"}],"author":[{"embeddable":true,"href":"https:\/\/www.estrategiaconcursos.com.br\/blog\/wp-json\/wp\/v2\/users\/2319"}],"replies":[{"embeddable":true,"href":"https:\/\/www.estrategiaconcursos.com.br\/blog\/wp-json\/wp\/v2\/comments?post=975199"}],"version-history":[{"count":2,"href":"https:\/\/www.estrategiaconcursos.com.br\/blog\/wp-json\/wp\/v2\/posts\/975199\/revisions"}],"predecessor-version":[{"id":975207,"href":"https:\/\/www.estrategiaconcursos.com.br\/blog\/wp-json\/wp\/v2\/posts\/975199\/revisions\/975207"}],"wp:featuredmedia":[{"embeddable":true,"href":"https:\/\/www.estrategiaconcursos.com.br\/blog\/wp-json\/wp\/v2\/media\/845418"}],"wp:attachment":[{"href":"https:\/\/www.estrategiaconcursos.com.br\/blog\/wp-json\/wp\/v2\/media?parent=975199"}],"wp:term":[{"taxonomy":"category","embeddable":true,"href":"https:\/\/www.estrategiaconcursos.com.br\/blog\/wp-json\/wp\/v2\/categories?post=975199"},{"taxonomy":"post_tag","embeddable":true,"href":"https:\/\/www.estrategiaconcursos.com.br\/blog\/wp-json\/wp\/v2\/tags?post=975199"},{"taxonomy":"tax_estado","embeddable":true,"href":"https:\/\/www.estrategiaconcursos.com.br\/blog\/wp-json\/wp\/v2\/tax_estado?post=975199"}],"curies":[{"name":"wp","href":"https:\/\/api.w.org\/{rel}","templated":true}]}}