{"id":97483,"date":"2017-11-28T20:24:00","date_gmt":"2017-11-28T23:24:00","guid":{"rendered":"https:\/\/www.estrategiaconcursos.com.br\/blog\/?p=97483"},"modified":"2017-11-28T20:24:56","modified_gmt":"2017-11-28T23:24:56","slug":"gabarito-direito-administrativo-mapa","status":"publish","type":"post","link":"https:\/\/www.estrategiaconcursos.com.br\/blog\/gabarito-direito-administrativo-mapa\/","title":{"rendered":"Gabarito Direito Administrativo MAPA"},"content":{"rendered":"<p style=\"text-align: justify\">Ol\u00e1 pessoal, tudo bem? No \u00faltimo documento, dia 26\/11, foi realizada a prova de <strong>Auditor-Fiscal Federal Agropecu\u00e1rio &#8211; M\u00e9dico Veterin\u00e1rio do Minist\u00e9rio da Agricultura, Pecu\u00e1ria e Abastecimento &#8211; MAPA<\/strong>.<\/p>\n<p style=\"text-align: justify\">Infelizmente, por quest\u00f5es de ordem t\u00e9cnica na impress\u00e3o dos cadernos de prova, a ESAF <strong><span style=\"color: #ff0000\">anulou<\/span><\/strong> o concurso.<\/p>\n<p style=\"text-align: justify\">Mesmo assim, vamos aproveitar para comentar as quest\u00f5es de <strong>Direito Administrativo<\/strong> deste concurso. Ressalto que os nossos coment\u00e1rios referem-se exclusivamente \u00e0s quest\u00f5es da nossa disciplina, ou seja, aquelas que envolvem a <strong>Lei 8.112\/1990, a Lei 8.429\/1992 e a Lei 9.784\/1999<\/strong>. As demais quest\u00f5es (de \u00e9tica e de Direito Constitucional), ainda que tenham &#8220;um pezinho&#8221; na nossa disciplina, n\u00e3o ser\u00e3o comentadas por mim, ok?<\/p>\n<p style=\"text-align: justify\">Vale dizer que a banca n\u00e3o divulgou os cadernos de prova e nem o gabarito das quest\u00f5es. Por isso, o nosso coment\u00e1rio ser\u00e1 elaborado com base na c\u00f3pia de um caderno de provas que recebemos de um aluno. Por esse motivo, ressalto que esses s\u00e3o os gabaritos extraoficiais, justamente por n\u00e3o termos o posicionamento da banca sobre o tema. Contudo, ressalto que dificilmente os gabaritos seria diferentes desses, j\u00e1 que a banca basicamente seguiu o texto das leis abordadas.<\/p>\n<p style=\"text-align: justify\">Vamos nesta!<\/p>\n<p style=\"text-align: justify\"><strong>(ESAF \u2013 AFFA\/MAPA\/2017) JO\u00c3O JOS\u00c9 DO NASCIMENTO SILVA, servidor p\u00fablico federal, recebeu ordem expressa de seu superior hier\u00e1rquico imediato para destruir uma s\u00e9rie de documentos p\u00fablicos ensejadores da abertura de processos administrativos disciplinares em desfavor do dirigente m\u00e1ximo do \u00f3rg\u00e3o p\u00fablico federal em que os dois servidores exercem suas atribui\u00e7\u00f5es funcionais. Observando as normas legais aplic\u00e1veis, o servidor\u00a0JO\u00c3O JOS\u00c9 DO NASCIMENTO SILVA deve:<\/strong><\/p>\n<p><strong>a) cumprir a ordem recebida.<\/strong><\/p>\n<p><strong>b) cumprir a ordem recebida e levar o caso ao conhecimento de seu superior imediato.<\/strong><\/p>\n<p style=\"text-align: justify\"><strong>c) descumprir a ordem recebida e levar o caso ao conhecimento do dirigente m\u00e1ximo do \u00f3rg\u00e3o em que exerce suas atribui\u00e7\u00f5es funcionais.<\/strong><\/p>\n<p><strong>d) guardar sigilo sobre o caso por se tratar de assunto da reparti\u00e7\u00e3o.<\/strong><\/p>\n<p style=\"text-align: justify\"><strong>e) descumprir a ordem recebida e dar ci\u00eancia do caso \u00e0 autoridade competente para apur\u00e1-lo.<\/strong><\/p>\n<p style=\"text-align: justify\"><strong>Coment\u00e1rio<\/strong>: a destrui\u00e7\u00e3o de documentos p\u00fablicos ensejadores da abertura de processo administrativo contra outro agente p\u00fablico \u00e9 uma ordem manifestamente ilegal, uma vez que, de pronto, podemos observar a ilicitude da medida. Por conseguinte, o servidor Jo\u00e3o n\u00e3o deve cumprir a ordem recebida, dando ci\u00eancia \u00e0 autoridade competente para que apure a irregularidade da ordem emitida por seu superior. \u00c9 isso que se depreende da leitura dos incisos IV e VI do art. 116 da Lei 8.112\/1990, vejamos:<\/p>\n<blockquote>\n<p style=\"text-align: justify;padding-left: 30px\">Art. 116.\u00a0 S\u00e3o deveres do servidor:<\/p>\n<p style=\"text-align: justify;padding-left: 30px\">IV &#8211; cumprir as ordens superiores, exceto quando manifestamente ilegais;<\/p>\n<p style=\"text-align: justify;padding-left: 30px\">VI &#8211; levar as irregularidades de que tiver ci\u00eancia em raz\u00e3o do cargo ao conhecimento da autoridade superior ou, quando houver suspeita de envolvimento desta, ao conhecimento de outra autoridade competente para apura\u00e7\u00e3o;<\/p>\n<\/blockquote>\n<p style=\"text-align: justify\">As letras A e B est\u00e3o incorretas, justamente porque o servidor n\u00e3o deve cumprir a ordem. O erro na letra C \u00e9 que a representa\u00e7\u00e3o n\u00e3o \u00e9 para o dirigente m\u00e1ximo (at\u00e9 porque este aparentemente est\u00e1 envolvido nos fatos). J\u00e1 a letra D est\u00e1 errada, uma vez que, apesar de o servidor ter o dever de guardar sigilo das informa\u00e7\u00f5es que receber em virtude do desempenho de suas atribui\u00e7\u00f5es, isso n\u00e3o se aplica ao dever de representar.<\/p>\n<p style=\"text-align: justify\">Portanto, o gabarito \u00e9 a letra E.<\/p>\n<p style=\"text-align: justify\"><span style=\"color: #0000ff\"><strong>Gabarito extraoficial: alternativa E.<\/strong><\/span><\/p>\n<p style=\"text-align: justify\"><strong>(ESAF \u2013 AFFA\/MAPA\/2017) A a\u00e7\u00e3o judicial para responsabiliza\u00e7\u00e3o no caso de ato de improbidade administrativa, praticado por agente p\u00fablico que atenta contra o princ\u00edpio da impessoalidade, ser\u00e1 proposta pelo<\/strong><\/p>\n<p style=\"text-align: justify\"><strong>a) Minist\u00e9rio P\u00fablico, pela pessoa jur\u00eddica interessada ou pela Defensoria P\u00fablica.<\/strong><\/p>\n<p style=\"text-align: justify\"><strong>b) Minist\u00e9rio P\u00fablico, pela pessoa jur\u00eddica interessada, pela Defensoria P\u00fablica ou pelo Tribunal de Contas.<\/strong><\/p>\n<p style=\"text-align: justify\"><strong>c) Minist\u00e9rio P\u00fablico ou pela pessoa jur\u00eddica interessada.<\/strong><\/p>\n<p style=\"text-align: justify\"><strong>d) Minist\u00e9rio P\u00fablico, pela pessoa jur\u00eddica interessada, pela Defensoria P\u00fablica, pelo Tribunal de Contas ou pelo controle interno.<\/strong><\/p>\n<p style=\"text-align: justify\"><strong>e) Minist\u00e9rio P\u00fablico, pela pessoa jur\u00eddica interessada, pela Defensoria P\u00fablica, pelo Tribunal de Contas, pelo controle interno ou por qualquer cidad\u00e3o.<\/strong><\/p>\n<p style=\"text-align: justify\"><strong>Coment\u00e1rio:<\/strong> somente s\u00e3o legitimados para propor a\u00e7\u00e3o de improbidade administrativa o Minist\u00e9rio P\u00fablico ou a pessoa jur\u00eddica interessada, conforme consta no art. 17, caput, da Lei 8.429\/1992.<\/p>\n<p style=\"text-align: justify\"><span style=\"color: #0000ff\"><strong>Gabarito extraoficial: alternativa C.<\/strong><\/span><\/p>\n<p style=\"text-align: justify\"><strong>(ESAF \u2013 AFFA\/MAPA\/2017) No processo administrativo no \u00e2mbito da Administra\u00e7\u00e3o P\u00fablica Federal:<\/strong><\/p>\n<p style=\"text-align: justify\"><strong>a) o administrado ser\u00e1 obrigatoriamente assistido por advogado.<\/strong><\/p>\n<p style=\"text-align: justify\"><strong>b) a delega\u00e7\u00e3o de compet\u00eancia ser\u00e1 realizada obrigatoriamente para o \u00f3rg\u00e3o ou autoridade hierarquicamente subordinada.<\/strong><\/p>\n<p style=\"text-align: justify\"><strong>c) o ato de delega\u00e7\u00e3o de compet\u00eancia, publicado no meio oficial, \u00e9 irrevog\u00e1vel.<\/strong><\/p>\n<p style=\"text-align: justify\"><strong>d) o interesse indireto na mat\u00e9ria tratada n\u00e3o impede a atua\u00e7\u00e3o de servidor ou autoridade no processo administrativo.<\/strong><\/p>\n<p style=\"text-align: justify\"><strong>e) a avoca\u00e7\u00e3o, excepcional e tempor\u00e1ria, deve obrigatoriamente justificar os motivos relevantes de sua ado\u00e7\u00e3o.<\/strong><\/p>\n<p style=\"text-align: justify\"><strong>Coment\u00e1rio:<\/strong><\/p>\n<p style=\"text-align: justify\">a) \u00e9 direito do administrado: \u201cfazer-se assistir, facultativamente, por advogado, salvo quando obrigat\u00f3ria a representa\u00e7\u00e3o, por for\u00e7a de lei\u201d (art. 3\u00ba, IV). Logo, a assist\u00eancia por advogado \u00e9, em regra, uma op\u00e7\u00e3o, do administrado \u2013 ERRADA;<\/p>\n<p style=\"text-align: justify\">b) a delega\u00e7\u00e3o n\u00e3o depende necessariamente de rela\u00e7\u00e3o hier\u00e1rquica (art. 12, caput); tal exig\u00eancia ocorre apenas na avoca\u00e7\u00e3o \u2013 ERRADA;<\/p>\n<p style=\"text-align: justify\">c) o ato de delega\u00e7\u00e3o de compet\u00eancia \u00e9 revog\u00e1vel a qualquer tempo pela autoridade delegante (art. 14, \u00a7 2\u00ba) \u2013 ERRADA;<\/p>\n<p style=\"text-align: justify\">d) \u00e9 impedido de atuar em processo administrativo o servidor ou autoridade que tenha interesse direto ou indireto na mat\u00e9ria (art. 18, I). Logo, o servidor ou autoridade n\u00e3o poder\u00e1 atuar no processo neste caso \u2013 ERRADA;<\/p>\n<p style=\"text-align: justify\">e) a avoca\u00e7\u00e3o tempor\u00e1ria de compet\u00eancia atribu\u00edda a \u00f3rg\u00e3o hierarquicamente inferior somente ser\u00e1 permitida, em car\u00e1ter excepcional e por <strong>motivos relevantes devidamente justificados<\/strong>, devendo ser tempor\u00e1ria de compet\u00eancia (art. 15) \u2013 CORRETA.<\/p>\n<p style=\"text-align: justify\"><strong>Gabarito extraoficial: alternativa E.<\/strong><\/p>\n<p style=\"text-align: justify\"><strong>(ESAF \u2013 AFFA\/MAPA\/2017) \u00c9 a nova investidura do servidor est\u00e1vel no cargo anteriormente ocupado, ou no cargo resultante de sua transforma\u00e7\u00e3o, quando invalidada a sua demiss\u00e3o por decis\u00e3o administrativa ou judicial.<\/strong><\/p>\n<p><strong>a) reintegra\u00e7\u00e3o.<\/strong><\/p>\n<p><strong>b) recondu\u00e7\u00e3o.<\/strong><\/p>\n<p><strong>c) revers\u00e3o.<\/strong><\/p>\n<p><strong>d) readapta\u00e7\u00e3o.<\/strong><\/p>\n<p><strong>e) transfer\u00eancia.<\/strong><\/p>\n<p style=\"text-align: justify\"><strong>Coment\u00e1rio<\/strong>: a reinvestidura do servidor est\u00e1vel no cargo anteriormente ocupado, ou no cargo resultante de sua transforma\u00e7\u00e3o, quando invalidada a sua demiss\u00e3o por decis\u00e3o administrativa ou judicial, com ressarcimento de todas as vantagens, \u00e9 chamada de REINTEGRA\u00c7\u00c3O. Logo, o gabarito \u00e9 a letra A.<\/p>\n<p style=\"text-align: justify\">A recondu\u00e7\u00e3o se aplica ao servidor est\u00e1vel que for inabilitado (ou que desistir) em est\u00e1gio probat\u00f3rio relativo a outro cargo; ou ainda em virtude de reintegra\u00e7\u00e3o do anterior ocupante do cargo.<\/p>\n<p style=\"text-align: justify\">A revers\u00e3o \u00e9 o retorno \u00e0 atividade do servidor aposentado. J\u00e1 a readapta\u00e7\u00e3o \u00e9 o provimento em cargo compat\u00edvel com limita\u00e7\u00e3o na capacidade f\u00edsica ou mental que o servidor venha a sofrer. Por fim, a transfer\u00eancia n\u00e3o \u00e9 mais forma de provimento, uma vez que foi considerada inconstitucional e depois foi revogada pela Lei 9.527\/1991.<\/p>\n<p style=\"text-align: justify\"><span style=\"color: #0000ff\"><strong>Gabarito extraoficial: alternativa A.<\/strong><\/span><\/p>\n<hr \/>\n<p>\u00c9 isso a\u00ed, pessoal! Um grande abra\u00e7o a todos! N\u00e3o deixe de nos seguir nas redes sociais:<\/p>\n<ul>\n<li><strong>Instagram<\/strong>: <a href=\"https:\/\/www.instagram.com\/profherbertalmeida\/\" target=\"_blank\" rel=\"noopener\">@profherbertalmeida<\/a><\/li>\n<li><strong>Youtube<\/strong>: \/profherbertalmeida<\/li>\n<li><strong>Facebook<\/strong>:\u00a0<a href=\"https:\/\/www.facebook.com\/profherbertalmeida\/\" target=\"_blank\" rel=\"noopener\">profherbertalmeida<\/a><\/li>\n<\/ul>\n<p>Grande abra\u00e7o,<\/p>\n<p>Herbert Almeida<\/p>\n","protected":false},"excerpt":{"rendered":"<p>Ol\u00e1 pessoal, tudo bem? No \u00faltimo documento, dia 26\/11, foi realizada a prova de Auditor-Fiscal Federal Agropecu\u00e1rio &#8211; M\u00e9dico Veterin\u00e1rio do Minist\u00e9rio da Agricultura, Pecu\u00e1ria e Abastecimento &#8211; MAPA. Infelizmente, por quest\u00f5es de ordem t\u00e9cnica na impress\u00e3o dos cadernos de prova, a ESAF anulou o concurso. Mesmo assim, vamos aproveitar para comentar as quest\u00f5es de [&hellip;]<\/p>\n","protected":false},"author":129,"featured_media":0,"comment_status":"open","ping_status":"closed","sticky":false,"template":"","format":"standard","meta":{"post_tipo":"article","footnotes":""},"categories":[],"tags":[1101,705],"tax_estado":[],"class_list":["post-97483","post","type-post","status-publish","format-standard","hentry","tag-esaf","tag-mapa"],"acf":[],"yoast_head":"<!-- This site is optimized with the Yoast SEO Premium plugin v27.2 (Yoast SEO v27.2) - https:\/\/yoast.com\/product\/yoast-seo-premium-wordpress\/ -->\n<title>Gabarito Direito Administrativo MAPA<\/title>\n<meta name=\"description\" content=\"Gabarito Direito Administrativo MAPA - Coment\u00e1rio das quest\u00f5es de Direito Administrativo (Lei 8112, Lei 8429 e Lei 9784) do concurso do MAPA.\" \/>\n<meta name=\"robots\" content=\"index, follow, max-snippet:-1, max-image-preview:large, max-video-preview:-1\" \/>\n<link rel=\"canonical\" href=\"https:\/\/www.estrategiaconcursos.com.br\/blog\/gabarito-direito-administrativo-mapa\/\" \/>\n<meta property=\"og:locale\" content=\"pt_BR\" \/>\n<meta property=\"og:type\" content=\"article\" \/>\n<meta property=\"og:title\" content=\"Gabarito Direito Administrativo MAPA\" \/>\n<meta property=\"og:description\" content=\"Gabarito Direito Administrativo MAPA - Coment\u00e1rio das quest\u00f5es de Direito Administrativo (Lei 8112, Lei 8429 e Lei 9784) do concurso do MAPA.\" \/>\n<meta property=\"og:url\" content=\"https:\/\/www.estrategiaconcursos.com.br\/blog\/gabarito-direito-administrativo-mapa\/\" \/>\n<meta property=\"og:site_name\" content=\"Estrat\u00e9gia Concursos\" \/>\n<meta property=\"article:published_time\" content=\"2017-11-28T23:24:00+00:00\" \/>\n<meta property=\"article:modified_time\" content=\"2017-11-28T23:24:56+00:00\" \/>\n<meta name=\"author\" content=\"Herbert Almeida\" \/>\n<meta name=\"twitter:card\" content=\"summary_large_image\" \/>\n<meta name=\"twitter:creator\" content=\"@EstratConcursos\" \/>\n<meta name=\"twitter:site\" content=\"@EstratConcursos\" \/>\n<meta name=\"twitter:label1\" content=\"Escrito por\" \/>\n\t<meta name=\"twitter:data1\" content=\"Herbert Almeida\" \/>\n\t<meta name=\"twitter:label2\" content=\"Est. tempo de leitura\" \/>\n\t<meta name=\"twitter:data2\" content=\"6 minutos\" \/>\n<script type=\"application\/ld+json\" class=\"yoast-schema-graph\">{\"@context\":\"https:\/\/schema.org\",\"@graph\":[{\"@type\":\"NewsArticle\",\"@id\":\"https:\/\/www.estrategiaconcursos.com.br\/blog\/gabarito-direito-administrativo-mapa\/#article\",\"isPartOf\":{\"@id\":\"https:\/\/www.estrategiaconcursos.com.br\/blog\/gabarito-direito-administrativo-mapa\/\"},\"author\":{\"name\":\"Herbert Almeida\",\"@id\":\"https:\/\/www.estrategiaconcursos.com.br\/blog\/#\/schema\/person\/59717c75350fa01aa0fd68a52a8d02e0\"},\"headline\":\"Gabarito Direito Administrativo MAPA\",\"datePublished\":\"2017-11-28T23:24:00+00:00\",\"dateModified\":\"2017-11-28T23:24:56+00:00\",\"mainEntityOfPage\":{\"@id\":\"https:\/\/www.estrategiaconcursos.com.br\/blog\/gabarito-direito-administrativo-mapa\/\"},\"wordCount\":1223,\"commentCount\":0,\"publisher\":{\"@id\":\"https:\/\/www.estrategiaconcursos.com.br\/blog\/#organization\"},\"keywords\":[\"ESAF\",\"MAPA\"],\"inLanguage\":\"pt-BR\",\"potentialAction\":[{\"@type\":\"CommentAction\",\"name\":\"Comment\",\"target\":[\"https:\/\/www.estrategiaconcursos.com.br\/blog\/gabarito-direito-administrativo-mapa\/#respond\"]}],\"copyrightYear\":\"2017\",\"copyrightHolder\":{\"@id\":\"https:\/\/www.estrategiaconcursos.com.br\/blog\/#organization\"}},{\"@type\":\"WebPage\",\"@id\":\"https:\/\/www.estrategiaconcursos.com.br\/blog\/gabarito-direito-administrativo-mapa\/\",\"url\":\"https:\/\/www.estrategiaconcursos.com.br\/blog\/gabarito-direito-administrativo-mapa\/\",\"name\":\"Gabarito Direito Administrativo MAPA\",\"isPartOf\":{\"@id\":\"https:\/\/www.estrategiaconcursos.com.br\/blog\/#website\"},\"datePublished\":\"2017-11-28T23:24:00+00:00\",\"dateModified\":\"2017-11-28T23:24:56+00:00\",\"description\":\"Gabarito Direito Administrativo MAPA - Coment\u00e1rio das quest\u00f5es de Direito Administrativo (Lei 8112, Lei 8429 e Lei 9784) do concurso do MAPA.\",\"breadcrumb\":{\"@id\":\"https:\/\/www.estrategiaconcursos.com.br\/blog\/gabarito-direito-administrativo-mapa\/#breadcrumb\"},\"inLanguage\":\"pt-BR\",\"potentialAction\":[{\"@type\":\"ReadAction\",\"target\":[\"https:\/\/www.estrategiaconcursos.com.br\/blog\/gabarito-direito-administrativo-mapa\/\"]}]},{\"@type\":\"BreadcrumbList\",\"@id\":\"https:\/\/www.estrategiaconcursos.com.br\/blog\/gabarito-direito-administrativo-mapa\/#breadcrumb\",\"itemListElement\":[{\"@type\":\"ListItem\",\"position\":1,\"name\":\"In\u00edcio\",\"item\":\"https:\/\/www.estrategiaconcursos.com.br\/blog\/\"},{\"@type\":\"ListItem\",\"position\":2,\"name\":\"Gabarito Direito Administrativo MAPA\"}]},{\"@type\":\"WebSite\",\"@id\":\"https:\/\/www.estrategiaconcursos.com.br\/blog\/#website\",\"url\":\"https:\/\/www.estrategiaconcursos.com.br\/blog\/\",\"name\":\"Estrat\u00e9gia Concursos\",\"description\":\"O blog da Estrat\u00e9gia Concursos traz not\u00edcias sobre concursos e artigos de professores oferecendo cursos para concursos (pdf + videaulas) no site.\",\"publisher\":{\"@id\":\"https:\/\/www.estrategiaconcursos.com.br\/blog\/#organization\"},\"potentialAction\":[{\"@type\":\"SearchAction\",\"target\":{\"@type\":\"EntryPoint\",\"urlTemplate\":\"https:\/\/www.estrategiaconcursos.com.br\/blog\/?s={search_term_string}\"},\"query-input\":{\"@type\":\"PropertyValueSpecification\",\"valueRequired\":true,\"valueName\":\"search_term_string\"}}],\"inLanguage\":\"pt-BR\"},{\"@type\":\"Organization\",\"@id\":\"https:\/\/www.estrategiaconcursos.com.br\/blog\/#organization\",\"name\":\"Estrat\u00e9gia Concursos\",\"url\":\"https:\/\/www.estrategiaconcursos.com.br\/blog\/\",\"logo\":{\"@type\":\"ImageObject\",\"inLanguage\":\"pt-BR\",\"@id\":\"https:\/\/www.estrategiaconcursos.com.br\/blog\/#\/schema\/logo\/image\/\",\"url\":\"https:\/\/dhg1h5j42swfq.cloudfront.net\/2025\/06\/03203428\/logo_concursos-1.jpg\",\"contentUrl\":\"https:\/\/dhg1h5j42swfq.cloudfront.net\/2025\/06\/03203428\/logo_concursos-1.jpg\",\"width\":230,\"height\":60,\"caption\":\"Estrat\u00e9gia Concursos\"},\"image\":{\"@id\":\"https:\/\/www.estrategiaconcursos.com.br\/blog\/#\/schema\/logo\/image\/\"},\"sameAs\":[\"https:\/\/x.com\/EstratConcursos\"]},{\"@type\":\"Person\",\"@id\":\"https:\/\/www.estrategiaconcursos.com.br\/blog\/#\/schema\/person\/59717c75350fa01aa0fd68a52a8d02e0\",\"name\":\"Herbert Almeida\",\"image\":{\"@type\":\"ImageObject\",\"inLanguage\":\"pt-BR\",\"@id\":\"https:\/\/secure.gravatar.com\/avatar\/b6461a43893c24d5fc91efc433971ffec025c84c0341129f4578034d77f9a536?s=96&d=mm&r=g\",\"url\":\"https:\/\/secure.gravatar.com\/avatar\/b6461a43893c24d5fc91efc433971ffec025c84c0341129f4578034d77f9a536?s=96&d=mm&r=g\",\"contentUrl\":\"https:\/\/secure.gravatar.com\/avatar\/b6461a43893c24d5fc91efc433971ffec025c84c0341129f4578034d77f9a536?s=96&d=mm&r=g\",\"caption\":\"Herbert Almeida\"},\"url\":\"https:\/\/www.estrategiaconcursos.com.br\/blog\/author\/herbertestrategiaconcursos-com-br\/\"}]}<\/script>\n<!-- \/ Yoast SEO Premium plugin. -->","yoast_head_json":{"title":"Gabarito Direito Administrativo MAPA","description":"Gabarito Direito Administrativo MAPA - Coment\u00e1rio das quest\u00f5es de Direito Administrativo (Lei 8112, Lei 8429 e Lei 9784) do concurso do MAPA.","robots":{"index":"index","follow":"follow","max-snippet":"max-snippet:-1","max-image-preview":"max-image-preview:large","max-video-preview":"max-video-preview:-1"},"canonical":"https:\/\/www.estrategiaconcursos.com.br\/blog\/gabarito-direito-administrativo-mapa\/","og_locale":"pt_BR","og_type":"article","og_title":"Gabarito Direito Administrativo MAPA","og_description":"Gabarito Direito Administrativo MAPA - Coment\u00e1rio das quest\u00f5es de Direito Administrativo (Lei 8112, Lei 8429 e Lei 9784) do concurso do MAPA.","og_url":"https:\/\/www.estrategiaconcursos.com.br\/blog\/gabarito-direito-administrativo-mapa\/","og_site_name":"Estrat\u00e9gia Concursos","article_published_time":"2017-11-28T23:24:00+00:00","article_modified_time":"2017-11-28T23:24:56+00:00","author":"Herbert Almeida","twitter_card":"summary_large_image","twitter_creator":"@EstratConcursos","twitter_site":"@EstratConcursos","twitter_misc":{"Escrito por":"Herbert Almeida","Est. tempo de leitura":"6 minutos"},"schema":{"@context":"https:\/\/schema.org","@graph":[{"@type":"NewsArticle","@id":"https:\/\/www.estrategiaconcursos.com.br\/blog\/gabarito-direito-administrativo-mapa\/#article","isPartOf":{"@id":"https:\/\/www.estrategiaconcursos.com.br\/blog\/gabarito-direito-administrativo-mapa\/"},"author":{"name":"Herbert Almeida","@id":"https:\/\/www.estrategiaconcursos.com.br\/blog\/#\/schema\/person\/59717c75350fa01aa0fd68a52a8d02e0"},"headline":"Gabarito Direito Administrativo MAPA","datePublished":"2017-11-28T23:24:00+00:00","dateModified":"2017-11-28T23:24:56+00:00","mainEntityOfPage":{"@id":"https:\/\/www.estrategiaconcursos.com.br\/blog\/gabarito-direito-administrativo-mapa\/"},"wordCount":1223,"commentCount":0,"publisher":{"@id":"https:\/\/www.estrategiaconcursos.com.br\/blog\/#organization"},"keywords":["ESAF","MAPA"],"inLanguage":"pt-BR","potentialAction":[{"@type":"CommentAction","name":"Comment","target":["https:\/\/www.estrategiaconcursos.com.br\/blog\/gabarito-direito-administrativo-mapa\/#respond"]}],"copyrightYear":"2017","copyrightHolder":{"@id":"https:\/\/www.estrategiaconcursos.com.br\/blog\/#organization"}},{"@type":"WebPage","@id":"https:\/\/www.estrategiaconcursos.com.br\/blog\/gabarito-direito-administrativo-mapa\/","url":"https:\/\/www.estrategiaconcursos.com.br\/blog\/gabarito-direito-administrativo-mapa\/","name":"Gabarito Direito Administrativo MAPA","isPartOf":{"@id":"https:\/\/www.estrategiaconcursos.com.br\/blog\/#website"},"datePublished":"2017-11-28T23:24:00+00:00","dateModified":"2017-11-28T23:24:56+00:00","description":"Gabarito Direito Administrativo MAPA - Coment\u00e1rio das quest\u00f5es de Direito Administrativo (Lei 8112, Lei 8429 e Lei 9784) do concurso do MAPA.","breadcrumb":{"@id":"https:\/\/www.estrategiaconcursos.com.br\/blog\/gabarito-direito-administrativo-mapa\/#breadcrumb"},"inLanguage":"pt-BR","potentialAction":[{"@type":"ReadAction","target":["https:\/\/www.estrategiaconcursos.com.br\/blog\/gabarito-direito-administrativo-mapa\/"]}]},{"@type":"BreadcrumbList","@id":"https:\/\/www.estrategiaconcursos.com.br\/blog\/gabarito-direito-administrativo-mapa\/#breadcrumb","itemListElement":[{"@type":"ListItem","position":1,"name":"In\u00edcio","item":"https:\/\/www.estrategiaconcursos.com.br\/blog\/"},{"@type":"ListItem","position":2,"name":"Gabarito Direito Administrativo MAPA"}]},{"@type":"WebSite","@id":"https:\/\/www.estrategiaconcursos.com.br\/blog\/#website","url":"https:\/\/www.estrategiaconcursos.com.br\/blog\/","name":"Estrat\u00e9gia Concursos","description":"O blog da Estrat\u00e9gia Concursos traz not\u00edcias sobre concursos e artigos de professores oferecendo cursos para concursos (pdf + videaulas) no site.","publisher":{"@id":"https:\/\/www.estrategiaconcursos.com.br\/blog\/#organization"},"potentialAction":[{"@type":"SearchAction","target":{"@type":"EntryPoint","urlTemplate":"https:\/\/www.estrategiaconcursos.com.br\/blog\/?s={search_term_string}"},"query-input":{"@type":"PropertyValueSpecification","valueRequired":true,"valueName":"search_term_string"}}],"inLanguage":"pt-BR"},{"@type":"Organization","@id":"https:\/\/www.estrategiaconcursos.com.br\/blog\/#organization","name":"Estrat\u00e9gia Concursos","url":"https:\/\/www.estrategiaconcursos.com.br\/blog\/","logo":{"@type":"ImageObject","inLanguage":"pt-BR","@id":"https:\/\/www.estrategiaconcursos.com.br\/blog\/#\/schema\/logo\/image\/","url":"https:\/\/dhg1h5j42swfq.cloudfront.net\/2025\/06\/03203428\/logo_concursos-1.jpg","contentUrl":"https:\/\/dhg1h5j42swfq.cloudfront.net\/2025\/06\/03203428\/logo_concursos-1.jpg","width":230,"height":60,"caption":"Estrat\u00e9gia Concursos"},"image":{"@id":"https:\/\/www.estrategiaconcursos.com.br\/blog\/#\/schema\/logo\/image\/"},"sameAs":["https:\/\/x.com\/EstratConcursos"]},{"@type":"Person","@id":"https:\/\/www.estrategiaconcursos.com.br\/blog\/#\/schema\/person\/59717c75350fa01aa0fd68a52a8d02e0","name":"Herbert Almeida","image":{"@type":"ImageObject","inLanguage":"pt-BR","@id":"https:\/\/secure.gravatar.com\/avatar\/b6461a43893c24d5fc91efc433971ffec025c84c0341129f4578034d77f9a536?s=96&d=mm&r=g","url":"https:\/\/secure.gravatar.com\/avatar\/b6461a43893c24d5fc91efc433971ffec025c84c0341129f4578034d77f9a536?s=96&d=mm&r=g","contentUrl":"https:\/\/secure.gravatar.com\/avatar\/b6461a43893c24d5fc91efc433971ffec025c84c0341129f4578034d77f9a536?s=96&d=mm&r=g","caption":"Herbert Almeida"},"url":"https:\/\/www.estrategiaconcursos.com.br\/blog\/author\/herbertestrategiaconcursos-com-br\/"}]}},"_links":{"self":[{"href":"https:\/\/www.estrategiaconcursos.com.br\/blog\/wp-json\/wp\/v2\/posts\/97483","targetHints":{"allow":["GET"]}}],"collection":[{"href":"https:\/\/www.estrategiaconcursos.com.br\/blog\/wp-json\/wp\/v2\/posts"}],"about":[{"href":"https:\/\/www.estrategiaconcursos.com.br\/blog\/wp-json\/wp\/v2\/types\/post"}],"author":[{"embeddable":true,"href":"https:\/\/www.estrategiaconcursos.com.br\/blog\/wp-json\/wp\/v2\/users\/129"}],"replies":[{"embeddable":true,"href":"https:\/\/www.estrategiaconcursos.com.br\/blog\/wp-json\/wp\/v2\/comments?post=97483"}],"version-history":[{"count":2,"href":"https:\/\/www.estrategiaconcursos.com.br\/blog\/wp-json\/wp\/v2\/posts\/97483\/revisions"}],"predecessor-version":[{"id":97486,"href":"https:\/\/www.estrategiaconcursos.com.br\/blog\/wp-json\/wp\/v2\/posts\/97483\/revisions\/97486"}],"wp:attachment":[{"href":"https:\/\/www.estrategiaconcursos.com.br\/blog\/wp-json\/wp\/v2\/media?parent=97483"}],"wp:term":[{"taxonomy":"category","embeddable":true,"href":"https:\/\/www.estrategiaconcursos.com.br\/blog\/wp-json\/wp\/v2\/categories?post=97483"},{"taxonomy":"post_tag","embeddable":true,"href":"https:\/\/www.estrategiaconcursos.com.br\/blog\/wp-json\/wp\/v2\/tags?post=97483"},{"taxonomy":"tax_estado","embeddable":true,"href":"https:\/\/www.estrategiaconcursos.com.br\/blog\/wp-json\/wp\/v2\/tax_estado?post=97483"}],"curies":[{"name":"wp","href":"https:\/\/api.w.org\/{rel}","templated":true}]}}