{"id":974771,"date":"2022-05-10T06:00:00","date_gmt":"2022-05-10T09:00:00","guid":{"rendered":"https:\/\/www.estrategiaconcursos.com.br\/blog\/?p=974771"},"modified":"2022-05-10T13:13:52","modified_gmt":"2022-05-10T16:13:52","slug":"concurso-coren-ap","status":"publish","type":"post","link":"https:\/\/www.estrategiaconcursos.com.br\/blog\/concurso-coren-ap\/","title":{"rendered":"Concurso Coren AP: inscri\u00e7\u00f5es encerradas; provas em junho"},"content":{"rendered":"\n<p>Est\u00e3o encerradas as inscri\u00e7\u00f5es do <strong>concurso Coren AP<\/strong> (Conselho Regional de Enfermagem do Amap\u00e1). As provas ser\u00e3o aplicadas no dia 12 de junho de 2022. <\/p>\n\n\n\n<p>Conforme o documento, s\u00e3o ofertadas 17 vagas imediatas, al\u00e9m de outras 323 em cadastro de reserva, para cargos de n\u00edveis m\u00e9dios, t\u00e9cnico e superior.<\/p>\n\n\n\n<p class=\"has-cyan-bluish-gray-background-color has-background\"><strong>Situa\u00e7\u00e3o: <\/strong>Inscri\u00e7\u00f5es encerradas<br \/><strong>Banca:<\/strong> Instituto Quadrix<br \/><strong>Vagas:<\/strong> 17 + 323 CR<br \/><strong>Escolaridade:<\/strong> n\u00edveis m\u00e9dio, t\u00e9cnico e superior <br \/><strong>Edital:<\/strong> <a href=\"https:\/\/dhg1h5j42swfq.cloudfront.net\/2022\/04\/06132543\/1_coren-ap_concurso_publico-_2022_edital_1.pdf\" target=\"_blank\" rel=\"noreferrer noopener nofollow\"><strong>Coren<\/strong><\/a><a href=\"https:\/\/dhg1h5j42swfq.cloudfront.net\/2022\/04\/06132543\/1_coren-ap_concurso_publico-_2022_edital_1.pdf\" rel=\"nofollow\"><strong> AP 2022<\/strong><\/a><\/p>\n\n\n\n<div class=\"col-sm\">\n      <div class=\"banner-estrategia\" id=\"box-assinatura\">\n        <h3 class=\"titulo-assinatura\">Cursos para COREN AP<\/h3>\n        <p class=\"subtitulo-assinatura\">Conhe\u00e7a os cursos<\/p>\n        <div class=\"box-botao\">\n          <a class=\"btn-assinatura\" target=\"_blank\" href=\"https:\/\/www.estrategiaconcursos.com.br\/cursos\/concurso\/\" role=\"button\" rel=\"noopener noreferrer\">Conhe\u00e7a mais<\/a>\n        <\/div>\n      <\/div>\n      <p class=\"texto-auxiliar\"><\/p>\n    <\/div>\n\n\n\n<p>A fim de te deixar sempre bem informado, elaboramos este artigo com as principais informa\u00e7\u00f5es e novidades sobre o concurso. Acompanhe os t\u00f3picos abaixo e n\u00e3o perca nenhum detalhe:<\/p>\n\n\n\n<ul class=\"wp-block-list\" id=\"indice\"><li><strong><em><a href=\"#informacao\">Informa\u00e7\u00f5es do concurso<\/a><\/em><\/strong><ul><li><strong><em><a href=\"#datas\">Principais datas<\/a><\/em><\/strong><\/li><\/ul><\/li><li><strong><em><a href=\"#cargos\">Cargos e vagas<\/a><\/em><\/strong> <\/li><li><strong><em><a href=\"#etapas\">Etapas e provas<\/a><\/em><\/strong><\/li><li><strong><em><a href=\"#ultimo\">\u00daltimo edital<\/a><\/em><\/strong><ul><li><strong><em><a href=\"#etapas-ultimo\">Etapas do \u00faltimo edital<\/a><\/em><\/strong><\/li><\/ul><\/li><li><strong><em><a href=\"#cursos\">Cursos e assinaturas<\/a><\/em><\/strong><\/li><li><strong><em><a href=\"#ficha\">Ficha t\u00e9cnica<\/a><\/em><\/strong><\/li><\/ul>\n\n\n\n<h2 class=\"wp-block-heading\" id=\"informacao\">Informa\u00e7\u00f5es do concurso Coren AP<\/h2>\n\n\n\n<h3 class=\"wp-block-heading\" id=\"datas\">Principais datas<\/h3>\n\n\n\n<p class=\"has-cyan-bluish-gray-background-color has-background\"><strong>Inscri\u00e7\u00f5es<\/strong>: <s>06 de abril a 09 de maio de 2022<\/s><br \/><strong>Isen\u00e7\u00e3o da taxa<\/strong>: <s>06 a 11 de abril<\/s><br \/><strong>\u00daltimo dia para pagamento<\/strong>: <s>at\u00e9 11 de maio<\/s><br \/><strong>Prova<\/strong>: 12 de junho<\/p>\n\n\n\n<h2 class=\"wp-block-heading\" id=\"cargos\">Cargos e vagas do concurso Coren AP<\/h2>\n\n\n\n<h3 class=\"wp-block-heading\" id=\"fundamental\">N\u00edvel m\u00e9dio<\/h3>\n\n\n\n<figure class=\"wp-block-table is-style-stripes\"><table class=\"has-background has-fixed-layout\" style=\"background-color:#e7f5fe\"><thead><tr><th class=\"has-text-align-center\" data-align=\"center\">CARGOS<\/th><th class=\"has-text-align-center\" data-align=\"center\">VAGAS<\/th><th class=\"has-text-align-center\" data-align=\"center\">SAL\u00c1RIO<\/th><\/tr><\/thead><tbody><tr><td class=\"has-text-align-center\" data-align=\"center\"><a href=\"https:\/\/www.estrategiaconcursos.com.br\/cursos\/concurso\/\" target=\"_blank\" rel=\"noreferrer noopener\">Agente Administrativo<\/a><\/td><td class=\"has-text-align-center\" data-align=\"center\">07 + 63 CR<\/td><td class=\"has-text-align-center\" data-align=\"center\">R$ 1.735,15 + benef\u00edcios<\/td><\/tr><tr><td class=\"has-text-align-center\" data-align=\"center\"><a href=\"https:\/\/www.estrategiaconcursos.com.br\/cursos\/concurso\/\" target=\"_blank\" rel=\"noreferrer noopener\">Agente Administrativo com CNH categoria AD<\/a><\/td><td class=\"has-text-align-center\" data-align=\"center\">02 + 68 CR<\/td><td class=\"has-text-align-center\" data-align=\"center\">R$ 1.735,15 + benef\u00edcios<\/td><\/tr><tr><td class=\"has-text-align-center\" data-align=\"center\"><a href=\"https:\/\/www.estrategiaconcursos.com.br\/cursos\/concurso\/\" target=\"_blank\" rel=\"noreferrer noopener\">Auxiliar de Servi\u00e7os Gerais<\/a><\/td><td class=\"has-text-align-center\" data-align=\"center\">02+48 CR<\/td><td class=\"has-text-align-center\" data-align=\"center\">R$ 1.212 + benef\u00edcios<\/td><\/tr><\/tbody><\/table><\/figure>\n\n\n\n<h3 class=\"wp-block-heading\" id=\"tecnico\">N\u00edvel t\u00e9cnico<\/h3>\n\n\n\n<figure class=\"wp-block-table is-style-stripes\"><table class=\"has-background has-fixed-layout\" style=\"background-color:#e7f5fe\"><thead><tr><th class=\"has-text-align-center\" data-align=\"center\">CARGOS<\/th><th class=\"has-text-align-center\" data-align=\"center\">VAGAS<\/th><th class=\"has-text-align-center\" data-align=\"center\">SAL\u00c1RIO<\/th><\/tr><\/thead><tbody><tr><td class=\"has-text-align-center\" data-align=\"center\"><a href=\"https:\/\/www.estrategiaconcursos.com.br\/cursos\/concurso\/\" target=\"_blank\" rel=\"noreferrer noopener\">Agente Administrativo &#8211; \u00c1rea de Inform\u00e1tica<\/a><\/td><td class=\"has-text-align-center\" data-align=\"center\">01 +24 CR<\/td><td class=\"has-text-align-center\" data-align=\"center\">R$ 1.938, 20 + benef\u00edcios<\/td><\/tr><tr><td class=\"has-text-align-center\" data-align=\"center\"><a href=\"https:\/\/www.estrategiaconcursos.com.br\/cursos\/concurso\/\" target=\"_blank\" rel=\"noreferrer noopener\">Agente Administrativo &#8211; T\u00e9cnico em Enfermagem<\/a><\/td><td class=\"has-text-align-center\" data-align=\"center\">01 + 24 CR<\/td><td class=\"has-text-align-center\" data-align=\"center\">R$ 3.570,30 + benef\u00edcios<\/td><\/tr><\/tbody><\/table><\/figure>\n\n\n\n<h3 class=\"wp-block-heading\" id=\"nivel-superior\">N\u00edvel superior<\/h3>\n\n\n\n<figure class=\"wp-block-table is-style-stripes\"><table class=\"has-background has-fixed-layout\" style=\"background-color:#e7f5fe\"><thead><tr><th class=\"has-text-align-center\" data-align=\"center\">CARGOS<\/th><th class=\"has-text-align-center\" data-align=\"center\">VAGAS<\/th><th class=\"has-text-align-center\" data-align=\"center\">SAL\u00c1RIO<\/th><\/tr><\/thead><tbody><tr><td class=\"has-text-align-center\" data-align=\"center\"><a href=\"https:\/\/www.estrategiaconcursos.com.br\/cursos\/concurso\/\" target=\"_blank\" rel=\"noreferrer noopener\">Analista Administrativo &#8211; Administrador<\/a><\/td><td class=\"has-text-align-center\" data-align=\"center\">01 + 24 CR<\/td><td class=\"has-text-align-center\" data-align=\"center\">R$ 2.200,00 + benef\u00edcios<\/td><\/tr><tr><td class=\"has-text-align-center\" data-align=\"center\"><a href=\"https:\/\/www.estrategiaconcursos.com.br\/cursos\/concurso\/\" target=\"_blank\" rel=\"noreferrer noopener\">Analista Administrativo &#8211; Advogado<\/a><\/td><td class=\"has-text-align-center\" data-align=\"center\">01 + 24 CR<\/td><td class=\"has-text-align-center\" data-align=\"center\">R$ 4.000,00 + benef\u00edcios<\/td><\/tr><tr><td class=\"has-text-align-center\" data-align=\"center\"><a href=\"https:\/\/www.estrategiaconcursos.com.br\/cursos\/concurso\/\" target=\"_blank\" rel=\"noreferrer noopener\">Analista Administrativo &#8211; Contador<\/a><\/td><td class=\"has-text-align-center\" data-align=\"center\">01 + 24 CR<\/td><td class=\"has-text-align-center\" data-align=\"center\">R$ 2.200,00 + benef\u00edcios<\/td><\/tr><tr><td class=\"has-text-align-center\" data-align=\"center\"><a href=\"https:\/\/www.estrategiaconcursos.com.br\/cursos\/concurso\/\" target=\"_blank\" rel=\"noreferrer noopener\">Analista Administrativo &#8211; Enfermeiro Fiscal<\/a><\/td><td class=\"has-text-align-center\" data-align=\"center\">01 + 24 CR<\/td><td class=\"has-text-align-center\" data-align=\"center\">R$ 5.100,00 + benef\u00edcios<\/td><\/tr><\/tbody><\/table><\/figure>\n\n\n\n<h2 class=\"wp-block-heading\" id=\"etapas\">Etapas e provas do concurso Coren AP<\/h2>\n\n\n\n<p>O concurso do Conselho Nacional de Enfermagem do Amap\u00e1 ser\u00e1 composto por uma \u00fanica etapa de prova objetiva.<\/p>\n\n\n\n<h3 class=\"wp-block-heading\" id=\"prova-objetiva\">Prova Objetiva<\/h3>\n\n\n\n<p>A prova objetiva, de car\u00e1ter eliminat\u00f3rio e classificat\u00f3rio, ser\u00e1 composta por 120 quest\u00f5es do tipo CERTO ou ERRADO.<\/p>\n\n\n\n<p>As provas ter\u00e3o a dura\u00e7\u00e3o total de 3 horas e 30 minutos,  sendo aplicadas na data prov\u00e1vel de 12 de junho de 2022, no turno da tarde.<\/p>\n\n\n\n<div class=\"wp-block-image\"><figure class=\"aligncenter size-full\"><img loading=\"lazy\" decoding=\"async\" width=\"933\" height=\"157\" src=\"https:\/\/dhg1h5j42swfq.cloudfront.net\/2022\/04\/06141540\/image-72.png\" alt=\"\" class=\"wp-image-1003195\" srcset=\"https:\/\/dhg1h5j42swfq.cloudfront.net\/2022\/04\/06141540\/image-72.png 933w, https:\/\/dhg1h5j42swfq.cloudfront.net\/2022\/04\/06141540\/image-72-300x50.png 300w, https:\/\/dhg1h5j42swfq.cloudfront.net\/2022\/04\/06141540\/image-72-768x129.png 768w, https:\/\/dhg1h5j42swfq.cloudfront.net\/2022\/04\/06141540\/image-72-610x103.png 610w\" sizes=\"auto, (max-width: 933px) 100vw, 933px\" \/><\/figure><\/div>\n\n\n\n<h2 class=\"wp-block-heading\" id=\"ultimo\">Concurso Coren AP: \u00faltimo edital<\/h2>\n\n\n\n<p>O \u00faltimo <strong>concurso Coren AP <\/strong>ocorreu em 2019, quando realizado para formar cadastro reserva de pessoal para contrata\u00e7\u00f5es tempor\u00e1rias, para cargos de n\u00edveis m\u00e9dio, t\u00e9cnico e superior. <\/p>\n\n\n\n<p>A sele\u00e7\u00e3o foi organizada pelo pr\u00f3prio \u00f3rg\u00e3o. Veja maiores detalhes abaixo.<\/p>\n\n\n\n<ul class=\"wp-block-list\"><li>auxiliar administrativo &#8211; inicial de R$ 1.374,40, com 40 horas semanais<\/li><li>oper\u00e1rio de servi\u00e7os gerais &#8211; R$ 1.004,88<\/li><\/ul>\n\n\n\n<p>Para ensino m\u00e9dio com forma\u00e7\u00e3o t\u00e9cnica, a sele\u00e7\u00e3o foi para a carreira de auxiliar de fiscaliza\u00e7\u00e3o, com R$ 1.800, para 40 horas<\/p>\n\n\n\n<p>Por fim, para n\u00edvel superior, o concurso foi para o cargo de contador, com R$ 2.200, para jornada de 40 horas semanais.&nbsp;&nbsp;<\/p>\n\n\n\n<h2 class=\"wp-block-heading\" id=\"etapas-ultimo\">Concurso Coren AP: etapas do \u00faltimo edital<\/h2>\n\n\n\n<p>O Processo Seletivo Simplificado foi realizado em&nbsp;Etapa \u00danica, compreendendo An\u00e1lise de Experi\u00eancia Profissional e Prova de t\u00edtulos (Qualifica\u00e7\u00e3o Profissional), de car\u00e1ter eliminat\u00f3rio e classificat\u00f3rio.<\/p>\n\n\n\n<p>Veja abaixo a tabela de pontua\u00e7\u00e3o:<\/p>\n\n\n\n<figure class=\"wp-block-image size-large\"><img loading=\"lazy\" decoding=\"async\" width=\"1024\" height=\"159\" src=\"https:\/\/dhg1h5j42swfq.cloudfront.net\/2022\/02\/22092003\/captura-de-tela-2022-02-22-as-09-19-15-1024x159.png\" alt=\"\" class=\"wp-image-974847\" srcset=\"https:\/\/dhg1h5j42swfq.cloudfront.net\/2022\/02\/22092003\/captura-de-tela-2022-02-22-as-09-19-15-1024x159.png 1024w, https:\/\/dhg1h5j42swfq.cloudfront.net\/2022\/02\/22092003\/captura-de-tela-2022-02-22-as-09-19-15-300x47.png 300w, https:\/\/dhg1h5j42swfq.cloudfront.net\/2022\/02\/22092003\/captura-de-tela-2022-02-22-as-09-19-15-768x119.png 768w, https:\/\/dhg1h5j42swfq.cloudfront.net\/2022\/02\/22092003\/captura-de-tela-2022-02-22-as-09-19-15-1536x238.png 1536w, https:\/\/dhg1h5j42swfq.cloudfront.net\/2022\/02\/22092003\/captura-de-tela-2022-02-22-as-09-19-15-2048x318.png 2048w, https:\/\/dhg1h5j42swfq.cloudfront.net\/2022\/02\/22092003\/captura-de-tela-2022-02-22-as-09-19-15-610x95.png 610w\" sizes=\"auto, (max-width: 1024px) 100vw, 1024px\" \/><\/figure>\n\n\n\n<figure class=\"wp-block-image size-large\"><img loading=\"lazy\" decoding=\"async\" width=\"1024\" height=\"335\" src=\"https:\/\/dhg1h5j42swfq.cloudfront.net\/2022\/02\/22092030\/captura-de-tela-2022-02-22-as-09-19-23-1024x335.png\" alt=\"Concurso Coren AP\" class=\"wp-image-974848\" srcset=\"https:\/\/dhg1h5j42swfq.cloudfront.net\/2022\/02\/22092030\/captura-de-tela-2022-02-22-as-09-19-23-1024x335.png 1024w, https:\/\/dhg1h5j42swfq.cloudfront.net\/2022\/02\/22092030\/captura-de-tela-2022-02-22-as-09-19-23-300x98.png 300w, https:\/\/dhg1h5j42swfq.cloudfront.net\/2022\/02\/22092030\/captura-de-tela-2022-02-22-as-09-19-23-768x252.png 768w, https:\/\/dhg1h5j42swfq.cloudfront.net\/2022\/02\/22092030\/captura-de-tela-2022-02-22-as-09-19-23-1536x503.png 1536w, https:\/\/dhg1h5j42swfq.cloudfront.net\/2022\/02\/22092030\/captura-de-tela-2022-02-22-as-09-19-23-2048x671.png 2048w, https:\/\/dhg1h5j42swfq.cloudfront.net\/2022\/02\/22092030\/captura-de-tela-2022-02-22-as-09-19-23-610x200.png 610w\" sizes=\"auto, (max-width: 1024px) 100vw, 1024px\" \/><figcaption> Coren AP<\/figcaption><\/figure>\n\n\n\n<h2 class=\"has-text-align-center wp-block-heading\" id=\"cursos\">Quer saber tudo sobre concursos previstos?<br \/>Confira nossos artigos!<\/h2>\n\n\n\n<ul class=\"wp-block-list\"><li><a href=\"https:\/\/www.estrategiaconcursos.com.br\/blog\/concursos-abertos\/\" target=\"_blank\" rel=\"noreferrer noopener\">Concursos abertos<\/a><\/li><li><a href=\"https:\/\/www.estrategiaconcursos.com.br\/blog\/concursos-2022\/\" target=\"_blank\" rel=\"noreferrer noopener\">Concursos 2022<\/a><\/li><\/ul>\n\n\n\n<h2 class=\"has-text-align-center wp-block-heading\" id=\"cursos\">Quer estudar para o concurso Coren AP?<\/h2>\n\n\n\n<div class=\"col-sm\">\n      <div class=\"banner-estrategia\" id=\"box-assinatura\">\n        <h3 class=\"titulo-assinatura\">Cursos para COREN AP<\/h3>\n        <p class=\"subtitulo-assinatura\">Conhe\u00e7a os cursos<\/p>\n        <div class=\"box-botao\">\n          <a class=\"btn-assinatura\" target=\"_blank\" href=\"https:\/\/www.estrategiaconcursos.com.br\/cursos\/concurso\/\" role=\"button\" rel=\"noopener noreferrer\">Conhe\u00e7a mais<\/a>\n        <\/div>\n      <\/div>\n      <p class=\"texto-auxiliar\"><\/p>\n    <\/div>\n\n\n\n\n\n\n\n<h2 class=\"wp-block-heading\" id=\"ficha\">Informa\u00e7\u00f5es do concurso Coren AP<\/h2>\n\n\n\n<ul class=\"wp-block-list\"><li><strong>Data da prova: <\/strong>12 de junho de 2022<\/li><li><strong>Banca:<\/strong> Quadrix<\/li><li><strong>Cargos:<\/strong> diversos<\/li><li><strong>Vagas:<\/strong> 340<\/li><li><strong>Escolaridade:<\/strong> n\u00edveis m\u00e9dio, t\u00e9cnico e superior <\/li><li><strong>Edital:<\/strong> <a href=\"https:\/\/dhg1h5j42swfq.cloudfront.net\/2022\/04\/06132543\/1_coren-ap_concurso_publico-_2022_edital_1.pdf\" target=\"_blank\" rel=\"noreferrer noopener nofollow\"><strong>Coren<\/strong><\/a><a href=\"https:\/\/dhg1h5j42swfq.cloudfront.net\/2022\/04\/06132543\/1_coren-ap_concurso_publico-_2022_edital_1.pdf\" rel=\"nofollow\"><strong> AP 2022<\/strong><\/a><\/li><li><strong><a href=\"https:\/\/www.coren-ap.gov.br\/site\/wp-content\/uploads\/2019\/12\/PROCESSO-SELETIVO-COREN-AP.-2019.pdf\" target=\"_blank\" rel=\"noreferrer noopener\">link do \u00faltimo edital<\/a><\/strong><\/li><\/ul>\n","protected":false},"excerpt":{"rendered":"<p>Est\u00e3o encerradas as inscri\u00e7\u00f5es do concurso Coren AP (Conselho Regional de Enfermagem do Amap\u00e1). As provas ser\u00e3o aplicadas no dia 12 de junho de 2022. Conforme o documento, s\u00e3o ofertadas 17 vagas imediatas, al\u00e9m de outras 323 em cadastro de reserva, para cargos de n\u00edveis m\u00e9dios, t\u00e9cnico e superior. Situa\u00e7\u00e3o: Inscri\u00e7\u00f5es encerradasBanca: Instituto QuadrixVagas: 17 [&hellip;]<\/p>\n","protected":false},"author":1788,"featured_media":1003272,"comment_status":"open","ping_status":"closed","sticky":false,"template":"","format":"standard","meta":{"post_tipo":"news_page","footnotes":""},"categories":[214992],"tags":[220545,220547,220546,220322],"tax_estado":[219967],"class_list":["post-974771","post","type-post","status-publish","format-standard","has-post-thumbnail","hentry","category-concursos-administrativos","tag-concurso-coren-ap","tag-coren-ap","tag-edital-coren-ap","tag-quadrix","tax_estado-ap"],"acf":[],"yoast_head":"<!-- This site is optimized with the Yoast SEO Premium plugin v27.2 (Yoast SEO v27.2) - https:\/\/yoast.com\/product\/yoast-seo-premium-wordpress\/ -->\n<title>Concurso Coren AP: inscri\u00e7\u00f5es encerradas; provas em junho<\/title>\n<meta name=\"description\" content=\"Concurso Coren AP: edital publicado oferta 17 vagas imediatas + CR. Inscri\u00e7\u00f5es encerradas. Veja os detalhes no site do Estrat\u00e9gia.\" \/>\n<meta name=\"robots\" content=\"index, follow, max-snippet:-1, max-image-preview:large, max-video-preview:-1\" \/>\n<link rel=\"canonical\" href=\"https:\/\/www.estrategiaconcursos.com.br\/blog\/concurso-coren-ap\/\" \/>\n<meta property=\"og:locale\" content=\"pt_BR\" \/>\n<meta property=\"og:type\" content=\"article\" \/>\n<meta property=\"og:title\" content=\"Concurso Coren AP: inscri\u00e7\u00f5es encerradas; provas em junho\" \/>\n<meta property=\"og:description\" content=\"Concurso Coren AP: edital publicado oferta 17 vagas imediatas + CR. Inscri\u00e7\u00f5es encerradas. Veja os detalhes no site do Estrat\u00e9gia.\" \/>\n<meta property=\"og:url\" content=\"https:\/\/www.estrategiaconcursos.com.br\/blog\/concurso-coren-ap\/\" \/>\n<meta property=\"og:site_name\" content=\"Estrat\u00e9gia Concursos\" \/>\n<meta property=\"article:published_time\" content=\"2022-05-10T09:00:00+00:00\" \/>\n<meta property=\"article:modified_time\" content=\"2022-05-10T16:13:52+00:00\" \/>\n<meta property=\"og:image\" content=\"https:\/\/dhg1h5j42swfq.cloudfront.net\/2022\/04\/06144530\/coren_ap.jpg\" \/>\n\t<meta property=\"og:image:width\" content=\"768\" \/>\n\t<meta property=\"og:image:height\" content=\"432\" \/>\n\t<meta property=\"og:image:type\" content=\"image\/jpeg\" \/>\n<meta name=\"author\" content=\"Coordena\u00e7\u00e3o\" \/>\n<meta name=\"twitter:card\" content=\"summary_large_image\" \/>\n<meta name=\"twitter:creator\" content=\"@EstratConcursos\" \/>\n<meta name=\"twitter:site\" content=\"@EstratConcursos\" \/>\n<meta name=\"twitter:label1\" content=\"Escrito por\" \/>\n\t<meta name=\"twitter:data1\" content=\"Coordena\u00e7\u00e3o\" \/>\n\t<meta name=\"twitter:label2\" content=\"Est. tempo de leitura\" \/>\n\t<meta name=\"twitter:data2\" content=\"4 minutos\" \/>\n<script type=\"application\/ld+json\" class=\"yoast-schema-graph\">{\"@context\":\"https:\/\/schema.org\",\"@graph\":[{\"@type\":\"NewsArticle\",\"@id\":\"https:\/\/www.estrategiaconcursos.com.br\/blog\/concurso-coren-ap\/#article\",\"isPartOf\":{\"@id\":\"https:\/\/www.estrategiaconcursos.com.br\/blog\/concurso-coren-ap\/\"},\"author\":{\"name\":\"Coordena\u00e7\u00e3o\",\"@id\":\"https:\/\/www.estrategiaconcursos.com.br\/blog\/#\/schema\/person\/045703eed12dcfcc3fc58d658357c347\"},\"headline\":\"Concurso Coren AP: inscri\u00e7\u00f5es encerradas; provas em junho\",\"datePublished\":\"2022-05-10T09:00:00+00:00\",\"dateModified\":\"2022-05-10T16:13:52+00:00\",\"mainEntityOfPage\":{\"@id\":\"https:\/\/www.estrategiaconcursos.com.br\/blog\/concurso-coren-ap\/\"},\"wordCount\":595,\"commentCount\":0,\"publisher\":{\"@id\":\"https:\/\/www.estrategiaconcursos.com.br\/blog\/#organization\"},\"image\":{\"@id\":\"https:\/\/www.estrategiaconcursos.com.br\/blog\/concurso-coren-ap\/#primaryimage\"},\"thumbnailUrl\":\"https:\/\/dhg1h5j42swfq.cloudfront.net\/2022\/04\/06144530\/coren_ap.jpg\",\"keywords\":[\"concurso Coren AP\",\"coren ap\",\"edital COREN AP\",\"Quadrix\"],\"articleSection\":[\"Executivo (Administrativa)\"],\"inLanguage\":\"pt-BR\",\"potentialAction\":[{\"@type\":\"CommentAction\",\"name\":\"Comment\",\"target\":[\"https:\/\/www.estrategiaconcursos.com.br\/blog\/concurso-coren-ap\/#respond\"]}],\"copyrightYear\":\"2022\",\"copyrightHolder\":{\"@id\":\"https:\/\/www.estrategiaconcursos.com.br\/blog\/#organization\"}},{\"@type\":\"WebPage\",\"@id\":\"https:\/\/www.estrategiaconcursos.com.br\/blog\/concurso-coren-ap\/\",\"url\":\"https:\/\/www.estrategiaconcursos.com.br\/blog\/concurso-coren-ap\/\",\"name\":\"Concurso Coren AP: inscri\u00e7\u00f5es encerradas; provas em junho\",\"isPartOf\":{\"@id\":\"https:\/\/www.estrategiaconcursos.com.br\/blog\/#website\"},\"primaryImageOfPage\":{\"@id\":\"https:\/\/www.estrategiaconcursos.com.br\/blog\/concurso-coren-ap\/#primaryimage\"},\"image\":{\"@id\":\"https:\/\/www.estrategiaconcursos.com.br\/blog\/concurso-coren-ap\/#primaryimage\"},\"thumbnailUrl\":\"https:\/\/dhg1h5j42swfq.cloudfront.net\/2022\/04\/06144530\/coren_ap.jpg\",\"datePublished\":\"2022-05-10T09:00:00+00:00\",\"dateModified\":\"2022-05-10T16:13:52+00:00\",\"description\":\"Concurso Coren AP: edital publicado oferta 17 vagas imediatas + CR. Inscri\u00e7\u00f5es encerradas. Veja os detalhes no site do Estrat\u00e9gia.\",\"breadcrumb\":{\"@id\":\"https:\/\/www.estrategiaconcursos.com.br\/blog\/concurso-coren-ap\/#breadcrumb\"},\"inLanguage\":\"pt-BR\",\"potentialAction\":[{\"@type\":\"ReadAction\",\"target\":[\"https:\/\/www.estrategiaconcursos.com.br\/blog\/concurso-coren-ap\/\"]}]},{\"@type\":\"ImageObject\",\"inLanguage\":\"pt-BR\",\"@id\":\"https:\/\/www.estrategiaconcursos.com.br\/blog\/concurso-coren-ap\/#primaryimage\",\"url\":\"https:\/\/dhg1h5j42swfq.cloudfront.net\/2022\/04\/06144530\/coren_ap.jpg\",\"contentUrl\":\"https:\/\/dhg1h5j42swfq.cloudfront.net\/2022\/04\/06144530\/coren_ap.jpg\",\"width\":768,\"height\":432},{\"@type\":\"BreadcrumbList\",\"@id\":\"https:\/\/www.estrategiaconcursos.com.br\/blog\/concurso-coren-ap\/#breadcrumb\",\"itemListElement\":[{\"@type\":\"ListItem\",\"position\":1,\"name\":\"In\u00edcio\",\"item\":\"https:\/\/www.estrategiaconcursos.com.br\/blog\/\"},{\"@type\":\"ListItem\",\"position\":2,\"name\":\"Concurso Coren AP: inscri\u00e7\u00f5es encerradas; provas em junho\"}]},{\"@type\":\"WebSite\",\"@id\":\"https:\/\/www.estrategiaconcursos.com.br\/blog\/#website\",\"url\":\"https:\/\/www.estrategiaconcursos.com.br\/blog\/\",\"name\":\"Estrat\u00e9gia Concursos\",\"description\":\"O blog da Estrat\u00e9gia Concursos traz not\u00edcias sobre concursos e artigos de professores oferecendo cursos para concursos (pdf + videaulas) no site.\",\"publisher\":{\"@id\":\"https:\/\/www.estrategiaconcursos.com.br\/blog\/#organization\"},\"potentialAction\":[{\"@type\":\"SearchAction\",\"target\":{\"@type\":\"EntryPoint\",\"urlTemplate\":\"https:\/\/www.estrategiaconcursos.com.br\/blog\/?s={search_term_string}\"},\"query-input\":{\"@type\":\"PropertyValueSpecification\",\"valueRequired\":true,\"valueName\":\"search_term_string\"}}],\"inLanguage\":\"pt-BR\"},{\"@type\":\"Organization\",\"@id\":\"https:\/\/www.estrategiaconcursos.com.br\/blog\/#organization\",\"name\":\"Estrat\u00e9gia Concursos\",\"url\":\"https:\/\/www.estrategiaconcursos.com.br\/blog\/\",\"logo\":{\"@type\":\"ImageObject\",\"inLanguage\":\"pt-BR\",\"@id\":\"https:\/\/www.estrategiaconcursos.com.br\/blog\/#\/schema\/logo\/image\/\",\"url\":\"https:\/\/dhg1h5j42swfq.cloudfront.net\/2025\/06\/03203428\/logo_concursos-1.jpg\",\"contentUrl\":\"https:\/\/dhg1h5j42swfq.cloudfront.net\/2025\/06\/03203428\/logo_concursos-1.jpg\",\"width\":230,\"height\":60,\"caption\":\"Estrat\u00e9gia Concursos\"},\"image\":{\"@id\":\"https:\/\/www.estrategiaconcursos.com.br\/blog\/#\/schema\/logo\/image\/\"},\"sameAs\":[\"https:\/\/x.com\/EstratConcursos\"]},{\"@type\":\"Person\",\"@id\":\"https:\/\/www.estrategiaconcursos.com.br\/blog\/#\/schema\/person\/045703eed12dcfcc3fc58d658357c347\",\"name\":\"Coordena\u00e7\u00e3o\",\"image\":{\"@type\":\"ImageObject\",\"inLanguage\":\"pt-BR\",\"@id\":\"https:\/\/secure.gravatar.com\/avatar\/f3095faeb99f4ee382a251aa279c830bd3f320ce3b5f2b4981bcc67f49efef63?s=96&d=mm&r=g\",\"url\":\"https:\/\/secure.gravatar.com\/avatar\/f3095faeb99f4ee382a251aa279c830bd3f320ce3b5f2b4981bcc67f49efef63?s=96&d=mm&r=g\",\"contentUrl\":\"https:\/\/secure.gravatar.com\/avatar\/f3095faeb99f4ee382a251aa279c830bd3f320ce3b5f2b4981bcc67f49efef63?s=96&d=mm&r=g\",\"caption\":\"Coordena\u00e7\u00e3o\"},\"url\":\"https:\/\/www.estrategiaconcursos.com.br\/blog\/author\/contatoestrategiaconcursos-com-br-2\/\"}]}<\/script>\n<!-- \/ Yoast SEO Premium plugin. -->","yoast_head_json":{"title":"Concurso Coren AP: inscri\u00e7\u00f5es encerradas; provas em junho","description":"Concurso Coren AP: edital publicado oferta 17 vagas imediatas + CR. Inscri\u00e7\u00f5es encerradas. Veja os detalhes no site do Estrat\u00e9gia.","robots":{"index":"index","follow":"follow","max-snippet":"max-snippet:-1","max-image-preview":"max-image-preview:large","max-video-preview":"max-video-preview:-1"},"canonical":"https:\/\/www.estrategiaconcursos.com.br\/blog\/concurso-coren-ap\/","og_locale":"pt_BR","og_type":"article","og_title":"Concurso Coren AP: inscri\u00e7\u00f5es encerradas; provas em junho","og_description":"Concurso Coren AP: edital publicado oferta 17 vagas imediatas + CR. Inscri\u00e7\u00f5es encerradas. Veja os detalhes no site do Estrat\u00e9gia.","og_url":"https:\/\/www.estrategiaconcursos.com.br\/blog\/concurso-coren-ap\/","og_site_name":"Estrat\u00e9gia Concursos","article_published_time":"2022-05-10T09:00:00+00:00","article_modified_time":"2022-05-10T16:13:52+00:00","og_image":[{"width":768,"height":432,"url":"https:\/\/dhg1h5j42swfq.cloudfront.net\/2022\/04\/06144530\/coren_ap.jpg","type":"image\/jpeg"}],"author":"Coordena\u00e7\u00e3o","twitter_card":"summary_large_image","twitter_creator":"@EstratConcursos","twitter_site":"@EstratConcursos","twitter_misc":{"Escrito por":"Coordena\u00e7\u00e3o","Est. tempo de leitura":"4 minutos"},"schema":{"@context":"https:\/\/schema.org","@graph":[{"@type":"NewsArticle","@id":"https:\/\/www.estrategiaconcursos.com.br\/blog\/concurso-coren-ap\/#article","isPartOf":{"@id":"https:\/\/www.estrategiaconcursos.com.br\/blog\/concurso-coren-ap\/"},"author":{"name":"Coordena\u00e7\u00e3o","@id":"https:\/\/www.estrategiaconcursos.com.br\/blog\/#\/schema\/person\/045703eed12dcfcc3fc58d658357c347"},"headline":"Concurso Coren AP: inscri\u00e7\u00f5es encerradas; provas em junho","datePublished":"2022-05-10T09:00:00+00:00","dateModified":"2022-05-10T16:13:52+00:00","mainEntityOfPage":{"@id":"https:\/\/www.estrategiaconcursos.com.br\/blog\/concurso-coren-ap\/"},"wordCount":595,"commentCount":0,"publisher":{"@id":"https:\/\/www.estrategiaconcursos.com.br\/blog\/#organization"},"image":{"@id":"https:\/\/www.estrategiaconcursos.com.br\/blog\/concurso-coren-ap\/#primaryimage"},"thumbnailUrl":"https:\/\/dhg1h5j42swfq.cloudfront.net\/2022\/04\/06144530\/coren_ap.jpg","keywords":["concurso Coren AP","coren ap","edital COREN AP","Quadrix"],"articleSection":["Executivo (Administrativa)"],"inLanguage":"pt-BR","potentialAction":[{"@type":"CommentAction","name":"Comment","target":["https:\/\/www.estrategiaconcursos.com.br\/blog\/concurso-coren-ap\/#respond"]}],"copyrightYear":"2022","copyrightHolder":{"@id":"https:\/\/www.estrategiaconcursos.com.br\/blog\/#organization"}},{"@type":"WebPage","@id":"https:\/\/www.estrategiaconcursos.com.br\/blog\/concurso-coren-ap\/","url":"https:\/\/www.estrategiaconcursos.com.br\/blog\/concurso-coren-ap\/","name":"Concurso Coren AP: inscri\u00e7\u00f5es encerradas; provas em junho","isPartOf":{"@id":"https:\/\/www.estrategiaconcursos.com.br\/blog\/#website"},"primaryImageOfPage":{"@id":"https:\/\/www.estrategiaconcursos.com.br\/blog\/concurso-coren-ap\/#primaryimage"},"image":{"@id":"https:\/\/www.estrategiaconcursos.com.br\/blog\/concurso-coren-ap\/#primaryimage"},"thumbnailUrl":"https:\/\/dhg1h5j42swfq.cloudfront.net\/2022\/04\/06144530\/coren_ap.jpg","datePublished":"2022-05-10T09:00:00+00:00","dateModified":"2022-05-10T16:13:52+00:00","description":"Concurso Coren AP: edital publicado oferta 17 vagas imediatas + CR. Inscri\u00e7\u00f5es encerradas. Veja os detalhes no site do Estrat\u00e9gia.","breadcrumb":{"@id":"https:\/\/www.estrategiaconcursos.com.br\/blog\/concurso-coren-ap\/#breadcrumb"},"inLanguage":"pt-BR","potentialAction":[{"@type":"ReadAction","target":["https:\/\/www.estrategiaconcursos.com.br\/blog\/concurso-coren-ap\/"]}]},{"@type":"ImageObject","inLanguage":"pt-BR","@id":"https:\/\/www.estrategiaconcursos.com.br\/blog\/concurso-coren-ap\/#primaryimage","url":"https:\/\/dhg1h5j42swfq.cloudfront.net\/2022\/04\/06144530\/coren_ap.jpg","contentUrl":"https:\/\/dhg1h5j42swfq.cloudfront.net\/2022\/04\/06144530\/coren_ap.jpg","width":768,"height":432},{"@type":"BreadcrumbList","@id":"https:\/\/www.estrategiaconcursos.com.br\/blog\/concurso-coren-ap\/#breadcrumb","itemListElement":[{"@type":"ListItem","position":1,"name":"In\u00edcio","item":"https:\/\/www.estrategiaconcursos.com.br\/blog\/"},{"@type":"ListItem","position":2,"name":"Concurso Coren AP: inscri\u00e7\u00f5es encerradas; provas em junho"}]},{"@type":"WebSite","@id":"https:\/\/www.estrategiaconcursos.com.br\/blog\/#website","url":"https:\/\/www.estrategiaconcursos.com.br\/blog\/","name":"Estrat\u00e9gia Concursos","description":"O blog da Estrat\u00e9gia Concursos traz not\u00edcias sobre concursos e artigos de professores oferecendo cursos para concursos (pdf + videaulas) no site.","publisher":{"@id":"https:\/\/www.estrategiaconcursos.com.br\/blog\/#organization"},"potentialAction":[{"@type":"SearchAction","target":{"@type":"EntryPoint","urlTemplate":"https:\/\/www.estrategiaconcursos.com.br\/blog\/?s={search_term_string}"},"query-input":{"@type":"PropertyValueSpecification","valueRequired":true,"valueName":"search_term_string"}}],"inLanguage":"pt-BR"},{"@type":"Organization","@id":"https:\/\/www.estrategiaconcursos.com.br\/blog\/#organization","name":"Estrat\u00e9gia Concursos","url":"https:\/\/www.estrategiaconcursos.com.br\/blog\/","logo":{"@type":"ImageObject","inLanguage":"pt-BR","@id":"https:\/\/www.estrategiaconcursos.com.br\/blog\/#\/schema\/logo\/image\/","url":"https:\/\/dhg1h5j42swfq.cloudfront.net\/2025\/06\/03203428\/logo_concursos-1.jpg","contentUrl":"https:\/\/dhg1h5j42swfq.cloudfront.net\/2025\/06\/03203428\/logo_concursos-1.jpg","width":230,"height":60,"caption":"Estrat\u00e9gia Concursos"},"image":{"@id":"https:\/\/www.estrategiaconcursos.com.br\/blog\/#\/schema\/logo\/image\/"},"sameAs":["https:\/\/x.com\/EstratConcursos"]},{"@type":"Person","@id":"https:\/\/www.estrategiaconcursos.com.br\/blog\/#\/schema\/person\/045703eed12dcfcc3fc58d658357c347","name":"Coordena\u00e7\u00e3o","image":{"@type":"ImageObject","inLanguage":"pt-BR","@id":"https:\/\/secure.gravatar.com\/avatar\/f3095faeb99f4ee382a251aa279c830bd3f320ce3b5f2b4981bcc67f49efef63?s=96&d=mm&r=g","url":"https:\/\/secure.gravatar.com\/avatar\/f3095faeb99f4ee382a251aa279c830bd3f320ce3b5f2b4981bcc67f49efef63?s=96&d=mm&r=g","contentUrl":"https:\/\/secure.gravatar.com\/avatar\/f3095faeb99f4ee382a251aa279c830bd3f320ce3b5f2b4981bcc67f49efef63?s=96&d=mm&r=g","caption":"Coordena\u00e7\u00e3o"},"url":"https:\/\/www.estrategiaconcursos.com.br\/blog\/author\/contatoestrategiaconcursos-com-br-2\/"}]}},"_links":{"self":[{"href":"https:\/\/www.estrategiaconcursos.com.br\/blog\/wp-json\/wp\/v2\/posts\/974771","targetHints":{"allow":["GET"]}}],"collection":[{"href":"https:\/\/www.estrategiaconcursos.com.br\/blog\/wp-json\/wp\/v2\/posts"}],"about":[{"href":"https:\/\/www.estrategiaconcursos.com.br\/blog\/wp-json\/wp\/v2\/types\/post"}],"author":[{"embeddable":true,"href":"https:\/\/www.estrategiaconcursos.com.br\/blog\/wp-json\/wp\/v2\/users\/1788"}],"replies":[{"embeddable":true,"href":"https:\/\/www.estrategiaconcursos.com.br\/blog\/wp-json\/wp\/v2\/comments?post=974771"}],"version-history":[{"count":19,"href":"https:\/\/www.estrategiaconcursos.com.br\/blog\/wp-json\/wp\/v2\/posts\/974771\/revisions"}],"predecessor-version":[{"id":1025218,"href":"https:\/\/www.estrategiaconcursos.com.br\/blog\/wp-json\/wp\/v2\/posts\/974771\/revisions\/1025218"}],"wp:featuredmedia":[{"embeddable":true,"href":"https:\/\/www.estrategiaconcursos.com.br\/blog\/wp-json\/wp\/v2\/media\/1003272"}],"wp:attachment":[{"href":"https:\/\/www.estrategiaconcursos.com.br\/blog\/wp-json\/wp\/v2\/media?parent=974771"}],"wp:term":[{"taxonomy":"category","embeddable":true,"href":"https:\/\/www.estrategiaconcursos.com.br\/blog\/wp-json\/wp\/v2\/categories?post=974771"},{"taxonomy":"post_tag","embeddable":true,"href":"https:\/\/www.estrategiaconcursos.com.br\/blog\/wp-json\/wp\/v2\/tags?post=974771"},{"taxonomy":"tax_estado","embeddable":true,"href":"https:\/\/www.estrategiaconcursos.com.br\/blog\/wp-json\/wp\/v2\/tax_estado?post=974771"}],"curies":[{"name":"wp","href":"https:\/\/api.w.org\/{rel}","templated":true}]}}