{"id":974610,"date":"2022-04-29T04:00:00","date_gmt":"2022-04-29T07:00:00","guid":{"rendered":"https:\/\/www.estrategiaconcursos.com.br\/blog\/?p=974610"},"modified":"2022-04-29T10:03:31","modified_gmt":"2022-04-29T13:03:31","slug":"concurso-pc-sp-medico-legista-publicado","status":"publish","type":"post","link":"https:\/\/www.estrategiaconcursos.com.br\/blog\/concurso-pc-sp-medico-legista-publicado\/","title":{"rendered":"Edital PC SP M\u00e9dico Legista: inscri\u00e7\u00f5es encerradas; 189 vagas"},"content":{"rendered":"\n<p>Est\u00e3o encerradas as inscri\u00e7\u00f5es do <strong>edital PC SP<\/strong> <strong>M\u00e9dico Legista<\/strong>. O processo de candidatura p\u00f4de ser realizado, exclusivamente, pelo site da Funda\u00e7\u00e3o VUNESP, at\u00e9 28 de abril.<\/p>\n\n\n\n<p>Al\u00e9m disso, para garantir a inscri\u00e7\u00e3o o candidato deve pagar o valor da taxa de inscri\u00e7\u00e3o de <strong>R$ 105,50<\/strong>. <\/p>\n\n\n\n<p>Sob organiza\u00e7\u00e3o da <a href=\"https:\/\/www.vunesp.com.br\/PCSP2004\" target=\"_blank\" rel=\"noreferrer noopener\">Vunesp<\/a>, s\u00e3o ofertadas <strong>189 vagas<\/strong> para a carreira, com vencimentos a partir de <strong>R$ 8.699,94<\/strong>.<\/p>\n\n\n\n<div class=\"container\" id=\"boxes\">\n  <div class=\"row\">\n\n    <div class=\"col-sm\">\n      <div class=\"banner-adm\" id=\"box-assinatura\">\n        <h3 class=\"titulo-assinatura\">Concurso PC SP<\/h3>\n        <p class=\"subtitulo-assinatura\">Conhe\u00e7a os cursos<\/p>\n        <div class=\"box-botao\">\n          <a class=\"btn-assinatura\" target=\"_blank\" href=\"https:\/\/www.estrategiaconcursos.com.br\/cursosPorConcurso\/policia-civil-de-sao-paulo-pc-sp-medico-legista\/\" role=\"button\" rel=\"noopener noreferrer\">Conhe\u00e7a mais<\/a>\n        <\/div>\n      <\/div>\n   \n    <\/div>\n\n  <\/div>\n<\/div>\n\n\n\n<h2 class=\"wp-block-heading\" id=\"datas\">Principais datas do edital PC SP M\u00e9dico Legista<\/h2>\n\n\n\n<p class=\"has-background\" style=\"background-color:#f3f6f9\"><strong>Inscri\u00e7\u00f5es<\/strong>: <s>21\/03 a 28\/04\/2022<\/s><br \/><strong>Isen\u00e7\u00e3o da taxa<\/strong>: <s>21 a 22\/03\/2022<\/s><br \/><strong>\u00daltimo dia para pagamento<\/strong>: 29\/04\/2022<br \/><strong>Prova<\/strong>: 12\/06\/2022<\/p>\n\n\n\n<h2 class=\"wp-block-heading\" id=\"cargos-vagas\">Cargos e vagas do edital PC SP M\u00e9dico Legista<\/h2>\n\n\n\n<ul class=\"wp-block-list\"><li><strong>M\u00e9dico Legista<\/strong>: 189 vagas, reservando-se o percentual de 5%, ou seja, 10 vagas, \u00e0s pessoas com defici\u00eancia. <\/li><\/ul>\n\n\n\n<p><strong>As vagas s\u00e3o destinadas \u00e0s seguintes regi\u00f5es: <\/strong>Ara\u00e7atuba, Araraquara, Bauru, Campinas, Piracicaba, Presidente Prudente, Ribeir\u00e3o Preto, Santos, S\u00e3o Jos\u00e9 do Rio Preto, Sorocaba, Capital e Grande S\u00e3o Paulo.<\/p>\n\n\n\n<h3 class=\"wp-block-heading\" id=\"atribuicoes\">Atribui\u00e7\u00f5es<\/h3>\n\n\n\n<p>Executar aut\u00f3psias ou exames necrosc\u00f3picos em humanos, em partes de cad\u00e1veres putrefeitos e esqueletizados, realizar exames periciais de exuma\u00e7\u00e3o, coletar amostras biol\u00f3gicas de humanos para fins de exames complementares, realizar exames periciais de natureza antropol\u00f3gica, entre outras.<\/p>\n\n\n\n<h2 class=\"wp-block-heading\" id=\"etapas\">Etapas e provas do edital PC SP M\u00e9dico Legista<\/h2>\n\n\n\n<p>O do edital PC SP para M\u00e9dico Legista ser\u00e1 realizado em 5 fases, sendo elas:<\/p>\n\n\n\n<ol class=\"wp-block-list\"><li><strong>Prova Preambular<\/strong>, de car\u00e1ter eliminat\u00f3rio e classificat\u00f3rio;<\/li><li><strong>Prova Escrita<\/strong>, de car\u00e1ter eliminat\u00f3rio e classificat\u00f3rio;<\/li><li><strong>Comprova\u00e7\u00e3o de idoneidade e conduta escorreita<\/strong>, mediante investiga\u00e7\u00e3o social, de car\u00e1ter eliminat\u00f3rio;<\/li><li><strong>Prova Oral<\/strong>, de car\u00e1ter eliminat\u00f3rio e classificat\u00f3rio;<\/li><li><strong>Prova de T\u00edtulos<\/strong>, de car\u00e1ter classificat\u00f3rio.<\/li><\/ol>\n\n\n\n<h3 class=\"wp-block-heading\" id=\"prova-preambular\">Prova Preambular<\/h3>\n\n\n\n<p>A Prova Preambular, de car\u00e1ter eliminat\u00f3rio e classificat\u00f3rio, \u00e9 constitu\u00edda de 80 quest\u00f5es objetivas de m\u00faltipla escolha, com cinco alternativas cada, e atribui\u00e7\u00e3o de nota de 0 a 100 pontos, abrangendo disciplinas, assim distribu\u00eddas em m\u00f3dulos:<\/p>\n\n\n\n<ul class=\"wp-block-list\"><li><strong>M\u00f3dulo 1: <\/strong><ul><li>Medicina Legal e Criminal\u00edstica: 48 quest\u00f5es. <\/li><\/ul><\/li><\/ul>\n\n\n\n<ul class=\"wp-block-list\"><li><strong>M\u00f3dulo 2:<\/strong><ul><li>L\u00edngua Portuguesa: 08 quest\u00f5es;<\/li><li>No\u00e7\u00f5es de Criminologia: 08  quest\u00f5es;<\/li><li>No\u00e7\u00f5es de Direito: 08quest\u00f5es;<\/li><li>No\u00e7\u00f5es de Inform\u00e1tica: 04 quest\u00f5es;<\/li><li>No\u00e7\u00f5es de L\u00f3gica: 04 quest\u00f5es.<\/li><\/ul><\/li><\/ul>\n\n\n\n<p>Esta etapa do edital PC SP para M\u00e9dico Legista ser\u00e1 aplicada nas cidades de: S\u00e3o Paulo, Ara\u00e7atuba, Bauru, Campinas, Presidente Prudente, Ribeir\u00e3o Preto, Santos, S\u00e3o Jos\u00e9 do Rio Preto, S\u00e3o Jos\u00e9 dos Campos, Piracicaba e Sorocaba.<\/p>\n\n\n\n<h3 class=\"wp-block-heading\" id=\"prova-escrita\">Prova Escrita<\/h3>\n\n\n\n<p>Os candidatos habilitados na prova preambular ter\u00e3o corrigidas as respectivas provas escritas dentre aqueles que obtiverem as maiores notas na prova preambular, em n\u00famero de 3 (tr\u00eas) vezes o de vagas em disputa em cada regi\u00e3o (cada regi\u00e3o ter\u00e1 sua pr\u00f3pria nota de corte).<\/p>\n\n\n\n<p>A prova escrita avaliar\u00e1 o dom\u00ednio do conhecimento do conte\u00fado das disciplinas deste edital e da norma culta, bem como o desenvolvimento dos temas na estrutura proposta:<\/p>\n\n\n\n<ul class=\"wp-block-list\"><li>Medicina Legal e Criminal\u00edstica: 02 (duas) quest\u00f5es;<\/li><li>L\u00edngua Portuguesa: 01 (uma) quest\u00e3o;<\/li><li>No\u00e7\u00f5es de Criminologia: 01(uma) quest\u00e3o.<\/li><\/ul>\n\n\n\n<h3 class=\"wp-block-heading\" id=\"comprovacao-de-idoneidade-e-conduta-escorreita\">Comprova\u00e7\u00e3o de idoneidade e conduta escorreita<\/h3>\n\n\n\n<p>A investiga\u00e7\u00e3o social do edital PC SP para M\u00e9dico Legista levar\u00e1 em considera\u00e7\u00e3o:<\/p>\n\n\n\n<ul class=\"wp-block-list\"><li>Antecedentes profissionais;<\/li><li>Desvio de personalidade;<\/li><li>Rela\u00e7\u00f5es sociais incompat\u00edveis com o exerc\u00edcio da fun\u00e7\u00e3o;<\/li><li>Inadimplemento de obriga\u00e7\u00f5es contratuais;<\/li><li>Pr\u00e1tica de jogos de azar;<\/li><li>Uso abusivo de bebida alco\u00f3lica;<\/li><li>Uso de drogas il\u00edcitas.<\/li><\/ul>\n\n\n\n<h3 class=\"wp-block-heading\" id=\"prova-oral\">Prova Oral<\/h3>\n\n\n\n<p>Os examinadores de cada disciplina atribuir\u00e3o ao candidato nota de 0 (zero) a 100 pontos, considerando-se aprovado aquele que obtiver nota m\u00ednima de 50  pontos em cada uma e, no total, m\u00e9dia de 50% ou mais.<\/p>\n\n\n\n<h3 class=\"wp-block-heading\" id=\"prova-de-titulos\">Prova de T\u00edtulos<\/h3>\n\n\n\n<p>Ap\u00f3s a publica\u00e7\u00e3o do resultado da prova oral, os candidatos aprovados ser\u00e3o convocados por publica\u00e7\u00e3o no Di\u00e1rio Oficial do Estado para apresenta\u00e7\u00e3o dos t\u00edtulos na Secretaria de Concursos da Academia de Pol\u00edcia. <\/p>\n\n\n\n<p>Esta etapa \u00e9 composta por pontua\u00e7\u00e3o de t\u00edtulos relacionados \u00e0 forma\u00e7\u00e3o e experi\u00eancia profissional do candidato, limitada ao valor m\u00e1ximo de 20  pontos, na seguinte conformidade:<\/p>\n\n\n\n<ul class=\"wp-block-list\"><li><span style=\"color: initial;\">Doutorado reconhecido ou revalidado: 5 (cinco) pontos, at\u00e9 o limite de 5 (cinco) pontos;<\/span><\/li><li>Mestrado reconhecido ou revalidado: 4 (quatro) pontos, at\u00e9 o limite de 4 (quatro) pontos;<\/li><li>Especializa\u00e7\u00e3o na forma da legisla\u00e7\u00e3o educacional em vigor, com carga hor\u00e1ria m\u00ednima de 360  horas-aula, cuja avalia\u00e7\u00e3o considerou monografia de final de curso, nos termos da Resolu\u00e7\u00e3o CNE\/CES no 1\/2018: 2 (dois) pontos, at\u00e9 o limite de 4 (quatro) pontos;<\/li><li>Livro, de autoria exclusiva do candidato, vinculado \u00e0s \u00e1reas do Direito, da Medicina Legal, da Criminologia ou da Seguran\u00e7a P\u00fablica com registro no International Standard Book Number (ISBN): 1 (um) ponto, at\u00e9 o limite de 3 (tr\u00eas) pontos; <\/li><li>Artigo, de autoria exclusiva do candidato, publicado at\u00e9 a data de publica\u00e7\u00e3o deste Edital, em revista especializada, com conselho editorial, vinculado \u00e0s \u00e1reas do Direito, da Medicina Legal, da Criminologia ou da Seguran\u00e7a P\u00fablica, com registro no International Standard Serial Number (ISSN): 1 (um) ponto, at\u00e9 o limite de 2 (dois) pontos;<\/li><li>Exerc\u00edcio de doc\u00eancia em institui\u00e7\u00e3o de ensino superior, oficial ou reconhecida: 1 (um) ponto por ano de magist\u00e9rio, at\u00e9 o limite de 2 (dois) pontos.<\/li><\/ul>\n\n\n\n<p class=\"has-text-align-center has-pale-cyan-blue-background-color has-background\"><strong>ATEN\u00c7\u00c3O:<\/strong> os editais do concurso PC SP para Investigador e Escriv\u00e3o j\u00e1 foram publicados! Confira <a href=\"https:\/\/www.estrategiaconcursos.com.br\/blog\/concurso-policia-civil-sp\/\" target=\"_blank\" rel=\"noreferrer noopener\">AQUI<\/a>.<\/p>\n\n\n\n<hr class=\"wp-block-separator\"\/>\n\n\n\n<h2 class=\"has-text-align-center wp-block-heading\" id=\"h-quer-saber-tudo-sobre-concursos-previstos-confira-nossos-artigos\">Quer saber tudo sobre concursos previstos?<br \/>Confira nossos artigos!<\/h2>\n\n\n\n<ul class=\"wp-block-list\"><li><a href=\"https:\/\/www.estrategiaconcursos.com.br\/blog\/concursos-abertos\/\" target=\"_blank\" rel=\"noreferrer noopener\">Concursos abertos<\/a><\/li><li><a href=\"https:\/\/www.estrategiaconcursos.com.br\/blog\/concursos-2022\/\" target=\"_blank\" rel=\"noreferrer noopener\">Concursos 2022<\/a><\/li><li><a href=\"https:\/\/www.estrategiaconcursos.com.br\/blog\/concursos-de-policia\/\" target=\"_blank\" rel=\"noreferrer noopener\">Concursos policiais<\/a><\/li><\/ul>\n\n\n\n<h2 class=\"has-text-align-center wp-block-heading\" id=\"cursos-assinatura\">Quer estudar para o concurso PC SP?<\/h2>\n\n\n\n<div class=\"container\" id=\"boxes\">\n  <div class=\"row\">\n\n    <div class=\"col-sm\">\n      <div class=\"banner-adm\" id=\"box-assinatura\">\n        <h3 class=\"titulo-assinatura\">Concurso PC SP<\/h3>\n        <p class=\"subtitulo-assinatura\">Conhe\u00e7a os cursos<\/p>\n        <div class=\"box-botao\">\n          <a class=\"btn-assinatura\" target=\"_blank\" href=\"https:\/\/www.estrategiaconcursos.com.br\/cursosPorConcurso\/policia-civil-de-sao-paulo-pc-sp-medico-legista\/\" role=\"button\" rel=\"noopener noreferrer\">Conhe\u00e7a mais<\/a>\n        <\/div>\n      <\/div>\n   \n    <\/div>\n\n  <\/div>\n<\/div>\n\n\n\n<div class=\"container\" id=\"boxes\">\n  <div class=\"row\">\n\n    <div class=\"col-sm\">\n      <div class=\"estrategia\" id=\"box-assinatura\">\n        <h3 class=\"titulo-assinatura\">Assinatura Concursos<\/h3>\n        <p class=\"subtitulo-assinatura\">Assinatura de 1 ano ou 2 anos<\/p>\n        <div class=\"box-botao\">\n          <a class=\"btn-assinatura\" target=\"_blank\" href=\"https:\/\/www.estrategiaconcursos.com.br\/assinaturas\/\" role=\"button\" rel=\"noopener noreferrer\">ASSINE AGORA<\/a>\n        <\/div>\n      <\/div>\n     \n    <\/div><\/div><\/div>\n\n\n\n<figure class=\"wp-block-image size-large is-resized\"><img loading=\"lazy\" decoding=\"async\" src=\"https:\/\/dhg1h5j42swfq.cloudfront.net\/2025\/06\/27101122\/ficha-tecnica-1-1024x632.png\" alt=\"Informa\u00e7\u00f5es do edital PC SP M\u00e9dico Legista\" class=\"wp-image-702728\" width=\"269\" height=\"166\" srcset=\"https:\/\/dhg1h5j42swfq.cloudfront.net\/2025\/06\/27101122\/ficha-tecnica-1-1024x632.png 1024w, https:\/\/dhg1h5j42swfq.cloudfront.net\/2025\/06\/27101122\/ficha-tecnica-1-300x185.png 300w, https:\/\/dhg1h5j42swfq.cloudfront.net\/2025\/06\/27101122\/ficha-tecnica-1-768x474.png 768w, https:\/\/dhg1h5j42swfq.cloudfront.net\/2025\/06\/27101122\/ficha-tecnica-1-1536x948.png 1536w, https:\/\/dhg1h5j42swfq.cloudfront.net\/2025\/06\/27101122\/ficha-tecnica-1-610x377.png 610w, https:\/\/dhg1h5j42swfq.cloudfront.net\/2025\/06\/27101122\/ficha-tecnica-1.png 1571w\" sizes=\"auto, (max-width: 269px) 100vw, 269px\" \/><\/figure>\n\n\n\n<h3 class=\"wp-block-heading\" id=\"ficha\">Informa\u00e7\u00f5es do edital PC SP M\u00e9dico Legista<\/h3>\n\n\n\n<ul class=\"wp-block-list\"><li><strong style=\"color: initial;\">Provas<\/strong><span style=\"color: initial;\">: <\/span>12\/06\/2022<\/li><li><strong>Vagas<\/strong>: 189<\/li><li><strong>Cargos<\/strong>: M\u00e9dico Legista<\/li><li><strong>Banca<\/strong>: VUNESP<\/li><li><strong>Escolaridade<\/strong>: N\u00edvel superior<\/li><li><strong>Edital<\/strong>:&nbsp;<strong><a href=\"https:\/\/dhg1h5j42swfq.cloudfront.net\/2022\/02\/22064511\/pc-sp-legista.pdf\" target=\"_blank\" rel=\"noreferrer noopener nofollow\">Edital PC SP M\u00e9dico Legista<\/a><\/strong><\/li><\/ul>\n","protected":false},"excerpt":{"rendered":"<p>Est\u00e3o encerradas as inscri\u00e7\u00f5es do edital PC SP M\u00e9dico Legista. O processo de candidatura p\u00f4de ser realizado, exclusivamente, pelo site da Funda\u00e7\u00e3o VUNESP, at\u00e9 28 de abril. Al\u00e9m disso, para garantir a inscri\u00e7\u00e3o o candidato deve pagar o valor da taxa de inscri\u00e7\u00e3o de R$ 105,50. Sob organiza\u00e7\u00e3o da Vunesp, s\u00e3o ofertadas 189 vagas para [&hellip;]<\/p>\n","protected":false},"author":2018,"featured_media":715844,"comment_status":"open","ping_status":"closed","sticky":false,"template":"","format":"standard","meta":{"post_tipo":"news","footnotes":""},"categories":[220190],"tags":[],"tax_estado":[219989],"class_list":["post-974610","post","type-post","status-publish","format-standard","has-post-thumbnail","hentry","category-policial-peritos","tax_estado-sp"],"acf":[],"yoast_head":"<!-- This site is optimized with the Yoast SEO Premium plugin v27.2 (Yoast SEO v27.2) - https:\/\/yoast.com\/product\/yoast-seo-premium-wordpress\/ -->\n<title>Edital PC SP M\u00e9dico Legista: inscri\u00e7\u00f5es encerradas; 189 vagas<\/title>\n<meta name=\"description\" content=\"Edital PC SP para a carreira de M\u00e9dico Legista oferece 189 vagas e inicial de R$ 8.699,94. Inscri\u00e7\u00f5es encerradas. Saiba mais!\" \/>\n<meta name=\"robots\" content=\"index, follow, max-snippet:-1, max-image-preview:large, max-video-preview:-1\" \/>\n<link rel=\"canonical\" href=\"https:\/\/www.estrategiaconcursos.com.br\/blog\/concurso-pc-sp-medico-legista-publicado\/\" \/>\n<meta property=\"og:locale\" content=\"pt_BR\" \/>\n<meta property=\"og:type\" content=\"article\" \/>\n<meta property=\"og:title\" content=\"Edital PC SP M\u00e9dico Legista: inscri\u00e7\u00f5es encerradas; 189 vagas\" \/>\n<meta property=\"og:description\" content=\"Edital PC SP para a carreira de M\u00e9dico Legista oferece 189 vagas e inicial de R$ 8.699,94. Inscri\u00e7\u00f5es encerradas. Saiba mais!\" \/>\n<meta property=\"og:url\" content=\"https:\/\/www.estrategiaconcursos.com.br\/blog\/concurso-pc-sp-medico-legista-publicado\/\" \/>\n<meta property=\"og:site_name\" content=\"Estrat\u00e9gia Concursos\" \/>\n<meta property=\"article:published_time\" content=\"2022-04-29T07:00:00+00:00\" \/>\n<meta property=\"article:modified_time\" content=\"2022-04-29T13:03:31+00:00\" \/>\n<meta property=\"og:image\" content=\"https:\/\/dhg1h5j42swfq.cloudfront.net\/2021\/03\/16163250\/pc_sp.jpg\" \/>\n\t<meta property=\"og:image:width\" content=\"768\" \/>\n\t<meta property=\"og:image:height\" content=\"432\" \/>\n\t<meta property=\"og:image:type\" content=\"image\/jpeg\" \/>\n<meta name=\"author\" content=\"B\u00e1rbara Carvalho Santos\" \/>\n<meta name=\"twitter:card\" content=\"summary_large_image\" \/>\n<meta name=\"twitter:creator\" content=\"@EstratConcursos\" \/>\n<meta name=\"twitter:site\" content=\"@EstratConcursos\" \/>\n<meta name=\"twitter:label1\" content=\"Escrito por\" \/>\n\t<meta name=\"twitter:data1\" content=\"B\u00e1rbara Carvalho Santos\" \/>\n\t<meta name=\"twitter:label2\" content=\"Est. tempo de leitura\" \/>\n\t<meta name=\"twitter:data2\" content=\"5 minutos\" \/>\n<script type=\"application\/ld+json\" class=\"yoast-schema-graph\">{\"@context\":\"https:\/\/schema.org\",\"@graph\":[{\"@type\":\"NewsArticle\",\"@id\":\"https:\/\/www.estrategiaconcursos.com.br\/blog\/concurso-pc-sp-medico-legista-publicado\/#article\",\"isPartOf\":{\"@id\":\"https:\/\/www.estrategiaconcursos.com.br\/blog\/concurso-pc-sp-medico-legista-publicado\/\"},\"author\":{\"name\":\"B\u00e1rbara Carvalho Santos\",\"@id\":\"https:\/\/www.estrategiaconcursos.com.br\/blog\/#\/schema\/person\/e3882259fa157d54c44c21f4ee4e0e60\"},\"headline\":\"Edital PC SP M\u00e9dico Legista: inscri\u00e7\u00f5es encerradas; 189 vagas\",\"datePublished\":\"2022-04-29T07:00:00+00:00\",\"dateModified\":\"2022-04-29T13:03:31+00:00\",\"mainEntityOfPage\":{\"@id\":\"https:\/\/www.estrategiaconcursos.com.br\/blog\/concurso-pc-sp-medico-legista-publicado\/\"},\"wordCount\":969,\"commentCount\":0,\"publisher\":{\"@id\":\"https:\/\/www.estrategiaconcursos.com.br\/blog\/#organization\"},\"image\":{\"@id\":\"https:\/\/www.estrategiaconcursos.com.br\/blog\/concurso-pc-sp-medico-legista-publicado\/#primaryimage\"},\"thumbnailUrl\":\"https:\/\/dhg1h5j42swfq.cloudfront.net\/2021\/03\/16163250\/pc_sp.jpg\",\"articleSection\":[\"Policial (Peritos, Papiloscopistas)\"],\"inLanguage\":\"pt-BR\",\"potentialAction\":[{\"@type\":\"CommentAction\",\"name\":\"Comment\",\"target\":[\"https:\/\/www.estrategiaconcursos.com.br\/blog\/concurso-pc-sp-medico-legista-publicado\/#respond\"]}],\"copyrightYear\":\"2022\",\"copyrightHolder\":{\"@id\":\"https:\/\/www.estrategiaconcursos.com.br\/blog\/#organization\"}},{\"@type\":\"WebPage\",\"@id\":\"https:\/\/www.estrategiaconcursos.com.br\/blog\/concurso-pc-sp-medico-legista-publicado\/\",\"url\":\"https:\/\/www.estrategiaconcursos.com.br\/blog\/concurso-pc-sp-medico-legista-publicado\/\",\"name\":\"Edital PC SP M\u00e9dico Legista: inscri\u00e7\u00f5es encerradas; 189 vagas\",\"isPartOf\":{\"@id\":\"https:\/\/www.estrategiaconcursos.com.br\/blog\/#website\"},\"primaryImageOfPage\":{\"@id\":\"https:\/\/www.estrategiaconcursos.com.br\/blog\/concurso-pc-sp-medico-legista-publicado\/#primaryimage\"},\"image\":{\"@id\":\"https:\/\/www.estrategiaconcursos.com.br\/blog\/concurso-pc-sp-medico-legista-publicado\/#primaryimage\"},\"thumbnailUrl\":\"https:\/\/dhg1h5j42swfq.cloudfront.net\/2021\/03\/16163250\/pc_sp.jpg\",\"datePublished\":\"2022-04-29T07:00:00+00:00\",\"dateModified\":\"2022-04-29T13:03:31+00:00\",\"description\":\"Edital PC SP para a carreira de M\u00e9dico Legista oferece 189 vagas e inicial de R$ 8.699,94. Inscri\u00e7\u00f5es encerradas. Saiba mais!\",\"breadcrumb\":{\"@id\":\"https:\/\/www.estrategiaconcursos.com.br\/blog\/concurso-pc-sp-medico-legista-publicado\/#breadcrumb\"},\"inLanguage\":\"pt-BR\",\"potentialAction\":[{\"@type\":\"ReadAction\",\"target\":[\"https:\/\/www.estrategiaconcursos.com.br\/blog\/concurso-pc-sp-medico-legista-publicado\/\"]}]},{\"@type\":\"ImageObject\",\"inLanguage\":\"pt-BR\",\"@id\":\"https:\/\/www.estrategiaconcursos.com.br\/blog\/concurso-pc-sp-medico-legista-publicado\/#primaryimage\",\"url\":\"https:\/\/dhg1h5j42swfq.cloudfront.net\/2021\/03\/16163250\/pc_sp.jpg\",\"contentUrl\":\"https:\/\/dhg1h5j42swfq.cloudfront.net\/2021\/03\/16163250\/pc_sp.jpg\",\"width\":768,\"height\":432,\"caption\":\"Concurso PC SP\"},{\"@type\":\"BreadcrumbList\",\"@id\":\"https:\/\/www.estrategiaconcursos.com.br\/blog\/concurso-pc-sp-medico-legista-publicado\/#breadcrumb\",\"itemListElement\":[{\"@type\":\"ListItem\",\"position\":1,\"name\":\"In\u00edcio\",\"item\":\"https:\/\/www.estrategiaconcursos.com.br\/blog\/\"},{\"@type\":\"ListItem\",\"position\":2,\"name\":\"Edital PC SP M\u00e9dico Legista: inscri\u00e7\u00f5es encerradas; 189 vagas\"}]},{\"@type\":\"WebSite\",\"@id\":\"https:\/\/www.estrategiaconcursos.com.br\/blog\/#website\",\"url\":\"https:\/\/www.estrategiaconcursos.com.br\/blog\/\",\"name\":\"Estrat\u00e9gia Concursos\",\"description\":\"O blog da Estrat\u00e9gia Concursos traz not\u00edcias sobre concursos e artigos de professores oferecendo cursos para concursos (pdf + videaulas) no site.\",\"publisher\":{\"@id\":\"https:\/\/www.estrategiaconcursos.com.br\/blog\/#organization\"},\"potentialAction\":[{\"@type\":\"SearchAction\",\"target\":{\"@type\":\"EntryPoint\",\"urlTemplate\":\"https:\/\/www.estrategiaconcursos.com.br\/blog\/?s={search_term_string}\"},\"query-input\":{\"@type\":\"PropertyValueSpecification\",\"valueRequired\":true,\"valueName\":\"search_term_string\"}}],\"inLanguage\":\"pt-BR\"},{\"@type\":\"Organization\",\"@id\":\"https:\/\/www.estrategiaconcursos.com.br\/blog\/#organization\",\"name\":\"Estrat\u00e9gia Concursos\",\"url\":\"https:\/\/www.estrategiaconcursos.com.br\/blog\/\",\"logo\":{\"@type\":\"ImageObject\",\"inLanguage\":\"pt-BR\",\"@id\":\"https:\/\/www.estrategiaconcursos.com.br\/blog\/#\/schema\/logo\/image\/\",\"url\":\"https:\/\/dhg1h5j42swfq.cloudfront.net\/2025\/06\/03203428\/logo_concursos-1.jpg\",\"contentUrl\":\"https:\/\/dhg1h5j42swfq.cloudfront.net\/2025\/06\/03203428\/logo_concursos-1.jpg\",\"width\":230,\"height\":60,\"caption\":\"Estrat\u00e9gia Concursos\"},\"image\":{\"@id\":\"https:\/\/www.estrategiaconcursos.com.br\/blog\/#\/schema\/logo\/image\/\"},\"sameAs\":[\"https:\/\/x.com\/EstratConcursos\"]},{\"@type\":\"Person\",\"@id\":\"https:\/\/www.estrategiaconcursos.com.br\/blog\/#\/schema\/person\/e3882259fa157d54c44c21f4ee4e0e60\",\"name\":\"B\u00e1rbara Carvalho Santos\",\"image\":{\"@type\":\"ImageObject\",\"inLanguage\":\"pt-BR\",\"@id\":\"https:\/\/secure.gravatar.com\/avatar\/353300f73140f779692b9be2b39f434d1341e4e34c7f55bd5a990fe29ef352eb?s=96&d=mm&r=g\",\"url\":\"https:\/\/secure.gravatar.com\/avatar\/353300f73140f779692b9be2b39f434d1341e4e34c7f55bd5a990fe29ef352eb?s=96&d=mm&r=g\",\"contentUrl\":\"https:\/\/secure.gravatar.com\/avatar\/353300f73140f779692b9be2b39f434d1341e4e34c7f55bd5a990fe29ef352eb?s=96&d=mm&r=g\",\"caption\":\"B\u00e1rbara Carvalho Santos\"},\"description\":\"M\u00e3e e jornalista formada pela UNIP, possui ampla experi\u00eancia na cobertura de entretenimento em grandes ve\u00edculos, como o site da CNN, RedeTV! e Estrat\u00e9gia Educacional. Atuou tamb\u00e9m em ag\u00eancias de marketing, produtoras musicais e assessorias de imprensa, com foco especial no trabalho com personalidades p\u00fablicas. Atualmente, integra a equipe do Estrat\u00e9gia Concursos, onde \u00e9 respons\u00e1vel pela produ\u00e7\u00e3o de conte\u00fados estrat\u00e9gicos voltados para o setor de concursos p\u00fablicos, com destaque para a \u00e1rea fiscal, gest\u00e3o, controle, concursos administrativos e Minist\u00e9rios participantes do CNU, al\u00e9m de diversos \u00f3rg\u00e3os federais. Tem como miss\u00e3o transformar informa\u00e7\u00f5es complexas em conte\u00fados acess\u00edveis, relevantes e de alto valor para quem sonha com uma carreira no servi\u00e7o p\u00fablico.\",\"url\":\"https:\/\/www.estrategiaconcursos.com.br\/blog\/author\/barbara-santos\/\"}]}<\/script>\n<!-- \/ Yoast SEO Premium plugin. -->","yoast_head_json":{"title":"Edital PC SP M\u00e9dico Legista: inscri\u00e7\u00f5es encerradas; 189 vagas","description":"Edital PC SP para a carreira de M\u00e9dico Legista oferece 189 vagas e inicial de R$ 8.699,94. Inscri\u00e7\u00f5es encerradas. Saiba mais!","robots":{"index":"index","follow":"follow","max-snippet":"max-snippet:-1","max-image-preview":"max-image-preview:large","max-video-preview":"max-video-preview:-1"},"canonical":"https:\/\/www.estrategiaconcursos.com.br\/blog\/concurso-pc-sp-medico-legista-publicado\/","og_locale":"pt_BR","og_type":"article","og_title":"Edital PC SP M\u00e9dico Legista: inscri\u00e7\u00f5es encerradas; 189 vagas","og_description":"Edital PC SP para a carreira de M\u00e9dico Legista oferece 189 vagas e inicial de R$ 8.699,94. Inscri\u00e7\u00f5es encerradas. Saiba mais!","og_url":"https:\/\/www.estrategiaconcursos.com.br\/blog\/concurso-pc-sp-medico-legista-publicado\/","og_site_name":"Estrat\u00e9gia Concursos","article_published_time":"2022-04-29T07:00:00+00:00","article_modified_time":"2022-04-29T13:03:31+00:00","og_image":[{"width":768,"height":432,"url":"https:\/\/dhg1h5j42swfq.cloudfront.net\/2021\/03\/16163250\/pc_sp.jpg","type":"image\/jpeg"}],"author":"B\u00e1rbara Carvalho Santos","twitter_card":"summary_large_image","twitter_creator":"@EstratConcursos","twitter_site":"@EstratConcursos","twitter_misc":{"Escrito por":"B\u00e1rbara Carvalho Santos","Est. tempo de leitura":"5 minutos"},"schema":{"@context":"https:\/\/schema.org","@graph":[{"@type":"NewsArticle","@id":"https:\/\/www.estrategiaconcursos.com.br\/blog\/concurso-pc-sp-medico-legista-publicado\/#article","isPartOf":{"@id":"https:\/\/www.estrategiaconcursos.com.br\/blog\/concurso-pc-sp-medico-legista-publicado\/"},"author":{"name":"B\u00e1rbara Carvalho Santos","@id":"https:\/\/www.estrategiaconcursos.com.br\/blog\/#\/schema\/person\/e3882259fa157d54c44c21f4ee4e0e60"},"headline":"Edital PC SP M\u00e9dico Legista: inscri\u00e7\u00f5es encerradas; 189 vagas","datePublished":"2022-04-29T07:00:00+00:00","dateModified":"2022-04-29T13:03:31+00:00","mainEntityOfPage":{"@id":"https:\/\/www.estrategiaconcursos.com.br\/blog\/concurso-pc-sp-medico-legista-publicado\/"},"wordCount":969,"commentCount":0,"publisher":{"@id":"https:\/\/www.estrategiaconcursos.com.br\/blog\/#organization"},"image":{"@id":"https:\/\/www.estrategiaconcursos.com.br\/blog\/concurso-pc-sp-medico-legista-publicado\/#primaryimage"},"thumbnailUrl":"https:\/\/dhg1h5j42swfq.cloudfront.net\/2021\/03\/16163250\/pc_sp.jpg","articleSection":["Policial (Peritos, Papiloscopistas)"],"inLanguage":"pt-BR","potentialAction":[{"@type":"CommentAction","name":"Comment","target":["https:\/\/www.estrategiaconcursos.com.br\/blog\/concurso-pc-sp-medico-legista-publicado\/#respond"]}],"copyrightYear":"2022","copyrightHolder":{"@id":"https:\/\/www.estrategiaconcursos.com.br\/blog\/#organization"}},{"@type":"WebPage","@id":"https:\/\/www.estrategiaconcursos.com.br\/blog\/concurso-pc-sp-medico-legista-publicado\/","url":"https:\/\/www.estrategiaconcursos.com.br\/blog\/concurso-pc-sp-medico-legista-publicado\/","name":"Edital PC SP M\u00e9dico Legista: inscri\u00e7\u00f5es encerradas; 189 vagas","isPartOf":{"@id":"https:\/\/www.estrategiaconcursos.com.br\/blog\/#website"},"primaryImageOfPage":{"@id":"https:\/\/www.estrategiaconcursos.com.br\/blog\/concurso-pc-sp-medico-legista-publicado\/#primaryimage"},"image":{"@id":"https:\/\/www.estrategiaconcursos.com.br\/blog\/concurso-pc-sp-medico-legista-publicado\/#primaryimage"},"thumbnailUrl":"https:\/\/dhg1h5j42swfq.cloudfront.net\/2021\/03\/16163250\/pc_sp.jpg","datePublished":"2022-04-29T07:00:00+00:00","dateModified":"2022-04-29T13:03:31+00:00","description":"Edital PC SP para a carreira de M\u00e9dico Legista oferece 189 vagas e inicial de R$ 8.699,94. Inscri\u00e7\u00f5es encerradas. Saiba mais!","breadcrumb":{"@id":"https:\/\/www.estrategiaconcursos.com.br\/blog\/concurso-pc-sp-medico-legista-publicado\/#breadcrumb"},"inLanguage":"pt-BR","potentialAction":[{"@type":"ReadAction","target":["https:\/\/www.estrategiaconcursos.com.br\/blog\/concurso-pc-sp-medico-legista-publicado\/"]}]},{"@type":"ImageObject","inLanguage":"pt-BR","@id":"https:\/\/www.estrategiaconcursos.com.br\/blog\/concurso-pc-sp-medico-legista-publicado\/#primaryimage","url":"https:\/\/dhg1h5j42swfq.cloudfront.net\/2021\/03\/16163250\/pc_sp.jpg","contentUrl":"https:\/\/dhg1h5j42swfq.cloudfront.net\/2021\/03\/16163250\/pc_sp.jpg","width":768,"height":432,"caption":"Concurso PC SP"},{"@type":"BreadcrumbList","@id":"https:\/\/www.estrategiaconcursos.com.br\/blog\/concurso-pc-sp-medico-legista-publicado\/#breadcrumb","itemListElement":[{"@type":"ListItem","position":1,"name":"In\u00edcio","item":"https:\/\/www.estrategiaconcursos.com.br\/blog\/"},{"@type":"ListItem","position":2,"name":"Edital PC SP M\u00e9dico Legista: inscri\u00e7\u00f5es encerradas; 189 vagas"}]},{"@type":"WebSite","@id":"https:\/\/www.estrategiaconcursos.com.br\/blog\/#website","url":"https:\/\/www.estrategiaconcursos.com.br\/blog\/","name":"Estrat\u00e9gia Concursos","description":"O blog da Estrat\u00e9gia Concursos traz not\u00edcias sobre concursos e artigos de professores oferecendo cursos para concursos (pdf + videaulas) no site.","publisher":{"@id":"https:\/\/www.estrategiaconcursos.com.br\/blog\/#organization"},"potentialAction":[{"@type":"SearchAction","target":{"@type":"EntryPoint","urlTemplate":"https:\/\/www.estrategiaconcursos.com.br\/blog\/?s={search_term_string}"},"query-input":{"@type":"PropertyValueSpecification","valueRequired":true,"valueName":"search_term_string"}}],"inLanguage":"pt-BR"},{"@type":"Organization","@id":"https:\/\/www.estrategiaconcursos.com.br\/blog\/#organization","name":"Estrat\u00e9gia Concursos","url":"https:\/\/www.estrategiaconcursos.com.br\/blog\/","logo":{"@type":"ImageObject","inLanguage":"pt-BR","@id":"https:\/\/www.estrategiaconcursos.com.br\/blog\/#\/schema\/logo\/image\/","url":"https:\/\/dhg1h5j42swfq.cloudfront.net\/2025\/06\/03203428\/logo_concursos-1.jpg","contentUrl":"https:\/\/dhg1h5j42swfq.cloudfront.net\/2025\/06\/03203428\/logo_concursos-1.jpg","width":230,"height":60,"caption":"Estrat\u00e9gia Concursos"},"image":{"@id":"https:\/\/www.estrategiaconcursos.com.br\/blog\/#\/schema\/logo\/image\/"},"sameAs":["https:\/\/x.com\/EstratConcursos"]},{"@type":"Person","@id":"https:\/\/www.estrategiaconcursos.com.br\/blog\/#\/schema\/person\/e3882259fa157d54c44c21f4ee4e0e60","name":"B\u00e1rbara Carvalho Santos","image":{"@type":"ImageObject","inLanguage":"pt-BR","@id":"https:\/\/secure.gravatar.com\/avatar\/353300f73140f779692b9be2b39f434d1341e4e34c7f55bd5a990fe29ef352eb?s=96&d=mm&r=g","url":"https:\/\/secure.gravatar.com\/avatar\/353300f73140f779692b9be2b39f434d1341e4e34c7f55bd5a990fe29ef352eb?s=96&d=mm&r=g","contentUrl":"https:\/\/secure.gravatar.com\/avatar\/353300f73140f779692b9be2b39f434d1341e4e34c7f55bd5a990fe29ef352eb?s=96&d=mm&r=g","caption":"B\u00e1rbara Carvalho Santos"},"description":"M\u00e3e e jornalista formada pela UNIP, possui ampla experi\u00eancia na cobertura de entretenimento em grandes ve\u00edculos, como o site da CNN, RedeTV! e Estrat\u00e9gia Educacional. Atuou tamb\u00e9m em ag\u00eancias de marketing, produtoras musicais e assessorias de imprensa, com foco especial no trabalho com personalidades p\u00fablicas. Atualmente, integra a equipe do Estrat\u00e9gia Concursos, onde \u00e9 respons\u00e1vel pela produ\u00e7\u00e3o de conte\u00fados estrat\u00e9gicos voltados para o setor de concursos p\u00fablicos, com destaque para a \u00e1rea fiscal, gest\u00e3o, controle, concursos administrativos e Minist\u00e9rios participantes do CNU, al\u00e9m de diversos \u00f3rg\u00e3os federais. Tem como miss\u00e3o transformar informa\u00e7\u00f5es complexas em conte\u00fados acess\u00edveis, relevantes e de alto valor para quem sonha com uma carreira no servi\u00e7o p\u00fablico.","url":"https:\/\/www.estrategiaconcursos.com.br\/blog\/author\/barbara-santos\/"}]}},"_links":{"self":[{"href":"https:\/\/www.estrategiaconcursos.com.br\/blog\/wp-json\/wp\/v2\/posts\/974610","targetHints":{"allow":["GET"]}}],"collection":[{"href":"https:\/\/www.estrategiaconcursos.com.br\/blog\/wp-json\/wp\/v2\/posts"}],"about":[{"href":"https:\/\/www.estrategiaconcursos.com.br\/blog\/wp-json\/wp\/v2\/types\/post"}],"author":[{"embeddable":true,"href":"https:\/\/www.estrategiaconcursos.com.br\/blog\/wp-json\/wp\/v2\/users\/2018"}],"replies":[{"embeddable":true,"href":"https:\/\/www.estrategiaconcursos.com.br\/blog\/wp-json\/wp\/v2\/comments?post=974610"}],"version-history":[{"count":47,"href":"https:\/\/www.estrategiaconcursos.com.br\/blog\/wp-json\/wp\/v2\/posts\/974610\/revisions"}],"predecessor-version":[{"id":1017876,"href":"https:\/\/www.estrategiaconcursos.com.br\/blog\/wp-json\/wp\/v2\/posts\/974610\/revisions\/1017876"}],"wp:featuredmedia":[{"embeddable":true,"href":"https:\/\/www.estrategiaconcursos.com.br\/blog\/wp-json\/wp\/v2\/media\/715844"}],"wp:attachment":[{"href":"https:\/\/www.estrategiaconcursos.com.br\/blog\/wp-json\/wp\/v2\/media?parent=974610"}],"wp:term":[{"taxonomy":"category","embeddable":true,"href":"https:\/\/www.estrategiaconcursos.com.br\/blog\/wp-json\/wp\/v2\/categories?post=974610"},{"taxonomy":"post_tag","embeddable":true,"href":"https:\/\/www.estrategiaconcursos.com.br\/blog\/wp-json\/wp\/v2\/tags?post=974610"},{"taxonomy":"tax_estado","embeddable":true,"href":"https:\/\/www.estrategiaconcursos.com.br\/blog\/wp-json\/wp\/v2\/tax_estado?post=974610"}],"curies":[{"name":"wp","href":"https:\/\/api.w.org\/{rel}","templated":true}]}}