{"id":97423,"date":"2017-12-05T15:32:40","date_gmt":"2017-12-05T18:32:40","guid":{"rendered":"https:\/\/www.estrategiaconcursos.com.br\/blog\/?p=97423"},"modified":"2017-12-05T17:36:21","modified_gmt":"2017-12-05T20:36:21","slug":"resolucao-comentada-historia-soldado-vunesp-2017-soldado-pm-2a-classe-o-presidente-dos-eua-thomas-woodrow-wilson-presidira-o-comite-que-redigiu-os-30-artigos-do-pacto-constitutivo-da-l","status":"publish","type":"post","link":"https:\/\/www.estrategiaconcursos.com.br\/blog\/resolucao-comentada-historia-soldado-vunesp-2017-soldado-pm-2a-classe-o-presidente-dos-eua-thomas-woodrow-wilson-presidira-o-comite-que-redigiu-os-30-artigos-do-pacto-constitutivo-da-l\/","title":{"rendered":"Resolu\u00e7\u00e3o comentada Hist\u00f3ria Vunesp soldado PMSP"},"content":{"rendered":"<p style=\"text-align: justify\">\u00a0 \u00a0 \u00a0 \u00a0 Ol\u00e1 Pessoal. Vamos resolver a prova de Hist\u00f3ria para soldado da PMSP. H\u00e1 possibilidade de recurso em uma quest\u00e3o com um equ\u00edvoco te\u00f3rico, sobre o fim da Guerra da Coreia.\u00a0O exame foi dentro da expectativa de dificuldade esperada e tamb\u00e9m poss\u00edveis temas que exploramos na transmiss\u00e3o de revis\u00e3o de v\u00e9spera, que certamente ajudou bastante nossos alunos.<\/p>\n<p>\u00a0 \u00a0 \u00a0 \u00a0 \u00a0 Confira tamb\u00e9m o gabarito de Geografia, \u00e9 s\u00f3 clicar\u00a0<a href=\"https:\/\/www.estrategiaconcursos.com.br\/blog\/resolucao-comentada-geografia-soldado-pmsp\/\">aqui<\/a>!<\/p>\n<p style=\"text-align: justify\">\u00a0 \u00a0 \u00a0 \u00a0 \u00a0 Vamos conferir o gabarito preliminar. Venha comigo!<\/p>\n<p>&nbsp;<\/p>\n<p style=\"text-align: justify\">1. (VUNESP 2017 \u2013 Soldado PM 2\u00aa classe) O presidente dos EUA, Thomas Woodrow Wilson, presidira o comit\u00ea que redigiu os 30 artigos do pacto constitutivo da Liga das Na\u00e7\u00f5es, projeto de seu cora\u00e7\u00e3o. O presidente via na Liga das Na\u00e7\u00f5es o \u00f3rg\u00e3o maior de um sistema de seguran\u00e7a coletiva das na\u00e7\u00f5es. Pensou grande, muito al\u00e9m do seu tempo e muito al\u00e9m dos tempos de hoje, a julgar pela experi\u00eancia da ONU. As demonstra\u00e7\u00f5es de impot\u00eancia da Liga das Na\u00e7\u00f5es para coibir o emprego da for\u00e7a foram se acumulando.<br \/>\n(Luiz de Alencar Araripe, \u201cTratado de Versalhes\u201d. Em: Dem\u00e9trio Magnoli (org.), Hist\u00f3ria da Paz. S\u00e3o Paulo: Contexto, 2008. Adaptado)<br \/>\nUma das \u201cdemonstra\u00e7\u00f5es de impot\u00eancia\u201d da entidade est\u00e1 corretamente identificada<br \/>\n(A) na anexa\u00e7\u00e3o da <del>Pol\u00f4nia pela URSS (1934)<\/del>, uma das marcas do expansionismo sovi\u00e9tico que precedeu o in\u00edcio da Segunda Guerra Mundial.<br \/>\n(B) na <del>militariza\u00e7\u00e3o da Espanha pela Fran\u00e7a (1937)<\/del>, com o objetivo de conter o expansionismo nacionalista no levante liderado pelo General Franco.<br \/>\n(C) na tomada da Eti\u00f3pia pela It\u00e1lia (1935), caracterizada pelo expansionismo fascista e apoiada por Hitler na geopol\u00edtica europeia da \u00e9poca.<br \/>\n(D) na ocupa\u00e7\u00e3o da Arm\u00eania pela Turquia (1933), o que levou ao chamado \u201cgenoc\u00eddio arm\u00eanio\u201d no contexto de <del>forma\u00e7\u00e3o do Estado nacional turco<\/del>.<br \/>\n(E) na <del>militariza\u00e7\u00e3o da Normandia pela Inglaterra (1936)<\/del>, como tentativa de bloquear o poss\u00edvel avan\u00e7o nazista sobre o norte da Fran\u00e7a e sobre o Canal da Mancha.<\/p>\n<p>&nbsp;<\/p>\n<p style=\"text-align: justify\"><b style=\"color: #3366ff\">\u00a0 \u00a0 Em 1936 a Espanha caiu em guerra civil entre os nacionalistas\/fascistas x comunistas e anarquistas. Hitler enviou o ex\u00e9rcito alem\u00e3o e usaram pela primeira vez a Blitzkrieg (guerra rel\u00e2mpago) e o conflito espanhol foi considerado um laborat\u00f3rio nazista da t\u00e1tica de Guerra. Venceram os nacionalistas e subiu ao poder o Gal. Franco. A expans\u00e3o nazista foi marcada por alguns eventos como a participa\u00e7\u00e3o na guerra civil espanhola em 1936, que anexou os sudetos da Tchecoeslov\u00e1quia e a \u00c1ustria em 38. Tentaram barrar a expans\u00e3o nazista pelo tratado de Munique, em que Hitler se comprometeu a barrar seu expansionismo. Mas pegou os aliados de surpresa ao fazer um pacto de n\u00e3o agress\u00e3o com Stalin (Pacto de A\u00e7o). Ap\u00f3s o a acordo com os sovi\u00e9ticos, a Alemanha invadiu a Pol\u00f4nia. O chamado genoc\u00eddio arm\u00eanio ocorreu durante a primeira guerra mundial, durante a dissolu\u00e7\u00e3o do Imp\u00e9rio Turco Otomano (em 1918 \u2013 A Turquia nunca assumiu o genoc\u00eddio). O norte da Fran\u00e7a era militarizado \u2013 pela pr\u00f3pria Fran\u00e7a- a chamada \u201clinha Maginot\u201d &#8211; , mas era uma militariza\u00e7\u00e3o que se mostrou ineficaz diante da ofensiva nazista. A corrida imperialista na \u00c1frica foi uma das principais causas da primeira guerra. A cria\u00e7\u00e3o da Liga das Na\u00e7\u00f5es n\u00e3o surtiu efeito no controle dos conflitos internacionais, por exemplo, a anexa\u00e7\u00e3o da Eti\u00f3pia por <\/b><span style=\"color: #3366ff\"><b>Mussolini<\/b><\/span><b style=\"color: #3366ff\">\u00a0em 1935, um dos antecedentes da segunda Guerra.<\/b><br \/>\n<span style=\"color: #3366ff\"><strong>[C]<\/strong><\/span><\/p>\n<p>&nbsp;<\/p>\n<p style=\"text-align: justify\">2.<span style=\"color: #ff0000\"> RECURSO<\/span> (VUNESP 2017 \u2013 Soldado PM 2\u00aa classe) O fim dos velhos imp\u00e9rios coloniais era previs\u00edvel e, na verdade, em 1945, considerado iminente na \u00c1sia, mas a futura orienta\u00e7\u00e3o dos novos Estados p\u00f3s-coloniais n\u00e3o estava nada clara. Foi nessa \u00e1rea que as duas superpot\u00eancias continuaram a competir, por apoio e influ\u00eancia, durante toda a Guerra Fria, e por isso a maior zona de atrito entre elas, aquela onde o conflito armado era mais prov\u00e1vel, e onde de fato irrompeu.<br \/>\n(Eric Hobsbawm, Era dos Extremos: o breve s\u00e9culo XX (1914-1991). S\u00e3o Paulo: Companhia das Letras, 1995. Adaptado)<br \/>\nQuanto aos exemplos de conflito entre as duas superpot\u00eancias, \u00e9 correto identificar<br \/>\n(A) a Coreia, em que os coreanos do norte tiveram o apoio do bloco socialista contra os coreanos do sul, apoiados pelos EUA em um violento confronto que durou cerca de tr\u00eas anos.<br \/>\n(B) a \u00cdndia, em que <del>comunistas e liberais indianos<\/del> lutaram juntos contra o dom\u00ednio brit\u00e2nico, mas depois se dividiram em choques internos que levaram \u00e0 guerra civil no pa\u00eds.<br \/>\n(C) o Jap\u00e3o, em que Estados Unidos e <del>Uni\u00e3o Sovi\u00e9tica<\/del> tentaram controlar os rumos pol\u00edticos do pa\u00eds ap\u00f3s a explos\u00e3o das bombas at\u00f4micas, o que prolongou os conflitos do p\u00f3s-guerra.<br \/>\n(D) a Ucr\u00e2nia, em que os pa\u00edses da <del>OTAN e do Pacto de Vars\u00f3via<\/del> disputaram o acesso ao Mar Negro, principal via de liga\u00e7\u00e3o mar\u00edtima entre a \u00c1sia Continental e o Mar Mediterr\u00e2neo.<br \/>\n(E) o Paquist\u00e3o, em que os movimentos de liberta\u00e7\u00e3o nacional se voltaram para o anti-imperialismo e <del>se aproximaram das lutas revolucion\u00e1rias anticapitalistas<\/del>.<\/p>\n<p style=\"text-align: justify\"><span style=\"color: #3366ff\"><strong>\u00a0 \u00a0 <\/strong><\/span><\/p>\n<p style=\"text-align: justify\"><span style=\"color: #3366ff\"><strong>\u00a0 \u00a0 \u00a0Durante a Guerra fria ocorreram v\u00e1rios conflitos, entre eles: Guerra da Coreia, do Vietn\u00e3, a militariza\u00e7\u00e3o da \u00c1sia e a independ\u00eancia da \u00cdndia, que em 47 levou \u00e0 uma guerra civil entre hindus e isl\u00e2micos, que resultou na divis\u00e3o da \u00cdndia. O Jap\u00e3o passou para a \u00e1rea de influ\u00eancia dos EUA e passou a receber investimentos dos EUA. A Ucr\u00e2nia ap\u00f3s a segunda Guerra Mundial passou a ser parte integrante da ex URSS. No Paquist\u00e3o os principais conflitos s\u00e3o religiosos. Diante do contexto da quest\u00e3o a mais coerente seria marcar a alternativa [A], contudo vale um adendo: A Guerra da Coreia teve batalhas entre 1950 e 1953 e assinaram um armist\u00edcio, e nunca assinaram um tratado de paz (que encerra o conflito). Ent\u00e3o tecnicamente a Guerra da Coreia continua. Principalmente a Coreia do norte (socialista), usa este estado de conflito (estado de beliger\u00e2ncia) para manipular a popula\u00e7\u00e3o em sua pesada ditadura. Al\u00e9m disso o apoio sovi\u00e9tico foi quase nulo (pela incapacidade e pelo medo sovi\u00e9tico de um novo conflito) e o apoio socialista foi principalmente chin\u00eas (que estava em processo revolucion\u00e1rio socialista desde 1949).<\/strong><\/span><br \/>\n<span style=\"color: #3366ff\"><strong> [A]<\/strong><\/span><br \/>\n<span style=\"color: #3366ff\"><strong> Cabe recurso: Erro conceitual. Sem tratado de paz n\u00e3o se encerra a guerra, mas as batalhas.<\/strong><\/span><\/p>\n<p>&nbsp;<\/p>\n<p style=\"text-align: justify\">3. (VUNESP 2017 \u2013 Soldado PM 2\u00aa classe) O regresso ao Rio de Janeiro do 1o Escal\u00e3o da For\u00e7a Expedicion\u00e1ria Brasileira em 18 de julho de 1945 estava sendo esperado e interpretado como um marco na campanha das for\u00e7as oposicionistas. O desfile das tropas pelas ruas da cidade seria como uma grande festa da UDN e de seu candidato.<br \/>\n(Angela de Castro Gomes, A inven\u00e7\u00e3o do trabalhismo. Rio de Janeiro: Editora FGV, 2005. P. 284-285. Adaptado)<br \/>\nO trecho revela um momento importante da crise do Estado Novo associada ao retorno da FEB, que<br \/>\n(A) ressaltaria o v\u00ednculo entre os setores de oposi\u00e7\u00e3o a Vargas e a participa\u00e7\u00e3o do Brasil na Segunda Guerra Mundial ao lado dos Aliados, na medida em que <del>Vargas tinha sido favor\u00e1vel \u00e0 entrada na guerra ao lado do Eixo<\/del>.<br \/>\n(B) consolidaria a alian\u00e7a entre as elites civis organizadas na UDN, <del>economicamente intervencionistas<\/del> e socialmente conservadoras, e os <del>militares rec\u00e9m- -sa\u00eddos da guerra, autorit\u00e1rios e com forte inspira\u00e7\u00e3o fascista.<\/del><br \/>\n(C) <del>evidenciaria a fraqueza do governo Vargas naquele contexto<\/del>, dado o fato de que o governo teve poucos recursos para sustentar as tropas na guerra, o que <del>refor\u00e7ou as sensa\u00e7\u00f5es de pobreza<\/del> e precariedade disseminadas \u00e0 \u00e9poca.<br \/>\n(D) refor\u00e7aria a import\u00e2ncia dos militares e da UDN na constru\u00e7\u00e3o de uma sa\u00edda negociada para o fim da ditadura, o que levou Get\u00falio a renunciar e se isolar politicamente, <del>sem estabelecer rela\u00e7\u00e3o com a cena pol\u00edtica que viria a seguir<\/del>.<br \/>\n(E) consagraria a vit\u00f3ria da luta pela democracia e a repulsa \u00e0 ditadura e a seu presidente, evidenciando a contradi\u00e7\u00e3o entre uma pol\u00edtica externa alinhada com os valores democr\u00e1ticos e uma pol\u00edtica interna autorit\u00e1ria.<\/p>\n<p>&nbsp;<\/p>\n<p style=\"text-align: justify\"><span style=\"color: #3366ff\"><strong>\u00a0 \u00a0 Get\u00falio Vargas mantinha uma ditadura no Brasil entre 37-45 (O Estado Novo). Era inspirado principalmente no fascismo italiano. Antes de entrar na guerra negociou como os dois lados (os aliados e o eixo), mas o bombardeio de navios brasileiros por submarinos alem\u00e3es e o financiamento dos EUA para a constru\u00e7\u00e3o da Usina de Volta Redonda, fizeram Vargas escolher o lado dos Aliados, mas isso representava uma contradi\u00e7\u00e3o, que foi o alinhamento externo com democracias e o envio de tropas para lutar por ela, enquanto internamente mantinha um governo autorit\u00e1rio. Esta contradi\u00e7\u00e3o levou Vargas a ser for\u00e7ado a renunciar e n\u00e3o se candidatar nas elei\u00e7\u00f5es de 45.<\/strong><\/span><br \/>\n<span style=\"color: #3366ff\"><strong> [E]<\/strong><\/span><\/p>\n<p>&nbsp;<\/p>\n<p style=\"text-align: justify\">4. (VUNESP 2017 \u2013 Soldado PM 2\u00aa classe) O processo de descompress\u00e3o do sistema pol\u00edtico come\u00e7ara a ser orquestrado em 1975, pelos generais Ernesto Geisel e Golbery do Couto e Silva, ambos convencidos de que a ditadura deveria fazer suas escolhas e definir o momento mais conveniente para revogar os poderes de exce\u00e7\u00e3o.<br \/>\n(Lilia Schwarcz e Heloisa Starling, Brasil: uma biografia. S\u00e3o Paulo: Companhia das Letras, 2015. P. 467. Adaptado)<br \/>\nTal processo se deu com o objetivo de<br \/>\n(A) efetivar um <del>projeto de institucionaliza\u00e7\u00e3o da ditadura<\/del>, de tal forma que os poderes de exce\u00e7\u00e3o fossem revogados, mas os militares ficassem no poder por tempo indeterminado.<br \/>\n(B) garantir uma abertura pol\u00edtica em que os exilados <del>n\u00e3o teriam o direito de voltar ao Brasil<\/del>, assim como os presos pol\u00edticos permaneceriam detidos at\u00e9 que se completasse a redemocratiza\u00e7\u00e3o.<br \/>\n(C) manter a oposi\u00e7\u00e3o longe do Executivo, de modo a garantir que a transi\u00e7\u00e3o se realizasse de maneira tutelada, restrita aos c\u00edrculos civis aliados e sem riscos institucionais.<br \/>\n(D) realizar uma abertura pol\u00edtica plena, reestabelecendo os direitos pol\u00edticos e as liberdades civis <del>no tempo mais curto poss\u00edvel<\/del>, superando a situa\u00e7\u00e3o autorit\u00e1ria na qual o pa\u00eds se encontrava.<br \/>\n(E) <del>sustentar o bipartidarismo do MDB e da Arena<\/del> na cena pol\u00edtica nacional, impedindo, com isso, a legaliza\u00e7\u00e3o de partidos e grupos pol\u00edticos mais \u00e0 esquerda, tais como o Partido Comunista.<\/p>\n<p>&nbsp;<\/p>\n<p style=\"text-align: justify\"><span style=\"color: #3366ff\"><strong>\u00a0 \u00a0O governo do Gal. Geisel caracterizou-se pela distens\u00e3o pol\u00edtica: abertura do regime militar para a democracia de forma \u201clenta, gradual e segura\u201d. Em 78 foi revogado o AI-5 e o fim do bipartidarismo, 79 a lei da anistia (ampla geral e irrestrita) e 85 elei\u00e7\u00f5es indiretas de Tancredo e Sarney, mesmo ap\u00f3s o movimento pelas diretas j\u00e1 (que n\u00e3o alcan\u00e7ou o resultado esperado). A institucionaliza\u00e7\u00e3o da ditadura ocorreu no governo Castelo Branco, a lei da anistia perdoou todos os crimes pol\u00edticos cometidos por militantes de esquerda e agentes do Estado no combate ao comunismo. O processo de abertura durou 10 anos entre 78 e 88 com a promulga\u00e7\u00e3o da constitui\u00e7\u00e3o cidad\u00e3.<\/strong><\/span><\/p>\n<p style=\"text-align: justify\"><span style=\"color: #3366ff\"><strong>[C]<\/strong><\/span><\/p>\n<p style=\"text-align: justify\">\u00a0 \u00a0 \u00a0 \u00a0 \u00a0 \u00c9 isso a\u00ed pessoal.<\/p>\n<p style=\"text-align: justify\">\u00a0 \u00a0 \u00a0 \u00a0 \u00a0 Bons estudos e foco no sucesso !!!<\/p>\n<p>&nbsp;<\/p>\n<p>&nbsp;<\/p>\n","protected":false},"excerpt":{"rendered":"<p>\u00a0 \u00a0 \u00a0 \u00a0 Ol\u00e1 Pessoal. Vamos resolver a prova de Hist\u00f3ria para soldado da PMSP. H\u00e1 possibilidade de recurso em uma quest\u00e3o com um equ\u00edvoco te\u00f3rico, sobre o fim da Guerra da Coreia.\u00a0O exame foi dentro da expectativa de dificuldade esperada e tamb\u00e9m poss\u00edveis temas que exploramos na transmiss\u00e3o de revis\u00e3o de v\u00e9spera, que [&hellip;]<\/p>\n","protected":false},"author":322,"featured_media":0,"comment_status":"open","ping_status":"closed","sticky":false,"template":"","format":"standard","meta":{"post_tipo":"article","footnotes":""},"categories":[1],"tags":[],"tax_estado":[],"class_list":["post-97423","post","type-post","status-publish","format-standard","hentry","category-cursos-e-concursos"],"acf":[],"yoast_head":"<!-- This site is optimized with the Yoast SEO Premium plugin v27.2 (Yoast SEO v27.2) - https:\/\/yoast.com\/product\/yoast-seo-premium-wordpress\/ -->\n<title>Resolu\u00e7\u00e3o comentada Hist\u00f3ria Vunesp soldado PMSP<\/title>\n<meta name=\"description\" content=\"Ol\u00e1 Pessoal. Vamos resolver a prova de Hist\u00f3ria para soldado da PMSP. H\u00e1 possibilidade de recurso em uma quest\u00e3o com um equ\u00edvoco te\u00f3rico\" \/>\n<meta name=\"robots\" content=\"index, follow, max-snippet:-1, max-image-preview:large, max-video-preview:-1\" \/>\n<link rel=\"canonical\" href=\"https:\/\/www.estrategiaconcursos.com.br\/blog\/resolucao-comentada-historia-soldado-vunesp-2017-soldado-pm-2a-classe-o-presidente-dos-eua-thomas-woodrow-wilson-presidira-o-comite-que-redigiu-os-30-artigos-do-pacto-constitutivo-da-l\/\" \/>\n<meta property=\"og:locale\" content=\"pt_BR\" \/>\n<meta property=\"og:type\" content=\"article\" \/>\n<meta property=\"og:title\" content=\"Resolu\u00e7\u00e3o comentada Hist\u00f3ria Vunesp soldado PMSP\" \/>\n<meta property=\"og:description\" content=\"Ol\u00e1 Pessoal. Vamos resolver a prova de Hist\u00f3ria para soldado da PMSP. H\u00e1 possibilidade de recurso em uma quest\u00e3o com um equ\u00edvoco te\u00f3rico\" \/>\n<meta property=\"og:url\" content=\"https:\/\/www.estrategiaconcursos.com.br\/blog\/resolucao-comentada-historia-soldado-vunesp-2017-soldado-pm-2a-classe-o-presidente-dos-eua-thomas-woodrow-wilson-presidira-o-comite-que-redigiu-os-30-artigos-do-pacto-constitutivo-da-l\/\" \/>\n<meta property=\"og:site_name\" content=\"Estrat\u00e9gia Concursos\" \/>\n<meta property=\"article:published_time\" content=\"2017-12-05T18:32:40+00:00\" \/>\n<meta property=\"article:modified_time\" content=\"2017-12-05T20:36:21+00:00\" \/>\n<meta name=\"author\" content=\"Sergio Henrique\" \/>\n<meta name=\"twitter:card\" content=\"summary_large_image\" \/>\n<meta name=\"twitter:creator\" content=\"@EstratConcursos\" \/>\n<meta name=\"twitter:site\" content=\"@EstratConcursos\" \/>\n<meta name=\"twitter:label1\" content=\"Escrito por\" \/>\n\t<meta name=\"twitter:data1\" content=\"Sergio Henrique\" \/>\n\t<meta name=\"twitter:label2\" content=\"Est. tempo de leitura\" \/>\n\t<meta name=\"twitter:data2\" content=\"9 minutos\" \/>\n<script type=\"application\/ld+json\" class=\"yoast-schema-graph\">{\"@context\":\"https:\/\/schema.org\",\"@graph\":[{\"@type\":\"NewsArticle\",\"@id\":\"https:\/\/www.estrategiaconcursos.com.br\/blog\/resolucao-comentada-historia-soldado-vunesp-2017-soldado-pm-2a-classe-o-presidente-dos-eua-thomas-woodrow-wilson-presidira-o-comite-que-redigiu-os-30-artigos-do-pacto-constitutivo-da-l\/#article\",\"isPartOf\":{\"@id\":\"https:\/\/www.estrategiaconcursos.com.br\/blog\/resolucao-comentada-historia-soldado-vunesp-2017-soldado-pm-2a-classe-o-presidente-dos-eua-thomas-woodrow-wilson-presidira-o-comite-que-redigiu-os-30-artigos-do-pacto-constitutivo-da-l\/\"},\"author\":{\"name\":\"Sergio Henrique\",\"@id\":\"https:\/\/www.estrategiaconcursos.com.br\/blog\/#\/schema\/person\/d18952c4e9d57a78a6caea1fc8412aca\"},\"headline\":\"Resolu\u00e7\u00e3o comentada Hist\u00f3ria Vunesp soldado PMSP\",\"datePublished\":\"2017-12-05T18:32:40+00:00\",\"dateModified\":\"2017-12-05T20:36:21+00:00\",\"mainEntityOfPage\":{\"@id\":\"https:\/\/www.estrategiaconcursos.com.br\/blog\/resolucao-comentada-historia-soldado-vunesp-2017-soldado-pm-2a-classe-o-presidente-dos-eua-thomas-woodrow-wilson-presidira-o-comite-que-redigiu-os-30-artigos-do-pacto-constitutivo-da-l\/\"},\"wordCount\":1876,\"commentCount\":0,\"publisher\":{\"@id\":\"https:\/\/www.estrategiaconcursos.com.br\/blog\/#organization\"},\"articleSection\":[\"Concursos P\u00fablicos\"],\"inLanguage\":\"pt-BR\",\"potentialAction\":[{\"@type\":\"CommentAction\",\"name\":\"Comment\",\"target\":[\"https:\/\/www.estrategiaconcursos.com.br\/blog\/resolucao-comentada-historia-soldado-vunesp-2017-soldado-pm-2a-classe-o-presidente-dos-eua-thomas-woodrow-wilson-presidira-o-comite-que-redigiu-os-30-artigos-do-pacto-constitutivo-da-l\/#respond\"]}],\"copyrightYear\":\"2017\",\"copyrightHolder\":{\"@id\":\"https:\/\/www.estrategiaconcursos.com.br\/blog\/#organization\"}},{\"@type\":\"WebPage\",\"@id\":\"https:\/\/www.estrategiaconcursos.com.br\/blog\/resolucao-comentada-historia-soldado-vunesp-2017-soldado-pm-2a-classe-o-presidente-dos-eua-thomas-woodrow-wilson-presidira-o-comite-que-redigiu-os-30-artigos-do-pacto-constitutivo-da-l\/\",\"url\":\"https:\/\/www.estrategiaconcursos.com.br\/blog\/resolucao-comentada-historia-soldado-vunesp-2017-soldado-pm-2a-classe-o-presidente-dos-eua-thomas-woodrow-wilson-presidira-o-comite-que-redigiu-os-30-artigos-do-pacto-constitutivo-da-l\/\",\"name\":\"Resolu\u00e7\u00e3o comentada Hist\u00f3ria Vunesp soldado PMSP\",\"isPartOf\":{\"@id\":\"https:\/\/www.estrategiaconcursos.com.br\/blog\/#website\"},\"datePublished\":\"2017-12-05T18:32:40+00:00\",\"dateModified\":\"2017-12-05T20:36:21+00:00\",\"description\":\"Ol\u00e1 Pessoal. Vamos resolver a prova de Hist\u00f3ria para soldado da PMSP. H\u00e1 possibilidade de recurso em uma quest\u00e3o com um equ\u00edvoco te\u00f3rico\",\"breadcrumb\":{\"@id\":\"https:\/\/www.estrategiaconcursos.com.br\/blog\/resolucao-comentada-historia-soldado-vunesp-2017-soldado-pm-2a-classe-o-presidente-dos-eua-thomas-woodrow-wilson-presidira-o-comite-que-redigiu-os-30-artigos-do-pacto-constitutivo-da-l\/#breadcrumb\"},\"inLanguage\":\"pt-BR\",\"potentialAction\":[{\"@type\":\"ReadAction\",\"target\":[\"https:\/\/www.estrategiaconcursos.com.br\/blog\/resolucao-comentada-historia-soldado-vunesp-2017-soldado-pm-2a-classe-o-presidente-dos-eua-thomas-woodrow-wilson-presidira-o-comite-que-redigiu-os-30-artigos-do-pacto-constitutivo-da-l\/\"]}]},{\"@type\":\"BreadcrumbList\",\"@id\":\"https:\/\/www.estrategiaconcursos.com.br\/blog\/resolucao-comentada-historia-soldado-vunesp-2017-soldado-pm-2a-classe-o-presidente-dos-eua-thomas-woodrow-wilson-presidira-o-comite-que-redigiu-os-30-artigos-do-pacto-constitutivo-da-l\/#breadcrumb\",\"itemListElement\":[{\"@type\":\"ListItem\",\"position\":1,\"name\":\"In\u00edcio\",\"item\":\"https:\/\/www.estrategiaconcursos.com.br\/blog\/\"},{\"@type\":\"ListItem\",\"position\":2,\"name\":\"Resolu\u00e7\u00e3o comentada Hist\u00f3ria Vunesp soldado PMSP\"}]},{\"@type\":\"WebSite\",\"@id\":\"https:\/\/www.estrategiaconcursos.com.br\/blog\/#website\",\"url\":\"https:\/\/www.estrategiaconcursos.com.br\/blog\/\",\"name\":\"Estrat\u00e9gia Concursos\",\"description\":\"O blog da Estrat\u00e9gia Concursos traz not\u00edcias sobre concursos e artigos de professores oferecendo cursos para concursos (pdf + videaulas) no site.\",\"publisher\":{\"@id\":\"https:\/\/www.estrategiaconcursos.com.br\/blog\/#organization\"},\"potentialAction\":[{\"@type\":\"SearchAction\",\"target\":{\"@type\":\"EntryPoint\",\"urlTemplate\":\"https:\/\/www.estrategiaconcursos.com.br\/blog\/?s={search_term_string}\"},\"query-input\":{\"@type\":\"PropertyValueSpecification\",\"valueRequired\":true,\"valueName\":\"search_term_string\"}}],\"inLanguage\":\"pt-BR\"},{\"@type\":\"Organization\",\"@id\":\"https:\/\/www.estrategiaconcursos.com.br\/blog\/#organization\",\"name\":\"Estrat\u00e9gia Concursos\",\"url\":\"https:\/\/www.estrategiaconcursos.com.br\/blog\/\",\"logo\":{\"@type\":\"ImageObject\",\"inLanguage\":\"pt-BR\",\"@id\":\"https:\/\/www.estrategiaconcursos.com.br\/blog\/#\/schema\/logo\/image\/\",\"url\":\"https:\/\/dhg1h5j42swfq.cloudfront.net\/2025\/06\/03203428\/logo_concursos-1.jpg\",\"contentUrl\":\"https:\/\/dhg1h5j42swfq.cloudfront.net\/2025\/06\/03203428\/logo_concursos-1.jpg\",\"width\":230,\"height\":60,\"caption\":\"Estrat\u00e9gia Concursos\"},\"image\":{\"@id\":\"https:\/\/www.estrategiaconcursos.com.br\/blog\/#\/schema\/logo\/image\/\"},\"sameAs\":[\"https:\/\/x.com\/EstratConcursos\"]},{\"@type\":\"Person\",\"@id\":\"https:\/\/www.estrategiaconcursos.com.br\/blog\/#\/schema\/person\/d18952c4e9d57a78a6caea1fc8412aca\",\"name\":\"Sergio Henrique\",\"image\":{\"@type\":\"ImageObject\",\"inLanguage\":\"pt-BR\",\"@id\":\"https:\/\/secure.gravatar.com\/avatar\/8a654c3858278ad4f39af7a25daa62ab86082ab9406fabd7edee0d6cdfb86662?s=96&d=mm&r=g\",\"url\":\"https:\/\/secure.gravatar.com\/avatar\/8a654c3858278ad4f39af7a25daa62ab86082ab9406fabd7edee0d6cdfb86662?s=96&d=mm&r=g\",\"contentUrl\":\"https:\/\/secure.gravatar.com\/avatar\/8a654c3858278ad4f39af7a25daa62ab86082ab9406fabd7edee0d6cdfb86662?s=96&d=mm&r=g\",\"caption\":\"Sergio Henrique\"},\"url\":\"https:\/\/www.estrategiaconcursos.com.br\/blog\/author\/sergio-henrique\/\"}]}<\/script>\n<!-- \/ Yoast SEO Premium plugin. -->","yoast_head_json":{"title":"Resolu\u00e7\u00e3o comentada Hist\u00f3ria Vunesp soldado PMSP","description":"Ol\u00e1 Pessoal. Vamos resolver a prova de Hist\u00f3ria para soldado da PMSP. H\u00e1 possibilidade de recurso em uma quest\u00e3o com um equ\u00edvoco te\u00f3rico","robots":{"index":"index","follow":"follow","max-snippet":"max-snippet:-1","max-image-preview":"max-image-preview:large","max-video-preview":"max-video-preview:-1"},"canonical":"https:\/\/www.estrategiaconcursos.com.br\/blog\/resolucao-comentada-historia-soldado-vunesp-2017-soldado-pm-2a-classe-o-presidente-dos-eua-thomas-woodrow-wilson-presidira-o-comite-que-redigiu-os-30-artigos-do-pacto-constitutivo-da-l\/","og_locale":"pt_BR","og_type":"article","og_title":"Resolu\u00e7\u00e3o comentada Hist\u00f3ria Vunesp soldado PMSP","og_description":"Ol\u00e1 Pessoal. Vamos resolver a prova de Hist\u00f3ria para soldado da PMSP. H\u00e1 possibilidade de recurso em uma quest\u00e3o com um equ\u00edvoco te\u00f3rico","og_url":"https:\/\/www.estrategiaconcursos.com.br\/blog\/resolucao-comentada-historia-soldado-vunesp-2017-soldado-pm-2a-classe-o-presidente-dos-eua-thomas-woodrow-wilson-presidira-o-comite-que-redigiu-os-30-artigos-do-pacto-constitutivo-da-l\/","og_site_name":"Estrat\u00e9gia Concursos","article_published_time":"2017-12-05T18:32:40+00:00","article_modified_time":"2017-12-05T20:36:21+00:00","author":"Sergio Henrique","twitter_card":"summary_large_image","twitter_creator":"@EstratConcursos","twitter_site":"@EstratConcursos","twitter_misc":{"Escrito por":"Sergio Henrique","Est. tempo de leitura":"9 minutos"},"schema":{"@context":"https:\/\/schema.org","@graph":[{"@type":"NewsArticle","@id":"https:\/\/www.estrategiaconcursos.com.br\/blog\/resolucao-comentada-historia-soldado-vunesp-2017-soldado-pm-2a-classe-o-presidente-dos-eua-thomas-woodrow-wilson-presidira-o-comite-que-redigiu-os-30-artigos-do-pacto-constitutivo-da-l\/#article","isPartOf":{"@id":"https:\/\/www.estrategiaconcursos.com.br\/blog\/resolucao-comentada-historia-soldado-vunesp-2017-soldado-pm-2a-classe-o-presidente-dos-eua-thomas-woodrow-wilson-presidira-o-comite-que-redigiu-os-30-artigos-do-pacto-constitutivo-da-l\/"},"author":{"name":"Sergio Henrique","@id":"https:\/\/www.estrategiaconcursos.com.br\/blog\/#\/schema\/person\/d18952c4e9d57a78a6caea1fc8412aca"},"headline":"Resolu\u00e7\u00e3o comentada Hist\u00f3ria Vunesp soldado PMSP","datePublished":"2017-12-05T18:32:40+00:00","dateModified":"2017-12-05T20:36:21+00:00","mainEntityOfPage":{"@id":"https:\/\/www.estrategiaconcursos.com.br\/blog\/resolucao-comentada-historia-soldado-vunesp-2017-soldado-pm-2a-classe-o-presidente-dos-eua-thomas-woodrow-wilson-presidira-o-comite-que-redigiu-os-30-artigos-do-pacto-constitutivo-da-l\/"},"wordCount":1876,"commentCount":0,"publisher":{"@id":"https:\/\/www.estrategiaconcursos.com.br\/blog\/#organization"},"articleSection":["Concursos P\u00fablicos"],"inLanguage":"pt-BR","potentialAction":[{"@type":"CommentAction","name":"Comment","target":["https:\/\/www.estrategiaconcursos.com.br\/blog\/resolucao-comentada-historia-soldado-vunesp-2017-soldado-pm-2a-classe-o-presidente-dos-eua-thomas-woodrow-wilson-presidira-o-comite-que-redigiu-os-30-artigos-do-pacto-constitutivo-da-l\/#respond"]}],"copyrightYear":"2017","copyrightHolder":{"@id":"https:\/\/www.estrategiaconcursos.com.br\/blog\/#organization"}},{"@type":"WebPage","@id":"https:\/\/www.estrategiaconcursos.com.br\/blog\/resolucao-comentada-historia-soldado-vunesp-2017-soldado-pm-2a-classe-o-presidente-dos-eua-thomas-woodrow-wilson-presidira-o-comite-que-redigiu-os-30-artigos-do-pacto-constitutivo-da-l\/","url":"https:\/\/www.estrategiaconcursos.com.br\/blog\/resolucao-comentada-historia-soldado-vunesp-2017-soldado-pm-2a-classe-o-presidente-dos-eua-thomas-woodrow-wilson-presidira-o-comite-que-redigiu-os-30-artigos-do-pacto-constitutivo-da-l\/","name":"Resolu\u00e7\u00e3o comentada Hist\u00f3ria Vunesp soldado PMSP","isPartOf":{"@id":"https:\/\/www.estrategiaconcursos.com.br\/blog\/#website"},"datePublished":"2017-12-05T18:32:40+00:00","dateModified":"2017-12-05T20:36:21+00:00","description":"Ol\u00e1 Pessoal. Vamos resolver a prova de Hist\u00f3ria para soldado da PMSP. H\u00e1 possibilidade de recurso em uma quest\u00e3o com um equ\u00edvoco te\u00f3rico","breadcrumb":{"@id":"https:\/\/www.estrategiaconcursos.com.br\/blog\/resolucao-comentada-historia-soldado-vunesp-2017-soldado-pm-2a-classe-o-presidente-dos-eua-thomas-woodrow-wilson-presidira-o-comite-que-redigiu-os-30-artigos-do-pacto-constitutivo-da-l\/#breadcrumb"},"inLanguage":"pt-BR","potentialAction":[{"@type":"ReadAction","target":["https:\/\/www.estrategiaconcursos.com.br\/blog\/resolucao-comentada-historia-soldado-vunesp-2017-soldado-pm-2a-classe-o-presidente-dos-eua-thomas-woodrow-wilson-presidira-o-comite-que-redigiu-os-30-artigos-do-pacto-constitutivo-da-l\/"]}]},{"@type":"BreadcrumbList","@id":"https:\/\/www.estrategiaconcursos.com.br\/blog\/resolucao-comentada-historia-soldado-vunesp-2017-soldado-pm-2a-classe-o-presidente-dos-eua-thomas-woodrow-wilson-presidira-o-comite-que-redigiu-os-30-artigos-do-pacto-constitutivo-da-l\/#breadcrumb","itemListElement":[{"@type":"ListItem","position":1,"name":"In\u00edcio","item":"https:\/\/www.estrategiaconcursos.com.br\/blog\/"},{"@type":"ListItem","position":2,"name":"Resolu\u00e7\u00e3o comentada Hist\u00f3ria Vunesp soldado PMSP"}]},{"@type":"WebSite","@id":"https:\/\/www.estrategiaconcursos.com.br\/blog\/#website","url":"https:\/\/www.estrategiaconcursos.com.br\/blog\/","name":"Estrat\u00e9gia Concursos","description":"O blog da Estrat\u00e9gia Concursos traz not\u00edcias sobre concursos e artigos de professores oferecendo cursos para concursos (pdf + videaulas) no site.","publisher":{"@id":"https:\/\/www.estrategiaconcursos.com.br\/blog\/#organization"},"potentialAction":[{"@type":"SearchAction","target":{"@type":"EntryPoint","urlTemplate":"https:\/\/www.estrategiaconcursos.com.br\/blog\/?s={search_term_string}"},"query-input":{"@type":"PropertyValueSpecification","valueRequired":true,"valueName":"search_term_string"}}],"inLanguage":"pt-BR"},{"@type":"Organization","@id":"https:\/\/www.estrategiaconcursos.com.br\/blog\/#organization","name":"Estrat\u00e9gia Concursos","url":"https:\/\/www.estrategiaconcursos.com.br\/blog\/","logo":{"@type":"ImageObject","inLanguage":"pt-BR","@id":"https:\/\/www.estrategiaconcursos.com.br\/blog\/#\/schema\/logo\/image\/","url":"https:\/\/dhg1h5j42swfq.cloudfront.net\/2025\/06\/03203428\/logo_concursos-1.jpg","contentUrl":"https:\/\/dhg1h5j42swfq.cloudfront.net\/2025\/06\/03203428\/logo_concursos-1.jpg","width":230,"height":60,"caption":"Estrat\u00e9gia Concursos"},"image":{"@id":"https:\/\/www.estrategiaconcursos.com.br\/blog\/#\/schema\/logo\/image\/"},"sameAs":["https:\/\/x.com\/EstratConcursos"]},{"@type":"Person","@id":"https:\/\/www.estrategiaconcursos.com.br\/blog\/#\/schema\/person\/d18952c4e9d57a78a6caea1fc8412aca","name":"Sergio Henrique","image":{"@type":"ImageObject","inLanguage":"pt-BR","@id":"https:\/\/secure.gravatar.com\/avatar\/8a654c3858278ad4f39af7a25daa62ab86082ab9406fabd7edee0d6cdfb86662?s=96&d=mm&r=g","url":"https:\/\/secure.gravatar.com\/avatar\/8a654c3858278ad4f39af7a25daa62ab86082ab9406fabd7edee0d6cdfb86662?s=96&d=mm&r=g","contentUrl":"https:\/\/secure.gravatar.com\/avatar\/8a654c3858278ad4f39af7a25daa62ab86082ab9406fabd7edee0d6cdfb86662?s=96&d=mm&r=g","caption":"Sergio Henrique"},"url":"https:\/\/www.estrategiaconcursos.com.br\/blog\/author\/sergio-henrique\/"}]}},"_links":{"self":[{"href":"https:\/\/www.estrategiaconcursos.com.br\/blog\/wp-json\/wp\/v2\/posts\/97423","targetHints":{"allow":["GET"]}}],"collection":[{"href":"https:\/\/www.estrategiaconcursos.com.br\/blog\/wp-json\/wp\/v2\/posts"}],"about":[{"href":"https:\/\/www.estrategiaconcursos.com.br\/blog\/wp-json\/wp\/v2\/types\/post"}],"author":[{"embeddable":true,"href":"https:\/\/www.estrategiaconcursos.com.br\/blog\/wp-json\/wp\/v2\/users\/322"}],"replies":[{"embeddable":true,"href":"https:\/\/www.estrategiaconcursos.com.br\/blog\/wp-json\/wp\/v2\/comments?post=97423"}],"version-history":[{"count":8,"href":"https:\/\/www.estrategiaconcursos.com.br\/blog\/wp-json\/wp\/v2\/posts\/97423\/revisions"}],"predecessor-version":[{"id":98163,"href":"https:\/\/www.estrategiaconcursos.com.br\/blog\/wp-json\/wp\/v2\/posts\/97423\/revisions\/98163"}],"wp:attachment":[{"href":"https:\/\/www.estrategiaconcursos.com.br\/blog\/wp-json\/wp\/v2\/media?parent=97423"}],"wp:term":[{"taxonomy":"category","embeddable":true,"href":"https:\/\/www.estrategiaconcursos.com.br\/blog\/wp-json\/wp\/v2\/categories?post=97423"},{"taxonomy":"post_tag","embeddable":true,"href":"https:\/\/www.estrategiaconcursos.com.br\/blog\/wp-json\/wp\/v2\/tags?post=97423"},{"taxonomy":"tax_estado","embeddable":true,"href":"https:\/\/www.estrategiaconcursos.com.br\/blog\/wp-json\/wp\/v2\/tax_estado?post=97423"}],"curies":[{"name":"wp","href":"https:\/\/api.w.org\/{rel}","templated":true}]}}