{"id":974055,"date":"2025-12-08T14:11:00","date_gmt":"2025-12-08T17:11:00","guid":{"rendered":"https:\/\/www.estrategiaconcursos.com.br\/blog\/?p=974055"},"modified":"2026-01-22T17:17:08","modified_gmt":"2026-01-22T20:17:08","slug":"concurso-cisbaf-rj","status":"publish","type":"post","link":"https:\/\/www.estrategiaconcursos.com.br\/blog\/concurso-cisbaf-rj\/","title":{"rendered":"Concurso CISBAF RJ: resultado final divulgado. Confira!"},"content":{"rendered":"\n<p style=\"font-size:clamp(15.197px, 0.95rem + ((1vw - 3.2px) * 0.765), 23px);\"><em><strong>Editais do concurso CISBAF ofertaram 2.695 vagas para diversas \u00e1reas da Sa\u00fade e todos os n\u00edveis de forma\u00e7\u00e3o! <\/strong><\/em><\/p>\n\n\n\n<p>Foram divulgados os resultados finais do <strong>concurso CISBAF<\/strong> (Cons\u00f3rcio Intermunicipal da Baixada Fluminense), no estado do Rio de Janeiro, bem como dos processos seletivos para tempor\u00e1rios. <\/p>\n\n\n\n<ul class=\"wp-block-list\">\n<li><strong>Resultados finais (editais)<\/strong>: <a href=\"https:\/\/dhg1h5j42swfq.cloudfront.net\/2025\/03\/21122019\/46_305228.pdf\" target=\"_blank\" rel=\"noreferrer noopener nofollow\">001<\/a> \/ <a href=\"https:\/\/dhg1h5j42swfq.cloudfront.net\/2025\/03\/21122222\/49_511228-1.pdf\" target=\"_blank\" rel=\"noreferrer noopener nofollow\">002<\/a> \/ <a href=\"https:\/\/dhg1h5j42swfq.cloudfront.net\/2025\/03\/21122322\/48_332525.pdf\" target=\"_blank\" rel=\"noreferrer noopener nofollow\">003<\/a> \/ <a href=\"https:\/\/dhg1h5j42swfq.cloudfront.net\/2025\/03\/21122406\/14_313164.pdf\" target=\"_blank\" rel=\"noreferrer noopener nofollow\">004<\/a> \/ <a href=\"https:\/\/dhg1h5j42swfq.cloudfront.net\/2025\/03\/21122450\/36_373389.pdf\" target=\"_blank\" rel=\"noreferrer noopener nofollow\">005<\/a><\/li>\n<\/ul>\n\n\n\n<p>Sob organiza\u00e7\u00e3o do Instituto Consulplan, foram ofertadas <strong>2.695 vagas<\/strong>, sendo 155 imediatas e 2.540 em cadastro de reserva, com sal\u00e1rios iniciais de <strong>R$ 1.518,00 a R$ 12.000,00<\/strong>.<\/p>\n\n\n\n<ul class=\"wp-block-list has-very-light-gray-to-cyan-bluish-gray-gradient-background has-background\">\n<li><strong>CISBAF &#8211; RJ<\/strong><\/li>\n\n\n\n<li><strong>Status<\/strong>: resultados divulgados<\/li>\n\n\n\n<li><strong style=\"background-color: initial; color: initial;\">Banca:<\/strong> <span style=\"background-color: initial; color: initial;\"><\/span>Instituto Consulplan<\/li>\n\n\n\n<li><strong>Vagas:<\/strong> 155 + 2.540 CR<\/li>\n\n\n\n<li><strong>Sal\u00e1rio inicial:<\/strong> R$ 1.518,00 a R$ 12.000,00<\/li>\n\n\n\n<li><strong>Editais:<\/strong> <a href=\"https:\/\/dhg1h5j42swfq.cloudfront.net\/2025\/03\/21123604\/32_510068.pdf\" target=\"_blank\" rel=\"noreferrer noopener nofollow\">001<\/a> \/ <a href=\"https:\/\/dhg1h5j42swfq.cloudfront.net\/2025\/03\/21123644\/14_608807.pdf\" target=\"_blank\" rel=\"noreferrer noopener nofollow\">002<\/a> \/ <a href=\"https:\/\/dhg1h5j42swfq.cloudfront.net\/2025\/03\/21123709\/9_692379.pdf\" target=\"_blank\" rel=\"noreferrer noopener nofollow\">003<\/a> \/ <a href=\"https:\/\/dhg1h5j42swfq.cloudfront.net\/2025\/03\/21123733\/1_446814.pdf\" target=\"_blank\" rel=\"noreferrer noopener nofollow\">004<\/a> \/ <a href=\"https:\/\/dhg1h5j42swfq.cloudfront.net\/2025\/03\/21123814\/1_552235.pdf\" target=\"_blank\" rel=\"noreferrer noopener nofollow\">005<\/a> <\/li>\n<\/ul>\n\n\n\n<p>A fim de te deixar sempre bem informado, elaboramos este artigo com as principais informa\u00e7\u00f5es do concurso. Acompanhe os t\u00f3picos abaixo e n\u00e3o perca nenhum detalhe!<\/p>\n\n\n\n<ul id=\"indice\" class=\"wp-block-list\">\n<li><a href=\"#info\">Informa\u00e7\u00f5es do edital<\/a>\n<ul class=\"wp-block-list\">\n<li><a href=\"#car\">Cargos e vagas<\/a><\/li>\n\n\n\n<li><a href=\"#ep-novo\">Etapas do novo concurso<\/a><\/li>\n<\/ul>\n<\/li>\n\n\n\n<li><a href=\"#informacoes\">\u00daltimo concurso<\/a><\/li>\n\n\n\n<li><a href=\"#cisbaf\">Sobre o Cisbaf<\/a><\/li>\n\n\n\n<li><a href=\"#cursos\">Cursos e assinaturas<\/a><\/li>\n\n\n\n<li><a href=\"#ficha\">Ficha t\u00e9cnica<\/a><\/li>\n<\/ul>\n\n\n\n<div class=\"container\" id=\"boxes\">\n  <div class=\"row\">\n\n    <div class=\"col-sm\">\n      <div class=\"banner-medicina\" id=\"box-assinatura\">\n        <h3 class=\"titulo-assinatura\">Concurso CISBAF<\/h3>\n        <p class=\"subtitulo-assinatura\">Conhe\u00e7a os cursos<\/p>\n        <div class=\"box-botao\">\n          <a class=\"btn-assinatura\" target=\"_blank\" href=\"https:\/\/www.estrategiaconcursos.com.br\/pesquisa\/?q=cisbaf\" role=\"button\" rel=\"noopener noreferrer\">Conhe\u00e7a mais<\/a>\n        <\/div>\n      <\/div>\n    \n\n  <\/div>\n<\/div><\/div>\n\n\n\n<h2 class=\"wp-block-heading\" id=\"info\">Informa\u00e7\u00f5es do concurso CISBAF<\/h2>\n\n\n\n<h3 class=\"wp-block-heading\" id=\"car\">Cargos e vagas do concurso CISBAF<\/h3>\n\n\n\n<h4 class=\"wp-block-heading\" id=\"h-edital-001\">Edital 001<\/h4>\n\n\n\n<p>N\u00edvel m\u00e9dio<\/p>\n\n\n\n<figure class=\"wp-block-table is-style-stripes\"><table class=\"has-fixed-layout\"><thead><tr><th class=\"has-text-align-center\" data-align=\"center\">Cargo<\/th><th class=\"has-text-align-center\" data-align=\"center\">Vagas<\/th><th class=\"has-text-align-center\" data-align=\"center\">Sal\u00e1rio inicial<\/th><\/tr><\/thead><tbody><tr><td class=\"has-text-align-center\" data-align=\"center\">T\u00e9cnico Administrativo<\/td><td class=\"has-text-align-center\" data-align=\"center\">1 + 40 CR<\/td><td class=\"has-text-align-center\" data-align=\"center\">R$ 1.600,00<\/td><\/tr><\/tbody><\/table><\/figure>\n\n\n\n<h4 class=\"wp-block-heading\" id=\"h-edital-002\"><strong>Edital 002<\/strong><\/h4>\n\n\n\n<p>N\u00edvel fundamental<\/p>\n\n\n\n<figure class=\"wp-block-table is-style-stripes\"><table class=\"has-fixed-layout\"><thead><tr><th class=\"has-text-align-center\" data-align=\"center\">Cargo<\/th><th class=\"has-text-align-center\" data-align=\"center\">Vagas<\/th><th class=\"has-text-align-center\" data-align=\"center\">Sal\u00e1rio inicial<\/th><\/tr><\/thead><tbody><tr><td class=\"has-text-align-center\" data-align=\"center\">Auxiliar de Servi\u00e7os Gerais<\/td><td class=\"has-text-align-center\" data-align=\"center\">8 + 150 CR<\/td><td class=\"has-text-align-center\" data-align=\"center\">R$ 1.518,00<\/td><\/tr><tr><td class=\"has-text-align-center\" data-align=\"center\">Maqueiro<\/td><td class=\"has-text-align-center\" data-align=\"center\">8 + 100 CR<\/td><td class=\"has-text-align-center\" data-align=\"center\">R$ 1.680,00<\/td><\/tr><\/tbody><\/table><\/figure>\n\n\n\n<p>N\u00edveis m\u00e9dio \/ t\u00e9cnico<\/p>\n\n\n\n<figure class=\"wp-block-table is-style-stripes\"><table class=\"has-fixed-layout\"><thead><tr><th class=\"has-text-align-center\" data-align=\"center\">Cargo<\/th><th class=\"has-text-align-center\" data-align=\"center\">Vagas<\/th><th class=\"has-text-align-center\" data-align=\"center\">Sal\u00e1rio inicial<\/th><\/tr><\/thead><tbody><tr><td class=\"has-text-align-center\" data-align=\"center\">Apoio Administrativo<\/td><td class=\"has-text-align-center\" data-align=\"center\">22 + 300 CR<\/td><td class=\"has-text-align-center\" data-align=\"center\">R$ 1.922,00<\/td><\/tr><tr><td class=\"has-text-align-center\" data-align=\"center\">Apontador de RH<\/td><td class=\"has-text-align-center\" data-align=\"center\">1 + 50 CR<\/td><td class=\"has-text-align-center\" data-align=\"center\">R$ 1.922,00<\/td><\/tr><tr><td class=\"has-text-align-center\" data-align=\"center\">Condutor de Ambul\u00e2ncia<\/td><td class=\"has-text-align-center\" data-align=\"center\">1 + 100 CR<\/td><td class=\"has-text-align-center\" data-align=\"center\">R$ 2.512,59<\/td><\/tr><tr><td class=\"has-text-align-center\" data-align=\"center\">T\u00e9cnico Auxiliar de Regula\u00e7\u00e3o M\u00e9dica \/ Operador de Frota<\/td><td class=\"has-text-align-center\" data-align=\"center\">100 CR<\/td><td class=\"has-text-align-center\" data-align=\"center\">R$ 1.518,00<\/td><\/tr><tr><td class=\"has-text-align-center\" data-align=\"center\">Auxiliar de Sa\u00fade Bucal<\/td><td class=\"has-text-align-center\" data-align=\"center\">2 + 50 CR<\/td><td class=\"has-text-align-center\" data-align=\"center\">R$ 1.780,00<\/td><\/tr><tr><td class=\"has-text-align-center\" data-align=\"center\">T\u00e9cnico de Enfermagem<\/td><td class=\"has-text-align-center\" data-align=\"center\">30 + 150 CR<\/td><td class=\"has-text-align-center\" data-align=\"center\">R$ 2.267,05<\/td><\/tr><tr><td class=\"has-text-align-center\" data-align=\"center\">T\u00e9cnico de Radiologia<\/td><td class=\"has-text-align-center\" data-align=\"center\">3 + 50 CR<\/td><td class=\"has-text-align-center\" data-align=\"center\">R$ 2.267,05<\/td><\/tr><\/tbody><\/table><\/figure>\n\n\n\n<p>N\u00edvel superior<\/p>\n\n\n\n<figure class=\"wp-block-table is-style-stripes\"><table class=\"has-fixed-layout\"><thead><tr><th class=\"has-text-align-center\" data-align=\"center\">Cargo<\/th><th class=\"has-text-align-center\" data-align=\"center\">Vagas<\/th><th class=\"has-text-align-center\" data-align=\"center\">Sal\u00e1rio inicial<\/th><\/tr><\/thead><tbody><tr><td class=\"has-text-align-center\" data-align=\"center\">Analista de RH<\/td><td class=\"has-text-align-center\" data-align=\"center\">50 CR<\/td><td class=\"has-text-align-center\" data-align=\"center\">R$ 2.104,50<\/td><\/tr><tr><td class=\"has-text-align-center\" data-align=\"center\">Cirurgi\u00e3o-Dentista<\/td><td class=\"has-text-align-center\" data-align=\"center\">4 + 50 CR<\/td><td class=\"has-text-align-center\" data-align=\"center\">R$ 2.800,00<\/td><\/tr><tr><td class=\"has-text-align-center\" data-align=\"center\">Enfermeiro<\/td><td class=\"has-text-align-center\" data-align=\"center\">15 + 150 CR<\/td><td class=\"has-text-align-center\" data-align=\"center\">R$ 3.238,64<\/td><\/tr><tr><td class=\"has-text-align-center\" data-align=\"center\">Farmac\u00eautico<\/td><td class=\"has-text-align-center\" data-align=\"center\">3 + 50 CR<\/td><td class=\"has-text-align-center\" data-align=\"center\">R$ 3.222,91<\/td><\/tr><\/tbody><\/table><\/figure>\n\n\n\n<h4 class=\"wp-block-heading\" id=\"h-edital-003\"><strong>Edital 003<\/strong><\/h4>\n\n\n\n<p>N\u00edvel m\u00e9dio<\/p>\n\n\n\n<figure class=\"wp-block-table is-style-stripes\"><table class=\"has-fixed-layout\"><thead><tr><th class=\"has-text-align-center\" data-align=\"center\">Cargo<\/th><th class=\"has-text-align-center\" data-align=\"center\">Vagas<\/th><th class=\"has-text-align-center\" data-align=\"center\">Sal\u00e1rio inicial<\/th><\/tr><\/thead><tbody><tr><td class=\"has-text-align-center\" data-align=\"center\">Assistente Administrativo V<\/td><td class=\"has-text-align-center\" data-align=\"center\">150 CR<\/td><td class=\"has-text-align-center\" data-align=\"center\">R$ 1.600,00<\/td><\/tr><\/tbody><\/table><\/figure>\n\n\n\n<p>N\u00edvel superior<\/p>\n\n\n\n<figure class=\"wp-block-table is-style-stripes\"><table class=\"has-fixed-layout\"><thead><tr><th class=\"has-text-align-center\" data-align=\"center\">Cargo<\/th><th class=\"has-text-align-center\" data-align=\"center\">Vagas<\/th><th class=\"has-text-align-center\" data-align=\"center\">Sal\u00e1rio inicial<\/th><\/tr><\/thead><tbody><tr><td class=\"has-text-align-center\" data-align=\"center\">Assistente T\u00e9cnico ADM II \u2013 Contabilidade<\/td><td class=\"has-text-align-center\" data-align=\"center\">30 CR<\/td><td class=\"has-text-align-center\" data-align=\"center\">R$ 2.314,93<\/td><\/tr><tr><td class=\"has-text-align-center\" data-align=\"center\">Assistente T\u00e9cnico ADM II \u2013 Controle Interno<\/td><td class=\"has-text-align-center\" data-align=\"center\">30 CR<\/td><td class=\"has-text-align-center\" data-align=\"center\">R$ 2.314,93<\/td><\/tr><tr><td class=\"has-text-align-center\" data-align=\"center\">Assistente T\u00e9cnico ADM II \u2013 Desenvolvimento Pessoal<\/td><td class=\"has-text-align-center\" data-align=\"center\">30 CR<\/td><td class=\"has-text-align-center\" data-align=\"center\">R$ 2.314,93<\/td><\/tr><tr><td class=\"has-text-align-center\" data-align=\"center\">Assistente T\u00e9cnico ADM II \u2013 Designer Gr\u00e1fico<\/td><td class=\"has-text-align-center\" data-align=\"center\">30 CR<\/td><td class=\"has-text-align-center\" data-align=\"center\">R$ 2.314,93<\/td><\/tr><tr><td class=\"has-text-align-center\" data-align=\"center\">Assistente T\u00e9cnico ADM II \u2013 Jur\u00eddico<\/td><td class=\"has-text-align-center\" data-align=\"center\">30 CR<\/td><td class=\"has-text-align-center\" data-align=\"center\">R$ 2.314,93<\/td><\/tr><tr><td class=\"has-text-align-center\" data-align=\"center\">Assistente T\u00e9cnico ADM II \u2013 Licita\u00e7\u00e3o e Contratos<\/td><td class=\"has-text-align-center\" data-align=\"center\">30 CR<\/td><td class=\"has-text-align-center\" data-align=\"center\">R$ 2.314,93<\/td><\/tr><tr><td class=\"has-text-align-center\" data-align=\"center\">Assistente T\u00e9cnico ADM II \u2013 Programa\u00e7\u00e3o<\/td><td class=\"has-text-align-center\" data-align=\"center\">30 CR<\/td><td class=\"has-text-align-center\" data-align=\"center\">R$ 2.314,93<\/td><\/tr><tr><td class=\"has-text-align-center\" data-align=\"center\">Assistente T\u00e9cnico ADM II \u2013 Recursos Humanos<\/td><td class=\"has-text-align-center\" data-align=\"center\">30 CR<\/td><td class=\"has-text-align-center\" data-align=\"center\">R$ 2.314,93<\/td><\/tr><tr><td class=\"has-text-align-center\" data-align=\"center\">Assistente T\u00e9cnico ADM II \u2013 Suporte TI<\/td><td class=\"has-text-align-center\" data-align=\"center\">30 CR<\/td><td class=\"has-text-align-center\" data-align=\"center\">R$ 2.314,93<\/td><\/tr><\/tbody><\/table><\/figure>\n\n\n\n<h4 class=\"wp-block-heading\" id=\"h-edital-004\"><strong>Edital 004<\/strong><\/h4>\n\n\n\n<p>N\u00edvel superior<\/p>\n\n\n\n<figure class=\"wp-block-table is-style-stripes\"><table class=\"has-fixed-layout\"><thead><tr><th class=\"has-text-align-center\" data-align=\"center\">Cargo<\/th><th class=\"has-text-align-center\" data-align=\"center\">Vagas<\/th><th class=\"has-text-align-center\" data-align=\"center\">Sal\u00e1rio inicial<\/th><\/tr><\/thead><tbody><tr><td class=\"has-text-align-center\" data-align=\"center\">M\u00e9dico Intervencionista<\/td><td class=\"has-text-align-center\" data-align=\"center\">1 + 50 CR<\/td><td class=\"has-text-align-center\" data-align=\"center\">R$ 8.000,00 + abono de R$ 1.000,00 por plant\u00f5es de sexta a domingo<\/td><\/tr><tr><td class=\"has-text-align-center\" data-align=\"center\">M\u00e9dico Intervencionista<\/td><td class=\"has-text-align-center\" data-align=\"center\">0 + 50 CR<\/td><td class=\"has-text-align-center\" data-align=\"center\">R$ 10.000,00 + abono de R$ 1.000,00 por plant\u00f5es de sexta a domingo<\/td><\/tr><tr><td class=\"has-text-align-center\" data-align=\"center\">M\u00e9dico Plantonista (24h)<\/td><td class=\"has-text-align-center\" data-align=\"center\">2 + 50 CR<\/td><td class=\"has-text-align-center\" data-align=\"center\">R$ 12.000,00 + abono de R$ 1.000,00 por plant\u00f5es de s\u00e1bado a segunda<\/td><\/tr><tr><td class=\"has-text-align-center\" data-align=\"center\">M\u00e9dico Plantonista (12h)<\/td><td class=\"has-text-align-center\" data-align=\"center\">2 + 50 CR<\/td><td class=\"has-text-align-center\" data-align=\"center\">R$ 6.000,00 + abono de R$ 500,00 por plant\u00f5es de s\u00e1bado a segunda<\/td><\/tr><\/tbody><\/table><\/figure>\n\n\n\n<h4 class=\"wp-block-heading\" id=\"h-edital-005\"><strong>Edital 005<\/strong><\/h4>\n\n\n\n<p>N\u00edvel fundamental<\/p>\n\n\n\n<figure class=\"wp-block-table is-style-stripes\"><table class=\"has-fixed-layout\"><thead><tr><td class=\"has-text-align-center\" data-align=\"center\"><strong>Cargo<\/strong><\/td><td class=\"has-text-align-center\" data-align=\"center\"><strong>Vagas<\/strong><\/td><td class=\"has-text-align-center\" data-align=\"center\"><strong>Sal\u00e1rio inicial<\/strong><\/td><\/tr><\/thead><tbody><tr><td class=\"has-text-align-center\" data-align=\"center\">Auxiliar de Servi\u00e7os Gerais<\/td><td class=\"has-text-align-center\" data-align=\"center\">1 + 100 CR<\/td><td class=\"has-text-align-center\" data-align=\"center\">R$ 1.518,00<\/td><\/tr><\/tbody><\/table><\/figure>\n\n\n\n<p>N\u00edveis m\u00e9dio \/ t\u00e9cnico<\/p>\n\n\n\n<figure class=\"wp-block-table is-style-stripes\"><table class=\"has-fixed-layout\"><thead><tr><td class=\"has-text-align-center\" data-align=\"center\"><strong>Cargo<\/strong><\/td><td class=\"has-text-align-center\" data-align=\"center\"><strong>Vagas<\/strong><\/td><td class=\"has-text-align-center\" data-align=\"center\"><strong>Sal\u00e1rio inicial<\/strong><\/td><\/tr><\/thead><tbody><tr><td class=\"has-text-align-center\" data-align=\"center\">Auxiliar Administrativo<\/td><td class=\"has-text-align-center\" data-align=\"center\">200 CR<\/td><td class=\"has-text-align-center\" data-align=\"center\">R$ 1.922,00<\/td><\/tr><tr><td class=\"has-text-align-center\" data-align=\"center\">Condutor de Ambul\u00e2ncia<\/td><td class=\"has-text-align-center\" data-align=\"center\">60 CR<\/td><td class=\"has-text-align-center\" data-align=\"center\">R$ 2.512,59<\/td><\/tr><tr><td class=\"has-text-align-center\" data-align=\"center\">R\u00e1dio Operador das Frotas da Base <\/td><td class=\"has-text-align-center\" data-align=\"center\">50 CR<\/td><td class=\"has-text-align-center\" data-align=\"center\">R$ 2.258,17<\/td><\/tr><tr><td class=\"has-text-align-center\" data-align=\"center\">T\u00e9cnico de Enfermagem<\/td><td class=\"has-text-align-center\" data-align=\"center\">1 + 60 CR<\/td><td class=\"has-text-align-center\" data-align=\"center\">R$3.022,73<\/td><\/tr><\/tbody><\/table><\/figure>\n\n\n\n<p>N\u00edvel superior<\/p>\n\n\n\n<figure class=\"wp-block-table is-style-stripes\"><table class=\"has-fixed-layout\"><thead><tr><td class=\"has-text-align-center\" data-align=\"center\"><strong>Cargo<\/strong><\/td><td class=\"has-text-align-center\" data-align=\"center\"><strong>Vagas<\/strong><\/td><td class=\"has-text-align-center\" data-align=\"center\"><strong>Sal\u00e1rio inicial<\/strong><\/td><\/tr><\/thead><tbody><tr><td class=\"has-text-align-center\" data-align=\"center\">Enfermeiro Intervencionista<\/td><td class=\"has-text-align-center\" data-align=\"center\">30 CR<\/td><td class=\"has-text-align-center\" data-align=\"center\">R$ 3.238,64<\/td><\/tr><\/tbody><\/table><\/figure>\n\n\n\n<h3 class=\"wp-block-heading\" id=\"ep-novo\">Etapas do concurso CISBAF<\/h3>\n\n\n\n<p>Os candidatos foram avaliados por meio das seguintes etapas:<\/p>\n\n\n\n<ul class=\"wp-block-list\">\n<li><strong>Prova objetiva<\/strong>; <\/li>\n\n\n\n<li><strong>Reda\u00e7\u00e3o<\/strong>;<\/li>\n\n\n\n<li><strong>Prova pr\u00e1tica<\/strong> &#8211; apenas processos seletivos (T\u00e9cnico de Enfermagem, Enfermeiro e Condutor de Ambul\u00e2ncia); e<\/li>\n\n\n\n<li><strong>Avalia\u00e7\u00e3o de t\u00edtulos<\/strong>.<\/li>\n<\/ul>\n\n\n\n<h4 class=\"wp-block-heading\" id=\"h-prova-objetiva\"><strong>Prova objetiva<\/strong><\/h4>\n\n\n\n<p>A etapa foi composta por 20 a 30 quest\u00f5es do tipo m\u00faltipla escolha (4 alternativas).<\/p>\n\n\n\n<ul class=\"wp-block-list\">\n<li>L\u00edngua Portuguesa;<\/li>\n\n\n\n<li>Racioc\u00ednio L\u00f3gico-Matem\u00e1tico;<\/li>\n\n\n\n<li>Inform\u00e1tica;<\/li>\n\n\n\n<li>Legisla\u00e7\u00e3o; e<\/li>\n\n\n\n<li>Conhecimentos espec\u00edficos.<\/li>\n<\/ul>\n\n\n\n<p>Foi considerado aprovado o candidato que obteve, no m\u00ednimo, 50% a 60% da pontua\u00e7\u00e3o dispon\u00edvel.<\/p>\n\n\n\n<h4 class=\"wp-block-heading\" id=\"h-prova-discursiva-redacao\"><strong>Prova discursiva (reda\u00e7\u00e3o)<\/strong><\/h4>\n\n\n\n<p>A etapa, de car\u00e1ter eliminat\u00f3rio e classificat\u00f3rio, foi avaliada na escala de 0 (zero) a 30 (vinte) pontos, dependendo do cargo desejado.<\/p>\n\n\n\n<p>A prova discursiva deveria ter a extens\u00e3o m\u00ednima de 20 (vinte) linhas e m\u00e1xima de 30 (trinta) linhas. <\/p>\n\n\n\n<figure class=\"wp-block-image aligncenter size-full\"><img loading=\"lazy\" decoding=\"async\" width=\"924\" height=\"347\" src=\"https:\/\/dhg1h5j42swfq.cloudfront.net\/2025\/03\/19085346\/image-233.png\" alt=\"Crit\u00e9rios de avalia\u00e7\u00e3o da prova discursiva\" class=\"wp-image-1702984\" srcset=\"https:\/\/dhg1h5j42swfq.cloudfront.net\/2025\/03\/19085346\/image-233.png 924w, https:\/\/dhg1h5j42swfq.cloudfront.net\/2025\/03\/19085346\/image-233-300x113.png 300w, https:\/\/dhg1h5j42swfq.cloudfront.net\/2025\/03\/19085346\/image-233-768x288.png 768w, https:\/\/dhg1h5j42swfq.cloudfront.net\/2025\/03\/19085346\/image-233-150x56.png 150w\" sizes=\"auto, (max-width: 924px) 100vw, 924px\" \/><figcaption class=\"wp-element-caption\">Crit\u00e9rios de avalia\u00e7\u00e3o da prova discursiva<\/figcaption><\/figure>\n\n\n\n<h4 class=\"wp-block-heading\" id=\"h-prova-de-titulos\"><strong>Prova de t\u00edtulos<\/strong><\/h4>\n\n\n\n<p>A etapa, de car\u00e1ter classificat\u00f3rio, foi aplicada a todos candidatos inscritos e que n\u00e3o foram eliminados nas etapas de provas objetivas e discursivas, de acordo com os crit\u00e9rios estabelecidos no edital.<\/p>\n\n\n\n<p>Os t\u00edtulos tiveram valores m\u00e1ximos de 10 pontos, ainda que a soma fosse superior.<\/p>\n\n\n\n<h2 class=\"wp-block-heading\" id=\"ultimo\">\u00daltimo concurso CISBAF<\/h2>\n\n\n\n<ul class=\"wp-block-list\">\n<li><strong>Vagas<\/strong>: 276 + CR<\/li>\n\n\n\n<li><strong>Cargos<\/strong>: a definir<\/li>\n\n\n\n<li><strong>Banca<\/strong>: IBDO<\/li>\n\n\n\n<li><strong>Escolaridade<\/strong>: m\u00e9dio e superior<\/li>\n\n\n\n<li><strong>\u00daltimo edital:<\/strong> <a href=\"https:\/\/dhg1h5j42swfq.cloudfront.net\/2022\/12\/12152707\/edital_pss_cisbaf_nova_iguacu_rj_2022.pdf\" target=\"_blank\" rel=\"noreferrer noopener nofollow\">CISBAF-2022<\/a><\/li>\n<\/ul>\n\n\n\n<h3 class=\"wp-block-heading\" id=\"cargos-vagas\">Cargos e vagas do concurso CISBAF<\/h3>\n\n\n\n<p>N\u00edvel m\u00e9dio<\/p>\n\n\n\n<ul class=\"wp-block-list\">\n<li>Assistente T\u00e9cnico Administrativo &#8211; Desenvolvimento de Sistema: 3 vagas (R$ 1.600,00);<\/li>\n\n\n\n<li>Assistente T\u00e9cnico Administrativo &#8211; Comunica\u00e7\u00e3o Social: 3 vagas (R$ 1.600,00);<\/li>\n\n\n\n<li>Assistente T\u00e9cnico Administrativo &#8211; \u00c1rea Administrativa: 1 vaga (R$ 1.600,00);<\/li>\n\n\n\n<li>Auxiliar Administrativo III: CR (R$ 1.400,00);<\/li>\n\n\n\n<li>Auxiliar Administrativo II: CR (R$ 1.576,00);<\/li>\n<\/ul>\n\n\n\n<p>N\u00edvel superior<\/p>\n\n\n\n<ul class=\"wp-block-list\">\n<li>Assistente T\u00e9cnico &#8211; \u00c1rea Administrativa: CR (R$ 2.314,93);<\/li>\n\n\n\n<li>Assistente T\u00e9cnico &#8211; \u00c1rea de Recursos Humanos: 4 vagas (R$ 1.851,95 a R$ 2.314,93);<\/li>\n\n\n\n<li>Assistente T\u00e9cnico &#8211; \u00c1rea de Licita\u00e7\u00e3o e Contrato: 1 vaga (R$ 2.314,93);<\/li>\n\n\n\n<li>Assistente T\u00e9cnico &#8211; \u00c1rea Jur\u00eddica: 1 vaga (R$ 2.314,93);<\/li>\n\n\n\n<li>Assistente T\u00e9cnico &#8211; \u00c1rea Controle Interno: 1 vaga (R$ 2.314,93);<\/li>\n\n\n\n<li>Assistente T\u00e9cnico &#8211; \u00c1rea TI: 1 vaga (R$ 2.314,93);<\/li>\n\n\n\n<li>Assistente T\u00e9cnico &#8211; \u00c1rea Almoxarifado: 1 vaga (R$ 1.851,95);<\/li>\n<\/ul>\n\n\n\n<h3 class=\"wp-block-heading\" id=\"etapas\">Etapas e provas <\/h3>\n\n\n\n<p>O certame foi realizado por meio de duas etapas: prova objetiva e prova de t\u00edtulos.<\/p>\n\n\n\n<h4 class=\"wp-block-heading\" id=\"h-prova-objetiva-0\"><strong>Prova Objetiva<\/strong><\/h4>\n\n\n\n<p>De car\u00e1ter eliminat\u00f3rio e classificat\u00f3rio, a prova foi composta por 20 quest\u00f5es de m\u00faltipla escolha, conforme quadro a seguir:<\/p>\n\n\n\n<figure class=\"wp-block-image aligncenter size-full\"><img loading=\"lazy\" decoding=\"async\" width=\"987\" height=\"239\" src=\"https:\/\/dhg1h5j42swfq.cloudfront.net\/2022\/12\/12154434\/image-127.png\" alt=\"Quadro de provas concurso Cisbaf n\u00edvel m\u00e9dio\" class=\"wp-image-1137719\" srcset=\"https:\/\/dhg1h5j42swfq.cloudfront.net\/2022\/12\/12154434\/image-127.png 987w, https:\/\/dhg1h5j42swfq.cloudfront.net\/2022\/12\/12154434\/image-127-300x73.png 300w, https:\/\/dhg1h5j42swfq.cloudfront.net\/2022\/12\/12154434\/image-127-768x186.png 768w, https:\/\/dhg1h5j42swfq.cloudfront.net\/2022\/12\/12154434\/image-127-610x148.png 610w, https:\/\/dhg1h5j42swfq.cloudfront.net\/2022\/12\/12154434\/image-127-150x36.png 150w\" sizes=\"auto, (max-width: 987px) 100vw, 987px\" \/><figcaption class=\"wp-element-caption\">Quadro de provas concurso Cisbaf n\u00edvel m\u00e9dio<\/figcaption><\/figure>\n\n\n\n<figure class=\"wp-block-image aligncenter size-full\"><img loading=\"lazy\" decoding=\"async\" width=\"982\" height=\"234\" src=\"https:\/\/dhg1h5j42swfq.cloudfront.net\/2022\/12\/12154452\/image-128.png\" alt=\"Quadro de provas concurso Cisbaf n\u00edvel superior\" class=\"wp-image-1137720\" srcset=\"https:\/\/dhg1h5j42swfq.cloudfront.net\/2022\/12\/12154452\/image-128.png 982w, https:\/\/dhg1h5j42swfq.cloudfront.net\/2022\/12\/12154452\/image-128-300x71.png 300w, https:\/\/dhg1h5j42swfq.cloudfront.net\/2022\/12\/12154452\/image-128-768x183.png 768w, https:\/\/dhg1h5j42swfq.cloudfront.net\/2022\/12\/12154452\/image-128-610x145.png 610w, https:\/\/dhg1h5j42swfq.cloudfront.net\/2022\/12\/12154452\/image-128-150x36.png 150w\" sizes=\"auto, (max-width: 982px) 100vw, 982px\" \/><figcaption class=\"wp-element-caption\">Quadro de provas concurso Cisbaf n\u00edvel superior<\/figcaption><\/figure>\n\n\n\n<h4 class=\"wp-block-heading\" id=\"h-prova-de-titulos-0\"><strong>Prova de T\u00edtulos<\/strong><\/h4>\n\n\n\n<p>A etapa, de car\u00e1ter classificat\u00f3ria, foi aplicada a todos candidatos inscritos e que n\u00e3o foram eliminados na etapa da Prova Objetiva, de acordo com os crit\u00e9rios estabelecidos no edital.<\/p>\n\n\n\n<p>Os t\u00edtulos puderam ser somados concomitantemente at\u00e9 o limite de 50 (cinquenta) pontos e somente foram considerados aqueles que fossem compat\u00edveis com o cargo optado pelo candidato.<\/p>\n\n\n\n<h2 class=\"wp-block-heading\" id=\"cisbaf\">Sobre o CISBAF<\/h2>\n\n\n\n<p>O Cons\u00f3rcio Intermunicipal de Sa\u00fade da Baixada Fluminense &#8211; CISBAF, formado em fevereiro de 2000,&nbsp;\u00e9 uma autarquia Inter federativa municipal que pertence a 11 munic\u00edpios da Regi\u00e3o da Baixada Fluminense, com Estatuto e Regimento Interno pr\u00f3prios.<\/p>\n\n\n\n<p>Representa o esfor\u00e7o conjunto dos munic\u00edpios de&nbsp;<strong>Belford Roxo, Duque de Caxias, Itagua\u00ed, Japeri, Mag\u00e9, Mesquita, Nil\u00f3polis, Nova Igua\u00e7u, Queimados, S\u00e3o Jo\u00e3o de Meriti e Serop\u00e9dica&nbsp;<\/strong>para superar os problemas comuns na \u00e1rea desa\u00fade e contribuir para a consolida\u00e7\u00e3o do Sistema \u00danico de Sa\u00fade &#8211; SUS.<\/p>\n\n\n\n<p>O Cisbaf \u00e9 presidido por um Prefeito eleito pelo Conselho dos Munic\u00edpios, composto por todos os Prefeitos dos munic\u00edpios consorciados. Este pr\u00f3prio Conselho eleger\u00e1, al\u00e9m do Presidente, o Vice-Presidente e ainda, 06 (seis) Prefeitos para compor o Conselho Fiscal, sendo 03 efetivos e 03 suplentes.<\/p>\n\n\n\n<hr class=\"wp-block-separator has-css-opacity\"\/>\n\n\n\n<h2 class=\"wp-block-heading has-text-align-center\" id=\"h-quer-saber-tudo-sobre-concursos-previstos-confira-nossos-artigos\">Quer saber tudo sobre concursos previstos?<br \/>Confira  nossos artigos!<\/h2>\n\n\n\n<ul class=\"wp-block-list\">\n<li><a href=\"https:\/\/www.estrategiaconcursos.com.br\/blog\/concursos-abertos\/\" target=\"_blank\" rel=\"noreferrer noopener\">Concursos abertos<\/a><\/li>\n\n\n\n<li><a href=\"https:\/\/www.estrategiaconcursos.com.br\/blog\/concursos-area-da-saude\/\" target=\"_blank\" rel=\"noreferrer noopener\">Concursos sa\u00fade<\/a><\/li>\n\n\n\n<li><a href=\"https:\/\/www.estrategiaconcursos.com.br\/blog\/concursos-2026\/\" target=\"_blank\" rel=\"noreferrer noopener\">Concursos 2026<\/a><\/li>\n\n\n\n<li><a href=\"https:\/\/www.estrategiaconcursos.com.br\/blog\/concursos\/rj\/\" target=\"_blank\" rel=\"noreferrer noopener\">Concursos RJ<\/a><\/li>\n<\/ul>\n\n\n\n<h2 class=\"wp-block-heading has-text-align-center\" id=\"cursos\">Quer estudar para o concurso CISBAF?<\/h2>\n\n\n\n<div class=\"container\" id=\"boxes\">\n  <div class=\"row\">\n\n    <div class=\"col-sm\">\n      <div class=\"banner-medicina\" id=\"box-assinatura\">\n        <h3 class=\"titulo-assinatura\">Concurso CISBAF<\/h3>\n        <p class=\"subtitulo-assinatura\">Conhe\u00e7a os cursos<\/p>\n        <div class=\"box-botao\">\n          <a class=\"btn-assinatura\" target=\"_blank\" href=\"https:\/\/www.estrategiaconcursos.com.br\/pesquisa\/?q=cisbaf\" role=\"button\" rel=\"noopener noreferrer\">Conhe\u00e7a mais<\/a>\n        <\/div>\n      <\/div>\n    \n\n  <\/div>\n<\/div><\/div>\n\n\n\n<div class=\"container\" id=\"boxes\">\n  <div class=\"row\">\n\n    <div class=\"col-sm\">\n      <div class=\"estrategia\" id=\"box-assinatura\">\n        <h3 class=\"titulo-assinatura\">Assinatura Concursos<\/h3>\n        <p class=\"subtitulo-assinatura\">Assinatura de 1 ano ou 2 anos<\/p>\n        <div class=\"box-botao\">\n          <a class=\"btn-assinatura\" target=\"_blank\" href=\"https:\/\/www.estrategiaconcursos.com.br\/assinaturas\/\" role=\"button\" rel=\"noopener noreferrer\">ASSINE AGORA<\/a>\n        <\/div>\n      <\/div><\/div><\/div><\/div>\n\n\n\n<figure class=\"wp-block-image size-large is-resized\"><img loading=\"lazy\" decoding=\"async\" width=\"1024\" height=\"632\" src=\"https:\/\/dhg1h5j42swfq.cloudfront.net\/2025\/06\/27101122\/ficha-tecnica-1-1024x632.png\" alt=\"Ficha t\u00e9cnica\" class=\"wp-image-702728\" style=\"width:269px;height:166px\" srcset=\"https:\/\/dhg1h5j42swfq.cloudfront.net\/2025\/06\/27101122\/ficha-tecnica-1-1024x632.png 1024w, https:\/\/dhg1h5j42swfq.cloudfront.net\/2025\/06\/27101122\/ficha-tecnica-1-300x185.png 300w, https:\/\/dhg1h5j42swfq.cloudfront.net\/2025\/06\/27101122\/ficha-tecnica-1-768x474.png 768w, https:\/\/dhg1h5j42swfq.cloudfront.net\/2025\/06\/27101122\/ficha-tecnica-1-1536x948.png 1536w, https:\/\/dhg1h5j42swfq.cloudfront.net\/2025\/06\/27101122\/ficha-tecnica-1-610x377.png 610w, https:\/\/dhg1h5j42swfq.cloudfront.net\/2025\/06\/27101122\/ficha-tecnica-1.png 1571w\" sizes=\"auto, (max-width: 1024px) 100vw, 1024px\" \/><\/figure>\n\n\n\n<h3 class=\"wp-block-heading\" id=\"ficha\">Informa\u00e7\u00f5es do concurso CISBAF<\/h3>\n\n\n\n<ul class=\"wp-block-list\">\n<li><strong style=\"color: initial;\">Provas<\/strong><span style=\"color: initial;\">: <\/span>31\/08\/2025<\/li>\n\n\n\n<li><strong>Vagas<\/strong>: 155 + 2.540 CR<\/li>\n\n\n\n<li><strong>Cargos<\/strong>: diversos<\/li>\n\n\n\n<li><strong>Banca<\/strong>: Instituto Consulplan<\/li>\n\n\n\n<li><strong>Escolaridade<\/strong>: fundamental, m\u00e9dio, t\u00e9cnico e superior<\/li>\n\n\n\n<li><strong>Editais:<\/strong> <a href=\"https:\/\/dhg1h5j42swfq.cloudfront.net\/2025\/03\/21123604\/32_510068.pdf\" target=\"_blank\" rel=\"noreferrer noopener nofollow\">001<\/a> \/ <a href=\"https:\/\/dhg1h5j42swfq.cloudfront.net\/2025\/03\/21123644\/14_608807.pdf\" target=\"_blank\" rel=\"noreferrer noopener nofollow\">002<\/a> \/ <a href=\"https:\/\/dhg1h5j42swfq.cloudfront.net\/2025\/03\/21123709\/9_692379.pdf\" target=\"_blank\" rel=\"noreferrer noopener nofollow\">003<\/a> \/ <a href=\"https:\/\/dhg1h5j42swfq.cloudfront.net\/2025\/03\/21123733\/1_446814.pdf\" target=\"_blank\" rel=\"noreferrer noopener nofollow\">004<\/a> \/ <a href=\"https:\/\/dhg1h5j42swfq.cloudfront.net\/2025\/03\/21123814\/1_552235.pdf\" target=\"_blank\" rel=\"noreferrer noopener nofollow\">005<\/a> <\/li>\n<\/ul>\n\n\n\n<p><\/p>\n","protected":false},"excerpt":{"rendered":"<p>Editais do concurso CISBAF ofertaram 2.695 vagas para diversas \u00e1reas da Sa\u00fade e todos os n\u00edveis de forma\u00e7\u00e3o! Foram divulgados os resultados finais do concurso CISBAF (Cons\u00f3rcio Intermunicipal da Baixada Fluminense), no estado do Rio de Janeiro, bem como dos processos seletivos para tempor\u00e1rios. Sob organiza\u00e7\u00e3o do Instituto Consulplan, foram ofertadas 2.695 vagas, sendo 155 [&hellip;]<\/p>\n","protected":false},"author":1,"featured_media":1040109,"comment_status":"open","ping_status":"closed","sticky":false,"template":"","format":"standard","meta":{"post_tipo":"news_page","footnotes":""},"categories":[1981],"tags":[],"tax_estado":[219982],"class_list":["post-974055","post","type-post","status-publish","format-standard","has-post-thumbnail","hentry","category-saude","tax_estado-rj"],"acf":[],"yoast_head":"<!-- This site is optimized with the Yoast SEO Premium plugin v27.2 (Yoast SEO v27.2) - https:\/\/yoast.com\/product\/yoast-seo-premium-wordpress\/ -->\n<title>Concurso CISBAF RJ: resultado final divulgado. Confira!<\/title>\n<meta name=\"description\" content=\"Concurso CISBAF: resultado final \u00e9 divulgado. Acesse o site do Estrat\u00e9gia e confira todos os detalhes dos editais!\" \/>\n<meta name=\"robots\" content=\"index, follow, max-snippet:-1, max-image-preview:large, max-video-preview:-1\" \/>\n<link rel=\"canonical\" href=\"https:\/\/www.estrategiaconcursos.com.br\/blog\/concurso-cisbaf-rj\/\" \/>\n<meta property=\"og:locale\" content=\"pt_BR\" \/>\n<meta property=\"og:type\" content=\"article\" \/>\n<meta property=\"og:title\" content=\"Concurso CISBAF RJ: resultado final divulgado. Confira!\" \/>\n<meta property=\"og:description\" content=\"Concurso CISBAF: resultado final \u00e9 divulgado. Acesse o site do Estrat\u00e9gia e confira todos os detalhes dos editais!\" \/>\n<meta property=\"og:url\" content=\"https:\/\/www.estrategiaconcursos.com.br\/blog\/concurso-cisbaf-rj\/\" \/>\n<meta property=\"og:site_name\" content=\"Estrat\u00e9gia Concursos\" \/>\n<meta property=\"article:author\" content=\"https:\/\/www.facebook.com\/EstrategiaConcursos\" \/>\n<meta property=\"article:published_time\" content=\"2025-12-08T17:11:00+00:00\" \/>\n<meta property=\"article:modified_time\" content=\"2026-01-22T20:17:08+00:00\" \/>\n<meta property=\"og:image\" content=\"https:\/\/dhg1h5j42swfq.cloudfront.net\/2022\/06\/06123039\/cisbaf.jpg\" \/>\n\t<meta property=\"og:image:width\" content=\"768\" \/>\n\t<meta property=\"og:image:height\" content=\"432\" \/>\n\t<meta property=\"og:image:type\" content=\"image\/jpeg\" \/>\n<meta name=\"author\" content=\"Coordena\u00e7\u00e3o\" \/>\n<meta name=\"twitter:card\" content=\"summary_large_image\" \/>\n<meta name=\"twitter:creator\" content=\"@EstratConcursos\" \/>\n<meta name=\"twitter:site\" content=\"@EstratConcursos\" \/>\n<meta name=\"twitter:label1\" content=\"Escrito por\" \/>\n\t<meta name=\"twitter:data1\" content=\"Coordena\u00e7\u00e3o\" \/>\n\t<meta name=\"twitter:label2\" content=\"Est. tempo de leitura\" \/>\n\t<meta name=\"twitter:data2\" content=\"4 minutos\" \/>\n<script type=\"application\/ld+json\" class=\"yoast-schema-graph\">{\"@context\":\"https:\/\/schema.org\",\"@graph\":[{\"@type\":\"NewsArticle\",\"@id\":\"https:\/\/www.estrategiaconcursos.com.br\/blog\/concurso-cisbaf-rj\/#article\",\"isPartOf\":{\"@id\":\"https:\/\/www.estrategiaconcursos.com.br\/blog\/concurso-cisbaf-rj\/\"},\"author\":{\"name\":\"Coordena\u00e7\u00e3o\",\"@id\":\"https:\/\/www.estrategiaconcursos.com.br\/blog\/#\/schema\/person\/b4a388c97673c5f483d72185668afa1f\"},\"headline\":\"Concurso CISBAF RJ: resultado final divulgado. Confira!\",\"datePublished\":\"2025-12-08T17:11:00+00:00\",\"dateModified\":\"2026-01-22T20:17:08+00:00\",\"mainEntityOfPage\":{\"@id\":\"https:\/\/www.estrategiaconcursos.com.br\/blog\/concurso-cisbaf-rj\/\"},\"wordCount\":1197,\"commentCount\":0,\"publisher\":{\"@id\":\"https:\/\/www.estrategiaconcursos.com.br\/blog\/#organization\"},\"image\":{\"@id\":\"https:\/\/www.estrategiaconcursos.com.br\/blog\/concurso-cisbaf-rj\/#primaryimage\"},\"thumbnailUrl\":\"https:\/\/dhg1h5j42swfq.cloudfront.net\/2022\/06\/06123039\/cisbaf.jpg\",\"articleSection\":[\"Sa\u00fade\"],\"inLanguage\":\"pt-BR\",\"potentialAction\":[{\"@type\":\"CommentAction\",\"name\":\"Comment\",\"target\":[\"https:\/\/www.estrategiaconcursos.com.br\/blog\/concurso-cisbaf-rj\/#respond\"]}],\"copyrightYear\":\"2025\",\"copyrightHolder\":{\"@id\":\"https:\/\/www.estrategiaconcursos.com.br\/blog\/#organization\"}},{\"@type\":\"WebPage\",\"@id\":\"https:\/\/www.estrategiaconcursos.com.br\/blog\/concurso-cisbaf-rj\/\",\"url\":\"https:\/\/www.estrategiaconcursos.com.br\/blog\/concurso-cisbaf-rj\/\",\"name\":\"Concurso CISBAF RJ: resultado final divulgado. Confira!\",\"isPartOf\":{\"@id\":\"https:\/\/www.estrategiaconcursos.com.br\/blog\/#website\"},\"primaryImageOfPage\":{\"@id\":\"https:\/\/www.estrategiaconcursos.com.br\/blog\/concurso-cisbaf-rj\/#primaryimage\"},\"image\":{\"@id\":\"https:\/\/www.estrategiaconcursos.com.br\/blog\/concurso-cisbaf-rj\/#primaryimage\"},\"thumbnailUrl\":\"https:\/\/dhg1h5j42swfq.cloudfront.net\/2022\/06\/06123039\/cisbaf.jpg\",\"datePublished\":\"2025-12-08T17:11:00+00:00\",\"dateModified\":\"2026-01-22T20:17:08+00:00\",\"description\":\"Concurso CISBAF: resultado final \u00e9 divulgado. Acesse o site do Estrat\u00e9gia e confira todos os detalhes dos editais!\",\"breadcrumb\":{\"@id\":\"https:\/\/www.estrategiaconcursos.com.br\/blog\/concurso-cisbaf-rj\/#breadcrumb\"},\"inLanguage\":\"pt-BR\",\"potentialAction\":[{\"@type\":\"ReadAction\",\"target\":[\"https:\/\/www.estrategiaconcursos.com.br\/blog\/concurso-cisbaf-rj\/\"]}]},{\"@type\":\"ImageObject\",\"inLanguage\":\"pt-BR\",\"@id\":\"https:\/\/www.estrategiaconcursos.com.br\/blog\/concurso-cisbaf-rj\/#primaryimage\",\"url\":\"https:\/\/dhg1h5j42swfq.cloudfront.net\/2022\/06\/06123039\/cisbaf.jpg\",\"contentUrl\":\"https:\/\/dhg1h5j42swfq.cloudfront.net\/2022\/06\/06123039\/cisbaf.jpg\",\"width\":768,\"height\":432,\"caption\":\"CISBAF\"},{\"@type\":\"BreadcrumbList\",\"@id\":\"https:\/\/www.estrategiaconcursos.com.br\/blog\/concurso-cisbaf-rj\/#breadcrumb\",\"itemListElement\":[{\"@type\":\"ListItem\",\"position\":1,\"name\":\"In\u00edcio\",\"item\":\"https:\/\/www.estrategiaconcursos.com.br\/blog\/\"},{\"@type\":\"ListItem\",\"position\":2,\"name\":\"Concurso CISBAF RJ: resultado final divulgado. Confira!\"}]},{\"@type\":\"WebSite\",\"@id\":\"https:\/\/www.estrategiaconcursos.com.br\/blog\/#website\",\"url\":\"https:\/\/www.estrategiaconcursos.com.br\/blog\/\",\"name\":\"Estrat\u00e9gia Concursos\",\"description\":\"O blog da Estrat\u00e9gia Concursos traz not\u00edcias sobre concursos e artigos de professores oferecendo cursos para concursos (pdf + videaulas) no site.\",\"publisher\":{\"@id\":\"https:\/\/www.estrategiaconcursos.com.br\/blog\/#organization\"},\"potentialAction\":[{\"@type\":\"SearchAction\",\"target\":{\"@type\":\"EntryPoint\",\"urlTemplate\":\"https:\/\/www.estrategiaconcursos.com.br\/blog\/?s={search_term_string}\"},\"query-input\":{\"@type\":\"PropertyValueSpecification\",\"valueRequired\":true,\"valueName\":\"search_term_string\"}}],\"inLanguage\":\"pt-BR\"},{\"@type\":\"Organization\",\"@id\":\"https:\/\/www.estrategiaconcursos.com.br\/blog\/#organization\",\"name\":\"Estrat\u00e9gia Concursos\",\"url\":\"https:\/\/www.estrategiaconcursos.com.br\/blog\/\",\"logo\":{\"@type\":\"ImageObject\",\"inLanguage\":\"pt-BR\",\"@id\":\"https:\/\/www.estrategiaconcursos.com.br\/blog\/#\/schema\/logo\/image\/\",\"url\":\"https:\/\/dhg1h5j42swfq.cloudfront.net\/2025\/06\/03203428\/logo_concursos-1.jpg\",\"contentUrl\":\"https:\/\/dhg1h5j42swfq.cloudfront.net\/2025\/06\/03203428\/logo_concursos-1.jpg\",\"width\":230,\"height\":60,\"caption\":\"Estrat\u00e9gia Concursos\"},\"image\":{\"@id\":\"https:\/\/www.estrategiaconcursos.com.br\/blog\/#\/schema\/logo\/image\/\"},\"sameAs\":[\"https:\/\/x.com\/EstratConcursos\"]},{\"@type\":\"Person\",\"@id\":\"https:\/\/www.estrategiaconcursos.com.br\/blog\/#\/schema\/person\/b4a388c97673c5f483d72185668afa1f\",\"name\":\"Coordena\u00e7\u00e3o\",\"image\":{\"@type\":\"ImageObject\",\"inLanguage\":\"pt-BR\",\"@id\":\"https:\/\/secure.gravatar.com\/avatar\/b720319e4c9a967eb58678d110f4fe35452fc5d5f97b202bac7b8acceb18c6ad?s=96&d=mm&r=g\",\"url\":\"https:\/\/secure.gravatar.com\/avatar\/b720319e4c9a967eb58678d110f4fe35452fc5d5f97b202bac7b8acceb18c6ad?s=96&d=mm&r=g\",\"contentUrl\":\"https:\/\/secure.gravatar.com\/avatar\/b720319e4c9a967eb58678d110f4fe35452fc5d5f97b202bac7b8acceb18c6ad?s=96&d=mm&r=g\",\"caption\":\"Coordena\u00e7\u00e3o\"},\"sameAs\":[\"https:\/\/www.facebook.com\/EstrategiaConcursos\",\"https:\/\/x.com\/EstratConcursos\"],\"url\":\"https:\/\/www.estrategiaconcursos.com.br\/blog\/author\/estrategia2013\/\"}]}<\/script>\n<!-- \/ Yoast SEO Premium plugin. -->","yoast_head_json":{"title":"Concurso CISBAF RJ: resultado final divulgado. Confira!","description":"Concurso CISBAF: resultado final \u00e9 divulgado. Acesse o site do Estrat\u00e9gia e confira todos os detalhes dos editais!","robots":{"index":"index","follow":"follow","max-snippet":"max-snippet:-1","max-image-preview":"max-image-preview:large","max-video-preview":"max-video-preview:-1"},"canonical":"https:\/\/www.estrategiaconcursos.com.br\/blog\/concurso-cisbaf-rj\/","og_locale":"pt_BR","og_type":"article","og_title":"Concurso CISBAF RJ: resultado final divulgado. Confira!","og_description":"Concurso CISBAF: resultado final \u00e9 divulgado. Acesse o site do Estrat\u00e9gia e confira todos os detalhes dos editais!","og_url":"https:\/\/www.estrategiaconcursos.com.br\/blog\/concurso-cisbaf-rj\/","og_site_name":"Estrat\u00e9gia Concursos","article_author":"https:\/\/www.facebook.com\/EstrategiaConcursos","article_published_time":"2025-12-08T17:11:00+00:00","article_modified_time":"2026-01-22T20:17:08+00:00","og_image":[{"width":768,"height":432,"url":"https:\/\/dhg1h5j42swfq.cloudfront.net\/2022\/06\/06123039\/cisbaf.jpg","type":"image\/jpeg"}],"author":"Coordena\u00e7\u00e3o","twitter_card":"summary_large_image","twitter_creator":"@EstratConcursos","twitter_site":"@EstratConcursos","twitter_misc":{"Escrito por":"Coordena\u00e7\u00e3o","Est. tempo de leitura":"4 minutos"},"schema":{"@context":"https:\/\/schema.org","@graph":[{"@type":"NewsArticle","@id":"https:\/\/www.estrategiaconcursos.com.br\/blog\/concurso-cisbaf-rj\/#article","isPartOf":{"@id":"https:\/\/www.estrategiaconcursos.com.br\/blog\/concurso-cisbaf-rj\/"},"author":{"name":"Coordena\u00e7\u00e3o","@id":"https:\/\/www.estrategiaconcursos.com.br\/blog\/#\/schema\/person\/b4a388c97673c5f483d72185668afa1f"},"headline":"Concurso CISBAF RJ: resultado final divulgado. Confira!","datePublished":"2025-12-08T17:11:00+00:00","dateModified":"2026-01-22T20:17:08+00:00","mainEntityOfPage":{"@id":"https:\/\/www.estrategiaconcursos.com.br\/blog\/concurso-cisbaf-rj\/"},"wordCount":1197,"commentCount":0,"publisher":{"@id":"https:\/\/www.estrategiaconcursos.com.br\/blog\/#organization"},"image":{"@id":"https:\/\/www.estrategiaconcursos.com.br\/blog\/concurso-cisbaf-rj\/#primaryimage"},"thumbnailUrl":"https:\/\/dhg1h5j42swfq.cloudfront.net\/2022\/06\/06123039\/cisbaf.jpg","articleSection":["Sa\u00fade"],"inLanguage":"pt-BR","potentialAction":[{"@type":"CommentAction","name":"Comment","target":["https:\/\/www.estrategiaconcursos.com.br\/blog\/concurso-cisbaf-rj\/#respond"]}],"copyrightYear":"2025","copyrightHolder":{"@id":"https:\/\/www.estrategiaconcursos.com.br\/blog\/#organization"}},{"@type":"WebPage","@id":"https:\/\/www.estrategiaconcursos.com.br\/blog\/concurso-cisbaf-rj\/","url":"https:\/\/www.estrategiaconcursos.com.br\/blog\/concurso-cisbaf-rj\/","name":"Concurso CISBAF RJ: resultado final divulgado. Confira!","isPartOf":{"@id":"https:\/\/www.estrategiaconcursos.com.br\/blog\/#website"},"primaryImageOfPage":{"@id":"https:\/\/www.estrategiaconcursos.com.br\/blog\/concurso-cisbaf-rj\/#primaryimage"},"image":{"@id":"https:\/\/www.estrategiaconcursos.com.br\/blog\/concurso-cisbaf-rj\/#primaryimage"},"thumbnailUrl":"https:\/\/dhg1h5j42swfq.cloudfront.net\/2022\/06\/06123039\/cisbaf.jpg","datePublished":"2025-12-08T17:11:00+00:00","dateModified":"2026-01-22T20:17:08+00:00","description":"Concurso CISBAF: resultado final \u00e9 divulgado. Acesse o site do Estrat\u00e9gia e confira todos os detalhes dos editais!","breadcrumb":{"@id":"https:\/\/www.estrategiaconcursos.com.br\/blog\/concurso-cisbaf-rj\/#breadcrumb"},"inLanguage":"pt-BR","potentialAction":[{"@type":"ReadAction","target":["https:\/\/www.estrategiaconcursos.com.br\/blog\/concurso-cisbaf-rj\/"]}]},{"@type":"ImageObject","inLanguage":"pt-BR","@id":"https:\/\/www.estrategiaconcursos.com.br\/blog\/concurso-cisbaf-rj\/#primaryimage","url":"https:\/\/dhg1h5j42swfq.cloudfront.net\/2022\/06\/06123039\/cisbaf.jpg","contentUrl":"https:\/\/dhg1h5j42swfq.cloudfront.net\/2022\/06\/06123039\/cisbaf.jpg","width":768,"height":432,"caption":"CISBAF"},{"@type":"BreadcrumbList","@id":"https:\/\/www.estrategiaconcursos.com.br\/blog\/concurso-cisbaf-rj\/#breadcrumb","itemListElement":[{"@type":"ListItem","position":1,"name":"In\u00edcio","item":"https:\/\/www.estrategiaconcursos.com.br\/blog\/"},{"@type":"ListItem","position":2,"name":"Concurso CISBAF RJ: resultado final divulgado. Confira!"}]},{"@type":"WebSite","@id":"https:\/\/www.estrategiaconcursos.com.br\/blog\/#website","url":"https:\/\/www.estrategiaconcursos.com.br\/blog\/","name":"Estrat\u00e9gia Concursos","description":"O blog da Estrat\u00e9gia Concursos traz not\u00edcias sobre concursos e artigos de professores oferecendo cursos para concursos (pdf + videaulas) no site.","publisher":{"@id":"https:\/\/www.estrategiaconcursos.com.br\/blog\/#organization"},"potentialAction":[{"@type":"SearchAction","target":{"@type":"EntryPoint","urlTemplate":"https:\/\/www.estrategiaconcursos.com.br\/blog\/?s={search_term_string}"},"query-input":{"@type":"PropertyValueSpecification","valueRequired":true,"valueName":"search_term_string"}}],"inLanguage":"pt-BR"},{"@type":"Organization","@id":"https:\/\/www.estrategiaconcursos.com.br\/blog\/#organization","name":"Estrat\u00e9gia Concursos","url":"https:\/\/www.estrategiaconcursos.com.br\/blog\/","logo":{"@type":"ImageObject","inLanguage":"pt-BR","@id":"https:\/\/www.estrategiaconcursos.com.br\/blog\/#\/schema\/logo\/image\/","url":"https:\/\/dhg1h5j42swfq.cloudfront.net\/2025\/06\/03203428\/logo_concursos-1.jpg","contentUrl":"https:\/\/dhg1h5j42swfq.cloudfront.net\/2025\/06\/03203428\/logo_concursos-1.jpg","width":230,"height":60,"caption":"Estrat\u00e9gia Concursos"},"image":{"@id":"https:\/\/www.estrategiaconcursos.com.br\/blog\/#\/schema\/logo\/image\/"},"sameAs":["https:\/\/x.com\/EstratConcursos"]},{"@type":"Person","@id":"https:\/\/www.estrategiaconcursos.com.br\/blog\/#\/schema\/person\/b4a388c97673c5f483d72185668afa1f","name":"Coordena\u00e7\u00e3o","image":{"@type":"ImageObject","inLanguage":"pt-BR","@id":"https:\/\/secure.gravatar.com\/avatar\/b720319e4c9a967eb58678d110f4fe35452fc5d5f97b202bac7b8acceb18c6ad?s=96&d=mm&r=g","url":"https:\/\/secure.gravatar.com\/avatar\/b720319e4c9a967eb58678d110f4fe35452fc5d5f97b202bac7b8acceb18c6ad?s=96&d=mm&r=g","contentUrl":"https:\/\/secure.gravatar.com\/avatar\/b720319e4c9a967eb58678d110f4fe35452fc5d5f97b202bac7b8acceb18c6ad?s=96&d=mm&r=g","caption":"Coordena\u00e7\u00e3o"},"sameAs":["https:\/\/www.facebook.com\/EstrategiaConcursos","https:\/\/x.com\/EstratConcursos"],"url":"https:\/\/www.estrategiaconcursos.com.br\/blog\/author\/estrategia2013\/"}]}},"_links":{"self":[{"href":"https:\/\/www.estrategiaconcursos.com.br\/blog\/wp-json\/wp\/v2\/posts\/974055","targetHints":{"allow":["GET"]}}],"collection":[{"href":"https:\/\/www.estrategiaconcursos.com.br\/blog\/wp-json\/wp\/v2\/posts"}],"about":[{"href":"https:\/\/www.estrategiaconcursos.com.br\/blog\/wp-json\/wp\/v2\/types\/post"}],"author":[{"embeddable":true,"href":"https:\/\/www.estrategiaconcursos.com.br\/blog\/wp-json\/wp\/v2\/users\/1"}],"replies":[{"embeddable":true,"href":"https:\/\/www.estrategiaconcursos.com.br\/blog\/wp-json\/wp\/v2\/comments?post=974055"}],"version-history":[{"count":50,"href":"https:\/\/www.estrategiaconcursos.com.br\/blog\/wp-json\/wp\/v2\/posts\/974055\/revisions"}],"predecessor-version":[{"id":1703767,"href":"https:\/\/www.estrategiaconcursos.com.br\/blog\/wp-json\/wp\/v2\/posts\/974055\/revisions\/1703767"}],"wp:featuredmedia":[{"embeddable":true,"href":"https:\/\/www.estrategiaconcursos.com.br\/blog\/wp-json\/wp\/v2\/media\/1040109"}],"wp:attachment":[{"href":"https:\/\/www.estrategiaconcursos.com.br\/blog\/wp-json\/wp\/v2\/media?parent=974055"}],"wp:term":[{"taxonomy":"category","embeddable":true,"href":"https:\/\/www.estrategiaconcursos.com.br\/blog\/wp-json\/wp\/v2\/categories?post=974055"},{"taxonomy":"post_tag","embeddable":true,"href":"https:\/\/www.estrategiaconcursos.com.br\/blog\/wp-json\/wp\/v2\/tags?post=974055"},{"taxonomy":"tax_estado","embeddable":true,"href":"https:\/\/www.estrategiaconcursos.com.br\/blog\/wp-json\/wp\/v2\/tax_estado?post=974055"}],"curies":[{"name":"wp","href":"https:\/\/api.w.org\/{rel}","templated":true}]}}