{"id":974029,"date":"2022-02-21T15:06:08","date_gmt":"2022-02-21T18:06:08","guid":{"rendered":"https:\/\/www.estrategiaconcursos.com.br\/blog\/?p=974029"},"modified":"2022-02-24T11:22:25","modified_gmt":"2022-02-24T14:22:25","slug":"concurso-petrobras-desorganizacao","status":"publish","type":"post","link":"https:\/\/www.estrategiaconcursos.com.br\/blog\/concurso-petrobras-desorganizacao\/","title":{"rendered":"Concurso Petrobras: candidatos relatam desorganiza\u00e7\u00e3o"},"content":{"rendered":"\n<p>Foram aplicadas no \u00faltimo domingo (20) as provas do <strong>concurso Petrobras<\/strong>, que recebeu in\u00fameras queixas por conta de desorganiza\u00e7\u00e3o por parte do <strong>Cebraspe<\/strong>.<\/p>\n\n\n\n<p>Nas <a href=\"https:\/\/www.instagram.com\/p\/CaIZP19Mm4U\/\" target=\"_blank\" rel=\"noreferrer noopener\">redes sociais da Petrobras<\/a>, \u00e9 poss\u00edvel encontrar diversos coment\u00e1rios acerca de problemas antes ou durante a aplica\u00e7\u00e3o das provas:<\/p>\n\n\n\n<blockquote class=\"wp-block-quote is-layout-flow wp-block-quote-is-layout-flow\"><p>CONCURSO VERGONHOSO ONTEM, CANDIDATOS CIRCULANDO PELOS CORREDORES COM PROVA NA M\u00c3O!!!!!! LOCAL: UNIRB SALVADOR <\/p><\/blockquote>\n\n\n\n<blockquote class=\"wp-block-quote is-layout-flow wp-block-quote-is-layout-flow\"><p>Descaso total da Cebraspe na aplica\u00e7\u00e3o das provas em S\u00e3o Paulo, Unib Interlagos! Mais de 2 horas de atraso, sem informa\u00e7\u00f5es e com estrutura do pr\u00e9dio rachando durante a hora da prova!<\/p><\/blockquote>\n\n\n\n<blockquote class=\"wp-block-quote is-layout-flow wp-block-quote-is-layout-flow\"><p>Voc\u00eas precisam tomar uma provid\u00eancia s\u00e9ria para punir a organizadora cebraspe&nbsp;@unb_oficial, o concurso come\u00e7ou com 2 horas de atraso, muitas pessoas foram deslocadas de seus locais de prova por email s\u00e1bado a noite para lugares de \u00e1rea de risco e de dif\u00edcil acesso, total desrespeito com candidato, espero que o&nbsp;@mpf_oficia<a href=\"https:\/\/www.instagram.com\/mpf_oficial\/\">l<\/a>&nbsp;investigue a quest\u00e3o!<\/p><\/blockquote>\n\n\n\n<h3 class=\"wp-block-heading\" id=\"atraso-no-inicio-da-prova\">Atraso no in\u00edcio da prova<\/h3>\n\n\n\n<p>Em S\u00e3o Paulo\/SP, na Universidade Ibirapuera, na Avenida Interlagos, candidatos&nbsp;disseram ter ouvido fortes estrondos antes do in\u00edcio da prova.<\/p>\n\n\n\n<p>A Pol\u00edcia Militar, os Bombeiros e a Defesa Civil foram acionados, o que causou atraso no in\u00edcio da avalia\u00e7\u00e3o para os candidatos que estavam no&nbsp;terceiro e quarto andares e aguardavam a libera\u00e7\u00e3o da Defesa Civil.<\/p>\n\n\n\n<h3 class=\"wp-block-heading\" id=\"troca-de-sala\">Troca de sala<\/h3>\n\n\n\n<p>Em um local de prova em Salvador\/BA, os cadernos foram entregues no hor\u00e1rio determinado, mas a coordena\u00e7\u00e3o orientou que fosse feita uma troca de salas.<\/p>\n\n\n\n<h3 class=\"wp-block-heading\" id=\"barrados-por-falta-de-comprovante-de-vacina\">Barrados por falta de comprovante de vacina<\/h3>\n\n\n\n<p>Em Palmas\/TO h\u00e1 relatos de duas candidatas que foram impedidas de realizar a prova por n\u00e3o terem apresentado o comprovante de vacina\u00e7\u00e3o contra a Covid-19.&nbsp;<\/p>\n\n\n\n<p>Vale lembrar que o edital de abertura n\u00e3o faz men\u00e7\u00e3o \u00e0 obrigatoriedade do &#8220;passaporte da vacina&#8221;, por\u00e9m, veio com um importante t\u00f3pico que diz:<\/p>\n\n\n\n<figure class=\"wp-block-image size-full\"><img loading=\"lazy\" decoding=\"async\" width=\"764\" height=\"50\" src=\"https:\/\/dhg1h5j42swfq.cloudfront.net\/2022\/02\/21145505\/image-390.png\" alt=\"1.6.1 Os candidatos ser\u00e3o informados sobre as medidas de preven\u00e7\u00e3o a COVID-19 necess\u00e1rias a realiza\u00e7\u00e3o das etapas do processo em momento anterior a realiza\u00e7\u00e3o das provas, de acordo com as orienta\u00e7\u00f5es sanit\u00e1rias vigentes a \u00e9poca. | Concurso Petrobras: Candidatos relatam desorganiza\u00e7\u00e3o\" class=\"wp-image-974066\" srcset=\"https:\/\/dhg1h5j42swfq.cloudfront.net\/2022\/02\/21145505\/image-390.png 764w, https:\/\/dhg1h5j42swfq.cloudfront.net\/2022\/02\/21145505\/image-390-300x20.png 300w, https:\/\/dhg1h5j42swfq.cloudfront.net\/2022\/02\/21145505\/image-390-610x40.png 610w\" sizes=\"auto, (max-width: 764px) 100vw, 764px\" \/><figcaption>T\u00f3pico 1.6.1 do Edital de Abertura<\/figcaption><\/figure>\n\n\n\n<p>Assim, no <a href=\"https:\/\/dhg1h5j42swfq.cloudfront.net\/2022\/02\/21144613\/ed_5_petrobras_psp1_2021_locais-1.pdf\" target=\"_blank\" rel=\"noreferrer noopener nofollow\">edital de convoca\u00e7\u00e3o<\/a>, foi estabelecido que, conforme o <a href=\"https:\/\/www.palmas.to.gov.br\/portal\/noticias\/prefeitura-de-palmas-institui-exigencia-de-comprovante-de-vacina-em-eventos\/28881\/\" target=\"_blank\" rel=\"noreferrer noopener\">Decreto Municipal n\u00ba 2.100, de 17 de setembro de 2021<\/a>, candidatos que fossem realizar as provas na cidade de Palmas\/TO, deveriam apresentar o comprovante de vacina\u00e7\u00e3o com, no m\u00ednimo, uma dose.<\/p>\n\n\n\n<hr class=\"wp-block-separator\"\/>\n\n\n\n<p class=\"has-text-align-center\"><em>Quer ficar por dentro de todas as informa\u00e7\u00f5es sobre o concurso da Petrobras? Ent\u00e3o n\u00e3o deixe de conferir nosso artigo completo sobre a sele\u00e7\u00e3o:<\/em><\/p>\n\n\n\n<p class=\"has-text-align-center has-cyan-bluish-gray-background-color has-background\"><strong>Mais informa\u00e7\u00f5es: <a href=\"https:\/\/www.estrategiaconcursos.com.br\/blog\/concurso-petrobras\/\" target=\"_blank\" rel=\"noreferrer noopener\">Concurso Petrobras<\/a><\/strong><\/p>\n\n\n\n<div class=\"container\" id=\"boxes\">\n  <div class=\"row\">\n\n    <div class=\"col-sm\">\n      <div class=\"banner-estrategia\" id=\"box-assinatura\">\n        <h3 class=\"titulo-assinatura\">Cursos para Petrobras<\/h3>\n        <p class=\"subtitulo-assinatura\">Conhe\u00e7a os cursos<\/p>\n        <div class=\"box-botao\">\n          <a class=\"btn-assinatura\" target=\"_blank\" href=\"https:\/\/www.estrategiaconcursos.com.br\/cursosPorConcurso\/petrobras-58\/\" rel=\"noopener\">Conhe\u00e7a mais<\/a>\n        <\/div>\n      <\/div>\n     \n    <\/div>\n\n  <\/div>\n<\/div>\n\n\n\n<div class=\"container\" id=\"boxes\">\n  <div class=\"row\">\n\n    <div class=\"col-sm\">\n      <div class=\"estrategia\" id=\"box-assinatura\">\n        <h3 class=\"titulo-assinatura\">Assinatura Concursos<\/h3>\n        <p class=\"subtitulo-assinatura\">Assinatura de 1 ano ou 2 anos<\/p>\n        <div class=\"box-botao\">\n          <a class=\"btn-assinatura\" target=\"_blank\" href=\"https:\/\/www.estrategiaconcursos.com.br\/assinaturas\/\" role=\"button\" rel=\"noopener noreferrer\">ASSINE AGORA<\/a>\n        <\/div>\n      <\/div><\/div><\/div><\/div>\n\n\n\n<h2 class=\"has-text-align-center wp-block-heading\" id=\"h-quer-saber-tudo-sobre-concursos-previstos-confira-nossos-artigos\">Quer saber tudo sobre concursos previstos?<br \/>Confira nossos artigos!<\/h2>\n\n\n\n<ul class=\"wp-block-list\"><li><a href=\"https:\/\/www.estrategiaconcursos.com.br\/blog\/concursos-abertos\/\" target=\"_blank\" rel=\"noreferrer noopener\">Concursos abertos<\/a><\/li><li><a href=\"https:\/\/www.estrategiaconcursos.com.br\/blog\/concursos-2022\/\" target=\"_blank\" rel=\"noreferrer noopener\">Concursos 2022<\/a><\/li><\/ul>\n","protected":false},"excerpt":{"rendered":"<p>Foram aplicadas no \u00faltimo domingo (20) as provas do concurso Petrobras, que recebeu in\u00fameras queixas por conta de desorganiza\u00e7\u00e3o por parte do Cebraspe. Nas redes sociais da Petrobras, \u00e9 poss\u00edvel encontrar diversos coment\u00e1rios acerca de problemas antes ou durante a aplica\u00e7\u00e3o das provas: CONCURSO VERGONHOSO ONTEM, CANDIDATOS CIRCULANDO PELOS CORREDORES COM PROVA NA M\u00c3O!!!!!! LOCAL: [&hellip;]<\/p>\n","protected":false},"author":659,"featured_media":932791,"comment_status":"open","ping_status":"closed","sticky":false,"template":"","format":"standard","meta":{"post_tipo":"news","footnotes":""},"categories":[214992,220219],"tags":[],"tax_estado":[219963],"class_list":["post-974029","post","type-post","status-publish","format-standard","has-post-thumbnail","hentry","category-concursos-administrativos","category-noticias","tax_estado-concursos-federais"],"acf":[],"yoast_head":"<!-- This site is optimized with the Yoast SEO Premium plugin v27.2 (Yoast SEO v27.2) - https:\/\/yoast.com\/product\/yoast-seo-premium-wordpress\/ -->\n<title>Concurso Petrobras: candidatos relatam desorganiza\u00e7\u00e3o<\/title>\n<meta name=\"description\" content=\"Foram aplicadas no \u00faltimo domingo (20) as provas do concurso Petrobras, que recebeu in\u00fameras queixas por conta de desorganiza\u00e7\u00e3o.\" \/>\n<meta name=\"robots\" content=\"index, follow, max-snippet:-1, max-image-preview:large, max-video-preview:-1\" \/>\n<link rel=\"canonical\" href=\"https:\/\/www.estrategiaconcursos.com.br\/blog\/concurso-petrobras-desorganizacao\/\" \/>\n<meta property=\"og:locale\" content=\"pt_BR\" \/>\n<meta property=\"og:type\" content=\"article\" \/>\n<meta property=\"og:title\" content=\"Concurso Petrobras: candidatos relatam desorganiza\u00e7\u00e3o\" \/>\n<meta property=\"og:description\" content=\"Foram aplicadas no \u00faltimo domingo (20) as provas do concurso Petrobras, que recebeu in\u00fameras queixas por conta de desorganiza\u00e7\u00e3o.\" \/>\n<meta property=\"og:url\" content=\"https:\/\/www.estrategiaconcursos.com.br\/blog\/concurso-petrobras-desorganizacao\/\" \/>\n<meta property=\"og:site_name\" content=\"Estrat\u00e9gia Concursos\" \/>\n<meta property=\"article:published_time\" content=\"2022-02-21T18:06:08+00:00\" \/>\n<meta property=\"article:modified_time\" content=\"2022-02-24T14:22:25+00:00\" \/>\n<meta property=\"og:image\" content=\"https:\/\/dhg1h5j42swfq.cloudfront.net\/2021\/12\/20085750\/petrobras.jpg\" \/>\n\t<meta property=\"og:image:width\" content=\"768\" \/>\n\t<meta property=\"og:image:height\" content=\"432\" \/>\n\t<meta property=\"og:image:type\" content=\"image\/jpeg\" \/>\n<meta name=\"author\" content=\"Camila Leite\" \/>\n<meta name=\"twitter:card\" content=\"summary_large_image\" \/>\n<meta name=\"twitter:creator\" content=\"@EstratConcursos\" \/>\n<meta name=\"twitter:site\" content=\"@EstratConcursos\" \/>\n<meta name=\"twitter:label1\" content=\"Escrito por\" \/>\n\t<meta name=\"twitter:data1\" content=\"Camila Leite\" \/>\n\t<meta name=\"twitter:label2\" content=\"Est. tempo de leitura\" \/>\n\t<meta name=\"twitter:data2\" content=\"3 minutos\" \/>\n<script type=\"application\/ld+json\" class=\"yoast-schema-graph\">{\"@context\":\"https:\/\/schema.org\",\"@graph\":[{\"@type\":\"NewsArticle\",\"@id\":\"https:\/\/www.estrategiaconcursos.com.br\/blog\/concurso-petrobras-desorganizacao\/#article\",\"isPartOf\":{\"@id\":\"https:\/\/www.estrategiaconcursos.com.br\/blog\/concurso-petrobras-desorganizacao\/\"},\"author\":{\"name\":\"Camila Leite\",\"@id\":\"https:\/\/www.estrategiaconcursos.com.br\/blog\/#\/schema\/person\/84ecdc6eb58d3cf1689bf76c5cd8fb38\"},\"headline\":\"Concurso Petrobras: candidatos relatam desorganiza\u00e7\u00e3o\",\"datePublished\":\"2022-02-21T18:06:08+00:00\",\"dateModified\":\"2022-02-24T14:22:25+00:00\",\"mainEntityOfPage\":{\"@id\":\"https:\/\/www.estrategiaconcursos.com.br\/blog\/concurso-petrobras-desorganizacao\/\"},\"wordCount\":445,\"commentCount\":0,\"publisher\":{\"@id\":\"https:\/\/www.estrategiaconcursos.com.br\/blog\/#organization\"},\"image\":{\"@id\":\"https:\/\/www.estrategiaconcursos.com.br\/blog\/concurso-petrobras-desorganizacao\/#primaryimage\"},\"thumbnailUrl\":\"https:\/\/dhg1h5j42swfq.cloudfront.net\/2021\/12\/20085750\/petrobras.jpg\",\"articleSection\":[\"Executivo (Administrativa)\",\"\u00daltimas not\u00edcias\"],\"inLanguage\":\"pt-BR\",\"potentialAction\":[{\"@type\":\"CommentAction\",\"name\":\"Comment\",\"target\":[\"https:\/\/www.estrategiaconcursos.com.br\/blog\/concurso-petrobras-desorganizacao\/#respond\"]}],\"copyrightYear\":\"2022\",\"copyrightHolder\":{\"@id\":\"https:\/\/www.estrategiaconcursos.com.br\/blog\/#organization\"}},{\"@type\":\"WebPage\",\"@id\":\"https:\/\/www.estrategiaconcursos.com.br\/blog\/concurso-petrobras-desorganizacao\/\",\"url\":\"https:\/\/www.estrategiaconcursos.com.br\/blog\/concurso-petrobras-desorganizacao\/\",\"name\":\"Concurso Petrobras: candidatos relatam desorganiza\u00e7\u00e3o\",\"isPartOf\":{\"@id\":\"https:\/\/www.estrategiaconcursos.com.br\/blog\/#website\"},\"primaryImageOfPage\":{\"@id\":\"https:\/\/www.estrategiaconcursos.com.br\/blog\/concurso-petrobras-desorganizacao\/#primaryimage\"},\"image\":{\"@id\":\"https:\/\/www.estrategiaconcursos.com.br\/blog\/concurso-petrobras-desorganizacao\/#primaryimage\"},\"thumbnailUrl\":\"https:\/\/dhg1h5j42swfq.cloudfront.net\/2021\/12\/20085750\/petrobras.jpg\",\"datePublished\":\"2022-02-21T18:06:08+00:00\",\"dateModified\":\"2022-02-24T14:22:25+00:00\",\"description\":\"Foram aplicadas no \u00faltimo domingo (20) as provas do concurso Petrobras, que recebeu in\u00fameras queixas por conta de desorganiza\u00e7\u00e3o.\",\"breadcrumb\":{\"@id\":\"https:\/\/www.estrategiaconcursos.com.br\/blog\/concurso-petrobras-desorganizacao\/#breadcrumb\"},\"inLanguage\":\"pt-BR\",\"potentialAction\":[{\"@type\":\"ReadAction\",\"target\":[\"https:\/\/www.estrategiaconcursos.com.br\/blog\/concurso-petrobras-desorganizacao\/\"]}]},{\"@type\":\"ImageObject\",\"inLanguage\":\"pt-BR\",\"@id\":\"https:\/\/www.estrategiaconcursos.com.br\/blog\/concurso-petrobras-desorganizacao\/#primaryimage\",\"url\":\"https:\/\/dhg1h5j42swfq.cloudfront.net\/2021\/12\/20085750\/petrobras.jpg\",\"contentUrl\":\"https:\/\/dhg1h5j42swfq.cloudfront.net\/2021\/12\/20085750\/petrobras.jpg\",\"width\":768,\"height\":432,\"caption\":\"Concurso Petrobras\"},{\"@type\":\"BreadcrumbList\",\"@id\":\"https:\/\/www.estrategiaconcursos.com.br\/blog\/concurso-petrobras-desorganizacao\/#breadcrumb\",\"itemListElement\":[{\"@type\":\"ListItem\",\"position\":1,\"name\":\"In\u00edcio\",\"item\":\"https:\/\/www.estrategiaconcursos.com.br\/blog\/\"},{\"@type\":\"ListItem\",\"position\":2,\"name\":\"Concurso Petrobras: candidatos relatam desorganiza\u00e7\u00e3o\"}]},{\"@type\":\"WebSite\",\"@id\":\"https:\/\/www.estrategiaconcursos.com.br\/blog\/#website\",\"url\":\"https:\/\/www.estrategiaconcursos.com.br\/blog\/\",\"name\":\"Estrat\u00e9gia Concursos\",\"description\":\"O blog da Estrat\u00e9gia Concursos traz not\u00edcias sobre concursos e artigos de professores oferecendo cursos para concursos (pdf + videaulas) no site.\",\"publisher\":{\"@id\":\"https:\/\/www.estrategiaconcursos.com.br\/blog\/#organization\"},\"potentialAction\":[{\"@type\":\"SearchAction\",\"target\":{\"@type\":\"EntryPoint\",\"urlTemplate\":\"https:\/\/www.estrategiaconcursos.com.br\/blog\/?s={search_term_string}\"},\"query-input\":{\"@type\":\"PropertyValueSpecification\",\"valueRequired\":true,\"valueName\":\"search_term_string\"}}],\"inLanguage\":\"pt-BR\"},{\"@type\":\"Organization\",\"@id\":\"https:\/\/www.estrategiaconcursos.com.br\/blog\/#organization\",\"name\":\"Estrat\u00e9gia Concursos\",\"url\":\"https:\/\/www.estrategiaconcursos.com.br\/blog\/\",\"logo\":{\"@type\":\"ImageObject\",\"inLanguage\":\"pt-BR\",\"@id\":\"https:\/\/www.estrategiaconcursos.com.br\/blog\/#\/schema\/logo\/image\/\",\"url\":\"https:\/\/dhg1h5j42swfq.cloudfront.net\/2025\/06\/03203428\/logo_concursos-1.jpg\",\"contentUrl\":\"https:\/\/dhg1h5j42swfq.cloudfront.net\/2025\/06\/03203428\/logo_concursos-1.jpg\",\"width\":230,\"height\":60,\"caption\":\"Estrat\u00e9gia Concursos\"},\"image\":{\"@id\":\"https:\/\/www.estrategiaconcursos.com.br\/blog\/#\/schema\/logo\/image\/\"},\"sameAs\":[\"https:\/\/x.com\/EstratConcursos\"]},{\"@type\":\"Person\",\"@id\":\"https:\/\/www.estrategiaconcursos.com.br\/blog\/#\/schema\/person\/84ecdc6eb58d3cf1689bf76c5cd8fb38\",\"name\":\"Camila Leite\",\"image\":{\"@type\":\"ImageObject\",\"inLanguage\":\"pt-BR\",\"@id\":\"https:\/\/secure.gravatar.com\/avatar\/f2f8faef639c8a2bfb7fb909912a56917f4c3a0aed064500168e2fb8ea55cf61?s=96&d=mm&r=g\",\"url\":\"https:\/\/secure.gravatar.com\/avatar\/f2f8faef639c8a2bfb7fb909912a56917f4c3a0aed064500168e2fb8ea55cf61?s=96&d=mm&r=g\",\"contentUrl\":\"https:\/\/secure.gravatar.com\/avatar\/f2f8faef639c8a2bfb7fb909912a56917f4c3a0aed064500168e2fb8ea55cf61?s=96&d=mm&r=g\",\"caption\":\"Camila Leite\"},\"description\":\"Formada em Design Gr\u00e1fico e em Propaganda e Marketing pela UNIP, integra a equipe de jornalismo do Estrat\u00e9gia Concursos desde 2018. Ao longo dos anos, construiu uma s\u00f3lida experi\u00eancia na produ\u00e7\u00e3o de conte\u00fado informativo e relevante para concurseiros. Desde 2020, atua na cobertura das \u00e1reas Fiscal \u2014 com \u00eanfase nas Secretarias de Fazenda (Sefaz) das regi\u00f5es Sul e Sudeste \u2014, al\u00e9m da cobertura de concursos federais, como CNU, Petrobras, CGU, Receita Federal, ag\u00eancias reguladoras (Anvisa, ANAC, entre outras) e INSS. Mant\u00e9m contato direto com os principais \u00f3rg\u00e3os p\u00fablicos, acompanhando editais, atualiza\u00e7\u00f5es e movimenta\u00e7\u00f5es importantes para os candidatos.\",\"sameAs\":[\"https:\/\/www.linkedin.com\/in\/camila-pinheiro-leite-9ba135b6\/\"],\"url\":\"https:\/\/www.estrategiaconcursos.com.br\/blog\/author\/camila-leiteestrategiaconcursos-com-br\/\"}]}<\/script>\n<!-- \/ Yoast SEO Premium plugin. -->","yoast_head_json":{"title":"Concurso Petrobras: candidatos relatam desorganiza\u00e7\u00e3o","description":"Foram aplicadas no \u00faltimo domingo (20) as provas do concurso Petrobras, que recebeu in\u00fameras queixas por conta de desorganiza\u00e7\u00e3o.","robots":{"index":"index","follow":"follow","max-snippet":"max-snippet:-1","max-image-preview":"max-image-preview:large","max-video-preview":"max-video-preview:-1"},"canonical":"https:\/\/www.estrategiaconcursos.com.br\/blog\/concurso-petrobras-desorganizacao\/","og_locale":"pt_BR","og_type":"article","og_title":"Concurso Petrobras: candidatos relatam desorganiza\u00e7\u00e3o","og_description":"Foram aplicadas no \u00faltimo domingo (20) as provas do concurso Petrobras, que recebeu in\u00fameras queixas por conta de desorganiza\u00e7\u00e3o.","og_url":"https:\/\/www.estrategiaconcursos.com.br\/blog\/concurso-petrobras-desorganizacao\/","og_site_name":"Estrat\u00e9gia Concursos","article_published_time":"2022-02-21T18:06:08+00:00","article_modified_time":"2022-02-24T14:22:25+00:00","og_image":[{"width":768,"height":432,"url":"https:\/\/dhg1h5j42swfq.cloudfront.net\/2021\/12\/20085750\/petrobras.jpg","type":"image\/jpeg"}],"author":"Camila Leite","twitter_card":"summary_large_image","twitter_creator":"@EstratConcursos","twitter_site":"@EstratConcursos","twitter_misc":{"Escrito por":"Camila Leite","Est. tempo de leitura":"3 minutos"},"schema":{"@context":"https:\/\/schema.org","@graph":[{"@type":"NewsArticle","@id":"https:\/\/www.estrategiaconcursos.com.br\/blog\/concurso-petrobras-desorganizacao\/#article","isPartOf":{"@id":"https:\/\/www.estrategiaconcursos.com.br\/blog\/concurso-petrobras-desorganizacao\/"},"author":{"name":"Camila Leite","@id":"https:\/\/www.estrategiaconcursos.com.br\/blog\/#\/schema\/person\/84ecdc6eb58d3cf1689bf76c5cd8fb38"},"headline":"Concurso Petrobras: candidatos relatam desorganiza\u00e7\u00e3o","datePublished":"2022-02-21T18:06:08+00:00","dateModified":"2022-02-24T14:22:25+00:00","mainEntityOfPage":{"@id":"https:\/\/www.estrategiaconcursos.com.br\/blog\/concurso-petrobras-desorganizacao\/"},"wordCount":445,"commentCount":0,"publisher":{"@id":"https:\/\/www.estrategiaconcursos.com.br\/blog\/#organization"},"image":{"@id":"https:\/\/www.estrategiaconcursos.com.br\/blog\/concurso-petrobras-desorganizacao\/#primaryimage"},"thumbnailUrl":"https:\/\/dhg1h5j42swfq.cloudfront.net\/2021\/12\/20085750\/petrobras.jpg","articleSection":["Executivo (Administrativa)","\u00daltimas not\u00edcias"],"inLanguage":"pt-BR","potentialAction":[{"@type":"CommentAction","name":"Comment","target":["https:\/\/www.estrategiaconcursos.com.br\/blog\/concurso-petrobras-desorganizacao\/#respond"]}],"copyrightYear":"2022","copyrightHolder":{"@id":"https:\/\/www.estrategiaconcursos.com.br\/blog\/#organization"}},{"@type":"WebPage","@id":"https:\/\/www.estrategiaconcursos.com.br\/blog\/concurso-petrobras-desorganizacao\/","url":"https:\/\/www.estrategiaconcursos.com.br\/blog\/concurso-petrobras-desorganizacao\/","name":"Concurso Petrobras: candidatos relatam desorganiza\u00e7\u00e3o","isPartOf":{"@id":"https:\/\/www.estrategiaconcursos.com.br\/blog\/#website"},"primaryImageOfPage":{"@id":"https:\/\/www.estrategiaconcursos.com.br\/blog\/concurso-petrobras-desorganizacao\/#primaryimage"},"image":{"@id":"https:\/\/www.estrategiaconcursos.com.br\/blog\/concurso-petrobras-desorganizacao\/#primaryimage"},"thumbnailUrl":"https:\/\/dhg1h5j42swfq.cloudfront.net\/2021\/12\/20085750\/petrobras.jpg","datePublished":"2022-02-21T18:06:08+00:00","dateModified":"2022-02-24T14:22:25+00:00","description":"Foram aplicadas no \u00faltimo domingo (20) as provas do concurso Petrobras, que recebeu in\u00fameras queixas por conta de desorganiza\u00e7\u00e3o.","breadcrumb":{"@id":"https:\/\/www.estrategiaconcursos.com.br\/blog\/concurso-petrobras-desorganizacao\/#breadcrumb"},"inLanguage":"pt-BR","potentialAction":[{"@type":"ReadAction","target":["https:\/\/www.estrategiaconcursos.com.br\/blog\/concurso-petrobras-desorganizacao\/"]}]},{"@type":"ImageObject","inLanguage":"pt-BR","@id":"https:\/\/www.estrategiaconcursos.com.br\/blog\/concurso-petrobras-desorganizacao\/#primaryimage","url":"https:\/\/dhg1h5j42swfq.cloudfront.net\/2021\/12\/20085750\/petrobras.jpg","contentUrl":"https:\/\/dhg1h5j42swfq.cloudfront.net\/2021\/12\/20085750\/petrobras.jpg","width":768,"height":432,"caption":"Concurso Petrobras"},{"@type":"BreadcrumbList","@id":"https:\/\/www.estrategiaconcursos.com.br\/blog\/concurso-petrobras-desorganizacao\/#breadcrumb","itemListElement":[{"@type":"ListItem","position":1,"name":"In\u00edcio","item":"https:\/\/www.estrategiaconcursos.com.br\/blog\/"},{"@type":"ListItem","position":2,"name":"Concurso Petrobras: candidatos relatam desorganiza\u00e7\u00e3o"}]},{"@type":"WebSite","@id":"https:\/\/www.estrategiaconcursos.com.br\/blog\/#website","url":"https:\/\/www.estrategiaconcursos.com.br\/blog\/","name":"Estrat\u00e9gia Concursos","description":"O blog da Estrat\u00e9gia Concursos traz not\u00edcias sobre concursos e artigos de professores oferecendo cursos para concursos (pdf + videaulas) no site.","publisher":{"@id":"https:\/\/www.estrategiaconcursos.com.br\/blog\/#organization"},"potentialAction":[{"@type":"SearchAction","target":{"@type":"EntryPoint","urlTemplate":"https:\/\/www.estrategiaconcursos.com.br\/blog\/?s={search_term_string}"},"query-input":{"@type":"PropertyValueSpecification","valueRequired":true,"valueName":"search_term_string"}}],"inLanguage":"pt-BR"},{"@type":"Organization","@id":"https:\/\/www.estrategiaconcursos.com.br\/blog\/#organization","name":"Estrat\u00e9gia Concursos","url":"https:\/\/www.estrategiaconcursos.com.br\/blog\/","logo":{"@type":"ImageObject","inLanguage":"pt-BR","@id":"https:\/\/www.estrategiaconcursos.com.br\/blog\/#\/schema\/logo\/image\/","url":"https:\/\/dhg1h5j42swfq.cloudfront.net\/2025\/06\/03203428\/logo_concursos-1.jpg","contentUrl":"https:\/\/dhg1h5j42swfq.cloudfront.net\/2025\/06\/03203428\/logo_concursos-1.jpg","width":230,"height":60,"caption":"Estrat\u00e9gia Concursos"},"image":{"@id":"https:\/\/www.estrategiaconcursos.com.br\/blog\/#\/schema\/logo\/image\/"},"sameAs":["https:\/\/x.com\/EstratConcursos"]},{"@type":"Person","@id":"https:\/\/www.estrategiaconcursos.com.br\/blog\/#\/schema\/person\/84ecdc6eb58d3cf1689bf76c5cd8fb38","name":"Camila Leite","image":{"@type":"ImageObject","inLanguage":"pt-BR","@id":"https:\/\/secure.gravatar.com\/avatar\/f2f8faef639c8a2bfb7fb909912a56917f4c3a0aed064500168e2fb8ea55cf61?s=96&d=mm&r=g","url":"https:\/\/secure.gravatar.com\/avatar\/f2f8faef639c8a2bfb7fb909912a56917f4c3a0aed064500168e2fb8ea55cf61?s=96&d=mm&r=g","contentUrl":"https:\/\/secure.gravatar.com\/avatar\/f2f8faef639c8a2bfb7fb909912a56917f4c3a0aed064500168e2fb8ea55cf61?s=96&d=mm&r=g","caption":"Camila Leite"},"description":"Formada em Design Gr\u00e1fico e em Propaganda e Marketing pela UNIP, integra a equipe de jornalismo do Estrat\u00e9gia Concursos desde 2018. Ao longo dos anos, construiu uma s\u00f3lida experi\u00eancia na produ\u00e7\u00e3o de conte\u00fado informativo e relevante para concurseiros. Desde 2020, atua na cobertura das \u00e1reas Fiscal \u2014 com \u00eanfase nas Secretarias de Fazenda (Sefaz) das regi\u00f5es Sul e Sudeste \u2014, al\u00e9m da cobertura de concursos federais, como CNU, Petrobras, CGU, Receita Federal, ag\u00eancias reguladoras (Anvisa, ANAC, entre outras) e INSS. Mant\u00e9m contato direto com os principais \u00f3rg\u00e3os p\u00fablicos, acompanhando editais, atualiza\u00e7\u00f5es e movimenta\u00e7\u00f5es importantes para os candidatos.","sameAs":["https:\/\/www.linkedin.com\/in\/camila-pinheiro-leite-9ba135b6\/"],"url":"https:\/\/www.estrategiaconcursos.com.br\/blog\/author\/camila-leiteestrategiaconcursos-com-br\/"}]}},"_links":{"self":[{"href":"https:\/\/www.estrategiaconcursos.com.br\/blog\/wp-json\/wp\/v2\/posts\/974029","targetHints":{"allow":["GET"]}}],"collection":[{"href":"https:\/\/www.estrategiaconcursos.com.br\/blog\/wp-json\/wp\/v2\/posts"}],"about":[{"href":"https:\/\/www.estrategiaconcursos.com.br\/blog\/wp-json\/wp\/v2\/types\/post"}],"author":[{"embeddable":true,"href":"https:\/\/www.estrategiaconcursos.com.br\/blog\/wp-json\/wp\/v2\/users\/659"}],"replies":[{"embeddable":true,"href":"https:\/\/www.estrategiaconcursos.com.br\/blog\/wp-json\/wp\/v2\/comments?post=974029"}],"version-history":[{"count":9,"href":"https:\/\/www.estrategiaconcursos.com.br\/blog\/wp-json\/wp\/v2\/posts\/974029\/revisions"}],"predecessor-version":[{"id":976875,"href":"https:\/\/www.estrategiaconcursos.com.br\/blog\/wp-json\/wp\/v2\/posts\/974029\/revisions\/976875"}],"wp:featuredmedia":[{"embeddable":true,"href":"https:\/\/www.estrategiaconcursos.com.br\/blog\/wp-json\/wp\/v2\/media\/932791"}],"wp:attachment":[{"href":"https:\/\/www.estrategiaconcursos.com.br\/blog\/wp-json\/wp\/v2\/media?parent=974029"}],"wp:term":[{"taxonomy":"category","embeddable":true,"href":"https:\/\/www.estrategiaconcursos.com.br\/blog\/wp-json\/wp\/v2\/categories?post=974029"},{"taxonomy":"post_tag","embeddable":true,"href":"https:\/\/www.estrategiaconcursos.com.br\/blog\/wp-json\/wp\/v2\/tags?post=974029"},{"taxonomy":"tax_estado","embeddable":true,"href":"https:\/\/www.estrategiaconcursos.com.br\/blog\/wp-json\/wp\/v2\/tax_estado?post=974029"}],"curies":[{"name":"wp","href":"https:\/\/api.w.org\/{rel}","templated":true}]}}