{"id":973987,"date":"2022-02-21T14:50:28","date_gmt":"2022-02-21T17:50:28","guid":{"rendered":"https:\/\/www.estrategiaconcursos.com.br\/blog\/?p=973987"},"modified":"2022-02-21T16:32:11","modified_gmt":"2022-02-21T19:32:11","slug":"concurso-cremesp-retificacao-isencao-de-taxa","status":"publish","type":"post","link":"https:\/\/www.estrategiaconcursos.com.br\/blog\/concurso-cremesp-retificacao-isencao-de-taxa\/","title":{"rendered":"Concurso CREMESP: per\u00edodo para solicitar isen\u00e7\u00e3o de taxa reaberto"},"content":{"rendered":"\n<p>O <a href=\"https:\/\/www.estrategiaconcursos.com.br\/blog\/concurso-cremesp\/\" target=\"_blank\" rel=\"noreferrer noopener\">Conselho Regional de Medicina do Estado de S\u00e3o Paulo<\/a> publicou uma retifica\u00e7\u00e3o relacionada ao <strong>concurso CREMESP<\/strong>. <\/p>\n\n\n\n<p>O informativo destaca que o per\u00edodo para solicita\u00e7\u00e3o de isen\u00e7\u00e3o da inscri\u00e7\u00e3o (somente para doadores de medula \u00f3ssea) foi reaberto. <\/p>\n\n\n\n<p>As solicita\u00e7\u00f5es podem ser realizadas de <strong>21 de fevereiro<\/strong> at\u00e9 \u00e0s <strong>23h59 de 22 de fevereiro<\/strong>.<\/p>\n\n\n\n<div class=\"wp-block-image\"><figure class=\"aligncenter size-full\"><img loading=\"lazy\" decoding=\"async\" width=\"612\" height=\"245\" src=\"https:\/\/dhg1h5j42swfq.cloudfront.net\/2022\/02\/21135417\/cremespretificacao.png\" alt=\"\" class=\"wp-image-974002\" srcset=\"https:\/\/dhg1h5j42swfq.cloudfront.net\/2022\/02\/21135417\/cremespretificacao.png 612w, https:\/\/dhg1h5j42swfq.cloudfront.net\/2022\/02\/21135417\/cremespretificacao-300x120.png 300w, https:\/\/dhg1h5j42swfq.cloudfront.net\/2022\/02\/21135417\/cremespretificacao-610x244.png 610w\" sizes=\"auto, (max-width: 612px) 100vw, 612px\" \/><\/figure><\/div>\n\n\n\n<p class=\"has-black-color has-pale-cyan-blue-background-color has-text-color has-background\"><strong>Concurso CREMESP<br \/>Status: <\/strong>Edital retificado<br \/><strong>Inscri\u00e7\u00e3o: <\/strong>At\u00e9 21 de mar\u00e7o<br \/><strong>Solicita\u00e7\u00e3o de isen\u00e7\u00e3o:<\/strong> At\u00e9 23h59 de 22 de fevereiro<br \/><strong>Banca:<\/strong> Instituto Nosso Rumo<br \/><strong>Vagas: <\/strong>CR<br \/><strong>Sal\u00e1rio inicial: <\/strong>at\u00e9 R$ 10,3 mil<br \/><strong>Edital:<\/strong> <a href=\"https:\/\/www.in.gov.br\/en\/web\/dou\/-\/edital-18-de-fevereiro-de-2022-381614698\" target=\"_blank\" rel=\"noreferrer noopener\">CREMESP Retificado<\/a><\/p>\n\n\n\n<h2 class=\"wp-block-heading\" id=\"cargos\"><font style=\"vertical-align: inherit;\"><\/font><font style=\"vertical-align: inherit;\">Cargos e vagas<\/font><\/h2>\n\n\n\n<h3 class=\"wp-block-heading\" id=\"as-vagas-do-edital-destinam-se-para-os-seguintes-cargos\">As vagas do edital destinam-se para os seguintes cargos: <\/h3>\n\n\n\n<figure class=\"wp-block-table is-style-stripes\"><table class=\"has-fixed-layout\"><tbody><tr><td class=\"has-text-align-center\" data-align=\"center\"><strong>CARGOS<\/strong><\/td><td class=\"has-text-align-center\" data-align=\"center\"><strong>REQUISITOS<\/strong><\/td><\/tr><tr><td class=\"has-text-align-center\" data-align=\"center\"> Motorista <\/td><td class=\"has-text-align-center\" data-align=\"center\">Certificado de conclus\u00e3o de ensino<br \/>fundamental completo fornecido por<br \/>institui\u00e7\u00e3o de ensino reconhecida pelo<br \/>MEC e Carteira Nacional de Habilita\u00e7\u00e3o<br \/>Categoria D.<\/td><\/tr><tr><td class=\"has-text-align-center\" data-align=\"center\"> Oficial de Manuten\u00e7\u00e3o <\/td><td class=\"has-text-align-center\" data-align=\"center\">Certificado de conclus\u00e3o de ensino<br \/>fundamental completo fornecido por<br \/>institui\u00e7\u00e3o de ensino reconhecida pelo<br \/>MEC.<\/td><\/tr><tr><td class=\"has-text-align-center\" data-align=\"center\"> Oficial Administrativo (\u00c1rea Administrativa)<\/td><td class=\"has-text-align-center\" data-align=\"center\">Certificado de conclus\u00e3o de ensino<br \/>m\u00e9dio completo fornecido por<br \/>institui\u00e7\u00e3o de ensino reconhecida<br \/>pelo MEC.<\/td><\/tr><tr><td class=\"has-text-align-center\" data-align=\"center\"> Oficial Administrativo  (\u00c1rea de Licita\u00e7\u00f5es e Contratos)<\/td><td class=\"has-text-align-center\" data-align=\"center\">Certificado de conclus\u00e3o de ensino<br \/>m\u00e9dio completo fornecido por<br \/>institui\u00e7\u00e3o de ensino reconhecida<br \/>pelo MEC.<\/td><\/tr><tr><td class=\"has-text-align-center\" data-align=\"center\"> Operador de Call Center<\/td><td class=\"has-text-align-center\" data-align=\"center\">Certificado de conclus\u00e3o de ensino<br \/>m\u00e9dio completo fornecido por<br \/>institui\u00e7\u00e3o de ensino reconhecida<br \/>pelo MEC.<\/td><\/tr><tr><td class=\"has-text-align-center\" data-align=\"center\"> Advogado<\/td><td class=\"has-text-align-center\" data-align=\"center\">Diploma, devidamente registrado, de<br \/>conclus\u00e3o de curso de ensino<br \/>Superior completo de Bacharel em<br \/>Direito fornecido por institui\u00e7\u00e3o de<br \/>ensino reconhecida pelo MEC e<br \/>registro na OAB.<\/td><\/tr><tr><td class=\"has-text-align-center\" data-align=\"center\"> Analista de Gest\u00e3o de Pessoas (\u00c1rea de Departamento Pessoal)<\/td><td class=\"has-text-align-center\" data-align=\"center\">Diploma, devidamente registrado, de<br \/>conclus\u00e3o de curso de ensino<br \/>Superior completo de Gradua\u00e7\u00e3o em<br \/>Administra\u00e7\u00e3o de Empresas ou<br \/>Administra\u00e7\u00e3o P\u00fablica fornecido por<br \/>institui\u00e7\u00e3o de ensino reconhecida<br \/>pelo MEC.<\/td><\/tr><tr><td class=\"has-text-align-center\" data-align=\"center\"> Analista de Gest\u00e3o de Pessoas (\u00c1rea de Recursos Humanos)<\/td><td class=\"has-text-align-center\" data-align=\"center\">Diploma, devidamente registrado, de<br \/>conclus\u00e3o de curso de Ensino<br \/>Superior completo de Bacharel em<br \/>Psicologia fornecido por institui\u00e7\u00e3o<br \/>de ensino reconhecida pelo MEC e<br \/>registro no CRP.<\/td><\/tr><tr><td class=\"has-text-align-center\" data-align=\"center\">  Analista de Gest\u00e3o Financeira e Cont\u00e1bil (\u00c1rea Financeira) <\/td><td class=\"has-text-align-center\" data-align=\"center\">Diploma, devidamente registrado, de<br \/>conclus\u00e3o de curso de ensino<br \/>Superior completo de Gradua\u00e7\u00e3o em<br \/>Ci\u00eancias Cont\u00e1beis fornecido por<br \/>institui\u00e7\u00e3o de ensino reconhecida<br \/>pelo MEC e registro no CRC.<\/td><\/tr><tr><td class=\"has-text-align-center\" data-align=\"center\">Analista de Suporte<\/td><td class=\"has-text-align-center\" data-align=\"center\">Diploma, devidamente registrado, de<br \/>conclus\u00e3o de curso de ensino<br \/>Superior completo de Gradua\u00e7\u00e3o em<br \/>Sistemas de Informa\u00e7\u00e3o,<br \/>Processamento de Dados, Tecnologia<br \/>em Desenvolvimento de Software,<br \/>Tecnologia da Informa\u00e7\u00e3o ou Ci\u00eancia<br \/>da Computa\u00e7\u00e3o ou cursos<br \/>equivalentes fornecidos por<br \/>institui\u00e7\u00e3o de ensino reconhecida<br \/>pelo MEC.<\/td><\/tr><tr><td class=\"has-text-align-center\" data-align=\"center\">Analista de Tecnologia<br \/>da Informa\u00e7\u00e3o (\u00e1rea<br \/>de Administra\u00e7\u00e3o de<br \/>Banco de Dados)<\/td><td class=\"has-text-align-center\" data-align=\"center\">Ensino Superior completo. Gradua\u00e7\u00e3o<br \/>em Ci\u00eancias da Computa\u00e7\u00e3o,<br \/>Sistemas de Informa\u00e7\u00e3o,<br \/>Processamento de Dados, Tecnologia<br \/>em Desenvolvimento de Software,<br \/>Tecnologia da Informa\u00e7\u00e3o ou cursos<br \/>equivalentes, com p\u00f3s gradua\u00e7\u00e3o<br \/>completa em Banco de Dados.<\/td><\/tr><tr><td class=\"has-text-align-center\" data-align=\"center\">Analista de Tecnologia<br \/>da Informa\u00e7\u00e3o (\u00e1rea<br \/>de Administra\u00e7\u00e3o de<br \/>Redes\/Infraestrutura)<\/td><td class=\"has-text-align-center\" data-align=\"center\">Ensino Superior completo. Gradua\u00e7\u00e3o<br \/>em Ci\u00eancias da Computa\u00e7\u00e3o,<br \/>Sistemas de Informa\u00e7\u00e3o,<br \/>Processamento de Dados, Tecnologia<br \/>em Desenvolvimento de Software,<br \/>Tecnologia da Informa\u00e7\u00e3o ou cursos<br \/>equivalentes, com p\u00f3s gradua\u00e7\u00e3o<br \/>completa em Redes.<\/td><\/tr><tr><td class=\"has-text-align-center\" data-align=\"center\">Analista de Tecnologia<br \/>da Informa\u00e7\u00e3o (\u00e1rea<br \/>de An\u00e1lise de<br \/>Sistemas)<\/td><td class=\"has-text-align-center\" data-align=\"center\">Ensino Superior completo<br \/>reconhecido pelo MEC. Gradua\u00e7\u00e3o em<br \/>Ci\u00eancias da Computa\u00e7\u00e3o, Sistemas de<br \/>Informa\u00e7\u00e3o, Processamento de<br \/>Dados, Tecnologia em<br \/>Desenvolvimento de Software,<br \/>Tecnologia da Informa\u00e7\u00e3o ou cursos<br \/>equivalentes, com p\u00f3s gradua\u00e7\u00e3o<br \/>completa na \u00e1rea de sistemas.<\/td><\/tr><tr><td class=\"has-text-align-center\" data-align=\"center\"> Assistente Social<\/td><td class=\"has-text-align-center\" data-align=\"center\">Diploma, devidamente registrado, de<br \/>conclus\u00e3o de curso de ensino<br \/>Superior completo de Gradua\u00e7\u00e3o em<br \/>Servi\u00e7o Social fornecido por<br \/>institui\u00e7\u00e3o de ensino reconhecida<br \/>pelo MEC e registro no CRESS.<\/td><\/tr><tr><td class=\"has-text-align-center\" data-align=\"center\"> Bibliotec\u00e1rio<\/td><td class=\"has-text-align-center\" data-align=\"center\">Diploma, devidamente registrado, de<br \/>conclus\u00e3o de curso de ensino<br \/>Superior completo de Gradua\u00e7\u00e3o em<br \/>Biblioteconomia fornecido por<br \/>institui\u00e7\u00e3o de ensino reconhecida<br \/>pelo MEC e registro no CRB.<\/td><\/tr><tr><td class=\"has-text-align-center\" data-align=\"center\"> Jornalista  <\/td><td class=\"has-text-align-center\" data-align=\"center\">Diploma, devidamente registrado, de<br \/>conclus\u00e3o de curso de ensino<br \/>Superior completo de Gradua\u00e7\u00e3o em<br \/>Jornalismo fornecido por institui\u00e7\u00e3o<br \/>de ensino reconhecida pelo MEC.<\/td><\/tr><tr><td class=\"has-text-align-center\" data-align=\"center\"> M\u00e9dico Fiscal <\/td><td class=\"has-text-align-center\" data-align=\"center\">Diploma, devidamente registrado, de<br \/>conclus\u00e3o de curso de ensino<br \/>Superior completo de Gradua\u00e7\u00e3o em<br \/>Medicina fornecido por institui\u00e7\u00e3o de<br \/>ensino reconhecida pelo MEC com<br \/>P\u00f3s<br \/>-gradua\u00e7\u00e3o em Sa\u00fade P\u00fablica ou<br \/>Administra\u00e7\u00e3o em Sa\u00fade P\u00fablica ou<br \/>Sa\u00fade Coletiva e registro no CRM.<\/td><\/tr><\/tbody><\/table><\/figure>\n\n\n\n<p class=\"has-text-align-center has-pale-cyan-blue-background-color has-background has-medium-font-size\"><strong>Saiba mais: <a href=\"https:\/\/www.estrategiaconcursos.com.br\/blog\/concurso-cremesp\/\" target=\"_blank\" rel=\"noreferrer noopener\">concurso CREMESP<\/a><\/strong><\/p>\n\n\n\n<h2 class=\"has-text-align-center wp-block-heading\" id=\"h-quer-saber-tudo-sobre-concursos-previstos-confira-nossos-artigos\">Quer saber tudo sobre concursos previstos?<br \/>Confira nossos artigos!<\/h2>\n\n\n\n<ul class=\"wp-block-list\"><li><a href=\"https:\/\/www.estrategiaconcursos.com.br\/blog\/concursos-abertos\/\" target=\"_blank\" rel=\"noreferrer noopener\">Concursos abertos<\/a><\/li><li><a href=\"https:\/\/www.estrategiaconcursos.com.br\/blog\/concursos-2022\/\" target=\"_blank\" rel=\"noreferrer noopener\">Concursos 2022<\/a><\/li><\/ul>\n\n\n\n<h2 class=\"has-text-align-center wp-block-heading\" id=\"curso\">Quer estudar para o concurso?<\/h2>\n\n\n\n<p class=\"has-text-align-center\">Gostou desta oportunidade e deseja come\u00e7ar se preparar agora mesmo? Ent\u00e3o, confira os nossos cursos e comece a estudar para CREMESP:<\/p>\n\n\n\n<div class=\"col-sm\">\n      <div class=\"banner-estrategia\" id=\"box-assinatura\">\n        <h3 class=\"titulo-assinatura\">Cursos para CREMESP<\/h3>\n        <p class=\"subtitulo-assinatura\">Conhe\u00e7a os cursos<\/p>\n        <div class=\"box-botao\">\n          <a class=\"btn-assinatura\" target=\"_blank\" href=\"https:\/\/www.estrategiaconcursos.com.br\/cursosPorConcurso\/conselho-regional-de-medicina-do-estado-de-sao-paulo-cremesp\/\" role=\"button\" rel=\"noopener noreferrer\">Conhe\u00e7a mais<\/a>\n        <\/div>\n      <\/div>\n      <p class=\"texto-auxiliar\">Prepare-se com o melhor material e com quem mais aprova em Concursos P\u00fablicos em todo o pa\u00eds.<\/p>\n    <\/div>\n","protected":false},"excerpt":{"rendered":"<p>O Conselho Regional de Medicina do Estado de S\u00e3o Paulo publicou uma retifica\u00e7\u00e3o relacionada ao concurso CREMESP. O informativo destaca que o per\u00edodo para solicita\u00e7\u00e3o de isen\u00e7\u00e3o da inscri\u00e7\u00e3o (somente para doadores de medula \u00f3ssea) foi reaberto. As solicita\u00e7\u00f5es podem ser realizadas de 21 de fevereiro at\u00e9 \u00e0s 23h59 de 22 de fevereiro. Concurso CREMESPStatus: [&hellip;]<\/p>\n","protected":false},"author":2374,"featured_media":970346,"comment_status":"open","ping_status":"closed","sticky":false,"template":"","format":"standard","meta":{"post_tipo":"news","footnotes":""},"categories":[1],"tags":[40,220415],"tax_estado":[219989],"class_list":["post-973987","post","type-post","status-publish","format-standard","has-post-thumbnail","hentry","category-cursos-e-concursos","tag-concurso","tag-cremesp","tax_estado-sp"],"acf":[],"yoast_head":"<!-- This site is optimized with the Yoast SEO Premium plugin v27.2 (Yoast SEO v27.2) - https:\/\/yoast.com\/product\/yoast-seo-premium-wordpress\/ -->\n<title>Concurso CREMESP: per\u00edodo para solicitar isen\u00e7\u00e3o de taxa reaberto<\/title>\n<meta name=\"description\" content=\"Concurso CREMESP publica retifica\u00e7\u00e3o. O informativo destaca que o per\u00edodo para solicita\u00e7\u00e3o de isen\u00e7\u00e3o da inscri\u00e7\u00e3o foi reaberto.\" \/>\n<meta name=\"robots\" content=\"index, follow, max-snippet:-1, max-image-preview:large, max-video-preview:-1\" \/>\n<link rel=\"canonical\" href=\"https:\/\/www.estrategiaconcursos.com.br\/blog\/concurso-cremesp-retificacao-isencao-de-taxa\/\" \/>\n<meta property=\"og:locale\" content=\"pt_BR\" \/>\n<meta property=\"og:type\" content=\"article\" \/>\n<meta property=\"og:title\" content=\"Concurso CREMESP: per\u00edodo para solicitar isen\u00e7\u00e3o de taxa reaberto\" \/>\n<meta property=\"og:description\" content=\"Concurso CREMESP publica retifica\u00e7\u00e3o. O informativo destaca que o per\u00edodo para solicita\u00e7\u00e3o de isen\u00e7\u00e3o da inscri\u00e7\u00e3o foi reaberto.\" \/>\n<meta property=\"og:url\" content=\"https:\/\/www.estrategiaconcursos.com.br\/blog\/concurso-cremesp-retificacao-isencao-de-taxa\/\" \/>\n<meta property=\"og:site_name\" content=\"Estrat\u00e9gia Concursos\" \/>\n<meta property=\"article:published_time\" content=\"2022-02-21T17:50:28+00:00\" \/>\n<meta property=\"article:modified_time\" content=\"2022-02-21T19:32:11+00:00\" \/>\n<meta property=\"og:image\" content=\"https:\/\/dhg1h5j42swfq.cloudfront.net\/2022\/02\/16101032\/concurso-cremesp.jpg\" \/>\n\t<meta property=\"og:image:width\" content=\"225\" \/>\n\t<meta property=\"og:image:height\" content=\"225\" \/>\n\t<meta property=\"og:image:type\" content=\"image\/jpeg\" \/>\n<meta name=\"author\" content=\"Guilherme Abarno\" \/>\n<meta name=\"twitter:card\" content=\"summary_large_image\" \/>\n<meta name=\"twitter:creator\" content=\"@EstratConcursos\" \/>\n<meta name=\"twitter:site\" content=\"@EstratConcursos\" \/>\n<meta name=\"twitter:label1\" content=\"Escrito por\" \/>\n\t<meta name=\"twitter:data1\" content=\"Guilherme Abarno\" \/>\n\t<meta name=\"twitter:label2\" content=\"Est. tempo de leitura\" \/>\n\t<meta name=\"twitter:data2\" content=\"5 minutos\" \/>\n<script type=\"application\/ld+json\" class=\"yoast-schema-graph\">{\"@context\":\"https:\/\/schema.org\",\"@graph\":[{\"@type\":\"NewsArticle\",\"@id\":\"https:\/\/www.estrategiaconcursos.com.br\/blog\/concurso-cremesp-retificacao-isencao-de-taxa\/#article\",\"isPartOf\":{\"@id\":\"https:\/\/www.estrategiaconcursos.com.br\/blog\/concurso-cremesp-retificacao-isencao-de-taxa\/\"},\"author\":{\"name\":\"Guilherme Abarno\",\"@id\":\"https:\/\/www.estrategiaconcursos.com.br\/blog\/#\/schema\/person\/79c1a7623a9ced8b38fc7591e63a0322\"},\"headline\":\"Concurso CREMESP: per\u00edodo para solicitar isen\u00e7\u00e3o de taxa reaberto\",\"datePublished\":\"2022-02-21T17:50:28+00:00\",\"dateModified\":\"2022-02-21T19:32:11+00:00\",\"mainEntityOfPage\":{\"@id\":\"https:\/\/www.estrategiaconcursos.com.br\/blog\/concurso-cremesp-retificacao-isencao-de-taxa\/\"},\"wordCount\":734,\"commentCount\":0,\"publisher\":{\"@id\":\"https:\/\/www.estrategiaconcursos.com.br\/blog\/#organization\"},\"image\":{\"@id\":\"https:\/\/www.estrategiaconcursos.com.br\/blog\/concurso-cremesp-retificacao-isencao-de-taxa\/#primaryimage\"},\"thumbnailUrl\":\"https:\/\/dhg1h5j42swfq.cloudfront.net\/2022\/02\/16101032\/concurso-cremesp.jpg\",\"keywords\":[\"Concurso\",\"cremesp\"],\"articleSection\":[\"Concursos P\u00fablicos\"],\"inLanguage\":\"pt-BR\",\"potentialAction\":[{\"@type\":\"CommentAction\",\"name\":\"Comment\",\"target\":[\"https:\/\/www.estrategiaconcursos.com.br\/blog\/concurso-cremesp-retificacao-isencao-de-taxa\/#respond\"]}],\"copyrightYear\":\"2022\",\"copyrightHolder\":{\"@id\":\"https:\/\/www.estrategiaconcursos.com.br\/blog\/#organization\"}},{\"@type\":\"WebPage\",\"@id\":\"https:\/\/www.estrategiaconcursos.com.br\/blog\/concurso-cremesp-retificacao-isencao-de-taxa\/\",\"url\":\"https:\/\/www.estrategiaconcursos.com.br\/blog\/concurso-cremesp-retificacao-isencao-de-taxa\/\",\"name\":\"Concurso CREMESP: per\u00edodo para solicitar isen\u00e7\u00e3o de taxa reaberto\",\"isPartOf\":{\"@id\":\"https:\/\/www.estrategiaconcursos.com.br\/blog\/#website\"},\"primaryImageOfPage\":{\"@id\":\"https:\/\/www.estrategiaconcursos.com.br\/blog\/concurso-cremesp-retificacao-isencao-de-taxa\/#primaryimage\"},\"image\":{\"@id\":\"https:\/\/www.estrategiaconcursos.com.br\/blog\/concurso-cremesp-retificacao-isencao-de-taxa\/#primaryimage\"},\"thumbnailUrl\":\"https:\/\/dhg1h5j42swfq.cloudfront.net\/2022\/02\/16101032\/concurso-cremesp.jpg\",\"datePublished\":\"2022-02-21T17:50:28+00:00\",\"dateModified\":\"2022-02-21T19:32:11+00:00\",\"description\":\"Concurso CREMESP publica retifica\u00e7\u00e3o. O informativo destaca que o per\u00edodo para solicita\u00e7\u00e3o de isen\u00e7\u00e3o da inscri\u00e7\u00e3o foi reaberto.\",\"breadcrumb\":{\"@id\":\"https:\/\/www.estrategiaconcursos.com.br\/blog\/concurso-cremesp-retificacao-isencao-de-taxa\/#breadcrumb\"},\"inLanguage\":\"pt-BR\",\"potentialAction\":[{\"@type\":\"ReadAction\",\"target\":[\"https:\/\/www.estrategiaconcursos.com.br\/blog\/concurso-cremesp-retificacao-isencao-de-taxa\/\"]}]},{\"@type\":\"ImageObject\",\"inLanguage\":\"pt-BR\",\"@id\":\"https:\/\/www.estrategiaconcursos.com.br\/blog\/concurso-cremesp-retificacao-isencao-de-taxa\/#primaryimage\",\"url\":\"https:\/\/dhg1h5j42swfq.cloudfront.net\/2022\/02\/16101032\/concurso-cremesp.jpg\",\"contentUrl\":\"https:\/\/dhg1h5j42swfq.cloudfront.net\/2022\/02\/16101032\/concurso-cremesp.jpg\",\"width\":225,\"height\":225},{\"@type\":\"BreadcrumbList\",\"@id\":\"https:\/\/www.estrategiaconcursos.com.br\/blog\/concurso-cremesp-retificacao-isencao-de-taxa\/#breadcrumb\",\"itemListElement\":[{\"@type\":\"ListItem\",\"position\":1,\"name\":\"In\u00edcio\",\"item\":\"https:\/\/www.estrategiaconcursos.com.br\/blog\/\"},{\"@type\":\"ListItem\",\"position\":2,\"name\":\"Concurso CREMESP: per\u00edodo para solicitar isen\u00e7\u00e3o de taxa reaberto\"}]},{\"@type\":\"WebSite\",\"@id\":\"https:\/\/www.estrategiaconcursos.com.br\/blog\/#website\",\"url\":\"https:\/\/www.estrategiaconcursos.com.br\/blog\/\",\"name\":\"Estrat\u00e9gia Concursos\",\"description\":\"O blog da Estrat\u00e9gia Concursos traz not\u00edcias sobre concursos e artigos de professores oferecendo cursos para concursos (pdf + videaulas) no site.\",\"publisher\":{\"@id\":\"https:\/\/www.estrategiaconcursos.com.br\/blog\/#organization\"},\"potentialAction\":[{\"@type\":\"SearchAction\",\"target\":{\"@type\":\"EntryPoint\",\"urlTemplate\":\"https:\/\/www.estrategiaconcursos.com.br\/blog\/?s={search_term_string}\"},\"query-input\":{\"@type\":\"PropertyValueSpecification\",\"valueRequired\":true,\"valueName\":\"search_term_string\"}}],\"inLanguage\":\"pt-BR\"},{\"@type\":\"Organization\",\"@id\":\"https:\/\/www.estrategiaconcursos.com.br\/blog\/#organization\",\"name\":\"Estrat\u00e9gia Concursos\",\"url\":\"https:\/\/www.estrategiaconcursos.com.br\/blog\/\",\"logo\":{\"@type\":\"ImageObject\",\"inLanguage\":\"pt-BR\",\"@id\":\"https:\/\/www.estrategiaconcursos.com.br\/blog\/#\/schema\/logo\/image\/\",\"url\":\"https:\/\/dhg1h5j42swfq.cloudfront.net\/2025\/06\/03203428\/logo_concursos-1.jpg\",\"contentUrl\":\"https:\/\/dhg1h5j42swfq.cloudfront.net\/2025\/06\/03203428\/logo_concursos-1.jpg\",\"width\":230,\"height\":60,\"caption\":\"Estrat\u00e9gia Concursos\"},\"image\":{\"@id\":\"https:\/\/www.estrategiaconcursos.com.br\/blog\/#\/schema\/logo\/image\/\"},\"sameAs\":[\"https:\/\/x.com\/EstratConcursos\"]},{\"@type\":\"Person\",\"@id\":\"https:\/\/www.estrategiaconcursos.com.br\/blog\/#\/schema\/person\/79c1a7623a9ced8b38fc7591e63a0322\",\"name\":\"Guilherme Abarno\",\"image\":{\"@type\":\"ImageObject\",\"inLanguage\":\"pt-BR\",\"@id\":\"https:\/\/secure.gravatar.com\/avatar\/a71cada404ac977e405a8f3fcb3f203ef33a8ad5c6b3f18f32b6d899a2032f89?s=96&d=mm&r=g\",\"url\":\"https:\/\/secure.gravatar.com\/avatar\/a71cada404ac977e405a8f3fcb3f203ef33a8ad5c6b3f18f32b6d899a2032f89?s=96&d=mm&r=g\",\"contentUrl\":\"https:\/\/secure.gravatar.com\/avatar\/a71cada404ac977e405a8f3fcb3f203ef33a8ad5c6b3f18f32b6d899a2032f89?s=96&d=mm&r=g\",\"caption\":\"Guilherme Abarno\"},\"url\":\"https:\/\/www.estrategiaconcursos.com.br\/blog\/author\/guilherme-abarnoestrategia-com\/\"}]}<\/script>\n<!-- \/ Yoast SEO Premium plugin. -->","yoast_head_json":{"title":"Concurso CREMESP: per\u00edodo para solicitar isen\u00e7\u00e3o de taxa reaberto","description":"Concurso CREMESP publica retifica\u00e7\u00e3o. O informativo destaca que o per\u00edodo para solicita\u00e7\u00e3o de isen\u00e7\u00e3o da inscri\u00e7\u00e3o foi reaberto.","robots":{"index":"index","follow":"follow","max-snippet":"max-snippet:-1","max-image-preview":"max-image-preview:large","max-video-preview":"max-video-preview:-1"},"canonical":"https:\/\/www.estrategiaconcursos.com.br\/blog\/concurso-cremesp-retificacao-isencao-de-taxa\/","og_locale":"pt_BR","og_type":"article","og_title":"Concurso CREMESP: per\u00edodo para solicitar isen\u00e7\u00e3o de taxa reaberto","og_description":"Concurso CREMESP publica retifica\u00e7\u00e3o. O informativo destaca que o per\u00edodo para solicita\u00e7\u00e3o de isen\u00e7\u00e3o da inscri\u00e7\u00e3o foi reaberto.","og_url":"https:\/\/www.estrategiaconcursos.com.br\/blog\/concurso-cremesp-retificacao-isencao-de-taxa\/","og_site_name":"Estrat\u00e9gia Concursos","article_published_time":"2022-02-21T17:50:28+00:00","article_modified_time":"2022-02-21T19:32:11+00:00","og_image":[{"width":225,"height":225,"url":"https:\/\/dhg1h5j42swfq.cloudfront.net\/2022\/02\/16101032\/concurso-cremesp.jpg","type":"image\/jpeg"}],"author":"Guilherme Abarno","twitter_card":"summary_large_image","twitter_creator":"@EstratConcursos","twitter_site":"@EstratConcursos","twitter_misc":{"Escrito por":"Guilherme Abarno","Est. tempo de leitura":"5 minutos"},"schema":{"@context":"https:\/\/schema.org","@graph":[{"@type":"NewsArticle","@id":"https:\/\/www.estrategiaconcursos.com.br\/blog\/concurso-cremesp-retificacao-isencao-de-taxa\/#article","isPartOf":{"@id":"https:\/\/www.estrategiaconcursos.com.br\/blog\/concurso-cremesp-retificacao-isencao-de-taxa\/"},"author":{"name":"Guilherme Abarno","@id":"https:\/\/www.estrategiaconcursos.com.br\/blog\/#\/schema\/person\/79c1a7623a9ced8b38fc7591e63a0322"},"headline":"Concurso CREMESP: per\u00edodo para solicitar isen\u00e7\u00e3o de taxa reaberto","datePublished":"2022-02-21T17:50:28+00:00","dateModified":"2022-02-21T19:32:11+00:00","mainEntityOfPage":{"@id":"https:\/\/www.estrategiaconcursos.com.br\/blog\/concurso-cremesp-retificacao-isencao-de-taxa\/"},"wordCount":734,"commentCount":0,"publisher":{"@id":"https:\/\/www.estrategiaconcursos.com.br\/blog\/#organization"},"image":{"@id":"https:\/\/www.estrategiaconcursos.com.br\/blog\/concurso-cremesp-retificacao-isencao-de-taxa\/#primaryimage"},"thumbnailUrl":"https:\/\/dhg1h5j42swfq.cloudfront.net\/2022\/02\/16101032\/concurso-cremesp.jpg","keywords":["Concurso","cremesp"],"articleSection":["Concursos P\u00fablicos"],"inLanguage":"pt-BR","potentialAction":[{"@type":"CommentAction","name":"Comment","target":["https:\/\/www.estrategiaconcursos.com.br\/blog\/concurso-cremesp-retificacao-isencao-de-taxa\/#respond"]}],"copyrightYear":"2022","copyrightHolder":{"@id":"https:\/\/www.estrategiaconcursos.com.br\/blog\/#organization"}},{"@type":"WebPage","@id":"https:\/\/www.estrategiaconcursos.com.br\/blog\/concurso-cremesp-retificacao-isencao-de-taxa\/","url":"https:\/\/www.estrategiaconcursos.com.br\/blog\/concurso-cremesp-retificacao-isencao-de-taxa\/","name":"Concurso CREMESP: per\u00edodo para solicitar isen\u00e7\u00e3o de taxa reaberto","isPartOf":{"@id":"https:\/\/www.estrategiaconcursos.com.br\/blog\/#website"},"primaryImageOfPage":{"@id":"https:\/\/www.estrategiaconcursos.com.br\/blog\/concurso-cremesp-retificacao-isencao-de-taxa\/#primaryimage"},"image":{"@id":"https:\/\/www.estrategiaconcursos.com.br\/blog\/concurso-cremesp-retificacao-isencao-de-taxa\/#primaryimage"},"thumbnailUrl":"https:\/\/dhg1h5j42swfq.cloudfront.net\/2022\/02\/16101032\/concurso-cremesp.jpg","datePublished":"2022-02-21T17:50:28+00:00","dateModified":"2022-02-21T19:32:11+00:00","description":"Concurso CREMESP publica retifica\u00e7\u00e3o. O informativo destaca que o per\u00edodo para solicita\u00e7\u00e3o de isen\u00e7\u00e3o da inscri\u00e7\u00e3o foi reaberto.","breadcrumb":{"@id":"https:\/\/www.estrategiaconcursos.com.br\/blog\/concurso-cremesp-retificacao-isencao-de-taxa\/#breadcrumb"},"inLanguage":"pt-BR","potentialAction":[{"@type":"ReadAction","target":["https:\/\/www.estrategiaconcursos.com.br\/blog\/concurso-cremesp-retificacao-isencao-de-taxa\/"]}]},{"@type":"ImageObject","inLanguage":"pt-BR","@id":"https:\/\/www.estrategiaconcursos.com.br\/blog\/concurso-cremesp-retificacao-isencao-de-taxa\/#primaryimage","url":"https:\/\/dhg1h5j42swfq.cloudfront.net\/2022\/02\/16101032\/concurso-cremesp.jpg","contentUrl":"https:\/\/dhg1h5j42swfq.cloudfront.net\/2022\/02\/16101032\/concurso-cremesp.jpg","width":225,"height":225},{"@type":"BreadcrumbList","@id":"https:\/\/www.estrategiaconcursos.com.br\/blog\/concurso-cremesp-retificacao-isencao-de-taxa\/#breadcrumb","itemListElement":[{"@type":"ListItem","position":1,"name":"In\u00edcio","item":"https:\/\/www.estrategiaconcursos.com.br\/blog\/"},{"@type":"ListItem","position":2,"name":"Concurso CREMESP: per\u00edodo para solicitar isen\u00e7\u00e3o de taxa reaberto"}]},{"@type":"WebSite","@id":"https:\/\/www.estrategiaconcursos.com.br\/blog\/#website","url":"https:\/\/www.estrategiaconcursos.com.br\/blog\/","name":"Estrat\u00e9gia Concursos","description":"O blog da Estrat\u00e9gia Concursos traz not\u00edcias sobre concursos e artigos de professores oferecendo cursos para concursos (pdf + videaulas) no site.","publisher":{"@id":"https:\/\/www.estrategiaconcursos.com.br\/blog\/#organization"},"potentialAction":[{"@type":"SearchAction","target":{"@type":"EntryPoint","urlTemplate":"https:\/\/www.estrategiaconcursos.com.br\/blog\/?s={search_term_string}"},"query-input":{"@type":"PropertyValueSpecification","valueRequired":true,"valueName":"search_term_string"}}],"inLanguage":"pt-BR"},{"@type":"Organization","@id":"https:\/\/www.estrategiaconcursos.com.br\/blog\/#organization","name":"Estrat\u00e9gia Concursos","url":"https:\/\/www.estrategiaconcursos.com.br\/blog\/","logo":{"@type":"ImageObject","inLanguage":"pt-BR","@id":"https:\/\/www.estrategiaconcursos.com.br\/blog\/#\/schema\/logo\/image\/","url":"https:\/\/dhg1h5j42swfq.cloudfront.net\/2025\/06\/03203428\/logo_concursos-1.jpg","contentUrl":"https:\/\/dhg1h5j42swfq.cloudfront.net\/2025\/06\/03203428\/logo_concursos-1.jpg","width":230,"height":60,"caption":"Estrat\u00e9gia Concursos"},"image":{"@id":"https:\/\/www.estrategiaconcursos.com.br\/blog\/#\/schema\/logo\/image\/"},"sameAs":["https:\/\/x.com\/EstratConcursos"]},{"@type":"Person","@id":"https:\/\/www.estrategiaconcursos.com.br\/blog\/#\/schema\/person\/79c1a7623a9ced8b38fc7591e63a0322","name":"Guilherme Abarno","image":{"@type":"ImageObject","inLanguage":"pt-BR","@id":"https:\/\/secure.gravatar.com\/avatar\/a71cada404ac977e405a8f3fcb3f203ef33a8ad5c6b3f18f32b6d899a2032f89?s=96&d=mm&r=g","url":"https:\/\/secure.gravatar.com\/avatar\/a71cada404ac977e405a8f3fcb3f203ef33a8ad5c6b3f18f32b6d899a2032f89?s=96&d=mm&r=g","contentUrl":"https:\/\/secure.gravatar.com\/avatar\/a71cada404ac977e405a8f3fcb3f203ef33a8ad5c6b3f18f32b6d899a2032f89?s=96&d=mm&r=g","caption":"Guilherme Abarno"},"url":"https:\/\/www.estrategiaconcursos.com.br\/blog\/author\/guilherme-abarnoestrategia-com\/"}]}},"_links":{"self":[{"href":"https:\/\/www.estrategiaconcursos.com.br\/blog\/wp-json\/wp\/v2\/posts\/973987","targetHints":{"allow":["GET"]}}],"collection":[{"href":"https:\/\/www.estrategiaconcursos.com.br\/blog\/wp-json\/wp\/v2\/posts"}],"about":[{"href":"https:\/\/www.estrategiaconcursos.com.br\/blog\/wp-json\/wp\/v2\/types\/post"}],"author":[{"embeddable":true,"href":"https:\/\/www.estrategiaconcursos.com.br\/blog\/wp-json\/wp\/v2\/users\/2374"}],"replies":[{"embeddable":true,"href":"https:\/\/www.estrategiaconcursos.com.br\/blog\/wp-json\/wp\/v2\/comments?post=973987"}],"version-history":[{"count":7,"href":"https:\/\/www.estrategiaconcursos.com.br\/blog\/wp-json\/wp\/v2\/posts\/973987\/revisions"}],"predecessor-version":[{"id":974181,"href":"https:\/\/www.estrategiaconcursos.com.br\/blog\/wp-json\/wp\/v2\/posts\/973987\/revisions\/974181"}],"wp:featuredmedia":[{"embeddable":true,"href":"https:\/\/www.estrategiaconcursos.com.br\/blog\/wp-json\/wp\/v2\/media\/970346"}],"wp:attachment":[{"href":"https:\/\/www.estrategiaconcursos.com.br\/blog\/wp-json\/wp\/v2\/media?parent=973987"}],"wp:term":[{"taxonomy":"category","embeddable":true,"href":"https:\/\/www.estrategiaconcursos.com.br\/blog\/wp-json\/wp\/v2\/categories?post=973987"},{"taxonomy":"post_tag","embeddable":true,"href":"https:\/\/www.estrategiaconcursos.com.br\/blog\/wp-json\/wp\/v2\/tags?post=973987"},{"taxonomy":"tax_estado","embeddable":true,"href":"https:\/\/www.estrategiaconcursos.com.br\/blog\/wp-json\/wp\/v2\/tax_estado?post=973987"}],"curies":[{"name":"wp","href":"https:\/\/api.w.org\/{rel}","templated":true}]}}