{"id":973494,"date":"2022-03-05T15:16:00","date_gmt":"2022-03-05T18:16:00","guid":{"rendered":"https:\/\/www.estrategiaconcursos.com.br\/blog\/?p=973494"},"modified":"2022-02-22T16:51:35","modified_gmt":"2022-02-22T19:51:35","slug":"concordancia-verbal","status":"publish","type":"post","link":"https:\/\/www.estrategiaconcursos.com.br\/blog\/concordancia-verbal\/","title":{"rendered":"O que \u00e9 concord\u00e2ncia verbal?"},"content":{"rendered":"\n<p class=\"has-medium-font-size\">Vamos aprender neste artigo o que \u00e9 concord\u00e2ncia verbal, bem como as suas principais ocorr\u00eancias.<\/p>\n\n\n\n<div class=\"wp-block-image\"><figure class=\"aligncenter size-full\"><img loading=\"lazy\" decoding=\"async\" width=\"400\" height=\"284\" src=\"https:\/\/dhg1h5j42swfq.cloudfront.net\/2022\/02\/20232537\/image-386.png\" alt=\"O que \u00e9 concord\u00e2ncia verbal?\" class=\"wp-image-973497\" srcset=\"https:\/\/dhg1h5j42swfq.cloudfront.net\/2022\/02\/20232537\/image-386.png 400w, https:\/\/dhg1h5j42swfq.cloudfront.net\/2022\/02\/20232537\/image-386-300x213.png 300w\" sizes=\"auto, (max-width: 400px) 100vw, 400px\" \/><figcaption>O que \u00e9 concord\u00e2ncia verbal?<\/figcaption><\/figure><\/div>\n\n\n\n<h2 class=\"wp-block-heading\" id=\"o-que-e-concordancia-verbal\"><mark style=\"background-color:rgba(0, 0, 0, 0)\" class=\"has-inline-color has-vivid-cyan-blue-color\">O que \u00e9 concord\u00e2ncia verbal?<\/mark><\/h2>\n\n\n\n<p>A concord\u00e2ncia verbal est\u00e1 relacionada ao comportamento do&nbsp;<strong>verbo&nbsp;<\/strong>diante de diferentes tipos de <strong>sujeitos<\/strong>.<\/p>\n\n\n\n<p>Exemplos:<\/p>\n\n\n\n<p><em><span style=\"text-decoration: underline;\">Eu<\/span> <strong>andei <\/strong>de bicicleta.<\/em><\/p>\n\n\n\n<p><em><span style=\"text-decoration: underline;\">N\u00f3s<\/span> <strong>fomos <\/strong>ao gin\u00e1sio.<\/em><\/p>\n\n\n\n<p>Vamos analisar, a partir de agora, as diferentes situa\u00e7\u00f5es de concord\u00e2ncia verbal.<\/p>\n\n\n\n<h2 class=\"wp-block-heading\" id=\"concordancia-verbal-com-sujeito-simples\"><mark style=\"background-color:rgba(0, 0, 0, 0)\" class=\"has-inline-color has-vivid-cyan-blue-color\">Concord\u00e2ncia verbal com sujeito simples<\/mark><\/h2>\n\n\n\n<p>O&nbsp;<strong>sujeito simples<\/strong>&nbsp;\u00e9 aquele que possui&nbsp;<strong>apenas um n\u00facleo.<\/strong><strong><\/strong><\/p>\n\n\n\n<p>Assim, <strong>em regra<\/strong>, o<strong>&nbsp;verbo concorda em n\u00famero e pessoa<\/strong> com o sujeito simples. Por exemplo:<\/p>\n\n\n\n<p><em><span style=\"text-decoration: underline;\">A minha namorada<\/span>&nbsp;<strong>saiu <\/strong>sozinha.<\/em><\/p>\n\n\n\n<p>Perceba que o sujeito \u201cA minha namorada&#8221; \u00e9 simples, o qual est\u00e1 no singular e na terceira pessoa. Assim, o verbo \u201csair\u201d tamb\u00e9m deve ser flexionado no singular, concordando com a terceira pessoa, resultando no termo \u201csaiu\u201d.<\/p>\n\n\n\n<h2 class=\"wp-block-heading\" id=\"concordancia-verbal-com-sujeito-composto\"><mark style=\"background-color:rgba(0, 0, 0, 0)\" class=\"has-inline-color has-vivid-cyan-blue-color\">Concord\u00e2ncia verbal com sujeito composto<\/mark><\/h2>\n\n\n\n<p>J\u00e1 em rela\u00e7\u00e3o ao<strong>&nbsp;sujeito composto<\/strong>, que \u00e9 aquele que possui&nbsp;<strong>mais de um n\u00facleo<\/strong>, em regra, caso o&nbsp;<strong>sujeito&nbsp;<\/strong>venha&nbsp;<strong>antes do verbo,<\/strong>&nbsp;haver\u00e1 a concord\u00e2ncia no&nbsp;<strong>plural<\/strong>:<\/p>\n\n\n\n<p><em><u>Eu e a minha namorada<\/u><\/em><em><strong> sa\u00edmos <\/strong><\/em><em>ontem.<\/em><\/p>\n\n\n\n<p>Contudo, caso o&nbsp;<strong>sujeito&nbsp;<\/strong>venha&nbsp;<strong>depois do verbo<\/strong>, a concord\u00e2ncia pode ser feita com o&nbsp;<strong>n\u00facleo mais pr\u00f3ximo<\/strong>&nbsp;ou com o&nbsp;<strong>todo&nbsp;<\/strong>(indo para o plural):<\/p>\n\n\n\n<p><em><strong>Iremos<\/strong>&nbsp;<span style=\"text-decoration: underline;\">eu e voc\u00ea<\/span>&nbsp;ao supermercado.<\/em><\/p>\n\n\n\n<p><em><strong>Irei <\/strong><span style=\"text-decoration: underline;\">eu<\/span>&nbsp;e voc\u00ea ao supermercado<\/em>.<\/p>\n\n\n\n<h2 class=\"wp-block-heading\" id=\"concordancia-verbal-com-partitivos\"><mark style=\"background-color:rgba(0, 0, 0, 0)\" class=\"has-inline-color has-vivid-cyan-blue-color\">Concord\u00e2ncia verbal com partitivos<\/mark><\/h2>\n\n\n\n<p>Voc\u00ea sabe o que s\u00e3o express\u00f5es&nbsp;partitivas? Elas s\u00e3o geralmente caracterizadas por termos como:&nbsp;<strong>a maioria de, a minoria de, a metade de, um grande n\u00famero de<\/strong>, entre outros.<\/p>\n\n\n\n<p>Assim, quando tivermos, por exemplo, a express\u00e3o:&nbsp;<em>\u201cA maioria das pessoas\u201d<\/em>, dizemos que&nbsp;<strong>\u201cdas pessoas\u201d<\/strong>&nbsp;\u00e9 o&nbsp;<strong>determinante<\/strong>&nbsp;do partitivo.<\/p>\n\n\n\n<p>Nesse caso, a&nbsp;concord\u00e2ncia&nbsp;verbal pode ser realizada tanto em rela\u00e7\u00e3o&nbsp;<strong>ao n\u00facleo do sujeito<\/strong>, que \u00e9 o partitivo, como em rela\u00e7\u00e3o ao&nbsp;<strong>n\u00facleo do determinante<\/strong>&nbsp;do partitivo. Por exemplo:<\/p>\n\n\n\n<p><em>A&nbsp;maioria&nbsp;<u>dos candidatos<\/u> n\u00e3o <strong>fizeram<\/strong> a prova.<\/em><\/p>\n\n\n\n<p><em><span style=\"text-decoration: underline;\">A&nbsp;<\/span><u>maioria<\/u>&nbsp;dos candidatos n\u00e3o <strong>fez<\/strong> a prova.<\/em><\/p>\n\n\n\n<h2 class=\"wp-block-heading\" id=\"concordancia-verbal-com-coletivos\"><mark style=\"background-color:rgba(0, 0, 0, 0)\" class=\"has-inline-color has-vivid-cyan-blue-color\">Concord\u00e2ncia verbal com coletivos<\/mark><\/h2>\n\n\n\n<p>Neste caso, a aten\u00e7\u00e3o est\u00e1 voltada para a estrutura da frase.<\/p>\n\n\n\n<p>Caso o coletivo&nbsp;<strong>n\u00e3o tenha um determinante<\/strong>, o verbo ir\u00e1 concordar com o coletivo:<\/p>\n\n\n\n<p><em>A&nbsp;<span style=\"text-decoration: underline;\">matilha<\/span>&nbsp;<\/em><strong><em>atravessou <\/em><\/strong><em>a estrada.<\/em><\/p>\n\n\n\n<p><em>As&nbsp;<span style=\"text-decoration: underline;\">matilhas<\/span><\/em><strong><em> atravessaram <\/em><\/strong><em>a estrada.<\/em><\/p>\n\n\n\n<p>Agora, caso ele esteja&nbsp;<strong>especificado<\/strong>, poder\u00e1 haver a concord\u00e2ncia tanto com o&nbsp;<strong>sujeito coletivo<\/strong>, quanto com o&nbsp;<strong>determinante<\/strong>:<\/p>\n\n\n\n<p><em>A&nbsp;<span style=\"text-decoration: underline;\">matilha<\/span>&nbsp;de lobos <\/em><strong><em>atravessou<\/em><\/strong><em> a estrada.<\/em><\/p>\n\n\n\n<p><em>A&nbsp;matilha&nbsp;<span style=\"text-decoration: underline;\">de lobos<\/span> <\/em><strong><em>atravessaram <\/em><\/strong><em>a estrada.<\/em><\/p>\n\n\n\n<h2 class=\"wp-block-heading\" id=\"mais-de-um-menos-de-um-cerca-de\"><mark style=\"background-color:rgba(0, 0, 0, 0)\" class=\"has-inline-color has-vivid-cyan-blue-color\">Mais de um, menos de um, cerca de&#8230;<\/mark><\/h2>\n\n\n\n<p>Nesse caso, a concord\u00e2ncia \u00e9 realizada com o&nbsp;<strong>numeral&nbsp;<\/strong>que&nbsp;<strong>acompanha a express\u00e3o.<\/strong>&nbsp;Por exemplo:<\/p>\n\n\n\n<p><em>Mais de&nbsp;<u>um<\/u><span style=\"text-decoration: underline;\">a<\/span> TV <strong>queimou<\/strong>.&nbsp;<\/em><\/p>\n\n\n\n<p><em>Mais de&nbsp;<u>duas<\/u><\/em> <em>TVs <strong>queimaram<\/strong><\/em>.<\/p>\n\n\n\n<p><em>Cerca de&nbsp;<span style=\"text-decoration: underline;\">cinco<\/span> TVs <strong>queimaram<\/strong>.<\/em><\/p>\n\n\n\n<h2 class=\"wp-block-heading\" id=\"concordancia-com-porcentagens-e-fracoes\"><mark style=\"background-color:rgba(0, 0, 0, 0)\" class=\"has-inline-color has-vivid-cyan-blue-color\">Concord\u00e2ncia com porcentagens e fra\u00e7\u00f5es<\/mark><\/h2>\n\n\n\n<p>Quando o&nbsp;<strong>sujeito&nbsp;<\/strong>da frase est\u00e1 relacionado \u00e0&nbsp;<strong>porcentagem<\/strong>, em&nbsp;<strong>regra<\/strong>, o&nbsp;<strong>verbo concorda com o n\u00famero<\/strong>.<\/p>\n\n\n\n<p>Assim, caso o n\u00famero seja&nbsp;<strong>menor do que 2<\/strong>, o verbo ir\u00e1 para o&nbsp;<strong>singular<\/strong>, caso seja&nbsp;<strong>igual ou maior do que 2<\/strong>, o verbo ir\u00e1 para o&nbsp;<strong>plural<\/strong>. Por\u00e9m, se houver&nbsp;<strong>determinantes<\/strong>, pode tamb\u00e9m concordar com o determinante:<\/p>\n\n\n\n<p><em><strong>1<\/strong><\/em><em>,8%&nbsp;<\/em><strong><em>correu<\/em><\/strong><em>.<\/em><\/p>\n\n\n\n<p><em><strong>1<\/strong>,8% dos&nbsp;meus <strong><span style=\"text-decoration: underline;\">amigos<\/span><\/strong> <strong>correu\/<span style=\"text-decoration: underline;\">correram<\/span>.<\/strong><\/em><\/p>\n\n\n\n<p><em><strong>5<\/strong><\/em><em>,1%&nbsp;<\/em><strong><em>correram<\/em><\/strong><em>.<\/em><\/p>\n\n\n\n<p><em><strong>5<\/strong>,1% da <strong><span style=\"text-decoration: underline;\">classe<\/span><\/strong> <strong><span style=\"text-decoration: underline;\">correu<\/span>\/correram<\/strong>.<\/em><\/p>\n\n\n\n<p>Entretanto, quando o sujeito for&nbsp;<strong>precedido&nbsp;<\/strong>de um determinante, como&nbsp;<strong>\u201cOs\u201d<\/strong><strong> <\/strong><strong>e<\/strong><strong> \u201cEst<\/strong><strong>a<\/strong><strong>s\u201d<\/strong><strong>, <\/strong>o verbo ir\u00e1&nbsp;<strong>concordar<\/strong>,&nbsp;<strong>obrigatoriamente<\/strong>, com o&nbsp;<strong>determinante<\/strong>.<\/p>\n\n\n\n<p><em><strong>Os<\/strong><\/em><em>&nbsp;5,1% da classe <strong>correu<\/strong>.&nbsp;<\/em><\/p>\n\n\n\n<p>Em rela\u00e7\u00e3o \u00e0s&nbsp;<strong>fra\u00e7\u00f5es<\/strong>, haver\u00e1 a concord\u00e2ncia com o&nbsp;<strong>numerador&nbsp;<\/strong>da fra\u00e7\u00e3o. Entretanto, caso haja&nbsp;<strong>determinante<\/strong>, tamb\u00e9m poder\u00e1 haver a concord\u00e2ncia com ele:<\/p>\n\n\n\n<p><strong><em>Um<\/em><\/strong><em>&nbsp;quinto&nbsp;<\/em><strong><em>correu<\/em><\/strong><em>.<\/em><\/p>\n\n\n\n<p><strong><em>Dois<\/em><\/strong><em>&nbsp;ter\u00e7os&nbsp;<\/em><strong><em>correram<\/em><\/strong><strong><em>.<\/em><\/strong><\/p>\n\n\n\n<p><strong><em>Um<\/em><\/strong><em>&nbsp;quinto dos&nbsp;<\/em><strong><em><span style=\"text-decoration: underline;\">alunos<\/span><\/em><\/strong><em>&nbsp;<\/em><strong><em>correu<\/em><\/strong><em>\/<strong><span style=\"text-decoration: underline;\">correram<\/span><\/strong><\/em><strong><em>.<\/em><\/strong><\/p>\n\n\n\n<h2 class=\"wp-block-heading\" id=\"h-concordancia-verbal-verbo-haver\"><mark style=\"background-color:rgba(0, 0, 0, 0)\" class=\"has-inline-color has-vivid-cyan-blue-color\">Concord\u00e2ncia verbal &#8211; Verbo Haver<\/mark><\/h2>\n\n\n\n<p>O verbo&nbsp;<strong>haver<\/strong>, no&nbsp;<strong>sentido de existir, \u00e9 impessoal,<\/strong>&nbsp;ou seja, n\u00e3o h\u00e1 sujeito. Assim, ele permanecer\u00e1 no&nbsp;<strong>singular<\/strong>.<\/p>\n\n\n\n<p><strong><em>H\u00e1 <\/em><\/strong><em>pessoas&nbsp;na festa.<\/em><\/p>\n\n\n\n<p><strong><em>Havia <\/em><\/strong><em>professores na sala de aula.<\/em><\/p>\n\n\n\n<p><strong><em>Houve&nbsp;<\/em><\/strong><em>muitos&nbsp;tornados&nbsp;nos \u00faltimos anos.<\/em><\/p>\n\n\n\n<h2 class=\"wp-block-heading\" id=\"concordancia-verbal-com-sujeito-oracional\"><mark style=\"background-color:rgba(0, 0, 0, 0)\" class=\"has-inline-color has-vivid-cyan-blue-color\">Concord\u00e2ncia verbal com Sujeito Oracional<\/mark><\/h2>\n\n\n\n<p>H\u00e1 situa\u00e7\u00f5es em que o sujeito do verbo ser\u00e1 formado por uma ora\u00e7\u00e3o. Quando isso acontecer, a concord\u00e2ncia ser\u00e1 realizada no&nbsp;<strong>singular<\/strong>:<\/p>\n\n\n\n<p><em><strong>\u00c9<\/strong>&nbsp;importante&nbsp;<span style=\"text-decoration: underline;\">ir \u00e0 escola<\/span><\/em><strong><em>.<\/em><\/strong><\/p>\n\n\n\n<p>Veja que o sujeito \u00e9 \u201cir \u00e0 escola\u201d. Sendo que, na forma direta, a frase seria:<\/p>\n\n\n\n<p><em><span style=\"text-decoration: underline;\">Ir \u00e0 escola<\/span> <strong>\u00e9<\/strong> importante.<\/em><\/p>\n\n\n\n<h2 class=\"wp-block-heading\" id=\"concordancia-com-locucao-verbal\"><mark style=\"background-color:rgba(0, 0, 0, 0)\" class=\"has-inline-color has-vivid-cyan-blue-color\">Concord\u00e2ncia com Locu\u00e7\u00e3o Verbal<\/mark><\/h2>\n\n\n\n<p>As locu\u00e7\u00f5es verbais s\u00e3o formadas por um&nbsp;<strong>verbo principal <\/strong>e um <strong>verbo auxiliar.<\/strong><\/p>\n\n\n\n<p>Nesse caso, <strong>apenas o verbo auxiliar concorda<\/strong>&nbsp;com o sujeito, enquanto que o&nbsp;<strong>verbo principal \u00e9 invari\u00e1vel:<\/strong><\/p>\n\n\n\n<p><em><span style=\"text-decoration: underline;\">Eles<\/span><\/em><strong><em>&nbsp;podem ir <\/em><\/strong><em>ao supermercado<\/em><strong><em>.<\/em><\/strong><\/p>\n\n\n\n<p>Veja que o verbo \u201cpoder\u201d \u00e9 o auxiliar, concordando com o sujeito. Enquanto que o verbo \u201cser\u201d \u00e9 o principal, invari\u00e1vel.<\/p>\n\n\n\n<p>Contudo, quando houver a presen\u00e7a do&nbsp;<strong>verbo impessoal \u201chaver\u201d<\/strong>, temos que ficar atentos.<\/p>\n\n\n\n<p>Quando o verbo&nbsp;<strong>\u201chaver\u201d<\/strong>&nbsp;possuir o sentido de existir, ele se torna <strong>impessoal<\/strong>, ou seja, \u00e9 invari\u00e1vel, sendo que, caso ele seja o verbo&nbsp;<strong>principal<\/strong>, ele ir\u00e1&nbsp;<strong>\u201cinfectar\u201d o verbo auxiliar,<\/strong>&nbsp;fazendo com que ele tamb\u00e9m fique&nbsp;<strong>invari\u00e1vel<\/strong>:<\/p>\n\n\n\n<p><strong><em>Pode haver<\/em><\/strong><em>&nbsp;v\u00e1rios carros na garagem do condom\u00ednio.<\/em><\/p>\n\n\n\n<p>Entretanto, quando o verbo<strong>&nbsp;\u201chaver\u201d<\/strong>&nbsp;for o<strong>&nbsp;verbo auxiliar,<\/strong>&nbsp;ele ir\u00e1&nbsp;<strong>variar&nbsp;<\/strong>normalmente, enquanto o principal ficar\u00e1 invari\u00e1vel:<\/p>\n\n\n\n<p><em>N\u00e3o&nbsp;<\/em><strong><em>haveriam<\/em><\/strong><em>&nbsp;<\/em><strong><em>de faltar<\/em><\/strong><em>&nbsp;mantimentos para os volunt\u00e1rios.<\/em><\/p>\n\n\n\n<h2 class=\"wp-block-heading\" id=\"finalizando\"><mark style=\"background-color:rgba(0, 0, 0, 0)\" class=\"has-inline-color has-vivid-cyan-blue-color\">Finalizando<\/mark><\/h2>\n\n\n\n<p>Pessoal! Este foi o nosso artigo sobre concord\u00e2ncia verbal. Esperamos que tenham gostado.<\/p>\n\n\n\n<p>Este t\u00f3pico \u00e9 bastante comum em concursos p\u00fablicos. Caso queira se preparar para chegar&nbsp;<strong>competitivo&nbsp;<\/strong>em qualquer prova, invista nos&nbsp;<a href=\"https:\/\/www.estrategiaconcursos.com.br\/cursos\/concurso\/\" target=\"_blank\" rel=\"noreferrer noopener\"><strong>cursos do&nbsp;Estrat\u00e9gia Concursos<\/strong><\/a>.&nbsp;<\/p>\n\n\n\n<p>L\u00e1 voc\u00ea encontrar\u00e1&nbsp;<strong>aulas completas e detalhadas, com os melhores professores do mercado<\/strong>.<\/p>\n\n\n\n<p>Conhe\u00e7a tamb\u00e9m o&nbsp;<a href=\"https:\/\/questoes.estrategiaconcursos.com.br\/\" target=\"_blank\" rel=\"noreferrer noopener\">Sistema de Quest\u00f5es do Estrat\u00e9gia<\/a>. Afinal, a \u00fanica maneira de&nbsp;<strong>consolidar o conte\u00fado&nbsp;<\/strong>de maneira satisfat\u00f3ria \u00e9 atrav\u00e9s da&nbsp;<strong>resolu\u00e7\u00e3o de quest\u00f5es.<\/strong><\/p>\n\n\n\n<h2 class=\"has-text-align-center wp-block-heading\" id=\"h-cursos-e-assinaturas\">Cursos e Assinaturas <\/h2>\n\n\n\n<p>Prepare-se com o melhor material e com quem mais aprova em Concursos P\u00fablicos em todo o pa\u00eds!<\/p>\n\n\n\n<p class=\"has-text-align-center has-white-color has-vivid-purple-background-color has-text-color has-background\"><a href=\"https:\/\/www.estrategiaconcursos.com.br\/blog\/concursos-abertos\/\" target=\"_blank\" rel=\"noreferrer noopener\"><strong><span class=\"has-inline-color has-white-color\">Concursos abertos<\/span><\/strong><\/a><\/p>\n\n\n\n<p class=\"has-text-align-center has-white-color has-vivid-purple-background-color has-text-color has-background\"><strong><a href=\"https:\/\/www.estrategiaconcursos.com.br\/blog\/concursos-2022\/\" target=\"_blank\" rel=\"noreferrer noopener\"><span class=\"has-inline-color has-white-color\">Concursos 2022<\/span><\/a><\/strong><\/p>\n\n\n\n<div class=\"container\" id=\"boxes\">\n  <div class=\"row\">\n    <div class=\"col-sm\">\n      <div class=\"estrategia\" id=\"box-assinatura\">\n        <h3 class=\"titulo-assinatura\">Assinatura de Concursos<\/h3>\n        <p class=\"subtitulo-assinatura\">Assinatura de 1 ano ou 2 anos<\/p>\n        <div class=\"box-botao\">\n          <a class=\"btn-assinatura\" target=\"_blank\" href=\"https:\/\/www.estrategiaconcursos.com.br\/assinaturas\/\" role=\"button\" rel=\"noopener noreferrer\">ASSINE AGORA<\/a>\n        <\/div>\n      <\/div>\n      \n    <\/div><\/div><\/div>\n","protected":false},"excerpt":{"rendered":"<p>Vamos aprender neste artigo o que \u00e9 concord\u00e2ncia verbal, bem como as suas principais ocorr\u00eancias. O que \u00e9 concord\u00e2ncia verbal? A concord\u00e2ncia verbal est\u00e1 relacionada ao comportamento do&nbsp;verbo&nbsp;diante de diferentes tipos de sujeitos. Exemplos: Eu andei de bicicleta. N\u00f3s fomos ao gin\u00e1sio. Vamos analisar, a partir de agora, as diferentes situa\u00e7\u00f5es de concord\u00e2ncia verbal. Concord\u00e2ncia [&hellip;]<\/p>\n","protected":false},"author":1976,"featured_media":973497,"comment_status":"open","ping_status":"closed","sticky":false,"template":"","format":"standard","meta":{"post_tipo":"article","footnotes":""},"categories":[1],"tags":[],"tax_estado":[219964,219965,219966,219967,219968,219969,219963,219970,219971,219972,219973,219974,219975,219976,219977,219978,219979,219980,219981,219982,219983,219984,219985,219986,219987,219988,219989,219990],"class_list":["post-973494","post","type-post","status-publish","format-standard","has-post-thumbnail","hentry","category-cursos-e-concursos","tax_estado-ac","tax_estado-al","tax_estado-am","tax_estado-ap","tax_estado-ba","tax_estado-ce","tax_estado-concursos-federais","tax_estado-df","tax_estado-es","tax_estado-go","tax_estado-ma","tax_estado-mg","tax_estado-ms","tax_estado-mt","tax_estado-pa","tax_estado-pb","tax_estado-pe","tax_estado-pi","tax_estado-pr","tax_estado-rj","tax_estado-rn","tax_estado-ro","tax_estado-rr","tax_estado-rs","tax_estado-sc","tax_estado-se","tax_estado-sp","tax_estado-to"],"acf":[],"yoast_head":"<!-- This site is optimized with the Yoast SEO Premium plugin v27.2 (Yoast SEO v27.2) - https:\/\/yoast.com\/product\/yoast-seo-premium-wordpress\/ -->\n<title>O que \u00e9 concord\u00e2ncia verbal?<\/title>\n<meta name=\"description\" content=\"Vamos aprender neste artigo o que \u00e9 concord\u00e2ncia verbal, bem como as suas principais varia\u00e7\u00f5es, al\u00e9m de conferir alguns exemplos.\" \/>\n<meta name=\"robots\" content=\"index, follow, max-snippet:-1, max-image-preview:large, max-video-preview:-1\" \/>\n<link rel=\"canonical\" href=\"https:\/\/www.estrategiaconcursos.com.br\/blog\/concordancia-verbal\/\" \/>\n<meta property=\"og:locale\" content=\"pt_BR\" \/>\n<meta property=\"og:type\" content=\"article\" \/>\n<meta property=\"og:title\" content=\"O que \u00e9 concord\u00e2ncia verbal?\" \/>\n<meta property=\"og:description\" content=\"Vamos aprender neste artigo o que \u00e9 concord\u00e2ncia verbal, bem como as suas principais varia\u00e7\u00f5es, al\u00e9m de conferir alguns exemplos.\" \/>\n<meta property=\"og:url\" content=\"https:\/\/www.estrategiaconcursos.com.br\/blog\/concordancia-verbal\/\" \/>\n<meta property=\"og:site_name\" content=\"Estrat\u00e9gia Concursos\" \/>\n<meta property=\"article:published_time\" content=\"2022-03-05T18:16:00+00:00\" \/>\n<meta property=\"og:image\" content=\"https:\/\/dhg1h5j42swfq.cloudfront.net\/2022\/02\/20232537\/image-386.png\" \/>\n\t<meta property=\"og:image:width\" content=\"400\" \/>\n\t<meta property=\"og:image:height\" content=\"284\" \/>\n\t<meta property=\"og:image:type\" content=\"image\/png\" \/>\n<meta name=\"author\" content=\"Kassio Henrique Sobral Rocha\" \/>\n<meta name=\"twitter:card\" content=\"summary_large_image\" \/>\n<meta name=\"twitter:creator\" content=\"@EstratConcursos\" \/>\n<meta name=\"twitter:site\" content=\"@EstratConcursos\" \/>\n<meta name=\"twitter:label1\" content=\"Escrito por\" \/>\n\t<meta name=\"twitter:data1\" content=\"Kassio Henrique Sobral Rocha\" \/>\n\t<meta name=\"twitter:label2\" content=\"Est. tempo de leitura\" \/>\n\t<meta name=\"twitter:data2\" content=\"6 minutos\" \/>\n<script type=\"application\/ld+json\" class=\"yoast-schema-graph\">{\"@context\":\"https:\/\/schema.org\",\"@graph\":[{\"@type\":\"NewsArticle\",\"@id\":\"https:\/\/www.estrategiaconcursos.com.br\/blog\/concordancia-verbal\/#article\",\"isPartOf\":{\"@id\":\"https:\/\/www.estrategiaconcursos.com.br\/blog\/concordancia-verbal\/\"},\"author\":{\"name\":\"Kassio Henrique Sobral Rocha\",\"@id\":\"https:\/\/www.estrategiaconcursos.com.br\/blog\/#\/schema\/person\/f0c830e07cfe11c231c0ea5dbb036df5\"},\"headline\":\"O que \u00e9 concord\u00e2ncia verbal?\",\"datePublished\":\"2022-03-05T18:16:00+00:00\",\"mainEntityOfPage\":{\"@id\":\"https:\/\/www.estrategiaconcursos.com.br\/blog\/concordancia-verbal\/\"},\"wordCount\":1105,\"commentCount\":0,\"publisher\":{\"@id\":\"https:\/\/www.estrategiaconcursos.com.br\/blog\/#organization\"},\"image\":{\"@id\":\"https:\/\/www.estrategiaconcursos.com.br\/blog\/concordancia-verbal\/#primaryimage\"},\"thumbnailUrl\":\"https:\/\/dhg1h5j42swfq.cloudfront.net\/2022\/02\/20232537\/image-386.png\",\"articleSection\":[\"Concursos P\u00fablicos\"],\"inLanguage\":\"pt-BR\",\"potentialAction\":[{\"@type\":\"CommentAction\",\"name\":\"Comment\",\"target\":[\"https:\/\/www.estrategiaconcursos.com.br\/blog\/concordancia-verbal\/#respond\"]}],\"copyrightYear\":\"2022\",\"copyrightHolder\":{\"@id\":\"https:\/\/www.estrategiaconcursos.com.br\/blog\/#organization\"}},{\"@type\":\"WebPage\",\"@id\":\"https:\/\/www.estrategiaconcursos.com.br\/blog\/concordancia-verbal\/\",\"url\":\"https:\/\/www.estrategiaconcursos.com.br\/blog\/concordancia-verbal\/\",\"name\":\"O que \u00e9 concord\u00e2ncia verbal?\",\"isPartOf\":{\"@id\":\"https:\/\/www.estrategiaconcursos.com.br\/blog\/#website\"},\"primaryImageOfPage\":{\"@id\":\"https:\/\/www.estrategiaconcursos.com.br\/blog\/concordancia-verbal\/#primaryimage\"},\"image\":{\"@id\":\"https:\/\/www.estrategiaconcursos.com.br\/blog\/concordancia-verbal\/#primaryimage\"},\"thumbnailUrl\":\"https:\/\/dhg1h5j42swfq.cloudfront.net\/2022\/02\/20232537\/image-386.png\",\"datePublished\":\"2022-03-05T18:16:00+00:00\",\"description\":\"Vamos aprender neste artigo o que \u00e9 concord\u00e2ncia verbal, bem como as suas principais varia\u00e7\u00f5es, al\u00e9m de conferir alguns exemplos.\",\"breadcrumb\":{\"@id\":\"https:\/\/www.estrategiaconcursos.com.br\/blog\/concordancia-verbal\/#breadcrumb\"},\"inLanguage\":\"pt-BR\",\"potentialAction\":[{\"@type\":\"ReadAction\",\"target\":[\"https:\/\/www.estrategiaconcursos.com.br\/blog\/concordancia-verbal\/\"]}]},{\"@type\":\"ImageObject\",\"inLanguage\":\"pt-BR\",\"@id\":\"https:\/\/www.estrategiaconcursos.com.br\/blog\/concordancia-verbal\/#primaryimage\",\"url\":\"https:\/\/dhg1h5j42swfq.cloudfront.net\/2022\/02\/20232537\/image-386.png\",\"contentUrl\":\"https:\/\/dhg1h5j42swfq.cloudfront.net\/2022\/02\/20232537\/image-386.png\",\"width\":400,\"height\":284,\"caption\":\"Concord\u00e2ncia verbal\"},{\"@type\":\"BreadcrumbList\",\"@id\":\"https:\/\/www.estrategiaconcursos.com.br\/blog\/concordancia-verbal\/#breadcrumb\",\"itemListElement\":[{\"@type\":\"ListItem\",\"position\":1,\"name\":\"In\u00edcio\",\"item\":\"https:\/\/www.estrategiaconcursos.com.br\/blog\/\"},{\"@type\":\"ListItem\",\"position\":2,\"name\":\"O que \u00e9 concord\u00e2ncia verbal?\"}]},{\"@type\":\"WebSite\",\"@id\":\"https:\/\/www.estrategiaconcursos.com.br\/blog\/#website\",\"url\":\"https:\/\/www.estrategiaconcursos.com.br\/blog\/\",\"name\":\"Estrat\u00e9gia Concursos\",\"description\":\"O blog da Estrat\u00e9gia Concursos traz not\u00edcias sobre concursos e artigos de professores oferecendo cursos para concursos (pdf + videaulas) no site.\",\"publisher\":{\"@id\":\"https:\/\/www.estrategiaconcursos.com.br\/blog\/#organization\"},\"potentialAction\":[{\"@type\":\"SearchAction\",\"target\":{\"@type\":\"EntryPoint\",\"urlTemplate\":\"https:\/\/www.estrategiaconcursos.com.br\/blog\/?s={search_term_string}\"},\"query-input\":{\"@type\":\"PropertyValueSpecification\",\"valueRequired\":true,\"valueName\":\"search_term_string\"}}],\"inLanguage\":\"pt-BR\"},{\"@type\":\"Organization\",\"@id\":\"https:\/\/www.estrategiaconcursos.com.br\/blog\/#organization\",\"name\":\"Estrat\u00e9gia Concursos\",\"url\":\"https:\/\/www.estrategiaconcursos.com.br\/blog\/\",\"logo\":{\"@type\":\"ImageObject\",\"inLanguage\":\"pt-BR\",\"@id\":\"https:\/\/www.estrategiaconcursos.com.br\/blog\/#\/schema\/logo\/image\/\",\"url\":\"https:\/\/dhg1h5j42swfq.cloudfront.net\/2025\/06\/03203428\/logo_concursos-1.jpg\",\"contentUrl\":\"https:\/\/dhg1h5j42swfq.cloudfront.net\/2025\/06\/03203428\/logo_concursos-1.jpg\",\"width\":230,\"height\":60,\"caption\":\"Estrat\u00e9gia Concursos\"},\"image\":{\"@id\":\"https:\/\/www.estrategiaconcursos.com.br\/blog\/#\/schema\/logo\/image\/\"},\"sameAs\":[\"https:\/\/x.com\/EstratConcursos\"]},{\"@type\":\"Person\",\"@id\":\"https:\/\/www.estrategiaconcursos.com.br\/blog\/#\/schema\/person\/f0c830e07cfe11c231c0ea5dbb036df5\",\"name\":\"Kassio Henrique Sobral Rocha\",\"image\":{\"@type\":\"ImageObject\",\"inLanguage\":\"pt-BR\",\"@id\":\"https:\/\/secure.gravatar.com\/avatar\/d10350cbdad043facd8ec77a377f86f9026afee3348e463b04854fd4490ce759?s=96&d=mm&r=g\",\"url\":\"https:\/\/secure.gravatar.com\/avatar\/d10350cbdad043facd8ec77a377f86f9026afee3348e463b04854fd4490ce759?s=96&d=mm&r=g\",\"contentUrl\":\"https:\/\/secure.gravatar.com\/avatar\/d10350cbdad043facd8ec77a377f86f9026afee3348e463b04854fd4490ce759?s=96&d=mm&r=g\",\"caption\":\"Kassio Henrique Sobral Rocha\"},\"url\":\"https:\/\/www.estrategiaconcursos.com.br\/blog\/author\/kassio-rochayahoo-com-br\/\"}]}<\/script>\n<!-- \/ Yoast SEO Premium plugin. -->","yoast_head_json":{"title":"O que \u00e9 concord\u00e2ncia verbal?","description":"Vamos aprender neste artigo o que \u00e9 concord\u00e2ncia verbal, bem como as suas principais varia\u00e7\u00f5es, al\u00e9m de conferir alguns exemplos.","robots":{"index":"index","follow":"follow","max-snippet":"max-snippet:-1","max-image-preview":"max-image-preview:large","max-video-preview":"max-video-preview:-1"},"canonical":"https:\/\/www.estrategiaconcursos.com.br\/blog\/concordancia-verbal\/","og_locale":"pt_BR","og_type":"article","og_title":"O que \u00e9 concord\u00e2ncia verbal?","og_description":"Vamos aprender neste artigo o que \u00e9 concord\u00e2ncia verbal, bem como as suas principais varia\u00e7\u00f5es, al\u00e9m de conferir alguns exemplos.","og_url":"https:\/\/www.estrategiaconcursos.com.br\/blog\/concordancia-verbal\/","og_site_name":"Estrat\u00e9gia Concursos","article_published_time":"2022-03-05T18:16:00+00:00","og_image":[{"width":400,"height":284,"url":"https:\/\/dhg1h5j42swfq.cloudfront.net\/2022\/02\/20232537\/image-386.png","type":"image\/png"}],"author":"Kassio Henrique Sobral Rocha","twitter_card":"summary_large_image","twitter_creator":"@EstratConcursos","twitter_site":"@EstratConcursos","twitter_misc":{"Escrito por":"Kassio Henrique Sobral Rocha","Est. tempo de leitura":"6 minutos"},"schema":{"@context":"https:\/\/schema.org","@graph":[{"@type":"NewsArticle","@id":"https:\/\/www.estrategiaconcursos.com.br\/blog\/concordancia-verbal\/#article","isPartOf":{"@id":"https:\/\/www.estrategiaconcursos.com.br\/blog\/concordancia-verbal\/"},"author":{"name":"Kassio Henrique Sobral Rocha","@id":"https:\/\/www.estrategiaconcursos.com.br\/blog\/#\/schema\/person\/f0c830e07cfe11c231c0ea5dbb036df5"},"headline":"O que \u00e9 concord\u00e2ncia verbal?","datePublished":"2022-03-05T18:16:00+00:00","mainEntityOfPage":{"@id":"https:\/\/www.estrategiaconcursos.com.br\/blog\/concordancia-verbal\/"},"wordCount":1105,"commentCount":0,"publisher":{"@id":"https:\/\/www.estrategiaconcursos.com.br\/blog\/#organization"},"image":{"@id":"https:\/\/www.estrategiaconcursos.com.br\/blog\/concordancia-verbal\/#primaryimage"},"thumbnailUrl":"https:\/\/dhg1h5j42swfq.cloudfront.net\/2022\/02\/20232537\/image-386.png","articleSection":["Concursos P\u00fablicos"],"inLanguage":"pt-BR","potentialAction":[{"@type":"CommentAction","name":"Comment","target":["https:\/\/www.estrategiaconcursos.com.br\/blog\/concordancia-verbal\/#respond"]}],"copyrightYear":"2022","copyrightHolder":{"@id":"https:\/\/www.estrategiaconcursos.com.br\/blog\/#organization"}},{"@type":"WebPage","@id":"https:\/\/www.estrategiaconcursos.com.br\/blog\/concordancia-verbal\/","url":"https:\/\/www.estrategiaconcursos.com.br\/blog\/concordancia-verbal\/","name":"O que \u00e9 concord\u00e2ncia verbal?","isPartOf":{"@id":"https:\/\/www.estrategiaconcursos.com.br\/blog\/#website"},"primaryImageOfPage":{"@id":"https:\/\/www.estrategiaconcursos.com.br\/blog\/concordancia-verbal\/#primaryimage"},"image":{"@id":"https:\/\/www.estrategiaconcursos.com.br\/blog\/concordancia-verbal\/#primaryimage"},"thumbnailUrl":"https:\/\/dhg1h5j42swfq.cloudfront.net\/2022\/02\/20232537\/image-386.png","datePublished":"2022-03-05T18:16:00+00:00","description":"Vamos aprender neste artigo o que \u00e9 concord\u00e2ncia verbal, bem como as suas principais varia\u00e7\u00f5es, al\u00e9m de conferir alguns exemplos.","breadcrumb":{"@id":"https:\/\/www.estrategiaconcursos.com.br\/blog\/concordancia-verbal\/#breadcrumb"},"inLanguage":"pt-BR","potentialAction":[{"@type":"ReadAction","target":["https:\/\/www.estrategiaconcursos.com.br\/blog\/concordancia-verbal\/"]}]},{"@type":"ImageObject","inLanguage":"pt-BR","@id":"https:\/\/www.estrategiaconcursos.com.br\/blog\/concordancia-verbal\/#primaryimage","url":"https:\/\/dhg1h5j42swfq.cloudfront.net\/2022\/02\/20232537\/image-386.png","contentUrl":"https:\/\/dhg1h5j42swfq.cloudfront.net\/2022\/02\/20232537\/image-386.png","width":400,"height":284,"caption":"Concord\u00e2ncia verbal"},{"@type":"BreadcrumbList","@id":"https:\/\/www.estrategiaconcursos.com.br\/blog\/concordancia-verbal\/#breadcrumb","itemListElement":[{"@type":"ListItem","position":1,"name":"In\u00edcio","item":"https:\/\/www.estrategiaconcursos.com.br\/blog\/"},{"@type":"ListItem","position":2,"name":"O que \u00e9 concord\u00e2ncia verbal?"}]},{"@type":"WebSite","@id":"https:\/\/www.estrategiaconcursos.com.br\/blog\/#website","url":"https:\/\/www.estrategiaconcursos.com.br\/blog\/","name":"Estrat\u00e9gia Concursos","description":"O blog da Estrat\u00e9gia Concursos traz not\u00edcias sobre concursos e artigos de professores oferecendo cursos para concursos (pdf + videaulas) no site.","publisher":{"@id":"https:\/\/www.estrategiaconcursos.com.br\/blog\/#organization"},"potentialAction":[{"@type":"SearchAction","target":{"@type":"EntryPoint","urlTemplate":"https:\/\/www.estrategiaconcursos.com.br\/blog\/?s={search_term_string}"},"query-input":{"@type":"PropertyValueSpecification","valueRequired":true,"valueName":"search_term_string"}}],"inLanguage":"pt-BR"},{"@type":"Organization","@id":"https:\/\/www.estrategiaconcursos.com.br\/blog\/#organization","name":"Estrat\u00e9gia Concursos","url":"https:\/\/www.estrategiaconcursos.com.br\/blog\/","logo":{"@type":"ImageObject","inLanguage":"pt-BR","@id":"https:\/\/www.estrategiaconcursos.com.br\/blog\/#\/schema\/logo\/image\/","url":"https:\/\/dhg1h5j42swfq.cloudfront.net\/2025\/06\/03203428\/logo_concursos-1.jpg","contentUrl":"https:\/\/dhg1h5j42swfq.cloudfront.net\/2025\/06\/03203428\/logo_concursos-1.jpg","width":230,"height":60,"caption":"Estrat\u00e9gia Concursos"},"image":{"@id":"https:\/\/www.estrategiaconcursos.com.br\/blog\/#\/schema\/logo\/image\/"},"sameAs":["https:\/\/x.com\/EstratConcursos"]},{"@type":"Person","@id":"https:\/\/www.estrategiaconcursos.com.br\/blog\/#\/schema\/person\/f0c830e07cfe11c231c0ea5dbb036df5","name":"Kassio Henrique Sobral Rocha","image":{"@type":"ImageObject","inLanguage":"pt-BR","@id":"https:\/\/secure.gravatar.com\/avatar\/d10350cbdad043facd8ec77a377f86f9026afee3348e463b04854fd4490ce759?s=96&d=mm&r=g","url":"https:\/\/secure.gravatar.com\/avatar\/d10350cbdad043facd8ec77a377f86f9026afee3348e463b04854fd4490ce759?s=96&d=mm&r=g","contentUrl":"https:\/\/secure.gravatar.com\/avatar\/d10350cbdad043facd8ec77a377f86f9026afee3348e463b04854fd4490ce759?s=96&d=mm&r=g","caption":"Kassio Henrique Sobral Rocha"},"url":"https:\/\/www.estrategiaconcursos.com.br\/blog\/author\/kassio-rochayahoo-com-br\/"}]}},"_links":{"self":[{"href":"https:\/\/www.estrategiaconcursos.com.br\/blog\/wp-json\/wp\/v2\/posts\/973494","targetHints":{"allow":["GET"]}}],"collection":[{"href":"https:\/\/www.estrategiaconcursos.com.br\/blog\/wp-json\/wp\/v2\/posts"}],"about":[{"href":"https:\/\/www.estrategiaconcursos.com.br\/blog\/wp-json\/wp\/v2\/types\/post"}],"author":[{"embeddable":true,"href":"https:\/\/www.estrategiaconcursos.com.br\/blog\/wp-json\/wp\/v2\/users\/1976"}],"replies":[{"embeddable":true,"href":"https:\/\/www.estrategiaconcursos.com.br\/blog\/wp-json\/wp\/v2\/comments?post=973494"}],"version-history":[{"count":26,"href":"https:\/\/www.estrategiaconcursos.com.br\/blog\/wp-json\/wp\/v2\/posts\/973494\/revisions"}],"predecessor-version":[{"id":975244,"href":"https:\/\/www.estrategiaconcursos.com.br\/blog\/wp-json\/wp\/v2\/posts\/973494\/revisions\/975244"}],"wp:featuredmedia":[{"embeddable":true,"href":"https:\/\/www.estrategiaconcursos.com.br\/blog\/wp-json\/wp\/v2\/media\/973497"}],"wp:attachment":[{"href":"https:\/\/www.estrategiaconcursos.com.br\/blog\/wp-json\/wp\/v2\/media?parent=973494"}],"wp:term":[{"taxonomy":"category","embeddable":true,"href":"https:\/\/www.estrategiaconcursos.com.br\/blog\/wp-json\/wp\/v2\/categories?post=973494"},{"taxonomy":"post_tag","embeddable":true,"href":"https:\/\/www.estrategiaconcursos.com.br\/blog\/wp-json\/wp\/v2\/tags?post=973494"},{"taxonomy":"tax_estado","embeddable":true,"href":"https:\/\/www.estrategiaconcursos.com.br\/blog\/wp-json\/wp\/v2\/tax_estado?post=973494"}],"curies":[{"name":"wp","href":"https:\/\/api.w.org\/{rel}","templated":true}]}}