{"id":973121,"date":"2022-03-18T08:34:00","date_gmt":"2022-03-18T11:34:00","guid":{"rendered":"https:\/\/www.estrategiaconcursos.com.br\/blog\/?p=973121"},"modified":"2022-03-14T14:44:52","modified_gmt":"2022-03-14T17:44:52","slug":"resumo-paf-sefaz-se-p2","status":"publish","type":"post","link":"https:\/\/www.estrategiaconcursos.com.br\/blog\/resumo-paf-sefaz-se-p2\/","title":{"rendered":"Resumo PAF SEFAZ-SE &#8211; Lei 7.651\/13 &#8211; Parte II"},"content":{"rendered":"\n<p>Ol\u00e1, Pessoal! Vamos continuar nosso <mark style=\"background-color:rgba(0, 0, 0, 0)\" class=\"has-inline-color has-black-color\">resumo<\/mark> da <a href=\"https:\/\/al.se.leg.br\/Legislacao\/Ordinaria\/2013\/O76512013.pdf\" target=\"_blank\" rel=\"noreferrer noopener\">Lei Estadual 7.651\/13<\/a>, que regula o Processo Administrativo Fiscal, PAF, para o cargo de <strong>Auditor T\u00e9cnico de Tributos da SEFAZ-SE.<\/strong><\/p>\n\n\n\n<div class=\"wp-block-image\"><figure class=\"aligncenter size-full is-resized\"><img loading=\"lazy\" decoding=\"async\" src=\"https:\/\/dhg1h5j42swfq.cloudfront.net\/2021\/11\/10115112\/sefaz.jpg\" alt=\"Resumo PAF SEFAZ-SE\" class=\"wp-image-905414\" width=\"576\" height=\"324\" srcset=\"https:\/\/dhg1h5j42swfq.cloudfront.net\/2021\/11\/10115112\/sefaz.jpg 768w, https:\/\/dhg1h5j42swfq.cloudfront.net\/2021\/11\/10115112\/sefaz-300x169.jpg 300w, https:\/\/dhg1h5j42swfq.cloudfront.net\/2021\/11\/10115112\/sefaz-610x343.jpg 610w\" sizes=\"auto, (max-width: 576px) 100vw, 576px\" \/><figcaption>Resumo PAF SEFAZ-SE<\/figcaption><\/figure><\/div>\n\n\n\n<p>Relembrando a organiza\u00e7\u00e3o do nosso resumo do PAF para SEFAZ-SE, ela ser\u00e1 feita em duas partes, organizadas como segue:<\/p>\n\n\n\n<ul class=\"wp-block-list\"><li><strong><mark style=\"background-color:rgba(0, 0, 0, 0)\" class=\"has-inline-color has-vivid-cyan-blue-color\">Parte I<\/mark><\/strong><ul><li>Princ\u00edpios do PAF<\/li><li>Auto de Infra\u00e7\u00e3o<\/li><li>Partes, Forma, Lugar e Termos Processuais<\/li><li>Cita\u00e7\u00e3o, Intima\u00e7\u00e3o e Prazos<\/li><li>Provas e Nulidades<\/li><li>Compet\u00eancia e Impedimentos<\/li><li>Defesa e Sustenta\u00e7\u00e3o<\/li><\/ul><\/li><li><strong><mark style=\"background-color:rgba(0, 0, 0, 0)\" class=\"has-inline-color has-vivid-cyan-blue-color\">Parte II<\/mark><\/strong><ul><li>Disposi\u00e7\u00f5es Gerais sobre Julgamento<\/li><li>Julgamento em Primeira Inst\u00e2ncia<\/li><li>Recursos em Primeira Inst\u00e2ncia<\/li><li>Organiza\u00e7\u00e3o do CONTRIB\/SE<\/li><\/ul><ul><li>Recursos em Segunda Inst\u00e2ncia<\/li><\/ul><ul><li>S\u00famulas<\/li><li>Consulta<\/li><\/ul><\/li><\/ul>\n\n\n\n<p>Sem mais delongas, vamos ao que interessa!<\/p>\n\n\n\n<h2 class=\"wp-block-heading\" id=\"h-disposicoes-gerais-sobre-julgamento-no-processo-administrativo-fiscal-do-estado-de-sergipe\">Disposi\u00e7\u00f5es Gerais sobre Julgamento no Processo Administrativo Fiscal do Estado de Sergipe<\/h2>\n\n\n\n<p>Vamos come\u00e7ar a segunda parte do nosso resumo de PAT para SEFAZ-SE com as disposi\u00e7\u00f5es que valem tanto para a primeira quanto para a segunda inst\u00e2ncia.<\/p>\n\n\n\n<p>Primeiramente, o PAF deve ter seu <strong>julgamento conclu\u00eddo em <mark style=\"background-color:rgba(0, 0, 0, 0)\" class=\"has-inline-color has-vivid-red-color\">180 dias<\/mark><\/strong>, podendo excepcionalmente ser prorrogado por igual prazo. Al\u00e9m disso, <strong><mark style=\"background-color:rgba(0, 0, 0, 0)\" class=\"has-inline-color has-vivid-cyan-blue-color\">perder\u00e3o o mandato<\/mark><\/strong> os julgadores que cometerem <strong><mark style=\"background-color:rgba(0, 0, 0, 0)\" class=\"has-inline-color has-vivid-cyan-blue-color\">crimes contra a administra\u00e7\u00e3o p\u00fablica<\/mark><\/strong> ou por <strong><mark style=\"background-color:rgba(0, 0, 0, 0)\" class=\"has-inline-color has-vivid-cyan-blue-color\">des\u00eddia<\/mark><\/strong>, caracterizada pela inobserv\u00e2ncia de prazos e falta \u00e0s sess\u00f5es.<\/p>\n\n\n\n<p>Em seguida, grave duas particularidades do Processo Administrativo Fiscal do Estado de Sergipe: o que comumente chamamos de devedor remisso, <strong>aquele que n\u00e3o apresenta defesa tempestivamente<\/strong>, ser\u00e1 chamado de <strong>&#8220;convicto da infra\u00e7\u00e3o&#8221;<\/strong> e o <strong><mark style=\"background-color:rgba(0, 0, 0, 0)\" class=\"has-inline-color has-vivid-red-color\">recurso apresentado intempestivamente n\u00e3o tem efeito.<\/mark><\/strong><\/p>\n\n\n\n<p>Por fim, saiba que <strong><mark style=\"background-color:rgba(0, 0, 0, 0)\" class=\"has-inline-color has-vivid-cyan-blue-color\">o PAF se inicia com a apresenta\u00e7\u00e3o da defesa<\/mark><\/strong>, em face de auto de infra\u00e7\u00e3o lavrado por servidor do Fisco Estadual.<\/p>\n\n\n\n<h2 class=\"wp-block-heading\" id=\"h-julgamento-em-primeira-instancia-no-processo-administrativo-fiscal-do-estado-de-sergipe\">Julgamento em Primeira Inst\u00e2ncia no Processo Administrativo Fiscal do Estado de Sergipe<\/h2>\n\n\n\n<p>Sobre o Julgador de Primeira Inst\u00e2ncia, o artigo 48 fornece um bom resumo dos principais t\u00f3picos:<\/p>\n\n\n\n<blockquote class=\"wp-block-quote is-layout-flow wp-block-quote-is-layout-flow\"><p><strong>Art. 48. <\/strong>O julgamento do PAF em primeira inst\u00e2ncia \u00e9 de compet\u00eancia privativa do servidor do Fisco Estadual, de <strong><mark style=\"background-color:rgba(0, 0, 0, 0)\" class=\"has-inline-color has-vivid-cyan-blue-color\">reputa\u00e7\u00e3o ilibada, conhecedor da legisla\u00e7\u00e3o tribut\u00e1ria estadual, com forma\u00e7\u00e3o em n\u00edvel superior, preferencialmente bacharel em Direito<\/mark><\/strong>, designados por ato do Secret\u00e1rio de Estado da Fazenda.<br \/>\u00a71 A Comiss\u00e3o de Julgamento de Primeira Inst\u00e2ncia ter\u00e1 seus membros nomeados por um prazo de <strong><mark style=\"background-color:rgba(0, 0, 0, 0)\" class=\"has-inline-color has-vivid-cyan-blue-color\">03 (tr\u00eas) anos, prorrog\u00e1vel por igual per\u00edodo<\/mark><\/strong>, obedecido o disposto nos \u00a7\u00a7 2o e 3o deste artigo.<br \/>\u00a72 Ap\u00f3s o prazo de que trata o \u00a7 1o deste artigo, poder\u00e3o ser mantidos 1\/3 (um ter\u00e7o) dos componentes, obedecendo a ordem dos seguintes crit\u00e9rios:<br \/>I \u2013 o n\u00famero de processos julgados no \u00faltimo exerc\u00edcio;<br \/>II \u2013 a forma\u00e7\u00e3o acad\u00eamica em Direito;<br \/>III \u2013 maior tempo de servi\u00e7o na Fazenda P\u00fablica Estadual.<\/p><\/blockquote>\n\n\n\n<p>No Processo Administrativo Fiscal do Estado de Sergipe, o <strong>&#8220;Termo de Revelia&#8221;<\/strong> utilizado em muitos estados, emitido quando o <strong>Sujeito Passivo n\u00e3o interp\u00f5e recurso nem paga a quantia devida<\/strong>, \u00e9 chamado de <mark style=\"background-color:rgba(0, 0, 0, 0)\" class=\"has-inline-color has-vivid-red-color\"><strong>&#8220;Termo de Preclus\u00e3o&#8221;<\/strong>.<\/mark><\/p>\n\n\n\n<p>Lembre-se que no caso das hip\u00f3teses de <strong><mark style=\"background-color:rgba(0, 0, 0, 0)\" class=\"has-inline-color has-vivid-red-color\">Auto de Infra\u00e7\u00e3o em Modelo Simplificado<\/mark><\/strong> o julgamento ser\u00e1 feito em <mark style=\"background-color:rgba(0, 0, 0, 0)\" class=\"has-inline-color has-vivid-cyan-blue-color\"><strong>primeira e \u00fanica inst\u00e2ncia<\/strong><\/mark>. Ainda assim, caso o AI Simplificado seja julgado procedente e posteriormente seja verificada a improced\u00eancia parcial ou total, poder\u00e1 o AI Simplificado ser levado a <strong><mark style=\"background-color:rgba(0, 0, 0, 0)\" class=\"has-inline-color has-vivid-red-color\">rean\u00e1lise uma \u00fanica vez, desde que ainda n\u00e3o tenha sido proposta a a\u00e7\u00e3o de Execu\u00e7\u00e3o Fiscal.<\/mark><\/strong><\/p>\n\n\n\n<h2 class=\"wp-block-heading\" id=\"recursos-em-primeira-instancia-no-processo-administrativo-fiscal-do-estado-de-sergipe\">Recursos em Primeira Inst\u00e2ncia no Processo Administrativo Fiscal do Estado de Sergipe<\/h2>\n\n\n\n<p><strong><mark style=\"background-color:rgba(0, 0, 0, 0)\" class=\"has-inline-color has-vivid-red-color\">Entramos em uma parte important\u00edssima do nosso resumo de PAF para SEFAZ-SE. Os recursos s\u00e3o sempre o assunto mais explorado quando o assunto \u00e9 PAF<\/mark><\/strong>. Assim, n\u00e3o arrisque chegar na prova sem ter suas hip\u00f3teses de cabimento na ponta da l\u00edngua! Para facilitar, vamos listar os recursos de primeira inst\u00e2ncia, eles s\u00e3o apenas 2 e s\u00e3o feitos ao CONTRIB\/SE:<\/p>\n\n\n\n<ul class=\"wp-block-list\"><li><strong>Reexame Necess\u00e1rio<\/strong><ul><li>Decis\u00e3o contr\u00e1ria \u00e0 Fazenda P\u00fablica, <strong><mark style=\"background-color:rgba(0, 0, 0, 0)\" class=\"has-inline-color has-vivid-red-color\">exceto<\/mark><\/strong>:<ul><li>Import\u00e2ncia menor que <strong><mark style=\"background-color:rgba(0, 0, 0, 0)\" class=\"has-inline-color has-vivid-red-color\">100 UFP\/SE<\/mark><\/strong><\/li><\/ul><\/li><\/ul><\/li><li><strong>Recurso Volunt\u00e1rio<\/strong><ul><li>Decis\u00e3o contr\u00e1ria ao Sujeito Passivo<\/li><\/ul><\/li><\/ul>\n\n\n\n<p>No Processo Administrativo Fiscal do Estado de Sergipe, ao interpor Recurso Volunt\u00e1rio, o Sujeito Passivo <strong><mark style=\"background-color:rgba(0, 0, 0, 0)\" class=\"has-inline-color has-vivid-cyan-blue-color\">pode suscitar quest\u00f5es de fato no recurso<\/mark><\/strong>, desde que n\u00e3o propostas durante o Julgamento de Primeira Inst\u00e2ncia. Por fim, o Recurso Volunt\u00e1rio dever\u00e1 ser apresentado em <strong><mark style=\"background-color:rgba(0, 0, 0, 0)\" class=\"has-inline-color has-vivid-red-color\">15 dias<\/mark><\/strong>.<\/p>\n\n\n\n<h2 class=\"wp-block-heading\" id=\"organizacao-do-contrib-se\">Organiza\u00e7\u00e3o do CONTRIB\/SE<\/h2>\n\n\n\n<p>Primeiramente, saiba que esse assunto \u00e9 de <strong>simples memoriza\u00e7\u00e3o<\/strong> e de import\u00e2ncia m\u00e9dia no nosso resumo de PAF para SEFAZ-SE, assim, pode ser um <strong>diferencial<\/strong> dos demais candidatos caso caia na prova. Vamos tentar esquematizar ao m\u00e1ximo para que voc\u00eas tenham um bom resumo de v\u00e9spera!<\/p>\n\n\n\n<figure class=\"wp-block-image size-large is-resized\"><img loading=\"lazy\" decoding=\"async\" src=\"https:\/\/dhg1h5j42swfq.cloudfront.net\/2022\/02\/21092150\/estrutura-contribse-1024x636.jpeg\" alt=\"Estrutura e Composi\u00e7\u00e3o do CONTRIB\/SE\" class=\"wp-image-973717\" width=\"841\" height=\"522\" srcset=\"https:\/\/dhg1h5j42swfq.cloudfront.net\/2022\/02\/21092150\/estrutura-contribse-1024x636.jpeg 1024w, https:\/\/dhg1h5j42swfq.cloudfront.net\/2022\/02\/21092150\/estrutura-contribse-300x186.jpeg 300w, https:\/\/dhg1h5j42swfq.cloudfront.net\/2022\/02\/21092150\/estrutura-contribse-768x477.jpeg 768w, https:\/\/dhg1h5j42swfq.cloudfront.net\/2022\/02\/21092150\/estrutura-contribse-1536x954.jpeg 1536w, https:\/\/dhg1h5j42swfq.cloudfront.net\/2022\/02\/21092150\/estrutura-contribse-2048x1272.jpeg 2048w, https:\/\/dhg1h5j42swfq.cloudfront.net\/2022\/02\/21092150\/estrutura-contribse-610x379.jpeg 610w\" sizes=\"auto, (max-width: 841px) 100vw, 841px\" \/><figcaption>Estrutura e Composi\u00e7\u00e3o do CONTRIB\/SE<\/figcaption><\/figure>\n\n\n\n<p>Al\u00e9m dessas informa\u00e7\u00f5es no infogr\u00e1fico, saiba as <strong>condi\u00e7\u00f5es para recondu\u00e7\u00e3o<\/strong> ao cargo, dispostas no caput e par\u00e1grafo primeiro do artigo 75:<\/p>\n\n\n\n<blockquote class=\"wp-block-quote is-layout-flow wp-block-quote-is-layout-flow\"><p><strong>Art. 75. <\/strong>O mandato dos membros efetivos e suplentes \u00e9 de at\u00e9 03 (tr\u00eas) anos, sendo permitida uma recondu\u00e7\u00e3o obedecidos os crit\u00e9rios deste artigo.<br \/>\u00a71 Ap\u00f3s o prazo de que trata o \u201ccaput\u201d deste artigo, <strong><mark style=\"background-color:rgba(0, 0, 0, 0)\" class=\"has-inline-color has-vivid-red-color\">poder\u00e3o ser mantidos 1\/3<\/mark><\/strong> (um ter\u00e7o) dos membros, obedecendo a ordem dos seguintes crit\u00e9rios:<br \/>I \u2013 o n\u00famero de processos julgados no \u00faltimo exerc\u00edcio; <br \/>II \u2013 a forma\u00e7\u00e3o acad\u00eamica em Direito;<br \/>III \u2013 maior tempo de servi\u00e7o na Fazenda P\u00fablica Estadual; <br \/>IV \u2013 maior tempo de bacharelado em Direito.<\/p><\/blockquote>\n\n\n\n<p>Ademais, saiba que o <strong>qu\u00f3rum de delibera\u00e7\u00e3o \u00e9 de maioria absoluta, sendo as decis\u00f5es tomadas por maioria simples<\/strong>, assim como funciona para leis ordin\u00e1rias no Congresso Nacional.<\/p>\n\n\n\n<p>Por fim, <strong><mark style=\"background-color:rgba(0, 0, 0, 0)\" class=\"has-inline-color has-vivid-cyan-blue-color\">perde o mandato<\/mark><\/strong> o conselheiro que faltar, sem motivo justificado, a <strong><mark style=\"background-color:rgba(0, 0, 0, 0)\" class=\"has-inline-color has-vivid-red-color\">03 sess\u00f5es consecutivas ou a 06 intercaladas<\/mark><\/strong>, no mesmo mandato.<\/p>\n\n\n\n<h2 class=\"wp-block-heading\" id=\"h-recursos-em-segunda-instancia-no-processo-administrativo-fiscal-do-estado-de-sergipe\">Recursos em Segunda Inst\u00e2ncia no Processo Administrativo Fiscal do Estado de Sergipe<\/h2>\n\n\n\n<p>Mais uma vez, <strong><mark style=\"background-color:rgba(0, 0, 0, 0)\" class=\"has-inline-color has-vivid-red-color\">aten\u00e7\u00e3o redobrada nesse ponto! <\/mark><\/strong>Vejamos o resumo dos recursos em segunda inst\u00e2ncia no PAT para a SEFAZ-SE, feitos ao Pleno do CONTRIB\/SE:<\/p>\n\n\n\n<ul class=\"wp-block-list\"><li><strong>Recurso de Especial<\/strong><ul><li>Sobre decis\u00e3o de C\u00e2mara do CONTRIB\/SE<ul><li><strong>N\u00e3o un\u00e2nime<\/strong><\/li><li><strong>Divergente<\/strong>, a respeito da mesma mat\u00e9ria, inter ou intra c\u00e2maras<\/li><li>Com participa\u00e7\u00e3o de membro <strong>incompetente ou impedido<\/strong><\/li><\/ul><\/li><\/ul><\/li><li><strong>Pedido de Reconsidera\u00e7\u00e3o<\/strong><ul><li>Em qualquer momento do PAF ou durante a Execu\u00e7\u00e3o<ul><li><strong>Prova incontroversa<\/strong> da n\u00e3o proced\u00eancia total ou parcial do cr\u00e9dito ou nulidade do lan\u00e7amento<\/li><\/ul><\/li><\/ul><\/li><\/ul>\n\n\n\n<p>O prazo \u00e9 de <strong><mark style=\"background-color:rgba(0, 0, 0, 0)\" class=\"has-inline-color has-vivid-red-color\">15 dias<\/mark><\/strong> tanto para <strong>interposi\u00e7\u00e3o<\/strong> de <strong><mark style=\"background-color:rgba(0, 0, 0, 0)\" class=\"has-inline-color has-vivid-cyan-blue-color\">Recurso Especial<\/mark><\/strong> quanto para a apresenta\u00e7\u00e3o de <strong>contrarraz\u00f5es<\/strong> em face ao recurso. Quanto ao <strong><mark style=\"background-color:rgba(0, 0, 0, 0)\" class=\"has-inline-color has-vivid-cyan-blue-color\">Pedido de Reconsidera\u00e7\u00e3o<\/mark><\/strong>, ele ser\u00e1 interposto <mark style=\"background-color:rgba(0, 0, 0, 0)\" class=\"has-inline-color has-vivid-cyan-blue-color\"><strong>pela<\/strong> <strong>SUPERGEST<\/strong><\/mark>, a Superintend\u00eancia-Geral de Gest\u00e3o Tribut\u00e1ria e n\u00e3o Tribut\u00e1ria<\/p>\n\n\n\n<p><strong>Ap\u00f3s o tr\u00e2nsito em julgado<\/strong>, cr\u00e9ditos tribut\u00e1rios e n\u00e3o tribut\u00e1rios definitivamente constitu\u00eddos e n\u00e3o pagos tempestivamente ser\u00e3o <strong>inscritos na D\u00edvida Ativa<\/strong> do Estado no prazo de <mark style=\"background-color:rgba(0, 0, 0, 0)\" class=\"has-inline-color has-vivid-red-color\"><strong>60 dias<\/strong><\/mark>, contados a partir da intima\u00e7\u00e3o, e encaminhados \u00e0 PGE para a propositura da respectiva a\u00e7\u00e3o executiva.<\/p>\n\n\n\n<h2 class=\"wp-block-heading\" id=\"h-sumulas\">S\u00famulas<\/h2>\n\n\n\n<p>Continuando nosso resumo de PAF para SEFAZ-SE, as s\u00famulas<strong> ser\u00e3o propostas pelos Presidentes das C\u00e2maras ou do Pleno<\/strong> (membros natos), ser\u00e3o aprovadas por <strong><mark style=\"background-color:rgba(0, 0, 0, 0)\" class=\"has-inline-color has-vivid-red-color\">maioria qualificada de 3\/4 do pleno<\/mark><\/strong>, <strong>vinculando a Administra\u00e7\u00e3o P\u00fablica<\/strong> e podendo ser revistas a qualquer tempo.<\/p>\n\n\n\n<h2 class=\"wp-block-heading\" id=\"h-consulta-no-processo-administrativo-fiscal-do-estado-de-sergipe\">Consulta no Processo Administrativo Fiscal do Estado de Sergipe<\/h2>\n\n\n\n<p>Sobre a Consulta, saiba que ela pode ser <strong>feita pelo Sujeito Passivo e por interessados em geral<\/strong>. A <strong><mark style=\"background-color:rgba(0, 0, 0, 0)\" class=\"has-inline-color has-vivid-cyan-blue-color\">compet\u00eancia<\/mark><\/strong> para a resolu\u00e7\u00e3o da consulta \u00e9 do <strong><mark style=\"background-color:rgba(0, 0, 0, 0)\" class=\"has-inline-color has-vivid-cyan-blue-color\">Setor de Tributa\u00e7\u00e3o<\/mark><\/strong> e, quando em forma de <strong>parecer<\/strong>, deve ser <strong>homologado pela SUPERGEST<\/strong>. O <strong>prazo para resposta<\/strong> \u00e0 consulta \u00e9 de <strong><mark style=\"background-color:rgba(0, 0, 0, 0)\" class=\"has-inline-color has-vivid-red-color\">45 dias<\/mark><\/strong>, devendo o consulente <strong><mark style=\"background-color:rgba(0, 0, 0, 0)\" class=\"has-inline-color has-vivid-cyan-blue-color\">adotar<\/mark><\/strong> as medidas em <strong><mark style=\"background-color:rgba(0, 0, 0, 0)\" class=\"has-inline-color has-vivid-red-color\">10 dias<\/mark><\/strong>, contados da ci\u00eancia.<\/p>\n\n\n\n<p>A resposta dada a consulta pode ser <strong>alterada em duas hip\u00f3teses<\/strong>: em <strong><mark style=\"background-color:rgba(0, 0, 0, 0)\" class=\"has-inline-color has-vivid-cyan-blue-color\">outro parecer <\/mark><\/strong>emitido pelo Setor de Tributa\u00e7\u00e3o e por <strong><mark style=\"background-color:rgba(0, 0, 0, 0)\" class=\"has-inline-color has-vivid-cyan-blue-color\">ato normativo superveniente<\/mark><\/strong>. Por fim, saiba a reda\u00e7\u00e3o do artigo 83 e incisos, que tratam dos <strong><mark style=\"background-color:rgba(0, 0, 0, 0)\" class=\"has-inline-color has-vivid-red-color\">efeitos<\/mark><\/strong> da consulta apenas quando o consulente \u00e9 <strong><mark style=\"background-color:rgba(0, 0, 0, 0)\" class=\"has-inline-color has-vivid-red-color\">Sujeito Passivo inscrito no Cadastro de Contribuintes CACESE<\/mark><\/strong>:<\/p>\n\n\n\n<blockquote class=\"wp-block-quote is-layout-flow wp-block-quote-is-layout-flow\"><p><strong>Art. 83. <\/strong>A consulta produz os seguintes efeitos, exclusivamente em rela\u00e7\u00e3o \u00e0 mat\u00e9ria consultada:<br \/>I &#8211; <strong>afasta a aplica\u00e7\u00e3o de multa<\/strong> fiscal, em rela\u00e7\u00e3o a <strong>cr\u00e9dito vencido<\/strong> at\u00e9 a data de protocolo da consulta, <strong><mark style=\"background-color:rgba(0, 0, 0, 0)\" class=\"has-inline-color has-vivid-red-color\">desde que<\/mark><\/strong> o <strong>pagamento<\/strong> do tributo, caso devido, ocorra at\u00e9 o <strong>d\u00e9cimo dia<\/strong> ap\u00f3s a ci\u00eancia da resposta da consulta, ressalvado o disposto no inciso VII do art. 84 desta Lei; <br \/>II &#8211; <strong>impede o in\u00edcio de qualquer procedimento<\/strong> fiscal contra o contribuinte, <strong>em rela\u00e7\u00e3o \u00e0 mat\u00e9ria <\/strong>consultada, a partir da protocoliza\u00e7\u00e3o da consulta at\u00e9 10 (dez) contados da ci\u00eancia da resposta;<br \/>III &#8211; <strong><mark style=\"background-color:rgba(0, 0, 0, 0)\" class=\"has-inline-color has-vivid-red-color\">n\u00e3o suspende os prazos para apura\u00e7\u00e3o e recolhimento<\/mark><\/strong> de tributo, nem o prazo para <strong><mark style=\"background-color:rgba(0, 0, 0, 0)\" class=\"has-inline-color has-vivid-red-color\">apresenta\u00e7\u00e3o de informa\u00e7\u00f5es econ\u00f4mico-fiscais<\/mark><\/strong>.<\/p><\/blockquote>\n\n\n\n<h2 class=\"wp-block-heading\" id=\"processo-eletronico\">Processo Eletr\u00f4nico<\/h2>\n\n\n\n<p>Por fim, vamos falar do Processo Eletr\u00f4nico, que vem sendo introduzido nos Processos Administrativos Tribut\u00e1rios das diversas Entidades Federativas.<\/p>\n\n\n\n<p>Em Sergipe, o envio de peti\u00e7\u00f5es, de recursos e a pr\u00e1tica de atos processuais em geral por meio eletr\u00f4nico devem ser admitidos mediante uso de assinatura eletr\u00f4nica. <\/p>\n\n\n\n<p>A assinatura eletr\u00f4nica se dar\u00e1 de duas formas: baseada em <strong>certificado digital<\/strong> emitido por Autoridade Certificadora credenciada ou mediante <strong>cadastro de identifica\u00e7\u00e3o eletr\u00f4nica do usu\u00e1rio na SEFAZ.<\/strong><\/p>\n\n\n\n<p>Saiba tamb\u00e9m que, para envio de documentos com assinatura eletr\u00f4nica, <strong><mark style=\"background-color:rgba(0, 0, 0, 0)\" class=\"has-inline-color has-vivid-red-color\">\u00e9 necess\u00e1rio credenciamento pr\u00e9vio na SEFAZ<\/mark><\/strong>.<\/p>\n\n\n\n<p>Al\u00e9m disso, caso o sistema da SEFAZ fique indispon\u00edvel por motivo <strong><mark style=\"background-color:rgba(0, 0, 0, 0)\" class=\"has-inline-color has-vivid-cyan-blue-color\">t\u00e9cnico<\/mark><\/strong>, os prazos ficam <strong><mark style=\"background-color:rgba(0, 0, 0, 0)\" class=\"has-inline-color has-vivid-red-color\">automaticamente prorrogados para o dia \u00fatil seguinte \u00e0 resolu\u00e7\u00e3o do problema<\/mark><\/strong>.<\/p>\n\n\n\n<p>Finalmente, ato do Poder Executivo Estadual pode estabelecer a <strong><mark style=\"background-color:rgba(0, 0, 0, 0)\" class=\"has-inline-color has-vivid-red-color\">obrigatoriedade da informatiza\u00e7\u00e3o<\/mark><\/strong> do processo administrativo fiscal para <strong><mark style=\"background-color:rgba(0, 0, 0, 0)\" class=\"has-inline-color has-vivid-red-color\">determinados segmentos de contribuintes<\/mark><\/strong>.<\/p>\n\n\n\n<h2 class=\"wp-block-heading\" id=\"h-consideracoes-finais\">Considera\u00e7\u00f5es Finais<\/h2>\n\n\n\n<p>Pessoal, chegamos ao final do Resumo do PAF para a SEFAZ-SE, espero que tenha sido \u00fatil! Desejo sabedoria para que voc\u00eas consigam mostrar no dia da prova tudo que aprenderam nessa caminhada!<\/p>\n\n\n\n<p>Este resumo \u00e9 uma poderosa ferramenta de revis\u00e3o, mas sabemos que <strong><mark style=\"background-color:rgba(0, 0, 0, 0)\" class=\"has-inline-color has-black-color\">o estudo para Concursos P\u00fablicos de alto n\u00edvel como o da SEFAZ-SE \u00e9 uma <\/mark><mark style=\"background-color:rgba(0, 0, 0, 0)\" class=\"has-inline-color has-vivid-cyan-blue-color\">grande jornada<\/mark><\/strong>. Assim, para que voc\u00ea consiga a aprova\u00e7\u00e3o, \u00e9 necess\u00e1rio <mark style=\"background-color:rgba(0, 0, 0, 0)\" class=\"has-inline-color has-black-color\">perseveran\u00e7a e, acima de tudo, \u00e9 necess\u00e1rio fazer as escolhas certas<\/mark>. <\/p>\n\n\n\n<p>Voc\u00ea sabia que <a href=\"https:\/\/www.estrategiaconcursos.com.br\/blog\/aprovados-sefaz-es-auditor-estrategia\/\" target=\"_blank\" rel=\"noreferrer noopener\">91% dos aprovados no \u00faltimo concurso de Auditor Fiscal da SEFAZ-ES s\u00e3o nossos alunos<\/a>? Confira nosso <a href=\"https:\/\/www.estrategiaconcursos.com.br\/cursosPorConcurso\/secretaria-da-fazenda-de-sergipe-sefaz-se\/\" target=\"_blank\" rel=\"noreferrer noopener\">pacote completo para a SEFAZ-SE<\/a> e venha estudar com o l\u00edder absoluto em aprova\u00e7\u00f5es!<\/p>\n\n\n\n<p class=\"has-text-align-center has-white-color has-vivid-purple-background-color has-text-color has-background\"><a href=\"https:\/\/www.estrategiaconcursos.com.br\/blog\/concursos-abertos\/\" target=\"_blank\" rel=\"noreferrer noopener\"><strong>Concursos abertos<\/strong><\/a><\/p>\n\n\n\n<p class=\"has-text-align-center has-white-color has-vivid-purple-background-color has-text-color has-background\"><strong><a href=\"https:\/\/www.estrategiaconcursos.com.br\/blog\/concursos-2022\/\" target=\"_blank\" rel=\"noreferrer noopener\">Concursos 2022<\/a><\/strong><\/p>\n\n\n\n<div class=\"container\" id=\"boxes\">\n  <div class=\"row\">\n    <div class=\"col-sm\">\n      <div class=\"estrategia\" id=\"box-assinatura\">\n        <h3 class=\"titulo-assinatura\">Assinatura de Concursos<\/h3>\n        <p class=\"subtitulo-assinatura\">Assinatura de 1 ano ou 2 anos<\/p>\n        <div class=\"box-botao\">\n          <a class=\"btn-assinatura\" target=\"_blank\" href=\"https:\/\/www.estrategiaconcursos.com.br\/assinaturas\/\" role=\"button\" rel=\"noopener noreferrer\">ASSINE AGORA<\/a>\n        <\/div>\n      <\/div>\n      \n    <\/div><\/div><\/div>\n\n\n\n<p><\/p>\n","protected":false},"excerpt":{"rendered":"<p>Ol\u00e1, Pessoal! Vamos continuar nosso resumo da Lei Estadual 7.651\/13, que regula o Processo Administrativo Fiscal, PAF, para o cargo de Auditor T\u00e9cnico de Tributos da SEFAZ-SE. Relembrando a organiza\u00e7\u00e3o do nosso resumo do PAF para SEFAZ-SE, ela ser\u00e1 feita em duas partes, organizadas como segue: Parte I Princ\u00edpios do PAF Auto de Infra\u00e7\u00e3o Partes, [&hellip;]<\/p>\n","protected":false},"author":2314,"featured_media":905414,"comment_status":"open","ping_status":"closed","sticky":false,"template":"","format":"standard","meta":{"post_tipo":"article","footnotes":""},"categories":[1,1983],"tags":[40,3466],"tax_estado":[219988],"class_list":["post-973121","post","type-post","status-publish","format-standard","has-post-thumbnail","hentry","category-cursos-e-concursos","category-fiscal-estadual","tag-concurso","tag-resumos-para-concursos","tax_estado-se"],"acf":[],"yoast_head":"<!-- This site is optimized with the Yoast SEO Premium plugin v27.2 (Yoast SEO v27.2) - https:\/\/yoast.com\/product\/yoast-seo-premium-wordpress\/ -->\n<title>Resumo PAF SEFAZ-SE - Lei 7.651\/13 - Parte II<\/title>\n<meta name=\"description\" content=\"Confira um resumo do Processo Administrativo Fiscal PAF para SEFAZ-SE e garanta pontos fundamentais na disciplina de Legisla\u00e7\u00e3o Tribut\u00e1ria\" \/>\n<meta name=\"robots\" content=\"index, follow, max-snippet:-1, max-image-preview:large, max-video-preview:-1\" \/>\n<link rel=\"canonical\" href=\"https:\/\/www.estrategiaconcursos.com.br\/blog\/resumo-paf-sefaz-se-p2\/\" \/>\n<meta property=\"og:locale\" content=\"pt_BR\" \/>\n<meta property=\"og:type\" content=\"article\" \/>\n<meta property=\"og:title\" content=\"Resumo PAF SEFAZ-SE - Lei 7.651\/13 - Parte II\" \/>\n<meta property=\"og:description\" content=\"Confira um resumo do Processo Administrativo Fiscal PAF para SEFAZ-SE e garanta pontos fundamentais na disciplina de Legisla\u00e7\u00e3o Tribut\u00e1ria\" \/>\n<meta property=\"og:url\" content=\"https:\/\/www.estrategiaconcursos.com.br\/blog\/resumo-paf-sefaz-se-p2\/\" \/>\n<meta property=\"og:site_name\" content=\"Estrat\u00e9gia Concursos\" \/>\n<meta property=\"article:published_time\" content=\"2022-03-18T11:34:00+00:00\" \/>\n<meta property=\"og:image\" content=\"https:\/\/dhg1h5j42swfq.cloudfront.net\/2021\/11\/10115112\/sefaz.jpg\" \/>\n\t<meta property=\"og:image:width\" content=\"768\" \/>\n\t<meta property=\"og:image:height\" content=\"432\" \/>\n\t<meta property=\"og:image:type\" content=\"image\/jpeg\" \/>\n<meta name=\"author\" content=\"Kaio de Souza Lages\" \/>\n<meta name=\"twitter:card\" content=\"summary_large_image\" \/>\n<meta name=\"twitter:creator\" content=\"@EstratConcursos\" \/>\n<meta name=\"twitter:site\" content=\"@EstratConcursos\" \/>\n<meta name=\"twitter:label1\" content=\"Escrito por\" \/>\n\t<meta name=\"twitter:data1\" content=\"Kaio de Souza Lages\" \/>\n\t<meta name=\"twitter:label2\" content=\"Est. tempo de leitura\" \/>\n\t<meta name=\"twitter:data2\" content=\"10 minutos\" \/>\n<script type=\"application\/ld+json\" class=\"yoast-schema-graph\">{\"@context\":\"https:\/\/schema.org\",\"@graph\":[{\"@type\":\"NewsArticle\",\"@id\":\"https:\/\/www.estrategiaconcursos.com.br\/blog\/resumo-paf-sefaz-se-p2\/#article\",\"isPartOf\":{\"@id\":\"https:\/\/www.estrategiaconcursos.com.br\/blog\/resumo-paf-sefaz-se-p2\/\"},\"author\":{\"name\":\"Kaio de Souza Lages\",\"@id\":\"https:\/\/www.estrategiaconcursos.com.br\/blog\/#\/schema\/person\/96355f54ada1e830cfcb0e7a85e1feb5\"},\"headline\":\"Resumo PAF SEFAZ-SE &#8211; Lei 7.651\/13 &#8211; Parte II\",\"datePublished\":\"2022-03-18T11:34:00+00:00\",\"mainEntityOfPage\":{\"@id\":\"https:\/\/www.estrategiaconcursos.com.br\/blog\/resumo-paf-sefaz-se-p2\/\"},\"wordCount\":1753,\"commentCount\":0,\"publisher\":{\"@id\":\"https:\/\/www.estrategiaconcursos.com.br\/blog\/#organization\"},\"image\":{\"@id\":\"https:\/\/www.estrategiaconcursos.com.br\/blog\/resumo-paf-sefaz-se-p2\/#primaryimage\"},\"thumbnailUrl\":\"https:\/\/dhg1h5j42swfq.cloudfront.net\/2021\/11\/10115112\/sefaz.jpg\",\"keywords\":[\"Concurso\",\"resumos para concursos\"],\"articleSection\":[\"Concursos P\u00fablicos\",\"Fiscal - Estadual (ICMS)\"],\"inLanguage\":\"pt-BR\",\"potentialAction\":[{\"@type\":\"CommentAction\",\"name\":\"Comment\",\"target\":[\"https:\/\/www.estrategiaconcursos.com.br\/blog\/resumo-paf-sefaz-se-p2\/#respond\"]}],\"copyrightYear\":\"2022\",\"copyrightHolder\":{\"@id\":\"https:\/\/www.estrategiaconcursos.com.br\/blog\/#organization\"}},{\"@type\":\"WebPage\",\"@id\":\"https:\/\/www.estrategiaconcursos.com.br\/blog\/resumo-paf-sefaz-se-p2\/\",\"url\":\"https:\/\/www.estrategiaconcursos.com.br\/blog\/resumo-paf-sefaz-se-p2\/\",\"name\":\"Resumo PAF SEFAZ-SE - Lei 7.651\/13 - Parte II\",\"isPartOf\":{\"@id\":\"https:\/\/www.estrategiaconcursos.com.br\/blog\/#website\"},\"primaryImageOfPage\":{\"@id\":\"https:\/\/www.estrategiaconcursos.com.br\/blog\/resumo-paf-sefaz-se-p2\/#primaryimage\"},\"image\":{\"@id\":\"https:\/\/www.estrategiaconcursos.com.br\/blog\/resumo-paf-sefaz-se-p2\/#primaryimage\"},\"thumbnailUrl\":\"https:\/\/dhg1h5j42swfq.cloudfront.net\/2021\/11\/10115112\/sefaz.jpg\",\"datePublished\":\"2022-03-18T11:34:00+00:00\",\"description\":\"Confira um resumo do Processo Administrativo Fiscal PAF para SEFAZ-SE e garanta pontos fundamentais na disciplina de Legisla\u00e7\u00e3o Tribut\u00e1ria\",\"breadcrumb\":{\"@id\":\"https:\/\/www.estrategiaconcursos.com.br\/blog\/resumo-paf-sefaz-se-p2\/#breadcrumb\"},\"inLanguage\":\"pt-BR\",\"potentialAction\":[{\"@type\":\"ReadAction\",\"target\":[\"https:\/\/www.estrategiaconcursos.com.br\/blog\/resumo-paf-sefaz-se-p2\/\"]}]},{\"@type\":\"ImageObject\",\"inLanguage\":\"pt-BR\",\"@id\":\"https:\/\/www.estrategiaconcursos.com.br\/blog\/resumo-paf-sefaz-se-p2\/#primaryimage\",\"url\":\"https:\/\/dhg1h5j42swfq.cloudfront.net\/2021\/11\/10115112\/sefaz.jpg\",\"contentUrl\":\"https:\/\/dhg1h5j42swfq.cloudfront.net\/2021\/11\/10115112\/sefaz.jpg\",\"width\":768,\"height\":432,\"caption\":\"Concurso Sefaz SE contrata\u00e7\u00f5es\"},{\"@type\":\"BreadcrumbList\",\"@id\":\"https:\/\/www.estrategiaconcursos.com.br\/blog\/resumo-paf-sefaz-se-p2\/#breadcrumb\",\"itemListElement\":[{\"@type\":\"ListItem\",\"position\":1,\"name\":\"In\u00edcio\",\"item\":\"https:\/\/www.estrategiaconcursos.com.br\/blog\/\"},{\"@type\":\"ListItem\",\"position\":2,\"name\":\"Resumo PAF SEFAZ-SE &#8211; Lei 7.651\/13 &#8211; Parte II\"}]},{\"@type\":\"WebSite\",\"@id\":\"https:\/\/www.estrategiaconcursos.com.br\/blog\/#website\",\"url\":\"https:\/\/www.estrategiaconcursos.com.br\/blog\/\",\"name\":\"Estrat\u00e9gia Concursos\",\"description\":\"O blog da Estrat\u00e9gia Concursos traz not\u00edcias sobre concursos e artigos de professores oferecendo cursos para concursos (pdf + videaulas) no site.\",\"publisher\":{\"@id\":\"https:\/\/www.estrategiaconcursos.com.br\/blog\/#organization\"},\"potentialAction\":[{\"@type\":\"SearchAction\",\"target\":{\"@type\":\"EntryPoint\",\"urlTemplate\":\"https:\/\/www.estrategiaconcursos.com.br\/blog\/?s={search_term_string}\"},\"query-input\":{\"@type\":\"PropertyValueSpecification\",\"valueRequired\":true,\"valueName\":\"search_term_string\"}}],\"inLanguage\":\"pt-BR\"},{\"@type\":\"Organization\",\"@id\":\"https:\/\/www.estrategiaconcursos.com.br\/blog\/#organization\",\"name\":\"Estrat\u00e9gia Concursos\",\"url\":\"https:\/\/www.estrategiaconcursos.com.br\/blog\/\",\"logo\":{\"@type\":\"ImageObject\",\"inLanguage\":\"pt-BR\",\"@id\":\"https:\/\/www.estrategiaconcursos.com.br\/blog\/#\/schema\/logo\/image\/\",\"url\":\"https:\/\/dhg1h5j42swfq.cloudfront.net\/2025\/06\/03203428\/logo_concursos-1.jpg\",\"contentUrl\":\"https:\/\/dhg1h5j42swfq.cloudfront.net\/2025\/06\/03203428\/logo_concursos-1.jpg\",\"width\":230,\"height\":60,\"caption\":\"Estrat\u00e9gia Concursos\"},\"image\":{\"@id\":\"https:\/\/www.estrategiaconcursos.com.br\/blog\/#\/schema\/logo\/image\/\"},\"sameAs\":[\"https:\/\/x.com\/EstratConcursos\"]},{\"@type\":\"Person\",\"@id\":\"https:\/\/www.estrategiaconcursos.com.br\/blog\/#\/schema\/person\/96355f54ada1e830cfcb0e7a85e1feb5\",\"name\":\"Kaio de Souza Lages\",\"image\":{\"@type\":\"ImageObject\",\"inLanguage\":\"pt-BR\",\"@id\":\"https:\/\/secure.gravatar.com\/avatar\/166cda70846b861784ddc2ba71cdc7c1dd7403a329e1e1e23db9926e66d8e494?s=96&d=mm&r=g\",\"url\":\"https:\/\/secure.gravatar.com\/avatar\/166cda70846b861784ddc2ba71cdc7c1dd7403a329e1e1e23db9926e66d8e494?s=96&d=mm&r=g\",\"contentUrl\":\"https:\/\/secure.gravatar.com\/avatar\/166cda70846b861784ddc2ba71cdc7c1dd7403a329e1e1e23db9926e66d8e494?s=96&d=mm&r=g\",\"caption\":\"Kaio de Souza Lages\"},\"url\":\"https:\/\/www.estrategiaconcursos.com.br\/blog\/author\/desouzalages-kaiogmail-com\/\"}]}<\/script>\n<!-- \/ Yoast SEO Premium plugin. -->","yoast_head_json":{"title":"Resumo PAF SEFAZ-SE - Lei 7.651\/13 - Parte II","description":"Confira um resumo do Processo Administrativo Fiscal PAF para SEFAZ-SE e garanta pontos fundamentais na disciplina de Legisla\u00e7\u00e3o Tribut\u00e1ria","robots":{"index":"index","follow":"follow","max-snippet":"max-snippet:-1","max-image-preview":"max-image-preview:large","max-video-preview":"max-video-preview:-1"},"canonical":"https:\/\/www.estrategiaconcursos.com.br\/blog\/resumo-paf-sefaz-se-p2\/","og_locale":"pt_BR","og_type":"article","og_title":"Resumo PAF SEFAZ-SE - Lei 7.651\/13 - Parte II","og_description":"Confira um resumo do Processo Administrativo Fiscal PAF para SEFAZ-SE e garanta pontos fundamentais na disciplina de Legisla\u00e7\u00e3o Tribut\u00e1ria","og_url":"https:\/\/www.estrategiaconcursos.com.br\/blog\/resumo-paf-sefaz-se-p2\/","og_site_name":"Estrat\u00e9gia Concursos","article_published_time":"2022-03-18T11:34:00+00:00","og_image":[{"width":768,"height":432,"url":"https:\/\/dhg1h5j42swfq.cloudfront.net\/2021\/11\/10115112\/sefaz.jpg","type":"image\/jpeg"}],"author":"Kaio de Souza Lages","twitter_card":"summary_large_image","twitter_creator":"@EstratConcursos","twitter_site":"@EstratConcursos","twitter_misc":{"Escrito por":"Kaio de Souza Lages","Est. tempo de leitura":"10 minutos"},"schema":{"@context":"https:\/\/schema.org","@graph":[{"@type":"NewsArticle","@id":"https:\/\/www.estrategiaconcursos.com.br\/blog\/resumo-paf-sefaz-se-p2\/#article","isPartOf":{"@id":"https:\/\/www.estrategiaconcursos.com.br\/blog\/resumo-paf-sefaz-se-p2\/"},"author":{"name":"Kaio de Souza Lages","@id":"https:\/\/www.estrategiaconcursos.com.br\/blog\/#\/schema\/person\/96355f54ada1e830cfcb0e7a85e1feb5"},"headline":"Resumo PAF SEFAZ-SE &#8211; Lei 7.651\/13 &#8211; Parte II","datePublished":"2022-03-18T11:34:00+00:00","mainEntityOfPage":{"@id":"https:\/\/www.estrategiaconcursos.com.br\/blog\/resumo-paf-sefaz-se-p2\/"},"wordCount":1753,"commentCount":0,"publisher":{"@id":"https:\/\/www.estrategiaconcursos.com.br\/blog\/#organization"},"image":{"@id":"https:\/\/www.estrategiaconcursos.com.br\/blog\/resumo-paf-sefaz-se-p2\/#primaryimage"},"thumbnailUrl":"https:\/\/dhg1h5j42swfq.cloudfront.net\/2021\/11\/10115112\/sefaz.jpg","keywords":["Concurso","resumos para concursos"],"articleSection":["Concursos P\u00fablicos","Fiscal - Estadual (ICMS)"],"inLanguage":"pt-BR","potentialAction":[{"@type":"CommentAction","name":"Comment","target":["https:\/\/www.estrategiaconcursos.com.br\/blog\/resumo-paf-sefaz-se-p2\/#respond"]}],"copyrightYear":"2022","copyrightHolder":{"@id":"https:\/\/www.estrategiaconcursos.com.br\/blog\/#organization"}},{"@type":"WebPage","@id":"https:\/\/www.estrategiaconcursos.com.br\/blog\/resumo-paf-sefaz-se-p2\/","url":"https:\/\/www.estrategiaconcursos.com.br\/blog\/resumo-paf-sefaz-se-p2\/","name":"Resumo PAF SEFAZ-SE - Lei 7.651\/13 - Parte II","isPartOf":{"@id":"https:\/\/www.estrategiaconcursos.com.br\/blog\/#website"},"primaryImageOfPage":{"@id":"https:\/\/www.estrategiaconcursos.com.br\/blog\/resumo-paf-sefaz-se-p2\/#primaryimage"},"image":{"@id":"https:\/\/www.estrategiaconcursos.com.br\/blog\/resumo-paf-sefaz-se-p2\/#primaryimage"},"thumbnailUrl":"https:\/\/dhg1h5j42swfq.cloudfront.net\/2021\/11\/10115112\/sefaz.jpg","datePublished":"2022-03-18T11:34:00+00:00","description":"Confira um resumo do Processo Administrativo Fiscal PAF para SEFAZ-SE e garanta pontos fundamentais na disciplina de Legisla\u00e7\u00e3o Tribut\u00e1ria","breadcrumb":{"@id":"https:\/\/www.estrategiaconcursos.com.br\/blog\/resumo-paf-sefaz-se-p2\/#breadcrumb"},"inLanguage":"pt-BR","potentialAction":[{"@type":"ReadAction","target":["https:\/\/www.estrategiaconcursos.com.br\/blog\/resumo-paf-sefaz-se-p2\/"]}]},{"@type":"ImageObject","inLanguage":"pt-BR","@id":"https:\/\/www.estrategiaconcursos.com.br\/blog\/resumo-paf-sefaz-se-p2\/#primaryimage","url":"https:\/\/dhg1h5j42swfq.cloudfront.net\/2021\/11\/10115112\/sefaz.jpg","contentUrl":"https:\/\/dhg1h5j42swfq.cloudfront.net\/2021\/11\/10115112\/sefaz.jpg","width":768,"height":432,"caption":"Concurso Sefaz SE contrata\u00e7\u00f5es"},{"@type":"BreadcrumbList","@id":"https:\/\/www.estrategiaconcursos.com.br\/blog\/resumo-paf-sefaz-se-p2\/#breadcrumb","itemListElement":[{"@type":"ListItem","position":1,"name":"In\u00edcio","item":"https:\/\/www.estrategiaconcursos.com.br\/blog\/"},{"@type":"ListItem","position":2,"name":"Resumo PAF SEFAZ-SE &#8211; Lei 7.651\/13 &#8211; Parte II"}]},{"@type":"WebSite","@id":"https:\/\/www.estrategiaconcursos.com.br\/blog\/#website","url":"https:\/\/www.estrategiaconcursos.com.br\/blog\/","name":"Estrat\u00e9gia Concursos","description":"O blog da Estrat\u00e9gia Concursos traz not\u00edcias sobre concursos e artigos de professores oferecendo cursos para concursos (pdf + videaulas) no site.","publisher":{"@id":"https:\/\/www.estrategiaconcursos.com.br\/blog\/#organization"},"potentialAction":[{"@type":"SearchAction","target":{"@type":"EntryPoint","urlTemplate":"https:\/\/www.estrategiaconcursos.com.br\/blog\/?s={search_term_string}"},"query-input":{"@type":"PropertyValueSpecification","valueRequired":true,"valueName":"search_term_string"}}],"inLanguage":"pt-BR"},{"@type":"Organization","@id":"https:\/\/www.estrategiaconcursos.com.br\/blog\/#organization","name":"Estrat\u00e9gia Concursos","url":"https:\/\/www.estrategiaconcursos.com.br\/blog\/","logo":{"@type":"ImageObject","inLanguage":"pt-BR","@id":"https:\/\/www.estrategiaconcursos.com.br\/blog\/#\/schema\/logo\/image\/","url":"https:\/\/dhg1h5j42swfq.cloudfront.net\/2025\/06\/03203428\/logo_concursos-1.jpg","contentUrl":"https:\/\/dhg1h5j42swfq.cloudfront.net\/2025\/06\/03203428\/logo_concursos-1.jpg","width":230,"height":60,"caption":"Estrat\u00e9gia Concursos"},"image":{"@id":"https:\/\/www.estrategiaconcursos.com.br\/blog\/#\/schema\/logo\/image\/"},"sameAs":["https:\/\/x.com\/EstratConcursos"]},{"@type":"Person","@id":"https:\/\/www.estrategiaconcursos.com.br\/blog\/#\/schema\/person\/96355f54ada1e830cfcb0e7a85e1feb5","name":"Kaio de Souza Lages","image":{"@type":"ImageObject","inLanguage":"pt-BR","@id":"https:\/\/secure.gravatar.com\/avatar\/166cda70846b861784ddc2ba71cdc7c1dd7403a329e1e1e23db9926e66d8e494?s=96&d=mm&r=g","url":"https:\/\/secure.gravatar.com\/avatar\/166cda70846b861784ddc2ba71cdc7c1dd7403a329e1e1e23db9926e66d8e494?s=96&d=mm&r=g","contentUrl":"https:\/\/secure.gravatar.com\/avatar\/166cda70846b861784ddc2ba71cdc7c1dd7403a329e1e1e23db9926e66d8e494?s=96&d=mm&r=g","caption":"Kaio de Souza Lages"},"url":"https:\/\/www.estrategiaconcursos.com.br\/blog\/author\/desouzalages-kaiogmail-com\/"}]}},"_links":{"self":[{"href":"https:\/\/www.estrategiaconcursos.com.br\/blog\/wp-json\/wp\/v2\/posts\/973121","targetHints":{"allow":["GET"]}}],"collection":[{"href":"https:\/\/www.estrategiaconcursos.com.br\/blog\/wp-json\/wp\/v2\/posts"}],"about":[{"href":"https:\/\/www.estrategiaconcursos.com.br\/blog\/wp-json\/wp\/v2\/types\/post"}],"author":[{"embeddable":true,"href":"https:\/\/www.estrategiaconcursos.com.br\/blog\/wp-json\/wp\/v2\/users\/2314"}],"replies":[{"embeddable":true,"href":"https:\/\/www.estrategiaconcursos.com.br\/blog\/wp-json\/wp\/v2\/comments?post=973121"}],"version-history":[{"count":13,"href":"https:\/\/www.estrategiaconcursos.com.br\/blog\/wp-json\/wp\/v2\/posts\/973121\/revisions"}],"predecessor-version":[{"id":984193,"href":"https:\/\/www.estrategiaconcursos.com.br\/blog\/wp-json\/wp\/v2\/posts\/973121\/revisions\/984193"}],"wp:featuredmedia":[{"embeddable":true,"href":"https:\/\/www.estrategiaconcursos.com.br\/blog\/wp-json\/wp\/v2\/media\/905414"}],"wp:attachment":[{"href":"https:\/\/www.estrategiaconcursos.com.br\/blog\/wp-json\/wp\/v2\/media?parent=973121"}],"wp:term":[{"taxonomy":"category","embeddable":true,"href":"https:\/\/www.estrategiaconcursos.com.br\/blog\/wp-json\/wp\/v2\/categories?post=973121"},{"taxonomy":"post_tag","embeddable":true,"href":"https:\/\/www.estrategiaconcursos.com.br\/blog\/wp-json\/wp\/v2\/tags?post=973121"},{"taxonomy":"tax_estado","embeddable":true,"href":"https:\/\/www.estrategiaconcursos.com.br\/blog\/wp-json\/wp\/v2\/tax_estado?post=973121"}],"curies":[{"name":"wp","href":"https:\/\/api.w.org\/{rel}","templated":true}]}}