{"id":972951,"date":"2022-05-19T23:59:00","date_gmt":"2022-05-20T02:59:00","guid":{"rendered":"https:\/\/www.estrategiaconcursos.com.br\/blog\/?p=972951"},"modified":"2023-10-19T12:19:56","modified_gmt":"2023-10-19T15:19:56","slug":"concurso-cemig-edital-publicado","status":"publish","type":"post","link":"https:\/\/www.estrategiaconcursos.com.br\/blog\/concurso-cemig-edital-publicado\/","title":{"rendered":"Edital CEMIG: inscri\u00e7\u00f5es encerradas e provas em junho"},"content":{"rendered":"\n<p>Est\u00e3o oficialmente encerradas as inscri\u00e7\u00f5es do edital CEMIG para provimento de 250 vagas no cargo de <strong>Eletricista de Redes da Distribui\u00e7\u00e3o I<\/strong>.  <\/p>\n\n\n\n<p>Agora, os candidatos inscritos ser\u00e3o direcionados para a etapa de provas, prevista para ocorrer no dia 12 de junho, sob organiza\u00e7\u00e3o da FUMARC.<\/p>\n\n\n\n<p>O concurso consiste nas seguintes etapas: prova objetiva, de car\u00e1ter classificat\u00f3rio e eliminat\u00f3rio; avalia\u00e7\u00e3o pr\u00e9-admissional de sa\u00fade; forma\u00e7\u00e3o de integra\u00e7\u00e3o e pr\u00e1tica de campo, sendo as \u00faltimas etapas eliminat\u00f3rias.&nbsp;<\/p>\n\n\n\n<div class=\"container\" id=\"boxes\">\n  <div class=\"row\">\n\n    <div class=\"col-sm\">\n      <div class=\"banner-estrategia\" id=\"box-assinatura\">\n        <h3 class=\"titulo-assinatura\">Concurso CEMIG<\/h3>\n        <p class=\"subtitulo-assinatura\">Conhe\u00e7a os cursos<\/p>\n        <div class=\"box-botao\">\n          <a class=\"btn-assinatura\" target=\"_blank\" href=\"https:\/\/www.estrategiaconcursos.com.br\/cursos\/\" role=\"button\" rel=\"noopener noreferrer\">Conhe\u00e7a mais<\/a>\n        <\/div>\n      <\/div>\n     \n    <\/div>\n\n  <\/div>\n<\/div>\n\n\n\n<h2 class=\"wp-block-heading\" id=\"h-edital-cemig-principais-datas\">Edital CEMIG: principais datas <\/h2>\n\n\n\n<ul class=\"wp-block-list\">\n<li><strong>Inscri\u00e7\u00f5es<\/strong>: <s>20\/04 a 19\/05\/2022<\/s><\/li>\n\n\n\n<li><strong>Isen\u00e7\u00e3o da taxa<\/strong>: <s>20 a 22\/04\/2022<\/s><\/li>\n\n\n\n<li><strong>\u00daltimo dia para pagamento<\/strong>: <s>20\/05\/2022<\/s><\/li>\n\n\n\n<li><strong>Prova<\/strong>: 12\/06\/2022<\/li>\n<\/ul>\n\n\n\n<h2 class=\"wp-block-heading\" id=\"cargos-vagas\">Edital CEMIG: cargos e vagas <\/h2>\n\n\n\n<ul class=\"wp-block-list\">\n<li><strong>Eletricista de Redes da Distribui\u00e7\u00e3o I<\/strong>:\n<ul class=\"wp-block-list\">\n<li><strong>Sal\u00e1rio base: <\/strong>R$ 2.925,59;<\/li>\n\n\n\n<li><strong>Adicional de periculosidade:<\/strong> R$ 877,68;  <\/li>\n\n\n\n<li><strong>Total da remunera\u00e7\u00e3o mensal: <span style=\"text-decoration: underline;\">R$ 3.803,27<\/span>.<\/strong><\/li>\n<\/ul>\n<\/li>\n<\/ul>\n\n\n\n<p>A jornada de trabalho \u00e9 de 40 horas semanais.<\/p>\n\n\n\n<p><strong>Quantitativo de vagas por regi\u00e3o: <\/strong><\/p>\n\n\n\n<figure class=\"wp-block-image aligncenter size-large\"><img loading=\"lazy\" decoding=\"async\" width=\"1024\" height=\"315\" src=\"https:\/\/dhg1h5j42swfq.cloudfront.net\/2022\/02\/19091410\/image-382-1024x315.png\" alt=\"Quantitativo de vagas por regi\u00e3o do edital do edital CEMIG\" class=\"wp-image-972989\" srcset=\"https:\/\/dhg1h5j42swfq.cloudfront.net\/2022\/02\/19091410\/image-382-1024x315.png 1024w, https:\/\/dhg1h5j42swfq.cloudfront.net\/2022\/02\/19091410\/image-382-300x92.png 300w, https:\/\/dhg1h5j42swfq.cloudfront.net\/2022\/02\/19091410\/image-382-768x237.png 768w, https:\/\/dhg1h5j42swfq.cloudfront.net\/2022\/02\/19091410\/image-382-610x188.png 610w, https:\/\/dhg1h5j42swfq.cloudfront.net\/2022\/02\/19091410\/image-382.png 1195w\" sizes=\"auto, (max-width: 1024px) 100vw, 1024px\" \/><\/figure>\n\n\n\n<h3 class=\"wp-block-heading\" id=\"beneficios\">Benef\u00edcios<\/h3>\n\n\n\n<ul class=\"wp-block-list\">\n<li><strong>a)<\/strong> Plano de sa\u00fade e plano odontol\u00f3gico, em regime de coparticipa\u00e7\u00e3o;<\/li>\n\n\n\n<li><strong>b)<\/strong> Previd\u00eancia privada, em regime de coparticipa\u00e7\u00e3o;<\/li>\n\n\n\n<li><strong>c) <\/strong>Seguro de vida em grupo, em regime de coparticipa\u00e7\u00e3o;<\/li>\n\n\n\n<li><strong>d)<\/strong> Vale-alimenta\u00e7\u00e3o ou vale-refei\u00e7\u00e3o, em regime de coparticipa\u00e7\u00e3o, nos termos da legisla\u00e7\u00e3o pertinente e no acordo coletivo vigente.<\/li>\n<\/ul>\n\n\n\n<h3 class=\"wp-block-heading\" id=\"quais-sao-os-principais-requisitos-exigidos-no-edital-cemig\">Quais s\u00e3o os principais requisitos exigidos no edital CEMIG?<\/h3>\n\n\n\n<ul class=\"wp-block-list\">\n<li>Curso de Ensino Fundamental Completo;<\/li>\n\n\n\n<li>CNH Categoria M\u00ednima B;<\/li>\n\n\n\n<li>Experi\u00eancia m\u00ednima de 6 meses em atividades de constru\u00e7\u00e3o, manuten\u00e7\u00e3o e opera\u00e7\u00e3o de redes de distribui\u00e7\u00e3o ou transmiss\u00e3o de energia;<\/li>\n\n\n\n<li>Curso B\u00e1sico &#8211; Seguran\u00e7a em Instala\u00e7\u00f5es e Servi\u00e7os com Eletricidade, conforme NR 10;<\/li>\n\n\n\n<li>Curso Complementar &#8211; Seguran\u00e7a no Sistema El\u00e9trico de Pot\u00eancia (SEP) e em suas Proximidades, conforme NR 10;<\/li>\n\n\n\n<li>Treinamento sobre Trabalho em Altura, conforme NR 35. <\/li>\n<\/ul>\n\n\n\n<h3 class=\"wp-block-heading\" id=\"atribuicoes-do-cargo-de-eletricista-de-redes-da-distribuicao-i\">Atribui\u00e7\u00f5es do cargo de Eletricista de Redes da Distribui\u00e7\u00e3o I. <\/h3>\n\n\n\n<p>Executar servi\u00e7os comerciais, emergenciais e de manuten\u00e7\u00e3o em redes a\u00e9reas da distribui\u00e7\u00e3o, considerando as programa\u00e7\u00f5es recebidas, bem como atender as ocorr\u00eancias nas redes do sistema el\u00e9trico de Distribui\u00e7\u00e3o, visando o bom atendimento aos clientes e restabelecimento do sistema com a<br \/>seguran\u00e7a requerida.<\/p>\n\n\n\n<h2 class=\"wp-block-heading\" id=\"etapas\">Edital CEMIG: etapas e provas <\/h2>\n\n\n\n<p>Sob organiza\u00e7\u00e3o da <a href=\"http:\/\/www.fumarc.com.br\/concursos\/detalhe\/concurso-publico-eletricista-de-redes-da-distribuicao-i\/142\" target=\"_blank\" rel=\"noreferrer noopener\">FUMARC<\/a>, os candidatos ser\u00e3o avaliados por meio das seguintes etapas: <\/p>\n\n\n\n<ul class=\"wp-block-list\">\n<li><strong>a) Prova Objetiva <\/strong>de m\u00faltipla escolha, de car\u00e1ter classificat\u00f3rio e eliminat\u00f3rio; <\/li>\n\n\n\n<li><strong>b) Avalia\u00e7\u00e3o Pr\u00e9-Admissional de Sa\u00fade<\/strong>, de car\u00e1ter eliminat\u00f3rio; e <\/li>\n\n\n\n<li><strong>c) Forma\u00e7\u00e3o de Integra\u00e7\u00e3o<\/strong>, de car\u00e1ter eliminat\u00f3rio.<\/li>\n<\/ul>\n\n\n\n<h3 class=\"wp-block-heading\" id=\"objetiva\">Provas Objetivas<\/h3>\n\n\n\n<p>A Prova Objetiva ser\u00e1 composta de 50 quest\u00f5es de m\u00faltipla escolha com 04 alternativas de respostas, das quais apenas 01 resposta ser\u00e1 correta, sendo cada quest\u00e3o com o valor de 01 ponto.<\/p>\n\n\n\n<p><strong>P1 &#8211; Conhecimentos Espec\u00edficos:<\/strong> <em>30 quest\u00f5es;<\/em><br \/><strong>P2 &#8211; Interpreta\u00e7\u00e3o de Texto\/Portugu\u00eas Instrumental: <\/strong><em>10 quest\u00f5es;<\/em><br \/><strong>P3 &#8211; Matem\u00e1tica:<\/strong> <em>10 quest\u00f5es.<\/em><\/p>\n\n\n\n<p>Ser\u00e1 aprovado o candidato que:<\/p>\n\n\n\n<ul class=\"wp-block-list\">\n<li><strong>a)<\/strong> Obtiver n\u00famero de acertos igual ou superior a 18 quest\u00f5es em P1;<\/li>\n\n\n\n<li><strong>b) <\/strong>Obtiver n\u00famero de acertos igual ou superior a 2 quest\u00f5es em P2;<\/li>\n\n\n\n<li><strong>c)<\/strong> Obtiver n\u00famero de acertos igual ou superior a 2 quest\u00f5es em P3, e;<\/li>\n\n\n\n<li><strong>d)<\/strong> Obtiver 60% (30 pontos) do total da prova, acumuladamente.<\/li>\n<\/ul>\n\n\n\n<p>O candidato far\u00e1 prova na cidade de sua escolha manifestada no ato da sua inscri\u00e7\u00e3o ou isen\u00e7\u00e3o, sendo: Belo Horizonte, Divin\u00f3polis, Governador Valadares, Juiz de Fora, Montes Claros, Paracatu, Te\u00f3filo Otoni, Uberl\u00e2ndia e Varginha.<\/p>\n\n\n\n<p class=\"has-text-align-center has-background has-medium-font-size\" style=\"background-color:#e1e7ec\"><strong>Saiba mais: <a href=\"https:\/\/www.estrategiaconcursos.com.br\/blog\/concurso-cemig\/\" target=\"_blank\" rel=\"noreferrer noopener\">concurso CEMIG<\/a><\/strong><\/p>\n\n\n\n<hr class=\"wp-block-separator has-css-opacity\"\/>\n\n\n\n<h2 class=\"wp-block-heading has-text-align-center\" id=\"cursos-assinatura\">Quer estudar para o edital CEMIG?<\/h2>\n\n\n\n<div class=\"container\" id=\"boxes\">\n  <div class=\"row\">\n\n    <div class=\"col-sm\">\n      <div class=\"banner-estrategia\" id=\"box-assinatura\">\n        <h3 class=\"titulo-assinatura\">Concurso CEMIG<\/h3>\n        <p class=\"subtitulo-assinatura\">Conhe\u00e7a os cursos<\/p>\n        <div class=\"box-botao\">\n          <a class=\"btn-assinatura\" target=\"_blank\" href=\"https:\/\/www.estrategiaconcursos.com.br\/cursos\/\" role=\"button\" rel=\"noopener noreferrer\">Conhe\u00e7a mais<\/a>\n        <\/div>\n      <\/div>\n     \n    <\/div>\n\n  <\/div>\n<\/div>\n\n\n\n<div class=\"container\" id=\"boxes\">\n  <div class=\"row\">\n\n    <div class=\"col-sm\">\n      <div class=\"estrategia\" id=\"box-assinatura\">\n        <h3 class=\"titulo-assinatura\">Assinatura Concursos<\/h3>\n        <p class=\"subtitulo-assinatura\">Assinatura de 1 ano ou 2 anos<\/p>\n        <div class=\"box-botao\">\n          <a class=\"btn-assinatura\" target=\"_blank\" href=\"https:\/\/www.estrategiaconcursos.com.br\/assinaturas\/\" role=\"button\" rel=\"noopener noreferrer\">ASSINE AGORA<\/a>\n        <\/div>\n      <\/div><\/div><\/div><\/div>\n\n\n\n<h2 class=\"wp-block-heading has-text-align-center\" id=\"h-quer-saber-tudo-sobre-concursos-previstos-confira-nossos-artigos\">Quer saber tudo sobre concursos previstos?<br \/>Confira  nossos artigos!<\/h2>\n\n\n\n<ul class=\"wp-block-list\">\n<li><a href=\"https:\/\/www.estrategiaconcursos.com.br\/blog\/concursos-abertos\/\" target=\"_blank\" rel=\"noreferrer noopener\">Concursos abertos<\/a><\/li>\n\n\n\n<li><a href=\"https:\/\/www.estrategiaconcursos.com.br\/blog\/concursos-2022\/\" target=\"_blank\" rel=\"noreferrer noopener\">Concursos 2022<\/a><\/li>\n<\/ul>\n\n\n\n<figure class=\"wp-block-image size-large is-resized\"><img loading=\"lazy\" decoding=\"async\" width=\"1024\" height=\"632\" src=\"https:\/\/dhg1h5j42swfq.cloudfront.net\/2025\/06\/27101122\/ficha-tecnica-1-1024x632.png\" alt=\"Informa\u00e7\u00f5es do edital CEMIG\" class=\"wp-image-702728\" style=\"width:269px;height:166px\" srcset=\"https:\/\/dhg1h5j42swfq.cloudfront.net\/2025\/06\/27101122\/ficha-tecnica-1-1024x632.png 1024w, https:\/\/dhg1h5j42swfq.cloudfront.net\/2025\/06\/27101122\/ficha-tecnica-1-300x185.png 300w, https:\/\/dhg1h5j42swfq.cloudfront.net\/2025\/06\/27101122\/ficha-tecnica-1-768x474.png 768w, https:\/\/dhg1h5j42swfq.cloudfront.net\/2025\/06\/27101122\/ficha-tecnica-1-1536x948.png 1536w, https:\/\/dhg1h5j42swfq.cloudfront.net\/2025\/06\/27101122\/ficha-tecnica-1-610x377.png 610w, https:\/\/dhg1h5j42swfq.cloudfront.net\/2025\/06\/27101122\/ficha-tecnica-1.png 1571w\" sizes=\"auto, (max-width: 1024px) 100vw, 1024px\" \/><\/figure>\n\n\n\n<h3 class=\"wp-block-heading\" id=\"ficha\">Informa\u00e7\u00f5es do concurso CEMIG<\/h3>\n\n\n\n<ul class=\"wp-block-list\">\n<li><strong style=\"color: initial;\">Provas<\/strong><span style=\"color: initial;\">: <\/span>12\/06\/2022<\/li>\n\n\n\n<li><strong>Vagas<\/strong>: 250<\/li>\n\n\n\n<li><strong>Cargos<\/strong>: Eletricista de Redes da Distribui\u00e7\u00e3o I<\/li>\n\n\n\n<li><strong>Banca<\/strong>: FUMARC<\/li>\n\n\n\n<li><strong>Escolaridade<\/strong>: N\u00edvel fundamental<\/li>\n\n\n\n<li><strong>Edital<\/strong>:&nbsp;<a href=\"https:\/\/dhg1h5j42swfq.cloudfront.net\/2022\/02\/19091630\/caderno1_2022-02-19-60-64-1.pdf\" target=\"_blank\" rel=\"noreferrer noopener nofollow\">Edital CEMIG 2022<\/a><\/li>\n<\/ul>\n","protected":false},"excerpt":{"rendered":"<p>Est\u00e3o oficialmente encerradas as inscri\u00e7\u00f5es do edital CEMIG para provimento de 250 vagas no cargo de Eletricista de Redes da Distribui\u00e7\u00e3o I. Agora, os candidatos inscritos ser\u00e3o direcionados para a etapa de provas, prevista para ocorrer no dia 12 de junho, sob organiza\u00e7\u00e3o da FUMARC. O concurso consiste nas seguintes etapas: prova objetiva, de car\u00e1ter [&hellip;]<\/p>\n","protected":false},"author":656,"featured_media":973807,"comment_status":"open","ping_status":"closed","sticky":false,"template":"","format":"standard","meta":{"post_tipo":"news","footnotes":""},"categories":[214992,220219],"tags":[],"tax_estado":[219974],"class_list":["post-972951","post","type-post","status-publish","format-standard","has-post-thumbnail","hentry","category-concursos-administrativos","category-noticias","tax_estado-mg"],"acf":[],"yoast_head":"<!-- This site is optimized with the Yoast SEO Premium plugin v27.2 (Yoast SEO v27.2) - https:\/\/yoast.com\/product\/yoast-seo-premium-wordpress\/ -->\n<title>Edital CEMIG: inscri\u00e7\u00f5es encerradas e provas em junho<\/title>\n<meta name=\"description\" content=\"Edital CEMIG: inscri\u00e7\u00f5es encerradas e provas previstas para o dia 12 de junho, sob organiza\u00e7\u00e3o da FUMARC. Veja aqui!\" \/>\n<meta name=\"robots\" content=\"index, follow, max-snippet:-1, max-image-preview:large, max-video-preview:-1\" \/>\n<link rel=\"canonical\" href=\"https:\/\/www.estrategiaconcursos.com.br\/blog\/concurso-cemig-edital-publicado\/\" \/>\n<meta property=\"og:locale\" content=\"pt_BR\" \/>\n<meta property=\"og:type\" content=\"article\" \/>\n<meta property=\"og:title\" content=\"Edital CEMIG: inscri\u00e7\u00f5es encerradas e provas em junho\" \/>\n<meta property=\"og:description\" content=\"Edital CEMIG: inscri\u00e7\u00f5es encerradas e provas previstas para o dia 12 de junho, sob organiza\u00e7\u00e3o da FUMARC. Veja aqui!\" \/>\n<meta property=\"og:url\" content=\"https:\/\/www.estrategiaconcursos.com.br\/blog\/concurso-cemig-edital-publicado\/\" \/>\n<meta property=\"og:site_name\" content=\"Estrat\u00e9gia Concursos\" \/>\n<meta property=\"article:published_time\" content=\"2022-05-20T02:59:00+00:00\" \/>\n<meta property=\"article:modified_time\" content=\"2023-10-19T15:19:56+00:00\" \/>\n<meta property=\"og:image\" content=\"https:\/\/dhg1h5j42swfq.cloudfront.net\/2022\/02\/21100123\/cemig.jpg\" \/>\n\t<meta property=\"og:image:width\" content=\"768\" \/>\n\t<meta property=\"og:image:height\" content=\"432\" \/>\n\t<meta property=\"og:image:type\" content=\"image\/jpeg\" \/>\n<meta name=\"author\" content=\"F\u00e1bio Scaldelai\" \/>\n<meta name=\"twitter:card\" content=\"summary_large_image\" \/>\n<meta name=\"twitter:creator\" content=\"@EstratConcursos\" \/>\n<meta name=\"twitter:site\" content=\"@EstratConcursos\" \/>\n<meta name=\"twitter:label1\" content=\"Escrito por\" \/>\n\t<meta name=\"twitter:data1\" content=\"F\u00e1bio Scaldelai\" \/>\n\t<meta name=\"twitter:label2\" content=\"Est. tempo de leitura\" \/>\n\t<meta name=\"twitter:data2\" content=\"4 minutos\" \/>\n<script type=\"application\/ld+json\" class=\"yoast-schema-graph\">{\"@context\":\"https:\/\/schema.org\",\"@graph\":[{\"@type\":\"NewsArticle\",\"@id\":\"https:\/\/www.estrategiaconcursos.com.br\/blog\/concurso-cemig-edital-publicado\/#article\",\"isPartOf\":{\"@id\":\"https:\/\/www.estrategiaconcursos.com.br\/blog\/concurso-cemig-edital-publicado\/\"},\"author\":{\"name\":\"F\u00e1bio Scaldelai\",\"@id\":\"https:\/\/www.estrategiaconcursos.com.br\/blog\/#\/schema\/person\/e3b6b7ce0192dd4ad270655969d61750\"},\"headline\":\"Edital CEMIG: inscri\u00e7\u00f5es encerradas e provas em junho\",\"datePublished\":\"2022-05-20T02:59:00+00:00\",\"dateModified\":\"2023-10-19T15:19:56+00:00\",\"mainEntityOfPage\":{\"@id\":\"https:\/\/www.estrategiaconcursos.com.br\/blog\/concurso-cemig-edital-publicado\/\"},\"wordCount\":647,\"commentCount\":0,\"publisher\":{\"@id\":\"https:\/\/www.estrategiaconcursos.com.br\/blog\/#organization\"},\"image\":{\"@id\":\"https:\/\/www.estrategiaconcursos.com.br\/blog\/concurso-cemig-edital-publicado\/#primaryimage\"},\"thumbnailUrl\":\"https:\/\/dhg1h5j42swfq.cloudfront.net\/2022\/02\/21100123\/cemig.jpg\",\"articleSection\":[\"Executivo (Administrativa)\",\"\u00daltimas not\u00edcias\"],\"inLanguage\":\"pt-BR\",\"potentialAction\":[{\"@type\":\"CommentAction\",\"name\":\"Comment\",\"target\":[\"https:\/\/www.estrategiaconcursos.com.br\/blog\/concurso-cemig-edital-publicado\/#respond\"]}],\"copyrightYear\":\"2022\",\"copyrightHolder\":{\"@id\":\"https:\/\/www.estrategiaconcursos.com.br\/blog\/#organization\"}},{\"@type\":\"WebPage\",\"@id\":\"https:\/\/www.estrategiaconcursos.com.br\/blog\/concurso-cemig-edital-publicado\/\",\"url\":\"https:\/\/www.estrategiaconcursos.com.br\/blog\/concurso-cemig-edital-publicado\/\",\"name\":\"Edital CEMIG: inscri\u00e7\u00f5es encerradas e provas em junho\",\"isPartOf\":{\"@id\":\"https:\/\/www.estrategiaconcursos.com.br\/blog\/#website\"},\"primaryImageOfPage\":{\"@id\":\"https:\/\/www.estrategiaconcursos.com.br\/blog\/concurso-cemig-edital-publicado\/#primaryimage\"},\"image\":{\"@id\":\"https:\/\/www.estrategiaconcursos.com.br\/blog\/concurso-cemig-edital-publicado\/#primaryimage\"},\"thumbnailUrl\":\"https:\/\/dhg1h5j42swfq.cloudfront.net\/2022\/02\/21100123\/cemig.jpg\",\"datePublished\":\"2022-05-20T02:59:00+00:00\",\"dateModified\":\"2023-10-19T15:19:56+00:00\",\"description\":\"Edital CEMIG: inscri\u00e7\u00f5es encerradas e provas previstas para o dia 12 de junho, sob organiza\u00e7\u00e3o da FUMARC. Veja aqui!\",\"breadcrumb\":{\"@id\":\"https:\/\/www.estrategiaconcursos.com.br\/blog\/concurso-cemig-edital-publicado\/#breadcrumb\"},\"inLanguage\":\"pt-BR\",\"potentialAction\":[{\"@type\":\"ReadAction\",\"target\":[\"https:\/\/www.estrategiaconcursos.com.br\/blog\/concurso-cemig-edital-publicado\/\"]}]},{\"@type\":\"ImageObject\",\"inLanguage\":\"pt-BR\",\"@id\":\"https:\/\/www.estrategiaconcursos.com.br\/blog\/concurso-cemig-edital-publicado\/#primaryimage\",\"url\":\"https:\/\/dhg1h5j42swfq.cloudfront.net\/2022\/02\/21100123\/cemig.jpg\",\"contentUrl\":\"https:\/\/dhg1h5j42swfq.cloudfront.net\/2022\/02\/21100123\/cemig.jpg\",\"width\":768,\"height\":432,\"caption\":\"Edital CEMIG\"},{\"@type\":\"BreadcrumbList\",\"@id\":\"https:\/\/www.estrategiaconcursos.com.br\/blog\/concurso-cemig-edital-publicado\/#breadcrumb\",\"itemListElement\":[{\"@type\":\"ListItem\",\"position\":1,\"name\":\"In\u00edcio\",\"item\":\"https:\/\/www.estrategiaconcursos.com.br\/blog\/\"},{\"@type\":\"ListItem\",\"position\":2,\"name\":\"Edital CEMIG: inscri\u00e7\u00f5es encerradas e provas em junho\"}]},{\"@type\":\"WebSite\",\"@id\":\"https:\/\/www.estrategiaconcursos.com.br\/blog\/#website\",\"url\":\"https:\/\/www.estrategiaconcursos.com.br\/blog\/\",\"name\":\"Estrat\u00e9gia Concursos\",\"description\":\"O blog da Estrat\u00e9gia Concursos traz not\u00edcias sobre concursos e artigos de professores oferecendo cursos para concursos (pdf + videaulas) no site.\",\"publisher\":{\"@id\":\"https:\/\/www.estrategiaconcursos.com.br\/blog\/#organization\"},\"potentialAction\":[{\"@type\":\"SearchAction\",\"target\":{\"@type\":\"EntryPoint\",\"urlTemplate\":\"https:\/\/www.estrategiaconcursos.com.br\/blog\/?s={search_term_string}\"},\"query-input\":{\"@type\":\"PropertyValueSpecification\",\"valueRequired\":true,\"valueName\":\"search_term_string\"}}],\"inLanguage\":\"pt-BR\"},{\"@type\":\"Organization\",\"@id\":\"https:\/\/www.estrategiaconcursos.com.br\/blog\/#organization\",\"name\":\"Estrat\u00e9gia Concursos\",\"url\":\"https:\/\/www.estrategiaconcursos.com.br\/blog\/\",\"logo\":{\"@type\":\"ImageObject\",\"inLanguage\":\"pt-BR\",\"@id\":\"https:\/\/www.estrategiaconcursos.com.br\/blog\/#\/schema\/logo\/image\/\",\"url\":\"https:\/\/dhg1h5j42swfq.cloudfront.net\/2025\/06\/03203428\/logo_concursos-1.jpg\",\"contentUrl\":\"https:\/\/dhg1h5j42swfq.cloudfront.net\/2025\/06\/03203428\/logo_concursos-1.jpg\",\"width\":230,\"height\":60,\"caption\":\"Estrat\u00e9gia Concursos\"},\"image\":{\"@id\":\"https:\/\/www.estrategiaconcursos.com.br\/blog\/#\/schema\/logo\/image\/\"},\"sameAs\":[\"https:\/\/x.com\/EstratConcursos\"]},{\"@type\":\"Person\",\"@id\":\"https:\/\/www.estrategiaconcursos.com.br\/blog\/#\/schema\/person\/e3b6b7ce0192dd4ad270655969d61750\",\"name\":\"F\u00e1bio Scaldelai\",\"image\":{\"@type\":\"ImageObject\",\"inLanguage\":\"pt-BR\",\"@id\":\"https:\/\/secure.gravatar.com\/avatar\/8ed7492c4d88d8495bc0cb24cda6847b8ae23eec459a919e08e77d0ca0fd79ec?s=96&d=mm&r=g\",\"url\":\"https:\/\/secure.gravatar.com\/avatar\/8ed7492c4d88d8495bc0cb24cda6847b8ae23eec459a919e08e77d0ca0fd79ec?s=96&d=mm&r=g\",\"contentUrl\":\"https:\/\/secure.gravatar.com\/avatar\/8ed7492c4d88d8495bc0cb24cda6847b8ae23eec459a919e08e77d0ca0fd79ec?s=96&d=mm&r=g\",\"caption\":\"F\u00e1bio Scaldelai\"},\"description\":\"Jornalista no Estrat\u00e9gia Concursos e Produtor de Televis\u00e3o, formado em Jornalismo, R\u00e1dio e TV pela Faculdade Integrada Rio Branco, com especializa\u00e7\u00f5es em Gest\u00e3o Empresarial e Marketing pelo M\u00f3dulo. Atuou como produtor no SBT, TV Bandeirantes e R\u00e1dio Band FM, al\u00e9m de acumular tr\u00eas anos de experi\u00eancia no setor de concursos p\u00fablicos pela LFG (Luiz Fl\u00e1vio Gomes). No Estrat\u00e9gia Concursos, atua na apura\u00e7\u00e3o de not\u00edcias da \u00e1rea fiscal, al\u00e9m de coberturas sobre concursos das \u00e1reas de controle (TCU, TCE, etc), concurso AFT, \u00e1rea de gest\u00e3o e administrativa, bem como dos \u00f3rg\u00e3os participantes do CNU. Tamb\u00e9m possui experi\u00eancia em link building e an\u00e1lise de m\u00eddia, adquirida durante sua atua\u00e7\u00e3o na ag\u00eancia SEO Marketing.\",\"url\":\"https:\/\/www.estrategiaconcursos.com.br\/blog\/author\/fabio-scaldelaiestrategiaconcursos-com-br\/\"}]}<\/script>\n<!-- \/ Yoast SEO Premium plugin. -->","yoast_head_json":{"title":"Edital CEMIG: inscri\u00e7\u00f5es encerradas e provas em junho","description":"Edital CEMIG: inscri\u00e7\u00f5es encerradas e provas previstas para o dia 12 de junho, sob organiza\u00e7\u00e3o da FUMARC. Veja aqui!","robots":{"index":"index","follow":"follow","max-snippet":"max-snippet:-1","max-image-preview":"max-image-preview:large","max-video-preview":"max-video-preview:-1"},"canonical":"https:\/\/www.estrategiaconcursos.com.br\/blog\/concurso-cemig-edital-publicado\/","og_locale":"pt_BR","og_type":"article","og_title":"Edital CEMIG: inscri\u00e7\u00f5es encerradas e provas em junho","og_description":"Edital CEMIG: inscri\u00e7\u00f5es encerradas e provas previstas para o dia 12 de junho, sob organiza\u00e7\u00e3o da FUMARC. Veja aqui!","og_url":"https:\/\/www.estrategiaconcursos.com.br\/blog\/concurso-cemig-edital-publicado\/","og_site_name":"Estrat\u00e9gia Concursos","article_published_time":"2022-05-20T02:59:00+00:00","article_modified_time":"2023-10-19T15:19:56+00:00","og_image":[{"width":768,"height":432,"url":"https:\/\/dhg1h5j42swfq.cloudfront.net\/2022\/02\/21100123\/cemig.jpg","type":"image\/jpeg"}],"author":"F\u00e1bio Scaldelai","twitter_card":"summary_large_image","twitter_creator":"@EstratConcursos","twitter_site":"@EstratConcursos","twitter_misc":{"Escrito por":"F\u00e1bio Scaldelai","Est. tempo de leitura":"4 minutos"},"schema":{"@context":"https:\/\/schema.org","@graph":[{"@type":"NewsArticle","@id":"https:\/\/www.estrategiaconcursos.com.br\/blog\/concurso-cemig-edital-publicado\/#article","isPartOf":{"@id":"https:\/\/www.estrategiaconcursos.com.br\/blog\/concurso-cemig-edital-publicado\/"},"author":{"name":"F\u00e1bio Scaldelai","@id":"https:\/\/www.estrategiaconcursos.com.br\/blog\/#\/schema\/person\/e3b6b7ce0192dd4ad270655969d61750"},"headline":"Edital CEMIG: inscri\u00e7\u00f5es encerradas e provas em junho","datePublished":"2022-05-20T02:59:00+00:00","dateModified":"2023-10-19T15:19:56+00:00","mainEntityOfPage":{"@id":"https:\/\/www.estrategiaconcursos.com.br\/blog\/concurso-cemig-edital-publicado\/"},"wordCount":647,"commentCount":0,"publisher":{"@id":"https:\/\/www.estrategiaconcursos.com.br\/blog\/#organization"},"image":{"@id":"https:\/\/www.estrategiaconcursos.com.br\/blog\/concurso-cemig-edital-publicado\/#primaryimage"},"thumbnailUrl":"https:\/\/dhg1h5j42swfq.cloudfront.net\/2022\/02\/21100123\/cemig.jpg","articleSection":["Executivo (Administrativa)","\u00daltimas not\u00edcias"],"inLanguage":"pt-BR","potentialAction":[{"@type":"CommentAction","name":"Comment","target":["https:\/\/www.estrategiaconcursos.com.br\/blog\/concurso-cemig-edital-publicado\/#respond"]}],"copyrightYear":"2022","copyrightHolder":{"@id":"https:\/\/www.estrategiaconcursos.com.br\/blog\/#organization"}},{"@type":"WebPage","@id":"https:\/\/www.estrategiaconcursos.com.br\/blog\/concurso-cemig-edital-publicado\/","url":"https:\/\/www.estrategiaconcursos.com.br\/blog\/concurso-cemig-edital-publicado\/","name":"Edital CEMIG: inscri\u00e7\u00f5es encerradas e provas em junho","isPartOf":{"@id":"https:\/\/www.estrategiaconcursos.com.br\/blog\/#website"},"primaryImageOfPage":{"@id":"https:\/\/www.estrategiaconcursos.com.br\/blog\/concurso-cemig-edital-publicado\/#primaryimage"},"image":{"@id":"https:\/\/www.estrategiaconcursos.com.br\/blog\/concurso-cemig-edital-publicado\/#primaryimage"},"thumbnailUrl":"https:\/\/dhg1h5j42swfq.cloudfront.net\/2022\/02\/21100123\/cemig.jpg","datePublished":"2022-05-20T02:59:00+00:00","dateModified":"2023-10-19T15:19:56+00:00","description":"Edital CEMIG: inscri\u00e7\u00f5es encerradas e provas previstas para o dia 12 de junho, sob organiza\u00e7\u00e3o da FUMARC. Veja aqui!","breadcrumb":{"@id":"https:\/\/www.estrategiaconcursos.com.br\/blog\/concurso-cemig-edital-publicado\/#breadcrumb"},"inLanguage":"pt-BR","potentialAction":[{"@type":"ReadAction","target":["https:\/\/www.estrategiaconcursos.com.br\/blog\/concurso-cemig-edital-publicado\/"]}]},{"@type":"ImageObject","inLanguage":"pt-BR","@id":"https:\/\/www.estrategiaconcursos.com.br\/blog\/concurso-cemig-edital-publicado\/#primaryimage","url":"https:\/\/dhg1h5j42swfq.cloudfront.net\/2022\/02\/21100123\/cemig.jpg","contentUrl":"https:\/\/dhg1h5j42swfq.cloudfront.net\/2022\/02\/21100123\/cemig.jpg","width":768,"height":432,"caption":"Edital CEMIG"},{"@type":"BreadcrumbList","@id":"https:\/\/www.estrategiaconcursos.com.br\/blog\/concurso-cemig-edital-publicado\/#breadcrumb","itemListElement":[{"@type":"ListItem","position":1,"name":"In\u00edcio","item":"https:\/\/www.estrategiaconcursos.com.br\/blog\/"},{"@type":"ListItem","position":2,"name":"Edital CEMIG: inscri\u00e7\u00f5es encerradas e provas em junho"}]},{"@type":"WebSite","@id":"https:\/\/www.estrategiaconcursos.com.br\/blog\/#website","url":"https:\/\/www.estrategiaconcursos.com.br\/blog\/","name":"Estrat\u00e9gia Concursos","description":"O blog da Estrat\u00e9gia Concursos traz not\u00edcias sobre concursos e artigos de professores oferecendo cursos para concursos (pdf + videaulas) no site.","publisher":{"@id":"https:\/\/www.estrategiaconcursos.com.br\/blog\/#organization"},"potentialAction":[{"@type":"SearchAction","target":{"@type":"EntryPoint","urlTemplate":"https:\/\/www.estrategiaconcursos.com.br\/blog\/?s={search_term_string}"},"query-input":{"@type":"PropertyValueSpecification","valueRequired":true,"valueName":"search_term_string"}}],"inLanguage":"pt-BR"},{"@type":"Organization","@id":"https:\/\/www.estrategiaconcursos.com.br\/blog\/#organization","name":"Estrat\u00e9gia Concursos","url":"https:\/\/www.estrategiaconcursos.com.br\/blog\/","logo":{"@type":"ImageObject","inLanguage":"pt-BR","@id":"https:\/\/www.estrategiaconcursos.com.br\/blog\/#\/schema\/logo\/image\/","url":"https:\/\/dhg1h5j42swfq.cloudfront.net\/2025\/06\/03203428\/logo_concursos-1.jpg","contentUrl":"https:\/\/dhg1h5j42swfq.cloudfront.net\/2025\/06\/03203428\/logo_concursos-1.jpg","width":230,"height":60,"caption":"Estrat\u00e9gia Concursos"},"image":{"@id":"https:\/\/www.estrategiaconcursos.com.br\/blog\/#\/schema\/logo\/image\/"},"sameAs":["https:\/\/x.com\/EstratConcursos"]},{"@type":"Person","@id":"https:\/\/www.estrategiaconcursos.com.br\/blog\/#\/schema\/person\/e3b6b7ce0192dd4ad270655969d61750","name":"F\u00e1bio Scaldelai","image":{"@type":"ImageObject","inLanguage":"pt-BR","@id":"https:\/\/secure.gravatar.com\/avatar\/8ed7492c4d88d8495bc0cb24cda6847b8ae23eec459a919e08e77d0ca0fd79ec?s=96&d=mm&r=g","url":"https:\/\/secure.gravatar.com\/avatar\/8ed7492c4d88d8495bc0cb24cda6847b8ae23eec459a919e08e77d0ca0fd79ec?s=96&d=mm&r=g","contentUrl":"https:\/\/secure.gravatar.com\/avatar\/8ed7492c4d88d8495bc0cb24cda6847b8ae23eec459a919e08e77d0ca0fd79ec?s=96&d=mm&r=g","caption":"F\u00e1bio Scaldelai"},"description":"Jornalista no Estrat\u00e9gia Concursos e Produtor de Televis\u00e3o, formado em Jornalismo, R\u00e1dio e TV pela Faculdade Integrada Rio Branco, com especializa\u00e7\u00f5es em Gest\u00e3o Empresarial e Marketing pelo M\u00f3dulo. Atuou como produtor no SBT, TV Bandeirantes e R\u00e1dio Band FM, al\u00e9m de acumular tr\u00eas anos de experi\u00eancia no setor de concursos p\u00fablicos pela LFG (Luiz Fl\u00e1vio Gomes). No Estrat\u00e9gia Concursos, atua na apura\u00e7\u00e3o de not\u00edcias da \u00e1rea fiscal, al\u00e9m de coberturas sobre concursos das \u00e1reas de controle (TCU, TCE, etc), concurso AFT, \u00e1rea de gest\u00e3o e administrativa, bem como dos \u00f3rg\u00e3os participantes do CNU. Tamb\u00e9m possui experi\u00eancia em link building e an\u00e1lise de m\u00eddia, adquirida durante sua atua\u00e7\u00e3o na ag\u00eancia SEO Marketing.","url":"https:\/\/www.estrategiaconcursos.com.br\/blog\/author\/fabio-scaldelaiestrategiaconcursos-com-br\/"}]}},"_links":{"self":[{"href":"https:\/\/www.estrategiaconcursos.com.br\/blog\/wp-json\/wp\/v2\/posts\/972951","targetHints":{"allow":["GET"]}}],"collection":[{"href":"https:\/\/www.estrategiaconcursos.com.br\/blog\/wp-json\/wp\/v2\/posts"}],"about":[{"href":"https:\/\/www.estrategiaconcursos.com.br\/blog\/wp-json\/wp\/v2\/types\/post"}],"author":[{"embeddable":true,"href":"https:\/\/www.estrategiaconcursos.com.br\/blog\/wp-json\/wp\/v2\/users\/656"}],"replies":[{"embeddable":true,"href":"https:\/\/www.estrategiaconcursos.com.br\/blog\/wp-json\/wp\/v2\/comments?post=972951"}],"version-history":[{"count":15,"href":"https:\/\/www.estrategiaconcursos.com.br\/blog\/wp-json\/wp\/v2\/posts\/972951\/revisions"}],"predecessor-version":[{"id":1294806,"href":"https:\/\/www.estrategiaconcursos.com.br\/blog\/wp-json\/wp\/v2\/posts\/972951\/revisions\/1294806"}],"wp:featuredmedia":[{"embeddable":true,"href":"https:\/\/www.estrategiaconcursos.com.br\/blog\/wp-json\/wp\/v2\/media\/973807"}],"wp:attachment":[{"href":"https:\/\/www.estrategiaconcursos.com.br\/blog\/wp-json\/wp\/v2\/media?parent=972951"}],"wp:term":[{"taxonomy":"category","embeddable":true,"href":"https:\/\/www.estrategiaconcursos.com.br\/blog\/wp-json\/wp\/v2\/categories?post=972951"},{"taxonomy":"post_tag","embeddable":true,"href":"https:\/\/www.estrategiaconcursos.com.br\/blog\/wp-json\/wp\/v2\/tags?post=972951"},{"taxonomy":"tax_estado","embeddable":true,"href":"https:\/\/www.estrategiaconcursos.com.br\/blog\/wp-json\/wp\/v2\/tax_estado?post=972951"}],"curies":[{"name":"wp","href":"https:\/\/api.w.org\/{rel}","templated":true}]}}