{"id":972565,"date":"2022-02-18T17:31:41","date_gmt":"2022-02-18T20:31:41","guid":{"rendered":"https:\/\/www.estrategiaconcursos.com.br\/blog\/?p=972565"},"modified":"2022-02-18T18:11:37","modified_gmt":"2022-02-18T21:11:37","slug":"concurso-stj-comissao-formada","status":"publish","type":"post","link":"https:\/\/www.estrategiaconcursos.com.br\/blog\/concurso-stj-comissao-formada\/","title":{"rendered":"Concurso STJ: comiss\u00e3o formada para novo edital; veja detalhes"},"content":{"rendered":"\n<p>O <strong><a href=\"https:\/\/www.estrategiaconcursos.com.br\/pesquisa\/?q=TRIBUNAIS\" target=\"_blank\" rel=\"noreferrer noopener\">Superior Tribunal de Justi\u00e7a<\/a><\/strong> designou servidores para a composi\u00e7\u00e3o da comiss\u00e3o organizadora para um edital de concurso p\u00fablico para o quadro de servidores (<strong>concurso STJ<\/strong>). <\/p>\n\n\n\n<p>A designa\u00e7\u00e3o dos membros foi divulgada por meio do Di\u00e1rio Oficial do <strong>STJ <\/strong>e a realiza\u00e7\u00e3o do novo certame foi confirmada pelo pr\u00f3prio \u00f3rg\u00e3o nesta sexta-feira (18\/2). Veja detalhes:<\/p>\n\n\n\n<figure class=\"wp-block-image size-large is-resized\"><img loading=\"lazy\" decoding=\"async\" src=\"https:\/\/dhg1h5j42swfq.cloudfront.net\/2022\/02\/18172657\/captura-de-tela-2022-02-18-as-17-19-44-1024x242.png\" alt=\"Concurso STJ: comiss\u00e3o formada\" class=\"wp-image-972607\" width=\"840\" height=\"198\" srcset=\"https:\/\/dhg1h5j42swfq.cloudfront.net\/2022\/02\/18172657\/captura-de-tela-2022-02-18-as-17-19-44-1024x242.png 1024w, https:\/\/dhg1h5j42swfq.cloudfront.net\/2022\/02\/18172657\/captura-de-tela-2022-02-18-as-17-19-44-300x71.png 300w, https:\/\/dhg1h5j42swfq.cloudfront.net\/2022\/02\/18172657\/captura-de-tela-2022-02-18-as-17-19-44-768x181.png 768w, https:\/\/dhg1h5j42swfq.cloudfront.net\/2022\/02\/18172657\/captura-de-tela-2022-02-18-as-17-19-44-1536x362.png 1536w, https:\/\/dhg1h5j42swfq.cloudfront.net\/2022\/02\/18172657\/captura-de-tela-2022-02-18-as-17-19-44-610x144.png 610w, https:\/\/dhg1h5j42swfq.cloudfront.net\/2022\/02\/18172657\/captura-de-tela-2022-02-18-as-17-19-44.png 1806w\" sizes=\"auto, (max-width: 840px) 100vw, 840px\" \/><figcaption>Concurso STJ: comiss\u00e3o formada<\/figcaption><\/figure>\n\n\n\n<p>O questionamento foi encaminhado em raz\u00e3o do \u00f3rg\u00e3o possuir edital vigente at\u00e9 o ano de 2022. <\/p>\n\n\n\n<p>Ainda n\u00e3o h\u00e1 defini\u00e7\u00e3o sobre os<strong> cargos e vagas<\/strong> do edital, mas &nbsp;Lei Or\u00e7ament\u00e1ria Anual (LOA) Federal 2022 prev\u00ea o provimento de&nbsp;<strong>57 vagas <\/strong>dentro do \u00f3rg\u00e3o.<\/p>\n\n\n\n<p>A comiss\u00e3o organizadora ficar\u00e1 respons\u00e1vel pelos tramites que antecedem o edital, inclusive a escolha da <strong>banca organizadora<\/strong>.<\/p>\n\n\n\n<p>Veja maiores detalhes na imagem abaixo:<\/p>\n\n\n\n<div class=\"wp-block-image\"><figure class=\"aligncenter size-large\"><img loading=\"lazy\" decoding=\"async\" width=\"1024\" height=\"1017\" src=\"https:\/\/dhg1h5j42swfq.cloudfront.net\/2022\/02\/18171658\/captura-de-tela-2022-02-18-as-16-55-53-1024x1017.png\" alt=\"Concurso STJ: comiss\u00e3o formada\" class=\"wp-image-972589\" srcset=\"https:\/\/dhg1h5j42swfq.cloudfront.net\/2022\/02\/18171658\/captura-de-tela-2022-02-18-as-16-55-53-1024x1017.png 1024w, https:\/\/dhg1h5j42swfq.cloudfront.net\/2022\/02\/18171658\/captura-de-tela-2022-02-18-as-16-55-53-300x298.png 300w, https:\/\/dhg1h5j42swfq.cloudfront.net\/2022\/02\/18171658\/captura-de-tela-2022-02-18-as-16-55-53-150x150.png 150w, https:\/\/dhg1h5j42swfq.cloudfront.net\/2022\/02\/18171658\/captura-de-tela-2022-02-18-as-16-55-53-768x762.png 768w, https:\/\/dhg1h5j42swfq.cloudfront.net\/2022\/02\/18171658\/captura-de-tela-2022-02-18-as-16-55-53-610x606.png 610w, https:\/\/dhg1h5j42swfq.cloudfront.net\/2022\/02\/18171658\/captura-de-tela-2022-02-18-as-16-55-53.png 1388w\" sizes=\"auto, (max-width: 1024px) 100vw, 1024px\" \/><figcaption>Concurso STJ: comiss\u00e3o formada<\/figcaption><\/figure><\/div>\n\n\n\n<h2 class=\"wp-block-heading\" id=\"h-concurso-stj-ultimo-edital\">Concurso STJ: \u00faltimo edital<\/h2>\n\n\n\n<p>No \u00faltimo edital foram ofertadas no total 5 vagas imediatas mais cadastro de reserva.<\/p>\n\n\n\n<p>Ao todo o certame registrou <strong>66.608 inscritos<\/strong>, sendo a maioria para a carreira de T\u00e9cnico Judici\u00e1rio \u2013 \u00e1rea administrativa, com 26.401 participantes, seguido da fun\u00e7\u00e3o de Analista Judici\u00e1rio &#8211; \u00e1rea Judici\u00e1ria, com 15.911.&nbsp;<\/p>\n\n\n\n<p>A remunera\u00e7\u00e3o para o cargo de Analista &#8211; \u00e1reas Judici\u00e1ria, Administrativa e demais especialidades foram de <strong>R$ 11.007,00<\/strong>, somado aos aux\u00edlios-alimenta\u00e7\u00e3o e sa\u00fade, poderiam chegar a R$ 11.921,00. <\/p>\n\n\n\n<p>Os candidatos que possuem filhos tem acesso ao aux\u00edlio-natalidade de R$ 700,00.<\/p>\n\n\n\n<p>J\u00e1 para o cargo de T\u00e9cnico Judici\u00e1rio a remunera\u00e7\u00e3o foi de R$ 6.709,00, somados aux\u00edlios-alimenta\u00e7\u00e3o e sa\u00fade, chega a R$ 7.893,00. <\/p>\n\n\n\n<p>Pode ser acrescido no sal\u00e1rio o aux\u00edlio-natalidade de R$ 700,00 para candidatos que tenham filho.<\/p>\n\n\n\n<p>O Concurso STJ de 2018 foi composto de provas objetiva e discursiva. A organiza\u00e7\u00e3o ficou a cargo do Cebraspe. <\/p>\n\n\n","protected":false},"excerpt":{"rendered":"<p>O Superior Tribunal de Justi\u00e7a designou servidores para a composi\u00e7\u00e3o da comiss\u00e3o organizadora para um edital de concurso p\u00fablico para o quadro de servidores (concurso STJ). A designa\u00e7\u00e3o dos membros foi divulgada por meio do Di\u00e1rio Oficial do STJ e a realiza\u00e7\u00e3o do novo certame foi confirmada pelo pr\u00f3prio \u00f3rg\u00e3o nesta sexta-feira (18\/2). Veja detalhes: [&hellip;]<\/p>\n","protected":false},"author":2319,"featured_media":963782,"comment_status":"open","ping_status":"closed","sticky":false,"template":"","format":"standard","meta":{"post_tipo":"news","footnotes":""},"categories":[1984],"tags":[],"tax_estado":[219963],"class_list":["post-972565","post","type-post","status-publish","format-standard","has-post-thumbnail","hentry","category-tribunais","tax_estado-concursos-federais"],"acf":[],"yoast_head":"<!-- This site is optimized with the Yoast SEO Premium plugin v27.2 (Yoast SEO v27.2) - https:\/\/yoast.com\/product\/yoast-seo-premium-wordpress\/ -->\n<title>Concurso STJ: comiss\u00e3o formada para novo edital; veja detalhes<\/title>\n<meta name=\"description\" content=\"A comiss\u00e3o organizadora do concurso STJ foi publicada. O \u00f3rg\u00e3o tem edital vigente at\u00e9 o ano de 2022. Veja detalhes aqui!\" \/>\n<meta name=\"robots\" content=\"index, follow, max-snippet:-1, max-image-preview:large, max-video-preview:-1\" \/>\n<link rel=\"canonical\" href=\"https:\/\/www.estrategiaconcursos.com.br\/blog\/concurso-stj-comissao-formada\/\" \/>\n<meta property=\"og:locale\" content=\"pt_BR\" \/>\n<meta property=\"og:type\" content=\"article\" \/>\n<meta property=\"og:title\" content=\"Concurso STJ: comiss\u00e3o formada para novo edital; veja detalhes\" \/>\n<meta property=\"og:description\" content=\"A comiss\u00e3o organizadora do concurso STJ foi publicada. O \u00f3rg\u00e3o tem edital vigente at\u00e9 o ano de 2022. Veja detalhes aqui!\" \/>\n<meta property=\"og:url\" content=\"https:\/\/www.estrategiaconcursos.com.br\/blog\/concurso-stj-comissao-formada\/\" \/>\n<meta property=\"og:site_name\" content=\"Estrat\u00e9gia Concursos\" \/>\n<meta property=\"article:published_time\" content=\"2022-02-18T20:31:41+00:00\" \/>\n<meta property=\"article:modified_time\" content=\"2022-02-18T21:11:37+00:00\" \/>\n<meta property=\"og:image\" content=\"https:\/\/dhg1h5j42swfq.cloudfront.net\/2022\/02\/07175532\/foto-stj-4.jpg\" \/>\n\t<meta property=\"og:image:width\" content=\"275\" \/>\n\t<meta property=\"og:image:height\" content=\"183\" \/>\n\t<meta property=\"og:image:type\" content=\"image\/jpeg\" \/>\n<meta name=\"author\" content=\"Let\u00edcia Teixeira\" \/>\n<meta name=\"twitter:card\" content=\"summary_large_image\" \/>\n<meta name=\"twitter:creator\" content=\"@EstratConcursos\" \/>\n<meta name=\"twitter:site\" content=\"@EstratConcursos\" \/>\n<meta name=\"twitter:label1\" content=\"Escrito por\" \/>\n\t<meta name=\"twitter:data1\" content=\"Let\u00edcia Teixeira\" \/>\n\t<meta name=\"twitter:label2\" content=\"Est. tempo de leitura\" \/>\n\t<meta name=\"twitter:data2\" content=\"2 minutos\" \/>\n<script type=\"application\/ld+json\" class=\"yoast-schema-graph\">{\"@context\":\"https:\/\/schema.org\",\"@graph\":[{\"@type\":\"NewsArticle\",\"@id\":\"https:\/\/www.estrategiaconcursos.com.br\/blog\/concurso-stj-comissao-formada\/#article\",\"isPartOf\":{\"@id\":\"https:\/\/www.estrategiaconcursos.com.br\/blog\/concurso-stj-comissao-formada\/\"},\"author\":{\"name\":\"Let\u00edcia Teixeira\",\"@id\":\"https:\/\/www.estrategiaconcursos.com.br\/blog\/#\/schema\/person\/9b94727dcf4410f4a7931c83966c843b\"},\"headline\":\"Concurso STJ: comiss\u00e3o formada para novo edital; veja detalhes\",\"datePublished\":\"2022-02-18T20:31:41+00:00\",\"dateModified\":\"2022-02-18T21:11:37+00:00\",\"mainEntityOfPage\":{\"@id\":\"https:\/\/www.estrategiaconcursos.com.br\/blog\/concurso-stj-comissao-formada\/\"},\"wordCount\":312,\"commentCount\":0,\"publisher\":{\"@id\":\"https:\/\/www.estrategiaconcursos.com.br\/blog\/#organization\"},\"image\":{\"@id\":\"https:\/\/www.estrategiaconcursos.com.br\/blog\/concurso-stj-comissao-formada\/#primaryimage\"},\"thumbnailUrl\":\"https:\/\/dhg1h5j42swfq.cloudfront.net\/2022\/02\/07175532\/foto-stj-4.jpg\",\"articleSection\":[\"Tribunais\"],\"inLanguage\":\"pt-BR\",\"potentialAction\":[{\"@type\":\"CommentAction\",\"name\":\"Comment\",\"target\":[\"https:\/\/www.estrategiaconcursos.com.br\/blog\/concurso-stj-comissao-formada\/#respond\"]}],\"copyrightYear\":\"2022\",\"copyrightHolder\":{\"@id\":\"https:\/\/www.estrategiaconcursos.com.br\/blog\/#organization\"}},{\"@type\":\"WebPage\",\"@id\":\"https:\/\/www.estrategiaconcursos.com.br\/blog\/concurso-stj-comissao-formada\/\",\"url\":\"https:\/\/www.estrategiaconcursos.com.br\/blog\/concurso-stj-comissao-formada\/\",\"name\":\"Concurso STJ: comiss\u00e3o formada para novo edital; veja detalhes\",\"isPartOf\":{\"@id\":\"https:\/\/www.estrategiaconcursos.com.br\/blog\/#website\"},\"primaryImageOfPage\":{\"@id\":\"https:\/\/www.estrategiaconcursos.com.br\/blog\/concurso-stj-comissao-formada\/#primaryimage\"},\"image\":{\"@id\":\"https:\/\/www.estrategiaconcursos.com.br\/blog\/concurso-stj-comissao-formada\/#primaryimage\"},\"thumbnailUrl\":\"https:\/\/dhg1h5j42swfq.cloudfront.net\/2022\/02\/07175532\/foto-stj-4.jpg\",\"datePublished\":\"2022-02-18T20:31:41+00:00\",\"dateModified\":\"2022-02-18T21:11:37+00:00\",\"description\":\"A comiss\u00e3o organizadora do concurso STJ foi publicada. O \u00f3rg\u00e3o tem edital vigente at\u00e9 o ano de 2022. Veja detalhes aqui!\",\"breadcrumb\":{\"@id\":\"https:\/\/www.estrategiaconcursos.com.br\/blog\/concurso-stj-comissao-formada\/#breadcrumb\"},\"inLanguage\":\"pt-BR\",\"potentialAction\":[{\"@type\":\"ReadAction\",\"target\":[\"https:\/\/www.estrategiaconcursos.com.br\/blog\/concurso-stj-comissao-formada\/\"]}]},{\"@type\":\"ImageObject\",\"inLanguage\":\"pt-BR\",\"@id\":\"https:\/\/www.estrategiaconcursos.com.br\/blog\/concurso-stj-comissao-formada\/#primaryimage\",\"url\":\"https:\/\/dhg1h5j42swfq.cloudfront.net\/2022\/02\/07175532\/foto-stj-4.jpg\",\"contentUrl\":\"https:\/\/dhg1h5j42swfq.cloudfront.net\/2022\/02\/07175532\/foto-stj-4.jpg\",\"width\":275,\"height\":183,\"caption\":\"Recursos Repetitivos\"},{\"@type\":\"BreadcrumbList\",\"@id\":\"https:\/\/www.estrategiaconcursos.com.br\/blog\/concurso-stj-comissao-formada\/#breadcrumb\",\"itemListElement\":[{\"@type\":\"ListItem\",\"position\":1,\"name\":\"In\u00edcio\",\"item\":\"https:\/\/www.estrategiaconcursos.com.br\/blog\/\"},{\"@type\":\"ListItem\",\"position\":2,\"name\":\"Concurso STJ: comiss\u00e3o formada para novo edital; veja detalhes\"}]},{\"@type\":\"WebSite\",\"@id\":\"https:\/\/www.estrategiaconcursos.com.br\/blog\/#website\",\"url\":\"https:\/\/www.estrategiaconcursos.com.br\/blog\/\",\"name\":\"Estrat\u00e9gia Concursos\",\"description\":\"O blog da Estrat\u00e9gia Concursos traz not\u00edcias sobre concursos e artigos de professores oferecendo cursos para concursos (pdf + videaulas) no site.\",\"publisher\":{\"@id\":\"https:\/\/www.estrategiaconcursos.com.br\/blog\/#organization\"},\"potentialAction\":[{\"@type\":\"SearchAction\",\"target\":{\"@type\":\"EntryPoint\",\"urlTemplate\":\"https:\/\/www.estrategiaconcursos.com.br\/blog\/?s={search_term_string}\"},\"query-input\":{\"@type\":\"PropertyValueSpecification\",\"valueRequired\":true,\"valueName\":\"search_term_string\"}}],\"inLanguage\":\"pt-BR\"},{\"@type\":\"Organization\",\"@id\":\"https:\/\/www.estrategiaconcursos.com.br\/blog\/#organization\",\"name\":\"Estrat\u00e9gia Concursos\",\"url\":\"https:\/\/www.estrategiaconcursos.com.br\/blog\/\",\"logo\":{\"@type\":\"ImageObject\",\"inLanguage\":\"pt-BR\",\"@id\":\"https:\/\/www.estrategiaconcursos.com.br\/blog\/#\/schema\/logo\/image\/\",\"url\":\"https:\/\/dhg1h5j42swfq.cloudfront.net\/2025\/06\/03203428\/logo_concursos-1.jpg\",\"contentUrl\":\"https:\/\/dhg1h5j42swfq.cloudfront.net\/2025\/06\/03203428\/logo_concursos-1.jpg\",\"width\":230,\"height\":60,\"caption\":\"Estrat\u00e9gia Concursos\"},\"image\":{\"@id\":\"https:\/\/www.estrategiaconcursos.com.br\/blog\/#\/schema\/logo\/image\/\"},\"sameAs\":[\"https:\/\/x.com\/EstratConcursos\"]},{\"@type\":\"Person\",\"@id\":\"https:\/\/www.estrategiaconcursos.com.br\/blog\/#\/schema\/person\/9b94727dcf4410f4a7931c83966c843b\",\"name\":\"Let\u00edcia Teixeira\",\"image\":{\"@type\":\"ImageObject\",\"inLanguage\":\"pt-BR\",\"@id\":\"https:\/\/secure.gravatar.com\/avatar\/fb589b06b881e20b676d08f9d03226d1e3291ba2f90e751ddc9ccb21abf0244d?s=96&d=mm&r=g\",\"url\":\"https:\/\/secure.gravatar.com\/avatar\/fb589b06b881e20b676d08f9d03226d1e3291ba2f90e751ddc9ccb21abf0244d?s=96&d=mm&r=g\",\"contentUrl\":\"https:\/\/secure.gravatar.com\/avatar\/fb589b06b881e20b676d08f9d03226d1e3291ba2f90e751ddc9ccb21abf0244d?s=96&d=mm&r=g\",\"caption\":\"Let\u00edcia Teixeira\"},\"description\":\"Jornalista com experi\u00eancia de mais de quatro anos no segmento de concursos p\u00fablicos. Especializada em Narrativa Transm\u00eddia e Storytelling pela Universidade Cat\u00f3lica de Bras\u00edlia, com atua\u00e7\u00e3o nas \u00e1reas de SEO, conte\u00fado, Webwriting e Copywriting.\",\"url\":\"https:\/\/www.estrategiaconcursos.com.br\/blog\/author\/leticia-teixeiraestrategia-com\/\"}]}<\/script>\n<!-- \/ Yoast SEO Premium plugin. -->","yoast_head_json":{"title":"Concurso STJ: comiss\u00e3o formada para novo edital; veja detalhes","description":"A comiss\u00e3o organizadora do concurso STJ foi publicada. O \u00f3rg\u00e3o tem edital vigente at\u00e9 o ano de 2022. Veja detalhes aqui!","robots":{"index":"index","follow":"follow","max-snippet":"max-snippet:-1","max-image-preview":"max-image-preview:large","max-video-preview":"max-video-preview:-1"},"canonical":"https:\/\/www.estrategiaconcursos.com.br\/blog\/concurso-stj-comissao-formada\/","og_locale":"pt_BR","og_type":"article","og_title":"Concurso STJ: comiss\u00e3o formada para novo edital; veja detalhes","og_description":"A comiss\u00e3o organizadora do concurso STJ foi publicada. O \u00f3rg\u00e3o tem edital vigente at\u00e9 o ano de 2022. Veja detalhes aqui!","og_url":"https:\/\/www.estrategiaconcursos.com.br\/blog\/concurso-stj-comissao-formada\/","og_site_name":"Estrat\u00e9gia Concursos","article_published_time":"2022-02-18T20:31:41+00:00","article_modified_time":"2022-02-18T21:11:37+00:00","og_image":[{"width":275,"height":183,"url":"https:\/\/dhg1h5j42swfq.cloudfront.net\/2022\/02\/07175532\/foto-stj-4.jpg","type":"image\/jpeg"}],"author":"Let\u00edcia Teixeira","twitter_card":"summary_large_image","twitter_creator":"@EstratConcursos","twitter_site":"@EstratConcursos","twitter_misc":{"Escrito por":"Let\u00edcia Teixeira","Est. tempo de leitura":"2 minutos"},"schema":{"@context":"https:\/\/schema.org","@graph":[{"@type":"NewsArticle","@id":"https:\/\/www.estrategiaconcursos.com.br\/blog\/concurso-stj-comissao-formada\/#article","isPartOf":{"@id":"https:\/\/www.estrategiaconcursos.com.br\/blog\/concurso-stj-comissao-formada\/"},"author":{"name":"Let\u00edcia Teixeira","@id":"https:\/\/www.estrategiaconcursos.com.br\/blog\/#\/schema\/person\/9b94727dcf4410f4a7931c83966c843b"},"headline":"Concurso STJ: comiss\u00e3o formada para novo edital; veja detalhes","datePublished":"2022-02-18T20:31:41+00:00","dateModified":"2022-02-18T21:11:37+00:00","mainEntityOfPage":{"@id":"https:\/\/www.estrategiaconcursos.com.br\/blog\/concurso-stj-comissao-formada\/"},"wordCount":312,"commentCount":0,"publisher":{"@id":"https:\/\/www.estrategiaconcursos.com.br\/blog\/#organization"},"image":{"@id":"https:\/\/www.estrategiaconcursos.com.br\/blog\/concurso-stj-comissao-formada\/#primaryimage"},"thumbnailUrl":"https:\/\/dhg1h5j42swfq.cloudfront.net\/2022\/02\/07175532\/foto-stj-4.jpg","articleSection":["Tribunais"],"inLanguage":"pt-BR","potentialAction":[{"@type":"CommentAction","name":"Comment","target":["https:\/\/www.estrategiaconcursos.com.br\/blog\/concurso-stj-comissao-formada\/#respond"]}],"copyrightYear":"2022","copyrightHolder":{"@id":"https:\/\/www.estrategiaconcursos.com.br\/blog\/#organization"}},{"@type":"WebPage","@id":"https:\/\/www.estrategiaconcursos.com.br\/blog\/concurso-stj-comissao-formada\/","url":"https:\/\/www.estrategiaconcursos.com.br\/blog\/concurso-stj-comissao-formada\/","name":"Concurso STJ: comiss\u00e3o formada para novo edital; veja detalhes","isPartOf":{"@id":"https:\/\/www.estrategiaconcursos.com.br\/blog\/#website"},"primaryImageOfPage":{"@id":"https:\/\/www.estrategiaconcursos.com.br\/blog\/concurso-stj-comissao-formada\/#primaryimage"},"image":{"@id":"https:\/\/www.estrategiaconcursos.com.br\/blog\/concurso-stj-comissao-formada\/#primaryimage"},"thumbnailUrl":"https:\/\/dhg1h5j42swfq.cloudfront.net\/2022\/02\/07175532\/foto-stj-4.jpg","datePublished":"2022-02-18T20:31:41+00:00","dateModified":"2022-02-18T21:11:37+00:00","description":"A comiss\u00e3o organizadora do concurso STJ foi publicada. O \u00f3rg\u00e3o tem edital vigente at\u00e9 o ano de 2022. Veja detalhes aqui!","breadcrumb":{"@id":"https:\/\/www.estrategiaconcursos.com.br\/blog\/concurso-stj-comissao-formada\/#breadcrumb"},"inLanguage":"pt-BR","potentialAction":[{"@type":"ReadAction","target":["https:\/\/www.estrategiaconcursos.com.br\/blog\/concurso-stj-comissao-formada\/"]}]},{"@type":"ImageObject","inLanguage":"pt-BR","@id":"https:\/\/www.estrategiaconcursos.com.br\/blog\/concurso-stj-comissao-formada\/#primaryimage","url":"https:\/\/dhg1h5j42swfq.cloudfront.net\/2022\/02\/07175532\/foto-stj-4.jpg","contentUrl":"https:\/\/dhg1h5j42swfq.cloudfront.net\/2022\/02\/07175532\/foto-stj-4.jpg","width":275,"height":183,"caption":"Recursos Repetitivos"},{"@type":"BreadcrumbList","@id":"https:\/\/www.estrategiaconcursos.com.br\/blog\/concurso-stj-comissao-formada\/#breadcrumb","itemListElement":[{"@type":"ListItem","position":1,"name":"In\u00edcio","item":"https:\/\/www.estrategiaconcursos.com.br\/blog\/"},{"@type":"ListItem","position":2,"name":"Concurso STJ: comiss\u00e3o formada para novo edital; veja detalhes"}]},{"@type":"WebSite","@id":"https:\/\/www.estrategiaconcursos.com.br\/blog\/#website","url":"https:\/\/www.estrategiaconcursos.com.br\/blog\/","name":"Estrat\u00e9gia Concursos","description":"O blog da Estrat\u00e9gia Concursos traz not\u00edcias sobre concursos e artigos de professores oferecendo cursos para concursos (pdf + videaulas) no site.","publisher":{"@id":"https:\/\/www.estrategiaconcursos.com.br\/blog\/#organization"},"potentialAction":[{"@type":"SearchAction","target":{"@type":"EntryPoint","urlTemplate":"https:\/\/www.estrategiaconcursos.com.br\/blog\/?s={search_term_string}"},"query-input":{"@type":"PropertyValueSpecification","valueRequired":true,"valueName":"search_term_string"}}],"inLanguage":"pt-BR"},{"@type":"Organization","@id":"https:\/\/www.estrategiaconcursos.com.br\/blog\/#organization","name":"Estrat\u00e9gia Concursos","url":"https:\/\/www.estrategiaconcursos.com.br\/blog\/","logo":{"@type":"ImageObject","inLanguage":"pt-BR","@id":"https:\/\/www.estrategiaconcursos.com.br\/blog\/#\/schema\/logo\/image\/","url":"https:\/\/dhg1h5j42swfq.cloudfront.net\/2025\/06\/03203428\/logo_concursos-1.jpg","contentUrl":"https:\/\/dhg1h5j42swfq.cloudfront.net\/2025\/06\/03203428\/logo_concursos-1.jpg","width":230,"height":60,"caption":"Estrat\u00e9gia Concursos"},"image":{"@id":"https:\/\/www.estrategiaconcursos.com.br\/blog\/#\/schema\/logo\/image\/"},"sameAs":["https:\/\/x.com\/EstratConcursos"]},{"@type":"Person","@id":"https:\/\/www.estrategiaconcursos.com.br\/blog\/#\/schema\/person\/9b94727dcf4410f4a7931c83966c843b","name":"Let\u00edcia Teixeira","image":{"@type":"ImageObject","inLanguage":"pt-BR","@id":"https:\/\/secure.gravatar.com\/avatar\/fb589b06b881e20b676d08f9d03226d1e3291ba2f90e751ddc9ccb21abf0244d?s=96&d=mm&r=g","url":"https:\/\/secure.gravatar.com\/avatar\/fb589b06b881e20b676d08f9d03226d1e3291ba2f90e751ddc9ccb21abf0244d?s=96&d=mm&r=g","contentUrl":"https:\/\/secure.gravatar.com\/avatar\/fb589b06b881e20b676d08f9d03226d1e3291ba2f90e751ddc9ccb21abf0244d?s=96&d=mm&r=g","caption":"Let\u00edcia Teixeira"},"description":"Jornalista com experi\u00eancia de mais de quatro anos no segmento de concursos p\u00fablicos. Especializada em Narrativa Transm\u00eddia e Storytelling pela Universidade Cat\u00f3lica de Bras\u00edlia, com atua\u00e7\u00e3o nas \u00e1reas de SEO, conte\u00fado, Webwriting e Copywriting.","url":"https:\/\/www.estrategiaconcursos.com.br\/blog\/author\/leticia-teixeiraestrategia-com\/"}]}},"_links":{"self":[{"href":"https:\/\/www.estrategiaconcursos.com.br\/blog\/wp-json\/wp\/v2\/posts\/972565","targetHints":{"allow":["GET"]}}],"collection":[{"href":"https:\/\/www.estrategiaconcursos.com.br\/blog\/wp-json\/wp\/v2\/posts"}],"about":[{"href":"https:\/\/www.estrategiaconcursos.com.br\/blog\/wp-json\/wp\/v2\/types\/post"}],"author":[{"embeddable":true,"href":"https:\/\/www.estrategiaconcursos.com.br\/blog\/wp-json\/wp\/v2\/users\/2319"}],"replies":[{"embeddable":true,"href":"https:\/\/www.estrategiaconcursos.com.br\/blog\/wp-json\/wp\/v2\/comments?post=972565"}],"version-history":[{"count":6,"href":"https:\/\/www.estrategiaconcursos.com.br\/blog\/wp-json\/wp\/v2\/posts\/972565\/revisions"}],"predecessor-version":[{"id":972638,"href":"https:\/\/www.estrategiaconcursos.com.br\/blog\/wp-json\/wp\/v2\/posts\/972565\/revisions\/972638"}],"wp:featuredmedia":[{"embeddable":true,"href":"https:\/\/www.estrategiaconcursos.com.br\/blog\/wp-json\/wp\/v2\/media\/963782"}],"wp:attachment":[{"href":"https:\/\/www.estrategiaconcursos.com.br\/blog\/wp-json\/wp\/v2\/media?parent=972565"}],"wp:term":[{"taxonomy":"category","embeddable":true,"href":"https:\/\/www.estrategiaconcursos.com.br\/blog\/wp-json\/wp\/v2\/categories?post=972565"},{"taxonomy":"post_tag","embeddable":true,"href":"https:\/\/www.estrategiaconcursos.com.br\/blog\/wp-json\/wp\/v2\/tags?post=972565"},{"taxonomy":"tax_estado","embeddable":true,"href":"https:\/\/www.estrategiaconcursos.com.br\/blog\/wp-json\/wp\/v2\/tax_estado?post=972565"}],"curies":[{"name":"wp","href":"https:\/\/api.w.org\/{rel}","templated":true}]}}