{"id":972031,"date":"2022-02-18T09:51:49","date_gmt":"2022-02-18T12:51:49","guid":{"rendered":"https:\/\/www.estrategiaconcursos.com.br\/blog\/?p=972031"},"modified":"2022-02-18T17:48:47","modified_gmt":"2022-02-18T20:48:47","slug":"termo-de-referencia-concurso-granja-ce","status":"publish","type":"post","link":"https:\/\/www.estrategiaconcursos.com.br\/blog\/termo-de-referencia-concurso-granja-ce\/","title":{"rendered":"Termo de Refer\u00eancia do concurso Granja CE \u00e9 divulgado!"},"content":{"rendered":"\n<h3 class=\"wp-block-heading\" id=\"219-vagas-serao-contempladas\"><em>219 vagas ser\u00e3o contempladas!<\/em><\/h3>\n\n\n\n<p>Foi divulgado, nesta sexta-feira, 18 de fevereiro, o <span style=\"text-decoration: underline;\">Termo de Refer\u00eancia<\/span> do pr\u00f3ximo <strong>concurso da Prefeitura de Granja<\/strong>, localizada no estado de Cear\u00e1. <\/p>\n\n\n\n<p>Algumas informa\u00e7\u00f5es primordiais acerca da sele\u00e7\u00e3o do mun\u00edcipio foram adiantadas no <a href=\"https:\/\/dhg1h5j42swfq.cloudfront.net\/2022\/02\/18094440\/edital-tp-2022-02-10-01-parte-1-1.pdf\" target=\"_blank\" rel=\"noreferrer noopener nofollow\">documento<\/a>. As taxas de inscri\u00e7\u00f5es, por exemplo, s\u00e3o previstas em: <\/p>\n\n\n\n<ul class=\"wp-block-list\"><li><strong>N\u00edvel fundamental: <\/strong>R$ 81,66<\/li><li><strong>N\u00edvel m\u00e9dio: <\/strong>R$ 100,66;<\/li><li><strong>N\u00edvel superior:<\/strong> R$ 128,66.<\/li><\/ul>\n\n\n\n<p>Al\u00e9m disso, foi informado que o processo de licita\u00e7\u00e3o para escolha de banca ser\u00e1 aberto no dia <strong>21 de mar\u00e7o<\/strong>. <\/p>\n\n\n\n<p>A a\u00e7\u00e3o tem como finalidade a contrata\u00e7\u00e3o de banca para presta\u00e7\u00e3o de servi\u00e7os de planejamento, organiza\u00e7\u00e3o e execu\u00e7\u00e3o do certame.<\/p>\n\n\n\n<h2 class=\"wp-block-heading\" id=\"vagas-e-cargos-do-concurso-da-prefeitura-de-granja\">Vagas e cargos do concurso da Prefeitura de Granja<\/h2>\n\n\n\n<p>Ao todo, <strong>&nbsp;219 vagas<\/strong>&nbsp;ser\u00e3o destinadas \u00e0s secretarias de&nbsp;<strong>Trabalho e Assist\u00eancia Social<\/strong>, de&nbsp;<strong>Educa\u00e7\u00e3o<\/strong>, da<strong>&nbsp;Sa\u00fade<\/strong>&nbsp;e para o<strong>&nbsp;Fundo Geral<\/strong>.<\/p>\n\n\n\n<h4 class=\"wp-block-heading\" id=\"secretaria-de-trabalho-e-assistencia-social\"><strong><em>Secret\u00e1ria de Trabalho e Assist\u00eancia Social<\/em><\/strong><\/h4>\n\n\n\n<ul class=\"wp-block-list\"><li>Assistente Social \u2013 02 vagas (R$ 2.400,00)<\/li><li>Psic\u00f3logo \u2013 01 vaga (R$ 2.400,00)<\/li><li>Pedagogo \u2013 01 vaga (R$ 2.400,00)<\/li><li>Agente Administrativo \u2013 05 vagas (R$ 1.100,00)<\/li><li>Auxiliar de Servi\u00e7os Gerais \u2013 02 vagas (R$ 1.100,00)<\/li><\/ul>\n\n\n\n<h4 class=\"wp-block-heading\" id=\"secretaria-de-educacao\"><em>Secret\u00e1ria de Educa\u00e7\u00e3o<\/em><\/h4>\n\n\n\n<ul class=\"wp-block-list\"><li>Professor de Educa\u00e7\u00e3o B\u00e1sica I \u2013 30 vagas (R$ 1.465,14)<\/li><li>Professor de Educa\u00e7\u00e3o Infantil \u2013 20 vagas (R$ 1.465,14)<\/li><li>Professor de Ensino Fundamental II \u2013 51 vagas (R$ 1.891,11)<\/li><\/ul>\n\n\n\n<h4 class=\"wp-block-heading\" id=\"secretaria-da-saude\"><em>Secret\u00e1ria da Sa\u00fade<\/em><\/h4>\n\n\n\n<ul class=\"wp-block-list\"><li>Agente Administrativo \u2013 09 vagas (R$ 1.100,00)<\/li><li>Auxiliar de Servi\u00e7os Gerais \u2013 10 vagas (R$ 1.100,00)<\/li><li>Merendeira \u2013 05 vagas (R$ 1.100,00)<\/li><li>Vigia \u2013 15 vagas (R$ 1.100,00)<\/li><li>M\u00e9dico Cl\u00ednico Geral \u2013 03 vagas (R$ 12.000,00)<\/li><li>Enfermeiro \u2013 04 vagas (R$ 3.500,00 + 20%)<\/li><li>T\u00e9cnico em Enfermagem \u2013 06 vagas (R$ 1.100,00 + 20%)<\/li><li>Dentista \u2013 04 vagas (R$ 3.510,00 + 20%)<\/li><li>Atendente de Consult\u00f3rio Odontol\u00f3gico \u2013 04 vagas (R$ 1.100,00)<\/li><li>Fisioterapeuta \u2013 01 vaga (R$ 2.400,00)<\/li><li>T\u00e9cnico em Radiologia \u2013 01 vaga (R$ 1.628,79 + 40%)<\/li><li>Assistente Social \u2013 01 vaga (R$ 2.400,00)<\/li><li>Atendente \u2013 04 vagas (R$ 1.100,00)<\/li><li>Agente de Combate as Endemias \u2013 07 vagas (R$ 1.550,00 + 40%)<\/li><li>Agente Comunit\u00e1rio de Sa\u00fade \u2013 08 vagas (R$ 1.550,00 + 20%)<\/li><li>Psic\u00f3logo \u2013 01 vaga (R$ 2.400,00)<\/li><li>Fonoaudi\u00f3logo \u2013 01 vaga (R$ 2.400,00)<\/li><li>Terapeuta Ocupacional \u2013 01 vaga (R$ 2.400,00)<\/li><\/ul>\n\n\n\n<h4 class=\"wp-block-heading\" id=\"secretaria-da-saude\"><em>Fundo Geral<\/em><\/h4>\n\n\n\n<ul class=\"wp-block-list\"><li>Fiscal de Tributos \u2013 01 vaga (R$ 2.000,00)<\/li><li>Guarda Municipal \u2013 04 vagas (R$ 1.100,00 + 30%)<\/li><li>T\u00e9cnico Agr\u00edcola \u2013 02 vagas (R$ 1.100,00)<\/li><li>Agente de Tr\u00e2nsito \u2013 03 vagas (R$ 1.100,00 + 30%)<\/li><li>Agente Administrativo \u2013 05 vagas (R$ 1.100,00)<\/li><li>Auxiliar de Servi\u00e7os Gerais \u2013 05 vagas (R$ 1.100,00)<\/li><li>Fiscal de Obras \u2013 01 vaga (R$ 2.000,00)<\/li><li><a href=\"https:\/\/www.estrategiaconcursos.com.br\/blog\/concursos-engenharia\/\" target=\"_blank\" rel=\"noreferrer noopener\">Engenheiro<\/a>&nbsp;Civil \u2013 01 vaga (R$ 4.500,00)<\/li><\/ul>\n\n\n\n<p class=\"has-text-align-center\"><em>Para mais detalhes do concurso <a href=\"https:\/\/www.granja.ce.gov.br\/\" target=\"_blank\" rel=\"noreferrer noopener\">Prefeitura<\/a> de Granja, cujo termo de refer\u00eancia foi divulgado, acesse o link abaixo. Preparamos um artigo completo, separado por t\u00f3picos, para que facilite a sua compreens\u00e3o:<\/em><\/p>\n\n\n\n<p class=\"has-text-align-center has-background has-medium-font-size\" style=\"background-color:#e3e9ee\"><strong>Saiba mais: <a href=\"https:\/\/www.estrategiaconcursos.com.br\/blog\/concurso-prefeitura-granja-ce\/\" target=\"_blank\" rel=\"noreferrer noopener\">concurso Prefeitura de Granja<\/a><\/strong><\/p>\n\n\n\n<hr class=\"wp-block-separator\"\/>\n\n\n\n<div class=\"container\" id=\"boxes\">\n  <div class=\"row\">\n\n    <div class=\"col-sm\">\n      <div class=\"banner-estrategia\" id=\"box-assinatura\">\n        <h3 class=\"titulo-assinatura\">Cursos para Prefeitura de Granja<\/h3>\n        <p class=\"subtitulo-assinatura\">Estude conosco<\/p>\n        <div class=\"box-botao\">\n          <a class=\"btn-assinatura\" target=\"_blank\" href=\"https:\/\/www.estrategiaconcursos.com.br\/cursosPorConcurso\/prefeitura-municipal-de-granja-ce\/\" role=\"button\" rel=\"noopener noreferrer\">Conhe\u00e7a os cursos<\/a>\n        <\/div>\n      <\/div>\n     \n    <\/div>\n\n  <\/div>\n<\/div>\n\n\n\n<div class=\"container\" id=\"boxes\">\n  <div class=\"row\">\n\n    <div class=\"col-sm\">\n      <div class=\"estrategia\" id=\"box-assinatura\">\n        <h3 class=\"titulo-assinatura\">Assinatura Concursos<\/h3>\n        <p class=\"subtitulo-assinatura\">Assinatura de 1 ano ou 2 anos<\/p>\n        <div class=\"box-botao\">\n          <a class=\"btn-assinatura\" target=\"_blank\" href=\"https:\/\/www.estrategiaconcursos.com.br\/assinaturas\/\" role=\"button\" rel=\"noopener noreferrer\">ASSINE AGORA<\/a>\n        <\/div>\n      <\/div><\/div><\/div><\/div>\n\n\n\n<h2 class=\"has-text-align-center wp-block-heading\" id=\"h-quer-saber-tudo-sobre-concursos-previstos-confira-nossos-artigos\">Quer saber tudo sobre concursos previstos?<br \/>Confira nossos artigos!<\/h2>\n\n\n\n<ul class=\"wp-block-list\"><li><a href=\"https:\/\/www.estrategiaconcursos.com.br\/blog\/concursos-abertos\/\" target=\"_blank\" rel=\"noreferrer noopener\">Concursos abertos<\/a><\/li><li><a href=\"https:\/\/www.estrategiaconcursos.com.br\/blog\/concursos-2022\/\" target=\"_blank\" rel=\"noreferrer noopener\">Concursos 2022<\/a><\/li><\/ul>\n","protected":false},"excerpt":{"rendered":"<p>219 vagas ser\u00e3o contempladas! Foi divulgado, nesta sexta-feira, 18 de fevereiro, o Termo de Refer\u00eancia do pr\u00f3ximo concurso da Prefeitura de Granja, localizada no estado de Cear\u00e1. Algumas informa\u00e7\u00f5es primordiais acerca da sele\u00e7\u00e3o do mun\u00edcipio foram adiantadas no documento. As taxas de inscri\u00e7\u00f5es, por exemplo, s\u00e3o previstas em: N\u00edvel fundamental: R$ 81,66 N\u00edvel m\u00e9dio: R$ [&hellip;]<\/p>\n","protected":false},"author":2018,"featured_media":729755,"comment_status":"open","ping_status":"closed","sticky":false,"template":"","format":"standard","meta":{"post_tipo":"news","footnotes":""},"categories":[214992,220219],"tags":[],"tax_estado":[219969],"class_list":["post-972031","post","type-post","status-publish","format-standard","has-post-thumbnail","hentry","category-concursos-administrativos","category-noticias","tax_estado-ce"],"acf":[],"yoast_head":"<!-- This site is optimized with the Yoast SEO Premium plugin v27.2 (Yoast SEO v27.2) - https:\/\/yoast.com\/product\/yoast-seo-premium-wordpress\/ -->\n<title>Termo de Refer\u00eancia do concurso Granja CE \u00e9 divulgado!<\/title>\n<meta name=\"description\" content=\"Foi divulgado o Termo de Refer\u00eancia do pr\u00f3ximo concurso da Prefeitura de Granja, localizada no estado de Cear\u00e1.\" \/>\n<meta name=\"robots\" content=\"index, follow, max-snippet:-1, max-image-preview:large, max-video-preview:-1\" \/>\n<link rel=\"canonical\" href=\"https:\/\/www.estrategiaconcursos.com.br\/blog\/termo-de-referencia-concurso-granja-ce\/\" \/>\n<meta property=\"og:locale\" content=\"pt_BR\" \/>\n<meta property=\"og:type\" content=\"article\" \/>\n<meta property=\"og:title\" content=\"Termo de Refer\u00eancia do concurso Granja CE \u00e9 divulgado!\" \/>\n<meta property=\"og:description\" content=\"Foi divulgado o Termo de Refer\u00eancia do pr\u00f3ximo concurso da Prefeitura de Granja, localizada no estado de Cear\u00e1.\" \/>\n<meta property=\"og:url\" content=\"https:\/\/www.estrategiaconcursos.com.br\/blog\/termo-de-referencia-concurso-granja-ce\/\" \/>\n<meta property=\"og:site_name\" content=\"Estrat\u00e9gia Concursos\" \/>\n<meta property=\"article:published_time\" content=\"2022-02-18T12:51:49+00:00\" \/>\n<meta property=\"article:modified_time\" content=\"2022-02-18T20:48:47+00:00\" \/>\n<meta property=\"og:image\" content=\"https:\/\/dhg1h5j42swfq.cloudfront.net\/2021\/04\/03121128\/prefeitura-de-granja-ce.jpg\" \/>\n\t<meta property=\"og:image:width\" content=\"768\" \/>\n\t<meta property=\"og:image:height\" content=\"432\" \/>\n\t<meta property=\"og:image:type\" content=\"image\/jpeg\" \/>\n<meta name=\"author\" content=\"B\u00e1rbara Carvalho Santos\" \/>\n<meta name=\"twitter:card\" content=\"summary_large_image\" \/>\n<meta name=\"twitter:creator\" content=\"@EstratConcursos\" \/>\n<meta name=\"twitter:site\" content=\"@EstratConcursos\" \/>\n<meta name=\"twitter:label1\" content=\"Escrito por\" \/>\n\t<meta name=\"twitter:data1\" content=\"B\u00e1rbara Carvalho Santos\" \/>\n\t<meta name=\"twitter:label2\" content=\"Est. tempo de leitura\" \/>\n\t<meta name=\"twitter:data2\" content=\"3 minutos\" \/>\n<script type=\"application\/ld+json\" class=\"yoast-schema-graph\">{\"@context\":\"https:\/\/schema.org\",\"@graph\":[{\"@type\":\"NewsArticle\",\"@id\":\"https:\/\/www.estrategiaconcursos.com.br\/blog\/termo-de-referencia-concurso-granja-ce\/#article\",\"isPartOf\":{\"@id\":\"https:\/\/www.estrategiaconcursos.com.br\/blog\/termo-de-referencia-concurso-granja-ce\/\"},\"author\":{\"name\":\"B\u00e1rbara Carvalho Santos\",\"@id\":\"https:\/\/www.estrategiaconcursos.com.br\/blog\/#\/schema\/person\/e3882259fa157d54c44c21f4ee4e0e60\"},\"headline\":\"Termo de Refer\u00eancia do concurso Granja CE \u00e9 divulgado!\",\"datePublished\":\"2022-02-18T12:51:49+00:00\",\"dateModified\":\"2022-02-18T20:48:47+00:00\",\"mainEntityOfPage\":{\"@id\":\"https:\/\/www.estrategiaconcursos.com.br\/blog\/termo-de-referencia-concurso-granja-ce\/\"},\"wordCount\":431,\"commentCount\":0,\"publisher\":{\"@id\":\"https:\/\/www.estrategiaconcursos.com.br\/blog\/#organization\"},\"image\":{\"@id\":\"https:\/\/www.estrategiaconcursos.com.br\/blog\/termo-de-referencia-concurso-granja-ce\/#primaryimage\"},\"thumbnailUrl\":\"https:\/\/dhg1h5j42swfq.cloudfront.net\/2021\/04\/03121128\/prefeitura-de-granja-ce.jpg\",\"articleSection\":[\"Executivo (Administrativa)\",\"\u00daltimas not\u00edcias\"],\"inLanguage\":\"pt-BR\",\"potentialAction\":[{\"@type\":\"CommentAction\",\"name\":\"Comment\",\"target\":[\"https:\/\/www.estrategiaconcursos.com.br\/blog\/termo-de-referencia-concurso-granja-ce\/#respond\"]}],\"copyrightYear\":\"2022\",\"copyrightHolder\":{\"@id\":\"https:\/\/www.estrategiaconcursos.com.br\/blog\/#organization\"}},{\"@type\":\"WebPage\",\"@id\":\"https:\/\/www.estrategiaconcursos.com.br\/blog\/termo-de-referencia-concurso-granja-ce\/\",\"url\":\"https:\/\/www.estrategiaconcursos.com.br\/blog\/termo-de-referencia-concurso-granja-ce\/\",\"name\":\"Termo de Refer\u00eancia do concurso Granja CE \u00e9 divulgado!\",\"isPartOf\":{\"@id\":\"https:\/\/www.estrategiaconcursos.com.br\/blog\/#website\"},\"primaryImageOfPage\":{\"@id\":\"https:\/\/www.estrategiaconcursos.com.br\/blog\/termo-de-referencia-concurso-granja-ce\/#primaryimage\"},\"image\":{\"@id\":\"https:\/\/www.estrategiaconcursos.com.br\/blog\/termo-de-referencia-concurso-granja-ce\/#primaryimage\"},\"thumbnailUrl\":\"https:\/\/dhg1h5j42swfq.cloudfront.net\/2021\/04\/03121128\/prefeitura-de-granja-ce.jpg\",\"datePublished\":\"2022-02-18T12:51:49+00:00\",\"dateModified\":\"2022-02-18T20:48:47+00:00\",\"description\":\"Foi divulgado o Termo de Refer\u00eancia do pr\u00f3ximo concurso da Prefeitura de Granja, localizada no estado de Cear\u00e1.\",\"breadcrumb\":{\"@id\":\"https:\/\/www.estrategiaconcursos.com.br\/blog\/termo-de-referencia-concurso-granja-ce\/#breadcrumb\"},\"inLanguage\":\"pt-BR\",\"potentialAction\":[{\"@type\":\"ReadAction\",\"target\":[\"https:\/\/www.estrategiaconcursos.com.br\/blog\/termo-de-referencia-concurso-granja-ce\/\"]}]},{\"@type\":\"ImageObject\",\"inLanguage\":\"pt-BR\",\"@id\":\"https:\/\/www.estrategiaconcursos.com.br\/blog\/termo-de-referencia-concurso-granja-ce\/#primaryimage\",\"url\":\"https:\/\/dhg1h5j42swfq.cloudfront.net\/2021\/04\/03121128\/prefeitura-de-granja-ce.jpg\",\"contentUrl\":\"https:\/\/dhg1h5j42swfq.cloudfront.net\/2021\/04\/03121128\/prefeitura-de-granja-ce.jpg\",\"width\":768,\"height\":432,\"caption\":\"Concurso de Granja\"},{\"@type\":\"BreadcrumbList\",\"@id\":\"https:\/\/www.estrategiaconcursos.com.br\/blog\/termo-de-referencia-concurso-granja-ce\/#breadcrumb\",\"itemListElement\":[{\"@type\":\"ListItem\",\"position\":1,\"name\":\"In\u00edcio\",\"item\":\"https:\/\/www.estrategiaconcursos.com.br\/blog\/\"},{\"@type\":\"ListItem\",\"position\":2,\"name\":\"Termo de Refer\u00eancia do concurso Granja CE \u00e9 divulgado!\"}]},{\"@type\":\"WebSite\",\"@id\":\"https:\/\/www.estrategiaconcursos.com.br\/blog\/#website\",\"url\":\"https:\/\/www.estrategiaconcursos.com.br\/blog\/\",\"name\":\"Estrat\u00e9gia Concursos\",\"description\":\"O blog da Estrat\u00e9gia Concursos traz not\u00edcias sobre concursos e artigos de professores oferecendo cursos para concursos (pdf + videaulas) no site.\",\"publisher\":{\"@id\":\"https:\/\/www.estrategiaconcursos.com.br\/blog\/#organization\"},\"potentialAction\":[{\"@type\":\"SearchAction\",\"target\":{\"@type\":\"EntryPoint\",\"urlTemplate\":\"https:\/\/www.estrategiaconcursos.com.br\/blog\/?s={search_term_string}\"},\"query-input\":{\"@type\":\"PropertyValueSpecification\",\"valueRequired\":true,\"valueName\":\"search_term_string\"}}],\"inLanguage\":\"pt-BR\"},{\"@type\":\"Organization\",\"@id\":\"https:\/\/www.estrategiaconcursos.com.br\/blog\/#organization\",\"name\":\"Estrat\u00e9gia Concursos\",\"url\":\"https:\/\/www.estrategiaconcursos.com.br\/blog\/\",\"logo\":{\"@type\":\"ImageObject\",\"inLanguage\":\"pt-BR\",\"@id\":\"https:\/\/www.estrategiaconcursos.com.br\/blog\/#\/schema\/logo\/image\/\",\"url\":\"https:\/\/dhg1h5j42swfq.cloudfront.net\/2025\/06\/03203428\/logo_concursos-1.jpg\",\"contentUrl\":\"https:\/\/dhg1h5j42swfq.cloudfront.net\/2025\/06\/03203428\/logo_concursos-1.jpg\",\"width\":230,\"height\":60,\"caption\":\"Estrat\u00e9gia Concursos\"},\"image\":{\"@id\":\"https:\/\/www.estrategiaconcursos.com.br\/blog\/#\/schema\/logo\/image\/\"},\"sameAs\":[\"https:\/\/x.com\/EstratConcursos\"]},{\"@type\":\"Person\",\"@id\":\"https:\/\/www.estrategiaconcursos.com.br\/blog\/#\/schema\/person\/e3882259fa157d54c44c21f4ee4e0e60\",\"name\":\"B\u00e1rbara Carvalho Santos\",\"image\":{\"@type\":\"ImageObject\",\"inLanguage\":\"pt-BR\",\"@id\":\"https:\/\/secure.gravatar.com\/avatar\/353300f73140f779692b9be2b39f434d1341e4e34c7f55bd5a990fe29ef352eb?s=96&d=mm&r=g\",\"url\":\"https:\/\/secure.gravatar.com\/avatar\/353300f73140f779692b9be2b39f434d1341e4e34c7f55bd5a990fe29ef352eb?s=96&d=mm&r=g\",\"contentUrl\":\"https:\/\/secure.gravatar.com\/avatar\/353300f73140f779692b9be2b39f434d1341e4e34c7f55bd5a990fe29ef352eb?s=96&d=mm&r=g\",\"caption\":\"B\u00e1rbara Carvalho Santos\"},\"description\":\"M\u00e3e e jornalista formada pela UNIP, possui ampla experi\u00eancia na cobertura de entretenimento em grandes ve\u00edculos, como o site da CNN, RedeTV! e Estrat\u00e9gia Educacional. Atuou tamb\u00e9m em ag\u00eancias de marketing, produtoras musicais e assessorias de imprensa, com foco especial no trabalho com personalidades p\u00fablicas. Atualmente, integra a equipe do Estrat\u00e9gia Concursos, onde \u00e9 respons\u00e1vel pela produ\u00e7\u00e3o de conte\u00fados estrat\u00e9gicos voltados para o setor de concursos p\u00fablicos, com destaque para a \u00e1rea fiscal, gest\u00e3o, controle, concursos administrativos e Minist\u00e9rios participantes do CNU, al\u00e9m de diversos \u00f3rg\u00e3os federais. Tem como miss\u00e3o transformar informa\u00e7\u00f5es complexas em conte\u00fados acess\u00edveis, relevantes e de alto valor para quem sonha com uma carreira no servi\u00e7o p\u00fablico.\",\"url\":\"https:\/\/www.estrategiaconcursos.com.br\/blog\/author\/barbara-santos\/\"}]}<\/script>\n<!-- \/ Yoast SEO Premium plugin. -->","yoast_head_json":{"title":"Termo de Refer\u00eancia do concurso Granja CE \u00e9 divulgado!","description":"Foi divulgado o Termo de Refer\u00eancia do pr\u00f3ximo concurso da Prefeitura de Granja, localizada no estado de Cear\u00e1.","robots":{"index":"index","follow":"follow","max-snippet":"max-snippet:-1","max-image-preview":"max-image-preview:large","max-video-preview":"max-video-preview:-1"},"canonical":"https:\/\/www.estrategiaconcursos.com.br\/blog\/termo-de-referencia-concurso-granja-ce\/","og_locale":"pt_BR","og_type":"article","og_title":"Termo de Refer\u00eancia do concurso Granja CE \u00e9 divulgado!","og_description":"Foi divulgado o Termo de Refer\u00eancia do pr\u00f3ximo concurso da Prefeitura de Granja, localizada no estado de Cear\u00e1.","og_url":"https:\/\/www.estrategiaconcursos.com.br\/blog\/termo-de-referencia-concurso-granja-ce\/","og_site_name":"Estrat\u00e9gia Concursos","article_published_time":"2022-02-18T12:51:49+00:00","article_modified_time":"2022-02-18T20:48:47+00:00","og_image":[{"width":768,"height":432,"url":"https:\/\/dhg1h5j42swfq.cloudfront.net\/2021\/04\/03121128\/prefeitura-de-granja-ce.jpg","type":"image\/jpeg"}],"author":"B\u00e1rbara Carvalho Santos","twitter_card":"summary_large_image","twitter_creator":"@EstratConcursos","twitter_site":"@EstratConcursos","twitter_misc":{"Escrito por":"B\u00e1rbara Carvalho Santos","Est. tempo de leitura":"3 minutos"},"schema":{"@context":"https:\/\/schema.org","@graph":[{"@type":"NewsArticle","@id":"https:\/\/www.estrategiaconcursos.com.br\/blog\/termo-de-referencia-concurso-granja-ce\/#article","isPartOf":{"@id":"https:\/\/www.estrategiaconcursos.com.br\/blog\/termo-de-referencia-concurso-granja-ce\/"},"author":{"name":"B\u00e1rbara Carvalho Santos","@id":"https:\/\/www.estrategiaconcursos.com.br\/blog\/#\/schema\/person\/e3882259fa157d54c44c21f4ee4e0e60"},"headline":"Termo de Refer\u00eancia do concurso Granja CE \u00e9 divulgado!","datePublished":"2022-02-18T12:51:49+00:00","dateModified":"2022-02-18T20:48:47+00:00","mainEntityOfPage":{"@id":"https:\/\/www.estrategiaconcursos.com.br\/blog\/termo-de-referencia-concurso-granja-ce\/"},"wordCount":431,"commentCount":0,"publisher":{"@id":"https:\/\/www.estrategiaconcursos.com.br\/blog\/#organization"},"image":{"@id":"https:\/\/www.estrategiaconcursos.com.br\/blog\/termo-de-referencia-concurso-granja-ce\/#primaryimage"},"thumbnailUrl":"https:\/\/dhg1h5j42swfq.cloudfront.net\/2021\/04\/03121128\/prefeitura-de-granja-ce.jpg","articleSection":["Executivo (Administrativa)","\u00daltimas not\u00edcias"],"inLanguage":"pt-BR","potentialAction":[{"@type":"CommentAction","name":"Comment","target":["https:\/\/www.estrategiaconcursos.com.br\/blog\/termo-de-referencia-concurso-granja-ce\/#respond"]}],"copyrightYear":"2022","copyrightHolder":{"@id":"https:\/\/www.estrategiaconcursos.com.br\/blog\/#organization"}},{"@type":"WebPage","@id":"https:\/\/www.estrategiaconcursos.com.br\/blog\/termo-de-referencia-concurso-granja-ce\/","url":"https:\/\/www.estrategiaconcursos.com.br\/blog\/termo-de-referencia-concurso-granja-ce\/","name":"Termo de Refer\u00eancia do concurso Granja CE \u00e9 divulgado!","isPartOf":{"@id":"https:\/\/www.estrategiaconcursos.com.br\/blog\/#website"},"primaryImageOfPage":{"@id":"https:\/\/www.estrategiaconcursos.com.br\/blog\/termo-de-referencia-concurso-granja-ce\/#primaryimage"},"image":{"@id":"https:\/\/www.estrategiaconcursos.com.br\/blog\/termo-de-referencia-concurso-granja-ce\/#primaryimage"},"thumbnailUrl":"https:\/\/dhg1h5j42swfq.cloudfront.net\/2021\/04\/03121128\/prefeitura-de-granja-ce.jpg","datePublished":"2022-02-18T12:51:49+00:00","dateModified":"2022-02-18T20:48:47+00:00","description":"Foi divulgado o Termo de Refer\u00eancia do pr\u00f3ximo concurso da Prefeitura de Granja, localizada no estado de Cear\u00e1.","breadcrumb":{"@id":"https:\/\/www.estrategiaconcursos.com.br\/blog\/termo-de-referencia-concurso-granja-ce\/#breadcrumb"},"inLanguage":"pt-BR","potentialAction":[{"@type":"ReadAction","target":["https:\/\/www.estrategiaconcursos.com.br\/blog\/termo-de-referencia-concurso-granja-ce\/"]}]},{"@type":"ImageObject","inLanguage":"pt-BR","@id":"https:\/\/www.estrategiaconcursos.com.br\/blog\/termo-de-referencia-concurso-granja-ce\/#primaryimage","url":"https:\/\/dhg1h5j42swfq.cloudfront.net\/2021\/04\/03121128\/prefeitura-de-granja-ce.jpg","contentUrl":"https:\/\/dhg1h5j42swfq.cloudfront.net\/2021\/04\/03121128\/prefeitura-de-granja-ce.jpg","width":768,"height":432,"caption":"Concurso de Granja"},{"@type":"BreadcrumbList","@id":"https:\/\/www.estrategiaconcursos.com.br\/blog\/termo-de-referencia-concurso-granja-ce\/#breadcrumb","itemListElement":[{"@type":"ListItem","position":1,"name":"In\u00edcio","item":"https:\/\/www.estrategiaconcursos.com.br\/blog\/"},{"@type":"ListItem","position":2,"name":"Termo de Refer\u00eancia do concurso Granja CE \u00e9 divulgado!"}]},{"@type":"WebSite","@id":"https:\/\/www.estrategiaconcursos.com.br\/blog\/#website","url":"https:\/\/www.estrategiaconcursos.com.br\/blog\/","name":"Estrat\u00e9gia Concursos","description":"O blog da Estrat\u00e9gia Concursos traz not\u00edcias sobre concursos e artigos de professores oferecendo cursos para concursos (pdf + videaulas) no site.","publisher":{"@id":"https:\/\/www.estrategiaconcursos.com.br\/blog\/#organization"},"potentialAction":[{"@type":"SearchAction","target":{"@type":"EntryPoint","urlTemplate":"https:\/\/www.estrategiaconcursos.com.br\/blog\/?s={search_term_string}"},"query-input":{"@type":"PropertyValueSpecification","valueRequired":true,"valueName":"search_term_string"}}],"inLanguage":"pt-BR"},{"@type":"Organization","@id":"https:\/\/www.estrategiaconcursos.com.br\/blog\/#organization","name":"Estrat\u00e9gia Concursos","url":"https:\/\/www.estrategiaconcursos.com.br\/blog\/","logo":{"@type":"ImageObject","inLanguage":"pt-BR","@id":"https:\/\/www.estrategiaconcursos.com.br\/blog\/#\/schema\/logo\/image\/","url":"https:\/\/dhg1h5j42swfq.cloudfront.net\/2025\/06\/03203428\/logo_concursos-1.jpg","contentUrl":"https:\/\/dhg1h5j42swfq.cloudfront.net\/2025\/06\/03203428\/logo_concursos-1.jpg","width":230,"height":60,"caption":"Estrat\u00e9gia Concursos"},"image":{"@id":"https:\/\/www.estrategiaconcursos.com.br\/blog\/#\/schema\/logo\/image\/"},"sameAs":["https:\/\/x.com\/EstratConcursos"]},{"@type":"Person","@id":"https:\/\/www.estrategiaconcursos.com.br\/blog\/#\/schema\/person\/e3882259fa157d54c44c21f4ee4e0e60","name":"B\u00e1rbara Carvalho Santos","image":{"@type":"ImageObject","inLanguage":"pt-BR","@id":"https:\/\/secure.gravatar.com\/avatar\/353300f73140f779692b9be2b39f434d1341e4e34c7f55bd5a990fe29ef352eb?s=96&d=mm&r=g","url":"https:\/\/secure.gravatar.com\/avatar\/353300f73140f779692b9be2b39f434d1341e4e34c7f55bd5a990fe29ef352eb?s=96&d=mm&r=g","contentUrl":"https:\/\/secure.gravatar.com\/avatar\/353300f73140f779692b9be2b39f434d1341e4e34c7f55bd5a990fe29ef352eb?s=96&d=mm&r=g","caption":"B\u00e1rbara Carvalho Santos"},"description":"M\u00e3e e jornalista formada pela UNIP, possui ampla experi\u00eancia na cobertura de entretenimento em grandes ve\u00edculos, como o site da CNN, RedeTV! e Estrat\u00e9gia Educacional. Atuou tamb\u00e9m em ag\u00eancias de marketing, produtoras musicais e assessorias de imprensa, com foco especial no trabalho com personalidades p\u00fablicas. Atualmente, integra a equipe do Estrat\u00e9gia Concursos, onde \u00e9 respons\u00e1vel pela produ\u00e7\u00e3o de conte\u00fados estrat\u00e9gicos voltados para o setor de concursos p\u00fablicos, com destaque para a \u00e1rea fiscal, gest\u00e3o, controle, concursos administrativos e Minist\u00e9rios participantes do CNU, al\u00e9m de diversos \u00f3rg\u00e3os federais. Tem como miss\u00e3o transformar informa\u00e7\u00f5es complexas em conte\u00fados acess\u00edveis, relevantes e de alto valor para quem sonha com uma carreira no servi\u00e7o p\u00fablico.","url":"https:\/\/www.estrategiaconcursos.com.br\/blog\/author\/barbara-santos\/"}]}},"_links":{"self":[{"href":"https:\/\/www.estrategiaconcursos.com.br\/blog\/wp-json\/wp\/v2\/posts\/972031","targetHints":{"allow":["GET"]}}],"collection":[{"href":"https:\/\/www.estrategiaconcursos.com.br\/blog\/wp-json\/wp\/v2\/posts"}],"about":[{"href":"https:\/\/www.estrategiaconcursos.com.br\/blog\/wp-json\/wp\/v2\/types\/post"}],"author":[{"embeddable":true,"href":"https:\/\/www.estrategiaconcursos.com.br\/blog\/wp-json\/wp\/v2\/users\/2018"}],"replies":[{"embeddable":true,"href":"https:\/\/www.estrategiaconcursos.com.br\/blog\/wp-json\/wp\/v2\/comments?post=972031"}],"version-history":[{"count":9,"href":"https:\/\/www.estrategiaconcursos.com.br\/blog\/wp-json\/wp\/v2\/posts\/972031\/revisions"}],"predecessor-version":[{"id":972643,"href":"https:\/\/www.estrategiaconcursos.com.br\/blog\/wp-json\/wp\/v2\/posts\/972031\/revisions\/972643"}],"wp:featuredmedia":[{"embeddable":true,"href":"https:\/\/www.estrategiaconcursos.com.br\/blog\/wp-json\/wp\/v2\/media\/729755"}],"wp:attachment":[{"href":"https:\/\/www.estrategiaconcursos.com.br\/blog\/wp-json\/wp\/v2\/media?parent=972031"}],"wp:term":[{"taxonomy":"category","embeddable":true,"href":"https:\/\/www.estrategiaconcursos.com.br\/blog\/wp-json\/wp\/v2\/categories?post=972031"},{"taxonomy":"post_tag","embeddable":true,"href":"https:\/\/www.estrategiaconcursos.com.br\/blog\/wp-json\/wp\/v2\/tags?post=972031"},{"taxonomy":"tax_estado","embeddable":true,"href":"https:\/\/www.estrategiaconcursos.com.br\/blog\/wp-json\/wp\/v2\/tax_estado?post=972031"}],"curies":[{"name":"wp","href":"https:\/\/api.w.org\/{rel}","templated":true}]}}