{"id":971593,"date":"2022-03-18T09:10:00","date_gmt":"2022-03-18T12:10:00","guid":{"rendered":"https:\/\/www.estrategiaconcursos.com.br\/blog\/?p=971593"},"modified":"2022-03-18T09:44:43","modified_gmt":"2022-03-18T12:44:43","slug":"edital-prefeitura-de-cubatao","status":"publish","type":"post","link":"https:\/\/www.estrategiaconcursos.com.br\/blog\/edital-prefeitura-de-cubatao\/","title":{"rendered":"Edital Prefeitura de Cubat\u00e3o: iniciais de R$ 6,8 mil!"},"content":{"rendered":"\n<p>O IBAM, banca organizadora do edital Prefeitura de Cubat\u00e3o, encerrou o per\u00edodo de inscri\u00e7\u00f5es do concurso p\u00fablico que oferta 43 vagas para cargos com iniciais de at\u00e9 R$ 6,8 mil. <\/p>\n\n\n\n<p>Os candidatos interessados em participar da sele\u00e7\u00e3o tiveram at\u00e9, no m\u00e1ximo, o dia 17 de mar\u00e7o para acessar o site da organizadora e garantir a inscri\u00e7\u00e3o. <\/p>\n\n\n\n<p>Agora, a pr\u00f3xima etapa do edital ser\u00e1 a aplica\u00e7\u00e3o das provas, prevista para ocorrer no dia 10 de abril.<\/p>\n\n\n\n<ul class=\"has-very-light-gray-to-cyan-bluish-gray-gradient-background has-background wp-block-list\"><li><strong>Prefeitura de Cubat\u00e3o (SP)<\/strong><\/li><li><strong>Status: <\/strong>inscri\u00e7\u00f5es encerradas<\/li><li><strong>Banca: <\/strong><a href=\"https:\/\/www.ibamsp-concursos.org.br\/site\/\" target=\"_blank\" rel=\"noreferrer noopener\">IBAM<\/a><\/li><li><strong>Vagas<\/strong>: 43 <\/li><li><strong>Sal\u00e1rio inicial: <\/strong>R$ 3.106,58 a R$ 6.873,69<\/li><li><a href=\"https:\/\/dhg1h5j42swfq.cloudfront.net\/2022\/03\/18094102\/01-edital-de-abertura-2.pdf\" target=\"_blank\" rel=\"noreferrer noopener nofollow\">Edital Cubat\u00e3o SP<\/a><\/li><\/ul>\n\n\n\n<h2 class=\"wp-block-heading\" id=\"h-edital-prefeitura-de-cubatao-quantitativo-de-vagas\">Edital Prefeitura de Cubat\u00e3o: quantitativo de vagas<\/h2>\n\n\n\n<p>O edital oferta, no total, <strong>43 vagas<\/strong>, distribu\u00eddas em:<\/p>\n\n\n\n<ul class=\"wp-block-list\"><li><strong>Agente da Cultura<\/strong>: 5 vagas AC + 1 para negros\/afros<\/li><li><strong>Bibliotec\u00e1rio<\/strong>: 1 vaga<\/li><li><strong>Professor de Arte:<\/strong> 1 vaga<\/li><li><strong>Analista de Sistema:<\/strong> 1 vaga<\/li><li><strong>Analista Or\u00e7ament\u00e1rio:<\/strong> 1 vaga<\/li><li><strong>Assistente Administrativo:<\/strong> 3 vagas<\/li><li><strong>Jornalista:<\/strong> 1 vaga<\/li><li><strong>Analista Econ\u00f4mico:<\/strong> 1 vaga<\/li><li><strong>M\u00e9dico do Trabalho:<\/strong> 2 vagas<\/li><li><strong>Engenheiro Seguran\u00e7a Trabalho:<\/strong> 2 vagas<\/li><li><strong>Orientador Educacional:<\/strong> 8 vagas AC + 1 vaga para negros\/afros<\/li><li><strong>Coordenador Pedag\u00f3gico: <\/strong>5 vagas AC + 1 vaga para negros\/afros<\/li><li><strong>Supervisor de Ensino:<\/strong> 3 vagas<\/li><\/ul>\n\n\n\n<h4 class=\"wp-block-heading\" id=\"h-tecnico-de-nivel-medio\">T\u00e9cnico de n\u00edvel m\u00e9dio<\/h4>\n\n\n\n<ul class=\"wp-block-list\"><li><strong>Operador de som:<\/strong> 2 vagas<\/li><li><strong>T\u00e9cnico em Defesa Civil:<\/strong> 5 vagas AC + 1 vaga para negros\/afros<\/li><li><strong>Top\u00f3grafo:<\/strong> 1 vaga<\/li><\/ul>\n\n\n\n<h2 class=\"wp-block-heading\" id=\"h-edital-prefeitura-de-cubatao-remuneracao\">Edital Prefeitura de Cubat\u00e3o: remunera\u00e7\u00e3o<\/h2>\n\n\n\n<p>Para os cargos de t\u00e9cnico com n\u00edvel m\u00e9dio, a remunera\u00e7\u00e3o inicial \u00e9 de <strong>R$ 2.241,94<\/strong>.<\/p>\n\n\n\n<p>J\u00e1 para os cargos de Analista, Assistente, Jornalista, M\u00e9dico do Trabalho, e Engenheiro, a remunera\u00e7\u00e3o inicial corresponde ao valor de <strong>R$ 3.106,58<\/strong>.<\/p>\n\n\n\n<p>Os cargos de Orientador Educacional e Coordenador Pedag\u00f3gico t\u00eam remunera\u00e7\u00f5es de <strong>R$ 6.219,30<\/strong>; e o cargo de Supervisor de Ensino conta com o valor de <strong>R$ 6.873,69<\/strong>.<\/p>\n\n\n\n<p>Al\u00e9m do valor referido, ser\u00e3o inclu\u00eddos os benef\u00edcios de Vale-Alimenta\u00e7\u00e3o, Vale Transporte, Assist\u00eancia M\u00e9dico-hospitalar e odontol\u00f3gica, opcionais.<\/p>\n\n\n\n<h2 class=\"wp-block-heading\" id=\"h-edital-prefeitura-de-cubatao-etapas-da-prova\">Edital Prefeitura de Cubat\u00e3o: etapas da prova<\/h2>\n\n\n\n<p id=\"h-o-concurso-publico-constara-de-5-1-1-provas-objetivas-de-carater-classificatorio-e-eliminatorio-para-todos-os-candidatos-que-versaraosobre-temas-constantes-do-anexo-ii-deste-edital-5-1-2-prova-de-titulos-de-carater-classificatorio-para-os-candidatos-habilitados-para-os-cargos-decoordenador-pedagogico-orientador-educacional-e-supervisor-de-ensino-5-1-3-prova-de-aptidao-fisica-de-carater-eliminatorio-para-os-candidatos-habilitados-para-o-cargo-detec-nivel-medio-tecnico-defesa-civil\">De acordo com o edital Prefeitura de Cubat\u00e3o, o concurso constar\u00e1 de:<\/p>\n\n\n\n<ul class=\"wp-block-list\"><li><strong>Provas Objetivas<\/strong> de car\u00e1ter classificat\u00f3rio e eliminat\u00f3rio para todos os candidatos, que versar\u00e3o sobre temas constantes do Anexo II deste Edital.<\/li><li><strong>Prova de T\u00edtulos<\/strong>, de car\u00e1ter classificat\u00f3rio, para os candidatos habilitados para os cargos de Coordenador Pedag\u00f3gico, Orientador Educacional e Supervisor de Ensino.<\/li><li><strong>Prova de Aptid\u00e3o F\u00edsica<\/strong>, de car\u00e1ter eliminat\u00f3rio, para os candidatos habilitados para o cargo de T\u00e9c. N\u00edvel M\u00e9dio &#8211; T\u00e9cnico Defesa Civil.<\/li><\/ul>\n\n\n\n<h3 class=\"wp-block-heading\" id=\"prova-objetiva\">Prova objetiva<\/h3>\n\n\n\n<p class=\"has-text-align-center has-background\" style=\"background-color:#f1f1f1\">De acordo com o edital publicado, a aplica\u00e7\u00e3o das provas objetivas ser\u00e1 no dia <strong>10 de abril<\/strong>. <\/p>\n\n\n\n<p>Os cargos t\u00e9cnicos de n\u00edvel m\u00e9dio contar\u00e3o com com 40 quest\u00f5es, sendo 20 de Conhecimentos Espec\u00edficos, 12 de Portugu\u00eas e 08 de Matem\u00e1tica.<\/p>\n\n\n\n<p>Para os cargos de Analista, Agente da Cultura e Engenheiro, ser\u00e3o 15 quest\u00f5es de Portugu\u00eas e 25 de Conhecimentos Espec\u00edficos.<\/p>\n\n\n\n<p>Os candidatos aos cargos de Coordenador Pedag\u00f3gico, Orientador Pedag\u00f3gico e Supervisor de Ensino ter\u00e3o de fazer 15 quest\u00f5es de Portugu\u00eas e 35 de Conhecimentos Espec\u00edficos.<\/p>\n\n\n\n<p>Por fim, as provas do cargo de M\u00e9dico do Trabalho contar\u00e3o com 10 quest\u00f5es de Pol\u00edticas P\u00fablica de Sa\u00fade e 20 de Conhecimentos Espec\u00edficos.<\/p>\n\n\n\n<p>Os candidatos que n\u00e3o obtiverem 50% de acertos na prova ser\u00e3o automaticamente eliminados<br \/>do Concurso P\u00fablico.<\/p>\n\n\n\n<p class=\"has-text-align-center has-cyan-bluish-gray-background-color has-background has-medium-font-size\"><strong>Mais informa\u00e7\u00f5es: <a href=\"https:\/\/www.estrategiaconcursos.com.br\/blog\/concurso-prefeitura-de-cubatao\/\" target=\"_blank\" rel=\"noreferrer noopener\">Concurso Prefeitura de Cubat\u00e3o<\/a><\/strong><\/p>\n\n\n\n<h2 class=\"has-text-align-center wp-block-heading\" id=\"cursos-assinatura\">Quer estudar para o edital da Prefeitura de Cubat\u00e3o?<\/h2>\n\n\n\n<div class=\"container\" id=\"boxes\">\n  <div class=\"row\">\n\n    <div class=\"col-sm\">\n      <div class=\"banner-estrategia\" id=\"box-assinatura\">\n        <h3 class=\"titulo-assinatura\">Cursos para Prefeitura de Cubat\u00e3o<\/h3>\n        <p class=\"subtitulo-assinatura\">Conhe\u00e7a os cursos<\/p>\n        <div class=\"box-botao\">\n          <a class=\"btn-assinatura\" target=\"_blank\" href=\"https:\/\/www.estrategiaconcursos.com.br\/cursosPorConcurso\/prefeitura-municipal-de-cubatao-sp\/\" role=\"button\" rel=\"noopener noreferrer\">Conhe\u00e7a mais<\/a>\n        <\/div>\n      <\/div>\n     \n    <\/div>\n\n  <\/div>\n<\/div>\n\n\n\n<div class=\"container\" id=\"boxes\">\n  <div class=\"row\">\n\n    <div class=\"col-sm\">\n      <div class=\"estrategia\" id=\"box-assinatura\">\n        <h3 class=\"titulo-assinatura\">Assinatura Concursos<\/h3>\n        <p class=\"subtitulo-assinatura\">Assinatura de 1 ano ou 2 anos<\/p>\n        <div class=\"box-botao\">\n          <a class=\"btn-assinatura\" target=\"_blank\" href=\"https:\/\/www.estrategiaconcursos.com.br\/assinaturas\/\" role=\"button\" rel=\"noopener noreferrer\">ASSINE AGORA<\/a>\n        <\/div>\n      <\/div>\n     \n    <\/div><\/div><\/div>\n\n\n\n<h2 class=\"has-text-align-center wp-block-heading\" id=\"h-quer-saber-tudo-sobre-concursos-previstos-confira-nossos-artigos\">Quer saber tudo sobre concursos previstos?<br \/>Confira nossos artigos!<\/h2>\n\n\n\n<ul class=\"wp-block-list\"><li><a href=\"https:\/\/www.estrategiaconcursos.com.br\/blog\/concursos-abertos\/\" target=\"_blank\" rel=\"noreferrer noopener\">Concursos abertos<\/a><\/li><li><a href=\"https:\/\/www.estrategiaconcursos.com.br\/blog\/concursos-2022\/\" target=\"_blank\" rel=\"noreferrer noopener\">Concursos 2022<\/a><\/li><\/ul>\n\n\n\n<figure class=\"wp-block-image is-resized\"><img loading=\"lazy\" decoding=\"async\" src=\"https:\/\/dhg1h5j42swfq.cloudfront.net\/2021\/04\/06153925\/ficha-tecnica-1-300x185-1-2.png\" alt=\"Informa\u00e7\u00f5es do edital da prefeitura de Cubat\u00e3o\" class=\"wp-image-708667\" width=\"276\" height=\"170\"\/><\/figure>\n\n\n\n<h3 class=\"wp-block-heading\" id=\"informacoes-do-edital-da-prefeitura-de-cubatao\">Informa\u00e7\u00f5es do Edital da Prefeitura de Cubat\u00e3o<\/h3>\n\n\n\n<ul class=\"wp-block-list\"><li><strong>Provas<\/strong>: 10\/04\/2022<\/li><li><strong>Vagas<\/strong>: 43<\/li><li><strong>Cargos<\/strong>: V\u00e1rios<\/li><li><strong>Banca<\/strong>: IBAM<\/li><li><strong>Escolaridade<\/strong>: N\u00edvel m\u00e9dio e superior<\/li><li><strong>Edital:\u00a0<\/strong><a href=\"https:\/\/dhg1h5j42swfq.cloudfront.net\/2022\/02\/17151257\/01-edital-de-abertura-1.pdf\" target=\"_blank\" rel=\"noreferrer noopener nofollow\">Edital Cubat\u00e3o 2022<\/a><\/li><\/ul>\n","protected":false},"excerpt":{"rendered":"<p>O IBAM, banca organizadora do edital Prefeitura de Cubat\u00e3o, encerrou o per\u00edodo de inscri\u00e7\u00f5es do concurso p\u00fablico que oferta 43 vagas para cargos com iniciais de at\u00e9 R$ 6,8 mil. Os candidatos interessados em participar da sele\u00e7\u00e3o tiveram at\u00e9, no m\u00e1ximo, o dia 17 de mar\u00e7o para acessar o site da organizadora e garantir a [&hellip;]<\/p>\n","protected":false},"author":1,"featured_media":819942,"comment_status":"open","ping_status":"closed","sticky":false,"template":"","format":"standard","meta":{"post_tipo":"news","footnotes":""},"categories":[214992,220219],"tags":[],"tax_estado":[219989],"class_list":["post-971593","post","type-post","status-publish","format-standard","has-post-thumbnail","hentry","category-concursos-administrativos","category-noticias","tax_estado-sp"],"acf":[],"yoast_head":"<!-- This site is optimized with the Yoast SEO Premium plugin v27.2 (Yoast SEO v27.2) - https:\/\/yoast.com\/product\/yoast-seo-premium-wordpress\/ -->\n<title>Edital Prefeitura de Cubat\u00e3o: iniciais de R$ 6,8 mil!<\/title>\n<meta name=\"description\" content=\"Edital Prefeitura de Cubat\u00e3o: inscri\u00e7\u00f5es encerradas com oferta de 43 vagas para diversos cargos. Acesse para mais informa\u00e7\u00f5es!\" \/>\n<meta name=\"robots\" content=\"index, follow, max-snippet:-1, max-image-preview:large, max-video-preview:-1\" \/>\n<link rel=\"canonical\" href=\"https:\/\/www.estrategiaconcursos.com.br\/blog\/edital-prefeitura-de-cubatao\/\" \/>\n<meta property=\"og:locale\" content=\"pt_BR\" \/>\n<meta property=\"og:type\" content=\"article\" \/>\n<meta property=\"og:title\" content=\"Edital Prefeitura de Cubat\u00e3o: iniciais de R$ 6,8 mil!\" \/>\n<meta property=\"og:description\" content=\"Edital Prefeitura de Cubat\u00e3o: inscri\u00e7\u00f5es encerradas com oferta de 43 vagas para diversos cargos. Acesse para mais informa\u00e7\u00f5es!\" \/>\n<meta property=\"og:url\" content=\"https:\/\/www.estrategiaconcursos.com.br\/blog\/edital-prefeitura-de-cubatao\/\" \/>\n<meta property=\"og:site_name\" content=\"Estrat\u00e9gia Concursos\" \/>\n<meta property=\"article:author\" content=\"https:\/\/www.facebook.com\/EstrategiaConcursos\" \/>\n<meta property=\"article:published_time\" content=\"2022-03-18T12:10:00+00:00\" \/>\n<meta property=\"article:modified_time\" content=\"2022-03-18T12:44:43+00:00\" \/>\n<meta property=\"og:image\" content=\"https:\/\/dhg1h5j42swfq.cloudfront.net\/2021\/07\/22184428\/prefeitura-de-cubatao-sp.jpg\" \/>\n\t<meta property=\"og:image:width\" content=\"768\" \/>\n\t<meta property=\"og:image:height\" content=\"432\" \/>\n\t<meta property=\"og:image:type\" content=\"image\/jpeg\" \/>\n<meta name=\"author\" content=\"Coordena\u00e7\u00e3o\" \/>\n<meta name=\"twitter:card\" content=\"summary_large_image\" \/>\n<meta name=\"twitter:creator\" content=\"@EstratConcursos\" \/>\n<meta name=\"twitter:site\" content=\"@EstratConcursos\" \/>\n<meta name=\"twitter:label1\" content=\"Escrito por\" \/>\n\t<meta name=\"twitter:data1\" content=\"Coordena\u00e7\u00e3o\" \/>\n\t<meta name=\"twitter:label2\" content=\"Est. tempo de leitura\" \/>\n\t<meta name=\"twitter:data2\" content=\"4 minutos\" \/>\n<script type=\"application\/ld+json\" class=\"yoast-schema-graph\">{\"@context\":\"https:\/\/schema.org\",\"@graph\":[{\"@type\":\"NewsArticle\",\"@id\":\"https:\/\/www.estrategiaconcursos.com.br\/blog\/edital-prefeitura-de-cubatao\/#article\",\"isPartOf\":{\"@id\":\"https:\/\/www.estrategiaconcursos.com.br\/blog\/edital-prefeitura-de-cubatao\/\"},\"author\":{\"name\":\"Coordena\u00e7\u00e3o\",\"@id\":\"https:\/\/www.estrategiaconcursos.com.br\/blog\/#\/schema\/person\/b4a388c97673c5f483d72185668afa1f\"},\"headline\":\"Edital Prefeitura de Cubat\u00e3o: iniciais de R$ 6,8 mil!\",\"datePublished\":\"2022-03-18T12:10:00+00:00\",\"dateModified\":\"2022-03-18T12:44:43+00:00\",\"mainEntityOfPage\":{\"@id\":\"https:\/\/www.estrategiaconcursos.com.br\/blog\/edital-prefeitura-de-cubatao\/\"},\"wordCount\":642,\"commentCount\":0,\"publisher\":{\"@id\":\"https:\/\/www.estrategiaconcursos.com.br\/blog\/#organization\"},\"image\":{\"@id\":\"https:\/\/www.estrategiaconcursos.com.br\/blog\/edital-prefeitura-de-cubatao\/#primaryimage\"},\"thumbnailUrl\":\"https:\/\/dhg1h5j42swfq.cloudfront.net\/2021\/07\/22184428\/prefeitura-de-cubatao-sp.jpg\",\"articleSection\":[\"Executivo (Administrativa)\",\"\u00daltimas not\u00edcias\"],\"inLanguage\":\"pt-BR\",\"potentialAction\":[{\"@type\":\"CommentAction\",\"name\":\"Comment\",\"target\":[\"https:\/\/www.estrategiaconcursos.com.br\/blog\/edital-prefeitura-de-cubatao\/#respond\"]}],\"copyrightYear\":\"2022\",\"copyrightHolder\":{\"@id\":\"https:\/\/www.estrategiaconcursos.com.br\/blog\/#organization\"}},{\"@type\":\"WebPage\",\"@id\":\"https:\/\/www.estrategiaconcursos.com.br\/blog\/edital-prefeitura-de-cubatao\/\",\"url\":\"https:\/\/www.estrategiaconcursos.com.br\/blog\/edital-prefeitura-de-cubatao\/\",\"name\":\"Edital Prefeitura de Cubat\u00e3o: iniciais de R$ 6,8 mil!\",\"isPartOf\":{\"@id\":\"https:\/\/www.estrategiaconcursos.com.br\/blog\/#website\"},\"primaryImageOfPage\":{\"@id\":\"https:\/\/www.estrategiaconcursos.com.br\/blog\/edital-prefeitura-de-cubatao\/#primaryimage\"},\"image\":{\"@id\":\"https:\/\/www.estrategiaconcursos.com.br\/blog\/edital-prefeitura-de-cubatao\/#primaryimage\"},\"thumbnailUrl\":\"https:\/\/dhg1h5j42swfq.cloudfront.net\/2021\/07\/22184428\/prefeitura-de-cubatao-sp.jpg\",\"datePublished\":\"2022-03-18T12:10:00+00:00\",\"dateModified\":\"2022-03-18T12:44:43+00:00\",\"description\":\"Edital Prefeitura de Cubat\u00e3o: inscri\u00e7\u00f5es encerradas com oferta de 43 vagas para diversos cargos. Acesse para mais informa\u00e7\u00f5es!\",\"breadcrumb\":{\"@id\":\"https:\/\/www.estrategiaconcursos.com.br\/blog\/edital-prefeitura-de-cubatao\/#breadcrumb\"},\"inLanguage\":\"pt-BR\",\"potentialAction\":[{\"@type\":\"ReadAction\",\"target\":[\"https:\/\/www.estrategiaconcursos.com.br\/blog\/edital-prefeitura-de-cubatao\/\"]}]},{\"@type\":\"ImageObject\",\"inLanguage\":\"pt-BR\",\"@id\":\"https:\/\/www.estrategiaconcursos.com.br\/blog\/edital-prefeitura-de-cubatao\/#primaryimage\",\"url\":\"https:\/\/dhg1h5j42swfq.cloudfront.net\/2021\/07\/22184428\/prefeitura-de-cubatao-sp.jpg\",\"contentUrl\":\"https:\/\/dhg1h5j42swfq.cloudfront.net\/2021\/07\/22184428\/prefeitura-de-cubatao-sp.jpg\",\"width\":768,\"height\":432,\"caption\":\"Edital Prefeitura de Cubat\u00e3o SP\"},{\"@type\":\"BreadcrumbList\",\"@id\":\"https:\/\/www.estrategiaconcursos.com.br\/blog\/edital-prefeitura-de-cubatao\/#breadcrumb\",\"itemListElement\":[{\"@type\":\"ListItem\",\"position\":1,\"name\":\"In\u00edcio\",\"item\":\"https:\/\/www.estrategiaconcursos.com.br\/blog\/\"},{\"@type\":\"ListItem\",\"position\":2,\"name\":\"Edital Prefeitura de Cubat\u00e3o: iniciais de R$ 6,8 mil!\"}]},{\"@type\":\"WebSite\",\"@id\":\"https:\/\/www.estrategiaconcursos.com.br\/blog\/#website\",\"url\":\"https:\/\/www.estrategiaconcursos.com.br\/blog\/\",\"name\":\"Estrat\u00e9gia Concursos\",\"description\":\"O blog da Estrat\u00e9gia Concursos traz not\u00edcias sobre concursos e artigos de professores oferecendo cursos para concursos (pdf + videaulas) no site.\",\"publisher\":{\"@id\":\"https:\/\/www.estrategiaconcursos.com.br\/blog\/#organization\"},\"potentialAction\":[{\"@type\":\"SearchAction\",\"target\":{\"@type\":\"EntryPoint\",\"urlTemplate\":\"https:\/\/www.estrategiaconcursos.com.br\/blog\/?s={search_term_string}\"},\"query-input\":{\"@type\":\"PropertyValueSpecification\",\"valueRequired\":true,\"valueName\":\"search_term_string\"}}],\"inLanguage\":\"pt-BR\"},{\"@type\":\"Organization\",\"@id\":\"https:\/\/www.estrategiaconcursos.com.br\/blog\/#organization\",\"name\":\"Estrat\u00e9gia Concursos\",\"url\":\"https:\/\/www.estrategiaconcursos.com.br\/blog\/\",\"logo\":{\"@type\":\"ImageObject\",\"inLanguage\":\"pt-BR\",\"@id\":\"https:\/\/www.estrategiaconcursos.com.br\/blog\/#\/schema\/logo\/image\/\",\"url\":\"https:\/\/dhg1h5j42swfq.cloudfront.net\/2025\/06\/03203428\/logo_concursos-1.jpg\",\"contentUrl\":\"https:\/\/dhg1h5j42swfq.cloudfront.net\/2025\/06\/03203428\/logo_concursos-1.jpg\",\"width\":230,\"height\":60,\"caption\":\"Estrat\u00e9gia Concursos\"},\"image\":{\"@id\":\"https:\/\/www.estrategiaconcursos.com.br\/blog\/#\/schema\/logo\/image\/\"},\"sameAs\":[\"https:\/\/x.com\/EstratConcursos\"]},{\"@type\":\"Person\",\"@id\":\"https:\/\/www.estrategiaconcursos.com.br\/blog\/#\/schema\/person\/b4a388c97673c5f483d72185668afa1f\",\"name\":\"Coordena\u00e7\u00e3o\",\"image\":{\"@type\":\"ImageObject\",\"inLanguage\":\"pt-BR\",\"@id\":\"https:\/\/secure.gravatar.com\/avatar\/b720319e4c9a967eb58678d110f4fe35452fc5d5f97b202bac7b8acceb18c6ad?s=96&d=mm&r=g\",\"url\":\"https:\/\/secure.gravatar.com\/avatar\/b720319e4c9a967eb58678d110f4fe35452fc5d5f97b202bac7b8acceb18c6ad?s=96&d=mm&r=g\",\"contentUrl\":\"https:\/\/secure.gravatar.com\/avatar\/b720319e4c9a967eb58678d110f4fe35452fc5d5f97b202bac7b8acceb18c6ad?s=96&d=mm&r=g\",\"caption\":\"Coordena\u00e7\u00e3o\"},\"sameAs\":[\"https:\/\/www.facebook.com\/EstrategiaConcursos\",\"https:\/\/x.com\/EstratConcursos\"],\"url\":\"https:\/\/www.estrategiaconcursos.com.br\/blog\/author\/estrategia2013\/\"}]}<\/script>\n<!-- \/ Yoast SEO Premium plugin. -->","yoast_head_json":{"title":"Edital Prefeitura de Cubat\u00e3o: iniciais de R$ 6,8 mil!","description":"Edital Prefeitura de Cubat\u00e3o: inscri\u00e7\u00f5es encerradas com oferta de 43 vagas para diversos cargos. Acesse para mais informa\u00e7\u00f5es!","robots":{"index":"index","follow":"follow","max-snippet":"max-snippet:-1","max-image-preview":"max-image-preview:large","max-video-preview":"max-video-preview:-1"},"canonical":"https:\/\/www.estrategiaconcursos.com.br\/blog\/edital-prefeitura-de-cubatao\/","og_locale":"pt_BR","og_type":"article","og_title":"Edital Prefeitura de Cubat\u00e3o: iniciais de R$ 6,8 mil!","og_description":"Edital Prefeitura de Cubat\u00e3o: inscri\u00e7\u00f5es encerradas com oferta de 43 vagas para diversos cargos. Acesse para mais informa\u00e7\u00f5es!","og_url":"https:\/\/www.estrategiaconcursos.com.br\/blog\/edital-prefeitura-de-cubatao\/","og_site_name":"Estrat\u00e9gia Concursos","article_author":"https:\/\/www.facebook.com\/EstrategiaConcursos","article_published_time":"2022-03-18T12:10:00+00:00","article_modified_time":"2022-03-18T12:44:43+00:00","og_image":[{"width":768,"height":432,"url":"https:\/\/dhg1h5j42swfq.cloudfront.net\/2021\/07\/22184428\/prefeitura-de-cubatao-sp.jpg","type":"image\/jpeg"}],"author":"Coordena\u00e7\u00e3o","twitter_card":"summary_large_image","twitter_creator":"@EstratConcursos","twitter_site":"@EstratConcursos","twitter_misc":{"Escrito por":"Coordena\u00e7\u00e3o","Est. tempo de leitura":"4 minutos"},"schema":{"@context":"https:\/\/schema.org","@graph":[{"@type":"NewsArticle","@id":"https:\/\/www.estrategiaconcursos.com.br\/blog\/edital-prefeitura-de-cubatao\/#article","isPartOf":{"@id":"https:\/\/www.estrategiaconcursos.com.br\/blog\/edital-prefeitura-de-cubatao\/"},"author":{"name":"Coordena\u00e7\u00e3o","@id":"https:\/\/www.estrategiaconcursos.com.br\/blog\/#\/schema\/person\/b4a388c97673c5f483d72185668afa1f"},"headline":"Edital Prefeitura de Cubat\u00e3o: iniciais de R$ 6,8 mil!","datePublished":"2022-03-18T12:10:00+00:00","dateModified":"2022-03-18T12:44:43+00:00","mainEntityOfPage":{"@id":"https:\/\/www.estrategiaconcursos.com.br\/blog\/edital-prefeitura-de-cubatao\/"},"wordCount":642,"commentCount":0,"publisher":{"@id":"https:\/\/www.estrategiaconcursos.com.br\/blog\/#organization"},"image":{"@id":"https:\/\/www.estrategiaconcursos.com.br\/blog\/edital-prefeitura-de-cubatao\/#primaryimage"},"thumbnailUrl":"https:\/\/dhg1h5j42swfq.cloudfront.net\/2021\/07\/22184428\/prefeitura-de-cubatao-sp.jpg","articleSection":["Executivo (Administrativa)","\u00daltimas not\u00edcias"],"inLanguage":"pt-BR","potentialAction":[{"@type":"CommentAction","name":"Comment","target":["https:\/\/www.estrategiaconcursos.com.br\/blog\/edital-prefeitura-de-cubatao\/#respond"]}],"copyrightYear":"2022","copyrightHolder":{"@id":"https:\/\/www.estrategiaconcursos.com.br\/blog\/#organization"}},{"@type":"WebPage","@id":"https:\/\/www.estrategiaconcursos.com.br\/blog\/edital-prefeitura-de-cubatao\/","url":"https:\/\/www.estrategiaconcursos.com.br\/blog\/edital-prefeitura-de-cubatao\/","name":"Edital Prefeitura de Cubat\u00e3o: iniciais de R$ 6,8 mil!","isPartOf":{"@id":"https:\/\/www.estrategiaconcursos.com.br\/blog\/#website"},"primaryImageOfPage":{"@id":"https:\/\/www.estrategiaconcursos.com.br\/blog\/edital-prefeitura-de-cubatao\/#primaryimage"},"image":{"@id":"https:\/\/www.estrategiaconcursos.com.br\/blog\/edital-prefeitura-de-cubatao\/#primaryimage"},"thumbnailUrl":"https:\/\/dhg1h5j42swfq.cloudfront.net\/2021\/07\/22184428\/prefeitura-de-cubatao-sp.jpg","datePublished":"2022-03-18T12:10:00+00:00","dateModified":"2022-03-18T12:44:43+00:00","description":"Edital Prefeitura de Cubat\u00e3o: inscri\u00e7\u00f5es encerradas com oferta de 43 vagas para diversos cargos. Acesse para mais informa\u00e7\u00f5es!","breadcrumb":{"@id":"https:\/\/www.estrategiaconcursos.com.br\/blog\/edital-prefeitura-de-cubatao\/#breadcrumb"},"inLanguage":"pt-BR","potentialAction":[{"@type":"ReadAction","target":["https:\/\/www.estrategiaconcursos.com.br\/blog\/edital-prefeitura-de-cubatao\/"]}]},{"@type":"ImageObject","inLanguage":"pt-BR","@id":"https:\/\/www.estrategiaconcursos.com.br\/blog\/edital-prefeitura-de-cubatao\/#primaryimage","url":"https:\/\/dhg1h5j42swfq.cloudfront.net\/2021\/07\/22184428\/prefeitura-de-cubatao-sp.jpg","contentUrl":"https:\/\/dhg1h5j42swfq.cloudfront.net\/2021\/07\/22184428\/prefeitura-de-cubatao-sp.jpg","width":768,"height":432,"caption":"Edital Prefeitura de Cubat\u00e3o SP"},{"@type":"BreadcrumbList","@id":"https:\/\/www.estrategiaconcursos.com.br\/blog\/edital-prefeitura-de-cubatao\/#breadcrumb","itemListElement":[{"@type":"ListItem","position":1,"name":"In\u00edcio","item":"https:\/\/www.estrategiaconcursos.com.br\/blog\/"},{"@type":"ListItem","position":2,"name":"Edital Prefeitura de Cubat\u00e3o: iniciais de R$ 6,8 mil!"}]},{"@type":"WebSite","@id":"https:\/\/www.estrategiaconcursos.com.br\/blog\/#website","url":"https:\/\/www.estrategiaconcursos.com.br\/blog\/","name":"Estrat\u00e9gia Concursos","description":"O blog da Estrat\u00e9gia Concursos traz not\u00edcias sobre concursos e artigos de professores oferecendo cursos para concursos (pdf + videaulas) no site.","publisher":{"@id":"https:\/\/www.estrategiaconcursos.com.br\/blog\/#organization"},"potentialAction":[{"@type":"SearchAction","target":{"@type":"EntryPoint","urlTemplate":"https:\/\/www.estrategiaconcursos.com.br\/blog\/?s={search_term_string}"},"query-input":{"@type":"PropertyValueSpecification","valueRequired":true,"valueName":"search_term_string"}}],"inLanguage":"pt-BR"},{"@type":"Organization","@id":"https:\/\/www.estrategiaconcursos.com.br\/blog\/#organization","name":"Estrat\u00e9gia Concursos","url":"https:\/\/www.estrategiaconcursos.com.br\/blog\/","logo":{"@type":"ImageObject","inLanguage":"pt-BR","@id":"https:\/\/www.estrategiaconcursos.com.br\/blog\/#\/schema\/logo\/image\/","url":"https:\/\/dhg1h5j42swfq.cloudfront.net\/2025\/06\/03203428\/logo_concursos-1.jpg","contentUrl":"https:\/\/dhg1h5j42swfq.cloudfront.net\/2025\/06\/03203428\/logo_concursos-1.jpg","width":230,"height":60,"caption":"Estrat\u00e9gia Concursos"},"image":{"@id":"https:\/\/www.estrategiaconcursos.com.br\/blog\/#\/schema\/logo\/image\/"},"sameAs":["https:\/\/x.com\/EstratConcursos"]},{"@type":"Person","@id":"https:\/\/www.estrategiaconcursos.com.br\/blog\/#\/schema\/person\/b4a388c97673c5f483d72185668afa1f","name":"Coordena\u00e7\u00e3o","image":{"@type":"ImageObject","inLanguage":"pt-BR","@id":"https:\/\/secure.gravatar.com\/avatar\/b720319e4c9a967eb58678d110f4fe35452fc5d5f97b202bac7b8acceb18c6ad?s=96&d=mm&r=g","url":"https:\/\/secure.gravatar.com\/avatar\/b720319e4c9a967eb58678d110f4fe35452fc5d5f97b202bac7b8acceb18c6ad?s=96&d=mm&r=g","contentUrl":"https:\/\/secure.gravatar.com\/avatar\/b720319e4c9a967eb58678d110f4fe35452fc5d5f97b202bac7b8acceb18c6ad?s=96&d=mm&r=g","caption":"Coordena\u00e7\u00e3o"},"sameAs":["https:\/\/www.facebook.com\/EstrategiaConcursos","https:\/\/x.com\/EstratConcursos"],"url":"https:\/\/www.estrategiaconcursos.com.br\/blog\/author\/estrategia2013\/"}]}},"_links":{"self":[{"href":"https:\/\/www.estrategiaconcursos.com.br\/blog\/wp-json\/wp\/v2\/posts\/971593","targetHints":{"allow":["GET"]}}],"collection":[{"href":"https:\/\/www.estrategiaconcursos.com.br\/blog\/wp-json\/wp\/v2\/posts"}],"about":[{"href":"https:\/\/www.estrategiaconcursos.com.br\/blog\/wp-json\/wp\/v2\/types\/post"}],"author":[{"embeddable":true,"href":"https:\/\/www.estrategiaconcursos.com.br\/blog\/wp-json\/wp\/v2\/users\/1"}],"replies":[{"embeddable":true,"href":"https:\/\/www.estrategiaconcursos.com.br\/blog\/wp-json\/wp\/v2\/comments?post=971593"}],"version-history":[{"count":8,"href":"https:\/\/www.estrategiaconcursos.com.br\/blog\/wp-json\/wp\/v2\/posts\/971593\/revisions"}],"predecessor-version":[{"id":990040,"href":"https:\/\/www.estrategiaconcursos.com.br\/blog\/wp-json\/wp\/v2\/posts\/971593\/revisions\/990040"}],"wp:featuredmedia":[{"embeddable":true,"href":"https:\/\/www.estrategiaconcursos.com.br\/blog\/wp-json\/wp\/v2\/media\/819942"}],"wp:attachment":[{"href":"https:\/\/www.estrategiaconcursos.com.br\/blog\/wp-json\/wp\/v2\/media?parent=971593"}],"wp:term":[{"taxonomy":"category","embeddable":true,"href":"https:\/\/www.estrategiaconcursos.com.br\/blog\/wp-json\/wp\/v2\/categories?post=971593"},{"taxonomy":"post_tag","embeddable":true,"href":"https:\/\/www.estrategiaconcursos.com.br\/blog\/wp-json\/wp\/v2\/tags?post=971593"},{"taxonomy":"tax_estado","embeddable":true,"href":"https:\/\/www.estrategiaconcursos.com.br\/blog\/wp-json\/wp\/v2\/tax_estado?post=971593"}],"curies":[{"name":"wp","href":"https:\/\/api.w.org\/{rel}","templated":true}]}}